{"data":[{"id":"9782931307045","title":"R\u00e9sister dans des milieux ravag\u00e9s : Une fabrication d'h\u00e9ritages","description":"Ce recueil de Benedikte Zitouni, sociologue, regroupe des textes \u00e0 la fois militants et universitaires. Il propose des mani\u00e8res de pratiquer l'enqu\u00eate \u00ab avec \u00bb des terrains, de fa\u00e7on situ\u00e9e, visant \u00e0 h\u00e9riter des luttes des personnes concern\u00e9es et \u00e0 sortir du commentaire surplombant pr\u00e9tendument \u00ab neutre \u00bb. Ces enqu\u00eates s'int\u00e9ressent aux archives des Young Lords, aux luttes \u00e9co f\u00e9ministes, ou encore au religieux dans l'activisme politique. Contre la destruction de nos modes d'habiter, en discussion avec Stengers, Latour, Starhawk, Federici ou Fanon, les textes produisent une intelligence critique qui importe les luttes au pr\u00e9sent, sans r\u00e9duire les enjeux \u00e0 de vagues concepts tout-terrains.","authors":["Benedikte Zitouni"],"category_codes":["4000000","4010000","4010200","4010207"],"visuals":{"large":"https:\/\/quaidesbrumes.com\/img\/book-placeholder.png","medium":"https:\/\/quaidesbrumes.com\/img\/book-placeholder.png","thumbnail":"https:\/\/quaidesbrumes.com\/img\/book-placeholder.png"},"orderable":false,"show_badge":true,"formatted_price":"15,00&nbsp;\u20ac","formatted_published_date":"18 septembre 2026","publisher_availability_label":"\u00c0 para\u00eetre","short_details":"Benedikte Zitouni \u2014 Meteores","translator":null,"weight":0,"page_count":150,"readership":null,"editor":"Meteores","price":1500,"published_date":"2026-09-17T22:00:00.000000Z","support":"Grand format","publisher_availability":2,"stock":0,"editions":[],"url":"https:\/\/quaidesbrumes.com\/ouvrage\/9782931307045\/resister-dans-des-milieux-ravages-une-fabrication-dheritages"},{"id":"9791091772686","title":"Adieu veau, vache, cochon, couv\u00e9e","description":"Sous la pression de l'industrie et de l'administration, l'\u00e9levage dispara\u00eet au profit des productions animales industrielles. L'opposition m\u00e9diatique entre exploitation et protection des animaux masque une r\u00e9alit\u00e9 plus complexe.  Hugues Berger, agriculteur, livre son analyse et s'interroge : n'est-ce pas une part essentielle de la libert\u00e9 dont on nous prive ?    Hugues Berger fait vivre avec sa compagne une ferme dans l'arri\u00e8re-pays m\u00e2connais et vend ses l\u00e9gumes localement. Il est l'un des cofondateurs du collectif d'agriculteurs et d'agricultrices contre les normes Hors-normes.","authors":["Hugues Berger"],"category_codes":["4000000","4010000","4010200","4010207"],"visuals":{"large":"https:\/\/quaidesbrumes.com\/img\/book-placeholder.png","medium":"https:\/\/quaidesbrumes.com\/img\/book-placeholder.png","thumbnail":"https:\/\/quaidesbrumes.com\/img\/book-placeholder.png"},"orderable":false,"show_badge":true,"formatted_price":"12,00&nbsp;\u20ac","formatted_published_date":"16 octobre 2026","publisher_availability_label":"\u00c0 para\u00eetre","short_details":"Hugues Berger \u2014 Le Monde A L'Envers","translator":null,"weight":200,"page_count":152,"readership":null,"editor":"Le Monde A L'Envers","price":1200,"published_date":"2026-10-15T22:00:00.000000Z","support":"Grand format","publisher_availability":2,"stock":0,"editions":[],"url":"https:\/\/quaidesbrumes.com\/ouvrage\/9791091772686\/adieu-veau-vache-cochon-couvee"},{"id":"9782709668590","title":"Comment sauver la plan\u00e8te sans se priver de tout ?","description":"Longtemps, l'\u00e9cologie a \u00e9t\u00e9 confisqu\u00e9e par la gauche. Or, il est possible de conjuguer la sauvegarde de l'environnement avec la croissance, mieux : de mettre le d\u00e9veloppement \u00e9conomique au service de la transition \u00e9nerg\u00e9tique. En un mot, s'adapter plut\u00f4t que renoncer.\r\nCe manifeste d'un \u00ab \u00e9colo de droite \u00bb, esp\u00e8ce politique encore trop rare, d\u00e9construit brillamment les clich\u00e9s et plaide pour une \u00e9cologie plus audacieuse que punitive. Nul doute que l'enjeu aura toute sa place dans les d\u00e9bats politiques \u00e0 venir.\r","authors":["Vincent Chriqui"],"category_codes":["4000000","4010000","4010200","4010204"],"visuals":{"large":"https:\/\/images.epagine.fr\/590\/9782709668590_1_75.jpg","medium":"https:\/\/images.epagine.fr\/590\/9782709668590_1_m.jpg","thumbnail":"https:\/\/images.epagine.fr\/590\/9782709668590_1_v.jpg"},"orderable":true,"show_badge":true,"formatted_price":"20,90&nbsp;\u20ac","formatted_published_date":"12 mai 2021","publisher_availability_label":"Sur commande","short_details":"Vincent Chriqui \u2014 JC Latt\u00e8s","translator":null,"weight":356,"page_count":270,"readership":null,"editor":"JC Latt\u00e8s","price":2090,"published_date":"2021-05-11T22:00:00.000000Z","support":"Grand format","publisher_availability":1,"stock":0,"editions":[],"url":"https:\/\/quaidesbrumes.com\/ouvrage\/9782709668590\/comment-sauver-la-planete-sans-se-priver-de-tout"},{"id":"9791037017819","title":"Manager en responsabilit\u00e9 \u00e0 l'heure du digital : regards crois\u00e9s de chercheurs","description":"Ces derni\u00e8res ann\u00e9es, les modes de management des entreprises ont consid\u00e9rablement \u00e9volu\u00e9 du fait de la transformation digitale. Dans ce contexte, cet ouvrage vise \u00e0 d\u00e9finir les contours d'un nouveau mod\u00e8le de gouvernance responsable des entreprises. Trois questions principales y sont abord\u00e9es :\r\n-  Comment refonder les pratiques manag\u00e9riales face \u00e0 de nouvelles fa\u00e7ons de travailler plus digitales, plus virtuelles ?\r\n-  Comment sortir de la domination du mod\u00e8le actionnarial pour d\u00e9finir un mod\u00e8le de gouvernance plus \u00e9quilibr\u00e9 et durable ?\r\n-  Quelles peuvent \u00eatre les valeurs fondatrices d'un nouveau mod\u00e8le plus humain de management ?\r\nCet ouvrage, oeuvre de chercheurs francophones, fait suite au projet de recherche \u00ab Gouvernance responsable de l'entreprise et \u00e9volutions technologiques \u00bb (GRET) financ\u00e9 par l'Universit\u00e9 catholique de l'Ouest dans le cadre de son programme de recherche 2018-2021 \u00ab \u00c9volutions technologiques et soci\u00e9t\u00e9 \u00bb. Il a \u00e9galement b\u00e9n\u00e9fici\u00e9 du soutien des six  m\u00e9c\u00e8nes et partenaires de la Chaire Ressources humaines de \u00adl'Universit\u00e9 catholique de l'Ouest (UCO, France) : Bodet Software, Baker Tilly Strego, CIC Ouest, Scania Production, Groupe Id\u00e9a et CEITH.","authors":["Collectif","Beno\u00eet Reveleau"],"category_codes":["4000000","4010000","4010200","4010208"],"visuals":{"large":"https:\/\/images.epagine.fr\/819\/9791037017819_1_75.jpg","medium":"https:\/\/images.epagine.fr\/819\/9791037017819_1_m.jpg","thumbnail":"https:\/\/images.epagine.fr\/819\/9791037017819_1_v.jpg"},"orderable":true,"show_badge":true,"formatted_price":"38,00&nbsp;\u20ac","formatted_published_date":"26 octobre 2022","publisher_availability_label":"Sur commande","short_details":"Collectif, Beno\u00eet Reveleau \u2014 Hermann","translator":null,"weight":452,"page_count":334,"readership":null,"editor":"Hermann","price":3800,"published_date":"2022-10-25T22:00:00.000000Z","support":"Grand format","publisher_availability":1,"stock":0,"editions":[],"url":"https:\/\/quaidesbrumes.com\/ouvrage\/9791037017819\/manager-en-responsabilite-a-lheure-du-digital-regards-croises-de-chercheurs"},{"id":"9782343113999","title":"Biocontr\u00f4le en protection des cultures ; p\u00e9rim\u00e8tre succ\u00e8s, freins, espoirs","description":"Les concepts \u00ab d'agriculture \u00e9cologiquement intensive \u00bb, puis \u00ab d'agro\u00e9cologie \u00bb, ont \u00e9t\u00e9 r\u00e9cemment propos\u00e9s au monde agricole fran\u00e7ais comme des orientations autour desquelles devait s'organiser le syst\u00e8me de production alimentaire. Ces concepts font appel \u00e0 des moyens utilis\u00e9s par la nature et sont moins nocifs pour le milieu et la sant\u00e9. Cet ouvrage propose donc une analyse d\u00e9taill\u00e9e du terme et des moyens utilis\u00e9s par le biocontr\u00f4le, encore peu connu et mal ma\u00eetris\u00e9 par la soci\u00e9t\u00e9.\r","authors":["Jean-Louis Bernard"],"category_codes":["4000000","4010000","4010200"],"visuals":{"large":"https:\/\/images.epagine.fr\/999\/9782343113999_1_75.jpg","medium":"https:\/\/images.epagine.fr\/999\/9782343113999_1_m.jpg","thumbnail":"https:\/\/images.epagine.fr\/999\/9782343113999_1_v.jpg"},"orderable":true,"show_badge":true,"formatted_price":"24,00&nbsp;\u20ac","formatted_published_date":"29 mars 2017","publisher_availability_label":"Sur commande","short_details":"Jean-Louis Bernard \u2014 \u00c9ditions L'Harmattan","translator":null,"weight":319,"page_count":206,"readership":null,"editor":"\u00c9ditions L'Harmattan","price":2400,"published_date":"2017-03-28T22:00:00.000000Z","support":"Grand format","publisher_availability":1,"stock":0,"editions":[],"url":"https:\/\/quaidesbrumes.com\/ouvrage\/9782343113999\/biocontrole-en-protection-des-cultures-perimetre-succes-freins-espoirs"},{"id":"9791035990534","title":"Nuages : le\u00e7on de choses \u00e0 l'usage de mes petits-enfants","description":"Nous sommes travers\u00e9s \u00e0 chaque seconde par des milliards de neutrinos qui ne font que passer, sans interagir avec notre corps et sans qu'on en ait la moindre perception, sans qu'ils \u00e9veillent en nous le moindre int\u00e9r\u00eat. De la m\u00eame fa\u00e7on, nous vivons bien des secondes de notre \u00e2ge qui ne font que passer... sans mobiliser notre attention, sans \u00e9veiller notre int\u00e9r\u00eat.\r\nMes chers petits-enfants, soyez curieux et attentifs, concern\u00e9s \u00e0 chaque seconde... ce qui n'exclue pas de garder la t\u00eate dans les nuages...","authors":["Jean-Marc Bouvier"],"category_codes":["4000000","4010000","4010300"],"visuals":{"large":"https:\/\/images.epagine.fr\/534\/9791035990534_1_75.jpg","medium":"https:\/\/images.epagine.fr\/534\/9791035990534_1_m.jpg","thumbnail":"https:\/\/images.epagine.fr\/534\/9791035990534_1_v.jpg"},"orderable":true,"show_badge":true,"formatted_price":"15,00&nbsp;\u20ac","formatted_published_date":"6 f\u00e9vrier 2023","publisher_availability_label":"Sur commande","short_details":"Jean-Marc Bouvier \u2014 BOOKELIS","translator":null,"weight":73,"page_count":48,"readership":null,"editor":"BOOKELIS","price":1500,"published_date":"2023-02-05T23:00:00.000000Z","support":"Grand format","publisher_availability":1,"stock":0,"editions":[],"url":"https:\/\/quaidesbrumes.com\/ouvrage\/9791035990534\/nuages-lecon-de-choses-a-lusage-de-mes-petits-enfants"},{"id":"9782754763141","title":"Locaterre : un livre d'id\u00e9es pour la plan\u00e8te","description":"L'\u00e9tat de la Terre est pr\u00e9occupant, qui peut encore l'ignorer ? Au-del\u00e0 du constat, Georges Karifurawaa propose la mise en place des solutions concr\u00e8tes, expos\u00e9es sous la forme de six id\u00e9es-forces, pour rem\u00e9dier aux probl\u00e8mes que nous causons nous-m\u00eames. Avec le concept de \u00ab LocaTerre \u00bb, la ma\u00eetrise de la d\u00e9mographie et le respect des esp\u00e8ces vivantes, de nombreuses voies sont soumises au lecteur, pistes de r\u00e9flexion, mais surtout d'action.","authors":["Georges Karifurawaa"],"category_codes":["4000000","4010000","4010200","4010204"],"visuals":{"large":"https:\/\/images.epagine.fr\/141\/9782754763141_1_75.jpg","medium":"https:\/\/images.epagine.fr\/141\/9782754763141_1_m.jpg","thumbnail":"https:\/\/images.epagine.fr\/141\/9782754763141_1_v.jpg"},"orderable":true,"show_badge":true,"formatted_price":"21,90&nbsp;\u20ac","formatted_published_date":"18 avril 2023","publisher_availability_label":"Sur commande","short_details":"Georges Karifurawaa \u2014 Editions du Panth\u00e9on","translator":null,"weight":297,"page_count":240,"readership":null,"editor":"Editions du Panth\u00e9on","price":2190,"published_date":"2023-04-17T22:00:00.000000Z","support":"Grand format","publisher_availability":1,"stock":0,"editions":[],"url":"https:\/\/quaidesbrumes.com\/ouvrage\/9782754763141\/locaterre-un-livre-didees-pour-la-planete"},{"id":"9782913944107","title":"LES EPOQUES DE LA NATURE","description":"Edition int\u00e9grale de l'\u00e9dition originale de 1778, avec les planches.","authors":["Buffon"],"category_codes":["4000000","4010000","4010200"],"visuals":{"large":"https:\/\/images.epagine.fr\/107\/9782913944107_1_75.jpg","medium":"https:\/\/images.epagine.fr\/107\/9782913944107_1_m.jpg","thumbnail":"https:\/\/images.epagine.fr\/107\/9782913944107_1_v.jpg"},"orderable":true,"show_badge":true,"formatted_price":"45,00&nbsp;\u20ac","formatted_published_date":"1er mars 2002","publisher_availability_label":"Sur commande","short_details":"Buffon \u2014 Paleo","translator":null,"weight":416,"page_count":330,"readership":null,"editor":"Paleo","price":4500,"published_date":"2002-02-28T23:00:00.000000Z","support":"Grand format","publisher_availability":1,"stock":0,"editions":[],"url":"https:\/\/quaidesbrumes.com\/ouvrage\/9782913944107\/les-epoques-de-la-nature"},{"id":"9782754767583","title":"Et si la Terre \u00e9tait ronde !","description":"Homo sapiens a dompt\u00e9 bien des \u00e9l\u00e9ments, mais de pr\u00e9dateur il est devenu destructeur. \u00c0 une \u00e9chelle telle qu'il a rompu certains \u00e9quilibres subtils qui garantissent la p\u00e9rennit\u00e9 de sa propre esp\u00e8ce. L'alternative est simple : changer du tout au tout ou dispara\u00eetre. La strat\u00e9gie de survie de l'humanit\u00e9 passe par une mutation cognitive d'ampleur. Activer une conscience collective, la mobiliser pour enfin agir et pr\u00e9server l'avenir de nos enfants, autant de propositions circonstanci\u00e9es et novatrices pr\u00e9sent\u00e9es dans cet essai.","authors":["Jean-Philippe Pailliez"],"category_codes":["4000000","4010000","4010200","4010204"],"visuals":{"large":"https:\/\/images.epagine.fr\/583\/9782754767583_1_75.jpg","medium":"https:\/\/images.epagine.fr\/583\/9782754767583_1_m.jpg","thumbnail":"https:\/\/images.epagine.fr\/583\/9782754767583_1_v.jpg"},"orderable":true,"show_badge":true,"formatted_price":"14,90&nbsp;\u20ac","formatted_published_date":"14 novembre 2023","publisher_availability_label":"Sur commande","short_details":"Jean-Philippe Pailliez \u2014 Editions du Panth\u00e9on","translator":null,"weight":142,"page_count":128,"readership":null,"editor":"Editions du Panth\u00e9on","price":1490,"published_date":"2023-11-13T23:00:00.000000Z","support":"Grand format","publisher_availability":1,"stock":0,"editions":[],"url":"https:\/\/quaidesbrumes.com\/ouvrage\/9782754767583\/et-si-la-terre-etait-ronde"},{"id":"9780241336656","title":"HOW TO GARDEN IF YOU'RE NEW TO GARDENING","description":"195 x 233 mm, *Bilder*\r","authors":["Collectif"],"category_codes":["4000000","4010000","4010300"],"visuals":{"large":"https:\/\/images.epagine.fr\/656\/9780241336656_1_75.jpg","medium":"https:\/\/images.epagine.fr\/656\/9780241336656_1_m.jpg","thumbnail":"https:\/\/images.epagine.fr\/656\/9780241336656_1_v.jpg"},"orderable":true,"show_badge":true,"formatted_price":"24,30&nbsp;\u20ac","formatted_published_date":"17 f\u00e9vrier 2018","publisher_availability_label":"Sur commande","short_details":"Collectif \u2014 Dorling Kindersley","translator":null,"weight":1057,"page_count":255,"readership":null,"editor":"Dorling Kindersley","price":2430,"published_date":"2018-02-16T23:00:00.000000Z","support":"Grand format","publisher_availability":1,"stock":0,"editions":[],"url":"https:\/\/quaidesbrumes.com\/ouvrage\/9780241336656\/how-to-garden-if-youre-new-to-gardening"},{"id":"9783832732424","title":"Art arktis","description":null,"authors":["Dietmar Baum","Tini Papamichalis"],"category_codes":["4000000","4010000","4010300","4010302"],"visuals":{"large":"https:\/\/images.epagine.fr\/424\/9783832732424_1_75.jpg","medium":"https:\/\/images.epagine.fr\/424\/9783832732424_1_m.jpg","thumbnail":"https:\/\/images.epagine.fr\/424\/9783832732424_1_v.jpg"},"orderable":true,"show_badge":true,"formatted_price":"85,00&nbsp;\u20ac","formatted_published_date":"19 mars 2015","publisher_availability_label":"Sur commande","short_details":"Dietmar Baum, Tini Papamichalis \u2014 Teneues Verlag","translator":null,"weight":2536,"page_count":207,"readership":null,"editor":"Teneues Verlag","price":8500,"published_date":"2015-03-18T23:00:00.000000Z","support":"Beaux-livres","publisher_availability":1,"stock":0,"editions":[],"url":"https:\/\/quaidesbrumes.com\/ouvrage\/9783832732424\/art-arktis"},{"id":"9782841868292","title":"Sur les traces d'un secret enfoui ; enqu\u00eate sur l'h\u00e9ritage toxique de la Grande Guerre","description":"En 2011, lorsque surgit une question relative \u00e0 la pollution des nappes phr\u00e9atiques dans le Nord de la France par une substance chimique - le perchlorate - retrouv\u00e9e dans l'eau du robinet au niveau des anciens champs de bataille de 14-18, le doute s'installe : y aurait-il un lien avec la Grande Guerre ? L\u00e0-bas, pr\u00e8s de Verdun, en pleine for\u00eat, rien ne pousse. Exception visible, ou n'a-t-elle fait qu'\u00e9chapper au crible de l'oubli ? Que se cache-t-il sous terre, entre preuves et soup\u00e7ons ? \r\n \r\n \u00c0 la fin de la Premi\u00e8re Guerre mondiale, on estime au total, plus d'1,5 million d'obus chimiques et 300 000 obus explosifs ont ainsi \u00e9t\u00e9 \u00e9limin\u00e9s dans la Meuse, pr\u00e8s de Verdun. L'usage, la destruction et le recyclage de cet arsenal cyclop\u00e9en constituent aujourd'hui un h\u00e9ritage toxique centenaire. La Meuse n'est ni un cas ni un d\u00e9partement isol\u00e9 : ailleurs, d'autres lieux ont assimil\u00e9 le traumatisme tellurique de la Grande Guerre.\r\n \r\n L'enqu\u00eate historique et environnementale de Daniel Hub\u00e9, g\u00e9ologue de m\u00e9tier mais surtout par passion, ne figure dans aucun livre. Sa mission ? Faire \u00e9merger du pass\u00e9 des questions enfouies. Ses p\u00e9r\u00e9grinations l'ont conduit vers des sp\u00e9cialistes des munitions, puis \u00e0 se plonger dans les archives, en France et \u00e0 l'\u00e9tranger, avant de s'armer de drones pour restituer l'un des derniers secrets de la Grande Guerre et, ainsi, \" \u00e9valuer la mati\u00e8re \u00e0 panser \".\r\n Un document unique qui pose, aujourd'hui plus que jamais, la question des pollutions de guerre et des d\u00e9sastres \u00e9cologiques li\u00e9s aux conflits du XXe si\u00e8cle.","authors":["Daniel Hube"],"category_codes":["4000000","4010000","4010200","4010207"],"visuals":{"large":"https:\/\/images.epagine.fr\/292\/9782841868292_1_75.jpg","medium":"https:\/\/images.epagine.fr\/292\/9782841868292_1_m.jpg","thumbnail":"https:\/\/images.epagine.fr\/292\/9782841868292_1_v.jpg"},"orderable":true,"show_badge":true,"formatted_price":"24,00&nbsp;\u20ac","formatted_published_date":"2 juin 2016","publisher_availability_label":"Sur commande","short_details":"Daniel Hube \u2014 MICHALON","translator":null,"weight":483,"page_count":284,"readership":null,"editor":"MICHALON","price":2400,"published_date":"2016-06-01T22:00:00.000000Z","support":"Grand format","publisher_availability":1,"stock":0,"editions":[],"url":"https:\/\/quaidesbrumes.com\/ouvrage\/9782841868292\/sur-les-traces-dun-secret-enfoui-enquete-sur-lheritage-toxique-de-la-grande-guerre"},{"id":"9791035907242","title":"Coup de pouce pour la plan\u00e8te","description":"L'\u00e9t\u00e9 2018, avec sa s\u00e9rie de canicules et de feux de for\u00eat, nous a fait prendre conscience des changements climatiques et de leurs \u00e9ventuelles cons\u00e9quences. \r\nBeaucoup d'entre nous souhaiteraient voir notre soci\u00e9t\u00e9 changer de trajectoire vers un mode de vie soutenable pour la plan\u00e8te et mettent beaucoup d'espoir sur les am\u00e9liorations technologiques.\r\nDans \u00ab Coup de Pouce pour la plan\u00e8te \u00bb, l'auteur fait valoir que notre relation \u00e0 la nature et notre vision du monde sont tout aussi importantes pour lutter contre le changement climatique. En d\u00e9veloppant notre conscience environnementale et en \u00e9changeant notre vision actuelle du monde pour une vision du monde centr\u00e9e sur la Terre, nous remplissons la seconde moiti\u00e9 de l'\u00e9quation.\r\nCe livre nous guide en ce sens en pr\u00e9sentant : \r\nLes bases essentielles (\u00e9tat actuel de notre plan\u00e8te, gaz \u00e0 effet de serre, puits de carbone, etc.) pour mieux comprendre les enjeux, et une m\u00e9thode structur\u00e9e pour orienter nos choix. \r\nDes principes issus de savoirs traditionnels autochtones et favorisant une vie en harmonie avec la nature.  \r\nLes concepts d'\u00e9conomie circulaire et des droits de la nature, ainsi que de nombreuses initiatives d\u00e9montrant qu'un changement de trajectoire est bien amorc\u00e9.\r","authors":["Ginette Riopelle"],"category_codes":["4000000","4010000","4010300"],"visuals":{"large":"https:\/\/images.epagine.fr\/242\/9791035907242_1_75.jpg","medium":"https:\/\/images.epagine.fr\/242\/9791035907242_1_m.jpg","thumbnail":"https:\/\/images.epagine.fr\/242\/9791035907242_1_v.jpg"},"orderable":true,"show_badge":true,"formatted_price":"7,99&nbsp;\u20ac","formatted_published_date":"11 juin 2019","publisher_availability_label":"Sur commande","short_details":"Ginette Riopelle \u2014 BOOKELIS","translator":null,"weight":149,"page_count":156,"readership":null,"editor":"BOOKELIS","price":799,"published_date":"2019-06-10T22:00:00.000000Z","support":"Grand format","publisher_availability":1,"stock":0,"editions":[],"url":"https:\/\/quaidesbrumes.com\/ouvrage\/9791035907242\/coup-de-pouce-pour-la-planete"},{"id":"9770014215202","title":"Etudes normandes n  20 - quels effets du changement climatique en normandie ?","description":"Dossier : Le changement climatique.Quels effets en Normandie ?- La Normandie face au changement climatique : des r\u00e9alit\u00e9s d'aujourd'hui aux perspectives incertaines de demain- Changement climatique et gaz \u00e0 effet de serre : implication de l'habitat et de la mobilit\u00e9 des personnes- Qualit\u00e9 de l'air et changement climatique : beaucoup d'incertitudes- Quels enjeux et d\u00e9fis pour l'agriculture et la conservation des sols ?- Littoral normand et changement climatique : entre cons\u00e9quences et solutions possibles- L'eau, une ressource fragile \u00e0 pr\u00e9server- Biodiversit\u00e9 marine et changement climatiqueRegards vari\u00e9s- La Normandie de Gilles de Gouberville- Pratiques culturelles et territoire : une \u00e9tude sur les jeunes de la M\u00e9tropole Rouen Normandie- Albert Roussel, un marin-compositeur \u00e0 Varengeville-sur-MerLes pages de la fondation Flaubert- La Normandie dans la m\u00e9gar\u00e9gion parisienne : un pi\u00e8ge r\u00e9gional ?La Normandie dans les livres\r","authors":["Collectif"],"category_codes":["4000000","4010000","4010200"],"visuals":{"large":"https:\/\/images.epagine.fr\/202\/9770014215202_1_75.jpg","medium":"https:\/\/images.epagine.fr\/202\/9770014215202_1_m.jpg","thumbnail":"https:\/\/images.epagine.fr\/202\/9770014215202_1_v.jpg"},"orderable":true,"show_badge":true,"formatted_price":"8,90&nbsp;\u20ac","formatted_published_date":"30 novembre 2021","publisher_availability_label":"Sur commande","short_details":"Collectif \u2014 OREP","translator":null,"weight":280,"page_count":84,"readership":null,"editor":"OREP","price":890,"published_date":"2021-11-29T23:00:00.000000Z","support":"Revue","publisher_availability":1,"stock":0,"editions":[],"url":"https:\/\/quaidesbrumes.com\/ouvrage\/9770014215202\/etudes-normandes-n-20-quels-effets-du-changement-climatique-en-normandie"},{"id":"9782754754385","title":"Refleurir un monde trop plein","description":"S'appuyant sur des connaissances scientifiques \u00e9tendues, Jean Hladik analyse les causes fondamentales du r\u00e9chauffement climatique : surpopulation et surconsommation dans tous les pays. Dans cet ouvrage, il nous d\u00e9taille les effets de ces deux facteurs sur le devenir de la plan\u00e8te \u00e0 court, moyen et long terme. Il met ainsi en lumi\u00e8re la n\u00e9cessit\u00e9 de diminuer les niveaux actuels de croissance tant humains que mat\u00e9riels.\r\nMais ceci est insuffisant. Selon l'auteur, l'Humanit\u00e9 est en train de subir une \u00ab guerre climatique \u00bb dont les d\u00e9vastations mondiales s'aggravent d'ann\u00e9e en ann\u00e9e en relation avec le r\u00e9chauffement climatique. Les catastrophes naturelles s'intensifient ; les bless\u00e9s et les morts s'accumulent car les gaz mortif\u00e8res, engendr\u00e9s par les combustibles fossiles, enserrent \u00e0 mort la plan\u00e8te. Cela n\u00e9cessite un abandon de ces fossiles au profit d'une nouvelle jeunesse des \u00e9nergies renouvelables. Pour gagner cette \u00ab guerre \u00bb, il faut rapidement accro\u00eetre les gigantesques investissements qui vont d\u00e9j\u00e0 dans ce sens de l'Histoire des civilisations.","authors":["Jean Hladik"],"category_codes":["4000000","4010000","4010200","4010203"],"visuals":{"large":"https:\/\/images.epagine.fr\/385\/9782754754385_1_75.jpg","medium":"https:\/\/images.epagine.fr\/385\/9782754754385_1_m.jpg","thumbnail":"https:\/\/images.epagine.fr\/385\/9782754754385_1_v.jpg"},"orderable":true,"show_badge":true,"formatted_price":"23,90&nbsp;\u20ac","formatted_published_date":"12 mai 2021","publisher_availability_label":"Sur commande","short_details":"Jean Hladik \u2014 Editions du Panth\u00e9on","translator":null,"weight":493,"page_count":408,"readership":null,"editor":"Editions du Panth\u00e9on","price":2390,"published_date":"2021-05-11T22:00:00.000000Z","support":"Grand format","publisher_availability":1,"stock":0,"editions":[],"url":"https:\/\/quaidesbrumes.com\/ouvrage\/9782754754385\/refleurir-un-monde-trop-plein"},{"id":"9782856541869","title":"Flore du Cambodge, du Laos et du Vietnam Tome 24 : caryophylleae","description":null,"authors":["K. Larsen"],"category_codes":["4000000","4010000","4010400"],"visuals":{"large":"https:\/\/images.epagine.fr\/869\/9782856541869_1_75.jpg","medium":"https:\/\/images.epagine.fr\/869\/9782856541869_1_m.jpg","thumbnail":"https:\/\/images.epagine.fr\/869\/9782856541869_1_v.jpg"},"orderable":true,"show_badge":true,"formatted_price":"18,00&nbsp;\u20ac","formatted_published_date":"29 d\u00e9cembre 1989","publisher_availability_label":"Sur commande","short_details":"K. Larsen \u2014 Mnhn","translator":null,"weight":0,"page_count":143,"readership":null,"editor":"Mnhn","price":1800,"published_date":"1989-12-28T23:00:00.000000Z","support":"Grand format","publisher_availability":1,"stock":0,"editions":[],"url":"https:\/\/quaidesbrumes.com\/ouvrage\/9782856541869\/flore-du-cambodge-du-laos-et-du-vietnam-tome-24-caryophylleae"},{"id":"9782377897124","title":"L'\u00e9vidence comme urgence","description":"Je suis votre Terre, M\u00e8re nature, unique et fragile. Je n'ai pas besoin de vous mais vous ne pouvez vous passer de moi.Oc\u00e9ans, for\u00eats, terres et rivi\u00e8res sont mes richesses que vous admirez, exploitez ou ignorez. Je vous pr\u00eate tout cela, pour votre fortune ou infortune. Chaque jour, vos choix d\u00e9terminent notre avenir commun. Vos actions auraient d\u00fb oeuvrer pour notre avenir commun. N'oubliez pas, je serai l\u00e0 bien apr\u00e8s vous et votre devoir est de me pr\u00e9server pour vos enfants, votre descendance... Mais qu'avez-vous fait?","authors":["Andr\u00e9 Isra\u00ebl"],"category_codes":["4000000","4010000","4010200","4010204"],"visuals":{"large":"https:\/\/images.epagine.fr\/124\/9782377897124_1_75.jpg","medium":"https:\/\/images.epagine.fr\/124\/9782377897124_1_m.jpg","thumbnail":"https:\/\/images.epagine.fr\/124\/9782377897124_1_v.jpg"},"orderable":true,"show_badge":true,"formatted_price":"15,00&nbsp;\u20ac","formatted_published_date":"1er ao\u00fbt 2022","publisher_availability_label":"Sur commande","short_details":"Andr\u00e9 Isra\u00ebl \u2014 Editions Encre Rouge","translator":null,"weight":133,"page_count":110,"readership":null,"editor":"Editions Encre Rouge","price":1500,"published_date":"2022-07-31T22:00:00.000000Z","support":"Grand format","publisher_availability":1,"stock":0,"editions":[],"url":"https:\/\/quaidesbrumes.com\/ouvrage\/9782377897124\/levidence-comme-urgence"},{"id":"9782856537510","title":"Flore du Cambodge, du Laos et du Vietnam Tome 33 : Apocynaceae","description":"The family contains about 450 genera and about 4000 species dis\u00actributed throughout the world but concentrated particularly in the Old and New World tropics. The two subfamilies treated here are the Rauvolfioideae with about 915 species in 82 genera wordwide, and the Apocynoideae with about 822 species in 80 genera wordwide. In this region, these two subfamilies have 38 native genera (plus one more sometimes naturalised), and 119 native species (plus two more sometimes naturalised).\r","authors":["David J. Middleton"],"category_codes":["4000000","4010000","4010400"],"visuals":{"large":"https:\/\/images.epagine.fr\/510\/9782856537510_1_75.jpg","medium":"https:\/\/images.epagine.fr\/510\/9782856537510_1_m.jpg","thumbnail":"https:\/\/images.epagine.fr\/510\/9782856537510_1_v.jpg"},"orderable":true,"show_badge":true,"formatted_price":"45,00&nbsp;\u20ac","formatted_published_date":"24 d\u00e9cembre 2014","publisher_availability_label":"Sur commande","short_details":"David J. Middleton \u2014 Mnhn","translator":null,"weight":0,"page_count":288,"readership":null,"editor":"Mnhn","price":4500,"published_date":"2014-12-23T23:00:00.000000Z","support":"Grand format","publisher_availability":1,"stock":0,"editions":[],"url":"https:\/\/quaidesbrumes.com\/ouvrage\/9782856537510\/flore-du-cambodge-du-laos-et-du-vietnam-tome-33-apocynaceae"},{"id":"9782856537527","title":"Flore du Cambodge, du Laos et du Vietnam Tome 34 : Polygalaceae","description":"The Polygalaceae is a family of about 1 000 species and is found throughout the world's tropical and temperate regions. Although there are only five genera and 43 species of Polygalaceae in Cambodia, Laos and Vietnam, they exhibit remarkable diversity in morphology. Its species range from diminutive herbs such as Salomonia, to herbs and shrubs in Polygala, lianas in Securidaca and forest trees in Xanthophyllum. It even includes one myco-heterotroph, Epirixanthes, which is an easily overlooked inhabitant of the forest floor. Polygalaceae species may be found in a many habitats from sea level to 2 600 m, including open, disturbed areas and within closed forests.\r\n\r\n\r\nThis volume includes keys and detailed descriptions of all species, notes on their ecology and distributions, citations of all known specimens, line drawings to illustrate each genus and fourteen colour photographs of seven species. Polygala is the most diverse genus in the region, with 22 species.\r","authors":["Colin A. Pendry"],"category_codes":["4000000","4010000","4010400"],"visuals":{"large":"https:\/\/images.epagine.fr\/527\/9782856537527_1_75.jpg","medium":"https:\/\/images.epagine.fr\/527\/9782856537527_1_m.jpg","thumbnail":"https:\/\/images.epagine.fr\/527\/9782856537527_1_v.jpg"},"orderable":true,"show_badge":true,"formatted_price":"20,00&nbsp;\u20ac","formatted_published_date":"24 d\u00e9cembre 2014","publisher_availability_label":"Sur commande","short_details":"Colin A. Pendry \u2014 Mnhn","translator":null,"weight":0,"page_count":72,"readership":null,"editor":"Mnhn","price":2000,"published_date":"2014-12-23T23:00:00.000000Z","support":"Grand format","publisher_availability":1,"stock":0,"editions":[],"url":"https:\/\/quaidesbrumes.com\/ouvrage\/9782856537527\/flore-du-cambodge-du-laos-et-du-vietnam-tome-34-polygalaceae"},{"id":"9782856537503","title":"Flore du Cambodge, du Laos et du Vietnam Tome 35 : Solanaceae","description":"La famille des Solanaceae compte environ 92 genres et 2 300 esp\u00e8ces cosmopolites, principalement originaires d'Am\u00e9rique du Sud. Huit genres et 48 esp\u00e8ces sont r\u00e9pertori\u00e9s au Cambodge, au Laos et au Vietnam, appartenant principalement aux sous-famillex des Solanoideae et Cestroideae. Dans la premi\u00e8re, le genre Solanum, de loin le plus important avec 32 esp\u00e8ces, comprend plusieurs esp\u00e8ces herbac\u00e9es notables en agriculture et horticulture. Une esp\u00e8ce de Solanum, nouvelle pour la science, est d\u00e9crite dans ce volume. Le genre Lycianthes comprend plusieurs esp\u00e8ces arbustives et une seule herbac\u00e9e rampante. Le genre Lycium est repr\u00e9sent\u00e9 par une esp\u00e8ce originaire de Chine et du Japon. Capsicum annuum, seule esp\u00e8ce du genre r\u00e9pertori\u00e9e ici pousse dans les terrains incultes, jusqu'\u00e0 1 800 m d'altitude. Quatre esp\u00e8ces de Physalis sont introduites en r\u00e9gion indochinoise. Une esp\u00e8ce de Cestrum est cultiv\u00e9e pour ses fleurs odorantes. Nicotiana tabacum, est largement cultiv\u00e9e pour les feuilles de tabac. Les deux esp\u00e8ces du genre Datura r\u00e9pertori\u00e9es se diff\u00e9rencient par les longueurs de leur corolle et de l'anth\u00e8re, et le type de d\u00e9hiscence de leurs fruits.\r\n\r\nCe volume comprend des cl\u00e9s et des descriptions d\u00e9taill\u00e9es de chaque esp\u00e8ce ; l'\u00e9cologie, la r\u00e9partition, l'usage, ainsi que la liste de tous les sp\u00e9cimens connus sont pr\u00e9sent\u00e9s.\r","authors":["Pauline Dy Phon","Sovanmoly Hul"],"category_codes":["4000000","4010000","4010400"],"visuals":{"large":"https:\/\/images.epagine.fr\/503\/9782856537503_1_75.jpg","medium":"https:\/\/images.epagine.fr\/503\/9782856537503_1_m.jpg","thumbnail":"https:\/\/images.epagine.fr\/503\/9782856537503_1_v.jpg"},"orderable":true,"show_badge":true,"formatted_price":"25,00&nbsp;\u20ac","formatted_published_date":"24 d\u00e9cembre 2014","publisher_availability_label":"Sur commande","short_details":"Pauline Dy Phon, Sovanmoly Hul \u2014 Mnhn","translator":null,"weight":0,"page_count":104,"readership":null,"editor":"Mnhn","price":2500,"published_date":"2014-12-23T23:00:00.000000Z","support":"Grand format","publisher_availability":1,"stock":0,"editions":[],"url":"https:\/\/quaidesbrumes.com\/ouvrage\/9782856537503\/flore-du-cambodge-du-laos-et-du-vietnam-tome-35-solanaceae"},{"id":"9791097455118","title":"Respecte ta mer : Le XXIe si\u00e8cle sera maritime","description":"Nouvelle \u00e9dition augment\u00e9e et mise \u00e0 jour\r\n\u00abEt puis il est une ressource observable, non consommable, non tarissable et qui va apporter des solutions insoup\u00e7onn\u00e9es \u00e0 l'humanit\u00e9 : le biomim\u00e9tisme. Le monde sous-marin est d'une diversit\u00e9 immense pour ce qui concerne la vie. Le d\u00e9placement du poulpe, celui de la crevette, celui des grands poissons comme des petits, la capacit\u00e9 de certaines esp\u00e8ces \u00e0 se rendre invisible en faisant changer la couleur de leur enveloppe et se fondre dans leur environnement visuel, sans parler de l'hippocampe ou encore des bivalves, sont autant d'enseignements que nous devons acqu\u00e9rir.\u00bb\r\nMarin d'\u00c9tat, \u00e9conomiste, docteur en g\u00e9ographie, Philippe Metzger est un homme de mer, \u00e0 titre professionnel et personnel. Dans cet ouvrage, il propose une vision de l'avenir o\u00f9 la mer est un vecteur de progr\u00e8s, de l'exploitation des ressources aux aspects g\u00e9ostrat\u00e9giques, en passant par le volet social et la dimension culturelle.","authors":["Philippe Metzger"],"category_codes":["4000000","4010000","4010200","4010207"],"visuals":{"large":"https:\/\/images.epagine.fr\/118\/9791097455118_1_75.jpg","medium":"https:\/\/images.epagine.fr\/118\/9791097455118_1_m.jpg","thumbnail":"https:\/\/images.epagine.fr\/118\/9791097455118_1_v.jpg"},"orderable":true,"show_badge":true,"formatted_price":"10,00&nbsp;\u20ac","formatted_published_date":"15 novembre 2024","publisher_availability_label":"Sur commande","short_details":"Philippe Metzger \u2014 Cent Mille Milliards","translator":null,"weight":99,"page_count":120,"readership":null,"editor":"Cent Mille Milliards","price":1000,"published_date":"2024-11-14T23:00:00.000000Z","support":"Grand format","publisher_availability":1,"stock":0,"editions":[],"url":"https:\/\/quaidesbrumes.com\/ouvrage\/9791097455118\/respecte-ta-mer-le-xxie-siecle-sera-maritime"},{"id":"9791042804046","title":"Cosmopolis : Humains, Animaux, Nature :  plaidoyer pour une Nouvelle Alliance  du peuple de la Terre","description":"\u00c0 l'\u00e9chelle de l'\u00e9volution, nous ne sommes rien, ou pas grand-chose, et pourtant nous bouleversons tout. \r\nL'heure des d\u00e9rives de l'Anthropoc\u00e8ne a sonn\u00e9. La course folle et destructrice vers la sixi\u00e8me extinction massive d'esp\u00e8ces animales et v\u00e9g\u00e9tales doit s'arr\u00eater. Plus que jamais, notre relation au vivant m\u00e9rite d'\u00eatre repens\u00e9e et le droit pourrait \u00eatre le meilleur vecteur de changements.\r\nSous les yeux du juriste du vivant, ce personnage symbolisant au fil des pages un nouveau rapport au monde, les sch\u00e9mas de pens\u00e9es dits \u00ab actuels \u00bb basculent. \r\nCe sont les fondements de nos liens avec le vivant qui sont analys\u00e9s et r\u00e9vis\u00e9s dans cette oeuvre. L'objectif ? Forger une nouvelle alliance entre les humains, les animaux et la nature pour garantir une plan\u00e8te p\u00e9renne, partag\u00e9e par tous.\r\nVoir plus loin, telle est l'ambition de Cosmopolis.","authors":["Caroline Regad","C\u00e9dric Riot"],"category_codes":["4000000","4010000","4010200","4010208"],"visuals":{"large":"https:\/\/images.epagine.fr\/046\/9791042804046_1_75.jpg","medium":"https:\/\/images.epagine.fr\/046\/9791042804046_1_m.jpg","thumbnail":"https:\/\/images.epagine.fr\/046\/9791042804046_1_v.jpg"},"orderable":true,"show_badge":true,"formatted_price":"12,00&nbsp;\u20ac","formatted_published_date":"19 d\u00e9cembre 2024","publisher_availability_label":"Sur commande","short_details":"Caroline Regad, C\u00e9dric Riot \u2014 LES IMPLIQUES","translator":null,"weight":107,"page_count":86,"readership":null,"editor":"LES IMPLIQUES","price":1200,"published_date":"2024-12-18T23:00:00.000000Z","support":"Grand format","publisher_availability":1,"stock":0,"editions":[],"url":"https:\/\/quaidesbrumes.com\/ouvrage\/9791042804046\/cosmopolis-humains-animaux-nature-plaidoyer-pour-une-nouvelle-alliance-du-peuple-de-la-terre"},{"id":"9782140336997","title":"Consommation locale et valorisation des savoirs endog\u00e8nes Tome 2 : Quelles contributions des universit\u00e9s africaines pour renforcer la r\u00e9silience des populations face aux crises plan\u00e9taires ?","description":"Toute strat\u00e9gie de d\u00e9veloppement durable doit s'appuyer sur des connaissances et pratiques endog\u00e8nes des espaces consid\u00e9r\u00e9s. Les r\u00e9centes crises plan\u00e9taires, notamment la r\u00e9surgence des virus, des conflits, de m\u00eame que l'impact du changement climatique sur les capacit\u00e9s de production des biens de consommation, ram\u00e8nent l'humanit\u00e9 \u00e0 repenser aux diff\u00e9rentes pratiques de production, de consommation et \u00e0 reconsid\u00e9rer le \u00abconsommer local\u00bb comme une solution.\r\nLe volume  2 des actes du 4e colloque scientifique international de l'Universit\u00e9 de Kara regroupe des articles abordant cette probl\u00e9matique sous divers questionnements. Comment valoriser les mat\u00e9riaux locaux pour une production et une consommation plus responsable? Quels sont les d\u00e9fis du continent africain dans le domaine de l'agriculture, de l'eau, de la m\u00e9decine, de la litt\u00e9rature et des langues dans la gestion des crises sanitaires? Comment l'Afrique doit-elle repenser son agriculture pour atteindre l'autosuffisance alimentaire?\r\nLes r\u00e9ponses \u00e0 ces interrogations d\u00e9montrent que les universit\u00e9s africaines ont du potentiel pour contribuer efficacement \u00e0 la r\u00e9silience des populations face aux crises plan\u00e9taires.","authors":["Kuwedaten Napala"],"category_codes":["4000000","4010000","4010200","4010208"],"visuals":{"large":"https:\/\/images.epagine.fr\/997\/9782140336997_1_75.jpg","medium":"https:\/\/images.epagine.fr\/997\/9782140336997_1_m.jpg","thumbnail":"https:\/\/images.epagine.fr\/997\/9782140336997_1_v.jpg"},"orderable":true,"show_badge":true,"formatted_price":"36,00&nbsp;\u20ac","formatted_published_date":"19 d\u00e9cembre 2024","publisher_availability_label":"Sur commande","short_details":"Kuwedaten Napala \u2014 \u00c9ditions L'Harmattan","translator":null,"weight":539,"page_count":356,"readership":null,"editor":"\u00c9ditions L'Harmattan","price":3600,"published_date":"2024-12-18T23:00:00.000000Z","support":"Grand format","publisher_availability":1,"stock":0,"editions":[],"url":"https:\/\/quaidesbrumes.com\/ouvrage\/9782140336997\/consommation-locale-et-valorisation-des-savoirs-endogenes-tome-2-quelles-contributions-des-universites-africaines-pour-renforcer-la-resilience-des-populations-face-aux-crises-planetaires"},{"id":"9791037010025","title":"Penser la biodiversit\u00e9","description":"Quarante ans apr\u00e8s son introduction, la notion de biodiversit\u00e9 a creus\u00e9 son sillon : des politiques publiques, \u00e0 toutes les \u00e9chelles, lui consacrent leurs objectifs, et notre vie quotidienne est ponctu\u00e9e d'appels \u00e0 la pr\u00e9server, dans les journaux, les publicit\u00e9s, les slogans politiques. Mais que nous disent r\u00e9ellement tous ces discours qui gravitent autour de la biodiversit\u00e9 ? Avant tout, ils expriment un constat d'\u00e9chec : \u00e9chec de la pr\u00e9servation de notre environnement, \u00e9chec des tentatives de mesurer sa valeur, \u00e9chec dans la construction de dispositifs d'expertise probants pour aiguiller les politiques environnementales. En interrogeant ce que son omnipr\u00e9sence nous enseigne sur notre rapport \u00e0 l'environnement et sur la connaissance que nous en avons, cette enqu\u00eate propose de repenser la notion de biodiversit\u00e9. Ni synonyme de nature ni objet ni mesure, la biodiversit\u00e9 est une p\u00e9riphrase : c'est un appel elliptique \u00e0 rendre nos d\u00e9cisions environnementales plus rationnelles. Penser la biodiversit\u00e9, c'est interroger cette exigence de rationalisation, au-del\u00e0 des caricatures que la science \u00e9conomique et ses critiques v\u00e9hiculent. Penser la biodiversit\u00e9, c'est creuser une rationalit\u00e9 qui s'enracine dans une exigence de justification et d'argumentation ouverte, contradictoire et exploratoire, seule \u00e0 m\u00eame de fonder des politiques environnementales l\u00e9gitimes et efficaces.\r","authors":["Yves Meinard"],"category_codes":["4000000","4010000","4010200"],"visuals":{"large":"https:\/\/images.epagine.fr\/025\/9791037010025_1_75.jpg","medium":"https:\/\/images.epagine.fr\/025\/9791037010025_1_m.jpg","thumbnail":"https:\/\/images.epagine.fr\/025\/9791037010025_1_v.jpg"},"orderable":true,"show_badge":true,"formatted_price":"18,00&nbsp;\u20ac","formatted_published_date":"23 novembre 2021","publisher_availability_label":"Sur commande","short_details":"Yves Meinard \u2014 Hermann","translator":null,"weight":163,"page_count":122,"readership":null,"editor":"Hermann","price":1800,"published_date":"2021-11-22T23:00:00.000000Z","support":"Grand format","publisher_availability":1,"stock":0,"editions":[],"url":"https:\/\/quaidesbrumes.com\/ouvrage\/9791037010025\/penser-la-biodiversite"}]}