{"data":[{"id":"9783841617736","title":"Glenn Murcutt, vers une architecture durable ; dans quelle mesure G. Murcutt, se rapprochant d'une architecture vernaculaire, r\u00e9pond aux objectifs \u00e9cologiques actuels","description":"Depuis la fin des ann\u00e9es 1960, le monde s'interroge sur les dangers d'une trop forte croissance \u00e9conomique et d\u00e9mographique et sur les enjeux qui l'accompagnent. Face \u00e0 cela, il para\u00eet essentiel de chercher de nouvelles mani\u00e8res de concevoir plus en lien avec l'environnement naturel, afin de respecter un \u00e9cosyst\u00e8me d\u00e9j\u00e0 fragilis\u00e9. La recherche d'une architecture nouvelle semble se (re)tourner vers une architecture du bon sens et des m\u00e9thodes ancestrales. C'est cette notion de bon sens qui a men\u00e9 l'\u00e9tude vers un architecte australien mieux connu depuis la fin du XXe si\u00e8cle, laur\u00e9at du prix Pritzker en 2002, Glenn Murcutt. Selon Bill Lacy, directeur ex\u00e9cutif du prix Pritzker : \u00abses maisons sont en accord avec le paysage et les conditions climatiques. (...) elles recourent \u00e0 une \u00e9norme vari\u00e9t\u00e9 de moyens mais avec un extr\u00eame souci de l'\u00e9conomie de la mati\u00e8re\u00bb, de l'\u00e9nergie et de l'espace. Il s'agit principalement de s'int\u00e9resser \u00e0 ses principes visant le \u00abfonctionnalisme \u00e9cologique\u00bb. Au cours de cet ouvrage, sera analys\u00e9 l'\u00e9volution de sa carri\u00e8re au fil de ses r\u00e9flexions et de ses r\u00e9f\u00e9rences, afin de trouver les pistes qui semblent l'avoir conduit \u00e0 une architecture plus juste.","authors":["Laure-\u00e9lise Alaphilippe"],"category_codes":["4000000","4010000","4010200"],"visuals":{"large":"https:\/\/images.epagine.fr\/736\/9783841617736_1_75.jpg","medium":"https:\/\/images.epagine.fr\/736\/9783841617736_1_m.jpg","thumbnail":"https:\/\/images.epagine.fr\/736\/9783841617736_1_v.jpg"},"orderable":true,"show_badge":true,"formatted_price":"35,89&nbsp;\u20ac","formatted_published_date":"1er novembre 2018","publisher_availability_label":"Sur commande","short_details":"Laure-\u00e9lise Alaphilippe \u2014 Editions Universitaires Europeennes","translator":null,"weight":137,"page_count":84,"readership":null,"editor":"Editions Universitaires Europeennes","price":3589,"published_date":"2018-10-31T23:00:00.000000Z","support":"Grand format","publisher_availability":1,"stock":0,"editions":[],"url":"https:\/\/quaidesbrumes.com\/ouvrage\/9783841617736\/glenn-murcutt-vers-une-architecture-durable-dans-quelle-mesure-g-murcutt-se-rapprochant-dune-architecture-vernaculaire-repond-aux-objectifs-ecologiques-actuels"},{"id":"9783841728142","title":"L'\u00e9tude d'impact sur l'environnement","description":"L'environnement a pris une place particuli\u00e8re dans notre soci\u00e9t\u00e9 ; les m\u00e9dias, les politiques, les citoyens, chacun per\u00e7oit cet engouement que suscite ce que certains appellent \u00ab la r\u00e9volution verte \u00bb. La soci\u00e9t\u00e9 internationale a pris petit \u00e0 petit conscience que c'est notre bien commun \u00e0 tous qui est en p\u00e9ril, et cela concerne \u00e0 la fois notre fa\u00e7on de vivre ensemble et notre engagement au quotidien. Cette pr\u00e9occupation doit donc \u00eatre consid\u00e9r\u00e9e comme une r\u00e9flexion soci\u00e9tale nouvelle. Elle s'impose comme un fait social majeur. La consid\u00e9ration de notre environnement est essentielle face aux probl\u00e8mes globaux qu'engendre sa gestion dans notre soci\u00e9t\u00e9 contemporaine. Comme le rappelle un nombre important d'acteurs internationaux, \u00ab l'humanit\u00e9 ne tiendra pas face au probl\u00e8me \u00e9cologique si on ne fait rien \u00bb","authors":["Eya Bellagha"],"category_codes":["4000000","4010000","4010200"],"visuals":{"large":"https:\/\/images.epagine.fr\/142\/9783841728142_1_75.jpg","medium":"https:\/\/images.epagine.fr\/142\/9783841728142_1_m.jpg","thumbnail":"https:\/\/images.epagine.fr\/142\/9783841728142_1_v.jpg"},"orderable":true,"show_badge":true,"formatted_price":"35,89&nbsp;\u20ac","formatted_published_date":"1er novembre 2018","publisher_availability_label":"Sur commande","short_details":"Eya Bellagha \u2014 Editions Universitaires Europeennes","translator":null,"weight":126,"page_count":76,"readership":null,"editor":"Editions Universitaires Europeennes","price":3589,"published_date":"2018-10-31T23:00:00.000000Z","support":"Grand format","publisher_availability":1,"stock":0,"editions":[],"url":"https:\/\/quaidesbrumes.com\/ouvrage\/9783841728142\/letude-dimpact-sur-lenvironnement"},{"id":"9783841726902","title":"Valorisation du grignon d'olives : utilisation comme charge dans le PP","description":"Le projet, s'int\u00e8gre dans la politique g\u00e9n\u00e9rale de gestion de ressources naturelles ainsi que dans la l\u00e9gislation concernant la protection de l'environnement. Le grignon d'olives est un sous-produit de l'industrie d'extraction de l'huile d'olive en Tunisie. La voie de valorisation que nous proposons pour ce produit consiste \u00e0 l'utiliser comme charge dans une mati\u00e8re thermoplastique de grande diffusion. Ainsi, des m\u00e9langes (PP\/grignon d'olive) aux diff\u00e9rentes compositions ont \u00e9t\u00e9 \u00e9labor\u00e9s \u00e0 l'\u00e9tat fondu par extrusion monovis. Apr\u00e8s caract\u00e9risation des composants (PP et grignon d'olive), les mat\u00e9riaux r\u00e9alis\u00e9s ont \u00e9t\u00e9 \u00e9tudi\u00e9s du point de vue thermique,tribologique et m\u00e9canique .Comme dans les polym\u00e8res charg\u00e9s les propri\u00e9t\u00e9s d\u00e9pendent \u00e9troitement de l'\u00e9tat de l'interface entre les phases du m\u00e9lange, le contr\u00f4le de celle-ci passe souvent par une \u00e9tape de compatibilisation qui consiste en l'ajout d'un copolym\u00e8re au m\u00e9lange. Ainsi, nous avons effectu\u00e9 une \u00e9tude comparative des propri\u00e9t\u00e9s avec et sans la pr\u00e9sence de compatibilisant. Les r\u00e9sultats obtenus sont interpr\u00e9t\u00e9s en termes de modification de la tension interfaciale et de l'adh\u00e9sion entre les phases.","authors":["Ameni Ellouze"],"category_codes":["4000000","4010000","4010400","4010406"],"visuals":{"large":"https:\/\/images.epagine.fr\/902\/9783841726902_1_75.jpg","medium":"https:\/\/images.epagine.fr\/902\/9783841726902_1_m.jpg","thumbnail":"https:\/\/images.epagine.fr\/902\/9783841726902_1_v.jpg"},"orderable":true,"show_badge":true,"formatted_price":"35,89&nbsp;\u20ac","formatted_published_date":"1er novembre 2018","publisher_availability_label":"Sur commande","short_details":"Ameni Ellouze \u2014 Editions Universitaires Europeennes","translator":null,"weight":137,"page_count":84,"readership":null,"editor":"Editions Universitaires Europeennes","price":3589,"published_date":"2018-10-31T23:00:00.000000Z","support":"Grand format","publisher_availability":1,"stock":0,"editions":[],"url":"https:\/\/quaidesbrumes.com\/ouvrage\/9783841726902\/valorisation-du-grignon-dolives-utilisation-comme-charge-dans-le-pp"},{"id":"9783639763201","title":"Rapport d\u00e9veloppement durable des collectivit\u00e9s territoriales ; un outil de dialogue local et d'am\u00e9lioration continue ?","description":"La tendance des acteurs publics \u00e0 se servir du d\u00e9veloppement durable comme \u00e9l\u00e9ment de conciliation entre des int\u00e9r\u00eats parfois divergents de leurs territoires se confirme aujourd'hui. Dans ce cadre, le rapport du d\u00e9veloppement durable se per\u00e7oit comme un outil permettant de rendre compte et cr\u00e9dibiliser une d\u00e9marche de d\u00e9veloppement durable mise en place sur le territoire. \u00c9valuer et rendre compte est un exercice difficile mais indispensable pour progresser. De ce fait, de nombreuses questions se posent : quelle utilit\u00e9, quel sens pour ce rapport ? Comment structurer et organiser les diff\u00e9rentes \u00e9tapes de son \u00e9laboration ? Et enfin, permet-il vraiment le dialogue local et l'am\u00e9lioration continue sur le territoire ?","authors":["Aliona Goncalves"],"category_codes":["4000000","4010000","4010200"],"visuals":{"large":"https:\/\/images.epagine.fr\/201\/9783639763201_1_75.jpg","medium":"https:\/\/images.epagine.fr\/201\/9783639763201_1_m.jpg","thumbnail":"https:\/\/images.epagine.fr\/201\/9783639763201_1_v.jpg"},"orderable":true,"show_badge":true,"formatted_price":"28,90&nbsp;\u20ac","formatted_published_date":"1er novembre 2018","publisher_availability_label":"Sur commande","short_details":"Aliona Goncalves \u2014 Editions Universitaires Europeennes","translator":null,"weight":108,"page_count":64,"readership":null,"editor":"Editions Universitaires Europeennes","price":2890,"published_date":"2018-10-31T23:00:00.000000Z","support":"Grand format","publisher_availability":1,"stock":0,"editions":[],"url":"https:\/\/quaidesbrumes.com\/ouvrage\/9783639763201\/rapport-developpement-durable-des-collectivites-territoriales-un-outil-de-dialogue-local-et-damelioration-continue"},{"id":"9783639545753","title":"Les risques de la pollution du milieu naturel par les lixiviats ; cas du centre d'enfouissement technique de Tlemcen","description":"L'augmentation de la production des d\u00e9chets solides va de pair avec l'essor d\u00e9mographique et l'intensification des activit\u00e9s socio-\u00e9conomiques. A ce jour, la principale voie de traitement des d\u00e9chets en Alg\u00e9rie est la mise en d\u00e9charge, ce genre d'installation sert \u00e0 stocker et traiter les d\u00e9chets pendant une certaine p\u00e9riode. Apr\u00e8s l'enfouissement de ces d\u00e9chets, ces derniers continuent \u00e0 vivre en cr\u00e9ant une nuisance sur l'environnement telles que les eaux de percolation appel\u00e9es lixiviats qui ont un impact sur les eaux de surface et les eaux souterraines. Pour d\u00e9terminer le risque du lixiviat sur les eaux souterraines et superficielles, une campagne de pr\u00e9l\u00e8vement et d'analyse a \u00e9t\u00e9 effectu\u00e9e sur les lixiviats de la d\u00e9charge. Deux autres points t\u00e9moins ont fait office de points de contr\u00f4le (le petit barrage GUETTARA et la source AIN GUETTARA). Le CET de Saf Saf utilise le traitement par lagunage pour l'\u00e9limination de la charge polluante dans les lixiviats. A travers nos r\u00e9sultats d'\u00e9tude, les valeurs de la DBO5, la DCO et la mati\u00e8re organique dans les lixiviats sont \u00e9lev\u00e9es, ce type de traitement est donc insuffisant.","authors":["Djahida Mohammedi"],"category_codes":["4000000","4010000","4010200"],"visuals":{"large":"https:\/\/images.epagine.fr\/753\/9783639545753_1_75.jpg","medium":"https:\/\/images.epagine.fr\/753\/9783639545753_1_m.jpg","thumbnail":"https:\/\/images.epagine.fr\/753\/9783639545753_1_v.jpg"},"orderable":true,"show_badge":true,"formatted_price":"49,90&nbsp;\u20ac","formatted_published_date":"1er novembre 2018","publisher_availability_label":"Sur commande","short_details":"Djahida Mohammedi \u2014 Editions Universitaires Europeennes","translator":null,"weight":177,"page_count":112,"readership":null,"editor":"Editions Universitaires Europeennes","price":4990,"published_date":"2018-10-31T23:00:00.000000Z","support":"Grand format","publisher_availability":1,"stock":0,"editions":[],"url":"https:\/\/quaidesbrumes.com\/ouvrage\/9783639545753\/les-risques-de-la-pollution-du-milieu-naturel-par-les-lixiviats-cas-du-centre-denfouissement-technique-de-tlemcen"},{"id":"9783639541441","title":"Qualit\u00e9s des eaux superficielles et pollution ; caract\u00e9risation des eaux r\u00e9siduaires deversees dans l'oued Tleta (NW, Alg\u00e9rie)","description":"Les Oueds Tleta et Taima (NW alg\u00e9rien) re\u00e7oivent les eaux us\u00e9es d\u00e9vers\u00e9es par les localit\u00e9s riveraines et les quelques activit\u00e9s industrielles existantes dans la commune de Nedroma sans aucune \u00e9puration pr\u00e9alable. Ces d\u00e9versements d'eaux us\u00e9es contribuent \u00e0 la d\u00e9gradation de la qualit\u00e9 des eaux des cours d'eau. A cet effet et dans le but de r\u00e9aliser une \u00e9tude de possibilit\u00e9 de mettre l'environnement sous le suivi d'une STEP, des analyses physiques, chimiques et bact\u00e9riologiques ont \u00e9t\u00e9 r\u00e9alis\u00e9es afin de quantifier les param\u00e8tres indicateurs de la pollution issue du rejet des eaux us\u00e9es. Les r\u00e9sultats de ces analyses ont montr\u00e9 des que la DBO5, la DCO, Le MES, la turbidit\u00e9, mati\u00e8re d\u00e9cantable, azote kjeldahl et ammoniacal et les hydrocarbures d\u00e9passent les valeurs limites des rejets d'effluents liquides. Les concentrations issues des analyses des m\u00e9taux lourds (Fer, cuivre, mangan\u00e8se, nickel, mercure, chrome, cadmium, plomb, \u00e9tain) montrent que seule la teneur en cuivre n'est pas conforme \u00e0 la norme en vigueur.","authors":["Mohammed Benabdelkader"],"category_codes":["4000000","4010000","4010200"],"visuals":{"large":"https:\/\/images.epagine.fr\/441\/9783639541441_1_75.jpg","medium":"https:\/\/images.epagine.fr\/441\/9783639541441_1_m.jpg","thumbnail":"https:\/\/images.epagine.fr\/441\/9783639541441_1_v.jpg"},"orderable":true,"show_badge":true,"formatted_price":"35,89&nbsp;\u20ac","formatted_published_date":"1er novembre 2018","publisher_availability_label":"Sur commande","short_details":"Mohammed Benabdelkader \u2014 Editions Universitaires Europeennes","translator":null,"weight":120,"page_count":72,"readership":null,"editor":"Editions Universitaires Europeennes","price":3589,"published_date":"2018-10-31T23:00:00.000000Z","support":"Grand format","publisher_availability":1,"stock":0,"editions":[],"url":"https:\/\/quaidesbrumes.com\/ouvrage\/9783639541441\/qualites-des-eaux-superficielles-et-pollution-caracterisation-des-eaux-residuaires-deversees-dans-loued-tleta-nw-algerie"},{"id":"9783639541281","title":"La phytoth\u00e9rapie dans l'ayurveda","description":"L'Ayurv\u00e9da est une m\u00e9decine \u00ab traditionnelle \u00bb issue des Vedas, textes fondateurs de la civilisation de l'Inde ancienne, datant de plus de 3000 ans avant J-C.Bien plus qu'un syst\u00e8me de sant\u00e9, c'est un art de vivre complet qui prend en compte tous les aspects de l'\u00eatre humain, de ceux, plus abstraits et transcendantaux, de l'existence, jusqu'\u00e0 ceux, plus mat\u00e9riels et concrets, du corps physique. L'Ayurv\u00e9da fournit une m\u00e9thodologie syst\u00e9matique qui a pour but d'ajuster l'utilisation des plantes \u00e0 chaque individu. L'Ayurv\u00e9da est un formidable outil pour l'homme moderne qui subit un stress permanent, consomme une nourriture pauvre en nutriments et vit dans un environnement \u00e9loign\u00e9 de la nature. Notre \u00e9quilibre est affect\u00e9 par notre fa\u00e7on de vivre et l'Ayurv\u00e9da nous permet de retrouver concentration et harmonie.","authors":["Emmanuelle Diot"],"category_codes":["4000000","4010000","4010400","4010404"],"visuals":{"large":"https:\/\/images.epagine.fr\/281\/9783639541281_1_75.jpg","medium":"https:\/\/images.epagine.fr\/281\/9783639541281_1_m.jpg","thumbnail":"https:\/\/images.epagine.fr\/281\/9783639541281_1_v.jpg"},"orderable":true,"show_badge":true,"formatted_price":"35,89&nbsp;\u20ac","formatted_published_date":"1er novembre 2018","publisher_availability_label":"Sur commande","short_details":"Emmanuelle Diot \u2014 Editions Universitaires Europeennes","translator":null,"weight":92,"page_count":52,"readership":null,"editor":"Editions Universitaires Europeennes","price":3589,"published_date":"2018-10-31T23:00:00.000000Z","support":"Grand format","publisher_availability":1,"stock":0,"editions":[],"url":"https:\/\/quaidesbrumes.com\/ouvrage\/9783639541281\/la-phytotherapie-dans-layurveda"},{"id":"9782760531734","title":"Qu\u00e9bec \u00e0 l'heure du d\u00e9veloppement durable","description":"Quels sont les gestes verts ancr\u00e9s dans les habitudes de vie des Qu\u00e9b\u00e9cois ? Ce livre r\u00e9v\u00e8le les r\u00e9sultats d\u00b4une enqu\u00eate effectu\u00e9e en 2008 \u00e0 la grandeur du Qu\u00e9bec. Il trace aussi l\u00b4historique du d\u00e9veloppement durable et d\u00e9finit les nombreux concepts qui y sont reli\u00e9s.\r","authors":["France Lamontagne","Jean-claude Thibodeau"],"category_codes":["4000000","4010000","4010200","4010207"],"visuals":{"large":"https:\/\/images.epagine.fr\/734\/9782760531734_1_75.jpg","medium":"https:\/\/images.epagine.fr\/734\/9782760531734_1_m.jpg","thumbnail":"https:\/\/images.epagine.fr\/734\/9782760531734_1_v.jpg"},"orderable":true,"show_badge":true,"formatted_price":"12,00&nbsp;\u20ac","formatted_published_date":"26 janvier 2012","publisher_availability_label":"Sur commande","short_details":"France Lamontagne, Jean-claude Thibodeau \u2014 PU DE QUEBEC","translator":null,"weight":214,"page_count":116,"readership":null,"editor":"PU DE QUEBEC","price":1200,"published_date":"2012-01-25T23:00:00.000000Z","support":"Grand format","publisher_availability":1,"stock":0,"editions":[],"url":"https:\/\/quaidesbrumes.com\/ouvrage\/9782760531734\/quebec-a-lheure-du-developpement-durable"},{"id":"9782322123537","title":"Les carnets de construction et vol du cerf volant ; envie de voler plus haut, carnet 2 Pieuvre 24 Lucaplane","description":"Les carnets Envie de Voler Plus Haut, proposent de plans techniques simples pour des r\u00e9alisation de mod\u00e8les cerfs-volants monofils de qualit\u00e9, l\u00e9g\u00e8rement acrobatiques, d'une s\u00e9rie intitul\u00e9e  Lucaplane con\u00e7ue par l'auteur, en s'appuyant sur de la r\u00e9cup\u00e9ration domestique et environnementale, d'o\u00f9 leur prix tr\u00e8s modique. Les mod\u00e8les  Lucaplane  sont performants, s'adaptent facilement \u00e0 des vents de petite brise, le plus g\u00e9n\u00e9ralement en montagne et dans des r\u00e9gions peu vent\u00e9es. Certains d'entre eux aboutissent \u00e0 l'utilisation de variantes techniques du cerf-volant int\u00e9ressantes, \u00e9labor\u00e9es par l'auteur, du type planeur et motocerfvolant (cerf-volant motoris\u00e9 contr\u00f4l\u00e9 par radio). Chaque mod\u00e8le pr\u00e9sent\u00e9 dans ces carnets \u00e0 fait l'objet d'une retransmission p\u00e9dagogique, dans quelques structures scolaires et socioculturelles exp\u00e9rimentales en Provence Alpes C\u00f4te d'Azur, avec grand succ\u00e8s. Cette activit\u00e9 contribue avec int\u00e9r\u00eat au soutien scolaire ludique. Le Cerf-volant Pieuvre 24 Lucaplane pr\u00e9sent\u00e9 dans cet ouvrage, se montre plus simple et docile, que les cerfs-volants deltas.\r","authors":["Emmanuel Bizot"],"category_codes":["4000000","4010000","4010500","4010501"],"visuals":{"large":"https:\/\/images.epagine.fr\/537\/9782322123537_1_75.jpg","medium":"https:\/\/images.epagine.fr\/537\/9782322123537_1_m.jpg","thumbnail":"https:\/\/images.epagine.fr\/537\/9782322123537_1_v.jpg"},"orderable":true,"show_badge":true,"formatted_price":"12,70&nbsp;\u20ac","formatted_published_date":"29 mai 2018","publisher_availability_label":"Sur commande","short_details":"Emmanuel Bizot \u2014 Books on Demand","translator":null,"weight":61,"page_count":8,"readership":null,"editor":"Books on Demand","price":1270,"published_date":"2018-05-28T22:00:00.000000Z","support":"Grand format","publisher_availability":1,"stock":0,"editions":[],"url":"https:\/\/quaidesbrumes.com\/ouvrage\/9782322123537\/les-carnets-de-construction-et-vol-du-cerf-volant-envie-de-voler-plus-haut-carnet-2-pieuvre-24-lucaplane"},{"id":"9782322096510","title":"L'emballage ce bel inconnu","description":"Biod\u00e9gradable - Connect\u00e9 - Conservation - Consigne - Digital - D\u00e9veloppement Durable - \u00c9coconception - E-Commerce - Economie Circulaire - Gaspillage - Pr\u00e9vention - Performance Economique - Recyclage - Sant\u00e9 humaine - S\u00e9curit\u00e9 produit - Seniors - Suremballages - Vrac - ... autant de sujets pour lesquels chacun se pose des questions \u00e0 propos des emballages.\r\n\r\nLa plupart des citoyens consommateurs ignorent tout des emballages qui les entourent. En fait ils ne les voient plus tant les emballages sont cach\u00e9s au service des produits qu'ils contiennent.\r\nQuand le citoyen trie les emballages devenus vides, il n'imagine pas un seul instant le pourquoi et le comment de leur parcours.\r\n\r\nCet ouvrage est donc r\u00e9solument P\u00c9DAGOGIQUE. Il doit permettre \u00e0 chaque lecteur de trouver des r\u00e9ponses claires \u00e0 ses questions, de regarder d'un oeil nouveau et non partisan ce compagnon m\u00e9connu de sa vie de tous les jours. Ce bel inconnu.\r","authors":["Michel Fontaine"],"category_codes":["4000000","4010000","4010200","4010208"],"visuals":{"large":"https:\/\/images.epagine.fr\/510\/9782322096510_1_75.jpg","medium":"https:\/\/images.epagine.fr\/510\/9782322096510_1_m.jpg","thumbnail":"https:\/\/images.epagine.fr\/510\/9782322096510_1_v.jpg"},"orderable":true,"show_badge":true,"formatted_price":"24,50&nbsp;\u20ac","formatted_published_date":"10 ao\u00fbt 2016","publisher_availability_label":"Sur commande","short_details":"Michel Fontaine \u2014 Books on Demand","translator":null,"weight":324,"page_count":236,"readership":null,"editor":"Books on Demand","price":2450,"published_date":"2016-08-09T22:00:00.000000Z","support":"Grand format","publisher_availability":1,"stock":0,"editions":[],"url":"https:\/\/quaidesbrumes.com\/ouvrage\/9782322096510\/lemballage-ce-bel-inconnu"},{"id":"9786138431312","title":"Lutte contre la d\u00e9gradation de la biodiversit\u00e9 \u00e0 Ndialakhar","description":"Lanc\u00e9 en 2012, le projet d\u00e9nomm\u00e9 \u00ab Projet de restauration de la biodiversit\u00e9 dans la vall\u00e9e de Ndialakhar\u00bb a \u00e9t\u00e9 finalis\u00e9 en 2014. Il a \u00e9t\u00e9 mis sur pied gr\u00e2ce au GIE Jappo de Ndi\u00e9b\u00e9ne Toub\u00e9 avec l'appui du programme COMPACT qui est une initiative du Programme de Micro Financement du Fonds pour l'Environnement Mondial (PMF\/FEM).Au final tous ces objectifs ont \u00e9t\u00e9 atteints et ceci a conduit \u00e0 une r\u00e9ussite totale du projet. En effet la biodiversit\u00e9 a \u00e9t\u00e9 r\u00e9habilit\u00e9 au niveau de la vall\u00e9e avec l'arriv\u00e9e de plusieurs esp\u00e8ces d'animaux sur le site et l'existence aujourd'hui d'une flore tr\u00e8s diversifi\u00e9e. Il faut noter aussi que contre toute attente le projet a eu des impacts sur les activit\u00e9s socio-\u00e9conomiques. En effet les agriculteurs, les \u00e9leveurs et les p\u00eacheurs ont pleinement profit\u00e9 du projet pour d\u00e9velopper leurs activit\u00e9s. Cependant la vall\u00e9e de Ndialakhar n'est pas sauv\u00e9e pour autant.En effet, les autorit\u00e9s \u00e9tatiques ont une ambition d'am\u00e9nager des milliers d'hectares au niveau vall\u00e9e pour y d\u00e9velopper la culture du riz. Si cette ambition venait \u00e0 se concr\u00e9tiser, toute la biodiversit\u00e9 de la vall\u00e9e va dispara\u00eetre ce qui serait une tr\u00e8s grande perte du point de vue environnementale","authors":["Mbargou Diagne"],"category_codes":["4000000","4010000","4010200","4010204"],"visuals":{"large":"https:\/\/images.epagine.fr\/312\/9786138431312_1_75.jpg","medium":"https:\/\/images.epagine.fr\/312\/9786138431312_1_m.jpg","thumbnail":"https:\/\/images.epagine.fr\/312\/9786138431312_1_v.jpg"},"orderable":true,"show_badge":true,"formatted_price":"39,90&nbsp;\u20ac","formatted_published_date":"1er mars 2019","publisher_availability_label":"Sur commande","short_details":"Mbargou Diagne \u2014 Editions Universitaires Europeennes","translator":null,"weight":142,"page_count":88,"readership":null,"editor":"Editions Universitaires Europeennes","price":3990,"published_date":"2019-02-28T23:00:00.000000Z","support":"Grand format","publisher_availability":1,"stock":0,"editions":[],"url":"https:\/\/quaidesbrumes.com\/ouvrage\/9786138431312\/lutte-contre-la-degradation-de-la-biodiversite-a-ndialakhar"},{"id":"9782355239946","title":"La r\u00e9paration effective et compl\u00e8te du pr\u00e9judice \u00e9cologique comme pr\u00e9alable et gage d'une cosmoth\u00e9andricit\u00e9","description":"\u00c0 l'heure o\u00f9 la d\u00e9forestation, la pollution des oc\u00e9ans et les \u00e9missions de gaz \u00e0 effet de serre acc\u00e9l\u00e8rent la d\u00e9gradation des \u00e9cosyst\u00e8mes, le pr\u00e9judice \u00e9cologique incarne une r\u00e9elle menace pour l'\u00e9quilibre de notre plan\u00e8te et la survie des esp\u00e8ces.\r\n\r\nDans cet ouvrage captivant, Andr\u00e9 Adoba explore les aspects complexes de la r\u00e9paration de ces dommages et propose une r\u00e9flexion structur\u00e9e en identifiant, d'une part, le pr\u00e9judice et en fournissant, d'autre part, une analyse th\u00e9ologique inspir\u00e9e de personnalit\u00e9s chr\u00e9tiennes. Il d\u00e9montre ainsi comment la foi peut \u00e9clairer la responsabilit\u00e9 \u00e9cologique et ouvrir la voie vers un avenir durable, fond\u00e9 sur une compr\u00e9hension plus profonde de la cr\u00e9ation du monde.","authors":["Andr\u00e9 Adoba"],"category_codes":["4000000","4010000","4010300"],"visuals":{"large":"https:\/\/images.epagine.fr\/946\/9782355239946_1_75.jpg","medium":"https:\/\/images.epagine.fr\/946\/9782355239946_1_m.jpg","thumbnail":"https:\/\/images.epagine.fr\/946\/9782355239946_1_v.jpg"},"orderable":true,"show_badge":true,"formatted_price":"24,50&nbsp;\u20ac","formatted_published_date":"1er d\u00e9cembre 2024","publisher_availability_label":"Sur commande","short_details":"Andr\u00e9 Adoba \u2014 JETS D'ENCRE","translator":null,"weight":438,"page_count":308,"readership":null,"editor":"JETS D'ENCRE","price":2450,"published_date":"2024-11-30T23:00:00.000000Z","support":"Grand format","publisher_availability":1,"stock":0,"editions":[],"url":"https:\/\/quaidesbrumes.com\/ouvrage\/9782355239946\/la-reparation-effective-et-complete-du-prejudice-ecologique-comme-prealable-et-gage-dune-cosmotheandricite"},{"id":"9791037001924","title":"Dans l'atelier des philosophes","description":"Que font les philosophes ? La philosophie est-elle un savoir \u00e0 int\u00e9grer, un \u00e9tat \u00e0 subir, une vocation \u00e0 poursuivre, une fin \u00e0 r\u00e9aliser? Vise-t-elle \u00e0 bien penser, \u00e0 bien savoir, \u00e0 bien se conduire, \u00e0 bien vivre  ? Le philosophe est-il un professionnel et la philosophie est-elle une profession parmi d'autres  ?\r\nD'un point de vue optimiste et bienveillant, on peut consid\u00e9rer les philosophes comme des \u00e9cologistes de l'esprit, des sp\u00e9cialistes de l'Umwelt id\u00e9el, du milieu d'id\u00e9es qui sert d'oxyg\u00e8ne \u00e0 l'esprit humain. Les philosophes sont des artisans d'id\u00e9es, des sp\u00e9cialistes de la construction, de l'entretien, de la r\u00e9paration, de la transformation d'objets id\u00e9els qui servent d'\u00e9chafaudage \u00e0 notre monde physique, psychique, id\u00e9el  ; objets qui ont besoin d'\u00eatre revus en fonction des changements qui ont lieu en permanence dans leurs fondements mat\u00e9riels, scientifiques, historiques, sociologiques, psychologiques, etc. Sous cet aspect, la philosophie peut \u00eatre vue comme un art de l'imagination qui vient se greffer sur des morceaux de r\u00e9alit\u00e9, et le philosophe comme un bricoleur artiste.","authors":["Jacques Schlanger"],"category_codes":["4000000","4010000","4010200","4010208"],"visuals":{"large":"https:\/\/images.epagine.fr\/924\/9791037001924_1_75.jpg","medium":"https:\/\/images.epagine.fr\/924\/9791037001924_1_m.jpg","thumbnail":"https:\/\/images.epagine.fr\/924\/9791037001924_1_v.jpg"},"orderable":true,"show_badge":true,"formatted_price":"28,00&nbsp;\u20ac","formatted_published_date":"2 septembre 2019","publisher_availability_label":"Sur commande","short_details":"Jacques Schlanger \u2014 Hermann","translator":null,"weight":243,"page_count":208,"readership":null,"editor":"Hermann","price":2800,"published_date":"2019-09-01T22:00:00.000000Z","support":"Grand format","publisher_availability":1,"stock":0,"editions":[],"url":"https:\/\/quaidesbrumes.com\/ouvrage\/9791037001924\/dans-latelier-des-philosophes"},{"id":"9782919322602","title":"Regard sur la mediterranee - 3 - abecedaire de la vie dans les milieux artificiels","description":null,"authors":["Turtle Prod"],"category_codes":["4000000","4010000"],"visuals":{"large":"https:\/\/quaidesbrumes.com\/img\/book-placeholder.png","medium":"https:\/\/quaidesbrumes.com\/img\/book-placeholder.png","thumbnail":"https:\/\/quaidesbrumes.com\/img\/book-placeholder.png"},"orderable":true,"show_badge":true,"formatted_price":"39,00&nbsp;\u20ac","formatted_published_date":"21 novembre 2024","publisher_availability_label":"Sur commande","short_details":"Turtle Prod \u2014 Turtle Prod","translator":null,"weight":1680,"page_count":null,"readership":null,"editor":"Turtle Prod","price":3900,"published_date":"2024-11-20T23:00:00.000000Z","support":"Grand format","publisher_availability":1,"stock":0,"editions":[],"url":"https:\/\/quaidesbrumes.com\/ouvrage\/9782919322602\/regard-sur-la-mediterranee-3-abecedaire-de-la-vie-dans-les-milieux-artificiels"},{"id":"9782846210867","title":"Ces hommes qu'on dit chasseurs","description":"Pro-chasse ou anti-chasse : l'\u00e9quation pour simpliste qu'elle soit, reste vivace et d\u00e9cha\u00eene les passions.\r\nDans cet ouvrage tr\u00e8s document\u00e9, qui s'appuie sur une pratique et une exp\u00e9rience personnelle, l'auteur met en avant les arguments des uns et des autres, en traitant l'ensemble des techniques de chasse et des gibiers concern\u00e9s.\r\nPour l'auteur, la chasse reste indispensable, comme lien social et comme arbitre entre les esp\u00e8ces sauvages. Aujourd'hui, en France, pr\u00e8s d'une centaine d'esp\u00e8ces peuvent \u00eatre chass\u00e9es. C'est l\u00e0 un patrimoine riche d'histoire et de diversit\u00e9 qui nous renseigne sur la soci\u00e9t\u00e9 qui l'a prot\u00e9g\u00e9e et entretenue, un patrimoine sans lequel la campagne fran\u00e7aise serait amput\u00e9e d'une part de sa personnalit\u00e9. La multiplication du grand gibier pose de gros probl\u00e8mes et menace la s\u00e9curit\u00e9 publique, tandis que la disparition du petit gibier sonne le glas d'une certaine agriculture.\r\nL'\u00e9volution d'une soci\u00e9t\u00e9 fran\u00e7aise qui s'\u00e9loigne des centres urbains trouvera, ou non, un nouvel \u00e9quilibre, par la chasse. On sait \u00e9galement que la passion cyn\u00e9g\u00e9tique jouera sur les \u00e9ch\u00e9ances \u00e9lectorales importantes : ce livre d\u00e9voile les m\u00e9thodes pr\u00e9par\u00e9es par le monde de la chasse pour peser de tout son poids dans les urnes.\r\nAu-del\u00e0 d'une mise au point raisonn\u00e9e pour comprendre les enjeux des deux clans, ce livre sait aussi restituer la traque d'un animal au hasard des landes et des vignes ou la po\u00e9sie des petits matins de chasse, l'hiver, sur les \u00e9tangs gel\u00e9s.","authors":["Eric Lebec"],"category_codes":["4000000","4010000","4010500","4010502"],"visuals":{"large":"https:\/\/images.epagine.fr\/867\/9782846210867_1_75.jpg","medium":"https:\/\/images.epagine.fr\/867\/9782846210867_1_m.jpg","thumbnail":"https:\/\/images.epagine.fr\/867\/9782846210867_1_v.jpg"},"orderable":true,"show_badge":true,"formatted_price":"18,00&nbsp;\u20ac","formatted_published_date":"1er novembre 2006","publisher_availability_label":"Sur commande","short_details":"Eric Lebec \u2014 Paris","translator":null,"weight":312,"page_count":207,"readership":null,"editor":"Paris","price":1800,"published_date":"2006-10-31T23:00:00.000000Z","support":"Grand format","publisher_availability":1,"stock":0,"editions":[],"url":"https:\/\/quaidesbrumes.com\/ouvrage\/9782846210867\/ces-hommes-quon-dit-chasseurs"},{"id":"9782296545458","title":"Biopolitics, ethics and subjectivation","description":"This collective book proposes to re-examine and explore the paradox of modernity through the triad structure of biopolitics, ethics and subjectivation, as it has served as an effective analytic tool for Western cultures (Foucault, Agamben, Negri...). The authors ask themselves if this framework can be tested on as varied cultural conditions as those in Asia, South Asia, Africa, Latin America or Eastern Europe.\r","authors":["Alain Brossat","Yuan-horng Chu","Rada Ivekovic","Joyce c.h. Liu"],"category_codes":["4000000","4010000","4010200","4010204"],"visuals":{"large":"https:\/\/images.epagine.fr\/458\/9782296545458_1_75.jpg","medium":"https:\/\/images.epagine.fr\/458\/9782296545458_1_m.jpg","thumbnail":"https:\/\/images.epagine.fr\/458\/9782296545458_1_v.jpg"},"orderable":true,"show_badge":true,"formatted_price":"27,00&nbsp;\u20ac","formatted_published_date":"9 mars 2011","publisher_availability_label":"Sur commande","short_details":"Alain Brossat, Yuan-horng Chu, Rada Ivekovic, Joyce c.h. Liu \u2014 \u00c9ditions L'Harmattan","translator":null,"weight":410,"page_count":258,"readership":null,"editor":"\u00c9ditions L'Harmattan","price":2700,"published_date":"2011-03-08T23:00:00.000000Z","support":"Grand format","publisher_availability":1,"stock":0,"editions":[],"url":"https:\/\/quaidesbrumes.com\/ouvrage\/9782296545458\/biopolitics-ethics-and-subjectivation"},{"id":"9782709620970","title":"L'aventure des for\u00eats en Occident","description":"Que racontent les arbres sur notre histoire ? Comment les for\u00eats ont-elles \u00e9volu\u00e9 depuis les origines ? Comment les essences ont-elles  migr\u00e9  \u00e0 travers le temps et les continents ? Comment ont-elles fa\u00e7onn\u00e9 les climats, les paysages, les us et coutumes de l'Europe ? Pourquoi sont-elles aujourd'hui si fragiles et menac\u00e9es, disparaissant au rythme vertigineux de quinze millions d'hectares  l'\u00e9quivalent de la for\u00eat fran\u00e7aise  par ann\u00e9es ?C'est \u00e0 cette d\u00e9couverte passionnante  que nous invite Jacques Brosse, certainement l'un des  plus grands sp\u00e9cialistes fran\u00e7ais des  for\u00eats, des arbres, de leur nature, de leur symbolique. \r\nD'abord en expliquant la logique de cet \u00e9cosyst\u00e8me  bienveillant qui donne et prot\u00e8ge la vie. En  illustrant le r\u00e9seau subtil des interactions  qui font de l'humus, de la flore et de la faune des  partenaires indispensables. En montrant, enfin, comment,  depuis que l'homme y vit, la pr\u00e9serve, ou la  d\u00e9truit, elle est devenue la source in\u00e9puisable  des mythes, des l\u00e9gendes et des contes de f\u00e9es.\r\nAu terme de cette promenade encyclop\u00e9dique, le  lecteur trouvera des indications pour aller lui-m\u00eame  explorer les plus belles for\u00eats de France et  d'Europe, ainsi qu'un glossaire des mots de la for\u00eat  et du langage des forestiers cl\u00f4turant cette  vaste fresque vivante et \u00e9rudite, \u00e9cologique  et pittoresque.\r\nScientifique, homme de sagesse et de culture, Jacques  Brosse a \u00e9crit de nombreux livres dont le Larousse  des arbres et arbustes. Il a re\u00e7u en 1987 pour  l'ensemble de son oeuvre le Grand Prix de Litt\u00e9rature  de l'Acad\u00e9mie fran\u00e7aise. En Dordogne,  il vit dans un arboretum plant\u00e9 d'essences rares.","authors":["Jacques Brosse"],"category_codes":["4000000","4010000","4010400","4010406"],"visuals":{"large":"https:\/\/images.epagine.fr\/970\/9782709620970_1_75.jpg","medium":"https:\/\/images.epagine.fr\/970\/9782709620970_1_m.jpg","thumbnail":"https:\/\/images.epagine.fr\/970\/9782709620970_1_v.jpg"},"orderable":true,"show_badge":true,"formatted_price":"28,00&nbsp;\u20ac","formatted_published_date":"11 octobre 2000","publisher_availability_label":"Sur commande","short_details":"Jacques Brosse \u2014 JC Latt\u00e8s","translator":null,"weight":685,"page_count":320,"readership":null,"editor":"JC Latt\u00e8s","price":2800,"published_date":"2000-10-10T22:00:00.000000Z","support":"Grand format","publisher_availability":1,"stock":0,"editions":[],"url":"https:\/\/quaidesbrumes.com\/ouvrage\/9782709620970\/laventure-des-forets-en-occident"},{"id":"9782747507325","title":"G\u00c9N\u00c8SE DU DROIT DE L'ENVIRONNEMENT : Fondements et enjeux internationaux - Volume 1","description":"Le colloque sur la gen\u00e8se du droit a permis de faire avancer les connaissances sur tout un ensemble d'outils juridiques parfois forts anciens qui constituent aujourd'hui les fondements de ce droit en cours de cristallisation depuis une trentaine d'ann\u00e9es. cette manifestation a fait l'objet de deux publications. \r\nCe volume est consacr\u00e9 aux fondements du droit de l'environnement et aux enjeux internationaux.","authors":["Marie Cornu","J\u00e9r\u00f4me Fromageau"],"category_codes":["4000000","4010000","4010200","4010208"],"visuals":{"large":"https:\/\/images.epagine.fr\/325\/9782747507325_1_75.jpg","medium":"https:\/\/images.epagine.fr\/325\/9782747507325_1_m.jpg","thumbnail":"https:\/\/images.epagine.fr\/325\/9782747507325_1_v.jpg"},"orderable":true,"show_badge":true,"formatted_price":"21,00&nbsp;\u20ac","formatted_published_date":"1er novembre 2003","publisher_availability_label":"Sur commande","short_details":"Marie Cornu, J\u00e9r\u00f4me Fromageau \u2014 \u00c9ditions L'Harmattan","translator":null,"weight":324,"page_count":232,"readership":null,"editor":"\u00c9ditions L'Harmattan","price":2100,"published_date":"2003-10-31T23:00:00.000000Z","support":"Grand format","publisher_availability":1,"stock":0,"editions":[],"url":"https:\/\/quaidesbrumes.com\/ouvrage\/9782747507325\/genese-du-droit-de-lenvironnement-fondements-et-enjeux-internationaux-volume-1"},{"id":"9782709647007","title":"La com\u00e9die du climat","description":"Comment se f\u00e2cher en famille sur le r\u00e9chauffement climatique \u00ab  Le changement climatique fournit \u00e0 mes yeux un mat\u00e9riau de choix pour analyser la com\u00e9die du pouvoir et des croyances dans le monde contemporain.  Autour de la th\u00e8se  : la Terre se r\u00e9chauffe du fait des activit\u00e9s humaines, l'affrontement est violent. D'un cot\u00e9,  les \u00ab  climatoz\u00e9lotes  \u00bb qui pensent qu'il n'y a plus de doute et qui ont fait de cette th\u00e8se une croyance absolue. De l'autre, les \u00ab  climatosceptiques  \u00bb qui pensent avoir relev\u00e9 suffisamment d'incoh\u00e9rences dans les pr\u00e9sentations et les chiffres pour afficher un scepticisme argument\u00e9.\r\nJe me consid\u00e8re comme un \u00ab  climatoagnostique  \u00bb. Il en va de la th\u00e8se comme de Dieu. Pour l'heure, elle ne peut \u00eatre ni d\u00e9montr\u00e9e ni infirm\u00e9e. L'un des objets de ce livre est d'expliquer pourquoi, d'analyser donn\u00e9es et observations, d'interpr\u00e9ter objectivement les r\u00e9sultats. J'interroge aussi la science d'aujourd'hui, sa relation \u00e0 l'argent, \u00e0 la politique et aux m\u00e9dias.\r\nComment fait-on la diff\u00e9rence entre une croyance collective et une certitude scientifique  ?\r\nUn d\u00e9bat qui donne naissance \u00e0 un spectacle quasi shakespearien. \u00c0 l'exception de l'amour, toutes les passions humaines s'y d\u00e9cha\u00eenent  : soif de savoir et de pouvoir, qu\u00eate de notori\u00e9t\u00e9, go\u00fbt inavou\u00e9 pour l'argent, vanit\u00e9, d\u00e9lire, et m\u00eame haine jusqu'\u00e0 l'excommunication ou la mise \u00e0 mort...  \u00bb Olivier Postel-Vinay","authors":["Olivier Postel-Vinay"],"category_codes":["4000000","4010000","4010200","4010207"],"visuals":{"large":"https:\/\/images.epagine.fr\/007\/9782709647007_1_75.jpg","medium":"https:\/\/images.epagine.fr\/007\/9782709647007_1_m.jpg","thumbnail":"https:\/\/images.epagine.fr\/007\/9782709647007_1_v.jpg"},"orderable":true,"show_badge":true,"formatted_price":"20,00&nbsp;\u20ac","formatted_published_date":"28 octobre 2015","publisher_availability_label":"Sur commande","short_details":"Olivier Postel-Vinay \u2014 JC Latt\u00e8s","translator":null,"weight":328,"page_count":250,"readership":null,"editor":"JC Latt\u00e8s","price":2000,"published_date":"2015-10-27T23:00:00.000000Z","support":"Grand format","publisher_availability":1,"stock":0,"editions":[],"url":"https:\/\/quaidesbrumes.com\/ouvrage\/9782709647007\/la-comedie-du-climat"},{"id":"9782747517232","title":"AU SEIN DU MONDE : Une observation critique de la conception moderne de l'allaitement maternel en France","description":"Quelle \u00e9volution l'allaitement a-t-il subie au cours des si\u00e8cles? Comment allaitent les m\u00e8res africaines ou indiennes? Pourquoi les m\u00e8res fran\u00e7aises allaitent-elles si peu? Quels r\u00f4les ont jou\u00e9 les industries alimentaires infantiles? V\u00e9ritable pivot de la relation m\u00e8re-b\u00e9b\u00e9, l'allaitement maternel constitue un rep\u00e8re important. Eternel sujet de discours des m\u00e9decins mais aussi des artistes et des religieux, c'est aujourd'hui aux psychologues et sociologues de faire de l'allaitement un objet d'\u00e9tude.","authors":["Roques Nathalie"],"category_codes":["4000000","4010000","4010200","4010208"],"visuals":{"large":"https:\/\/images.epagine.fr\/232\/9782747517232_1_75.jpg","medium":"https:\/\/images.epagine.fr\/232\/9782747517232_1_m.jpg","thumbnail":"https:\/\/images.epagine.fr\/232\/9782747517232_1_v.jpg"},"orderable":true,"show_badge":true,"formatted_price":"24,50&nbsp;\u20ac","formatted_published_date":"1er novembre 2003","publisher_availability_label":"Sur commande","short_details":"Roques Nathalie \u2014 \u00c9ditions L'Harmattan","translator":null,"weight":328,"page_count":234,"readership":null,"editor":"\u00c9ditions L'Harmattan","price":2450,"published_date":"2003-10-31T23:00:00.000000Z","support":"Grand format","publisher_availability":1,"stock":0,"editions":[],"url":"https:\/\/quaidesbrumes.com\/ouvrage\/9782747517232\/au-sein-du-monde-une-observation-critique-de-la-conception-moderne-de-lallaitement-maternel-en-france"},{"id":"9782747576376","title":"Droit de la for\u00eat au XXIe si\u00e8cle : Aspects internationaux","description":"La protection de la for\u00eat constitue une urgence \u00e0 l'\u00e9chelle r\u00e9gionale tout comme au niveau mondial. L'efficacit\u00e9 des politiques foresti\u00e8res est conditionn\u00e9e par la coh\u00e9rence entre les droits nationaux et les grands principes du droit international de l'environnement. La difficult\u00e9 d'harmoniser les l\u00e9gislations n'est pas un probl\u00e8me sp\u00e9cifique aux pays en d\u00e9veloppement, comme le montre bien l'exemple europ\u00e9en. Dans ce volume est abord\u00e9e, outre les aspects internationaux et communautaires, l'approche comparatiste avec les exemples de l'Allemagne, l'Espagne, la Finlande et l'Italie.\r","authors":["Marie Cornu","J\u00e9r\u00f4me Fromageau"],"category_codes":["4000000","4010000","4010200","4010208"],"visuals":{"large":"https:\/\/images.epagine.fr\/376\/9782747576376_1_75.jpg","medium":"https:\/\/images.epagine.fr\/376\/9782747576376_1_m.jpg","thumbnail":"https:\/\/images.epagine.fr\/376\/9782747576376_1_v.jpg"},"orderable":true,"show_badge":true,"formatted_price":"30,00&nbsp;\u20ac","formatted_published_date":"2 d\u00e9cembre 2004","publisher_availability_label":"Sur commande","short_details":"Marie Cornu, J\u00e9r\u00f4me Fromageau \u2014 \u00c9ditions L'Harmattan","translator":null,"weight":410,"page_count":303,"readership":null,"editor":"\u00c9ditions L'Harmattan","price":3000,"published_date":"2004-12-01T23:00:00.000000Z","support":"Grand format","publisher_availability":1,"stock":0,"editions":[],"url":"https:\/\/quaidesbrumes.com\/ouvrage\/9782747576376\/droit-de-la-foret-au-xxie-siecle-aspects-internationaux"},{"id":"9782823135725","title":"Comment sortir de la psychose climatique ? \u00e9loge de l'esprit sapiens","description":"Si vous lisez ces lignes, c'est que vous vous int\u00e9ressez au monde dans lequel vivront vos enfants dans trente ans. Si vous d\u00e9cidez d'ouvrir cet ouvrage, c'est que vous avez d\u00e9j\u00e0 compris que ni les technologies ni les th\u00e9ories n'apporteront \u00ab la \u00bb solution miracle. Quand vous aurez referm\u00e9 ce livre, vous vous empresserez de le partager avec vos amis. \r\nCet essai invite Albert Einstein, Carl Gustav Jung et Henri Laborit \u00e0 revivre leurs passions, et nous offrir leur intelligence collective tout en r\u00e9habilitant la raison d'\u00eatre de la science : appr\u00e9hender la vie. Il permet aux scientifiques et \u00e0 tous les curieux ouverts d'esprit de d\u00e9couvrir un tout nouveau point de vue sur \u00abcomment sortir de cette situation par le haut ?\u00bb. Un changement de paradigme est devenu possible, assorti d'une approche neuro-sociale in\u00e9dite. Il saura inspirer tous les projets oeuvrant vraiment pour l'avenir de l'humanit\u00e9. \r\nLib\u00e9r\u00e9s de toute contrainte vitale ou sociale, ces trois savants vont nous aider \u00e0 devenir plus autonomes et plus libres pour \u00e9laborer une \u00abvie compl\u00e8te\u00bb, \u00e0 la fois ext\u00e9rieure et int\u00e9rieure. Cela passe, par exemple, par une meilleure compr\u00e9hension de la nature fondamentale de la m\u00e9moire ou encore celle de la temp\u00e9rature. Nous d\u00e9couvrons alors que \u00ab savoir vivre mieux en soi \u00bb offre une existence plus satisfaisante et plus \u00e9quilibr\u00e9e. Ce que nos enfants pourront d\u00e9couvrir gr\u00e2ce \u00e0 leur esprit sapiens et... le soutien de leurs ain\u00e9s !","authors":["Pascal Vandenberghe"],"category_codes":["4000000","4010000","4010200","4010204"],"visuals":{"large":"https:\/\/images.epagine.fr\/725\/9782823135725_1_75.jpg","medium":"https:\/\/images.epagine.fr\/725\/9782823135725_1_m.jpg","thumbnail":"https:\/\/images.epagine.fr\/725\/9782823135725_1_v.jpg"},"orderable":true,"show_badge":true,"formatted_price":"21,50&nbsp;\u20ac","formatted_published_date":"14 septembre 2022","publisher_availability_label":"Sur commande","short_details":"Pascal Vandenberghe \u2014 PERSEE","translator":null,"weight":346,"page_count":242,"readership":null,"editor":"PERSEE","price":2150,"published_date":"2022-09-13T22:00:00.000000Z","support":"Grand format","publisher_availability":1,"stock":0,"editions":[],"url":"https:\/\/quaidesbrumes.com\/ouvrage\/9782823135725\/comment-sortir-de-la-psychose-climatique-eloge-de-lesprit-sapiens"},{"id":"9782709668590","title":"Comment sauver la plan\u00e8te sans se priver de tout ?","description":"Longtemps, l'\u00e9cologie a \u00e9t\u00e9 confisqu\u00e9e par la gauche. Or, il est possible de conjuguer la sauvegarde de l'environnement avec la croissance, mieux : de mettre le d\u00e9veloppement \u00e9conomique au service de la transition \u00e9nerg\u00e9tique. En un mot, s'adapter plut\u00f4t que renoncer.\r\nCe manifeste d'un \u00ab \u00e9colo de droite \u00bb, esp\u00e8ce politique encore trop rare, d\u00e9construit brillamment les clich\u00e9s et plaide pour une \u00e9cologie plus audacieuse que punitive. Nul doute que l'enjeu aura toute sa place dans les d\u00e9bats politiques \u00e0 venir.\r","authors":["Vincent Chriqui"],"category_codes":["4000000","4010000","4010200","4010204"],"visuals":{"large":"https:\/\/images.epagine.fr\/590\/9782709668590_1_75.jpg","medium":"https:\/\/images.epagine.fr\/590\/9782709668590_1_m.jpg","thumbnail":"https:\/\/images.epagine.fr\/590\/9782709668590_1_v.jpg"},"orderable":true,"show_badge":true,"formatted_price":"20,90&nbsp;\u20ac","formatted_published_date":"12 mai 2021","publisher_availability_label":"Sur commande","short_details":"Vincent Chriqui \u2014 JC Latt\u00e8s","translator":null,"weight":356,"page_count":270,"readership":null,"editor":"JC Latt\u00e8s","price":2090,"published_date":"2021-05-11T22:00:00.000000Z","support":"Grand format","publisher_availability":1,"stock":0,"editions":[],"url":"https:\/\/quaidesbrumes.com\/ouvrage\/9782709668590\/comment-sauver-la-planete-sans-se-priver-de-tout"},{"id":"9791037017819","title":"Manager en responsabilit\u00e9 \u00e0 l'heure du digital : regards crois\u00e9s de chercheurs","description":"Ces derni\u00e8res ann\u00e9es, les modes de management des entreprises ont consid\u00e9rablement \u00e9volu\u00e9 du fait de la transformation digitale. Dans ce contexte, cet ouvrage vise \u00e0 d\u00e9finir les contours d'un nouveau mod\u00e8le de gouvernance responsable des entreprises. Trois questions principales y sont abord\u00e9es :\r\n-  Comment refonder les pratiques manag\u00e9riales face \u00e0 de nouvelles fa\u00e7ons de travailler plus digitales, plus virtuelles ?\r\n-  Comment sortir de la domination du mod\u00e8le actionnarial pour d\u00e9finir un mod\u00e8le de gouvernance plus \u00e9quilibr\u00e9 et durable ?\r\n-  Quelles peuvent \u00eatre les valeurs fondatrices d'un nouveau mod\u00e8le plus humain de management ?\r\nCet ouvrage, oeuvre de chercheurs francophones, fait suite au projet de recherche \u00ab Gouvernance responsable de l'entreprise et \u00e9volutions technologiques \u00bb (GRET) financ\u00e9 par l'Universit\u00e9 catholique de l'Ouest dans le cadre de son programme de recherche 2018-2021 \u00ab \u00c9volutions technologiques et soci\u00e9t\u00e9 \u00bb. Il a \u00e9galement b\u00e9n\u00e9fici\u00e9 du soutien des six  m\u00e9c\u00e8nes et partenaires de la Chaire Ressources humaines de \u00adl'Universit\u00e9 catholique de l'Ouest (UCO, France) : Bodet Software, Baker Tilly Strego, CIC Ouest, Scania Production, Groupe Id\u00e9a et CEITH.","authors":["Collectif","Beno\u00eet Reveleau"],"category_codes":["4000000","4010000","4010200","4010208"],"visuals":{"large":"https:\/\/images.epagine.fr\/819\/9791037017819_1_75.jpg","medium":"https:\/\/images.epagine.fr\/819\/9791037017819_1_m.jpg","thumbnail":"https:\/\/images.epagine.fr\/819\/9791037017819_1_v.jpg"},"orderable":true,"show_badge":true,"formatted_price":"38,00&nbsp;\u20ac","formatted_published_date":"26 octobre 2022","publisher_availability_label":"Sur commande","short_details":"Collectif, Beno\u00eet Reveleau \u2014 Hermann","translator":null,"weight":452,"page_count":334,"readership":null,"editor":"Hermann","price":3800,"published_date":"2022-10-25T22:00:00.000000Z","support":"Grand format","publisher_availability":1,"stock":0,"editions":[],"url":"https:\/\/quaidesbrumes.com\/ouvrage\/9791037017819\/manager-en-responsabilite-a-lheure-du-digital-regards-croises-de-chercheurs"}]}