{"data":[{"id":"9783838181158","title":"Stabilit\u00e9 de la pente de Dahr El Baidar ; \u00e9tudes et propositions de solution","description":"La stabilit\u00e9 des pentes regroupe plusieurs ph\u00e9nom\u00e8nes d'instabilit\u00e9s. Ce sont des ph\u00e9nom\u00e8nes de mouvement des masses de sol dues \u00e0 des ph\u00e9nom\u00e8nes naturels (\u00e9rosion, tremblement de terre, etc.) et \u00e0 des travaux de chantier (terrassements, remblais, constructions). Les glissements de terrain occupe le septi\u00e8me rang des catastrophes naturelles les plus meurtri\u00e8res qui entra\u00eene la mort de 800 \u00e0 1000 personnes en moyenne pour chacune des vingt derni\u00e8res ann\u00e9es. Cet ouvrage pr\u00e9sente une \u00e9tude compl\u00e8te de la rupture d'un talus dans une cha\u00eene montagneuse au Liban et \u00e9labore les diff\u00e9rentes solutions adopt\u00e9es pour arr\u00eater ce glissement.\r","authors":["Collectif"],"category_codes":["4000000","4010000","4010200"],"visuals":{"large":"https:\/\/images.epagine.fr\/158\/9783838181158_1_75.jpg","medium":"https:\/\/images.epagine.fr\/158\/9783838181158_1_m.jpg","thumbnail":"https:\/\/images.epagine.fr\/158\/9783838181158_1_v.jpg"},"orderable":true,"show_badge":true,"formatted_price":"55,90&nbsp;\u20ac","formatted_published_date":"1er septembre 2018","publisher_availability_label":"Sur commande","short_details":"Collectif \u2014 Editions Universitaires Europeennes","translator":null,"weight":222,"page_count":144,"readership":null,"editor":"Editions Universitaires Europeennes","price":5590,"published_date":"2018-08-31T22:00:00.000000Z","support":"Grand format","publisher_availability":1,"stock":0,"editions":[],"url":"https:\/\/quaidesbrumes.com\/ouvrage\/9783838181158\/stabilite-de-la-pente-de-dahr-el-baidar-etudes-et-propositions-de-solution"},{"id":"9783841662910","title":"Contribution m\u00e9thodologique \u00e0 la gestion des bassins versant au Maroc ; am\u00e9nagement du bassin versant de l'oued Laou","description":"Nous avons opt\u00e9 pour la mise en oeuvre syst\u00e9matique de la m\u00e9thode g\u00e9omorphop\u00e9dologique pour bien situer les processus \u00e9rosifs qui affectent plus ou moins les sols selon leur situation dans le model\u00e9 du paysage et en tenant compte de l'occupation des terres analys\u00e9e en parall\u00e8le. La confrontation des unit\u00e9s g\u00e9omorphop\u00e9dologiques avec leur occupation, nous a permis de relever les contraintes, les limitations et le degr\u00e9 d'adaptation des syst\u00e8mes de production, des strat\u00e9gies d\u00e9ploy\u00e9es par les paysans, reflets de leur savoir-faire et de leur connaissance du milieu naturel. Nous avons concr\u00e8tement effectu\u00e9 un diagnostic int\u00e9gr\u00e9 de secteurs de r\u00e9f\u00e9rence, repr\u00e9sentatifs des unit\u00e9s g\u00e9ostructurales du bassin versant de l'oued Laou. Les informations relatives \u00e0 ces secteurs, pr\u00e9sent\u00e9es sous formes de commentaires des unit\u00e9s g\u00e9omorphop\u00e9dologiques, de la dynamique \u00e9rosive \u00e9ventuelle, des extraits de cartes, topographiques, des photos a\u00e9riennes, des photos au sol, peuvent \u00eatre stock\u00e9s dans un SIG et constituer une documentation susceptible d'\u00eatre pr\u00e9sent\u00e9e aux autorit\u00e9s locales aux paysans pour amorcer un dialogue en vue de susciter des interventions pour limiter l'\u00e9rosion.\r","authors":["Collectif"],"category_codes":["4000000","4010000","4010100"],"visuals":{"large":"https:\/\/images.epagine.fr\/910\/9783841662910_1_75.jpg","medium":"https:\/\/images.epagine.fr\/910\/9783841662910_1_m.jpg","thumbnail":"https:\/\/images.epagine.fr\/910\/9783841662910_1_v.jpg"},"orderable":true,"show_badge":true,"formatted_price":"55,90&nbsp;\u20ac","formatted_published_date":"1er septembre 2018","publisher_availability_label":"Sur commande","short_details":"Collectif \u2014 Editions Universitaires Europeennes","translator":null,"weight":222,"page_count":144,"readership":null,"editor":"Editions Universitaires Europeennes","price":5590,"published_date":"2018-08-31T22:00:00.000000Z","support":"Grand format","publisher_availability":1,"stock":0,"editions":[],"url":"https:\/\/quaidesbrumes.com\/ouvrage\/9783841662910\/contribution-methodologique-a-la-gestion-des-bassins-versant-au-maroc-amenagement-du-bassin-versant-de-loued-laou"},{"id":"9783841734235","title":"La pollution sonore, qu'en savez-vous ?","description":"D'aucun n'ignorent que la notion de la pollution sonore regroupe g\u00e9n\u00e9ralement ceux des nuisances et des pollutions induites par le son qui devient dans certaines circonstances un alt\u00e9rag\u00e8ne physique. Elles peuvent \u00eatre provoqu\u00e9es par diverses sources et les cons\u00e9quences peuvent aller d'une g\u00eane passag\u00e8re \u00e0 des r\u00e9percussions graves sur la sant\u00e9 et l'environnement en alt\u00e9rant le fonctionnement des \u00e9cosyst\u00e8mes, pouvant aller jusqu' \u00e0 tuer des animaux ou emp\u00eacher leur reproduction normale.Une large gamme de longueurs d'onde peut \u00eatre source de stress ou des cons\u00e9quences pathologiques, selon l'intensit\u00e9,la dur\u00e9e de l'exposition et la sensibilit\u00e9 de la personne ou de l'animal expos\u00e9. C'est dans ce contexte que cet ouvrage met en lumi\u00e8re le niveau des connaissances, attitudes, pratiques et perception des artistes musiciens du centre culturel Yole Africa face \u00e0 la pollution sonore. Cet ouvrage s'adresse \u00e0 tous les acteurs oeuvrant dans le domaine de la sant\u00e9 l'environnementale. D'autres \u00e9tudes similaires sont entrain d'\u00eatre men\u00e9es par ce dernier dans le m\u00eame domaine afin d'\u00e9valuer le niveau sonore g\u00e9n\u00e9r\u00e9 par les bruits domestiques,les tapages nocturnes et les nuisances professionnelles.","authors":["Esdras Shabani"],"category_codes":["4000000","4010000","4010100"],"visuals":{"large":"https:\/\/images.epagine.fr\/235\/9783841734235_1_75.jpg","medium":"https:\/\/images.epagine.fr\/235\/9783841734235_1_m.jpg","thumbnail":"https:\/\/images.epagine.fr\/235\/9783841734235_1_v.jpg"},"orderable":true,"show_badge":true,"formatted_price":"49,90&nbsp;\u20ac","formatted_published_date":"1er septembre 2018","publisher_availability_label":"Sur commande","short_details":"Esdras Shabani \u2014 Editions Universitaires Europeennes","translator":null,"weight":194,"page_count":124,"readership":null,"editor":"Editions Universitaires Europeennes","price":4990,"published_date":"2018-08-31T22:00:00.000000Z","support":"Grand format","publisher_availability":1,"stock":0,"editions":[],"url":"https:\/\/quaidesbrumes.com\/ouvrage\/9783841734235\/la-pollution-sonore-quen-savez-vous"},{"id":"9783841734952","title":"Planification environnementale et agenda 21 local","description":"Les catastrophes naturelles r\u00e9currentes et les in\u00e9galit\u00e9s sociales croissantes des derni\u00e8res ann\u00e9es r\u00e9sultent de mauvaises habitudes des modes de consommation des ressources disponibles et d'un d\u00e9veloppement \u00e9conomique d\u00e9mesur\u00e9. Cette situation a suscit\u00e9 une prise de conscience globale qui a pouss\u00e9 les diff\u00e9rents Etats \u00e0 s'engager lors du Sommet Mondial sur l'Environnement et le d\u00e9veloppement (Rio 1992),dans un programme d'actions d\u00e9nomm\u00e9 \u00ab Agenda 21 \u00bb. Ce dernier avait pour objectif la promotion du d\u00e9veloppement durable, un concept conciliant l'\u00e9conomique, le social et l'environnement. A cet effet, ces Etats ont reconnu le r\u00f4le pr\u00e9pond\u00e9rant des collectivit\u00e9s locales et aussi recommand\u00e9 la mise en place de \u00ab ces agendas 21 \u00bb au niveau local (Agendas 21 locaux). Ce travail qui s'inscrit dans ce contexte fait une proposition des outils de l'agenda 21 local pour la ville de Niamey en s'inspirant des acquis, des difficult\u00e9s et des le\u00e7ons tir\u00e9es de l'exp\u00e9rience de la ville de Guediawaye(S\u00e9n\u00e9gal).Ces outils sont adaptables aux autres villes de l'Afrique.Ce document est destin\u00e9 aux collectivit\u00e9s locales, environnementalistes et ONG qui oeuvrent dans le domaine de l'environnement.\r","authors":["Moussa Lamine"],"category_codes":["4000000","4010000","4010200"],"visuals":{"large":"https:\/\/images.epagine.fr\/952\/9783841734952_1_75.jpg","medium":"https:\/\/images.epagine.fr\/952\/9783841734952_1_m.jpg","thumbnail":"https:\/\/images.epagine.fr\/952\/9783841734952_1_v.jpg"},"orderable":true,"show_badge":true,"formatted_price":"49,90&nbsp;\u20ac","formatted_published_date":"1er septembre 2018","publisher_availability_label":"Sur commande","short_details":"Moussa Lamine \u2014 Editions Universitaires Europeennes","translator":null,"weight":177,"page_count":112,"readership":null,"editor":"Editions Universitaires Europeennes","price":4990,"published_date":"2018-08-31T22:00:00.000000Z","support":"Grand format","publisher_availability":1,"stock":0,"editions":[],"url":"https:\/\/quaidesbrumes.com\/ouvrage\/9783841734952\/planification-environnementale-et-agenda-21-local"},{"id":"9783841738707","title":"Suivi d'essai DEPHY EXPE (ecophyto)","description":"Deux essais DEPHY Hortip\u00e9pi sont abord\u00e9s dans ce rapport de stage de fin d'\u00e9tudes, concernant trois vari\u00e9t\u00e9s de rosier et trois esp\u00e8ces de plantes de p\u00e9pini\u00e8re. Le suivi des populations de ravageurs, d'auxiliaires et de maladies, la qualit\u00e9 et les adventices sont not\u00e9s. La comparaison entre un itin\u00e9raire dit \u00ab conventionnel \u00bb et celui dit \u00ab innovant \u00bb d\u00e9montre que ce dernier est satisfaisant du point de vue faisabilit\u00e9, ma\u00eetrise sanitaire et qualit\u00e9 du produit mais moins concluant \u00e9conomiquement (la protection sanitaire alternative engendre des co\u00fbts importants qu'en production conventionnelle). Les indices de fr\u00e9quence de traitement sont diminu\u00e9s d'au moins 50%. Ainsi, l'itin\u00e9raire alternatif r\u00e9pond aux enjeux d'\u00e9cophyto mais qu'en partie aux exigences des professionnels du v\u00e9g\u00e9tal. Ces essais mettent en \u00e9vidence l'importance de l'exp\u00e9rimentation, car chaque esp\u00e8ce et chaque vari\u00e9t\u00e9 r\u00e9pondent diff\u00e9remment aux m\u00e9thodes employ\u00e9es. Le producteur peut s'appuyer sur ces r\u00e9sultats pour envisager sa transition vers la mise en place de ces nouvelles pratiques.\r","authors":["Johanna Couraudon"],"category_codes":["4000000","4010000","4010400","4010405"],"visuals":{"large":"https:\/\/images.epagine.fr\/707\/9783841738707_1_75.jpg","medium":"https:\/\/images.epagine.fr\/707\/9783841738707_1_m.jpg","thumbnail":"https:\/\/images.epagine.fr\/707\/9783841738707_1_v.jpg"},"orderable":true,"show_badge":true,"formatted_price":"39,90&nbsp;\u20ac","formatted_published_date":"1er septembre 2018","publisher_availability_label":"Sur commande","short_details":"Johanna Couraudon \u2014 Editions Universitaires Europeennes","translator":null,"weight":182,"page_count":116,"readership":null,"editor":"Editions Universitaires Europeennes","price":3990,"published_date":"2018-08-31T22:00:00.000000Z","support":"Grand format","publisher_availability":1,"stock":0,"editions":[],"url":"https:\/\/quaidesbrumes.com\/ouvrage\/9783841738707\/suivi-dessai-dephy-expe-ecophyto"},{"id":"9783841739209","title":"Stevia, une plante aux multiples vertus ; de la composition biochimique aux propri\u00e9t\u00e9s antioxydantes","description":"Stevia rebaudiana est une plante riche en \u00e9l\u00e9ments nutritifs doux et naturels de la famille des Asteraceae. Ces feuilles contiennent des glycosides diterp\u00e9niques, des st\u00e9viosides, des rebaudiosides A..., qui sont responsables de son go\u00fbt sucr\u00e9. Sa valeur commerciale croissante dans le monde est due \u00e0 son pouvoir sucrant \u00e9lev\u00e9. Les \u00e9dulcorants d\u00e9riv\u00e9s du Stevia sont actuellement utilis\u00e9s comme substitut du sucre (saccharose) dans la biotechnologie (pharmacologiques, th\u00e9rapeute, agroalimentaire, cosm\u00e9tique). Cette plante magique offre de la douceur \u00e0 certains aliments avec moins de calories et ne pr\u00e9sentent aucun effet secondaire sur la sant\u00e9 humaine \u00e0 la consommation. Le Stevia est une plante qui pr\u00e9sente actuellement de nombreuses potentialit\u00e9s d'applications. Comme sugg\u00e9r\u00e9, les extraits de Stevia sont non toxiques et poss\u00e8dent des propri\u00e9t\u00e9s antioxydantes, antimicrobiennes, antifongiques et une activit\u00e9 anti-carcinog\u00e8ne. Au Vu de son pouvoir sucrant \u00e9lev\u00e9 et de sa non toxicit\u00e9, cette plante repr\u00e9sente une source majeure d'\u00e9dulcorant faible en calories susceptible d'\u00eatre utilis\u00e9 \u00e0 la place du saccharose et r\u00e9soudre certains probl\u00e8me de surpoids d\u00fb \u00e0 la sur consommation du sucre.\r","authors":["Fran\u00e7ois Muanda nsemi"],"category_codes":["4000000","4010000","4010400","4010404"],"visuals":{"large":"https:\/\/images.epagine.fr\/209\/9783841739209_1_75.jpg","medium":"https:\/\/images.epagine.fr\/209\/9783841739209_1_m.jpg","thumbnail":"https:\/\/images.epagine.fr\/209\/9783841739209_1_v.jpg"},"orderable":true,"show_badge":true,"formatted_price":"51,90&nbsp;\u20ac","formatted_published_date":"1er septembre 2018","publisher_availability_label":"Sur commande","short_details":"Fran\u00e7ois Muanda nsemi \u2014 Editions Universitaires Europeennes","translator":null,"weight":245,"page_count":160,"readership":null,"editor":"Editions Universitaires Europeennes","price":5190,"published_date":"2018-08-31T22:00:00.000000Z","support":"Grand format","publisher_availability":1,"stock":0,"editions":[],"url":"https:\/\/quaidesbrumes.com\/ouvrage\/9783841739209\/stevia-une-plante-aux-multiples-vertus-de-la-composition-biochimique-aux-proprietes-antioxydantes"},{"id":"9783841747631","title":"Les bruches ravageurs de l'acacia tortilis en Tunisie ; infestation et m\u00e9thodes de lutte","description":"L'Acacia tortilis subsp. raddiana, esp\u00e8ce end\u00e9mique de la r\u00e9gion aride en Tunisie, est prot\u00e9g\u00e9e d\u00e9s 1980 par la cr\u00e9ation du parc national de Bouhedma. Sa r\u00e9g\u00e9n\u00e9ration naturelle est limit\u00e9e par la pr\u00e9dation de ses graines par deux esp\u00e8ces de bruches (Coleoptera : Bruchinae) : Bruchidius aurivillii et Bruchidius raddianae. Ce travail a montr\u00e9 que le taux d'infestation des graines par ces deux bruches varie d'une ann\u00e9e \u00e0 une autre. Ainsi, le taux d'infestation des graines par B. aurivillii a diminu\u00e9 de 74,54% \u00e0 38,5% de 2008 \u00e0 2009, alors que celui de B. raddianae a augment\u00e9 de 24,53% \u00e0 63,27% durant la m\u00eame p\u00e9riode. Ce sont aussi deux esp\u00e8ces monovoltines et leur \u00e9mergence est \u00e9troitement li\u00e9e \u00e0 la ph\u00e9nologie de leur plante h\u00f4te. De plus, plusieurs Hym\u00e9nopt\u00e8res parasito\u00efdes de ces bruches ont \u00e9t\u00e9 identifi\u00e9s au cours de ce travail, dont des Pteromalidae, des Eulophidae, des Eupelmidae et des Trichogrammatidae. Enfin, deux m\u00e9thodes de lutte m\u00e9canique et chimique ont \u00e9t\u00e9 test\u00e9 dans le parc et ont montr\u00e9 leur efficacit\u00e9, ce qui ouvre les possibilit\u00e9s de lutte contre ces deux ravageurs s\u00e9minivores.\r","authors":["Collectif"],"category_codes":["4000000","4010000","4010400","4010401"],"visuals":{"large":"https:\/\/images.epagine.fr\/631\/9783841747631_1_75.jpg","medium":"https:\/\/images.epagine.fr\/631\/9783841747631_1_m.jpg","thumbnail":"https:\/\/images.epagine.fr\/631\/9783841747631_1_v.jpg"},"orderable":true,"show_badge":true,"formatted_price":"35,90&nbsp;\u20ac","formatted_published_date":"1er septembre 2018","publisher_availability_label":"Sur commande","short_details":"Collectif \u2014 Editions Universitaires Europeennes","translator":null,"weight":120,"page_count":72,"readership":null,"editor":"Editions Universitaires Europeennes","price":3590,"published_date":"2018-08-31T22:00:00.000000Z","support":"Grand format","publisher_availability":1,"stock":0,"editions":[],"url":"https:\/\/quaidesbrumes.com\/ouvrage\/9783841747631\/les-bruches-ravageurs-de-lacacia-tortilis-en-tunisie-infestation-et-methodes-de-lutte"},{"id":"9783639544435","title":"La croissance \u00e9conomique et le d\u00e9veloppement durable ; analyse empirique des pays europ\u00e9ens","description":"Nous \u00e9tudions la relation entre la croissance \u00e9conomique, le d\u00e9veloppement financier, l'ouverture commerciale et les \u00e9missions de CO2 en utilisant les mod\u00e8les de moindres carr\u00e9s ordinaires (OLS) pour un panel de donn\u00e9es de 40 pays europ\u00e9ens pendant la p\u00e9riode de 1985 \u00e0 2014. Pour estimer cette Causalit\u00e9, nous nous r\u00e9f\u00e9rons \u00e0 la fonction de production Cobb-Douglas. La d\u00e9couverte empirique indique qu'il existe une causalit\u00e9 bidirectionnelle entre la croissance \u00e9conomique et le d\u00e9veloppement financier, la croissance \u00e9conomique et l'ouverture commerciale, la croissance \u00e9conomique et les \u00e9missions de CO2, le d\u00e9veloppement financier et l'ouverture commerciale et l'ouverture commerciale et les \u00e9missions de CO2. De la relation entre la croissance \u00e9conomique et la pollution, nous prouvons l'existence de la courbe environnementale de Kuznets. En outre, nous confirmons l'hypoth\u00e8se de r\u00e9troaction de la causalit\u00e9 bidirectionnelle entre l'ouverture commerciale et le d\u00e9veloppement financier. De plus, nous identifions l'hypoth\u00e8se de neutralit\u00e9 entre les \u00e9missions de CO2 et les flux de d\u00e9veloppement financier.","authors":["Lamia Jamel","Samir Maktouf"],"category_codes":["4000000","4010000","4010200"],"visuals":{"large":"https:\/\/images.epagine.fr\/435\/9783639544435_1_75.jpg","medium":"https:\/\/images.epagine.fr\/435\/9783639544435_1_m.jpg","thumbnail":"https:\/\/images.epagine.fr\/435\/9783639544435_1_v.jpg"},"orderable":true,"show_badge":true,"formatted_price":"35,89&nbsp;\u20ac","formatted_published_date":"1er novembre 2018","publisher_availability_label":"Sur commande","short_details":"Lamia Jamel, Samir Maktouf \u2014 Editions Universitaires Europeennes","translator":null,"weight":108,"page_count":64,"readership":null,"editor":"Editions Universitaires Europeennes","price":3589,"published_date":"2018-10-31T23:00:00.000000Z","support":"Grand format","publisher_availability":1,"stock":0,"editions":[],"url":"https:\/\/quaidesbrumes.com\/ouvrage\/9783639544435\/la-croissance-economique-et-le-developpement-durable-analyse-empirique-des-pays-europeens"},{"id":"9786131504532","title":"Projet de la biodiversit\u00e9 foresti\u00e8re de la Mahouna (nord-est alg\u00e9rien)","description":"La for\u00eat domaniale de la Mahouna fait partie de la cha\u00eene montagneuse de l'Atlas Tellien au Nord-est alg\u00e9rien dans la wilaya de Guelma. Elle se caract\u00e9rise par une richesse floristique diverse et dense notamment dans la sub\u00e9raie. La gestion de cette richesse n\u00e9cessite une connaissance approfondie de la v\u00e9g\u00e9tation mais aussi du sol. C'est dans ce cadre que s'inscrit notre pr\u00e9sent travail qui s'int\u00e9resse \u00e0 faire des relev\u00e9s floristiques suite par une \u00e9tude descriptive et analytique du type du sol sur lequel repose et se d\u00e9veloppe le ch\u00eane li\u00e8ge et son cort\u00e8ge floristique. La m\u00e9thodologie adopt\u00e9e dans ce travail se repose sur 3 \u00e9tapes: une premi\u00e8re \u00e9tape de terrain (relev\u00e9es floriqtiques et profils p\u00e9dologique), la deuxi\u00e8me \u00e9tape au laboratoire (analyses p\u00e9dologiques) et la troisi\u00e8me consiste \u00e0 \u00e9laborer diff\u00e9rents cartes th\u00e9matique ainsi que la carte de la r\u00e9partition de la v\u00e9g\u00e9tation \u00e0 l'aide de traitement des images satellitaires et des photos a\u00e9riennes par des logiciels de syst\u00e8me d'information g\u00e9ographique. Cette \u00e9tude \u00e0 r\u00e9v\u00e9l\u00e9e l'existence d'une richesse floristique remarquable qui se d\u00e9veloppe sur plusieurs types des sols.\r","authors":["Collectif"],"category_codes":["4000000","4010000","4010100"],"visuals":{"large":"https:\/\/images.epagine.fr\/532\/9786131504532_1_75.jpg","medium":"https:\/\/images.epagine.fr\/532\/9786131504532_1_m.jpg","thumbnail":"https:\/\/images.epagine.fr\/532\/9786131504532_1_v.jpg"},"orderable":true,"show_badge":true,"formatted_price":"29,00&nbsp;\u20ac","formatted_published_date":"1er septembre 2018","publisher_availability_label":"Sur commande","short_details":"Collectif \u2014 Editions Universitaires Europeennes","translator":null,"weight":126,"page_count":76,"readership":null,"editor":"Editions Universitaires Europeennes","price":2900,"published_date":"2018-08-31T22:00:00.000000Z","support":"Grand format","publisher_availability":1,"stock":0,"editions":[],"url":"https:\/\/quaidesbrumes.com\/ouvrage\/9786131504532\/projet-de-la-biodiversite-forestiere-de-la-mahouna-nord-est-algerien"},{"id":"9786131507045","title":"La photooxydation sensibilis\u00e9e dans le milieu marin","description":"Les oc\u00e9ans subissent l'action directe ou indirecte de l'\u00e9nergie lumineuse solaire. L'eau des oc\u00e9ans, plus ou moins charg\u00e9e en sels dissous, en substances et particules en suspension vivantes ou inertes, laisse beaucoup moins p\u00e9n\u00e9trer le rayonnement solaire que l'eau pure. De nombreuses recherches ont pr\u00e9cis\u00e9 l'importance de cette p\u00e9n\u00e9tration dont les variations d\u00e9pendent non seulement de la nature des ondes lumineuses atteignant la surface des eaux et de l'angle d'attaque de cette surface, mais aussi de la situation g\u00e9ographique, donc du climat et de la latitude. Pour aborder l'\u00e9tude de ce probl\u00e8me, deux types d'exp\u00e9rimentation ont \u00e9t\u00e9 propos\u00e9s : d'une part, l'action directe du rayonnement ultraviolet sur l'ammoniaque et, d'autre part, celle du rayonnement visible sur des solutions ammoniacales en pr\u00e9sence de sensibilisateurs. Nous venons de voir que les r\u00e9actions d'oxydation photosensibilis\u00e9e n\u00e9cessitent, pour se produire, de la lumi\u00e8re, de l'oxyg\u00e8ne et un sensibilisateur ad\u00e9quat. Ces conditions sont g\u00e9n\u00e9ralement remplies dans des milieux biologiques, notamment dans le milieu marin qui contient de nombreux pigments.\r","authors":["Abdeslam El assyry"],"category_codes":["4000000","4010000","4010300","4010304"],"visuals":{"large":"https:\/\/images.epagine.fr\/045\/9786131507045_1_75.jpg","medium":"https:\/\/images.epagine.fr\/045\/9786131507045_1_m.jpg","thumbnail":"https:\/\/images.epagine.fr\/045\/9786131507045_1_v.jpg"},"orderable":true,"show_badge":true,"formatted_price":"39,00&nbsp;\u20ac","formatted_published_date":"1er septembre 2018","publisher_availability_label":"Sur commande","short_details":"Abdeslam El assyry \u2014 Editions Universitaires Europeennes","translator":null,"weight":142,"page_count":88,"readership":null,"editor":"Editions Universitaires Europeennes","price":3900,"published_date":"2018-08-31T22:00:00.000000Z","support":"Grand format","publisher_availability":1,"stock":0,"editions":[],"url":"https:\/\/quaidesbrumes.com\/ouvrage\/9786131507045\/la-photooxydation-sensibilisee-dans-le-milieu-marin"},{"id":"9783639541755","title":"R\u00e9coltez malgr\u00e9 les souches de Pseudomonas syringae pv. phaseolicola","description":"Cette bact\u00e9rie ne cause pas encore de d\u00e9g\u00e2ts alarmants au Burundi. Mais sa variabilit\u00e9 pathog\u00e9nique m\u00e9rite plus d'attention. Les anciennes recherches affirmaient la pr\u00e9sence de la race 3 de cette souche au Burundi. Actuellement, il y a d'autres dont la souche GM 133 et la souche B ; pr\u00e9lev\u00e9es sur des \u00e9chantillons en provenance de 3 r\u00e9gions naturelles (Imbo, Mugamba et Bututsi); l'agent peut \u00eatre aussi pr\u00e9sent dans d'autres r\u00e9gions du pays. Signalons cependant qu'une \u00e9tude suppl\u00e9mentaire pourrait \u00eatre entreprise pour une identification compl\u00e8te des souches GM 133 et B car reconnues, lors de cette \u00e9tude, comme appartenant \u00e0 des races diff\u00e9rentes des autres. En conclusion, nous avons identifi\u00e9 des sources de r\u00e9sistance parmi le mat\u00e9riel test\u00e9. Ainsi, parmi les 26 vari\u00e9t\u00e9s de haricots faisant objet de criblage, nous avons pu identifier des sources de r\u00e9sistance \u00e0 cet agent pathog\u00e8ne. Ces derni\u00e8res sont : IZ 0201382, RWK-11, IZ 0201299, VEF 286, VEF 222, MORE 92042, VEF 235, VEF 168 et VEF 203. Toutefois, comme les agents pathog\u00e8nes brisent rapidement la r\u00e9sistance, la recherche de plusieurs vari\u00e9t\u00e9s r\u00e9sistantes \u00e0 cet agent pathog\u00e8ne devrait \u00eatre une activit\u00e9 continue.","authors":["Eric Ndaban\u00e8ze"],"category_codes":["4000000","4010000","4010400","4010401"],"visuals":{"large":"https:\/\/images.epagine.fr\/755\/9783639541755_1_75.jpg","medium":"https:\/\/images.epagine.fr\/755\/9783639541755_1_m.jpg","thumbnail":"https:\/\/images.epagine.fr\/755\/9783639541755_1_v.jpg"},"orderable":true,"show_badge":true,"formatted_price":"35,89&nbsp;\u20ac","formatted_published_date":"1er novembre 2018","publisher_availability_label":"Sur commande","short_details":"Eric Ndaban\u00e8ze \u2014 Editions Universitaires Europeennes","translator":null,"weight":103,"page_count":60,"readership":null,"editor":"Editions Universitaires Europeennes","price":3589,"published_date":"2018-10-31T23:00:00.000000Z","support":"Grand format","publisher_availability":1,"stock":0,"editions":[],"url":"https:\/\/quaidesbrumes.com\/ouvrage\/9783639541755\/recoltez-malgre-les-souches-de-pseudomonas-syringae-pv-phaseolicola"},{"id":"9786131515903","title":"D\u00e9formations de feuilletages par vari\u00e9t\u00e9s complexes","description":"L'objet de ce travail est de g\u00e9n\u00e9raliser au cas des vari\u00e9t\u00e9s feuillet\u00e9es par vari\u00e9t\u00e9s complexes la th\u00e9orie des d\u00e9formations de vari\u00e9t\u00e9s complexes compactes d\u00e9velopp\u00e9e notamment par les travaux de Kodaira et Spencer vers la fin des ann\u00e9es cinquante. Apr\u00e8s avoir d\u00e9fini la notion de famille de d\u00e9formations de vari\u00e9t\u00e9s feuillet\u00e9es par vari\u00e9t\u00e9s complexes compactes, nous avons pu obtenir un analogue des th\u00e9or\u00e8mes de rigidit\u00e9, de compl\u00e9tude et d'existence dans notre cadre. Les m\u00e9thodes de d\u00e9monstration usant de la th\u00e9orie du potentiel ne sont pas g\u00e9n\u00e9ralisables car les op\u00e9rateurs diff\u00e9rentiels consid\u00e9r\u00e9s ici ne sont plus elliptiques. On se tourne alors vers des techniques de s\u00e9ries majorantes pour obtenir ces r\u00e9sultats, en particulier pour le th\u00e9or\u00e8me d'existence qui g\u00e9n\u00e9ralise la d\u00e9monstration faite par Forster et Knorr en 1974.\r","authors":["Thomas Burel"],"category_codes":["4000000","4010000","4010400","4010401"],"visuals":{"large":"https:\/\/images.epagine.fr\/903\/9786131515903_1_75.jpg","medium":"https:\/\/images.epagine.fr\/903\/9786131515903_1_m.jpg","thumbnail":"https:\/\/images.epagine.fr\/903\/9786131515903_1_v.jpg"},"orderable":true,"show_badge":true,"formatted_price":"55,90&nbsp;\u20ac","formatted_published_date":"1er septembre 2018","publisher_availability_label":"Sur commande","short_details":"Thomas Burel \u2014 Editions Universitaires Europeennes","translator":null,"weight":210,"page_count":136,"readership":null,"editor":"Editions Universitaires Europeennes","price":5590,"published_date":"2018-08-31T22:00:00.000000Z","support":"Grand format","publisher_availability":1,"stock":0,"editions":[],"url":"https:\/\/quaidesbrumes.com\/ouvrage\/9786131515903\/deformations-de-feuilletages-par-varietes-complexes"},{"id":"9786131518355","title":"Mesures de gestion sur les r\u00e9sultats comptables des exploitants ; le cas de la p\u00eacherie de bar commun en France","description":"Quatri\u00e8me esp\u00e8ce d\u00e9barqu\u00e9e en France en valeur, le bar commun (Dicentrarchus labrax) est une ressource importante pour les navires de p\u00eache fran\u00e7ais. De forte valeur marchande, cette esp\u00e8ce est captur\u00e9e par une grande diversit\u00e9 de m\u00e9tiers de p\u00eache, induisant des interactions entre de nombreuses flottilles, dont les contributions aux pr\u00e9l\u00e8vements et le niveau de d\u00e9pendance \u00e9conomique \u00e0 l'esp\u00e8ce sont variables. L'esp\u00e8ce est \u00e9galement embl\u00e9matique pour la p\u00eache r\u00e9cr\u00e9ative en mer. L'objet de ce livre est d'analyser la p\u00eacherie de bar commun en France, en s'appuyant sur le d\u00e9veloppement d'un mod\u00e8le de simulation bio\u00e9conomique de cette p\u00eacherie, et en simulant ses r\u00e9ponses possibles \u00e0 des mesures de conservation. L'analyse est centr\u00e9e sur la mise en \u00e9vidence de la diversit\u00e9 des effets \u00e0 attendre sur les exploitants, \u00e0 court terme et \u00e0 long terme, de mesures telles qu'une augmentation de la taille minimale de capture.\r","authors":["Bruno Drouot"],"category_codes":["4000000","4010000","4010500","4010502"],"visuals":{"large":"https:\/\/images.epagine.fr\/355\/9786131518355_1_75.jpg","medium":"https:\/\/images.epagine.fr\/355\/9786131518355_1_m.jpg","thumbnail":"https:\/\/images.epagine.fr\/355\/9786131518355_1_v.jpg"},"orderable":true,"show_badge":true,"formatted_price":"59,00&nbsp;\u20ac","formatted_published_date":"1er septembre 2018","publisher_availability_label":"Sur commande","short_details":"Bruno Drouot \u2014 Editions Universitaires Europeennes","translator":null,"weight":302,"page_count":200,"readership":null,"editor":"Editions Universitaires Europeennes","price":5900,"published_date":"2018-08-31T22:00:00.000000Z","support":"Grand format","publisher_availability":1,"stock":0,"editions":[],"url":"https:\/\/quaidesbrumes.com\/ouvrage\/9786131518355\/mesures-de-gestion-sur-les-resultats-comptables-des-exploitants-le-cas-de-la-pecherie-de-bar-commun-en-france"},{"id":"9786131518812","title":"\u00c9valuation des propri\u00e9t\u00e9s antidiab\u00e9tique d'un m\u00e9lange de plantes","description":"Le diab\u00e8te est une maladie caract\u00e9ris\u00e9e par une hyperglyc\u00e9mie r\u00e9sultant d'une insuffisance de s\u00e9cr\u00e9tion et \/ ou d'action de l'insuline. L'hyperglyc\u00e9mie chronique du diab\u00e8te contribue au d\u00e9veloppement du stress oxydatif qui \u00e0 son tour concoure au d\u00e9veloppement et \u00e0 la progression des complications de celui-ci. L'objectif de cette \u00e9tude est d'\u00e9valuer les propri\u00e9t\u00e9s hypoglyc\u00e9miante, hypolipid\u00e9miante et antioxydante d'un m\u00e9lange d'extraits \u00e0 base d'extraits de Spilanthes africana DC, Portulaca Oleracea Linx et Sida rhombifolia Linx dans les proportions (1 :1 :1 ) chez les rats de souche wistar rendus diab\u00e9tiques par injection intraveineuse de streptozotocine (STZ) \u00e0 la dose de 50 mg\/kg. Le m\u00e9lange d'extraits aux doses croissantes de 50,100, 200 mg\/kg et le Glibenclamide \u00e0 la dose de 6,5 mg\/kg ont \u00e9t\u00e9 administr\u00e9s par gavage pendant 21 jours \u00e0 quatre groupes de rats ; les groupes t\u00e9moins recevant l'eau distill\u00e9e. Le m\u00e9lange \u00e0 base d'extraits de Spilanthes africana DC, Portulaca Oleracea linx et Sida rhombifolia linx poss\u00e8de des propri\u00e9t\u00e9s hypoglyc\u00e9miante, hypolipid\u00e9miante et antioxydante et pourrait \u00eatre utilis\u00e9 dans la prise en charge du diab\u00e8te.\r","authors":["Bruno Moukette moukette"],"category_codes":["4000000","4010000","4010400","4010404"],"visuals":{"large":"https:\/\/images.epagine.fr\/812\/9786131518812_1_75.jpg","medium":"https:\/\/images.epagine.fr\/812\/9786131518812_1_m.jpg","thumbnail":"https:\/\/images.epagine.fr\/812\/9786131518812_1_v.jpg"},"orderable":true,"show_badge":true,"formatted_price":"39,00&nbsp;\u20ac","formatted_published_date":"1er septembre 2018","publisher_availability_label":"Sur commande","short_details":"Bruno Moukette moukette \u2014 Editions Universitaires Europeennes","translator":null,"weight":170,"page_count":108,"readership":null,"editor":"Editions Universitaires Europeennes","price":3900,"published_date":"2018-08-31T22:00:00.000000Z","support":"Grand format","publisher_availability":1,"stock":0,"editions":[],"url":"https:\/\/quaidesbrumes.com\/ouvrage\/9786131518812\/evaluation-des-proprietes-antidiabetique-dun-melange-de-plantes"},{"id":"9782343094588","title":"M\u00e9ditations d'un chasseur \u00e9cologiste","description":"Si l'homme a d'abord chass\u00e9 pour se nourrir, il n'a aujourd'hui plus de n\u00e9cessit\u00e9 \u00e0 le faire. Toutefois, l'activit\u00e9 cyn\u00e9g\u00e9tique se poursuit. Mais depuis quelques d\u00e9cades, l'impact croissant de l'homme a provoqu\u00e9 une telle d\u00e9gradation des milieux naturels et des populations d'animaux sauvages que beaucoup de nos concitoyens ont du mal \u00e0 comprendre et accepter les pr\u00e9l\u00e8vements de gibiers par la chasse. La question de la pr\u00e9dation m\u00e9rite donc d'\u00eatre analys\u00e9e, expliqu\u00e9e et discut\u00e9e. En s'appuyant sur son exp\u00e9rience de chasseur-\u00e9cologiste, l'auteur propose quelques pistes \u00e0 tous ceux qui tentent de concilier l'in\u00e9vitable r\u00f4le de pr\u00e9dation avec le maintien de notre pr\u00e9cieux patrimoine faunistique.\r","authors":["Bernard Bachasson"],"category_codes":["4000000","4010000","4010200"],"visuals":{"large":"https:\/\/images.epagine.fr\/588\/9782343094588_1_75.jpg","medium":"https:\/\/images.epagine.fr\/588\/9782343094588_1_m.jpg","thumbnail":"https:\/\/images.epagine.fr\/588\/9782343094588_1_v.jpg"},"orderable":true,"show_badge":true,"formatted_price":"27,50&nbsp;\u20ac","formatted_published_date":"6 juillet 2016","publisher_availability_label":"Sur commande","short_details":"Bernard Bachasson \u2014 \u00c9ditions L'Harmattan","translator":null,"weight":410,"page_count":242,"readership":null,"editor":"\u00c9ditions L'Harmattan","price":2750,"published_date":"2016-07-05T22:00:00.000000Z","support":"Grand format","publisher_availability":1,"stock":0,"editions":[],"url":"https:\/\/quaidesbrumes.com\/ouvrage\/9782343094588\/meditations-dun-chasseur-ecologiste"},{"id":"9786131526923","title":"Le cypr\u00e8s du Tassili n'Ajjer ; \u00e9cologie ; diversit\u00e9 g\u00e9n\u00e9tique","description":"Le cypr\u00e8s relictuel de Duprez, Cupressus dupreziana A. Camus, n'existe actuellement \u00e0 l'\u00e9tat naturel qu'au Tassili n'Ajjer, 230 arbres vivants ont \u00e9t\u00e9 d\u00e9nombr\u00e9s. Il est parmi les douze esp\u00e8ces arborescentes en voie de disparition dans le monde. La r\u00e9gression du peuplement de cypr\u00e8s a \u00e9t\u00e9 attribu\u00e9 \u00e0 l'action humaine et surtout \u00e0 l'aridification du climat. L'utilisation des terp\u00e8nes \u00e0 des fins g\u00e9n\u00e9tiques a montr\u00e9e une variabilit\u00e9 intra et interpopulations. Cette h\u00e9t\u00e9rog\u00e9n\u00e9it\u00e9 terp\u00e9nique traduit une variabilit\u00e9 g\u00e9n\u00e9tique au sein de l'esp\u00e8ce Cupressus dupreziana. La r\u00e9gression de cette esp\u00e8ce dans son aire naturelle n'est pas due au cause g\u00e9n\u00e9tique mais surtout \u00e0 des cause \u00e9cologique et surtout \u00e0 la pression anthropologique.\r","authors":["Messaoud Ramdani"],"category_codes":["4000000","4010000","4010400","4010406"],"visuals":{"large":"https:\/\/images.epagine.fr\/923\/9786131526923_1_75.jpg","medium":"https:\/\/images.epagine.fr\/923\/9786131526923_1_m.jpg","thumbnail":"https:\/\/images.epagine.fr\/923\/9786131526923_1_v.jpg"},"orderable":true,"show_badge":true,"formatted_price":"49,00&nbsp;\u20ac","formatted_published_date":"1er septembre 2018","publisher_availability_label":"Sur commande","short_details":"Messaoud Ramdani \u2014 Editions Universitaires Europeennes","translator":null,"weight":210,"page_count":136,"readership":null,"editor":"Editions Universitaires Europeennes","price":4900,"published_date":"2018-08-31T22:00:00.000000Z","support":"Grand format","publisher_availability":1,"stock":0,"editions":[],"url":"https:\/\/quaidesbrumes.com\/ouvrage\/9786131526923\/le-cypres-du-tassili-najjer-ecologie-diversite-genetique"},{"id":"9786131528996","title":"Comportement physiologique et biochimique d'origanum majorana L.","description":"La pr\u00e9sente \u00e9tude a pour objectif d'\u00e9lucider les r\u00e9ponses au sel de deux vari\u00e9t\u00e9s de marjolaine (Origanum majorana L.), l'une tunisienne (VT) et l'autre canadienne (VC) et en se basant sur des outils biologiques et de rechercher des meilleures conditions de culture permettant d'optimiser leur production tant sur le plan quantitatif que qualitatif. La d\u00e9termination de la limite de tol\u00e9rance au sel de la VC vis-\u00e0-vis de concentrations croissantes en NaCl nous a permis de sugg\u00e9rer la possibilit\u00e9 d'utiliser des eaux d'irrigation pouvant titrer jusqu'\u00e0 3 g.l-1 (50 mM) pour la culture de la marjolaine. La tol\u00e9rance au sel relative de la VC en comparaison \u00e0 celle de VT est li\u00e9e \u00e0: (1) une bonne s\u00e9lectivit\u00e9 en faveur de K+, (2) une forte activit\u00e9 peroxydasique et (3) une am\u00e9lioration du rendement en HE de sa partie a\u00e9rienne (PA). L'\u00e9tude du contenu en compos\u00e9s ph\u00e9noliques de la PA de la marjolaine nous a permis de mettre en \u00e9vidence des diff\u00e9rences vari\u00e9tales, aussi bien en absence qu'en pr\u00e9sence de sel. Les r\u00e9sultats sugg\u00e8rent l'importance de l'utilisation de l'extrait de la VT dans les applications commerciales. La richesse de la marjolaine en acides gras eessentiels.\r","authors":["Collectif"],"category_codes":["4000000","4010000","4010400","4010401"],"visuals":{"large":"https:\/\/images.epagine.fr\/996\/9786131528996_1_75.jpg","medium":"https:\/\/images.epagine.fr\/996\/9786131528996_1_m.jpg","thumbnail":"https:\/\/images.epagine.fr\/996\/9786131528996_1_v.jpg"},"orderable":true,"show_badge":true,"formatted_price":"69,00&nbsp;\u20ac","formatted_published_date":"1er septembre 2018","publisher_availability_label":"Sur commande","short_details":"Collectif \u2014 Editions Universitaires Europeennes","translator":null,"weight":353,"page_count":236,"readership":null,"editor":"Editions Universitaires Europeennes","price":6900,"published_date":"2018-08-31T22:00:00.000000Z","support":"Grand format","publisher_availability":1,"stock":0,"editions":[],"url":"https:\/\/quaidesbrumes.com\/ouvrage\/9786131528996\/comportement-physiologique-et-biochimique-doriganum-majorana-l"},{"id":"9786131539732","title":"Le cumin vert (cuminum cyminum L.) ; caract\u00e9risation biochimique de la partie a\u00e9rienne et de la graine chez deux accessions et effet du d\u00e9ficit hydrique","description":"En consid\u00e9rant la production de m\u00e9tabolites d'int\u00e9r\u00eat chez le cumin vert (Cuminum cyminum L.), il en ressort que les organes de la plante (les tiges-feuilles, les racines, les fleurs et les graines) pr\u00e9sentent une nouvelle source inestimable de mol\u00e9cules bioactives. En effet, la r\u00e9partition des compos\u00e9s volatils et des polyph\u00e9nols de la partie a\u00e9rienne de cumin vert d\u00e9pend de l'organe. Toutefois, les extraits ac\u00e9toniques exhibent une activit\u00e9 antioxydante plus importante que celle des huiles essentielles. De plus,la caract\u00e9risation biochimique des graines de Cuminum cyminum L. de deux provenances Indienne et Tunisienne montre que cette derni\u00e8re a pr\u00e9sent\u00e9 le rendement le plus \u00e9lev\u00e9 en huile v\u00e9g\u00e9tale,huile essentielle et polyph\u00e9nols. La contrainte hydrique appliqu\u00e9e \u00e0 un degr\u00e9 mod\u00e9r\u00e9 accro\u00eet la production d'huile essentielle, modifie son chimiotype et stimule la biosynth\u00e8se des compos\u00e9s ph\u00e9noliques de la partie a\u00e9rienne et de la graine des deux provenances. De plus on note une corr\u00e9lation positive entre la teneur en polyph\u00e9nols totaux et les activit\u00e9s antioxydantes.\r","authors":["Collectif"],"category_codes":["4000000","4010000","4010400","4010401"],"visuals":{"large":"https:\/\/images.epagine.fr\/732\/9786131539732_1_75.jpg","medium":"https:\/\/images.epagine.fr\/732\/9786131539732_1_m.jpg","thumbnail":"https:\/\/images.epagine.fr\/732\/9786131539732_1_v.jpg"},"orderable":true,"show_badge":true,"formatted_price":"49,00&nbsp;\u20ac","formatted_published_date":"1er septembre 2018","publisher_availability_label":"Sur commande","short_details":"Collectif \u2014 Editions Universitaires Europeennes","translator":null,"weight":205,"page_count":132,"readership":null,"editor":"Editions Universitaires Europeennes","price":4900,"published_date":"2018-08-31T22:00:00.000000Z","support":"Grand format","publisher_availability":1,"stock":0,"editions":[],"url":"https:\/\/quaidesbrumes.com\/ouvrage\/9786131539732\/le-cumin-vert-cuminum-cyminum-l-caracterisation-biochimique-de-la-partie-aerienne-et-de-la-graine-chez-deux-accessions-et-effet-du-deficit-hydrique"},{"id":"9786131543746","title":"Macro-invert\u00e9br\u00e9s benthiques du bassin versant de la Soummam ; syst\u00e9matique, biog\u00e9ographie & \u00e9cologie","description":"Une \u00e9tude faunistique et \u00e9cologique sur les macro-invert\u00e9br\u00e9s benthiques \u00e0 \u00e9t\u00e9 r\u00e9alis\u00e9e dans un bassin versant du Nord de l'Alg\u00e9rie (bassin versant de la Soummam), class\u00e9 parmi les plus importants bassins versants d'Alg\u00e9rie avec une superficie de 9125Km2. Les \u00e9chantillons ont \u00e9t\u00e9 pr\u00e9lev\u00e9s en \u00e9t\u00e9 et au printemps o\u00f9 un total de 34 stations a \u00e9t\u00e9 \u00e9chantillonn\u00e9. La variabilit\u00e9 de la communaut\u00e9 a \u00e9t\u00e9 analys\u00e9e en fonction de l'espace (3 r\u00e9gions) et en fonction du temps (2 saisons). L'analyse des r\u00e9sultats qualitatifs obtenus dans cette r\u00e9gion d'\u00e9tude r\u00e9v\u00e8le l'existence d'une richesse de peuplement de macro-invert\u00e9br\u00e9s benthiques assez importante (75 taxons). Les Dipt\u00e8res Chironomidae et Simuliidae, les Eph\u00e9m\u00e9ropt\u00e8res Baetidae, et les Oligoch\u00e8tes Naididae constituent les taxons ubiquistes, colonisant tous les milieux avec des effectifs tr\u00e8s \u00e9lev\u00e9s allant parfois jusqu'\u00e0 1000 ind\/0,2m2. En plus de ces taxons, quatre groupes de bioc\u00e9noses caract\u00e9ristiques de chaque r\u00e9gion sont signal\u00e9s dans le bassin de la Soummam. La structuration des taxons suivant leurs densit\u00e9s (\u00e9lev\u00e9, moyenne et faible), ainsi que sur la base de leur r\u00e9partition montre la pr\u00e9sence de 3 principaux groupes de taxons.\r","authors":["Fatah Zouggaghe"],"category_codes":["4000000","4010000","4010200"],"visuals":{"large":"https:\/\/images.epagine.fr\/746\/9786131543746_1_75.jpg","medium":"https:\/\/images.epagine.fr\/746\/9786131543746_1_m.jpg","thumbnail":"https:\/\/images.epagine.fr\/746\/9786131543746_1_v.jpg"},"orderable":true,"show_badge":true,"formatted_price":"35,90&nbsp;\u20ac","formatted_published_date":"1er septembre 2018","publisher_availability_label":"Sur commande","short_details":"Fatah Zouggaghe \u2014 Editions Universitaires Europeennes","translator":null,"weight":108,"page_count":64,"readership":null,"editor":"Editions Universitaires Europeennes","price":3590,"published_date":"2018-08-31T22:00:00.000000Z","support":"Grand format","publisher_availability":1,"stock":0,"editions":[],"url":"https:\/\/quaidesbrumes.com\/ouvrage\/9786131543746\/macro-invertebres-benthiques-du-bassin-versant-de-la-soummam-systematique-biogeographie-ecologie"},{"id":"9783841727244","title":"Lichens de France : \u00e9cophysiologie et \u00e9cologie","description":"Le lichen est une association stable, ind\u00e9pendante, entre un mycosymbiote et un photosymbiote, dans laquelle le mycosymbiote est le partenaire englobant l'autre dans une structure originale, le thalle lich\u00e9nique. Ils sont donc \u00e0 la fois autotrophe et h\u00e9t\u00e9rotrophe, ce qui leur donne une tr\u00e8s large amplitude \u00e9cologique. En outre les lichens ont cette particularit\u00e9 de stopper toute activit\u00e9 m\u00e9tabolique \u00e0 l'\u00e9tat sec et reprendre une activit\u00e9 \u00e0 l'\u00e9tat humide. Ils sont de fait des v\u00e9g\u00e9taux pionniers capables de coloniser des supports o\u00f9 les v\u00e9g\u00e9taux sup\u00e9rieurs sont en limite physiologique. De plus ils sont en contact en permanence avec leur environnement si bien que tous les \u00e9l\u00e9ments qui p\u00e9n\u00e8trent dans le thalle ne ressortent jamais car les lichens n'ont pas d'\u00e9l\u00e9ments d'\u00e9changes avec leur milieu de vie comme les stomates pour les plantes sup\u00e9rieures. Ils accumulent tous les \u00e9l\u00e9ments biotiques ou polluants y compris les diatom\u00e9es. Selon les conditions \u00e9cologiques les lichens peuvent s'adapter en modifiant leur masse algale et\/ou fongique pour se d\u00e9velopper.","authors":["Clother Coste"],"category_codes":["4000000","4010000","4010400","4010401"],"visuals":{"large":"https:\/\/images.epagine.fr\/244\/9783841727244_1_75.jpg","medium":"https:\/\/images.epagine.fr\/244\/9783841727244_1_m.jpg","thumbnail":"https:\/\/images.epagine.fr\/244\/9783841727244_1_v.jpg"},"orderable":true,"show_badge":true,"formatted_price":"49,90&nbsp;\u20ac","formatted_published_date":"1er novembre 2018","publisher_availability_label":"Sur commande","short_details":"Clother Coste \u2014 Editions Universitaires Europeennes","translator":null,"weight":182,"page_count":116,"readership":null,"editor":"Editions Universitaires Europeennes","price":4990,"published_date":"2018-10-31T23:00:00.000000Z","support":"Grand format","publisher_availability":1,"stock":0,"editions":[],"url":"https:\/\/quaidesbrumes.com\/ouvrage\/9783841727244\/lichens-de-france-ecophysiologie-et-ecologie"},{"id":"9783841670595","title":"La flore de Madagascar - la perception de la flore du parc botanique et zoologique de tsimbazaza Madagascar","description":"La grande richesse floristique et faunistique de Madagascar est expos\u00e9e au sein du Parc Botanique et Zoologique de Tsimbazaza \u00e0 Antananarivo. Les visiteurs locaux et \u00e9trangers d'un tel Parc sont-ils conscients de cette richesse? La Flore est la plus ignor\u00e9e par la majorit\u00e9. Or, cette ignorance constitue l'une des raisons de la d\u00e9gradation par l'Homme, du patrimoine floristique. En effet, la connaissance, l'attitude et les pratiques vis-\u00e0-vis de la Flore doivent \u00eatre d\u00e9marr\u00e9s par la sensibilisation \u00e0 travers les r\u00e9seaux sociaux et au niveau des divers centres sociaux, suivie de la revalorisation du Parc en question. Ces grandes responsabilit\u00e9s reposent sur l'Etat Malagasy, les organisations internationales sur la protection de la biodiversit\u00e9 et les efforts de tout le monde.","authors":["Annie Miato haingomihaba"],"category_codes":["4000000","4010000","4010400","4010401"],"visuals":{"large":"https:\/\/images.epagine.fr\/595\/9783841670595_1_75.jpg","medium":"https:\/\/images.epagine.fr\/595\/9783841670595_1_m.jpg","thumbnail":"https:\/\/images.epagine.fr\/595\/9783841670595_1_v.jpg"},"orderable":true,"show_badge":true,"formatted_price":"49,90&nbsp;\u20ac","formatted_published_date":"1er novembre 2018","publisher_availability_label":"Sur commande","short_details":"Annie Miato haingomihaba \u2014 Editions Universitaires Europeennes","translator":null,"weight":154,"page_count":96,"readership":null,"editor":"Editions Universitaires Europeennes","price":4990,"published_date":"2018-10-31T23:00:00.000000Z","support":"Grand format","publisher_availability":1,"stock":0,"editions":[],"url":"https:\/\/quaidesbrumes.com\/ouvrage\/9783841670595\/la-flore-de-madagascar-la-perception-de-la-flore-du-parc-botanique-et-zoologique-de-tsimbazaza-madagascar"},{"id":"9783841616302","title":"\u00c9valuation de la gestion participative des plantations foresti\u00e8res","description":"L'efficience de la gestion participative des plantations mises en place dans la For\u00eat Class\u00e9e de Wari-Maro (situ\u00e9e au Centre-B\u00e9nin) est le principal \u00e9l\u00e9ment garantissant sa durabilit\u00e9. L'\u00e9tude vise \u00e0 \u00e9valuer l'impact socio-\u00e9conomique de l'approche participative utilis\u00e9e dans la gestion des plantations. De fa\u00e7on sp\u00e9cifique, la dynamique du couvert v\u00e9g\u00e9tal apr\u00e8s l'ex\u00e9cution du PAMF a \u00e9t\u00e9 appr\u00e9hend\u00e9e par une analyse diachronique des cartes d'occupation du sol des ann\u00e9es 1995 et 2006. Pour la description structurale des plantations, les param\u00e8tres dendrom\u00e9triques ont \u00e9t\u00e9 soumis \u00e0 une analyse de variance. Une enqu\u00eate socio\u00e9conomique a permis d'analyser les perceptions locales de la gestion participative des plantations. La durabilit\u00e9 a \u00e9t\u00e9 \u00e9valu\u00e9e par des scores de durabilit\u00e9. Les r\u00e9sultats ont montr\u00e9 qu'entre 1995 et 2006, il y a eu une reconstitution du couvert v\u00e9g\u00e9tal \u00e0 laquelle les plantations ont enti\u00e8rement contribu\u00e9. Les populations surtout les femmes, les non instruits et les agriculteurs n'ont pas \u00e9t\u00e9 associ\u00e9s \u00e0 toutes les phases de la mise en place des plantations. En conclusion, la gestion participative des plantations s'est r\u00e9v\u00e9l\u00e9e avoir une durabilit\u00e9 \u00e0 court terme.","authors":["Kisito Gandji"],"category_codes":["4000000","4010000","4010400","4010401"],"visuals":{"large":"https:\/\/images.epagine.fr\/302\/9783841616302_1_75.jpg","medium":"https:\/\/images.epagine.fr\/302\/9783841616302_1_m.jpg","thumbnail":"https:\/\/images.epagine.fr\/302\/9783841616302_1_v.jpg"},"orderable":true,"show_badge":true,"formatted_price":"35,89&nbsp;\u20ac","formatted_published_date":"1er novembre 2018","publisher_availability_label":"Sur commande","short_details":"Kisito Gandji \u2014 Editions Universitaires Europeennes","translator":null,"weight":126,"page_count":76,"readership":null,"editor":"Editions Universitaires Europeennes","price":3589,"published_date":"2018-10-31T23:00:00.000000Z","support":"Grand format","publisher_availability":1,"stock":0,"editions":[],"url":"https:\/\/quaidesbrumes.com\/ouvrage\/9783841616302\/evaluation-de-la-gestion-participative-des-plantations-forestieres"},{"id":"9783841615886","title":"Conception et r\u00e9alisation d'une commande automatique ; d'un syst\u00e8me hybride des sources d'\u00e9nergies renouvelables","description":"Le d\u00e9veloppement durable est bas\u00e9, entre autres, sur la disponibilit\u00e9 de l'\u00e9nergie, d'o\u00f9 l'utilisation des diverses sources d'\u00e9nergie. La combinaison de quelques sources \u00e9nergie renouvelables avec une source d'\u00e9nergie traditionnelle est propos\u00e9e avec ses avantages et inconv\u00e9nients. Cette combinaison dite syst\u00e8me hybride \u00e9lectrique est consid\u00e9r\u00e9e comme la meilleure solution. A travers ce travail, nous nous proposons de r\u00e9aliser une commande automatique d'un syst\u00e8me hybride \u00e9lectrique compos\u00e9 d'une installation photovolta\u00efque, d'une centrale \u00e9olienne et d'un groupe \u00e9lectrog\u00e8ne. La programmation est bas\u00e9e sur le niveau d'\u00e9nergie disponible venant des sources d'\u00e9nergie renouvelables et la quantit\u00e9 de la demande. L'utilisation du syst\u00e8me con\u00e7u est optimis\u00e9e et l'exploitation des sources d'\u00e9nergie renouvelables est prioris\u00e9e.","authors":["Bien-aim\u00e9 tantely Randrianoely"],"category_codes":["4000000","4010000","4010200"],"visuals":{"large":"https:\/\/images.epagine.fr\/886\/9783841615886_1_75.jpg","medium":"https:\/\/images.epagine.fr\/886\/9783841615886_1_m.jpg","thumbnail":"https:\/\/images.epagine.fr\/886\/9783841615886_1_v.jpg"},"orderable":true,"show_badge":true,"formatted_price":"35,89&nbsp;\u20ac","formatted_published_date":"1er d\u00e9cembre 2018","publisher_availability_label":"Sur commande","short_details":"Bien-aim\u00e9 tantely Randrianoely \u2014 Editions Universitaires Europeennes","translator":null,"weight":120,"page_count":72,"readership":null,"editor":"Editions Universitaires Europeennes","price":3589,"published_date":"2018-11-30T23:00:00.000000Z","support":"Grand format","publisher_availability":1,"stock":0,"editions":[],"url":"https:\/\/quaidesbrumes.com\/ouvrage\/9783841615886\/conception-et-realisation-dune-commande-automatique-dun-systeme-hybride-des-sources-denergies-renouvelables"},{"id":"9786131573385","title":"Potentialite de r\u00e9g\u00e9n\u00e9ration naturelle des esp\u00e8ces end\u00e9miques ; alluaudia procera drake, cedrelopsis","description":"Malgr\u00e9 sa richesse en termes de biodiversit\u00e9 et son niveau d'end\u00e9misme \u00e9lev\u00e9, la for\u00eat dense s\u00e8che fait partie d'un \u00e9cosyst\u00e8me fragile due \u00e0 la faible capacit\u00e9 de ses esp\u00e8ces floristiques \u00e0 se r\u00e9g\u00e9n\u00e9rer. Maitriser les conditions optimales d'installation et de d\u00e9veloppement des r\u00e9g\u00e9n\u00e9rations naturelles des esp\u00e8ces end\u00e9miques, menac\u00e9es et de valeurs \u00e9conomiques : Alluaudia procera Drake, Cedrelopsis grevei Baillon et Quivisianthe papinae Baillon en for\u00eat tropicale s\u00e8che s'av\u00e8re ainsi n\u00e9cessaire pour assurer la p\u00e9rennit\u00e9 de ces esp\u00e8ces. Tel est l'objectif principal de cette pr\u00e9sente recherche. Comme zone d'\u00e9tudes, la R\u00e9serve Sp\u00e9ciale de Bez\u00e0 Mahafaly a \u00e9t\u00e9 choisie du fait qu'elle pr\u00e9sente les diff\u00e9rents faci\u00e8s des for\u00eats tropicales s\u00e8ches ainsi que les autres formations caract\u00e9ristiques du Sud et Sud-Ouest de Madagascar.","authors":["Rindra Ramananjatovo"],"category_codes":["4000000","4010000","4010200"],"visuals":{"large":"https:\/\/images.epagine.fr\/385\/9786131573385_1_75.jpg","medium":"https:\/\/images.epagine.fr\/385\/9786131573385_1_m.jpg","thumbnail":"https:\/\/images.epagine.fr\/385\/9786131573385_1_v.jpg"},"orderable":true,"show_badge":true,"formatted_price":"49,90&nbsp;\u20ac","formatted_published_date":"1er d\u00e9cembre 2018","publisher_availability_label":"Sur commande","short_details":"Rindra Ramananjatovo \u2014 Editions Universitaires Europeennes","translator":null,"weight":166,"page_count":104,"readership":null,"editor":"Editions Universitaires Europeennes","price":4990,"published_date":"2018-11-30T23:00:00.000000Z","support":"Grand format","publisher_availability":1,"stock":0,"editions":[],"url":"https:\/\/quaidesbrumes.com\/ouvrage\/9786131573385\/potentialite-de-regeneration-naturelle-des-especes-endemiques-alluaudia-procera-drake-cedrelopsis"}]}