{"data":[{"id":"9782743021665","title":"\u00c9cologie et am\u00e9nagement des eaux marines","description":"L'\u00e9tude des \u00e9cosyst\u00e8mes marins est devenue une th\u00e9matique de recherche majeure pourtant, malgr\u00e9 la profusion des donn\u00e9es, il est difficile de se faire une id\u00e9e pr\u00e9cise sur l'\u00e9tat des oc\u00e9ans et des mers, leur fonctionnement, leur r\u00f4le et leur devenir. C'est l'objectif de cet ouvrage pluridisciplinaire de synth\u00e8se, qui expose le fonctionnement des \u00e9cosyst\u00e8mes marins, les interactions que l'humanit\u00e9 entretient avec eux et l'incroyable potentiel des oc\u00e9ans pour notre futur. Il s'articule autour de cinq parties qui d\u00e9veloppent successivement :\r\n\r\n- les interactions entre oc\u00e9anographie physique, \u00e9cologie et biologie marine ;\r\n\r\n- les rapports entre l'homme et les eaux marines (habitat, loisirs, tourisme, pollution, p\u00eache, aquaculture) ;\r\n\r\n- la multiplicit\u00e9 des interventions r\u00e9alises par l'homme dans les eaux c\u00f4ti\u00e8res pour les conserver ou les am\u00e9nager ;\r\n\r\n- les outils actuels capables de s'int\u00e9grer au fonctionnement des oc\u00e9ans et des mers (r\u00e9cifs artificiels, dispositifs de concentration de poissons, \u00e9closeries, cultures d'algues...) ;\r\n\r\n- le fort potentiel des oc\u00e9ans pour la production de ressources vivantes, l'\u00e9limination des pollutions et la r\u00e9gulation du climat, et des propositions pour \u00ab vivre en mer \u00bb.\r\n\r\nL'\u00e9cologie marine, l'halieutique, l'aquaculture, les loisirs, le tourisme et l'\u00e9conomie circulaire sont impliqu\u00e9s dans cette coop\u00e9ration entre l'esp\u00e8ce humaine et la mer pour permettre la protection, l'am\u00e9nagement et une valorisation durable des eaux marines. Les donn\u00e9es bibliographiques permettent toujours d'aller plus loin, transformant cette synth\u00e8se en un portail d'acc\u00e8s au monde des mers et des oc\u00e9ans. De nombreux sch\u00e9mas explicatifs et les remarquables clich\u00e9s de sp\u00e9cialistes du monde marin illustrent ces propos.\r","authors":["Gilbert Barnab\u00e9"],"category_codes":["4000000","4010000","4010200","4010203"],"visuals":{"large":"https:\/\/images.epagine.fr\/665\/9782743021665_1_75.jpg","medium":"https:\/\/images.epagine.fr\/665\/9782743021665_1_m.jpg","thumbnail":"https:\/\/images.epagine.fr\/665\/9782743021665_1_v.jpg"},"orderable":true,"show_badge":true,"formatted_price":"85,00&nbsp;\u20ac","formatted_published_date":"13 juin 2016","publisher_availability_label":"Sur commande","short_details":"Gilbert Barnab\u00e9 \u2014 Tec Et Doc","translator":null,"weight":929,"page_count":512,"readership":null,"editor":"Tec Et Doc","price":8500,"published_date":"2016-06-12T22:00:00.000000Z","support":"Grand format","publisher_availability":1,"stock":0,"editions":[],"url":"https:\/\/quaidesbrumes.com\/ouvrage\/9782743021665\/ecologie-et-amenagement-des-eaux-marines"},{"id":"9782743023393","title":"Les milieux estuairiens et littoraux ; une approche scientifique pour les pr\u00e9server et les exploiter","description":"D'une beaut\u00e9 incontestable et d'une complexit\u00e9 fascinante, les estuaires constituent un milieu particulier, d'une grande richesse, autorisant plusieurs interpr\u00e9tations selon l'angle de vue abord\u00e9 : estuaires des hydrologues, des villes, des ports, des industriels, mais aussi des paysages, des loisirs et des zones prot\u00e9g\u00e9es. La pluralit\u00e9 des vues qui sont port\u00e9es aux estuaires par les diff\u00e9rents acteurs concern\u00e9s par ce milieu, rend extr\u00eamement int\u00e9ressant et p\u00e9dagogique la r\u00e9flexion approfondie engag\u00e9e dans cet ouvrage.\r\n\r\nLes milieux estuariens et littoraux, une approche scientifique pour les pr\u00e9server et les exploiter durablement apporte en effet une contribution significative, document\u00e9e et illustr\u00e9e, \u00e0 l'\u00e9tat des connaissances sur le r\u00f4le et le fonctionnement du littoral et en particulier des estuaires. Cet ouvrage aide ainsi \u00e0 comprendre la place et l'importante contribution des estuaires dans le fonctionnement des autres \u00e9cosyst\u00e8mes terrestres et marins. Il propose d'une fa\u00e7on tr\u00e8s claire et accessible les sch\u00e9mas de d\u00e9veloppements qui sont n\u00e9cessaires pour leur protection, leur adaptation aux changements, et surtout, de plus en plus indispensable, leur restauration en vue de pr\u00e9server les services \u00e9cosyst\u00e9miques qui sont les siens.\r","authors":["Jean-paul Ducrotoy"],"category_codes":["4000000","4010000","4010200","4010208"],"visuals":{"large":"https:\/\/images.epagine.fr\/393\/9782743023393_1_75.jpg","medium":"https:\/\/images.epagine.fr\/393\/9782743023393_1_m.jpg","thumbnail":"https:\/\/images.epagine.fr\/393\/9782743023393_1_v.jpg"},"orderable":true,"show_badge":true,"formatted_price":"89,00&nbsp;\u20ac","formatted_published_date":"8 janvier 2018","publisher_availability_label":"Sur commande","short_details":"Jean-paul Ducrotoy \u2014 Tec Et Doc","translator":null,"weight":755,"page_count":448,"readership":null,"editor":"Tec Et Doc","price":8900,"published_date":"2018-01-07T23:00:00.000000Z","support":"Grand format","publisher_availability":1,"stock":0,"editions":[],"url":"https:\/\/quaidesbrumes.com\/ouvrage\/9782743023393\/les-milieux-estuairiens-et-littoraux-une-approche-scientifique-pour-les-preserver-et-les-exploiter"},{"id":"9782743023652","title":"Inondations : analyse de risque des syst\u00e8mes de protection ; application aux \u00e9tudes de dangers","description":"Depuis 30 ans, en France, au vu des retours d'exp\u00e9riences des catastrophes naturelles et des inondations, les pouvoirs publics ont pris conscience qu'ils devaient non seulement approfondir leurs connaissances de l'\u00e9tat et du comportement des syst\u00e8mes endigu\u00e9s, mais qu'ils devaient \u00e9galement les \u00e9valuer en continu.\r\n\r\nPremi\u00e8re m\u00e9thodologie fran\u00e7aise compl\u00e8te de r\u00e9alisation d'une \u00e9tude de dangers des syst\u00e8mes endigu\u00e9s, Inondations - Analyse de risque des syst\u00e8mes de protection est un ouvrage de r\u00e9f\u00e9rence transdisciplinaire (hydraulique, g\u00e9nie civil, g\u00e9otechnique...) prenant en compte l'ensemble des diff\u00e9rentes composantes du risque, li\u00e9es \u00e0 la digue et \u00e0 son environnement. Il permet la mise en oeuvre d'une d\u00e9marche d'analyse coh\u00e9rente et int\u00e9gratrice dont il contient les bases th\u00e9oriques, techniques et pratiques. Il pr\u00e9sente \u00e9galement une aide \u00e0 la r\u00e9daction d'un cahier des charges et au suivi de d\u00e9roulement de l'\u00e9tude.\r\n\r\nRichement illustr\u00e9, l'ouvrage aborde en trois parties :\r\n\r\n- les syst\u00e8mes de protection contre les inondations.\r\n\r\n- l'analyse de risque de ces syst\u00e8mes.\r\n\r\n- les \u00e9tudes de dangers des syst\u00e8mes d'endiguement et l'utilisation de l'analyse de risque.\r\n\r\nDes annexes consultables en ligne compl\u00e8tent les informations du guide.\r\n\r\nLe livre s'adresse aux collectivit\u00e9s locales, gestionnaires de digues, bureaux d'\u00e9tudes, services de l'\u00c9tat, organismes de recherche et \u00e0 l'ensemble des intervenants du domaine.\r","authors":["Bruno Beullac","R\u00e9my Tourment"],"category_codes":["4000000","4010000","4010200","4010203"],"visuals":{"large":"https:\/\/images.epagine.fr\/652\/9782743023652_1_75.jpg","medium":"https:\/\/images.epagine.fr\/652\/9782743023652_1_m.jpg","thumbnail":"https:\/\/images.epagine.fr\/652\/9782743023652_1_v.jpg"},"orderable":true,"show_badge":true,"formatted_price":"84,00&nbsp;\u20ac","formatted_published_date":"25 janvier 2019","publisher_availability_label":"Sur commande","short_details":"Bruno Beullac, R\u00e9my Tourment \u2014 Tec Et Doc","translator":null,"weight":755,"page_count":390,"readership":null,"editor":"Tec Et Doc","price":8400,"published_date":"2019-01-24T23:00:00.000000Z","support":"Grand format","publisher_availability":1,"stock":0,"editions":[],"url":"https:\/\/quaidesbrumes.com\/ouvrage\/9782743023652\/inondations-analyse-de-risque-des-systemes-de-protection-application-aux-etudes-de-dangers"},{"id":"9782140294754","title":"Une critique anticapitaliste de la collapsologie","description":"La th\u00e9orie des collapsologues est \u00e0 la fois fataliste et naturaliste. Fataliste, au sens o\u00f9 l'effondrement n'est pas \u00e9vitable avec eux : ils jugeront vaine toute tentative actuelle de transformation globale (il est \u00ab inutile de se battre \u00bb, disent-ils dans Une autre fin du monde est possible). Naturaliste, car ils empruntent les sciences naturelles bourgeoises pour naturaliser syst\u00e9matiquement le monde social moderne. Avec eux, fatalisme et naturalisme vont de pair : c'est parce que le social est naturalis\u00e9 qu'il est inutile de lutter contre ses lois implacables. Il s'agira dans cet essai, de critiquer \u00e0 la racine un tel discours. Nous reprendrons les trois ouvrages des collapsologues (Comment tout peut s'effondrer, Une autre fin du monde est possible, L'entraide, l'autre loi de la jungle), et nous proposerons un commentaire suivi. Il s'av\u00e9rera que les collapsologues, au fond, ne veulent pas nous faire sortir du capitalisme, mais tentent bien plut\u00f4t d'accommoder la soci\u00e9t\u00e9 capitaliste \u00e0 l'effondrement.","authors":["Beno\u00eet Bohy-Bunel"],"category_codes":["4000000","4010000","4010200","4010208"],"visuals":{"large":"https:\/\/images.epagine.fr\/754\/9782140294754_1_75.jpg","medium":"https:\/\/images.epagine.fr\/754\/9782140294754_1_m.jpg","thumbnail":"https:\/\/images.epagine.fr\/754\/9782140294754_1_v.jpg"},"orderable":true,"show_badge":true,"formatted_price":"13,50&nbsp;\u20ac","formatted_published_date":"2 janvier 2023","publisher_availability_label":"Sur commande","short_details":"Beno\u00eet Bohy-Bunel \u2014 \u00c9ditions L'Harmattan","translator":null,"weight":152,"page_count":114,"readership":null,"editor":"\u00c9ditions L'Harmattan","price":1350,"published_date":"2023-01-01T23:00:00.000000Z","support":"Grand format","publisher_availability":1,"stock":0,"editions":[],"url":"https:\/\/quaidesbrumes.com\/ouvrage\/9782140294754\/une-critique-anticapitaliste-de-la-collapsologie"},{"id":"9782140349225","title":"Climat : de l'irr\u00e9versible et du r\u00e9parable : \u00ab C'est quand qu'on va o\u00f9 ? \u00bb","description":"Convaincu qu'il existe une cause commune \u00e0 la crise multifocale qui menace l'humanit\u00e9, l'auteur apporte une r\u00e9ponse anthropologique originale fond\u00e9e sur un aspect m\u00e9connu de l'oeuvre de Charles Darwin : l'hypert\u00e9lie de croissance. Poursuivant l'interpr\u00e9tation magistrale qu'en fit Patrick Tort, \u00e9pist\u00e9mologiste des sciences et sp\u00e9cialiste du grand naturaliste, il montre que l'effet de serre est le premier r\u00e9v\u00e9lateur d'une \u00ab surchauffe \u00bb hypert\u00e9lique de notre civilisation. La compr\u00e9hension de ce ph\u00e9nom\u00e8ne est un indispensable pr\u00e9alable aux mesures de normalisation de la situation climatique. \u00c0 cette fin la lutte contre ses causes, id\u00e9ologiques et \u00e9nerg\u00e9tiques, et ses cons\u00e9quences, \u00e9cologiques et humanistes, implique la mise en oeuvre d'une \u00ab intelligence des limites \u00bb propre \u00e0 r\u00e9tablir l'\u00e9quilibre thermique de la biosph\u00e8re par un indispensable abandon du mode de vie dominant des humains. Michel Joli insiste sur la n\u00e9cessit\u00e9 absolue de mettre un terme \u00e0 l'exploitation des \u00e9nergies fossiles et ne pas se laisser distraire par des mesures d'adaptation aux cons\u00e9quences du r\u00e9chauffement au d\u00e9triment de la lutte contre ses causes.","authors":["Michel Joli"],"category_codes":["4000000","4010000","4010200","4010204"],"visuals":{"large":"https:\/\/images.epagine.fr\/225\/9782140349225_1_75.jpg","medium":"https:\/\/images.epagine.fr\/225\/9782140349225_1_m.jpg","thumbnail":"https:\/\/images.epagine.fr\/225\/9782140349225_1_v.jpg"},"orderable":true,"show_badge":true,"formatted_price":"20,00&nbsp;\u20ac","formatted_published_date":"25 mai 2023","publisher_availability_label":"Sur commande","short_details":"Michel Joli \u2014 \u00c9ditions L'Harmattan","translator":null,"weight":234,"page_count":186,"readership":null,"editor":"\u00c9ditions L'Harmattan","price":2000,"published_date":"2023-05-24T22:00:00.000000Z","support":"Grand format","publisher_availability":1,"stock":0,"editions":[],"url":"https:\/\/quaidesbrumes.com\/ouvrage\/9782140349225\/climat-de-lirreversible-et-du-reparable-cest-quand-quon-va-ou"},{"id":"9782913688469","title":"Beetles of Europe - Polyphaga vol. 2 : Scarabs, Cockchafers, Rove Beetles, Hydrophiloid beetles","description":null,"authors":["Guillaume Leraut","Gaetan Du Chatenet"],"category_codes":["4000000","4010000","4010300"],"visuals":{"large":"https:\/\/quaidesbrumes.com\/img\/book-placeholder.png","medium":"https:\/\/quaidesbrumes.com\/img\/book-placeholder.png","thumbnail":"https:\/\/quaidesbrumes.com\/img\/book-placeholder.png"},"orderable":true,"show_badge":true,"formatted_price":"85,00&nbsp;\u20ac","formatted_published_date":"20 septembre 2024","publisher_availability_label":"Sur commande","short_details":"Guillaume Leraut, Gaetan Du Chatenet \u2014 Nap","translator":null,"weight":470,"page_count":384,"readership":null,"editor":"Nap","price":8500,"published_date":"2024-09-19T22:00:00.000000Z","support":"Grand format","publisher_availability":1,"stock":0,"editions":[],"url":"https:\/\/quaidesbrumes.com\/ouvrage\/9782913688469\/beetles-of-europe-polyphaga-vol-2-scarabs-cockchafers-rove-beetles-hydrophiloid-beetles"},{"id":"9791038808331","title":"Demain, l'\u00e9cologie ou non !","description":"Le monde aspire-t-il \u00e0 devenir plus \u00e9colo ?\r\nTout un chacun a envie de vivre dans un certain confort. Certains plus que d'autres. Mais la Terre a ses limites. La croissance, d\u00e9mographique comme \u00e9conomique, arrive \u00e0 son terme. La plan\u00e8te se r\u00e9chauffe, c'est une certitude. Les pollutions tuent tout vivant \u00e0 petit feu. La biodiversit\u00e9 se meurt. \r\nDes responsables politiques pr\u00f4nent le changement en faveur d'une Nature plus pr\u00e9serv\u00e9e, mais rares ceux qui le mettent en pratique d'une mani\u00e8re r\u00e9aliste, dans le souci d'un bien commun. Rien ne change. Les multinationales, qui dirigent le monde, ont toujours les mains libres, et le droit de tuer le vivant. Ce qui conduira notre plan\u00e8te \u00e0 contester de plus en plus souvent : les catastrophes s'enchainent d\u00e9j\u00e0. \r\nL'autrice porte un regard objectif sur les probl\u00e8mes et enjeux que notre civilisation doit affronter pour pr\u00e9server un avenir. Nous sommes tous concern\u00e9s, les plus petits gestes comptent, mais ne sont plus suffisants. Le temps est au changement, \u00e0 une vraie prise de conscience, \u00e0 la r\u00e9volte peut-\u00eatre...","authors":["Marie-Pierre Hage"],"category_codes":["4000000","4010000","4010200","4010207"],"visuals":{"large":"https:\/\/images.epagine.fr\/331\/9791038808331_1_75.jpg","medium":"https:\/\/images.epagine.fr\/331\/9791038808331_1_m.jpg","thumbnail":"https:\/\/images.epagine.fr\/331\/9791038808331_1_v.jpg"},"orderable":true,"show_badge":true,"formatted_price":"15,00&nbsp;\u20ac","formatted_published_date":"5 mars 2024","publisher_availability_label":"Sur commande","short_details":"Marie-Pierre Hage \u2014 Ex Aequo","translator":null,"weight":503,"page_count":156,"readership":null,"editor":"Ex Aequo","price":1500,"published_date":"2024-03-04T23:00:00.000000Z","support":"Grand format","publisher_availability":1,"stock":0,"editions":[],"url":"https:\/\/quaidesbrumes.com\/ouvrage\/9791038808331\/demain-lecologie-ou-non"},{"id":"9782322550586","title":"Crise \u00e9cologique, crise de Dieu (I) : Une analyse approfondie de l'impasse actuelle","description":"Ce premier volume analyse en profondeur les d\u00e9bats qui traversent le champ de l'\u00e9cologie politique, dans le but de comprendre les raisons de notre incapacit\u00e9 \u00e0 r\u00e9pondre efficacement \u00e0 la catastrophe \u00e9cologique en cours. Il en ressort qu'au coeur de l'impasse actuelle se trouve un probl\u00e8me de mentalit\u00e9s et, plus fondamentalement, une crise de Dieu.\r\nEn effet, les diverses conceptions que nous avons du divin, qu'elles soient ath\u00e9istes, th\u00e9istes, panth\u00e9istes ou issues du nouveau mat\u00e9rialisme, s'av\u00e8rent inadapt\u00e9es, incapables de nous guider pour penser, agir et vivre \u00e0 l'\u00e8re de l'anthropoc\u00e8ne. Pourtant, sans une r\u00e9f\u00e9rence \u00e0 Dieu, l'homme contemporain persistera dans l'indiff\u00e9rence, continuant \u00e0 d\u00e9truire le monde par ses exc\u00e8s technologiques et consum\u00e9ristes.\r\nS'il y a l\u00e0 une difficult\u00e9 en apparence insurmontable, l'analyse parvient n\u00e9anmoins \u00e0 identifier un ensemble de conditions auxquelles la r\u00e9f\u00e9rence \u00e0 Dieu devrait satisfaire pour permettre l'\u00e9mergence d'une v\u00e9ritable responsabilit\u00e9 \u00e9cologique et sociale. \r\nLe second volume de ce travail s'efforcera de d\u00e9montrer que la figure souhaitable de Dieu, circonscrite par les crit\u00e8res rationnels \u00e9tablis dans ce premier volume, peut \u00eatre r\u00e9appropri\u00e9e \u00e0 travers une relecture critique et rigoureuse des \u00c9critures historiques.","authors":["Patrick M\u00e9garban\u00e9"],"category_codes":["4000000","4010000","4010200"],"visuals":{"large":"https:\/\/images.epagine.fr\/586\/9782322550586_1_75.jpg","medium":"https:\/\/images.epagine.fr\/586\/9782322550586_1_m.jpg","thumbnail":"https:\/\/images.epagine.fr\/586\/9782322550586_1_v.jpg"},"orderable":true,"show_badge":true,"formatted_price":"18,00&nbsp;\u20ac","formatted_published_date":"4 octobre 2024","publisher_availability_label":"Sur commande","short_details":"Patrick M\u00e9garban\u00e9 \u2014 Books on Demand","translator":null,"weight":387,"page_count":364,"readership":null,"editor":"Books on Demand","price":1800,"published_date":"2024-10-03T22:00:00.000000Z","support":"Grand format","publisher_availability":1,"stock":0,"editions":[],"url":"https:\/\/quaidesbrumes.com\/ouvrage\/9782322550586\/crise-ecologique-crise-de-dieu-i-une-analyse-approfondie-de-limpasse-actuelle"},{"id":"9782322551101","title":"Crise \u00e9cologique, crise de Dieu (II) : R\u00e9interpr\u00e9ter les \u00c9critures pour sortir de l'impasse","description":"Le premier volume de ce travail a soulign\u00e9 l'importance de reconsid\u00e9rer la question de Dieu et les conceptions que nous en avons, dans l'espoir de trouver une issue \u00e0 la crise \u00e9cologique actuelle que conna\u00eet notre civilisation.\r\nCe deuxi\u00e8me volume s'attache \u00e0 d\u00e9montrer que la figure d\u00e9sirable de Dieu, d\u00e9finie selon les crit\u00e8res rationnels \u00e9tablis dans le premier volet, peut \u00eatre r\u00e9appropri\u00e9e \u00e0 travers une relecture critique et rigoureuse des \u00c9critures historiques. Cette figure ne correspond ni \u00e0 la vision promue par le Pape dans son concept d'\u00e9cologie int\u00e9grale, ni \u00e0 celle v\u00e9hicul\u00e9e par les autres traditions monoth\u00e9istes \u00e9tablies, ni encore \u00e0 celle combattue par les ath\u00e9es. Elle s'aligne pr\u00e9cis\u00e9ment avec celle pr\u00e9sent\u00e9e par la Torah, l'\u00c9vangile et le Coran, lorsque ces textes sont lus avec rigueur et sans concessions. C'est ce que l'auteur d\u00e9monte ici, \u00e0 partir de l'ex\u00e9g\u00e8se qu'il a r\u00e9alis\u00e9e du Coran.\r\nAinsi, une conclusion s'impose : pour sortir du cycle destructeur dans lequel nous sommes collectivement engag\u00e9s, et redonner \u00e0 chacun des perspectives de vie v\u00e9ritablement significatives, il est imp\u00e9ratif d'abandonner nos idoles et de revenir au v\u00e9ritable Dieu, tel qu'il est r\u00e9v\u00e9l\u00e9 dans les \u00c9critures historiques.","authors":["Patrick M\u00e9garban\u00e9"],"category_codes":["4000000","4010000","4010200"],"visuals":{"large":"https:\/\/images.epagine.fr\/101\/9782322551101_1_75.jpg","medium":"https:\/\/images.epagine.fr\/101\/9782322551101_1_m.jpg","thumbnail":"https:\/\/images.epagine.fr\/101\/9782322551101_1_v.jpg"},"orderable":true,"show_badge":true,"formatted_price":"18,00&nbsp;\u20ac","formatted_published_date":"15 octobre 2024","publisher_availability_label":"Sur commande","short_details":"Patrick M\u00e9garban\u00e9 \u2014 Books on Demand","translator":null,"weight":327,"page_count":306,"readership":null,"editor":"Books on Demand","price":1800,"published_date":"2024-10-14T22:00:00.000000Z","support":"Grand format","publisher_availability":1,"stock":0,"editions":[],"url":"https:\/\/quaidesbrumes.com\/ouvrage\/9782322551101\/crise-ecologique-crise-de-dieu-ii-reinterpreter-les-ecritures-pour-sortir-de-limpasse"},{"id":"9782959226953","title":"LA D\u00c9SERTIFICATION EN AFRIQUE SUBSAHARIENNE","description":"Le Bassin du Congo est crucial pour la survie plan\u00e9taire, car il soutient la production alimentaire, hydrique et \u00e9nerg\u00e9tique. En Afrique, la d\u00e9sertification et la d\u00e9gradation des terres touchent 65 % de la population, mena\u00e7ant la s\u00e9curit\u00e9 alimentaire et \u00e9nerg\u00e9tique. L'auteur appelle \u00e0 des actions innovantes pour revitaliser les zones rurales et offrir des opportunit\u00e9s \u00e9conomiques.","authors":["Michel Innocent Peya"],"category_codes":["4000000","4010000","4010200","4010207"],"visuals":{"large":"https:\/\/images.epagine.fr\/953\/9782959226953_1_75.jpg","medium":"https:\/\/images.epagine.fr\/953\/9782959226953_1_m.jpg","thumbnail":"https:\/\/images.epagine.fr\/953\/9782959226953_1_v.jpg"},"orderable":true,"show_badge":true,"formatted_price":"19,00&nbsp;\u20ac","formatted_published_date":"24 octobre 2024","publisher_availability_label":"Sur commande","short_details":"Michel Innocent Peya \u2014 Editions Tropiques litt\u00e9raires","translator":null,"weight":378,"page_count":228,"readership":null,"editor":"Editions Tropiques litt\u00e9raires","price":1900,"published_date":"2024-10-23T22:00:00.000000Z","support":"Grand format","publisher_availability":1,"stock":0,"editions":[],"url":"https:\/\/quaidesbrumes.com\/ouvrage\/9782959226953\/la-desertification-en-afrique-subsaharienne"},{"id":"9782959226960","title":"CLIMATE JUSTICE","description":"Climate change is causing increasing natural disasters, particularly affecting the most vulnerable populations in developing countries. President Denis Sassou N'Guesso advocates for climate justice, calling for fair actions and the protection of human rights. The author promotes an inclusive and ethical approach to climate action.","authors":["Michel Innocent Peya"],"category_codes":["4000000","4010000","4010200","4010207"],"visuals":{"large":"https:\/\/images.epagine.fr\/960\/9782959226960_1_75.jpg","medium":"https:\/\/images.epagine.fr\/960\/9782959226960_1_m.jpg","thumbnail":"https:\/\/images.epagine.fr\/960\/9782959226960_1_v.jpg"},"orderable":true,"show_badge":true,"formatted_price":"19,00&nbsp;\u20ac","formatted_published_date":"24 octobre 2024","publisher_availability_label":"Sur commande","short_details":"Michel Innocent Peya \u2014 Editions Tropiques litt\u00e9raires","translator":null,"weight":338,"page_count":202,"readership":null,"editor":"Editions Tropiques litt\u00e9raires","price":1900,"published_date":"2024-10-23T22:00:00.000000Z","support":"Grand format","publisher_availability":1,"stock":0,"editions":[],"url":"https:\/\/quaidesbrumes.com\/ouvrage\/9782959226960\/climate-justice"},{"id":"9782959226991","title":"CLIMATE HEALTH, A HUMANITARIAN EMERGENCY","description":"Climate change threatens global health by worsening poverty, inequalities, and compromising universal health coverage. Its effects include increased risks of infectious diseases, malnutrition, and natural disasters. This text explores its negative impacts on health.","authors":["Michel Innocent Peya"],"category_codes":["4000000","4010000","4010200","4010207"],"visuals":{"large":"https:\/\/images.epagine.fr\/991\/9782959226991_1_75.jpg","medium":"https:\/\/images.epagine.fr\/991\/9782959226991_1_m.jpg","thumbnail":"https:\/\/images.epagine.fr\/991\/9782959226991_1_v.jpg"},"orderable":true,"show_badge":true,"formatted_price":"22,00&nbsp;\u20ac","formatted_published_date":"24 octobre 2024","publisher_availability_label":"Sur commande","short_details":"Michel Innocent Peya \u2014 Editions Tropiques litt\u00e9raires","translator":null,"weight":460,"page_count":272,"readership":null,"editor":"Editions Tropiques litt\u00e9raires","price":2200,"published_date":"2024-10-23T22:00:00.000000Z","support":"Grand format","publisher_availability":1,"stock":0,"editions":[],"url":"https:\/\/quaidesbrumes.com\/ouvrage\/9782959226991\/climate-health-a-humanitarian-emergency"},{"id":"9782366721430","title":"Terres enchant\u00e9es","description":"Arc-en-ciel, colline, bocage, falaise, rivi\u00e8re, \u00e9toile, grotte, marais, sable, montagne... Chaque \u00e9l\u00e9ment des paysages qui nous entourent cache en lui une part de beaut\u00e9 et de myst\u00e8re qui nous \u00e9blouit, force notre admiration et nourrit notre imaginaire. Le soleil se couche sur l'horizon, colorant la terre et les nuages de feu, puis dispara\u00eet et nous abandonne au coeur des t\u00e9n\u00e8bres, tandis que la bienveillante lune et la vo\u00fbte sombre parsem\u00e9e d'\u00e9toiles nous d\u00e9tournent un instant de nos peurs ancestrales. Bien avant que la science ne vienne \u00e9clairer les myst\u00e8res de la nature, l'origine de la cr\u00e9ation des paysages et des ph\u00e9nom\u00e8nes naturels, nos a\u00efeux ont colport\u00e9 des croyances et des l\u00e9gendes et nourri des superstitions pour tenter de ma\u00eetriser ces variables inconnues. Ils ont fait na\u00eetre des esprits veillant sur notre environnement, prot\u00e9geant faune et flore, dessinant les for\u00eats, les monts et les fleuves : f\u00e9es, elfes, g\u00e9ants, lutins... Tous ont contribu\u00e9 \u00e0 peindre ces tableaux qui chaque jour nous \u00e9merveillent. Le pr\u00e9sent livre vous propose un voyage dans cet Ailleurs qui est le n\u00f4tre. Une tr\u00e8s belle histoire, celle de l'extraordinaire nature d'Il \u00e9tait une fois...\r","authors":["V\u00e9ronique Barrau","Richard Ely"],"category_codes":["4000000","4010000","4010300"],"visuals":{"large":"https:\/\/images.epagine.fr\/430\/9782366721430_1_75.jpg","medium":"https:\/\/images.epagine.fr\/430\/9782366721430_1_m.jpg","thumbnail":"https:\/\/images.epagine.fr\/430\/9782366721430_1_v.jpg"},"orderable":true,"show_badge":true,"formatted_price":"24,00&nbsp;\u20ac","formatted_published_date":"5 octobre 2017","publisher_availability_label":"Sur commande","short_details":"V\u00e9ronique Barrau, Richard Ely \u2014 \u00c9ditions Plume de Carotte","translator":null,"weight":808,"page_count":122,"readership":null,"editor":"\u00c9ditions Plume de Carotte","price":2400,"published_date":"2017-10-04T22:00:00.000000Z","support":"Grand format","publisher_availability":1,"stock":0,"editions":[],"url":"https:\/\/quaidesbrumes.com\/ouvrage\/9782366721430\/terres-enchantees"},{"id":"9781291833782","title":"Plantes m\u00e9dicinales et culinaires de St-Cergue","description":"Guide des plantes m\u00e9dicinales et culinaires de l'\u00e9tagemontagnard de la r\u00e9gion de St-Cergue (VD) en Suisse.Le livre est id\u00e9al pour les personnes qui souhaitent se familiariser \u00e0 la d\u00e9termination des plantes in situ.","authors":["Andrea Oess"],"category_codes":["4000000","4010000","4010400","4010401"],"visuals":{"large":"https:\/\/images.epagine.fr\/782\/9781291833782_1_75.jpg","medium":"https:\/\/images.epagine.fr\/782\/9781291833782_1_m.jpg","thumbnail":"https:\/\/images.epagine.fr\/782\/9781291833782_1_v.jpg"},"orderable":true,"show_badge":true,"formatted_price":"17,16&nbsp;\u20ac","formatted_published_date":"10 juin 2014","publisher_availability_label":"Sur commande","short_details":"Andrea Oess \u2014 LULU","translator":null,"weight":98,"page_count":61,"readership":null,"editor":"LULU","price":1716,"published_date":"2014-06-09T22:00:00.000000Z","support":"Grand format","publisher_availability":1,"stock":0,"editions":[],"url":"https:\/\/quaidesbrumes.com\/ouvrage\/9781291833782\/plantes-medicinales-et-culinaires-de-st-cergue"},{"id":"9782370621160","title":"8'6 par p\u00eaches sportives n.22 : Sa majest\u00e9 la mouche","description":"La fin du printemps et le d\u00e9but de l'\u00e9t\u00e9 sont les grands moments de la p\u00eache \u00e0 la mouche. Le r\u00e9veil de la rivi\u00e8re est d'abord celui des millions d'insectes et larves aquatiques qui vont \u00e9clore \u00e0 la surface de l'eau et s'offrir aux gobages des truites.\r\nPour les p\u00eacheurs \u00e0 la mouche ce moment est celui qu'il ne faut rater sous aucun pr\u00e9texte. O\u00f9 ils pr\u00e9senteront, comme les personnages d' \u00ab Au milieu coule une rivi\u00e8re \u00bb, les imitations de plumes et de soie qu'ils ont pr\u00e9par\u00e9es pendant l'hiver.\r\nA lire aussi dans ce num\u00e9ro une grande enqu\u00eate exclusive sur la disparition des stocks de saumons sauvages, la p\u00eache du bar \u00e0 la mouche sur les parcs \u00e0 huitres, un reportage sur les traces d'Hemingway, et un autre sur la saison de la mouche de mai sur les lacs irlandais.\r\n8'6 n'est pas qu'un mook sur la p\u00eache. Il tient aussi, il tient surtout la chronique d'un monde menac\u00e9 par le r\u00e9chauffement climatique, et les mauvais usages que l'on peut faire de l'eau.","authors":["Collectif"],"category_codes":["4000000","4010000","4010500","4010502"],"visuals":{"large":"https:\/\/images.epagine.fr\/160\/9782370621160_1_75.jpg","medium":"https:\/\/images.epagine.fr\/160\/9782370621160_1_m.jpg","thumbnail":"https:\/\/images.epagine.fr\/160\/9782370621160_1_v.jpg"},"orderable":true,"show_badge":true,"formatted_price":"18,00&nbsp;\u20ac","formatted_published_date":"6 juillet 2023","publisher_availability_label":"Sur commande","short_details":"Collectif \u2014 La Vie Du Rail","translator":null,"weight":534,"page_count":132,"readership":null,"editor":"La Vie Du Rail","price":1800,"published_date":"2023-07-05T22:00:00.000000Z","support":"Mook","publisher_availability":1,"stock":0,"editions":[],"url":"https:\/\/quaidesbrumes.com\/ouvrage\/9782370621160\/86-par-peches-sportives-n22-sa-majeste-la-mouche"},{"id":"9782370621191","title":"8'6 par p\u00eaches sportives n.23 : L\u00e9gendes d'automne","description":"Le saumon atlantique et l'ombre commun sont deux poissons mythiques. Ils font partie de la l\u00e9gende de la p\u00eache. Probl\u00e8me, ces deux esp\u00e8ces sont menac\u00e9es de disparition. La premi\u00e8re par une multitude d'atteintes \u00e0 leurs migrations que 8'6 continue d'analyser. La seconde \u00e0 cause de la pollution des rivi\u00e8res et des effets perverts de la s\u00e8cheresse. Mais pour rester positif et garder espoir, voici de nombreuses fiches techniques et conseils pour p\u00eacher jusqu'au bout de l'automne toutes sortes de poissons comme le perche et le brochet, et l'ombre... \u00e0 l'\u00e9tranger.","authors":["Collectif"],"category_codes":["4000000","4010000","4010500","4010502"],"visuals":{"large":"https:\/\/images.epagine.fr\/191\/9782370621191_1_75.jpg","medium":"https:\/\/images.epagine.fr\/191\/9782370621191_1_m.jpg","thumbnail":"https:\/\/images.epagine.fr\/191\/9782370621191_1_v.jpg"},"orderable":true,"show_badge":true,"formatted_price":"18,00&nbsp;\u20ac","formatted_published_date":"19 octobre 2023","publisher_availability_label":"Sur commande","short_details":"Collectif \u2014 La Vie Du Rail","translator":null,"weight":544,"page_count":132,"readership":null,"editor":"La Vie Du Rail","price":1800,"published_date":"2023-10-18T22:00:00.000000Z","support":"Mook","publisher_availability":1,"stock":0,"editions":[],"url":"https:\/\/quaidesbrumes.com\/ouvrage\/9782370621191\/86-par-peches-sportives-n23-legendes-dautomne"},{"id":"9782370621283","title":"8'6 par p\u00eaches sportives n.25 : Sp\u00e9cial monstres","description":"L'eau est revenue dans les rivi\u00e8res. Et, avec elle, les truites sauvages et d'\u00e9levage avec lesquelles 1 million de p\u00eacheurs ont rendez-vous le jour de l'ouverture.\r\nUne occasion de sensibiliser les p\u00eacheurs et leur entourage au d\u00e9fi de la crise climatique et aux menaces qu'elle fait peser sur l'eau ainsi que sur les organismes dont d\u00e9pend notre environnement. Sans pour autant d\u00e9sesp\u00e9rer ces centaines de milliers de passionn\u00e9s, que la rivi\u00e8re attend en ce premier jour de saison. Au menu du num\u00e9ro du printemps 2024 de 8'6 : reportages, destinations, conseils de p\u00eache, montages de mouches et actualit\u00e9s des rivi\u00e8res.","authors":["Collectif"],"category_codes":["4000000","4010000","4010500","4010502"],"visuals":{"large":"https:\/\/images.epagine.fr\/283\/9782370621283_1_75.jpg","medium":"https:\/\/images.epagine.fr\/283\/9782370621283_1_m.jpg","thumbnail":"https:\/\/images.epagine.fr\/283\/9782370621283_1_v.jpg"},"orderable":true,"show_badge":true,"formatted_price":"18,00&nbsp;\u20ac","formatted_published_date":"11 avril 2024","publisher_availability_label":"Sur commande","short_details":"Collectif \u2014 La Vie Du Rail","translator":null,"weight":552,"page_count":132,"readership":null,"editor":"La Vie Du Rail","price":1800,"published_date":"2024-04-10T22:00:00.000000Z","support":"Mook","publisher_availability":1,"stock":0,"editions":[],"url":"https:\/\/quaidesbrumes.com\/ouvrage\/9782370621283\/86-par-peches-sportives-n25-special-monstres"},{"id":"9782343159461","title":"La terre est en surchauffe ; l'impact de la mondialisation et des multinationales sur notre plan\u00e8te","description":"\"L'homme est en train de changer le climat. Mais les peuples se sentent abandonn\u00e9s par leurs gouvernants. Depuis la cr\u00e9ation de l'OMC, les tenants de la mondialisation ont retir\u00e9 les pouvoirs d\u00e9volus aux Etats pour les confier aux multinationales. Mais le monde doit imp\u00e9rativement changer. Il faut f\u00e9d\u00e9rer les Etats, appliquer un droit international, rechercher et punir les coupables d'\u00e9codides. Ce livre expose les causes et actions possibles pour les entreprises, les politiciens, les citoyens, dans le monde et la vie quotidienne, mais aussi avec des projets de grande envergure. Il s'agit de pr\u00e9server la plan\u00e8te pour nos enfants. L urgence est vitale !\"\r","authors":["Andre Cayol"],"category_codes":["4000000","4010000","4010200","4010208"],"visuals":{"large":"https:\/\/images.epagine.fr\/461\/9782343159461_1_75.jpg","medium":"https:\/\/images.epagine.fr\/461\/9782343159461_1_m.jpg","thumbnail":"https:\/\/images.epagine.fr\/461\/9782343159461_1_v.jpg"},"orderable":true,"show_badge":true,"formatted_price":"24,50&nbsp;\u20ac","formatted_published_date":"27 novembre 2018","publisher_availability_label":"Sur commande","short_details":"Andre Cayol \u2014 \u00c9ditions L'Harmattan","translator":null,"weight":282,"page_count":222,"readership":null,"editor":"\u00c9ditions L'Harmattan","price":2450,"published_date":"2018-11-26T23:00:00.000000Z","support":"Grand format","publisher_availability":1,"stock":0,"editions":[],"url":"https:\/\/quaidesbrumes.com\/ouvrage\/9782343159461\/la-terre-est-en-surchauffe-limpact-de-la-mondialisation-et-des-multinationales-sur-notre-planete"},{"id":"9782708944640","title":"Emma\u00fcs Lescar-Pau ; le compagnon, la ruche et l'utopie","description":"Fond\u00e9e en 1982 par Germain Sahri, la communaut\u00e9 Emma\u00fcs de Pau est devenue en trois d\u00e9cennies la plus importante de France, accueillant 130 compagnons et une quinzaine de salari\u00e9s. Acteur r\u00e9gional de premier plan avec sa d\u00e9chetterie et son bric-\u00e0-brac, qui attirent quotidiennement pr\u00e8s de 1 500 personnes, elle s'est transform\u00e9e en village alternatif avec sa ferme, son restaurant, son \u00e9picerie, ses constructions \u00e9cologiques, ses festivals culturels... Arch\u00e9type du \u00ab penser globalement, agir localement \u00bb, elle a m\u00eal\u00e9 aux valeurs traditionnelles d'Emma\u00fcs, que sont la solidarit\u00e9 et le partage, les combats \u00e9cologiques et altermondialistes, et s'investit, apr\u00e8s l'Afrique, dans des partenariats avec la Bolivie et la Palestine. Au village alternatif Emma\u00fcs de Pau Lescar, l'utopie se vit au quotidien.\r","authors":["Denis Lef\u00e8vre"],"category_codes":["4000000","4010000","4010200"],"visuals":{"large":"https:\/\/images.epagine.fr\/640\/9782708944640_1_75.jpg","medium":"https:\/\/images.epagine.fr\/640\/9782708944640_1_m.jpg","thumbnail":"https:\/\/images.epagine.fr\/640\/9782708944640_1_v.jpg"},"orderable":true,"show_badge":true,"formatted_price":"18,00&nbsp;\u20ac","formatted_published_date":"25 janvier 2018","publisher_availability_label":"Sur commande","short_details":"Denis Lef\u00e8vre \u2014 Privat","translator":null,"weight":389,"page_count":224,"readership":null,"editor":"Privat","price":1800,"published_date":"2018-01-24T23:00:00.000000Z","support":"Grand format","publisher_availability":1,"stock":0,"editions":[],"url":"https:\/\/quaidesbrumes.com\/ouvrage\/9782708944640\/emmaus-lescar-pau-le-compagnon-la-ruche-et-lutopie"},{"id":"9782931242063","title":"Eco-heros carolos","description":null,"authors":["Clersy Christophe"],"category_codes":["4000000","4010000","4010200","4010208"],"visuals":{"large":"https:\/\/images.epagine.fr\/063\/9782931242063_1_75.jpg","medium":"https:\/\/images.epagine.fr\/063\/9782931242063_1_m.jpg","thumbnail":"https:\/\/images.epagine.fr\/063\/9782931242063_1_v.jpg"},"orderable":true,"show_badge":true,"formatted_price":"20,00&nbsp;\u20ac","formatted_published_date":"19 avril 2024","publisher_availability_label":"Sur commande","short_details":"Clersy Christophe \u2014 \u00c9ditions du Basson","translator":null,"weight":332,"page_count":null,"readership":null,"editor":"\u00c9ditions du Basson","price":2000,"published_date":"2024-04-18T22:00:00.000000Z","support":"Grand format","publisher_availability":1,"stock":0,"editions":[],"url":"https:\/\/quaidesbrumes.com\/ouvrage\/9782931242063\/eco-heros-carolos"},{"id":"9791040557845","title":"Les territoires de la joie : De la R\u00e9publique \u00c9cologique face au monde des cinq pr\u00e9dations","description":"Face au d\u00e9sastre climatique et \u00e0 la destruction du monde vivant, notre mani\u00e8re d'\u00ab \u00eatre de ce monde \u00bb est profond\u00e9ment d\u00e9stabilis\u00e9e. En quelques pages poignantes, l'auteur nous emm\u00e8ne sur les lieux de son enfance, \u00e0 Landiras, le village \u00e9picentre de l'incendie g\u00e9ant de la for\u00eat des Landes en 2022. Mais il n'en reste pas l\u00e0, il veut comprendre. Alors, il analyse les syst\u00e8mes d'addiction et de pr\u00e9dation qui structurent notre soci\u00e9t\u00e9, certains tr\u00e8s anciens, d'autres radicalement nouveaux. Sur ces bases, il tisse ensuite une pens\u00e9e plus vaste, une nouvelle philosophie des lumi\u00e8res pour ce temps pr\u00e9sent. La R\u00e9publique \u00c9cologique va ainsi \u00e9merger, avec ses nouveaux principes de droit et ses nouvelles approches sociales, \u00e9conomiques, \u00e9ducatives, agricoles, industrielles ou num\u00e9riques. Mais Les territoires de la joie visent plus large. Ils constituent une odyss\u00e9e existentielle, philosophique et politique dont les multiples facettes s'adressent au citoyen mais aussi \u00e0 l'intime de chacun de nous, \u00e0 nos \u00e9motions et \u00e0 notre conscience. Ils ouvrent un chemin pour une humanit\u00e9 lib\u00e9r\u00e9e et responsable, enfin en paix avec son avenir et avec le monde vivant.","authors":["Bertrand Claverie"],"category_codes":["4000000","4010000","4010200","4010207"],"visuals":{"large":"https:\/\/images.epagine.fr\/845\/9791040557845_1_75.jpg","medium":"https:\/\/images.epagine.fr\/845\/9791040557845_1_m.jpg","thumbnail":"https:\/\/images.epagine.fr\/845\/9791040557845_1_v.jpg"},"orderable":true,"show_badge":true,"formatted_price":"19,90&nbsp;\u20ac","formatted_published_date":"10 septembre 2024","publisher_availability_label":"Sur commande","short_details":"Bertrand Claverie \u2014 Librinova","translator":null,"weight":318,"page_count":244,"readership":null,"editor":"Librinova","price":1990,"published_date":"2024-09-09T22:00:00.000000Z","support":"Grand format","publisher_availability":1,"stock":0,"editions":[],"url":"https:\/\/quaidesbrumes.com\/ouvrage\/9791040557845\/les-territoires-de-la-joie-de-la-republique-ecologique-face-au-monde-des-cinq-predations"},{"id":"9782343099866","title":"For\u00eats, savoirs et motivations","description":"La for\u00eat et les humains... Une tr\u00e8s longue histoire d'occupation, de gestion, de ressources, d'\u00e9merveillement et de ressourcement, un nombre infini de repr\u00e9sentations, des savoirs d\u00e9velopp\u00e9s au fil du temps sur des \u00e9cosyst\u00e8mes indispensables \u00e0 la vie. Dix-sept communications issues de disciplines diverses permettent de comprendre les transformations de la relation des humains d'aujourd'hui \u00e0 la nature d'aujourd'hui.\r","authors":["Christine Farcy","Nicole Huybens"],"category_codes":["4000000","4010000","4010100"],"visuals":{"large":"https:\/\/images.epagine.fr\/866\/9782343099866_1_75.jpg","medium":"https:\/\/images.epagine.fr\/866\/9782343099866_1_m.jpg","thumbnail":"https:\/\/images.epagine.fr\/866\/9782343099866_1_v.jpg"},"orderable":true,"show_badge":true,"formatted_price":"39,50&nbsp;\u20ac","formatted_published_date":"16 septembre 2016","publisher_availability_label":"Sur commande","short_details":"Christine Farcy, Nicole Huybens \u2014 \u00c9ditions L'Harmattan","translator":null,"weight":520,"page_count":260,"readership":null,"editor":"\u00c9ditions L'Harmattan","price":3950,"published_date":"2016-09-15T22:00:00.000000Z","support":"Grand format","publisher_availability":1,"stock":0,"editions":[],"url":"https:\/\/quaidesbrumes.com\/ouvrage\/9782343099866\/forets-savoirs-et-motivations"},{"id":"9782822404105","title":"Plus de 100 questions sur : le climat ; en route vers la COP 21","description":null,"authors":["Michel Giran"],"category_codes":["4000000","4010000","4010200","4010207"],"visuals":{"large":"https:\/\/images.epagine.fr\/105\/9782822404105_1_75.jpg","medium":"https:\/\/images.epagine.fr\/105\/9782822404105_1_m.jpg","thumbnail":"https:\/\/images.epagine.fr\/105\/9782822404105_1_v.jpg"},"orderable":true,"show_badge":true,"formatted_price":"14,90&nbsp;\u20ac","formatted_published_date":"4 novembre 2015","publisher_availability_label":"Sur commande","short_details":"Michel Giran \u2014 MA","translator":null,"weight":235,"page_count":150,"readership":null,"editor":"MA","price":1490,"published_date":"2015-11-03T23:00:00.000000Z","support":"Grand format","publisher_availability":1,"stock":0,"editions":[],"url":"https:\/\/quaidesbrumes.com\/ouvrage\/9782822404105\/plus-de-100-questions-sur-le-climat-en-route-vers-la-cop-21"},{"id":"9783838141350","title":"Syst\u00e8me d'informations g\u00e9ographiques de l'herbier de Guyane","description":"Le Plateau des Guyanes constitue une r\u00e9gion d'Am\u00e9rique du Sud, situ\u00e9e sur la c\u00f4te nord-est. La for\u00eat guyanaise est de par sa nature similaire \u00e0 celle d'Amazonie dont elle est un prolongement, et comporte, en plus, des parcs d\u00e9j\u00e0 cit\u00e9s comme zones prot\u00e9g\u00e9es. L'Herbier de Guyane acquiert, depuis 1965, les connaissances n\u00e9cessaires sur la biodiversit\u00e9 v\u00e9g\u00e9tale du plateau. Il r\u00e9alise diff\u00e9rentes \u00e9tudes d'impact et contribue \u00e0 \u00e9tablir la d\u00e9limitation des aires prot\u00e9g\u00e9es. Il aimerait pouvoir visualiser la r\u00e9partition des esp\u00e8ces. L'objectif \u00e9tait de r\u00e9aliser la mise en place du Syst\u00e8me d'Informations G\u00e9ographiques (SIG) de l'Herbier de Guyane, avec l'acquisition des donn\u00e9es g\u00e9ographiques sur le plateau des Guyanes, le lien avec la base de donn\u00e9es, la mise en ligne du SIG sur le site de l'Herbier, ainsi que la r\u00e9alisation de cartographies synth\u00e9tisant les donn\u00e9es de l'Herbier.\r","authors":["Ir\u00e8ne Boucher"],"category_codes":["4000000","4010000","4010200"],"visuals":{"large":"https:\/\/images.epagine.fr\/350\/9783838141350_1_75.jpg","medium":"https:\/\/images.epagine.fr\/350\/9783838141350_1_m.jpg","thumbnail":"https:\/\/images.epagine.fr\/350\/9783838141350_1_v.jpg"},"orderable":true,"show_badge":true,"formatted_price":"45,90&nbsp;\u20ac","formatted_published_date":"1er septembre 2018","publisher_availability_label":"Sur commande","short_details":"Ir\u00e8ne Boucher \u2014 Presses Academiques Francophones","translator":null,"weight":120,"page_count":72,"readership":null,"editor":"Presses Academiques Francophones","price":4590,"published_date":"2018-08-31T22:00:00.000000Z","support":"Grand format","publisher_availability":1,"stock":0,"editions":[],"url":"https:\/\/quaidesbrumes.com\/ouvrage\/9783838141350\/systeme-dinformations-geographiques-de-lherbier-de-guyane"}]}