{"data":[{"id":"9782959523915","title":"Source d'\u00e9veil - Collection : Le voyageur de la pleine conscience : Le voyageur de la pleine conscience","description":"\u00c0 destination du voyageur de la pleine conscience, ce pr\u00e9lude po\u00e9tique ouvre la voie vers l'Unicit\u00e9, tout en empruntant la piste de la sagesse absolue, via le souffle aurique.\r\n\r\nD\u00e9voilant les rouages syst\u00e9matis\u00e9s de la soci\u00e9t\u00e9 consum\u00e9riste par la matrice capitaliste, ce livre nomm\u00e9 \u00ab Source d'\u00e9veil \u00bb offre une vision plus saine de l'esprit.\r\nD\u00e8s lors, ce recueil en po\u00e8me prend tout son sens pour l'\u00eatre \u00e9veill\u00e9, \u00e0 bord du conscient collectif. R\u00e9v\u00e9lant, ainsi, un mode de vie destructeur et ravageur, cet opus lyrique consent \u00e0 l'am\u00e9lioration du futur tellurien, au sein de la sph\u00e8re de la Dualit\u00e9.\r\nCette escale d'\u00e9veil permet tant la r\u00e9alisation de Soi, autant que la compr\u00e9hension du devenir humain. Gr\u00e2ce \u00e0 une prise de connaissance des lois fondamentales, l'ordre cosmique est r\u00e9tabli au coeur de l'entendement de la proph\u00e9tie.\r\nAu contact d'une id\u00e9ologie bienveillante, cet essai visionnaire apporte la possibilit\u00e9 d'ajouter sa semence, dans l'instant du monde de la mati\u00e8re, au centre de la destin\u00e9e animique.\r\n\r\nVous souhaitant une agr\u00e9able lecture \u00e9volutive...\r\n\r\n\u00ab Source d'\u00e9veil, un appel \u00e0 la communaut\u00e9 universelle... \u00bb\r\n\r\nMarilyn RICAUD\r\nTh\u00e9rapeute holistique\r\nSophrologue-Relaxologue\r\nLes \u00e9ditions BDSV","authors":["Marilyn Ricaud","Samantha Ricaud"],"category_codes":["4000000","4010000","4010200","4010207"],"visuals":{"large":"https:\/\/images.epagine.fr\/915\/9782959523915_1_75.jpg","medium":"https:\/\/images.epagine.fr\/915\/9782959523915_1_m.jpg","thumbnail":"https:\/\/images.epagine.fr\/915\/9782959523915_1_v.jpg"},"orderable":true,"show_badge":true,"formatted_price":"15,00&nbsp;\u20ac","formatted_published_date":"27 juillet 2024","publisher_availability_label":"Sur commande","short_details":"Marilyn Ricaud, Samantha Ricaud \u2014 Editions Bdsv","translator":null,"weight":313,"page_count":195,"readership":null,"editor":"Editions Bdsv","price":1500,"published_date":"2024-07-26T22:00:00.000000Z","support":"Grand format","publisher_availability":1,"stock":0,"editions":[],"url":"https:\/\/quaidesbrumes.com\/ouvrage\/9782959523915\/source-deveil-collection-le-voyageur-de-la-pleine-conscience-le-voyageur-de-la-pleine-conscience"},{"id":"9782956568865","title":"Decret tertiaire - t02 - decret tertiaire : des victoires rapides par des gestes dexploitation et de","description":null,"authors":["Association Des Dire"],"category_codes":["4000000","4010000","4010200","4010208"],"visuals":{"large":"https:\/\/quaidesbrumes.com\/img\/book-placeholder.png","medium":"https:\/\/quaidesbrumes.com\/img\/book-placeholder.png","thumbnail":"https:\/\/quaidesbrumes.com\/img\/book-placeholder.png"},"orderable":true,"show_badge":true,"formatted_price":"26,38&nbsp;\u20ac","formatted_published_date":"1er mars 2022","publisher_availability_label":"Sur commande","short_details":"Association Des Dire \u2014 Association des Directeurs immobiliers","translator":null,"weight":601,"page_count":null,"readership":null,"editor":"Association des Directeurs immobiliers","price":2638,"published_date":"2022-02-28T23:00:00.000000Z","support":"Grand format","publisher_availability":1,"stock":0,"editions":[],"url":"https:\/\/quaidesbrumes.com\/ouvrage\/9782956568865\/decret-tertiaire-t02-decret-tertiaire-des-victoires-rapides-par-des-gestes-dexploitation-et-de"},{"id":"9782364936133","title":"Les orages expliqu\u00e9s","description":"L'auteur a pens\u00e9 qu'il \u00e9tait utile d'\u00e9crire un ouvrage compl\u00e9mentaire \u00e0 La M\u00e9t\u00e9o expliqu\u00e9e pour donner plus de d\u00e9tails sur la formation des orages \u00e0 partir de masses d'air conditionnellement instables. S'il n'est pas toujours possible de pr\u00e9voir \u00e0 quel moment et o\u00f9 peut se cr\u00e9er un orage dans le monde, il est pourtant possible d'envisager, \u00e0 court terme, en tenant compte de certains \u00e9l\u00e9ments recueillis dans l'atmosph\u00e8re, que l'arriv\u00e9e d'une masse d'air agit\u00e9e est sur le point de se manifester.\r\nL'invention du radar a permis de d\u00e9couvrir, au loin, des nuages et des dangers de toutes sortes qui menacent les populations. Aujourd'hui, gr\u00e2ce aux \u00e9quipements, encore plus modernes et aux pr\u00e9visionnistes de haute comp\u00e9tence, il est possible de pr\u00e9venir le monde de l'arriv\u00e9e d'un danger imminent venant de loin. Malgr\u00e9 ces progr\u00e8s affirm\u00e9s, il est encore possible de trouver, dans certaines r\u00e9gions du monde, des \u00e9quipements qui paressent d\u00e9suets, d\u00e9mod\u00e9s, mais qui donnent des donn\u00e9es utiles d'observations et de permettre de pr\u00e9voir le temps par le trac\u00e9 de cartes et des \u00e9magrammes m\u00e9t\u00e9orologiques.\r\nCet ouvrage vous apprendra \u00e0 lire et \u00e0 tracer des courbes et des sondages \u00e0 partir de ballons l\u00e2ch\u00e9s dans l'atmosph\u00e8re \u00e0 partir du sol. Nous ne connaissons, en g\u00e9n\u00e9ral, que les nombreux ph\u00e9nom\u00e8nes qui se manifestent au niveau des nuages, mais au-dessus, que se passe-t-il tout l\u00e0-haut ? Vous d\u00e9couvrirez l'existence de Farfadets qui se produisent \u00e0 partir du sommet des Cumulonimbus vers la haute atmosph\u00e8re.\r\nCette atmosph\u00e8re est un merveilleux milieu, rempli de surprises, o\u00f9 il se passe toujours quelque chose d'important, des \u00e9v\u00e9nements plus ou moins heureux. Des aventures fascinantes existent dans un monde inconnu au-dessus de nous.\r","authors":["Jean Nicolas"],"category_codes":["4000000","4010000","4010300","4010303"],"visuals":{"large":"https:\/\/images.epagine.fr\/133\/9782364936133_1_75.jpg","medium":"https:\/\/images.epagine.fr\/133\/9782364936133_1_m.jpg","thumbnail":"https:\/\/images.epagine.fr\/133\/9782364936133_1_v.jpg"},"orderable":true,"show_badge":true,"formatted_price":"17,00&nbsp;\u20ac","formatted_published_date":"17 novembre 2017","publisher_availability_label":"Sur commande","short_details":"Jean Nicolas \u2014 CEPADUES","translator":null,"weight":240,"page_count":76,"readership":null,"editor":"CEPADUES","price":1700,"published_date":"2017-11-16T23:00:00.000000Z","support":"Grand format","publisher_availability":1,"stock":0,"editions":[],"url":"https:\/\/quaidesbrumes.com\/ouvrage\/9782364936133\/les-orages-expliques"},{"id":"9782364937512","title":"Livret de suivi de progression du pilote de planeur","description":"Ce livret permet \u00e0 l'instructeur, ainsi qu'\u00e0 l'\u00e9l\u00e8ve de suivre la progression de celui-ci. \r\nIl est compos\u00e9 de 3 grilles globales (Module 1 - Vers le L\u00e2ch\u00e9, Module 2 - Perfectionnement,  Module 3 - Objectif SPL) qui permettent de visualiser rapidement l\u00e0 o\u00f9 en est l'\u00e9l\u00e8ve, et de Fiches de S\u00e9ances o\u00f9 les d\u00e9tails de chaque cours peuvent \u00eatre consult\u00e9s.\r","authors":["Collectif"],"category_codes":["4000000","4010000","4010500","4010505"],"visuals":{"large":"https:\/\/images.epagine.fr\/512\/9782364937512_1_75.jpg","medium":"https:\/\/images.epagine.fr\/512\/9782364937512_1_m.jpg","thumbnail":"https:\/\/images.epagine.fr\/512\/9782364937512_1_v.jpg"},"orderable":true,"show_badge":true,"formatted_price":"11,00&nbsp;\u20ac","formatted_published_date":"28 janvier 2020","publisher_availability_label":"Sur commande","short_details":"Collectif \u2014 CEPADUES","translator":null,"weight":77,"page_count":52,"readership":null,"editor":"CEPADUES","price":1100,"published_date":"2020-01-27T23:00:00.000000Z","support":"Grand format","publisher_availability":1,"stock":0,"editions":[],"url":"https:\/\/quaidesbrumes.com\/ouvrage\/9782364937512\/livret-de-suivi-de-progression-du-pilote-de-planeur"},{"id":"9782364937529","title":"Pochette bleue du pilote planeur","description":"La pochette bleue du Pilote Planeur contient :\r\n\r\n- Le manuel du Pilote Planeur (agr\u00e9\u00e9 DTO\/ATO).\r\n\r\n- le Livret de progression du pilote Planeur.\r\n\r\nCet ouvrage, r\u00e9guli\u00e8rement mis \u00e0 jour, se veut conforme \u00e0 l'actuelle r\u00e9glementation Europ\u00e9enne concernant les pilotes de planeur. Il pr\u00e9sente, toutes les connaissances de base et les savoir-faire n\u00e9cessaires pour obtenir la Licence de Pilote de Planeur (SPL) et ses extensions.\r\nCon\u00e7u pour lier th\u00e9orie et pratique, il accompagne la progression de l'apprentissage, du premier d\u00e9collage jusqu'au vol \u00e0 voile sur la campagne.\r\nIl a \u00e9t\u00e9 r\u00e9alis\u00e9 \u00e0 l'origine avec le support des Centres Nationaux de Vol \u00e0 Voile de La Montagne Noire et de Saint-Auban.\r\nApr\u00e8s un inventaire complet des connaissances n\u00e9cessaires et suffisantes \u00e0 un pilote pratiquant le vol \u00e0 voile, il a \u00e9t\u00e9 r\u00e9dig\u00e9 et illustr\u00e9 par trois pilotes instructeurs du Service de la Formation A\u00e9ronautique et du Contr\u00f4le Technique :\r\n- Gabriel Chenevoy, formateur, chef pilote, comp\u00e9titeur de haut niveau, puis pilote d'essai.\r\n- Jean Michel Thellier, formateur d'instructeurs planeur et avion, puis pilote de ligne.\r\n- Robert Prat, formateur d'instructeurs, chef pilote, comp\u00e9titeur de haut niveau, puis pilote de ligne.\r\n\r\nCe livret permet \u00e0 l'instructeur, ainsi qu'\u00e0 l'\u00e9l\u00e8ve de suivre la progression de celui-ci.\r\n\r\nCe livret est renseign\u00e9 par l'instructeur lors du debriefing \u00e0 l'issue d'une s\u00e9ance de formation au sol ou en vol. \r\n\r\nIl est compos\u00e9 de 3 grilles globales :\r\n\r\nModule 1 - Vers le L\u00e2ch\u00e9.\r\nModule 2 - Perfectionnement.\r\nModule 3 - Objectif SPL.\r\n\r\nQui permettent de visualiser rapidement l\u00e0 o\u00f9 en est l'\u00e9l\u00e8ve, et de Fiches de S\u00e9ances o\u00f9 les d\u00e9tails de chaque cours peuvent \u00eatre consult\u00e9s.\r","authors":["Collectif"],"category_codes":["4000000","4010000","4010500","4010505"],"visuals":{"large":"https:\/\/images.epagine.fr\/529\/9782364937529_1_75.jpg","medium":"https:\/\/images.epagine.fr\/529\/9782364937529_1_m.jpg","thumbnail":"https:\/\/images.epagine.fr\/529\/9782364937529_1_v.jpg"},"orderable":true,"show_badge":true,"formatted_price":"45,00&nbsp;\u20ac","formatted_published_date":"14 f\u00e9vrier 2020","publisher_availability_label":"Sur commande","short_details":"Collectif \u2014 CEPADUES","translator":null,"weight":1210,"page_count":400,"readership":null,"editor":"CEPADUES","price":4500,"published_date":"2020-02-13T23:00:00.000000Z","support":"Grand format","publisher_availability":1,"stock":0,"editions":[],"url":"https:\/\/quaidesbrumes.com\/ouvrage\/9782364937529\/pochette-bleue-du-pilote-planeur"},{"id":"9782364938519","title":"\u00e0 la d\u00e9couverte de la voltige en planeur ; chor\u00e9graphie en plein ciel","description":"Cet ouvrage a pour but de vous aider \u00e0 pr\u00e9parer votre vol de voltige en planeur. Vous allez vivre de grandes sensations : voir la Terre \u00e0 la place du ciel, la voir se dresser comme un mur ou tournoyer devant vous, \u00e9prouver le poids de votre corps ou son all\u00e9gement en fonction des acc\u00e9l\u00e9rations. \r\nLa voltige en planeur a un go\u00fbt de raffinement, de puret\u00e9. Un planeur peut d\u00e9crire la plupart des figures effectu\u00e9es en avion, avec toutefois moins de violence, plus de gr\u00e2ce, sans l'apport du moteur qui autorise souvent de \u00ab?passer en force?\u00bb. Cette sensation de voltige en planeur va \u00eatre inoubliable.\r\nCet ouvrage vous propose un apport de connaissances notamment en r\u00e9glementation, en histoire, en m\u00e9canique du vol qui permettra au passager de mieux percevoir son environnement, de comprendre la situation, bref, de bien profiter de son vol et de le m\u00e9moriser.\r\nPar la suite, il pourra lui servir de support pour analyser ses souvenirs, les revivre, et lui donner envie, qui sait ?, de recommencer l'exp\u00e9rience.\r\nBon vol d'initiation en planeur et en voltige !\r","authors":["Jean Molveau"],"category_codes":["4000000","4010000","4010500","4010505"],"visuals":{"large":"https:\/\/images.epagine.fr\/519\/9782364938519_1_75.jpg","medium":"https:\/\/images.epagine.fr\/519\/9782364938519_1_m.jpg","thumbnail":"https:\/\/images.epagine.fr\/519\/9782364938519_1_v.jpg"},"orderable":true,"show_badge":true,"formatted_price":"17,00&nbsp;\u20ac","formatted_published_date":"1er juillet 2020","publisher_availability_label":"Sur commande","short_details":"Jean Molveau \u2014 CEPADUES","translator":null,"weight":208,"page_count":76,"readership":null,"editor":"CEPADUES","price":1700,"published_date":"2020-06-30T22:00:00.000000Z","support":"Grand format","publisher_availability":1,"stock":0,"editions":[],"url":"https:\/\/quaidesbrumes.com\/ouvrage\/9782364938519\/a-la-decouverte-de-la-voltige-en-planeur-choregraphie-en-plein-ciel"},{"id":"9782916525631","title":"Le cormier ; un arbre \u00e0 red\u00e9couvrir, tr\u00e9sor de notre patrimoine","description":"Le Cormier ou Sorbier domestique a presque disparu de nos paysages. \r\n      Pourtant ses usages nombreux et anciens restent d'actualit\u00e9 que ce soit  pour ses fruits ou son bois.\r\n    \r\n    \r\n      Ce livre rappelle les pr\u00e9parations culinaires qu'en faisaient les  Romains, jusqu'aux propri\u00e9t\u00e9s m\u00e9dicinales encore exploit\u00e9es aujourd'hui. \r\n      Le bois, particuli\u00e8rement dur, en a fait longtemps un alli\u00e9 des  m\u00e9caniques de contraintes (engrenages, vis de pressoir...), avant de  rejoindre la belle famille des \"feuillus pr\u00e9cieux\" magnifi\u00e9s en  \u00e9b\u00e9nisterie.\r\n    \r\n    \r\n      L'auteur, forestier amoureux de cette essence, n'oublie pas de relater  sa place dans l'histoire, la litt\u00e9rature... La partie consacr\u00e9e au paysage  propose 21 fiches qui expliquent comment r\u00e9habiliter le Cormier en toute  situation, du champ \u00e0 la for\u00eat.\r\n    \r\n    \r\n      Ce livre constitue une v\u00e9ritable encyclop\u00e9die sur cette essence trop  oubli\u00e9e.","authors":["Thomas Scaravetti"],"category_codes":["4000000","4010000","4010400","4010406"],"visuals":{"large":"https:\/\/images.epagine.fr\/631\/9782916525631_1_75.jpg","medium":"https:\/\/images.epagine.fr\/631\/9782916525631_1_m.jpg","thumbnail":"https:\/\/images.epagine.fr\/631\/9782916525631_1_v.jpg"},"orderable":true,"show_badge":true,"formatted_price":"28,00&nbsp;\u20ac","formatted_published_date":"23 novembre 2020","publisher_availability_label":"Sur commande","short_details":"Thomas Scaravetti \u2014 Centre national de la propri\u00e9t\u00e9 foresti\u00e8re","translator":null,"weight":670,"page_count":296,"readership":null,"editor":"Centre national de la propri\u00e9t\u00e9 foresti\u00e8re","price":2800,"published_date":"2020-11-22T23:00:00.000000Z","support":"Grand format","publisher_availability":1,"stock":0,"editions":[],"url":"https:\/\/quaidesbrumes.com\/ouvrage\/9782916525631\/le-cormier-un-arbre-a-redecouvrir-tresor-de-notre-patrimoine"},{"id":"9782707109569","title":"Danger ! amiante","description":"Dossier \u00e0 l'usage de celles et de ceux qui veulent agir sans s'en remettre aux sp\u00e9cialistes, ce livre a \u00e9t\u00e9 \u00e9crit collectivement par des militant-e-s syndiqu\u00e9-e-s ou non engag\u00e9-e-s dans cette lutte. C'est le t\u00e9moignage d'une action syndicale, pour la sant\u00e9 de tout le personnel d'une universit\u00e9, men\u00e9e en liaison avec les ouvriers de l'industrie de l'amiante. C'est aussi une tentative d'approche globale incluant la d\u00e9fense des consommateurs et de l'environnement.\r\n Facsimil\u00e9 de l'\u00e9dition de 1977\r\n\" Pour nous, l'amiante, c'est la mort. Ils savaient que sa poussi\u00e8re ronge les poumons. Le patron le savait. Le chef de la m\u00e9decine du travail le savait. Les Pouvoirs publics le savaient. Ils ne nous ont rien dit. Maintenant, nous comptons nos morts...\r\n \" \u00c0 qui le tour maintenant ? Qui d'entre nous est atteint d'asbestose, maladie comparable \u00e0 la silicose des mineurs ? Qui risque le m\u00e9soth\u00e9liome, cette forme rare du cancer de la pl\u00e8vre ou du p\u00e9ritoine ?... \" Extrait de \" S.O.S. des Amisol \", \r\nLa Vie ouvri\u00e8re, 21 juillet 1976.\r\n \u00c0 Amisol, le patron est parti, laissant les ouvri\u00e8res malades et au ch\u00f4mage.\r\n Dans les usines de Ferodo, Eternit, Saint-Gobain\/Pont-\u00e0-Mousson, 15 000 ouvriers travaillent l'amiante en France. Ce minerai fibreux extrait au Qu\u00e9bec, en Afrique du Sud ou en U.R.S.S. entre dans la fabrication de pr\u00e8s de 3 000 produits industriels. \u00c0 tous les stades de la production, de puissantes multinationales se partagent le march\u00e9, encaissent les profits, financent de tapageuses campagnes de publicit\u00e9 pour nous \" apprendre \u00e0 vivre avec l'amiante \". Au voisinage des usines, mais aussi dans les constructions modernes de type de l'universit\u00e9 Paris-Jussieu (voir en couverture), dans les C.E.S. et les parkings, dans les \u00e9glises et les prisons et jusque dans nos boissons, nous sommes tous mis en contact avec ce mat\u00e9riau.\r\n Apprendrons-nous \u00e0 mourir du cancer ?\r\n Dossier \u00e0 l'usage de celles et de ceux qui veulent agir sans s'en remettre aux sp\u00e9cialistes, ce livre a \u00e9t\u00e9 \u00e9crit collectivement par des militant-e-s syndiqu\u00e9-e-s ou non engag\u00e9-e-s dans cette lutte. C'est le t\u00e9moignage d'une action syndicale, pour la sant\u00e9 de tout le personnel d'une universit\u00e9, men\u00e9e en liaison avec les ouvriers de l'industrie de l'amiante. C'est aussi une tentative d'approche globale incluant la d\u00e9fense des consommateurs et de l'environnement.\r\n Facsimil\u00e9 de l'\u00e9dition de 1977","authors":["Collectif"],"category_codes":["4000000","4010000","4010300"],"visuals":{"large":"https:\/\/images.epagine.fr\/569\/9782707109569_1_75.jpg","medium":"https:\/\/images.epagine.fr\/569\/9782707109569_1_m.jpg","thumbnail":"https:\/\/images.epagine.fr\/569\/9782707109569_1_v.jpg"},"orderable":true,"show_badge":true,"formatted_price":"20,00&nbsp;\u20ac","formatted_published_date":"1er juin 1977","publisher_availability_label":"Sur commande","short_details":"Collectif \u2014 La d\u00e9couverte","translator":null,"weight":524,"page_count":423,"readership":null,"editor":"La d\u00e9couverte","price":2000,"published_date":"1977-05-31T22:00:00.000000Z","support":"Grand format","publisher_availability":1,"stock":0,"editions":[],"url":"https:\/\/quaidesbrumes.com\/ouvrage\/9782707109569\/danger-amiante"},{"id":"9782311150049","title":"Le g\u00e9nie des plantes : qu'ont-elles \u00e0 nous apprendre ?","description":"Un voyage fascinant \u00e0 la d\u00e9couverte du comportement des plantes, de leurs merveilleuses facult\u00e9s d'adaptation et des le\u00e7ons que nous, les hommes, devrions apprendre d'elles pour b\u00e2tir et former une soci\u00e9t\u00e9 plus juste et plus \u00e9panouie. \r\n\r\nD'apparence si statique et passive, les plantes ont tout \u00e0 nous apprendre. Expertes en adaptation, elles mettent en place des strat\u00e9gies ing\u00e9nieuses, notamment pour vaincre les obstacles humains et climatiques qui se dressent devant elles, d\u00e9cennie apr\u00e8s d\u00e9cennie.\r\nSans yeux ni oreilles, elles savent o\u00f9 elles sont, qui elles sont, qui les entoure (parents, amis, ennemis) et comment g\u00e9rer leurs ressources. Elles saisissent mieux que quiconque les bouleversements de leur environnement.\r\nElles pr\u00e9servent l'atmosph\u00e8re, nourrissent les \u00eatres vivants, abritent la faune, soignent les hommes... Mais si l'on sait les \u00e9couter, les plantes nous donnent aussi des le\u00e7ons permanentes sur la r\u00e9silience, la souplesse, la tol\u00e9rance, sur le respect de nos pairs et de notre terre.\r\nConna\u00eetre et comprendre leur fonctionnement, c'est s'\u00e9tonner, c'est s'\u00e9merveiller. C'est surtout changer notre regard sur notre propre soci\u00e9t\u00e9.","authors":["Beronda L. Montgomery"],"category_codes":["4000000","4010000","4010200","4010207"],"visuals":{"large":"https:\/\/images.epagine.fr\/049\/9782311150049_1_75.jpg","medium":"https:\/\/images.epagine.fr\/049\/9782311150049_1_m.jpg","thumbnail":"https:\/\/images.epagine.fr\/049\/9782311150049_1_v.jpg"},"orderable":true,"show_badge":true,"formatted_price":"15,90&nbsp;\u20ac","formatted_published_date":"30 ao\u00fbt 2022","publisher_availability_label":"Sur commande","short_details":"Beronda L. Montgomery \u2014 Vuibert","translator":null,"weight":215,"page_count":208,"readership":null,"editor":"Vuibert","price":1590,"published_date":"2022-08-29T22:00:00.000000Z","support":"Grand format","publisher_availability":1,"stock":0,"editions":[],"url":"https:\/\/quaidesbrumes.com\/ouvrage\/9782311150049\/le-genie-des-plantes-quont-elles-a-nous-apprendre"},{"id":"9782220079837","title":"Vivre dans un monde sans croissance ; quelle transition \u00e9nerg\u00e9tique ?","description":"Nous sommes en train de heurter les limites physiques de notre croissance plan\u00e9taire. \u00c9nergies, atmosph\u00e8re, eaux, sols, biodiversit\u00e9, mer, min\u00e9raux deviennent des indicateurs des mutations en cours. Cela demande un changement qualitatif sans pr\u00e9c\u00e9dent dans l'histoire de l'humanit\u00e9. Une terrible crise \u00e9conomique, sociale, g\u00e9opolitique s'annonce, mais nous pouvons y r\u00e9pondre. Une utopie ? Pas sur.Apr\u00e8s l'analyse de nos aveuglements, des habitudes qui m\u00e8nent \u00e0 des erreurs suicidaires, des croyances qui nous conduisent \u00e0 des actions st\u00e9riles, montrant l'interaction des diff\u00e9rents champs, l'auteur explore les possibilit\u00e9s et d\u00e9crit un programme global de transition \u00e9nerg\u00e9tique exigeant une mobilisation d\u00e9mocratique et misant sur la cr\u00e9ativit\u00e9. Il est urgent de coordonner et d'accentuer nos actions selon les limites reconnues, dans l'interaction des diff\u00e9rents niveaux, d\u00e8s maintenant et pour les d\u00e9cennies \u00e0 venir.Michel J.F. Dubois, biologiste et ing\u00e9nieur agro\u00e9conomiste, s'est investi en recherche et d\u00e9veloppement. Apr\u00e8s le prix de l'innovation du SIAL 2006 et nomin\u00e9 au prix de l'ing\u00e9nieur de l'ann\u00e9e 2008, il a dirig\u00e9 l'\u00e9cole d'agriculture de l'Institut Polytechnique LaSalle Beauvais. Titulaire d'une th\u00e8se de philosophie sur le vivant et l'ind\u00e9termin\u00e9, il est pr\u00e9sident du Centre ESTA (Centre d'\u00e9tudes psychosociologiques et travaux de recherche appliqu\u00e9e).","authors":["Michel j.- f. Dubois"],"category_codes":["4000000","4010000","4010200"],"visuals":{"large":"https:\/\/images.epagine.fr\/837\/9782220079837_1_75.jpg","medium":"https:\/\/images.epagine.fr\/837\/9782220079837_1_m.jpg","thumbnail":"https:\/\/images.epagine.fr\/837\/9782220079837_1_v.jpg"},"orderable":true,"show_badge":true,"formatted_price":"19,00&nbsp;\u20ac","formatted_published_date":"10 mars 2016","publisher_availability_label":"Sur commande","short_details":"Michel j.- f. Dubois \u2014 Descl\u00e9e de Brouwer","translator":null,"weight":350,"page_count":280,"readership":null,"editor":"Descl\u00e9e de Brouwer","price":1900,"published_date":"2016-03-09T23:00:00.000000Z","support":"Grand format","publisher_availability":1,"stock":0,"editions":[],"url":"https:\/\/quaidesbrumes.com\/ouvrage\/9782220079837\/vivre-dans-un-monde-sans-croissance-quelle-transition-energetique"},{"id":"9782246856993","title":"Les guerres du bio ; de l'utopie des origines au bio pour tous","description":"\u00ab Il y a 20 ans, le bio est entr\u00e9 massivement dans nos vies. Au d\u00e9part, la promesse tenait plut\u00f4t du projet n\u00e9o-hippie. Qui aurait voulu se nourrir des lentilles et betteraves, qui nous rappelaient les affreux plateaux repas de nos cantines d'\u00e9coliers ? Qui aurait pari\u00e9 sur des hamburgers au tofu ? Personne n'aurait propos\u00e9 en fin de repas une tisane \u00e0 ses invit\u00e9s, \u00e0 part nos grands-m\u00e8res. Le bio, c'\u00e9tait une lubie r\u00e9serv\u00e9e aux extr\u00eames : stars am\u00e9ricaines illumin\u00e9es ou vieux babacools sur le retour.  \u00bbS.Q.  \r\nMalgr\u00e9 sa d\u00e9mocratisation, le bio suscite encore de la m\u00e9fiance : prix prohibitifs, produits import\u00e9s de l'\u00e9tranger, cahier des charges europ\u00e9ens qui tol\u00e8re la pr\u00e9sence r\u00e9siduelle d'OGM... depuis que les g\u00e9ants de l'agro-alimentaire ont p\u00e9n\u00e9tr\u00e9 ce march\u00e9 plein de promesses, le bio semble \u00eatre entr\u00e9 en guerre contre lui-m\u00eame. Et le consommateur est perdu. Comment faire la diff\u00e9rence entre les produits bio achet\u00e9s chez Biocoop, Naturalia ou Carrefour ? Quelle r\u00e9alit\u00e9 se cache derri\u00e8re les tomates bio d'Espagne que nous trouvons, m\u00eame en hiver, sur les \u00e9tals des grandes surfaces ? Comment sont-elles cultiv\u00e9es ? Par qui ? Qu'est devenu le projet d\u00e9fendu par les pionniers du bio qui, bien plus qu'une agriculture sans pesticide, voulaient une \u00e9conomie fond\u00e9e sur la transparence, respectueuse de la terre, des animaux et des ouvriers agricoles ?\r\n  \r\nDes hangars de Rungis aux \u00e9piceries sp\u00e9cialis\u00e9es, des fermes \u00e9thiques aux cultures intensives d'Espagne, Stenka Quillet m\u00e8ne l'enqu\u00eate dans les coulisses du bio avec, comme horizon, cette question essentielle : quelle soci\u00e9t\u00e9 voulons-nous pour nous-m\u00eame et nos enfants ?","authors":["Stenka Quillet"],"category_codes":["4000000","4010000","4010200"],"visuals":{"large":"https:\/\/images.epagine.fr\/993\/9782246856993_1_75.jpg","medium":"https:\/\/images.epagine.fr\/993\/9782246856993_1_m.jpg","thumbnail":"https:\/\/images.epagine.fr\/993\/9782246856993_1_v.jpg"},"orderable":true,"show_badge":true,"formatted_price":"18,90&nbsp;\u20ac","formatted_published_date":"2 mai 2019","publisher_availability_label":"Sur commande","short_details":"Stenka Quillet \u2014 \u00c9ditions Grasset","translator":null,"weight":252,"page_count":242,"readership":null,"editor":"\u00c9ditions Grasset","price":1890,"published_date":"2019-05-01T22:00:00.000000Z","support":"Grand format","publisher_availability":1,"stock":0,"editions":[],"url":"https:\/\/quaidesbrumes.com\/ouvrage\/9782246856993\/les-guerres-du-bio-de-lutopie-des-origines-au-bio-pour-tous"},{"id":"9782246698012","title":"Histoires de saisons","description":"Ce livre est un tour d'horizon en quatre \u00ab saisons \u00bb de tous les \u00e9v\u00e9nements qui jalonnent l'ann\u00e9e, dans le monde animal et v\u00e9g\u00e9tal, mais aussi chez l'homme. Ainsi, on d\u00e9couvrira les moeurs d'un grand nombre d'animaux suivant les mois, dans des chapitres courts, rythm\u00e9s, et pleins d'humour, o\u00f9 les auteurs montrent leur profonde connaissance de la faune et de la flore. Comme dans une conversation, ils s'adressent souvent au lecteur, et lancent anecdotes savantes ou ancr\u00e9es dans la vie quotidienne, et plus ou moins sal\u00e9es.\r\nCar ce que les saisons rythment avant tout chez les animaux, ce sont les p\u00e9riodes de reproduction, dont les moeurs nous sont ici d\u00e9crites dans les d\u00e9tails, sans fausse pudeur, mais tout en donnant une description vivante, sans la froideur d'une observation purement scientifique. Et pour chaque animal, on suit le cycle d'une vie : apr\u00e8s la p\u00e9riode de reproduction vient la naissance, puis la jeunesse des petits, jusqu'au jour o\u00f9, eux aussi, vont se reproduire. \r\nMais l'homme n'est pas absent de ce livre ; il est t\u00e9moin de la vie animale, parfois acteur, ou pris \u00e0 partie quand les auteurs s'int\u00e9ressent \u00e0 la flore ; il est \u00e9galement le personnage d'anecdotes pleines d'humour.","authors":["Georges Fleury","Jean-Pierre Fleury"],"category_codes":["4000000","4010000"],"visuals":{"large":"https:\/\/images.epagine.fr\/012\/9782246698012_1_75.jpg","medium":"https:\/\/images.epagine.fr\/012\/9782246698012_1_m.jpg","thumbnail":"https:\/\/images.epagine.fr\/012\/9782246698012_1_v.jpg"},"orderable":true,"show_badge":true,"formatted_price":"19,90&nbsp;\u20ac","formatted_published_date":"17 mai 2006","publisher_availability_label":"Sur commande","short_details":"Georges Fleury, Jean-Pierre Fleury \u2014 \u00c9ditions Grasset","translator":null,"weight":295,"page_count":257,"readership":null,"editor":"\u00c9ditions Grasset","price":1990,"published_date":"2006-05-16T22:00:00.000000Z","support":"Grand format","publisher_availability":1,"stock":0,"editions":[],"url":"https:\/\/quaidesbrumes.com\/ouvrage\/9782246698012\/histoires-de-saisons"},{"id":"9782246516811","title":"Mes plus belles histoires de chasse","description":"\"Le chasseur, son chien et le gibier sont les trois protagonistes de cette f\u00eate sauvage qu'est la chasse. Assemblez ces \u00e9l\u00e9ments, lancez-les au vent du hasard et vous obtenez des brass\u00e9es d'histoires de chasse.\" Perdrix ou b\u00e9casse, garenne ou bouquetin, lion ou \u00e9l\u00e9phant, il n'y a pas de mauvais gibier, ni de chasse sans histoire. Regroup\u00e9es en chapitres : \"Histoires de petit gibier\", \"Histoires de gros\", \"Histoires de partout et d'ailleurs\", \"Histoires de fusils\", \"Histoires d'ouvertures\", \"Histoires africaines\"...toutes ces histoires constituent un r\u00e9gal pour les chasseurs comme pour les non-chasseurs, mais amateurs de gibier n\u00e9anmoins...\r","authors":["Eric Joly"],"category_codes":["4000000","4010000","4010500","4010502"],"visuals":{"large":"https:\/\/images.epagine.fr\/811\/9782246516811_1_75.jpg","medium":"https:\/\/images.epagine.fr\/811\/9782246516811_1_m.jpg","thumbnail":"https:\/\/images.epagine.fr\/811\/9782246516811_1_v.jpg"},"orderable":true,"show_badge":true,"formatted_price":"19,90&nbsp;\u20ac","formatted_published_date":"4 octobre 1995","publisher_availability_label":"Sur commande","short_details":"Eric Joly \u2014 \u00c9ditions Grasset","translator":null,"weight":277,"page_count":286,"readership":null,"editor":"\u00c9ditions Grasset","price":1990,"published_date":"1995-10-03T23:00:00.000000Z","support":"Grand format","publisher_availability":1,"stock":0,"editions":[],"url":"https:\/\/quaidesbrumes.com\/ouvrage\/9782246516811\/mes-plus-belles-histoires-de-chasse"},{"id":"9782246336716","title":"P\u00eache \u00e0 la plume","description":"Tous les amateurs de p\u00eache seront s\u00e9duits par le livre d'Andr\u00e9 Stil, qui raconte l'ensemble de ses aventures, face au brochet comme face au congre, v\u00e9cues \u00e0 l'aff\u00fbt d'une proie, soit au bord d'un ruisseau, soit en pleine mer. Il y a l\u00e0 un demi-si\u00e8cle d'amour consacr\u00e9 \u00e0 ce divertissement, qui est aussi une qu\u00eate de la discipline int\u00e9rieure et du bien-\u00eatre. Quel que soit le d\u00e9cor, l'humble rivi\u00e8re du Nord de la France, le lac Balaton ou l'oc\u00e9an, de la mer Noire \u00e0 la M\u00e9diterran\u00e9e, {P\u00eache \u00e0 la plume} traduit une douce et profonde acceptation de la vie : un optimisme contagieux. Andr\u00e9 Stil nous dit de quelle mani\u00e8re la patience du p\u00eacheur se mue en exigence de l'\u00e9criture. C'est dire qu'il n'est pas indispensable d'\u00eatre un p\u00eacheur pour trouver irr\u00e9sistible ce br\u00e9viaire du bonheur, de la gentillesse et de la g\u00e9n\u00e9rosit\u00e9 humaine. La musique au grand air d'Andr\u00e9 Stil est offerte \u00e0 tout le monde, avec une rare aisance.\r","authors":["Andr\u00e9 Stil"],"category_codes":["4000000","4010000","4010500","4010502"],"visuals":{"large":"https:\/\/images.epagine.fr\/716\/9782246336716_1_75.jpg","medium":"https:\/\/images.epagine.fr\/716\/9782246336716_1_m.jpg","thumbnail":"https:\/\/images.epagine.fr\/716\/9782246336716_1_v.jpg"},"orderable":true,"show_badge":true,"formatted_price":"15,90&nbsp;\u20ac","formatted_published_date":"17 avril 1985","publisher_availability_label":"Sur commande","short_details":"Andr\u00e9 Stil \u2014 \u00c9ditions Grasset","translator":null,"weight":180,"page_count":174,"readership":null,"editor":"\u00c9ditions Grasset","price":1590,"published_date":"1985-04-16T22:00:00.000000Z","support":"Grand format","publisher_availability":1,"stock":0,"editions":[],"url":"https:\/\/quaidesbrumes.com\/ouvrage\/9782246336716\/peche-a-la-plume"},{"id":"9782490399406","title":"Mon coeur ce cerf","description":"As-tu d\u00e9j\u00e0 \u00e9t\u00e9 au contact de la nature ?\r\n\r\nJe ne parle pas d'une simple balade en for\u00eat entre amis ou en famille, aussi salvatrice soit-elle. Je te parle d'une r\u00e9elle prise de contact, seul avec toi-m\u00eame, dans le but de l\u00e2cher prise et de d\u00e9couvrir la vraie vie sauvage.\r\nJ'\u00e9voque ce moment pr\u00e9cis, o\u00f9 chaque \u00e9l\u00e9ment compte : l'heure de la journ\u00e9e, le vent, la lumi\u00e8re, tes sens, ta respiration et les battements de ton coeur. Ce moment o\u00f9 tu d\u00e9cides de t'habiller aux couleurs de la nature, en ne prenant que l'essentiel, pour t'y aventurer...\r\n\r\n\u00c7a y est, tu entres dans cette for\u00eat, pas si myst\u00e9rieuse. Tu y connais tous les recoins \u00e0 force de t'y promener. Et c'est dans un respect entier pour l'animal, que tu t'inclines entre les roseaux, comme une r\u00e9v\u00e9rence, pour mieux te camoufler et l'admirer. \r\n\r\nTu te retrouves seul avec toi-m\u00eame. Tu avances. La moindre respiration, le moindre pas peuvent \u00eatre entendus. Le silence est d'or. Seuls les oiseaux ont le droit de se faire entendre. \u00c0 ce moment m\u00eame o\u00f9 tu t'appr\u00eatais \u00e0 poser le pied sur une feuille qui allait craquer, tu te retrouves nez \u00e0 nez avec une magnifique cr\u00e9ature sauvage. Une trentaine de m\u00e8tres vous s\u00e9parent. Tout doucement, tu t'accroupis. Les battements de ton coeur s'accroissent, tes mains sont moites, l'\u00e9motion t'envahit. Tous tes sens sont en \u00e9veil. Bienvenue dans un autre monde, chez lui. T'acceptera-t-il aussi pr\u00e8s de lui, encore quelques minutes pour cet incroyable t\u00eate-\u00e0-t\u00eate ?\r\n\r\nTu l'observes, le regardes...\r\nIl t'observe, te regarde et t'accueille...\r\nMon coeur ce cerf...","authors":["Jeanne Chatillon-Meplain"],"category_codes":["4000000","4010000"],"visuals":{"large":"https:\/\/images.epagine.fr\/406\/9782490399406_1_75.jpg","medium":"https:\/\/images.epagine.fr\/406\/9782490399406_1_m.jpg","thumbnail":"https:\/\/images.epagine.fr\/406\/9782490399406_1_v.jpg"},"orderable":true,"show_badge":true,"formatted_price":"35,00&nbsp;\u20ac","formatted_published_date":"20 octobre 2022","publisher_availability_label":"Sur commande","short_details":"Jeanne Chatillon-Meplain \u2014 Librisphaera","translator":null,"weight":420,"page_count":140,"readership":null,"editor":"Librisphaera","price":3500,"published_date":"2022-10-19T22:00:00.000000Z","support":"Grand format","publisher_availability":1,"stock":0,"editions":[],"url":"https:\/\/quaidesbrumes.com\/ouvrage\/9782490399406\/mon-coeur-ce-cerf"},{"id":"9782299003375","title":"Les animaux du jardin","description":"11 dessins en mosa\u00efque, repr\u00e9sentant les animaux du jardin, \u00e0 reconstituer par l'enfant gr\u00e2ce \u00e0 plus de 1 200 pastilles autocollantes repositionnables ! C'est l'occasion de partir \u00e0 la conqu\u00eate du jardin !\r\n\r\n\r\nPlus de 1 200 pastilles autocollantes repositionnables pour reconstituer en mosa\u00efque 11 animaux du jardin. Il suffit juste d'observer le mod\u00e8le et de le reproduire ensuite gr\u00e2ce aux autocollants ! C'est un jeu d'attention et de concentration qui commence pour votre enfant. Un moment de d\u00e9tente et de calme en perspective !","authors":["Pascal Debacque"],"category_codes":["4000000","4010000","4010300"],"visuals":{"large":"https:\/\/images.epagine.fr\/375\/9782299003375_1_75.jpg","medium":"https:\/\/images.epagine.fr\/375\/9782299003375_1_m.jpg","thumbnail":"https:\/\/images.epagine.fr\/375\/9782299003375_1_v.jpg"},"orderable":true,"show_badge":true,"formatted_price":"4,90&nbsp;\u20ac","formatted_published_date":"15 mars 2018","publisher_availability_label":"Sur commande","short_details":"Pascal Debacque \u2014 LE TEMPS APPRIVOISE","translator":null,"weight":148,"page_count":null,"readership":"\u00e0 partir de 2 ANS","editor":"LE TEMPS APPRIVOISE","price":490,"published_date":"2018-03-14T23:00:00.000000Z","support":"Grand format","publisher_availability":1,"stock":0,"editions":[],"url":"https:\/\/quaidesbrumes.com\/ouvrage\/9782299003375\/les-animaux-du-jardin"},{"id":"9782140274541","title":"La gouvernance de l'eau en californie : de l'illusion de l'abondance \u00e0 la gestion de la p\u00e9nurie","description":"Cet ouvrage pr\u00e9sente les choix politiques, \u00e9conomiques et sociaux en mati\u00e8re hydrique dans une perspective historique. En v\u00e9rit\u00e9, les politiques hydrauliques am\u00e9ricaines de l'abondance au XIXe et au XXe si\u00e8cles \u00e9taient difficilement compatibles avec l'aridit\u00e9 naturelle de l'Ouest am\u00e9ricain. Aussi, la soci\u00e9t\u00e9 hydraulique californienne s'est-elle retrouv\u00e9e sur la d\u00e9fensive face \u00e0 la mont\u00e9e en puissance du mouvement \u00e9cologiste \u00e0 la fin du XXe si\u00e8cle. Aujourd'hui, on est pass\u00e9 du \"d\u00e9veloppement durable\" \u00e0 la gestion de la \"p\u00e9nurie\" qui marque le XXIe si\u00e8cle. Les \"proclamations de s\u00e9cheresse\", toujours plus contraignantes pour les consommateurs d'eau et les industries, correspondent \u00e0 des chaleurs et \u00e0 une aridit\u00e9 jamais enregistr\u00e9es jusqu'ici et d\u00e9clenchant des feux de for\u00eat d'une ampleur croissante. Enfin, au cours de la derni\u00e8re d\u00e9cennie, la Californie a perdu 3 millions d'habitants, qui ont migr\u00e9 vers d'autres Etats, o\u00f9 le co\u00fbt de la vie est moins \u00e9lev\u00e9, notamment \u00e0 cause des surco\u00fbts caus\u00e9s par les mesures \u00e9cologiques qui brident le d\u00e9veloppement urbain.","authors":["Dominique Maillard"],"category_codes":["4000000","4010000","4010200","4010208"],"visuals":{"large":"https:\/\/images.epagine.fr\/541\/9782140274541_1_75.jpg","medium":"https:\/\/images.epagine.fr\/541\/9782140274541_1_m.jpg","thumbnail":"https:\/\/images.epagine.fr\/541\/9782140274541_1_v.jpg"},"orderable":true,"show_badge":true,"formatted_price":"30,00&nbsp;\u20ac","formatted_published_date":"27 septembre 2022","publisher_availability_label":"Sur commande","short_details":"Dominique Maillard \u2014 \u00c9ditions L'Harmattan","translator":null,"weight":464,"page_count":292,"readership":null,"editor":"\u00c9ditions L'Harmattan","price":3000,"published_date":"2022-09-26T22:00:00.000000Z","support":"Grand format","publisher_availability":1,"stock":0,"editions":[],"url":"https:\/\/quaidesbrumes.com\/ouvrage\/9782140274541\/la-gouvernance-de-leau-en-californie-de-lillusion-de-labondance-a-la-gestion-de-la-penurie"},{"id":"9791030905274","title":"L'\u00e9cologie trahie par les siens","description":"L'\u00e9cologie est une grande cause pour l'avenir de la plan\u00e8te et de l'humanit\u00e9, mais elle n'est ni de gauche ni de droite et ne doit pas et ne peut pas \u00eatre trait\u00e9e comme une valeur marchande au b\u00e9n\u00e9fice de politiques politiciennes remettant les fondements de notre soci\u00e9t\u00e9 en cause. Les mesurettes incongrues sur les sacs en plastique, les arbres de No\u00ebl, le Tour de France, etc. n'apportent rien et d\u00e9valorisent le concept. Comme les sectarismes dogmatiques des inconditionnels de la r\u00e9gression. Il ne faut pas s'y laisser prendre et r\u00e9agir car c'est essentiel et salutaire. D\u00e9j\u00e0 nous sommes tr\u00e8s tard dans le processus et peut-\u00eatre que d\u00e9sormais, il n'y a plus de solution que par des voies contraignantes voire autoritaires mais pas celles qui nous sont formul\u00e9es actuellement, qui sont r\u00e9gressistes et compl\u00e9tement inf\u00e9od\u00e9es \u00e0 des pratiques politiciennes de destruction de l'Occident. L'\u00e9cologie est tellement importante qu'il ne faut pas la laisser entre des mains incomp\u00e9tentes.","authors":["Didier Mansuy"],"category_codes":["4000000","4010000","4010200","4010208"],"visuals":{"large":"https:\/\/images.epagine.fr\/274\/9791030905274_1_75.jpg","medium":"https:\/\/images.epagine.fr\/274\/9791030905274_1_m.jpg","thumbnail":"https:\/\/images.epagine.fr\/274\/9791030905274_1_v.jpg"},"orderable":true,"show_badge":true,"formatted_price":"32,00&nbsp;\u20ac","formatted_published_date":"16 mai 2024","publisher_availability_label":"Sur commande","short_details":"Didier Mansuy \u2014 Orizons","translator":null,"weight":530,"page_count":350,"readership":null,"editor":"Orizons","price":3200,"published_date":"2024-05-15T22:00:00.000000Z","support":"Grand format","publisher_availability":1,"stock":0,"editions":[],"url":"https:\/\/quaidesbrumes.com\/ouvrage\/9791030905274\/lecologie-trahie-par-les-siens"},{"id":"9782344038949","title":"Corals ; a treasure to protect","description":"Un ouvrage accessible et \u00e9ducatif pour mieux conna\u00eetre le corail et les dangers qui le menacent. Saviez-vous que les coraux sont des animaux et non des plantes ? Qu'ils vivent en symbiose avec des algues et que cette relation est primordiale pour maintenir l'\u00e9quilibre de l'oc\u00e9an ? Aussi fascinants que fragiles, ces organismes sont capables de construire d'immenses structures, les r\u00e9cifs coralliens, oasis grouillantes de vie.\r\nSocle de toute la vie marine des tropiques, ces barri\u00e8res naturelles assurent aussi la survie de centaines de millions de personnes, qu'elles nourrissent au quotidien et prot\u00e8gent des assauts de la mer. Mais ces \u00e9difices grandioses sont tr\u00e8s sensibles aux perturbations occasionn\u00e9es par les activit\u00e9s de l'homme, \u00e0 commencer par le changement climatique. Leur survie est aujourd'hui clairement menac\u00e9e et l'un des sympt\u00f4mes n'est autre que leur blanchissement.\r\nEdit\u00e9 en partenariat avec l'Institut oc\u00e9anographique de Monaco, sous la direction de Denis Allemand, Robert Calcagno et Bernard Fautrier, ce livre richement illustr\u00e9 offre un panorama des connaissances actuelles en compagnie de ceux qui, \u00e0 Monaco et \u00e0 travers le monde, oeuvrent pour mieux comprendre ces joyaux et s'engagent pour les pr\u00e9server. Face aux menaces qui s'accumulent, il appr\u00e9hende les solutions \u00e0 mettre en place afin d'assurer leur sauvegarde, et, par cons\u00e9quent, l'\u00e9quilibre de l'oc\u00e9an et la p\u00e9rennit\u00e9 de notre plan\u00e8te.\r","authors":["Robert Calcagno","Bernard Fautrier","Denis Allemand"],"category_codes":["4000000","4010000","4010300","4010304"],"visuals":{"large":"https:\/\/images.epagine.fr\/949\/9782344038949_1_75.jpg","medium":"https:\/\/images.epagine.fr\/949\/9782344038949_1_m.jpg","thumbnail":"https:\/\/images.epagine.fr\/949\/9782344038949_1_v.jpg"},"orderable":true,"show_badge":true,"formatted_price":"19,95&nbsp;\u20ac","formatted_published_date":"26 f\u00e9vrier 2020","publisher_availability_label":"Sur commande","short_details":"Robert Calcagno, Bernard Fautrier, Denis Allemand \u2014 Gl\u00e9nat","translator":null,"weight":492,"page_count":144,"readership":null,"editor":"Gl\u00e9nat","price":1995,"published_date":"2020-02-25T23:00:00.000000Z","support":"Grand format","publisher_availability":1,"stock":0,"editions":[],"url":"https:\/\/quaidesbrumes.com\/ouvrage\/9782344038949\/corals-a-treasure-to-protect"},{"id":"9781838664787","title":"Ocean : exploring the marine world","description":"A richly illustrated celebration of the world's oceans and seas through art, history, oceanography, marine biology, and culture.\r\n\r\nThe latest installment in the bestselling Explorer Series, Ocean takes readers on a journey across continents and cultures to discover the endless ways artists and imagemakers have found inspiration in the marine world throughout history. Showcasing the diversity of the ocean from all over the world, both above and below the waves, this survey spans a wide range of styles and media - from art, scientific illustrations, and sculptures to underwater photography, film stills, and textiles - and follows a visually stunning sequence with works, regardless of period, thoughtfully paired to allow interesting and revealing juxtapositions between them.","authors":["Collectif"],"category_codes":["4000000","4010000","4010300","4010304"],"visuals":{"large":"https:\/\/images.epagine.fr\/787\/9781838664787_1_75.jpg","medium":"https:\/\/images.epagine.fr\/787\/9781838664787_1_m.jpg","thumbnail":"https:\/\/images.epagine.fr\/787\/9781838664787_1_v.jpg"},"orderable":true,"show_badge":true,"formatted_price":"54,95&nbsp;\u20ac","formatted_published_date":"13 octobre 2022","publisher_availability_label":"Sur commande","short_details":"Collectif \u2014 Phaidon Press","translator":null,"weight":2504,"page_count":352,"readership":null,"editor":"Phaidon Press","price":5495,"published_date":"2022-10-12T22:00:00.000000Z","support":"Grand format","publisher_availability":1,"stock":0,"editions":[],"url":"https:\/\/quaidesbrumes.com\/ouvrage\/9781838664787\/ocean-exploring-the-marine-world"},{"id":"9782322539215","title":"Passion Via Ferrata : 20 Via Ferrata \u00e0 d\u00e9couvrir en France et Suisse voisine","description":"Ce guide de 88 pages r\u00e9f\u00e9rence 20 Via Ferrata en France (Ain, Doubs, Jura, Haute-Savoie, Savoie, ...) et Suisse Voisine (Berne, Fribourg, Neuch\u00e2tel, Valais, Vaud, ...). \r\n\r\nPour chaque via, d\u00e9couvrez toutes les informations utiles (Coordonn\u00e9es GPS Parking, d\u00e9part - Niveau de difficult\u00e9, ...), des photos ainsi qu'un r\u00e9sum\u00e9 complet.\r\n\r\nEt pour \u00eatre certain de ne rien oublier avant de partir, d\u00e9couvrez une check-list compl\u00e8te !\r\n\r\nGr\u00e2ce aux QR Code pr\u00e9sents dans ce guide, profitez d'un contenu enrichi avec toujours plus de photos, + de vid\u00e9os et d'informations.","authors":["Laurent Saillard"],"category_codes":["4000000","4010000","4010500","4010503"],"visuals":{"large":"https:\/\/images.epagine.fr\/215\/9782322539215_1_75.jpg","medium":"https:\/\/images.epagine.fr\/215\/9782322539215_1_m.jpg","thumbnail":"https:\/\/images.epagine.fr\/215\/9782322539215_1_v.jpg"},"orderable":true,"show_badge":true,"formatted_price":"20,00&nbsp;\u20ac","formatted_published_date":"8 septembre 2024","publisher_availability_label":"Sur commande","short_details":"Laurent Saillard \u2014 Books on Demand","translator":null,"weight":131,"page_count":88,"readership":null,"editor":"Books on Demand","price":2000,"published_date":"2024-09-07T22:00:00.000000Z","support":"Grand format","publisher_availability":1,"stock":0,"editions":[],"url":"https:\/\/quaidesbrumes.com\/ouvrage\/9782322539215\/passion-via-ferrata-20-via-ferrata-a-decouvrir-en-france-et-suisse-voisine"},{"id":"9782343191096","title":"Climat : l'alerte impossible","description":"Les derniers rapports scientifiques sur le r\u00e9chauffement climatique et sur la biodiversit\u00e9 sont alarmants. Pourtant, malgr\u00e9 leur gravit\u00e9, nous ne semblons pas suffisamment int\u00e9grer ces constats officiels pour passer vraiment \u00e0 l'action. Comment expliquer ce \u00ab mal-entendu \u00bb ? Notre processus de d\u00e9veloppement d\u00e9brid\u00e9 nous a d\u00e9plac\u00e9s dans un environnement hors-sol o\u00f9 la nature a \u00e9t\u00e9 r\u00e9duite \u00e0 l'\u00e9tat de concept. D\u00e8s lors, d\u00e9connect\u00e9s de la r\u00e9alit\u00e9 \u00e9cologique de notre plan\u00e8te, nous sommes devenus sourds \u00e0 ses appels. Pire, l'alerte climatique, souvent per\u00e7ue comme anxiog\u00e8ne et culpabilisante, menace de devenir un v\u00e9ritable repoussoir.","authors":["Jean-pierre Payot"],"category_codes":["4000000","4010000","4010200"],"visuals":{"large":"https:\/\/images.epagine.fr\/096\/9782343191096_1_75.jpg","medium":"https:\/\/images.epagine.fr\/096\/9782343191096_1_m.jpg","thumbnail":"https:\/\/images.epagine.fr\/096\/9782343191096_1_v.jpg"},"orderable":true,"show_badge":true,"formatted_price":"30,50&nbsp;\u20ac","formatted_published_date":"18 mars 2020","publisher_availability_label":"Sur commande","short_details":"Jean-pierre Payot \u2014 \u00c9ditions L'Harmattan","translator":null,"weight":340,"page_count":288,"readership":null,"editor":"\u00c9ditions L'Harmattan","price":3050,"published_date":"2020-03-17T23:00:00.000000Z","support":"Grand format","publisher_availability":1,"stock":0,"editions":[],"url":"https:\/\/quaidesbrumes.com\/ouvrage\/9782343191096\/climat-lalerte-impossible"},{"id":"9782743009335","title":"\u00c9cologie du plancton","description":"V\u00e9ritable trait\u00e9 d'\u00e9cologie appliqu\u00e9e, \u00c9cologie du  plancton s'int\u00e9resse \u00e0 la structure et au fonctionnement de l'\u00e9cosyst\u00e8me  p\u00e9lagique, faisant appel \u00e0 des notions d'oc\u00e9anographie physique, de climatologie, de chimie marine et de  biologie. La premi\u00e8re partie d\u00e9crit l'originalit\u00e9 du  milieu p\u00e9lagique, et les adaptations qu'elles ont induites chez les  organismes microscopiques qui l'habitent. Une deuxi\u00e8me partie est  d\u00e9di\u00e9e aux concepts majeurs de l'oc\u00e9anographie : \r\n    Interactions oc\u00e9an-atmosph\u00e8re, transfert d'\u00e9nergie vers les hautes et  basses latitudes, \u00e9l\u00e9ments limitants la production, diff\u00e9rents types de r\u00e9seaux  trophiques, exemples issus de trois r\u00e9gions : l'oc\u00e9an tropical,  l'Antarctique et la M\u00e9diterran\u00e9e. Enfin, la troisi\u00e8me partie,  particuli\u00e8rement originale, fournit quelques exemples des r\u00f4les du  plancton sur le cycle du carbone et le changement climatique, sur  la formation des roches biog\u00e8nes ou sur les ph\u00e9nom\u00e8nes d'eaux color\u00e9es. \r\n    Abondamment illustr\u00e9, regorgeant d'exemples, cet ouvrage unique  r\u00e9actualise les connaissances sur le domaine, boulevers\u00e9es par les  d\u00e9couvertes fondamentales r\u00e9alis\u00e9es en oc\u00e9anographie  ces trente derni\u00e8res ann\u00e9es. Il s'adresse aux ing\u00e9nieurs,  techniciens, enseignants, chercheurs et \u00e9tudiants d'un vaste champ de  disciplines : oc\u00e9anographie, biologie marine, \u00e9cologie, sciences de  la vie et de la Terre...\r","authors":["Guy Jacques"],"category_codes":["4000000","4010000","4010400"],"visuals":{"large":"https:\/\/images.epagine.fr\/335\/9782743009335_1_75.jpg","medium":"https:\/\/images.epagine.fr\/335\/9782743009335_1_m.jpg","thumbnail":"https:\/\/images.epagine.fr\/335\/9782743009335_1_v.jpg"},"orderable":true,"show_badge":true,"formatted_price":"62,00&nbsp;\u20ac","formatted_published_date":"25 octobre 2006","publisher_availability_label":"Sur commande","short_details":"Guy Jacques \u2014 Tec Et Doc","translator":null,"weight":570,"page_count":282,"readership":null,"editor":"Tec Et Doc","price":6200,"published_date":"2006-10-24T22:00:00.000000Z","support":"Grand format","publisher_availability":1,"stock":0,"editions":[],"url":"https:\/\/quaidesbrumes.com\/ouvrage\/9782743009335\/ecologie-du-plancton"},{"id":"9782743021665","title":"\u00c9cologie et am\u00e9nagement des eaux marines","description":"L'\u00e9tude des \u00e9cosyst\u00e8mes marins est devenue une th\u00e9matique de recherche majeure pourtant, malgr\u00e9 la profusion des donn\u00e9es, il est difficile de se faire une id\u00e9e pr\u00e9cise sur l'\u00e9tat des oc\u00e9ans et des mers, leur fonctionnement, leur r\u00f4le et leur devenir. C'est l'objectif de cet ouvrage pluridisciplinaire de synth\u00e8se, qui expose le fonctionnement des \u00e9cosyst\u00e8mes marins, les interactions que l'humanit\u00e9 entretient avec eux et l'incroyable potentiel des oc\u00e9ans pour notre futur. Il s'articule autour de cinq parties qui d\u00e9veloppent successivement :\r\n\r\n- les interactions entre oc\u00e9anographie physique, \u00e9cologie et biologie marine ;\r\n\r\n- les rapports entre l'homme et les eaux marines (habitat, loisirs, tourisme, pollution, p\u00eache, aquaculture) ;\r\n\r\n- la multiplicit\u00e9 des interventions r\u00e9alises par l'homme dans les eaux c\u00f4ti\u00e8res pour les conserver ou les am\u00e9nager ;\r\n\r\n- les outils actuels capables de s'int\u00e9grer au fonctionnement des oc\u00e9ans et des mers (r\u00e9cifs artificiels, dispositifs de concentration de poissons, \u00e9closeries, cultures d'algues...) ;\r\n\r\n- le fort potentiel des oc\u00e9ans pour la production de ressources vivantes, l'\u00e9limination des pollutions et la r\u00e9gulation du climat, et des propositions pour \u00ab vivre en mer \u00bb.\r\n\r\nL'\u00e9cologie marine, l'halieutique, l'aquaculture, les loisirs, le tourisme et l'\u00e9conomie circulaire sont impliqu\u00e9s dans cette coop\u00e9ration entre l'esp\u00e8ce humaine et la mer pour permettre la protection, l'am\u00e9nagement et une valorisation durable des eaux marines. Les donn\u00e9es bibliographiques permettent toujours d'aller plus loin, transformant cette synth\u00e8se en un portail d'acc\u00e8s au monde des mers et des oc\u00e9ans. De nombreux sch\u00e9mas explicatifs et les remarquables clich\u00e9s de sp\u00e9cialistes du monde marin illustrent ces propos.\r","authors":["Gilbert Barnab\u00e9"],"category_codes":["4000000","4010000","4010200","4010203"],"visuals":{"large":"https:\/\/images.epagine.fr\/665\/9782743021665_1_75.jpg","medium":"https:\/\/images.epagine.fr\/665\/9782743021665_1_m.jpg","thumbnail":"https:\/\/images.epagine.fr\/665\/9782743021665_1_v.jpg"},"orderable":true,"show_badge":true,"formatted_price":"85,00&nbsp;\u20ac","formatted_published_date":"13 juin 2016","publisher_availability_label":"Sur commande","short_details":"Gilbert Barnab\u00e9 \u2014 Tec Et Doc","translator":null,"weight":929,"page_count":512,"readership":null,"editor":"Tec Et Doc","price":8500,"published_date":"2016-06-12T22:00:00.000000Z","support":"Grand format","publisher_availability":1,"stock":0,"editions":[],"url":"https:\/\/quaidesbrumes.com\/ouvrage\/9782743021665\/ecologie-et-amenagement-des-eaux-marines"}]}