{"data":[{"id":"9782709917193","title":"Insecta hemiptera heteroptera coreidae","description":"Les Coreidae de Madagascar sont r\u00e9vis\u00e9s; tous les taxa connus, pr\u00e9sents dans l'\u00eele, sont pris en compte. Deux sous-familles, douze tribus, vingt-neuf genres, un sous-genre, et soixante-neuf esp\u00e8ces sont trait\u00e9s en d\u00e9tail. Quatre nouveaux genres et dix-neuf nouvelles esp\u00e8ces sont d\u00e9crits et plac\u00e9s dans la sous-famille des Coreinae. Trois nouvelles combinaisons sont propos\u00e9es et cinq esp\u00e8ces mises en synonymie. Deux genres (Latimbus St\u00e5l et Oncaspidia St\u00e5l et une esp\u00e8ce sont enregistr\u00e9s pour la premi\u00e8re fois de Madagascar; une esp\u00e8ce par genre au moins est illustr\u00e9e par son habitus en vue dorsale et environ 200 dessins, repr\u00e9sentant les d\u00e9tails morphologiques ainsi que les genitalia m\u00e2les et femelles de quelques esp\u00e8ces, facilitent leur identification. Des cl\u00e9s bilingues sont fournies pour les sous-familles, tribus, genres, sous-genres et esp\u00e8ces malgaches. Des localit\u00e9s nouvelles apportent des pr\u00e9cisions sur leur distribution.\r","authors":["Harry Brailovsky alperowitz"],"category_codes":["4000000","4010000","4010300","4010302"],"visuals":{"large":"https:\/\/images.epagine.fr\/193\/9782709917193_1_75.jpg","medium":"https:\/\/images.epagine.fr\/193\/9782709917193_1_m.jpg","thumbnail":"https:\/\/images.epagine.fr\/193\/9782709917193_1_v.jpg"},"orderable":true,"show_badge":true,"formatted_price":"60,90&nbsp;\u20ac","formatted_published_date":"8 mars 2012","publisher_availability_label":"Sur commande","short_details":"Harry Brailovsky alperowitz \u2014 IRD","translator":null,"weight":658,"page_count":275,"readership":null,"editor":"IRD","price":6090,"published_date":"2012-03-07T23:00:00.000000Z","support":"Grand format","publisher_availability":1,"stock":0,"editions":[],"url":"https:\/\/quaidesbrumes.com\/ouvrage\/9782709917193\/insecta-hemiptera-heteroptera-coreidae"},{"id":"9782709917247","title":"Hommes et natures ; people and natures ; seres humanos y naturalezas","description":"Comprendre comment les soci\u00e9t\u00e9s humaines et leur environnement naturel s'influencent mutuellement est au coeur de tous les grands enjeux environnementaux contemporains, tels le d\u00e9veloppement durable et le changement climatique. Les peuples autochtones et les communaut\u00e9s locales - d\u00e9tenteurs de remarquables savoirs sur la nature et savoir-faire associ\u00e9s - sont dor\u00e9navant reconnus comme des acteurs incontournables des politiques de gestion de la biodiversit\u00e9. \r\n\r\nA travers des photos prises sur tous les continents et dans les environnements naturels et culturels les plus divers, ce livre rend accessible \u00e0 tous l'incroyable complexit\u00e9 des liens tiss\u00e9s entre hommes et natures et des modes de vie qui en d\u00e9coulent, ainsi que la grande diversit\u00e9 des questions qui doivent \u00eatre abord\u00e9es lorsqu'on les \u00e9tudie.","authors":["Collectif"],"category_codes":["4000000","4010000","4010300","4010302"],"visuals":{"large":"https:\/\/images.epagine.fr\/247\/9782709917247_1_75.jpg","medium":"https:\/\/images.epagine.fr\/247\/9782709917247_1_m.jpg","thumbnail":"https:\/\/images.epagine.fr\/247\/9782709917247_1_v.jpg"},"orderable":true,"show_badge":true,"formatted_price":"35,00&nbsp;\u20ac","formatted_published_date":"7 juin 2012","publisher_availability_label":"Sur commande","short_details":"Collectif \u2014 IRD","translator":null,"weight":788,"page_count":176,"readership":null,"editor":"IRD","price":3500,"published_date":"2012-06-06T22:00:00.000000Z","support":"Grand format","publisher_availability":1,"stock":0,"editions":[],"url":"https:\/\/quaidesbrumes.com\/ouvrage\/9782709917247\/hommes-et-natures-people-and-natures-seres-humanos-y-naturalezas"},{"id":"9782759228065","title":"Des oiseaux et des hommes : fonctions \u00e9cologiques et services \u00e9cosyst\u00e9miques","description":"Les services \u00e9cosyst\u00e9miques se d\u00e9finissent par ce que le vivant non humain apporte aux soci\u00e9t\u00e9s humaines en termes d'approvisionnement en ressources, de fonctions de support et de r\u00e9gulation des \u00e9cosyst\u00e8mes, mais aussi en termes de bienfaits culturels d'ordre esth\u00e9tique, r\u00e9cr\u00e9atif, artistique et spirituel. Par la diversit\u00e9 de leurs comportements et leur attrait pour les humains, les oiseaux sont d'admirables mod\u00e8les pour explorer ce th\u00e8me dont les diff\u00e9rentes facettes sont analys\u00e9es dans ce livre \u00e0 partir de nombreux exemples illustrant en quoi ils contribuent au bien-\u00eatre des soci\u00e9t\u00e9s, mais aussi comment ils peuvent parfois leur causer des torts. Mais au-del\u00e0 de l'aspect utilitaire associ\u00e9 \u00e0 l'instrumentalisation de l'oiseau dans une perspective \u00e9conomique, l'imm\u00e9diatement utile ne doit pas faire oublier que ce pan de la nature qu'ils repr\u00e9sentent ne se limite pas \u00e0 ses commodit\u00e9s et \u00e0 ses am\u00e9nit\u00e9s mais participe d'une dynamique \u00e9cologique et \u00e9volutive dont les acteurs sont des \u00eatres sensibles libres et ind\u00e9pendants.","authors":["Jacques Blondel","Jean-fran\u00e7ois Desmet"],"category_codes":["4000000","4010000","4010300"],"visuals":{"large":"https:\/\/images.epagine.fr\/065\/9782759228065_1_75.jpg","medium":"https:\/\/images.epagine.fr\/065\/9782759228065_1_m.jpg","thumbnail":"https:\/\/images.epagine.fr\/065\/9782759228065_1_v.jpg"},"orderable":true,"show_badge":true,"formatted_price":"26,00&nbsp;\u20ac","formatted_published_date":"5 juillet 2018","publisher_availability_label":"Sur commande","short_details":"Jacques Blondel, Jean-fran\u00e7ois Desmet \u2014 Qu\u00e6","translator":null,"weight":417,"page_count":162,"readership":null,"editor":"Qu\u00e6","price":2600,"published_date":"2018-07-04T22:00:00.000000Z","support":"Grand format","publisher_availability":1,"stock":0,"editions":[],"url":"https:\/\/quaidesbrumes.com\/ouvrage\/9782759228065\/des-oiseaux-et-des-hommes-fonctions-ecologiques-et-services-ecosystemiques"},{"id":"9788893197144","title":"Alchimie sauvage ; le chemin de l'\u00e9veil par la for\u00eat","description":"Vivez une exp\u00e9rience unique dans un environnement id\u00e9al pour l'alchimie : la for\u00eat.\r\nLa for\u00eat est l'archive vivante par excellence de l'univers \u00e9motionnel humain, et elle offre \u00e0 ceux qui la consultent d'infinies possibilit\u00e9s d'\u00e9veil int\u00e9rieur. En suivant les cycles des saisons en accord avec les phases alchimiques, Michele Giovagnoli vous accompagne le long d'un parcours pratique d'interactions avec les \u00e9l\u00e9ments sauvages en se situant \u00e0 mi-chemin entre le narrateur et le life coach.\r\n\r\nCet ouvrage rassemble 12 exp\u00e9riences concr\u00e8tes. Il s'adresse \u00e0 ceux qui vivent la nature avec amour et s'int\u00e9ressent \u00e0 leur d\u00e9veloppement personnel, aux randonneurs, aux professionnels de l'environnement ou encore aux coachs en entreprise.\r\n\r\nLa rencontre avec les arbres, les feuilles, les animaux, les lumi\u00e8res et les sons de la for\u00eat et votre fusion avec eux seront le point de d\u00e9part de votre voyage entre visible et invisible.\r\n\r\n\u00c0 travers l'exp\u00e9rimentation et la contemplation de la nature, vous pourrez focaliser votre attention et \u00e9tendre la sensibilit\u00e9 et les perceptions de votre \u00e2me, en ne vous sentant plus ma\u00eetre de vous-m\u00eame mais de quelque chose de plus vaste et plus magique...\r","authors":["Michele Giovagnoli"],"category_codes":["4000000","4010000","4010300"],"visuals":{"large":"https:\/\/images.epagine.fr\/144\/9788893197144_1_75.jpg","medium":"https:\/\/images.epagine.fr\/144\/9788893197144_1_m.jpg","thumbnail":"https:\/\/images.epagine.fr\/144\/9788893197144_1_v.jpg"},"orderable":true,"show_badge":true,"formatted_price":"10,95&nbsp;\u20ac","formatted_published_date":"17 mai 2018","publisher_availability_label":"Sur commande","short_details":"Michele Giovagnoli \u2014 MACRO EDITIONS","translator":null,"weight":272,"page_count":134,"readership":null,"editor":"MACRO EDITIONS","price":1095,"published_date":"2018-05-16T22:00:00.000000Z","support":"Grand format","publisher_availability":1,"stock":0,"editions":[],"url":"https:\/\/quaidesbrumes.com\/ouvrage\/9788893197144\/alchimie-sauvage-le-chemin-de-leveil-par-la-foret"},{"id":"9782709914109","title":"Flore des Mascareignes ; La R\u00e9union, Maurice, Rodrigues ; famille 27, araucariac\u00e9es \u00e0 30 bis, Zamiac\u00e9es","description":null,"authors":["Collectif"],"category_codes":["4000000","4010000","4010400"],"visuals":{"large":"https:\/\/images.epagine.fr\/109\/9782709914109_1_75.jpg","medium":"https:\/\/images.epagine.fr\/109\/9782709914109_1_m.jpg","thumbnail":"https:\/\/images.epagine.fr\/109\/9782709914109_1_v.jpg"},"orderable":true,"show_badge":true,"formatted_price":"10,20&nbsp;\u20ac","formatted_published_date":"24 mai 2011","publisher_availability_label":"Sur commande","short_details":"Collectif \u2014 IRD","translator":null,"weight":65,"page_count":null,"readership":null,"editor":"IRD","price":1020,"published_date":"2011-05-23T22:00:00.000000Z","support":"Grand format","publisher_availability":1,"stock":0,"editions":[],"url":"https:\/\/quaidesbrumes.com\/ouvrage\/9782709914109\/flore-des-mascareignes-la-reunion-maurice-rodrigues-famille-27-araucariacees-a-30-bis-zamiacees"},{"id":"9782709914093","title":"Lflore des Mascareignes ; la R\u00e9union, Maurice, Rodrigues : 69, m\u00e9liac\u00e9es \u00e0 79, connarac\u00e9es","description":null,"authors":["Collectif"],"category_codes":["4000000","4010000","4010400"],"visuals":{"large":"https:\/\/images.epagine.fr\/093\/9782709914093_1_75.jpg","medium":"https:\/\/images.epagine.fr\/093\/9782709914093_1_m.jpg","thumbnail":"https:\/\/images.epagine.fr\/093\/9782709914093_1_v.jpg"},"orderable":true,"show_badge":true,"formatted_price":"18,30&nbsp;\u20ac","formatted_published_date":"23 mai 2011","publisher_availability_label":"Sur commande","short_details":"Collectif \u2014 IRD","translator":null,"weight":201,"page_count":null,"readership":null,"editor":"IRD","price":1830,"published_date":"2011-05-22T22:00:00.000000Z","support":"Grand format","publisher_availability":1,"stock":0,"editions":[],"url":"https:\/\/quaidesbrumes.com\/ouvrage\/9782709914093\/lflore-des-mascareignes-la-reunion-maurice-rodrigues-69-meliacees-a-79-connaracees"},{"id":"9782357332881","title":"Les 101 mots de la biodiversit\u00e9 urbaine \u00e0 l'usage de tous","description":"Accorder l'urbain et le vivant ? L'\u00e9tude de la biodiversit\u00e9 urbaine d\u00e9montre que ce d\u00e9sir est loin d'\u00eatre na\u00eff et, mieux encore, qu'il r\u00e9v\u00e8le des enjeux essentiels touchant au bien-\u00eatre et \u00e0 la sant\u00e9 de l'\u00eatre humain en ville.\r\n\r\nA travers la d\u00e9finition de concepts cl\u00e9s tels qu'\"agriculture urbaine\", \"\u00e9coquartier\", \"greenwashing\", \"renaturation\" ou encore \"z\u00e9ro phyto\", les trois \u00e9cologues Olivier Lemoine, Joanny Fahrner et Tolga Coskun dessinent dans Les 101 mots de la biodiversit\u00e9 urbaine les contours d'un engagement en faveur d'une ville ouverte \u00e0 la nature, \u00e0 sa diversit\u00e9 et \u00e0 une cohabitation riche entre l'homme et le vivant.\r","authors":["Fahrner Lemoine"],"category_codes":["4000000","4010000","4010300"],"visuals":{"large":"https:\/\/images.epagine.fr\/881\/9782357332881_1_75.jpg","medium":"https:\/\/images.epagine.fr\/881\/9782357332881_1_m.jpg","thumbnail":"https:\/\/images.epagine.fr\/881\/9782357332881_1_v.jpg"},"orderable":true,"show_badge":true,"formatted_price":"12,90&nbsp;\u20ac","formatted_published_date":"9 janvier 2014","publisher_availability_label":"Sur commande","short_details":"Fahrner Lemoine \u2014 Archibooks","translator":null,"weight":86,"page_count":56,"readership":null,"editor":"Archibooks","price":1290,"published_date":"2014-01-08T23:00:00.000000Z","support":"Grand format","publisher_availability":1,"stock":0,"editions":[],"url":"https:\/\/quaidesbrumes.com\/ouvrage\/9782357332881\/les-101-mots-de-la-biodiversite-urbaine-a-lusage-de-tous"},{"id":"9782709918756","title":"Une autre terre ; lexique illustr\u00e9 d'une nature \u00e0 prot\u00e9ger","description":"En un temps tr\u00e8s court \u00e0 l'\u00e9chelle g\u00e9ologique, notre esp\u00e8ce a cr\u00e9\u00e9 \"une autre Terre\", significativement diff\u00e9rente de celle qui existait lorsque l'homme est apparu. Les changements qui ont transform\u00e9 notre plan\u00e8te sont d\u00e9sormais si profonds qu'ils menacent le fonctionnement m\u00eame de la biosph\u00e8re, mettant de facto en danger le futur de l'humanit\u00e9. \r\n\r\nCe livre permettra au lecteur de comprendre les m\u00e9canismes de ces changements et leurs interrelations avec les esp\u00e8ces, y compris l'esp\u00e8ce humaine. Il est constitu\u00e9 d'un glossaire choisi de 45 concepts et mots cl\u00e9s, tous accompagn\u00e9s de plusieurs photographies, qui pr\u00e9sentent ces changements \u00e0 l'\u00e9chelle du syst\u00e8me Terre, des esp\u00e8ces sauvages et des humains. Allers-retours entre textes et images d'une beaut\u00e9 saisissante permettent ainsi \u00e0 chacun de se construire une vision claire et globale des d\u00e9fis qui s'imposent \u00e0 la vie sur Une Autre Terre.","authors":["Olivier Dangles","B\u00e9l\u00e9n Mena","Fran\u00e7ois Nowicki"],"category_codes":["4000000","4010000","4010300","4010302"],"visuals":{"large":"https:\/\/images.epagine.fr\/756\/9782709918756_1_75.jpg","medium":"https:\/\/images.epagine.fr\/756\/9782709918756_1_m.jpg","thumbnail":"https:\/\/images.epagine.fr\/756\/9782709918756_1_v.jpg"},"orderable":true,"show_badge":true,"formatted_price":"42,00&nbsp;\u20ac","formatted_published_date":"5 d\u00e9cembre 2014","publisher_availability_label":"Sur commande","short_details":"Olivier Dangles, B\u00e9l\u00e9n Mena, Fran\u00e7ois Nowicki \u2014 IRD","translator":null,"weight":1652,"page_count":204,"readership":null,"editor":"IRD","price":4200,"published_date":"2014-12-04T23:00:00.000000Z","support":"Grand format","publisher_availability":1,"stock":0,"editions":[],"url":"https:\/\/quaidesbrumes.com\/ouvrage\/9782709918756\/une-autre-terre-lexique-illustre-dune-nature-a-proteger"},{"id":"9782709918732","title":"Guide illustr\u00e9 de la flore de Patagonie","description":"Partag\u00e9e entre l'Argentine et le Chili \u00e0 la pointe australe du continent am\u00e9ricain, la Patagonie a de longue date fascin\u00e9 explorateurs, naturalistes et simples voyageurs. Selon l'altitude, l'exposition aux vents et aux pr\u00e9cipitations, ou selon la latitude, ce vaste espace peu habit\u00e9 pr\u00e9sente une grande vari\u00e9t\u00e9 de milieux et une flore diversifi\u00e9e. Entre for\u00eat temp\u00e9r\u00e9e andino-patagone, for\u00eat valdivienne pluvieuse, for\u00eat subantarctique, steppes, v\u00e9g\u00e9tations rases de haute altitude, la flore de Patagonie est \u00e0 la fois vari\u00e9e et originale. Selon les r\u00e9gions, elle pr\u00e9sente des affinit\u00e9s avec la flore du reste de l'Am\u00e9rique du Sud, de l'Am\u00e9rique du Nord, mais \u00e9galement avec celle de l'Oc\u00e9anie, et notamment de la Nouvelle-Z\u00e9lande, et elle montre par ailleurs un taux important d'end\u00e9misme.\r\nTraduit et augment\u00e9 \u00e0 partir d'une premi\u00e8re \u00e9dition bilingue (espagnol\/anglais) publi\u00e9e en 2008 (\u00e9ditions V\u00e1zquez Mazzini Editores, Buenos Aires), ce guide naturaliste offre au non-sp\u00e9cialiste une pr\u00e9sentation des familles botaniques les plus caract\u00e9ristiques de la Patagonie argentine et chilienne. Au total 95 familles sont d\u00e9crites, avec les principaux genres et esp\u00e8ces, leur habitat sp\u00e9cifique, chaque famille \u00e9tant illustr\u00e9e par une ou plusieurs esp\u00e8ces, le plus souvent indig\u00e8nes. Une invitation \u00e0 la d\u00e9couverte de l'\u00e9tonnante richesse botanique de la r\u00e9gion la plus australe du monde, avec sa flore originale et encore mal connue.\r","authors":["Daniel Barthelemy","Cecilia Brion","Javier Puntieri"],"category_codes":["4000000","4010000","4010400"],"visuals":{"large":"https:\/\/images.epagine.fr\/732\/9782709918732_1_75.jpg","medium":"https:\/\/images.epagine.fr\/732\/9782709918732_1_m.jpg","thumbnail":"https:\/\/images.epagine.fr\/732\/9782709918732_1_v.jpg"},"orderable":true,"show_badge":true,"formatted_price":"48,00&nbsp;\u20ac","formatted_published_date":"27 ao\u00fbt 2015","publisher_availability_label":"Sur commande","short_details":"Daniel Barthelemy, Cecilia Brion, Javier Puntieri \u2014 IRD","translator":null,"weight":682,"page_count":242,"readership":null,"editor":"IRD","price":4800,"published_date":"2015-08-26T22:00:00.000000Z","support":"Grand format","publisher_availability":1,"stock":0,"editions":[],"url":"https:\/\/quaidesbrumes.com\/ouvrage\/9782709918732\/guide-illustre-de-la-flore-de-patagonie"},{"id":"9782907781572","title":"Montagne en fleurs","description":"Quand on gravit une montagne, on rencontre sur son chemin une succession de merveilles de la nature.\r\nEntre l'horizon o\u00f9 ponte notre regard et le sol que l'on foule, s'\u00e9tale une formidable diversit\u00e9 de milieux, des panoramas grandioses et une v\u00e9g\u00e9tation riche et vari\u00e9e. C'est dans cet \u00e9crin de nature, sur ces chemins de montagne, que l'aquarelliste Marie-Paule Roc a trouv\u00e9 son inspiration et son bonheur. Dans ce carnet d'aquarelles, elle nous fait d\u00e9couvrir les plantes sauvages qu'elle aime. Les esp\u00e8ces embl\u00e9matiques qu'elle nous pr\u00e9sente (pr\u00e8s de 60 au total) sont l\u00e0 pour nous rappelez la richesse de la flore alpine, et nous faire profitez tout au long de l'ann\u00e9e de la beaut\u00e9 des montagnes \u00e0 fleurs.\r","authors":["Roc"],"category_codes":["4000000","4010000","4010400"],"visuals":{"large":"https:\/\/images.epagine.fr\/572\/9782907781572_1_75.jpg","medium":"https:\/\/images.epagine.fr\/572\/9782907781572_1_m.jpg","thumbnail":"https:\/\/images.epagine.fr\/572\/9782907781572_1_v.jpg"},"orderable":true,"show_badge":true,"formatted_price":"15,50&nbsp;\u20ac","formatted_published_date":"15 avril 2003","publisher_availability_label":"Sur commande","short_details":"Roc \u2014 Gl\u00e9nat","translator":null,"weight":315,"page_count":96,"readership":null,"editor":"Gl\u00e9nat","price":1550,"published_date":"2003-04-14T22:00:00.000000Z","support":"Grand format","publisher_availability":1,"stock":0,"editions":[],"url":"https:\/\/quaidesbrumes.com\/ouvrage\/9782907781572\/montagne-en-fleurs"},{"id":"9782212139099","title":"D\u00e9coration florale ; pour une approche intuitive et po\u00e9tique au fil des saisons","description":"La fleur et au-del\u00e0 de la fleur, le v\u00e9g\u00e9tal. Et au-del\u00e0 de l'assemblage de tiges et de p\u00e9tales, au-del\u00e0 des r\u00e8gles de composition, l'\u00e9motion. La joie d'observer, de toucher, de sentir, et de ressentir. Le plaisir de cueillir, de faire des bouquets, d'offrir... attention \u00e0 l'autre et \u00e0 soi...\r\nFr\u00e9d\u00e9ric Garrigues vous transmet les bases simples de la d\u00e9coration florale et vous invite \u00e0 une approche plus intuitive que technique, plus sensible qu'imitative.\r\nApprenez \u00e0 r\u00e9aliser pas \u00e0 pas des compositions tout au long de l'ann\u00e9e. Et surtout prenez confiance en vous, suivez votre sensibilit\u00e9, vos go\u00fbts pour imaginer vos propres cr\u00e9ations au fil des saisons.\r","authors":["Nathalie Bouat","Fr\u00e9d\u00e9ric Garrigues"],"category_codes":["4000000","4010000","4010400","4010405"],"visuals":{"large":"https:\/\/images.epagine.fr\/099\/9782212139099_1_75.jpg","medium":"https:\/\/images.epagine.fr\/099\/9782212139099_1_m.jpg","thumbnail":"https:\/\/images.epagine.fr\/099\/9782212139099_1_v.jpg"},"orderable":true,"show_badge":true,"formatted_price":"25,00&nbsp;\u20ac","formatted_published_date":"24 septembre 2015","publisher_availability_label":"Sur commande","short_details":"Nathalie Bouat, Fr\u00e9d\u00e9ric Garrigues \u2014 \u00c9ditions Eyrolles","translator":null,"weight":838,"page_count":176,"readership":null,"editor":"\u00c9ditions Eyrolles","price":2500,"published_date":"2015-09-23T22:00:00.000000Z","support":"Grand format","publisher_availability":1,"stock":0,"editions":[],"url":"https:\/\/quaidesbrumes.com\/ouvrage\/9782212139099\/decoration-florale-pour-une-approche-intuitive-et-poetique-au-fil-des-saisons"},{"id":"9782356714213","title":"Challenges of functionality for eco-design ; crossed visions of functionality from various disciplines","description":"EcoSD network is a French association whose main objective is to encourage collaboration between academic and industrial researchers so they may create and spread advanced multidisciplinary knowledge in the eco-design fields at national and international levels. Among other actions, EcoSD organizes an annual thematic workshop to enhance collaborative discussions. The present workshop was organized in that frame. It was held in Nantes in 2014. It gathered around 50 participants.\r\n\r\nThe notion of function in eco-design can have different meanings, according to the discipline (engineering, economy, sociology), and according to the life cycle step. When a product is conceived, eco-designing imposes to foresee the use and end-of-life phases. However, there are differences between the \"expected functions\", and the actual \"usage\" of products, that could be compared by analogy to the difference between \"supply\" and \"demand\" in economy. This gap between function and usage could be explored to improve environmental performances of products because adjusting the function is a performance axis by itself, as well as to better define comparison basis between similar (but different because multi-functional) products. This problematic is transversal to eco-design: eco-usage, functional economy, Life Cycle Assessment (functional unit and consequential LCA)... It can be resumed by the following key questions: How to define functions? How to predict and quantify functions, utilities and usages ? How to compare complex objects ?\r\n\r\nThe objectives of the workshop were to cross different visions from different disciplines gathering the most recent researches in France. Researchers from various research domains such as design for innovation, mechanical design, life cycle assessment (LCA), functional economy or market economy, were invited to present their work in various application fields: agricultural and food industries, waste management, construction, mechanical engineering and transports. Industrial from the automotive and buildings sectors were also invited to explain how they consider functions in their actual practices.\r","authors":["Collectif","Anne Ventura"],"category_codes":["4000000","4010000","4010200","4010204"],"visuals":{"large":"https:\/\/images.epagine.fr\/213\/9782356714213_1_75.jpg","medium":"https:\/\/images.epagine.fr\/213\/9782356714213_1_m.jpg","thumbnail":"https:\/\/images.epagine.fr\/213\/9782356714213_1_v.jpg"},"orderable":true,"show_badge":true,"formatted_price":"20,00&nbsp;\u20ac","formatted_published_date":"12 janvier 2017","publisher_availability_label":"Sur commande","short_details":"Collectif, Anne Ventura \u2014 Presses De L'Ecole Des Mines","translator":null,"weight":162,"page_count":88,"readership":null,"editor":"Presses De L'Ecole Des Mines","price":2000,"published_date":"2017-01-11T23:00:00.000000Z","support":"Grand format","publisher_availability":1,"stock":0,"editions":[],"url":"https:\/\/quaidesbrumes.com\/ouvrage\/9782356714213\/challenges-of-functionality-for-eco-design-crossed-visions-of-functionality-from-various-disciplines"},{"id":"9782709922197","title":"The Mediterranean region under climate change ; a scientifique update","description":"This book has been published by Allenvi (French National Alliance for Environmental Research) to coincide with the 22nd Conference of Parties to the United Nations Framework Convention on Climate Change (COP22) in Marrakesh. It is the outcome of work by academic researchers on both sides of the Mediterranean and provides a remarkable scientific review of the mechanisms of climate change and its impacts on the environment, the economy, health and Mediterranean societies. It will also be valuable in developing responses that draw on \"scientific evidence\" to address the issues of adaptation, resource conservation, solutions and risk prevention. Reflecting the full complexity of the Mediterranean environment, the book is a major scientific contribution to the climate issue, where various scientific considerations converge to break down the boundaries between disciplines. \r\nLa pr\u00e9face, les pages introductives et de conclusion ainsi que les r\u00e9sum\u00e9s de chapitres sont publi\u00e9s en version bilingues anglais\/fran\u00e7ais","authors":["Collectif"],"category_codes":["4000000","4010000","4010200","4010208"],"visuals":{"large":"https:\/\/images.epagine.fr\/197\/9782709922197_1_75.jpg","medium":"https:\/\/images.epagine.fr\/197\/9782709922197_1_m.jpg","thumbnail":"https:\/\/images.epagine.fr\/197\/9782709922197_1_v.jpg"},"orderable":true,"show_badge":true,"formatted_price":"30,00&nbsp;\u20ac","formatted_published_date":"16 novembre 2016","publisher_availability_label":"Sur commande","short_details":"Collectif \u2014 IRD","translator":null,"weight":1160,"page_count":732,"readership":null,"editor":"IRD","price":3000,"published_date":"2016-11-15T23:00:00.000000Z","support":"Grand format","publisher_availability":1,"stock":0,"editions":[],"url":"https:\/\/quaidesbrumes.com\/ouvrage\/9782709922197\/the-mediterranean-region-under-climate-change-a-scientifique-update"},{"id":"9781784059910","title":"La r\u00e9utilisation des eaux us\u00e9es 1 : Caract\u00e9ristiques, usages, applications, filtration et d\u00e9sinfection des eaux","description":"\r\n\r\nLa probl\u00e9matique de l'eau est indissociable au d\u00e9veloppement durable dans la mesure o\u00f9 l'eau doit permettre de r\u00e9pondre aux besoins des g\u00e9n\u00e9rations actuelles et futures.\r\n\r\nLa r\u00e9utilisation des eaux us\u00e9es est un enjeu socio-\u00e9conomique pour le d\u00e9veloppement des services d'eau potable et d'assainissement. Elle pr\u00e9sente l'avantage d'assurer une ressource alternative permettant de limiter les d\u00e9ficits en eau, de pr\u00e9server les ressources naturelles et de pallier aux p\u00e9nuries d'eau engendr\u00e9es par les changements climatiques.\r\n\r\nLa r\u00e9utilisation des eaux us\u00e9es 1 expose, de mani\u00e8re didactique et compl\u00e8te, les nombreux usages de la r\u00e9utilisation des eaux us\u00e9es, la vari\u00e9t\u00e9 des traitements, leurs performances, leurs conditions d'utilisation, la mani\u00e8re de les combiner, afin de redonner \u00e0 l'eau us\u00e9e, une nouvelle vie. La s\u00e9cheresse est programm\u00e9e, mais les technologies existent.","authors":["Kader Gaid"],"category_codes":["4000000","4010000","4010200"],"visuals":{"large":"https:\/\/images.epagine.fr\/910\/9781784059910_1_75.jpg","medium":"https:\/\/images.epagine.fr\/910\/9781784059910_1_m.jpg","thumbnail":"https:\/\/images.epagine.fr\/910\/9781784059910_1_v.jpg"},"orderable":true,"show_badge":true,"formatted_price":"126,60&nbsp;\u20ac","formatted_published_date":"15 juillet 2024","publisher_availability_label":"Sur commande","short_details":"Kader Gaid \u2014 Iste","translator":null,"weight":0,"page_count":350,"readership":null,"editor":"Iste","price":12660,"published_date":"2024-07-14T22:00:00.000000Z","support":"Grand format","publisher_availability":1,"stock":0,"editions":[],"url":"https:\/\/quaidesbrumes.com\/ouvrage\/9781784059910\/la-reutilisation-des-eaux-usees-1-caracteristiques-usages-applications-filtration-et-desinfection-des-eaux"},{"id":"9781784059927","title":"La r\u00e9utilisation des eaux us\u00e9es 2 : Micropolluants, membranes et fili\u00e8res de traitement","description":"\r\n\r\nLa probl\u00e9matique de l'eau est indissociable au d\u00e9veloppement durable dans la mesure o\u00f9 l'eau doit permettre de r\u00e9pondre aux besoins des g\u00e9n\u00e9rations actuelles et futures.\r\n\r\nLa r\u00e9utilisation des eaux us\u00e9es est un enjeu socio-\u00e9conomique pour le d\u00e9veloppement des services d'eau potable et d'assainissement. Elle pr\u00e9sente l'avantage d'assurer une ressource alternative permettant de limiter les d\u00e9ficits en eau, de pr\u00e9server les ressources naturelles et de pallier aux p\u00e9nuries d'eau engendr\u00e9es par les changements climatiques.\r\n\r\nLa r\u00e9utilisation des eaux us\u00e9es 2 expose, de mani\u00e8re didactique et compl\u00e8te, les nombreux usages de la r\u00e9utilisation des eaux us\u00e9es, la vari\u00e9t\u00e9 des traitements, leurs performances, leurs conditions d'utilisation, la mani\u00e8re de les combiner, afin de redonner \u00e0 l'eau us\u00e9e, une nouvelle vie. La s\u00e9cheresse est programm\u00e9e, mais les technologies existent.","authors":["Kader Gaid"],"category_codes":["4000000","4010000","4010200"],"visuals":{"large":"https:\/\/images.epagine.fr\/927\/9781784059927_1_75.jpg","medium":"https:\/\/images.epagine.fr\/927\/9781784059927_1_m.jpg","thumbnail":"https:\/\/images.epagine.fr\/927\/9781784059927_1_v.jpg"},"orderable":true,"show_badge":true,"formatted_price":"126,60&nbsp;\u20ac","formatted_published_date":"15 juillet 2024","publisher_availability_label":"Sur commande","short_details":"Kader Gaid \u2014 Iste","translator":null,"weight":0,"page_count":286,"readership":null,"editor":"Iste","price":12660,"published_date":"2024-07-14T22:00:00.000000Z","support":"Grand format","publisher_availability":1,"stock":0,"editions":[],"url":"https:\/\/quaidesbrumes.com\/ouvrage\/9781784059927\/la-reutilisation-des-eaux-usees-2-micropolluants-membranes-et-filieres-de-traitement"},{"id":"9782356714695","title":"\u00e9cologie industrielle et territoriale ; COLEIT 2014","description":"L'\u00e9cologie industrielle et territoriale (EIT) constitue une d\u00e9marche scientifique et op\u00e9rationnelle innovante de d\u00e9veloppement territorial visant \u00e0 introduire une rupture avec la conception lin\u00e9aire du fonctionnement actuel de la soci\u00e9t\u00e9 humaine qui se traduit par un pr\u00e9l\u00e8vement croissant de ressources associ\u00e9 \u00e0 des rejets eux aussi en augmentation constante, par opposition au fonctionnement (quasi) cyclique des \u00e9cosyst\u00e8mes naturels. Ainsi, en s'inspirant du fonctionnement de ces derniers, l'\u00e9cologie industrielle et territoriale appelle \u00e0 une transformation en profondeur de l'organisation d'un territoire, tant du point de vue de son m\u00e9tabolisme territorial (bilan des flux de mati\u00e8res et d'\u00e9nergie qui entrent, transitent et sortent du territoire) que des relations entre les acteurs publics et priv\u00e9s qui le composent.\r\nLe Laboratoire CREIDD (Centre de Recherches et d'\u00c9tudes Interdisciplinaires sur le d\u00e9veloppement Durable) de l'Universit\u00e9 de Technologie de Troyes et le Centre LGEI (Laboratoire G\u00e9nie de l'Environnement Industriel) de l'\u00c9cole des mines d'Al\u00e8s ont organis\u00e9 conjointement \u00e0 Troyes les 17 et 18 octobre 2012 le premier colloque interdisciplinaire sur l'\u00e9cologie industrielle et territoriale (COLEIT), avec l'aide et le soutien du CNRS et du Conseil R\u00e9gional Champagne- Ardenne.\r\nCe colloque a offert l'opportunit\u00e9 \u00e0 des participants issus de diff\u00e9rentes disciplines d'\u00e9changer sur des nouvelles approches\/m\u00e9thodologies, et d'ouvrir de nouvelles pistes de recherche dans le domaine de l'EI. Les prochaines recherches en \u00e9cologie industrielle devraient viser, en effet, \u00e0 accro\u00eetre les travaux interdisciplinaires sans sous-estimer, cependant, les difficult\u00e9s : cr\u00e9ation d'un vocabulaire commun, compr\u00e9hension crois\u00e9e des concepts et, lors de la mise en oeuvre sur un territoire, la conciliation d'objectifs et de p\u00e9rim\u00e8tres de recherche pouvant \u00eatre diff\u00e9rents.\r\nNous remercions EDF pour son soutien \u00e0 la publication de cet ouvrage.\r","authors":["Sabrina Brullot","Guillaume Junqua"],"category_codes":["4000000","4010000","4010200","4010204"],"visuals":{"large":"https:\/\/images.epagine.fr\/695\/9782356714695_1_75.jpg","medium":"https:\/\/images.epagine.fr\/695\/9782356714695_1_m.jpg","thumbnail":"https:\/\/images.epagine.fr\/695\/9782356714695_1_v.jpg"},"orderable":true,"show_badge":true,"formatted_price":"49,00&nbsp;\u20ac","formatted_published_date":"6 juillet 2017","publisher_availability_label":"Sur commande","short_details":"Sabrina Brullot, Guillaume Junqua \u2014 Presses De L'Ecole Des Mines","translator":null,"weight":450,"page_count":262,"readership":null,"editor":"Presses De L'Ecole Des Mines","price":4900,"published_date":"2017-07-05T22:00:00.000000Z","support":"Grand format","publisher_availability":1,"stock":0,"editions":[],"url":"https:\/\/quaidesbrumes.com\/ouvrage\/9782356714695\/ecologie-industrielle-et-territoriale-coleit-2014"},{"id":"9782356714626","title":"Microgrids : pourquoi, pour qui ?","description":"Dans un contexte empreint de doutes sur l'avenir \u00e9nerg\u00e9tique et climatique, de nombreuses solutions \u00e9mergent pour oeuvrer \u00e0 l'am\u00e9lioration de nos syst\u00e8mes de production d'\u00e9nergie. Electrification rurale, insularit\u00e9, r\u00e9seau vieillissant, int\u00e9gration des \u00e9nergies renouvelables, r\u00e9duction des gaz \u00e0 effet de serre, ma\u00eetrise de la demande en \u00e9nergie, s\u00e9curit\u00e9, fiabilit\u00e9, sont autant de raisons pour la promotion des r\u00e9seaux dits intelligents (smart grids).\r\nEn France la plupart des exp\u00e9rimentations lanc\u00e9es en 2009 dans le cadre de la feuille de route \" r\u00e9seaux \u00e9lectriques intelligents \" arrivent \u00e0 leur terme et les premi\u00e8res le\u00e7ons peuvent ainsi \u00eatre tir\u00e9es dans les quatre grandes th\u00e9matiques explor\u00e9es : favoriser la ma\u00eetrise et gestion de l'\u00e9nergie, faciliter l'int\u00e9gration des EnR d\u00e9centralis\u00e9es, anticiper l'\u00e9volution des r\u00e9seaux \u00e9lectriques existants et pr\u00e9figurer les mod\u00e8les d'affaire1.\r\nCependant, les smart grids vont au-del\u00e0 du simple vecteur \u00e9lectrique et du contexte fran\u00e7ais voire europ\u00e9en o\u00f9 nos r\u00e9seaux comptent parmi les plus fiables au monde. L'av\u00e8nement des smart grids au niveau mondial permet d'ouvrir le paradigme aux r\u00e9seaux multi \u00e9nergies (\u00e9lectricit\u00e9, chaleur, froid) et aux zones beaucoup plus contraintes. Ainsi, le concept de microgrid, initialement r\u00e9serv\u00e9 aux ZNI (Zones Non Interconnect\u00e9es) ou \u00e0 l'\u00e9lectrification rurale, permet d'envisager des solutions adapt\u00e9es \u00e0 de nombreuses autres applications.\r","authors":["Gilles Guerassimoff"],"category_codes":["4000000","4010000","4010200","4010204"],"visuals":{"large":"https:\/\/images.epagine.fr\/626\/9782356714626_1_75.jpg","medium":"https:\/\/images.epagine.fr\/626\/9782356714626_1_m.jpg","thumbnail":"https:\/\/images.epagine.fr\/626\/9782356714626_1_v.jpg"},"orderable":true,"show_badge":true,"formatted_price":"39,00&nbsp;\u20ac","formatted_published_date":"7 septembre 2017","publisher_availability_label":"Sur commande","short_details":"Gilles Guerassimoff \u2014 Presses De L'Ecole Des Mines","translator":null,"weight":460,"page_count":null,"readership":null,"editor":"Presses De L'Ecole Des Mines","price":3900,"published_date":"2017-09-06T22:00:00.000000Z","support":"Grand format","publisher_availability":1,"stock":0,"editions":[],"url":"https:\/\/quaidesbrumes.com\/ouvrage\/9782356714626\/microgrids-pourquoi-pour-qui"},{"id":"9782862666884","title":"La nature en Corse","description":"La nature en Corse offre une exceptionnelle diversit\u00e9 de paysages, de milieux, d'esp\u00e8ces animales et v\u00e9g\u00e9tales, dont plusieurs end\u00e9miques. Le propos de ce livre est d'offrir des cl\u00e9s pour comprendre et appr\u00e9cier la biodiversit\u00e9 propre \u00e0 chaque milieu, biodiversit\u00e9 au sein de laquelle l'homme a sa place et ses responsabilit\u00e9s.\r\nLe regard des naturalistes est le guide de cet ouvrage dans lequel for\u00eats, maquis, montagnes, zones humides, littoral, lacs, rivi\u00e8res et autres entit\u00e9s paysag\u00e8res, sans oublier la ville, d\u00e9voilent leurs richesses.\r","authors":["Gilles Faggio","C\u00e9cile Jolin"],"category_codes":["4000000","4010000","4010300","4010302"],"visuals":{"large":"https:\/\/images.epagine.fr\/884\/9782862666884_1_75.jpg","medium":"https:\/\/images.epagine.fr\/884\/9782862666884_1_m.jpg","thumbnail":"https:\/\/images.epagine.fr\/884\/9782862666884_1_v.jpg"},"orderable":true,"show_badge":true,"formatted_price":"12,00&nbsp;\u20ac","formatted_published_date":"5 juillet 2013","publisher_availability_label":"Sur commande","short_details":"Gilles Faggio, C\u00e9cile Jolin \u2014 Loubatieres","translator":null,"weight":528,"page_count":192,"readership":null,"editor":"Loubatieres","price":1200,"published_date":"2013-07-04T22:00:00.000000Z","support":"Grand format","publisher_availability":1,"stock":0,"editions":[],"url":"https:\/\/quaidesbrumes.com\/ouvrage\/9782862666884\/la-nature-en-corse"},{"id":"9782862666617","title":"La nature en Midi-Pyr\u00e9n\u00e9es","description":"La r\u00e9gion Midi-Pyr\u00e9n\u00e9es offre une importante diversit\u00e9 de milieux aux \u00e9cosyst\u00e8mes diff\u00e9rents: montagne, for\u00eats, causses, plaines, coteaux, torrents, rivi\u00e8res et fleuves, canaux et eaux dormantes, espaces urbains et p\u00e9riurbains.\r\nCet ouvrage pr\u00e9sente par chapitres la typologie des diff\u00e9rents espaces, leur localisation dans la r\u00e9gion, l'histoire de leur formation, la description de leur peuplement v\u00e9g\u00e9tal et animal, ainsi qu'une approche prospective sur l'avenir de ces milieux naturels.\r\nL'ouvrage est abondamment illustr\u00e9 de photographies et dessins aux traits, encarts et doubles pages, permettant de visualiser l'essentiel des caract\u00e9ristiques de chaque milieu et des esp\u00e8ces qu'ils abritent.\r","authors":["Jean Rami\u00e8re"],"category_codes":["4000000","4010000","4010300","4010302"],"visuals":{"large":"https:\/\/images.epagine.fr\/617\/9782862666617_1_75.jpg","medium":"https:\/\/images.epagine.fr\/617\/9782862666617_1_m.jpg","thumbnail":"https:\/\/images.epagine.fr\/617\/9782862666617_1_v.jpg"},"orderable":true,"show_badge":true,"formatted_price":"12,00&nbsp;\u20ac","formatted_published_date":"18 avril 2012","publisher_availability_label":"Sur commande","short_details":"Jean Rami\u00e8re \u2014 Loubatieres","translator":null,"weight":530,"page_count":192,"readership":null,"editor":"Loubatieres","price":1200,"published_date":"2012-04-17T22:00:00.000000Z","support":"Beaux-livres","publisher_availability":1,"stock":0,"editions":[],"url":"https:\/\/quaidesbrumes.com\/ouvrage\/9782862666617\/la-nature-en-midi-pyrenees"},{"id":"9782759239191","title":"Transformative participation for socio-ecological sustainability : Around the CoOPLAGE pathways","description":"We, as humans, are currently facing urgent socio-ecological challenges (climate change, demographic increase, booming inequalities, etc.). These challenges are reinforced by systems of financial control at the international level, super-extractive strategies on natural resources, lack of effective democracy, surge of conflicts and wars, etc. This book is based on the assumption that these challenges cannot be faced without the enhanced participation of all stakeholders-from citizens to policy-makers-in the decisions that affect our social-ecological systems. This means that stakeholders must no longer simply be informed, but acquire the capacities to decide, act and adapt autonomously. In this sense, participation must be transformative. This book argues that this transformation needs to be accompanied by approaches, methods and concrete feedbacks. Therefore, this book aims to give an account of a diversity of practices and methods used to involve the various stakeholders, including the public, in transformative decision-making towards socio-ecological sustainability. It answers questions such as: How to engineer a participatory process? How can facilitators acquire the skills needed to facilitate such a process? How can role-playing games support decision and change? How to design territorial development plans with thousands of citizens? What digital platform can be designed to support participatory policy making? How can the impact of a participatory process be monitored and evaluated? What is the role of experts in these processes?","authors":["Collectif","Nils Ferrand","Emeline Hassenforder"],"category_codes":["4000000","4010000","4010200","4010207"],"visuals":{"large":"https:\/\/images.epagine.fr\/191\/9782759239191_1_75.jpg","medium":"https:\/\/images.epagine.fr\/191\/9782759239191_1_m.jpg","thumbnail":"https:\/\/images.epagine.fr\/191\/9782759239191_1_v.jpg"},"orderable":true,"show_badge":true,"formatted_price":"30,00&nbsp;\u20ac","formatted_published_date":"23 avril 2024","publisher_availability_label":"Sur commande","short_details":"Collectif, Nils Ferrand, Emeline Hassenforder \u2014 Qu\u00e6","translator":null,"weight":602,"page_count":270,"readership":null,"editor":"Qu\u00e6","price":3000,"published_date":"2024-04-22T22:00:00.000000Z","support":"Grand format","publisher_availability":1,"stock":0,"editions":[],"url":"https:\/\/quaidesbrumes.com\/ouvrage\/9782759239191\/transformative-participation-for-socio-ecological-sustainability-around-the-cooplage-pathways"},{"id":"9782956568896","title":"Decret tertiaire - t03 - decret tertiaire : comment mobiliser les occupants ?","description":null,"authors":["Association Des Dire"],"category_codes":["4000000","4010000","4010200","4010208"],"visuals":{"large":"https:\/\/quaidesbrumes.com\/img\/book-placeholder.png","medium":"https:\/\/quaidesbrumes.com\/img\/book-placeholder.png","thumbnail":"https:\/\/quaidesbrumes.com\/img\/book-placeholder.png"},"orderable":true,"show_badge":true,"formatted_price":"26,38&nbsp;\u20ac","formatted_published_date":"2 novembre 2022","publisher_availability_label":"Sur commande","short_details":"Association Des Dire \u2014 Association des Directeurs immobiliers","translator":null,"weight":601,"page_count":null,"readership":null,"editor":"Association des Directeurs immobiliers","price":2638,"published_date":"2022-11-01T23:00:00.000000Z","support":"Grand format","publisher_availability":1,"stock":0,"editions":[],"url":"https:\/\/quaidesbrumes.com\/ouvrage\/9782956568896\/decret-tertiaire-t03-decret-tertiaire-comment-mobiliser-les-occupants"},{"id":"9782956568841","title":"Biodiversite : comment agir efficacement et avec bon sens dans limmobilier dentreprise","description":null,"authors":["Association Des Dire"],"category_codes":["4000000","4010000","4010200","4010208"],"visuals":{"large":"https:\/\/quaidesbrumes.com\/img\/book-placeholder.png","medium":"https:\/\/quaidesbrumes.com\/img\/book-placeholder.png","thumbnail":"https:\/\/quaidesbrumes.com\/img\/book-placeholder.png"},"orderable":true,"show_badge":true,"formatted_price":"26,38&nbsp;\u20ac","formatted_published_date":"1er f\u00e9vrier 2021","publisher_availability_label":"Sur commande","short_details":"Association Des Dire \u2014 Association des Directeurs immobiliers","translator":null,"weight":601,"page_count":null,"readership":null,"editor":"Association des Directeurs immobiliers","price":2638,"published_date":"2021-01-31T23:00:00.000000Z","support":"Grand format","publisher_availability":1,"stock":0,"editions":[],"url":"https:\/\/quaidesbrumes.com\/ouvrage\/9782956568841\/biodiversite-comment-agir-efficacement-et-avec-bon-sens-dans-limmobilier-dentreprise"},{"id":"9782709913843","title":"Flore de la polyn\u00e9sie fran\u00e7aise Tome 1","description":null,"authors":["Jacques Florence"],"category_codes":["4000000","4010000","4010400"],"visuals":{"large":"https:\/\/images.epagine.fr\/843\/9782709913843_1_75.jpg","medium":"https:\/\/images.epagine.fr\/843\/9782709913843_1_m.jpg","thumbnail":"https:\/\/images.epagine.fr\/843\/9782709913843_1_v.jpg"},"orderable":true,"show_badge":true,"formatted_price":"28,40&nbsp;\u20ac","formatted_published_date":"3 mai 2011","publisher_availability_label":"Sur commande","short_details":"Jacques Florence \u2014 IRD","translator":null,"weight":400,"page_count":null,"readership":null,"editor":"IRD","price":2840,"published_date":"2011-05-02T22:00:00.000000Z","support":"Grand format","publisher_availability":1,"stock":0,"editions":[],"url":"https:\/\/quaidesbrumes.com\/ouvrage\/9782709913843\/flore-de-la-polynesie-francaise-tome-1"},{"id":"9791042802455","title":"La dissociation des \u00e9l\u00e9ments : l'h\u00e9ritage de terre","description":"Ici, la Terre. Dot\u00e9e d'une grande inertie, elle h\u00e9site entre laisser faire ou aider par des signes concrets l'humanit\u00e9 en crise identi-Terre pour avoir oubli\u00e9 ce qu'il doit \u00e0 sa g\u00e9nitrice. En r\u00e9g\u00e9n\u00e9rant les \u00e9l\u00e9ments chimiques que Terre a pris soin pendant 4 milliards d'ann\u00e9es de dissocier et ranger dans son ventre afin de respirer un air frais, l'humain a oubli\u00e9 le sens de la vie qui pourtant passe \u00e0 travers lui. Terre s'exprime sur trois tons : po\u00e9tique, pratique et futuriste. Les trois en musique pour au moins trois bonnes raisons : la morale multiplie les r\u00e9sistances, la politique, rien de plus tragique, les explications scientifiques s\u00e9rieuses remises \u00e0 demain. Cerise sur le g\u00e2teau, une petite quatri\u00e8me, Terre transmet le solf\u00e8ge pour tous ceux qui veulent lire sa musique.","authors":["Marie-Christine Doux"],"category_codes":["4000000","4010000","4010200","4010208"],"visuals":{"large":"https:\/\/images.epagine.fr\/455\/9791042802455_1_75.jpg","medium":"https:\/\/images.epagine.fr\/455\/9791042802455_1_m.jpg","thumbnail":"https:\/\/images.epagine.fr\/455\/9791042802455_1_v.jpg"},"orderable":true,"show_badge":true,"formatted_price":"18,00&nbsp;\u20ac","formatted_published_date":"28 juillet 2024","publisher_availability_label":"Sur commande","short_details":"Marie-Christine Doux \u2014 LES IMPLIQUES","translator":null,"weight":202,"page_count":168,"readership":null,"editor":"LES IMPLIQUES","price":1800,"published_date":"2024-07-27T22:00:00.000000Z","support":"Grand format","publisher_availability":1,"stock":0,"editions":[],"url":"https:\/\/quaidesbrumes.com\/ouvrage\/9791042802455\/la-dissociation-des-elements-lheritage-de-terre"}]}