{"data":[{"id":"9782816009095","title":"Cueillettes sauvages en Corse","description":"Des conseils pour ramasser plantes et fruits en toute s\u00e9curit\u00e9, ainsi que 60 fiches d\u00e9taill\u00e9es sur les diff\u00e9rentes esp\u00e8ces : description pr\u00e9cise, \u00e9poque de cueillette, m\u00e9thode de conservation et de pr\u00e9paration, etc. Avec 80 recettes de cuisine.\r","authors":["Collectif"],"category_codes":["4000000","4010000","4010400","4010406"],"visuals":{"large":"https:\/\/images.epagine.fr\/095\/9782816009095_1_75.jpg","medium":"https:\/\/images.epagine.fr\/095\/9782816009095_1_m.jpg","thumbnail":"https:\/\/images.epagine.fr\/095\/9782816009095_1_v.jpg"},"orderable":true,"show_badge":true,"formatted_price":"15,90&nbsp;\u20ac","formatted_published_date":"9 mars 2016","publisher_availability_label":"Sur commande","short_details":"Collectif \u2014 \u00c9ditions Art\u00e9mis","translator":null,"weight":416,"page_count":160,"readership":null,"editor":"\u00c9ditions Art\u00e9mis","price":1590,"published_date":"2016-03-08T23:00:00.000000Z","support":"Grand format","publisher_availability":1,"stock":0,"editions":[],"url":"https:\/\/quaidesbrumes.com\/ouvrage\/9782816009095\/cueillettes-sauvages-en-corse"},{"id":"9782863390351","title":"Merveilleuses fleurs des vosges","description":null,"authors":["Jacques Martin"],"category_codes":["4000000","4010000","4010400","4010405"],"visuals":{"large":"https:\/\/quaidesbrumes.com\/img\/book-placeholder.png","medium":"https:\/\/quaidesbrumes.com\/img\/book-placeholder.png","thumbnail":"https:\/\/quaidesbrumes.com\/img\/book-placeholder.png"},"orderable":true,"show_badge":true,"formatted_price":"25,15&nbsp;\u20ac","formatted_published_date":"12 mars 2003","publisher_availability_label":"Sur commande","short_details":"Jacques Martin \u2014 Rhin","translator":null,"weight":0,"page_count":null,"readership":null,"editor":"Rhin","price":2515,"published_date":"2003-03-11T23:00:00.000000Z","support":"Grand format","publisher_availability":1,"stock":0,"editions":[],"url":"https:\/\/quaidesbrumes.com\/ouvrage\/9782863390351\/merveilleuses-fleurs-des-vosges"},{"id":"9781782495529","title":"THE BALCONY GARDENER ; CREATIVE IDEAS FOR SMALL SPACES","description":"PACKED FULL OF GREAT IDEAS TO BRIGHTEN UP YOUR BALCONY, ROOF TERRACE OR WINDOW SILL,\u00a0THE BALCONY GARDENER WILL TEACH YOU EVERYTHING YOU NEED TO KNOW TO CREATE A STUNNING OUTDOOR SPACE.\r\nTHE BALCONY GARDENER COVERS EVERYTHING FROM THE FUNDAMENTALS OF STARTING A NEW GARDEN, TO PICKING OUT THE BEST GARDEN-ACCESSORIES TO SUIT YOUR STYLE AND YOUR SPA","authors":["Isabelle Palmer"],"category_codes":["4000000","4010000","4010300"],"visuals":{"large":"https:\/\/images.epagine.fr\/529\/9781782495529_1_75.jpg","medium":"https:\/\/images.epagine.fr\/529\/9781782495529_1_m.jpg","thumbnail":"https:\/\/images.epagine.fr\/529\/9781782495529_1_v.jpg"},"orderable":true,"show_badge":true,"formatted_price":"18,80&nbsp;\u20ac","formatted_published_date":"13 f\u00e9vrier 2018","publisher_availability_label":"Sur commande","short_details":"Isabelle Palmer \u2014 Cico Books","translator":null,"weight":514,"page_count":null,"readership":null,"editor":"Cico Books","price":1880,"published_date":"2018-02-12T23:00:00.000000Z","support":"Grand format","publisher_availability":1,"stock":0,"editions":[],"url":"https:\/\/quaidesbrumes.com\/ouvrage\/9781782495529\/the-balcony-gardener-creative-ideas-for-small-spaces"},{"id":"9781780723600","title":"SNOW ; AN OPTIMIST'S GUIDE","description":"**The Financial Times'' Travel Book of the Year 2018** How many snowflakes does it take to build a snowman? Where is the snowiest place on Earth? When will the last snowflake fall? Snow has a lot in common with religion. It comes from heaven. It changes everything. It creates an alternative reality and brings on irrational behaviour in humans. But unlike most religions, snow has never had a bible, until now. Giles Whittell, a passionate snow enthusiast, takes the reader on a quest through centuries and continents to reveal the wonders of snow. Along the way he uncovers the mysteries of snow crystal morphology, why avalanches happen, how snow saved a British prime minister''s life, and the terrifying truth about the opening ceremony of the 1960 winter Olympics. The Secret Life of Snow is the next best thing to a white Christmas, an anthropology and travelogue for everyone from ski addicts to the millions of people who have never even seen it.>\r","authors":["Giles Whittell"],"category_codes":["4000000","4010000","4010300"],"visuals":{"large":"https:\/\/images.epagine.fr\/600\/9781780723600_1_75.jpg","medium":"https:\/\/images.epagine.fr\/600\/9781780723600_1_m.jpg","thumbnail":"https:\/\/images.epagine.fr\/600\/9781780723600_1_v.jpg"},"orderable":true,"show_badge":true,"formatted_price":"24,30&nbsp;\u20ac","formatted_published_date":"11 octobre 2018","publisher_availability_label":"Sur commande","short_details":"Giles Whittell \u2014 SHORT BOOKS","translator":null,"weight":550,"page_count":288,"readership":null,"editor":"SHORT BOOKS","price":2430,"published_date":"2018-10-10T22:00:00.000000Z","support":"Grand format","publisher_availability":1,"stock":0,"editions":[],"url":"https:\/\/quaidesbrumes.com\/ouvrage\/9781780723600\/snow-an-optimists-guide"},{"id":"9781911624288","title":"TULIPS","description":"From the raspberry swirl of Zurel and the petticoat-like frills of Weber's Parrot and to the rim of the Mascotte, this book offers informative analysis of a stunning range of specimens, including historical and contemporary varieties. With engaging commentary on each bloom, easy-to-follow advice and glorious photography, Tulips is sure to appeal to anyone who appreciates the majesty of this lovely ower.\r","authors":["Jane Eastoe","Rachel Warne"],"category_codes":["4000000","4010000","4010300"],"visuals":{"large":"https:\/\/images.epagine.fr\/288\/9781911624288_1_75.jpg","medium":"https:\/\/images.epagine.fr\/288\/9781911624288_1_m.jpg","thumbnail":"https:\/\/images.epagine.fr\/288\/9781911624288_1_v.jpg"},"orderable":true,"show_badge":true,"formatted_price":"33,80&nbsp;\u20ac","formatted_published_date":"2 mai 2019","publisher_availability_label":"Sur commande","short_details":"Jane Eastoe, Rachel Warne \u2014 PAVILION BOOKS","translator":null,"weight":1008,"page_count":240,"readership":null,"editor":"PAVILION BOOKS","price":3380,"published_date":"2019-05-01T22:00:00.000000Z","support":"Grand format","publisher_availability":1,"stock":0,"editions":[],"url":"https:\/\/quaidesbrumes.com\/ouvrage\/9781911624288\/tulips"},{"id":"9780241346785","title":"THE SCIENCE OF ANIMALS","description":null,"authors":["Chris Packham"],"category_codes":["4000000","4010000","4010300"],"visuals":{"large":"https:\/\/images.epagine.fr\/785\/9780241346785_1_75.jpg","medium":"https:\/\/images.epagine.fr\/785\/9780241346785_1_m.jpg","thumbnail":"https:\/\/images.epagine.fr\/785\/9780241346785_1_v.jpg"},"orderable":true,"show_badge":true,"formatted_price":"40,60&nbsp;\u20ac","formatted_published_date":"20 septembre 2019","publisher_availability_label":"Sur commande","short_details":"Chris Packham \u2014 Dorling Kindersley","translator":null,"weight":1958,"page_count":336,"readership":null,"editor":"Dorling Kindersley","price":4060,"published_date":"2019-09-19T22:00:00.000000Z","support":"Grand format","publisher_availability":1,"stock":0,"editions":[],"url":"https:\/\/quaidesbrumes.com\/ouvrage\/9780241346785\/the-science-of-animals"},{"id":"9780241411995","title":"GROW FOOD FOR FREE ; THE SUSTAINABLE, ZERO-COST, LOW-EFFORT WAY TO A BOUNTIFUL HARVEST","description":null,"authors":["Huw Richards"],"category_codes":["4000000","4010000","4010300"],"visuals":{"large":"https:\/\/images.epagine.fr\/995\/9780241411995_1_75.jpg","medium":"https:\/\/images.epagine.fr\/995\/9780241411995_1_m.jpg","thumbnail":"https:\/\/images.epagine.fr\/995\/9780241411995_1_v.jpg"},"orderable":true,"show_badge":true,"formatted_price":"24,30&nbsp;\u20ac","formatted_published_date":"22 f\u00e9vrier 2020","publisher_availability_label":"Sur commande","short_details":"Huw Richards \u2014 Dorling Kindersley","translator":null,"weight":856,"page_count":224,"readership":null,"editor":"Dorling Kindersley","price":2430,"published_date":"2020-02-21T23:00:00.000000Z","support":"Grand format","publisher_availability":1,"stock":0,"editions":[],"url":"https:\/\/quaidesbrumes.com\/ouvrage\/9780241411995\/grow-food-for-free-the-sustainable-zero-cost-low-effort-way-to-a-bountiful-harvest"},{"id":"9782344021521","title":"D\u00e9couvrir et prot\u00e9ger nos abeilles sauvages","description":"Un ouvrage de r\u00e9f\u00e9rence pour d\u00e9couvrir les abeilles sauvages et agir pour leur sauvegarde.\r\n\r\nTandis que le d\u00e9clin de l'abeille domestique a d\u00e9j\u00e0 fait l'objet de nombreux d\u00e9bats, publications et actions, celui des abeilles sauvages, tout aussi alarmant, est plus longtemps pass\u00e9 sous silence. Or, ces insectes - environ 20 000 esp\u00e8ces au niveau mondial et pas loin de 900 en France - figurent au premier plan parmi les pollinisateurs.\r\n\r\nMais qui sont les abeilles sauvages ? Comment vivent-elles ? O\u00f9 les trouver ? Comment les observer ? Les reconna\u00eetre ? Et comment les aider ?\r\n\r\nLe sp\u00e9cialiste Nicolas Vereecken r\u00e9pond \u00e0 ces questions avec des textes accessibles \u00e0 tous et de tr\u00e8s belles images les montrant dans leur environnement, dans les diff\u00e9rentes phases de leur cycle de vie, et dans toute la diversit\u00e9 qui les caract\u00e9rise. Il nous explique \u00e9galement, dans une partie r\u00e9solument pratique, comment chacun peut, \u00e0 sa mesure, participer \u00e0 la sauvegarde de ces insectes attachants et \u00f4 combien utiles, au jardin ou au balcon. Sont d\u00e9taill\u00e9s les diff\u00e9rents mod\u00e8les de nichoirs \u00e0 installer en fonction du type d'abeille que l'on souhaite attirer, les plantes nourrici\u00e8res \u00e0 privil\u00e9gier...\r","authors":["Nicolas Vereecken"],"category_codes":["4000000","4010000","4010300"],"visuals":{"large":"https:\/\/images.epagine.fr\/521\/9782344021521_1_75.jpg","medium":"https:\/\/images.epagine.fr\/521\/9782344021521_1_m.jpg","thumbnail":"https:\/\/images.epagine.fr\/521\/9782344021521_1_v.jpg"},"orderable":true,"show_badge":true,"formatted_price":"25,00&nbsp;\u20ac","formatted_published_date":"26 avril 2017","publisher_availability_label":"Sur commande","short_details":"Nicolas Vereecken \u2014 Gl\u00e9nat","translator":null,"weight":638,"page_count":192,"readership":null,"editor":"Gl\u00e9nat","price":2500,"published_date":"2017-04-25T22:00:00.000000Z","support":"Grand format","publisher_availability":1,"stock":0,"editions":[],"url":"https:\/\/quaidesbrumes.com\/ouvrage\/9782344021521\/decouvrir-et-proteger-nos-abeilles-sauvages"},{"id":"9782204097208","title":"L'\u00c9cologie politique : une vision du monde r\u00e9actionnaire ?","description":"L'\u00e9cologie politique est devenue depuis le milieu des ann\u00e9es 1980 une force politique majeure dans notre, pays, et dans d'autres pays occidentaux. Cependant, elle recouvre des sensibilit\u00e9s id\u00e9ologiques tr\u00e8s diverses allant du progressisme au conservatisme, voire \u00e0 une attitude r\u00e9actionnaire. La diversit\u00e9 du tissu associatif montre la pluralit\u00e9 de l'expression. Le m\u00e9rite de St\u00e9phane Fran\u00e7ois est de nous aider \u00e0 saisir ces nuances en donnant une pr\u00e9sentation pr\u00e9cise, \u00e9rudite m\u00eame, et pourtant claire des groupes et courants concern\u00e9s. Son propos pourra parfois appara\u00eetre un peu provocateur : alors qu'il est de bon ton de consid\u00e9rer que l'\u00e9cologie politique se situe \u00e0 gauche du spectre politique, il pr\u00e9sente des aspects de droite qui animent aussi celle-ci, ou qui m\u00eame d\u00e9terminent une part importante de sa conception du monde. Cet ouvrage souligne, en effet, les aspects nostalgiques, technophobes et parfois antilib\u00e9raux, qui s'expriment dans les textes et les discours. Il montre aussi l'existence d'une \u00e9cologie d'extr\u00eame droite, voire n\u00e9o-pa\u00efenne, assez vivace qui coexiste avec des formations plus \u00e9tablies. Cette approche novatrice permet de comprendre cette configuration droiti\u00e8re de l'\u00e9cologie politique, sans pour autant porter de jugements sommaires sur les discours analys\u00e9s. -- Since the mid-1980s, political ecology has become a major political force in our country and others in the western hemisphere. However, the term covers a great diversity of ideological sensibilities ranging from progressivism to conservatism, sometimes even demonstrating a reactionary attitude. The diverse nature of the network of associations reveals the multiplicity of expression. St\u00e9phane Fran\u00e7ois' book enables us to grasp these nuances by providing a precise, even erudite over-all picture of the groups and currents concerned, without losing its clarity. His remarks may seem somewhat provocative. It is fashionable today to regard political ecology as being situated to the left of the political spectrum; yet he reveals right-leaning aspects of the movement which even determine a significant part of its concept of the world. In fact this book underlines the nostalgic, technophobe and sometimes anti-liberal aspects that come across in the texts and speeches. It also proves the existence of a somewhat deep-rooted, far right - even neo-pagan - ecology that co-exists alongside more established groups. This novel approach brings an understanding of this right-wing configuration of political ecology, without passing cursory judgement on the views under analysis.","authors":["St\u00e9phane Fran\u00e7ois"],"category_codes":["4000000","4010000","4010200","4010207"],"visuals":{"large":"https:\/\/images.epagine.fr\/208\/9782204097208_1_75.jpg","medium":"https:\/\/images.epagine.fr\/208\/9782204097208_1_m.jpg","thumbnail":"https:\/\/images.epagine.fr\/208\/9782204097208_1_v.jpg"},"orderable":true,"show_badge":true,"formatted_price":"16,00&nbsp;\u20ac","formatted_published_date":"1er avril 2012","publisher_availability_label":"Sur commande","short_details":"St\u00e9phane Fran\u00e7ois \u2014 Les \u00e9ditions du Cerf","translator":null,"weight":205,"page_count":159,"readership":null,"editor":"Les \u00e9ditions du Cerf","price":1600,"published_date":"2012-03-31T22:00:00.000000Z","support":"Grand format","publisher_availability":1,"stock":0,"editions":[],"url":"https:\/\/quaidesbrumes.com\/ouvrage\/9782204097208\/lecologie-politique-une-vision-du-monde-reactionnaire"},{"id":"9782344031513","title":"Zoom sur la plan\u00e8te ; les merveilles de la nature au fil des saisons","description":"Avec Zoom sur la plan\u00e8te, on suit l'actualit\u00e9 de la nature et des animaux au fil des jours\u00a0!\r\nJour apr\u00e8s jour, saison apr\u00e8s saison, cet ouvrage superbement illustr\u00e9 nous fait d\u00e9couvrir les splendeurs naturelles de notre plan\u00e8te. Chaque jour apporte une belle histoire, t\u00e9moignage de la beaut\u00e9 mais aussi de la fragilit\u00e9 de la biodiversit\u00e9 dans le monde. Ainsi, mi-janvier, apr\u00e8s deux mois de nuit polaire, le soleil est de retour en Laponie. Fin mars, le Japon admire la floraison des cerisiers, un \u00e9v\u00e9nement incontournable que l'on appelle le hanami. D\u00e9but juillet a lieu un ph\u00e9nom\u00e8ne naturel impressionnant : des milliers d'araign\u00e9es de mer se r\u00e9unissent au fond de l'oc\u00e9an, pr\u00e8s de Melbourne, au sud de l'Australie, pour faire leur mue d'hiver dans les eaux peu profondes. En d\u00e9cembre, les flamants roses ouvrent le bal des parades nuptiales en Camargue.\r\nUn livre familial, qui suscite l'\u00e9merveillement et sensibilise parents et enfants aux enjeux environnementaux.\r","authors":["Collectif"],"category_codes":["4000000","4010000","4010300","4010302"],"visuals":{"large":"https:\/\/images.epagine.fr\/513\/9782344031513_1_75.jpg","medium":"https:\/\/images.epagine.fr\/513\/9782344031513_1_m.jpg","thumbnail":"https:\/\/images.epagine.fr\/513\/9782344031513_1_v.jpg"},"orderable":true,"show_badge":true,"formatted_price":"35,00&nbsp;\u20ac","formatted_published_date":"24 octobre 2018","publisher_availability_label":"Sur commande","short_details":"Collectif \u2014 Gl\u00e9nat","translator":null,"weight":1526,"page_count":256,"readership":null,"editor":"Gl\u00e9nat","price":3500,"published_date":"2018-10-23T22:00:00.000000Z","support":"Grand format","publisher_availability":1,"stock":0,"editions":[],"url":"https:\/\/quaidesbrumes.com\/ouvrage\/9782344031513\/zoom-sur-la-planete-les-merveilles-de-la-nature-au-fil-des-saisons"},{"id":"9782344037669","title":"Surfer ; en qu\u00eate de la photo ultime","description":"Parce que la passion et l'aventure transparaissent dans chacune des photos de ce livre, Surfer est une source d'inspiration infinie pour tous les amoureux de l'oc\u00e9an.\r\n\r\n\u00ab\u00a0Il a fallu que je me remette en question et que je me rappelle ce qui m'importait vraiment  partir seul au milieu de l'oc\u00e9an et repousser mes limites  pour produire une oeuvre dont je pouvais \u00eatre fier.\u00a0\u00bb Son aboutissement  une photo de Mark Mathews debout dans un tube b\u00e9ant \u00e0 The Right  vint r\u00e9compenser d'innombrables heures de travail. Elle permit \u00e0 Russell Ord de d\u00e9crocher deux couvertures de magazines prestigieux, une place dans l'histoire de la photographie de surf et, surtout, de trouver la s\u00e9r\u00e9nit\u00e9. Cette photo en poche, Russell se retrouva face \u00e0 un dilemme inattendu\u00a0: et maintenant, dans quelle nouvelle entreprise se lancer\u00a0? Son oeuvre s'est enrichie depuis d'images \u00e9poustouflantes de vagues nues et de nombreux portraits de surfeurs des quatre coins du monde.Les images spectaculaires de Russell Ord lui ont valu une reconnaissance mondiale. Dans ce livre, il fait \u00e9quipe avec l'\u00e9crivain Anthony Pancia pour partager les histoires des rencontres qui l'ont marqu\u00e9 durant sa remarquable carri\u00e8re.\r","authors":["Anthony Pancia","Russell Ord"],"category_codes":["4000000","4010000","4010300","4010304"],"visuals":{"large":"https:\/\/images.epagine.fr\/669\/9782344037669_1_75.jpg","medium":"https:\/\/images.epagine.fr\/669\/9782344037669_1_m.jpg","thumbnail":"https:\/\/images.epagine.fr\/669\/9782344037669_1_v.jpg"},"orderable":true,"show_badge":true,"formatted_price":"39,50&nbsp;\u20ac","formatted_published_date":"25 septembre 2019","publisher_availability_label":"Sur commande","short_details":"Anthony Pancia, Russell Ord \u2014 Gl\u00e9nat","translator":null,"weight":2070,"page_count":288,"readership":null,"editor":"Gl\u00e9nat","price":3950,"published_date":"2019-09-24T22:00:00.000000Z","support":"Grand format","publisher_availability":1,"stock":0,"editions":[],"url":"https:\/\/quaidesbrumes.com\/ouvrage\/9782344037669\/surfer-en-quete-de-la-photo-ultime"},{"id":"9782738004796","title":"Le ch\u00eane rouge d'Am\u00e9rique","description":"De nombreux sp\u00e9cialistes de la foresterie et de la science du sol ont con\u00e7u cette monographie pour pr\u00e9senter leurs connaissances sur cette importante esp\u00e8ce de reboisement : caract\u00e9ristiques physiologiques et \u00e9cologiques, potentialit\u00e9s foresti\u00e8res et mode de conduite sylvicole, propri\u00e9t\u00e9s du bois, pathologie, qualit\u00e9s techniques. Au croisement de disciplines fondamentales et appliqu\u00e9es, cet ouvrage int\u00e9resse aussi bien les chercheurs, les enseignants, les \u00e9tudiants que les ing\u00e9nieurs, les techniciens et les sylviculteurs praticiens.\r","authors":["Timbal"],"category_codes":["4000000","4010000","4010400","4010406"],"visuals":{"large":"https:\/\/images.epagine.fr\/796\/9782738004796_1_75.jpg","medium":"https:\/\/images.epagine.fr\/796\/9782738004796_1_m.jpg","thumbnail":"https:\/\/images.epagine.fr\/796\/9782738004796_1_v.jpg"},"orderable":true,"show_badge":true,"formatted_price":"43,60&nbsp;\u20ac","formatted_published_date":"22 f\u00e9vrier 1994","publisher_availability_label":"Sur commande","short_details":"Timbal \u2014 Qu\u00e6","translator":null,"weight":1143,"page_count":null,"readership":null,"editor":"Qu\u00e6","price":4360,"published_date":"1994-02-21T23:00:00.000000Z","support":"Grand format","publisher_availability":1,"stock":0,"editions":[],"url":"https:\/\/quaidesbrumes.com\/ouvrage\/9782738004796\/le-chene-rouge-damerique"},{"id":"9782738009296","title":"Cow up a tree ; knowing and learning for","description":"Nos soci\u00e9t\u00e9s occidentales exigent de leurs agricultures et de leurs industries agro-alimentaires qu'elles \u00e9voluent rapidement pour int\u00e9grer de nouveaux crit\u00e8res de qualit\u00e9. Pour accompagner ce changement, les chercheurs ont un double d\u00e9fi \u00e0 relever : celui de proposer aux producteurs et \u00e0 leurs conseillers, non plus des solutions techniques universelles mais des m\u00e9thodes d'auto-diagnostic et celui de d\u00e9finir de nouvelles modalit\u00e9s d'intervention de la recherche aupr\u00e8s des organisations collectives. Ce sont bien des nouveaux processus d'apprentissage individuels et collectifs qui sont \u00e0 mettre en place, bas\u00e9s sur une transdisciplinarit\u00e9 et un co-apprentissage entre chercheurs, professionnels du d\u00e9veloppement, d\u00e9cideurs et agriculteurs. Dans cet ouvrage, des chercheurs de dix pays industrialis\u00e9s t\u00e9moignent des diff\u00e9rentes formes d'apprentissage qu'ils ont exp\u00e9riment\u00e9es.\r","authors":["Cerf"],"category_codes":["4000000","4010000","4010400"],"visuals":{"large":"https:\/\/images.epagine.fr\/296\/9782738009296_1_75.jpg","medium":"https:\/\/images.epagine.fr\/296\/9782738009296_1_m.jpg","thumbnail":"https:\/\/images.epagine.fr\/296\/9782738009296_1_v.jpg"},"orderable":true,"show_badge":true,"formatted_price":"49,50&nbsp;\u20ac","formatted_published_date":"3 mai 2010","publisher_availability_label":"Sur commande","short_details":"Cerf \u2014 Qu\u00e6","translator":null,"weight":804,"page_count":null,"readership":null,"editor":"Qu\u00e6","price":4950,"published_date":"2010-05-02T22:00:00.000000Z","support":"Grand format","publisher_availability":1,"stock":0,"editions":[],"url":"https:\/\/quaidesbrumes.com\/ouvrage\/9782738009296\/cow-up-a-tree-knowing-and-learning-for"},{"id":"9782877471596","title":"Les bonnes herbes de provence : leurs secrets de sant\u00e9 et de beaut\u00e9","description":null,"authors":["Claude Gardet"],"category_codes":["4000000","4010000"],"visuals":{"large":"https:\/\/quaidesbrumes.com\/img\/book-placeholder.png","medium":"https:\/\/quaidesbrumes.com\/img\/book-placeholder.png","thumbnail":"https:\/\/quaidesbrumes.com\/img\/book-placeholder.png"},"orderable":true,"show_badge":true,"formatted_price":"10,52&nbsp;\u20ac","formatted_published_date":"1er janvier 1994","publisher_availability_label":"Sur commande","short_details":"Claude Gardet \u2014 Gisserot","translator":null,"weight":400,"page_count":null,"readership":null,"editor":"Gisserot","price":1052,"published_date":"1993-12-31T23:00:00.000000Z","support":"Grand format","publisher_availability":1,"stock":0,"editions":[],"url":"https:\/\/quaidesbrumes.com\/ouvrage\/9782877471596\/les-bonnes-herbes-de-provence-leurs-secrets-de-sante-et-de-beaute"},{"id":"9782738012081","title":"L'armillaire et le pourridie-agaric des vegetaux ligneux","description":"Les armillaires (genre Armillaria) sont des champignons responsables d'une maladie des racines, le \u00ab pourridi\u00e9-agaric \u00bb. Elles provoquent d'importants d\u00e9g\u00e2ts dans le monde entier sur les arbres forestiers et fruitiers, la vigne, les arbres d'ornement et les plantations tropicales. Les esp\u00e8ces d'Armillariapr\u00e9sentent des caract\u00e9ristiques uniques dans l'univers des champignons du point de vue de leur morphogen\u00e8se, de leur physiologie, de leur cycle reproductif et de leur \u00e9volution. Leur plasticit\u00e9 biologique leur permet de se comporter comme des saprophytes d\u00e9composeurs du bois mort, des parasites de faiblesse, des parasites primaires agressifs, voire des symbiotes mycorhiziens.Premi\u00e8re synth\u00e8se en langue fran\u00e7aise sur ce sujet, cet ouvrage int\u00e9ressera les chercheurs et les \u00e9tudiants, comme les professionnels de l'arboriculture et de la for\u00eat.Jean-Jacques Guillaumin, ing\u00e9nieur agronome INA, Docteur d'\u00c9tat, phytopathologiste et mycologue, est chercheur \u00e0 l'INRA de Clermont-Ferrand. Ses travaux ont port\u00e9 principalement sur les pourridi\u00e9s des v\u00e9g\u00e9taux ligneux et les d\u00e9p\u00e9rissements forestiers.Philippe Legrand, ing\u00e9nieur des Techniques foresti\u00e8res, Docteur d'Universit\u00e9, est responsable de l'interr\u00e9gion Massif central - Bourgogne au d\u00e9partement de la Sant\u00e9 des for\u00eats (DSF).Brigitte Lung-Escarmant, Docteur \u00c8s Sciences (Biologie et Sant\u00e9 des plantes cultiv\u00e9es), est ing\u00e9nieur de recherches au d\u00e9partement \u00c9cologie des for\u00eats, prairies et milieux aquatiques (EFPA) de l'INRA de Bordeaux.Bernard Botton est Professeur \u00e9m\u00e9rite en Physiologie v\u00e9g\u00e9tale de l'universit\u00e9 Henri-Poincar\u00e9, Nancy 1.\r","authors":["J.J. Guillaumin"],"category_codes":["4000000","4010000","4010400"],"visuals":{"large":"https:\/\/images.epagine.fr\/081\/9782738012081_1_75.jpg","medium":"https:\/\/images.epagine.fr\/081\/9782738012081_1_m.jpg","thumbnail":"https:\/\/images.epagine.fr\/081\/9782738012081_1_v.jpg"},"orderable":true,"show_badge":true,"formatted_price":"40,60&nbsp;\u20ac","formatted_published_date":"3 octobre 2005","publisher_availability_label":"Sur commande","short_details":"J.J. Guillaumin \u2014 Qu\u00e6","translator":null,"weight":801,"page_count":null,"readership":null,"editor":"Qu\u00e6","price":4060,"published_date":"2005-10-02T22:00:00.000000Z","support":"Grand format","publisher_availability":1,"stock":0,"editions":[],"url":"https:\/\/quaidesbrumes.com\/ouvrage\/9782738012081\/larmillaire-et-le-pourridie-agaric-des-vegetaux-ligneux"},{"id":"9782759225828","title":"Les rivi\u00e8res urbaines et leur pollution","description":"En deux si\u00e8cles, les rivi\u00e8res traversant les villes europ\u00e9ennes sont pass\u00e9es de r\u00e9ceptacle de tous leurs rejets \u00e0 un milieu aquatique vivant, \u00e0 pr\u00e9server et \u00e0 int\u00e9grer \u00e0 la ville. Pour autant, ce retournement de perspective s'est produit alors que l'urbanisation et l'industrialisation conjointe des villes depuis le XIXe si\u00e8cle avaient entra\u00een\u00e9 le sacrifice de leurs rivi\u00e8res. Les quatre m\u00e9tropoles de Bruxelles, Berlin, Milan et Paris ont \u00e9t\u00e9 choisies car situ\u00e9es sur des rivi\u00e8res ayant un d\u00e9bit faible, voire tr\u00e8s faible. Elles ont g\u00e9n\u00e9r\u00e9 pendant longtemps des pressions telles que le fonctionnement des rivi\u00e8res s'en est trouv\u00e9 modifi\u00e9, au point de compromettre la pr\u00e9servation de leurs fonctionnalit\u00e9s.\r\n\r\nAvec un regard interdisciplinaire - entre \u00e9cologie, hydrologie et sciences sociales -les auteurs reconstruisent ici la connaissance qu'ont eue les soci\u00e9t\u00e9s du fonctionnement de ces rivi\u00e8res, d\u00e9crivent les techniques de surveillance des cours d'eau et \u00e9num\u00e8rent les actions men\u00e9es pour am\u00e9liorer leur \u00e9tat. Puis ils \u00e9valuent l'efficacit\u00e9 des r\u00e9ponses apport\u00e9es, \u00e0 travers l'\u00e9volution de l'\u00e9tat des rivi\u00e8res et de leurs populations piscicoles, utilis\u00e9es ici comme traceur des pressions exerc\u00e9es et des r\u00e9ponses du milieu aquatique.\r\n\r\nCes \u00e9tudes de cas illustrent la diversit\u00e9 des trajectoires des couples ville-rivi\u00e8re et l'absence de causalit\u00e9 entre la connaissance de la qualit\u00e9 des cours d'eau, leur surveillance et les d\u00e9cisions prises. Elles r\u00e9v\u00e8lent l'importance des choix politiques pour ces quatre villes - ind\u00e9pendamment des moyens financiers et techniques disponibles - et fournissent un retour d'exp\u00e9rience pour les tr\u00e8s grandes villes du monde qui se retrouvent, un si\u00e8cle plus tard, confront\u00e9es aux m\u00eames d\u00e9fis.\r","authors":["Collectif","Catherine Carr\u00e9","Laurence Lestel"],"category_codes":["4000000","4010000","4010200","4010208"],"visuals":{"large":"https:\/\/images.epagine.fr\/828\/9782759225828_1_75.jpg","medium":"https:\/\/images.epagine.fr\/828\/9782759225828_1_m.jpg","thumbnail":"https:\/\/images.epagine.fr\/828\/9782759225828_1_v.jpg"},"orderable":true,"show_badge":true,"formatted_price":"42,00&nbsp;\u20ac","formatted_published_date":"9 mars 2017","publisher_availability_label":"Sur commande","short_details":"Collectif, Catherine Carr\u00e9, Laurence Lestel \u2014 Qu\u00e6","translator":null,"weight":524,"page_count":290,"readership":null,"editor":"Qu\u00e6","price":4200,"published_date":"2017-03-08T23:00:00.000000Z","support":"Grand format","publisher_availability":1,"stock":0,"editions":[],"url":"https:\/\/quaidesbrumes.com\/ouvrage\/9782759225828\/les-rivieres-urbaines-et-leur-pollution"},{"id":"9782738012159","title":"Histoire et am\u00e9lioration de cinquante plantes cultiv\u00e9es","description":"Les bases de la g\u00e9n\u00e9tique et les modes de reproduction des esp\u00e8ces v\u00e9g\u00e9tales sont tout d'abord rappel\u00e9s comme \u00e9l\u00e9ments n\u00e9cessaires \u00e0 la compr\u00e9hension des principes et m\u00e9thodes de l'am\u00e9lioration des plantes. Chaque plante cultiv\u00e9e est ensuite pr\u00e9sent\u00e9e sous forme de fiche construite sur un m\u00eame plan : synth\u00e8se sur l'histoire de l'esp\u00e8ce et les innovations marquantes en mati\u00e8re de cr\u00e9ation vari\u00e9tale, avec des illustrations de la plante enti\u00e8re et des produits de la r\u00e9colte. Class\u00e9es par ordre alphab\u00e9tique, ces fiches permettent au lecteur d'acc\u00e9der facilement \u00e0 l'information sur les diverses plantes cultiv\u00e9es pr\u00e9sent\u00e9es : quatre c\u00e9r\u00e9ales, six plantes ol\u00e9o-prot\u00e9agineuses, trois industrielles, trois foresti\u00e8res, cinq fourrag\u00e8res, huit fruiti\u00e8res, douze l\u00e9gumi\u00e8res, cinq ornementales, trois exemples d'esp\u00e8ces cultiv\u00e9es en milieu tropical et la vigne.Fruit de la consultation et de la collaboration d'environ deux-cent-trente sp\u00e9cialistes du secteur public et du secteur priv\u00e9, cet ouvrage est destin\u00e9 aux \u00e9tudiants, enseignants, professionnels des semences et \u00e0 toute personne qui s'int\u00e9resse \u00e0 l'am\u00e9lioration des plantes.Claire Dor\u00e9, directeur de recherche au d\u00e9partement de g\u00e9n\u00e9tique et d'am\u00e9lioration des plantes de l'Inra, est sp\u00e9cialiste de la culture in vitro de cellules v\u00e9g\u00e9tales.Fabrice Varoquaux, ma\u00eetre de conf\u00e9rence \u00e0 l'universit\u00e9 de Montpellier 2, enseigne notamment l'am\u00e9lioration des plantes et les biotechnologies v\u00e9g\u00e9tales.\r","authors":["C Dore","F Varoquaux"],"category_codes":["4000000","4010000","4010400"],"visuals":{"large":"https:\/\/images.epagine.fr\/159\/9782738012159_1_75.jpg","medium":"https:\/\/images.epagine.fr\/159\/9782738012159_1_m.jpg","thumbnail":"https:\/\/images.epagine.fr\/159\/9782738012159_1_v.jpg"},"orderable":true,"show_badge":true,"formatted_price":"73,00&nbsp;\u20ac","formatted_published_date":"5 juillet 2006","publisher_availability_label":"Sur commande","short_details":"C Dore, F Varoquaux \u2014 Qu\u00e6","translator":null,"weight":1473,"page_count":null,"readership":null,"editor":"Qu\u00e6","price":7300,"published_date":"2006-07-04T22:00:00.000000Z","support":"Grand format","publisher_availability":1,"stock":0,"editions":[],"url":"https:\/\/quaidesbrumes.com\/ouvrage\/9782738012159\/histoire-et-amelioration-de-cinquante-plantes-cultivees"},{"id":"9782856535349","title":"Atlas des orchid\u00e9es sauvages de la Guadeloupe","description":null,"authors":["Nicolas Barr\u00e9","Philippe Feldmann"],"category_codes":["4000000","4010000","4010400"],"visuals":{"large":"https:\/\/images.epagine.fr\/349\/9782856535349_1_75.jpg","medium":"https:\/\/images.epagine.fr\/349\/9782856535349_1_m.jpg","thumbnail":"https:\/\/images.epagine.fr\/349\/9782856535349_1_v.jpg"},"orderable":true,"show_badge":true,"formatted_price":"13,50&nbsp;\u20ac","formatted_published_date":"11 d\u00e9cembre 2014","publisher_availability_label":"Sur commande","short_details":"Nicolas Barr\u00e9, Philippe Feldmann \u2014 Publications Scientifiques Du Museum","translator":null,"weight":536,"page_count":null,"readership":null,"editor":"Publications Scientifiques Du Museum","price":1350,"published_date":"2014-12-10T23:00:00.000000Z","support":"Grand format","publisher_availability":1,"stock":0,"editions":[],"url":"https:\/\/quaidesbrumes.com\/ouvrage\/9782856535349\/atlas-des-orchidees-sauvages-de-la-guadeloupe"},{"id":"9782867395055","title":"J'ach\u00e8te ma premi\u00e8re ruche","description":"Si de tous temps l'homme a toujours \u00e9t\u00e9 fascin\u00e9 par l'abeille, ces derni\u00e8res ann\u00e9es ont vu, en plus, grandir l'int\u00e9r\u00eat de beaucoup d'entre nous pour les pr\u00e9occupations \u00e9cologiques. Alors avoir un jardin, un composteur, un poulailler... c'est tendance. Et une ruche ? \"Pourquoi pas ?\" Oui mais voil\u00e0, comment s'y prendre ? Combien \u00e7a co\u00fbte ? Comment s'en occupe-t-on ? O\u00f9 puis-je l'installer ? Pourrais-je r\u00e9colter du miel ? Puis-je en faire une activit\u00e9 lucrative ?\r\n\r\nVoici un petit ouvrage simple et basique qui donnera les cl\u00e9s essentielles et indispensables pour r\u00e9ussir votre premi\u00e8re exp\u00e9rience.\r","authors":["Bernard Nicollet","Christian Nicollet"],"category_codes":["4000000","4010000","4010300","4010302"],"visuals":{"large":"https:\/\/images.epagine.fr\/055\/9782867395055_1_75.jpg","medium":"https:\/\/images.epagine.fr\/055\/9782867395055_1_m.jpg","thumbnail":"https:\/\/images.epagine.fr\/055\/9782867395055_1_v.jpg"},"orderable":true,"show_badge":true,"formatted_price":"8,90&nbsp;\u20ac","formatted_published_date":"16 d\u00e9cembre 2013","publisher_availability_label":"Sur commande","short_details":"Bernard Nicollet, Christian Nicollet \u2014 PUITS FLEURI","translator":null,"weight":104,"page_count":128,"readership":null,"editor":"PUITS FLEURI","price":890,"published_date":"2013-12-15T23:00:00.000000Z","support":"Poche","publisher_availability":1,"stock":0,"editions":[],"url":"https:\/\/quaidesbrumes.com\/ouvrage\/9782867395055\/jachete-ma-premiere-ruche"},{"id":"9781911216902","title":"PEONIES ; BEAUTIFUL VARIETIES FOR HOME AND GARDEN","description":"240 pages, 189 x 246 mm, *Bilder*, Pfingstrosen\r","authors":["Jane Eastoe","Georgianna Lane"],"category_codes":["4000000","4010000","4010300"],"visuals":{"large":"https:\/\/images.epagine.fr\/902\/9781911216902_1_75.jpg","medium":"https:\/\/images.epagine.fr\/902\/9781911216902_1_m.jpg","thumbnail":"https:\/\/images.epagine.fr\/902\/9781911216902_1_v.jpg"},"orderable":true,"show_badge":true,"formatted_price":"33,80&nbsp;\u20ac","formatted_published_date":"1er mars 2018","publisher_availability_label":"Sur commande","short_details":"Jane Eastoe, Georgianna Lane \u2014 PAVILION BOOKS","translator":null,"weight":1029,"page_count":237,"readership":null,"editor":"PAVILION BOOKS","price":3380,"published_date":"2018-02-28T23:00:00.000000Z","support":"Grand format","publisher_availability":1,"stock":0,"editions":[],"url":"https:\/\/quaidesbrumes.com\/ouvrage\/9781911216902\/peonies-beautiful-varieties-for-home-and-garden"},{"id":"9782876236448","title":"Climat, nous serons la ris\u00e9e de nos petits enfants","description":"\u00c9tait-il vraiment possible que l'homme soit \u00e0 l'origine du r\u00e9chauffement climatique ? Il y a des contradictions flagrantes entre ce que nous disent les partisans de cette th\u00e8se et la r\u00e9alit\u00e9. D'aujourd'hui et d'hier. Par exemple au Moyen-\u00c2ge, il y aurait eu des fermes avec des vaches au Gro\u00ebnland... Plus proche de nous, une couverture de 1973 de Time Magazine pr\u00e9senta, avec photo-montage, New York recouverte d'un immense glacier. \u00c0 l'\u00e9poque, on nous pr\u00e9disait un refroidissement g\u00e9n\u00e9ralis\u00e9 de la plan\u00e8te. Qui on ? Certains sont les m\u00eames qui nous annoncent une apocalypse caniculaire.\r\nComment en est-on arriv\u00e9 l\u00e0 ? Est-ce un complot mondial ? Non, bien s\u00fbr. Simplement un concours de circonstances incroyable. Par la suite, les hommes politiques, une partie de la presse \u00e0 la recherche d'un catastrophisme vendeur et quelques \u00e9colos m\u00e9diatiques en ont tellement fait leur fonds de commerce qu'il leur sera impossible de revenir en arri\u00e8re.\r\nEt le monde scientifique ? Eh bien justement : beaucoup d'entre eux estiment que le r\u00e9chauffement climatique est d'origine anthropique et invoquent plut\u00f4t une activit\u00e9 solaire. Mais ceux-l\u00e0 n'ont pas acc\u00e8s aux m\u00e9dias, tandis que d'autres, dont la sp\u00e9cialit\u00e9 n'a rien \u00e0 voir avec le climat, sont sur tous les plateaux t\u00e9l\u00e9s. Le but n'est plus de convaincre mais de f\u00e9d\u00e9rer sur la peur. Tous les moyens sont bons : quand Fr. Hollande s'est rendu en Cor\u00e9e du Sud pour pr\u00e9parer le sommet sur le climat qui se tiendra en d\u00e9cembre prochain \u00e0 Paris, qui a-t-il emmen\u00e9 pr\u00eacher le cataclysme \u00e0 venir ? Un \u00e9minent savant ? Non, Fanny Coten\u00e7on. Un choix au demeurant malheureux. Cette m\u00eame actrice, peu apr\u00e8s l'attentat du 11 septembre 2001 contre des tours du World trade Center de New York, s'\u00e9tait illustr\u00e9e en se faisant l'avocate de la th\u00e9orie du complot !\r\nCe livre aborde la question sous l'angle du bon sens, de l'histoire, de la science des mensonges r\u00e9v\u00e9l\u00e9s par WikiLeaks, mais aussi du comment et pourquoi en eston arriv\u00e9 l\u00e0, de ceux qui s'enrichissent sur cette peur qu'ils g\u00e9n\u00e8rent, et des cons\u00e9quences dramatiques des choix \u00e9conomiques que cela induit. Ce livre ne cherche pas \u00e0 convaincre mais force \u00e0 se faire une opinion.\r","authors":["Jerry Mchornay"],"category_codes":["4000000","4010000","4010300","4010303"],"visuals":{"large":"https:\/\/images.epagine.fr\/448\/9782876236448_1_75.jpg","medium":"https:\/\/images.epagine.fr\/448\/9782876236448_1_m.jpg","thumbnail":"https:\/\/images.epagine.fr\/448\/9782876236448_1_v.jpg"},"orderable":true,"show_badge":true,"formatted_price":"17,00&nbsp;\u20ac","formatted_published_date":"20 novembre 2015","publisher_availability_label":"Sur commande","short_details":"Jerry Mchornay \u2014 Michel De Maule","translator":null,"weight":154,"page_count":144,"readership":null,"editor":"Michel De Maule","price":1700,"published_date":"2015-11-19T23:00:00.000000Z","support":"Grand format","publisher_availability":1,"stock":0,"editions":[],"url":"https:\/\/quaidesbrumes.com\/ouvrage\/9782876236448\/climat-nous-serons-la-risee-de-nos-petits-enfants"},{"id":"9782759223619","title":"Oiseaux et changement global ; menace ou aubaine ?","description":"C'est dsormais un lieu commun ! L'poque que nous vivons est marque  par de profondes mutations dans tous les domaines ! Mais, savons-nous  que se mettre  l'afft et observer les oiseaux pourraient nous en  apprendre beaucoup. Au-del de la beaut de leur plumage, de leur chant  et des performances souvent spectaculaires de leur biologie, ...\r","authors":["Jacques Blondel","Jonathan Lhoir"],"category_codes":["4000000","4010000","4010300"],"visuals":{"large":"https:\/\/images.epagine.fr\/619\/9782759223619_1_75.jpg","medium":"https:\/\/images.epagine.fr\/619\/9782759223619_1_m.jpg","thumbnail":"https:\/\/images.epagine.fr\/619\/9782759223619_1_v.jpg"},"orderable":true,"show_badge":true,"formatted_price":"26,00&nbsp;\u20ac","formatted_published_date":"24 septembre 2015","publisher_availability_label":"Sur commande","short_details":"Jacques Blondel, Jonathan Lhoir \u2014 Qu\u00e6","translator":null,"weight":692,"page_count":144,"readership":null,"editor":"Qu\u00e6","price":2600,"published_date":"2015-09-23T22:00:00.000000Z","support":"Beaux-livres","publisher_availability":1,"stock":0,"editions":[],"url":"https:\/\/quaidesbrumes.com\/ouvrage\/9782759223619\/oiseaux-et-changement-global-menace-ou-aubaine"},{"id":"9782849342329","title":"Valeur(s) de la biodiversit\u00e9 ?","description":"Quelle(s) valeur(s) pour la biodiversit\u00e9 ? Alors qu'elle pourrait para\u00eetre saugrenue, la question, aujourd'hui lancinante, est m\u00eame devenue incontournable. L'arriv\u00e9e du discours \u00e9conomique sur la sc\u00e8ne de la biodiversit\u00e9 a mis au jour le d\u00e9bat portant sur la protection de celle-ci \u00e0 travers la valeur, ou plut\u00f4t les valeurs \u00e0 elle assign\u00e9es. Loin de se limiter \u00e0 la dimension \u00e9conomique de la diversit\u00e9 biologique, le pr\u00e9sent ouvrage met en effet le concept de valeur au pluriel. Il propose une mise \u00e0 l'\u00e9preuve de la biodiversit\u00e9 par le biais d'un croisement disciplinaire en proposant de r\u00e9fl\u00e9chir \u00e0 ce que, confront\u00e9 \u00e0 la biodiversit\u00e9, le concept de valeur recouvre et suscite. Fruit d'une r\u00e9flexion collective qui s'est tenue en 2014 \u00e0 la Fondation des Treilles, l'objectif premier de ce livre \u00e9tait une recherche fondamentale visant \u00e0 faire parler le droit sur la question des valeurs de la biodiversit\u00e9. Initi\u00e9e ici par des juristes, la recherche n'a pour autant pas perdu de vue le fait que sous la dalle des mots et dans les coulisses des notions r\u00e9put\u00e9es denses se nouent \u00e9galement des enjeux tr\u00e8s pratiques. \u00c0 partir d'une approche d\u00e9lib\u00e9r\u00e9ment interdisciplinaire, aux dimensions \u00e0 la fois th\u00e9orique et empirique, il s'agit de contribuer \u00e0 la r\u00e9v\u00e9lation de l'ensemble des valeurs que l'on attribue \u00e0 la biodiversit\u00e9, pour mieux en renforcer la protection. La r\u00e9flexion ici livr\u00e9e, avant tout exploratoire, est ainsi loin d'\u00eatre fig\u00e9e puisqu'elle repose sur des concepts pour l'heure non consensuels au sein de la communaut\u00e9 scientifique, et dont la cristallisation supposera des approfondissements successifs : il s'agit donc, on l'aura compris, d'un appel visant \u00e0 mobilier les forces cr\u00e9atrices pr\u00e9sentes dans toutes les disciplines.\r","authors":["Mathilde Boutonnet","Collectif","Eve Truilhe-marengo"],"category_codes":["4000000","4010000","4010200","4010204"],"visuals":{"large":"https:\/\/images.epagine.fr\/329\/9782849342329_1_75.jpg","medium":"https:\/\/images.epagine.fr\/329\/9782849342329_1_m.jpg","thumbnail":"https:\/\/images.epagine.fr\/329\/9782849342329_1_v.jpg"},"orderable":true,"show_badge":true,"formatted_price":"35,00&nbsp;\u20ac","formatted_published_date":"13 avril 2017","publisher_availability_label":"Sur commande","short_details":"Mathilde Boutonnet, Collectif, Eve Truilhe-marengo \u2014 Mare & Martin","translator":null,"weight":536,"page_count":326,"readership":null,"editor":"Mare & Martin","price":3500,"published_date":"2017-04-12T22:00:00.000000Z","support":"Grand format","publisher_availability":1,"stock":0,"editions":[],"url":"https:\/\/quaidesbrumes.com\/ouvrage\/9782849342329\/valeurs-de-la-biodiversite"},{"id":"9782709916387","title":"Atlas des reptiles du Cameroun - N\u00b0 67","description":"Dot\u00e9 d'une grande vari\u00e9t\u00e9 de milieux naturels, le Cameroun est l'un des pays d'Afrique ayant la plus grande biodiversit\u00e9. Depuis 1998, une \u00e9quipe de sp\u00e9cialistes a entrepris une collecte syst\u00e9matique de nouvelles donn\u00e9es herp\u00e9tologiques dans tout le pays. L'Atlas des reptiles du Cameroun est le fruit de cet important travail qui, associ\u00e9 aux donn\u00e9es bibliographiques et mus\u00e9ologiques existantes, a permis de recenser 285 esp\u00e8ces de reptiles dans plus de 1 000 stations.\r\n\r\nPour chaque esp\u00e8ce, les caract\u00e8res d'identification, la r\u00e9partition sur le terrain, les affinit\u00e9s biog\u00e9ographiques et les probl\u00e8mes de conservation sont trait\u00e9s de fa\u00e7on claire gr\u00e2ce \u00e0 un syst\u00e8me de fiches incluant \u00e9galement quelques donn\u00e9es sur la biologie, une photographie de l'animal et une carte de r\u00e9partition.\r\n\r\nCet Atlas est un pas important dans la connaissance de l'herp\u00e9tofaune encore m\u00e9connue de cette partie du continent africain.\r\nR\u00e9sum\u00e9 en anglais\r","authors":["Chirio\/Lebreton"],"category_codes":["4000000","4010000"],"visuals":{"large":"https:\/\/images.epagine.fr\/387\/9782709916387_1_75.jpg","medium":"https:\/\/images.epagine.fr\/387\/9782709916387_1_m.jpg","thumbnail":"https:\/\/images.epagine.fr\/387\/9782709916387_1_v.jpg"},"orderable":true,"show_badge":true,"formatted_price":"58,90&nbsp;\u20ac","formatted_published_date":"23 mai 2011","publisher_availability_label":"Sur commande","short_details":"Chirio\/Lebreton \u2014 IRD","translator":null,"weight":1528,"page_count":686,"readership":null,"editor":"IRD","price":5890,"published_date":"2011-05-22T22:00:00.000000Z","support":"Grand format","publisher_availability":1,"stock":0,"editions":[],"url":"https:\/\/quaidesbrumes.com\/ouvrage\/9782709916387\/atlas-des-reptiles-du-cameroun-n-67"}]}