{"data":[{"id":"9782322521241","title":"Nou\u00e2tre triathlon, 40 ans de passion","description":"Le r\u00e9cit de quarante ann\u00e9es de passion \"triathlon\" pour une petite commune tourangelle, Nou\u00e2tre.","authors":["Pion Fabrice"],"category_codes":["4000000","4010000","4010500","4010503"],"visuals":{"large":"https:\/\/images.epagine.fr\/241\/9782322521241_1_75.jpg","medium":"https:\/\/images.epagine.fr\/241\/9782322521241_1_m.jpg","thumbnail":"https:\/\/images.epagine.fr\/241\/9782322521241_1_v.jpg"},"orderable":true,"show_badge":true,"formatted_price":"24,00&nbsp;\u20ac","formatted_published_date":"30 janvier 2024","publisher_availability_label":"Sur commande","short_details":"Pion Fabrice \u2014 Books on Demand","translator":null,"weight":542,"page_count":340,"readership":null,"editor":"Books on Demand","price":2400,"published_date":"2024-01-29T23:00:00.000000Z","support":"Grand format","publisher_availability":1,"stock":0,"editions":[],"url":"https:\/\/quaidesbrumes.com\/ouvrage\/9782322521241\/nouatre-triathlon-40-ans-de-passion"},{"id":"9782954655895","title":"Quel monde nous prepare-t-on pour demain ? - les marchands de peur ont-ils trop de pouvoir ?","description":null,"authors":["Jo\u00eblle Soyer"],"category_codes":["4000000","4010000","4010200","4010208"],"visuals":{"large":"https:\/\/quaidesbrumes.com\/img\/book-placeholder.png","medium":"https:\/\/quaidesbrumes.com\/img\/book-placeholder.png","thumbnail":"https:\/\/quaidesbrumes.com\/img\/book-placeholder.png"},"orderable":true,"show_badge":true,"formatted_price":"17,00&nbsp;\u20ac","formatted_published_date":"15 novembre 2023","publisher_availability_label":"Sur commande","short_details":"Jo\u00eblle Soyer \u2014 Dechartres","translator":null,"weight":274,"page_count":null,"readership":null,"editor":"Dechartres","price":1700,"published_date":"2023-11-14T23:00:00.000000Z","support":"Grand format","publisher_availability":1,"stock":0,"editions":[],"url":"https:\/\/quaidesbrumes.com\/ouvrage\/9782954655895\/quel-monde-nous-prepare-t-on-pour-demain-les-marchands-de-peur-ont-ils-trop-de-pouvoir"},{"id":"9780002201612","title":"Complete mediterranean wildlife - photoguide","description":"Mammals, birds, reptiles and amphibians, butterflies and moths, other insects, spiders, slugs and snails, trees and flowering plants from all round the Mediterranean are all included here, and each section is coded with a symbol for quick reference.\r","authors":["Paul Sterry"],"category_codes":["4000000","4010000","4010300"],"visuals":{"large":"https:\/\/images.epagine.fr\/612\/9780002201612_1_75.jpg","medium":"https:\/\/images.epagine.fr\/612\/9780002201612_1_m.jpg","thumbnail":"https:\/\/images.epagine.fr\/612\/9780002201612_1_v.jpg"},"orderable":true,"show_badge":true,"formatted_price":"33,80&nbsp;\u20ac","formatted_published_date":"7 f\u00e9vrier 2000","publisher_availability_label":"Sur commande","short_details":"Paul Sterry \u2014 Harper Collins Publishers","translator":null,"weight":738,"page_count":384,"readership":null,"editor":"Harper Collins Publishers","price":3380,"published_date":"2000-02-06T23:00:00.000000Z","support":"Grand format","publisher_availability":1,"stock":0,"editions":[],"url":"https:\/\/quaidesbrumes.com\/ouvrage\/9780002201612\/complete-mediterranean-wildlife-photoguide"},{"id":"9791042500771","title":"La paix ! Pour sauver le climat... Sans la paix, le climat nous sera fatal !","description":"Dans ce livre r\u00e9volutionnaire bas\u00e9 sur une \u00e9tude scientifique, l'auteur r\u00e9v\u00e8le que le CO2 accumul\u00e9 depuis l'\u00e8re industrielle dans l'atmosph\u00e8re en raison de l'utilisation des \u00e9nergies fossiles est notre principal ennemi, provoquant un r\u00e9chauffement climatique catastrophique par effet de serre. Nos efforts actuels pour r\u00e9duire ces \u00e9missions seront insuffisants. La seule solution est de capturer l'exc\u00e8s de 51 % de CO2 dans l'air, en utilisant de nouvelles technologies comme les capteurs CSC et DAC, bien que le co\u00fbt soit astronomique. L'auteur propose une id\u00e9e audacieuse : faire un cessez-le-feu imm\u00e9diat afin d'utiliser les budgets militaires et mobiliser les forces arm\u00e9es pour installer ces capteurs et sauver notre plan\u00e8te, nos enfants et les g\u00e9n\u00e9rations futures. Il n'y a aucune autre solution !","authors":["Karma Tachi Temphel"],"category_codes":["4000000","4010000","4010200","4010207"],"visuals":{"large":"https:\/\/images.epagine.fr\/771\/9791042500771_1_75.jpg","medium":"https:\/\/images.epagine.fr\/771\/9791042500771_1_m.jpg","thumbnail":"https:\/\/images.epagine.fr\/771\/9791042500771_1_v.jpg"},"orderable":true,"show_badge":true,"formatted_price":"19,00&nbsp;\u20ac","formatted_published_date":"28 novembre 2023","publisher_availability_label":"Sur commande","short_details":"Karma Tachi Temphel \u2014 Editions Ma\u00efa","translator":null,"weight":350,"page_count":154,"readership":null,"editor":"Editions Ma\u00efa","price":1900,"published_date":"2023-11-27T23:00:00.000000Z","support":"Grand format","publisher_availability":1,"stock":0,"editions":[],"url":"https:\/\/quaidesbrumes.com\/ouvrage\/9791042500771\/la-paix-pour-sauver-le-climat-sans-la-paix-le-climat-nous-sera-fatal"},{"id":"9781789481624","title":"Le recyclage, enjeu pour l'\u00e9conomie circulaire","description":"Limiter la consommation est aujourd'hui une imp\u00e9rieuse n\u00e9cessit\u00e9 environnementale. R\u00e9duire le gaspillage des ressources et la production de d\u00e9chets, mais aussi savoir valoriser ces derniers pour s'en servir comme une ressource secondaire, sont les piliers de l'\u00e9conomie circulaire. Toutes les mati\u00e8res, quel que soit leur degr\u00e9 de transformation, peuvent \u00eatre r\u00e9employ\u00e9es.\r\n\r\nLe recyclage, enjeu pour l'\u00e9conomie circulaire ouvre son analyse sur la sensibilisation au r\u00f4le de chacun dans la r\u00e9duction des volumes de d\u00e9chets individuels. Il dresse ensuite le panorama des strat\u00e9gies et les challenges du recyclage d'un grand nombre de mati\u00e8res peu transform\u00e9es (bois, verre, mat\u00e9riaux du b\u00e2timent ou sols pollu\u00e9s) \u00e0 tr\u00e8s transform\u00e9es (d\u00e9chets \u00e9lectriques et \u00e9lectroniques, batteries, aimants ou plastiques). Cet ouvrage traite \u00e9galement des aspects de la disponibilit\u00e9 des ressources et les mani\u00e8res d'envisager le cycle dynamique des mati\u00e8res dans un contexte de demande toujours croissante.","authors":["Michel Cathelineau"],"category_codes":["4000000","4010000","4010200","4010208"],"visuals":{"large":"https:\/\/images.epagine.fr\/624\/9781789481624_1_75.jpg","medium":"https:\/\/images.epagine.fr\/624\/9781789481624_1_m.jpg","thumbnail":"https:\/\/images.epagine.fr\/624\/9781789481624_1_v.jpg"},"orderable":true,"show_badge":true,"formatted_price":"116,05&nbsp;\u20ac","formatted_published_date":"13 novembre 2023","publisher_availability_label":"Sur commande","short_details":"Michel Cathelineau \u2014 Iste","translator":null,"weight":0,"page_count":346,"readership":null,"editor":"Iste","price":11605,"published_date":"2023-11-12T23:00:00.000000Z","support":"Grand format","publisher_availability":1,"stock":0,"editions":[],"url":"https:\/\/quaidesbrumes.com\/ouvrage\/9781789481624\/le-recyclage-enjeu-pour-leconomie-circulaire"},{"id":"9781784059903","title":"R\u00e9seaux d'\u00e9nergie et b\u00e2timents intelligents pour la transition \u00e9nerg\u00e9tique et soci\u00e9tale","description":"La Terre conna\u00eet une grave crise \u00e9cologique induite par une consommation \u00e9nerg\u00e9tique et mat\u00e9rielle effr\u00e9n\u00e9e des soci\u00e9t\u00e9s humaines, impactant le climat et la biodiversit\u00e9 de fa\u00e7on irr\u00e9versible.Cet ouvrage pr\u00e9sente des approches interdisciplinaires pour amener les b\u00e2timents, les r\u00e9seaux d'\u00e9nergie \u00e9lectrique, leurs usagers \u00e0 contribuer \u00e0 la transition \u00e9nerg\u00e9tique et soci\u00e9tale. Il questionne les techniques, les usages et les imaginaires dans la mise en oeuvre des smart buildings et des smart grids. Les pr\u00e9visions de production et de consommation, la mod\u00e9lisation de l'implication des acteurs et l'autoconsommation au sein d'une communaut\u00e9 \u00e9nerg\u00e9tique renouvelable exploitant la technologie blockchain sont des exemples d\u00e9velopp\u00e9s en vue de favoriser l'\u00e9mergence des smart grids. Les potentialit\u00e9s des smart buildings, prenant en compte le confort des usagers tout en augmentant leur efficacit\u00e9 \u00e9nerg\u00e9tique, sont identifi\u00e9es. Des d\u00e9monstrateurs \u00e0 \u00e9chelle r\u00e9elle permettent de tester les solutions propos\u00e9es et l'appropriation par les usagers des possibilit\u00e9s de flexibilit\u00e9 \u00e9lectrique.","authors":["Dhaker Abbes","Herv\u00e9 Barry","Laure Dobigny","Benoit Durillon","Beno\u00eet Robyns","Christophe Saudemont"],"category_codes":["4000000","4010000","4010200"],"visuals":{"large":"https:\/\/images.epagine.fr\/903\/9781784059903_1_75.jpg","medium":"https:\/\/images.epagine.fr\/903\/9781784059903_1_m.jpg","thumbnail":"https:\/\/images.epagine.fr\/903\/9781784059903_1_v.jpg"},"orderable":true,"show_badge":true,"formatted_price":"168,80&nbsp;\u20ac","formatted_published_date":"19 f\u00e9vrier 2024","publisher_availability_label":"Sur commande","short_details":"Dhaker Abbes, Herv\u00e9 Barry, Laure Dobigny, Benoit Durillon, Beno\u00eet Robyns, Christophe Saudemont \u2014 Iste","translator":null,"weight":0,"page_count":426,"readership":null,"editor":"Iste","price":16880,"published_date":"2024-02-18T23:00:00.000000Z","support":"Grand format","publisher_availability":1,"stock":0,"editions":[],"url":"https:\/\/quaidesbrumes.com\/ouvrage\/9781784059903\/reseaux-denergie-et-batiments-intelligents-pour-la-transition-energetique-et-societale"},{"id":"9781789481679","title":"G\u00e9n\u00e9tique des domestications","description":"La domestication des plantes, des animaux et des micro-organismes a permis le d\u00e9veloppement de l'agriculture, de l'\u00e9levage, de la transformation de leurs produits et finalement des civilisations.Les esp\u00e8ces concern\u00e9es par la domestication, les r\u00e9gions du monde o\u00f9 elle s'est d\u00e9roul\u00e9e, les indices permettant d'identifier l'anc\u00eatre sauvage, les propri\u00e9t\u00e9s particuli\u00e8res, morphologiques ou physiologiques qui la caract\u00e9rise, les g\u00e8nes qui ont \u00e9t\u00e9 modifi\u00e9s, les \u00e9changes g\u00e9n\u00e9tiques que les organismes domestiqu\u00e9s ont entretenu avec leur anc\u00eatre sauvage, les cons\u00e9quences de la structuration en races animales ou en vari\u00e9t\u00e9s v\u00e9g\u00e9tales des esp\u00e8ces qui en sont issues, sont autant de questions qui suscitent des travaux dans les domaines de l'arch\u00e9ologie, la sociologie, l'\u00e9cologie, et la g\u00e9n\u00e9tique.G\u00e9n\u00e9tique des domestications traite de l'apport des m\u00e9thodes modernes d'analyse g\u00e9n\u00e9tique et de g\u00e9nomique \u00e0 la connaissance historique des domestications, leur nature et leur diversit\u00e9 \u00e0 partir des exemples de douze esp\u00e8ces ou groupes d'esp\u00e8ces.","authors":["Georges Pelletier"],"category_codes":["4000000","4010000","4010300"],"visuals":{"large":"https:\/\/images.epagine.fr\/679\/9781789481679_1_75.jpg","medium":"https:\/\/images.epagine.fr\/679\/9781789481679_1_m.jpg","thumbnail":"https:\/\/images.epagine.fr\/679\/9781789481679_1_v.jpg"},"orderable":true,"show_badge":true,"formatted_price":"133,98&nbsp;\u20ac","formatted_published_date":"19 f\u00e9vrier 2024","publisher_availability_label":"Sur commande","short_details":"Georges Pelletier \u2014 Iste","translator":null,"weight":0,"page_count":282,"readership":null,"editor":"Iste","price":13398,"published_date":"2024-02-18T23:00:00.000000Z","support":"Grand format","publisher_availability":1,"stock":0,"editions":[],"url":"https:\/\/quaidesbrumes.com\/ouvrage\/9781789481679\/genetique-des-domestications"},{"id":"9782384413485","title":"L'or bleu","description":"Surnomm\u00e9e l'\u00ab Or bleu \u00bb, la lavande arbore, l'\u00e9t\u00e9 install\u00e9, ses jolies inflorescences de bleus (p\u00e2les ou fonc\u00e9es), parfois violac\u00e9es qui ornent, \u00e0 perte de vue, les champs de Provence. Les Romains l'utilisaient pour conserver le linge et parfumer leur bain. Transform\u00e9e, depuis, en une huile devenue essentielle dans notre vie quotidienne, pour combattre anxi\u00e9t\u00e9, stress, insomnie, douleurs diverses, gr\u00e2ce \u00e0 ses vertus cicatrisantes, antiseptiques, calmantes et bact\u00e9ricides. Consid\u00e9r\u00e9e comme la reine de l'aromath\u00e9rapie, elle s'invite dans nos armoires, en diffusion, en bain, en massage et en cuisine... ! Une invitation \u00e0 un voyage au coeur d'un or bleu.","authors":["Jean-Marc Harel-Ramond"],"category_codes":["4000000","4010000","4010400","4010404"],"visuals":{"large":"https:\/\/images.epagine.fr\/485\/9782384413485_1_75.jpg","medium":"https:\/\/images.epagine.fr\/485\/9782384413485_1_m.jpg","thumbnail":"https:\/\/images.epagine.fr\/485\/9782384413485_1_v.jpg"},"orderable":true,"show_badge":true,"formatted_price":"21,00&nbsp;\u20ac","formatted_published_date":"13 d\u00e9cembre 2023","publisher_availability_label":"Sur commande","short_details":"Jean-Marc Harel-Ramond \u2014 Editions Ma\u00efa","translator":null,"weight":350,"page_count":220,"readership":null,"editor":"Editions Ma\u00efa","price":2100,"published_date":"2023-12-12T23:00:00.000000Z","support":"Grand format","publisher_availability":1,"stock":0,"editions":[],"url":"https:\/\/quaidesbrumes.com\/ouvrage\/9782384413485\/lor-bleu"},{"id":"9782889580538","title":"La salamandre n.281","description":"Le sauvage tente de se faire une place dans nos cit\u00e9s. Offrons-lui encore plus d'espace !","authors":["Collectif"],"category_codes":["4000000","4010000","4010300"],"visuals":{"large":"https:\/\/images.epagine.fr\/538\/9782889580538_1_75.jpg","medium":"https:\/\/images.epagine.fr\/538\/9782889580538_1_m.jpg","thumbnail":"https:\/\/images.epagine.fr\/538\/9782889580538_1_v.jpg"},"orderable":true,"show_badge":true,"formatted_price":"7,00&nbsp;\u20ac","formatted_published_date":"29 f\u00e9vrier 2024","publisher_availability_label":"Sur commande","short_details":"Collectif \u2014 \u00c9ditions de la Salamandre","translator":null,"weight":290,"page_count":100,"readership":null,"editor":"\u00c9ditions de la Salamandre","price":700,"published_date":"2024-02-28T23:00:00.000000Z","support":"Revue","publisher_availability":1,"stock":0,"editions":[],"url":"https:\/\/quaidesbrumes.com\/ouvrage\/9782889580538\/la-salamandre-n281"},{"id":"9782760340787","title":"Ha\u00efti : Le sous-d\u00e9veloppement durable","description":"Les strat\u00e9gies de d\u00e9veloppement prioris\u00e9es correspondent-elles \u00e0 la r\u00e9alit\u00e9 et aux besoins locaux dans la soci\u00e9t\u00e9 ha\u00eftienne ? Les acteurs locaux participent-ils au processus de d\u00e9veloppement \u00e9conomique ? Quelle place occupe le local dans la fabrication des d\u00e9cisions collectives ? La classe dirigeante et les d\u00e9cideurs publics \u00e9prouvent-ils une certaine volont\u00e9 pour que le processus du d\u00e9veloppement local et la d\u00e9centralisation soient une r\u00e9alit\u00e9 effective en Ha\u00efti ?\r\n\r\nLes fondements des deux notions tout juste \u00e9voqu\u00e9es voudraient que les acteurs, les citoyens et les pouvoirs locaux prennent part au processus d\u00e9cisionnel devant aboutir \u00e0 la formulation des politiques de d\u00e9veloppement. Or, dans les faits, la planification locale du d\u00e9veloppement est une r\u00e9alit\u00e9 difficile \u00e0 institutionnaliser.\r\n\r\nBas\u00e9e essentiellement sur une interpr\u00e9tation multidimensionnelle du d\u00e9veloppement et sur une approche institutionnelle de l'analyse des politiques publiques, la r\u00e9flexion que propose Lovinski incite \u00e0 interroger les politiques de d\u00e9veloppement prioris\u00e9es par les d\u00e9cideurs publics. L'auteur examine les d\u00e9marches entreprises dans la conduite des politiques de d\u00e9veloppement et montre \u00e0 quoi elles ont abouti tout comme il saisit les dynamiques en marche et en appr\u00e9hende les ambigu\u00eft\u00e9s.","authors":["Lovinski V P A."],"category_codes":["4000000","4010000","4010200","4010208"],"visuals":{"large":"https:\/\/quaidesbrumes.com\/img\/book-placeholder.png","medium":"https:\/\/quaidesbrumes.com\/img\/book-placeholder.png","thumbnail":"https:\/\/quaidesbrumes.com\/img\/book-placeholder.png"},"orderable":true,"show_badge":true,"formatted_price":"31,50&nbsp;\u20ac","formatted_published_date":"6 d\u00e9cembre 2023","publisher_availability_label":"Sur commande","short_details":"Lovinski V P A. \u2014 Pu D'Ottawa","translator":null,"weight":279,"page_count":200,"readership":null,"editor":"Pu D'Ottawa","price":3150,"published_date":"2023-12-05T23:00:00.000000Z","support":"Grand format","publisher_availability":1,"stock":0,"editions":[],"url":"https:\/\/quaidesbrumes.com\/ouvrage\/9782760340787\/haiti-le-sous-developpement-durable"},{"id":"9780008331689","title":"ELEPHANTS","description":"Elephants are as unique as people. They can be clever and curious or headstrong and impulsive, shy or sociable. Learn to know them as individuals as well as a species in this evocative account of years spent studying elephant behaviour in the wild.  Watching a family out for a swim on a hot day, Dr Hannah Mumby notes grandmothers, mothers, sisters and children exchanging noisy greetings, a consistent stream of close-range vocalisations, intermittent touching, co-operative herding of babies and frequent stopping for snacks. A close and interconnected family. But in this family, the adults weigh several tons each and the babies wave trunks playfully at one another. This is a herd of elephants.  That elephants are intelligent, sentient beings is common knowledge, but so much about their day-to-day lives and abilities remains unknown. How do they communicate with one another over seemingly impossible distances? How do males spend their lives once they have left their mothers'' herds? And how much do they really remember?  In this lyrically written and deeply personal account of several years of field research, Mumby reverently describes her own elephant encounters, alongside an exploration of the most up-to-date discoveries about the lives of these gentle giants. Learn how elephants live, travel, have sex, raise children and relate to one another, and reflect on how they think and feel. Understanding elephants as individuals closes the gap between human and animal and has powerful applications in the critical field of elephant conservation.\r","authors":["Hannah Mumby"],"category_codes":["4000000","4010000","4010300"],"visuals":{"large":"https:\/\/images.epagine.fr\/689\/9780008331689_1_75.jpg","medium":"https:\/\/images.epagine.fr\/689\/9780008331689_1_m.jpg","thumbnail":"https:\/\/images.epagine.fr\/689\/9780008331689_1_v.jpg"},"orderable":true,"show_badge":true,"formatted_price":"21,40&nbsp;\u20ac","formatted_published_date":"2 avril 2020","publisher_availability_label":"Sur commande","short_details":"Hannah Mumby \u2014 William Collins","translator":null,"weight":406,"page_count":295,"readership":null,"editor":"William Collins","price":2140,"published_date":"2020-04-01T22:00:00.000000Z","support":"Grand format","publisher_availability":1,"stock":0,"editions":[],"url":"https:\/\/quaidesbrumes.com\/ouvrage\/9780008331689\/elephants"},{"id":"9782954725444","title":"Nagalaqa : Au nord des terres","description":"168 pages pour d\u00e9couvrir les images et le r\u00e9cit de l'exp\u00e9dition Nagalaqa S\u00e9bastien, Jimmy et Eric y content leur avanc\u00e9e de 3000 km le long des huit \u00eeles canadiennes les plus au nord !\r\n\r\nAccompagn\u00e9 d'images exceptionnelles de ces r\u00e9gions pour la plupart encore inexplor\u00e9es.","authors":["Eric Andr\u00e9","Jimmy Hery","Sebastien Roubinet"],"category_codes":["4000000","4010000"],"visuals":{"large":"https:\/\/images.epagine.fr\/444\/9782954725444_1_75.jpg","medium":"https:\/\/images.epagine.fr\/444\/9782954725444_1_m.jpg","thumbnail":"https:\/\/images.epagine.fr\/444\/9782954725444_1_v.jpg"},"orderable":true,"show_badge":true,"formatted_price":"35,00&nbsp;\u20ac","formatted_published_date":"15 d\u00e9cembre 2023","publisher_availability_label":"Sur commande","short_details":"Eric Andr\u00e9, Jimmy Hery, Sebastien Roubinet \u2014 Azerty-Ti","translator":null,"weight":740,"page_count":168,"readership":null,"editor":"Azerty-Ti","price":3500,"published_date":"2023-12-14T23:00:00.000000Z","support":"Grand format","publisher_availability":1,"stock":0,"editions":[],"url":"https:\/\/quaidesbrumes.com\/ouvrage\/9782954725444\/nagalaqa-au-nord-des-terres"},{"id":"9782336436555","title":"Partager le r\u00e9el par temps de crise : R\u00e9flexions et r\u00e9cits autour des catastrophes","description":"Alors que de multiples crises environnementales, climatiques, sociales et \u00e9conomiques affectent le monde, la notion de risque a pris de l'importance, notamment pour anticiper les catastrophes. La science des risques propose des plans d'adaptation et des scenarii comme moyen de rationaliser les incertitudes attach\u00e9es aux ouragans de mauvaises nouvelles. Cette science \u00e9mergente n'a pas pu encore mesurer ses propres impacts et ses propres limites de fa\u00e7on critique.\r\n\r\nNous apprenons maladroitement \u00e0 vivre avec les catastrophes qui semblent dessiner notre nouvel horizon commun. C'est par bribes que nous appr\u00e9hendons ce qui nous entoure. C'est par domaines disciplinaires sp\u00e9cialis\u00e9s que nous d\u00e9cortiquons le chaos du r\u00e9el. Ce qui est partag\u00e9, c'est la peur de la catastrophe et la repr\u00e9sentation lacunaire du monde. Avec pour fil conducteur l'ouragan Irma (2017), ce livre offre un nouveau r\u00e9cit sur les enjeux du temps pr\u00e9sent et l'art d'y faire face.","authors":["Julien Gargani"],"category_codes":["4000000","4010000","4010200","4010208"],"visuals":{"large":"https:\/\/images.epagine.fr\/555\/9782336436555_1_75.jpg","medium":"https:\/\/images.epagine.fr\/555\/9782336436555_1_m.jpg","thumbnail":"https:\/\/images.epagine.fr\/555\/9782336436555_1_v.jpg"},"orderable":true,"show_badge":true,"formatted_price":"17,00&nbsp;\u20ac","formatted_published_date":"4 avril 2024","publisher_availability_label":"Sur commande","short_details":"Julien Gargani \u2014 \u00c9ditions L'Harmattan","translator":null,"weight":186,"page_count":154,"readership":null,"editor":"\u00c9ditions L'Harmattan","price":1700,"published_date":"2024-04-03T22:00:00.000000Z","support":"Grand format","publisher_availability":1,"stock":0,"editions":[],"url":"https:\/\/quaidesbrumes.com\/ouvrage\/9782336436555\/partager-le-reel-par-temps-de-crise-reflexions-et-recits-autour-des-catastrophes"},{"id":"9782336413709","title":"Les usages sociaux de la plage dans le grand Lom\u00e9 (Togo) et le greater accra (Ghana) : Pratiques, logiques, enjeux","description":"La plage est devenue un espace de production de faits sociaux dans les villes d'Accra (Ghana) et de Lom\u00e9 (Togo). Le produit de ces actions humaines a connu une grande transformation au fil du temps pour r\u00e9pondre \u00e0 de nouveaux d\u00e9fis, car chaque espace est le fruit d'une histoire singuli\u00e8re. Aujourd'hui, la plage dans le Grand Lom\u00e9 et le Greater Accra est confront\u00e9e \u00e0 trois d\u00e9fis majeurs : r\u00e9pondre \u00e0 des besoins de loisirs, int\u00e9grer l'\u00e9cologie \u00e0 son am\u00e9nagement et repenser sa gouvernance. Comment la plage r\u00e9pond \u00e0 ces pr\u00e9occupations dans le Grand Lom\u00e9 et le Greater Accra ? S'appuyant sur une enqu\u00eate de terrain fouill\u00e9e, document\u00e9e, l'auteure conclut que les pratiques de la plage, \u00e0 la fois similaires et diff\u00e9rentes dans le Grand Lom\u00e9 et le Greater Accra, d\u00e9pendent de repr\u00e9sentations sociales pour la plupart favorables \u00e0 son appropriation, des logiques institutionnelles, locales et citadines. Il en r\u00e9sulte des enjeux qui sont \u00e0 la fois d'ordre social, \u00e9conomique, \u00e9cologique, et politique.Au-del\u00e0 de ses terrains d'\u00e9tude, cet ouvrage a le m\u00e9rite de s'appesantir sur une r\u00e9alit\u00e9 sociale productrice sous de nombreuses autres latitudes.","authors":["Yawavi Makafui Agbemedi"],"category_codes":["4000000","4010000","4010200","4010208"],"visuals":{"large":"https:\/\/images.epagine.fr\/709\/9782336413709_1_75.jpg","medium":"https:\/\/images.epagine.fr\/709\/9782336413709_1_m.jpg","thumbnail":"https:\/\/images.epagine.fr\/709\/9782336413709_1_v.jpg"},"orderable":true,"show_badge":true,"formatted_price":"33,00&nbsp;\u20ac","formatted_published_date":"18 avril 2024","publisher_availability_label":"Sur commande","short_details":"Yawavi Makafui Agbemedi \u2014 \u00c9ditions L'Harmattan","translator":null,"weight":497,"page_count":328,"readership":null,"editor":"\u00c9ditions L'Harmattan","price":3300,"published_date":"2024-04-17T22:00:00.000000Z","support":"Grand format","publisher_availability":1,"stock":0,"editions":[],"url":"https:\/\/quaidesbrumes.com\/ouvrage\/9782336413709\/les-usages-sociaux-de-la-plage-dans-le-grand-lome-togo-et-le-greater-accra-ghana-pratiques-logiques-enjeux"},{"id":"9782322522972","title":"Ecologisation du monde - ecologisation des ames - devenir sage dans un monde neoliberal","description":null,"authors":["Lenoir Paul"],"category_codes":["4000000","4010000","4010200"],"visuals":{"large":"https:\/\/images.epagine.fr\/972\/9782322522972_1_75.jpg","medium":"https:\/\/images.epagine.fr\/972\/9782322522972_1_m.jpg","thumbnail":"https:\/\/images.epagine.fr\/972\/9782322522972_1_v.jpg"},"orderable":true,"show_badge":true,"formatted_price":"10,99&nbsp;\u20ac","formatted_published_date":"23 mars 2024","publisher_availability_label":"Sur commande","short_details":"Lenoir Paul \u2014 Books on Demand","translator":null,"weight":294,"page_count":null,"readership":null,"editor":"Books on Demand","price":1099,"published_date":"2024-03-22T23:00:00.000000Z","support":"Grand format","publisher_availability":1,"stock":0,"editions":[],"url":"https:\/\/quaidesbrumes.com\/ouvrage\/9782322522972\/ecologisation-du-monde-ecologisation-des-ames-devenir-sage-dans-un-monde-neoliberal"},{"id":"9782383270003","title":"Annonaceae : flora of Guyana, Suriname and French Guiana","description":"With about 2500 species distributed all around the world, the tropical family Annonaceae is among the largest families of Angiosperms, and one of the largest ones with woody species. It is well represented in the three Guianas (Guyana, Suriname, French Guiana), with 140 species distributed in 19 genera. This geographic perimeter is part of the larger and more important biogeographic region of the Guiana Shield, whose floristic composition has close affinities with the Amazonian Basin. Annona, Duguetia, Guatteria and Xylopia are the most diversified in the area as well as in the whole South American continent.\r\nThis volume contains an authentic and thorough taxonomic treatment of the species present in the area, according to the usual methods of taxonomy, nomenclature and classification. Not only a book for the use of specialists, it is also a user-friendly tool for all scientific purposes, thanks to a detailed general introduction including informations about the biology of the studied species, detailed identification keys in english and in french, rich illustrations such as line drawings and photographs of living plants, distributions maps and, last but not least, easy access to information hosted by botanical databases for specimens and literature.\r\nThe authors are all specialists of the family or part of it, the book presents an updated synthesis of their various researches and publications.","authors":["Collectif","Paul J. M. Maas","Hiltje Maas-van de Kamer","Heimo Rainer","Uwe Schart","Lubbert Y. Th. Westra"],"category_codes":["4000000","4010000","4010400","4010405"],"visuals":{"large":"https:\/\/images.epagine.fr\/003\/9782383270003_1_75.jpg","medium":"https:\/\/images.epagine.fr\/003\/9782383270003_1_m.jpg","thumbnail":"https:\/\/images.epagine.fr\/003\/9782383270003_1_v.jpg"},"orderable":true,"show_badge":true,"formatted_price":"49,00&nbsp;\u20ac","formatted_published_date":"9 novembre 2023","publisher_availability_label":"Sur commande","short_details":"Collectif, Paul J. M. Maas, Hiltje Maas-van de Kamer, Heimo Rainer, Uwe Schart, Lubbert Y. Th. Westra \u2014 Publications Scientifiques Du Museum","translator":null,"weight":1168,"page_count":496,"readership":null,"editor":"Publications Scientifiques Du Museum","price":4900,"published_date":"2023-11-08T23:00:00.000000Z","support":"Grand format","publisher_availability":1,"stock":0,"editions":[],"url":"https:\/\/quaidesbrumes.com\/ouvrage\/9782383270003\/annonaceae-flora-of-guyana-suriname-and-french-guiana"},{"id":"9781784059859","title":"Pesticides : dialogues pluridisplinaires en sciences humaines et sociales","description":"L'usage des pesticides fait l'objet d'un intense d\u00e9bat public. Que ce soit sur le plan m\u00e9diatique, juridique, terminologique ou politique, le sujet migre d'un univers strictement agricole vers un probl\u00e8me de soci\u00e9t\u00e9 global.\r\n\r\nAu vu de la complexit\u00e9 des enjeux actuels et \u00e0 venir, Pesticides se veut un espace favorisant des dialogues et des d\u00e9bats pluridisciplinaires sur les produits phytosanitaires au sein des sciences humaines et sociales. Il pr\u00e9sente des r\u00e9flexions sur l'activit\u00e9 discursive et argumentative des diff\u00e9rents acteurs et ar\u00e8nes du d\u00e9bat, sur l'\u00e9laboration et la mise \u00e0 l'\u00e9preuve du consensus par des controverses et des contre-discours. L'ouvrage questionne ainsi les pratiques scientifiques et communicationnelles des acteurs \u00e9conomiques et industriels (influence et lobbying), les pratiques agricoles en mati\u00e8re d'exposition aux pesticides ou encore les proc\u00e9dures en justice et les initiatives juridiques des pouvoirs locaux ou des instances associatives. Ces travaux cherchent aussi \u00e0 mettre en lumi\u00e8re la m\u00e9diatisation des enjeux sanitaires et environnementaux autour de ces objets.","authors":["Fran\u00e7ois Allard-Huver","Nataly Botero","H\u00e9l\u00e8ne Ledouble"],"category_codes":["4000000","4010000","4010200","4010204"],"visuals":{"large":"https:\/\/images.epagine.fr\/859\/9781784059859_1_75.jpg","medium":"https:\/\/images.epagine.fr\/859\/9781784059859_1_m.jpg","thumbnail":"https:\/\/images.epagine.fr\/859\/9781784059859_1_v.jpg"},"orderable":true,"show_badge":true,"formatted_price":"93,89&nbsp;\u20ac","formatted_published_date":"25 mars 2024","publisher_availability_label":"Sur commande","short_details":"Fran\u00e7ois Allard-Huver, Nataly Botero, H\u00e9l\u00e8ne Ledouble \u2014 Iste","translator":null,"weight":0,"page_count":242,"readership":null,"editor":"Iste","price":9389,"published_date":"2024-03-24T23:00:00.000000Z","support":"Grand format","publisher_availability":1,"stock":0,"editions":[],"url":"https:\/\/quaidesbrumes.com\/ouvrage\/9781784059859\/pesticides-dialogues-pluridisplinaires-en-sciences-humaines-et-sociales"},{"id":"9791028433468","title":"T\u00e9moignages","description":"\u00c0 l'aube du XXIe si\u00e8cle, la complexit\u00e9 de la vie sociale s'intensifie. La qu\u00eate incessante des int\u00e9r\u00eats personnels m\u00e8ne souvent \u00e0 des affrontements, exacerbant les conflits et les guerres \u00e0 travers le monde.\r\nParall\u00e8lement, une crise \u00e9cologique globale s'aggrave, marqu\u00e9e par des perturbations climatiques et des catastrophes naturelles qui se d\u00e9roulent sous le regard d'une humanit\u00e9 souvent d\u00e9sempar\u00e9e.\r\nFace \u00e0 ces d\u00e9fis, la question se pose : l'homme est-il capable de r\u00e9tablir l'harmonie avec la nature qu'il a lui-m\u00eame d\u00e9s\u00e9quilibr\u00e9e ?\r\n\r\nDans un \u00e9lan d'amour pour leur plan\u00e8te et les g\u00e9n\u00e9rations futures, il est imp\u00e9ratif que les peuples s'unissent pour r\u00e9parer les dommages inflig\u00e9s \u00e0 leur environnement.\r\n \r\n","authors":["Aurore Gref"],"category_codes":["4000000","4010000","4010200","4010204"],"visuals":{"large":"https:\/\/images.epagine.fr\/468\/9791028433468_1_75.jpg","medium":"https:\/\/images.epagine.fr\/468\/9791028433468_1_m.jpg","thumbnail":"https:\/\/images.epagine.fr\/468\/9791028433468_1_v.jpg"},"orderable":true,"show_badge":true,"formatted_price":"18,50&nbsp;\u20ac","formatted_published_date":"4 avril 2024","publisher_availability_label":"Sur commande","short_details":"Aurore Gref \u2014 VERONE","translator":null,"weight":287,"page_count":188,"readership":null,"editor":"VERONE","price":1850,"published_date":"2024-04-03T22:00:00.000000Z","support":"Grand format","publisher_availability":1,"stock":0,"editions":[],"url":"https:\/\/quaidesbrumes.com\/ouvrage\/9791028433468\/temoignages"},{"id":"9780091880958","title":"Luberon garden","description":"A lyrical and witty account of the year-long transformation of a \"secret\" garden in Provence. High upon a hill in the Luberon region, sits the village of Menerbes. Behind a ramshackle house at the edge of the village, descending over seven levels, the author uncovered the perfect Provencal garden.\r","authors":["Alex Dingwall-Main"],"category_codes":["4000000","4010000","4010300"],"visuals":{"large":"https:\/\/images.epagine.fr\/958\/9780091880958_1_75.jpg","medium":"https:\/\/images.epagine.fr\/958\/9780091880958_1_m.jpg","thumbnail":"https:\/\/images.epagine.fr\/958\/9780091880958_1_v.jpg"},"orderable":true,"show_badge":true,"formatted_price":"22,90&nbsp;\u20ac","formatted_published_date":"15 mars 2002","publisher_availability_label":"Sur commande","short_details":"Alex Dingwall-Main \u2014 Ebury Press","translator":null,"weight":225,"page_count":320,"readership":null,"editor":"Ebury Press","price":2290,"published_date":"2002-03-14T23:00:00.000000Z","support":"Poche","publisher_availability":1,"stock":0,"editions":[],"url":"https:\/\/quaidesbrumes.com\/ouvrage\/9780091880958\/luberon-garden"},{"id":"9780563522126","title":"Planet Earth ; As You've Never Seen It Before","description":"Aims to take you on a tour of the world's many habitats - each possessing its own unique mood -from the claustrophobic darkness of the Deep Ocean to the big skies of the Open Plains; the merciless, ever-expanding Deserts to the diminishing Jungles, teeming with violent life. The thread that binds them all is water.\r","authors":["Alastair Fothergill"],"category_codes":["4000000","4010000","4010300"],"visuals":{"large":"https:\/\/images.epagine.fr\/126\/9780563522126_1_75.jpg","medium":"https:\/\/images.epagine.fr\/126\/9780563522126_1_m.jpg","thumbnail":"https:\/\/images.epagine.fr\/126\/9780563522126_1_v.jpg"},"orderable":true,"show_badge":true,"formatted_price":"33,80&nbsp;\u20ac","formatted_published_date":"12 d\u00e9cembre 2006","publisher_availability_label":"Sur commande","short_details":"Alastair Fothergill \u2014 BBC BOOKS","translator":null,"weight":1815,"page_count":312,"readership":null,"editor":"BBC BOOKS","price":3380,"published_date":"2006-12-11T23:00:00.000000Z","support":"Grand format","publisher_availability":1,"stock":0,"editions":[],"url":"https:\/\/quaidesbrumes.com\/ouvrage\/9780563522126\/planet-earth-as-youve-never-seen-it-before"},{"id":"9780563493730","title":"Delia's kitchen garden - a beginners' guide to growing and cooking fruit and vegetables","description":"Including 56 recipes from Delia, this guide is for those who are interested in good food - free from pesticides - and who want to grow their own. It follows a year in the life of Delia's kitchen garden, with a chapter devoted to each month, containing advice on sowing and planting, fruit and vegetable varieties and how to harvest.\r","authors":["Gay Search","Delia Smith"],"category_codes":["4000000","4010000","4010300"],"visuals":{"large":"https:\/\/images.epagine.fr\/730\/9780563493730_1_75.jpg","medium":"https:\/\/images.epagine.fr\/730\/9780563493730_1_m.jpg","thumbnail":"https:\/\/images.epagine.fr\/730\/9780563493730_1_v.jpg"},"orderable":true,"show_badge":true,"formatted_price":"21,40&nbsp;\u20ac","formatted_published_date":"29 janvier 2007","publisher_availability_label":"Sur commande","short_details":"Gay Search, Delia Smith \u2014 BBC BOOKS","translator":null,"weight":586,"page_count":168,"readership":null,"editor":"BBC BOOKS","price":2140,"published_date":"2007-01-28T23:00:00.000000Z","support":"Grand format","publisher_availability":1,"stock":0,"editions":[],"url":"https:\/\/quaidesbrumes.com\/ouvrage\/9780563493730\/delias-kitchen-garden-a-beginners-guide-to-growing-and-cooking-fruit-and-vegetables"},{"id":"9780563539223","title":"Life in Cold Blood","description":"Reptiles and amphibians ruled the world for nearly 200 million years. Together, they not only outnumber mammals or birds but in their variety and extraordinary behaviour, they far surpass them. This book traces the story of their evolution and overturns the myth that these creatures are just primitive killers to reveal them for what they are.\r","authors":["David Attenborough"],"category_codes":["4000000","4010000","4010300"],"visuals":{"large":"https:\/\/images.epagine.fr\/223\/9780563539223_1_75.jpg","medium":"https:\/\/images.epagine.fr\/223\/9780563539223_1_m.jpg","thumbnail":"https:\/\/images.epagine.fr\/223\/9780563539223_1_v.jpg"},"orderable":true,"show_badge":true,"formatted_price":"27,70&nbsp;\u20ac","formatted_published_date":"6 d\u00e9cembre 2007","publisher_availability_label":"Sur commande","short_details":"David Attenborough \u2014 BBC BOOKS","translator":null,"weight":1060,"page_count":288,"readership":null,"editor":"BBC BOOKS","price":2770,"published_date":"2007-12-05T23:00:00.000000Z","support":"Grand format","publisher_availability":1,"stock":0,"editions":[],"url":"https:\/\/quaidesbrumes.com\/ouvrage\/9780563539223\/life-in-cold-blood"},{"id":"9780609609392","title":"The gardener's life - inspired plantsmen, passionate collectors and singular visions","description":null,"authors":["C. S. Et Al. Sheehan","L. Sheehan","W. Stites"],"category_codes":["4000000","4010000","4010300"],"visuals":{"large":"https:\/\/images.epagine.fr\/392\/9780609609392_1_75.jpg","medium":"https:\/\/images.epagine.fr\/392\/9780609609392_1_m.jpg","thumbnail":"https:\/\/images.epagine.fr\/392\/9780609609392_1_v.jpg"},"orderable":true,"show_badge":true,"formatted_price":"48,90&nbsp;\u20ac","formatted_published_date":"11 novembre 2004","publisher_availability_label":"Sur commande","short_details":"C. S. Et Al. Sheehan, L. Sheehan, W. Stites \u2014 Clarkson Potter","translator":null,"weight":1493,"page_count":239,"readership":null,"editor":"Clarkson Potter","price":4890,"published_date":"2004-11-10T23:00:00.000000Z","support":"Grand format","publisher_availability":1,"stock":0,"editions":[],"url":"https:\/\/quaidesbrumes.com\/ouvrage\/9780609609392\/the-gardeners-life-inspired-plantsmen-passionate-collectors-and-singular-visions"},{"id":"9781419727009","title":"WISE TREES","description":"Wise Trees is a photography book about trees that have a remarkable story to tell us. The photographers spent two years travelling to five continents to photograph extraordinary trees that were carefully selected for their historic and cultural significance.\r","authors":["Diane Cook\/Len Jensh"],"category_codes":["4000000","4010000","4010300"],"visuals":{"large":"https:\/\/images.epagine.fr\/009\/9781419727009_1_75.jpg","medium":"https:\/\/images.epagine.fr\/009\/9781419727009_1_m.jpg","thumbnail":"https:\/\/images.epagine.fr\/009\/9781419727009_1_v.jpg"},"orderable":true,"show_badge":true,"formatted_price":"50,00&nbsp;\u20ac","formatted_published_date":"1er octobre 2017","publisher_availability_label":"Sur commande","short_details":"Diane Cook\/Len Jensh \u2014 Abrams UK","translator":null,"weight":0,"page_count":null,"readership":null,"editor":"Abrams UK","price":5000,"published_date":"2017-09-30T22:00:00.000000Z","support":"Grand format","publisher_availability":1,"stock":0,"editions":[],"url":"https:\/\/quaidesbrumes.com\/ouvrage\/9781419727009\/wise-trees"}]}