{"data":[{"id":"9782494709003","title":"Etonnez-nous ! : \u00e9nergies nouvelles... \u00e9cologie : v\u00e9rit\u00e9s ou intox... : \u00c9nergies nouvelles... \u00c9cologie V\u00e9rit\u00e9 ou intox ?","description":"Livre Bilingue : Fran\u00e7ais \/ Anglais Un manifeste dans lequel l'auteur d\u00e9montre que les \u00e9nergies renouvelables, pr\u00f4n\u00e9es par les \u00e9cologistes, sont loin d'\u00eatre une solution miracle.\r\nAbordant les \u00e9nergies \u00e9olienne, solaire, hydraulique ou encore marine, l'auteur d\u00e9taille leur int\u00e9r\u00eat mais surtout leurs limites avant d'\u00e9voquer la question du nucl\u00e9aire.\r\n\r\nEdmond Thuries a \u00e9crit ce manifeste pour mettre en lumi\u00e8re certaines \u00e9vidences...\r\nLe style est volontairement badin, pour ne pas rebuter le lecteur ; les histoires de kilowatts n'\u00e9tant pas les plus dr\u00f4les qui soient.","authors":["Edmond Thuries"],"category_codes":["4000000","4010000","4010200","4010207"],"visuals":{"large":"https:\/\/images.epagine.fr\/003\/9782494709003_1_75.jpg","medium":"https:\/\/images.epagine.fr\/003\/9782494709003_1_m.jpg","thumbnail":"https:\/\/images.epagine.fr\/003\/9782494709003_1_v.jpg"},"orderable":true,"show_badge":true,"formatted_price":"14,50&nbsp;\u20ac","formatted_published_date":"24 janvier 2023","publisher_availability_label":"Sur commande","short_details":"Edmond Thuries \u2014 Cesura","translator":null,"weight":250,"page_count":124,"readership":null,"editor":"Cesura","price":1450,"published_date":"2023-01-23T23:00:00.000000Z","support":"Grand format","publisher_availability":1,"stock":0,"editions":[],"url":"https:\/\/quaidesbrumes.com\/ouvrage\/9782494709003\/etonnez-nous-energies-nouvelles-ecologie-verites-ou-intox-energies-nouvelles-ecologie-verite-ou-intox"},{"id":"9782322094844","title":"Ma France, nation bois\u00e9e","description":"Le climat se r\u00e9chauffe, la France s'est engag\u00e9e \u00e0 r\u00e9duire ses \u00e9missions de gaz \u00e0 effet de serre lors des Accords de Paris, et pourtant, celles-ci continuent de cro\u00eetre.\r\nDamien Dubois \u00e0 d\u00e9couvert, au d\u00e9tours de ses lectures, que planter des arbres, beaucoup d'arbres, contribue \u00e0 rafra\u00eechir le climat et absborbe du carbone. Qu'\u00e0 cel\u00e0 ne tienne! Un h\u00e9ritage? Il finance la plantation d'arbres. Un livre vendu? Encore des arbres!\r\nPreuves \u00e0 l'appui, l'auteur nous d\u00e9montre qu'il est possible d'agir pour le climat m\u00eame avec un petit budget. Lui, il fait sa part. Et vous?","authors":["Dubois Damien"],"category_codes":["4000000","4010000","4010200"],"visuals":{"large":"https:\/\/images.epagine.fr\/844\/9782322094844_1_75.jpg","medium":"https:\/\/images.epagine.fr\/844\/9782322094844_1_m.jpg","thumbnail":"https:\/\/images.epagine.fr\/844\/9782322094844_1_v.jpg"},"orderable":true,"show_badge":true,"formatted_price":"7,49&nbsp;\u20ac","formatted_published_date":"11 f\u00e9vrier 2023","publisher_availability_label":"Sur commande","short_details":"Dubois Damien \u2014 Books on Demand","translator":null,"weight":72,"page_count":58,"readership":null,"editor":"Books on Demand","price":749,"published_date":"2023-02-10T23:00:00.000000Z","support":"Grand format","publisher_availability":1,"stock":0,"editions":[],"url":"https:\/\/quaidesbrumes.com\/ouvrage\/9782322094844\/ma-france-nation-boisee"},{"id":"9782355237751","title":"Conscience collective pour le salut de la plan\u00e8te","description":"\u00ab Ici, je vous appelle \u00e0 des petits gestes qui auront un impact majeur non seulement sur la libert\u00e9 de votre conscience, mais sur la paix de votre \u00e2me aussi. \u00bb Le d\u00e9r\u00e8glement climatique a des cons\u00e9quences d\u00e9j\u00e0 visibles, concr\u00e8tes et graves : records de chaleur, incendies de plus en plus fr\u00e9quents et destructeurs, disparition d'esp\u00e8ces animales, \u00e9l\u00e9vation du niveau des oc\u00e9ans avec l'engloutissement d'\u00eeles... Et ce n'est que le d\u00e9but ! Les scientifiques pr\u00e9voient la disparition de la grande barri\u00e8re de corail, la fin des vins de Bordeaux et de la vall\u00e9e du Rh\u00f4ne, une recrudescence des maladies, une explosion de la pauvret\u00e9 d'ici 2030... \u00c0 moins que l'on d\u00e9cide de se mobiliser : collectivement et imm\u00e9diatement.\r\n\r\nLa pr\u00e9servation de notre plan\u00e8te n\u00e9cessite des actes et des actions du quotidien, certains simples, d'autres plus complexes : limiter le nombre de mails que l'on envoie, mod\u00e9rer sa consommation de viande, \u00e9conomiser l'eau, privil\u00e9gier le moyen de transport le moins polluant...\r\n\r\nDans cet ouvrage didactique, entre essai et guide pratique, Franck Mutondo, le fondateur de l'ONG Conscience collective pour la relance de la plan\u00e8te, pr\u00e9sente sa discipline, \u00ab la Mutondologie \u00bb, pour sensibiliser les lecteurs \u00e0 une cause aussi vitale qu'urgente : la protection de notre plan\u00e8te.","authors":["Franck Mutondo Kisempia"],"category_codes":["4000000","4010000","4010200","4010204"],"visuals":{"large":"https:\/\/images.epagine.fr\/751\/9782355237751_1_75.jpg","medium":"https:\/\/images.epagine.fr\/751\/9782355237751_1_m.jpg","thumbnail":"https:\/\/images.epagine.fr\/751\/9782355237751_1_v.jpg"},"orderable":true,"show_badge":true,"formatted_price":"14,70&nbsp;\u20ac","formatted_published_date":"1er mai 2023","publisher_availability_label":"Sur commande","short_details":"Franck Mutondo Kisempia \u2014 JETS D'ENCRE","translator":null,"weight":94,"page_count":96,"readership":null,"editor":"JETS D'ENCRE","price":1470,"published_date":"2023-04-30T22:00:00.000000Z","support":"Grand format","publisher_availability":1,"stock":0,"editions":[],"url":"https:\/\/quaidesbrumes.com\/ouvrage\/9782355237751\/conscience-collective-pour-le-salut-de-la-planete"},{"id":"9781784059095","title":"R\u00e9serves de biosph\u00e8re et objectifs de d\u00e9veloppement durable Tome 1 : Enjeux scientifiques et pratiques \u00e9ducatives en m\u00e9diterran\u00e9e","description":"Depuis 1971, le programme de l'Unesco intitul\u00e9 L'Homme et la biosph\u00e8re (Man and the Biosphere) reprend \u00e0 son compte diff\u00e9rents principes d'articulation entre sph\u00e8res politique, scientifique et acad\u00e9mique.R\u00e9serves de biosph\u00e8re et objectifs de d\u00e9veloppement durable 1 pr\u00e9sente ces territoires comme des espaces privil\u00e9gi\u00e9s pour exp\u00e9rimenter des modes op\u00e9ratoires sp\u00e9cifiques \u00e0 des objectifs et enjeux crois\u00e9s. Ces territoires encouragent le d\u00e9veloppement de recherches interdisciplinaires qui s'appuient sur un r\u00e9seau mondial pour essaimer exp\u00e9riences, d\u00e9marches et savoir-faire.Les diff\u00e9rentes \u00e9chelles politiques globales et locales s'articulent ici avec des cons\u00e9quences diverses sur les reconfigurations des ar\u00e8nes politiques locales, sur des modes de d\u00e9veloppement sp\u00e9cifiques li\u00e9s \u00e0 un renouvellement des rapports aux savoirs, pouvoirs et institutions ainsi que sur des rapports renouvel\u00e9s entre mondes scientifiques, \u00e9ducatifs et gouvernance des territoires.","authors":["Angela Barthes","Catherine Cibien","Bruno Romagny"],"category_codes":["4000000","4010000","4010200","4010208"],"visuals":{"large":"https:\/\/images.epagine.fr\/095\/9781784059095_1_75.jpg","medium":"https:\/\/images.epagine.fr\/095\/9781784059095_1_m.jpg","thumbnail":"https:\/\/images.epagine.fr\/095\/9781784059095_1_v.jpg"},"orderable":true,"show_badge":true,"formatted_price":"92,84&nbsp;\u20ac","formatted_published_date":"20 avril 2023","publisher_availability_label":"Sur commande","short_details":"Angela Barthes, Catherine Cibien, Bruno Romagny \u2014 Iste","translator":null,"weight":0,"page_count":254,"readership":null,"editor":"Iste","price":9284,"published_date":"2023-04-19T22:00:00.000000Z","support":"Grand format","publisher_availability":1,"stock":0,"editions":[],"url":"https:\/\/quaidesbrumes.com\/ouvrage\/9781784059095\/reserves-de-biosphere-et-objectifs-de-developpement-durable-tome-1-enjeux-scientifiques-et-pratiques-educatives-en-mediterranee"},{"id":"9781784059101","title":"R\u00e9serves de biosph\u00e8re et objectifs de d\u00e9veloppement durable Tome 2 : Enjeux, tensions, processus et gouvernance en m\u00e9diterran\u00e9e","description":"Depuis 1971, le programme de l'Unesco intitul\u00e9 L'Homme et la biosph\u00e8re (Man and the Biosphere) reprend \u00e0 son compte diff\u00e9rents principes d'articulation entre sph\u00e8res politique, scientifique et acad\u00e9mique.R\u00e9serves de biosph\u00e8re et objectifs de d\u00e9veloppement durable 2 rappelle les enjeux fondamentaux li\u00e9s aux questions de gouvernance. La diversit\u00e9, la multiplicit\u00e9 des intervenants, la complexit\u00e9 des jeux d'acteurs, mais aussi leur organisation sont ici d\u00e9terminantes pour la bonne gestion des ressources et des territoires. L'ouvrage pr\u00e9sente \u00e9galement plusieurs \u00e9tudes de cas d\u00e9montrant qu'entre les fortes aspirations au d\u00e9veloppement de leurs populations, l'impact des activit\u00e9s humaines et les besoins de conserver leur patrimoine biologique, les r\u00e9serves de biosph\u00e8re du sud m\u00e9diterran\u00e9en font face \u00e0 des probl\u00e9matiques importantes : pollutions agricoles, incendies de for\u00eats, utilisation de l'eau, dans un contexte de changement climatique, etc.","authors":["Angela Barthes","Catherine Cibien","Bruno Romagny"],"category_codes":["4000000","4010000","4010200","4010208"],"visuals":{"large":"https:\/\/images.epagine.fr\/101\/9781784059101_1_75.jpg","medium":"https:\/\/images.epagine.fr\/101\/9781784059101_1_m.jpg","thumbnail":"https:\/\/images.epagine.fr\/101\/9781784059101_1_v.jpg"},"orderable":true,"show_badge":true,"formatted_price":"126,60&nbsp;\u20ac","formatted_published_date":"20 avril 2023","publisher_availability_label":"Sur commande","short_details":"Angela Barthes, Catherine Cibien, Bruno Romagny \u2014 Iste","translator":null,"weight":0,"page_count":344,"readership":null,"editor":"Iste","price":12660,"published_date":"2023-04-19T22:00:00.000000Z","support":"Grand format","publisher_availability":1,"stock":0,"editions":[],"url":"https:\/\/quaidesbrumes.com\/ouvrage\/9781784059101\/reserves-de-biosphere-et-objectifs-de-developpement-durable-tome-2-enjeux-tensions-processus-et-gouvernance-en-mediterranee"},{"id":"9781784059330","title":"Les observateurs d'aurores bor\u00e9ales d'Europe : Voyage dans le monde savant des lumi\u00e8res","description":"Souvent observ\u00e9es simultan\u00e9ment depuis diff\u00e9rents observatoires d'Europe, les aurores bor\u00e9ales font une r\u00e9apparition spectaculaire au d\u00e9but du XVIIIe si\u00e8cle, mobilisant et f\u00e9d\u00e9rant une large communaut\u00e9 d'astronomes \u00e0 l'\u00e9chelle europ\u00e9enne.Cet ouvrage pr\u00e9sente quelques-uns parmi les plus remarquables de ces observateurs dans le contexte humain, institutionnel et philosophique dans lequel ils ont \u00e9volu\u00e9. Il d\u00e9crit la fa\u00e7on dont ils se sont constitu\u00e9s en r\u00e9seau en vue d'\u00e9tablir un catalogue le plus exhaustif possible des observations r\u00e9alis\u00e9es, permettant l'\u00e9tablissement d'un syst\u00e8me raisonn\u00e9 de l'aurore bor\u00e9ale, suivant la m\u00e9thode exp\u00e9rimentale h\u00e9rit\u00e9e du si\u00e8cle pr\u00e9c\u00e9dent.Les observateurs d'aurores bor\u00e9ales d'Europe constitue un voyage r\u00e9trospectif \u00e0 travers le monde savant des Lumi\u00e8res, offrant au lecteur de multiples occasions de rencontre, dans des contextes et suivant des angles vari\u00e9s, avec ces pionniers de la science aurorale, et lui d\u00e9voilant par la m\u00eame occasion le fourmillement d'id\u00e9es et d'\u00e9changes qu'a constitu\u00e9 le d\u00e9veloppement de la science exp\u00e9rimentale au cours de cette \u00e9poque charni\u00e8re de l'\u00e9volution de la pens\u00e9e scientifique.","authors":["Eric Chassefi\u00e8re"],"category_codes":["4000000","4010000","4010300","4010303"],"visuals":{"large":"https:\/\/images.epagine.fr\/330\/9781784059330_1_75.jpg","medium":"https:\/\/images.epagine.fr\/330\/9781784059330_1_m.jpg","thumbnail":"https:\/\/images.epagine.fr\/330\/9781784059330_1_v.jpg"},"orderable":true,"show_badge":true,"formatted_price":"103,39&nbsp;\u20ac","formatted_published_date":"20 avril 2023","publisher_availability_label":"Sur commande","short_details":"Eric Chassefi\u00e8re \u2014 Iste","translator":null,"weight":0,"page_count":368,"readership":null,"editor":"Iste","price":10339,"published_date":"2023-04-19T22:00:00.000000Z","support":"Grand format","publisher_availability":1,"stock":0,"editions":[],"url":"https:\/\/quaidesbrumes.com\/ouvrage\/9781784059330\/les-observateurs-daurores-boreales-deurope-voyage-dans-le-monde-savant-des-lumieres"},{"id":"9782140283307","title":"L\u00e9opoldville Kinshasa : miroir de l'urbanisation de subsistance","description":"L\u00e9opoldville-Kinshasa a connu un d\u00e9part pr\u00e9cipit\u00e9, une croissance num\u00e9rique forc\u00e9e, jointe \u00e0 un \u00e9talement lat\u00e9ral que ne contrarie aucune consid\u00e9ration topographique. Cela a cr\u00e9\u00e9 une agglom\u00e9ration aux dimensions ind\u00e9finies. En mai 1940, L\u00e9opoldville compte 49 970 habitants, en juin 1960, 400 000 dans un diam\u00e8tre de 24 km, en 1970 plus de 1 000 000 d habitants r\u00e9sidant dans un rayon de 20 km, et en 2020 la ville regroupe plus de 11 millions d'habitants sur un espace de plus de 100 km de longueur. Aujourd'hui Kinshasa correspond \u00e0 la diffusion d'une conurbation b\u00e2tie d'une mani\u00e8re h\u00e2tive o\u00f9, \u00e0 la progression d'un front urbain contenu en 1950, se sont substitu\u00e9s des processus de croissance incontr\u00f4l\u00e9e, dans le site collinaire ou log\u00e9s dans les mar\u00e9cages ou plant\u00e9s dans les sables. Au vu de la situation actuelle, le futur de Kinshasa ne pousse pas \u00e0 l'optimisme.","authors":["Ambroise V. Bukassa"],"category_codes":["4000000","4010000","4010200","4010208"],"visuals":{"large":"https:\/\/images.epagine.fr\/307\/9782140283307_1_75.jpg","medium":"https:\/\/images.epagine.fr\/307\/9782140283307_1_m.jpg","thumbnail":"https:\/\/images.epagine.fr\/307\/9782140283307_1_v.jpg"},"orderable":true,"show_badge":true,"formatted_price":"50,00&nbsp;\u20ac","formatted_published_date":"2 mars 2023","publisher_availability_label":"Sur commande","short_details":"Ambroise V. Bukassa \u2014 \u00c9ditions L'Harmattan","translator":null,"weight":907,"page_count":616,"readership":null,"editor":"\u00c9ditions L'Harmattan","price":5000,"published_date":"2023-03-01T23:00:00.000000Z","support":"Grand format","publisher_availability":1,"stock":0,"editions":[],"url":"https:\/\/quaidesbrumes.com\/ouvrage\/9782140283307\/leopoldville-kinshasa-miroir-de-lurbanisation-de-subsistance"},{"id":"9782322481163","title":"Oiseaux livre de coloriage pour adulte : 35 dessins d'oiseaux dans la nature coloriage anti-stress","description":"Plongez dans un monde aviaire captivant avec ce livre de coloriage pour adultes mettant en valeur 35 illustrations d'oiseaux \u00e0 colorier. Chaque page vous invite \u00e0 explorer la beaut\u00e9 et la diversit\u00e9 de ces cr\u00e9atures fascinantes. Imprim\u00e9 sur du papier de qualit\u00e9 sup\u00e9rieure, ce livre offre une exp\u00e9rience de coloriage sans pareil. Le papier \u00e9pais de 120g\/m\u00b2 garantit une surface de coloriage optimale, permettant l'utilisation de diff\u00e9rentes techniques artistiques sans risque de saign\u00e9es ou de transparences. Laissez libre cours \u00e0 votre imagination en choisissant des couleurs vibrantes pour cr\u00e9er des plumages \u00e9clatants ou des tons plus doux pour capturer la d\u00e9licatesse des oiseaux. Plongez-vous dans cet univers aviaire et laissez votre cr\u00e9ativit\u00e9 s'envoler avec les oiseaux color\u00e9s.","authors":["Cr\u00e9atif Factory"],"category_codes":["4000000","4010000"],"visuals":{"large":"https:\/\/images.epagine.fr\/163\/9782322481163_1_75.jpg","medium":"https:\/\/images.epagine.fr\/163\/9782322481163_1_m.jpg","thumbnail":"https:\/\/images.epagine.fr\/163\/9782322481163_1_v.jpg"},"orderable":true,"show_badge":true,"formatted_price":"12,99&nbsp;\u20ac","formatted_published_date":"2 juin 2023","publisher_availability_label":"Sur commande","short_details":"Cr\u00e9atif Factory \u2014 Books on Demand","translator":null,"weight":125,"page_count":38,"readership":null,"editor":"Books on Demand","price":1299,"published_date":"2023-06-01T22:00:00.000000Z","support":"Grand format","publisher_availability":1,"stock":0,"editions":[],"url":"https:\/\/quaidesbrumes.com\/ouvrage\/9782322481163\/oiseaux-livre-de-coloriage-pour-adulte-35-dessins-doiseaux-dans-la-nature-coloriage-anti-stress"},{"id":"9782913688421","title":"Moths of europe, volume 7 - microlepidoptera 1","description":null,"authors":["Patrice Leraut"],"category_codes":["4000000","4010000","4010300"],"visuals":{"large":"https:\/\/quaidesbrumes.com\/img\/book-placeholder.png","medium":"https:\/\/quaidesbrumes.com\/img\/book-placeholder.png","thumbnail":"https:\/\/quaidesbrumes.com\/img\/book-placeholder.png"},"orderable":true,"show_badge":true,"formatted_price":"86,00&nbsp;\u20ac","formatted_published_date":"9 mai 2023","publisher_availability_label":"Sur commande","short_details":"Patrice Leraut \u2014 Nap","translator":null,"weight":824,"page_count":null,"readership":null,"editor":"Nap","price":8600,"published_date":"2023-05-08T22:00:00.000000Z","support":"Grand format","publisher_availability":1,"stock":0,"editions":[],"url":"https:\/\/quaidesbrumes.com\/ouvrage\/9782913688421\/moths-of-europe-volume-7-microlepidoptera-1"},{"id":"9782955260104","title":"Comment se prot\u00e9ger des ondes \u00e9lectromagn\u00e9tiques","description":"Voici le 1er guide complet et accessible \u00e0 tous pour de prot\u00e9ger des ondes au quotidien (ordinateur, t\u00e9l\u00e9phone sans fil, WIFI, antenne relais, objets connect\u00e9s, box internet, lignes \u00e0 haute tension, installation \u00e9lectrique, \u00e9clairage, chauffage...). Il est en effet possible de vivre avec le progr\u00e8s et la technologie en limitant consid\u00e9rablement la pollution \u00e9lectromagn\u00e9tique. Ce que vous trouverez dans cet ouvrage : Des solutions \u00e0 port\u00e9e de main gr\u00e2ce \u00e0 une recherche rapide par mot cl\u00e9 ; Une explication progressive et p\u00e9dagogique accessible \u00e0 tous ; Des r\u00e9ponses pr\u00e9cises \u00e0 vos interrogations sur les ondes et leurs effets ; Les conseils pratiques pour se prot\u00e9ger ; Les informations indispensables afin de se pr\u00e9server des ondes de mani\u00e8re autonome ; 6 dossiers compl\u00e9mentaires (sp\u00e9cial t\u00e9l\u00e9phone portable, enfants, femmes enceintes, personnes \u00e9lectro-sensibles, \u00e9lectricit\u00e9 biocompatible...)","authors":["David Bruno"],"category_codes":["4000000","4010000","4010200","4010208"],"visuals":{"large":"https:\/\/quaidesbrumes.com\/img\/book-placeholder.png","medium":"https:\/\/quaidesbrumes.com\/img\/book-placeholder.png","thumbnail":"https:\/\/quaidesbrumes.com\/img\/book-placeholder.png"},"orderable":true,"show_badge":true,"formatted_price":"29,00&nbsp;\u20ac","formatted_published_date":"1er septembre 2019","publisher_availability_label":"Sur commande","short_details":"David Bruno \u2014 Gaebele","translator":null,"weight":546,"page_count":224,"readership":null,"editor":"Gaebele","price":2900,"published_date":"2019-08-31T22:00:00.000000Z","support":"Grand format","publisher_availability":1,"stock":0,"editions":[],"url":"https:\/\/quaidesbrumes.com\/ouvrage\/9782955260104\/comment-se-proteger-des-ondes-electromagnetiques"},{"id":"9782919322442","title":"Regards sur la mediterranee abecedaire du corraligene","description":null,"authors":["Barraque\/Barray"],"category_codes":["4000000","4010000"],"visuals":{"large":"https:\/\/quaidesbrumes.com\/img\/book-placeholder.png","medium":"https:\/\/quaidesbrumes.com\/img\/book-placeholder.png","thumbnail":"https:\/\/quaidesbrumes.com\/img\/book-placeholder.png"},"orderable":true,"show_badge":true,"formatted_price":"39,00&nbsp;\u20ac","formatted_published_date":"1er novembre 2022","publisher_availability_label":"Sur commande","short_details":"Barraque\/Barray \u2014 Turtle Prod","translator":null,"weight":801,"page_count":null,"readership":null,"editor":"Turtle Prod","price":3900,"published_date":"2022-10-31T23:00:00.000000Z","support":"Grand format","publisher_availability":1,"stock":0,"editions":[],"url":"https:\/\/quaidesbrumes.com\/ouvrage\/9782919322442\/regards-sur-la-mediterranee-abecedaire-du-corraligene"},{"id":"9798389257498","title":"Climate change solutions : acting together for a sustainable future","description":"Discover the essential book for saving our planet and achieving energy savings : Climate Change Solutions: Acting Together for a Sustainable Future! Don't miss this read that offers you concrete solutions to act against climate change.\r\n\r\nHere are some questions addressed in this book:\r\n\r\n - How many trees are required to absorb my CO2 emissions? \r\n - How many solar panels are needed to cover your energy needs?\r\n - What is ocean acidification?\r\n - Why does eating meat have an impact on global warming?\r\n - Why does 1 kg of coal produce more than 3,6 kg of CO2?\r\n - What is a thermodynamic water heater, a pumped-storage hydroelectric power plant (PSP), and a faucet aerator?\r\n\r\nAnd much more...\r\n\r\nBy choosing this book, you get much more than just a read: you get a true practical guide that allows you to reduce, or even cancel, your energy bill thanks to ecological and economical solutions. Transform your life and your environment by adopting the tips and tricks of this unique book!\r\n\r\nThis book also addresses the topic of photovoltaics applied to a home. Learn how to install solar panels on your roof to produce your own green energy. Reduce your carbon footprint and save on your electricity bills and by discovering the advantages, costs, and best practices to fully take advantage of this renewable and sustainable technology.\r\n\r\nPerfect for committed citizens, entrepreneurs, and policy-makers, this book provides you with compelling arguments to fight against climate change and inspire those around you to act ?. By purchasing this book, you also support the climate cause, as all profits are donated to renewable energy projects.\r\n\r\nTogether, let's protect our planet and build a better future for our children and grandchildren. Act now and show that you make a difference.","authors":["Fr\u00e9d\u00e9ric Cheverneuil"],"category_codes":["4000000","4010000","4010200","4010208"],"visuals":{"large":"https:\/\/images.epagine.fr\/498\/9798389257498_1_75.jpg","medium":"https:\/\/images.epagine.fr\/498\/9798389257498_1_m.jpg","thumbnail":"https:\/\/images.epagine.fr\/498\/9798389257498_1_v.jpg"},"orderable":true,"show_badge":true,"formatted_price":"11,95&nbsp;\u20ac","formatted_published_date":"29 mai 2023","publisher_availability_label":"Sur commande","short_details":"Fr\u00e9d\u00e9ric Cheverneuil \u2014 Enterprise Services","translator":null,"weight":318,"page_count":172,"readership":null,"editor":"Enterprise Services","price":1195,"published_date":"2023-05-28T22:00:00.000000Z","support":"Grand format","publisher_availability":1,"stock":0,"editions":[],"url":"https:\/\/quaidesbrumes.com\/ouvrage\/9798389257498\/climate-change-solutions-acting-together-for-a-sustainable-future"},{"id":"9782312132914","title":"Petit guide de la flore de Kabylie et d'ailleurs","description":"Beaucoup de personnes pensent que l'avenir de l'humanit\u00e9 se trouve dans les plantes. En plus de nous faire r\u00eaver, elles nous nourrissent et nous soignent. \u00c9crit par Houria Tas, ce guide est destin\u00e9 \u00e0 tous ceux qui veulent conna\u00eetre le nom des v\u00e9g\u00e9taux qui nous entourent autant que leurs vertus, qu'elles soient culinaires ou m\u00e9dicinales. Pr\u00e9sent\u00e9 sous forme de fiches d'une approche simple et p\u00e9dagogique, ce livre permet d'aborder l'univers riche et complexe des v\u00e9g\u00e9taux. Il donne des conseils de vie tout en proposant des r\u00e9f\u00e9rences culturelles pour faire pousser le bonheur dans nos t\u00eates comme dans nos jardins.","authors":["Houria Tas"],"category_codes":["4000000","4010000","4010300"],"visuals":{"large":"https:\/\/images.epagine.fr\/914\/9782312132914_1_75.jpg","medium":"https:\/\/images.epagine.fr\/914\/9782312132914_1_m.jpg","thumbnail":"https:\/\/images.epagine.fr\/914\/9782312132914_1_v.jpg"},"orderable":true,"show_badge":true,"formatted_price":"33,00&nbsp;\u20ac","formatted_published_date":"22 mai 2023","publisher_availability_label":"Sur commande","short_details":"Houria Tas \u2014 Editions du Net","translator":null,"weight":360,"page_count":248,"readership":null,"editor":"Editions du Net","price":3300,"published_date":"2023-05-21T22:00:00.000000Z","support":"Grand format","publisher_availability":1,"stock":0,"editions":[],"url":"https:\/\/quaidesbrumes.com\/ouvrage\/9782312132914\/petit-guide-de-la-flore-de-kabylie-et-dailleurs"},{"id":"9782322474301","title":"De la Bourgogne \u00e0 la Camargue, navigation sur la Sa\u00f4ne et le Rh\u00f4ne : Texte bilingue fran\u00e7ais\/anglais","description":"Ce livre s'adresse \u00e0 des croisi\u00e9ristes en navigation sur la Sa\u00f4ne et le Rh\u00f4ne. Apr\u00e8s une br\u00e8ve synth\u00e8se de la g\u00e9ologie et de l'hydrologie, il pr\u00e9sente l'histoire et le patrimoine des villes riveraines des deux voies d'eau, entre la Bourgogne et la Camargue. Les am\u00e9nagements cr\u00e9\u00e9s par la Compagnie Nationale du Rh\u00f4ne pour am\u00e9liorer la navigation et produire de l'\u00e9nergie hydro\u00e9lectrique sont d\u00e9crits \u00e9galement. Un chapitre sp\u00e9cifique est consacr\u00e9 au r\u00e9chauffement climatique et \u00e0 l'\u00e9l\u00e9vation du niveau marin qui va impacter le delta du Rh\u00f4ne d'ici la fin du si\u00e8cle. Enfin, le dernier chapitre d\u00e9montre que la voie d'eau est un acteur majeur, mais fragile, de lutte contre la pollution, les \u00e9missions de CO2 et le r\u00e9chauffement climatique.  \r\n\r\nCe livre est pr\u00e9sent\u00e9 en version bilingue: fran\u00e7ais\/anglais.\r\n\r\nThis book is aimed at cruise passengers navigating on the Sa\u00f4ne and the Rh\u00f4ne. After a brief summary of geology and hydrology, it presents the history and heritage of the towns bordering the two waterways, between Burgundy and the Camargue in France. The facilities created by the Compagnie Nationale du Rh\u00f4ne to improve navigation and produce hydroelectic energy are also described. A specific chapter is devoted to global warming and the rise in sea level which will impact the  Rh\u00f4ne delta by the end of the century. Finally, the last chapter demonstrates that the waterwaterway is a major, but fragile, player in the fight against pollution, CO2 emissions and global warming.","authors":["Jean-Marc Beynet"],"category_codes":["4000000","4010000","4010200"],"visuals":{"large":"https:\/\/images.epagine.fr\/301\/9782322474301_1_75.jpg","medium":"https:\/\/images.epagine.fr\/301\/9782322474301_1_m.jpg","thumbnail":"https:\/\/images.epagine.fr\/301\/9782322474301_1_v.jpg"},"orderable":true,"show_badge":true,"formatted_price":"19,00&nbsp;\u20ac","formatted_published_date":"31 mai 2023","publisher_availability_label":"Sur commande","short_details":"Jean-Marc Beynet \u2014 Books on Demand","translator":null,"weight":470,"page_count":324,"readership":null,"editor":"Books on Demand","price":1900,"published_date":"2023-05-30T22:00:00.000000Z","support":"Grand format","publisher_availability":1,"stock":0,"editions":[],"url":"https:\/\/quaidesbrumes.com\/ouvrage\/9782322474301\/de-la-bourgogne-a-la-camargue-navigation-sur-la-saone-et-le-rhone-texte-bilingue-francaisanglais"},{"id":"9782759237456","title":"From Plant Behavior to Plant Intelligence?","description":"Over the past years, controversies about plant intelligence became featured in scientific journals in ecology and plant biology. Could plants be intelligent? Could it be true that they talk to each other, assist and defend each other, etc.? What is the scientific truth behind this idea of plant intelligence? Tackling the issue of intelligence in any organism requires us to study and theorize its behavior.","authors":["Hiernaux Quentin"],"category_codes":["4000000","4010000","4010200"],"visuals":{"large":"https:\/\/images.epagine.fr\/456\/9782759237456_1_75.jpg","medium":"https:\/\/images.epagine.fr\/456\/9782759237456_1_m.jpg","thumbnail":"https:\/\/images.epagine.fr\/456\/9782759237456_1_v.jpg"},"orderable":true,"show_badge":true,"formatted_price":"9,50&nbsp;\u20ac","formatted_published_date":"30 juin 2023","publisher_availability_label":"Sur commande","short_details":"Hiernaux Quentin \u2014 Qu\u00e6","translator":null,"weight":201,"page_count":null,"readership":null,"editor":"Qu\u00e6","price":950,"published_date":"2023-06-29T22:00:00.000000Z","support":"Grand format","publisher_availability":1,"stock":0,"editions":[],"url":"https:\/\/quaidesbrumes.com\/ouvrage\/9782759237456\/from-plant-behavior-to-plant-intelligence"},{"id":"9782322486335","title":"Mandalas Fleuris : Livre de coloriage adulte anti-stress","description":"D\u00e9couvrez Mandalas Fleuris, un univers captivant pour les adultes en qu\u00eate d'inspiration, d\u00e9tente et \u00e9merveillement. Plongez dans 34 illustrations exquises de Mandalas floraux en forme de cercle, mettant en valeur la beaut\u00e9 envo\u00fbtante des fleurs.\r\n\r\nChaque page de ce livre reli\u00e9 en spirale vous invite \u00e0 un voyage enchanteur o\u00f9 les Mandalas floraux se d\u00e9ploient avec gr\u00e2ce et finesse. Les motifs d\u00e9licats des p\u00e9tales, feuilles et tiges s'entrelacent harmonieusement, cr\u00e9ant des compositions visuellement \u00e9blouissantes. Chaque illustration capture la richesse et la diversit\u00e9 de la flore, vous transportant dans un jardin imaginaire o\u00f9 la nature s'\u00e9panouit sous vos yeux.\r\n\r\nLa reliure en spirale offre une exp\u00e9rience pratique et agr\u00e9able, permettant une ouverture \u00e0 plat facile pour vous immerger pleinement dans chaque illustration sans lutter contre les pages qui se referment. C'est un compagnon id\u00e9al pour donner vie \u00e0 vos id\u00e9es artistiques et vous laisser emporter par le processus cr\u00e9atif fluide.\r\n\r\nLe choix du papier de haute qualit\u00e9 de 120g\/m\u00b2 ajoute une dimension tactile \u00e0 votre exp\u00e9rience. Chaque trait de crayon, coup de pinceau ou nuance de couleur se r\u00e9v\u00e8le avec pr\u00e9cision et intensit\u00e9 remarquables sur ce papier luxueux. Laissez libre cours \u00e0 votre cr\u00e9ativit\u00e9 avec divers m\u00e9diums, tels que crayons de couleur, feutres ou pastels, et profitez de la douceur et de la r\u00e9sistance du papier pour donner vie \u00e0 vos Mandalas floraux.","authors":["Color Passion"],"category_codes":["4000000","4010000","4010400","4010405"],"visuals":{"large":"https:\/\/images.epagine.fr\/335\/9782322486335_1_75.jpg","medium":"https:\/\/images.epagine.fr\/335\/9782322486335_1_m.jpg","thumbnail":"https:\/\/images.epagine.fr\/335\/9782322486335_1_v.jpg"},"orderable":true,"show_badge":true,"formatted_price":"14,99&nbsp;\u20ac","formatted_published_date":"3 juillet 2023","publisher_availability_label":"Sur commande","short_details":"Color Passion \u2014 Books on Demand","translator":null,"weight":126,"page_count":36,"readership":null,"editor":"Books on Demand","price":1499,"published_date":"2023-07-02T22:00:00.000000Z","support":"Grand format","publisher_availability":1,"stock":0,"editions":[],"url":"https:\/\/quaidesbrumes.com\/ouvrage\/9782322486335\/mandalas-fleuris-livre-de-coloriage-adulte-anti-stress"},{"id":"9782140488344","title":"Le grand bilan : \u00e9cologie ou \u00e9conomie ?","description":"Nous serions arriv\u00e9s, au d\u00e9but du XXIe si\u00e8cle, \u00e0 un tournant de l'histoire de l'humanit\u00e9. Le d\u00e9r\u00e8glement climatique pourrait, dit-on, bouleverser compl\u00e8tement la civilisation telle que nous la connaissons, si nous n'agissons pas au plus vite. Il est aussi question d'extinction massive des esp\u00e8ces, d'\u00e9nergies fossiles trop polluantes, d'agriculture dop\u00e9e aux pesticides, d'\u00e9puisement des ressources naturelles. La question se pose de savoir si nous vivons r\u00e9ellement une crise, ou plut\u00f4t un chaos structurel. La d\u00e9gradation de l'environnement semble assur\u00e9ment indissociable du d\u00e9veloppement de l'humanit\u00e9. La mondialisation et le dogme de la croissance permanente n'ont fait que l'acc\u00e9l\u00e9rer, en particulier depuis le d\u00e9but de l'anthropoc\u00e8ne. Nous avons perdu un temps pr\u00e9cieux en refusant les v\u00e9rit\u00e9s scientifiques et en oubliant les le\u00e7ons du pass\u00e9. Nous devons \u00e0 pr\u00e9sent prendre collectivement nos responsabilit\u00e9s vis-\u00e0-vis des g\u00e9n\u00e9rations futures. Ce bilan critique et sans concession de l'impact anthropique sur les \u00e9quilibres de notre petite plan\u00e8te montre l'urgence d'une approche syst\u00e9mique. Il semble vain, en effet, d'envisager la question climatique ind\u00e9pendamment des autres probl\u00e9matiques environnementales. Des solutions ont d\u00e9j\u00e0 \u00e9t\u00e9 propos\u00e9es, certaines ont fait leurs preuves. Ce qu'il manque, c'est le courage de remettre en cause le mod\u00e8le existant.","authors":["Marc Haumont"],"category_codes":["4000000","4010000","4010200","4010204"],"visuals":{"large":"https:\/\/images.epagine.fr\/344\/9782140488344_1_75.jpg","medium":"https:\/\/images.epagine.fr\/344\/9782140488344_1_m.jpg","thumbnail":"https:\/\/images.epagine.fr\/344\/9782140488344_1_v.jpg"},"orderable":true,"show_badge":true,"formatted_price":"32,00&nbsp;\u20ac","formatted_published_date":"6 juillet 2023","publisher_availability_label":"Sur commande","short_details":"Marc Haumont \u2014 \u00c9ditions L'Harmattan","translator":null,"weight":470,"page_count":308,"readership":null,"editor":"\u00c9ditions L'Harmattan","price":3200,"published_date":"2023-07-05T22:00:00.000000Z","support":"Grand format","publisher_availability":1,"stock":0,"editions":[],"url":"https:\/\/quaidesbrumes.com\/ouvrage\/9782140488344\/le-grand-bilan-ecologie-ou-economie"},{"id":"9782140493126","title":"L'Afrique face au cynisme climatique","description":"Dans ce livre, l'auteur d\u00e9voile avec une grande \u00e9rudition, comment l'Afrique, durement touch\u00e9e par le r\u00e9chauffement climatique, demeure vuln\u00e9rable en raison de la pauvret\u00e9. Il pointe la responsabilit\u00e9 des dirigeants africains, d\u00e9non\u00e7ant leur empressement \u00e0 incriminer le changement climatique sans prendre de mesures significatives pour y rem\u00e9dier. Mais, l'auteur ne se contente pas de bl\u00e2mer les dirigeants africains. Il r\u00e9v\u00e8le \u00e9galement l'hypocrisie flagrante des super-\u00e9metteurs occidentaux, qui pr\u00e9tendent agir pour le climat tout en polluant davantage. Cette duplicit\u00e9 met en \u00e9vidence les int\u00e9r\u00eats \u00e9conomiques et politiques qui sous-tendent les actions des nations d\u00e9velopp\u00e9es, mettant ainsi en p\u00e9ril les efforts de lutte contre le r\u00e9chauffement \u00e0 l'\u00e9chelle mondiale. \u00c0 travers une analyse fine et des exemples concrets, l'auteur souligne les liens \u00e9troits entre r\u00e9silience climatique et d\u00e9veloppement socio-\u00e9conomique.","authors":["Serge Eric Menye"],"category_codes":["4000000","4010000","4010200","4010204"],"visuals":{"large":"https:\/\/images.epagine.fr\/126\/9782140493126_1_75.jpg","medium":"https:\/\/images.epagine.fr\/126\/9782140493126_1_m.jpg","thumbnail":"https:\/\/images.epagine.fr\/126\/9782140493126_1_v.jpg"},"orderable":true,"show_badge":true,"formatted_price":"24,00&nbsp;\u20ac","formatted_published_date":"24 juillet 2023","publisher_availability_label":"Sur commande","short_details":"Serge Eric Menye \u2014 \u00c9ditions L'Harmattan","translator":null,"weight":284,"page_count":230,"readership":null,"editor":"\u00c9ditions L'Harmattan","price":2400,"published_date":"2023-07-23T22:00:00.000000Z","support":"Grand format","publisher_availability":1,"stock":0,"editions":[],"url":"https:\/\/quaidesbrumes.com\/ouvrage\/9782140493126\/lafrique-face-au-cynisme-climatique"},{"id":"9781784059712","title":"Transitions en tension : Controverses et tensions autour des transitions \u00e9cologiques","description":"L'indispensable transition vers un monde plus soutenable est aujourd'hui au centre de l'attention. Ce faisant, \u00ab la transition \u00bb, ou plut\u00f4t \u00ab les transitions \u00bb, deviennent de v\u00e9ritables objets et moteurs d'\u00e9changes, de communications et de controverses dans nos soci\u00e9t\u00e9s.\r\n\r\n Cet ouvrage examine les tensions et controverses qui entourent les transitions \u00e9nerg\u00e9tiques, \u00e9cologiques et sociales en utilisant des outils issus des sciences humaines et sociales, en particulier des sciences de l'information et de la communication. Les diff\u00e9rentes \u00e9tudes rassembl\u00e9es ici, r\u00e9dig\u00e9es par des experts universitaires en communication environnementale, analysent de nombreux cas d'\u00e9tudes et permettent d'explorer les transitions dans plusieurs domaines allant de l'agriculture aux politiques territoriales et de la communication en ligne et m\u00e9diatique aux dispositifs de participation citoyenne.\r\n\r\nMultipliant les observations et les approches originales, Transitions en tension permet au lecteur de saisir l'ensemble des controverses et des enjeux des multiples transitions que conna\u00eet notre soci\u00e9t\u00e9.","authors":["Andr\u00e9a Catellani","Gr\u00e9goire Lits"],"category_codes":["4000000","4010000","4010200"],"visuals":{"large":"https:\/\/images.epagine.fr\/712\/9781784059712_1_75.jpg","medium":"https:\/\/images.epagine.fr\/712\/9781784059712_1_m.jpg","thumbnail":"https:\/\/images.epagine.fr\/712\/9781784059712_1_v.jpg"},"orderable":true,"show_badge":true,"formatted_price":"84,40&nbsp;\u20ac","formatted_published_date":"18 janvier 2024","publisher_availability_label":"Sur commande","short_details":"Andr\u00e9a Catellani, Gr\u00e9goire Lits \u2014 Iste","translator":null,"weight":0,"page_count":228,"readership":null,"editor":"Iste","price":8440,"published_date":"2024-01-17T23:00:00.000000Z","support":"Grand format","publisher_availability":1,"stock":0,"editions":[],"url":"https:\/\/quaidesbrumes.com\/ouvrage\/9781784059712\/transitions-en-tension-controverses-et-tensions-autour-des-transitions-ecologiques"},{"id":"9781784059767","title":"Les pratiques de la supply chain durable","description":"Alors que les supply chains sont plus que jamais essentielles au fonctionnement de notre soci\u00e9t\u00e9, leurs impacts environnemental et soci\u00e9tal font souvent l'objet de critiques fond\u00e9es. Transformer celles-ci pour les rendre plus durables et responsables demande souvent beaucoup de temps et de ressources.\r\n\r\nL'objectif de cet ouvrage est de pr\u00e9senter un certain nombre de bonnes pratiques simples, permettant de r\u00e9duire ces impacts n\u00e9gatifs et de rendre la supply chain plus vertueuse.\r\n\r\nCet ouvrage est con\u00e7u comme un v\u00e9ritable manuel pratique de cette transformation. Il explore ses diff\u00e9rentes facettes ainsi que celles de la conception du produit, de l'approvisionnement \u00e0 la gestion et \u00e0 la performance des op\u00e9rations logistiques. Il offre un guide d'actions pour la transformation durable de la supply chain, en fournissant des \u00e9l\u00e9ments du cadre juridique pour les actions possibles et des outils pour mesurer la performance qui peut \u00eatre atteinte.","authors":["Anicia Jaegler","Thierry Roques"],"category_codes":["4000000","4010000","4010200","4010208"],"visuals":{"large":"https:\/\/images.epagine.fr\/767\/9781784059767_1_75.jpg","medium":"https:\/\/images.epagine.fr\/767\/9781784059767_1_m.jpg","thumbnail":"https:\/\/images.epagine.fr\/767\/9781784059767_1_v.jpg"},"orderable":true,"show_badge":true,"formatted_price":"100,22&nbsp;\u20ac","formatted_published_date":"18 janvier 2024","publisher_availability_label":"Sur commande","short_details":"Anicia Jaegler, Thierry Roques \u2014 Iste","translator":null,"weight":0,"page_count":268,"readership":null,"editor":"Iste","price":10022,"published_date":"2024-01-17T23:00:00.000000Z","support":"Grand format","publisher_availability":1,"stock":0,"editions":[],"url":"https:\/\/quaidesbrumes.com\/ouvrage\/9781784059767\/les-pratiques-de-la-supply-chain-durable"},{"id":"9782747234436","title":"Entreprise et Economie Circulaire","description":null,"authors":["Patrick Fridenson"],"category_codes":["4000000","4010000","4010200","4010208"],"visuals":{"large":"https:\/\/quaidesbrumes.com\/img\/book-placeholder.png","medium":"https:\/\/quaidesbrumes.com\/img\/book-placeholder.png","thumbnail":"https:\/\/quaidesbrumes.com\/img\/book-placeholder.png"},"orderable":true,"show_badge":true,"formatted_price":"29,00&nbsp;\u20ac","formatted_published_date":"25 juillet 2023","publisher_availability_label":"Sur commande","short_details":"Patrick Fridenson \u2014 Eska","translator":null,"weight":316,"page_count":null,"readership":null,"editor":"Eska","price":2900,"published_date":"2023-07-24T22:00:00.000000Z","support":"Grand format","publisher_availability":1,"stock":0,"editions":[],"url":"https:\/\/quaidesbrumes.com\/ouvrage\/9782747234436\/entreprise-et-economie-circulaire"},{"id":"9782958877514","title":"Les animaux ne mentent pas et ne jugent pas","description":null,"authors":["Jean-michel Claveau"],"category_codes":["4000000","4010000","4010200","4010207"],"visuals":{"large":"https:\/\/images.epagine.fr\/514\/9782958877514_1_75.jpg","medium":"https:\/\/images.epagine.fr\/514\/9782958877514_1_m.jpg","thumbnail":"https:\/\/images.epagine.fr\/514\/9782958877514_1_v.jpg"},"orderable":true,"show_badge":true,"formatted_price":"19,00&nbsp;\u20ac","formatted_published_date":"17 avril 2024","publisher_availability_label":"Sur commande","short_details":"Jean-michel Claveau \u2014 Tavant","translator":null,"weight":580,"page_count":null,"readership":null,"editor":"Tavant","price":1900,"published_date":"2024-04-16T22:00:00.000000Z","support":"Grand format","publisher_availability":1,"stock":0,"editions":[],"url":"https:\/\/quaidesbrumes.com\/ouvrage\/9782958877514\/les-animaux-ne-mentent-pas-et-ne-jugent-pas"},{"id":"9782312141725","title":"Prot\u00e9ger l'environnement : Une d\u00e9cision rapide par un comportement citoyen","description":"La d\u00e9marche Environnementale est un moyen d'am\u00e9liorer son image vis-\u00e0-vis du grand public, r\u00e9pondre \u00e9galement aux exigences l\u00e9gales et r\u00e9glementaires ainsi que de r\u00e9duire les \u00e9missions de gaz \u00e0 effet de serre. Un bon syst\u00e8me r\u00e9duit les co\u00fbts. Cette approche leur permet \u00e9galement d'\u00eatre conforme \u00e0 l'ensemble des exigences de prise de d\u00e9cision du site public. L'int\u00e9gration des dimensions Environnement et S\u00e9curit\u00e9 dans les relations sociales au sein du site public a contribu\u00e9 \u00e0 l'\u00e9volution des politiques de prise de d\u00e9cision. Deux motifs essentiels \u00e0 s'engager dans cette d\u00e9marche : d'une part, la mise en place d'un syst\u00e8me unique sur lequel s'articuleront le respect de la s\u00e9curit\u00e9, de la loi et de l'environnement, d'autre part, et c'est probablement la raison essentielle : l'opportunit\u00e9 de lancer une nouvelle dynamique de prise de d\u00e9cision rapide destin\u00e9e \u00e0 remettre en mouvement un site peu sollicit\u00e9.","authors":["Hakim Iferhatene"],"category_codes":["4000000","4010000","4010200","4010207"],"visuals":{"large":"https:\/\/images.epagine.fr\/725\/9782312141725_1_75.jpg","medium":"https:\/\/images.epagine.fr\/725\/9782312141725_1_m.jpg","thumbnail":"https:\/\/images.epagine.fr\/725\/9782312141725_1_v.jpg"},"orderable":true,"show_badge":true,"formatted_price":"15,00&nbsp;\u20ac","formatted_published_date":"26 janvier 2024","publisher_availability_label":"Sur commande","short_details":"Hakim Iferhatene \u2014 Editions du Net","translator":null,"weight":140,"page_count":90,"readership":null,"editor":"Editions du Net","price":1500,"published_date":"2024-01-25T23:00:00.000000Z","support":"Grand format","publisher_availability":1,"stock":0,"editions":[],"url":"https:\/\/quaidesbrumes.com\/ouvrage\/9782312141725\/proteger-lenvironnement-une-decision-rapide-par-un-comportement-citoyen"},{"id":"9782336440583","title":"Traditions orales et protection de la biodiversit\u00e9 en Afrique","description":"Depuis quelques d\u00e9cennies, les soci\u00e9t\u00e9s contemporaines sont confront\u00e9es \u00e0 une multitude de crises dont les cons\u00e9quences affectent aussi bien les populations que l'environnement dans lequel elles vivent. Au nombre de ces crises qui touchent l'humanit\u00e9, figurent celle du r\u00e9chauffement climatique et l'industrialisation qui posent avec acuit\u00e9, la probl\u00e9matique de la pr\u00e9servation de la biodiversit\u00e9.\r\nLe pr\u00e9sent ouvrage rassemble les Actes du colloque organis\u00e9 les 12 et 13 mai 2023, \u00e0 l'universit\u00e9 Peleforo Gon Coulibaly de Korhogo (R\u00e9publique de C\u00f4te d'Ivoire) qui portent sur les Traditions orales et la protection de la biodiversit\u00e9 en Afrique. Quels rapports les traditions orales ont-elles avec la biodiversit\u00e9 ? Quelle est la perception de l'Africain traditionnel de la biodiversit\u00e9 ? Comment cette perception a-t-elle motiv\u00e9 son engagement environnemental ? Les textes de cet ouvrage se sont pench\u00e9s sur ces interrogations et ont mis en lumi\u00e8re les richesses de la tradition orale en Afrique et son impact sur l'environnement.","authors":["Michel Gnessote Dago","Christophe Richard Gnankon Ekra","Yacouba Fanny"],"category_codes":["4000000","4010000","4010200","4010208"],"visuals":{"large":"https:\/\/images.epagine.fr\/583\/9782336440583_1_75.jpg","medium":"https:\/\/images.epagine.fr\/583\/9782336440583_1_m.jpg","thumbnail":"https:\/\/images.epagine.fr\/583\/9782336440583_1_v.jpg"},"orderable":true,"show_badge":true,"formatted_price":"43,00&nbsp;\u20ac","formatted_published_date":"23 mai 2024","publisher_availability_label":"Sur commande","short_details":"Michel Gnessote Dago, Christophe Richard Gnankon Ekra, Yacouba Fanny \u2014 \u00c9ditions L'Harmattan","translator":null,"weight":735,"page_count":434,"readership":null,"editor":"\u00c9ditions L'Harmattan","price":4300,"published_date":"2024-05-22T22:00:00.000000Z","support":"Grand format","publisher_availability":1,"stock":0,"editions":[],"url":"https:\/\/quaidesbrumes.com\/ouvrage\/9782336440583\/traditions-orales-et-protection-de-la-biodiversite-en-afrique"}]}