{"data":[{"id":"9782382749234","title":"Journal d'un voyage de chamonix a la cime du mont-blanc (juillet-aout 1787) - une page de l'histoire","description":"Horace Benedict de Saussure livre, avec ce journal, le r\u00e9cit de son ascension du Mont-Blanc, la deuxi\u00e8me de l'histoire, qu'il entreprit \u00e0 l'\u00e9t\u00e9 1787. Emportant avec lui du mat\u00e9riel scientifique, il d\u00e9sirait mener \u00e0 bien des exp\u00e9riences sur son chemin. Le 3 ao\u00fbt 1787, il foule le sommet, avec la frustration de n'avoir pas pu effectuer l'ensemble de ses exp\u00e9rimentations, pour cause de mal des montagnes. Ce r\u00e9cit d\u00e9taill\u00e9, sous forme de journal de bord, d\u00e9peint son quotidien, ses \u00e9tats d'\u00e2mes, ainsi que des observations m\u00e9t\u00e9orologiques, g\u00e9ologiques et physiques sur les paysages qu'il gravit.","authors":["De Saussure H B."],"category_codes":["4000000","4010000","4010500","4010503"],"visuals":{"large":"https:\/\/images.epagine.fr\/234\/9782382749234_1_75.jpg","medium":"https:\/\/images.epagine.fr\/234\/9782382749234_1_m.jpg","thumbnail":"https:\/\/images.epagine.fr\/234\/9782382749234_1_v.jpg"},"orderable":true,"show_badge":true,"formatted_price":"19,00&nbsp;\u20ac","formatted_published_date":"14 septembre 2022","publisher_availability_label":"Sur commande","short_details":"De Saussure H B. \u2014 CULTUREA","translator":null,"weight":346,"page_count":null,"readership":null,"editor":"CULTUREA","price":1900,"published_date":"2022-09-13T22:00:00.000000Z","support":"Grand format","publisher_availability":1,"stock":0,"editions":[],"url":"https:\/\/quaidesbrumes.com\/ouvrage\/9782382749234\/journal-dun-voyage-de-chamonix-a-la-cime-du-mont-blanc-juillet-aout-1787-une-page-de-lhistoire"},{"id":"9782378276508","title":"L'eau que l'on maltraite","description":"\"Notre eau de tous les jours, du robinet ou en bouteille, filtr\u00e9e, dynamis\u00e9e ou osmos\u00e9e.\r\n\r\nPartant du constat alarmant des mauvais traitements que l'on inflige \u00e0 notre eau au quotidien et des choix restreints qui s'offrent \u00e0 nous pour satisfaire nos besoins grandissants en eau, cet ouvrage met en exergue et r\u00e9sume les multiples fa\u00e7ons d'appr\u00e9hender notre rapport vital \u00e0 cette ressource naturelle de premier ordre, que nous avons pourtant tendance \u00e0 n\u00e9gliger.\r\nFace \u00e0 l'influence de plus en plus pressante de notre soci\u00e9t\u00e9 de consommation de masse, comment traiter la question de l'eau dans notre vie de tous les jours, en commen\u00e7ant par notre eau de boisson ? Quelle est la plus convenable pour chacun de nous et pour notre environnement ? L'eau du robinet ou en bouteille ? Filtr\u00e9e, osmos\u00e9e, dynamis\u00e9e, hydrog\u00e9n\u00e9e, quelles sont les diff\u00e9rentes eaux qui sont \u00e0 notre port\u00e9e et quelle est la meilleure pour le plus grand nombre ?\r\nL'eau que l'on maltraite est un enjeu plan\u00e9taire, qui passe par notre n\u00e9cessaire prise de conscience et l'\u00e9ducation de nos enfants \u00e0 mieux la consid\u00e9rer par l'\u00e9merveillement et le respect, que l'ont doit \u00e0 cette mati\u00e8re unique et myst\u00e9rieuse, qui n'a pas encore r\u00e9v\u00e9l\u00e9 tous ses secrets. Autant d'interrogations auxquelles l'auteur a tent\u00e9 ici d'apporter non pas des r\u00e9ponses \u00e0 prendre au pied de la lettre, mais un regard qui se veut \u00e9clairant et bienveillant, sur notre plus grande source de vie sur Terre, l'eau ! \"","authors":["Ren\u00e9 Poulin"],"category_codes":["4000000","4010000","4010200","4010208"],"visuals":{"large":"https:\/\/images.epagine.fr\/508\/9782378276508_1_75.jpg","medium":"https:\/\/images.epagine.fr\/508\/9782378276508_1_m.jpg","thumbnail":"https:\/\/images.epagine.fr\/508\/9782378276508_1_v.jpg"},"orderable":true,"show_badge":true,"formatted_price":"18,00&nbsp;\u20ac","formatted_published_date":"30 septembre 2022","publisher_availability_label":"Sur commande","short_details":"Ren\u00e9 Poulin \u2014 SPINELLE","translator":null,"weight":251,"page_count":214,"readership":null,"editor":"SPINELLE","price":1800,"published_date":"2022-09-29T22:00:00.000000Z","support":"Grand format","publisher_availability":1,"stock":0,"editions":[],"url":"https:\/\/quaidesbrumes.com\/ouvrage\/9782378276508\/leau-que-lon-maltraite"},{"id":"9782384545865","title":"Changement climatique : la lourde menace sur l'Afrique","description":"Pauvret\u00e9 et sous-d\u00e9veloppement ont rendu ce sous-continent encore plus vuln\u00e9rable aux effets du changement climatique. Face \u00e0 un besoin urgent d'\u00e9mancipation \u00e9conomique, l'Afrique Subsaharienne est embarqu\u00e9e, par inexp\u00e9rience, dans l'id\u00e9ologie du \u00ab D\u00e9veloppement durable \u00bb construite sur fond de duplicit\u00e9 par l'Occident, premier responsable de la d\u00e9gradation de l'environnement caus\u00e9e par les effets d\u00e9sastreux de la p\u00e9joration climatique. Comme s'il y avait une responsabilit\u00e9 \u00e9quitablement partag\u00e9e de cette pollution, le concept de \u00ab D\u00e9veloppement durable pour tous \u00bb exhorte tous les pays du monde \u00e0 un effort collectif et solidaire de r\u00e9duction des gaz \u00e0 effet de serre.\r\nAssur\u00e9ment, l'\u00e9nergie est au coeur de la logique du d\u00e9veloppement durable. Pour autant, l'Afrique Subsaharienne qui a un besoin urgent d'am\u00e9liorer son agriculture, de soutenir son industrialisation, doit hic et nunc accro\u00eetre son syst\u00e8me \u00e9nerg\u00e9tique. Dans ces conditions, cette Afrique-l\u00e0 doit-t-elle suivre cette id\u00e9ologie toute faite par l'Occident apr\u00e8s un d\u00e9veloppement in\u00e9gal, ou se d\u00e9faire de cette passivit\u00e9 qui l'a rendue quasiment impotente face au p\u00e9ril climatique ? \r\nCet ouvrage, destin\u00e9 aux Jeunes Africains, aux Ecologistes, aux Panafricanistes, tous engag\u00e9s, retrace l'histoire de la d\u00e9gradation de l'environnement, les responsabilit\u00e9s, la vuln\u00e9rabilit\u00e9 de l'Afrique au sud du Sahara face \u00e0 la lourde menace climatique. Il pose le d\u00e9bat sur le suivisme lancinant et aveugle du sous-continent, \u00e0 d\u00e9faut d'inventer son propre mod\u00e8le de d\u00e9veloppement, et propose un mode d'emploi pour les Africains en COP organe de gouvernance mondiale en mati\u00e8re de changement climatique.","authors":["Mbaye Hadj"],"category_codes":["4000000","4010000","4010200","4010204"],"visuals":{"large":"https:\/\/images.epagine.fr\/865\/9782384545865_1_75.jpg","medium":"https:\/\/images.epagine.fr\/865\/9782384545865_1_m.jpg","thumbnail":"https:\/\/images.epagine.fr\/865\/9782384545865_1_v.jpg"},"orderable":true,"show_badge":true,"formatted_price":"15,00&nbsp;\u20ac","formatted_published_date":"16 f\u00e9vrier 2023","publisher_availability_label":"Sur commande","short_details":"Mbaye Hadj \u2014 Publishroom Factory","translator":null,"weight":200,"page_count":130,"readership":null,"editor":"Publishroom Factory","price":1500,"published_date":"2023-02-15T23:00:00.000000Z","support":"Grand format","publisher_availability":1,"stock":0,"editions":[],"url":"https:\/\/quaidesbrumes.com\/ouvrage\/9782384545865\/changement-climatique-la-lourde-menace-sur-lafrique"},{"id":"9782913052413","title":"Album de la faune de l'aube","description":"Il est beau comme la r\u00e9tractilit\u00e9 des serres d'un rapace ou encore comme la surprise des mouvements musculaires dans un instant de fuite ou, plut\u00f4t, comme une couleur animale qui vous enivre ; ainsi, en parcourant cet ouvrage, vous d\u00e9couvrirez la surprise du vivant.\r\n \r\nUn livre d'amoureux de la nature qui aide non seulement \u00e0 identifier mais aussi \u00e0 connaitre l'existence des animaux dans leur milieu. Am\u00e9nager le territoire, enrichir les connaissances, entretenir ses espaces que la nature nous a confi\u00e9s en vivant son \u00e9volution et conclure que, gr\u00e2ce \u00e0 de nombreux acteurs agriculteurs, forestiers, randonneurs, \u00e9lus et chasseurs, l'avenir et la qualit\u00e9 de ces espaces aubois seront pr\u00e9serv\u00e9s.\r\n\r\nCet ouvrage offre, pour la premi\u00e8re fois, un voyage partiel mais d\u00e9taill\u00e9 sur la biologie de la faune sauvage Auboise et les moyens de reconnaitre pr\u00e8s de 80 esp\u00e8ces, sans pour autant \u00eatre un guide d'identification mais plut\u00f4t un livre pour les amoureux de nature, amateurs ou d\u00e9j\u00e0 bien avis\u00e9s.","authors":["Collectif"],"category_codes":["4000000","4010000","4010300"],"visuals":{"large":"https:\/\/images.epagine.fr\/413\/9782913052413_1_75.jpg","medium":"https:\/\/images.epagine.fr\/413\/9782913052413_1_m.jpg","thumbnail":"https:\/\/images.epagine.fr\/413\/9782913052413_1_v.jpg"},"orderable":true,"show_badge":true,"formatted_price":"29,00&nbsp;\u20ac","formatted_published_date":"8 d\u00e9cembre 2022","publisher_availability_label":"Sur commande","short_details":"Collectif \u2014 La Maison Du Boulanger","translator":null,"weight":0,"page_count":320,"readership":null,"editor":"La Maison Du Boulanger","price":2900,"published_date":"2022-12-07T23:00:00.000000Z","support":"Grand format","publisher_availability":1,"stock":0,"editions":[],"url":"https:\/\/quaidesbrumes.com\/ouvrage\/9782913052413\/album-de-la-faune-de-laube"},{"id":"9782140281747","title":"Petit trait\u00e9 d'\u00e9cologie op\u00e9rationnelle : de l'id\u00e9alisation \u00e0 l'action","description":"L'\u00e9cologie est d'abord une science de la vie. Or, la vie des sciences l'a globalis\u00e9e pour en faire la science de l'environnement. Elle est devenue une science englobante qui attire d'autres disciplines et conduit vers une nouvelle utopie : inclure les soci\u00e9t\u00e9s humaines dans des natures plus ou moins id\u00e9alis\u00e9es. Or cet objectif rel\u00e8ve en partie du fixisme, selon lequel la nature se maintiendrait au mieux \u00e0 l'\u00e9quilibre. Pourtant tout y bouge en permanence. En outre, elle serait bonne par essence ce qui, en fait, n'a gu\u00e8re de sens. Ayons la volont\u00e9 de passer d'une vision contemplative \u00e0 une repr\u00e9sentation dynamique : elle permet une meilleure compr\u00e9hension des choses et donc des actions qui am\u00e9lioreraient l'\u00e9tat actuel de nos environnements au b\u00e9n\u00e9fice des g\u00e9n\u00e9rations futures. De nombreuses solutions existent d\u00e9j\u00e0 et d'autres sont trac\u00e9es. Elles peuvent d'ailleurs \u00eatre combin\u00e9es afin d'am\u00e9liorer les conditions de vie des humains, donnant ainsi corps \u00e0 l'utopie initiale. Notre avenir n'est pas aussi sombre que celui d\u00e9crit par les tenants des passions tristes !","authors":["Alain Pav\u00e9","Marc Pav\u00e9"],"category_codes":["4000000","4010000","4010200","4010208"],"visuals":{"large":"https:\/\/images.epagine.fr\/747\/9782140281747_1_75.jpg","medium":"https:\/\/images.epagine.fr\/747\/9782140281747_1_m.jpg","thumbnail":"https:\/\/images.epagine.fr\/747\/9782140281747_1_v.jpg"},"orderable":true,"show_badge":true,"formatted_price":"24,50&nbsp;\u20ac","formatted_published_date":"5 octobre 2022","publisher_availability_label":"Sur commande","short_details":"Alain Pav\u00e9, Marc Pav\u00e9 \u2014 \u00c9ditions L'Harmattan","translator":null,"weight":294,"page_count":242,"readership":null,"editor":"\u00c9ditions L'Harmattan","price":2450,"published_date":"2022-10-04T22:00:00.000000Z","support":"Grand format","publisher_availability":1,"stock":0,"editions":[],"url":"https:\/\/quaidesbrumes.com\/ouvrage\/9782140281747\/petit-traite-decologie-operationnelle-de-lidealisation-a-laction"},{"id":"9782494195226","title":"Cent pensee sur le monde flottant... - aphorismes","description":"Cent pens\u00e9es sur le monde flottant est un recueil d'aphorismes. Une c\u00e9l\u00e9bration du monde vivant dans toute sa diversit\u00e9, des esp\u00e8ces animales et v\u00e9g\u00e9tales et de la place de l'homme dans la nature.","authors":["Patrick Gillet"],"category_codes":["4000000","4010000","4010200"],"visuals":{"large":"https:\/\/images.epagine.fr\/226\/9782494195226_1_75.jpg","medium":"https:\/\/images.epagine.fr\/226\/9782494195226_1_m.jpg","thumbnail":"https:\/\/images.epagine.fr\/226\/9782494195226_1_v.jpg"},"orderable":true,"show_badge":true,"formatted_price":"9,50&nbsp;\u20ac","formatted_published_date":"5 novembre 2022","publisher_availability_label":"Sur commande","short_details":"Patrick Gillet \u2014 SINOPE","translator":null,"weight":192,"page_count":140,"readership":null,"editor":"SINOPE","price":950,"published_date":"2022-11-04T23:00:00.000000Z","support":"Grand format","publisher_availability":1,"stock":0,"editions":[],"url":"https:\/\/quaidesbrumes.com\/ouvrage\/9782494195226\/cent-pensee-sur-le-monde-flottant-aphorismes"},{"id":"9782312122090","title":"Plantes m\u00e9dicinales et vieux rem\u00e8des : \u00e9lixirs, sirops, liqueurs et autres rem\u00e8des des temps anciens","description":"L'\u00e9lixir de longue vie, la tisane du centenaire, l'\u00e9lixir du su\u00e9dois, la marmelade de Tronchin, l'eau de m\u00e9lisse des Carmes, la liqueur de la grande Chartreuse, la Jouvence de l'abb\u00e9 Soury, les vingt cures de l'abb\u00e9 Hamon, tels sont quelques-uns des rem\u00e8des qui apparaissent dans ce livre.L'auteur, s'appuyant sur de nombreux documents, resitue ces pr\u00e9parations anciennes, souvent c\u00e9l\u00e8bres, dans leur contexte historique, et nous pr\u00e9sente, en d\u00e9tail, la plante m\u00e9dicinale qui en constitue l'\u00e9l\u00e9ment essentiel.Ce livre permet \u00e9galement de d\u00e9couvrir ou de red\u00e9couvrir trois boissons m\u00e9dicinales tr\u00e8s originales: la sapinette (bi\u00e8re antiscorbutique), la fr\u00eanette et le \u00abChampagne v\u00e9g\u00e9tal\u00bb.","authors":["Fabrice Le Stang"],"category_codes":["4000000","4010000","4010400","4010404"],"visuals":{"large":"https:\/\/images.epagine.fr\/090\/9782312122090_1_75.jpg","medium":"https:\/\/images.epagine.fr\/090\/9782312122090_1_m.jpg","thumbnail":"https:\/\/images.epagine.fr\/090\/9782312122090_1_v.jpg"},"orderable":true,"show_badge":true,"formatted_price":"18,00&nbsp;\u20ac","formatted_published_date":"16 juin 2022","publisher_availability_label":"Sur commande","short_details":"Fabrice Le Stang \u2014 Editions du Net","translator":null,"weight":247,"page_count":116,"readership":null,"editor":"Editions du Net","price":1800,"published_date":"2022-06-15T22:00:00.000000Z","support":"Grand format","publisher_availability":1,"stock":0,"editions":[],"url":"https:\/\/quaidesbrumes.com\/ouvrage\/9782312122090\/plantes-medicinales-et-vieux-remedes-elixirs-sirops-liqueurs-et-autres-remedes-des-temps-anciens"},{"id":"9782365360463","title":"LA CANNE A MOUCHE","description":"Guide pratique de construction et d'habillage des cannes \u00e0 mouche en bambou refendu.","authors":["Josselin De Lespinay"],"category_codes":["4000000","4010000","4010500","4010502"],"visuals":{"large":"https:\/\/images.epagine.fr\/463\/9782365360463_1_75.jpg","medium":"https:\/\/images.epagine.fr\/463\/9782365360463_1_m.jpg","thumbnail":"https:\/\/images.epagine.fr\/463\/9782365360463_1_v.jpg"},"orderable":true,"show_badge":true,"formatted_price":"22,00&nbsp;\u20ac","formatted_published_date":"10 novembre 2013","publisher_availability_label":"Sur commande","short_details":"Josselin De Lespinay \u2014 La Simarre","translator":null,"weight":535,"page_count":164,"readership":null,"editor":"La Simarre","price":2200,"published_date":"2013-11-09T23:00:00.000000Z","support":"Grand format","publisher_availability":1,"stock":0,"editions":[],"url":"https:\/\/quaidesbrumes.com\/ouvrage\/9782365360463\/la-canne-a-mouche"},{"id":"9791095777533","title":"Agir pour la s\u00e9curit\u00e9 alimentaire : se mobiliser avant la p\u00e9nurie","description":"Que se passerait-il si une cyberattaque, un conflit de forte intensit\u00e9 ou incident climatique grave paralysaient demain les circuits de la distribution alimentaire ? P\u00e9nurie, \u00e9meutes, violence urbaine ?\r\nIl suffit de se souvenir de ce que la ville de Saint-Martin a v\u00e9cu en 2017 apr\u00e8s le passage de l'ouragan Irma ayant compl\u00e9tement d\u00e9sorganis\u00e9 la vie quotidienne. Les estimations les plus optimistes pr\u00e9cisent que, en cas de crise majeure, il faudrait plusieurs semaines \u00e0 l'\u00c9tat pour reprendre la main. Et pour peu que la situation se prolonge, un mouvement d'exode vers la campagne pourrait s'enclencher, autrement plus dramatique que celui des 10 millions de fran\u00e7ais en 1940, compte tenu de la d\u00e9sertification de ces m\u00eames campagnes et de la disparition de l'agriculture paysanne.\r\nMais avant toutes choses, la premi\u00e8re urgence n'est-elle pas de s'interroger sur la nature des enjeux que soul\u00e8vent la question de la s\u00e9curit\u00e9 alimentaire ?","authors":["Thierry Vincent"],"category_codes":["4000000","4010000","4010200","4010207"],"visuals":{"large":"https:\/\/images.epagine.fr\/533\/9791095777533_1_75.jpg","medium":"https:\/\/images.epagine.fr\/533\/9791095777533_1_m.jpg","thumbnail":"https:\/\/images.epagine.fr\/533\/9791095777533_1_v.jpg"},"orderable":true,"show_badge":true,"formatted_price":"9,00&nbsp;\u20ac","formatted_published_date":"30 septembre 2022","publisher_availability_label":"Sur commande","short_details":"Thierry Vincent \u2014 Nbe Editions","translator":null,"weight":66,"page_count":62,"readership":null,"editor":"Nbe Editions","price":900,"published_date":"2022-09-29T22:00:00.000000Z","support":"Grand format","publisher_availability":1,"stock":0,"editions":[],"url":"https:\/\/quaidesbrumes.com\/ouvrage\/9791095777533\/agir-pour-la-securite-alimentaire-se-mobiliser-avant-la-penurie"},{"id":"9782140281808","title":"Manuel pour une \u00e9cologie de la mod\u00e9ration : pouvons-nous consommer raisonnablement ?","description":"Face aux enjeux environnementaux, nous ressemblons \u00e0 des lapins pris dans les phares d'une voiture. Immobilis\u00e9s, comme en sid\u00e9ration devant ce danger qui arrive \u00e0 grande vitesse, incapables de r\u00e9agir. Comment s'en sortir ? Quelles solutions mettre en oeuvre pour agir de mani\u00e8re concr\u00e8te ? C'est en explorant les m\u00e9canismes cognitifs de nos comportements que ce manuel propose un ensemble de solutions en cr\u00e9ant des lieux \u00e0 la bonne dimension. Dans ces lieux, une m\u00e9thodologie respectueuse des \u00eatres humains, de leur rapport \u00e0 l'espace et au temps est propos\u00e9e. L'objectif est de faire \u00e9clore le plus efficacement possible des actions individuelles et collectives pratiques.","authors":["Didier Naud","Blaise Amir-Tahmasseb"],"category_codes":["4000000","4010000","4010200","4010204"],"visuals":{"large":"https:\/\/images.epagine.fr\/808\/9782140281808_1_75.jpg","medium":"https:\/\/images.epagine.fr\/808\/9782140281808_1_m.jpg","thumbnail":"https:\/\/images.epagine.fr\/808\/9782140281808_1_v.jpg"},"orderable":true,"show_badge":true,"formatted_price":"11,50&nbsp;\u20ac","formatted_published_date":"5 septembre 2022","publisher_availability_label":"Sur commande","short_details":"Didier Naud, Blaise Amir-Tahmasseb \u2014 \u00c9ditions L'Harmattan","translator":null,"weight":108,"page_count":78,"readership":null,"editor":"\u00c9ditions L'Harmattan","price":1150,"published_date":"2022-09-04T22:00:00.000000Z","support":"Grand format","publisher_availability":1,"stock":0,"editions":[],"url":"https:\/\/quaidesbrumes.com\/ouvrage\/9782140281808\/manuel-pour-une-ecologie-de-la-moderation-pouvons-nous-consommer-raisonnablement"},{"id":"9782322438204","title":"Pere et fils sur le caminho portugues - de lisbonne a fisterra par fatima et saint-jacques-de-compos","description":"Marcher vers Saint-Jacques-de-Compostelle entre p\u00e8re et fils a \u00e9t\u00e9 une aventure humaine d'une grande richesse pour nous deux. D\u00e9passant largement le cadre habituel du quotidien, au-del\u00e0 des \u00e9v\u00e9nements marquant toute randonn\u00e9e \u00e0 pied au long cours, ce cheminement nous a permis d'\u00e9changer en toute libert\u00e9. \r\nPartis de Lisbonne jusqu'\u00e0 Fisterra sur plus de 790 kilom\u00e8tres, notre trajet nous a fait transiter par Fatima, Coimbra, Porto, Saint-Jacques-de-Compostelle et Muxia.  \r\nL'\u00e9pisode final fut le plus fort en \u00e9motions avec notre arriv\u00e9e au Cimeti\u00e8re des marins de Fisterra, o\u00f9 Alain a d\u00e9pos\u00e9 en 2016, les cendres de papy Ren\u00e9, comme celui-ci l'avait voulu. La transmission entre Alain et ses enfants est d\u00e9sormais r\u00e9alis\u00e9e...\r\nNotre ouvrage est agr\u00e9ment\u00e9 d'environ 200 clich\u00e9s couleur.","authors":["Lequien"],"category_codes":["4000000","4010000","4010500","4010503"],"visuals":{"large":"https:\/\/images.epagine.fr\/204\/9782322438204_1_75.jpg","medium":"https:\/\/images.epagine.fr\/204\/9782322438204_1_m.jpg","thumbnail":"https:\/\/images.epagine.fr\/204\/9782322438204_1_v.jpg"},"orderable":true,"show_badge":true,"formatted_price":"18,00&nbsp;\u20ac","formatted_published_date":"12 juin 2022","publisher_availability_label":"Sur commande","short_details":"Lequien \u2014 Books on Demand","translator":null,"weight":185,"page_count":null,"readership":null,"editor":"Books on Demand","price":1800,"published_date":"2022-06-11T22:00:00.000000Z","support":"Grand format","publisher_availability":1,"stock":0,"editions":[],"url":"https:\/\/quaidesbrumes.com\/ouvrage\/9782322438204\/pere-et-fils-sur-le-caminho-portugues-de-lisbonne-a-fisterra-par-fatima-et-saint-jacques-de-compos"},{"id":"9782140311550","title":"La diplomatie climatique de Denis Sassou N'guesso : plaidoyer du messager de la nature et porte-voix des g\u00e9n\u00e9rations futures","description":"Cet ouvrage s'inscrit dans le cadre d'un hommage m\u00e9rit\u00e9 \u00e0 un homme exceptionnel. Il constitue une reconnaissance l\u00e9gitime de tous les efforts consentis et de toutes les \u00e9nergies d\u00e9pens\u00e9es par un chef d'\u00c9tat africain amoureux de la nature, mais surtout soucieux de l'avenir de la plan\u00e8te et de l'h\u00e9ritage \u00e0 l\u00e9guer aux g\u00e9n\u00e9rations futures dans le contexte d'un changement climatique acc\u00e9l\u00e9r\u00e9 et non ma\u00eetris\u00e9. L'auteur contextualise les efforts diplomatiques du pr\u00e9sident Denis Sassou N'Guesso pour le climat, explique les enjeux fondamentaux et majeurs, et r\u00e9sume l'impact r\u00e9el de cette diplomatie climatique active dans l'optique des int\u00e9r\u00eats strat\u00e9giques et vitaux de l'Afrique.","authors":["Michel Innocent Peya"],"category_codes":["4000000","4010000","4010200","4010208"],"visuals":{"large":"https:\/\/images.epagine.fr\/550\/9782140311550_1_75.jpg","medium":"https:\/\/images.epagine.fr\/550\/9782140311550_1_m.jpg","thumbnail":"https:\/\/images.epagine.fr\/550\/9782140311550_1_v.jpg"},"orderable":true,"show_badge":true,"formatted_price":"22,50&nbsp;\u20ac","formatted_published_date":"14 novembre 2022","publisher_availability_label":"Sur commande","short_details":"Michel Innocent Peya \u2014 \u00c9ditions L'Harmattan","translator":null,"weight":290,"page_count":234,"readership":null,"editor":"\u00c9ditions L'Harmattan","price":2250,"published_date":"2022-11-13T23:00:00.000000Z","support":"Grand format","publisher_availability":1,"stock":0,"editions":[],"url":"https:\/\/quaidesbrumes.com\/ouvrage\/9782140311550\/la-diplomatie-climatique-de-denis-sassou-nguesso-plaidoyer-du-messager-de-la-nature-et-porte-voix-des-generations-futures"},{"id":"9782322468669","title":"Jardins de r\u00eaves : Un voyage sensoriel avec 50 illustrations envoutantes de sc\u00e8nes de jardins fran\u00e7ais et de lieux luxuriants","description":"Notre livre de coloriage vous emm\u00e8ne dans un voyage sensoriel \u00e0 travers les jardins luxuriants de France. Des sc\u00e8nes de nature paisible et de compositions florales \u00e9l\u00e9gantes vous attendent sur chaque page, le tout rehauss\u00e9 par des animaux charmants qui viennent ponctuer ces merveilleux paysages.\r\n\r\nLes illustrations r\u00e9alistes de ce livre vous feront vous sentir immerg\u00e9 dans ces jardins \u00e0 la fran\u00e7aise, tandis que leur style intemporel vous permettra de vous \u00e9vader dans un univers de tranquillit\u00e9 et de bien-\u00eatre. Laissez-vous emporter par le concept de Hygge en coloriant chaque page de ce livre, et laissez la paisibilit\u00e9 de la nature vous envahir.\r\n\r\nNotre livre de coloriage est le parfait compagnon pour vous d\u00e9tendre et vous ressourcer apr\u00e8s une journ\u00e9e charg\u00e9e. Laissez-vous emporter par les couleurs et laissez votre cr\u00e9ativit\u00e9 s'exprimer en donnant vie \u00e0 ces sc\u00e8nes de jardins luxuriants. Offrez-vous ce moment de relaxation et de pl\u00e9nitude en vous plongeant dans ce livre de coloriage.","authors":["Cr\u00e9atif Factory"],"category_codes":["4000000","4010000"],"visuals":{"large":"https:\/\/images.epagine.fr\/669\/9782322468669_1_75.jpg","medium":"https:\/\/images.epagine.fr\/669\/9782322468669_1_m.jpg","thumbnail":"https:\/\/images.epagine.fr\/669\/9782322468669_1_v.jpg"},"orderable":true,"show_badge":true,"formatted_price":"11,99&nbsp;\u20ac","formatted_published_date":"2 janvier 2023","publisher_availability_label":"Sur commande","short_details":"Cr\u00e9atif Factory \u2014 Books on Demand","translator":null,"weight":273,"page_count":106,"readership":null,"editor":"Books on Demand","price":1199,"published_date":"2023-01-01T23:00:00.000000Z","support":"Grand format","publisher_availability":1,"stock":0,"editions":[],"url":"https:\/\/quaidesbrumes.com\/ouvrage\/9782322468669\/jardins-de-reves-un-voyage-sensoriel-avec-50-illustrations-envoutantes-de-scenes-de-jardins-francais-et-de-lieux-luxuriants"},{"id":"9782140339707","title":"Guide DSN : guide pratique, technique et strat\u00e9gique de boisement, de reboisement, d'afforestation et de transition \u00e9cologique pour les \u00c9tats","description":"En Afrique comme partout ailleurs dans le monde, les plantations d'arbres sont amen\u00e9es \u00e0 se d\u00e9velopper pour plusieurs raisons : lutte contre le r\u00e9chauffement climatique, restauration des capacit\u00e9s de production et des services rendus par les for\u00eats naturelles, valorisation des terres agroforesti\u00e8res, r\u00e9colte plus ais\u00e9e du bois et des produits forestiers non ligneux, etc. Les esp\u00e8ces exotiques n'offrant que des services sp\u00e9cifiques, il importe de redynamiser la plantation d'esp\u00e8ces locales. Mais une politique nationale de reboisement et\/ou d'afforestation ne constituera jamais une solution idoine et efficace contre le r\u00e9chauffement climatique si elle n'est pas associ\u00e9e \u00e0 une strat\u00e9gie nationale de transition \u00e9cologique. C'est l'objet de ce guide, qui aborde de fa\u00e7on pratique les diff\u00e9rentes \u00e9tapes d'un programme sylvicole con\u00e7u dans le cadre de l'Initiative DSN (Denis Sassou N'Guesso) : r\u00e9colte et gestion des semences, construction et gestion des p\u00e9pini\u00e8res, modalit\u00e9s d'installation et de conduite des plantations, etc. Enfin, le livre d\u00e9crit en d\u00e9tail l'itin\u00e9raire sylvicole de quelques esp\u00e8ces d'arbres des for\u00eats denses humides et autres n\u00e9cessaires \u00e0 l'afforestation, telles que propos\u00e9es par le pr\u00e9sident Denis Sassou N'Guesso aux \u00c9tats du monde dans le cadre des efforts plan\u00e9taires de lutte contre le r\u00e9chauffement climatique et ses corollaires. L'ouvrage se focalise dans sa seconde partie sur la proposition d'une strat\u00e9gie nationale permettant aux \u00c9tats d'affronter les d\u00e9fis de la transition verte et de r\u00e9ussir la mise en place ou la mat\u00e9rialisation d'une transition \u00e9cologique dans l'optique du d\u00e9veloppement durable.","authors":["Michel Innocent Peya"],"category_codes":["4000000","4010000","4010200","4010205"],"visuals":{"large":"https:\/\/images.epagine.fr\/707\/9782140339707_1_75.jpg","medium":"https:\/\/images.epagine.fr\/707\/9782140339707_1_m.jpg","thumbnail":"https:\/\/images.epagine.fr\/707\/9782140339707_1_v.jpg"},"orderable":true,"show_badge":true,"formatted_price":"28,00&nbsp;\u20ac","formatted_published_date":"3 mars 2023","publisher_availability_label":"Sur commande","short_details":"Michel Innocent Peya \u2014 \u00c9ditions L'Harmattan","translator":null,"weight":423,"page_count":274,"readership":null,"editor":"\u00c9ditions L'Harmattan","price":2800,"published_date":"2023-03-02T23:00:00.000000Z","support":"Grand format","publisher_availability":1,"stock":0,"editions":[],"url":"https:\/\/quaidesbrumes.com\/ouvrage\/9782140339707\/guide-dsn-guide-pratique-technique-et-strategique-de-boisement-de-reboisement-dafforestation-et-de-transition-ecologique-pour-les-etats"},{"id":"9782140298080","title":"Les petits jardins vers l'autoroute : de l'art de cultiver son potager en milieu associatif","description":"Depuis plus de trente ans, Antoine et Fifi sont aux petits soins pour leurs coins de terre, chaque jour et par tous les temps. Mais Riton, \u00e9lu pr\u00e9sident depuis peu, applique \u00e0 la lettre le r\u00e8glement int\u00e9rieur des potagers, au risque de froisser les ancien de ce \"petit village\". Pendant quelques saisons, au fil des mois, Antoine, Fifi et Riton se racontent. En trois monologues savoureux, ils dessinent le portrait haut en couleurs des jardins familiaux de la banlieue nord de Lyon, pr\u00e8s de l'autoroute A6.","authors":["Fr\u00e9d\u00e9ric Chagnard","Agn\u00e8s Hardy"],"category_codes":["4000000","4010000","4010400","4010401"],"visuals":{"large":"https:\/\/images.epagine.fr\/080\/9782140298080_1_75.jpg","medium":"https:\/\/images.epagine.fr\/080\/9782140298080_1_m.jpg","thumbnail":"https:\/\/images.epagine.fr\/080\/9782140298080_1_v.jpg"},"orderable":true,"show_badge":true,"formatted_price":"15,00&nbsp;\u20ac","formatted_published_date":"29 novembre 2022","publisher_availability_label":"Sur commande","short_details":"Fr\u00e9d\u00e9ric Chagnard, Agn\u00e8s Hardy \u2014 \u00c9ditions L'Harmattan","translator":null,"weight":182,"page_count":140,"readership":null,"editor":"\u00c9ditions L'Harmattan","price":1500,"published_date":"2022-11-28T23:00:00.000000Z","support":"Grand format","publisher_availability":1,"stock":0,"editions":[],"url":"https:\/\/quaidesbrumes.com\/ouvrage\/9782140298080\/les-petits-jardins-vers-lautoroute-de-lart-de-cultiver-son-potager-en-milieu-associatif"},{"id":"9782140301087","title":"Apprendre de nos campagnes : de fructueuses le\u00e7ons de choses...","description":"La civilisation rurale est la longue et r\u00e9ciproque adaptation de l'homme avec son milieu. Elle a produit de quoi nous nourrir, nous loger et nous v\u00eatir. Nous lui devons la forme de nos villes et les mat\u00e9riaux pour la construire, les paysages, nos animaux de compagnie, les fleurs, mais pas seulement. Les caract\u00e8res particuliers de nos territoires ruraux sont le manifeste d'une culture \u00e0 l'oeuvre. Le propos de ce livre est de rappeler l'histoire de notre soci\u00e9t\u00e9 agreste, et particuli\u00e8rement de la patiente invention de notre habitat. Car l'histoire multimill\u00e9naire de l'agriculture ne se r\u00e9sume pas en la chronologie d'une activit\u00e9 vivri\u00e8re. Elle est bien plus que cela.","authors":["Jean-Yves Quay"],"category_codes":["4000000","4010000","4010200","4010204"],"visuals":{"large":"https:\/\/images.epagine.fr\/087\/9782140301087_1_75.jpg","medium":"https:\/\/images.epagine.fr\/087\/9782140301087_1_m.jpg","thumbnail":"https:\/\/images.epagine.fr\/087\/9782140301087_1_v.jpg"},"orderable":true,"show_badge":true,"formatted_price":"26,00&nbsp;\u20ac","formatted_published_date":"28 novembre 2022","publisher_availability_label":"Sur commande","short_details":"Jean-Yves Quay \u2014 \u00c9ditions L'Harmattan","translator":null,"weight":393,"page_count":248,"readership":null,"editor":"\u00c9ditions L'Harmattan","price":2600,"published_date":"2022-11-27T23:00:00.000000Z","support":"Grand format","publisher_availability":1,"stock":0,"editions":[],"url":"https:\/\/quaidesbrumes.com\/ouvrage\/9782140301087\/apprendre-de-nos-campagnes-de-fructueuses-lecons-de-choses"},{"id":"9782140287794","title":"Crises, transition et futur","description":"Que se passe-t-il r\u00e9ellement dans notre monde ?  Rien de bien nouveau... Si nous interrogeons le pass\u00e9, Hom\u00e8re dans L'Odyss\u00e9e \u00e9voque d\u00e9j\u00e0 comment les hommes, pouss\u00e9s par leur m\u00e9diocrit\u00e9, jalousie, avidit\u00e9, envie, aggravent leur destin\u00e9e par leur d\u00e9mence et ceci malgr\u00e9 les avertissements venus de toutes parts. Cet ouvrage \u00e9tablit un diagnostic pr\u00e9cis des causes \u00e0 l'origine des crises actuelles, au-del\u00e0 de leurs effets externes. Il fixe les principes de la soci\u00e9t\u00e9-cible durable et solidaire dans une optique interg\u00e9n\u00e9rationnelle. Pour atteindre cette transition soci\u00e9tale et garantir l'habitabilit\u00e9 de la plan\u00e8te, 25 plans d'action sont propos\u00e9s. La nature ne sachant pas compter, toute estimation mon\u00e9taire est d\u00e9lib\u00e9r\u00e9ment absente.","authors":["Albert Casals"],"category_codes":["4000000","4010000","4010200","4010208"],"visuals":{"large":"https:\/\/images.epagine.fr\/794\/9782140287794_1_75.jpg","medium":"https:\/\/images.epagine.fr\/794\/9782140287794_1_m.jpg","thumbnail":"https:\/\/images.epagine.fr\/794\/9782140287794_1_v.jpg"},"orderable":true,"show_badge":true,"formatted_price":"31,00&nbsp;\u20ac","formatted_published_date":"10 mars 2023","publisher_availability_label":"Sur commande","short_details":"Albert Casals \u2014 \u00c9ditions L'Harmattan","translator":null,"weight":389,"page_count":252,"readership":null,"editor":"\u00c9ditions L'Harmattan","price":3100,"published_date":"2023-03-09T23:00:00.000000Z","support":"Grand format","publisher_availability":1,"stock":0,"editions":[],"url":"https:\/\/quaidesbrumes.com\/ouvrage\/9782140287794\/crises-transition-et-futur"},{"id":"9782954995274","title":"\u00e9tude 2022 sur l'information sociale et environnementale dans les rapports annuels des entreprises","description":"Depuis 20 ans, CFIE-conseil analyse - sur les bases d'un r\u00e9f\u00e9rentiel r\u00f4d\u00e9 et reconnu par le milieu des affaires - le niveau de transparence des informations sociales et environnementales contenues dans les documents de r\u00e9f\u00e9rence et les rapports de d\u00e9veloppement durable de grandes entreprises fran\u00e7aises issues de diff\u00e9rents secteurs d'activit\u00e9. La transparence des entreprises est analys\u00e9e selon deux crit\u00e8res : l'exhaustivit\u00e9 et la pr\u00e9cision des informations, appliqu\u00e9es aux 22 th\u00e8mes sociaux, soci\u00e9taux et environnementaux, s\u00e9lectionn\u00e9s par CFIE-conseil et correspondant aux exigences de la loi fran\u00e7aise et aux recommandations du Global Reporting Initiative (GRI).\r\nCet outil est ainsi devenu incontournable pour comprendre les enjeux du d\u00e9veloppement durable appliqu\u00e9s aux entreprises, pour identifier les attentes des parties prenantes, analyser les \u00e9volutions, d\u00e9celer les axes d'am\u00e9lioration possibles, d\u00e9tecter les probl\u00e9matiques soci\u00e9tales \u00e9mergentes... Il offre aux professionnels de la RSE un point de vue ext\u00e9rieur et ind\u00e9pendant sur les \u00ab profils soci\u00e9taux \u00bb des entreprises et leur permet ainsi d'enrichir leur analyse et leur offre.\r\nL'\u00e9tude de CFIE-conseil est un document de 70 pages en format A4. Il propose, pour chacune des 4 entreprises analys\u00e9es, une fiche d'analyse d\u00e9taill\u00e9e de 10 \u00e0 13 pages comportant en premi\u00e8re partie plusieurs graphes et tableaux donnant la note attribu\u00e9e au rapport ainsi que son \u00e9volution par rapport \u00e0 la pr\u00e9c\u00e9dente \u00e9valuation et en deuxi\u00e8me partie, un commentaire structur\u00e9 selon les principales rubriques analys\u00e9es (emploi, \u00e9galit\u00e9 des chances, organisation du travail, r\u00e9mun\u00e9rations, hygi\u00e8ne, sant\u00e9, s\u00e9curit\u00e9 et bien-\u00eatre, formation, dialogue et relations internes, d\u00e9veloppement local, ma\u00eetrise des impacts sociaux sur la cha\u00eene de valeur, loyaut\u00e9 des pratiques, flux financiers et partage de la valeur, offre, exploitation, consommation des ressources et lutte contre le gaspillage, gestion des d\u00e9chets et des rejets, \u00e9missions de gaz \u00e0 effet de serre, apport et impact des biens et services, consommation d'\u00e9nergie, pr\u00e9servation et protection du vivant, opportunit\u00e9s, risques environnementaux et impacts financiers).\r\nL'\u00e9tude compare les niveaux de transparence des entreprises, fait ressortir ce qui est dit, les bonnes pratiques en mati\u00e8re de reporting, les impr\u00e9cisions et ce qui est pass\u00e9 sous silence, met en \u00e9vidence les strat\u00e9gies dominantes en mati\u00e8re de responsabilit\u00e9 d'entreprise. Elle offre \u00e9galement une synth\u00e8se g\u00e9n\u00e9rale mettant en perspective les tendances observ\u00e9es ainsi que des pr\u00e9conisations.\r\nRapports d'entreprises examin\u00e9s dans l'\u00e9tude : Bouygues, L'Or\u00e9al, Seb, Vinci.","authors":["Annabelle Chalufour","Wiam Hamia","Sophie Viguier-Vinson"],"category_codes":["4000000","4010000","4010200","4010208"],"visuals":{"large":"https:\/\/quaidesbrumes.com\/img\/book-placeholder.png","medium":"https:\/\/quaidesbrumes.com\/img\/book-placeholder.png","thumbnail":"https:\/\/quaidesbrumes.com\/img\/book-placeholder.png"},"orderable":true,"show_badge":true,"formatted_price":"291,00&nbsp;\u20ac","formatted_published_date":"1er d\u00e9cembre 2022","publisher_availability_label":"Sur commande","short_details":"Annabelle Chalufour, Wiam Hamia, Sophie Viguier-Vinson \u2014 Centre Francais D Information Sur Les Entreprises","translator":null,"weight":297,"page_count":70,"readership":null,"editor":"Centre Francais D Information Sur Les Entreprises","price":29100,"published_date":"2022-11-30T23:00:00.000000Z","support":"Grand format","publisher_availability":1,"stock":0,"editions":[],"url":"https:\/\/quaidesbrumes.com\/ouvrage\/9782954995274\/etude-2022-sur-linformation-sociale-et-environnementale-dans-les-rapports-annuels-des-entreprises"},{"id":"9782140317019","title":"Explicatur","description":"Rendre accessibles et digestes des concepts et des notions usit\u00e9s dans la rh\u00e9torique du d\u00e9veloppement durable : voil\u00e0 l'ambition de cet ouvrage. Parlons simple en nos langues pour mieux co-construire nos mod\u00e8les endog\u00e8nes de progr\u00e8s [...] L'Explicatur n'est pas un dictionnaire ou un outil p\u00e9dagogique formel. L'Explicatur fournit une explication la plus basique possible. Il se veut une ressource visant \u00e0 introduire vers la compr\u00e9hension premi\u00e8re ; encourageant ainsi \u00e0 approfondir la mani\u00e8re d'appr\u00e9hender une notion ou un concept donn\u00e9 d\u00e8s l'instant que je sais de quoi on parle, d\u00e8s l'instant que je parviens maintenant \u00e0 relever les nuances d'un concept par rapport \u00e0 un autre.Extrait de la pr\u00e9face de S\u00e9cou Sarr","authors":["Kaback O. Jean Correa"],"category_codes":["4000000","4010000","4010200","4010208"],"visuals":{"large":"https:\/\/images.epagine.fr\/019\/9782140317019_1_75.jpg","medium":"https:\/\/images.epagine.fr\/019\/9782140317019_1_m.jpg","thumbnail":"https:\/\/images.epagine.fr\/019\/9782140317019_1_v.jpg"},"orderable":true,"show_badge":true,"formatted_price":"12,50&nbsp;\u20ac","formatted_published_date":"7 d\u00e9cembre 2022","publisher_availability_label":"Sur commande","short_details":"Kaback O. Jean Correa \u2014 \u00c9ditions L'Harmattan","translator":null,"weight":145,"page_count":108,"readership":null,"editor":"\u00c9ditions L'Harmattan","price":1250,"published_date":"2022-12-06T23:00:00.000000Z","support":"Grand format","publisher_availability":1,"stock":0,"editions":[],"url":"https:\/\/quaidesbrumes.com\/ouvrage\/9782140317019\/explicatur"},{"id":"9781784059132","title":"Conservation de la biodiversit\u00e9 et \u00e9tat de r\u00e9f\u00e9rence : la nostalgie de la nature \u00e0 l'\u00e8re de l'anthropoc\u00e8ne","description":"L'\u00e8re de l'Anthropoc\u00e8ne est marqu\u00e9e par une pression humaine si forte qu'elle a conduit \u00e0 la sixi\u00e8me extinction de masse. La notion d'\u00e9tat de r\u00e9f\u00e9rence appliqu\u00e9e au domaine de la conservation de la biodiversit\u00e9 permet d'appr\u00e9hender la domination des humains sur Terre comme un processus de modification de nos paysages qui n'est ni lin\u00e9aire ni homog\u00e8ne.\r\n\r\nConservation de la biodiversit\u00e9 et \u00e9tat de r\u00e9f\u00e9rence s'articule autour de trois points cl\u00e9s. Il d\u00e9finit d'abord o\u00f9 et quand tout a \u00ab mal tourn\u00e9 \u00bb, r\u00e9fl\u00e9chit ensuite \u00e0 l'utilisation des \u00e9tats de r\u00e9f\u00e9rence pour \u00e9laborer des strat\u00e9gies de conservation et propose enfin des exemples d'application concr\u00e8te de la notion d'\u00e9tat de r\u00e9f\u00e9rence sur le littoral, la for\u00eat et les paysages agropastoraux.\r\n\r\nLa conservation de la biodiversit\u00e9 est aujourd'hui confront\u00e9e \u00e0 des choix n\u00e9cessaires : revenir \u00e0 des \u00e9tats moins modifi\u00e9s par les humains qu'aujourd'hui, mais dans un monde qui a beaucoup chang\u00e9 ; laisser la nature de demain s'exprimer l\u00e0 o\u00f9 elle le peut encore, mais sans aucune feuille de route ; ou encore construire des alternatives bas\u00e9es sur des projets territoriaux.","authors":["Simon Dufour","Laurent Godet","Anne-Julia Rollet"],"category_codes":["4000000","4010000","4010200"],"visuals":{"large":"https:\/\/images.epagine.fr\/132\/9781784059132_1_75.jpg","medium":"https:\/\/images.epagine.fr\/132\/9781784059132_1_m.jpg","thumbnail":"https:\/\/images.epagine.fr\/132\/9781784059132_1_v.jpg"},"orderable":true,"show_badge":true,"formatted_price":"97,06&nbsp;\u20ac","formatted_published_date":"20 janvier 2023","publisher_availability_label":"Sur commande","short_details":"Simon Dufour, Laurent Godet, Anne-Julia Rollet \u2014 Iste","translator":null,"weight":0,"page_count":302,"readership":null,"editor":"Iste","price":9706,"published_date":"2023-01-19T23:00:00.000000Z","support":"Grand format","publisher_availability":1,"stock":0,"editions":[],"url":"https:\/\/quaidesbrumes.com\/ouvrage\/9781784059132\/conservation-de-la-biodiversite-et-etat-de-reference-la-nostalgie-de-la-nature-a-lere-de-lanthropocene"},{"id":"9782322127962","title":"Manifeste d'\u00c9cologie Int\u00e9rieure : Un regard de nature sur l'exp\u00e9rience humaine.","description":"\u00c9cologie plan\u00e9taire, transition socio-\u00e9conomique et transformations personnelles. Qu'ont en commun ces trois th\u00e8mes, et pourquoi les aborder ensemble?\r\n\r\n\u00c0 la multitude des crises complexes qui secouent le 21\u00e8me si\u00e8cle, l'auteur oppose une unit\u00e9 de cause: le d\u00e9litement de notre relation \u00e0 la nature: sauvage mais aussi int\u00e9rieure.\r\n\r\nDans ce livre r\u00e9solument lumineux qui m\u00e8le vision inspirante, exp\u00e9riences personnelles et exercices pratiques, Damien Masselis propose aussi et surtout un rem\u00e8de: l'\u00c9cologie Int\u00e9rieure, afin de nous laisser p\u00e9n\u00e9trer et guider par les qualit\u00e9s ancestrales de diversit\u00e9, de coop\u00e9ration et d'abondance qui font fleurir le vivant... pour nous mettre au service de la r\u00e9g\u00e9n\u00e9ration. Celle de nos vies personnelles, mais aussi de nos soci\u00e9t\u00e9s et de la plan\u00e8te.\r\n\r\nEn adoptant un regard \u00e9cocentrique, vous d\u00e9velopperez dans ces pages un rapport diff\u00e9rent \u00e0 vous m\u00eame et au monde, et verrez se dessiner un nouveau r\u00e9cit des d\u00e9fis de notre \u00e9poque et du r\u00f4le que chacun de nous est appel\u00e9 \u00e0 jouer en tant qu'artisan de la renaissance culturelle.","authors":["Masselis Damien P."],"category_codes":["4000000","4010000","4010200"],"visuals":{"large":"https:\/\/images.epagine.fr\/962\/9782322127962_1_75.jpg","medium":"https:\/\/images.epagine.fr\/962\/9782322127962_1_m.jpg","thumbnail":"https:\/\/images.epagine.fr\/962\/9782322127962_1_v.jpg"},"orderable":true,"show_badge":true,"formatted_price":"20,00&nbsp;\u20ac","formatted_published_date":"15 mars 2023","publisher_availability_label":"Sur commande","short_details":"Masselis Damien P. \u2014 Books on Demand","translator":null,"weight":620,"page_count":356,"readership":null,"editor":"Books on Demand","price":2000,"published_date":"2023-03-14T23:00:00.000000Z","support":"Grand format","publisher_availability":1,"stock":0,"editions":[],"url":"https:\/\/quaidesbrumes.com\/ouvrage\/9782322127962\/manifeste-decologie-interieure-un-regard-de-nature-sur-lexperience-humaine"},{"id":"9782953857528","title":"Grotte de Clamouse : la vision d'un sp\u00e9l\u00e9ologue","description":"Lors de la d\u00e9couverte de la grotte de Clamouse par le Sp\u00e9l\u00e9o-club de Montpellier en 1947, certaines des formes extraordinaires qu'elle contient \u00e9taient inconnues en France.\r\nLa premi\u00e8re vision de cette grotte est donc esth\u00e9tique.\r\nLa comp\u00e9tence particuli\u00e8re du sp\u00e9l\u00e9ologue est de reconna\u00eetre les formes qu'il trouve dans une grotte, de les nommer, d'expliquer leur formation, de mettre cette formation en relation avec la g\u00e9ologie et la g\u00e9ographie de la r\u00e9gion : c'est donc en connaisseur qu'il admire les formes. Dans une grotte touristique, le guide transmet une partie de ce savoir.\r\nPour en comprendre davantage, il faut voir la grotte comme un sp\u00e9l\u00e9ologue !","authors":["Jacques Choppy"],"category_codes":["4000000","4010000","4010300","4010305"],"visuals":{"large":"https:\/\/images.epagine.fr\/528\/9782953857528_1_75.jpg","medium":"https:\/\/images.epagine.fr\/528\/9782953857528_1_m.jpg","thumbnail":"https:\/\/images.epagine.fr\/528\/9782953857528_1_v.jpg"},"orderable":true,"show_badge":true,"formatted_price":"20,00&nbsp;\u20ac","formatted_published_date":"1er janvier 2014","publisher_availability_label":"Sur commande","short_details":"Jacques Choppy \u2014 Bc","translator":null,"weight":140,"page_count":92,"readership":null,"editor":"Bc","price":2000,"published_date":"2013-12-31T23:00:00.000000Z","support":"Grand format","publisher_availability":1,"stock":0,"editions":[],"url":"https:\/\/quaidesbrumes.com\/ouvrage\/9782953857528\/grotte-de-clamouse-la-vision-dun-speleologue"},{"id":"9782828921064","title":"Sahara, planche de salut","description":"Un ouvrage r\u00e9volutionnaire et captivant qui nous offre une vision audacieuse pour reverdir le Sahara et lutter contre le changement climatique, gr\u00e2ce \u00e0 la pluie abondante qui se d\u00e9verse sur cette zone immense.\r\n\r\n\r\nIl pleut autant dans le Sahel qu'en \u00cele-de-France !\r\n\r\nTransformer le plus grand d\u00e9sert du monde en zone verte, en retenant cette pluie. Commencer par la bande sah\u00e9lienne. Cr\u00e9er le plus grand puits de carbone et la plus grande plateforme d'accueil pour ses propres habitants ainsi que pour les peuples d\u00e9plac\u00e9s, tel est le pari que nous devons prendre le plus t\u00f4t possible.\r\n\r\n \r\n\r\nIl n'y a pas de date \u00e0 partir de laquelle il sera trop tard pour r\u00e9agir. \u00c0 l'\u00e9vidence, le monde est d\u00e9j\u00e0 engag\u00e9 dans une profonde mutation climatique, g\u00e9opolitique et culturelle. Ce livre entend r\u00e9pondre \u00e0 une urgence : comment organiser le sauvetage ? Que faire maintenant, avec le plus d'efficacit\u00e9 possible ? Apparemment, certaines \u00e9vidences n'ont m\u00eame pas \u00e9t\u00e9 envisag\u00e9es !\r\n\r\n \r\n\r\nLa faisabilit\u00e9 de ce projet repose essentiellement sur la r\u00e9tention de l'eau de pluie qui, cela para\u00eet paradoxal, tombe en abondance sur la bande sah\u00e9lienne. Cette ligne de front remontera alors vers le nord, inexorablement. Mais l'\u00e9volution climatique nous aidera. C'est le second paradoxe.\r\n\r\n \r\n\r\nToutes les pand\u00e9mies, les guerres et les d\u00e9cadences qui d\u00e9ferlent sur nous ne doivent pas nous distraire de ce but concret, primordial, r\u00e9alisable et urgent : reverdir le Sahara.","authors":["Jean-Edouard Buchter"],"category_codes":["4000000","4010000","4010200","4010207"],"visuals":{"large":"https:\/\/images.epagine.fr\/064\/9782828921064_1_75.jpg","medium":"https:\/\/images.epagine.fr\/064\/9782828921064_1_m.jpg","thumbnail":"https:\/\/images.epagine.fr\/064\/9782828921064_1_v.jpg"},"orderable":true,"show_badge":true,"formatted_price":"9,00&nbsp;\u20ac","formatted_published_date":"17 ao\u00fbt 2023","publisher_availability_label":"Sur commande","short_details":"Jean-Edouard Buchter \u2014 Favre","translator":null,"weight":282,"page_count":128,"readership":null,"editor":"Favre","price":900,"published_date":"2023-08-16T22:00:00.000000Z","support":"Grand format","publisher_availability":1,"stock":0,"editions":[],"url":"https:\/\/quaidesbrumes.com\/ouvrage\/9782828921064\/sahara-planche-de-salut"},{"id":"9781419762024","title":"How to sew clothes : Learn with intuitive, super-hackable patterns","description":"BEGINNER''S GO-TO: More than 25,000 online followers rely on All Well''s simple, user-friendly advice, tutorials, and sewing instruction-whether it''s for learning the basics or sharpening their skills.FABULOUS, FLEXIBLE DESIGNS: Featured patterns suit a wide range of sizes, genders, skill levels, budgets, and time investment, and include thoughtful options, making each project feel satisfying and personal.SUSTAINABLE, NO-WASTE SEWING: Focuses on sewing using sustainable materials and intuitive, unfussy techniques.","authors":["Bornman Amy","Amelia Greenhall"],"category_codes":["4000000","4010000","4010300"],"visuals":{"large":"https:\/\/images.epagine.fr\/024\/9781419762024_1_75.jpg","medium":"https:\/\/images.epagine.fr\/024\/9781419762024_1_m.jpg","thumbnail":"https:\/\/images.epagine.fr\/024\/9781419762024_1_v.jpg"},"orderable":true,"show_badge":true,"formatted_price":"33,80&nbsp;\u20ac","formatted_published_date":"18 f\u00e9vrier 2023","publisher_availability_label":"Sur commande","short_details":"Bornman Amy, Amelia Greenhall \u2014 Abrams US","translator":null,"weight":1053,"page_count":208,"readership":null,"editor":"Abrams US","price":3380,"published_date":"2023-02-17T23:00:00.000000Z","support":"Grand format","publisher_availability":1,"stock":0,"editions":[],"url":"https:\/\/quaidesbrumes.com\/ouvrage\/9781419762024\/how-to-sew-clothes-learn-with-intuitive-super-hackable-patterns"}]}