{"data":[{"id":"9782856539750","title":"Boraginales, olacaceae and allies, apiaceae : flore de Madagascar et des Comores","description":"Madagascar, the red Island, hosts a distinctive and highly diverse flora estimated to comprise about 14,000 species of vascular plants, about 83 % of which are endemic. Endemism is also significant among genera, and the island also has 5 endemic families of angiosperms. This exceptional diversity results mainly from the wide array of eco-geographic conditions reflecting the island's range of substrates, elevations, and bioclimates.The estimated number of species in the Malagasy flora is increasing year after year, thanks to ongoing collecting efforts in the field and research leading to the description of new species. Taxonomic treatments like those presented here provide a significant contribution to our understand of Madagascar immense plant diversity and document the need for its urgent and effective conservation.The present volume includes taxonomic revisions of 3 groups of Angiosperms. Within the order Boraginales, the circumscription of families has been extensively. 5 of the 11 families currently recognized occur on Madagascar, and are treated in the first part of the volume : Boraginaceae, Coldeniaceae, Cordiaceae, Ehretiaceae,  and Heliotropiaceae. Significant changes have also impacted the classification of the family Olacaceae since it was first treated in Flora of Madagascar and the Comoro Islands in 1955. The previously recognized order Olacales has been merged into the Santalales, and Olacaceae were divided into 8 monophyletic families, 3 of which occur on Madagascar and are treated in the second chapter. The 3rd contribution to this volume deals with Apiaceae, where only a few changes have occurred. The treatment of the 15 genera present on Madagascar is complemented with an overview of the cultivated members of the family present on the island.In keeping with the revised format of the Faune et flore tropicales collection, this volume includes, for each of the 3 chapters, a general overview of the families followed by detailed descriptions of the species, comprising accurate and up-to-date taxonomic and nomenclatural information, and line drawings for nearly all species along with many photographs; identification keys are provided in English and in French, and a distribution map is given for each species separately; preliminary risk of extinction assessments are also provided based on the UICN Red List requirements.\r","authors":["Ian c. Hedge","Valery Malecot","James s. Miller","Zachary s. Rogers","Fatima Sales"],"category_codes":["4000000","4010000","4010400"],"visuals":{"large":"https:\/\/images.epagine.fr\/750\/9782856539750_1_75.jpg","medium":"https:\/\/images.epagine.fr\/750\/9782856539750_1_m.jpg","thumbnail":"https:\/\/images.epagine.fr\/750\/9782856539750_1_v.jpg"},"orderable":true,"show_badge":true,"formatted_price":"45,00&nbsp;\u20ac","formatted_published_date":"23 d\u00e9cembre 2021","publisher_availability_label":"Sur commande","short_details":"Ian c. Hedge, Valery Malecot, James s. Miller, Zachary s. Rogers, Fatima Sales \u2014 Museum National D'Histoire Naturelle","translator":null,"weight":1000,"page_count":448,"readership":null,"editor":"Museum National D'Histoire Naturelle","price":4500,"published_date":"2021-12-22T23:00:00.000000Z","support":"Grand format","publisher_availability":1,"stock":0,"editions":[],"url":"https:\/\/quaidesbrumes.com\/ouvrage\/9782856539750\/boraginales-olacaceae-and-allies-apiaceae-flore-de-madagascar-et-des-comores"},{"id":"9781784058364","title":"\u00e9rosion de la biodiversit\u00e9","description":"L'\u00e9rosion de la biodiversit\u00e9 est actuellement tr\u00e8s m\u00e9diatis\u00e9e. Les mouvements militants accusent les hommes de d\u00e9truire la nature et d'\u00eatre responsables d'une sixi\u00e8me extinction de masse. Or, cette communication est parfois bas\u00e9e sur des amalgames, des id\u00e9es trop partisanes, ainsi que sur des relais m\u00e9diatiques qui privil\u00e9gient et amplifient les informations alarmistes. Si la situation de certaines populations est pr\u00e9occupante, ce n'est pas un ph\u00e9nom\u00e8ne g\u00e9n\u00e9ral car d'autres sont en expansion. Il s'agit donc de recontextualiser et de relativiser le d\u00e9bat pour mieux d\u00e9finir les actions n\u00e9cessaires.\r\n\r\n\u00c9rosion de la biodiversit\u00e9 analyse de nombreuses publications scientifiques ainsi que les discours anxiog\u00e8nes, mettant l'accent sur les multiples biais dans le traitement de l'information. Cet ouvrage s'interroge sur la pertinence de la notion d'esp\u00e8ce et sur l'ambition de dresser l'inventaire du vivant. Il plaide pour une approche moins manich\u00e9enne de nos rapports \u00e0 la nature.\r","authors":["Christian L\u00e9v\u00eaque"],"category_codes":["4000000","4010000","4010200"],"visuals":{"large":"https:\/\/images.epagine.fr\/364\/9781784058364_1_75.jpg","medium":"https:\/\/images.epagine.fr\/364\/9781784058364_1_m.jpg","thumbnail":"https:\/\/images.epagine.fr\/364\/9781784058364_1_v.jpg"},"orderable":true,"show_badge":true,"formatted_price":"63,30&nbsp;\u20ac","formatted_published_date":"1er f\u00e9vrier 2022","publisher_availability_label":"Sur commande","short_details":"Christian L\u00e9v\u00eaque \u2014 Iste","translator":null,"weight":0,"page_count":272,"readership":null,"editor":"Iste","price":6330,"published_date":"2022-01-31T23:00:00.000000Z","support":"Grand format","publisher_availability":1,"stock":0,"editions":[],"url":"https:\/\/quaidesbrumes.com\/ouvrage\/9781784058364\/erosion-de-la-biodiversite"},{"id":"9782914417426","title":"Solange cheuvreux, une vie de passions -  maintenir","description":null,"authors":["Diane de Saint-marc"],"category_codes":["4000000","4010000","4010500","4010502"],"visuals":{"large":"https:\/\/images.epagine.fr\/426\/9782914417426_1_75.jpg","medium":"https:\/\/images.epagine.fr\/426\/9782914417426_1_m.jpg","thumbnail":"https:\/\/images.epagine.fr\/426\/9782914417426_1_v.jpg"},"orderable":true,"show_badge":true,"formatted_price":"15,00&nbsp;\u20ac","formatted_published_date":"1er janvier 2012","publisher_availability_label":"Sur commande","short_details":"Diane de Saint-marc \u2014 Herissey","translator":null,"weight":300,"page_count":null,"readership":null,"editor":"Herissey","price":1500,"published_date":"2011-12-31T23:00:00.000000Z","support":"Grand format","publisher_availability":1,"stock":0,"editions":[],"url":"https:\/\/quaidesbrumes.com\/ouvrage\/9782914417426\/solange-cheuvreux-une-vie-de-passions-maintenir"},{"id":"9782759235056","title":"Feux de v\u00e9g\u00e9tation : comprendre leur diversit\u00e9 et leur \u00e9volution","description":"Chaque ann\u00e9e br\u00fble dans le monde une surface de for\u00eats et de v\u00e9g\u00e9tation naturelle \u00e9quivalente \u00e0 celle de l'Europe. Le climat, les activit\u00e9s humaines et la v\u00e9g\u00e9tation sont les trois grands facteurs qui contr\u00f4lent les feux et en modifient parfois le comportement, voire la dangerosit\u00e9. Aussi le danger s'accro\u00eet-il dans certains \"points chauds\" du globe o\u00f9 se concentrent la plupart des incendies, notamment avec le d\u00e9veloppement de m\u00e9ga-feux. Cependant, l'histoire mill\u00e9naire des incendies dans le monde nous apprend que le feu constitue un processus naturel indispensable au maintien de beaucoup d'\u00e9cosyst\u00e8mes et d'esp\u00e8ces. Dans de nombreux pays, c'est aussi un alli\u00e9 pour cultiver la terre. Les effets des feux peuvent donc \u00eatre dramatiques, mais aussi b\u00e9n\u00e9fiques.\r\n\r\nPeu d'ouvrages existent sur les incendies \u00e0 l'\u00e9chelle globale. S'adressant aux d\u00e9cideurs autant qu'\u00e0 un plus large public, ce livre illustr\u00e9 de nombreux exemples est une synth\u00e8se des connaissances actuelles sur l'\u00e9cologie du feu et sa g\u00e9ographie. Il sugg\u00e8re qu'il est possible de cohabiter durablement avec le feu \u00e0 condition de s'adapter et de g\u00e9rer intelligemment les paysages, afin de diminuer le risque incendie tout en pr\u00e9servant la biodiversit\u00e9.","authors":["Renaud Barbero","Thomas Curt","Jean-Luc Dupuy","Christelle Hely","Florent Mouillot","Julien Ruffault"],"category_codes":["4000000","4010000","4010200","4010207"],"visuals":{"large":"https:\/\/images.epagine.fr\/056\/9782759235056_1_75.jpg","medium":"https:\/\/images.epagine.fr\/056\/9782759235056_1_m.jpg","thumbnail":"https:\/\/images.epagine.fr\/056\/9782759235056_1_v.jpg"},"orderable":true,"show_badge":true,"formatted_price":"17,00&nbsp;\u20ac","formatted_published_date":"22 septembre 2022","publisher_availability_label":"Sur commande","short_details":"Renaud Barbero, Thomas Curt, Jean-Luc Dupuy, Christelle Hely, Florent Mouillot, Julien Ruffault \u2014 Qu\u00e6","translator":null,"weight":204,"page_count":126,"readership":null,"editor":"Qu\u00e6","price":1700,"published_date":"2022-09-21T22:00:00.000000Z","support":"Grand format","publisher_availability":1,"stock":0,"editions":[],"url":"https:\/\/quaidesbrumes.com\/ouvrage\/9782759235056\/feux-de-vegetation-comprendre-leur-diversite-et-leur-evolution"},{"id":"9782322392612","title":"Die Intelligenz hinter der Natur : Bewusstsein manifestiert sich","description":"Die Intelligenz hinter der Natur erforscht die bewusste Intelligenz die durch die Natur wirkt, durch jeden Baum, jedes Flusssystem und jede Blume. Daniel Perret bringt Beispiele f\u00fcr die Arbeit der Naturgeister, wie sie organisiert sind, wie komplex die Natur ist und wie sie den \u00dcbergang von nicht-physischer Energie\/ Bewusstsein zu physischer Manifestation bew\u00e4ltigt. Es ist bezeich- nend f\u00fcr uns 'zivilisierte Menschen' dass wir uns mit der Natur aus einer rein anthropozentrischen Sichtweise heraus besch\u00e4ftigen, auch wenn dies in der \u00d6kologiebewegung und den Initiativen f\u00fcr die Rechte der Natur als okozentrisch bezeichnet wird. Es wird davon ausgegangen, dass es in der Natur keine Intelligenten Kommunikationspartner gibt, die ihre eigenen Standpunkte zum Ausdruck bringen konnen.\r\nDer Bewusstseinswandel, der sich mit der Newtonschen Wissenschaft im 17. Jahrhundert vollzog, die bewusste Intelligenz der Natur abspaltete und damit ignorierte, hat unser gesamtes Ungleichgewicht und unsere Entfremdung gegen\u00fcber der Natur und dem Leben geschaffen.\r\n\r\nNeuere philospphische Entdeckungen best\u00e4tigen, dass das Bewusstsein auf Gef\u00fchlen beruht und kein Gehirn braucht, um zu funktionieren. Die Quantenfeldtheorie und die Energiewissen-schaft n\u00e4hern sich einander moglicherweise im Verst\u00e4ndnis der Funktions-weise von Energieschichten und ihrer Umwandlung in Materie, wobei die eine aus der Quantenphysik und die andere aus der Geistheilung stammt. \r\n\r\nDie Kommunikation mit moglichen bewussten Wesen in der Natur muss einige grundlegende Kriterien erf\u00fcllen, insbesondere wenn es darum geht, zu beurteilen, ob sie zu politischen oder recht-lichen Entscheidungen beitragen konnen. Ein k\u00fcrzlich gef\u00fchrtes Interview mit dem Loire-Elementar kann eine Vorstellung davon vermitteln, wie n\u00fctzlich eine solche Zusammenarbeit sein konnte.\r","authors":["Daniel Perret"],"category_codes":["4000000","4010000","4010200"],"visuals":{"large":"https:\/\/images.epagine.fr\/612\/9782322392612_1_75.jpg","medium":"https:\/\/images.epagine.fr\/612\/9782322392612_1_m.jpg","thumbnail":"https:\/\/images.epagine.fr\/612\/9782322392612_1_v.jpg"},"orderable":true,"show_badge":true,"formatted_price":"20,00&nbsp;\u20ac","formatted_published_date":"2 mars 2022","publisher_availability_label":"Sur commande","short_details":"Daniel Perret \u2014 Books on Demand","translator":null,"weight":253,"page_count":168,"readership":null,"editor":"Books on Demand","price":2000,"published_date":"2022-03-01T23:00:00.000000Z","support":"Grand format","publisher_availability":1,"stock":0,"editions":[],"url":"https:\/\/quaidesbrumes.com\/ouvrage\/9782322392612\/die-intelligenz-hinter-der-natur-bewusstsein-manifestiert-sich"},{"id":"9780691204741","title":"Britain's spiders : a field guide","description":"A comprehensively updated edition of an identification guide that was named a Guardian Best Nature Book of the Year Now in a comprehensively revised and updated new edition, Britain's Spiders is a guide to all 38 of the British families, focussing on spiders that can be identified in the field. Illustrated with a remarkable collection of photographs, it is designed to be accessible to a wide audience, including those new to spider identification. This book pushes the boundaries of field identification for this challenging group, combining information on features that can be seen with the naked eye or a hand lens with additional evidence from webs, egg sacs, behaviour, phenology, habitats and distributions. Individual accounts cover 404 species-all of Britain's \"macro\" spiders and the larger money spiders, with the limitations to field identification clearly explained. This new edition includes nine species new to Britain, many recent name changes, updated distribution maps and species information, new guides to help identify spider families and distinctive species, and the latest species checklist. A guide to spider families, based on features recognizable in the field, focussing on body shape and other characteristics, as well as separate guides to webs and egg-sacs Detailed accounts and more than 700 stunning photographs highlight key identification features for each genus and species, and include information on status, behaviour and habitats Up-to-date distribution maps, and charts showing adult seasonality Introductory chapters on the biology of spiders, and where, when and how to find them, including equipment needed in the field A complete list of the spiders recorded in Britain, indicating the ease of identification as well as rarity and conservation status Information on how to record spiders and make your records count, and guidance on how to take your interest further New to this edition: coverage of nine species new to Britain, updated species information and distribution maps, identification guides to spider families and distinctive species, and the latest species checklist.","authors":["Lawrence Bee","Geoff Oxford","Helen Smith"],"category_codes":["4000000","4010000","4010300"],"visuals":{"large":"https:\/\/images.epagine.fr\/741\/9780691204741_1_75.jpg","medium":"https:\/\/images.epagine.fr\/741\/9780691204741_1_m.jpg","thumbnail":"https:\/\/images.epagine.fr\/741\/9780691204741_1_v.jpg"},"orderable":true,"show_badge":true,"formatted_price":"33,80&nbsp;\u20ac","formatted_published_date":"3 novembre 2020","publisher_availability_label":"Sur commande","short_details":"Lawrence Bee, Geoff Oxford, Helen Smith \u2014 Princeton University Press","translator":null,"weight":1117,"page_count":496,"readership":null,"editor":"Princeton University Press","price":3380,"published_date":"2020-11-02T23:00:00.000000Z","support":"Grand format","publisher_availability":1,"stock":0,"editions":[],"url":"https:\/\/quaidesbrumes.com\/ouvrage\/9780691204741\/britains-spiders-a-field-guide"},{"id":"9782750017217","title":"13 affiches : plan\u00e8te mon amour","description":"Les objets produits par la technique ne sont pas neutres, parce qu'ils cr\u00e9ent un cadre de vie qui finit par conditionner les styles de vie, et orientent les possibilit\u00e9s sociales dans la ligne des int\u00e9r\u00eats des groupes de pouvoir.\r\n\r\nLes rythmes de consommation, de gaspillage et de d\u00e9t\u00e9rioration de l'environnement ont d\u00e9pass\u00e9 les possibilit\u00e9s de la plan\u00e8te.\r\n\r\nL'accumulation de nouveaut\u00e9s continuelles consacre une fugacit\u00e9 qui nous m\u00e8ne dans une seule direction, \u00e0 la surface des choses.\r\nNe nous r\u00e9signons pas \u00e0 cela. Autrement nous aurions besoin de toujours plus de succ\u00e9dan\u00e9s pour supporter le vide.\r\n\r\nFr\u00e8re FRAN\u00c7OIS, pape\r\n(2015)","authors":["Roger Robinot"],"category_codes":["4000000","4010000","4010200","4010204"],"visuals":{"large":"https:\/\/images.epagine.fr\/217\/9782750017217_1_75.jpg","medium":"https:\/\/images.epagine.fr\/217\/9782750017217_1_m.jpg","thumbnail":"https:\/\/images.epagine.fr\/217\/9782750017217_1_v.jpg"},"orderable":true,"show_badge":true,"formatted_price":"10,00&nbsp;\u20ac","formatted_published_date":"6 janvier 2022","publisher_availability_label":"Sur commande","short_details":"Roger Robinot \u2014 La Bruyere","translator":null,"weight":146,"page_count":32,"readership":null,"editor":"La Bruyere","price":1000,"published_date":"2022-01-05T23:00:00.000000Z","support":"Grand format","publisher_availability":1,"stock":0,"editions":[],"url":"https:\/\/quaidesbrumes.com\/ouvrage\/9782750017217\/13-affiches-planete-mon-amour"},{"id":"9782367344270","title":"The giant clam : a priceless emblem of the Pacific","description":"Emblematic and mysterious, the giant clam has always inspired the curiosity of peoples ever since the first humans settled on the tropical shores of the Pacific and Indian oceans. A representation of the sacred or of power, but also, of course, a major food resource for many island communities, the giant clam is a token of influence in the culture of the peoples of the Pacific, a matrix for making tools, a currency!\r\n\r\nApart from its beauty and its role in art or beliefs, which have inspired human beings over the centuries, this group of species now interests the world of science in many of its aspects, whether in biology, ecology or its place in society: the giant clam still has a wealth of surprises in store. It is well worth being brought under the spotlights.\r\n\r\nThe aim of the present work is precisely to describe the specificities of this outstanding group of species, and the broad range of issues that must be taken into account to ensure its conservation.\r\n\r\nWe hope that once you have come to the end of these pages, which celebrate the giant clam in all its aspects, you will be convinced, as we are, that it is indeed... \u00ab a priceless emblem of the Pacific! \u00bb\r","authors":["Jean-claude Gaertner","Nabila Gaertner-mazouni"],"category_codes":["4000000","4010000","4010300","4010304"],"visuals":{"large":"https:\/\/images.epagine.fr\/270\/9782367344270_1_75.jpg","medium":"https:\/\/images.epagine.fr\/270\/9782367344270_1_m.jpg","thumbnail":"https:\/\/images.epagine.fr\/270\/9782367344270_1_v.jpg"},"orderable":true,"show_badge":true,"formatted_price":"25,00&nbsp;\u20ac","formatted_published_date":"7 avril 2022","publisher_availability_label":"Sur commande","short_details":"Jean-claude Gaertner, Nabila Gaertner-mazouni \u2014 Au vent des \u00eeles","translator":null,"weight":788,"page_count":112,"readership":null,"editor":"Au vent des \u00eeles","price":2500,"published_date":"2022-04-06T22:00:00.000000Z","support":"Grand format","publisher_availability":1,"stock":0,"editions":[],"url":"https:\/\/quaidesbrumes.com\/ouvrage\/9782367344270\/the-giant-clam-a-priceless-emblem-of-the-pacific"},{"id":"9781789480726","title":"Les cons\u00e9quences \u00e9cologiques et soci\u00e9tales de la perte de biodiversit\u00e9","description":"Au cours des 25 derni\u00e8res ann\u00e9es, l'id\u00e9e que les changements de biodiversit\u00e9 peuvent influencer le fonctionnement des \u00e9cosyst\u00e8mes a \u00e9volu\u00e9 d'une notion controvers\u00e9e \u00e0 un concept pleinement accept\u00e9 par les communaut\u00e9s scientifique et politique. Alors que ce domaine scientifique atteint sa maturit\u00e9, il est temps d'\u00e9valuer les avanc\u00e9es r\u00e9alis\u00e9es, d'explorer les liens entre ce nouveau domaine de recherche et les concepts \u00e9cologiques fondamentaux, et d'envisager la mise en oeuvre de ces connaissances.Cet ouvrage pr\u00e9sente une vue d'ensemble actualis\u00e9e des recherches dans ce domaine. Il se veut un v\u00e9ritable manuel pour tous ceux qui s'int\u00e9ressent \u00e0 la relation entre la biodiversit\u00e9 et le fonctionnement, la stabilit\u00e9 et les services des \u00e9cosyst\u00e8mes.Les cons\u00e9quences \u00e9cologiques et soci\u00e9tales de la perte de biodiversit\u00e9 s'adresse \u00e0 un large public, depuis des \u00e9tudiants de deuxi\u00e8me et troisi\u00e8me cycle jusqu'aux universitaires et chercheurs confirm\u00e9s.","authors":["Andy Hector","Forest Isbell","Michel Loreau"],"category_codes":["4000000","4010000","4010200","4010204"],"visuals":{"large":"https:\/\/images.epagine.fr\/726\/9781789480726_1_75.jpg","medium":"https:\/\/images.epagine.fr\/726\/9781789480726_1_m.jpg","thumbnail":"https:\/\/images.epagine.fr\/726\/9781789480726_1_v.jpg"},"orderable":true,"show_badge":true,"formatted_price":"133,98&nbsp;\u20ac","formatted_published_date":"1er mai 2024","publisher_availability_label":"Sur commande","short_details":"Andy Hector, Forest Isbell, Michel Loreau \u2014 Iste","translator":null,"weight":0,"page_count":398,"readership":null,"editor":"Iste","price":13398,"published_date":"2024-04-30T22:00:00.000000Z","support":"Grand format","publisher_availability":1,"stock":0,"editions":[],"url":"https:\/\/quaidesbrumes.com\/ouvrage\/9781789480726\/les-consequences-ecologiques-et-societales-de-la-perte-de-biodiversite"},{"id":"9781789481020","title":"Mod\u00e9lisation de la pollution atmosph\u00e9rique r\u00e9gionale","description":"Si l'\u00e9tude des probl\u00e8mes de pollution atmosph\u00e9rique est d\u00e9j\u00e0 ancienne, la prise de conscience de l'impact de l'humain sur la d\u00e9gradation de son propre environnement est r\u00e9cente. Que ces impacts soient directs et rapides, ou lents et indirects, le d\u00e9veloppement d'un mod\u00e8le de chimie-transport peut apporter des r\u00e9ponses \u00e0 des questions telles que : quels sont les impacts des polluants sur la sant\u00e9 ? Quel est l'impact de la pollution sur le climat ?Mod\u00e9lisation de la pollution atmosph\u00e9rique r\u00e9gionale reprend les diff\u00e9rents principes de base et les \u00e9tapes de la mod\u00e9lisation : d\u00e9finition, observations, outils, approches, techniques num\u00e9riques sont ainsi pr\u00e9sent\u00e9s. La mod\u00e9lisation \u00e9tant une simplification de la r\u00e9alit\u00e9 dans un cadre d'\u00e9tude particulier, on cherchera \u00e0 montrer si les processus \u00e0 repr\u00e9senter, comme les \u00e9missions, la chimie ou les d\u00e9p\u00f4ts, sont bien mod\u00e9lis\u00e9s. Pour chaque processus, l'ouvrage pr\u00e9sente les hypoth\u00e8ses simplificatrices qui ont \u00e9t\u00e9 faites, \u00e9tudie les voies d'am\u00e9lioration possibles et examine l'impact de ces simplifications sur les r\u00e9sultats recherch\u00e9s.","authors":["Laurent Menut"],"category_codes":["4000000","4010000","4010200","4010204"],"visuals":{"large":"https:\/\/images.epagine.fr\/020\/9781789481020_1_75.jpg","medium":"https:\/\/images.epagine.fr\/020\/9781789481020_1_m.jpg","thumbnail":"https:\/\/images.epagine.fr\/020\/9781789481020_1_v.jpg"},"orderable":true,"show_badge":true,"formatted_price":"133,98&nbsp;\u20ac","formatted_published_date":"1er mai 2024","publisher_availability_label":"Sur commande","short_details":"Laurent Menut \u2014 Iste","translator":null,"weight":0,"page_count":258,"readership":null,"editor":"Iste","price":13398,"published_date":"2024-04-30T22:00:00.000000Z","support":"Grand format","publisher_availability":1,"stock":0,"editions":[],"url":"https:\/\/quaidesbrumes.com\/ouvrage\/9781789481020\/modelisation-de-la-pollution-atmospherique-regionale"},{"id":"9782874897207","title":"In het land van de bronnen","description":"Een ontdekkingsreis naar de herkomst van het water van Spa om een uitzonderlijke natuurlijke omgeving te ontdekken, dat is het prachtige programma dat wordt aangeboden door Virginie Hess, journaliste en natuur verhalenvertelster, wiens po\u00ebzie de reis tot leven brengt op deze pagina's, en Thomas Meunier, gespecialiseerd in natuur- en dierenfotografie. Die twee enthousiastelingen zijn het veld ingegaan en nemen ons mee langs de meanders van het Land van de Bronnen, en nodigen ons uit het door hun ogen te verkennen. In haar reisverslag neemt de journaliste ons mee naar de ontmoetingen met de mensen die zich inzetten voor het behoud van de biotoop, of het nu hydrogeologen, boswachters of leden van Spa Monopole zijn, maar ook de fabelachtige planten- en diersoorten van de streek. Door dit prachtig gedocumenteerde en rijk ge\u00efllustreerde boek te bestuderen, zal je de positieve ingrepen van de mens op de natuur en de waarde van milieubescherming voor de kwaliteit van het water begrijpen, alsook hoe dat een positief gevolg heeft op de wilde natuur. Van planten tot venen, van libellen tot dassen, je krijgt de gelegenheid om de grote verscheidenheid van dit gebied te bewonderen waarvan de biodiversiteit niet alleen bewaard is gebleven, maar in de loop der jaren zelfs verrijkt werd.","authors":["Virginie Hess","Thomas Meunier"],"category_codes":["4000000","4010000"],"visuals":{"large":"https:\/\/images.epagine.fr\/207\/9782874897207_1_75.jpg","medium":"https:\/\/images.epagine.fr\/207\/9782874897207_1_m.jpg","thumbnail":"https:\/\/images.epagine.fr\/207\/9782874897207_1_v.jpg"},"orderable":true,"show_badge":true,"formatted_price":"30,00&nbsp;\u20ac","formatted_published_date":"20 septembre 2022","publisher_availability_label":"Sur commande","short_details":"Virginie Hess, Thomas Meunier \u2014 Weyrich","translator":null,"weight":601,"page_count":128,"readership":null,"editor":"Weyrich","price":3000,"published_date":"2022-09-19T22:00:00.000000Z","support":"Grand format","publisher_availability":1,"stock":0,"editions":[],"url":"https:\/\/quaidesbrumes.com\/ouvrage\/9782874897207\/in-het-land-van-de-bronnen"},{"id":"9782322406685","title":"Tribulations d'un \u00e9cologue : r\u00e9cits de voyage","description":"Une d\u00e9ferlante d'\u00e9l\u00e9phants affol\u00e9s, une s\u00e9pulture oubli\u00e9e dans une for\u00eat de pierres, des saigneurs de laque pour sauveurs, une vall\u00e9e oubli\u00e9e des Pamirs himalayens...\r\nAutant d'aventures v\u00e9cues par un \u00e9cologue au cours de quarante ann\u00e9es de travail de terrain.\r\nDes aventures qu'on oublie pas...\r\nToutes avec pour d\u00e9cor des \"points chauds\" de biodiversit\u00e9 r\u00e9partis aux quatre coins du monde : Afrique, Madagascar, Chine, Asie centrale...\r\nToutes ayant pouss\u00e9 sur le terreau de l'\u00e9cologie.","authors":["Bernard Bousquet"],"category_codes":["4000000","4010000","4010200"],"visuals":{"large":"https:\/\/images.epagine.fr\/685\/9782322406685_1_75.jpg","medium":"https:\/\/images.epagine.fr\/685\/9782322406685_1_m.jpg","thumbnail":"https:\/\/images.epagine.fr\/685\/9782322406685_1_v.jpg"},"orderable":true,"show_badge":true,"formatted_price":"15,00&nbsp;\u20ac","formatted_published_date":"18 avril 2022","publisher_availability_label":"Sur commande","short_details":"Bernard Bousquet \u2014 Books on Demand","translator":null,"weight":595,"page_count":442,"readership":null,"editor":"Books on Demand","price":1500,"published_date":"2022-04-17T22:00:00.000000Z","support":"Grand format","publisher_availability":1,"stock":0,"editions":[],"url":"https:\/\/quaidesbrumes.com\/ouvrage\/9782322406685\/tribulations-dun-ecologue-recits-de-voyage"},{"id":"9782080281487","title":"For planet, people &profit : an insect farmer's manifesto","description":"En 2011, Antoine Hubert created a new sector to help feed the nine billion people who will inhabit the planet in 2050: insect farming. Ten years later, \u0178nsect, the leading producer of mealworms, presents both an ecologically sustainable and economically profitable balance sheet. Driven by strong ecological and social convictions, without naive idealism nor taboos, Antoine Hubert proposes a business model that reconciles economics and the preservation of the planet by putting technology at the service of nature. Yes, it is possible to reconcile respect for the environment and agrotechnology. \u0178nsect is proof of this.","authors":["Antoine Hubert"],"category_codes":["4000000","4010000","4010200","4010204"],"visuals":{"large":"https:\/\/images.epagine.fr\/487\/9782080281487_1_75.jpg","medium":"https:\/\/images.epagine.fr\/487\/9782080281487_1_m.jpg","thumbnail":"https:\/\/images.epagine.fr\/487\/9782080281487_1_v.jpg"},"orderable":true,"show_badge":true,"formatted_price":"17,50&nbsp;\u20ac","formatted_published_date":"2 mai 2022","publisher_availability_label":"Sur commande","short_details":"Antoine Hubert \u2014 Autrement","translator":null,"weight":401,"page_count":144,"readership":null,"editor":"Autrement","price":1750,"published_date":"2022-05-01T22:00:00.000000Z","support":"Grand format","publisher_availability":1,"stock":0,"editions":[],"url":"https:\/\/quaidesbrumes.com\/ouvrage\/9782080281487\/for-planet-people-profit-an-insect-farmers-manifesto"},{"id":"9782384541898","title":"Mobilit\u00e9s : changer de mod\u00e8le ; \"solutions pour des d\u00e9placements bas carbone et \u00e9quitables\"","description":"Les mobilit\u00e9s sont l'un des premiers facteurs d'\u00e9missions de gaz \u00e0 e?et de serre en France. La crise des Gilets jaunes a cependant montr\u00e9 que d\u00e9carboner les mobilit\u00e9s n\u00e9cessite de prendre en compte les di?\u00e9rences de situations. Quels sont les enjeux territoriaux et sociaux des mobilit\u00e9s ? Comment d\u00e9carboner les d\u00e9placements de mani\u00e8re \u00e9quitable ? Combien cela co\u00fbtera-t-il et qui paiera ? Comment compenser pour les plus fragiles ? Quels impacts sur la gouvernance publique ? Telles sont les questions auxquelles ce livre essaie de r\u00e9pondre en analysant pr\u00e9cis\u00e9ment les enjeux et en d\u00e9construisant les simplismes en vogue. Parvenir \u00e0 une neutralit\u00e9 carbone est un challenge immense. Les solutions existent et n\u00e9cessitent plus de coh\u00e9sion sociale et territoriale. La crise climatique pourrait ainsi aider la soci\u00e9t\u00e9 fran\u00e7aise \u00e0 se retrouver un destin commun.","authors":["Jean Coldefy"],"category_codes":["4000000","4010000","4010200","4010208"],"visuals":{"large":"https:\/\/images.epagine.fr\/898\/9782384541898_1_75.jpg","medium":"https:\/\/images.epagine.fr\/898\/9782384541898_1_m.jpg","thumbnail":"https:\/\/images.epagine.fr\/898\/9782384541898_1_v.jpg"},"orderable":true,"show_badge":true,"formatted_price":"20,00&nbsp;\u20ac","formatted_published_date":"25 avril 2022","publisher_availability_label":"Sur commande","short_details":"Jean Coldefy \u2014 Publishroom Factory","translator":null,"weight":420,"page_count":244,"readership":null,"editor":"Publishroom Factory","price":2000,"published_date":"2022-04-24T22:00:00.000000Z","support":"Grand format","publisher_availability":1,"stock":0,"editions":[],"url":"https:\/\/quaidesbrumes.com\/ouvrage\/9782384541898\/mobilites-changer-de-modele-solutions-pour-des-deplacements-bas-carbone-et-equitables"},{"id":"9782955041765","title":"Le livre des arbres - initiation a la sagesse ancestrale","description":"LE LIVRE DES ARBRES est un guide pratique et philosophique pour restaurer l'alliance des Arbres et des Hommes et b\u00e2tir le Monde de Demain : la Sylvilisation.Car l'Homme de demain est celui qui communique avec la nature.","authors":["Claude Lefebvre"],"category_codes":["4000000","4010000","4010200"],"visuals":{"large":"https:\/\/quaidesbrumes.com\/img\/book-placeholder.png","medium":"https:\/\/quaidesbrumes.com\/img\/book-placeholder.png","thumbnail":"https:\/\/quaidesbrumes.com\/img\/book-placeholder.png"},"orderable":true,"show_badge":true,"formatted_price":"25,00&nbsp;\u20ac","formatted_published_date":"23 juin 2022","publisher_availability_label":"Sur commande","short_details":"Claude Lefebvre \u2014 Sciences Et Tradition","translator":null,"weight":350,"page_count":null,"readership":null,"editor":"Sciences Et Tradition","price":2500,"published_date":"2022-06-22T22:00:00.000000Z","support":"Grand format","publisher_availability":1,"stock":0,"editions":[],"url":"https:\/\/quaidesbrumes.com\/ouvrage\/9782955041765\/le-livre-des-arbres-initiation-a-la-sagesse-ancestrale"},{"id":"9791094283332","title":"L'ADN : Manifeste pour une \u00e9cologie culturelle","description":"C'est le paradoxe du si\u00e8cle: nous savons que la catastrophe \u00e9cologique est l\u00e0, mais il ne se passe... pas grand-chose! L'\u00c9cologie culturelle propose une voie in\u00e9dite pour d\u00e9passer ce paradoxe et s'approprier l'\u00e9cologie au travers de la culture, ciment de la soci\u00e9t\u00e9. L'\u00c9cologie culturelle vise \u00e0 d\u00e9passer la peur du changement, \u00e0 situer l'\u00e9cologie dans une continuit\u00e9 et non dans une rupture anxiog\u00e8ne. Car l'\u00e9cologie sera culturelle ou elle ne sera pas.\r\n L'\u00e9cologie fut la grande absente de cette \u00e9lection pr\u00e9sidentielle. Avant m\u00eame les r\u00e9sultats du second tour, il faut constater l'\u00e9chec de l'\u00e9cologie politique. L'urgence climatique ne faisant que s'aggraver, il nous faut donc trouver d'autres moyens pour op\u00e9rer l'indispensable transition. \r\n Ce Manifeste pour une \u00c9cologie culturelle, tente de proposer une autre voie, une mani\u00e8re de contribuer au r\u00e9cit de la transition. Pour mieux la faire advenir.","authors":["Nicolas Escach","Pierre Gibert","Patrick Scheyder"],"category_codes":["4000000","4010000","4010200","4010208"],"visuals":{"large":"https:\/\/images.epagine.fr\/332\/9791094283332_1_75.jpg","medium":"https:\/\/images.epagine.fr\/332\/9791094283332_1_m.jpg","thumbnail":"https:\/\/images.epagine.fr\/332\/9791094283332_1_v.jpg"},"orderable":true,"show_badge":true,"formatted_price":"10,00&nbsp;\u20ac","formatted_published_date":"18 mai 2022","publisher_availability_label":"Sur commande","short_details":"Nicolas Escach, Pierre Gibert, Patrick Scheyder \u2014 L'Adn","translator":null,"weight":675,"page_count":68,"readership":null,"editor":"L'Adn","price":1000,"published_date":"2022-05-17T22:00:00.000000Z","support":"Grand format","publisher_availability":1,"stock":0,"editions":[],"url":"https:\/\/quaidesbrumes.com\/ouvrage\/9791094283332\/ladn-manifeste-pour-une-ecologie-culturelle"},{"id":"9782759235698","title":"Pour une \u00e9thique de l'alimentation","description":"Face \u00e0 l'explosion d\u00e9mographique, l'urbanisation, le vieillissement des populations, l'internationalisation des \u00e9changes et le r\u00e9chauffement climatique, le fragile \u00e9quilibre que l'humanit\u00e9 entretient avec la nature depuis des mill\u00e9naires pour s'alimenter est en train de se rompre, au point de se demander s'il sera possible de nourrir les dix milliards d'humains attendus en 2050. L'agriculture intensive a fait son temps, la g\u00e9n\u00e9ralisation de l'agriculture biologique ne permettra pas de satisfaire les besoins de l'humanit\u00e9, l'ultra-formulation des aliments inqui\u00e8te, la s\u00e9curit\u00e9 sanitaire des aliments \u00e9galement.\r\nDans cet essai, Pierre Feillet pr\u00e9sente l'agro\u00e9cologie comme une agriculture de r\u00e9conciliation avec la nature. Il ouvre un d\u00e9bat sur l'avenir d'un syst\u00e8me alimentaire \u00e9thiquement et durablement responsable qui s'appuierait sur des liens renouvel\u00e9s entre les hommes et la nature, sans exclure - au contraire - le recours aux avanc\u00e9es les plus r\u00e9centes de la science et de la technologie. Il souligne que cette harmonie reposera sur notre aptitude \u00e0 apprivoiser la nature et \u00e0 aider les plantes cultiv\u00e9es et les animaux domestiqu\u00e9s \u00e0 exprimer toutes leurs capacit\u00e9s de d\u00e9veloppement dans un environnement qui leur est souvent hostile. Elle d\u00e9pendra \u00e9galement du comportement des consommateurs et d'un accompagnement \u00e9clair\u00e9 des pouvoirs publics. Les acteurs du syst\u00e8me alimentaire, tout particuli\u00e8rement les agriculteurs, sont appel\u00e9s \u00e0 tirer le meilleur parti des savoir-faire de la nature, sans l'agresser, sans la bousculer.\r\nCet ouvrage s'adresse \u00e0 un public large d\u00e9sireux de d\u00e9couvrir les questions li\u00e9es \u00e0 l'\u00e9thique de l'alimentation et les grands principes de l'agro\u00e9cologie.","authors":["Pierre Feillet"],"category_codes":["4000000","4010000","4010200","4010207"],"visuals":{"large":"https:\/\/images.epagine.fr\/698\/9782759235698_1_75.jpg","medium":"https:\/\/images.epagine.fr\/698\/9782759235698_1_m.jpg","thumbnail":"https:\/\/images.epagine.fr\/698\/9782759235698_1_v.jpg"},"orderable":true,"show_badge":true,"formatted_price":"22,00&nbsp;\u20ac","formatted_published_date":"25 ao\u00fbt 2022","publisher_availability_label":"Sur commande","short_details":"Pierre Feillet \u2014 Qu\u00e6","translator":null,"weight":310,"page_count":184,"readership":null,"editor":"Qu\u00e6","price":2200,"published_date":"2022-08-24T22:00:00.000000Z","support":"Grand format","publisher_availability":1,"stock":0,"editions":[],"url":"https:\/\/quaidesbrumes.com\/ouvrage\/9782759235698\/pour-une-ethique-de-lalimentation"},{"id":"9782917486825","title":"Les saisons sur la colline de l'Hermitage","description":"\"La nature et la culture, quand elles s'allient et se compl\u00e8tent, donnent naissance \u00e0 des lieux qui tiennent du prodige, traversant les si\u00e8cles et les m\u00e9moires, invitant le regard et l'esprit \u00e0 s'arr\u00eater, \u00e0 s'ouvrir \u00e0 quelque chose de plus que l'admiration, que la contemplation\u00a0: la c\u00e9l\u00e9bration.\r\nLa colline de l'Hermitage, avec ses vignes qui surplombent le Rh\u00f4ne, fait partie de ces paysages qu'une fois d\u00e9couverts on ne peut oublier.\"","authors":["Yves Neyrolles"],"category_codes":["4000000","4010000","4010300"],"visuals":{"large":"https:\/\/images.epagine.fr\/825\/9782917486825_1_75.jpg","medium":"https:\/\/images.epagine.fr\/825\/9782917486825_1_m.jpg","thumbnail":"https:\/\/images.epagine.fr\/825\/9782917486825_1_v.jpg"},"orderable":true,"show_badge":true,"formatted_price":"30,00&nbsp;\u20ac","formatted_published_date":"4 novembre 2022","publisher_availability_label":"Sur commande","short_details":"Yves Neyrolles \u2014 A Plus D'Un Titre","translator":null,"weight":2000,"page_count":260,"readership":null,"editor":"A Plus D'Un Titre","price":3000,"published_date":"2022-11-03T23:00:00.000000Z","support":"Grand format","publisher_availability":1,"stock":0,"editions":[],"url":"https:\/\/quaidesbrumes.com\/ouvrage\/9782917486825\/les-saisons-sur-la-colline-de-lhermitage"},{"id":"9782322404469","title":"Mais qu'est-ce que je fous la... encore une fois?!","description":"Immersion dans la milieu des courses d'ultrafond avec un fil conducteur un peu sp\u00e9cial","authors":["Charlet Eric"],"category_codes":["4000000","4010000","4010500","4010503"],"visuals":{"large":"https:\/\/images.epagine.fr\/469\/9782322404469_1_75.jpg","medium":"https:\/\/images.epagine.fr\/469\/9782322404469_1_m.jpg","thumbnail":"https:\/\/images.epagine.fr\/469\/9782322404469_1_v.jpg"},"orderable":true,"show_badge":true,"formatted_price":"7,00&nbsp;\u20ac","formatted_published_date":"2 avril 2022","publisher_availability_label":"Sur commande","short_details":"Charlet Eric \u2014 Books on Demand","translator":null,"weight":155,"page_count":null,"readership":null,"editor":"Books on Demand","price":700,"published_date":"2022-04-01T22:00:00.000000Z","support":"Grand format","publisher_availability":1,"stock":0,"editions":[],"url":"https:\/\/quaidesbrumes.com\/ouvrage\/9782322404469\/mais-quest-ce-que-je-fous-la-encore-une-fois"},{"id":"9782384541195","title":"Civilisation, biosph\u00e8re et climat","description":"Vous \u00eates \u00e9co anxieux ? Vous pensez que le monde moderne va d\u00e9truire la plan\u00e8te ? Vous \u00eates pessimiste au sujet de l'avenir des g\u00e9n\u00e9rations montantes ? Alors ce livre est pour vous. Il est \u00e9crit par un scientifique qui, apr\u00e8s 20 ans de recherche, pr\u00e9sente un regard diff\u00e9rent sur la pens\u00e9e \u00e9cologique dominante traitant des probl\u00e8mes auxquels l'humanit\u00e9 devra faire face dans un proche avenir. Si tout n'est pas rose, l'avenir n'est ni noir, ni bouch\u00e9, bien au contraire.","authors":["Jacques Niederer"],"category_codes":["4000000","4010000","4010200","4010207"],"visuals":{"large":"https:\/\/images.epagine.fr\/195\/9782384541195_1_75.jpg","medium":"https:\/\/images.epagine.fr\/195\/9782384541195_1_m.jpg","thumbnail":"https:\/\/images.epagine.fr\/195\/9782384541195_1_v.jpg"},"orderable":true,"show_badge":true,"formatted_price":"10,00&nbsp;\u20ac","formatted_published_date":"3 mai 2022","publisher_availability_label":"Sur commande","short_details":"Jacques Niederer \u2014 Publishroom Factory","translator":null,"weight":150,"page_count":168,"readership":null,"editor":"Publishroom Factory","price":1000,"published_date":"2022-05-02T22:00:00.000000Z","support":"Poche","publisher_availability":1,"stock":0,"editions":[],"url":"https:\/\/quaidesbrumes.com\/ouvrage\/9782384541195\/civilisation-biosphere-et-climat"},{"id":"9782759236565","title":"Impacts des produits phytopharmaceutiques sur la biodiversit\u00e9 et les services \u00e9cosyst\u00e9miques","description":"Cet ouvrage pr\u00e9sente les r\u00e9sultats de l'expertise scientifique collective mise en oeuvre par INRAE et l'Ifremer entre 2020 et 2022 sur les impacts des produits phytopharmaceutiques sur la biodiversit\u00e9 et les services \u00e9cosyst\u00e9miques, depuis leurs zones d'\u00e9pandage jusqu'au milieu marin, en France, y compris ses territoires ultra-marins.","authors":["Sophie Leenhardt","Laure Mamy","S\u00e9bastien Pesce","Wilfried Sanchez"],"category_codes":["4000000","4010000","4010200","4010208"],"visuals":{"large":"https:\/\/images.epagine.fr\/565\/9782759236565_1_75.jpg","medium":"https:\/\/images.epagine.fr\/565\/9782759236565_1_m.jpg","thumbnail":"https:\/\/images.epagine.fr\/565\/9782759236565_1_v.jpg"},"orderable":true,"show_badge":true,"formatted_price":"30,00&nbsp;\u20ac","formatted_published_date":"9 mars 2023","publisher_availability_label":"Sur commande","short_details":"Sophie Leenhardt, Laure Mamy, S\u00e9bastien Pesce, Wilfried Sanchez \u2014 Qu\u00e6","translator":null,"weight":272,"page_count":184,"readership":null,"editor":"Qu\u00e6","price":3000,"published_date":"2023-03-08T23:00:00.000000Z","support":"Grand format","publisher_availability":1,"stock":0,"editions":[],"url":"https:\/\/quaidesbrumes.com\/ouvrage\/9782759236565\/impacts-des-produits-phytopharmaceutiques-sur-la-biodiversite-et-les-services-ecosystemiques"},{"id":"9782759235759","title":"Sustainable food systems for food security","description":"Food and nutritional security refers to the challenge of providing sustainable, healthy and accessible food to all people. From 2014 to 2020, CIRAD and INRAE led an ambitious interdisciplinary flagship programme on the  transitions for global food security called GloFoodS. This book explores issues such as food system governance, balance and discrepancies between agricultural supply and food needs, the role of innovations in providing high-quality foods and promoting resilient value chains, and the role of local resource management in achieving food security.","authors":["Arl\u00e8ne Alpha","Aleksandra Barczak","Alban Thomas","Nadine Zakhia-Rozis"],"category_codes":["4000000","4010000","4010200","4010207"],"visuals":{"large":"https:\/\/images.epagine.fr\/759\/9782759235759_1_75.jpg","medium":"https:\/\/images.epagine.fr\/759\/9782759235759_1_m.jpg","thumbnail":"https:\/\/images.epagine.fr\/759\/9782759235759_1_v.jpg"},"orderable":true,"show_badge":true,"formatted_price":"35,00&nbsp;\u20ac","formatted_published_date":"6 juillet 2022","publisher_availability_label":"Sur commande","short_details":"Arl\u00e8ne Alpha, Aleksandra Barczak, Alban Thomas, Nadine Zakhia-Rozis \u2014 Qu\u00e6","translator":null,"weight":506,"page_count":220,"readership":null,"editor":"Qu\u00e6","price":3500,"published_date":"2022-07-05T22:00:00.000000Z","support":"Grand format","publisher_availability":1,"stock":0,"editions":[],"url":"https:\/\/quaidesbrumes.com\/ouvrage\/9782759235759\/sustainable-food-systems-for-food-security"},{"id":"9782759236459","title":"Guide pour l'\u00e9valuation de l'agro\u00e9cologie : m\u00e9thode pour appr\u00e9cier ses effets et comprendre les conditions de son d\u00e9veloppement","description":"L'agro\u00e9cologie appara\u00eet de plus en plus comme l'une des r\u00e9ponses pertinentes aux grands d\u00e9fis globaux en mati\u00e8re de d\u00e9veloppement \u00e9conomique et social et d'environnement, largement refl\u00e9t\u00e9s dans les Objectifs de d\u00e9veloppement durable.\r\nCependant, on manque encore d'outils pour \u00e9valuer les effets \u00e9conomiques, sociaux et environnementaux de l'agro\u00e9cologie et pour mieux comprendre comment certains facteurs favorisent ou au contraire limitent son d\u00e9veloppement.\r\nEn s'appuyant sur de nombreuses expertises sur le terrain, ce guide vise \u00e0 proposer une d\u00e9marche et des outils m\u00e9thodologiques pour \u00e9valuer, d'une part, les effets des pratiques et des syst\u00e8mes agro\u00e9cologiques sur les performances agro-environnementales et socio-\u00e9conomiques de l'agriculture et, d'autre part, les conditions de d\u00e9veloppement de ces pratiques et de ces syst\u00e8mes.\r\nCe guide est essentiel pour aider les acteurs du d\u00e9veloppement \u00e0 mieux concevoir leurs interventions en faveur de l'agro\u00e9cologie. Il permet \u00e9galement d'accompagner les agriculteurs pour qu'ils puissent mieux analyser et \u00e9valuer les r\u00e9sultats de leurs pratiques et disposer ainsi d'une aide \u00e0 la d\u00e9cision pour d'\u00e9ventuels changements technico-\u00e9conomiques plus ou moins strat\u00e9giques.","authors":["Collectif","Laurent Levard"],"category_codes":["4000000","4010000","4010200","4010207"],"visuals":{"large":"https:\/\/images.epagine.fr\/459\/9782759236459_1_75.jpg","medium":"https:\/\/images.epagine.fr\/459\/9782759236459_1_m.jpg","thumbnail":"https:\/\/images.epagine.fr\/459\/9782759236459_1_v.jpg"},"orderable":true,"show_badge":true,"formatted_price":"19,00&nbsp;\u20ac","formatted_published_date":"23 f\u00e9vrier 2023","publisher_availability_label":"Sur commande","short_details":"Collectif, Laurent Levard \u2014 Qu\u00e6","translator":null,"weight":730,"page_count":320,"readership":null,"editor":"Qu\u00e6","price":1900,"published_date":"2023-02-22T23:00:00.000000Z","support":"Grand format","publisher_availability":1,"stock":0,"editions":[],"url":"https:\/\/quaidesbrumes.com\/ouvrage\/9782759236459\/guide-pour-levaluation-de-lagroecologie-methode-pour-apprecier-ses-effets-et-comprendre-les-conditions-de-son-developpement"},{"id":"9782709929561","title":"Flore des Mascareignes : La R\u00e9union, Maurice, Rodrigues : 170. orchid\u00e9es Tome 1 et 2","description":"Cette publication en deux volumes cl\u00f4t la collection Flore des Mascareignes. Elle traite de la famille des orchid\u00e9es dans l'aire g\u00e9ographique des \u00eeles Maurice, Rodrigues et de La R\u00e9union. Caract\u00e9ristique de l'exceptionnelle flore indig\u00e8ne, cette famille, comme d'autres, est aujourd'hui menac\u00e9e. Etudier ses caract\u00e9ristiques morphologiques, sa r\u00e9partition et ses habitats sert ainsi \u00e0 produire du savoir, mais permet surtout d'envisager de la prot\u00e9ger pour la conserver. Cet ouvrage en plus d'\u00e9tudier la diversit\u00e9 des 165 esp\u00e8ces et des 40 genres d'orchid\u00e9es des Mascareignes, propose un \u00e9tat de conservation provisoire de chaque sp\u00e9cimen, en vue de les faire appara\u00eetre, le cas \u00e9ch\u00e9ant, sur la liste rouge des esp\u00e8ces en danger de l'UICN.\r\nFruit d'un travail exhaustif de r\u00e9coltes et d'analyses sur plusieurs d\u00e9cennies, cet ouvrage in\u00e9dit sera la prochaine r\u00e9f\u00e9rence internationale sur cette famille et dans cette aire g\u00e9ographique.","authors":["Phillip Cribb","Johan Hermans","Thierry Pailler"],"category_codes":["4000000","4010000","4010400","4010405"],"visuals":{"large":"https:\/\/images.epagine.fr\/561\/9782709929561_1_75.jpg","medium":"https:\/\/images.epagine.fr\/561\/9782709929561_1_m.jpg","thumbnail":"https:\/\/images.epagine.fr\/561\/9782709929561_1_v.jpg"},"orderable":true,"show_badge":true,"formatted_price":"65,00&nbsp;\u20ac","formatted_published_date":"23 mars 2023","publisher_availability_label":"Sur commande","short_details":"Phillip Cribb, Johan Hermans, Thierry Pailler \u2014 IRD","translator":null,"weight":2066,"page_count":852,"readership":null,"editor":"IRD","price":6500,"published_date":"2023-03-22T23:00:00.000000Z","support":"Grand format","publisher_availability":1,"stock":0,"editions":[],"url":"https:\/\/quaidesbrumes.com\/ouvrage\/9782709929561\/flore-des-mascareignes-la-reunion-maurice-rodrigues-170-orchidees-tome-1-et-2"}]}