{"data":[{"id":"9782380353075","title":"Bienvenue dans un monde positif : 100 initiatives inspirantes pour croire en l'avenir","description":"Nous serions bien plus inspir\u00e9s de regarder la for\u00eat qui pousse plut\u00f4t que les arbres qui tombent : c'est ce que ce livre nous rappelle. Et qu'il est grand temps de prendre au s\u00e9rieux les bonnes nouvelles ! Car, partout sur la plan\u00e8te, de nombreuses initiatives positives sont \u00e0 l'oeuvre et forment une vraie r\u00e9volution. \r\n\r\nDes collectifs, des gouvernements, des organisations, des citoyens inventent une nouvelle soci\u00e9t\u00e9 et cr\u00e9ent un nouveau patrimoine commun de l'humanit\u00e9. \r\n\r\nL'auteur nous invite \u00e0 faire un tour du monde des exp\u00e9riences positives. Il nous montre que le changement concerne tous les domaines : soci\u00e9t\u00e9, environnement, entreprises, alimentation, \u00e9nergie, sant\u00e9, animaux, \u00e9ducation... et que nous pouvons tous en \u00eatre un acteur \u00e0 notre \u00e9chelle.\r\n\r\nLaissons-nous inspirer ! Et agissons nous aussi !","authors":["Christophe Chenebault"],"category_codes":["4000000","4010000","4010200","4010207"],"visuals":{"large":"https:\/\/images.epagine.fr\/075\/9782380353075_1_75.jpg","medium":"https:\/\/images.epagine.fr\/075\/9782380353075_1_m.jpg","thumbnail":"https:\/\/images.epagine.fr\/075\/9782380353075_1_v.jpg"},"orderable":true,"show_badge":true,"formatted_price":"18,90&nbsp;\u20ac","formatted_published_date":"6 mai 2021","publisher_availability_label":"Sur commande","short_details":"Christophe Chenebault \u2014 Massot \u00e9ditions","translator":null,"weight":296,"page_count":270,"readership":null,"editor":"Massot \u00e9ditions","price":1890,"published_date":"2021-05-05T22:00:00.000000Z","support":"Grand format","publisher_availability":1,"stock":0,"editions":[],"url":"https:\/\/quaidesbrumes.com\/ouvrage\/9782380353075\/bienvenue-dans-un-monde-positif-100-initiatives-inspirantes-pour-croire-en-lavenir"},{"id":"9782271136633","title":"Regards crois\u00e9s sur les pand\u00e9mies","description":"La grave grise pand\u00e9mique que nous vivons n'est pas seulement sanitaire, elle est aussi \u00e9cologique et sociale. Si elle remet en cause le dualisme nature\/culture, elle appelle \u00e9galement \u00e0 renouveler les rapports qu'entretiennent science et soci\u00e9t\u00e9. Changement d'usage des terres, d\u00e9forestation et fragmentation, \u00e9levage intensif, exploitation mini\u00e8re ou foresti\u00e8re, chasse, urbanisation, diminution de la biodiversit\u00e9 : autant d'\u00e9l\u00e9ments qui perturbent la faune sauvage, et favorisent les transferts de pathog\u00e8nes entre esp\u00e8ces. La mondialisation des \u00e9changes rend ensuite possible la diffusion de virus \u00e0 l'\u00e9chelle plan\u00e9taire.\r\nMais les soci\u00e9t\u00e9s humaines ne sont pas toutes \u00e9gales face au risque infectieux. Il y a \u00e0 cela des causes g\u00e9n\u00e9tiques, parce que les populations humaines ne sont pas g\u00e9n\u00e9tiquement uniformes et que les pathog\u00e8nes ont une grande capacit\u00e9 d'adaptation, mais aussi des causes culturelles et sociales, en raison du r\u00f4le majeur des comportements. Si les \u00e9pid\u00e9mies d'ampleur sont relativement fr\u00e9quentes dans l'histoire humaine, celles du pass\u00e9, et leur gestion par les soci\u00e9t\u00e9s d'alors, ne sont que depuis peu \u00e9tudi\u00e9es en profondeur. Or cette \u00e9tude est un \u00e9l\u00e9ment indispensable pour mod\u00e9liser, et donc pr\u00e9voir, l'\u00e9volution de la pand\u00e9mie actuelle comme des prochaines, et l'impact qu'elles auront sur nos soci\u00e9t\u00e9s.\r\nL'Institut \u00c9cologie et Environnement du CNRS, dont l'objectif est de r\u00e9pondre aux enjeux plan\u00e9taires pos\u00e9s par le changement global aux interfaces entre les sciences de la Terre, de la vie, de l'Homme et de la soci\u00e9t\u00e9, r\u00e9unit toutes les comp\u00e9tences n\u00e9cessaires pour \u00e9tudier cet ensemble.","authors":["Collectif","Patricia Gibert"],"category_codes":["4000000","4010000","4010200","4010207"],"visuals":{"large":"https:\/\/images.epagine.fr\/633\/9782271136633_1_75.jpg","medium":"https:\/\/images.epagine.fr\/633\/9782271136633_1_m.jpg","thumbnail":"https:\/\/images.epagine.fr\/633\/9782271136633_1_v.jpg"},"orderable":true,"show_badge":true,"formatted_price":"15,00&nbsp;\u20ac","formatted_published_date":"11 mars 2021","publisher_availability_label":"Sur commande","short_details":"Collectif, Patricia Gibert \u2014 CNRS","translator":null,"weight":163,"page_count":128,"readership":null,"editor":"CNRS","price":1500,"published_date":"2021-03-10T23:00:00.000000Z","support":"Grand format","publisher_availability":1,"stock":0,"editions":[],"url":"https:\/\/quaidesbrumes.com\/ouvrage\/9782271136633\/regards-croises-sur-les-pandemies"},{"id":"9782759232871","title":"La d\u00e9forestation ; essai sur un probl\u00e8me plan\u00e9taire","description":"Le r\u00f4le des for\u00eats dans le fonctionnement de l'\u00e9cosyst\u00e8me Terre est essentiel. Et pourtant, leur rythme de disparition s'intensifie. Quelles sont les causes et les cons\u00e9quences de cette d\u00e9forestation ? Avec la naissance de l'agriculture, le nombre d'habitants a explos\u00e9. Pour faire face aux besoins alimentaires croissants, ainsi qu'\u00e0 l'utilisation du bois pour divers usages, les for\u00eats ont \u00e9t\u00e9 d\u00e9frich\u00e9es ou surexploit\u00e9es. Depuis l'Antiquit\u00e9, puis jusqu'au xixe si\u00e8cle, le pourtour m\u00e9diterran\u00e9en, le Moyen- Orient, l'Asie mineure, l'Asie, l'Europe de l'Ouest et \u00e0 un degr\u00e9 moindre l'Am\u00e9rique du Nord ont \u00e9t\u00e9 d\u00e9bois\u00e9s. Depuis la r\u00e9volution agricole du xixe si\u00e8cle, la situation s'est invers\u00e9e en Europe de l'Ouest et en Am\u00e9rique du Nord, comme aujourd'hui en Chine et en Inde, o\u00f9 la for\u00eat regagne du terrain. En revanche, \u00e0 partir du d\u00e9but du xxe si\u00e8cle, les besoins en bois mondiaux mettent en p\u00e9ril les for\u00eats tropicales ou \u00e9quatoriales. Actuellement, la principale menace r\u00e9side dans la fourniture aux pays d\u00e9velopp\u00e9s de denr\u00e9es alimentaires ou \u00e0 usage industriel (soja, huile de palme, caoutchouc, canne \u00e0 sucre, etc.), ou encore d'agrocarburants dans l'optique de la transition \u00e9nerg\u00e9tique. L'auteur d\u00e9taille les cons\u00e9quences du d\u00e9boisement sur le cycle de l'eau, le climat, les sols ou la biodiversit\u00e9, et les solutions envisageables : conservation, protection, certification de la gestion foresti\u00e8re, d\u00e9veloppement et transmission des connaissances... Mais la solution n'est-elle pas entre les mains de tous et dans la conscience du r\u00f4le que nous pouvons jouer en adoptant un comportement plus raisonnable ?","authors":["Fran\u00e7ois Le Tacon"],"category_codes":["4000000","4010000","4010200","4010207"],"visuals":{"large":"https:\/\/images.epagine.fr\/871\/9782759232871_1_75.jpg","medium":"https:\/\/images.epagine.fr\/871\/9782759232871_1_m.jpg","thumbnail":"https:\/\/images.epagine.fr\/871\/9782759232871_1_v.jpg"},"orderable":true,"show_badge":true,"formatted_price":"19,00&nbsp;\u20ac","formatted_published_date":"18 mars 2021","publisher_availability_label":"Sur commande","short_details":"Fran\u00e7ois Le Tacon \u2014 Qu\u00e6","translator":null,"weight":218,"page_count":136,"readership":null,"editor":"Qu\u00e6","price":1900,"published_date":"2021-03-17T23:00:00.000000Z","support":"Grand format","publisher_availability":1,"stock":0,"editions":[],"url":"https:\/\/quaidesbrumes.com\/ouvrage\/9782759232871\/la-deforestation-essai-sur-un-probleme-planetaire"},{"id":"9782357335769","title":"Les nouvelles stations Trilib","description":"Le projet Trilib (station de tri s\u00e9lectif) pour la ville de Paris, a re\u00e7u de l'Institut Fran\u00e7ais du Design, le Janus de la Cit\u00e9 2019. Projet con\u00e7u par le studio Aurel Design Urbain pour l'entreprise SULO en partenariat avec Derichebourg et pilot\u00e9 par l'\u00e9quipe de la Direction de la Propret\u00e9 et de l'Eau de la ville de Paris. Ces nouveaux Trilib' seront compos\u00e9s de deux modules multi-mat\u00e9riaux pour les emballages recyclables, un module pour le verre et un module de stockage destin\u00e9 aux mat\u00e9riels des agents de la Ville de Paris.\r\nLa Ville de Paris, Sulo et Derichebourg Environnement, ambitionnent le d\u00e9ploiement progressif de 1 000 stations Trilib', soit 4 000 modules.","authors":["Marc Aurel","Laurie Picout"],"category_codes":["4000000","4010000","4010200","4010208"],"visuals":{"large":"https:\/\/images.epagine.fr\/769\/9782357335769_1_75.jpg","medium":"https:\/\/images.epagine.fr\/769\/9782357335769_1_m.jpg","thumbnail":"https:\/\/images.epagine.fr\/769\/9782357335769_1_v.jpg"},"orderable":true,"show_badge":true,"formatted_price":"16,00&nbsp;\u20ac","formatted_published_date":"6 janvier 2022","publisher_availability_label":"Sur commande","short_details":"Marc Aurel, Laurie Picout \u2014 Archibooks","translator":null,"weight":364,"page_count":108,"readership":null,"editor":"Archibooks","price":1600,"published_date":"2022-01-05T23:00:00.000000Z","support":"Grand format","publisher_availability":1,"stock":0,"editions":[],"url":"https:\/\/quaidesbrumes.com\/ouvrage\/9782357335769\/les-nouvelles-stations-trilib"},{"id":"9782913688360","title":"Sawflies of europe - hymenoptera of europe  2","description":null,"authors":["Lacourt Jean"],"category_codes":["4000000","4010000","4010300"],"visuals":{"large":"https:\/\/quaidesbrumes.com\/img\/book-placeholder.png","medium":"https:\/\/quaidesbrumes.com\/img\/book-placeholder.png","thumbnail":"https:\/\/quaidesbrumes.com\/img\/book-placeholder.png"},"orderable":true,"show_badge":true,"formatted_price":"86,00&nbsp;\u20ac","formatted_published_date":"1er d\u00e9cembre 2020","publisher_availability_label":"Sur commande","short_details":"Lacourt Jean \u2014 Nap","translator":null,"weight":980,"page_count":null,"readership":null,"editor":"Nap","price":8600,"published_date":"2020-11-30T23:00:00.000000Z","support":"Grand format","publisher_availability":1,"stock":0,"editions":[],"url":"https:\/\/quaidesbrumes.com\/ouvrage\/9782913688360\/sawflies-of-europe-hymenoptera-of-europe-2"},{"id":"9782759232963","title":"Sortir des crises, one health en pratiques","description":"L'initiative connue sous le nom de One Health consiste \u00e0 souligner les interd\u00e9pendances tr\u00e8s fortes entre la sant\u00e9 animale, la sant\u00e9 des \u00e9cosyst\u00e8mes et la sant\u00e9 humaine. La pand\u00e9mie de Covid-19 nous en offre une illustration : cette zoonose a un impact \u00e9conomique, social, environnemental et politique tr\u00e8s fort \u00e0 l'\u00e9chelle mondiale, nationale, territoriale. Comment pourrions-nous \u00e9viter \u00e0 l'avenir de nous confronter \u00e0 ces chocs qui se r\u00e9p\u00e8tent avec une fr\u00e9quence et une \u00e9mergence acc\u00e9l\u00e9r\u00e9es (Ebola, VIH, Sras, etc.) ? Diverses initiatives ont pr\u00e9exist\u00e9 \u00e0 cette pand\u00e9mie (Covid-19) et mettent en pratique la d\u00e9marche One health en invitant \u00e0 prendre en consid\u00e9ration les liens entre les humains et leur environnement, entre la sant\u00e9 des hommes et les enjeux de conservation de biodiversit\u00e9, entre l'\u00e9conomie des soci\u00e9t\u00e9s et leurs cons\u00e9quences et \u00e0 d\u00e9cloisonner les questions de sant\u00e9 animale, humaine, v\u00e9g\u00e9tale pour repenser les solidarit\u00e9s. A partir de cas concrets, cet ouvrage propose \u00e0 la fois une lecture des enjeux et des probl\u00e8mes sanitaires dans un monde globalis\u00e9, des retours d'exp\u00e9rience de gestion de crise, des innovations dans la gestion du sanitaire. Il r\u00e9unit les contributions de chercheurs et de professionnels ancr\u00e9es dans plusieurs disciplines : philosophie, anthropologie, science politique, sociologie, \u00e9conomie, g\u00e9ographie, \u00e9cologie, sciences m\u00e9dicale et v\u00e9t\u00e9rinaire...","authors":["S\u00e9bastien Gardon","Amandine Gautier","Gwenola Le naour","Serge Morand"],"category_codes":["4000000","4010000","4010200","4010207"],"visuals":{"large":"https:\/\/images.epagine.fr\/963\/9782759232963_1_75.jpg","medium":"https:\/\/images.epagine.fr\/963\/9782759232963_1_m.jpg","thumbnail":"https:\/\/images.epagine.fr\/963\/9782759232963_1_v.jpg"},"orderable":true,"show_badge":true,"formatted_price":"35,00&nbsp;\u20ac","formatted_published_date":"26 mai 2022","publisher_availability_label":"Sur commande","short_details":"S\u00e9bastien Gardon, Amandine Gautier, Gwenola Le naour, Serge Morand \u2014 Qu\u00e6","translator":null,"weight":588,"page_count":262,"readership":null,"editor":"Qu\u00e6","price":3500,"published_date":"2022-05-25T22:00:00.000000Z","support":"Grand format","publisher_availability":1,"stock":0,"editions":[],"url":"https:\/\/quaidesbrumes.com\/ouvrage\/9782759232963\/sortir-des-crises-one-health-en-pratiques"},{"id":"9782312079165","title":"La vie surprenante des plantes ; les richesses d'un monde m\u00e9connu","description":"Ce livre est consacr\u00e9 aux prouesses du monde v\u00e9g\u00e9tal.\r\nL'auteur y d\u00e9crit les tr\u00e9sors d'ing\u00e9niosit\u00e9 que d\u00e9ploient les plantes pour s'adapter au milieu dans lequel elles vivent et s'y d\u00e9veloppent.\r\nLoin d'\u00eatre passives, les plantes savent mettre en place des techniques, parfois tr\u00e8s complexes, pour s'imposer, se d\u00e9fendre, ou bien pour attaquer. Elles savent \u00e9galement nouer, au besoin, des relations solidaires avec leurs cong\u00e9n\u00e8res ou avec d'autres esp\u00e8ces vivantes.\r\nMais le fait le plus \u00e9tonnant reste encore la capacit\u00e9 de certaines plantes \u00e0 se comporter comme si elles disposaient, \u00e0 l'instar des animaux, de v\u00e9ritables sens ; certaines parviennent, en effet, \u00ab \u00e0 voir \u00bb ce qui les entoure, \u00ab \u00e0 entendre \u00bb des sons, \u00ab \u00e0 sentir \u00bb, \u00ab \u00e0 r\u00e9agir au toucher \u00bb et m\u00eame... \u00ab \u00e0 se d\u00e9placer ! Et de nombreuses d\u00e9couvertes \u00e0 leur sujet restent encore \u00e0 faire.\r\nMais, aujourd'hui, une chose inqui\u00e9tante se d\u00e9roule devant nos yeux : le monde v\u00e9g\u00e9tal n'\u00e9volue plus en toute libert\u00e9, l'\u00eatre humain chamboule son \u00e9quilibre, en faisant dispara\u00eetre des esp\u00e8ces, en cr\u00e9ant ou en modifiant d'autres, ou encore, en \u00e9tant \u00e0 l'origine de la diss\u00e9mination d'esp\u00e8ces exotiques qui deviennent vite invasives.\r\nLe pire est-il \u00e0 craindre ? Non si l'on en croit l'auteur qui, optimiste, quant au devenir du monde des plantes, nous livre des raisons d'esp\u00e9rer.\r\nBeaucoup d'informations incroyables dans cet ouvrage pr\u00e9cis et abondamment illustr\u00e9.","authors":["Fabrice Le Stang"],"category_codes":["4000000","4010000","4010400","4010402"],"visuals":{"large":"https:\/\/images.epagine.fr\/165\/9782312079165_1_75.jpg","medium":"https:\/\/images.epagine.fr\/165\/9782312079165_1_m.jpg","thumbnail":"https:\/\/images.epagine.fr\/165\/9782312079165_1_v.jpg"},"orderable":true,"show_badge":true,"formatted_price":"20,00&nbsp;\u20ac","formatted_published_date":"23 d\u00e9cembre 2020","publisher_availability_label":"Sur commande","short_details":"Fabrice Le Stang \u2014 Editions du Net","translator":null,"weight":183,"page_count":102,"readership":null,"editor":"Editions du Net","price":2000,"published_date":"2020-12-22T23:00:00.000000Z","support":"Grand format","publisher_availability":1,"stock":0,"editions":[],"url":"https:\/\/quaidesbrumes.com\/ouvrage\/9782312079165\/la-vie-surprenante-des-plantes-les-richesses-dun-monde-meconnu"},{"id":"9782376922407","title":"Nous... ; notre maison br\u00fble et nous regardons ailleurs","description":"NOUS... sommes tous concern\u00e9s, par l'\u00e9volution de la soci\u00e9t\u00e9 \u00e0 travers les changements climatiques. L'agro\u00e9cologie n'est pas une alternative, elle est le moyen de nourrir les Hommes durablement de parvenir \u00e0 la r\u00e9silience de l'environnement.\r\nNous... d\u00e9montre les int\u00e9r\u00eats \u00e9conomiques de l'environnement protecteur pour le pays, permettant de plus, le retour au plein emploi ce qui semble impossible \u00e0 ce jour. Aid\u00e9 par les plans de relances fran\u00e7ais, europ\u00e9en, nous allons voir notre continent se transformer et surpasser ses engagements de la cop 21 au b\u00e9n\u00e9fice des g\u00e9n\u00e9rations futures.\r\nNous... propose un plan \u00e9labor\u00e9, pour la cr\u00e9ation d'une commission nationale dont la strat\u00e9gie est en partie \u00e9tablie dans ce livre. Elle doit permettre d'\u00e9laborer \u00e0 son tour, ce Grand Plan National pour la r\u00e9silience de l'environnement en \u00e9tant opportuniste pour la relance de l'\u00e9conomie et de l'emploi vers la neutralit\u00e9 carbone.\r\nToute la soci\u00e9t\u00e9 est concern\u00e9e, citoyens, \u00e9lus, de la ruralit\u00e9 aux m\u00e9tropoles, des paysans aux industriels qui ont tout int\u00e9r\u00eat \u00e0 transformer le mod\u00e8le actuel pour le propulser dans le monde de demain, loin des \u00e9nergies fossiles, de l'agrochimie, incompatible avec l'avenirs et l'\u00e9volution humaine. \r\nPatrick LEVEQUE","authors":["Patrick Leveque"],"category_codes":["4000000","4010000","4010200","4010207"],"visuals":{"large":"https:\/\/images.epagine.fr\/407\/9782376922407_1_75.jpg","medium":"https:\/\/images.epagine.fr\/407\/9782376922407_1_m.jpg","thumbnail":"https:\/\/images.epagine.fr\/407\/9782376922407_1_v.jpg"},"orderable":true,"show_badge":true,"formatted_price":"17,00&nbsp;\u20ac","formatted_published_date":"2 d\u00e9cembre 2020","publisher_availability_label":"Sur commande","short_details":"Patrick Leveque \u2014 Libres D'Ecrire","translator":null,"weight":400,"page_count":210,"readership":null,"editor":"Libres D'Ecrire","price":1700,"published_date":"2020-12-01T23:00:00.000000Z","support":"Grand format","publisher_availability":1,"stock":0,"editions":[],"url":"https:\/\/quaidesbrumes.com\/ouvrage\/9782376922407\/nous-notre-maison-brule-et-nous-regardons-ailleurs"},{"id":"9782356371003","title":"La vie des fleurs et les doux myst\u00e8res de la nature","description":"Rien de plus suave, rien de plus piquant que cet essai sur la vie, sur les moeurs, sur les coutumes et en quelque sorte sur le caract\u00e8re des fleurs ; rien de plus int\u00e9ressant que cette patiente investigation d'un esprit sagace et d\u00e9licat sur leur fonction dans la soci\u00e9t\u00e9, sur leur petit r\u00f4le terrestre, sur leur histoire.\r\nDans ce voyage \u00e0 travers les plus doux myst\u00e8res de la nature, M. Eug\u00e8ne No\u00ebl n'a pas pens\u00e9 au plaisir que pourraient un jour donner \u00e0 d'autres que lui-m\u00eame ses curieuses \u00e9tudes, heureusement, avec cette r\u00e9\u00e9dition, nous nous trouvons aujourd'hui convi\u00e9s \u00e0 en partager les agr\u00e9ables r\u00e9sultats. Avec illustrations.","authors":["Eug\u00e8ne No\u00ebl"],"category_codes":["4000000","4010000","4010400"],"visuals":{"large":"https:\/\/images.epagine.fr\/003\/9782356371003_1_75.jpg","medium":"https:\/\/images.epagine.fr\/003\/9782356371003_1_m.jpg","thumbnail":"https:\/\/images.epagine.fr\/003\/9782356371003_1_v.jpg"},"orderable":true,"show_badge":true,"formatted_price":"12,00&nbsp;\u20ac","formatted_published_date":"15 mars 2021","publisher_availability_label":"Sur commande","short_details":"Eug\u00e8ne No\u00ebl \u2014 La Vague Verte","translator":null,"weight":135,"page_count":96,"readership":null,"editor":"La Vague Verte","price":1200,"published_date":"2021-03-14T23:00:00.000000Z","support":"Grand format","publisher_availability":1,"stock":0,"editions":[],"url":"https:\/\/quaidesbrumes.com\/ouvrage\/9782356371003\/la-vie-des-fleurs-et-les-doux-mysteres-de-la-nature"},{"id":"9791092617061","title":"Un diable au CEA : solutions pour nos d\u00e9chets dangereux","description":"Jeune et prometteuse Docteur es Sciences, Jo\u00eblle Carpena int\u00e8gre le CEA pour \u00e9tudier le traitement des d\u00e9chets radioactifs. Ses travaux proposent des pistes radicalement diff\u00e9rentes de la doxa bien orthodoxe et lui vaudront des difficult\u00e9s.\r\nDevenue professeure d'universit\u00e9, elle continue ses travaux pour faire rentrer \u00e0 l'universit\u00e9 l'industrie et les d\u00e9bouch\u00e9s qu'elle a envisag\u00e9s.\r\nLe livre pr\u00e9sente 30 ans de travaux et de th\u00e8ses pour r\u00e9soudre le probl\u00e8me de nos d\u00e9chets dangereux (d\u00e9chets radioactifs, amiantes, farines animales, effluents toxiques...)","authors":["Jo\u00eblle Carpena"],"category_codes":["4000000","4010000","4010200","4010204"],"visuals":{"large":"https:\/\/images.epagine.fr\/061\/9791092617061_1_75.jpg","medium":"https:\/\/images.epagine.fr\/061\/9791092617061_1_m.jpg","thumbnail":"https:\/\/images.epagine.fr\/061\/9791092617061_1_v.jpg"},"orderable":true,"show_badge":true,"formatted_price":"19,00&nbsp;\u20ac","formatted_published_date":"1er octobre 2020","publisher_availability_label":"Sur commande","short_details":"Jo\u00eblle Carpena \u2014 Nouvelles Editions Caillade","translator":null,"weight":400,"page_count":270,"readership":null,"editor":"Nouvelles Editions Caillade","price":1900,"published_date":"2020-09-30T22:00:00.000000Z","support":"Grand format","publisher_availability":1,"stock":0,"editions":[],"url":"https:\/\/quaidesbrumes.com\/ouvrage\/9791092617061\/un-diable-au-cea-solutions-pour-nos-dechets-dangereux"},{"id":"9791092617030","title":"De l'industrie au d\u00e9veloppement durable","description":"Apr\u00e8s une petite enfance heureuse, l'auteur conna\u00eet une adolescence difficile sous l'autorit\u00e9 d'un p\u00e8re, qui litt\u00e9ralement le \u00ab terrorise \u00bb...\r\nAlors qu'il poursuit ses \u00e9tudes en pr\u00e9pa scientifique, il d\u00e9cide de s'engager dans la voie de la vie religieuse, qu'il abandonne au bout de 5 ans...\r\nIl se fait embaucher chez Renault o\u00f9 l'occasion lui est donn\u00e9e de travailler sur la \u00ab violence \u00bb li\u00e9e \u00e0 l'introduction du taylorisme...\r\nPuis il devient directeur des \u00e9tudes de l'Institut Qualit\u00e9 Management, puis \u00e0 la charge de promouvoir la \u00ab puissance des id\u00e9es de terrain \u00bb...\r\nEnfin il se consacre \u00e0 la transposition de ces d\u00e9marches industrielles en fondant Innovation Citoyenne et D\u00e9veloppement Durable (ICDD), pour montrer la puissance des id\u00e9es \u00ab simples, puissantes, pertinentes \u00bb sur les principaux enjeux de d\u00e9veloppement durable de notre soci\u00e9t\u00e9...","authors":["Antoine H\u00e9ron"],"category_codes":["4000000","4010000","4010200","4010204"],"visuals":{"large":"https:\/\/images.epagine.fr\/030\/9791092617030_1_75.jpg","medium":"https:\/\/images.epagine.fr\/030\/9791092617030_1_m.jpg","thumbnail":"https:\/\/images.epagine.fr\/030\/9791092617030_1_v.jpg"},"orderable":true,"show_badge":true,"formatted_price":"15,00&nbsp;\u20ac","formatted_published_date":"30 septembre 2019","publisher_availability_label":"Sur commande","short_details":"Antoine H\u00e9ron \u2014 Nouvelles Editions Caillade","translator":null,"weight":400,"page_count":300,"readership":null,"editor":"Nouvelles Editions Caillade","price":1500,"published_date":"2019-09-29T22:00:00.000000Z","support":"Grand format","publisher_availability":1,"stock":0,"editions":[],"url":"https:\/\/quaidesbrumes.com\/ouvrage\/9791092617030\/de-lindustrie-au-developpement-durable"},{"id":"9782810621101","title":"Change the world ? understanding the unprecedented challenges of the 21st century","description":"At the beginning of the 21st century, our species -Homo sapiens- appears more disconnected than ever from reality. Addicted to oil and digital technology, our societies are giving birth to more and more numerous and resource-intensive populations every day. Among them, a majority of people operate on a model of success exclusively based on money, power, recognition and immediate pleasure.\r\n\r\nAt a time of unprecedented global upheaval, isn't it essential to remember where we came from and to understand how our world is changing? To realize the impact of its economic models and its exponential technological explosion?\r\n\r\nAt the dawn of the impending ecological collapse, is it not urgent to become aware of all the major ecological challenges we will have to face in the coming decades?\r\n\r\nIn this unreasonable and ethno-centric world that we have built, is it not essential to restore the rightful place of other animal species? And beyond animals in particular, don't we have a spiritual duty to respect all living things in general? Isn't it essential to admit that we are methodically destroying the planet and that we all have a moral responsibility to commit ourselves, each at our own level, to stop this destruction and try to preserve what can still be preserved? To do everything we can to offer a planet in good condition to future generations?\r\n\r\nWhether individually or collectively, isn't it crucial for us to return to the three main fundamentals of life which are Loving, Growing and Giving?\r\n\r\nChange the world? is an accessible book that offers a transversal vision of the current evolution of our planet and asks you a simple but essential question: More than ever, the world needs real and committed leaders. Will you answer the call?","authors":["G\u00e9rald Vignaud"],"category_codes":["4000000","4010000","4010200"],"visuals":{"large":"https:\/\/images.epagine.fr\/101\/9782810621101_1_75.jpg","medium":"https:\/\/images.epagine.fr\/101\/9782810621101_1_m.jpg","thumbnail":"https:\/\/images.epagine.fr\/101\/9782810621101_1_v.jpg"},"orderable":true,"show_badge":true,"formatted_price":"10,95&nbsp;\u20ac","formatted_published_date":"24 mars 2021","publisher_availability_label":"Sur commande","short_details":"G\u00e9rald Vignaud \u2014 Books on Demand","translator":null,"weight":301,"page_count":150,"readership":null,"editor":"Books on Demand","price":1095,"published_date":"2021-03-23T23:00:00.000000Z","support":"Grand format","publisher_availability":1,"stock":0,"editions":[],"url":"https:\/\/quaidesbrumes.com\/ouvrage\/9782810621101\/change-the-world-understanding-the-unprecedented-challenges-of-the-21st-century"},{"id":"9782322274888","title":"Cambiar el mundo : comprender los desaf\u00edos sin precedentes del siglo XXI","description":"A principios del siglo XXI, nuestra especie, el Homo sapiens, parece m\u00e1s desconectada que nunca de la realidad. Adictas al petr\u00f3leo y a la tecnolog\u00eda digital, nuestras sociedades est\u00e1n dando a luz a poblaciones cada vez m\u00e1s numerosas y con un uso intensivo de recursos. Entre ellos, la mayor\u00eda de la gente opera en un modelo de \u00e9xito basado exclusivamente en el dinero, el poder, el reconocimiento y las cosas materiales.  En un momento de agitaci\u00f3n mundial sin precedentes, \u00bfNo es esencial recordar de d\u00f3nde venimos y comprender c\u00f3mo est\u00e1 cambiando nuestro mundo? \u00bfPara darse cuenta del impacto de sus modelos econ\u00f3micos y su explosi\u00f3n tecnol\u00f3gica exponencial?  En el amanecer del inminente colapso ecol\u00f3gico, \u00bfNo es urgente tomar conciencia de todos los grandes desaf\u00edos ecol\u00f3gicos que tendremos que enfrentar en las pr\u00f3ximas d\u00e9cadas?  En este mundo desproporcionado y etnoc\u00e9ntrico que hemos construido, \u00bfNo es esencial restaurar el lugar que le corresponde a otras especies animales? Y m\u00e1s all\u00e1 de los animales en particular, \u00bfNo tenemos el deber espiritual de respetar a todos los seres vivos en general? \u00bfNo es esencial admitir que estamos destruyendo met\u00f3dicamente el planeta y que todos tenemos la responsabilidad moral de comprometernos, cada uno a su nivel, para detener esta destrucci\u00f3n y tratar de preservar lo que a\u00fan puede ser preservado? \u00bfHacer todo lo posible para proporcionar un planeta sano a las generaciones futuras?  Ya sea individual o colectivamente, \u00bfNo es crucial para nosotros volver a los tres principales fundamentos de la vida que son Amar, Crecer y Dar?   \u00bfCambiar el mundo?  es un libro accesible que ofrece una visi\u00f3n transversal de la evoluci\u00f3n actual de nuestro planeta y te hace una pregunta simple pero esencial: \u00ab M\u00e1s que nunca, el mundo necesita verdaderos l\u00edderes comprometidos. \u00bfResponder\u00e1 a la llamada? \u00bb","authors":["G\u00e9rald Vignaud"],"category_codes":["4000000","4010000","4010200"],"visuals":{"large":"https:\/\/images.epagine.fr\/888\/9782322274888_1_75.jpg","medium":"https:\/\/images.epagine.fr\/888\/9782322274888_1_m.jpg","thumbnail":"https:\/\/images.epagine.fr\/888\/9782322274888_1_v.jpg"},"orderable":true,"show_badge":true,"formatted_price":"10,95&nbsp;\u20ac","formatted_published_date":"27 mars 2021","publisher_availability_label":"Sur commande","short_details":"G\u00e9rald Vignaud \u2014 Books on Demand","translator":null,"weight":222,"page_count":132,"readership":null,"editor":"Books on Demand","price":1095,"published_date":"2021-03-26T23:00:00.000000Z","support":"Grand format","publisher_availability":1,"stock":0,"editions":[],"url":"https:\/\/quaidesbrumes.com\/ouvrage\/9782322274888\/cambiar-el-mundo-comprender-los-desafios-sin-precedentes-del-siglo-xxi"},{"id":"9782329523682","title":"Les chasses de la Somme","description":null,"authors":["Ernest Prarond"],"category_codes":["10000000","10060000","10060400","10060402"],"visuals":{"large":"https:\/\/quaidesbrumes.com\/img\/book-placeholder.png","medium":"https:\/\/quaidesbrumes.com\/img\/book-placeholder.png","thumbnail":"https:\/\/quaidesbrumes.com\/img\/book-placeholder.png"},"orderable":true,"show_badge":true,"formatted_price":"17,00&nbsp;\u20ac","formatted_published_date":"1er d\u00e9cembre 2020","publisher_availability_label":"Sur commande","short_details":"Ernest Prarond \u2014 Hachette BNF","translator":null,"weight":208,"page_count":null,"readership":null,"editor":"Hachette BNF","price":1700,"published_date":"2020-11-30T23:00:00.000000Z","support":"Grand format","publisher_availability":1,"stock":0,"editions":["9782824004327"],"url":"https:\/\/quaidesbrumes.com\/ouvrage\/9782329523682\/les-chasses-de-la-somme"},{"id":"9782759233496","title":"Attachement et changement dans un monde en transformation","description":"Posons la question autour de nous : \u00ab pourquoi les gens ne s'adaptent pas, ne changent pas ? \u00bb Le plus souvent nous aurons la r\u00e9ponse : \u00ab parce qu'ils sont trop attach\u00e9s \u00e0 leurs privil\u00e8ges, traditions, acquis, relations, etc. Ils ne pourront jamais bouger ! \u00bb. Cette th\u00e9orie qui veut que l'attachement emp\u00eache l'adaptation fait partie du sens commun. Pourtant, depuis de nombreuses ann\u00e9es, les chercheurs qui \u00e9tudient le concept d'attachement montrent que cette th\u00e9orie n'est pas valid\u00e9e. L'attachement peut aussi conf\u00e9rer de la s\u00e9curit\u00e9 et pr\u00e9parer l'individu au changement et \u00e0 l'adaptation. Ce livre d\u00e9montre pourquoi les personnes engag\u00e9es dans des processus de changement des syst\u00e8mes sociaux et \u00e9cologiques doivent prendre en compte les attachements, tant pour les int\u00e9grer dans le processus de prise de d\u00e9cision que pour accompagner la construction de nouveaux attachements.","authors":["Olivier Barreteau","Fran\u00e7ois Bousquet","Fr\u00e9d\u00e9rique Jankowski","Rapha\u00ebl Mathevet","Tara Taylor quinn"],"category_codes":["4000000","4010000","4010200","4010207"],"visuals":{"large":"https:\/\/images.epagine.fr\/496\/9782759233496_1_75.jpg","medium":"https:\/\/images.epagine.fr\/496\/9782759233496_1_m.jpg","thumbnail":"https:\/\/images.epagine.fr\/496\/9782759233496_1_v.jpg"},"orderable":true,"show_badge":true,"formatted_price":"19,00&nbsp;\u20ac","formatted_published_date":"11 ao\u00fbt 2022","publisher_availability_label":"Sur commande","short_details":"Olivier Barreteau, Fran\u00e7ois Bousquet, Fr\u00e9d\u00e9rique Jankowski, Rapha\u00ebl Mathevet, Tara Taylor quinn \u2014 Qu\u00e6","translator":null,"weight":270,"page_count":126,"readership":null,"editor":"Qu\u00e6","price":1900,"published_date":"2022-08-10T22:00:00.000000Z","support":"Grand format","publisher_availability":1,"stock":0,"editions":[],"url":"https:\/\/quaidesbrumes.com\/ouvrage\/9782759233496\/attachement-et-changement-dans-un-monde-en-transformation"},{"id":"9787119117294","title":"A foreign lens:how global partners view china's poverty alleviation efforts","description":null,"authors":["Collectif"],"category_codes":["4000000","4010000","4010200","4010208"],"visuals":{"large":"https:\/\/quaidesbrumes.com\/img\/book-placeholder.png","medium":"https:\/\/quaidesbrumes.com\/img\/book-placeholder.png","thumbnail":"https:\/\/quaidesbrumes.com\/img\/book-placeholder.png"},"orderable":true,"show_badge":true,"formatted_price":"16,90&nbsp;\u20ac","formatted_published_date":"1er octobre 2019","publisher_availability_label":"Sur commande","short_details":"Collectif \u2014 Editions En Langues Etrangeres","translator":null,"weight":410,"page_count":null,"readership":null,"editor":"Editions En Langues Etrangeres","price":1690,"published_date":"2019-09-30T22:00:00.000000Z","support":"Grand format","publisher_availability":1,"stock":0,"editions":[],"url":"https:\/\/quaidesbrumes.com\/ouvrage\/9787119117294\/a-foreign-lenshow-global-partners-view-chinas-poverty-alleviation-efforts"},{"id":"9791020910257","title":"De l'espoir ! pour une r\u00e9publique \u00e9cologique","description":null,"authors":["Eric Piolle"],"category_codes":["4000000","4010000","4010200","4010203"],"visuals":{"large":"https:\/\/images.epagine.fr\/257\/9791020910257_1_75.jpg","medium":"https:\/\/images.epagine.fr\/257\/9791020910257_1_m.jpg","thumbnail":"https:\/\/images.epagine.fr\/257\/9791020910257_1_v.jpg"},"orderable":true,"show_badge":true,"formatted_price":"5,00&nbsp;\u20ac","formatted_published_date":"30 juin 2021","publisher_availability_label":"Sur commande","short_details":"Eric Piolle \u2014 Les liens qui lib\u00e8rent","translator":null,"weight":108,"page_count":96,"readership":null,"editor":"Les liens qui lib\u00e8rent","price":500,"published_date":"2021-06-29T22:00:00.000000Z","support":"Grand format","publisher_availability":1,"stock":0,"editions":[],"url":"https:\/\/quaidesbrumes.com\/ouvrage\/9791020910257\/de-lespoir-pour-une-republique-ecologique"},{"id":"9782374260563","title":"E5t, 10 ans d\u00e9j\u00e0 : des d\u00e9buts de la transition \u00e9nerg\u00e9tique au pari de la neutralit\u00e9 carbone","description":"Il y a dix ans, le fonds de dotation E5T voyait le jour pour faire \u00e9merger des solutions \u00e9nerg\u00e9tiques durables.\r\nDepuis, les pr\u00e9visions des scientifiques sur le r\u00e9chauffement climatique sont devenues une r\u00e9alit\u00e9 tangible pour chacune et chacun d'entre nous.\r\nComprendre les enjeux, ouvrir de nouvelles voies, trouver des r\u00e9ponses op\u00e9rationnelles, partag\u00e9es et efficaces... depuis une d\u00e9cennie, le think tank E5T mobilise l'intelligence collective pour faciliter et acc\u00e9l\u00e9rer la transition \u00e9nerg\u00e9tique. Il contribue par son action \u00e0 construire un nouveau monde structur\u00e9 autour de la neutralit\u00e9 carbone.","authors":["Myriam Maestroni"],"category_codes":["4000000","4010000","4010200","4010203"],"visuals":{"large":"https:\/\/images.epagine.fr\/563\/9782374260563_1_75.jpg","medium":"https:\/\/images.epagine.fr\/563\/9782374260563_1_m.jpg","thumbnail":"https:\/\/images.epagine.fr\/563\/9782374260563_1_v.jpg"},"orderable":true,"show_badge":true,"formatted_price":"20,00&nbsp;\u20ac","formatted_published_date":"12 avril 2021","publisher_availability_label":"Sur commande","short_details":"Myriam Maestroni \u2014 EDITIONS VALENSIN","translator":null,"weight":320,"page_count":104,"readership":null,"editor":"EDITIONS VALENSIN","price":2000,"published_date":"2021-04-11T22:00:00.000000Z","support":"Grand format","publisher_availability":1,"stock":0,"editions":[],"url":"https:\/\/quaidesbrumes.com\/ouvrage\/9782374260563\/e5t-10-ans-deja-des-debuts-de-la-transition-energetique-au-pari-de-la-neutralite-carbone"},{"id":"9782757004616","title":"Climat \u00e9nergie","description":"Les enjeux de la campagne qui pr\u00e9c\u00e8dera les \u00e9ch\u00e9ances \u00e9lectorales de 2022 seront suffisamment lourds et complexes pour que nous \u00e9vitions, individuellement et collectivement, de polluer le d\u00e9bat par des contre-v\u00e9rit\u00e9s, des demi-mensonges, ou des affirmations approximatives. Cette exigence est d'autant plus pertinente que, depuis quelques ann\u00e9es, les \u00ab fake news \u00bb ont pris une ampleur et une nocivit\u00e9 consid\u00e9rables, profitant de l'impact croissant des r\u00e9seaux sociaux sur l'opinion publique. Le collectif local Lyon-Rh\u00f4ne du Pacte civique a donc d\u00e9cid\u00e9 de mettre \u00e0 jour un premier recueil \u00ab Id\u00e9es fausses, id\u00e9es re\u00e7ues \u00bb qu'il avait r\u00e9dig\u00e9 en 2016, en couvrant un champ moins large, mais en approfondissant davantage les questions, pr\u00e9f\u00e9rant rendre compte de leur complexit\u00e9 plut\u00f4t que de prendre le risque de simplifications abusives. Le pr\u00e9sent livret est consacr\u00e9 au climat et \u00e0 l'\u00e9nergie. Deux autres l'accompagnent, l'un consacr\u00e9 \u00e0 l'agriculture, l'autre \u00e0 l'immigration et \u00e0 l'Europe.Le Pacte civique est un collectif de citoyens et d'associations, trans-politique et trans-spirituel qui s'appuie sur quatre valeurs : cr\u00e9ativit\u00e9, sobri\u00e9t\u00e9, justice et fraternit\u00e9 afin de transformer la soci\u00e9t\u00e9 pour cr\u00e9er un futur d\u00e9sirable pour tous.","authors":["Collectif"],"category_codes":["4000000","4010000","4010200"],"visuals":{"large":"https:\/\/images.epagine.fr\/616\/9782757004616_1_75.jpg","medium":"https:\/\/images.epagine.fr\/616\/9782757004616_1_m.jpg","thumbnail":"https:\/\/images.epagine.fr\/616\/9782757004616_1_v.jpg"},"orderable":true,"show_badge":true,"formatted_price":"11,00&nbsp;\u20ac","formatted_published_date":"31 mai 2021","publisher_availability_label":"Sur commande","short_details":"Collectif \u2014 Jacques Andre","translator":null,"weight":100,"page_count":72,"readership":null,"editor":"Jacques Andre","price":1100,"published_date":"2021-05-30T22:00:00.000000Z","support":"Grand format","publisher_availability":1,"stock":0,"editions":[],"url":"https:\/\/quaidesbrumes.com\/ouvrage\/9782757004616\/climat-energie"},{"id":"9782372631198","title":"\u00e9l\u00e9ments d'\u00e9cologie politique : pour une refondation","description":"Cet ouvrage se veut le fondement d'une v\u00e9ritable \u00e9cologie politique s'\u00e9mancipant des id\u00e9ologies mystificatrices. Il se donne trois objectifs : \r\n- D'abord rappeler une s\u00e9rie de notions fondatrices et indispensables \u00e0 toute d\u00e9marche se r\u00e9clamant de l'\u00e9cologie politique ; \r\n- Ensuite pointer les mythes, illusions et id\u00e9ologies qui inhibent, obstruent, fourvoient toute tentative de penser les relations que la civilisation humaine a pu tisser avec la biosph\u00e8re ; \r\n- Enfin, alimenter les r\u00e9flexions qui visent une profonde transformation de nos soci\u00e9t\u00e9s aujourd'hui engag\u00e9es dans des impasses \u00e0 la fois intellectuelles et politiques, et travers\u00e9es par des crises civilisationnelles.\r\nCes r\u00e9flexions nous incitent \u00e0 la reconnaissance pleine et enti\u00e8re de l'alt\u00e9rit\u00e9 de la nature face \u00e0 laquelle l'humanit\u00e9 ne peut qu'exister en cr\u00e9ant lucidement, par sa propre libert\u00e9, ses modes d'organisation individuels et collectifs.\r\nLe rapport \u00e0 la nature n'a jamais \u00e9t\u00e9 et ne sera jamais ni harmonie, ni contrat, ni dialogue apais\u00e9 : c'est une relation conflictuelle et compl\u00e9mentaire entre deux cr\u00e9ations radicales, l'auto-organisation de la nature et l'auto-institution des soci\u00e9t\u00e9s humaines. Seule une autonomie red\u00e9finie permettra de l'appr\u00e9hender lucidement.","authors":["Quentin B\u00e9rard"],"category_codes":["4000000","4010000","4010200","4010207"],"visuals":{"large":"https:\/\/images.epagine.fr\/198\/9782372631198_1_75.jpg","medium":"https:\/\/images.epagine.fr\/198\/9782372631198_1_m.jpg","thumbnail":"https:\/\/images.epagine.fr\/198\/9782372631198_1_v.jpg"},"orderable":true,"show_badge":true,"formatted_price":"19,00&nbsp;\u20ac","formatted_published_date":"11 novembre 2021","publisher_availability_label":"Sur commande","short_details":"Quentin B\u00e9rard \u2014 Libre & Solidaire","translator":null,"weight":322,"page_count":300,"readership":null,"editor":"Libre & Solidaire","price":1900,"published_date":"2021-11-10T23:00:00.000000Z","support":"Grand format","publisher_availability":1,"stock":0,"editions":[],"url":"https:\/\/quaidesbrumes.com\/ouvrage\/9782372631198\/elements-decologie-politique-pour-une-refondation"},{"id":"9782815946254","title":"Quand la Chine s'\u00e9veille verte... un t\u00e9moignage in\u00e9dit sur les Chinois qui s'engagent pour la plan\u00e8te","description":"Si la Chine verdit, cela impacte le mode de vie de 1.4 milliard de personnes. Si elle r\u00e9ussit sa mue \u00e9cologique, les effets d'\u00e9chelle seront tels que cela donne un espoir nouveau pour l'avenir de notre plan\u00e8te. Depuis quelques ann\u00e9es, le pays a investi massivement jusqu'\u00e0 prendre le leadership mondial de la lutte contre les diff\u00e9rentes formes de pollution (air, eau, terre) et le changement climatique, tournant de premi\u00e8re importance et dont, \u00e0 l'\u00e9tranger, on ne prend pas la pleine mesure. Son programme \u00ab Civilisation \u00c9cologique \u00bb, valid\u00e9 par le XIX\u00e8me congr\u00e8s en octobre 2017, a pour objectif principal de d\u00e9carboner l'\u00e9conomie chinoise et de r\u00e9pondre aux fortes attentes des citoyens. Ce livre offre un point de vue in\u00e9dit sur la contribution des Chinois \u00e0 la rel\u00e8ve du d\u00e9fi \u00e9cologique mondial","authors":["Nathalie Bastianelli","Anne Garrigue"],"category_codes":["4000000","4010000","4010200"],"visuals":{"large":"https:\/\/images.epagine.fr\/254\/9782815946254_1_75.jpg","medium":"https:\/\/images.epagine.fr\/254\/9782815946254_1_m.jpg","thumbnail":"https:\/\/images.epagine.fr\/254\/9782815946254_1_v.jpg"},"orderable":true,"show_badge":true,"formatted_price":"23,00&nbsp;\u20ac","formatted_published_date":"1er octobre 2021","publisher_availability_label":"Sur commande","short_details":"Nathalie Bastianelli, Anne Garrigue \u2014 Editions de l'Aube","translator":null,"weight":382,"page_count":304,"readership":null,"editor":"Editions de l'Aube","price":2300,"published_date":"2021-09-30T22:00:00.000000Z","support":"Grand format","publisher_availability":1,"stock":0,"editions":[],"url":"https:\/\/quaidesbrumes.com\/ouvrage\/9782815946254\/quand-la-chine-seveille-verte-un-temoignage-inedit-sur-les-chinois-qui-sengagent-pour-la-planete"},{"id":"9782312080598","title":"Plantes toxiques utilis\u00e9es en m\u00e9decine traditionnelle","description":"Aujourd'hui, l'usage des plantes m\u00e9dicinales ne cesse de cro\u00eetre dans toutes les r\u00e9gions du monde. Les plantes sont b\u00e9n\u00e9fiques \u00e0 la sant\u00e9 parce qu'elles contiennent des principes actifs responsables de leurs effets th\u00e9rapeutiques. Mais beaucoup de plantes utilis\u00e9es en phytoth\u00e9rapie sont toxiques. Elles sont riches en substances toxiques pour l'Homme et dont l'utilisation provoque des troubles plus au moins vari\u00e9s, et parfois mortels. Les intoxications par les plantes constituent un accident fr\u00e9quent dans la plupart des r\u00e9gions du Monde. D'apr\u00e8s l'OMS, des millions d'appels sont adress\u00e9s chaque ann\u00e9e aux centres antipoison. Les donn\u00e9es des centres antipoison ont montr\u00e9 que l'intoxication aux plantes est souvent \u00e0 l'origine d'une morbidit\u00e9 et d'une mortalit\u00e9 importante. L'Afrique du Nord a une longue histoire en phytoth\u00e9rapie et cette r\u00e9gion est la source d'un nombre important de plantes m\u00e9dicinales qui sont utilis\u00e9es pour des fins th\u00e9rapeutiques dans le monde entier. Une fraction de ces plantes est constitu\u00e9e de plantes toxiques qui peuvent provoquer des intoxications graves. Ce travail de synth\u00e8se s'int\u00e9resse \u00e0 collecter des donn\u00e9es scientifiques sur les principales plantes toxiques publi\u00e9es par les centres antipoison et dans des revues et livres scientifiques. Ce livre permet au lecteur de reconna\u00eetre les noms communs et scientifiques, la classification, l'usage traditionnel, les principales substances toxiques, et la toxicit\u00e9 de 36 plantes toxiques utilis\u00e9es en phytoth\u00e9rapie. Ces plantes provoquent des intoxications plus au moins vari\u00e9es chaque ann\u00e9e, et parfois mortelles, dans l'Afrique du Nord, dans la r\u00e9gion m\u00e9diterran\u00e9enne, et dans le monde entier.","authors":["Abderrazak El alami"],"category_codes":["4000000","4010000","4010400","4010404"],"visuals":{"large":"https:\/\/images.epagine.fr\/598\/9782312080598_1_75.jpg","medium":"https:\/\/images.epagine.fr\/598\/9782312080598_1_m.jpg","thumbnail":"https:\/\/images.epagine.fr\/598\/9782312080598_1_v.jpg"},"orderable":true,"show_badge":true,"formatted_price":"19,00&nbsp;\u20ac","formatted_published_date":"22 avril 2021","publisher_availability_label":"Sur commande","short_details":"Abderrazak El alami \u2014 Editions du Net","translator":null,"weight":147,"page_count":82,"readership":null,"editor":"Editions du Net","price":1900,"published_date":"2021-04-21T22:00:00.000000Z","support":"Grand format","publisher_availability":1,"stock":0,"editions":[],"url":"https:\/\/quaidesbrumes.com\/ouvrage\/9782312080598\/plantes-toxiques-utilisees-en-medecine-traditionnelle"},{"id":"9782322230358","title":"Journal de bord voyage en camping-car ; carnet \u00e0 compl\u00e9ter pour noter vos \u00e9tapes et itin\u00e9raires ; 50 road-trios et aventures pr\u00e9-remplies","description":"Carnet de voyage \u00e0 compl\u00e9ter pour garder une trace de vos aventures. Le carnet comporte 50 fiches doubles pour d\u00e9crire votre aire de camping, mais aussi les visites effectu\u00e9es et les nouvelles personnes. Vous retrouverez aussi la check-liste de d\u00e9part pour ne rien oublier avant de partir.","authors":["Ren\u00e9 Charpin"],"category_codes":["4000000","4010000","4010500","4010503"],"visuals":{"large":"https:\/\/images.epagine.fr\/358\/9782322230358_1_75.jpg","medium":"https:\/\/images.epagine.fr\/358\/9782322230358_1_m.jpg","thumbnail":"https:\/\/images.epagine.fr\/358\/9782322230358_1_v.jpg"},"orderable":true,"show_badge":true,"formatted_price":"8,99&nbsp;\u20ac","formatted_published_date":"19 f\u00e9vrier 2021","publisher_availability_label":"Sur commande","short_details":"Ren\u00e9 Charpin \u2014 Books on Demand","translator":null,"weight":201,"page_count":104,"readership":null,"editor":"Books on Demand","price":899,"published_date":"2021-02-18T23:00:00.000000Z","support":"Grand format","publisher_availability":1,"stock":0,"editions":[],"url":"https:\/\/quaidesbrumes.com\/ouvrage\/9782322230358\/journal-de-bord-voyage-en-camping-car-carnet-a-completer-pour-noter-vos-etapes-et-itineraires-50-road-trios-et-aventures-pre-remplies"},{"id":"9782322219131","title":"Le journal de mes balades et randonn\u00e9es","description":"Vous \u00eates randonneur, marcheur, coureur, cycliste, v\u00e9t\u00e9tiste, skieur... ?  Vous aimez les sorties dans la nature, seul ou entre amis ?\r\nSi vous aimez \u00e9crire, garder une trace de vos sorties, de ce que vous y avez v\u00e9cu physiquement et \u00e9motionnellement,  Si vous aimez raconter les animaux aper\u00e7us, les paysages surprenants, les moments de joie, d'\u00e9merveillement, de fatigue ou de surprise,  Ce  journal de mes balades et de mes randonn\u00e9es  sera votre compagnon, non seulement pour pr\u00e9parer votre sorties mais \u00e9galement pendant et apr\u00e8s ; Vous pourrez m\u00eame y consigner vos projets de sorties \u00e0 venir.","authors":["Nicole Bossy"],"category_codes":["4000000","4010000","4010500","4010503"],"visuals":{"large":"https:\/\/images.epagine.fr\/131\/9782322219131_1_75.jpg","medium":"https:\/\/images.epagine.fr\/131\/9782322219131_1_m.jpg","thumbnail":"https:\/\/images.epagine.fr\/131\/9782322219131_1_v.jpg"},"orderable":true,"show_badge":true,"formatted_price":"12,50&nbsp;\u20ac","formatted_published_date":"24 avril 2021","publisher_availability_label":"Sur commande","short_details":"Nicole Bossy \u2014 Books on Demand","translator":null,"weight":301,"page_count":156,"readership":null,"editor":"Books on Demand","price":1250,"published_date":"2021-04-23T22:00:00.000000Z","support":"Grand format","publisher_availability":1,"stock":0,"editions":[],"url":"https:\/\/quaidesbrumes.com\/ouvrage\/9782322219131\/le-journal-de-mes-balades-et-randonnees"}]}