{"data":[{"id":"9780712353021","title":"Dogs in medieval manuscripts","description":null,"authors":["Kathleen Walker-Meik"],"category_codes":["4000000","4010000"],"visuals":{"large":"https:\/\/quaidesbrumes.com\/img\/book-placeholder.png","medium":"https:\/\/quaidesbrumes.com\/img\/book-placeholder.png","thumbnail":"https:\/\/quaidesbrumes.com\/img\/book-placeholder.png"},"orderable":true,"show_badge":true,"formatted_price":"22,00&nbsp;\u20ac","formatted_published_date":"6 mai 2020","publisher_availability_label":"Sur commande","short_details":"Kathleen Walker-Meik \u2014 British Library","translator":null,"weight":0,"page_count":null,"readership":null,"editor":"British Library","price":2200,"published_date":"2020-05-05T22:00:00.000000Z","support":"Grand format","publisher_availability":1,"stock":0,"editions":[],"url":"https:\/\/quaidesbrumes.com\/ouvrage\/9780712353021\/dogs-in-medieval-manuscripts"},{"id":"9782343192772","title":"Repenser la relation homme-animal ; g\u00e9n\u00e9alogie et perspectives","description":"Cet ouvrage, centr\u00e9 sur la question interdisciplinaire de la rencontre entre les animaux humains et non humains, cherche \u00e0 cr\u00e9er des passerelles entre les diff\u00e9rents courants des \u00e9tudes animales. Des chercheurs issus des sciences de l'homme et des sciences de la nature questionnent les grandes \u00e9tapes historiques, politiques et philosophiques qui ont marqu\u00e9 les relations que nous entretenons avec les animaux non humains depuis le Moyen \u00c2ge. Ce volume s'attache \u00e0 mettre au jour les moments de rupture ainsi que le r\u00f4le de certains pr\u00e9curseurs de la r\u00e9volution animale. Il interroge \u00e9galement la notion d'anthropomorphisme et se termine par une ouverture sur le domaine artistique.","authors":["Aur\u00e9lie Chon\u00e9","Isabel Iribarren","Marie Pel\u00e9","Catherine Repussard","C\u00e9dric Sueur"],"category_codes":["4000000","4010000","4010200"],"visuals":{"large":"https:\/\/images.epagine.fr\/772\/9782343192772_1_75.jpg","medium":"https:\/\/images.epagine.fr\/772\/9782343192772_1_m.jpg","thumbnail":"https:\/\/images.epagine.fr\/772\/9782343192772_1_v.jpg"},"orderable":true,"show_badge":true,"formatted_price":"19,50&nbsp;\u20ac","formatted_published_date":"5 mars 2020","publisher_availability_label":"Sur commande","short_details":"Aur\u00e9lie Chon\u00e9, Isabel Iribarren, Marie Pel\u00e9, Catherine Repussard, C\u00e9dric Sueur \u2014 \u00c9ditions L'Harmattan","translator":null,"weight":208,"page_count":166,"readership":null,"editor":"\u00c9ditions L'Harmattan","price":1950,"published_date":"2020-03-04T23:00:00.000000Z","support":"Grand format","publisher_availability":1,"stock":0,"editions":[],"url":"https:\/\/quaidesbrumes.com\/ouvrage\/9782343192772\/repenser-la-relation-homme-animal-genealogie-et-perspectives"},{"id":"9782343193465","title":"Urgence climatique et d\u00e9veloppement en Afrique ; les m\u00e9dias en premi\u00e8re ligne","description":"L'Afrique repr\u00e9sente 17 % de la population mondiale et est responsable d'\u00e0 peine 4 % des \u00e9missions de gaz \u00e0 effet de serre, \u00e0 l'\u00e9chelle de la plan\u00e8te. C'est aussi la r\u00e9gion qui souffre le plus des cons\u00e9quences du r\u00e9chauffement climatique. Ce paradoxe tend \u00e0 minorer le r\u00f4le que jouent les hommes et femmes de m\u00e9dias, en mati\u00e8re de sensibilisation, d'information et de communication sur le climat. Cet essai, qui va bien au-del\u00e0 de l'implication des m\u00e9dias d'Afrique pour l'urgence climatique, aborde \u00e9galement les questions li\u00e9es au d\u00e9veloppement durable : la place du livre et de la culture, la coop\u00e9ration internationale avec les enjeux de l'aide publique au d\u00e9veloppement, les interactions entre cette aide et le d\u00e9veloppement.","authors":["Jean-C\u00e9lestin Edjangu\u00e9"],"category_codes":["4000000","4010000","4010200"],"visuals":{"large":"https:\/\/images.epagine.fr\/465\/9782343193465_1_75.jpg","medium":"https:\/\/images.epagine.fr\/465\/9782343193465_1_m.jpg","thumbnail":"https:\/\/images.epagine.fr\/465\/9782343193465_1_v.jpg"},"orderable":true,"show_badge":true,"formatted_price":"22,50&nbsp;\u20ac","formatted_published_date":"7 janvier 2020","publisher_availability_label":"Sur commande","short_details":"Jean-C\u00e9lestin Edjangu\u00e9 \u2014 \u00c9ditions L'Harmattan","translator":null,"weight":257,"page_count":200,"readership":null,"editor":"\u00c9ditions L'Harmattan","price":2250,"published_date":"2020-01-06T23:00:00.000000Z","support":"Grand format","publisher_availability":1,"stock":0,"editions":[],"url":"https:\/\/quaidesbrumes.com\/ouvrage\/9782343193465\/urgence-climatique-et-developpement-en-afrique-les-medias-en-premiere-ligne"},{"id":"9782490365081","title":"Souvenirs d'un coureur de berges Tome 2","description":"Robert MENQUET \u00ab bourlingueur \u00bb bien connu du \u00ab monde de la p\u00eache \u00bb est n\u00e9 \u00e0 Toulouse en mai 1944 sur les bords de la Garonne, il a \u00e9t\u00e9 tout jeune attir\u00e9 par les berges de ce fleuve qui jouxtait sa maison et in\u00e9vitablement par la p\u00eache. Initi\u00e9 tr\u00e8s jeune par son p\u00e8re et par son fr\u00e8re, il s'est vite senti appel\u00e9 par les eaux vives des Pyr\u00e9n\u00e9es proches et par les truites sauvages qui les peuplaient. Il a surtout eu l'insigne chance d'avoir \u00e9t\u00e9 form\u00e9 tout jeune par des \u00ab Grands Ma\u00eetres\u00bb tels L\u00e9on Foch et Henri SOUEIX les \u00ab tocqueurs, Louis CARR\u00c8RE et Charles LAFORGUES les \u00ab moucheurs \u00bb, Michel DUBORGEL et Beno\u00eet SARTHOU les \u00ab saumoniers \u00bb et bien d'autres grands p\u00eacheurs des Pyr\u00e9n\u00e9es ; par la suite il s'est sp\u00e9cialis\u00e9 en p\u00eache en mer et m\u00eame en exotique. Il a \u00e9t\u00e9 l'un des premiers titulaires en France du Brevet d'Etat de Moniteur Guide de P\u00eache (BPJEPS) et de l'U.C.C. Maritime.\r\nSon cursus professionnel l'a rendu titulaire entre autres des M\u00e9dailles d'Argent et de Bronze de la Jeunesse et des Sports, de la M\u00e9daille d'or avec Palme d'Or du Courage et de la M\u00e9daille du Sauvetage en Mer. La pratique de la Plong\u00e9e (Sportive et Professionnelle), de la P\u00eache sousmarine ainsi que du Sauvetage en Mer durant pr\u00e8s de trente ans lui ont donn\u00e9 l'occasion de voir et d'approcher les poissons dans leur \u00e9l\u00e9ment, et de comprendre un peu leurs modes de vie. Le fait de ressentir les flux de l'eau sur son corps lui a permis de mieux en appr\u00e9hender et d'en \u00ab saisir \u00bb tous les mouvements, toutes les variations. C'est cela qui aujourd'hui fait sa force en p\u00eache car il en devine et comprend tous les courants. Des rivi\u00e8res et des Gaves Pyr\u00e9n\u00e9ens aux rivi\u00e8res Bretonnes et Picardes en passant par tous les cours d'eau \u00e0 saumons et \u00e0 truites de mer de France et d'ailleurs, des rivages de la Manche et de l'Atlantique \u00e0 la M\u00e9diterran\u00e9e en passant par la mer du Nord, des rivages enchanteurs du Pacifique-Sud aux \u00eeles et aux c\u00f4tes africaines, il a parcouru des milliers de kilom\u00e8tres en gardant toujours un oeil sur et sous l'eau. Dans les petits \u00ab r\u00e9cits \u00bb de ce nouvel opus sur ses souvenirs, sans pour cela \u00eatre trop technique,il nous livre au travers des lignes outre ses souvenirs, des astuces et quelques notions de mat\u00e9riel et de montages.\r\nSon t\u00e9moignage nous interpelle, il nous invite \u00e0 regarder en arri\u00e8re pour comprendre ce qu'\u00e9tait la p\u00eache \u00e0 une \u00e9poque encore tr\u00e8s proche, et puis surtout de prendre en compte dans sa globalit\u00e9 et de tout faire pour prot\u00e9ger la Nature. Surtout si nous voulons l\u00e9guer \u00e0 nos enfants une Terre aussi belle que celle que nous autres avons eu la joie de conna\u00eetre.\r\nIl a compris il y a bien longtemps que ce n'est pas une technique qui fait la sportivit\u00e9 ; mais c'est seulement l'\u00e9tat d'esprit de celui qui la pratique et qu'il ne faut pas discriminer une m\u00e9thode ; seulement on ne peut que regretter la fa\u00e7on dont certains p\u00eacheurs en usent, car c'est cela qui est pr\u00e9judiciable pour tous.\r","authors":["Robert Menquet"],"category_codes":["4000000","4010000","4010500","4010502"],"visuals":{"large":"https:\/\/images.epagine.fr\/081\/9782490365081_1_75.jpg","medium":"https:\/\/images.epagine.fr\/081\/9782490365081_1_m.jpg","thumbnail":"https:\/\/images.epagine.fr\/081\/9782490365081_1_v.jpg"},"orderable":true,"show_badge":true,"formatted_price":"25,00&nbsp;\u20ac","formatted_published_date":"9 janvier 2020","publisher_availability_label":"Sur commande","short_details":"Robert Menquet \u2014 Le Trieux","translator":null,"weight":501,"page_count":266,"readership":null,"editor":"Le Trieux","price":2500,"published_date":"2020-01-08T23:00:00.000000Z","support":"Grand format","publisher_availability":1,"stock":0,"editions":[],"url":"https:\/\/quaidesbrumes.com\/ouvrage\/9782490365081\/souvenirs-dun-coureur-de-berges-tome-2"},{"id":"9782490516049","title":"Le champ des possibles","description":"Pour ou contre les pesticides ? Les int\u00e9r\u00eats des uns et des autres s'opposent parfois frontalement. Comment sortir de cette confrontation pour faire \u00e9merger un solution \u00e0 un probl\u00e8me collectif. \u00c0 cheval sur les sciences humaines et les arts, le livre d\u00e9crit une pratique de co-cr\u00e9ation artistique pour ouvrir et faciliter le dialoguer. 2 pi\u00e8ces de th\u00e9\u00e2tre produites dans ce contexte sont ici reproduites : l'une sur l'usage des pesticides dans l'agriculture, l'autre sur le r\u00e9chauffement climatique.\r","authors":["Olivier Fournout","Sylvie Bouchet"],"category_codes":["4000000","4010000","4010200","4010208"],"visuals":{"large":"https:\/\/images.epagine.fr\/049\/9782490516049_1_75.jpg","medium":"https:\/\/images.epagine.fr\/049\/9782490516049_1_m.jpg","thumbnail":"https:\/\/images.epagine.fr\/049\/9782490516049_1_v.jpg"},"orderable":true,"show_badge":true,"formatted_price":"23,00&nbsp;\u20ac","formatted_published_date":"10 janvier 2020","publisher_availability_label":"Sur commande","short_details":"Olivier Fournout, Sylvie Bouchet \u2014 Editions Sikit","translator":null,"weight":230,"page_count":280,"readership":null,"editor":"Editions Sikit","price":2300,"published_date":"2020-01-09T23:00:00.000000Z","support":"Grand format","publisher_availability":1,"stock":0,"editions":[],"url":"https:\/\/quaidesbrumes.com\/ouvrage\/9782490516049\/le-champ-des-possibles"},{"id":"9782813002969","title":"Palmiers menac\u00e9s : situation, causes et rem\u00e8des","description":"La famille des Ar\u00e9cac\u00e9es, qui comprend l'ensemble des genres de palmiers pr\u00e9sents dans les diff\u00e9rents domaines biog\u00e9ographiques de la zone intertropicale, constitue une ressource \u00e9conomique vitale pour les populations de nombreux pays du Sud. Cette famille, d\u00e9j\u00e0 fortement affect\u00e9e par les impacts li\u00e9s \u00e0 la d\u00e9forestation, aux insectes ravageurs, aux maladies, aux plantes invasives et \u00e0 la demande de biocarburants, conna\u00eetra par ailleurs de nouvelles d\u00e9gradations li\u00e9es au r\u00e9chauffement climatique. Il devenait donc urgent de proc\u00e9der \u00e0 une recension compl\u00e8te des diff\u00e9rents genres et esp\u00e8ces, de d\u00e9crire pr\u00e9cis\u00e9ment l'\u00e9tat des populations dans les diff\u00e9rents domaines biog\u00e9ographiques, afin de proposer les rem\u00e8des n\u00e9cessaires \u00e0 leur pr\u00e9servation et \u00e0 leur conservation. Sur la base d'un important travail de compilation bibliographique, le pr\u00e9sent ouvrage dresse ainsi un bilan de la situation des palmiers en fonction des diff\u00e9rents crit\u00e8res d\u00e9finis par l'UICN. L'inventaire porte sur les esp\u00e8ces appartenant \u00e0 150 genres parmi les 188 qui composent la famille, avec pour chacune des informations sur l'habitat, l'\u00e9tat de d\u00e9gradation et les menaces qui p\u00e8sent sur elle. L'ouvrage, qui souligne l'urgence d'un plan d'actions cibl\u00e9es, int\u00e9ressera tous les acteurs impliqu\u00e9s dans les programmes de conservation de la nature et de la biodiversit\u00e9. Il s'adresse plus particuli\u00e8rement aux chercheurs investis dans les recherches sur les palmiers et leur environnement, mais \u00e9galement aux acteurs de terrain et aux d\u00e9cideurs en charge des programmes de d\u00e9veloppement agronomique dans les pays du Sud.","authors":["Bernard Malaurie"],"category_codes":["4000000","4010000","4010200"],"visuals":{"large":"https:\/\/images.epagine.fr\/969\/9782813002969_1_75.jpg","medium":"https:\/\/images.epagine.fr\/969\/9782813002969_1_m.jpg","thumbnail":"https:\/\/images.epagine.fr\/969\/9782813002969_1_v.jpg"},"orderable":true,"show_badge":true,"formatted_price":"42,00&nbsp;\u20ac","formatted_published_date":"1er ao\u00fbt 2019","publisher_availability_label":"Sur commande","short_details":"Bernard Malaurie \u2014 ARCHIVES CONTEMPORAINES","translator":null,"weight":927,"page_count":null,"readership":null,"editor":"ARCHIVES CONTEMPORAINES","price":4200,"published_date":"2019-07-31T22:00:00.000000Z","support":"Grand format","publisher_availability":1,"stock":0,"editions":[],"url":"https:\/\/quaidesbrumes.com\/ouvrage\/9782813002969\/palmiers-menaces-situation-causes-et-remedes"},{"id":"9782813002976","title":"Importance et r\u00f4le socio-\u00e9conomique des palmiers","description":"Sur terre, quatre familles de plantes se distinguent en fonction de leur utilit\u00e9 pour l'humanit\u00e9 pass\u00e9e et actuelle?: la famille des Poac\u00e9es, les Solanac\u00e9es, les Fabac\u00e9es et les Ar\u00e9cac\u00e9es. Sur les 8?000 esp\u00e8ces foresti\u00e8res utilis\u00e9es, on ne compterait que 2?400 esp\u00e8ces qui seraient judicieusement utilis\u00e9es pour les produits et services qu'ils fournissent. La famille des Ar\u00e9cac\u00e9es est plac\u00e9e en 2007 au premier rang des plantes sources de lipides. Pour l'importance \u00e9conomique globale au niveau des r\u00e9gions tropicales, les palmiers arrivent au deuxi\u00e8me rang apr\u00e8s les herbes \u00e0 fourrage. Les palmiers repr\u00e9sentent un potentiel consid\u00e9rable par les \u00e9normes usages qu'ils peuvent proposer \u00e0 partir des diff\u00e9rentes parties de la plante?: fruits, bourgeons, graines, coquilles de noix, fleurs, racines, feuilles, faux-tronc, ou stipe, et des diff\u00e9rents produits qu'ils offrent, principalement de l'huile, de la s\u00e8ve, le chou-palmiste (ou coeur de palmier) et de l'amidon. Ils jouent un r\u00f4le important en tant que sources de mati\u00e8res premi\u00e8res, comestibles ou non. C'est m\u00eame la famille de plante dont on recense le plus grand nombre d'utilisations. Cet ouvrage pr\u00e9sente une trentaine d'esp\u00e8ces de palmier jouant un r\u00f4le socio-\u00e9conomique majeur aupr\u00e8s des communaut\u00e9s indig\u00e8nes, au sein des domaines biog\u00e9ographiques d\u00e9crits dans l'ouvrage _Palmiers menac\u00e9s_. Pour le palmier dattier (Phoenix dactylifera), cela concerne tous les pays du Maghreb, du Machrek, du Moyen-Orient et m\u00eame certains pays d'Asie (Chine) ou d'Am\u00e9rique (USA, Mexique)?; pour le cocotier (Cocos nucifera), plus de 90 pays producteurs (Oc\u00e9anie, Asie du sud-est, Asie du sud, Afrique, Cara\u00efbes, Am\u00e9rique centrale et du sud)?; pour les palmiers rotin (les principaux genres impliqu\u00e9s sont : Calamus, Eremospatha, Laccosperma), surtout les pays de l'ASEAN (Calamus), mais aussi les pays africains du golfe de Guin\u00e9e?; pour les 12 palmiers \u00e9tudi\u00e9s des N\u00e9otropiques (10 genres repr\u00e9sent\u00e9s?: Acrocomia, Attalea, Bactris, Elaeis, Euterpe, Iriartea, Mauritia, Oenocarp","authors":["Bernard Malaurie"],"category_codes":["4000000","4010000","4010200"],"visuals":{"large":"https:\/\/images.epagine.fr\/976\/9782813002976_1_75.jpg","medium":"https:\/\/images.epagine.fr\/976\/9782813002976_1_m.jpg","thumbnail":"https:\/\/images.epagine.fr\/976\/9782813002976_1_v.jpg"},"orderable":true,"show_badge":true,"formatted_price":"62,00&nbsp;\u20ac","formatted_published_date":"1er ao\u00fbt 2019","publisher_availability_label":"Sur commande","short_details":"Bernard Malaurie \u2014 ARCHIVES CONTEMPORAINES","translator":null,"weight":1650,"page_count":null,"readership":null,"editor":"ARCHIVES CONTEMPORAINES","price":6200,"published_date":"2019-07-31T22:00:00.000000Z","support":"Grand format","publisher_availability":1,"stock":0,"editions":[],"url":"https:\/\/quaidesbrumes.com\/ouvrage\/9782813002976\/importance-et-role-socio-economique-des-palmiers"},{"id":"9782358443579","title":"Florantilla ; flore photographique des petites antilles, 1814 especes, 5036 photos, 261 illustrations","description":"\"Florantilla est riche de 1 693 esp\u00e8ces de plantes \u00e0 fleurs et 121 esp\u00e8ces de foug\u00e8res, 5 036 photos et 261 sch\u00e9mas. Cet ouvrage veut faciliter au plus grand nombre la d\u00e9couverte et l'\u00e9tude des esp\u00e8ces v\u00e9g\u00e9tales rencontr\u00e9es dans les Petites Antilles. En utilisant des photographies, il facilite la connaissance tout en s'affranchissant en partie du vocabulaire \u00e9sot\u00e9rique utilis\u00e9 par les botanistes. Dans le m\u00eame esprit, les mots de vocabulaire utilis\u00e9s dans les descriptions des familles botaniques sont illustr\u00e9s avec des dessins ainsi que des d\u00e9finitions. Des QRcodes permettent \u00e9galement d'acc\u00e9der aux descriptions des esp\u00e8ces \u00e0 partir de la Flore illustr\u00e9e des phan\u00e9rogames de Guadeloupe et de Martinique, de Jacques Fournet, et \u00e0 des milliers de photos suppl\u00e9mentaires.\"\r","authors":["Cesar Delnatte","Andr\u00e9 Exbrayat","Michel Galtier","Fr\u00e9d\u00e9ric Marchal"],"category_codes":["4000000","4010000","4010400"],"visuals":{"large":"https:\/\/images.epagine.fr\/579\/9782358443579_1_75.jpg","medium":"https:\/\/images.epagine.fr\/579\/9782358443579_1_m.jpg","thumbnail":"https:\/\/images.epagine.fr\/579\/9782358443579_1_v.jpg"},"orderable":true,"show_badge":true,"formatted_price":"150,00&nbsp;\u20ac","formatted_published_date":"14 janvier 2020","publisher_availability_label":"Sur commande","short_details":"Cesar Delnatte, Andr\u00e9 Exbrayat, Michel Galtier, Fr\u00e9d\u00e9ric Marchal \u2014 \u00c9ditions L'Harmattan","translator":null,"weight":2720,"page_count":1128,"readership":null,"editor":"\u00c9ditions L'Harmattan","price":15000,"published_date":"2020-01-13T23:00:00.000000Z","support":"Grand format","publisher_availability":1,"stock":0,"editions":[],"url":"https:\/\/quaidesbrumes.com\/ouvrage\/9782358443579\/florantilla-flore-photographique-des-petites-antilles-1814-especes-5036-photos-261-illustrations"},{"id":"9781784055011","title":"Mobilit\u00e9s face aux \u00e9v\u00e9nements hydrom\u00e9t\u00e9orologiques extr\u00eames Tome 2","description":"Les \u00e9v\u00e9nements hydrom\u00e9t\u00e9orologiques extr\u00eames se multiplient sous l'effet des d\u00e9r\u00e8glements climatiques. Il est aujourd'hui n\u00e9cessaire de mieux anticiper les interactions probl\u00e9matiques entre dynamiques physiques et sociales afin d'en minorer leurs cons\u00e9quences.\r\n\r\nCet ouvrage collectif, fruit du travail d'une \u00e9quipe interdisciplinaire, vise \u00e0 explorer les dynamiques sociales et hydrologiques pour comprendre les m\u00e9canismes qui m\u00e8nent soit \u00e0 des catastrophes, soit \u00e0 des \u00e9v\u00e9nements d'impacts limit\u00e9s, et ainsi de mieux s'y pr\u00e9parer.\r\n\r\nCentr\u00e9 sur les crues rapides qui affectent particuli\u00e8rement le bassin m\u00e9diterran\u00e9en, cet ouvrage contribue \u00e0 mieux caract\u00e9riser les nombreuses dimensions de ces \u00e9v\u00e9nements, de leur pr\u00e9vision \u00e0 leurs cons\u00e9quences en termes d'exposition humaine, de d\u00e9veloppement territorial et de mobilit\u00e9 sociale.\r\n\r\nAlors que le premier volume explore la question des \u00e9chelles d'analyse sociohydrologique de l'exposition des mobilit\u00e9s sociales aux crues rapides, ce volume traite de la question des rythmes d'exposition et d'adaptation \u00e0 de tels ph\u00e9nom\u00e8nes.\r","authors":["Collectif"],"category_codes":["4000000","4010000","4010200","4010204"],"visuals":{"large":"https:\/\/images.epagine.fr\/011\/9781784055011_1_75.jpg","medium":"https:\/\/images.epagine.fr\/011\/9781784055011_1_m.jpg","thumbnail":"https:\/\/images.epagine.fr\/011\/9781784055011_1_v.jpg"},"orderable":true,"show_badge":true,"formatted_price":"82,29&nbsp;\u20ac","formatted_published_date":"22 mai 2020","publisher_availability_label":"Sur commande","short_details":"Collectif \u2014 Iste","translator":null,"weight":0,"page_count":266,"readership":null,"editor":"Iste","price":8229,"published_date":"2020-05-21T22:00:00.000000Z","support":"Grand format","publisher_availability":1,"stock":0,"editions":[],"url":"https:\/\/quaidesbrumes.com\/ouvrage\/9781784055011\/mobilites-face-aux-evenements-hydrometeorologiques-extremes-tome-2"},{"id":"9782343188003","title":"Une plan\u00e8te encore masqu\u00e9e","description":"Ce recueil de po\u00e8mes au ton indign\u00e9, patriote, r\u00e9volutionnaire et engag\u00e9 est un cri du coeur. L'auteur d\u00e9nonce, interpelle et partage son imaginaire bien r\u00e9el, poussant le lecteur \u00e0 se remettre en question. Les th\u00e8mes abord\u00e9s sont d'actualit\u00e9 et le style utilis\u00e9, sans broderie, suscite l'\u00e9motion, l'indignation, la prise de conscience et l'\u00e9veil.","authors":["Raphael Aime Sagno"],"category_codes":["4000000","4010000","4010200"],"visuals":{"large":"https:\/\/images.epagine.fr\/003\/9782343188003_1_75.jpg","medium":"https:\/\/images.epagine.fr\/003\/9782343188003_1_m.jpg","thumbnail":"https:\/\/images.epagine.fr\/003\/9782343188003_1_v.jpg"},"orderable":true,"show_badge":true,"formatted_price":"11,00&nbsp;\u20ac","formatted_published_date":"16 janvier 2020","publisher_availability_label":"Sur commande","short_details":"Raphael Aime Sagno \u2014 \u00c9ditions L'Harmattan","translator":null,"weight":90,"page_count":60,"readership":null,"editor":"\u00c9ditions L'Harmattan","price":1100,"published_date":"2020-01-15T23:00:00.000000Z","support":"Grand format","publisher_availability":1,"stock":0,"editions":[],"url":"https:\/\/quaidesbrumes.com\/ouvrage\/9782343188003\/une-planete-encore-masquee"},{"id":"9782848768038","title":"R\u00e9parer le climat","description":"La pand\u00e9mie du Covid-19 a comme vitrifi\u00e9 le monde d'hier sans rien dire de ce que sera le monde de demain. Au moment o\u00f9, l'urgence sanitaire pass\u00e9e, nous devrons penser \u00e0 l'apr\u00e8s, il est \u00e9vident qu'un pacte \u00e9cologique devra pr\u00e9c\u00e9der et accompagner tous les sch\u00e9mas de reprise \u00e9conomique visant un retour \u00e0 la croissance. Que sera \u00e0 l'avenir un d\u00e9veloppement normal de l'activit\u00e9 humaine, qui a d\u00e9j\u00e0 tant ab\u00eem\u00e9 la plan\u00e8te ?\r\n\u00c0 travers de nombreux entretiens, reportages et analyses, ce nouveau volume des 1ndispensables fait le point sur les savoirs et les controverses autour du climat. Sociologues, \u00e9pid\u00e9miologistes, climatologues et philosophes prennent la parole et se font ensemble le relais d'une pens\u00e9e du monde de demain. Quels sont les ressorts de la mobilisation d'une jeunesse indign\u00e9e sous l'\u00e9gide de Greta Thunberg ? Quid des pistes internationales pour mettre fin aux strat\u00e9gies politiques d'\u00e9vitement ? Comment penser le combat climatique avec celui de la justice sociale ? Tandis qu'\u00e0 l'heure du Covid-19 les \u00e9missions de CO2 et de gaz \u00e0 effet de serre diminuent partout sur la plan\u00e8te, saurons-nous ne pas oublier les enjeux climatiques une fois act\u00e9 le retour \u00e0 la normale ?\r","authors":["Collectif","Eric Fottorino"],"category_codes":["4000000","4010000","4010200","4010207"],"visuals":{"large":"https:\/\/images.epagine.fr\/038\/9782848768038_1_75.jpg","medium":"https:\/\/images.epagine.fr\/038\/9782848768038_1_m.jpg","thumbnail":"https:\/\/images.epagine.fr\/038\/9782848768038_1_v.jpg"},"orderable":true,"show_badge":true,"formatted_price":"9,00&nbsp;\u20ac","formatted_published_date":"18 juin 2020","publisher_availability_label":"Sur commande","short_details":"Collectif, Eric Fottorino \u2014 \u00c9ditions Philippe Rey","translator":null,"weight":135,"page_count":96,"readership":null,"editor":"\u00c9ditions Philippe Rey","price":900,"published_date":"2020-06-17T22:00:00.000000Z","support":"Grand format","publisher_availability":1,"stock":0,"editions":[],"url":"https:\/\/quaidesbrumes.com\/ouvrage\/9782848768038\/reparer-le-climat"},{"id":"9782374260341","title":"Acc\u00e9l\u00e9rez la transition \u00e9nerg\u00e9tique, l'affaire de tous","description":null,"authors":["Foundation E5t"],"category_codes":["4000000","4010000","4010200","4010203"],"visuals":{"large":"https:\/\/images.epagine.fr\/341\/9782374260341_1_75.jpg","medium":"https:\/\/images.epagine.fr\/341\/9782374260341_1_m.jpg","thumbnail":"https:\/\/images.epagine.fr\/341\/9782374260341_1_v.jpg"},"orderable":true,"show_badge":true,"formatted_price":"13,90&nbsp;\u20ac","formatted_published_date":"17 f\u00e9vrier 2020","publisher_availability_label":"Sur commande","short_details":"Foundation E5t \u2014 EDITIONS VALENSIN","translator":null,"weight":573,"page_count":null,"readership":null,"editor":"EDITIONS VALENSIN","price":1390,"published_date":"2020-02-16T23:00:00.000000Z","support":"Grand format","publisher_availability":1,"stock":0,"editions":[],"url":"https:\/\/quaidesbrumes.com\/ouvrage\/9782374260341\/accelerez-la-transition-energetique-laffaire-de-tous"},{"id":"9782351460849","title":"Le d\u00e9fi climatique : catastrophe ou opportunit\u00e9 ?","description":null,"authors":["Banoun Ezra","Norbert Lipszyc"],"category_codes":["4000000","4010000","4010200","4010207"],"visuals":{"large":"https:\/\/images.epagine.fr\/849\/9782351460849_1_75.jpg","medium":"https:\/\/images.epagine.fr\/849\/9782351460849_1_m.jpg","thumbnail":"https:\/\/images.epagine.fr\/849\/9782351460849_1_v.jpg"},"orderable":true,"show_badge":true,"formatted_price":"20,00&nbsp;\u20ac","formatted_published_date":"6 juin 2020","publisher_availability_label":"Sur commande","short_details":"Banoun Ezra, Norbert Lipszyc \u2014 De Passy","translator":null,"weight":255,"page_count":null,"readership":null,"editor":"De Passy","price":2000,"published_date":"2020-06-05T22:00:00.000000Z","support":"Grand format","publisher_availability":1,"stock":0,"editions":[],"url":"https:\/\/quaidesbrumes.com\/ouvrage\/9782351460849\/le-defi-climatique-catastrophe-ou-opportunite"},{"id":"9782952976596","title":"Bestiaire perigourdin","description":null,"authors":["Multiples"],"category_codes":["4000000","4010000"],"visuals":{"large":"https:\/\/images.epagine.fr\/596\/9782952976596_1_75.jpg","medium":"https:\/\/images.epagine.fr\/596\/9782952976596_1_m.jpg","thumbnail":"https:\/\/images.epagine.fr\/596\/9782952976596_1_v.jpg"},"orderable":true,"show_badge":true,"formatted_price":"20,00&nbsp;\u20ac","formatted_published_date":"1er septembre 2015","publisher_availability_label":"Sur commande","short_details":"Multiples \u2014 Perigord Patrimoines","translator":null,"weight":500,"page_count":null,"readership":null,"editor":"Perigord Patrimoines","price":2000,"published_date":"2015-08-31T22:00:00.000000Z","support":"Grand format","publisher_availability":1,"stock":0,"editions":[],"url":"https:\/\/quaidesbrumes.com\/ouvrage\/9782952976596\/bestiaire-perigourdin"},{"id":"9782370980861","title":"R\u00e9chauffement climatique","description":"Toute cr\u00e9ation occasionne une part de destruction. Comme le dit l'adage : \"on ne fait pas d'omelette sans casser des oeufs\". Si l'on consid\u00e8re une cr\u00e9ation comme celle du sculpteur Michel-Ange, on doit prendre en compte le fait qu'il a d\u00fb d'abord commander un bloc de marbre qui a \u00e9t\u00e9 d\u00e9coup\u00e9 dans la montagne de Carrare en la d\u00e9figurant. Ce n'est qu'ensuite, et apr\u00e8s des jours et des jours de travail consommateurs d'\u00e9nergie, qu'\u00e0 l'aide de coups de marteaux et de ciseaux, il a fait de ce bloc de marbre une Pi\u00e9ta et... \r\nBeaucoup de gravats. On oublie toujours les gravats, et on ne retient que la Pi\u00e9ta. Il en va ainsi de toutes les cr\u00e9ations humaines, on ne tient pas compte de leurs cons\u00e9quences destructrices. Mais, face \u00e0 l'ampleur que prennent les d\u00e9chets occasionn\u00e9s par nos cr\u00e9ations, le moment est venu de nous demander si la part de destruction qu'elles engendrent n'est pas devenue plus capitale que les oeuvres cr\u00e9\u00e9es ? Autrement dit, cela valait-il la peine de ravager la nature pour en extraire du marbre ? Cela valait-il aussi la peine de faire tous ces gravats pour r\u00e9aliser cette Vierge \u00e9plor\u00e9e tenant sur ses genoux un Christ sans vie ? Cette oeuvre n'int\u00e9resse que quelques amoureux de l'Histoire de l'Art et m\u00eame pas les croyants eux-m\u00eames, dont beaucoup ne la connaissent pas. \r\nLe moment est venu d'\u00e9valuer, au regard de la destruction environnementale, qu'elles sont les cons\u00e9quences de tous nos gestes, y compris ceux que nous avons toujours consid\u00e9r\u00e9s comme les plus anodins ou les plus louables.\r","authors":["Pierre Macaire"],"category_codes":["4000000","4010000","4010200","4010208"],"visuals":{"large":"https:\/\/images.epagine.fr\/861\/9782370980861_1_75.jpg","medium":"https:\/\/images.epagine.fr\/861\/9782370980861_1_m.jpg","thumbnail":"https:\/\/images.epagine.fr\/861\/9782370980861_1_v.jpg"},"orderable":true,"show_badge":true,"formatted_price":"26,00&nbsp;\u20ac","formatted_published_date":"1er juin 2019","publisher_availability_label":"Sur commande","short_details":"Pierre Macaire \u2014 Le Plein Des Sens","translator":null,"weight":305,"page_count":218,"readership":null,"editor":"Le Plein Des Sens","price":2600,"published_date":"2019-05-31T22:00:00.000000Z","support":"Grand format","publisher_availability":1,"stock":0,"editions":[],"url":"https:\/\/quaidesbrumes.com\/ouvrage\/9782370980861\/rechauffement-climatique"},{"id":"9782343197159","title":"La soci\u00e9t\u00e9 madar\u00e9 \u00e0 la croisee des chemins de son d\u00e9veloppement durable","description":"L'un des grands d\u00e9fis que la soci\u00e9t\u00e9 madar\u00e9 du Burkina cherche \u00e0 relever au cours du XXIe si\u00e8cle est la r\u00e9alisation de son d\u00e9veloppement durable, sous sa triple dimension \u00e9cologique, \u00e9conomique et socio-culturelle. Ce d\u00e9fi se pose \u00e0 elle de nos jours avec acuit\u00e9, suite \u00e0 la d\u00e9gradation de ses conditions agro-\u00e9cologiques, aux effets induits des changements climatiques qui sont, entre autres, la d\u00e9gradation des ressources naturelles (terre, eau, flore) qui constituent le support essentiel des productions agro-sylvo-pastorales. Malgr\u00e9 les adversit\u00e9s de tous ordres, cette soci\u00e9t\u00e9 entreprend au quotidien de nombreuses actions en faveur du d\u00e9veloppement durable.","authors":["Diaboado jacques Thiamobiga"],"category_codes":["4000000","4010000","4010200","4010208"],"visuals":{"large":"https:\/\/images.epagine.fr\/159\/9782343197159_1_75.jpg","medium":"https:\/\/images.epagine.fr\/159\/9782343197159_1_m.jpg","thumbnail":"https:\/\/images.epagine.fr\/159\/9782343197159_1_v.jpg"},"orderable":true,"show_badge":true,"formatted_price":"22,50&nbsp;\u20ac","formatted_published_date":"26 f\u00e9vrier 2020","publisher_availability_label":"Sur commande","short_details":"Diaboado jacques Thiamobiga \u2014 \u00c9ditions L'Harmattan","translator":null,"weight":252,"page_count":204,"readership":null,"editor":"\u00c9ditions L'Harmattan","price":2250,"published_date":"2020-02-25T23:00:00.000000Z","support":"Grand format","publisher_availability":1,"stock":0,"editions":[],"url":"https:\/\/quaidesbrumes.com\/ouvrage\/9782343197159\/la-societe-madare-a-la-croisee-des-chemins-de-son-developpement-durable"},{"id":"9782385413514","title":"Le combat \u00e9cologique de Denis Sassou N'Guesso : L'engagement d'une vie d'un homme pour la paix climatique Tome 2","description":"Ce livre retrace et explique de mani\u00e8re th\u00e9matique le parcours du combat \u00e9cologique que le Pr\u00e9sident Denis Sassou N'Guesso m\u00e8ne depuis maintenant quatre d\u00e9cennies pour la d\u00e9fense de la nature, la protection de l'environnement et au profit du d\u00e9veloppement durable, de la paix et des g\u00e9n\u00e9rations futures. En effet, fascin\u00e9 et fa\u00e7onn\u00e9 par la nature, motiv\u00e9 par le destin et guid\u00e9 par la terre, il marque son attachement \u00e0 la protection de l'environnement d\u00e8s les ann\u00e9es 1970. En ce temps, alors que la question \u00e9cologique ne faisait pas encore l'objet d'une grande attention et pr\u00e9occupation mondiale, Denis Sassou N'Guesso, qui venait de faire ses premiers pas dans l'ar\u00e8ne politique gouvernementale, avait une longueur d'avance en termes de vision \u00e9colo-optimiste, laquelle vision va au fil du temps r\u00e9v\u00e9ler le destin du combattant \u00e9cologique de cet homme d'\u00c9tat africain engag\u00e9 pour la plan\u00e8te.","authors":["Michel Innocent Peya"],"category_codes":["4000000","4010000","4010200","4010208"],"visuals":{"large":"https:\/\/images.epagine.fr\/514\/9782385413514_1_75.jpg","medium":"https:\/\/images.epagine.fr\/514\/9782385413514_1_m.jpg","thumbnail":"https:\/\/images.epagine.fr\/514\/9782385413514_1_v.jpg"},"orderable":true,"show_badge":true,"formatted_price":"27,00&nbsp;\u20ac","formatted_published_date":"6 juillet 2023","publisher_availability_label":"Sur commande","short_details":"Michel Innocent Peya \u2014 \u00c9ditions L'Harmattan","translator":null,"weight":375,"page_count":262,"readership":null,"editor":"\u00c9ditions L'Harmattan","price":2700,"published_date":"2023-07-05T22:00:00.000000Z","support":"Grand format","publisher_availability":1,"stock":0,"editions":[],"url":"https:\/\/quaidesbrumes.com\/ouvrage\/9782385413514\/le-combat-ecologique-de-denis-sassou-nguesso-lengagement-dune-vie-dun-homme-pour-la-paix-climatique-tome-2"},{"id":"9782140496714","title":"Le combat \u00e9cologique de Denis Sassou N'Guesso Tome 1 : L'engagement d'une vie d'un homme pour la paix climatique","description":"\u00c0 l'heure o\u00f9 nos \u00c9tats modernes se divisent sur les moyens de r\u00e9agir aux crises \u00e9cologiques annonc\u00e9es, o\u00f9 les difficult\u00e9s de faire \u00e9merger des solutions \u00e0 la fois sociales et \u00e9cologiques sont criantes jusqu'au conflit social, cet ouvrage de mise en perspective historique et de pr\u00e9sentation syst\u00e9mique offre une lecture \u00e9colo-salutaire. Il passe en revue les diff\u00e9rentes th\u00e9orisations du rapport particulier de l'Homme \u00e0 la Nature, \u00e0 la Terre, \u00e0 son environnement th\u00e9orisations qui ont bien souvent influenc\u00e9 durablement l'action publique dans le monde, en inspirant de v\u00e9ritables courants de pens\u00e9e aupr\u00e8s des d\u00e9cideurs des politiques publiques et\/ou gouvernementales. L'ouvrage dresse \u00e9galement une vue panoramique d\u00e9taill\u00e9e du combat \u00e9cologique du Pr\u00e9sident de la R\u00e9publique du Congo, Son Excellence Denis Sassou N'Guesso.","authors":["Michel Innocent Peya"],"category_codes":["4000000","4010000","4010200","4010204"],"visuals":{"large":"https:\/\/images.epagine.fr\/714\/9782140496714_1_75.jpg","medium":"https:\/\/images.epagine.fr\/714\/9782140496714_1_m.jpg","thumbnail":"https:\/\/images.epagine.fr\/714\/9782140496714_1_v.jpg"},"orderable":true,"show_badge":true,"formatted_price":"34,00&nbsp;\u20ac","formatted_published_date":"6 juillet 2023","publisher_availability_label":"Sur commande","short_details":"Michel Innocent Peya \u2014 \u00c9ditions L'Harmattan","translator":null,"weight":473,"page_count":336,"readership":null,"editor":"\u00c9ditions L'Harmattan","price":3400,"published_date":"2023-07-05T22:00:00.000000Z","support":"Grand format","publisher_availability":1,"stock":0,"editions":[],"url":"https:\/\/quaidesbrumes.com\/ouvrage\/9782140496714\/le-combat-ecologique-de-denis-sassou-nguesso-tome-1-lengagement-dune-vie-dun-homme-pour-la-paix-climatique"},{"id":"9782322210725","title":"Useful trees of east africa","description":"Useful trees of East Africa, is the second book of the author on indigenous trees for the East African region. The first book, Growth and Cultivation of 85 Indigenous Trees of Uganda, published in 2010 is out of print. This new version describes 130 mostly indigenous species of Uganda, Kenya and Tanzania. Special attention is given to services of the trees to humans and the environment. It includes a complete botanical description, wood properties, wood products, propagation, management, and distribution of the trees. For identification purposes icons are used, local and botanical names are provided, as more than 500 pictures of the trees, made by the author.","authors":["Rudolphe Lemmens"],"category_codes":["4000000","4010000","4010200"],"visuals":{"large":"https:\/\/images.epagine.fr\/725\/9782322210725_1_75.jpg","medium":"https:\/\/images.epagine.fr\/725\/9782322210725_1_m.jpg","thumbnail":"https:\/\/images.epagine.fr\/725\/9782322210725_1_v.jpg"},"orderable":true,"show_badge":true,"formatted_price":"75,00&nbsp;\u20ac","formatted_published_date":"22 avril 2020","publisher_availability_label":"Sur commande","short_details":"Rudolphe Lemmens \u2014 Books on Demand","translator":null,"weight":628,"page_count":356,"readership":null,"editor":"Books on Demand","price":7500,"published_date":"2020-04-21T22:00:00.000000Z","support":"Grand format","publisher_availability":1,"stock":0,"editions":[],"url":"https:\/\/quaidesbrumes.com\/ouvrage\/9782322210725\/useful-trees-of-east-africa"},{"id":"9782343173801","title":"La biodiversit\u00e9 partag\u00e9e","description":"La biodiversit\u00e9 si riche des Outre-mer, en attisant les convoitises, a donn\u00e9 naissance \u00e0 la biopiraterie, qui consiste en une appropriation non \u00e9quitable de ces richesses, tant animales que v\u00e9g\u00e9tales, tant  terrestres que marines.  Le droit, d'abord international, puis local et national, cherche les solutions d'une protection suffisante en \u00e9vitant l'exc\u00e8s de la sanctuarisation de la nature, et d'un partage \u00e9quitable des avantages r\u00e9sultant d'une valorisation de ces ressources biologiques, pour une biodiversit\u00e9 r\u00e9ellement partag\u00e9e.","authors":["Arnaud De Raulin","Emmanuel Gindre"],"category_codes":["4000000","4010000"],"visuals":{"large":"https:\/\/images.epagine.fr\/801\/9782343173801_1_75.jpg","medium":"https:\/\/images.epagine.fr\/801\/9782343173801_1_m.jpg","thumbnail":"https:\/\/images.epagine.fr\/801\/9782343173801_1_v.jpg"},"orderable":true,"show_badge":true,"formatted_price":"26,00&nbsp;\u20ac","formatted_published_date":"8 avril 2020","publisher_availability_label":"Sur commande","short_details":"Arnaud De Raulin, Emmanuel Gindre \u2014 \u00c9ditions L'Harmattan","translator":null,"weight":310,"page_count":226,"readership":null,"editor":"\u00c9ditions L'Harmattan","price":2600,"published_date":"2020-04-07T22:00:00.000000Z","support":"Grand format","publisher_availability":1,"stock":0,"editions":[],"url":"https:\/\/quaidesbrumes.com\/ouvrage\/9782343173801\/la-biodiversite-partagee"},{"id":"9791096132737","title":"La plan\u00e8te Terre, ultime arme de guerre Tome 2","description":"Dans ce tome 2, le Dr Rosalie Bertell s'int\u00e9resse tout particuli\u00e8rement aux crises environnementales g\u00e9n\u00e9r\u00e9es par les guerres, ainsi qu'\u00e0 la s\u00e9curit\u00e9 \u00e9cologique et aux nouvelles armes de destruction massive utilisant notre Terre. Elle nous r\u00e9v\u00e8le, d'ailleurs, des exp\u00e9riences militaires inimaginables et absolument destructrices de notre environnement et de tout le vivant.\r\n\u00c0 lire d'urgence pour comprendre que le changement climatique n'est pas li\u00e9 qu'au CO2 d'origine anthropique et, surtout, quelles peuvent \u00eatre les cons\u00e9quences sur notre plan\u00e8te de ce pouvoir militaire et scientifique exorbitant, d\u00e9sormais sans contr\u00f4le.","authors":["Rosalie Bertell"],"category_codes":["4000000","4010000","4010200","4010207"],"visuals":{"large":"https:\/\/images.epagine.fr\/737\/9791096132737_1_75.jpg","medium":"https:\/\/images.epagine.fr\/737\/9791096132737_1_m.jpg","thumbnail":"https:\/\/images.epagine.fr\/737\/9791096132737_1_v.jpg"},"orderable":true,"show_badge":true,"formatted_price":"16,00&nbsp;\u20ac","formatted_published_date":"11 mai 2020","publisher_availability_label":"Sur commande","short_details":"Rosalie Bertell \u2014 Talma Studios","translator":null,"weight":322,"page_count":204,"readership":null,"editor":"Talma Studios","price":1600,"published_date":"2020-05-10T22:00:00.000000Z","support":"Grand format","publisher_availability":1,"stock":0,"editions":[],"url":"https:\/\/quaidesbrumes.com\/ouvrage\/9791096132737\/la-planete-terre-ultime-arme-de-guerre-tome-2"},{"id":"9782903420260","title":"Hoggar promenade botanique","description":"Le mot \u00abd\u00e9sert\u00bb \u00e9voque imm\u00e9diatement un paysage de sable, de pierre et de rocs sans aucune vie. Et pourtant celui qui sait ouvrir les yeux d\u00e9couvre que de nombreuses plantes arrivent \u00e0 pousser dans ces lieux arides principalement lorsqu'une pluie bienfaisante les arrose.\r\nC'est tout sp\u00e9cialement le cas pour le Hoggar, l'Ahaggar des Touaregs.\r\nDans le cadre grandiose de ses montagnes, une flore tr\u00e8s vari\u00e9e s'y cache.\r\nPour mieux la conna\u00eetre, Abdallah et Rab\u00e8a SAHKI de Tamanrasset nous invitent \u00e0 une \u00abPromenade botanique\u00bb Une flore tr\u00e8s vari\u00e9e s'y cache. Une\u00abPromenade botanique\u00bb dans ce livre qui nous permet, gr\u00e2ce \u00e0 830 illustrations, de mettre un nom sur les 26 esp\u00e8ces herbac\u00e9es et 12 esp\u00e8ces exotiques.\r","authors":["Abdallah Rabea sahki"],"category_codes":["4000000","4010000","4010400"],"visuals":{"large":"https:\/\/images.epagine.fr\/260\/9782903420260_1_75.jpg","medium":"https:\/\/images.epagine.fr\/260\/9782903420260_1_m.jpg","thumbnail":"https:\/\/images.epagine.fr\/260\/9782903420260_1_v.jpg"},"orderable":true,"show_badge":true,"formatted_price":"28,00&nbsp;\u20ac","formatted_published_date":"10 juin 2020","publisher_availability_label":"Sur commande","short_details":"Abdallah Rabea sahki \u2014 Esope","translator":null,"weight":0,"page_count":300,"readership":null,"editor":"Esope","price":2800,"published_date":"2020-06-09T22:00:00.000000Z","support":"Grand format","publisher_availability":1,"stock":0,"editions":[],"url":"https:\/\/quaidesbrumes.com\/ouvrage\/9782903420260\/hoggar-promenade-botanique"},{"id":"9782351202760","title":"La lutte biologique contre les ravages des plantes cultiv\u00e9es","description":"Cet ouvrage pr\u00e9sente plusieurs proc\u00e9d\u00e9s \u00e9cologiques capables de limiter l'usage des insecticides qui polluent le sol et l'eau. Parmi les diff\u00e9rentes strat\u00e9gies il y a : les m\u00e9thodes culturales comme la rotation des cultures, cultures d\u00e9rob\u00e9es et intercalaires et la date des semis qui contribuent \u00e0 la lutte contre les insectes et n\u00e9matodes nuisibles. La s\u00e9lection classique de nouveaux cultivars est indispensable. L'usage de ph\u00e9romones sexuelles, d'agr\u00e9gation et les kairomones permettent de lutter contre de nombreuses esp\u00e8ces d'insectes. Elles sont utilis\u00e9es de diff\u00e9rentes fa\u00e7ons : pi\u00e9geage en masse, attracticide, autoconfusion, confusion sexuelle. Des diffuseurs (nano fibres, sph\u00e8res ou nano gels) permettent une diffusion constante de ces substances durant la p\u00e9riode de v\u00e9g\u00e9tation. De nombreuses plantes transg\u00e9niques expriment des g\u00e8nes de r\u00e9sistance aux insectes. Ma\u00efs, coton, soja, colza, pomme de terre, betterave sucri\u00e8re expriment une ou plusieurs toxines de Bacillus thuringiensis. D'autres plantes transg\u00e9niques (la plupart exp\u00e9rimentales) expriment des inhibiteurs de prot\u00e9ases, des lectines, des ARNi interf\u00e9rant, l'avidine ou des ph\u00e9romones. La lutte biologique est aussi possible gr\u00e2ce aux micro-organismes : virus (principalement Baculovirus), bact\u00e9ries (Bacillus thuringiensis repr\u00e9sente 95 % de tous les bioinsecticides vendus), plusieurs esp\u00e8ces de champignons sont de m\u00eame utilis\u00e9es comme biopesticides. Dans la lutte avec les organismes auxiliaires on fait appel aux coccinelles, chrysopes et trichogrammes (tous disponibles sur le march\u00e9). Les \u00e9liciteurs sont capables d'induire une r\u00e9sistance chez les plantes. Des plantes insecticides ou n\u00e9maticides sont aussi cultiv\u00e9es et sont \u00e0 m\u00eame d'\u00eatre utilis\u00e9es sous forme de bioinsecticides.\r","authors":["Jean-Pierre Jost"],"category_codes":["4000000","4010000","4010400","4010401"],"visuals":{"large":"https:\/\/images.epagine.fr\/760\/9782351202760_1_75.jpg","medium":"https:\/\/images.epagine.fr\/760\/9782351202760_1_m.jpg","thumbnail":"https:\/\/images.epagine.fr\/760\/9782351202760_1_v.jpg"},"orderable":true,"show_badge":true,"formatted_price":"18,00&nbsp;\u20ac","formatted_published_date":"15 mai 2020","publisher_availability_label":"Sur commande","short_details":"Jean-Pierre Jost \u2014 COMPLICITES","translator":null,"weight":401,"page_count":1800,"readership":null,"editor":"COMPLICITES","price":1800,"published_date":"2020-05-14T22:00:00.000000Z","support":"Grand format","publisher_availability":1,"stock":0,"editions":[],"url":"https:\/\/quaidesbrumes.com\/ouvrage\/9782351202760\/la-lutte-biologique-contre-les-ravages-des-plantes-cultivees"},{"id":"9782919403844","title":"La p\u00eache du bord de mer en Loire-Atlantique ; les meilleurs coins, les meilleurs montages, toutes les techniques","description":"V\u00e9ritable petit paradis de la p\u00eache du bord de mer, la Loire-Atlantique rec\u00e8le une grande diversit\u00e9 de spots de p\u00eache. Ses plages, ports, roches et l'estuaire de la Loire abritent de tr\u00e8s nombreuses esp\u00e8ces. Fruit de l'exp\u00e9rience de nombreux p\u00eacheurs, cet ouvrage de r\u00e9f\u00e9rence vous livrera les meilleurs coins, toutes les techniques et toutes les astuces pour y r\u00e9aliser les plus belles prises... Egalement disponible pour de nombreux autres d\u00e9partements fran\u00e7ais.\r","authors":["Yann Kertanguy"],"category_codes":["4000000","4010000","4010500","4010502"],"visuals":{"large":"https:\/\/images.epagine.fr\/844\/9782919403844_1_75.jpg","medium":"https:\/\/images.epagine.fr\/844\/9782919403844_1_m.jpg","thumbnail":"https:\/\/images.epagine.fr\/844\/9782919403844_1_v.jpg"},"orderable":true,"show_badge":true,"formatted_price":"14,90&nbsp;\u20ac","formatted_published_date":"11 juin 2020","publisher_availability_label":"Sur commande","short_details":"Yann Kertanguy \u2014 DU MENHIR","translator":null,"weight":300,"page_count":168,"readership":null,"editor":"DU MENHIR","price":1490,"published_date":"2020-06-10T22:00:00.000000Z","support":"Grand format","publisher_availability":1,"stock":0,"editions":[],"url":"https:\/\/quaidesbrumes.com\/ouvrage\/9782919403844\/la-peche-du-bord-de-mer-en-loire-atlantique-les-meilleurs-coins-les-meilleurs-montages-toutes-les-techniques"}]}