{"data":[{"id":"9781784055516","title":"Donn\u00e9es spatiales sur l'eau ; technologies g\u00e9ospatiales et gestion des donn\u00e9es","description":"La difficult\u00e9 d'acc\u00e8s aux donn\u00e9es sur l'eau constitue la limite principale lors de la r\u00e9alisation d'une \u00e9tude d'expertise sur le sujet. Donn\u00e9es spatiales sur l'eau est le r\u00e9sultat d'une exp\u00e9rience approfondie permettant de r\u00e9soudre au mieux cette probl\u00e9matique d'actualit\u00e9.\r\n\r\nL'ouvrage est divis\u00e9 en trois parties. La premi\u00e8re partie offre un aper\u00e7u global et d\u00e9taill\u00e9 des principes th\u00e9oriques et notions de base indispensables aux lecteurs. La deuxi\u00e8me partie examine les initiatives internationales du d\u00e9veloppement pilote des syst\u00e8mes d'information sur l'eau et instaure un mod\u00e8le architectural qui met en place une infrastructure des donn\u00e9es spatiales sur l'eau. La troisi\u00e8me partie pr\u00e9sente des \u00e9tudes de cas afin d'enrichir cette approche \u00e0 la fois th\u00e9orique et technique.\r\n\r\nCet ouvrage est un guide pratique r\u00e9pondant aux besoins \u00e9minents des professionnels exer\u00e7ant dans le domaine de la gestion des ressources en eau.","authors":["Hassane Jarar Oulidi"],"category_codes":["4000000","4010000","4010200","4010204"],"visuals":{"large":"https:\/\/images.epagine.fr\/516\/9781784055516_1_75.jpg","medium":"https:\/\/images.epagine.fr\/516\/9781784055516_1_m.jpg","thumbnail":"https:\/\/images.epagine.fr\/516\/9781784055516_1_v.jpg"},"orderable":true,"show_badge":true,"formatted_price":"54,86&nbsp;\u20ac","formatted_published_date":"25 f\u00e9vrier 2019","publisher_availability_label":"Sur commande","short_details":"Hassane Jarar Oulidi \u2014 Iste","translator":null,"weight":0,"page_count":184,"readership":null,"editor":"Iste","price":5486,"published_date":"2019-02-24T23:00:00.000000Z","support":"Grand format","publisher_availability":1,"stock":0,"editions":[],"url":"https:\/\/quaidesbrumes.com\/ouvrage\/9781784055516\/donnees-spatiales-sur-leau-technologies-geospatiales-et-gestion-des-donnees"},{"id":"9782810302413","title":"L'eau, source d'inspiration","description":"L'eau, source de vie : Rep\u00e8res \u00e0 propos de l'eau - L'eau sature !  - Le M\u00e9kong en majest\u00e9 - L'eau, source d'inspiration : Les formes de l'eau ; entre art et science  - Solaris, \u00e0 quoi pense l'oc\u00e9an ? - L'eau, \u00e0 l'origine des mythes :  La source, sauvage et cach\u00e9e  - Les  dames de l'eau - Oxum, divinit\u00e9 br\u00e9sillienne des eaux douces - La Mamiwata et la qu\u00eate de notre identit\u00e9 - M\u00e9tamorphoses de l'eau : L'Au- del\u00e0 de l'eau. - L'eau et l'histoire du sourcier.\r\n\r\nEn traitant ce th\u00e8me, comment ne pas remarquer que l'homme, l'animal et m\u00eame le v\u00e9g\u00e9tal ne peuvent vivre sans eau. L'homme utilise l'eau comme source d'\u00e9nergie dans les turbines, les barrages, les centrales nucl\u00e9aires... M\u00e9lang\u00e9e au ciment, l'eau confectionne b\u00e9ton, briques, tuiles pour notre habitat.  Les fleuves et rivi\u00e8res ont \u00e9t\u00e9 les premiers moyens de locomotion entre les peuples. En inondant ou ass\u00e9chant des zones de terre, l'eau a permis l'\u00e9largissement des zones cultivables : le plus bel exemple est l'effort tenace des Hollandais pour conqu\u00e9rir des terres sur l'eau.  Enfin, l'eau gu\u00e9rit gr\u00e2ce aux bains, aux inhalations, aux sources sulfureuses, ferrugineuses, magn\u00e9siennes...\r\nAu-del\u00e0 de ces utilisations naturelles, l'homme a donn\u00e9 \u00e0 l'eau des significations symboliques et mythiques. Personnalis\u00e9e par des d\u00e9esses bienfaitrices, l'eau nourrit et fertilise les terres, mais parfois elle devient d\u00e9vastatrice, responsable de tsunamis ou autres inondations comme le D\u00e9luge. Cet \u00e9l\u00e9ment Eau, - combin\u00e9 aux trois autres : Air, Terre, Feu, - produit des repr\u00e9sentations : la col\u00e8re ou  la punition divine, ou une prise de conscience du r\u00f4le de l'homme dans l'univers. Un questionnement pour tous nos auteurs.","authors":["Collectif"],"category_codes":["4000000","4010000","4010300","4010304"],"visuals":{"large":"https:\/\/images.epagine.fr\/413\/9782810302413_1_75.jpg","medium":"https:\/\/images.epagine.fr\/413\/9782810302413_1_m.jpg","thumbnail":"https:\/\/images.epagine.fr\/413\/9782810302413_1_v.jpg"},"orderable":true,"show_badge":true,"formatted_price":"22,00&nbsp;\u20ac","formatted_published_date":"8 f\u00e9vrier 2019","publisher_availability_label":"Sur commande","short_details":"Collectif \u2014 Cosmogone","translator":null,"weight":350,"page_count":186,"readership":null,"editor":"Cosmogone","price":2200,"published_date":"2019-02-07T23:00:00.000000Z","support":"Grand format","publisher_availability":1,"stock":0,"editions":[],"url":"https:\/\/quaidesbrumes.com\/ouvrage\/9782810302413\/leau-source-dinspiration"},{"id":"9782352084600","title":"Aloes plante sacr\u00e9e","description":null,"authors":["Souza & Kennel De"],"category_codes":["4000000","4010000","4010400"],"visuals":{"large":"https:\/\/quaidesbrumes.com\/img\/book-placeholder.png","medium":"https:\/\/quaidesbrumes.com\/img\/book-placeholder.png","thumbnail":"https:\/\/quaidesbrumes.com\/img\/book-placeholder.png"},"orderable":true,"show_badge":true,"formatted_price":"13,00&nbsp;\u20ac","formatted_published_date":"8 f\u00e9vrier 2019","publisher_availability_label":"Sur commande","short_details":"Souza & Kennel De \u2014 Bord Du Lot","translator":null,"weight":150,"page_count":88,"readership":null,"editor":"Bord Du Lot","price":1300,"published_date":"2019-02-07T23:00:00.000000Z","support":"Grand format","publisher_availability":1,"stock":0,"editions":[],"url":"https:\/\/quaidesbrumes.com\/ouvrage\/9782352084600\/aloes-plante-sacree"},{"id":"9782908092974","title":"Merveilles du monde","description":null,"authors":["Shirley Alice"],"category_codes":["4000000","4010000"],"visuals":{"large":"https:\/\/quaidesbrumes.com\/img\/book-placeholder.png","medium":"https:\/\/quaidesbrumes.com\/img\/book-placeholder.png","thumbnail":"https:\/\/quaidesbrumes.com\/img\/book-placeholder.png"},"orderable":true,"show_badge":true,"formatted_price":"49,00&nbsp;\u20ac","formatted_published_date":"27 mars 2019","publisher_availability_label":"Sur commande","short_details":"Shirley Alice \u2014 La Pionniere","translator":null,"weight":600,"page_count":null,"readership":null,"editor":"La Pionniere","price":4900,"published_date":"2019-03-26T23:00:00.000000Z","support":"Grand format","publisher_availability":1,"stock":0,"editions":[],"url":"https:\/\/quaidesbrumes.com\/ouvrage\/9782908092974\/merveilles-du-monde"},{"id":"9782762143218","title":"Les fleurs comestibles ; du jardin \u00e0 la table","description":"La nouvelle \u00e9dition revue et augment\u00e9e d'un livre richement illustr\u00e9 et facile \u00e0 consulter pour s'initier au monde fascinant des fleurs comestibles.\r\nCe guide pratique pr\u00e9sente 60 esp\u00e8ces de fleurs comestibles que l'on peut retrouver au jardin. L'ouvrage s'ouvre d'abord sur une partie introductive qui dresse un historique sur la consommation des fleurs \u00e0 travers les \u00e2ges et donne des consignes g\u00e9n\u00e9rales et des pr\u00e9cautions avant la cueillette. Le corps de l'ouvrage comporte cinquante-cinq fiches sur chacune des fleurs retenues. Chacune des fiches comporte les \u00e9l\u00e9ments suivants:\r\n-un texte \u00e0 la fois historique, lyrique et descriptif qui pr\u00e9sente la fleur;\r\n-une fiche technique;\r\n-des indications sur les utilisations possibles et le s\u00e9chage;\r\n-deux ou trois recettes;\r\n-parfois, quand c'est pertinent, s'ajoute une petite rubrique \u00abSaviez-vous que...\u00bb qui, comme son titre l'indique, donne desinformations suppl\u00e9mentaires, comme par exemple sur les vertus curatives de la fleur, etc.\r\nCouverture provisoire","authors":["M\u00e9linda Wilson"],"category_codes":["4000000","4010000","4010400","4010405"],"visuals":{"large":"https:\/\/images.epagine.fr\/218\/9782762143218_1_75.jpg","medium":"https:\/\/images.epagine.fr\/218\/9782762143218_1_m.jpg","thumbnail":"https:\/\/images.epagine.fr\/218\/9782762143218_1_v.jpg"},"orderable":true,"show_badge":true,"formatted_price":"22,00&nbsp;\u20ac","formatted_published_date":"27 juin 2019","publisher_availability_label":"Sur commande","short_details":"M\u00e9linda Wilson \u2014 FIDES","translator":null,"weight":502,"page_count":300,"readership":null,"editor":"FIDES","price":2200,"published_date":"2019-06-26T22:00:00.000000Z","support":"Grand format","publisher_availability":1,"stock":0,"editions":[],"url":"https:\/\/quaidesbrumes.com\/ouvrage\/9782762143218\/les-fleurs-comestibles-du-jardin-a-la-table"},{"id":"9782124657179","title":"Au coeur de l'ISO 14001:2015 ; le syst\u00e8me de management environnemental au centre de la strat\u00e9gie","description":"Depuis pr\u00e8s de 20 ans, la norme NF EN ISO 14001 aide les organisations \u00e0 formaliser et \u00e0 mettre en ?uvre un syst\u00e8me de management environnemental efficace. Avec la r\u00e9vision 2015 de ce texte fondamental, les normalisateurs r\u00e9pondent \u00e0 un v\u00e9ritable besoin des utilisateurs d'ISO 14001 : contribuer au pilier \u00ab environnement \u00bb du d\u00e9veloppement durable. Le nouveau texte permet une meilleure compr\u00e9hension g\u00e9n\u00e9rale des enjeux importants susceptibles d'avoir une incidence sur l'environnement et le d\u00e9veloppement de l'entreprise, ainsi qu'un accroissement de la transparence dans les pratiques environnementales et un renforcement des relations avec les parties prenantes. Comme la norme ISO 9001, dont la r\u00e9vision 2015 a paru simultan\u00e9ment, la norme ISO 14001 suit d\u00e9sormais la structure \u00ab de haut niveau \u00bb impuls\u00e9e par l'ISO, commune \u00e0 toutes les normes de syst\u00e8mes de management. Cette \u00e9volution va permettre une int\u00e9gration plus efficace encore pour les entreprises,  Le livre de Loetitia Vaute et Marie-Paule Grev\u00eache est l'indispensable compagnon des organisations soucieuses du management de l'environnement : il analyse point par point toutes les \u00e9volutions du texte et leurs implications, compare les deux derni\u00e8res versions et propose de nombreux exemples et retours d'exp\u00e9rience. Il prend \u00e9galement en compte les indispensables aspects r\u00e9glementaires de fa\u00e7on exhaustive. Enfin, il propose un v\u00e9ritable guide en 10 \u00e9tapes, assorti de m\u00e9thodes et d'outils \u00e9prouv\u00e9s et rigoureux.","authors":["Marie-Paule Grev\u00eache","Laetitia Vaute"],"category_codes":["4000000","4010000","4010200","4010208"],"visuals":{"large":"https:\/\/images.epagine.fr\/179\/9782124657179_1_75.jpg","medium":"https:\/\/images.epagine.fr\/179\/9782124657179_1_m.jpg","thumbnail":"https:\/\/images.epagine.fr\/179\/9782124657179_1_v.jpg"},"orderable":true,"show_badge":true,"formatted_price":"28,00&nbsp;\u20ac","formatted_published_date":"3 octobre 2019","publisher_availability_label":"Sur commande","short_details":"Marie-Paule Grev\u00eache, Laetitia Vaute \u2014 Afnor","translator":null,"weight":766,"page_count":408,"readership":null,"editor":"Afnor","price":2800,"published_date":"2019-10-02T22:00:00.000000Z","support":"Grand format","publisher_availability":1,"stock":0,"editions":[],"url":"https:\/\/quaidesbrumes.com\/ouvrage\/9782124657179\/au-coeur-de-liso-140012015-le-systeme-de-management-environnemental-au-centre-de-la-strategie"},{"id":"9782322017706","title":"Gu\u00e9rir la Terre ; coop\u00e9rer avec les forces subtiles de la plan\u00e8te","description":"Gu\u00e9rir la Terre Coop\u00e9rer avec les forces subtiles de la plan\u00e8te  Comment r\u00e9parer u \u00e9cosyst\u00e8me sans le comprendre ?! La vie sur terre est faite d'un entrelacs savant de mondes et de forces visibles en partie seulement. La nature est une cr\u00e9ation permanente entre le champ Divin, la D\u00e9esse de la Terre et leurs aides : les esprits de la nature. En coop\u00e9ration avec le 'think tank' du coll\u00e8ge d'esprits que je nomme 'C' j'en espquisse les contours et les t\u00e2ches. En r\u00e9int\u00e9grant la dimension sacr\u00e9e de nos paysages nous en redevenons des membres coresponsables. Cela nous donne acc\u00e8s au savoir et \u00e0 la sagesse de tous les \u00eatres sensibles.\r\n\r\nAvec la coop\u00e9ration et le respect de toute vie intelligente, visible ou non, nous pouvons mieux comprendre les impasses actuelles et trouiver des solutions \u00e9cologiques. A l'aide d'une centaine d'illustrations et photos l'auteur nous explique le savoir et les t\u00e2ches de ce 'petit monde' invisible - depuis les \u00eatres en charge du syst\u00e8me hydrologique d'un arbre jusqu'\u00e0 l'esprit d'une ville, il donne ainsi une vision de la coh\u00e9sion possible entre \u00e9cologie, gu\u00e9rison et g\u00e9obiologie spirituelle.","authors":["Daniel Perret"],"category_codes":["4000000","4010000","4010200"],"visuals":{"large":"https:\/\/images.epagine.fr\/706\/9782322017706_1_75.jpg","medium":"https:\/\/images.epagine.fr\/706\/9782322017706_1_m.jpg","thumbnail":"https:\/\/images.epagine.fr\/706\/9782322017706_1_v.jpg"},"orderable":true,"show_badge":true,"formatted_price":"20,00&nbsp;\u20ac","formatted_published_date":"15 juin 2019","publisher_availability_label":"Sur commande","short_details":"Daniel Perret \u2014 Books on Demand","translator":null,"weight":393,"page_count":268,"readership":null,"editor":"Books on Demand","price":2000,"published_date":"2019-06-14T22:00:00.000000Z","support":"Grand format","publisher_availability":1,"stock":0,"editions":[],"url":"https:\/\/quaidesbrumes.com\/ouvrage\/9782322017706\/guerir-la-terre-cooperer-avec-les-forces-subtiles-de-la-planete"},{"id":"9782759230730","title":"Savoirs locaux en situation ; retour sur une notion plurielle et dynamique","description":"\u00c0 la lumi\u00e8re des \u00e9tudes men\u00e9es dans huit pays distincts, les auteurs de cet ouvrage observent que ce qui est qualifi\u00e9 de \"savoirs locaux\" sur les ressources et les environnements naturels est indissociable des contextes, des pratiques ou plus g\u00e9n\u00e9ralement des r\u00e9seaux o\u00f9 ils se d\u00e9ploient. Ils sont difficilement d\u00e9cryptables en dehors des interventions des diverses cat\u00e9gories d'acteurs qui s'en emparent. Diff\u00e9rentes interrogations sont ainsi soulev\u00e9es : de quels types de savoirs est-il question ? Quand la notion \"savoirs locaux\" est-elle utilis\u00e9e et par qui ? Jusqu'\u00e0 quel point ces savoirs sont-ils red\u00e9finis, reformul\u00e9s voire invent\u00e9s ? Les auteurs pr\u00e9sentent une analyse critique pr\u00e9cise et d\u00e9taill\u00e9e sur la notion de savoir local et sur ses divers contenus. Ils montrent que, au-del\u00e0 des h\u00e9sitations s\u00e9mantiques pour la d\u00e9signer, la notion de \"savoir local\" est plurivoque et s'av\u00e8re de nature au moins aussi politique que cognitive.\r\n\r\nCet ouvrage est issu des \u00e9changes intervenus lors d'un s\u00e9minaire intitul\u00e9 Savoirs traditionnels, l'innovation permanente organis\u00e9 par l'UMR Gred (Gouvernance, risque, environnement et d\u00e9veloppement. IRD, Universit\u00e9 Paul Val\u00e9ry Montpellier 3). Les \u00e9tudes de cas qui y sont pr\u00e9sent\u00e9es concernent huit pays ou r\u00e9gions : l'Australie, la C\u00f4te d'Ivoire, Madagascar, le Mali, le Maroc, le Mexique, la Nouvelle-Cal\u00e9donie et le P\u00e9rou. Les auteurs rel\u00e8vent de quatre disciplines : l'\u00e9conomie, l'agronomie, la sociologie, l'anthropologie et son sous-ensemble, l'ethno\u00e9cologie.\r\n\r\nL'ouvrage s'adresse plus particuli\u00e8rement aux communaut\u00e9s scientifiques de ces disciplines et \u00e0 leurs \u00e9tudiants. Le domaine abord\u00e9 et les \u00e9tudes de cas peuvent \u00e9galement interpeller des d\u00e9cideurs agissant sur les questions environnementales.","authors":["Ingrid Hall","Bernard Moizo","Francois Verdeaux"],"category_codes":["4000000","4010000","4010200","4010208"],"visuals":{"large":"https:\/\/images.epagine.fr\/730\/9782759230730_1_75.jpg","medium":"https:\/\/images.epagine.fr\/730\/9782759230730_1_m.jpg","thumbnail":"https:\/\/images.epagine.fr\/730\/9782759230730_1_v.jpg"},"orderable":true,"show_badge":true,"formatted_price":"45,00&nbsp;\u20ac","formatted_published_date":"28 novembre 2019","publisher_availability_label":"Sur commande","short_details":"Ingrid Hall, Bernard Moizo, Francois Verdeaux \u2014 Qu\u00e6","translator":null,"weight":326,"page_count":204,"readership":null,"editor":"Qu\u00e6","price":4500,"published_date":"2019-11-27T23:00:00.000000Z","support":"Grand format","publisher_availability":1,"stock":0,"editions":[],"url":"https:\/\/quaidesbrumes.com\/ouvrage\/9782759230730\/savoirs-locaux-en-situation-retour-sur-une-notion-plurielle-et-dynamique"},{"id":"9782869067240","title":"Territoires des d\u00e9chets ; agir en r\u00e9gime de proximit\u00e9","description":"Du compostage collectif urbain aux ressourceries de ville, les initiatives pour ancrer le traitement des d\u00e9chets dans la ville se multiplient en s'appuyant sur l'investissement des usagers. Mais si la r\u00e9glementation communautaire et nationale promeut la proximit\u00e9 et l'autosuffisance comme principes directeurs de la gestion des d\u00e9chets m\u00e9nagers pour optimiser le bilan carbone, cet ouvrage montre que paradoxalement trop de proximit\u00e9 peut remettre en cause l'autosuffisance des territoires pourtant vis\u00e9e. En confrontant les politiques men\u00e9es en France et dans divers projets europ\u00e9ens (Su\u00e8de, Catalogne, Belgique), ce livre propose d'analyser en profondeur les exp\u00e9riences de la proximit\u00e9 dans le traitement des d\u00e9chets\u00a0: exp\u00e9riences des gestionnaires, des usagers, des militants \u00e9cologistes.","authors":["Collectif","Claudia Cirelli","Fabrizio Maccaglia"],"category_codes":["4000000","4010000","4010200","4010204"],"visuals":{"large":"https:\/\/images.epagine.fr\/240\/9782869067240_1_75.jpg","medium":"https:\/\/images.epagine.fr\/240\/9782869067240_1_m.jpg","thumbnail":"https:\/\/images.epagine.fr\/240\/9782869067240_1_v.jpg"},"orderable":true,"show_badge":true,"formatted_price":"26,00&nbsp;\u20ac","formatted_published_date":"5 d\u00e9cembre 2019","publisher_availability_label":"Sur commande","short_details":"Collectif, Claudia Cirelli, Fabrizio Maccaglia \u2014 Presses Universitaires Fran\u00e7ois Rabelais","translator":null,"weight":438,"page_count":260,"readership":null,"editor":"Presses Universitaires Fran\u00e7ois Rabelais","price":2600,"published_date":"2019-12-04T23:00:00.000000Z","support":"Grand format","publisher_availability":1,"stock":0,"editions":[],"url":"https:\/\/quaidesbrumes.com\/ouvrage\/9782869067240\/territoires-des-dechets-agir-en-regime-de-proximite"},{"id":"9781784056063","title":"Impact climatique des activit\u00e9s ; guide m\u00e9thodologique pour l'analyse et l'action","description":"En mati\u00e8re d'environnement, quelle que soit l'\u00e9chelle, la logique du colibri am\u00e9rindien qui \u00ab fait sa part \u00bb devrait pr\u00e9valoir. Ne pas faire d\u00e9pendre son action de celle des autres est en effet la condition sine qua non du changement global vers une \u00e9conomie r\u00e9g\u00e9n\u00e9ratrice de l'humain et des \u00e9cosyst\u00e8mes, expurg\u00e9e des pollutions massives li\u00e9es en particulier \u00e0 l'utilisation du p\u00e9trole. Pour pr\u00e9venir le r\u00e9chauffement climatique, les petites et moyennes organisations peuvent apporter leur contribution sans engager des moyens d'\u00e9tude disproportionn\u00e9s.\r\n\r\nImpact climatique des activit\u00e9s offre une aide m\u00e9thodologique et pratique pr\u00e9cieuse pour \u00e9tablir un diagnostic complet et fiable des \u00e9missions de gaz \u00e0 effet de serre et pour penser des actions correctives correspondantes.","authors":["Jean-yves Rossignol"],"category_codes":["4000000","4010000","4010200","4010204"],"visuals":{"large":"https:\/\/images.epagine.fr\/063\/9781784056063_1_75.jpg","medium":"https:\/\/images.epagine.fr\/063\/9781784056063_1_m.jpg","thumbnail":"https:\/\/images.epagine.fr\/063\/9781784056063_1_v.jpg"},"orderable":true,"show_badge":true,"formatted_price":"65,41&nbsp;\u20ac","formatted_published_date":"26 juillet 2019","publisher_availability_label":"Sur commande","short_details":"Jean-yves Rossignol \u2014 Iste","translator":null,"weight":0,"page_count":230,"readership":null,"editor":"Iste","price":6541,"published_date":"2019-07-25T22:00:00.000000Z","support":"Grand format","publisher_availability":1,"stock":0,"editions":[],"url":"https:\/\/quaidesbrumes.com\/ouvrage\/9781784056063\/impact-climatique-des-activites-guide-methodologique-pour-lanalyse-et-laction"},{"id":"9782357060883","title":"La nature malade de la gestion ; la gestion de la biodiversit\u00e9 ou la domination de la nature","description":"\u00c0 travers son exp\u00e9rience professionnelle et ses voyages naturalistes, Jean-Claude G\u00e9not nous r\u00e9v\u00e8le l'ambigu\u00eft\u00e9 de notre relation \u00e0 la nature. Dans cet essai, il nous montre pourquoi la gestion de la biodiversit\u00e9 parach\u00e8ve la domination de la nature par l'\u00eatre humain, et comment sa protection, victime de la soci\u00e9t\u00e9 technicienne, laisse place \u00e0 une biodiversit\u00e9 \u00e9cologiquement correcte, accept\u00e9e et jardin\u00e9e.\r\nPourtant, l'urgence n'est pas de conserver la nature du pass\u00e9, en cr\u00e9ant des milieux ouverts faciles \u00e0 entretenir. En r\u00e9alit\u00e9, ce n'est pas tant la nature qu'il faudrait soigner, mais l'\u00eatre humain, malade de son obsession de contr\u00f4le qui lui fait envisager la nature comme un milieu hostile \u00e0 dominer, et non comme un monde \u00e0 part enti\u00e8re \u00e0 respecter.\r\nPr\u00e9fac\u00e9 par Marie-Claude Terrasson, cet ouvrage salutaire bouleverse le regard que l'on pose sur la nature et les d\u00e9rives des politiques de gestion de la nature, tout en proposant de nouvelles pistes au probl\u00e8me \u00e9pineux de la protection de l'environnement.","authors":["Jean-claude Genot"],"category_codes":["4000000","4010000","4010200","4010208"],"visuals":{"large":"https:\/\/images.epagine.fr\/883\/9782357060883_1_75.jpg","medium":"https:\/\/images.epagine.fr\/883\/9782357060883_1_m.jpg","thumbnail":"https:\/\/images.epagine.fr\/883\/9782357060883_1_v.jpg"},"orderable":true,"show_badge":true,"formatted_price":"24,00&nbsp;\u20ac","formatted_published_date":"4 mars 2020","publisher_availability_label":"Sur commande","short_details":"Jean-claude Genot \u2014 Hesse","translator":null,"weight":400,"page_count":240,"readership":null,"editor":"Hesse","price":2400,"published_date":"2020-03-03T23:00:00.000000Z","support":"Grand format","publisher_availability":1,"stock":0,"editions":[],"url":"https:\/\/quaidesbrumes.com\/ouvrage\/9782357060883\/la-nature-malade-de-la-gestion-la-gestion-de-la-biodiversite-ou-la-domination-de-la-nature"},{"id":"9782867396571","title":"Guide pratique des plantes sauvages ; les reconna\u00eetre et les utiliser facilement","description":"\"Vous voulez apprendre, de mani\u00e8re facile et ludique, \u00e0 reconna\u00eetre, r\u00e9colter et utiliser facilement les plantes sauvages ? Alors, Ce livre est fait pour vous. Gr\u00e2ce \u00e0 une m\u00e9thode p\u00e9dagogique simple et accessible, vous n'aurez besoin d'aucune connaissance pr\u00e9alable pour vous initier et introduire les plantes sauvages dans votre vie quotidienne.\r\n\r\nAvec la m\u00e9thode OSAPIC\u00a9, pr\u00e9sent\u00e9e dans cet ouvrage, Laurence Talleux vous transmet des cl\u00e9s \u00e9labor\u00e9es au cours de nombreuses ann\u00e9es de pratique et de formation aupr\u00e8s d'un public de d\u00e9butants et de passionn\u00e9s. Vous pourrez ainsi identifier et utiliser un tr\u00e8s grand nombre de plantes.\r\n\r\nD\u00e9couvrez, au fil des pages de ce guide, les utilisations, des plus courantes aux plus inhabituelles, des plantes les plus communes de votre environnement : alimentation, outil, soin, hygi\u00e8ne corporelle... De la simple soupe au cordage, en passant par la r\u00e9alisation d'un steack v\u00e9g\u00e9tal, d'un shampoing ou d'une lessive, les \"mauvaises herbes\" n'auront plus aucun secret pour vous et se r\u00e9v\u00e8leront de pr\u00e9cieuses alli\u00e9es tant \u00e0 la maison que dans le cadre de vos activit\u00e9s de pleine nature.\"","authors":["Laurence Talleux"],"category_codes":["4000000","4010000","4010300"],"visuals":{"large":"https:\/\/images.epagine.fr\/571\/9782867396571_1_75.jpg","medium":"https:\/\/images.epagine.fr\/571\/9782867396571_1_m.jpg","thumbnail":"https:\/\/images.epagine.fr\/571\/9782867396571_1_v.jpg"},"orderable":true,"show_badge":true,"formatted_price":"19,00&nbsp;\u20ac","formatted_published_date":"27 f\u00e9vrier 2020","publisher_availability_label":"Sur commande","short_details":"Laurence Talleux \u2014 PUITS FLEURI","translator":null,"weight":170,"page_count":190,"readership":null,"editor":"PUITS FLEURI","price":1900,"published_date":"2020-02-26T23:00:00.000000Z","support":"Grand format","publisher_availability":1,"stock":0,"editions":[],"url":"https:\/\/quaidesbrumes.com\/ouvrage\/9782867396571\/guide-pratique-des-plantes-sauvages-les-reconnaitre-et-les-utiliser-facilement"},{"id":"9782744910425","title":"Faune des cevennes","description":null,"authors":["Muriel Chazel"],"category_codes":["4000000","4010000","4010300"],"visuals":{"large":"https:\/\/quaidesbrumes.com\/img\/book-placeholder.png","medium":"https:\/\/quaidesbrumes.com\/img\/book-placeholder.png","thumbnail":"https:\/\/quaidesbrumes.com\/img\/book-placeholder.png"},"orderable":true,"show_badge":true,"formatted_price":"22,00&nbsp;\u20ac","formatted_published_date":"1er janvier 2019","publisher_availability_label":"Sur commande","short_details":"Muriel Chazel \u2014 EDISUD","translator":null,"weight":470,"page_count":null,"readership":null,"editor":"EDISUD","price":2200,"published_date":"2018-12-31T23:00:00.000000Z","support":"Grand format","publisher_availability":1,"stock":0,"editions":[],"url":"https:\/\/quaidesbrumes.com\/ouvrage\/9782744910425\/faune-des-cevennes"},{"id":"9782312069326","title":"Le d\u00e9veloppement durable ; un d\u00e9fi du vingt-et-uni\u00e8me si\u00e8cle","description":"Confront\u00e9e \u00e0 de multiples probl\u00e9matiques, notre Plan\u00e8te p\u00e9n\u00e8tre le vingt-et-uni\u00e8me si\u00e8cle en manifestant sa fragilit\u00e9. Elle est confront\u00e9e \u00e0 une exploitation abusive de ses ressources naturelles limit\u00e9es et \u00e0 des pollutions, \u00e0 un r\u00e9chauffement climatique cons\u00e9quent ainsi qu'\u00e0 une explosion d\u00e9mographique. L'engagement du d\u00e9veloppement durable vers le progr\u00e8s et la modernit\u00e9 reste donc conditionn\u00e9 par des risques, des fl\u00e9aux et des probl\u00e8mes sociaux. L'Afrique, le Bassin M\u00e9diterran\u00e9en et le Maghreb rassemblent des pays in\u00e9galement d\u00e9velopp\u00e9s. Le D\u00e9veloppement Durable reste un objectif du vingt-et-uni\u00e8me si\u00e8cle pour chaque pays afin d'\u00e9voluer et d'acc\u00e9der \u00e0 un mode de vie \u00e9quilibr\u00e9e.\r\nCette tendance \u00e0 l'am\u00e9lioration reste cependant confront\u00e9e \u00e0 des situations complexes d'exclusion de certaines cat\u00e9gories de population plong\u00e9es dans une mal-vie qui r\u00e9siste. Le vingt-et-uni\u00e8me si\u00e8cle aborde donc le d\u00e9veloppement durable avec des probl\u00e9matiques de fonds ainsi que des pr\u00e9alables \u00e0 son acc\u00e8s auxquels sont confront\u00e9s de nombreux pays. Si les avanc\u00e9es scientifiques et technologiques ont permis \u00e0 certains pays d'atteindre des r\u00e9sultats probants, elles n'ont pas manqu\u00e9 de g\u00e9n\u00e9rer dans le reste du monde des probl\u00e8mes de fonds, dont la persistance pourrait \u00eatre tr\u00e8s lourde de cons\u00e9quences aussi bien pour les Soci\u00e9t\u00e9s que pour l'\u00e9quilibre de la Plan\u00e8te. En effet, l'option durable du d\u00e9veloppement qui continue de soulever des questionnements r\u00e9alistes, n'est pas un choix mais un d\u00e9fi \u00e0 relever.","authors":["Farouk Allal"],"category_codes":["4000000","4010000","4010200","4010204"],"visuals":{"large":"https:\/\/images.epagine.fr\/326\/9782312069326_1_75.jpg","medium":"https:\/\/images.epagine.fr\/326\/9782312069326_1_m.jpg","thumbnail":"https:\/\/images.epagine.fr\/326\/9782312069326_1_v.jpg"},"orderable":true,"show_badge":true,"formatted_price":"22,00&nbsp;\u20ac","formatted_published_date":"18 octobre 2019","publisher_availability_label":"Sur commande","short_details":"Farouk Allal \u2014 Editions du Net","translator":null,"weight":496,"page_count":276,"readership":null,"editor":"Editions du Net","price":2200,"published_date":"2019-10-17T22:00:00.000000Z","support":"Grand format","publisher_availability":1,"stock":0,"editions":[],"url":"https:\/\/quaidesbrumes.com\/ouvrage\/9782312069326\/le-developpement-durable-un-defi-du-vingt-et-unieme-siecle"},{"id":"9782322155033","title":"La gelinotte des bois ; biologie-\u00e9co-\u00e9tologie ; parall\u00e8le avec la poule du grand t\u00e9tras","description":"Cette oeuvre est le fruit de toute une vie d'homme des bois et de chercheur, r\u00e9sultat d\u00bfobservations m\u00e9thodiques et minutieuses.","authors":["Jean Schatt"],"category_codes":["4000000","4010000","4010300"],"visuals":{"large":"https:\/\/images.epagine.fr\/033\/9782322155033_1_75.jpg","medium":"https:\/\/images.epagine.fr\/033\/9782322155033_1_m.jpg","thumbnail":"https:\/\/images.epagine.fr\/033\/9782322155033_1_v.jpg"},"orderable":true,"show_badge":true,"formatted_price":"38,00&nbsp;\u20ac","formatted_published_date":"11 novembre 2019","publisher_availability_label":"Sur commande","short_details":"Jean Schatt \u2014 Books on Demand","translator":null,"weight":380,"page_count":152,"readership":null,"editor":"Books on Demand","price":3800,"published_date":"2019-11-10T23:00:00.000000Z","support":"Grand format","publisher_availability":1,"stock":0,"editions":[],"url":"https:\/\/quaidesbrumes.com\/ouvrage\/9782322155033\/la-gelinotte-des-bois-biologie-eco-etologie-parallele-avec-la-poule-du-grand-tetras"},{"id":"9781452181691","title":"Pussweek","description":"Guide du chat sur l'autonomisation des f\u00e9lins - Par Bexy McFly Bas\u00e9 sur le magazine populaire du m\u00eame nom, Pussweek est une parodie de chiffons de comm\u00e9rages de c\u00e9l\u00e9brit\u00e9s et de c\u00e9l\u00e9brit\u00e9s \u00e9crits par des chats, pour chats. Ce guide intelligent, audacieux et hilarant sur l'autonomisation des f\u00e9lins regorge de photos inestimables de chats dans toute leur splendeur et leur gloire, et propose des photos scandaleuses de pawparazzi, des interviews avec des personnages, des quiz \u00e0 liti\u00e8re et d'autres contenus strictement f\u00e9lins.\r\nPussweek c\u00e9l\u00e8bre le pouvoir f\u00e9lin sauvage qui r\u00e8gne chez tous les chats respectables qui en ont marre d'\u00eatre trait\u00e9s comme des esp\u00e8ces inf\u00e9rieures. Avertissement : Pas pour les chiens (ou les humains).","authors":["Bexy Mcfly"],"category_codes":["4000000","4010000"],"visuals":{"large":"https:\/\/images.epagine.fr\/691\/9781452181691_1_75.jpg","medium":"https:\/\/images.epagine.fr\/691\/9781452181691_1_m.jpg","thumbnail":"https:\/\/images.epagine.fr\/691\/9781452181691_1_v.jpg"},"orderable":true,"show_badge":true,"formatted_price":"20,00&nbsp;\u20ac","formatted_published_date":"3 novembre 2020","publisher_availability_label":"Sur commande","short_details":"Bexy Mcfly \u2014 CHRONICLE BOOKS","translator":null,"weight":0,"page_count":158,"readership":null,"editor":"CHRONICLE BOOKS","price":2000,"published_date":"2020-11-02T23:00:00.000000Z","support":"Grand format","publisher_availability":1,"stock":0,"editions":[],"url":"https:\/\/quaidesbrumes.com\/ouvrage\/9781452181691\/pussweek"},{"id":"9781797202563","title":"Charles harper s birds & words","description":null,"authors":["Charley Harper"],"category_codes":["4000000","4010000"],"visuals":{"large":"https:\/\/quaidesbrumes.com\/img\/book-placeholder.png","medium":"https:\/\/quaidesbrumes.com\/img\/book-placeholder.png","thumbnail":"https:\/\/quaidesbrumes.com\/img\/book-placeholder.png"},"orderable":true,"show_badge":true,"formatted_price":"29,00&nbsp;\u20ac","formatted_published_date":"7 avril 2020","publisher_availability_label":"Sur commande","short_details":"Charley Harper \u2014 CHRONICLE BOOKS","translator":null,"weight":0,"page_count":null,"readership":null,"editor":"CHRONICLE BOOKS","price":2900,"published_date":"2020-04-06T22:00:00.000000Z","support":"Grand format","publisher_availability":1,"stock":0,"editions":[],"url":"https:\/\/quaidesbrumes.com\/ouvrage\/9781797202563\/charles-harper-s-birds-words"},{"id":"9782759231485","title":"Stocker du carbone dans les sols fran\u00e7ais : quel potentiel et \u00e0 quel co\u00fbt ?","description":"L'initiative \"4 ? sur les sols pour la s\u00e9curit\u00e9 alimentaire et le climat\", lanc\u00e9e par la France \u00e0 l'occasion de la Conf\u00e9rence de Paris sur le climat (COP-21), propose d'augmenter chaque ann\u00e9e d'un quatre milli\u00e8me le stock de carbone pr\u00e9sent dans tous les sols du monde. A la demande de l'Ademe et du minist\u00e8re de l'Agriculture et de l'Alimentation, l'Inra a conduit une \u00e9tude, centr\u00e9e sur la France m\u00e9tropolitaine, visant \u00e0 estimer le potentiel de stockage de carbone des sols agricoles et forestiers et in fine \u00e0 \u00e9valuer la contribution potentielle de ce levier \u00e0 l'objectif de r\u00e9duction des \u00e9missions nettes de gaz \u00e0 effet de serre.\r\nCet ouvrage recense les pratiques qui permettraient d'accro\u00eetre la teneur en carbone organique des sols et estime leur co\u00fbt de mise en oeuvre.","authors":["Laure Bami\u00e8re","Sylvain Pellerin","Olivier Rechauch\u00e8re","Isabelle Savini"],"category_codes":["4000000","4010000","4010200","4010207"],"visuals":{"large":"https:\/\/images.epagine.fr\/485\/9782759231485_1_75.jpg","medium":"https:\/\/images.epagine.fr\/485\/9782759231485_1_m.jpg","thumbnail":"https:\/\/images.epagine.fr\/485\/9782759231485_1_v.jpg"},"orderable":true,"show_badge":true,"formatted_price":"40,00&nbsp;\u20ac","formatted_published_date":"12 ao\u00fbt 2021","publisher_availability_label":"Sur commande","short_details":"Laure Bami\u00e8re, Sylvain Pellerin, Olivier Rechauch\u00e8re, Isabelle Savini \u2014 Qu\u00e6","translator":null,"weight":418,"page_count":232,"readership":null,"editor":"Qu\u00e6","price":4000,"published_date":"2021-08-11T22:00:00.000000Z","support":"Grand format","publisher_availability":1,"stock":0,"editions":[],"url":"https:\/\/quaidesbrumes.com\/ouvrage\/9782759231485\/stocker-du-carbone-dans-les-sols-francais-quel-potentiel-et-a-quel-cout"},{"id":"9782366622379","title":"Les cacaoyers de Guyane","description":"Le Parc naturel r\u00e9gional de la Guyane et les Editions BIOTOPE ont choisi de s'associer pour vous pr\u00e9sent r une s\u00e9rie d'ouvrages sur l'incroyable patrimoine naturel de la Guyane. Quelques producteurs guyanais de cacao perp\u00e9tuent aujourd'hui cette culture initi\u00e9e d\u00e9s le surf si\u00e8cle. Il existe aussi des populations de cacaoyers sauvages aux confins de la Guyane et du Br\u00e9sil. Ces cacaoyers b\u00e9n\u00e9ficient de l'attention des scientifiques qui y trouvent des ressources g\u00e9n\u00e9tiques int\u00e9ressantes.\r\nCet ouvrage offre un aper\u00e7u des missions scientifiques men\u00e9es au cours des trente derni\u00e8res ann\u00e9es pour r\u00e9colter des \u00e9chantillons et les mettre en culture afin de s\u00e9lectionner les clones les plus int\u00e9ressants sur le plan agronomique. Dans le contexte actuel d'une croissance importante de la consommation mondiale de chocolat, ces s\u00e9lections de cacaoyers spontan\u00e9s constitueront sans nul doute des ressources importantes sur le plan g\u00e9n\u00e9tique pour am\u00e9liorer les vari\u00e9t\u00e9s cultiv\u00e9es partout sous les tropiques.","authors":["Philippe Lachenaud"],"category_codes":["4000000","4010000","4010400"],"visuals":{"large":"https:\/\/images.epagine.fr\/379\/9782366622379_1_75.jpg","medium":"https:\/\/images.epagine.fr\/379\/9782366622379_1_m.jpg","thumbnail":"https:\/\/images.epagine.fr\/379\/9782366622379_1_v.jpg"},"orderable":true,"show_badge":true,"formatted_price":"12,00&nbsp;\u20ac","formatted_published_date":"3 d\u00e9cembre 2019","publisher_availability_label":"Sur commande","short_details":"Philippe Lachenaud \u2014 BIOTOPE","translator":null,"weight":258,"page_count":48,"readership":null,"editor":"BIOTOPE","price":1200,"published_date":"2019-12-02T23:00:00.000000Z","support":"Grand format","publisher_availability":1,"stock":0,"editions":[],"url":"https:\/\/quaidesbrumes.com\/ouvrage\/9782366622379\/les-cacaoyers-de-guyane"},{"id":"9782380352306","title":"Humanicide ou la fin d'un r\u00e8gne ; quand l'avenir de l'homme a-t-il bascul\u00e9 ?","description":"Dans son livre La Nature assassin\u00e9e, Bill McKibben avait \u00e9t\u00e9 l'un des premiers \u00e0 alerter sur les changements climatiques. Trente ans apr\u00e8s, le chercheur fait un bilan de la situation et montre que le danger est plus vaste.\r\nDans une premi\u00e8re partie (\u00abUn jeu plan\u00e9taire \u00bb), il fait un \u00e9tat des lieux de l'\u00e9tat de la plan\u00e8te et des menaces auxquelles nous sommes confront\u00e9s. Chaque th\u00e8se se fonde sur des rapports scientifiques et est illustr\u00e9e de nombreux exemples (la mort des for\u00eats avec les c\u00e8dres du Liban agonisant, le drame des \u00e9nergies fossiles et son combat contre l'ol\u00e9oduc et l'exploitation des sables bitumeux au Canada, les s\u00e9cheresses qui r\u00e9duisent \u00e0 n\u00e9ant l'\u00e9conomie des pays d\u00e9j\u00e0 pauvres comme Porto Rico, etc).\r\nDans une seconde partie (\u00ab Folie technologique\u00bb), McKibben s'int\u00e9resse, apr\u00e8s les menaces environnementales, \u00e0 celles li\u00e9es aux progr\u00e8s techniques. Il s'attache \u00e0 d\u00e9montrer que si les changements climatiques r\u00e9duisent l'espace o\u00f9 notre civilisation peut exister, les nouvelles technologies comme l'intelligence artificielle et la robotique menacent de faire dispara\u00eetre la diversit\u00e9 humaine. Cependant loin d'\u00eatre d\u00e9faitiste, en s'appuyant sur son exp\u00e9rience au sein de 350.org, l'auteur offre dans une derni\u00e8re partie (\u00ab Une derni\u00e8re chance\u00bb) des pistes pour sauver non seulement notre plan\u00e8te mais aussi la vie humaine.","authors":["Bill Mckibben","Carole Delporte"],"category_codes":["4000000","4010000","4010200","4010207"],"visuals":{"large":"https:\/\/images.epagine.fr\/306\/9782380352306_1_75.jpg","medium":"https:\/\/images.epagine.fr\/306\/9782380352306_1_m.jpg","thumbnail":"https:\/\/images.epagine.fr\/306\/9782380352306_1_v.jpg"},"orderable":true,"show_badge":true,"formatted_price":"22,90&nbsp;\u20ac","formatted_published_date":"4 juin 2020","publisher_availability_label":"Sur commande","short_details":"Bill Mckibben, Carole Delporte \u2014 Massot \u00e9ditions","translator":"CAROLE DELPORTE","weight":350,"page_count":336,"readership":null,"editor":"Massot \u00e9ditions","price":2290,"published_date":"2020-06-03T22:00:00.000000Z","support":"Grand format","publisher_availability":1,"stock":0,"editions":[],"url":"https:\/\/quaidesbrumes.com\/ouvrage\/9782380352306\/humanicide-ou-la-fin-dun-regne-quand-lavenir-de-lhomme-a-t-il-bascule"},{"id":"9782361065522","title":"L'\u00e9cologie","description":"Alimentation, anthropoc\u00e8ne, biodiversit\u00e9, commerce \u00e9quitable, compensation \u00e9cologique, d\u00e9r\u00e8glement climatique, \u00e9conomie verte...\r\n\r\nLes discours sur l'\u00e9cologie - probl\u00e9matique cruciale des soci\u00e9t\u00e9s contemporaines - peuvent para\u00eetre obscurs. Il est parfois ardu de comprendre quels enjeux se cachent r\u00e9ellement derri\u00e8re les d\u00e9clarations et les prises de position, tant\u00f4t alarmistes, tant\u00f4t progressistes. Ce livre vous donnera les clefs pour mieux appr\u00e9hender 100 concepts essentiels, prendre part au d\u00e9bat et, mieux encore, contribuer \u00e0 la recherche de solutions pour un mode de vie soucieux de l'environnement.","authors":["Pierre Jacquemot"],"category_codes":["4000000","4010000","4010200","4010207"],"visuals":{"large":"https:\/\/images.epagine.fr\/522\/9782361065522_1_75.jpg","medium":"https:\/\/images.epagine.fr\/522\/9782361065522_1_m.jpg","thumbnail":"https:\/\/images.epagine.fr\/522\/9782361065522_1_v.jpg"},"orderable":true,"show_badge":true,"formatted_price":"10,20&nbsp;\u20ac","formatted_published_date":"25 juin 2020","publisher_availability_label":"Sur commande","short_details":"Pierre Jacquemot \u2014 \u00c9ditions Sciences Humaines","translator":null,"weight":237,"page_count":232,"readership":null,"editor":"\u00c9ditions Sciences Humaines","price":1020,"published_date":"2020-06-24T22:00:00.000000Z","support":"Grand format","publisher_availability":1,"stock":0,"editions":[],"url":"https:\/\/quaidesbrumes.com\/ouvrage\/9782361065522\/lecologie"},{"id":"9782813813077","title":"Albert","description":"Au nord-est du d\u00e9partement de la Somme, la ville d'Albert se dresse au coeur d'un terroir aussi riche de ses ressources naturelles et agricoles que de son pass\u00e9. L'Ancre, qui prend sa source aux confins de la Picardie et de l'Artois pour se jeter dans la Somme \u00e0 Corbie, sert de trait d'union \u00e0 cette r\u00e9gion au relief ondul\u00e9. Sa vall\u00e9e humide et tourbeuse trace dans les plateaux des alentours un vert sillon dans lequel la ville est venue se blottir. Si Albert doit une bonne part de sa notori\u00e9t\u00e9 actuelle \u00e0 sa situation sur les arri\u00e8res imm\u00e9diats du front de la Somme en 1916, son nom, comme celui de sa rivi\u00e8re, nous renvoie plut\u00f4t au r\u00e8gne de Louis XIII, aux intrigues de la cour, aux favoris du Roi. Bien qu'\u00e9tant en partie occult\u00e9e par celle de la Grande Guerre et bien que le paysage urbain actuel ait \u00e9t\u00e9 en grande partie fa\u00e7onn\u00e9 par la reconstruction de l'entre-deux-guerres, cette \u00ab m\u00e9moire de cape et d'\u00e9p\u00e9e \u00bb n'en reste pas moins une composante essentielle de l'esprit des lieux.","authors":["Collectif"],"category_codes":["4000000","4010000"],"visuals":{"large":"https:\/\/images.epagine.fr\/077\/9782813813077_1_75.jpg","medium":"https:\/\/images.epagine.fr\/077\/9782813813077_1_m.jpg","thumbnail":"https:\/\/images.epagine.fr\/077\/9782813813077_1_v.jpg"},"orderable":true,"show_badge":true,"formatted_price":"25,00&nbsp;\u20ac","formatted_published_date":"26 f\u00e9vrier 2020","publisher_availability_label":"Sur commande","short_details":"Collectif \u2014 EDITIONS SUTTON","translator":null,"weight":100,"page_count":176,"readership":null,"editor":"EDITIONS SUTTON","price":2500,"published_date":"2020-02-25T23:00:00.000000Z","support":"Grand format","publisher_availability":1,"stock":0,"editions":[],"url":"https:\/\/quaidesbrumes.com\/ouvrage\/9782813813077\/albert"},{"id":"9782955215029","title":"Le nouveau paradigme ecologique - les representations environne-mentales en france et dans le monde","description":"Y a-t-il vraiment un nouveau paradigme \u00e9cologique ? C'est depuis la R\u00e9volution scientifique que la vision du monde a cess\u00e9 d'\u00eatre holistique pour devenir essentiellement m\u00e9caniste, en France et dans le monde occidental en g\u00e9n\u00e9ral. \u00c0 travers la m\u00e9canisation du monde, c'est le contr\u00f4le de et sur la soci\u00e9t\u00e9 que nous avons pu \u00e9tablir. Ce bouleversement n'est pas arriv\u00e9 par hasard, il est r\u00e9v\u00e9lateur d'un changement radical des pratiques et des repr\u00e9sentations de l'\u00e9poque, dont nous pouvons largement mesurer les effets aujourd'hui. Mais l'histoire montre notre capacit\u00e9 \u00e0 surmonter les probl\u00e8mes que nous pose notre environnement, surtout en temps de crise...","authors":["Carole Stora-calt\u00e9"],"category_codes":["4000000","4010000","4010200","4010204"],"visuals":{"large":"https:\/\/images.epagine.fr\/029\/9782955215029_1_75.jpg","medium":"https:\/\/images.epagine.fr\/029\/9782955215029_1_m.jpg","thumbnail":"https:\/\/images.epagine.fr\/029\/9782955215029_1_v.jpg"},"orderable":true,"show_badge":true,"formatted_price":"25,00&nbsp;\u20ac","formatted_published_date":"30 septembre 2019","publisher_availability_label":"Sur commande","short_details":"Carole Stora-calt\u00e9 \u2014 Ouka & Co","translator":null,"weight":300,"page_count":108,"readership":null,"editor":"Ouka & Co","price":2500,"published_date":"2019-09-29T22:00:00.000000Z","support":"Grand format","publisher_availability":1,"stock":0,"editions":[],"url":"https:\/\/quaidesbrumes.com\/ouvrage\/9782955215029\/le-nouveau-paradigme-ecologique-les-representations-environne-mentales-en-france-et-dans-le-monde"},{"id":"9782849345153","title":"L'Europe face au changement climatique","description":"Le changement climatique est un sujet d'une actualit\u00e9 br\u00fblante. Il a des cons\u00e9quences importantes sur les activit\u00e9s \u00e9conomiques et humaines de nos soci\u00e9t\u00e9s. Depuis plusieurs ann\u00e9es, on constate une modification durable du climat en raison d'une surexploitation des ressources naturelles. Le 1er ao\u00fbt 2017, Nicolas Hulot publiait une tribune dans Le Monde intitul\u00e9e: \u00ab Pour la plan\u00e8te: pr\u00e9f\u00e9rer le sursaut au sursis\u00bb, dans laquelle il fustigeait non seulement la consommation sans limite des ressources naturelles, mais \u00e9galement la production illimit\u00e9e de d\u00e9chets et la destruction massive des esp\u00e8ces. Face \u00e0 ce constat alarmant, les gouvernements et les entreprises peinent \u00e0 r\u00e9agir. Que font l'Europe et l'ONU? Si certains pays tentent de d\u00e9velopper des politiques et des \u00e9conomies innovantes pour lutter contre le r\u00e9chauffement climatique, comme en France, en Allemagne, en Italie et en Espagne, d'autres Etats ne contribuent pas \u00e0 cet effort collectif. L'Accord de Paris est d'ailleurs sans cesse discut\u00e9. Le pr\u00e9sident Trump consid\u00e8re qu'il est illusoire et qu'il profite \u00e0 la Chine... Si les villes et les montagnes sont menac\u00e9es, les discussions sur le carbone se poursuivent pour trouver une solution sur le plan technique et \u00e9conomique. Mais n'est-il pas trop tard? Lutter contre le r\u00e9chauffement climatique, n'est-ce pas une utopie? Le droit, la technique et la politique sont-ils un rempart suffisant pour y mettre un terme?","authors":["Susanne Berthier-Folgar","Philippe Gr\u00e9ciano"],"category_codes":["4000000","4010000","4010200","4010208"],"visuals":{"large":"https:\/\/images.epagine.fr\/153\/9782849345153_1_75.jpg","medium":"https:\/\/images.epagine.fr\/153\/9782849345153_1_m.jpg","thumbnail":"https:\/\/images.epagine.fr\/153\/9782849345153_1_v.jpg"},"orderable":true,"show_badge":true,"formatted_price":"21,00&nbsp;\u20ac","formatted_published_date":"29 octobre 2020","publisher_availability_label":"Sur commande","short_details":"Susanne Berthier-Folgar, Philippe Gr\u00e9ciano \u2014 Mare & Martin","translator":null,"weight":338,"page_count":242,"readership":null,"editor":"Mare & Martin","price":2100,"published_date":"2020-10-28T23:00:00.000000Z","support":"Grand format","publisher_availability":1,"stock":0,"editions":[],"url":"https:\/\/quaidesbrumes.com\/ouvrage\/9782849345153\/leurope-face-au-changement-climatique"}]}