{"data":[{"id":"9782343153698","title":"Bombe \"n\" : richesses myst\u00e8res et opportunit\u00e9s du bassin du Congo ; plaidoyer de Denis Sassou N'Guesso pour la protection de la plan\u00e8te","description":"\"Cet ouvrage se consacre au bassin du Congo : ses richesses naturelles, ses myst\u00e8res, les cadres juridiques et institutionnels nationaux, sous-r\u00e9gionaux et internationaux qui le prot\u00e8gent. Sa pr\u00e9servation et sa protection sur la dur\u00e9e sont une action de conscience, de volont\u00e9, d'engagement, de d\u00e9termination, et des sacrifices pour l'int\u00e9r\u00eat de l'humanit\u00e9. La nature ne peut se d\u00e9fendre seule, le bassin du Congo trouve parmi ses fils amoureux de la nature un porte-parole dans la personne du pr\u00e9sident de la R\u00e9publique du Congo, Denis Sassou N'Guesso.\"\r","authors":["Michel Innocent Peya"],"category_codes":["4000000","4010000","4010200"],"visuals":{"large":"https:\/\/images.epagine.fr\/698\/9782343153698_1_75.jpg","medium":"https:\/\/images.epagine.fr\/698\/9782343153698_1_m.jpg","thumbnail":"https:\/\/images.epagine.fr\/698\/9782343153698_1_v.jpg"},"orderable":true,"show_badge":true,"formatted_price":"30,00&nbsp;\u20ac","formatted_published_date":"6 juillet 2018","publisher_availability_label":"Sur commande","short_details":"Michel Innocent Peya \u2014 \u00c9ditions L'Harmattan","translator":null,"weight":350,"page_count":280,"readership":null,"editor":"\u00c9ditions L'Harmattan","price":3000,"published_date":"2018-07-05T22:00:00.000000Z","support":"Grand format","publisher_availability":1,"stock":0,"editions":[],"url":"https:\/\/quaidesbrumes.com\/ouvrage\/9782343153698\/bombe-n-richesses-mysteres-et-opportunites-du-bassin-du-congo-plaidoyer-de-denis-sassou-nguesso-pour-la-protection-de-la-planete"},{"id":"9791096592029","title":"Marine Pictolife : Macaron\u00e9sie","description":"Des A\u00e7ores au Cap Vert en passant par les \u00eeles canaries et Mad\u00e8re ainsi que les c\u00f4tes du Portugal au S\u00e9n\u00e9gal, notre guide d\u00e9crit 247 esp\u00e8ces marines. Enti\u00e8rement en mati\u00e8re plastique (PVC), il est parfaitement r\u00e9sistant \u00e0 l'eau et trouve sa place dans poche d'un gilet de plong\u00e9e aussi bien que dans un sac de plage. Uniquement d\u00e9crites par des pictogrammes, les informations sur les esp\u00e8ces sont accessibles \u00e0 tous, les noms \u00e9tant fournis dans 5 langues (anglais, allemand, fran\u00e7ais, espagnol, portugais). Pour chaque esp\u00e8ce, sa localisation, son mode de vie, ses caract\u00e9ristiques biologiques, son comportement et son rapport \u00e0 l'homme sont pr\u00e9cis\u00e9s.","authors":["Antoine Dray","Fran\u00e7ois Rebufat"],"category_codes":["4000000","4010000","4010300","4010304"],"visuals":{"large":"https:\/\/images.epagine.fr\/029\/9791096592029_1_75.jpg","medium":"https:\/\/images.epagine.fr\/029\/9791096592029_1_m.jpg","thumbnail":"https:\/\/images.epagine.fr\/029\/9791096592029_1_v.jpg"},"orderable":true,"show_badge":true,"formatted_price":"24,00&nbsp;\u20ac","formatted_published_date":"15 mai 2018","publisher_availability_label":"Sur commande","short_details":"Antoine Dray, Fran\u00e7ois Rebufat \u2014 Pictolife","translator":null,"weight":224,"page_count":64,"readership":null,"editor":"Pictolife","price":2400,"published_date":"2018-05-14T22:00:00.000000Z","support":"Grand format","publisher_availability":1,"stock":0,"editions":[],"url":"https:\/\/quaidesbrumes.com\/ouvrage\/9791096592029\/marine-pictolife-macaronesie"},{"id":"9791029008610","title":"Les myst\u00e8res et les vertus des plantes","description":"Depuis tout temps, les hommes ont utilis\u00e9 les plantes pour se soigner. Elles ont une certaine forme de vie intelligente, elles ont une telle volont\u00e9 de survie qu'elles sont capables d'interagir pour \u00e9viter de p\u00e9rir. On peut affirmer que se sont des \u00eatres vivants \u00e0 part enti\u00e8re qui peuvent communiquer avec nous, et r\u00e9ciproquement.\r\nLes plantes et les herbes sont aussi utilis\u00e9es dans certains rituels pour se prot\u00e9ger ou pour nuire. Elles contribuent \u00e0 transformer le destin des humains pour le meilleur et pour le pire.\r","authors":["Daniel Houres","Monique Molard"],"category_codes":["4000000","4010000","4010400"],"visuals":{"large":"https:\/\/images.epagine.fr\/610\/9791029008610_1_75.jpg","medium":"https:\/\/images.epagine.fr\/610\/9791029008610_1_m.jpg","thumbnail":"https:\/\/images.epagine.fr\/610\/9791029008610_1_v.jpg"},"orderable":true,"show_badge":true,"formatted_price":"13,00&nbsp;\u20ac","formatted_published_date":"1er ao\u00fbt 2018","publisher_availability_label":"Sur commande","short_details":"Daniel Houres, Monique Molard \u2014 CHAPITRE.COM","translator":null,"weight":183,"page_count":170,"readership":null,"editor":"CHAPITRE.COM","price":1300,"published_date":"2018-07-31T22:00:00.000000Z","support":"Grand format","publisher_availability":1,"stock":0,"editions":[],"url":"https:\/\/quaidesbrumes.com\/ouvrage\/9791029008610\/les-mysteres-et-les-vertus-des-plantes"},{"id":"9782322122264","title":"Erd-Heilen ; eine Kooperation mit den subtilen Kr\u00e4ften der Erde","description":"ERD-HEILEN  -  ein globales Erwachen Das unvorstellbare Ausmass der Umweltverschmutzung von Luft, Wasser und Erde, hat enorm vie Leiden verursacht und dies nicht nur bei Menschen und Tieren.\r\nHeilung geschieht, wenn dem Heiligen seinen Platz zur\u00fcckgegeben wird in unserer Umwelt wie in unserem Innern.\r\nWir m\u00fcssen uns die Frage stellen, losgel\u00f6st von religi\u00f6sen Organisationen:  was ist heilig, Heilung, gibt es letztlich einen Unterschied zwischen Innen und Umwelt?\r\nDer Autor kommt vom spirituellen Heilen her und ist vertraut mit den energetischen und heiligen Dimensionen der Landschaft. Spirituelle Geomantie erforscht Energiestrukturen, die heiligen Orten unterliegen und wie Kraftorte aktiviert und besser genutzt werden k\u00f6nnen. Energiestrukturen sind Informationen der geistigen Welt. In diesem Buch erkl\u00e4ren Geistwesen das Beobachtete. Wie ist die unsichtbare Welt organisiert:  Naturgeistwesen, Landschaftsengel und das g\u00f6ttliche Feld? Der Ansatz ist global indem er alle Beteiligten versucht mit einzubeziehen, nicht nur die f\u00fcr uns sichtbaren.\r","authors":["Daniel Perret"],"category_codes":["4000000","4010000","4010200"],"visuals":{"large":"https:\/\/images.epagine.fr\/264\/9782322122264_1_75.jpg","medium":"https:\/\/images.epagine.fr\/264\/9782322122264_1_m.jpg","thumbnail":"https:\/\/images.epagine.fr\/264\/9782322122264_1_v.jpg"},"orderable":true,"show_badge":true,"formatted_price":"20,00&nbsp;\u20ac","formatted_published_date":"2 ao\u00fbt 2018","publisher_availability_label":"Sur commande","short_details":"Daniel Perret \u2014 Books on Demand","translator":null,"weight":358,"page_count":244,"readership":null,"editor":"Books on Demand","price":2000,"published_date":"2018-08-01T22:00:00.000000Z","support":"Grand format","publisher_availability":1,"stock":0,"editions":[],"url":"https:\/\/quaidesbrumes.com\/ouvrage\/9782322122264\/erd-heilen-eine-kooperation-mit-den-subtilen-kraften-der-erde"},{"id":"9782366622140","title":"Biog\u00e9ographie de la flore du Sahara ; une  biodiversit\u00e9 en situation extreme","description":"Bien que l'imaginaire saharien n'\u00e9voque pas a priori la notion de biodiversit\u00e9, la flore du Sahara est n\u00e9anmoins bien plus diversifi\u00e9e qu'il n'y parait. Tant\u00f4t barri\u00e8re ou relais pour la dispersion des esp\u00e8ces, le Grand D\u00e9sert est en effet riche d'une histoire biog\u00e9ographique tr\u00e8s originale, dont cet ouvrage donne une remarquable synth\u00e8se. Des premi\u00e8res explorations botaniques sahariennes de la fin du XIXe si\u00e8cle aux travaux pionniers du milieu du XXe si\u00e8cle jusqu'aux acquis biog\u00e9ographiques les plus r\u00e9cents, l'ouvrage met en perspective l'organisation et l'\u00e9volution de la flore saharienne au sein d'un environnement changeant, tour \u00e0 tour savane arbor\u00e9e puis terre d'une extr\u00eame aridit\u00e9. Quelles sont la diversit\u00e9 et l'histoire de ce peuplement v\u00e9g\u00e9tal peu connu ? Comment les flores m\u00e9diterran\u00e9ennes ou tropicales ont-elles pu migrer puis se maintenir dans les massifs sahariens ou sur les fa\u00e7ades maritimes ? Quelles sont les cons\u00e9quences des changements environnementaux pass\u00e9s et actuels ? Face aux enjeux de pr\u00e9servation de ce patrimoine naturel unique, l'ouvrage met l'accent sur la n\u00e9cessit\u00e9 d'une v\u00e9ritable politique de conservation. R\u00e9gion naturelle trop n\u00e9glig\u00e9e par la recherche, le Sahara m\u00e9rite d'\u00eatre r\u00e9investi par les sciences du vivant, d'autant qu'il forme un laboratoire exceptionnel pour \u00e9tudier l'impact des changements globaux en situation environnementale extr\u00eame. L'ouvrage, tr\u00e8s document\u00e9 et abondamment illustr\u00e9, fournira aux \u00e9cologues et biog\u00e9ographes, aux enseignants et \u00e9tudiants, mais aussi aux naturalistes et simples voyageurs un \u00e9clairage in\u00e9dit sur la flore saharienne et son histoire.\r","authors":["Fr\u00e9d\u00e9ric M\u00e9dail","Pierre Qu\u00e9zel"],"category_codes":["4000000","4010000","4010400"],"visuals":{"large":"https:\/\/images.epagine.fr\/140\/9782366622140_1_75.jpg","medium":"https:\/\/images.epagine.fr\/140\/9782366622140_1_m.jpg","thumbnail":"https:\/\/images.epagine.fr\/140\/9782366622140_1_v.jpg"},"orderable":true,"show_badge":true,"formatted_price":"42,00&nbsp;\u20ac","formatted_published_date":"7 ao\u00fbt 2018","publisher_availability_label":"Sur commande","short_details":"Fr\u00e9d\u00e9ric M\u00e9dail, Pierre Qu\u00e9zel \u2014 BIOTOPE","translator":null,"weight":980,"page_count":366,"readership":null,"editor":"BIOTOPE","price":4200,"published_date":"2018-08-06T22:00:00.000000Z","support":"Grand format","publisher_availability":1,"stock":0,"editions":[],"url":"https:\/\/quaidesbrumes.com\/ouvrage\/9782366622140\/biogeographie-de-la-flore-du-sahara-une-biodiversite-en-situation-extreme"},{"id":"9781784054946","title":"Les poissons des lagunes et des estuaires de M\u00e9diterran\u00e9e Tome 3b ; les poissons migrateurs","description":"\u00c0 partir des donn\u00e9es scientifiques les plus r\u00e9centes, et sans pour autant faire abstraction des publications historiques, Les poissons des lagunes et des estuaires de M\u00e9diterran\u00e9e 3 traite de mani\u00e8re exhaustive des poissons migrateurs laguno-marins.\r\n\r\nApr\u00e8s une pr\u00e9sentation g\u00e9n\u00e9rale de cette guilde, il offre une synth\u00e8se des connaissances acquises, de 1890 \u00e0 nos jours, sur chacune des 21 esp\u00e8ces (volumes 3A et 3B) les plus fr\u00e9quemment recens\u00e9es dans les lagunes et estuaires m\u00e9diterran\u00e9ens. Les donn\u00e9es scientifiques pr\u00e9sent\u00e9es dans cet ouvrage concernent tout autant leur vie lagunaire que leur vie marine, et rev\u00eatent de ce fait un int\u00e9r\u00eat particulier, aussi bien pour la gestion des stocks halieutiques que pour la conservation des esp\u00e8ces.\r\n\r\nCet ouvrage est destin\u00e9 aux enseignants et chercheurs, qu'ils soient \u00e9cobiologistes, halieutes, g\u00e9ographes ou historiens et \u00e0 leurs \u00e9tudiants, ainsi qu'aux ing\u00e9nieurs et techniciens charg\u00e9s de l'am\u00e9nagement, de la gestion et de la protection des milieux naturels et de leurs peuplements.\r","authors":["Mohamed hichem Kara","Jean-pierre Quignard"],"category_codes":["4000000","4010000","4010200","4010204"],"visuals":{"large":"https:\/\/images.epagine.fr\/946\/9781784054946_1_75.jpg","medium":"https:\/\/images.epagine.fr\/946\/9781784054946_1_m.jpg","thumbnail":"https:\/\/images.epagine.fr\/946\/9781784054946_1_v.jpg"},"orderable":true,"show_badge":true,"formatted_price":"91,79&nbsp;\u20ac","formatted_published_date":"10 ao\u00fbt 2018","publisher_availability_label":"Sur commande","short_details":"Mohamed hichem Kara, Jean-pierre Quignard \u2014 Iste","translator":null,"weight":0,"page_count":312,"readership":null,"editor":"Iste","price":9179,"published_date":"2018-08-09T22:00:00.000000Z","support":"Grand format","publisher_availability":1,"stock":0,"editions":[],"url":"https:\/\/quaidesbrumes.com\/ouvrage\/9781784054946\/les-poissons-des-lagunes-et-des-estuaires-de-mediterranee-tome-3b-les-poissons-migrateurs"},{"id":"9782858299287","title":"Initiation Pacifique ; rencontre avec les \u00eatres de l'eau","description":"L'auteur s'est engag\u00e9 dans cette vie pour multiplier ses chances de contacts avec les \u00catres de l'eau, ces \u00ab personnes \u00bb non humaines que nous nommons c\u00e9tac\u00e9s et pour partager avec le plus grand nombre ces rencontres et ce qu'elles apportent \u00e0 l'humain.\r\nIl y a pr\u00e9cis\u00e9ment 15 ans, il a suivi une intuition et est parti en qu\u00eate d'une dimension oubli\u00e9e de son \u00catre.\r\nPour vivre cette qu\u00eate, la Polyn\u00e9sie fran\u00e7aise s'est impos\u00e9e \u00e0 lui. Ce fut sa premi\u00e8re rencontre avec l'Oc\u00e9an Pacifique. Pourquoi la Polyn\u00e9sie fran\u00e7aise ? Parce que lorsque l'on regarde la carte du monde en pla\u00e7ant ces \u00eeles en son centre, on d\u00e9couvre que la plan\u00e8te que nous habitons est une plan\u00e8te oc\u00e9an. Ce livre est nourri de cette exp\u00e9rience qui lui a permis de se confronter, gr\u00e2ce \u00e0 sa rencontre avec les baleines et avec un homme m\u00e9decine tahitien, \u00e0 lui-m\u00eame et d'entamer un chemin d'\u00e9veil guid\u00e9 par ces \u00ab gardiens de l'oc\u00e9an \u00bb.\r","authors":["Jean-charles Granjon"],"category_codes":["4000000","4010000","4010300","4010304"],"visuals":{"large":"https:\/\/images.epagine.fr\/287\/9782858299287_1_75.jpg","medium":"https:\/\/images.epagine.fr\/287\/9782858299287_1_m.jpg","thumbnail":"https:\/\/images.epagine.fr\/287\/9782858299287_1_v.jpg"},"orderable":true,"show_badge":true,"formatted_price":"18,00&nbsp;\u20ac","formatted_published_date":"29 novembre 2018","publisher_availability_label":"Sur commande","short_details":"Jean-charles Granjon \u2014 V\u00e9ga","translator":null,"weight":340,"page_count":256,"readership":null,"editor":"V\u00e9ga","price":1800,"published_date":"2018-11-28T23:00:00.000000Z","support":"Grand format","publisher_availability":1,"stock":0,"editions":[],"url":"https:\/\/quaidesbrumes.com\/ouvrage\/9782858299287\/initiation-pacifique-rencontre-avec-les-etres-de-leau"},{"id":"9782356370952","title":"Le potager moderne en 1900\u00a0t.1 ;\u00a0cr\u00e9ation & conduite","description":"Fruit de plus de quarante ann\u00e9es de travail et d'incessantes exp\u00e9riences, publi\u00e9 \u00e0 partir de 1864, la mission du Potager moderne \u00e9tait de donner aux nombreux jardiniers de l'\u00e9poque une nourriture saine et bon march\u00e9, simplement par la production du sol qui \u00ab donne tout en abondance \u00bb.  Contenu de ce volume 1\u00a0: Cr\u00e9ation & conduite.\r","authors":["Vincent-alfred Gressent"],"category_codes":["4000000","4010000","4010400"],"visuals":{"large":"https:\/\/images.epagine.fr\/952\/9782356370952_1_75.jpg","medium":"https:\/\/images.epagine.fr\/952\/9782356370952_1_m.jpg","thumbnail":"https:\/\/images.epagine.fr\/952\/9782356370952_1_v.jpg"},"orderable":true,"show_badge":true,"formatted_price":"14,00&nbsp;\u20ac","formatted_published_date":"27 ao\u00fbt 2018","publisher_availability_label":"Sur commande","short_details":"Vincent-alfred Gressent \u2014 La Vague Verte","translator":null,"weight":210,"page_count":114,"readership":null,"editor":"La Vague Verte","price":1400,"published_date":"2018-08-26T22:00:00.000000Z","support":"Grand format","publisher_availability":1,"stock":0,"editions":[],"url":"https:\/\/quaidesbrumes.com\/ouvrage\/9782356370952\/le-potager-moderne-en-1900-t1-creation-conduite"},{"id":"9782283031636","title":"Plus malin qu'un singe ? mesurez-vous \u00e0 l'intelligence incroyable des animaux","description":"\u00cates-vous plus fut\u00e9 qu'un chimpanz\u00e9 ? Plus rus\u00e9 qu'un chat ? Plus intelligent qu'une chauve-souris ? Plus perspicace qu'un pigeon ? \u00c0 travers soixante-dix tests, exercices ou devinettes, mesurez-vous \u00e0 divers animaux, tous plus malins les uns que les autres ! Vous d\u00e9couvrirez que les fourmis sont capables de trouver l'itin\u00e9raire le plus court pour visiter plusieurs lieux diff\u00e9rents, que les dauphins peuvent apprendre une langue \u00e9trang\u00e8re, que les m\u00e9sanges savent m\u00e9moriser tous les endroits o\u00f9 sont cach\u00e9es leurs r\u00e9serves secr\u00e8tes...Cette \u00e9tonnante arche de No\u00e9 - et les incroyables comp\u00e9tences de ses passagers - vous conduira \u00e0 r\u00e9fl\u00e9chir, avec autant d'humour que de s\u00e9rieux, aux m\u00e9canismes de l'\u00e9volution et, finalement, \u00e0 vous demander\u00a0: \u00ab Mais, sommes-nous vraiment si diff\u00e9rents ?\u00ab\u00a0\r","authors":["Ben Ambridge"],"category_codes":["4000000","4010000","4010200","4010207"],"visuals":{"large":"https:\/\/images.epagine.fr\/636\/9782283031636_1_75.jpg","medium":"https:\/\/images.epagine.fr\/636\/9782283031636_1_m.jpg","thumbnail":"https:\/\/images.epagine.fr\/636\/9782283031636_1_v.jpg"},"orderable":true,"show_badge":true,"formatted_price":"22,00&nbsp;\u20ac","formatted_published_date":"17 janvier 2019","publisher_availability_label":"Sur commande","short_details":"Ben Ambridge \u2014 \u00c9ditions Buchet\/Chastel","translator":null,"weight":474,"page_count":288,"readership":null,"editor":"\u00c9ditions Buchet\/Chastel","price":2200,"published_date":"2019-01-16T23:00:00.000000Z","support":"Grand format","publisher_availability":1,"stock":0,"editions":[],"url":"https:\/\/quaidesbrumes.com\/ouvrage\/9782283031636\/plus-malin-quun-singe-mesurez-vous-a-lintelligence-incroyable-des-animaux"},{"id":"9782343146133","title":"Dictionnaire et jardin","description":"\"Et vous, consid\u00e9rez-vous votre jardin comme ce qu il est, \u00e0 savoir une encyclop\u00e9die de la nature ? Car dictionnaire et jardin ont un lien fort. Le jardin est, comme son homologue de papier, double, touchant tant \u00e0 la langue - il y a tant de langues de sp\u00e9cialit\u00e9s, de l agriculture, \u00e0 la physique, \u00e0 la chimie, \u00e0 la m\u00e9t\u00e9o, au r\u00eave, \u00e0 la po\u00e9sie, \u00e0 l architecture, \u00e0 la m\u00e9moire du temps, \u00e0 l \u00e9cologie, au paysage, au patrimoine enfin - qu aux choses.\"\r","authors":["Giovanni Dotoli"],"category_codes":["4000000","4010000","4010400"],"visuals":{"large":"https:\/\/images.epagine.fr\/133\/9782343146133_1_75.jpg","medium":"https:\/\/images.epagine.fr\/133\/9782343146133_1_m.jpg","thumbnail":"https:\/\/images.epagine.fr\/133\/9782343146133_1_v.jpg"},"orderable":true,"show_badge":true,"formatted_price":"20,00&nbsp;\u20ac","formatted_published_date":"11 septembre 2018","publisher_availability_label":"Sur commande","short_details":"Giovanni Dotoli \u2014 \u00c9ditions L'Harmattan","translator":null,"weight":275,"page_count":144,"readership":null,"editor":"\u00c9ditions L'Harmattan","price":2000,"published_date":"2018-09-10T22:00:00.000000Z","support":"Grand format","publisher_availability":1,"stock":0,"editions":[],"url":"https:\/\/quaidesbrumes.com\/ouvrage\/9782343146133\/dictionnaire-et-jardin"},{"id":"9782940585137","title":"La rivi\u00e8re au fil de l'eau et du temps","description":"La rivi\u00e8re a mille visages. La rivi\u00e8re a mille noms. Pour chacun de nous, elle \u00e9voque quelque chose, une part de notre enfance, des moments joyeux ou tristes, un \u00e9coulement sans fin, imm\u00e9morial, inexorable de l'eau et du temps, comme celui de notre propre vie. Chaque rivi\u00e8re est unique. Chaque rivi\u00e8re est singuli\u00e8re. Chacune a sa particularit\u00e9, ses caract\u00e9ristiques, ses sp\u00e9cificit\u00e9s comme grav\u00e9es \u00e0 jamais dans son ADN aquatique. Depuis l'aube des temps, elle a fa\u00e7onn\u00e9 notre territoire, \u00e9rod\u00e9 des montagnes, creus\u00e9 des vall\u00e9es, cr\u00e9ant l'indescriptible trame bleue dans notre paysage. Depuis plus de 20 ans, les auteurs et les photographes de ce livre parcourent inlassablement les rivi\u00e8res de Suisse. Laissez-vous guider pour une balade dans la r\u00e9gion du Boiron de Morges, par ceux qui oeuvrent jour apr\u00e8s jour pour conserver et valoriser cet extraordinaire patrimoine naturel et culturel. Vous verrez le paysage se transformer au fil des glaciations et des g\u00e9n\u00e9rations humaines, vous d\u00e9couvrirez des monuments arch\u00e9ologiques insoup\u00e7onn\u00e9s, l\u00e0 sous vos pieds, au bord d'une autoroute ou perdus dans une gravi\u00e8re, vous pourrez accompagner la truite au cours de toute sa vie dans la rivi\u00e8re, ou l'omble chevalier dans les profondeurs du L\u00e9man. Le temps de la lecture de ce livre, vous ferez partie de cette \u00e9quipe de scientifiques \u00e0 la d\u00e9couverte de l'extraordinaire biodiversit\u00e9 des cours d'eau.\r","authors":["Laureline Pop","Jean-fran\u00e7ois Rubin","Olivier Jean-petit matil","Christian Genton","Aur\u00e9lie Rubin"],"category_codes":["4000000","4010000","4010200","4010207"],"visuals":{"large":"https:\/\/images.epagine.fr\/137\/9782940585137_1_75.jpg","medium":"https:\/\/images.epagine.fr\/137\/9782940585137_1_m.jpg","thumbnail":"https:\/\/images.epagine.fr\/137\/9782940585137_1_v.jpg"},"orderable":true,"show_badge":true,"formatted_price":"39,00&nbsp;\u20ac","formatted_published_date":"21 septembre 2018","publisher_availability_label":"Sur commande","short_details":"Laureline Pop, Jean-fran\u00e7ois Rubin, Olivier Jean-petit matil, Christian Genton, Aur\u00e9lie Rubin \u2014 Rossolis","translator":null,"weight":786,"page_count":264,"readership":null,"editor":"Rossolis","price":3900,"published_date":"2018-09-20T22:00:00.000000Z","support":"Grand format","publisher_availability":1,"stock":0,"editions":[],"url":"https:\/\/quaidesbrumes.com\/ouvrage\/9782940585137\/la-riviere-au-fil-de-leau-et-du-temps"},{"id":"9781784054908","title":"Les ressources g\u00e9n\u00e9tiques marines, R&D et droit Tome 1 ; des objets complexes d'usage","description":"Les progr\u00e8s de la R&D en sciences du vivant ont permis de r\u00e9v\u00e9ler la richesse et la fragilit\u00e9 du vivant et l'utilit\u00e9 des ressources g\u00e9n\u00e9tiques marines.\r\n\r\nCet ouvrage \u00e9tudie ces ressources en tant qu'objets d'usage actuel de nature complexe auxquels aucun r\u00e9gime sp\u00e9cifique ne s'applique. En amont de la cha\u00eene de R&D, les conventions fixent des cadres inadapt\u00e9s ou incomplets. En aval de la cha\u00eene de R&D, les brevets d'invention permettent \u00e0 leurs titulaires d'exercer un monopole d'exploitation sur pl\u00e9thore de cr\u00e9ations biotechnologiques aux revendications extensives, questionnant la nature commune de la biodiversit\u00e9 et des connaissances associ\u00e9es.\r\n\r\nLes ressources g\u00e9n\u00e9tiques marines, R&D et droit 1 plonge le lecteur dans un univers juridique en construction et apporte des r\u00e9ponses sur la nature du vivant, la bioprospection marine, les communs, mais aussi et surtout, sur la protection de l'extraordinaire biodiversit\u00e9 marine.\r","authors":["Bleuenn Guilloux"],"category_codes":["4000000","4010000","4010200","4010204"],"visuals":{"large":"https:\/\/images.epagine.fr\/908\/9781784054908_1_75.jpg","medium":"https:\/\/images.epagine.fr\/908\/9781784054908_1_m.jpg","thumbnail":"https:\/\/images.epagine.fr\/908\/9781784054908_1_v.jpg"},"orderable":true,"show_badge":true,"formatted_price":"94,95&nbsp;\u20ac","formatted_published_date":"6 septembre 2018","publisher_availability_label":"Sur commande","short_details":"Bleuenn Guilloux \u2014 Iste","translator":null,"weight":0,"page_count":304,"readership":null,"editor":"Iste","price":9495,"published_date":"2018-09-05T22:00:00.000000Z","support":"Grand format","publisher_availability":1,"stock":0,"editions":[],"url":"https:\/\/quaidesbrumes.com\/ouvrage\/9781784054908\/les-ressources-genetiques-marines-rd-et-droit-tome-1-des-objets-complexes-dusage"},{"id":"9781782495505","title":"SMALL SUMMER GARDENS - 35 BRIGHT AND BEAUTIFUL GARDENING PROJECTS TO BRING COLOR AND SCENT","description":"HBK\/144PP\/290X235MM 35 BRIGHT AND BEAUTIFUL GARDENING PROJECTS TO BRING COLOR AND SCENT TO YOUR GARDEN TURN YOUR GARDEN INTO A BRIGHT SUMMER PARADISE WITH A COLLECTION OF 35 PROJECTS TO CREATE STYLISH, FRAGRANT AND ABUNDANT DISPLAYS.\r","authors":["Emma Hardy"],"category_codes":["4000000","4010000","4010300"],"visuals":{"large":"https:\/\/quaidesbrumes.com\/img\/book-placeholder.png","medium":"https:\/\/quaidesbrumes.com\/img\/book-placeholder.png","thumbnail":"https:\/\/quaidesbrumes.com\/img\/book-placeholder.png"},"orderable":true,"show_badge":true,"formatted_price":"21,40&nbsp;\u20ac","formatted_published_date":"13 f\u00e9vrier 2018","publisher_availability_label":"Sur commande","short_details":"Emma Hardy \u2014 Cico Books","translator":null,"weight":670,"page_count":143,"readership":null,"editor":"Cico Books","price":2140,"published_date":"2018-02-12T23:00:00.000000Z","support":"Grand format","publisher_availability":1,"stock":0,"editions":[],"url":"https:\/\/quaidesbrumes.com\/ouvrage\/9781782495505\/small-summer-gardens-35-bright-and-beautiful-gardening-projects-to-bring-color-and-scent"},{"id":"9781786494221","title":"SLOTHS! ; A CELEBRATION OF THE WORLD'S MOST MALIGNED MAMMAL","description":null,"authors":["William Hartston"],"category_codes":["4000000","4010000","4010300"],"visuals":{"large":"https:\/\/quaidesbrumes.com\/img\/book-placeholder.png","medium":"https:\/\/quaidesbrumes.com\/img\/book-placeholder.png","thumbnail":"https:\/\/quaidesbrumes.com\/img\/book-placeholder.png"},"orderable":true,"show_badge":true,"formatted_price":"18,80&nbsp;\u20ac","formatted_published_date":"23 octobre 2018","publisher_availability_label":"Sur commande","short_details":"William Hartston \u2014 Atlantic Books","translator":null,"weight":470,"page_count":198,"readership":null,"editor":"Atlantic Books","price":1880,"published_date":"2018-10-22T22:00:00.000000Z","support":"Grand format","publisher_availability":1,"stock":0,"editions":[],"url":"https:\/\/quaidesbrumes.com\/ouvrage\/9781786494221\/sloths-a-celebration-of-the-worlds-most-maligned-mammal"},{"id":"9782856538333","title":"Convolvulaceae : flora of cambodia, laos, vietnam.","description":"This volume on Convolvulaceae is the 36th issue of the Flora of Cambodia, Laos and Vietnam and the first to integrate Tropical Fauna and Flora series. So far, thirty-five fascicles have been published on families of angiosperms and Gnetaceae.\r\nThe family Convolvulaceae comprises about 1,900 species distributed worldwide in the tropical and warm temperate regions. This new account of the Convolvulaceae in Cambodia, Laos, and Vietnam includes 22 genera, 108 species, and 10 infraspecific taxa, with brief mention of another 13 cultivated species. The indigenous species richness for Convolvulaceae is quite high in this area, particularly for the genera Argyreia, Cordisepalum, Dinetus, Erycibe, Ipomoea, Lepistemon, Merremia, Neuropeltis, Porana, Rivea, and Tridynamia.\r\nA general introduction to the family is followed by technical descriptions for each genus, species, and infraspecific taxon, keys for identification, and concise summaries of what is known about the ecology, phenology, the distribution globally and mapped, any uses, vernacular names in languages spoken in the area, and pertinent notes concerning taxonomy or other topics. The flora is profusely illustrated with historical and modern botanical illustrations (line drawings, watercolours) and colour photos of living plants in the field. Voucher specimens are cited to document all information presented in the book. A bibliography of cited references where more detailed information may be found is included and three indexes conclude the flora.\r","authors":["George W. Staples"],"category_codes":["4000000","4010000","4010400","4010405"],"visuals":{"large":"https:\/\/quaidesbrumes.com\/img\/book-placeholder.png","medium":"https:\/\/quaidesbrumes.com\/img\/book-placeholder.png","thumbnail":"https:\/\/quaidesbrumes.com\/img\/book-placeholder.png"},"orderable":true,"show_badge":true,"formatted_price":"45,00&nbsp;\u20ac","formatted_published_date":"9 novembre 2018","publisher_availability_label":"Sur commande","short_details":"George W. Staples \u2014 Museum National D'Histoire Naturelle","translator":null,"weight":2000,"page_count":408,"readership":null,"editor":"Museum National D'Histoire Naturelle","price":4500,"published_date":"2018-11-08T23:00:00.000000Z","support":"Grand format","publisher_availability":1,"stock":0,"editions":[],"url":"https:\/\/quaidesbrumes.com\/ouvrage\/9782856538333\/convolvulaceae-flora-of-cambodia-laos-vietnam"},{"id":"9788177060782","title":"Petits, grands gibiers... et leurs chasses","description":"Un beau livre g\u00e9n\u00e9raliste sur la chasse en France. Animaux, techniques de chasse, particularit\u00e9s r\u00e9gionales, \u00e0 travers de tr\u00e8s belles photos et le t\u00e9moignage de chasseurs sp\u00e9cialis\u00e9s.\r","authors":["Jean-Michel Desplos","Laurent Bernede"],"category_codes":["4000000","4010000","4010500","4010502"],"visuals":{"large":"https:\/\/images.epagine.fr\/782\/9788177060782_1_75.jpg","medium":"https:\/\/images.epagine.fr\/782\/9788177060782_1_m.jpg","thumbnail":"https:\/\/images.epagine.fr\/782\/9788177060782_1_v.jpg"},"orderable":true,"show_badge":true,"formatted_price":"29,90&nbsp;\u20ac","formatted_published_date":"3 octobre 2018","publisher_availability_label":"Sur commande","short_details":"Jean-Michel Desplos, Laurent Bernede \u2014 Sud Ouest","translator":null,"weight":0,"page_count":144,"readership":null,"editor":"Sud Ouest","price":2990,"published_date":"2018-10-02T22:00:00.000000Z","support":"Grand format","publisher_availability":1,"stock":0,"editions":[],"url":"https:\/\/quaidesbrumes.com\/ouvrage\/9788177060782\/petits-grands-gibiers-et-leurs-chasses"},{"id":"9781784725785","title":"RHS COLOUR COMPANION - A VISUAL DICTIONARY OF COLOUR FOR GARDENERS","description":"Whether you are planning a brand-new garden or looking for complementary plants to add to your existing one,  RHS Colour Companion  is an inspirational and highly practical sourcebook of ideas for incorporating colour into your garden.  An introductory section explains the basics of colour in plants and how it can be harnessed, and colour-themed chapters then focus on each colour's uses in the garden. A gallery of garden elements for each colour then follows - from foliage and flowers to bark, fruit, berries and even hard landscaping materials. Each plant in the gallery is supported with cultivation guidance and suggestions for incorporating it into a planting plan for maximum impact.  Advice is accompanied by tips for planting plans and photographs to help you visualize the finished effect.\r","authors":["Dr Ross Bayton","Richard Sneesby"],"category_codes":["4000000","4010000","4010300"],"visuals":{"large":"https:\/\/quaidesbrumes.com\/img\/book-placeholder.png","medium":"https:\/\/quaidesbrumes.com\/img\/book-placeholder.png","thumbnail":"https:\/\/quaidesbrumes.com\/img\/book-placeholder.png"},"orderable":true,"show_badge":true,"formatted_price":"27,70&nbsp;\u20ac","formatted_published_date":"4 avril 2019","publisher_availability_label":"Sur commande","short_details":"Dr Ross Bayton, Richard Sneesby \u2014 Mitchell Beazley","translator":null,"weight":1001,"page_count":256,"readership":null,"editor":"Mitchell Beazley","price":2770,"published_date":"2019-04-03T22:00:00.000000Z","support":"Grand format","publisher_availability":1,"stock":0,"editions":[],"url":"https:\/\/quaidesbrumes.com\/ouvrage\/9781784725785\/rhs-colour-companion-a-visual-dictionary-of-colour-for-gardeners"},{"id":"9782813811783","title":"Les loups dans le Morvan","description":"En janvier 2017, un loup a \u00e9t\u00e9 photographi\u00e9 de nuit \u00e0 Chougny, sur les marges sud du Morvan. Les naturalistes savent que sa pr\u00e9sence sur le territoire fran\u00e7ais est in\u00e9luctable et progresse ann\u00e9e apr\u00e8s ann\u00e9e depuis 1992. C'est un retour des choses. Ce livre revient ainsi sur la pr\u00e9sence pass\u00e9e du pr\u00e9dateur dans le Morvan et ses alentours. De nombreuses anecdotes en font un r\u00e9cit captivant et permettent de mieux comprendre les rivalit\u00e9s qui ont oppos\u00e9 l'homme et le loup pendant des si\u00e8cles.","authors":[],"category_codes":["4000000","4010000","4010200","4010207"],"visuals":{"large":"https:\/\/images.epagine.fr\/783\/9782813811783_1_75.jpg","medium":"https:\/\/images.epagine.fr\/783\/9782813811783_1_m.jpg","thumbnail":"https:\/\/images.epagine.fr\/783\/9782813811783_1_v.jpg"},"orderable":true,"show_badge":true,"formatted_price":"20,00&nbsp;\u20ac","formatted_published_date":"14 novembre 2018","publisher_availability_label":"Sur commande","short_details":"EDITIONS SUTTON","translator":null,"weight":334,"page_count":128,"readership":null,"editor":"EDITIONS SUTTON","price":2000,"published_date":"2018-11-13T23:00:00.000000Z","support":"Grand format","publisher_availability":1,"stock":0,"editions":[],"url":"https:\/\/quaidesbrumes.com\/ouvrage\/9782813811783\/les-loups-dans-le-morvan"},{"id":"9781784055004","title":"Mobilit\u00e9s face aux \u00e9v\u00e9nements hydrom\u00e9t\u00e9orologiques extr\u00eames Tome 1 ; d\u00e9finition des \u00e9chelles de r\u00e9f\u00e9rence","description":"L'interaction entre mobilit\u00e9 des hommes et dynamique des crues aboutit trop souvent \u00e0 des trag\u00e9dies qui pourraient \u00eatre \u00e9vit\u00e9es.\r\n\r\nCet ouvrage collectif, fruit du travail d'une \u00e9quipe interdisciplinaire, vise \u00e0 explorer les dynamiques sociales et hydrologiques pour comprendre les m\u00e9canismes qui m\u00e8nent soit \u00e0 des catastrophes, soit \u00e0 des \u00e9v\u00e9nements d'impacts limit\u00e9s.\r\n\r\nCentr\u00e9 sur les crues rapides qui affectent le bassin m\u00e9diterran\u00e9en, cet ouvrage contribue \u00e0 d\u00e9finir ce qui caract\u00e9rise les \u00e9v\u00e9nements ayant un fort impact social, hydrologique, m\u00e9diatique ou territorial. Il explore les probl\u00e8mes sp\u00e9cifiques de la pr\u00e9vision de ces \u00e9v\u00e9nements et \u00e9tudie leurs cons\u00e9quences en termes de r\u00e9glementation, de d\u00e9veloppement territorial et de mobilit\u00e9 sociale. En termes m\u00e9thodologiques, il traite \u00e9galement de l'int\u00e9r\u00eat d'une approche multiscalaire dans l'analyse sociohydrologique de l'exposition des mobilit\u00e9s sociales aux crues rapides.\r","authors":["S\u00e9verine Durand","C\u00e9line Lutoff"],"category_codes":["4000000","4010000","4010200","4010204"],"visuals":{"large":"https:\/\/images.epagine.fr\/004\/9781784055004_1_75.jpg","medium":"https:\/\/images.epagine.fr\/004\/9781784055004_1_m.jpg","thumbnail":"https:\/\/images.epagine.fr\/004\/9781784055004_1_v.jpg"},"orderable":true,"show_badge":true,"formatted_price":"88,62&nbsp;\u20ac","formatted_published_date":"16 novembre 2018","publisher_availability_label":"Sur commande","short_details":"S\u00e9verine Durand, C\u00e9line Lutoff \u2014 Iste","translator":null,"weight":0,"page_count":294,"readership":null,"editor":"Iste","price":8862,"published_date":"2018-11-15T23:00:00.000000Z","support":"Grand format","publisher_availability":1,"stock":0,"editions":[],"url":"https:\/\/quaidesbrumes.com\/ouvrage\/9781784055004\/mobilites-face-aux-evenements-hydrometeorologiques-extremes-tome-1-definition-des-echelles-de-reference"},{"id":"9781784055400","title":"Les accidents nucl\u00e9aires militaires ; cons\u00e9quences environnementales, \u00e9cologiques, sanitaires et socio-\u00e9conomiques","description":"D\u00e8s ses d\u00e9buts, l'utilisation de l'\u00e9nergie atomique \u00e0 des fins militaires a donn\u00e9 lieu \u00e0 des accidents nucl\u00e9aires vari\u00e9s. Ces accidents, qu'ils d\u00e9coulent de tirs de combat, d'essais atmosph\u00e9riques des bombes nucl\u00e9aires ou de tentatives d'assurer une dissuasion nucl\u00e9aire, peuvent survenir \u00e0 tout moment, depuis la fabrication des armes jusqu'\u00e0 leur mise en service.\r\n\r\nCet ouvrage d\u00e9finit et classifie ces accidents et en d\u00e9taille les cons\u00e9quences. Il traite de la contamination de l'environnement, de la faune, de la flore et quantifie l'impact des rayonnements ionisants. Il examine \u00e9galement les effets n\u00e9fastes sur la sant\u00e9 physique et mentale des populations concern\u00e9es et \u00e9value les co\u00fbts occasionn\u00e9s par de tels \u00e9v\u00e9nements. Il pr\u00e9sente enfin les risques et retomb\u00e9es d'une \u00e9ventuelle guerre nucl\u00e9aire locale ou globale.\r","authors":["Jean-Claude Amiard"],"category_codes":["4000000","4010000","4010200","4010204"],"visuals":{"large":"https:\/\/images.epagine.fr\/400\/9781784055400_1_75.jpg","medium":"https:\/\/images.epagine.fr\/400\/9781784055400_1_m.jpg","thumbnail":"https:\/\/images.epagine.fr\/400\/9781784055400_1_v.jpg"},"orderable":true,"show_badge":true,"formatted_price":"81,24&nbsp;\u20ac","formatted_published_date":"24 janvier 2019","publisher_availability_label":"Sur commande","short_details":"Jean-Claude Amiard \u2014 Iste","translator":null,"weight":0,"page_count":252,"readership":null,"editor":"Iste","price":8124,"published_date":"2019-01-23T23:00:00.000000Z","support":"Grand format","publisher_availability":1,"stock":0,"editions":[],"url":"https:\/\/quaidesbrumes.com\/ouvrage\/9781784055400\/les-accidents-nucleaires-militaires-consequences-environnementales-ecologiques-sanitaires-et-socio-economiques"},{"id":"9782366622157","title":"Flore des Mascareignes, la R\u00e9union, Maurice, Rodrigues ; cyperac\u00e9es","description":"La collection \"Flore des Mascareignes\", publi\u00e9e \u00e0 l'initiative commune de l'Institut de recherche pour le d\u00e9veloppement (ex-Orstom), du Mauritius Sugarcane Industry Research Institute (R\u00e9publique de Maurice) et des Royal Botanic Gardens de Kew (Royaume-Uni), constitue une source unique de documentation sur la taxonomie, la r\u00e9partition g\u00e9ographique et la fr\u00e9quence des esp\u00e8ces v\u00e9g\u00e9tales connues dans les \u00eeles Maurice, Rodrigues et \u00e0 La R\u00e9union. Indispensables aux d\u00e9cideurs et techniciens ayant en charge la conservation du patrimoine v\u00e9g\u00e9tal des \u00eeles de l'oc\u00e9an Indien, les diff\u00e9rents volumes de la collection profiteront \u00e9galement \u00e0 tous ceux qui, amateurs ou professionnels, sont int\u00e9ress\u00e9s par cette exceptionnelle flore indig\u00e8ne.\r","authors":["Collectif"],"category_codes":["4000000","4010000","4010400","4010405"],"visuals":{"large":"https:\/\/images.epagine.fr\/157\/9782366622157_1_75.jpg","medium":"https:\/\/images.epagine.fr\/157\/9782366622157_1_m.jpg","thumbnail":"https:\/\/images.epagine.fr\/157\/9782366622157_1_v.jpg"},"orderable":true,"show_badge":true,"formatted_price":"18,00&nbsp;\u20ac","formatted_published_date":"12 janvier 2019","publisher_availability_label":"Sur commande","short_details":"Collectif \u2014 BIOTOPE","translator":null,"weight":226,"page_count":100,"readership":null,"editor":"BIOTOPE","price":1800,"published_date":"2019-01-11T23:00:00.000000Z","support":"Grand format","publisher_availability":1,"stock":0,"editions":[],"url":"https:\/\/quaidesbrumes.com\/ouvrage\/9782366622157\/flore-des-mascareignes-la-reunion-maurice-rodrigues-cyperacees"},{"id":"9782366622164","title":"Flore des Mascareignes, la R\u00e9union, Maurice, Rodrigues ; gramin\u00e9es","description":null,"authors":["Collectif"],"category_codes":["4000000","4010000","4010400","4010405"],"visuals":{"large":"https:\/\/images.epagine.fr\/164\/9782366622164_1_75.jpg","medium":"https:\/\/images.epagine.fr\/164\/9782366622164_1_m.jpg","thumbnail":"https:\/\/images.epagine.fr\/164\/9782366622164_1_v.jpg"},"orderable":true,"show_badge":true,"formatted_price":"32,00&nbsp;\u20ac","formatted_published_date":"12 janvier 2019","publisher_availability_label":"Sur commande","short_details":"Collectif \u2014 BIOTOPE","translator":null,"weight":530,"page_count":100,"readership":null,"editor":"BIOTOPE","price":3200,"published_date":"2019-01-11T23:00:00.000000Z","support":"Grand format","publisher_availability":1,"stock":0,"editions":[],"url":"https:\/\/quaidesbrumes.com\/ouvrage\/9782366622164\/flore-des-mascareignes-la-reunion-maurice-rodrigues-graminees"},{"id":"9781784055318","title":"Statistiques pour les sciences environnementales","description":"L'outil statistique est devenu indispensable pour les sciences environnementales. Il s'ins\u00e8re \u00e0 part enti\u00e8re dans la d\u00e9marche scientifique depuis l'\u00e9laboration du plan d'\u00e9chantillonnage jusqu'\u00e0 l'obtention des r\u00e9sultats.\r\n\r\nStatistiques pour les sciences environnementales pr\u00e9sente les notions fondamentales en statistiques (vocabulaire de base, principales lois de probabilit\u00e9s, etc.), et d\u00e9crit la conception de plans d'\u00e9chantillonnage et de plans exp\u00e9rimentaux. Il introduit \u00e9galement les grands principes des tests statistiques tels que la th\u00e9orie de la d\u00e9cision, et offre des clefs permettant de choisir un test en ad\u00e9quation avec les objectifs \u00e9tablis.\r\n\r\nCet ouvrage traite des statistiques les plus usit\u00e9es dans le domaine des sciences environnementales. Leur description est d\u00e9taill\u00e9e \u00e0 partir d'exemples concrets et \u00e0 travers l'utilisation du logiciel libre R dont l'utilisation est \u00e9galement pr\u00e9sent\u00e9e.\r","authors":["Val\u00e9rie David"],"category_codes":["4000000","4010000","4010200","4010204"],"visuals":{"large":"https:\/\/images.epagine.fr\/318\/9781784055318_1_75.jpg","medium":"https:\/\/images.epagine.fr\/318\/9781784055318_1_m.jpg","thumbnail":"https:\/\/images.epagine.fr\/318\/9781784055318_1_v.jpg"},"orderable":true,"show_badge":true,"formatted_price":"89,68&nbsp;\u20ac","formatted_published_date":"18 f\u00e9vrier 2019","publisher_availability_label":"Sur commande","short_details":"Val\u00e9rie David \u2014 Iste","translator":null,"weight":0,"page_count":304,"readership":null,"editor":"Iste","price":8968,"published_date":"2019-02-17T23:00:00.000000Z","support":"Grand format","publisher_availability":1,"stock":0,"editions":[],"url":"https:\/\/quaidesbrumes.com\/ouvrage\/9781784055318\/statistiques-pour-les-sciences-environnementales"},{"id":"9781784055622","title":"Les g\u00e9oparcs mondiaux UNESCO ; une mise en tension entre d\u00e9veloppement des territoires et mise en valeur du patrimoine","description":"Depuis vingt ans, on assiste \u00e0 la reconnaissance progressive des g\u00e9oparcs mondiaux par l'UNESCO. Ce sont des espaces territoriaux qui pr\u00e9sentent un h\u00e9ritage g\u00e9ologique d'importance internationale.\r\n\r\n\r\n\r\nCette classification pr\u00e9sente de v\u00e9ritables d\u00e9fis. Des strat\u00e9gies de d\u00e9veloppement conformes aux recommandations successives pr\u00f4n\u00e9es par diverses ONG doivent \u00eatre mises en place. Il faut aussi impliquer les acteurs locaux tant dans la pr\u00e9paration du dossier de candidature que dans la mise en oeuvre d'un plan de gestion adapt\u00e9 suivant un d\u00e9veloppement global durable. La gestion des tensions et asym\u00e9tries qui existent entre les diff\u00e9rents groupes d'acteurs (politiques, gestionnaires, scientifiques, repr\u00e9sentants des populations locales) constitue \u00e9galement un enjeu majeur.\r\n\r\n\r\n C'est dans ce contexte et \u00e0 travers des \u00e9tudes de cas vari\u00e9es que cet ouvrage interroge les finalit\u00e9s des g\u00e9oparcs mondiaux UNESCO, en termes d'inventaire et de conservation du patrimoine, de participation des populations locales, de d\u00e9veloppement local d'un territoire et de sa mise en valeur par l'interpr\u00e9tation du patrimoine.\r","authors":["Yves Girault"],"category_codes":["4000000","4010000","4010200"],"visuals":{"large":"https:\/\/images.epagine.fr\/622\/9781784055622_1_75.jpg","medium":"https:\/\/images.epagine.fr\/622\/9781784055622_1_m.jpg","thumbnail":"https:\/\/images.epagine.fr\/622\/9781784055622_1_v.jpg"},"orderable":true,"show_badge":true,"formatted_price":"85,46&nbsp;\u20ac","formatted_published_date":"5 avril 2019","publisher_availability_label":"Sur commande","short_details":"Yves Girault \u2014 Iste","translator":null,"weight":0,"page_count":298,"readership":null,"editor":"Iste","price":8546,"published_date":"2019-04-04T22:00:00.000000Z","support":"Grand format","publisher_availability":1,"stock":0,"editions":[],"url":"https:\/\/quaidesbrumes.com\/ouvrage\/9781784055622\/les-geoparcs-mondiaux-unesco-une-mise-en-tension-entre-developpement-des-territoires-et-mise-en-valeur-du-patrimoine"}]}