{"data":[{"id":"9782367341903","title":"Guide des plantes de Wallis et Futuna","description":"La flore primaire de Wallis et Futuna, archipel compos\u00e9 de trois \u00eeles ('Uvea, Futuna et Alofi) pour une surface terrestre de 142 km\u00b2 et un sommet culminant \u00e0 524 m, comprend environ 370 plantes indig\u00e8nes. Son faible taux d'end\u00e9misme - environ 2 % - s'explique par une proximit\u00e9 g\u00e9ographique avec les archipels voisins (Fidji, Tonga, Samoa) avec lesquels celui de Wallis et Futuna partage de nombreuses esp\u00e8ces en commun. Cet ouvrage comprend 189 fiches illustr\u00e9es de photographies prises sur le terrain qui d\u00e9crivent une s\u00e9lection de 209 taxons indig\u00e8nes et end\u00e9miques - 164 plantes \u00e0 fleurs et 45 fou\u00adg\u00e8res - class\u00e9es en fonction de leurs habitats naturels : zones humides et mangroves, v\u00e9g\u00e9tation et for\u00eat littorale, for\u00eat m\u00e9so\u00adphile et landes \u00e0 foug\u00e8res appel\u00e9e toafa, for\u00eat humide de basse et moyenne altitudes et for\u00eat humide de montagne. Son principal objectif est d'informer les communaut\u00e9s et autorit\u00e9s locales sur l'originalit\u00e9 et la fragilit\u00e9 de la flore primaire afin de la prot\u00e9ger et de la g\u00e9rer de fa\u00e7on durable et respectueuse des traditions cou\u00adtumi\u00e8res. Ce guide est aussi un message d'alerte pour la pr\u00e9ser\u00advation d'un patrimoine naturel qui repr\u00e9sente un capital d'im portance socio-culturelle et \u00e9conomique pour les Wallisiens et Futuniens d'aujourd'hui et de demain.","authors":["Jean-yves Meyer"],"category_codes":["4000000","4010000","4010400"],"visuals":{"large":"https:\/\/images.epagine.fr\/903\/9782367341903_1_75.jpg","medium":"https:\/\/images.epagine.fr\/903\/9782367341903_1_m.jpg","thumbnail":"https:\/\/images.epagine.fr\/903\/9782367341903_1_v.jpg"},"orderable":true,"show_badge":true,"formatted_price":"33,00&nbsp;\u20ac","formatted_published_date":"2 d\u00e9cembre 2017","publisher_availability_label":"Sur commande","short_details":"Jean-yves Meyer \u2014 Au vent des \u00eeles","translator":null,"weight":1025,"page_count":488,"readership":null,"editor":"Au vent des \u00eeles","price":3300,"published_date":"2017-12-01T23:00:00.000000Z","support":"Grand format","publisher_availability":1,"stock":0,"editions":[],"url":"https:\/\/quaidesbrumes.com\/ouvrage\/9782367341903\/guide-des-plantes-de-wallis-et-futuna"},{"id":"9782357384699","title":"1ers secours aux chasseurs et \u00e0 leurs chiens","description":"Depuis de nombreuses ann\u00e9es, la s\u00e9curit\u00e9 est une priorit\u00e9 pour les 1,3 millions de chasseurs de France. Cependant, comme toute activit\u00e9 de pleine nature, l'accident peut toujours se produire. Ce livre a deux objectifs pour permettre aux chasseurs et aux accompagnateurs - d'\u00eatre capable de r\u00e9agir face \u00e0 une urgence vitale, une atteinte traumatique ou un malaise dans l'attente de l'arriv\u00e9e des secours professionnels, - de r\u00e9aliser les gestes d'urgence au chien bless\u00e9 pour \u00e9viter l'aggravation de son \u00e9tat jusqu'\u00e0 l'arriv\u00e9e chez le v\u00e9t\u00e9rinaire.ire.","authors":["Collectif"],"category_codes":["4000000","4010000","4010500","4010502"],"visuals":{"large":"https:\/\/images.epagine.fr\/699\/9782357384699_1_75.jpg","medium":"https:\/\/images.epagine.fr\/699\/9782357384699_1_m.jpg","thumbnail":"https:\/\/images.epagine.fr\/699\/9782357384699_1_v.jpg"},"orderable":true,"show_badge":true,"formatted_price":"14,90&nbsp;\u20ac","formatted_published_date":"6 octobre 2017","publisher_availability_label":"Sur commande","short_details":"Collectif \u2014 ICONE GRAPHIC","translator":null,"weight":198,"page_count":236,"readership":null,"editor":"ICONE GRAPHIC","price":1490,"published_date":"2017-10-05T22:00:00.000000Z","support":"Grand format","publisher_availability":1,"stock":0,"editions":[],"url":"https:\/\/quaidesbrumes.com\/ouvrage\/9782357384699\/1ers-secours-aux-chasseurs-et-a-leurs-chiens"},{"id":"9781784053093","title":"Traitement de donn\u00e9es en sciences environnementales","description":"Traitement de donn\u00e9es en sciences environnementales pr\u00e9sente les m\u00e9thodes d'analyses de tableaux de donn\u00e9es multivari\u00e9es les plus couramment utilis\u00e9es dans les diff\u00e9rentes disciplines des sciences environnementales - de la g\u00e9ochimie \u00e0 l'\u00e9cologie. Il examine leurs principes, leurs conditions d'application, les moyens de les mettre en oeuvre, via l'utilisation du logiciel R, ainsi que la mani\u00e8re de les interpr\u00e9ter justement.\r\n\r\nLa vari\u00e9t\u00e9 des analyses expos\u00e9es permet le traitement de petits comme de grands jeux de donn\u00e9es. L'ouvrage pr\u00e9cise les mani\u00e8res d'explorer et de pr\u00e9parer ces donn\u00e9es en amont de l'analyse - en accord avec les objectifs et la strat\u00e9gie scientifiques de l'\u00e9tude -, de les traiter au pr\u00e9alable, d'\u00e9tablir une structure d'objets (stations\/dates) ou de variables d'int\u00e9r\u00eat et de mettre en avant les param\u00e8tres explicatifs de ces structures (la fa\u00e7on, par exemple, dont la physico-chimie influence la structure biologique obtenue).","authors":["Val\u00e9rie David"],"category_codes":["4000000","4010000","4010200","4010204"],"visuals":{"large":"https:\/\/images.epagine.fr\/093\/9781784053093_1_75.jpg","medium":"https:\/\/images.epagine.fr\/093\/9781784053093_1_m.jpg","thumbnail":"https:\/\/images.epagine.fr\/093\/9781784053093_1_v.jpg"},"orderable":true,"show_badge":true,"formatted_price":"41,15&nbsp;\u20ac","formatted_published_date":"6 octobre 2017","publisher_availability_label":"Sur commande","short_details":"Val\u00e9rie David \u2014 Iste","translator":null,"weight":189,"page_count":176,"readership":null,"editor":"Iste","price":4115,"published_date":"2017-10-05T22:00:00.000000Z","support":"Grand format","publisher_availability":1,"stock":0,"editions":[],"url":"https:\/\/quaidesbrumes.com\/ouvrage\/9781784053093\/traitement-de-donnees-en-sciences-environnementales"},{"id":"9781784053505","title":"L'\u00e9cologie autoritaire","description":"L'\u00e9cologie politique interroge : est-elle de gauche, est-elle de droite ? De quoi est-elle le nom ? Andrew Dobson indiquait que les analyses de l'\u00e9cologisme lui assignent quatre positions possibles : un nouvel ordre global (symbolis\u00e9 par le rapport Brundtland), un autoritarisme centralis\u00e9 (la \u00ab trag\u00e9die des communs \u00bb de Garrett Hardin), la commune autoritaire (Goldsmith en est fr\u00e9quemment le symbole) et un anarchisme \u00e9galitaire et participatif.\r\n\r\nA-t-il raison ? Trois conclusions \u00e9mergent : le risque d'un \u00ab \u00e9cofascisme \u00bb qui n'aurait rien d'\u00e9cologiste, si les enjeux \u00e9cologiques ne sont pas pris au s\u00e9rieux ; l'apport de l'\u00e9cologisme \u00e0 une critique \u00e9mancipatrice de la modernit\u00e9, ne se confondant pas avec un antimodernisme r\u00e9trograde ; et la difficult\u00e9 manifest\u00e9e par les analystes comme par les acteurs, pour saisir ce courant.\r\n\r\nL'\u00e9cologie autoritaire interroge et examine la fa\u00e7on dont l'\u00e9cologisme se confronte \u00e0 ses autres aspects id\u00e9ologiques, dans le contexte fran\u00e7ais : lib\u00e9ralisme, socialisme et conservatisme.","authors":["Fabrice Flipo"],"category_codes":["4000000","4010000","4010200","4010204"],"visuals":{"large":"https:\/\/images.epagine.fr\/505\/9781784053505_1_75.jpg","medium":"https:\/\/images.epagine.fr\/505\/9781784053505_1_m.jpg","thumbnail":"https:\/\/images.epagine.fr\/505\/9781784053505_1_v.jpg"},"orderable":true,"show_badge":true,"formatted_price":"65,41&nbsp;\u20ac","formatted_published_date":"10 janvier 2018","publisher_availability_label":"Sur commande","short_details":"Fabrice Flipo \u2014 Iste","translator":null,"weight":357,"page_count":274,"readership":null,"editor":"Iste","price":6541,"published_date":"2018-01-09T23:00:00.000000Z","support":"Grand format","publisher_availability":1,"stock":0,"editions":[],"url":"https:\/\/quaidesbrumes.com\/ouvrage\/9781784053505\/lecologie-autoritaire"},{"id":"9782322102624","title":"L'\u00e2me des arbres","description":"Ligne de partage de la terre et du ciel, en interconnexion avec les flux telluriques et les ondes cosmogoniques : les arbres sont l' \u00e2me du paysage. R\u00e9cepteurs des lumi\u00e8res fossiles de la nuit du temps, de l'\u00e9trange ailleurs, des r\u00e9alit\u00e9s invisibles, de l'inqui\u00e9tante \u00e9tranget\u00e9 de l'immensit\u00e9 qui s'ouvre \u00e0 nous...","authors":["Jo\u00ebl Douillet"],"category_codes":["4000000","4010000","4010400","4010406"],"visuals":{"large":"https:\/\/images.epagine.fr\/624\/9782322102624_1_75.jpg","medium":"https:\/\/images.epagine.fr\/624\/9782322102624_1_m.jpg","thumbnail":"https:\/\/images.epagine.fr\/624\/9782322102624_1_v.jpg"},"orderable":true,"show_badge":true,"formatted_price":"14,99&nbsp;\u20ac","formatted_published_date":"15 janvier 2018","publisher_availability_label":"Sur commande","short_details":"Jo\u00ebl Douillet \u2014 Books on Demand","translator":null,"weight":401,"page_count":32,"readership":null,"editor":"Books on Demand","price":1499,"published_date":"2018-01-14T23:00:00.000000Z","support":"Grand format","publisher_availability":1,"stock":0,"editions":[],"url":"https:\/\/quaidesbrumes.com\/ouvrage\/9782322102624\/lame-des-arbres"},{"id":"9782343125053","title":"La th\u00e9orie des signatures v\u00e9g\u00e9tales au regard de la science","description":"\"Cet ouvrage compl\u00e8te la \u00ab Flore m\u00e9dicale des signatures \u00bb. Imagin\u00e9e au XVIe si\u00e8cle par Paracelse, la Th\u00e9orie des signatures \u00e9tait propos\u00e9e comme une m\u00e9thode nouvelle pour faciliter les recherches des plantes m\u00e9dicinales dans la nature. Selon cette th\u00e9orie, les plantes avec ces propri\u00e9t\u00e9s \u00e9taient marqu\u00e9es d'un signe ais\u00e9ment perceptible, une analogie entre ses parties et le corps humain ou entre une couleur et une humeur. L'auteur s'appuie sur les r\u00e9sultats de la recherche pour argumenter \u00e0 l'encontre de cette th\u00e9orie.\"","authors":["Guy Ducourthial"],"category_codes":["4000000","4010000","4010400"],"visuals":{"large":"https:\/\/images.epagine.fr\/053\/9782343125053_1_75.jpg","medium":"https:\/\/images.epagine.fr\/053\/9782343125053_1_m.jpg","thumbnail":"https:\/\/images.epagine.fr\/053\/9782343125053_1_v.jpg"},"orderable":true,"show_badge":true,"formatted_price":"26,50&nbsp;\u20ac","formatted_published_date":"30 octobre 2017","publisher_availability_label":"Sur commande","short_details":"Guy Ducourthial \u2014 \u00c9ditions L'Harmattan","translator":null,"weight":292,"page_count":242,"readership":null,"editor":"\u00c9ditions L'Harmattan","price":2650,"published_date":"2017-10-29T23:00:00.000000Z","support":"Grand format","publisher_availability":1,"stock":0,"editions":[],"url":"https:\/\/quaidesbrumes.com\/ouvrage\/9782343125053\/la-theorie-des-signatures-vegetales-au-regard-de-la-science"},{"id":"9783791373324","title":"A big garden","description":"Equivalent anglais du livre Un grand jardin de Gilles Cl\u00e9ment et Vincent Grav\u00e9, paru en 2016 aux \u00e9ditions Cambourakis.","authors":["Gilles Cl\u00e9ment","Vincent Grav\u00e9"],"category_codes":["4000000","4010000","4010400","4010405"],"visuals":{"large":"https:\/\/images.epagine.fr\/324\/9783791373324_1_75.jpg","medium":"https:\/\/images.epagine.fr\/324\/9783791373324_1_m.jpg","thumbnail":"https:\/\/images.epagine.fr\/324\/9783791373324_1_v.jpg"},"orderable":true,"show_badge":true,"formatted_price":"28,00&nbsp;\u20ac","formatted_published_date":"5 mars 2018","publisher_availability_label":"Sur commande","short_details":"Gilles Cl\u00e9ment, Vincent Grav\u00e9 \u2014 Prestel","translator":null,"weight":900,"page_count":32,"readership":null,"editor":"Prestel","price":2800,"published_date":"2018-03-04T23:00:00.000000Z","support":"Grand format","publisher_availability":1,"stock":0,"editions":[],"url":"https:\/\/quaidesbrumes.com\/ouvrage\/9783791373324\/a-big-garden"},{"id":"9782955489819","title":"Br\u00e8ves de flore Tome 2 ; plantes comestibles","description":"L'objectif du livre Plantes comestibles est de permettre d'avoir une approche tr\u00e8s cibl\u00e9e des crit\u00e8res permettant de savoir reconna\u00eetre une pante \u00e0 coup s\u00fbr... de mani\u00e8re ludique et po\u00e9tique. Le livre Plantes comestibles est en marge des livres de botanique classiques. Le livre rentre dans la collection Br\u00e8ves de Flore \u00e0 l'initiative de l'auteur No\u00e9mie Varet. La collection Br\u00e8ves de flore a vocation a aborder la botanique en pr\u00e9sentant les crit\u00e8res intrins\u00e8ques, propres \u00e0 chaque esp\u00e8ce. Ainsi, certaines esp\u00e8ces se reconnaissent \u00e0 leur tronc, d'autres \u00e0 leur forme g\u00e9n\u00e9rale, d'autres \u00e0 des crit\u00e8res plus pr\u00e9cis comme les feuilles ou les fruits par exemple. Ainsi, chaque esp\u00e8ce \u00e9tant diff\u00e9rente, les repr\u00e9sentations des caract\u00e9ristiques sont faites soit par une illustration de style gravure, soit par une photographie, soit par un aplat de couleur ou au trait. Les illustrations, r\u00e9alis\u00e9es d'apr\u00e8s photographies ou gravures, ont fait l'objet d'un effort tout particulier et poss\u00e8dent un degr\u00e9 de pr\u00e9cision qui est jug\u00e9 optimal par l'auteur pour reconna\u00eetre la caract\u00e9ristique pr\u00e9sent\u00e9e. En vue de rendre la botanique ludique et po\u00e9tique, le livre pr\u00e9sente : Des indications botaniques de mani\u00e8res abordables par les non initi\u00e9s, Des anecdotes et moyens m\u00e9mo techniques tout au long de l'ouvrage, Des renvois en bas de page qui invite le lecteur \u00e0 la curiosit\u00e9 en renvoyant vers d'autres plantes, soit qui ressemblent, soit qui ont une bizarrerie,... Chaque plante est pr\u00e9sent\u00e9 par 3 \u00e0 4 crit\u00e8res principaux sur une page double; 1 double page par plante; 32 plantes pr\u00e9sent\u00e9es; Des crit\u00e8res de comparaison pour \u00e9veiller la curiosit\u00e9; Conseils en introduction; Des recommandations de cueillette et un calendrier de cueillette. L'auteur, expert forestier et \u00e9cologue, nous donne a voir et \u00e0 d\u00e9couvrir les plantes de mani\u00e8re ludique et po\u00e9tique. L'ouvrage d\u00e9crit des plantes de for\u00eat et de campagne des climats de Plaines et Collines de France.","authors":["No\u00e9mie Varet"],"category_codes":["4000000","4010000","4010400","4010405"],"visuals":{"large":"https:\/\/images.epagine.fr\/819\/9782955489819_1_75.jpg","medium":"https:\/\/images.epagine.fr\/819\/9782955489819_1_m.jpg","thumbnail":"https:\/\/images.epagine.fr\/819\/9782955489819_1_v.jpg"},"orderable":true,"show_badge":true,"formatted_price":"19,00&nbsp;\u20ac","formatted_published_date":"28 mars 2018","publisher_availability_label":"Sur commande","short_details":"No\u00e9mie Varet \u2014 Noe Paper","translator":null,"weight":300,"page_count":100,"readership":null,"editor":"Noe Paper","price":1900,"published_date":"2018-03-27T22:00:00.000000Z","support":"Grand format","publisher_availability":1,"stock":0,"editions":[],"url":"https:\/\/quaidesbrumes.com\/ouvrage\/9782955489819\/breves-de-flore-tome-2-plantes-comestibles"},{"id":"9782955489802","title":"Br\u00e8ves de flore Tome 1 ; arbres urbains","description":null,"authors":["Noemie Varet"],"category_codes":["4000000","4010000","4010400","4010406"],"visuals":{"large":"https:\/\/images.epagine.fr\/802\/9782955489802_1_75.jpg","medium":"https:\/\/images.epagine.fr\/802\/9782955489802_1_m.jpg","thumbnail":"https:\/\/images.epagine.fr\/802\/9782955489802_1_v.jpg"},"orderable":true,"show_badge":true,"formatted_price":"19,00&nbsp;\u20ac","formatted_published_date":"30 avril 2017","publisher_availability_label":"Sur commande","short_details":"Noemie Varet \u2014 Noe Paper","translator":null,"weight":242,"page_count":null,"readership":null,"editor":"Noe Paper","price":1900,"published_date":"2017-04-29T22:00:00.000000Z","support":"Grand format","publisher_availability":1,"stock":0,"editions":[],"url":"https:\/\/quaidesbrumes.com\/ouvrage\/9782955489802\/breves-de-flore-tome-1-arbres-urbains"},{"id":"9782343130842","title":"Nature : le r\u00e9veil du sauvage","description":"\"Plus nous \u00e9tendons notre domination sur la nature, plus le sauvage devient n\u00e9cessaire. Dans ce nouvel ouvrage, l'auteur relate les nombreuses initiatives europ\u00e9ennes pour pr\u00e9server les derniers bastions de nature sauvage, voire pour renforcer l'ensauvagement de r\u00e9gions en d\u00e9prise agricole. La nature sauvage n'est pas une vue de l'esprit mais une perspective r\u00e9elle pour l'avenir. Elle t\u00e9moigne du sauvage qui sommeille en nous, \u00e9pris d'espoir, de r\u00eave, de libert\u00e9 et d'un profond respect de la nature. Mieux comprendre la nature pour mieux nous conna\u00eetre ?\"","authors":["Jean-claude Genot"],"category_codes":["4000000","4010000","4010300"],"visuals":{"large":"https:\/\/images.epagine.fr\/842\/9782343130842_1_75.jpg","medium":"https:\/\/images.epagine.fr\/842\/9782343130842_1_m.jpg","thumbnail":"https:\/\/images.epagine.fr\/842\/9782343130842_1_v.jpg"},"orderable":true,"show_badge":true,"formatted_price":"24,50&nbsp;\u20ac","formatted_published_date":"3 novembre 2017","publisher_availability_label":"Sur commande","short_details":"Jean-claude Genot \u2014 \u00c9ditions L'Harmattan","translator":null,"weight":277,"page_count":224,"readership":null,"editor":"\u00c9ditions L'Harmattan","price":2450,"published_date":"2017-11-02T23:00:00.000000Z","support":"Grand format","publisher_availability":1,"stock":0,"editions":[],"url":"https:\/\/quaidesbrumes.com\/ouvrage\/9782343130842\/nature-le-reveil-du-sauvage"},{"id":"9782913589735","title":"Le retour de Babeuf","description":"Que faire quand le monde marche sur la t\u00eate ? Michel Ots choisit de vilipender ceux d'entre nous qui ne veulent rien comprendre, de d\u00e9noncer l'\u00e9cocide en cours, les lois sc\u00e9l\u00e9rates, les complicit\u00e9s de toutes sortes. Ne pas accepter, et le dire sans d\u00e9tour, et ne pas perdre pour autant son humanit\u00e9, son humour, la po\u00e9sie de son \u00e9criture, tout ce qui enchante les lecteurs de Plaire aux vaches.\r\nPour se faire, Michel Ots se place dans les pas de Gracchus Babeuf, - guillotin\u00e9 pour avoir demand\u00e9 l'application de la Constitution de 1793 qui donnait plus de pouvoir au peuple et qui instituait l'\u00e9galit\u00e9 entre les citoyens.\r\nLe Retour de Babeuf, c'est aussi une invite \u00e0 jouir de la gratuit\u00e9 du pr\u00e9sent, \u00e0 cheminer, attentif au chant des oiseaux, c'est \u00eatre dispos\u00e9 \u00e0 leur pr\u00eater sens, \u00e0 \u00eatre soi.","authors":["Michel Ots"],"category_codes":["4000000","4010000","4010200","4010207"],"visuals":{"large":"https:\/\/images.epagine.fr\/735\/9782913589735_1_75.jpg","medium":"https:\/\/images.epagine.fr\/735\/9782913589735_1_m.jpg","thumbnail":"https:\/\/images.epagine.fr\/735\/9782913589735_1_v.jpg"},"orderable":true,"show_badge":true,"formatted_price":"10,00&nbsp;\u20ac","formatted_published_date":"26 janvier 2018","publisher_availability_label":"Sur commande","short_details":"Michel Ots \u2014 Atelier Du Gue","translator":null,"weight":90,"page_count":120,"readership":null,"editor":"Atelier Du Gue","price":1000,"published_date":"2018-01-25T23:00:00.000000Z","support":"Grand format","publisher_availability":1,"stock":0,"editions":[],"url":"https:\/\/quaidesbrumes.com\/ouvrage\/9782913589735\/le-retour-de-babeuf"},{"id":"9782951223912","title":"Fleurs ; images et po\u00e9sies","description":"Vous aimez les fleurs ? Offrez-vous ce bouquet multicolore et parfum\u00e9 de trente images accompagn\u00e9es chacune d'une po\u00e9sie. De la discr\u00e8te violette \u00e0 l'exub\u00e9rante agapanthe, l'\u00e9ph\u00e9m\u00e8re pivoine, le raffin\u00e9 cam\u00e9lia, la rose \u00e9ternelle. Serge vous invite en toute simplicit\u00e9 dans son jardin de po\u00e9sie o\u00f9 son travail sur les mots et la recherche de la rime sont un de ses passe-temps favoris, avec l'entretien de ses ch\u00eanes truffiers.","authors":["Serge Sanches"],"category_codes":["4000000","4010000","4010400","4010405"],"visuals":{"large":"https:\/\/images.epagine.fr\/912\/9782951223912_1_75.jpg","medium":"https:\/\/images.epagine.fr\/912\/9782951223912_1_m.jpg","thumbnail":"https:\/\/images.epagine.fr\/912\/9782951223912_1_v.jpg"},"orderable":true,"show_badge":true,"formatted_price":"12,00&nbsp;\u20ac","formatted_published_date":"15 juillet 2017","publisher_availability_label":"Sur commande","short_details":"Serge Sanches \u2014 Editions D'Anglon","translator":null,"weight":170,"page_count":68,"readership":null,"editor":"Editions D'Anglon","price":1200,"published_date":"2017-07-14T22:00:00.000000Z","support":"Grand format","publisher_availability":1,"stock":0,"editions":[],"url":"https:\/\/quaidesbrumes.com\/ouvrage\/9782951223912\/fleurs-images-et-poesies"},{"id":"9782322086115","title":"L'agro\u00e9cologie c'est super cool","description":"Connaissez-vous l'agro\u00e9cologie ? Ses principes et ses objectifs ?\r\n\r\nNon ? Alors ce livre est fait pour vous. Vous y d\u00e9couvrirez toutes les raisons qui font que, dans tous les pays du monde, chaque jour, des jardiniers, des mara\u00eechers et des paysans agro\u00e9cologistes observent, ressentent, inventent et travaillent avec leurs mains, avec leur coeur, avec leur t\u00eate pour produire des r\u00e9coltes dans une terre durablement fertile.\r\n\r\nVous savez d\u00e9j\u00e0 ce qu'est l'agro\u00e9cologie ? Alors vous trouverez dans ce livre tous les arguments pour faire conna\u00eetre l'agro\u00e9cologie et pour r\u00e9pondre \u00e0 ses adversaires et aux sceptiques.","authors":["Benoit Sorel"],"category_codes":["4000000","4010000","4010200","4010208"],"visuals":{"large":"https:\/\/images.epagine.fr\/115\/9782322086115_1_75.jpg","medium":"https:\/\/images.epagine.fr\/115\/9782322086115_1_m.jpg","thumbnail":"https:\/\/images.epagine.fr\/115\/9782322086115_1_v.jpg"},"orderable":true,"show_badge":true,"formatted_price":"9,00&nbsp;\u20ac","formatted_published_date":"6 novembre 2017","publisher_availability_label":"Sur commande","short_details":"Benoit Sorel \u2014 Books on Demand","translator":null,"weight":200,"page_count":80,"readership":null,"editor":"Books on Demand","price":900,"published_date":"2017-11-05T23:00:00.000000Z","support":"Grand format","publisher_availability":1,"stock":0,"editions":[],"url":"https:\/\/quaidesbrumes.com\/ouvrage\/9782322086115\/lagroecologie-cest-super-cool"},{"id":"9782343131405","title":"Les trente ans de la loi littoral","description":"La loi Littoral a maintenant plus de trente ans. Loi d'avant-garde, elle vise \u00e0 concilier la protection du littoral avec le d\u00e9veloppement \u00e9conomique. Souvent contest\u00e9e comme trop protectrice, emp\u00eachant l'urbanisation, elle est aussi consid\u00e9r\u00e9e comme un \u00ab laisser-construire \u00bb dans les zones satur\u00e9es. Ses concepts sont difficiles \u00e0 interpr\u00e9ter et appliquer. Les d\u00e9fis climatiques auxquels est confront\u00e9 le littoral ont impliqu\u00e9 la participation de g\u00e9ographes. La protection des cordons littoraux s'av\u00e8re aujourd'hui une n\u00e9cessit\u00e9.","authors":["Jean-Luc Pissaloux","Anne Rainaud"],"category_codes":["4000000","4010000","4010200","4010208"],"visuals":{"large":"https:\/\/images.epagine.fr\/405\/9782343131405_1_75.jpg","medium":"https:\/\/images.epagine.fr\/405\/9782343131405_1_m.jpg","thumbnail":"https:\/\/images.epagine.fr\/405\/9782343131405_1_v.jpg"},"orderable":true,"show_badge":true,"formatted_price":"42,00&nbsp;\u20ac","formatted_published_date":"20 octobre 2017","publisher_availability_label":"Sur commande","short_details":"Jean-Luc Pissaloux, Anne Rainaud \u2014 \u00c9ditions L'Harmattan","translator":null,"weight":647,"page_count":418,"readership":null,"editor":"\u00c9ditions L'Harmattan","price":4200,"published_date":"2017-10-19T22:00:00.000000Z","support":"Grand format","publisher_availability":1,"stock":0,"editions":[],"url":"https:\/\/quaidesbrumes.com\/ouvrage\/9782343131405\/les-trente-ans-de-la-loi-littoral"},{"id":"9782343135090","title":"Jardiner entre soi","description":"En plein essor depuis une dizaine d'ann\u00e9e, les jardins partag\u00e9s sont consid\u00e9r\u00e9s comme des lieux o\u00f9 se cr\u00e9e le lien social dans les villes. Cependant, les membres de ces collectifs appartiennent g\u00e9n\u00e9ralement au m\u00eame groupe social. Il existe donc une forme de s\u00e9lection pour entrer dans le groupe. Quels sont les effets de ces jardins partag\u00e9s dans les villes contemporaines ? \u00c0 quelles fonctions sociales r\u00e9pondent-ils ?","authors":["Lea Mestdagh"],"category_codes":["4000000","4010000","4010500"],"visuals":{"large":"https:\/\/images.epagine.fr\/090\/9782343135090_1_75.jpg","medium":"https:\/\/images.epagine.fr\/090\/9782343135090_1_m.jpg","thumbnail":"https:\/\/images.epagine.fr\/090\/9782343135090_1_v.jpg"},"orderable":true,"show_badge":true,"formatted_price":"33,50&nbsp;\u20ac","formatted_published_date":"18 d\u00e9cembre 2017","publisher_availability_label":"Sur commande","short_details":"Lea Mestdagh \u2014 \u00c9ditions L'Harmattan","translator":null,"weight":374,"page_count":306,"readership":null,"editor":"\u00c9ditions L'Harmattan","price":3350,"published_date":"2017-12-17T23:00:00.000000Z","support":"Grand format","publisher_availability":1,"stock":0,"editions":[],"url":"https:\/\/quaidesbrumes.com\/ouvrage\/9782343135090\/jardiner-entre-soi"},{"id":"9782369450634","title":"\u00e9loge de la mar\u00e9e","description":null,"authors":["Herv\u00e9 Hamon","Philippe Kerarvran"],"category_codes":["4000000","4010000","4010300","4010304"],"visuals":{"large":"https:\/\/images.epagine.fr\/634\/9782369450634_1_75.jpg","medium":"https:\/\/images.epagine.fr\/634\/9782369450634_1_m.jpg","thumbnail":"https:\/\/images.epagine.fr\/634\/9782369450634_1_v.jpg"},"orderable":true,"show_badge":true,"formatted_price":"14,00&nbsp;\u20ac","formatted_published_date":"29 mars 2018","publisher_availability_label":"Sur commande","short_details":"Herv\u00e9 Hamon, Philippe Kerarvran \u2014 EDITIONS DIALOGUES","translator":null,"weight":122,"page_count":70,"readership":null,"editor":"EDITIONS DIALOGUES","price":1400,"published_date":"2018-03-28T22:00:00.000000Z","support":"Grand format","publisher_availability":1,"stock":0,"editions":[],"url":"https:\/\/quaidesbrumes.com\/ouvrage\/9782369450634\/eloge-de-la-maree"},{"id":"9782856537954","title":"Les invert\u00e9br\u00e9s dans la conservation et la gestion des espaces naturels ; actes du colloque de Toulouse du 13 au 16 mai 2015","description":"Ce colloque qui s'est tenu en 2015 a r\u00e9uni plus de 150 participants venus de toute la France. Ils ont pu assister \u00e0 26 conf\u00e9rences orales, un atelier d\u00e9di\u00e9 aux plans nationaux d'actions, des \u00adexpositions photographiques (SPIPOLL, GIMP...) et aux pr\u00e9sentations d'une vingtaine de \u00adposters. La diversit\u00e9 des participants (conservatoires, MNHN, OPIE, parcs, r\u00e9serves, laboratoire de recherche, collectivit\u00e9s territoriales, naturalistes ind\u00e9pendants...) t\u00e9moigne de l'importance grandissante de la prise en compte des invert\u00e9br\u00e9s dans la gestion des espaces naturels. Les d\u00e9bats ont mis en \u00e9vidence les lacunes de connaissance sur la plupart des groupes tout en d\u00e9montrant la qualit\u00e9 croissante des \u00e9tudes r\u00e9alis\u00e9es actuellement en France et le besoin de continuer recherches et exp\u00e9riences de terrain.\r\nDeux sorties naturalistes, l'une sur les pelouses s\u00e8ches du Quercy lotois et l'autre en for\u00eat de Gr\u00e9signe ont cl\u00f4tur\u00e9 le colloque avec l'observation d'esp\u00e8ces embl\u00e9matiques (damier de la succise, taupin violac\u00e9...) int\u00e9gr\u00e9es \u00e0 la gestion d'espaces naturels.\r\nLa dynamique engag\u00e9e par cette manifestation continue ici \u00e0 travers la r\u00e9alisation de ses actes regroupant 23 articles relatifs aux communications orales et 11 pr\u00e9sentations courtes r\u00e9sumant certains posters.","authors":["Nicolas Gouix","Daniel Marc"],"category_codes":["4000000","4010000","4010300"],"visuals":{"large":"https:\/\/images.epagine.fr\/954\/9782856537954_1_75.jpg","medium":"https:\/\/images.epagine.fr\/954\/9782856537954_1_m.jpg","thumbnail":"https:\/\/images.epagine.fr\/954\/9782856537954_1_v.jpg"},"orderable":true,"show_badge":true,"formatted_price":"28,00&nbsp;\u20ac","formatted_published_date":"29 novembre 2017","publisher_availability_label":"Sur commande","short_details":"Nicolas Gouix, Daniel Marc \u2014 Museum National D'Histoire Naturelle","translator":null,"weight":844,"page_count":216,"readership":null,"editor":"Museum National D'Histoire Naturelle","price":2800,"published_date":"2017-11-28T23:00:00.000000Z","support":"Grand format","publisher_availability":1,"stock":0,"editions":[],"url":"https:\/\/quaidesbrumes.com\/ouvrage\/9782856537954\/les-invertebres-dans-la-conservation-et-la-gestion-des-espaces-naturels-actes-du-colloque-de-toulouse-du-13-au-16-mai-2015"},{"id":"9782842599119","title":"Soigner son potager","description":"Un d\u00e9pliant qui synth\u00e9tise les modes de protection des plantes potag\u00e8res qui respectent l'environnement, de la pr\u00e9vention des maladies par la rotation des cultures \u00e0 la lutte directe contre les ravageurs par la fabrication de produits naturels, sans omettre l'usage des animaux consid\u00e9r\u00e9s comme auxiliaires du jardin.","authors":["Collectif"],"category_codes":["4000000","4010000","4010400","4010401"],"visuals":{"large":"https:\/\/images.epagine.fr\/119\/9782842599119_1_75.jpg","medium":"https:\/\/images.epagine.fr\/119\/9782842599119_1_m.jpg","thumbnail":"https:\/\/images.epagine.fr\/119\/9782842599119_1_v.jpg"},"orderable":true,"show_badge":true,"formatted_price":"3,50&nbsp;\u20ac","formatted_published_date":"1er f\u00e9vrier 2018","publisher_availability_label":"Sur commande","short_details":"Collectif \u2014 AEDIS","translator":null,"weight":50,"page_count":8,"readership":null,"editor":"AEDIS","price":350,"published_date":"2018-01-31T23:00:00.000000Z","support":"Grand format","publisher_availability":1,"stock":0,"editions":[],"url":"https:\/\/quaidesbrumes.com\/ouvrage\/9782842599119\/soigner-son-potager"},{"id":"9781784053895","title":"Innovation environnementale et \u00e9coconception ; certitudes et controverses","description":"La s\u00e9rie Smart innovation pr\u00e9sente les th\u00e8mes li\u00e9s \u00e0 la dynamique technologique, entrepreneuriale, territoriale et \u00e9conomique de l'innovation. Elle privil\u00e9gie les approches novatrices des acteurs qui, par leurs comportements, strat\u00e9gies et politiques d'innovation intelligente, modifient les mod\u00e8les \u00e9conomiques dans une perspective de croissance durable.\r\n\r\nLa fin des \u00ab Trente Glorieuses \u00bb est marqu\u00e9e par la reconnaissance de la probl\u00e9matique environnementale et les crises p\u00e9troli\u00e8res des ann\u00e9es 1970. Les rencontres internationales successives qui en ont r\u00e9sult\u00e9 se d\u00e9roulent dans un contexte o\u00f9 le changement technique, l'innovation et les industriels prennent une place croissante dans la cr\u00e9ation d'un nouveau mod\u00e8le de soci\u00e9t\u00e9.\r\n\r\nInnovation environnementale et \u00e9coconception revient de mani\u00e8re critique sur les certitudes et les controverses autour du processus d'innovation environnementale. Le premier chapitre expose sa doctrine, ses origines et les raisons qui l'am\u00e8nent aujourd'hui \u00e0 faire autorit\u00e9, et ce, malgr\u00e9 ses faiblesses. Le second chapitre analyse le concept d'\u00e9coconception.\r\n\r\nL'ouvrage se base sur une revue de litt\u00e9rature et des exemples puis\u00e9s des sciences \u00e9conomiques, de gestion et de l'ing\u00e9nieur. Cette d\u00e9marche inscrit le changement technique dans une approche syst\u00e9mique facilitant notre compr\u00e9hension des relations entre la biosph\u00e8re et la technosph\u00e8re.","authors":["Romain Debref"],"category_codes":["4000000","4010000","4010200","4010203"],"visuals":{"large":"https:\/\/images.epagine.fr\/895\/9781784053895_1_75.jpg","medium":"https:\/\/images.epagine.fr\/895\/9781784053895_1_m.jpg","thumbnail":"https:\/\/images.epagine.fr\/895\/9781784053895_1_v.jpg"},"orderable":true,"show_badge":true,"formatted_price":"41,15&nbsp;\u20ac","formatted_published_date":"1er mars 2018","publisher_availability_label":"Sur commande","short_details":"Romain Debref \u2014 Iste","translator":null,"weight":0,"page_count":176,"readership":null,"editor":"Iste","price":4115,"published_date":"2018-02-28T23:00:00.000000Z","support":"Grand format","publisher_availability":1,"stock":0,"editions":[],"url":"https:\/\/quaidesbrumes.com\/ouvrage\/9781784053895\/innovation-environnementale-et-ecoconception-certitudes-et-controverses"},{"id":"9781784054199","title":"Biodiversit\u00e9 et sant\u00e9 ; les liens entre le vivant, les \u00e9cosyst\u00e8mes et les soci\u00e9t\u00e9s","description":"Biodiversit\u00e9 et sant\u00e9 comble le foss\u00e9 entre l'\u00e9cologie de la sant\u00e9 et les concepts issus des initiatives internationales comme EcoHealth, One Health ou Planetary Health.\r\n\r\nLa biodiversit\u00e9 et la sant\u00e9 offrent une occasion unique de montrer comment les sciences \u00e9cologiques, les sciences de l'environnement, les sciences m\u00e9dicales et les sciences sociales peuvent contribuer \u00e0 am\u00e9liorer la sant\u00e9 et le bien-\u00eatre humains en pr\u00e9servant la biodiversit\u00e9 et ses services rendus aux soci\u00e9t\u00e9s.\r\n\r\nCet ouvrage offre un aper\u00e7u g\u00e9n\u00e9ral et int\u00e9gr\u00e9 des disciplines scientifiques contribuant \u00e0 lier la sant\u00e9 \u00e0 la biodiversit\u00e9 : de l'\u00e9cologie \u00e9volutive des maladies infectieuses et non infectieuses \u00e0 l'\u00e9thique, au droit, et aux politiques publiques.","authors":["Claire Lajaunie","Serge Morand"],"category_codes":["4000000","4010000","4010200","4010204"],"visuals":{"large":"https:\/\/images.epagine.fr\/199\/9781784054199_1_75.jpg","medium":"https:\/\/images.epagine.fr\/199\/9781784054199_1_m.jpg","thumbnail":"https:\/\/images.epagine.fr\/199\/9781784054199_1_v.jpg"},"orderable":true,"show_badge":true,"formatted_price":"80,18&nbsp;\u20ac","formatted_published_date":"17 avril 2018","publisher_availability_label":"Sur commande","short_details":"Claire Lajaunie, Serge Morand \u2014 Iste","translator":null,"weight":0,"page_count":288,"readership":null,"editor":"Iste","price":8018,"published_date":"2018-04-16T22:00:00.000000Z","support":"Grand format","publisher_availability":1,"stock":0,"editions":[],"url":"https:\/\/quaidesbrumes.com\/ouvrage\/9781784054199\/biodiversite-et-sante-les-liens-entre-le-vivant-les-ecosystemes-et-les-societes"},{"id":"9782354981921","title":"La chasse aux b\u00e9cassines","description":"Chasses au marais et au bord de la mer en normandie. Reprint de l'\u00e9dition A la librairie illustr\u00e9e de 1887. \r\nCe livre de L\u00e9opold Elouis est le premier d\u00e9di\u00e9 \u00e0 la chasse aux B\u00e9cassines. L'\u00e9dition originale est peu courante et pas facile \u00e0 trouver. \r\n\r\nTirage \u00e0 moins de 50 exemplaires.","authors":["Elouis L\u00e9opold"],"category_codes":["4000000","4010000","4010500","4010502"],"visuals":{"large":"https:\/\/images.epagine.fr\/921\/9782354981921_1_75.jpg","medium":"https:\/\/images.epagine.fr\/921\/9782354981921_1_m.jpg","thumbnail":"https:\/\/images.epagine.fr\/921\/9782354981921_1_v.jpg"},"orderable":true,"show_badge":true,"formatted_price":"22,00&nbsp;\u20ac","formatted_published_date":"23 avril 2018","publisher_availability_label":"Sur commande","short_details":"Elouis L\u00e9opold \u2014 Douin","translator":null,"weight":264,"page_count":226,"readership":null,"editor":"Douin","price":2200,"published_date":"2018-04-22T22:00:00.000000Z","support":"Grand format","publisher_availability":1,"stock":0,"editions":[],"url":"https:\/\/quaidesbrumes.com\/ouvrage\/9782354981921\/la-chasse-aux-becassines"},{"id":"9782953916324","title":"Nature et traditions en Porcien ; Chaumont, Adon et autres lieux","description":"Consid\u00e9rablement enrichie par rapport \u00e0 la pr\u00e9c\u00e9dente \u00e9dition, \"Nature et traditions\" fourmille d'informations sur Chaumont et ses environs.\r\nQue ce soit pour la faune, la flore, les traditions ou l'histoire de ce village bi-mill\u00e9naire, No\u00ebl Pampagnin nous fait voyager dans le temps et l'espace en passionn\u00e9 sinc\u00e8re et curieux.\r\nC'est donc avec coeur et de l'int\u00e9rieur qu'il nous introduit dans le monde si particulier du Haut-Porcien, avec ses maisons \u00e0 pans de bois, son cidre, ses l\u00e9gendes, ses paysages bocagers, sa culture, son patois.\r\nIl r\u00e9\u00e9crit pour un public moderne l'histoire l\u00e9gendaire de l'Evang\u00e9lisation du Porcien par l'Irlandais Berthauld disparu il y a 1500 ans, au temps de Clovis et de saint R\u00e9mi.\r\nIl nous d\u00e9voile dans cet ouvrage l'\u00e2me d'un canton m\u00e9connu mais pr\u00e9serv\u00e9 pour lequel il a \u00e9crit ces quelques pages que le promeneur pourra feuilleter en d\u00e9couvrant cette r\u00e9gion attachante et isol\u00e9e.","authors":["No\u00ebl Pampagnin"],"category_codes":["4000000","4010000","4010500"],"visuals":{"large":"https:\/\/images.epagine.fr\/324\/9782953916324_1_75.jpg","medium":"https:\/\/images.epagine.fr\/324\/9782953916324_1_m.jpg","thumbnail":"https:\/\/images.epagine.fr\/324\/9782953916324_1_v.jpg"},"orderable":true,"show_badge":true,"formatted_price":"18,00&nbsp;\u20ac","formatted_published_date":"24 avril 2018","publisher_availability_label":"Sur commande","short_details":"No\u00ebl Pampagnin \u2014 NOEL PAMPAGNIN","translator":null,"weight":368,"page_count":152,"readership":null,"editor":"NOEL PAMPAGNIN","price":1800,"published_date":"2018-04-23T22:00:00.000000Z","support":"Grand format","publisher_availability":1,"stock":0,"editions":[],"url":"https:\/\/quaidesbrumes.com\/ouvrage\/9782953916324\/nature-et-traditions-en-porcien-chaumont-adon-et-autres-lieux"},{"id":"9782824613178","title":"La mer pour horizon","description":"Quelques sorties sur une embarcation sommaire quand il \u00e9tait enfant ont suffi \u00e0 donner \u00e0 Bob Escoffier la passion absolue de la mer. Une histoire d'amour qui perdure 70 ans plus tard et qui est rest\u00e9e sa raison d'exister.\r\n\r\nSur les oc\u00e9ans du monde, le \u00ab\u00a0 vieux loup de mer\u00a0 \u00bb a v\u00e9cu toutes les aventures\u00a0 : les vagues rugissantes de l'Atlantique, les temp\u00eates en faisant cap vers le Br\u00e9sil, le sauvetage de marins naufrag\u00e9s, la solitude terrifiante et exaltante de la route du Rhum...\r\n\r\nAu-del\u00e0 de ces exp\u00e9riences humaines, Bob Escoffier raconte \u00e9galement l'autre grand combat de sa vie. Pendant des ann\u00e9es, il a arpent\u00e9 les chantiers navals pour sauver de la destruction des voiliers anciens qu'il restaure et qui font aujourd'hui la fiert\u00e9 du patrimoine maritime. Ce livre est le r\u00e9cit d'un homme qui a mis sa vie au service d'une passion\u00a0 : la mer et ses horizons infinis.\r\n\u00a0 La vie et les aventures d'un amoureux de la libert\u00e9.","authors":["Bob Escoffier","Serge Herbin"],"category_codes":["4000000","4010000","4010300","4010304"],"visuals":{"large":"https:\/\/images.epagine.fr\/178\/9782824613178_1_75.jpg","medium":"https:\/\/images.epagine.fr\/178\/9782824613178_1_m.jpg","thumbnail":"https:\/\/images.epagine.fr\/178\/9782824613178_1_v.jpg"},"orderable":true,"show_badge":true,"formatted_price":"17,90&nbsp;\u20ac","formatted_published_date":"26 septembre 2018","publisher_availability_label":"Sur commande","short_details":"Bob Escoffier, Serge Herbin \u2014 City \u00c9ditions","translator":null,"weight":432,"page_count":256,"readership":null,"editor":"City \u00c9ditions","price":1790,"published_date":"2018-09-25T22:00:00.000000Z","support":"Grand format","publisher_availability":1,"stock":0,"editions":[],"url":"https:\/\/quaidesbrumes.com\/ouvrage\/9782824613178\/la-mer-pour-horizon"},{"id":"9782355272172","title":"Le petit livre de la peche du bar sur le bassin d'arcachon","description":null,"authors":["Eric Joly"],"category_codes":["4000000","4010000","4010500","4010502"],"visuals":{"large":"https:\/\/images.epagine.fr\/172\/9782355272172_1_75.jpg","medium":"https:\/\/images.epagine.fr\/172\/9782355272172_1_m.jpg","thumbnail":"https:\/\/images.epagine.fr\/172\/9782355272172_1_v.jpg"},"orderable":true,"show_badge":true,"formatted_price":"12,00&nbsp;\u20ac","formatted_published_date":"2 juillet 2018","publisher_availability_label":"Sur commande","short_details":"Eric Joly \u2014 Confluences","translator":null,"weight":300,"page_count":null,"readership":null,"editor":"Confluences","price":1200,"published_date":"2018-07-01T22:00:00.000000Z","support":"Grand format","publisher_availability":1,"stock":0,"editions":[],"url":"https:\/\/quaidesbrumes.com\/ouvrage\/9782355272172\/le-petit-livre-de-la-peche-du-bar-sur-le-bassin-darcachon"}]}