{"data":[{"id":"9782373620252","title":"Orchid\u00e9es d'Alsace et des Vosges","description":"Certaines orchid\u00e9es ne doivent rien \u00e0 la culture en serre ou \u00e0 la cueillette sous les tropiques. Elles poussent dans nos prairies et nos for\u00eats \u00e0 l'insu de la plupart d'entre nous. Une cinquantaine d'esp\u00e8ces -!- sont \u00e0 d\u00e9couvrir en Alsace et dans les Vosges. Le lecteur y d\u00e9couvrira les diff\u00e9rentes formes et couleurs ainsi que les insectes pollinisateurs, partenaires indispoensables de ces fleurs sauvages.","authors":["Michel Gissy"],"category_codes":["4000000","4010000","4010400","4010405"],"visuals":{"large":"https:\/\/images.epagine.fr\/252\/9782373620252_1_75.jpg","medium":"https:\/\/images.epagine.fr\/252\/9782373620252_1_m.jpg","thumbnail":"https:\/\/images.epagine.fr\/252\/9782373620252_1_v.jpg"},"orderable":true,"show_badge":true,"formatted_price":"28,00&nbsp;\u20ac","formatted_published_date":"15 octobre 2017","publisher_availability_label":"Sur commande","short_details":"Michel Gissy \u2014 Emmanuel Vandelle","translator":null,"weight":500,"page_count":160,"readership":null,"editor":"Emmanuel Vandelle","price":2800,"published_date":"2017-10-14T22:00:00.000000Z","support":"Grand format","publisher_availability":1,"stock":0,"editions":[],"url":"https:\/\/quaidesbrumes.com\/ouvrage\/9782373620252\/orchidees-dalsace-et-des-vosges"},{"id":"9791020801784","title":"La chasse anecdotique","description":"C'est pour se conformer aux utiles pr\u00e9ceptes du po\u00e8te qu'il est bon de suivre les conseils que donne l'exp\u00e9rience. La lecture et la connaissance des mille d\u00e9tails qui font le vrai chasseur sont aussi n\u00e9cessaires pour se pr\u00e9parer \u00e0 bien loger son plomb que la boussole au navigateur. Car il ne faut pas oublier que si, \u00e0 l'origine, le gibier \u00e9tait abondant et confiant, il n'en est pas tout \u00e0 fait de m\u00eame aujourd'hui o\u00f9, traqu\u00e9 de toutes parts, il doit lutter d'adresse avec le chasseur pour sauver son existence \u00e0 chaque pas menac\u00e9e. Les exploits cyn\u00e9g\u00e9tiques ont \u00e9t\u00e9 grandement go\u00fbt\u00e9s et admir\u00e9s d\u00e8s la plus haute antiquit\u00e9, et leurs auteurs sont devenus l\u00e9gendaires par suite de l'int\u00e9r\u00eat qu'ils ont excit\u00e9. Il y eut des peuples chasseurs comme il y eut des peuples pasteurs ou des peuples nomades ou conqu\u00e9rants, et la chasse est devenue de nos jours un sport agr\u00e9able et \u00e9mouvant, qui procure \u00e0 ses adeptes une sant\u00e9 robuste.\r","authors":["Pierre Bonnefont"],"category_codes":["4000000","4010000","4010500","4010502"],"visuals":{"large":"https:\/\/images.epagine.fr\/784\/9791020801784_1_75.jpg","medium":"https:\/\/images.epagine.fr\/784\/9791020801784_1_m.jpg","thumbnail":"https:\/\/images.epagine.fr\/784\/9791020801784_1_v.jpg"},"orderable":true,"show_badge":true,"formatted_price":"11,00&nbsp;\u20ac","formatted_published_date":"1er juin 2017","publisher_availability_label":"Sur commande","short_details":"Pierre Bonnefont \u2014 Maxtor","translator":null,"weight":150,"page_count":164,"readership":null,"editor":"Maxtor","price":1100,"published_date":"2017-05-31T22:00:00.000000Z","support":"Poche","publisher_availability":1,"stock":0,"editions":[],"url":"https:\/\/quaidesbrumes.com\/ouvrage\/9791020801784\/la-chasse-anecdotique"},{"id":"9781784052263","title":"Les politiques de pr\u00e9vention des d\u00e9sastres ; penser et agir dans l'imperfection","description":"Au cours de l'histoire de l'humanit\u00e9, les enjeux li\u00e9s \u00e0 la pr\u00e9vention des d\u00e9sastres n'ont jamais \u00e9t\u00e9 aussi \u00e9lev\u00e9s qu'aujourd'hui. La multiplication des connaissances qui accompagne les efforts de recherche et d'action fait cependant ressortir un paradoxe apparent : en d\u00e9pit de l'augmentation des recherches et des politiques de pr\u00e9vention les pertes humaines et les dommages ne diminuent pas autant que l'on pourrait l'esp\u00e9rer. En s'appuyant sur des exemples en Am\u00e9rique latine, en Asie et en Europe,\u00a0Les politiques de pr\u00e9vention des d\u00e9sastres\u00a0pr\u00e9sente ce paradoxe r\u00e9current. Il expose les raisons pour lesquelles celui-ci est insatisfaisant et conditionn\u00e9. Cette d\u00e9marche permet de mieux comprendre les limites de la pr\u00e9vention des d\u00e9sastres et de sugg\u00e9rer ce qui pourrait \u00eatre fait pour les repousser. Dans une approche alternative aux \u00e9valuations des politiques les plus classiques, cet ouvrage d\u00e9fend l'id\u00e9e que les politiques de pr\u00e9vention des d\u00e9sastres sont n\u00e9cessaires, tout autant que n\u00e9cessairement limit\u00e9es. C'est pourquoi il est fondamental de ne pas seulement en souligner les limites mais aussi d'en reconna\u00eetre les apports et d'identifier ce qui permettrait de les am\u00e9liorer.\r","authors":["Patrick Pigeon","Julien Rebotier"],"category_codes":["4000000","4010000","4010200"],"visuals":{"large":"https:\/\/images.epagine.fr\/263\/9781784052263_1_75.jpg","medium":"https:\/\/images.epagine.fr\/263\/9781784052263_1_m.jpg","thumbnail":"https:\/\/images.epagine.fr\/263\/9781784052263_1_v.jpg"},"orderable":true,"show_badge":true,"formatted_price":"58,03&nbsp;\u20ac","formatted_published_date":"28 mars 2017","publisher_availability_label":"Sur commande","short_details":"Patrick Pigeon, Julien Rebotier \u2014 Iste","translator":null,"weight":281,"page_count":232,"readership":null,"editor":"Iste","price":5803,"published_date":"2017-03-27T22:00:00.000000Z","support":"Grand format","publisher_availability":1,"stock":0,"editions":[],"url":"https:\/\/quaidesbrumes.com\/ouvrage\/9781784052263\/les-politiques-de-prevention-des-desastres-penser-et-agir-dans-limperfection"},{"id":"9782708245440","title":"Polluants industriels, salari\u00e9s en danger","description":"Le scandale de l'amiante a laiss\u00e9 des traces qui ne sont pas encore effac\u00e9es et dont le grand public est g\u00e9n\u00e9ralement inform\u00e9. En revanche, il ignore le plus souvent qu'aujourd'hui, parfois \u00e0 sa porte, d'autres produits toxiques \u00e9manant des activit\u00e9s industrielles empoisonnent des salari\u00e9s et, parfois, la population environnante.\r\n\r\nEnviron 13,5 % de salari\u00e9s en France seraient expos\u00e9s \u00e0 un ou plusieurs facteurs canc\u00e9rog\u00e8nes au cours de leur activit\u00e9 professionnelle, soit environ 2 370 000 salari\u00e9s. Parmi ces polluants figurent les hydrocarbures aromatiques polycycliques (HAP), des constituants naturels du charbon et du p\u00e9trole, \u00e9mis lors de la combustion incompl\u00e8te de mati\u00e8res organiques telles que les carburants, le bois, qui concerneraient pr\u00e8s de 1,6 million de salari\u00e9s en France, pla\u00e7ant les HAP en t\u00eate des compos\u00e9s responsables de cancers professionnels. M\u00eame si ces chiffres sont connus des experts, le sc\u00e9nario qui s'est d\u00e9roul\u00e9 pour l'amiante est en train de se renouveler : alors que la pr\u00e9vention en mati\u00e8re d'exposition \u00e0 ces produits devrait \u00eatre prioritaire, c'est le manque ou l'insuffisance de protection, le d\u00e9ni des employeurs, le recours \u00e0 la sous-traitance pour effectuer les t\u00e2ches les plus expos\u00e9es, les difficult\u00e9s de reconnaissance en maladies professionnelle qui dominent... Va-t-on continuer \u00e0 jeter un voile discret sur ce fait qui concerne la vie de centaines de milliers de salari\u00e9s ou agir r\u00e9solument avec tous et au grand jour pour mettre en place des actions de pr\u00e9vention et de soins \u00e0 la hauteur du danger ?\r","authors":["Jacqueline de Grandmaison"],"category_codes":["4000000","4010000","4010200","4010204"],"visuals":{"large":"https:\/\/images.epagine.fr\/440\/9782708245440_1_75.jpg","medium":"https:\/\/images.epagine.fr\/440\/9782708245440_1_m.jpg","thumbnail":"https:\/\/images.epagine.fr\/440\/9782708245440_1_v.jpg"},"orderable":true,"show_badge":true,"formatted_price":"16,00&nbsp;\u20ac","formatted_published_date":"11 octobre 2017","publisher_availability_label":"Sur commande","short_details":"Jacqueline de Grandmaison \u2014 Les \u00c9ditions de l'Atelier","translator":null,"weight":187,"page_count":160,"readership":null,"editor":"Les \u00c9ditions de l'Atelier","price":1600,"published_date":"2017-10-10T22:00:00.000000Z","support":"Grand format","publisher_availability":1,"stock":0,"editions":[],"url":"https:\/\/quaidesbrumes.com\/ouvrage\/9782708245440\/polluants-industriels-salaries-en-danger"},{"id":"9782366721362","title":"La nature hallucin\u00e9e","description":"Enfant, Victor Hugo (1802-1885) imagine la for\u00eat noire comme un lieu de t\u00e9n\u00e8bres, peupl\u00e9 de spectres. \r\nPo\u00e8te de la nature et de la mort, il cherche l'insondable sous la surface, les signes de l'au-del\u00e0, la pr\u00e9sence de Dieu. Il pensait que l'esprit humain \u00e9tait trop petit pour embrasser l'univers, mais qu'il pouvait percevoir l'infini dans l'horizon et dans les toutes petites choses, dans les beaut\u00e9s de la nature et dans ses horreurs.\r\nIl d\u00e9crit ce qu'il voit comme personne. Selon lui, il faut savoir lire la nature entre les lignes...\r\n\r\nElle se r\u00e9v\u00e8le \u00e0 qui sait r\u00eaver, voir autrement, reconna\u00eetre les analogies, changer d'angle et d'\u00e9chelle. Victor Hugo, qui voyait l'univers dans une feuille et ne pouvait se r\u00e9soudre \u00e0 tailler ses arbres, a dit en vers, en prose et en croquis que le monde n'existe que si on lui donne du sens.\r\n\r\n\r\n\u00ab Il me semble mon ami que ces choses-l\u00e0 sont plus que des paysages.\r\nC'est la nature entrevue \u00e0 de certains moments myst\u00e9rieux o\u00f9 tout semble r\u00eaver, j'ai presque dit penser, o\u00f9 l'aube, le rocher, le nuage et le buisson vivent plus visiblement qu'\u00e0 d'autres heures et semblent tressaillir du sourd battement de la vie universelle. \u00bb\r","authors":["Elisabeth Combres","Victor Hugo"],"category_codes":["4000000","4010000","4010200","4010207"],"visuals":{"large":"https:\/\/images.epagine.fr\/362\/9782366721362_1_75.jpg","medium":"https:\/\/images.epagine.fr\/362\/9782366721362_1_m.jpg","thumbnail":"https:\/\/images.epagine.fr\/362\/9782366721362_1_v.jpg"},"orderable":true,"show_badge":true,"formatted_price":"9,90&nbsp;\u20ac","formatted_published_date":"31 ao\u00fbt 2017","publisher_availability_label":"Sur commande","short_details":"Elisabeth Combres, Victor Hugo \u2014 \u00c9ditions Plume de Carotte","translator":null,"weight":138,"page_count":122,"readership":null,"editor":"\u00c9ditions Plume de Carotte","price":990,"published_date":"2017-08-30T22:00:00.000000Z","support":"Grand format","publisher_availability":1,"stock":0,"editions":[],"url":"https:\/\/quaidesbrumes.com\/ouvrage\/9782366721362\/la-nature-hallucinee"},{"id":"9782952783422","title":"Le vuache et ses plantes","description":"Le premier, intitul\u00e9 \u00ab Le Vuache et ses plantes, catalogue floristique \u00bb, est une somme richement illustr\u00e9e de 570 pages qui r\u00e9pertorie toute la flore de ce massif unique. Ce livre \u00e9dit\u00e9 par le Syndicat intercommunal de protection et de conservation du Vuache (SIPCV) et par la Soci\u00e9t\u00e9 Botanique de Gen\u00e8ve est le r\u00e9sultat de dizaines d'ann\u00e9es de recherches sur le terrain men\u00e9es par trois botanistes : Jacques Bordon, Denis Jordan et Fernand Jacquemoud. Avant cet ouvrage, il y avait \u00ab le Mont Vuache, \u00e9tude floristique \u00bb, un document \u00e9crit en 1894 par le botaniste genevois John Briquet qui comptabilisait environ 900 esp\u00e8ces diff\u00e9rentes localis\u00e9es sur ce massif. Cent vingt ans plus tard, Jacques Bordon et ses complices ont recens\u00e9 pr\u00e8s de 1200 plantes sur le Vuache.\r","authors":["Jacques Bordon"],"category_codes":["4000000","4010000","4010400","4010405"],"visuals":{"large":"https:\/\/images.epagine.fr\/422\/9782952783422_1_75.jpg","medium":"https:\/\/images.epagine.fr\/422\/9782952783422_1_m.jpg","thumbnail":"https:\/\/images.epagine.fr\/422\/9782952783422_1_v.jpg"},"orderable":true,"show_badge":true,"formatted_price":"40,00&nbsp;\u20ac","formatted_published_date":"15 juin 2016","publisher_availability_label":"Sur commande","short_details":"Jacques Bordon \u2014 Syndicat Intercommunal De Protection Et De Conservation Du Vuache","translator":null,"weight":2720,"page_count":570,"readership":null,"editor":"Syndicat Intercommunal De Protection Et De Conservation Du Vuache","price":4000,"published_date":"2016-06-14T22:00:00.000000Z","support":"Grand format","publisher_availability":1,"stock":0,"editions":[],"url":"https:\/\/quaidesbrumes.com\/ouvrage\/9782952783422\/le-vuache-et-ses-plantes"},{"id":"9782884743846","title":"Essences exquises ; \u00e0 la d\u00e9couverte des arbres s\u00e9dunois","description":"La ville de Sion, en Suisse, aime ses arbres. Nul ne saurait en douter. Et quel meilleur moyen de les prot\u00e9ger que de les faire conna\u00eetre? Telle est la mission de cet ouvrage richement illustr\u00e9. Du cypr\u00e8s chauve au s\u00e9quoia en passant par l'arbre caramel, notre regard sur la capitale valaisanne se trouve peu \u00e0 peu m\u00e9tamorphos\u00e9. Mais ce renouvellement de perspectives constitue en premier lieu un appel \u00e0 tout quitter pour partir \u00e0 la rencontre de ces stup\u00e9fiants monuments v\u00e9g\u00e9taux.","authors":["Bernard Dupuis","Fran\u00e7ois Praz"],"category_codes":["4000000","4010000","4010400","4010406"],"visuals":{"large":"https:\/\/images.epagine.fr\/846\/9782884743846_1_75.jpg","medium":"https:\/\/images.epagine.fr\/846\/9782884743846_1_m.jpg","thumbnail":"https:\/\/images.epagine.fr\/846\/9782884743846_1_v.jpg"},"orderable":true,"show_badge":true,"formatted_price":"70,00&nbsp;\u20ac","formatted_published_date":"6 juin 2017","publisher_availability_label":"Sur commande","short_details":"Bernard Dupuis, Fran\u00e7ois Praz \u2014 INFOLIO","translator":null,"weight":1907,"page_count":240,"readership":null,"editor":"INFOLIO","price":7000,"published_date":"2017-06-05T22:00:00.000000Z","support":"Grand format","publisher_availability":1,"stock":0,"editions":[],"url":"https:\/\/quaidesbrumes.com\/ouvrage\/9782884743846\/essences-exquises-a-la-decouverte-des-arbres-sedunois"},{"id":"9791097407018","title":"Braconnages et filouteries ; 200 infractions relev\u00e9es par un agent de l'office national de la chasse et de la faune sauvage","description":"\u00ab... Le contrevenant nous tourne le dos. Alors qu'il est accroupi, nous l'interpellons, surpris il tombe ses fesses sur le sol, ne peut, dans un premier temps, pas r\u00e9pondre \u00e0 nos questions. Nous l'aidons \u00e0 se remettre debout. Il reconna\u00eet avoir tendu 4 collets qu'il enl\u00e8ve et nous remet.\r\nIl avoue avoir captur\u00e9 ainsi 2 lapins de garenne. Nous l'informons des infractions qu'il a commises : Chasse sur une r\u00e9serve de chasse et de faune sauvage, en temps prohib\u00e9, sans permis de chasser, \u00e0 l'aide d'engins prohib\u00e9s (collets)... \u00bb Jean-Yves Pineau, alors qu'il \u00e9tait agent de l'office national\r","authors":["Jean-Yves Pineau"],"category_codes":["4000000","4010000","4010500","4010502"],"visuals":{"large":"https:\/\/images.epagine.fr\/018\/9791097407018_1_75.jpg","medium":"https:\/\/images.epagine.fr\/018\/9791097407018_1_m.jpg","thumbnail":"https:\/\/images.epagine.fr\/018\/9791097407018_1_v.jpg"},"orderable":true,"show_badge":true,"formatted_price":"15,00&nbsp;\u20ac","formatted_published_date":"26 octobre 2017","publisher_availability_label":"Sur commande","short_details":"Jean-Yves Pineau \u2014 Hugues De Chivre","translator":null,"weight":375,"page_count":240,"readership":null,"editor":"Hugues De Chivre","price":1500,"published_date":"2017-10-25T22:00:00.000000Z","support":"Grand format","publisher_availability":1,"stock":0,"editions":[],"url":"https:\/\/quaidesbrumes.com\/ouvrage\/9791097407018\/braconnages-et-filouteries-200-infractions-relevees-par-un-agent-de-loffice-national-de-la-chasse-et-de-la-faune-sauvage"},{"id":"9782343125299","title":"Vision verte de Denis Sassou N'Guesso face \u00e0 un monde en danger et aveugle ; \u00e9vangile du management de l'environnement et du d\u00e9veloppement durable","description":"\"L auteur consacre ce livre au combat de Denis Sassou-Nguesso, qui ne cesse d alerter et de pr\u00e9venir le commun des mortels des dangers li\u00e9s \u00e0 la destruction de l environnement et au changement climatique. Il pr\u00f4ne une gouvernance mondiale verte et inclusive en vue d assurer au profit de la Terre une transition et une int\u00e9gration \u00e9cologiques qui \u00e9pargneraient \u00e0 notre plan\u00e8te la catastrophe.\"\r","authors":["Michel Innocent Peya"],"category_codes":["4000000","4010000","4010200"],"visuals":{"large":"https:\/\/images.epagine.fr\/299\/9782343125299_1_75.jpg","medium":"https:\/\/images.epagine.fr\/299\/9782343125299_1_m.jpg","thumbnail":"https:\/\/images.epagine.fr\/299\/9782343125299_1_v.jpg"},"orderable":true,"show_badge":true,"formatted_price":"27,00&nbsp;\u20ac","formatted_published_date":"28 juin 2017","publisher_availability_label":"Sur commande","short_details":"Michel Innocent Peya \u2014 \u00c9ditions L'Harmattan","translator":null,"weight":420,"page_count":270,"readership":null,"editor":"\u00c9ditions L'Harmattan","price":2700,"published_date":"2017-06-27T22:00:00.000000Z","support":"Grand format","publisher_availability":1,"stock":0,"editions":[],"url":"https:\/\/quaidesbrumes.com\/ouvrage\/9782343125299\/vision-verte-de-denis-sassou-nguesso-face-a-un-monde-en-danger-et-aveugle-evangile-du-management-de-lenvironnement-et-du-developpement-durable"},{"id":"9782343117287","title":"Politiques de la vie ; la nature au prisme du social","description":"La d\u00e9finition de la nature de la vie, ainsi que de sa physionomie, est, en quelque sorte, l'objet m\u00eame du politique et de sa d\u00e9cision. Si une soci\u00e9t\u00e9 sait comprendre et respecter la vie en elle-m\u00eame, elle saura \u00e9tablir un rapport compr\u00e9hensif et \u00e9quilibr\u00e9 avec les entit\u00e9s naturelles. La vie prise ainsi dans sa saisie int\u00e9grale induit l'\u00e9laboration d'une physique sociale qui pense les conditions de l'harmonie sociale ainsi que celles d'une soci\u00e9t\u00e9 vivante.\r","authors":["Thomas Seguin"],"category_codes":["4000000","4010000","4010200"],"visuals":{"large":"https:\/\/images.epagine.fr\/287\/9782343117287_1_75.jpg","medium":"https:\/\/images.epagine.fr\/287\/9782343117287_1_m.jpg","thumbnail":"https:\/\/images.epagine.fr\/287\/9782343117287_1_v.jpg"},"orderable":true,"show_badge":true,"formatted_price":"24,50&nbsp;\u20ac","formatted_published_date":"14 juin 2017","publisher_availability_label":"Sur commande","short_details":"Thomas Seguin \u2014 \u00c9ditions L'Harmattan","translator":null,"weight":272,"page_count":222,"readership":null,"editor":"\u00c9ditions L'Harmattan","price":2450,"published_date":"2017-06-13T22:00:00.000000Z","support":"Grand format","publisher_availability":1,"stock":0,"editions":[],"url":"https:\/\/quaidesbrumes.com\/ouvrage\/9782343117287\/politiques-de-la-vie-la-nature-au-prisme-du-social"},{"id":"9782357631151","title":"Un arbre couleur pourpre ; quatre saisons \u00e0 la P\u00e9pini\u00e8re","description":"Ce journal d'un arbre est n\u00e9 d'une rencontre entre amoureux du monde v\u00e9g\u00e9tal et de son in\u00e9puisable beaut\u00e9. Les uns artistes, les autres jardiniers de la ville de Nancy et organisateurs du festival Embranchements.\r\nPour les r\u00e9unir, un h\u00eatre pourpre charg\u00e9 d'histoire, aupr\u00e8s duquel revenir, saison apr\u00e8s saison, tout au long d'une ann\u00e9e. Afin d'interroger ses m\u00e9moires.\r\nAfin de l'observer dans ses minuscules ou imp\u00e9rieuses mutations. Afin de d\u00e9couvrir ce qu'il r\u00e9v\u00e8le de notre humanit\u00e9, n\u00e9e sous les ombrages anciens des ramures et des frondaisons.\r\nOu comment se laisser apprivoiser par un arbre.\r","authors":["R\u00e9mi Caritay"],"category_codes":["4000000","4010000","4010400","4010406"],"visuals":{"large":"https:\/\/images.epagine.fr\/151\/9782357631151_1_75.jpg","medium":"https:\/\/images.epagine.fr\/151\/9782357631151_1_m.jpg","thumbnail":"https:\/\/images.epagine.fr\/151\/9782357631151_1_v.jpg"},"orderable":true,"show_badge":true,"formatted_price":"12,00&nbsp;\u20ac","formatted_published_date":"31 mai 2017","publisher_availability_label":"Sur commande","short_details":"R\u00e9mi Caritay \u2014 Gerard Louis","translator":null,"weight":180,"page_count":112,"readership":null,"editor":"Gerard Louis","price":1200,"published_date":"2017-05-30T22:00:00.000000Z","support":"Grand format","publisher_availability":1,"stock":0,"editions":[],"url":"https:\/\/quaidesbrumes.com\/ouvrage\/9782357631151\/un-arbre-couleur-pourpre-quatre-saisons-a-la-pepiniere"},{"id":"9782738139085","title":"Les jardiniers de la nature","description":"Nous vivons une crise sans pr\u00e9c\u00e9dent du lien entre l'homme et la nature. D\u00e9forestation, agriculture intensive, pillage des ressources, effondrement de la biodiversit\u00e9 ont bris\u00e9 le contrat que nous avions peu \u00e0 peu \u00e9labor\u00e9 avec les plantes et les animaux qui nourrissent nos estomacs et nos imaginaires. Pour r\u00e9\u00e9crire ce contrat sur des bases saines, il est urgent de comprendre l'\u00e9volution du lien mill\u00e9naire auquel nous devons notre survie.\r\n\r\nC'est ce \u00e0 quoi s'emploie Serge Bahuchet, qui a parcouru la plan\u00e8te pour nous faire partager son passionnant voyage aux sources des pratiques agricoles et culinaires, des techniques de chasse, de p\u00eache ou de domestication des animaux et des plantes. \r\n\r\nDes pommes de terre du P\u00e9rou \u00e0 la chasse au porc-\u00e9pic chez les Pygm\u00e9es, de la domestication de la carpe aux vari\u00e9t\u00e9s de piments, et des civilisations du vin \u00e0 celles de la bi\u00e8re, c'est une anthropologie de la vie quotidienne qui se dessine ici. \r\n\r\nLoin des clich\u00e9s trop commodes du bon sauvage innocent ou du cruel pr\u00e9dateur et de la nature vierge, elle invite \u00e0 suivre les ancestrales p\u00e9r\u00e9grinations de l'\u00ab homme naturel \u00bb qui a su, au fil des si\u00e8cles et des civilisations, trouver des solutions merveilleusement inventives et pleines de sagesse \u00e9cologique.\r\n\r\nSerge Bahuchet, ethno\u00e9cologue, sp\u00e9cialiste de l'\u00e9tude des relations entre les soci\u00e9t\u00e9s humaines et les for\u00eats tropicales, est professeur au Mus\u00e9um national d'histoire naturelle, o\u00f9 il a cr\u00e9\u00e9 le d\u00e9partement \u00ab Hommes, natures, soci\u00e9t\u00e9s \u00bb.\r","authors":["Serge Bahuchet"],"category_codes":["4000000","4010000","4010200"],"visuals":{"large":"https:\/\/images.epagine.fr\/085\/9782738139085_1_75.jpg","medium":"https:\/\/images.epagine.fr\/085\/9782738139085_1_m.jpg","thumbnail":"https:\/\/images.epagine.fr\/085\/9782738139085_1_v.jpg"},"orderable":true,"show_badge":true,"formatted_price":"24,90&nbsp;\u20ac","formatted_published_date":"20 septembre 2017","publisher_availability_label":"Sur commande","short_details":"Serge Bahuchet \u2014 \u00c9ditions Odile Jacob","translator":null,"weight":648,"page_count":400,"readership":null,"editor":"\u00c9ditions Odile Jacob","price":2490,"published_date":"2017-09-19T22:00:00.000000Z","support":"Grand format","publisher_availability":1,"stock":0,"editions":[],"url":"https:\/\/quaidesbrumes.com\/ouvrage\/9782738139085\/les-jardiniers-de-la-nature"},{"id":"9782915390988","title":"Plantes m\u00e9dicinales des tropiques ; medicinal plants ; plantas medicinales Tome 1","description":"\"Guide recensant 60 plantes \u00e0 usage m\u00e9dicinal traditionnel pr\u00e9sentes aux Antilles, class\u00e9es par ordre alphab\u00e9tique de leur nom botanique. Pour chacune d elles, l ouvrage pr\u00e9sente l'origine probable ou suppos\u00e9e, une description sommaire, les usages m\u00e9dicaux les plus courants, les parties de la plante utilis\u00e9es et leur mode d'emploi ainsi que les dangers quand il y en a.\"\r","authors":["Andr\u00e9 Exbrayat","Michel Galtier"],"category_codes":["4000000","4010000","4010400","4010402"],"visuals":{"large":"https:\/\/images.epagine.fr\/988\/9782915390988_1_75.jpg","medium":"https:\/\/images.epagine.fr\/988\/9782915390988_1_m.jpg","thumbnail":"https:\/\/images.epagine.fr\/988\/9782915390988_1_v.jpg"},"orderable":true,"show_badge":true,"formatted_price":"34,95&nbsp;\u20ac","formatted_published_date":"18 mai 2017","publisher_availability_label":"Sur commande","short_details":"Andr\u00e9 Exbrayat, Michel Galtier \u2014 Exbrayat","translator":null,"weight":1100,"page_count":144,"readership":null,"editor":"Exbrayat","price":3495,"published_date":"2017-05-17T22:00:00.000000Z","support":"Grand format","publisher_availability":1,"stock":0,"editions":[],"url":"https:\/\/quaidesbrumes.com\/ouvrage\/9782915390988\/plantes-medicinales-des-tropiques-medicinal-plants-plantas-medicinales-tome-1"},{"id":"9782915390339","title":"Plantes medicinales des tropiques ; medicinal plants ; plantas medicinales Tome 2","description":"\"Guide recensant 56 plantes \u00e0 usage m\u00e9dicinal traditionnel pr\u00e9sentes aux Antilles, class\u00e9es par ordre alphab\u00e9tique de leur nom botanique. Pour chacune d elles, l ouvrage pr\u00e9sente l'origine probable ou suppos\u00e9e, une description sommaire, les usages m\u00e9dicaux les plus courants, les parties de la plante utilis\u00e9es et leur mode d'emploi ainsi que les dangers quand il y en a.\"\r","authors":["Andr\u00e9 Exbrayat","Michel Galtier"],"category_codes":["4000000","4010000","4010400","4010402"],"visuals":{"large":"https:\/\/images.epagine.fr\/339\/9782915390339_1_75.jpg","medium":"https:\/\/images.epagine.fr\/339\/9782915390339_1_m.jpg","thumbnail":"https:\/\/images.epagine.fr\/339\/9782915390339_1_v.jpg"},"orderable":true,"show_badge":true,"formatted_price":"34,95&nbsp;\u20ac","formatted_published_date":"18 mai 2017","publisher_availability_label":"Sur commande","short_details":"Andr\u00e9 Exbrayat, Michel Galtier \u2014 Exbrayat","translator":null,"weight":1100,"page_count":144,"readership":null,"editor":"Exbrayat","price":3495,"published_date":"2017-05-17T22:00:00.000000Z","support":"Grand format","publisher_availability":1,"stock":0,"editions":[],"url":"https:\/\/quaidesbrumes.com\/ouvrage\/9782915390339\/plantes-medicinales-des-tropiques-medicinal-plants-plantas-medicinales-tome-2"},{"id":"9782915390698","title":"Plantes m\u00e9dicinales des tropiques ; m\u00e9dicinal plants ; plantas medicinales Tome 3","description":"\"Guide recensant 53 plantes \u00e0 usage m\u00e9dicinal traditionnel pr\u00e9sentes aux Antilles, class\u00e9es par ordre alphab\u00e9tique de leur nom botanique. Pour chacune d elles, l ouvrage pr\u00e9sente l'origine probable ou suppos\u00e9e, une description sommaire, les usages m\u00e9dicaux les plus courants, les parties de la plante utilis\u00e9es et leur mode d'emploi ainsi que les dangers quand il y en a.\"\r","authors":["Andr\u00e9 Exbrayat","Michel Galtier"],"category_codes":["4000000","4010000","4010400","4010402"],"visuals":{"large":"https:\/\/images.epagine.fr\/698\/9782915390698_1_75.jpg","medium":"https:\/\/images.epagine.fr\/698\/9782915390698_1_m.jpg","thumbnail":"https:\/\/images.epagine.fr\/698\/9782915390698_1_v.jpg"},"orderable":true,"show_badge":true,"formatted_price":"34,95&nbsp;\u20ac","formatted_published_date":"18 mai 2017","publisher_availability_label":"Sur commande","short_details":"Andr\u00e9 Exbrayat, Michel Galtier \u2014 Exbrayat","translator":null,"weight":1150,"page_count":152,"readership":null,"editor":"Exbrayat","price":3495,"published_date":"2017-05-17T22:00:00.000000Z","support":"Grand format","publisher_availability":1,"stock":0,"editions":[],"url":"https:\/\/quaidesbrumes.com\/ouvrage\/9782915390698\/plantes-medicinales-des-tropiques-medicinal-plants-plantas-medicinales-tome-3"},{"id":"9782915390773","title":"Plantes medicinales des tropiques Tome 4","description":"\"Guide recensant 60 plantes \u00e0 usage m\u00e9dicinal traditionnel pr\u00e9sentes aux Antilles, class\u00e9es par ordre alphab\u00e9tique de leur nom botanique. Pour chacune d elles, l ouvrage pr\u00e9sente l'origine probable ou suppos\u00e9e, une description sommaire, les usages m\u00e9dicaux les plus courants, les parties de la plante utilis\u00e9es et leur mode d'emploi ainsi que les dangers quand il y en a.\"\r","authors":["Andr\u00e9 Exbrayat","Michel Galtier"],"category_codes":["4000000","4010000","4010400","4010402"],"visuals":{"large":"https:\/\/images.epagine.fr\/773\/9782915390773_1_75.jpg","medium":"https:\/\/images.epagine.fr\/773\/9782915390773_1_m.jpg","thumbnail":"https:\/\/images.epagine.fr\/773\/9782915390773_1_v.jpg"},"orderable":true,"show_badge":true,"formatted_price":"34,95&nbsp;\u20ac","formatted_published_date":"18 mai 2017","publisher_availability_label":"Sur commande","short_details":"Andr\u00e9 Exbrayat, Michel Galtier \u2014 Exbrayat","translator":null,"weight":1200,"page_count":164,"readership":null,"editor":"Exbrayat","price":3495,"published_date":"2017-05-17T22:00:00.000000Z","support":"Grand format","publisher_availability":1,"stock":0,"editions":[],"url":"https:\/\/quaidesbrumes.com\/ouvrage\/9782915390773\/plantes-medicinales-des-tropiques-tome-4"},{"id":"9783841617644","title":"L'\u00e9ducation pour le d\u00e9veloppement durable, cas de Madagascar","description":"Menac\u00e9e par les exploitations sauvages et illicites, la biodiversit\u00e9 de Madagascar est actuellement en \u00e9tat de d\u00e9gradation irr\u00e9versible. Ses causes sont multiples mais un des ses facteurs est la faiblesse du niveau d' instruction de la population. Pour parvenir \u00e0 un d\u00e9veloppement durable, la protection de l'environnement doit faire partie int\u00e9grante du processus de d\u00e9veloppement et ne peut pas \u00eatre consid\u00e9r\u00e9 isolement.\r","authors":["Remi Andrianantanaina","Lalao Jacques"],"category_codes":["4000000","4010000","4010200"],"visuals":{"large":"https:\/\/images.epagine.fr\/644\/9783841617644_1_75.jpg","medium":"https:\/\/images.epagine.fr\/644\/9783841617644_1_m.jpg","thumbnail":"https:\/\/images.epagine.fr\/644\/9783841617644_1_v.jpg"},"orderable":true,"show_badge":true,"formatted_price":"23,90&nbsp;\u20ac","formatted_published_date":"2 juin 2017","publisher_availability_label":"Sur commande","short_details":"Remi Andrianantanaina, Lalao Jacques \u2014 Editions Universitaires Europeennes","translator":null,"weight":137,"page_count":84,"readership":null,"editor":"Editions Universitaires Europeennes","price":2390,"published_date":"2017-06-01T22:00:00.000000Z","support":"Grand format","publisher_availability":1,"stock":0,"editions":[],"url":"https:\/\/quaidesbrumes.com\/ouvrage\/9783841617644\/leducation-pour-le-developpement-durable-cas-de-madagascar"},{"id":"9783330876309","title":"Sols et s\u00e9diments pollu\u00e9s ; teneurs \u00e9l\u00e9mentaires totales et biodisponibles","description":"Pour pouvoir affirmer qu'un sol (ou s\u00e9diment) est pollu\u00e9 par des \u00e9l\u00e9ments chimiques, il est n\u00e9cessaire de conna\u00eetre les compositions chimiques \u00e9l\u00e9mentaires classiques des sols\/s\u00e9diments sains, vierges de toute perturbation anthropique. Dans cette optique, ce livre pr\u00e9sente les concentrations \u00e9l\u00e9mentaires des sols\/s\u00e9diments pouvant \u00eatre consid\u00e9r\u00e9es comme des anomalies (anthropiques ou naturelles). Ce livre permet aussi de comprendre en quoi cette connaissance de la concentration totale \u00e9l\u00e9mentaire des sols\/s\u00e9diments est importante, mais insuffisante pour \u00e9valuer les risques de transferts des polluants pr\u00e9sents dans les sols\/s\u00e9diments vers la cha\u00eene alimentaire. Cette \u00e9valuation ne peut se faire qu'\u00e0 la suite de la d\u00e9termination de la concentration \u00e9l\u00e9mentaire environnementalement disponible (seule fraction du sol\/s\u00e9diment pouvant \u00eatre assimil\u00e9e par des organismes vivants). Dans cet ouvrage, sont aussi r\u00e9sum\u00e9es les principales techniques de min\u00e9ralisations et d'extractions simples et s\u00e9quentielles.\r","authors":["Lydia Leleyter-Reinert"],"category_codes":["4000000","4010000","4010200","4010204"],"visuals":{"large":"https:\/\/images.epagine.fr\/309\/9783330876309_1_75.jpg","medium":"https:\/\/images.epagine.fr\/309\/9783330876309_1_m.jpg","thumbnail":"https:\/\/images.epagine.fr\/309\/9783330876309_1_v.jpg"},"orderable":true,"show_badge":true,"formatted_price":"28,90&nbsp;\u20ac","formatted_published_date":"19 juin 2017","publisher_availability_label":"Sur commande","short_details":"Lydia Leleyter-Reinert \u2014 Editions Universitaires Europeennes","translator":null,"weight":114,"page_count":68,"readership":null,"editor":"Editions Universitaires Europeennes","price":2890,"published_date":"2017-06-18T22:00:00.000000Z","support":"Grand format","publisher_availability":1,"stock":0,"editions":[],"url":"https:\/\/quaidesbrumes.com\/ouvrage\/9783330876309\/sols-et-sediments-pollues-teneurs-elementaires-totales-et-biodisponibles"},{"id":"9782322174904","title":"L'autonomie familiale simple et rentable ; le monde vous appartient !","description":"A partir de ce livre je vais vous montrez comment \u00eatre autonome avec quelque \u00e9levage simple et rentable . bonne lecture !\r","authors":["Nicolas Haussy"],"category_codes":["4000000","4010000","4010200","4010208"],"visuals":{"large":"https:\/\/images.epagine.fr\/904\/9782322174904_1_75.jpg","medium":"https:\/\/images.epagine.fr\/904\/9782322174904_1_m.jpg","thumbnail":"https:\/\/images.epagine.fr\/904\/9782322174904_1_v.jpg"},"orderable":true,"show_badge":true,"formatted_price":"20,00&nbsp;\u20ac","formatted_published_date":"10 juillet 2017","publisher_availability_label":"Sur commande","short_details":"Nicolas Haussy \u2014 Books on Demand","translator":null,"weight":240,"page_count":88,"readership":null,"editor":"Books on Demand","price":2000,"published_date":"2017-07-09T22:00:00.000000Z","support":"Grand format","publisher_availability":1,"stock":0,"editions":[],"url":"https:\/\/quaidesbrumes.com\/ouvrage\/9782322174904\/lautonomie-familiale-simple-et-rentable-le-monde-vous-appartient"},{"id":"9781784053048","title":"Sociobiologie versus socio-\u00e9cologie ; les enjeux d'un d\u00e9bat en suspens","description":"La sociobiologie s'oppose en tant que th\u00e9orie \u00e0 la socio-\u00e9cologie, laquelle d\u00e9signe une discipline entrav\u00e9e depuis sa naissance. La mise en accusation des intentions id\u00e9ologiques de la premi\u00e8re aura masqu\u00e9 l'obstruction que la domination croissante de l'image du \u00ab g\u00e8ne \u00e9go\u00efste \u00bb faisait subir au n\u00e9cessaire essor de la seconde. Une terrible force d'inertie a ainsi gel\u00e9 pendant quarante ans l'analyse globale des interactions socio-\u00e9cologiques hors du parti pris th\u00e9orique impos\u00e9 de l'ext\u00e9rieur aux sciences sociales par la pr\u00e9tendue \u00ab \u00e9cologie comportementale \u00bb, qui se r\u00e9sume \u00e0 une simple \u00e9manation de la sociobiologie. Cet ouvrage expose les abus m\u00e9thodologiques et les l\u00e9gitimations illusoires d'une \u00e9cole dont la st\u00e9rilit\u00e9 ne peut plus \u00eatre dissimul\u00e9e, mais qui s'appr\u00eate \u00e0 changer en rempla\u00e7ant cyniquement ses lois chancelantes par une r\u00e9cup\u00e9ration \u00e0 son profit des prouesses r\u00e9centes de l'\u00e9pig\u00e9n\u00e9tique. Dans Sociobiologie versus socio-\u00e9cologie, les auteurs mettent en lumi\u00e8re des chemins arbitrairement \u00e9lud\u00e9s de l'\u00e9tude des interactions socio-\u00e9cologiques.\r","authors":["Georges Guille-Escuret","Sejin Park"],"category_codes":["4000000","4010000","4010200"],"visuals":{"large":"https:\/\/images.epagine.fr\/048\/9781784053048_1_75.jpg","medium":"https:\/\/images.epagine.fr\/048\/9781784053048_1_m.jpg","thumbnail":"https:\/\/images.epagine.fr\/048\/9781784053048_1_v.jpg"},"orderable":true,"show_badge":true,"formatted_price":"22,16&nbsp;\u20ac","formatted_published_date":"15 septembre 2017","publisher_availability_label":"Sur commande","short_details":"Georges Guille-Escuret, Sejin Park \u2014 Iste","translator":null,"weight":191,"page_count":204,"readership":null,"editor":"Iste","price":2216,"published_date":"2017-09-14T22:00:00.000000Z","support":"Grand format","publisher_availability":1,"stock":0,"editions":[],"url":"https:\/\/quaidesbrumes.com\/ouvrage\/9781784053048\/sociobiologie-versus-socio-ecologie-les-enjeux-dun-debat-en-suspens"},{"id":"9783659558023","title":"\u00e9tude dendroclimatologique du c\u00e8dre de l'Atlas dans les Aur\u00e8s","description":"Le c\u00e8dre de l'Atlas (Cedrus atlantica, Manetti) est l'essence foresti\u00e8re la plus embl\u00e9matique et la plus noble d'Afrique du Nord. Notre \u00e9tude a \u00e9t\u00e9 men\u00e9e dans la c\u00e9draie des Aur\u00e8s o\u00f9 cette esp\u00e8ce se trouve \u00e0 l'\u00e9tat naturel. D'une superficie de 17315 ha (Boudy, 1955), cette c\u00e9draie est situ\u00e9e \u00e0 l'Est de l'Alg\u00e9rie et \u00e9volue sous un bioclimat semi-aride \u00e0 subhumide \u00e0 variante froide. L'objectif assign\u00e9 \u00e0 cette pr\u00e9sente \u00e9tude est d'analyser la r\u00e9ponse du c\u00e8dre de l'Atlas, sp\u00e9cialement la croissance en diam\u00e8tre, aux variations climatiques et \u00e9ventuellement, identifier l'origine du d\u00e9p\u00e9rissement, particuli\u00e8rement au massif de B\u00e9lezma. \u00c0 cet effet, nous avons \u00e9chantillonn\u00e9 des arbres vivants et des arbres morts \u00e0 travers six (06) stations r\u00e9parties sur deux (02) secteurs, B\u00e9lezma et Ch\u00e9lia. Une analyse fine des cernes de croissance a \u00e9t\u00e9 men\u00e9e sur les s\u00e9ries dendrochronologiques. Dans cette approche dendro\u00e9cologique, nous avons trait\u00e9 des s\u00e9ries brutes et des indices de croissance \u00e9tablis par la m\u00e9thode de standardisation. Les r\u00e9sultats ont montr\u00e9 l'interd\u00e9pendance entre le climat et le ph\u00e9nom\u00e8ne de d\u00e9p\u00e9rissement. Celui-ci, a atteint son maximum au d\u00e9but des ann\u00e9es deux mille.\r","authors":["Ahmed Alileche"],"category_codes":["4000000","4010000","4010400","4010406"],"visuals":{"large":"https:\/\/images.epagine.fr\/023\/9783659558023_1_75.jpg","medium":"https:\/\/images.epagine.fr\/023\/9783659558023_1_m.jpg","thumbnail":"https:\/\/images.epagine.fr\/023\/9783659558023_1_v.jpg"},"orderable":true,"show_badge":true,"formatted_price":"49,90&nbsp;\u20ac","formatted_published_date":"13 juin 2017","publisher_availability_label":"Sur commande","short_details":"Ahmed Alileche \u2014 Editions Universitaires Europeennes","translator":null,"weight":182,"page_count":116,"readership":null,"editor":"Editions Universitaires Europeennes","price":4990,"published_date":"2017-06-12T22:00:00.000000Z","support":"Grand format","publisher_availability":1,"stock":0,"editions":[],"url":"https:\/\/quaidesbrumes.com\/ouvrage\/9783659558023\/etude-dendroclimatologique-du-cedre-de-latlas-dans-les-aures"},{"id":"9783639857900","title":"Les formations steppiques: inventaire, \u00e9valuation, r\u00e9habilation","description":"L'analyse du milieu est une \u00e9tape n\u00e9cessaire pour l'am\u00e9nagement de tout milieu naturel. or; les m\u00e9thodes classiques de diagnostic phyto\u00e9cologique ne permettent pas d'\u00e9tudier de grands espaces dans un laps de temps raisonnables et ne r\u00e9pondent pas souvent aux attentes du praticien du terrain. Cette analyse est men\u00e9e sur les indicateurs physiques, biotiques et socio-\u00e9conomiques les plus pertinents selon des approches distinctes mais compl\u00e9mentaires: - d'abord, par la vision synth\u00e9tique du paysage qu'offre l'imagerie satellitaire en limitant le nombre de relev\u00e9s au sol. -ensuite, par les performances qu'autorise l'outil (SIG), les donn\u00e9e spatialement r\u00e9f\u00e9renc\u00e9es sont combin\u00e9es. Sur la base des conclusions de cette analyse du milieu et dans le but de contribuer \u00e0 la valorisation et r\u00e9habilitation des diff\u00e9rents syst\u00e8mes, particuli\u00e8rement fragiles, des solutions pratiques et sont propos\u00e9. Ces solution peuvent assurer la p\u00e9rennit\u00e9 des formations steppiques et repr\u00e9senter un grand espoir pour le d\u00e9veloppement socio-\u00e9conomique de toute une r\u00e9gion.\r","authors":["Adel Boussaid","Fatima Djaballah"],"category_codes":["4000000","4010000","4010200","4010204"],"visuals":{"large":"https:\/\/images.epagine.fr\/900\/9783639857900_1_75.jpg","medium":"https:\/\/images.epagine.fr\/900\/9783639857900_1_m.jpg","thumbnail":"https:\/\/images.epagine.fr\/900\/9783639857900_1_v.jpg"},"orderable":true,"show_badge":true,"formatted_price":"49,90&nbsp;\u20ac","formatted_published_date":"25 octobre 2016","publisher_availability_label":"Sur commande","short_details":"Adel Boussaid, Fatima Djaballah \u2014 Editions Universitaires Europeennes","translator":null,"weight":166,"page_count":104,"readership":null,"editor":"Editions Universitaires Europeennes","price":4990,"published_date":"2016-10-24T22:00:00.000000Z","support":"Grand format","publisher_availability":1,"stock":0,"editions":[],"url":"https:\/\/quaidesbrumes.com\/ouvrage\/9783639857900\/les-formations-steppiques-inventaire-evaluation-rehabilation"},{"id":"9782322080762","title":"La p\u00eache ! c'est top ! le trappeur picard","description":"La p\u00eache c'est super cool, ce livre montera, des petites astuces pour les d\u00e9butants.\r","authors":["Nicolas Haussy"],"category_codes":["4000000","4010000","4010500","4010502"],"visuals":{"large":"https:\/\/images.epagine.fr\/762\/9782322080762_1_75.jpg","medium":"https:\/\/images.epagine.fr\/762\/9782322080762_1_m.jpg","thumbnail":"https:\/\/images.epagine.fr\/762\/9782322080762_1_v.jpg"},"orderable":true,"show_badge":true,"formatted_price":"5,00&nbsp;\u20ac","formatted_published_date":"17 juillet 2017","publisher_availability_label":"Sur commande","short_details":"Nicolas Haussy \u2014 Books on Demand","translator":null,"weight":83,"page_count":52,"readership":null,"editor":"Books on Demand","price":500,"published_date":"2017-07-16T22:00:00.000000Z","support":"Grand format","publisher_availability":1,"stock":0,"editions":[],"url":"https:\/\/quaidesbrumes.com\/ouvrage\/9782322080762\/la-peche-cest-top-le-trappeur-picard"},{"id":"9782322083923","title":"Jeunesse et environnement ; permaculture dans un lyc\u00e9e","description":"Qu'est ce que la permaculture? Pourquoi des lyc\u00e9ens \u00e9crivent-ils un livre?\r\n\"Chaque g\u00e9n\u00e9ration, sans doute, se croit vou\u00e9e \u00e0 refaire le monde. La mienne sait pourtant qu'elle ne le refera pas. Mais sa t\u00e2che est peut-\u00eatre plus grande. Elle consiste \u00e0 emp\u00eacher qu'il ne se d\u00e9fasse.\" Voil\u00e0 sans doute r\u00e9sum\u00e9 \u00e0 travers les mots d'Albert Camus le fondement de la motivation citoyenne qui nous anime. Au-del\u00e0 de cette citation, esprits curieux, laissez vous embarquer \u00e0 travers ces quelques pages et d\u00e9couvrez l'univers de la permaculture racont\u00e9 par des lyc\u00e9ens, au coeur d'un projet novateur conduit dans un \u00e9tablissement du Havre.\r","authors":["Bilel Benaouda","Oscar Keren","Mathieu Roques"],"category_codes":["4000000","4010000","4010200"],"visuals":{"large":"https:\/\/images.epagine.fr\/923\/9782322083923_1_75.jpg","medium":"https:\/\/images.epagine.fr\/923\/9782322083923_1_m.jpg","thumbnail":"https:\/\/images.epagine.fr\/923\/9782322083923_1_v.jpg"},"orderable":true,"show_badge":true,"formatted_price":"4,99&nbsp;\u20ac","formatted_published_date":"29 septembre 2017","publisher_availability_label":"Sur commande","short_details":"Bilel Benaouda, Oscar Keren, Mathieu Roques \u2014 Books on Demand","translator":null,"weight":81,"page_count":68,"readership":null,"editor":"Books on Demand","price":499,"published_date":"2017-09-28T22:00:00.000000Z","support":"Grand format","publisher_availability":1,"stock":0,"editions":[],"url":"https:\/\/quaidesbrumes.com\/ouvrage\/9782322083923\/jeunesse-et-environnement-permaculture-dans-un-lycee"}]}