{"data":[{"id":"9782019576059","title":"Le petit guide pratique de la chasse au chien d'arret des jeunes chasseurs, par j.-b. lurcat,","description":"Le Petit guide pratique de la chasse au chien d'arr\u00eat des jeunes chasseurs, par J.-B. Lur\u00e7at,...\r\nDate de l'\u00e9dition originale : 1896 Appartient \u00e0 l'ensemble documentaire : Bourgogn1 Ce livre est la reproduction fid\u00e8le d'une oeuvre publi\u00e9e avant 1920 et fait partie d'une collection de livres r\u00e9imprim\u00e9s \u00e0 la demande \u00e9dit\u00e9e par Hachette Livre, dans le cadre d'un partenariat avec la Biblioth\u00e8que nationale de France, offrant l'opportunit\u00e9 d'acc\u00e9der \u00e0 des ouvrages anciens et souvent rares issus des fonds patrimoniaux de la BnF.\r\nLes oeuvres faisant partie de cette collection ont \u00e9t\u00e9 num\u00e9ris\u00e9es par la BnF et sont pr\u00e9sentes sur Gallica, sa biblioth\u00e8que num\u00e9rique.\r\n\r\nEn entreprenant de redonner vie \u00e0 ces ouvrages au travers d'une collection de livres r\u00e9imprim\u00e9s \u00e0 la demande, nous leur donnons la possibilit\u00e9 de rencontrer un public \u00e9largi et participons \u00e0 la transmission de connaissances et de savoirs parfois difficilement accessibles.\r\nNous avons cherch\u00e9 \u00e0 concilier la reproduction fid\u00e8le d'un livre ancien \u00e0 partir de sa version num\u00e9ris\u00e9e avec le souci d'un confort de lecture optimal. Nous esp\u00e9rons que les ouvrages de cette nouvelle collection vous apporteront enti\u00e8re satisfaction.\r\n\r\nPour plus d'informations, rendez-vous sur www.hachettebnf.fr\r","authors":["Lurcat J"],"category_codes":["4000000","4010000","4010300"],"visuals":{"large":"https:\/\/images.epagine.fr\/059\/9782019576059_1_75.jpg","medium":"https:\/\/images.epagine.fr\/059\/9782019576059_1_m.jpg","thumbnail":"https:\/\/images.epagine.fr\/059\/9782019576059_1_v.jpg"},"orderable":true,"show_badge":true,"formatted_price":"11,50&nbsp;\u20ac","formatted_published_date":"1er octobre 2016","publisher_availability_label":"Sur commande","short_details":"Lurcat J \u2014 Hachette BNF","translator":null,"weight":102,"page_count":null,"readership":null,"editor":"Hachette BNF","price":1150,"published_date":"2016-09-30T22:00:00.000000Z","support":"Grand format","publisher_availability":1,"stock":0,"editions":[],"url":"https:\/\/quaidesbrumes.com\/ouvrage\/9782019576059\/le-petit-guide-pratique-de-la-chasse-au-chien-darret-des-jeunes-chasseurs-par-j-b-lurcat"},{"id":"9782019576134","title":"Sur l'emploi des explosifs dans les mines a grisou, par m. mallard,","description":"Sur l'emploi des explosifs dans les mines \u00e0 grisou, par M. Mallard,...\r\nDate de l'\u00e9dition originale : 1889 Appartient \u00e0 l'ensemble documentaire : RhoneAlp1 Ce livre est la reproduction fid\u00e8le d'une oeuvre publi\u00e9e avant 1920 et fait partie d'une collection de livres r\u00e9imprim\u00e9s \u00e0 la demande \u00e9dit\u00e9e par Hachette Livre, dans le cadre d'un partenariat avec la Biblioth\u00e8que nationale de France, offrant l'opportunit\u00e9 d'acc\u00e9der \u00e0 des ouvrages anciens et souvent rares issus des fonds patrimoniaux de la BnF.\r\nLes oeuvres faisant partie de cette collection ont \u00e9t\u00e9 num\u00e9ris\u00e9es par la BnF et sont pr\u00e9sentes sur Gallica, sa biblioth\u00e8que num\u00e9rique.\r\n\r\nEn entreprenant de redonner vie \u00e0 ces ouvrages au travers d'une collection de livres r\u00e9imprim\u00e9s \u00e0 la demande, nous leur donnons la possibilit\u00e9 de rencontrer un public \u00e9largi et participons \u00e0 la transmission de connaissances et de savoirs parfois difficilement accessibles.\r\nNous avons cherch\u00e9 \u00e0 concilier la reproduction fid\u00e8le d'un livre ancien \u00e0 partir de sa version num\u00e9ris\u00e9e avec le souci d'un confort de lecture optimal. Nous esp\u00e9rons que les ouvrages de cette nouvelle collection vous apporteront enti\u00e8re satisfaction.\r\n\r\nPour plus d'informations, rendez-vous sur www.hachettebnf.fr\r","authors":["Mallard Ernest"],"category_codes":["4000000","4010000","4010300"],"visuals":{"large":"https:\/\/images.epagine.fr\/134\/9782019576134_1_75.jpg","medium":"https:\/\/images.epagine.fr\/134\/9782019576134_1_m.jpg","thumbnail":"https:\/\/images.epagine.fr\/134\/9782019576134_1_v.jpg"},"orderable":true,"show_badge":true,"formatted_price":"11,00&nbsp;\u20ac","formatted_published_date":"1er octobre 2016","publisher_availability_label":"Sur commande","short_details":"Mallard Ernest \u2014 Hachette BNF","translator":null,"weight":97,"page_count":null,"readership":null,"editor":"Hachette BNF","price":1100,"published_date":"2016-09-30T22:00:00.000000Z","support":"Grand format","publisher_availability":1,"stock":0,"editions":[],"url":"https:\/\/quaidesbrumes.com\/ouvrage\/9782019576134\/sur-lemploi-des-explosifs-dans-les-mines-a-grisou-par-m-mallard"},{"id":"9782019577162","title":"Theorie physiologique des passions humaines, lecons tirees du cours de physiologie medicale - fait a","description":"Th\u00e9orie physiologique des passions humaines, le\u00e7ons tir\u00e9es du Cours de physiologie m\u00e9dicale fait \u00e0 Montpellier, dans l'ann\u00e9e 1850-51, par M. le professeur Lordat Date de l'\u00e9dition originale : 1853 Appartient \u00e0 l'ensemble documentaire : LangRous1 Ce livre est la reproduction fid\u00e8le d'une oeuvre publi\u00e9e avant 1920 et fait partie d'une collection de livres r\u00e9imprim\u00e9s \u00e0 la demande \u00e9dit\u00e9e par Hachette Livre, dans le cadre d'un partenariat avec la Biblioth\u00e8que nationale de France, offrant l'opportunit\u00e9 d'acc\u00e9der \u00e0 des ouvrages anciens et souvent rares issus des fonds patrimoniaux de la BnF.\r\nLes oeuvres faisant partie de cette collection ont \u00e9t\u00e9 num\u00e9ris\u00e9es par la BnF et sont pr\u00e9sentes sur Gallica, sa biblioth\u00e8que num\u00e9rique.\r\n\r\nEn entreprenant de redonner vie \u00e0 ces ouvrages au travers d'une collection de livres r\u00e9imprim\u00e9s \u00e0 la demande, nous leur donnons la possibilit\u00e9 de rencontrer un public \u00e9largi et participons \u00e0 la transmission de connaissances et de savoirs parfois difficilement accessibles.\r\nNous avons cherch\u00e9 \u00e0 concilier la reproduction fid\u00e8le d'un livre ancien \u00e0 partir de sa version num\u00e9ris\u00e9e avec le souci d'un confort de lecture optimal. Nous esp\u00e9rons que les ouvrages de cette nouvelle collection vous apporteront enti\u00e8re satisfaction.\r\n\r\nPour plus d'informations, rendez-vous sur www.hachettebnf.fr\r","authors":["Lordat Jacques"],"category_codes":["4000000","4010000","4010300"],"visuals":{"large":"https:\/\/images.epagine.fr\/162\/9782019577162_1_75.jpg","medium":"https:\/\/images.epagine.fr\/162\/9782019577162_1_m.jpg","thumbnail":"https:\/\/images.epagine.fr\/162\/9782019577162_1_v.jpg"},"orderable":true,"show_badge":true,"formatted_price":"22,00&nbsp;\u20ac","formatted_published_date":"1er octobre 2016","publisher_availability_label":"Sur commande","short_details":"Lordat Jacques \u2014 Hachette BNF","translator":null,"weight":400,"page_count":null,"readership":null,"editor":"Hachette BNF","price":2200,"published_date":"2016-09-30T22:00:00.000000Z","support":"Grand format","publisher_availability":1,"stock":0,"editions":[],"url":"https:\/\/quaidesbrumes.com\/ouvrage\/9782019577162\/theorie-physiologique-des-passions-humaines-lecons-tirees-du-cours-de-physiologie-medicale-fait-a"},{"id":"9782019579647","title":"Etudes sur la locomotion au moyen du rail central - contenant la relation des experiences entreprise","description":"\u00c9tudes sur la locomotion au moyen du rail central, contenant la relation des exp\u00e9riences entreprises par MM. Brassey, Fell et Cie pour la travers\u00e9e du Mont-Cenis, par M. Desbri\u00e8re,...\r\nDate de l'\u00e9dition originale : 1865 Ce livre est la reproduction fid\u00e8le d'une oeuvre publi\u00e9e avant 1920 et fait partie d'une collection de livres r\u00e9imprim\u00e9s \u00e0 la demande \u00e9dit\u00e9e par Hachette Livre, dans le cadre d'un partenariat avec la Biblioth\u00e8que nationale de France, offrant l'opportunit\u00e9 d'acc\u00e9der \u00e0 des ouvrages anciens et souvent rares issus des fonds patrimoniaux de la BnF.\r\nLes oeuvres faisant partie de cette collection ont \u00e9t\u00e9 num\u00e9ris\u00e9es par la BnF et sont pr\u00e9sentes sur Gallica, sa biblioth\u00e8que num\u00e9rique.\r\n\r\nEn entreprenant de redonner vie \u00e0 ces ouvrages au travers d'une collection de livres r\u00e9imprim\u00e9s \u00e0 la demande, nous leur donnons la possibilit\u00e9 de rencontrer un public \u00e9largi et participons \u00e0 la transmission de connaissances et de savoirs parfois difficilement accessibles.\r\nNous avons cherch\u00e9 \u00e0 concilier la reproduction fid\u00e8le d'un livre ancien \u00e0 partir de sa version num\u00e9ris\u00e9e avec le souci d'un confort de lecture optimal. Nous esp\u00e9rons que les ouvrages de cette nouvelle collection vous apporteront enti\u00e8re satisfaction.\r\n\r\nPour plus d'informations, rendez-vous sur www.hachettebnf.fr\r","authors":["Desbriere"],"category_codes":["4000000","4010000","4010300"],"visuals":{"large":"https:\/\/images.epagine.fr\/647\/9782019579647_1_75.jpg","medium":"https:\/\/images.epagine.fr\/647\/9782019579647_1_m.jpg","thumbnail":"https:\/\/images.epagine.fr\/647\/9782019579647_1_v.jpg"},"orderable":true,"show_badge":true,"formatted_price":"13,90&nbsp;\u20ac","formatted_published_date":"1er octobre 2016","publisher_availability_label":"Sur commande","short_details":"Desbriere \u2014 Hachette BNF","translator":null,"weight":135,"page_count":null,"readership":null,"editor":"Hachette BNF","price":1390,"published_date":"2016-09-30T22:00:00.000000Z","support":"Grand format","publisher_availability":1,"stock":0,"editions":[],"url":"https:\/\/quaidesbrumes.com\/ouvrage\/9782019579647\/etudes-sur-la-locomotion-au-moyen-du-rail-central-contenant-la-relation-des-experiences-entreprise"},{"id":"9791027500901","title":"Agriculture en mouvement ; innovations str\u00e9t\u00e9giques et performance globale","description":"Les d\u00e9marches accompagnant la gestion des exploitations agricoles ont donn\u00e9 lieu \u00e0 de nombreux guides m\u00e9thodologiques et outils d?aide \u00e0 la d\u00e9cision g\u00e9n\u00e9ralement bas\u00e9s sur la r\u00e9alisation de diagnostics fond\u00e9s sur des r\u00e9f\u00e9rences et des normes \u00e0 suivre. Face \u00e0 la complexit\u00e9 des situations auxquelles les agriculteurs sont confront\u00e9s, proposer une nouvelle approche de r\u00e9flexion strat\u00e9gique pourrait apparaitre comme une gageure. Pourtant, dans un monde o\u00f9 l?agriculture est \u00e0 la vue de tous et souvent critiqu\u00e9e, des d\u00e9marches alternatives aux approches traditionnellement mobilis\u00e9es \u00e9mergent.\u00d8\u00d8Cet ouvrage vise \u00e0 proposer une autre mani\u00e8re d?envisager la gestion de l?exploitation agricole en insistant sur la capacit\u00e9 \u00e0 faire prendre du recul aux agriculteurs engag\u00e9s et pris dans l?imm\u00e9diatet\u00e9 de l?action. Pour cela, l?ouvrage d\u00e9veloppe une approche de gestion strat\u00e9gique qui mobilise des m\u00e9thodologies d?accompagnement innovantes pour amener leurs utilisateurs \u00e0 croiser leurs regards, \u00e0 partager leurs pratiques, \u00e0 r\u00e9fl\u00e9chir ensemble \u00e0 la strat\u00e9gie la plus \u00e0 m\u00eame d?incarner des choix technico\u00e9conomiques mais aussi de prise en compte de crit\u00e8res li\u00e9s au rapport au m\u00e9tier et \u00e0 la qualit\u00e9 de vie et \u00e0 l?inscription de l?activit\u00e9 dans un territoire. Sur ce dernier point, la d\u00e9marche propos\u00e9e dans cet ouvrage ouvre la r\u00e9flexion sur une contribution concr\u00e8te de l?exploitation agricole au d\u00e9veloppement durable, mais dans un souci de s?inscrire dans un contexte local raisonn\u00e9, adaptatif et non normatif. L?ouvrage pose \u00e9galement les jalons d?une gestion strat\u00e9gique, d?outils de pilotage et de planification, du changement \u00e0 initier dans les rapports entre agricultures et soci\u00e9t\u00e9, for\u00e7ant \u00e0 sortir des sentiers de d\u00e9pendance pour renouveler les mani\u00e8res d?agir. Il donne enfin un nouveau cadre p\u00e9dagogique pour les agriculteurs, les conseillers agricoles, les enseignants et les \u00e9tudiants, en les amenant \u00e0 formaliser le pilotage strat\u00e9gique des activit\u00e9s de l?exploitation dans de nouvelles formes de collaborations et d?accompagnement.\r","authors":["Mathieu Capitaine","Philippe Jeanneaux"],"category_codes":["4000000","4010000","4010200","4010208"],"visuals":{"large":"https:\/\/images.epagine.fr\/901\/9791027500901_1_75.jpg","medium":"https:\/\/images.epagine.fr\/901\/9791027500901_1_m.jpg","thumbnail":"https:\/\/images.epagine.fr\/901\/9791027500901_1_v.jpg"},"orderable":true,"show_badge":true,"formatted_price":"25,00&nbsp;\u20ac","formatted_published_date":"28 septembre 2016","publisher_availability_label":"Sur commande","short_details":"Mathieu Capitaine, Philippe Jeanneaux \u2014 Educagri","translator":null,"weight":340,"page_count":null,"readership":null,"editor":"Educagri","price":2500,"published_date":"2016-09-27T22:00:00.000000Z","support":"Grand format","publisher_availability":1,"stock":0,"editions":[],"url":"https:\/\/quaidesbrumes.com\/ouvrage\/9791027500901\/agriculture-en-mouvement-innovations-stretegiques-et-performance-globale"},{"id":"9791027500888","title":"Territoires mycologiques ; les champignons au service des for\u00eats et des hommes","description":"Les champignons sylvestres symbolisent un fruit qu?il est de bon ton de ne pas trop partager. Enjeux d?une ressource aux int\u00e9r\u00eats multiples, loisir pour certains, compl\u00e9ment de revenus pour d?autres, voire activit\u00e9 commerciale bas\u00e9e sur du pillage ill\u00e9gal? il \u00e9tait temps de proposer des alternatives pour faire des champignons sylvestres des vecteurs de d\u00e9veloppement.\u00d8\u00d8A partir de la recherche sur les relations complexes entre les arbres et les champignons, cet ouvrage sugg\u00e8re une gestion int\u00e9grant la biodiversit\u00e9 des for\u00eats et la valorisation \u00e9conomique des champignons. Les exemples de l?Espagne et de la France montrent de nouvelles modalit\u00e9s de gouvernance locale pour mettre les champignons au coeur d?un projet de territoire.\u00d8\u00d8Les itin\u00e9raires m\u00e9thodologiques pr\u00e9sent\u00e9s ici insistent sur le besoin d?expertise des sols, de la plante et du champignon et sur la construction d?un diagnostic territorial partag\u00e9. Pour y parvenir, les savoir-faire m\u00ealent des connaissances scientifiques pointues \u00e0 la m\u00e9moire des habitants et des cueilleurs de champignons. \u00d8\u00d8La mycosylviculture pourrait bien devenir une voie durable vers des d\u00e9bouch\u00e9s territoriaux : restaurants mycologiques, mycotourisme?\r","authors":["Fernando Martinez-pe\u00f1a","Jean Rondet"],"category_codes":["4000000","4010000","4010200","4010208"],"visuals":{"large":"https:\/\/images.epagine.fr\/888\/9791027500888_1_75.jpg","medium":"https:\/\/images.epagine.fr\/888\/9791027500888_1_m.jpg","thumbnail":"https:\/\/images.epagine.fr\/888\/9791027500888_1_v.jpg"},"orderable":true,"show_badge":true,"formatted_price":"25,00&nbsp;\u20ac","formatted_published_date":"21 juillet 2016","publisher_availability_label":"Sur commande","short_details":"Fernando Martinez-pe\u00f1a, Jean Rondet \u2014 Educagri","translator":null,"weight":430,"page_count":null,"readership":null,"editor":"Educagri","price":2500,"published_date":"2016-07-20T22:00:00.000000Z","support":"Grand format","publisher_availability":1,"stock":0,"editions":[],"url":"https:\/\/quaidesbrumes.com\/ouvrage\/9791027500888\/territoires-mycologiques-les-champignons-au-service-des-forets-et-des-hommes"},{"id":"9782354857875","title":"La corruption : un frein au d\u00e9veloppement durable ; combattre le triangle vicieux de la corruption","description":"Si la corruption gangr\u00e8ne toutes les sph\u00e8res de la soci\u00e9t\u00e9, il est un domaine dont elle entrave particuli\u00e8rement l'expansion\u00a0: le d\u00e9veloppement durable. Qu'il s'agisse de la lutte contre le r\u00e9chauffement climatique ou l'acc\u00e8s \u00e0 l'eau pour tous, le foss\u00e9 entre les besoins humains et les ressources terrestres ne cesse de se creuser. La faute \u00e0 une vision \u00e0 tr\u00e8s court terme et \u00e0 des errements fruits d'une corruption intensive. Aujourd'hui, il est urgent de bouleverser radicalement cette situation mortif\u00e8re.C'est ce que nous propose Giresse Akono Ganstui dans cet ouvrage. Il y analyse en profondeur les causes et les cons\u00e9quences du ph\u00e9nom\u00e8ne mondial de corruption dans toute leur complexit\u00e9, faisant de cet essai un incontournable sur le sujet.\r","authors":["Giresse Akono gantsui"],"category_codes":["4000000","4010000","4010200","4010208"],"visuals":{"large":"https:\/\/images.epagine.fr\/875\/9782354857875_1_75.jpg","medium":"https:\/\/images.epagine.fr\/875\/9782354857875_1_m.jpg","thumbnail":"https:\/\/images.epagine.fr\/875\/9782354857875_1_v.jpg"},"orderable":true,"show_badge":true,"formatted_price":"33,00&nbsp;\u20ac","formatted_published_date":"25 octobre 2016","publisher_availability_label":"Sur commande","short_details":"Giresse Akono gantsui \u2014 JETS D'ENCRE","translator":null,"weight":696,"page_count":406,"readership":null,"editor":"JETS D'ENCRE","price":3300,"published_date":"2016-10-24T22:00:00.000000Z","support":"Grand format","publisher_availability":1,"stock":0,"editions":[],"url":"https:\/\/quaidesbrumes.com\/ouvrage\/9782354857875\/la-corruption-un-frein-au-developpement-durable-combattre-le-triangle-vicieux-de-la-corruption"},{"id":"9782913688438","title":"Papillons de Nuit d'Europe, volume 8 : Microl\u00e9pidot\u00e8res 2","description":null,"authors":["Patrice Leraut"],"category_codes":["4000000","4010000","4010300"],"visuals":{"large":"https:\/\/quaidesbrumes.com\/img\/book-placeholder.png","medium":"https:\/\/quaidesbrumes.com\/img\/book-placeholder.png","thumbnail":"https:\/\/quaidesbrumes.com\/img\/book-placeholder.png"},"orderable":true,"show_badge":true,"formatted_price":"86,00&nbsp;\u20ac","formatted_published_date":"27 novembre 2023","publisher_availability_label":"Sur commande","short_details":"Patrice Leraut \u2014 Nap","translator":null,"weight":750,"page_count":656,"readership":null,"editor":"Nap","price":8600,"published_date":"2023-11-26T23:00:00.000000Z","support":"Grand format","publisher_availability":1,"stock":0,"editions":[],"url":"https:\/\/quaidesbrumes.com\/ouvrage\/9782913688438\/papillons-de-nuit-deurope-volume-8-microlepidoteres-2"},{"id":"9791090293274","title":"Du d\u00e9veloppement au d\u00e9veloppement durable ; 50 indicateurs pour comprendre","description":"Contrairement \u00e0 la croissance (ais\u00e9e \u00e0 mesurer par le PIB), le d\u00e9veloppement durable est difficile \u00e0 mesurer. Il n\u00e9cessite la construction d'indicateurs sp\u00e9cifiques. L'ouvrage en pr\u00e9sente 50 fr\u00e9quemment utilis\u00e9s par les pouvoirs publics pour mesurer et suivre les \u00e9volutions, et \u00e9valuer l'efficacit\u00e9 des politiques de d\u00e9veloppement durable. Chaque indicateur pr\u00e9sent\u00e9 (objectif, calcul, interpr\u00e9tation, limites) est accompagn\u00e9 de d'un graphique pour la France et l'autre pour l'U E et cinq grands pays europ\u00e9ens.","authors":["Pierre Bailly"],"category_codes":["4000000","4010000","4010200","4010208"],"visuals":{"large":"https:\/\/images.epagine.fr\/274\/9791090293274_1_75.jpg","medium":"https:\/\/images.epagine.fr\/274\/9791090293274_1_m.jpg","thumbnail":"https:\/\/images.epagine.fr\/274\/9791090293274_1_v.jpg"},"orderable":true,"show_badge":true,"formatted_price":"14,00&nbsp;\u20ac","formatted_published_date":"25 octobre 2016","publisher_availability_label":"Sur commande","short_details":"Pierre Bailly \u2014 Campus Ouvert","translator":null,"weight":355,"page_count":142,"readership":null,"editor":"Campus Ouvert","price":1400,"published_date":"2016-10-24T22:00:00.000000Z","support":"Grand format","publisher_availability":1,"stock":0,"editions":[],"url":"https:\/\/quaidesbrumes.com\/ouvrage\/9791090293274\/du-developpement-au-developpement-durable-50-indicateurs-pour-comprendre"},{"id":"9782019579760","title":"Jeu de la bataille, ou exposition de sa composition, de la maniere d'y jouer et de ses regles","description":"Jeu de la bataille, ou Exposition de sa composition, de la mani\u00e8re d'y jouer et de ses r\u00e8gles... par L. Douce Date de l'\u00e9dition originale : 1841 Ce livre est la reproduction fid\u00e8le d'une oeuvre publi\u00e9e avant 1920 et fait partie d'une collection de livres r\u00e9imprim\u00e9s \u00e0 la demande \u00e9dit\u00e9e par Hachette Livre, dans le cadre d'un partenariat avec la Biblioth\u00e8que nationale de France, offrant l'opportunit\u00e9 d'acc\u00e9der \u00e0 des ouvrages anciens et souvent rares issus des fonds patrimoniaux de la BnF.\r\nLes oeuvres faisant partie de cette collection ont \u00e9t\u00e9 num\u00e9ris\u00e9es par la BnF et sont pr\u00e9sentes sur Gallica, sa biblioth\u00e8que num\u00e9rique.\r\n\r\nEn entreprenant de redonner vie \u00e0 ces ouvrages au travers d'une collection de livres r\u00e9imprim\u00e9s \u00e0 la demande, nous leur donnons la possibilit\u00e9 de rencontrer un public \u00e9largi et participons \u00e0 la transmission de connaissances et de savoirs parfois difficilement accessibles.\r\nNous avons cherch\u00e9 \u00e0 concilier la reproduction fid\u00e8le d'un livre ancien \u00e0 partir de sa version num\u00e9ris\u00e9e avec le souci d'un confort de lecture optimal. Nous esp\u00e9rons que les ouvrages de cette nouvelle collection vous apporteront enti\u00e8re satisfaction.\r\n\r\nPour plus d'informations, rendez-vous sur www.hachettebnf.fr\r","authors":["Douce L"],"category_codes":["4000000","4010000","4010300"],"visuals":{"large":"https:\/\/images.epagine.fr\/760\/9782019579760_1_75.jpg","medium":"https:\/\/images.epagine.fr\/760\/9782019579760_1_m.jpg","thumbnail":"https:\/\/images.epagine.fr\/760\/9782019579760_1_v.jpg"},"orderable":true,"show_badge":true,"formatted_price":"14,90&nbsp;\u20ac","formatted_published_date":"1er novembre 2016","publisher_availability_label":"Sur commande","short_details":"Douce L \u2014 Hachette BNF","translator":null,"weight":140,"page_count":null,"readership":null,"editor":"Hachette BNF","price":1490,"published_date":"2016-10-31T23:00:00.000000Z","support":"Grand format","publisher_availability":1,"stock":0,"editions":[],"url":"https:\/\/quaidesbrumes.com\/ouvrage\/9782019579760\/jeu-de-la-bataille-ou-exposition-de-sa-composition-de-la-maniere-dy-jouer-et-de-ses-regles"},{"id":"9782913688445","title":"Moths of Europe, volume 8 : Microlepidoptera 2","description":null,"authors":["Patrice Leraut"],"category_codes":["4000000","4010000","4010300"],"visuals":{"large":"https:\/\/quaidesbrumes.com\/img\/book-placeholder.png","medium":"https:\/\/quaidesbrumes.com\/img\/book-placeholder.png","thumbnail":"https:\/\/quaidesbrumes.com\/img\/book-placeholder.png"},"orderable":true,"show_badge":true,"formatted_price":"86,00&nbsp;\u20ac","formatted_published_date":"27 novembre 2023","publisher_availability_label":"Sur commande","short_details":"Patrice Leraut \u2014 Nap","translator":null,"weight":750,"page_count":656,"readership":null,"editor":"Nap","price":8600,"published_date":"2023-11-26T23:00:00.000000Z","support":"Grand format","publisher_availability":1,"stock":0,"editions":[],"url":"https:\/\/quaidesbrumes.com\/ouvrage\/9782913688445\/moths-of-europe-volume-8-microlepidoptera-2"},{"id":"9782940569083","title":"150 Jahre - Monte Rosa (1865-2015)","description":"Am 4. Oktober 2015 feierte die Sektion Monte Rosa des Schweizer Alpen-Clubs den Tag der Gr\u00fcndung im Jahr 1865, also vor 150 Jahren. Diese Denkschrift enth\u00fcllt eine pers\u00f6nliche, an Wendungen reiche Geschichte des Sektion, die ihr im Lauf der Zeit den ehrw\u00fcrdigen Status einer Walliser Institution einbrachte. Sie ist voller Momente des Ruhms, des Mutes und auch der Bew\u00e4hrungsproben un Engagement zu bestehen wussten. Eineinhalb Jahrunderte Vereinsleben k\u00f6nnen nicht mit einer Zusammenfassung der Ereignisse, einer Aufz\u00e4hlung von sportlichen Erfolgen oder der Erinnerung an pr\u00e4gende Pers\u00f6nlichkeiten erz\u00e4hlt werden. Der Schweizer Alpen-Club und insbesondere die Sektion Monte Rosa widerspiegeln die Geschichte des Landes, die Ambitionen der Menschen und ihr Verh\u00e4ltnis zur Natur.\r","authors":["Pauline Girardier"],"category_codes":["4000000","4010000","4010500","4010503"],"visuals":{"large":"https:\/\/images.epagine.fr\/083\/9782940569083_1_75.jpg","medium":"https:\/\/images.epagine.fr\/083\/9782940569083_1_m.jpg","thumbnail":"https:\/\/images.epagine.fr\/083\/9782940569083_1_v.jpg"},"orderable":true,"show_badge":true,"formatted_price":"41,00&nbsp;\u20ac","formatted_published_date":"1er novembre 2015","publisher_availability_label":"Sur commande","short_details":"Pauline Girardier \u2014 Chaman","translator":null,"weight":834,"page_count":162,"readership":null,"editor":"Chaman","price":4100,"published_date":"2015-10-31T23:00:00.000000Z","support":"Grand format","publisher_availability":1,"stock":0,"editions":[],"url":"https:\/\/quaidesbrumes.com\/ouvrage\/9782940569083\/150-jahre-monte-rosa-1865-2015"},{"id":"9791091534291","title":"On ne vit pas au sommet ; chroniques de montagne","description":"Que mange-t-on sur le toit du monde ? Comment bivouaquer au fond d'une crevasse ? L'altitude est-elle aphrodisiaque ? Comment rater un sommet \u00e0 cause d'une paire de chaussettes ? O\u00f9 rencontrer un y\u00e9ti ? Quel est le plus beau moment qu'un alpiniste puisse vivre ?... \u00c0 travers de courtes chroniques, souvent dr\u00f4les, parfois \u00e9mouvantes, Jean-Michel Asselin d\u00e9peint les coulisses de cette montagne qu'il aime, loin des clich\u00e9s habituels de l'h\u00e9ro\u00efsme et du drame.\r","authors":["Jean-Michel Asselin"],"category_codes":["4000000","4010000","4010500","4010503"],"visuals":{"large":"https:\/\/images.epagine.fr\/291\/9791091534291_1_75.jpg","medium":"https:\/\/images.epagine.fr\/291\/9791091534291_1_m.jpg","thumbnail":"https:\/\/images.epagine.fr\/291\/9791091534291_1_v.jpg"},"orderable":true,"show_badge":true,"formatted_price":"17,00&nbsp;\u20ac","formatted_published_date":"9 mars 2017","publisher_availability_label":"Sur commande","short_details":"Jean-Michel Asselin \u2014 \u00c9ditions du Tr\u00e9sor","translator":null,"weight":202,"page_count":220,"readership":null,"editor":"\u00c9ditions du Tr\u00e9sor","price":1700,"published_date":"2017-03-08T23:00:00.000000Z","support":"Grand format","publisher_availability":1,"stock":0,"editions":[],"url":"https:\/\/quaidesbrumes.com\/ouvrage\/9791091534291\/on-ne-vit-pas-au-sommet-chroniques-de-montagne"},{"id":"9782908340204","title":"Lynx","description":null,"authors":["Patrice Raydelet"],"category_codes":["4000000","4010000","4010300"],"visuals":{"large":"https:\/\/quaidesbrumes.com\/img\/book-placeholder.png","medium":"https:\/\/quaidesbrumes.com\/img\/book-placeholder.png","thumbnail":"https:\/\/quaidesbrumes.com\/img\/book-placeholder.png"},"orderable":true,"show_badge":true,"formatted_price":"28,50&nbsp;\u20ac","formatted_published_date":"1er avril 2004","publisher_availability_label":"Sur commande","short_details":"Patrice Raydelet \u2014 Areopage","translator":null,"weight":520,"page_count":null,"readership":null,"editor":"Areopage","price":2850,"published_date":"2004-03-31T22:00:00.000000Z","support":"Grand format","publisher_availability":1,"stock":0,"editions":[],"url":"https:\/\/quaidesbrumes.com\/ouvrage\/9782908340204\/lynx"},{"id":"9782908340044","title":"Havana transito","description":null,"authors":["Dominique Robelin"],"category_codes":["4000000","4010000","4010300"],"visuals":{"large":"https:\/\/quaidesbrumes.com\/img\/book-placeholder.png","medium":"https:\/\/quaidesbrumes.com\/img\/book-placeholder.png","thumbnail":"https:\/\/quaidesbrumes.com\/img\/book-placeholder.png"},"orderable":true,"show_badge":true,"formatted_price":"25,15&nbsp;\u20ac","formatted_published_date":"1er avril 2004","publisher_availability_label":"Sur commande","short_details":"Dominique Robelin \u2014 Areopage","translator":null,"weight":400,"page_count":null,"readership":null,"editor":"Areopage","price":2515,"published_date":"2004-03-31T22:00:00.000000Z","support":"Grand format","publisher_availability":1,"stock":0,"editions":[],"url":"https:\/\/quaidesbrumes.com\/ouvrage\/9782908340044\/havana-transito"},{"id":"9782908340471","title":"Eduquez votre chien autrement","description":null,"authors":["Anne Grospiron"],"category_codes":["4000000","4010000","4010300"],"visuals":{"large":"https:\/\/quaidesbrumes.com\/img\/book-placeholder.png","medium":"https:\/\/quaidesbrumes.com\/img\/book-placeholder.png","thumbnail":"https:\/\/quaidesbrumes.com\/img\/book-placeholder.png"},"orderable":true,"show_badge":true,"formatted_price":"14,00&nbsp;\u20ac","formatted_published_date":"10 octobre 2005","publisher_availability_label":"Sur commande","short_details":"Anne Grospiron \u2014 Areopage","translator":null,"weight":110,"page_count":null,"readership":null,"editor":"Areopage","price":1400,"published_date":"2005-10-09T22:00:00.000000Z","support":"Grand format","publisher_availability":1,"stock":0,"editions":[],"url":"https:\/\/quaidesbrumes.com\/ouvrage\/9782908340471\/eduquez-votre-chien-autrement"},{"id":"9782910240257","title":"La flore et la faune dans le parler des mauges","description":null,"authors":["Collectif"],"category_codes":["4000000","4010000","4010300"],"visuals":{"large":"https:\/\/quaidesbrumes.com\/img\/book-placeholder.png","medium":"https:\/\/quaidesbrumes.com\/img\/book-placeholder.png","thumbnail":"https:\/\/quaidesbrumes.com\/img\/book-placeholder.png"},"orderable":true,"show_badge":true,"formatted_price":"11,00&nbsp;\u20ac","formatted_published_date":"22 mars 2006","publisher_availability_label":"Sur commande","short_details":"Collectif \u2014 Loire Et Mauges","translator":null,"weight":512,"page_count":null,"readership":null,"editor":"Loire Et Mauges","price":1100,"published_date":"2006-03-21T23:00:00.000000Z","support":"Grand format","publisher_availability":1,"stock":0,"editions":[],"url":"https:\/\/quaidesbrumes.com\/ouvrage\/9782910240257\/la-flore-et-la-faune-dans-le-parler-des-mauges"},{"id":"9782910240233","title":"Guide d'identification de 40 especes animales et points d'eau des mauges et d'ailleurs","description":null,"authors":["Mauges Carrefour"],"category_codes":["4000000","4010000","4010300"],"visuals":{"large":"https:\/\/quaidesbrumes.com\/img\/book-placeholder.png","medium":"https:\/\/quaidesbrumes.com\/img\/book-placeholder.png","thumbnail":"https:\/\/quaidesbrumes.com\/img\/book-placeholder.png"},"orderable":true,"show_badge":true,"formatted_price":"4,00&nbsp;\u20ac","formatted_published_date":"1er juin 2005","publisher_availability_label":"Sur commande","short_details":"Mauges Carrefour \u2014 Loire Et Mauges","translator":null,"weight":100,"page_count":null,"readership":null,"editor":"Loire Et Mauges","price":400,"published_date":"2005-05-31T22:00:00.000000Z","support":"Grand format","publisher_availability":1,"stock":0,"editions":[],"url":"https:\/\/quaidesbrumes.com\/ouvrage\/9782910240233\/guide-didentification-de-40-especes-animales-et-points-deau-des-mauges-et-dailleurs"},{"id":"9782910240202","title":"Guide d'identification a partir des feuilles de 30 arbresn arbustes et arbrisseaux des mauges et d'a","description":null,"authors":["Mauges Carrefour"],"category_codes":["4000000","4010000","4010300"],"visuals":{"large":"https:\/\/quaidesbrumes.com\/img\/book-placeholder.png","medium":"https:\/\/quaidesbrumes.com\/img\/book-placeholder.png","thumbnail":"https:\/\/quaidesbrumes.com\/img\/book-placeholder.png"},"orderable":true,"show_badge":true,"formatted_price":"3,00&nbsp;\u20ac","formatted_published_date":"1er avril 2004","publisher_availability_label":"Sur commande","short_details":"Mauges Carrefour \u2014 Loire Et Mauges","translator":null,"weight":86,"page_count":null,"readership":null,"editor":"Loire Et Mauges","price":300,"published_date":"2004-03-31T22:00:00.000000Z","support":"Grand format","publisher_availability":1,"stock":0,"editions":[],"url":"https:\/\/quaidesbrumes.com\/ouvrage\/9782910240202\/guide-didentification-a-partir-des-feuilles-de-30-arbresn-arbustes-et-arbrisseaux-des-mauges-et-da"},{"id":"9782940569052","title":"150 ans : Monte Rosa (1865 - 2015)","description":"Le 4 octobre 2015, la Section Monte Rosa du Club Alpin Suisse f\u00eatait le jubil\u00e9 des 150 ans de sa fondation, en 1865.  Oeuvre de m\u00e9moire, cet ouvrage comm\u00e9moratif d\u00e9voile une histoire intime, riche en rebondissements, qui au fil des d\u00e9cennies permit \u00e0 la Section d'asseoir son v\u00e9n\u00e9rable statut d'institution valaisanne. Son \u00e9pop\u00e9e foisonne d'heures glorieuses, d'audaces, et aussi d'\u00e9preuves que ses membres surent traverser avec passion et engagement.  Un si\u00e8cle et demi de vie ne se r\u00e9duit pas \u00e0 la seule narration d'\u00e9v\u00e9nements sportifs, ni au rappel des personnalit\u00e9s qui en ont \u00e9maill\u00e9 l'existence. Le Club Alpin Suisse, et particuli\u00e8rement la Section Monte Rosa, refl\u00e8tent l'histoire de leur pays, les ambitions des hommes et leur relation \u00e0 la nature.\r","authors":["Pauline Girardier"],"category_codes":["4000000","4010000","4010500","4010503"],"visuals":{"large":"https:\/\/images.epagine.fr\/052\/9782940569052_1_75.jpg","medium":"https:\/\/images.epagine.fr\/052\/9782940569052_1_m.jpg","thumbnail":"https:\/\/images.epagine.fr\/052\/9782940569052_1_v.jpg"},"orderable":true,"show_badge":true,"formatted_price":"41,00&nbsp;\u20ac","formatted_published_date":"1er novembre 2015","publisher_availability_label":"Sur commande","short_details":"Pauline Girardier \u2014 Chaman","translator":null,"weight":834,"page_count":162,"readership":null,"editor":"Chaman","price":4100,"published_date":"2015-10-31T23:00:00.000000Z","support":"Grand format","publisher_availability":1,"stock":0,"editions":[],"url":"https:\/\/quaidesbrumes.com\/ouvrage\/9782940569052\/150-ans-monte-rosa-1865-2015"},{"id":"9782343105444","title":"Code de droit international et congolais de l'environnement : Textes et notes introductives","description":"Le pr\u00e9sent ouvrage rassemble des instruments juridiques universels, r\u00e9gionaux, sous-r\u00e9gionaux, ainsi que les principaux textes l\u00e9gaux et r\u00e8glementaires de la RDC en mati\u00e8re de protection de l'environnement. Les commentaires de l'auteur au d\u00e9but de chaque texte publi\u00e9, sous la forme de notes introductives, permettent au lecteur de comprendre facilement l'historique et le contexte de son adoption.","authors":["Tshibangu Kalala"],"category_codes":["4000000","4010000","4010200","4010208"],"visuals":{"large":"https:\/\/images.epagine.fr\/444\/9782343105444_1_75.jpg","medium":"https:\/\/images.epagine.fr\/444\/9782343105444_1_m.jpg","thumbnail":"https:\/\/images.epagine.fr\/444\/9782343105444_1_v.jpg"},"orderable":true,"show_badge":true,"formatted_price":"85,50&nbsp;\u20ac","formatted_published_date":"15 novembre 2016","publisher_availability_label":"Sur commande","short_details":"Tshibangu Kalala \u2014 \u00c9ditions L'Harmattan","translator":null,"weight":1528,"page_count":990,"readership":null,"editor":"\u00c9ditions L'Harmattan","price":8550,"published_date":"2016-11-14T23:00:00.000000Z","support":"Grand format","publisher_availability":1,"stock":0,"editions":[],"url":"https:\/\/quaidesbrumes.com\/ouvrage\/9782343105444\/code-de-droit-international-et-congolais-de-lenvironnement-textes-et-notes-introductives"},{"id":"9782312049489","title":"Rem\u00e9dier la salinite du sol ; valoriser des d\u00e9chets liquides","description":"La valorisation des d\u00e9chets est faite une participation important pour la pr\u00e9servation de l'environnement dans le contexte du d\u00e9veloppement durable.  La r\u00e9utilisation  d'eaux us\u00e9es trait\u00e9 en agriculture peut avoir des effets positifs sur le sol. Pour \u00e9tudier l'effet de cette r\u00e9utilisation sur la salinit\u00e9 du sol, on a r\u00e9alis\u00e9 un essai d'irrigation sur deux types de sol cultiv\u00e9e avec de l'orge, par des eaux us\u00e9es trait\u00e9es biologiquement et install\u00e9 un dispositif avec des t\u00e9moins (sol fertile) et r\u00e9p\u00e9titions de sol sal\u00e9es. Lors de cette exp\u00e9rimentation, une attention particuli\u00e8re a \u00e9t\u00e9 attribu\u00e9e au lessivage des sels (surtout le Na Cl). Les r\u00e9sultats ont permis de d\u00e9terminer le pouvoir r\u00e9m\u00e9diateur des eaux us\u00e9es sur le sol sal\u00e9es, par l''\u00e9valuation quantitative de la conductivit\u00e9 \u00e9lectrique, la salinit\u00e9 et le pH du sol sal\u00e9e. Le flux de la mati\u00e8re organique  provenant des eaux us\u00e9es percol\u00e9es ont un effet positif sur la diminution de la salinit\u00e9 du sol.\r","authors":["Souhila Amiour","Abdelhakim Hannachi"],"category_codes":["4000000","4010000","4010200","4010204"],"visuals":{"large":"https:\/\/images.epagine.fr\/489\/9782312049489_1_75.jpg","medium":"https:\/\/images.epagine.fr\/489\/9782312049489_1_m.jpg","thumbnail":"https:\/\/images.epagine.fr\/489\/9782312049489_1_v.jpg"},"orderable":true,"show_badge":true,"formatted_price":"19,00&nbsp;\u20ac","formatted_published_date":"15 d\u00e9cembre 2016","publisher_availability_label":"Sur commande","short_details":"Souhila Amiour, Abdelhakim Hannachi \u2014 Editions du Net","translator":null,"weight":194,"page_count":108,"readership":null,"editor":"Editions du Net","price":1900,"published_date":"2016-12-14T23:00:00.000000Z","support":"Grand format","publisher_availability":1,"stock":0,"editions":[],"url":"https:\/\/quaidesbrumes.com\/ouvrage\/9782312049489\/remedier-la-salinite-du-sol-valoriser-des-dechets-liquides"},{"id":"9782322113613","title":"Encyclop\u00e9die des plantes ; nature et environnement","description":"Dans cette encyclop\u00e9die, les plantes sont au coeur de la vie de tous les jours, alimentation, sant\u00e9, d\u00e9coration... \r\nLes v\u00e9g\u00e9taux, organismes vivants, existent partout ou presque, sur la terre, en relation avec la biodiversit\u00e9.\r\nSeulement, issus souvent de sols en mauvais \u00e9tat, fatigu\u00e9s du fait d'apport d'engrais chimiques r\u00e9p\u00e9t\u00e9s, il est important de mettre l'accent sur la r\u00e9g\u00e9n\u00e9ration des terres en utilisant des engrais ou pesticides issus de plantes... De cette mani\u00e8re, l'humus reprendra force et apparaitront des plantes saines, vigoureuses, en plus grand nombre, afin de permettre une suffisance alimentaire aux populations de la plan\u00e8te.\r","authors":["Jacqueline Launay"],"category_codes":["4000000","4010000","4010400","4010405"],"visuals":{"large":"https:\/\/images.epagine.fr\/613\/9782322113613_1_75.jpg","medium":"https:\/\/images.epagine.fr\/613\/9782322113613_1_m.jpg","thumbnail":"https:\/\/images.epagine.fr\/613\/9782322113613_1_v.jpg"},"orderable":true,"show_badge":true,"formatted_price":"19,00&nbsp;\u20ac","formatted_published_date":"16 d\u00e9cembre 2016","publisher_availability_label":"Sur commande","short_details":"Jacqueline Launay \u2014 Books on Demand","translator":null,"weight":718,"page_count":456,"readership":null,"editor":"Books on Demand","price":1900,"published_date":"2016-12-15T23:00:00.000000Z","support":"Grand format","publisher_availability":1,"stock":0,"editions":[],"url":"https:\/\/quaidesbrumes.com\/ouvrage\/9782322113613\/encyclopedie-des-plantes-nature-et-environnement"},{"id":"9782812612817","title":"Terres pastorales ; diversit\u00e9 et valeurs des milieux ouverts m\u00e9diterran\u00e9ens","description":"Les paysages du pourtour m\u00e9diterran\u00e9en fran\u00e7ais refl\u00e8tent une intense et tr\u00e8s ancienne occupation humaine. Les milieux ouverts, qui correspondent \u00e0 des formations v\u00e9g\u00e9tales spontan\u00e9es allant du presque min\u00e9ral au bois\u00e9 (pelouses \u00e9corch\u00e9es, landes, maquis, garrigues, pr\u00e9-bois...), sont en grande partie l'h\u00e9ritage de pratiques pastorales. Ils occupent des espaces pr\u00e9sentant des contraintes pour certaines formes d'agriculture, mais o\u00f9 des activit\u00e9s d'\u00e9levage ont toujours trouv\u00e9 leur place. Ils abritent de nombreuses esp\u00e8ces patrimoniales de la flore et de la faune.\r\nAujourd'hui, le m\u00e9tier d'\u00e9leveur et l'activit\u00e9 pastorale sont au coeur d'intenses d\u00e9bats. Des femmes et des hommes vivent de cette activit\u00e9 qui fa\u00e7onne les paysages et les milieux gr\u00e2ce \u00e0 l'action de leurs troupeaux et \u00e0 leurs savoir-faire. Alors m\u00eame que l'importance du pastoralisme pour la conservation des paysages agropastoraux et le maintien de la biodiversit\u00e9 est reconnue depuis plusieurs d\u00e9cennies, cette activit\u00e9 se heurte \u00e0 de nouveaux d\u00e9fis : pr\u00e9dation, concurrence avec les autres usages non agricoles (tourisme, loisirs r\u00e9sidentiels, grands am\u00e9nagements, chasses priv\u00e9es, etc.), difficult\u00e9 de reconnaissance et de soutien au sein des institutions et des territoires, changement climatique...\r\nCet ouvrage collectif, pilot\u00e9 par le Conservatoire d'espaces naturels du Languedoc-Roussillon dans le cadre du projet europ\u00e9en Life+ Mil'Ouv et construit avec les \u00e9leveurs, les scientifiques et les gestionnaires d'espaces naturels et pastoraux, pose les enjeux du maintien de l'activit\u00e9 pastorale, forme d'\u00e9levage extensif \u00e0 haute valeur naturelle, et du cadre dans lequel elle pourrait s'inscrire \u00e0 l'avenir. Des t\u00e9moignages d'\u00e9leveurs \u00e9maillent le propos de sp\u00e9cialistes aux comp\u00e9tences diverses autour d'une activit\u00e9 intemporelle qui co\u00efncide avec certaines attentes de la soci\u00e9t\u00e9 d'aujourd'hui, notamment vis-\u00e0-vis d'une agriculture plus respectueuse de l'environnement, pr\u00e9servant la biodiversit\u00e9, proposant une alimentation de qualit\u00e9, en lien avec son territoire.\r\n\r\nPar le Conservatoire d'Espaces Naturels du Languedoc-Roussillon\r","authors":["Collectif"],"category_codes":["4000000","4010000","4010200","4010205"],"visuals":{"large":"https:\/\/images.epagine.fr\/817\/9782812612817_1_75.jpg","medium":"https:\/\/images.epagine.fr\/817\/9782812612817_1_m.jpg","thumbnail":"https:\/\/images.epagine.fr\/817\/9782812612817_1_v.jpg"},"orderable":true,"show_badge":true,"formatted_price":"25,00&nbsp;\u20ac","formatted_published_date":"14 juin 2017","publisher_availability_label":"Sur commande","short_details":"Collectif \u2014 Rouergue","translator":null,"weight":735,"page_count":160,"readership":null,"editor":"Rouergue","price":2500,"published_date":"2017-06-13T22:00:00.000000Z","support":"Grand format","publisher_availability":1,"stock":0,"editions":[],"url":"https:\/\/quaidesbrumes.com\/ouvrage\/9782812612817\/terres-pastorales-diversite-et-valeurs-des-milieux-ouverts-mediterraneens"}]}