{"data":[{"id":"9782271089328","title":"Les guerres du climat ; contre-enqu\u00eate sur un mythe moderne","description":"Depuis une dizaine d'ann\u00e9es, les cons\u00e9quences s\u00e9curitaires et politiques du changement climatique sont devenues un sujet de pr\u00e9occupation. On parle de \"guerres climatiques\". On explique la r\u00e9volution puis la guerre civile syrienne par des ann\u00e9es de s\u00e9cheresse. On imagine l'effondrement d'Etats, des d\u00e9placements de millions de r\u00e9fugi\u00e9s climatiques, la multiplication des conflits de grande ampleur, un monde sombrant possiblement dans le chaos.\r\nCes craintes sont-elles, r\u00e9ellement et scientifiquement, fond\u00e9es ? Point par point, Bruno Tertrais revient sur cette question essentielle. Point par point, et de mani\u00e8re extr\u00eamement document\u00e9e, il montre que, si le changement climatique actuel est porteur d'incertitudes pour l'avenir, il s'agit, pr\u00e9cis\u00e9ment, de ne pas les \u00e9riger en certitudes ni de dramatiser : ce n'est qu'\u00e0 ce prix que nous pourrons d\u00e9velopper des discours et des politiques responsables.\r","authors":["Bruno Tertrais"],"category_codes":["4000000","4010000","4010300","4010303"],"visuals":{"large":"https:\/\/images.epagine.fr\/328\/9782271089328_1_75.jpg","medium":"https:\/\/images.epagine.fr\/328\/9782271089328_1_m.jpg","thumbnail":"https:\/\/images.epagine.fr\/328\/9782271089328_1_v.jpg"},"orderable":true,"show_badge":true,"formatted_price":"5,00&nbsp;\u20ac","formatted_published_date":"1er septembre 2016","publisher_availability_label":"Sur commande","short_details":"Bruno Tertrais \u2014 CNRS","translator":null,"weight":48,"page_count":44,"readership":null,"editor":"CNRS","price":500,"published_date":"2016-08-31T22:00:00.000000Z","support":"Poche","publisher_availability":1,"stock":0,"editions":[],"url":"https:\/\/quaidesbrumes.com\/ouvrage\/9782271089328\/les-guerres-du-climat-contre-enquete-sur-un-mythe-moderne"},{"id":"9781784051327","title":"\u00e9conomie circulaire et d\u00e9veloppement durable ; \u00e9cologie industrielle et circuits courts","description":"S'opposant au sch\u00e9ma lin\u00e9aire de consommation des ressources fond\u00e9 sur le triptyque \u00ab extraire-fabriquer-jeter \u00bb, l'\u00e9conomie circulaire propose un nouveau mod\u00e8le industriel qui vise \u00e0 optimiser l'utilisation des ressources et \u00e0 \u00e9liminer ou r\u00e9duire les d\u00e9chets. Elle s'appuie sur le r\u00e9-emploi, la r\u00e9paration, l'\u00e9coconception, l'\u00e9cologie industrielle, l'approvisionnement durable et la consommation responsable. L'\u00e9cologie industrielle et les circuits courts peuvent contribuer, en particulier \u00e0 l'\u00e9chelle des territoires, \u00e0 l'\u00e9mergence d'un v\u00e9ritable d\u00e9veloppement durable. Cet ouvrage pr\u00e9sente \u00e0 la fois l'\u00e9volution de ces concepts et les exp\u00e9riences concr\u00e8tes qui en d\u00e9coulent en France et dans d'autres pays. Un mod\u00e8le int\u00e9gr\u00e9 d\u00e9taille les m\u00e9canismes par lesquels \u00e9cologie industrielle et circuits courts g\u00e9n\u00e8rent des b\u00e9n\u00e9fices \u00e9conomiques, sociaux et environnementaux. Les enjeux et les obstacles possibles de ces nouvelles pratiques sont \u00e9galement analys\u00e9s pour \u00e9laborer une r\u00e9flexion qui dessine les contours d'une gouvernance adapt\u00e9e \u00e0 leur pleine r\u00e9alisation.\r","authors":["Delphine Gallaud","Blandine Laperche"],"category_codes":["4000000","4010000","4010200","4010208"],"visuals":{"large":"https:\/\/images.epagine.fr\/327\/9781784051327_1_75.jpg","medium":"https:\/\/images.epagine.fr\/327\/9781784051327_1_m.jpg","thumbnail":"https:\/\/images.epagine.fr\/327\/9781784051327_1_v.jpg"},"orderable":true,"show_badge":true,"formatted_price":"30,60&nbsp;\u20ac","formatted_published_date":"1er mars 2016","publisher_availability_label":"Sur commande","short_details":"Delphine Gallaud, Blandine Laperche \u2014 Iste","translator":null,"weight":300,"page_count":150,"readership":null,"editor":"Iste","price":3060,"published_date":"2016-02-29T23:00:00.000000Z","support":"Grand format","publisher_availability":1,"stock":0,"editions":[],"url":"https:\/\/quaidesbrumes.com\/ouvrage\/9781784051327\/economie-circulaire-et-developpement-durable-ecologie-industrielle-et-circuits-courts"},{"id":"9782371270688","title":"Des truites entre les lignes","description":"La premi\u00e8re partie du livre \u00e9voque la rivi\u00e8re au bord de laquelle l'auteur fit ses premi\u00e8res armes. C'est le temps de l'apr\u00e8s-guerre, celui des plaies qu'on panse et des espoirs qu'on nourrit. C'est aussi celui des cours d'eau cristallins et poissonneux. Au coeur d'une campagne de papillons jaunes et de labours familiaux, le lecteur assiste \u00e0 l'\u00e9panouissement d'une vocation de p\u00eacheur \u00e0 la mouche.\r\nMoine braconnier, armurier retors ou gamin sauvageon qui murmure \u00e0 l'ou\u00efe des poissons : des personnages pittoresques croisent le chemin initiatique d'un adolescent que fascine les truites. L'\u00e9volution de la p\u00eache sportive en France est au centre de la seconde partie de l'ouvrage.\r\nL'auteur en fustige librement les insuffisances et les outrances. Parall\u00e8lement, il rend un hommage appuy\u00e9 aux grands auteurs halieutiques. Enfin, de souvenirs po\u00e9tiques en anecdotes souriantes, il s'abandonne \u00e0 des analyses, r\u00e9flexions et conseils d'une \u00abvieille main\u00bb enthousiaste.\r","authors":["Jean-marie Bo\u00eblle"],"category_codes":["4000000","4010000","4010500","4010502"],"visuals":{"large":"https:\/\/images.epagine.fr\/688\/9782371270688_1_75.jpg","medium":"https:\/\/images.epagine.fr\/688\/9782371270688_1_m.jpg","thumbnail":"https:\/\/images.epagine.fr\/688\/9782371270688_1_v.jpg"},"orderable":true,"show_badge":true,"formatted_price":"28,00&nbsp;\u20ac","formatted_published_date":"3 octobre 2016","publisher_availability_label":"Sur commande","short_details":"Jean-marie Bo\u00eblle \u2014 La Cheminante","translator":null,"weight":264,"page_count":160,"readership":null,"editor":"La Cheminante","price":2800,"published_date":"2016-10-02T22:00:00.000000Z","support":"Grand format","publisher_availability":1,"stock":0,"editions":[],"url":"https:\/\/quaidesbrumes.com\/ouvrage\/9782371270688\/des-truites-entre-les-lignes"},{"id":"9782708244986","title":"Financer la transition \u00e9nerg\u00e9tique","description":"La r\u00e9alisation des objectifs de limitation du r\u00e9chauffement climatique d\u00e9finis \u00e0 la COP21 au Bourget en d\u00e9cembre 2015 passe par des engagements concrets des entreprises et des \u00c9tats. O\u00f9 trouver l'argent n\u00e9cessaire alors que la finance reste prisonni\u00e8re de son app\u00e9tit sp\u00e9culatif ? Ce livre formule une issue sur le plan mondial.\r\nLe d\u00e9r\u00e8glement climatique d\u00e9sormais av\u00e9r\u00e9 fait courir un risque grave pour la plan\u00e8te, ses habitants, sa biodiversit\u00e9 et ses \u00e9conomies. Le sommet de Paris de la COP21 a fix\u00e9 l'objectif ambitieux de r\u00e9duire \u00e0 1,5 \u00b0C l'\u00e9l\u00e9vation des temp\u00e9ratures d'ici 2100. La concr\u00e9tisation de cet objectif suppose que d\u00e8s maintenant les \u00c9tats et les entreprises formulent des engagements tr\u00e8s pr\u00e9cis. Mais o\u00f9 trouver l'argent alors que la finance mise sur des rendements \u00e0 deux chiffres et que les acteurs publics et priv\u00e9s sont lourdement endett\u00e9s ?\r\nRespectivement coauteur et rapporteur du document sur le financement de la transition \u00e9nerg\u00e9tique remis \u00e0 la pr\u00e9sidence de la R\u00e9publique en juin 2015, Alain Grandjean et Mireille Martini dressent un diagnostic tr\u00e8s complet de cette probl\u00e9matique cruciale. Ils observent que si les gaz \u00e0 effet de serre augmentent d\u00e9sormais moins vite que le PIB, il est urgent d'acc\u00e9l\u00e9rer le processus en finan\u00e7ant des actions qui d\u00e9carbonent l'activit\u00e9 \u00e9conomique et permettent des \u00e9conomies massives d'\u00e9nergie.\r\nLaiss\u00e9s \u00e0 eux-m\u00eames, les march\u00e9s, riv\u00e9s \u00e0 des obligations de rendements rapides et \u00e9lev\u00e9s, ne sont pas capables de mobiliser les ressources pour atteindre ces objectifs. Pourtant sur le long terme le co\u00fbt de l'inaction sera, au regard des d\u00e9g\u00e2ts pr\u00e9visibles du r\u00e9chauffement climatique, beaucoup plus cher que celui de l'action.\r\nPartant de ce constat, ce livre pr\u00e9curseur propose des leviers pour mobiliser les ressources financi\u00e8res mondiales vers la d\u00e9carbonation de l'\u00e9conomie et la construction d'infrastructures n\u00e9cessaires \u00e0 la limitation du r\u00e9chauffement climatique. La mise en oeuvre de ces solutions passe par une r\u00e9glementation plus stricte des march\u00e9s financiers par les \u00c9tats, par une r\u00e9forme du syst\u00e8me mon\u00e9taire international, de telle fa\u00e7on \u00e0 orienter les investissements vers la transition \u00e9cologique et \u00e0 en garantir les risques.\r","authors":["Alain Grandjean","Mireille Martini"],"category_codes":["4000000","4010000","4010200"],"visuals":{"large":"https:\/\/images.epagine.fr\/986\/9782708244986_1_75.jpg","medium":"https:\/\/images.epagine.fr\/986\/9782708244986_1_m.jpg","thumbnail":"https:\/\/images.epagine.fr\/986\/9782708244986_1_v.jpg"},"orderable":true,"show_badge":true,"formatted_price":"15,00&nbsp;\u20ac","formatted_published_date":"22 septembre 2016","publisher_availability_label":"Sur commande","short_details":"Alain Grandjean, Mireille Martini \u2014 Les \u00c9ditions de l'Atelier","translator":null,"weight":334,"page_count":218,"readership":null,"editor":"Les \u00c9ditions de l'Atelier","price":1500,"published_date":"2016-09-21T22:00:00.000000Z","support":"Grand format","publisher_availability":1,"stock":0,"editions":[],"url":"https:\/\/quaidesbrumes.com\/ouvrage\/9782708244986\/financer-la-transition-energetique"},{"id":"9781781855706","title":"THE UNKNOWN - WHAT WE DON''T KNOW ABOUT TIME AND SPACE IN TEN CHAPTERS","description":null,"authors":["Stuart Clark"],"category_codes":["4000000","4010000","4010300"],"visuals":{"large":"https:\/\/images.epagine.fr\/706\/9781781855706_1_75.jpg","medium":"https:\/\/images.epagine.fr\/706\/9781781855706_1_m.jpg","thumbnail":"https:\/\/images.epagine.fr\/706\/9781781855706_1_v.jpg"},"orderable":true,"show_badge":true,"formatted_price":"14,80&nbsp;\u20ac","formatted_published_date":"28 octobre 2016","publisher_availability_label":"Sur commande","short_details":"Stuart Clark \u2014 Head of Zeus","translator":null,"weight":229,"page_count":304,"readership":null,"editor":"Head of Zeus","price":1480,"published_date":"2016-10-27T22:00:00.000000Z","support":"Poche","publisher_availability":1,"stock":0,"editions":[],"url":"https:\/\/quaidesbrumes.com\/ouvrage\/9781781855706\/the-unknown-what-we-dont-know-about-time-and-space-in-ten-chapters"},{"id":"9782366621778","title":"Orchid\u00e9es d'Europe, fleur et pollinisation","description":"Les orchid\u00e9es et leur fleur \u00e9nigmatique exercent un fort pouvoir d'attraction sur les naturalistes, qui entreprennent de longs voyages pour les \u00e9tudier et les photographier. Les auteurs se sont int\u00e9ress\u00e9s \u00e0 la structure et \u00e0 la fonction de la fleur et ont entam\u00e9 des recherches sur sa morphologie. Depuis, leurs \u00e9tudes ont fait l'objet de nombreuses publications et conf\u00e9rences.\r\n\r\nCet ouvrage en repr\u00e9sente la synth\u00e8se. Il d\u00e9taille tous les aspects de la fleur des orchid\u00e9es : photographies du gynost\u00e8me, coupes microscopiques, diagrammes floraux, insectes pollinisateurs photographi\u00e9s en action, rosettes et fruits etc. Le texte pr\u00e9cise les relations entre la fleur et son pollinisateur.\r","authors":["Jean Claessens","Jacques Kleynen"],"category_codes":["4000000","4010000","4010400","4010405"],"visuals":{"large":"https:\/\/images.epagine.fr\/778\/9782366621778_1_75.jpg","medium":"https:\/\/images.epagine.fr\/778\/9782366621778_1_m.jpg","thumbnail":"https:\/\/images.epagine.fr\/778\/9782366621778_1_v.jpg"},"orderable":true,"show_badge":true,"formatted_price":"65,00&nbsp;\u20ac","formatted_published_date":"12 juillet 2016","publisher_availability_label":"Sur commande","short_details":"Jean Claessens, Jacques Kleynen \u2014 BIOTOPE","translator":null,"weight":2584,"page_count":448,"readership":null,"editor":"BIOTOPE","price":6500,"published_date":"2016-07-11T22:00:00.000000Z","support":"Grand format","publisher_availability":1,"stock":0,"editions":[],"url":"https:\/\/quaidesbrumes.com\/ouvrage\/9782366621778\/orchidees-deurope-fleur-et-pollinisation"},{"id":"9782889380626","title":"Saisons des plantes, saisons des f\u00eates ; au rythme de la terre","description":"Saisons des plantes, saisons des f\u00eates au rythme de la terre \r\n \r\nDepuis la nuit des \u00e2ges, les hommes observent la vie du Ciel et de la Terre et ritualisent ses manifestations rythmiques \u00e0 travers les f\u00eates. On y c\u00e9l\u00e8bre les cycles cosmiques, le temps des manifestations agraires, les f\u00eates pa\u00efennes et, plus tard, la liturgie chr\u00e9tienne. L'auteur nous propose \u00e0 travers cet ouvrage, de suivre les saisons, les vertues des plantes et arbres qui leurs sont reli\u00e9s ainsi que les f\u00eates et saints de chaque p\u00e9riode. Plus qu'un livre de conseils, c'est un v\u00e9ritable guide pour renouer avec la Terre et ses traditions. \r\n \r\nAuteur \r\n \r\nPhytoth\u00e9rapeute, d'une formation en herboristerie et botanique, Claire Bonnet a suivi diverses formations dans le but d'\u00e9largir son champ de connaissance dans le domaine. Elle est formatrice en plantes m\u00e9dicinales dans diff\u00e9rents centres de naturopathie depuis 2008 et anime des stages, ateliers \u00e0 travers l'association \" La f\u00e9e du sureau \".","authors":["Claire Bonnet"],"category_codes":["4000000","4010000","4010300"],"visuals":{"large":"https:\/\/images.epagine.fr\/626\/9782889380626_1_75.jpg","medium":"https:\/\/images.epagine.fr\/626\/9782889380626_1_m.jpg","thumbnail":"https:\/\/images.epagine.fr\/626\/9782889380626_1_v.jpg"},"orderable":true,"show_badge":true,"formatted_price":"19,90&nbsp;\u20ac","formatted_published_date":"17 novembre 2016","publisher_availability_label":"Sur commande","short_details":"Claire Bonnet \u2014 La Source Vive","translator":null,"weight":250,"page_count":160,"readership":null,"editor":"La Source Vive","price":1990,"published_date":"2016-11-16T23:00:00.000000Z","support":"Grand format","publisher_availability":1,"stock":0,"editions":[],"url":"https:\/\/quaidesbrumes.com\/ouvrage\/9782889380626\/saisons-des-plantes-saisons-des-fetes-au-rythme-de-la-terre"},{"id":"9782905871381","title":"Voyages a dos d'oiseaux","description":null,"authors":["Michelle Meyer"],"category_codes":["4000000","4010000"],"visuals":{"large":"https:\/\/quaidesbrumes.com\/img\/book-placeholder.png","medium":"https:\/\/quaidesbrumes.com\/img\/book-placeholder.png","thumbnail":"https:\/\/quaidesbrumes.com\/img\/book-placeholder.png"},"orderable":true,"show_badge":true,"formatted_price":"30,00&nbsp;\u20ac","formatted_published_date":"6 avril 2016","publisher_availability_label":"Sur commande","short_details":"Michelle Meyer \u2014 Prospective 21","translator":null,"weight":500,"page_count":null,"readership":null,"editor":"Prospective 21","price":3000,"published_date":"2016-04-05T22:00:00.000000Z","support":"Grand format","publisher_availability":1,"stock":0,"editions":[],"url":"https:\/\/quaidesbrumes.com\/ouvrage\/9782905871381\/voyages-a-dos-doiseaux"},{"id":"9782343081441","title":"Energie et omnipotence des machines","description":"L'\u00e9nergie constitue une source du vivant gr\u00e2ce \u00e0 laquelle nous avons pu assurer le d\u00e9veloppement de nos soci\u00e9t\u00e9s. De l\u00e0 sont apparues les machines devenues omnipr\u00e9sentes dans la quotidiennet\u00e9 mais consommant abondamment de ressources. En d\u00e9pit de plusieurs \u00e9tudes et efforts visant \u00e0 renverser cette tendance, la probl\u00e9matique demeure. Une nouvelle symbiose humain-machine-nature (\u00e9nergie-ressources) s'impose alors, soit par une transformation des mentalit\u00e9s, un engagement ferme des gouvernements, une volont\u00e9 d'innovation et de d\u00e9veloppement ax\u00e9e sur les technologies vertes...","authors":["Guylain Bernier"],"category_codes":["4000000","4010000","4010200","4010208"],"visuals":{"large":"https:\/\/images.epagine.fr\/441\/9782343081441_1_75.jpg","medium":"https:\/\/images.epagine.fr\/441\/9782343081441_1_m.jpg","thumbnail":"https:\/\/images.epagine.fr\/441\/9782343081441_1_v.jpg"},"orderable":true,"show_badge":true,"formatted_price":"13,50&nbsp;\u20ac","formatted_published_date":"12 avril 2016","publisher_availability_label":"Sur commande","short_details":"Guylain Bernier \u2014 \u00c9ditions L'Harmattan","translator":null,"weight":135,"page_count":104,"readership":null,"editor":"\u00c9ditions L'Harmattan","price":1350,"published_date":"2016-04-11T22:00:00.000000Z","support":"Grand format","publisher_availability":1,"stock":0,"editions":[],"url":"https:\/\/quaidesbrumes.com\/ouvrage\/9782343081441\/energie-et-omnipotence-des-machines"},{"id":"9782343092317","title":"Terre et humanit\u00e9 : La voie de l'Ecoloc\u00e8ne","description":"Un futur meilleur, enviable, nous attend ; celui de la r\u00e9conciliation de l'Humanit\u00e9 avec sa plan\u00e8te bleue, sa maison, son jardin. Aujourd'hui, nous savons que nous vivons au-dessus de nos moyens \u00e9cologiques. Abandonnons notre soci\u00e9t\u00e9 guerri\u00e8re d'hyperconsommation. Rassemblons-nous pour m\u00e9nager notre plan\u00e8te. D\u00e9veloppons notre humanit\u00e9 en empruntant la voie de la r\u00e9conciliation de l'Humanit\u00e9 avec sa Terre. Chemin passionnant sur lequel chacun d'entre nous est convi\u00e9.","authors":["Robert L\u00e9vesque"],"category_codes":["4000000","4010000","4010200","4010208"],"visuals":{"large":"https:\/\/images.epagine.fr\/317\/9782343092317_1_75.jpg","medium":"https:\/\/images.epagine.fr\/317\/9782343092317_1_m.jpg","thumbnail":"https:\/\/images.epagine.fr\/317\/9782343092317_1_v.jpg"},"orderable":true,"show_badge":true,"formatted_price":"20,50&nbsp;\u20ac","formatted_published_date":"25 avril 2016","publisher_availability_label":"Sur commande","short_details":"Robert L\u00e9vesque \u2014 \u00c9ditions L'Harmattan","translator":null,"weight":220,"page_count":176,"readership":null,"editor":"\u00c9ditions L'Harmattan","price":2050,"published_date":"2016-04-24T22:00:00.000000Z","support":"Grand format","publisher_availability":1,"stock":0,"editions":[],"url":"https:\/\/quaidesbrumes.com\/ouvrage\/9782343092317\/terre-et-humanite-la-voie-de-lecolocene"},{"id":"9782755806403","title":"Les p\u00eaches en eaux douces","description":"Cours d'eaux naturels, canaux, lacs et \u00e9tangs se retrouvent dans toutes nos r\u00e9gions. Cependant, la p\u00eache dont les techniques \u00e9taient jadis transmises de p\u00e8re en fils, est aujourd'hui une activit\u00e9 trop souvent m\u00e9connue par les urbains que nous sommes devenus.\r\n\r\nCe livre, loin de s'adresser au p\u00eacheur chevronn\u00e9, a pour ambition de faire d\u00e9couvrir \u00e0 l'amateur, s\u00e9journant \u00e0 proximit\u00e9 d'eaux int\u00e9rieures poissonneuses, les plaisirs de la p\u00eache. Pour cela, l'auteur propose :\r\n- une pr\u00e9sentation des poissons que l'on peut rencontrer en eaux douces, de leur habitat et de leur mode de vie, - une pr\u00e9sentation des diff\u00e9rentes techniques de p\u00eache et du mat\u00e9riel, - des sch\u00e9mas de montages de ligne pr\u00e9cis et didactiques, - des conseils pr\u00e9cieux pour ramener \u00e0 la maison la friture du soir !\r\n\r\nIl ne vous reste plus qu'\u00e0 vous \u00e9quiper pour de belles journ\u00e9es nature en famille, entre amis ou en solo.\r","authors":["Bernard Breton"],"category_codes":["4000000","4010000","4010500","4010502"],"visuals":{"large":"https:\/\/images.epagine.fr\/403\/9782755806403_1_75.jpg","medium":"https:\/\/images.epagine.fr\/403\/9782755806403_1_m.jpg","thumbnail":"https:\/\/images.epagine.fr\/403\/9782755806403_1_v.jpg"},"orderable":true,"show_badge":true,"formatted_price":"7,00&nbsp;\u20ac","formatted_published_date":"1er juin 2016","publisher_availability_label":"Sur commande","short_details":"Bernard Breton \u2014 Gisserot","translator":null,"weight":286,"page_count":192,"readership":null,"editor":"Gisserot","price":700,"published_date":"2016-05-31T22:00:00.000000Z","support":"Grand format","publisher_availability":1,"stock":0,"editions":[],"url":"https:\/\/quaidesbrumes.com\/ouvrage\/9782755806403\/les-peches-en-eaux-douces"},{"id":"9782343091280","title":"La gestion strat\u00e9gique des projets \u00e9nerg\u00e9tiques","description":"Le livre dessine les contours de la strat\u00e9gie \u00e9nerg\u00e9tique mondiale contemporaine. Les orientations qu'il pr\u00e9sente s'appuient sur les enseignements tir\u00e9s du pass\u00e9 et une analyse de strat\u00e9gies des principaux projets en cours. Il souligne l'ampleur des d\u00e9fis \u00e0 relever : d\u00e9fi environnemental, enjeux de march\u00e9 et perspectives op\u00e9rationnelles. L'auteur pose ainsi l'ind\u00e9pendance \u00e9nerg\u00e9tique comme principe fort et postule que la gestion du secteur doit devenir une priorit\u00e9 pour chaque pays. Il d\u00e9finit, par ailleurs, les voies \u00e0 suivre pour une harmonisation des normes relatives aux projets \u00e9nerg\u00e9tiques.","authors":["Walter Amedzro St-Hilaire"],"category_codes":["4000000","4010000","4010200","4010208"],"visuals":{"large":"https:\/\/images.epagine.fr\/280\/9782343091280_1_75.jpg","medium":"https:\/\/images.epagine.fr\/280\/9782343091280_1_m.jpg","thumbnail":"https:\/\/images.epagine.fr\/280\/9782343091280_1_v.jpg"},"orderable":true,"show_badge":true,"formatted_price":"27,50&nbsp;\u20ac","formatted_published_date":"11 mai 2016","publisher_availability_label":"Sur commande","short_details":"Walter Amedzro St-Hilaire \u2014 \u00c9ditions L'Harmattan","translator":null,"weight":290,"page_count":234,"readership":null,"editor":"\u00c9ditions L'Harmattan","price":2750,"published_date":"2016-05-10T22:00:00.000000Z","support":"Grand format","publisher_availability":1,"stock":0,"editions":[],"url":"https:\/\/quaidesbrumes.com\/ouvrage\/9782343091280\/la-gestion-strategique-des-projets-energetiques"},{"id":"9782343067162","title":"D\u00e9veloppement durable en France : Enseignements \u00e0 partir des Sch\u00e9mas de Coh\u00e9rence Territoriale (SCoT) Grenoblois et Montpelli\u00e9rain","description":"Le Sch\u00e9ma de Coh\u00e9rence Territoriale (SCoT) est l'instrument central de l'am\u00e9nagement des agglom\u00e9rations urbaines fran\u00e7aises, qui associe le r\u00f4le d'assemblage de plusieurs politiques sectorielles et de coordination multi-scalaire aux objectifs de conception de villes durables. Cette \u00e9tude met en \u00e9vidence la constitution d'une vision planificatrice \u00e0 une \u00e9chelle plus large que celle trait\u00e9e par la planification ant\u00e9rieurement, une meilleure prise en compte des enjeux environnementaux et une meilleure ma\u00eetrise de l'\u00e9talement urbain par les deux SCoTs (celle de Montpellier et celle de Grenoble), agissant pour la construction de villes plus durables.","authors":["Fernanda Moscarelli"],"category_codes":["4000000","4010000","4010200","4010208"],"visuals":{"large":"https:\/\/images.epagine.fr\/162\/9782343067162_1_75.jpg","medium":"https:\/\/images.epagine.fr\/162\/9782343067162_1_m.jpg","thumbnail":"https:\/\/images.epagine.fr\/162\/9782343067162_1_v.jpg"},"orderable":true,"show_badge":true,"formatted_price":"40,50&nbsp;\u20ac","formatted_published_date":"7 juin 2016","publisher_availability_label":"Sur commande","short_details":"Fernanda Moscarelli \u2014 \u00c9ditions L'Harmattan","translator":null,"weight":580,"page_count":370,"readership":null,"editor":"\u00c9ditions L'Harmattan","price":4050,"published_date":"2016-06-06T22:00:00.000000Z","support":"Grand format","publisher_availability":1,"stock":0,"editions":[],"url":"https:\/\/quaidesbrumes.com\/ouvrage\/9782343067162\/developpement-durable-en-france-enseignements-a-partir-des-schemas-de-coherence-territoriale-scot-grenoblois-et-montpellierain"},{"id":"9782350684321","title":"La chasse \u00e0 la palombe dans le Bazadais ; l'art de chasser la palombe, contes et historiettes","description":"Palombite, tel est le nom qu'il faut donner \u00e0 cet amour, pour ainsi dire effr\u00e9n\u00e9, que le Bazadais \u00e9prouve pour la chasse \u00e0 la palombe.\r\nCe n'est plus une simple passion, mais une v\u00e9ritable maladie aigue.\r\nBien qu'existant \u00e0 l'\u00e9tat latent, elle ne produit g\u00e9n\u00e9ralement ses effets qu'\u00e0 des \u00e9poques d\u00e9termin\u00e9es. Chez certains sujets, elle se montre deux fois dans l'espace d'une ann\u00e9e, en septembre lorsque la palombe gagne les pays chauds pour y prendre ses quartiers d'hiver, et, en f\u00e9vrier, lorsqu'elle revient dans le Nord pour se livrer aux charmes de l'amour. Chez d'autres, et ce sont les plus favoris\u00e9s, elle n'agit qu'en septembre... Dans le Bazadais, ce mal frappe aussi bien le pauvre que le riche, aussi bien celui qui n'a jamais touch\u00e9 un fusil, que l'amateur de toutes sortes de chasses... Dans toute la contr\u00e9e, autour de Bazas, et m\u00eame \u00e0 une grande distance, la vie des affaires est \u00e0 peu pr\u00e8s suspendue pendant le mois d'octobre...\r\nR\u00e9\u00e9dition illustr\u00e9e de l'\u00e9dition parue en 1907 aux Editions F\u00e9ret, qui est devenue un classique de la litt\u00e9rature cyn\u00e9g\u00e9tique.\r","authors":["Tristan Audebert"],"category_codes":["4000000","4010000","4010500","4010502"],"visuals":{"large":"https:\/\/images.epagine.fr\/321\/9782350684321_1_75.jpg","medium":"https:\/\/images.epagine.fr\/321\/9782350684321_1_m.jpg","thumbnail":"https:\/\/images.epagine.fr\/321\/9782350684321_1_v.jpg"},"orderable":true,"show_badge":true,"formatted_price":"7,50&nbsp;\u20ac","formatted_published_date":"6 octobre 2016","publisher_availability_label":"Sur commande","short_details":"Tristan Audebert \u2014 Cairn","translator":null,"weight":230,"page_count":160,"readership":null,"editor":"Cairn","price":750,"published_date":"2016-10-05T22:00:00.000000Z","support":"Grand format","publisher_availability":1,"stock":0,"editions":[],"url":"https:\/\/quaidesbrumes.com\/ouvrage\/9782350684321\/la-chasse-a-la-palombe-dans-le-bazadais-lart-de-chasser-la-palombe-contes-et-historiettes"},{"id":"9782841868414","title":"Alerte aux fl\u00e9aux biologiques ; esp\u00e8ces invasives : dangers sanitaires et nuissances \u00e9cologiques","description":"Ils ont surgi dans notre environnement familier sans crier gare\u00a0: la borrelia (la maladie de Lyme), le virus de la dengue et du chikungunya transmis par les moustiques tigres qui poursuivent leur implantation sur le territoire national \u00e0 la faveur du r\u00e9chauffement climatique, ou les agents pathog\u00e8nes des chenilles processionnaires qui remontent vers le nord de la France depuis quelques ann\u00e9es. D'autres fl\u00e9aux s'attaquent sp\u00e9cifiquement aux animaux\u00a0: le varroa destructor, affectant durablement la sant\u00e9 des colonies d'abeilles. Les apiculteurs redoutent plus que tout aujourd'hui l'invasion depuis l'Italie du Sud d'un fl\u00e9au encore plus destructeur\u00a0: le col\u00e9opt\u00e8re aethina tumida.\r\nAutre ravageur qui s'en prend, lui, aux grenouilles reinettes\u00a0: la grenouille taureau originaire de Floride, ou bien encore la Plathelminthe, sorte de sangsue en provenance de Nouvelle-Z\u00e9lande qui avale les vers de terre et entraine un d\u00e9s\u00e9quilibre dans les milieux naturels.\r\n\u00c9galement\u00a0: les parasites et autres champignons qui s'attaquent aux v\u00e9g\u00e9taux, port\u00e9s notamment par les vecteurs de communication qui font du monde un village global\u00a0: le parasite Cynips qui s'attaque aux ch\u00e2taigniers de haute Corse, ou le champignon Chalarose qui a pris sp\u00e9cifiquement pour cible les fr\u00eanes de l'Est de la France (export\u00e9 vraisemblablement depuis la Pologne).\r\nPourtant, devant l'\u00e9mergence de ces nouveaux fl\u00e9aux, nous ne sommes pas sans bouclier. Des experts sp\u00e9cialistes les suivent \u00e0 la trace, engag\u00e9s dans une lutte contre leur propagation. Chercheurs dans des \u00e9tablissements publics et autres r\u00e9seaux d'observation, ils assurent une surveillance biologique du territoire et m\u00e8nent des enqu\u00eates \u00e9pid\u00e9miologiques tr\u00e8s pointues pour remonter les fili\u00e8res.\r","authors":["Hugues Demeude"],"category_codes":["4000000","4010000","4010200","4010207"],"visuals":{"large":"https:\/\/images.epagine.fr\/414\/9782841868414_1_75.jpg","medium":"https:\/\/images.epagine.fr\/414\/9782841868414_1_m.jpg","thumbnail":"https:\/\/images.epagine.fr\/414\/9782841868414_1_v.jpg"},"orderable":true,"show_badge":true,"formatted_price":"17,00&nbsp;\u20ac","formatted_published_date":"12 octobre 2017","publisher_availability_label":"Sur commande","short_details":"Hugues Demeude \u2014 MICHALON","translator":null,"weight":210,"page_count":190,"readership":null,"editor":"MICHALON","price":1700,"published_date":"2017-10-11T22:00:00.000000Z","support":"Grand format","publisher_availability":1,"stock":0,"editions":[],"url":"https:\/\/quaidesbrumes.com\/ouvrage\/9782841868414\/alerte-aux-fleaux-biologiques-especes-invasives-dangers-sanitaires-et-nuissances-ecologiques"},{"id":"9782343094724","title":"Flore m\u00e9dicale des signatures XVIe - XVIIe si\u00e8cles","description":"On trouvera ici \u00e0 la fois une histoire de l'\u00e9laboration de la th\u00e9orie des signatures v\u00e9g\u00e9tales et un expos\u00e9 de son contenu \u00e0 partir des principaux textes - g\u00e9n\u00e9ralement de Paracelse, mais aussi d'auteurs souvent tomb\u00e9s dans l'oubli, D. Sennert, J.P. Rhumelius, H.C. Agrippa, O. Crollius, G. B della Porta. Selon eux, la ressemblance entre la couleur, la morphologie ou encore la biologie de nombreuses plantes avec les parties du corps humain ou les diverses manifestations ext\u00e9rieures des maladies ne saurait \u00eatre d\u00fb au hasard. Ces analogies doivent \u00eatre interpr\u00e9t\u00e9es comme des signatures de Dieu, afin d'informer les hommes des diverses vertus qu'elles contiennent.\r","authors":["Guy Ducourthial"],"category_codes":["4000000","4010000","4010400","4010404"],"visuals":{"large":"https:\/\/images.epagine.fr\/724\/9782343094724_1_75.jpg","medium":"https:\/\/images.epagine.fr\/724\/9782343094724_1_m.jpg","thumbnail":"https:\/\/images.epagine.fr\/724\/9782343094724_1_v.jpg"},"orderable":true,"show_badge":true,"formatted_price":"56,00&nbsp;\u20ac","formatted_published_date":"16 juin 2016","publisher_availability_label":"Sur commande","short_details":"Guy Ducourthial \u2014 \u00c9ditions L'Harmattan","translator":null,"weight":1055,"page_count":672,"readership":null,"editor":"\u00c9ditions L'Harmattan","price":5600,"published_date":"2016-06-15T22:00:00.000000Z","support":"Grand format","publisher_availability":1,"stock":0,"editions":[],"url":"https:\/\/quaidesbrumes.com\/ouvrage\/9782343094724\/flore-medicale-des-signatures-xvie-xviie-siecles"},{"id":"9782343090870","title":"Le d\u00e9veloppement durable du tourisme en Guin\u00e9e","description":"En d\u00e9pit d'un potentiel touristique incomparable, lui permettant de d\u00e9velopper la plupart des types de tourisme en zone tropicale, la Guin\u00e9e reste toujours confront\u00e9e \u00e0 une probl\u00e9matique et \u00e0 des d\u00e9fis majeurs qu'il s'av\u00e8re urgent de d\u00e9nouer et de lever. Apr\u00e8s avoir pos\u00e9 un diagnostic clair et fix\u00e9 les objectifs \u00e0 atteindre, les auteurs ont mis\u00e9 sur l'approche du d\u00e9veloppement durable pour aboutir \u00e0 l'\u00e9tablissement du cadre manag\u00e9rial ad\u00e9quat pour l'essor du tourisme en Guin\u00e9e: ma\u00eetrise des variables de l'offre et de la demande, participation des populations \u00e0 la base, promotion et protection des ressources, tout en r\u00e9pondant aux exigences des temps modernes.","authors":["Mamadou aliou Barry","Ibrahima D\u00e2ka Diallo"],"category_codes":["4000000","4010000","4010200","4010208"],"visuals":{"large":"https:\/\/images.epagine.fr\/870\/9782343090870_1_75.jpg","medium":"https:\/\/images.epagine.fr\/870\/9782343090870_1_m.jpg","thumbnail":"https:\/\/images.epagine.fr\/870\/9782343090870_1_v.jpg"},"orderable":true,"show_badge":true,"formatted_price":"31,50&nbsp;\u20ac","formatted_published_date":"30 juin 2016","publisher_availability_label":"Sur commande","short_details":"Mamadou aliou Barry, Ibrahima D\u00e2ka Diallo \u2014 \u00c9ditions L'Harmattan","translator":null,"weight":355,"page_count":290,"readership":null,"editor":"\u00c9ditions L'Harmattan","price":3150,"published_date":"2016-06-29T22:00:00.000000Z","support":"Grand format","publisher_availability":1,"stock":0,"editions":[],"url":"https:\/\/quaidesbrumes.com\/ouvrage\/9782343090870\/le-developpement-durable-du-tourisme-en-guinee"},{"id":"9791023618808","title":"5 choix inspirants ; un voyage avec soi et les autres, pour inspirer plus d'\u00e9cologie en ce monde","description":"\u00ab Un guide d'\u00e9co-citoyennet\u00e9 \u00bb.\r\n\r\n\u00ab Le cha\u00eenon manquant de l'\u00e9cologie interne \u00e0 l'\u00e9cologie externe \u00bb.\r\n\r\n\u00ab Un v\u00e9ritable antidote \u00e0 l'\u00e9co-anxi\u00e9t\u00e9 \u00bb.\r\n\r\nElodie Parent Riquet, fondatrice d'lnspir4Transitions, a accompagn\u00e9 plus d'une centaine de projets de d\u00e9veloppement international avec l'Agence fran\u00e7aise de d\u00e9veloppement et a form\u00e9 pr\u00e8s de 1500 personnes issues de 50 nationalit\u00e9s diff\u00e9rentes. Elle a d\u00e9velopp\u00e9 des processus uniques, dont les 5 choix inspirants, pour stimuler toutes les formes d'intelligence pr\u00e9sentes dans un groupe, assurer l'engagement individuel et favoriser la justesse de l'action collective au service des transitions soci\u00e9tales.\r","authors":["Elodie Parent riquet"],"category_codes":["4000000","4010000","4010200"],"visuals":{"large":"https:\/\/images.epagine.fr\/808\/9791023618808_1_75.jpg","medium":"https:\/\/images.epagine.fr\/808\/9791023618808_1_m.jpg","thumbnail":"https:\/\/images.epagine.fr\/808\/9791023618808_1_v.jpg"},"orderable":true,"show_badge":true,"formatted_price":"18,00&nbsp;\u20ac","formatted_published_date":"15 mars 2021","publisher_availability_label":"Sur commande","short_details":"Elodie Parent riquet \u2014 Publishroom Factory","translator":null,"weight":240,"page_count":178,"readership":null,"editor":"Publishroom Factory","price":1800,"published_date":"2021-03-14T23:00:00.000000Z","support":"Grand format","publisher_availability":1,"stock":0,"editions":[],"url":"https:\/\/quaidesbrumes.com\/ouvrage\/9791023618808\/5-choix-inspirants-un-voyage-avec-soi-et-les-autres-pour-inspirer-plus-decologie-en-ce-monde"},{"id":"9782343098074","title":"Angoisses d'un vieux platane en qu\u00eate de post\u00e9rite ; d\u00e9ambulation litt\u00e9raire botanique","description":"Un vieux platane r\u00e9ellement install\u00e9 depuis pr\u00e8s de deux si\u00e8cles au Jardin des Plantes de Paris et \u00e9trangement dot\u00e9 de la parole s'inqui\u00e8te : il n'a pas encore donn\u00e9 naissance \u00e0 une descendance qui lui soit parfaitement semblable. Apr\u00e8s maints d\u00e9boires et difficult\u00e9s, un sp\u00e9cialiste du processus de multiplication parvient \u00e0 r\u00e9ussir son bouturage. Ce succ\u00e8s ne calme pas pour autant les cogitations de l'arbre, bien au contraire ! \u00c0 la suite d'innombrables interrogations traduisant ses anxi\u00e9t\u00e9s, il se penche sur les images, parfois troublantes, que donnent les arbres, et sur les m\u00e9taphores qu'ils inspirent \u00e0 l'homme.\r","authors":["Claude Joseph"],"category_codes":["4000000","4010000","4010400","4010401"],"visuals":{"large":"https:\/\/images.epagine.fr\/074\/9782343098074_1_75.jpg","medium":"https:\/\/images.epagine.fr\/074\/9782343098074_1_m.jpg","thumbnail":"https:\/\/images.epagine.fr\/074\/9782343098074_1_v.jpg"},"orderable":true,"show_badge":true,"formatted_price":"24,00&nbsp;\u20ac","formatted_published_date":"20 juillet 2016","publisher_availability_label":"Sur commande","short_details":"Claude Joseph \u2014 \u00c9ditions L'Harmattan","translator":null,"weight":310,"page_count":256,"readership":null,"editor":"\u00c9ditions L'Harmattan","price":2400,"published_date":"2016-07-19T22:00:00.000000Z","support":"Grand format","publisher_availability":1,"stock":0,"editions":[],"url":"https:\/\/quaidesbrumes.com\/ouvrage\/9782343098074\/angoisses-dun-vieux-platane-en-quete-de-posterite-deambulation-litteraire-botanique"},{"id":"9791090280755","title":"Quand je serai grande, c'est \u00e7a que je veux faire","description":"Depuis sa plus tendre enfance, Brigitte a tr\u00e8s vite su que\u00a0: c'est \u00e7a qu'elle ferait. Etre la protectrice des animaux. Et c'est vraiment aupr\u00e8s d'elle que le mot \u00ab\u00a0Protectrice\u00a0\u00bb prend tout son sens. Est-ce d\u00fb aux Brigittes de vouer sa vie \u00e0 la cause animale\u00a0? Peut-\u00eatre. \r\nElle est la protectrice et sauve de chiens en d\u00e9tresse, abandonn\u00e9s ou maltrait\u00e9s.\r\nV\u00e9ritable abb\u00e9 Pierre de nos compagnons \u00e0 quatre pattes, les plus fid\u00e8les amis de l'Homme retrouvent une nouvelle vie aupr\u00e8s de Brigitte. Si comme  l'Humain, l'animal ressent la souffrance, il sait aussi exprimer ses \u00e9motions.\r\nEt c'est au centuple qu'ils rendent l'amour \u00e0 leur bienfaitrice, un amour vrai et inconditionnel.\r","authors":["Les P'Tis Cabotins"],"category_codes":["4000000","4010000","4010200","4010207"],"visuals":{"large":"https:\/\/images.epagine.fr\/755\/9791090280755_1_75.jpg","medium":"https:\/\/images.epagine.fr\/755\/9791090280755_1_m.jpg","thumbnail":"https:\/\/images.epagine.fr\/755\/9791090280755_1_v.jpg"},"orderable":true,"show_badge":true,"formatted_price":"14,00&nbsp;\u20ac","formatted_published_date":"18 juin 2016","publisher_availability_label":"Sur commande","short_details":"Les P'Tis Cabotins \u2014 Claire Lorrain","translator":null,"weight":80,"page_count":56,"readership":null,"editor":"Claire Lorrain","price":1400,"published_date":"2016-06-17T22:00:00.000000Z","support":"Grand format","publisher_availability":1,"stock":0,"editions":[],"url":"https:\/\/quaidesbrumes.com\/ouvrage\/9791090280755\/quand-je-serai-grande-cest-ca-que-je-veux-faire"},{"id":"9782343087740","title":"Agro\u00e9cologie et gestion durable des sols en Afrique soudano-sah\u00e9lienne","description":"La baisse de la fertilit\u00e9 des sols, le surp\u00e2turage, les feux de v\u00e9g\u00e9tation et la d\u00e9forestation font partie de la liste des fl\u00e9aux qui affligent la terre agropastorale en Afrique soudano-sah\u00e9lienne. Pour inverser cette tendance de d\u00e9gradation, des techniques en agro\u00e9cologie sont pr\u00e9conis\u00e9es, en l'occurrence les am\u00e9nagements anti\u00e9rosifs, les syst\u00e8mes agroforestiers et de culture sur couverture v\u00e9g\u00e9tale, l'objectif ultime \u00e9tant une meilleure gestion des sols pour une productivit\u00e9 agricole satisfaisante, durable et respectueuse de l'environnement.","authors":["Pierre Hinimbio ta\u00efda"],"category_codes":["4000000","4010000","4010200","4010208"],"visuals":{"large":"https:\/\/images.epagine.fr\/740\/9782343087740_1_75.jpg","medium":"https:\/\/images.epagine.fr\/740\/9782343087740_1_m.jpg","thumbnail":"https:\/\/images.epagine.fr\/740\/9782343087740_1_v.jpg"},"orderable":true,"show_badge":true,"formatted_price":"25,50&nbsp;\u20ac","formatted_published_date":"22 juin 2016","publisher_availability_label":"Sur commande","short_details":"Pierre Hinimbio ta\u00efda \u2014 \u00c9ditions L'Harmattan","translator":null,"weight":335,"page_count":222,"readership":null,"editor":"\u00c9ditions L'Harmattan","price":2550,"published_date":"2016-06-21T22:00:00.000000Z","support":"Grand format","publisher_availability":1,"stock":0,"editions":[],"url":"https:\/\/quaidesbrumes.com\/ouvrage\/9782343087740\/agroecologie-et-gestion-durable-des-sols-en-afrique-soudano-sahelienne"},{"id":"9782370731029","title":"La nature au fil des saisons","description":"La nature est une source in\u00e9puisable de surprises et d'\u00e9merveillements...pour qui sait l'observer. Vous voulez savoir comment distinguer une mouette d'un go\u00e9land ou une chouette d'un hibou ? \u00c9couter le chant des sauterelles ? Apprendre \u00e0 cuisiner des plantes sauvages ? D\u00e9couvrir ce qui attire vraiment les moustiques ?\r\nPlongez dans ce livre fourmillant d'informations, de r\u00e9v\u00e9lations, d'astuces et de conseils adapt\u00e9s \u00e0 chaque mois de l'ann\u00e9e. Ludique et p\u00e9dagogique, il vous ouvrira les yeux sur les plantes et les animaux qui nous entourent.\r\nRegardez, humez, \u00e9coutez : au fil des saisons, l'extraordinaire se cache dans l'ordinaire.\r\n\r\n400 illustrations originales.\r\nUn livre familial : de 7 \u00e0 177 ans !\r","authors":["Marc Giraud"],"category_codes":["4000000","4010000","4010100"],"visuals":{"large":"https:\/\/images.epagine.fr\/029\/9782370731029_1_75.jpg","medium":"https:\/\/images.epagine.fr\/029\/9782370731029_1_m.jpg","thumbnail":"https:\/\/images.epagine.fr\/029\/9782370731029_1_v.jpg"},"orderable":true,"show_badge":true,"formatted_price":"20,90&nbsp;\u20ac","formatted_published_date":"10 novembre 2016","publisher_availability_label":"Sur commande","short_details":"Marc Giraud \u2014 Allary \u00c9ditions","translator":null,"weight":548,"page_count":208,"readership":null,"editor":"Allary \u00c9ditions","price":2090,"published_date":"2016-11-09T23:00:00.000000Z","support":"Grand format","publisher_availability":1,"stock":0,"editions":[],"url":"https:\/\/quaidesbrumes.com\/ouvrage\/9782370731029\/la-nature-au-fil-des-saisons"},{"id":"9782364691452","title":"La nature et l'homme au coeur des villes de demain","description":"L'homme n'est plus associ\u00e9 \u00e0 la \u00ab fabrique de la ville \u00bb qu'il habite et il ne lui est pas permis de peser significativement sur son environnement, dans le sens le plus large du terme.\r\n\r\nExtrait du texte de quatri\u00e8me de couverture.\r\n\r\nCet ouvrage est la cinqui\u00e8me publication des travaux de la Commission Nationale de R\u00e9flexion sur le D\u00e9veloppement Durable du Grand Orient de France","authors":["Cnrdd"],"category_codes":["4000000","4010000","4010200","4010208"],"visuals":{"large":"https:\/\/images.epagine.fr\/452\/9782364691452_1_75.jpg","medium":"https:\/\/images.epagine.fr\/452\/9782364691452_1_m.jpg","thumbnail":"https:\/\/images.epagine.fr\/452\/9782364691452_1_v.jpg"},"orderable":true,"show_badge":true,"formatted_price":"12,00&nbsp;\u20ac","formatted_published_date":"30 ao\u00fbt 2016","publisher_availability_label":"Sur commande","short_details":"Cnrdd \u2014 Editions Henry","translator":null,"weight":305,"page_count":224,"readership":null,"editor":"Editions Henry","price":1200,"published_date":"2016-08-29T22:00:00.000000Z","support":"Grand format","publisher_availability":1,"stock":0,"editions":[],"url":"https:\/\/quaidesbrumes.com\/ouvrage\/9782364691452\/la-nature-et-lhomme-au-coeur-des-villes-de-demain"},{"id":"9782343099255","title":"Les relations homme-nature dans la transition agro\u00e9cologique","description":"Face \u00e0 la crise environnementale, l'humain cherche des voies pour sortir de l'impasse qu'il s'est lui-m\u00eame construite. L'agriculture est pleinement concern\u00e9e par ces enjeux. Ce livre part du principe que la transition vers des pratiques agricoles plus respectueuses de l'environnement ne peut \u00eatre durable sans prendre en compte les facteurs culturels et les syst\u00e8mes de valeurs individuels et collectifs des acteurs vers le vivant.\r\nEn s'adressant \u00e0 tout public soucieux de questionner ses relations \u00e0 l'environnement, cet ouvrage ambitionne d'apporter une contribution \u00e0 une transition agro\u00e9cologique efficiente.\r","authors":["Aur\u00e9lie Javelle"],"category_codes":["4000000","4010000","4010200","4010203"],"visuals":{"large":"https:\/\/images.epagine.fr\/255\/9782343099255_1_75.jpg","medium":"https:\/\/images.epagine.fr\/255\/9782343099255_1_m.jpg","thumbnail":"https:\/\/images.epagine.fr\/255\/9782343099255_1_v.jpg"},"orderable":true,"show_badge":true,"formatted_price":"25,50&nbsp;\u20ac","formatted_published_date":"28 septembre 2016","publisher_availability_label":"Sur commande","short_details":"Aur\u00e9lie Javelle \u2014 \u00c9ditions L'Harmattan","translator":null,"weight":290,"page_count":234,"readership":null,"editor":"\u00c9ditions L'Harmattan","price":2550,"published_date":"2016-09-27T22:00:00.000000Z","support":"Grand format","publisher_availability":1,"stock":0,"editions":[],"url":"https:\/\/quaidesbrumes.com\/ouvrage\/9782343099255\/les-relations-homme-nature-dans-la-transition-agroecologique"}]}