{"data":[{"id":"9783838177908","title":"Analyse strat\u00e9gique d'un type de gestion int\u00e9gr\u00e9e de l'eau au Qu\u00e9bec","description":"Le mod\u00e8le traditionnel de protection de l'environnement bas\u00e9 sur la gestion sectorielle est remis en question dans plusieurs pays. La gestion int\u00e9gr\u00e9e, qui laisse une place plus importante \u00e0 la participation des populations et des acteurs locaux, est consid\u00e9r\u00e9e comme le mod\u00e8le id\u00e9al de remplacement. Cependant, les exp\u00e9riences appliqu\u00e9es sont r\u00e9centes au Qu\u00e9bec, ce qui entra\u00eene une pr\u00e9dominance des connaissances th\u00e9oriques sur les connaissances empiriques. Peu de recherches se sont attard\u00e9es \u00e0 \u00e9tudier la mani\u00e8re dont est appliqu\u00e9 le concept th\u00e9orique de la gestion int\u00e9gr\u00e9e de l'eau et les obstacles \u00e0 son application. Cette recherche visait donc \u00e0 am\u00e9liorer les connaissances empiriques de ce mod\u00e8le par l'analyse d'un exp\u00e9rience de gestion int\u00e9gr\u00e9e du fleuve Saint-Laurent, le programme Zones d'intervention prioritaire (ZIP) int\u00e9gr\u00e9 au Plan d'action Saint-Laurent Vision 2000. Cette recherche s'est inspir\u00e9e des principes de l'analyse strat\u00e9gique, m\u00e9thodologie syst\u00e9mique d\u00e9velopp\u00e9e en sociologie des organisations. Les r\u00e9sultats rapportent cinq cat\u00e9gories d'obstacles. Cette \u00e9tude servira aux intervenants tant des milieux universitaires, communautaires que gouvernementaux.","authors":["Priscilla Gareau"],"category_codes":["4000000","4010000","4010200"],"visuals":{"large":"https:\/\/images.epagine.fr\/908\/9783838177908_1_75.jpg","medium":"https:\/\/images.epagine.fr\/908\/9783838177908_1_m.jpg","thumbnail":"https:\/\/images.epagine.fr\/908\/9783838177908_1_v.jpg"},"orderable":true,"show_badge":true,"formatted_price":"79,00&nbsp;\u20ac","formatted_published_date":"3 f\u00e9vrier 2013","publisher_availability_label":"Sur commande","short_details":"Priscilla Gareau \u2014 Presses Academiques Francophones","translator":null,"weight":376,"page_count":252,"readership":null,"editor":"Presses Academiques Francophones","price":7900,"published_date":"2013-02-02T23:00:00.000000Z","support":"Grand format","publisher_availability":1,"stock":0,"editions":[],"url":"https:\/\/quaidesbrumes.com\/ouvrage\/9783838177908\/analyse-strategique-dun-type-de-gestion-integree-de-leau-au-quebec"},{"id":"9783838178585","title":"Bior\u00e9acteur \u00e0 membranes immerg\u00e9es : traitement de la pollution azot\u00e9e","description":"Le surco\u00fbt de fonctionnement d'un BRM immerg\u00e9 a pour origine essentielle la consommation d'\u00e9nergie li\u00e9e principalement au d\u00e9colmatage des membranes par a\u00e9ration. La r\u00e9duction de la demande \u00e9nerg\u00e9tique passe par l'optimisation de l'a\u00e9ration. Il est alors n\u00e9cessaire d'entretenir au sein du r\u00e9acteur une activit\u00e9 biologique \u00e9puratrice n\u00e9cessitant un apport limit\u00e9 en oxyg\u00e8ne tout en engendrant un colmatage r\u00e9duit. L'id\u00e9e est de d\u00e9velopper un BRM en association avec un pr\u00e9traitement physico-chimique dont le r\u00f4le est de retenir une grande partie de la mati\u00e8re organique. Le BRM n'a alors pour r\u00f4le que de traiter les compos\u00e9s azot\u00e9s. La demande en oxyg\u00e8ne sera alors r\u00e9duite du fait de la pr\u00e9dominance des populations autotrophes. Ce travail a donc \u00e9t\u00e9 centr\u00e9 sur les points suivants: (i) d\u00e9termination des performances d'un bior\u00e9acteur \u00e0 membrane autotrophe, (ii) suivi et mod\u00e9lisation des cin\u00e9tiques r\u00e9actionnelles suivant le mod\u00e8le ASM1, (iii) d\u00e9finition de nouveaux outils simples de dimensionnement, notamment les grandeurs r\u00e9actionnelles sp\u00e9cifiques propres aux esp\u00e8ces nitrifiantes comme la vitesse de nitrification exprim\u00e9e \u00e0 travers la biomasse nitrifiante : rSNHmax\/XBA.","authors":["Collectif"],"category_codes":["4000000","4010000","4010200"],"visuals":{"large":"https:\/\/images.epagine.fr\/585\/9783838178585_1_75.jpg","medium":"https:\/\/images.epagine.fr\/585\/9783838178585_1_m.jpg","thumbnail":"https:\/\/images.epagine.fr\/585\/9783838178585_1_v.jpg"},"orderable":true,"show_badge":true,"formatted_price":"59,00&nbsp;\u20ac","formatted_published_date":"25 f\u00e9vrier 2013","publisher_availability_label":"Sur commande","short_details":"Collectif \u2014 Presses Academiques Francophones","translator":null,"weight":296,"page_count":196,"readership":null,"editor":"Presses Academiques Francophones","price":5900,"published_date":"2013-02-24T23:00:00.000000Z","support":"Grand format","publisher_availability":1,"stock":0,"editions":[],"url":"https:\/\/quaidesbrumes.com\/ouvrage\/9783838178585\/bioreacteur-a-membranes-immergees-traitement-de-la-pollution-azotee"},{"id":"9782343073521","title":"Gouvernance et innovations dans le syst\u00e8me \u00e9nerg\u00e9tique ; de nouveaux d\u00e9fis pour les collectivit\u00e9s territoriales","description":"L'objectif de cet ouvrage est de mettre la nouvelle loi sur la transition \u00e9nerg\u00e9tique pour la croissance verte (ao\u00fbt 2015) en perspective en la confrontant aux probl\u00e8mes cruciaux de la politique \u00e9nerg\u00e9tique, notamment dans le secteur de l'\u00e9lectricit\u00e9 : quelles innovations semblent aujourd'hui n\u00e9cessaires et avec quelle viabilit\u00e9 \u00e9conomique ? Le syst\u00e8me \u00e9nerg\u00e9tique peut-il \u00eatre d\u00e9centralis\u00e9 et quels sont les int\u00e9r\u00eats en jeu ? Quel est le r\u00f4le de l'\u00e9tat et la place des citoyens ? Les \u00ab m\u00e9canismes de march\u00e9 \u00bb font-ils un march\u00e9 de l'\u00e9lectricit\u00e9 ?","authors":["Anne-christine Eiller","G\u00e9rard Marcou","Fran\u00e7ois-Mathieu Poupeau","Carine Staropoli"],"category_codes":["4000000","4010000","4010200","4010201"],"visuals":{"large":"https:\/\/images.epagine.fr\/521\/9782343073521_1_75.jpg","medium":"https:\/\/images.epagine.fr\/521\/9782343073521_1_m.jpg","thumbnail":"https:\/\/images.epagine.fr\/521\/9782343073521_1_v.jpg"},"orderable":true,"show_badge":true,"formatted_price":"33,50&nbsp;\u20ac","formatted_published_date":"29 septembre 2015","publisher_availability_label":"Sur commande","short_details":"Anne-christine Eiller, G\u00e9rard Marcou, Fran\u00e7ois-Mathieu Poupeau, Carine Staropoli \u2014 \u00c9ditions L'Harmattan","translator":null,"weight":435,"page_count":302,"readership":null,"editor":"\u00c9ditions L'Harmattan","price":3350,"published_date":"2015-09-28T22:00:00.000000Z","support":"Grand format","publisher_availability":1,"stock":0,"editions":[],"url":"https:\/\/quaidesbrumes.com\/ouvrage\/9782343073521\/gouvernance-et-innovations-dans-le-systeme-energetique-de-nouveaux-defis-pour-les-collectivites-territoriales"},{"id":"9783838179940","title":"Contribution \u00e0 l'\u00e9tude de l'effet mirage","description":"Dans le cadre de mesures dimensionnelle et thermique sur des objets chauds, il a \u00e9t\u00e9 mis en \u00e9vidence l'apparition de perturbations, accentu\u00e9es \u00e0 de hautes temp\u00e9ratures (>800\u00baC). Ces perturbations sont li\u00e9es \u00e0 la pr\u00e9sence d'un fort gradient thermique dans l'air se trouvant autour de l'objet chaud. Ce gradient thermique dans l'air implique un gradient d'indice de r\u00e9fraction, ce qui entra\u00eene alors une d\u00e9viation des rayons lumineux. C'est ce qu'on appelle commun\u00e9ment l'effet mirage. Les r\u00e9solutions des capteurs de cam\u00e9ras devenant de plus en plus grandes, ce ph\u00e9nom\u00e8ne, autrefois ind\u00e9tectable par les cam\u00e9ras, devient tr\u00e8s pr\u00e9occupant et n\u00e9cessite d'\u00eatre pris en compte. Le but de ce travail a donc \u00e9t\u00e9 dans un premier temps d'estimer exp\u00e9rimentalement (d\u00e9veloppement d'une exp\u00e9rience originale) et num\u00e9riquement (m\u00e9thode de lancer de rayons) les erreurs engendr\u00e9es par l'effet mirage sur les mesures de temp\u00e9rature et\/ou dimensionnelles, ceci a \u00e9t\u00e9 r\u00e9alis\u00e9 pour les longueurs d'onde du visible, du proche infrarouge et de l'infrarouge. Dans un second temps, une m\u00e9thode semi-empirique de correction des images est pr\u00e9sent\u00e9e et test\u00e9e, montrant les possibilit\u00e9s de cette m\u00e9thode.","authors":["Anthony Delmas"],"category_codes":["4000000","4010000","4010300"],"visuals":{"large":"https:\/\/images.epagine.fr\/940\/9783838179940_1_75.jpg","medium":"https:\/\/images.epagine.fr\/940\/9783838179940_1_m.jpg","thumbnail":"https:\/\/images.epagine.fr\/940\/9783838179940_1_v.jpg"},"orderable":true,"show_badge":true,"formatted_price":"64,90&nbsp;\u20ac","formatted_published_date":"15 avril 2013","publisher_availability_label":"Sur commande","short_details":"Anthony Delmas \u2014 Presses Academiques Francophones","translator":null,"weight":478,"page_count":324,"readership":null,"editor":"Presses Academiques Francophones","price":6490,"published_date":"2013-04-14T22:00:00.000000Z","support":"Grand format","publisher_availability":1,"stock":0,"editions":[],"url":"https:\/\/quaidesbrumes.com\/ouvrage\/9783838179940\/contribution-a-letude-de-leffet-mirage"},{"id":"9782322040582","title":"Farniente ; vade-mecum d'\u00e9cologie pratique","description":"Le farniente en solitaire sur la plage oc\u00e9ane, un beau jour d'\u00e9t\u00e9, est propice \u00e0 la pratique \u00e9gologique. L'\u00e9gologie (ne pas confondre avec l'\u00e9cologie dont elle est presque l'oppos\u00e9) se concentre sur la relation privil\u00e9gi\u00e9e qu'entretient le sujet singulier non seulement avec sa r\u00e9alit\u00e9 physique mais avec son for int\u00e9rieur, en particulier ce flux de commentaires et r\u00e9flexions, de souvenirs et de pens\u00e9es qui lui passent par la t\u00eate \u00e0 mesure que l'apr\u00e8s-midi s'\u00e9coule   un flux automatique et quasi continu d'images et de mots qu'il s'efforce d'appr\u00e9hender, d'analyser et de mieux contr\u00f4ler... Le farniente estival s'y pr\u00eate. Au contraire, l'in\u00e9luctable rentr\u00e9e et la reprise d'activit\u00e9s socioprofessionnelles en milieu urbain s'opposent \u00e0 une attitude qualifi\u00e9e de  nombriliste  et contraignent l'\u00e9gologiste \u00e0 la suspendre... au moins jusqu'aux prochaines vacances. Tel est en gros le sujet du pr\u00e9sent ouvrage, mi-r\u00e9cit, mi-essai.","authors":["Michel Andr\u00e9"],"category_codes":["4000000","4010000","4010200","4010201"],"visuals":{"large":"https:\/\/images.epagine.fr\/582\/9782322040582_1_75.jpg","medium":"https:\/\/images.epagine.fr\/582\/9782322040582_1_m.jpg","thumbnail":"https:\/\/images.epagine.fr\/582\/9782322040582_1_v.jpg"},"orderable":true,"show_badge":true,"formatted_price":"6,99&nbsp;\u20ac","formatted_published_date":"28 septembre 2015","publisher_availability_label":"Sur commande","short_details":"Michel Andr\u00e9 \u2014 Books on Demand","translator":null,"weight":201,"page_count":164,"readership":null,"editor":"Books on Demand","price":699,"published_date":"2015-09-27T22:00:00.000000Z","support":"Grand format","publisher_availability":1,"stock":0,"editions":[],"url":"https:\/\/quaidesbrumes.com\/ouvrage\/9782322040582\/farniente-vade-mecum-decologie-pratique"},{"id":"9783838189048","title":"Le d\u00e9ploiement des nouvelles \u00e9nergies renouvelables","description":"Ce travail \u00e9tudie l'introduction ainsi que le d\u00e9ploiement de la production d'\u00e9lectricit\u00e9 \u00e0 partir de la bagasse de canne \u00e0 sucre dans le march\u00e9 de l'\u00e9lectricit\u00e9 au Br\u00e9sil. Notre recherche s'int\u00e9resse aux raisons pour lesquelles la production d'\u00e9lectricit\u00e9 \u00e0 partir de cette source connut un faible taux de p\u00e9n\u00e9tration dans le march\u00e9 malgr\u00e9 l'abondance de mati\u00e8re premi\u00e8re disponible et l'adoption de politiques publiques de soutien visant l'expansion des nouvelles \u00e9nergies renouvelables. L'organisation du march\u00e9, le cadre institutionnel formel, les acteurs ainsi que les r\u00e8gles de gouvernance sectorielle (march\u00e9, r\u00e9gulateur, industries du secteur \u00e9lectrique) apparaissent comme des \u00e9l\u00e9ments cl\u00e9s pour comprendre ce probl\u00e8me. Pour effectuer notre recherche, nous r\u00e9alisons une une \u00e9tude diachronique de l'\u00e9volution de la valorisation de la bagasse par le secteur \u00e9lectrique. Pour ce faire nous appuyons essentiellement sur les outils conceptuels de la Nouvelle Economie Institutionnelle.","authors":["Clarice campelo De melo ferraz"],"category_codes":["4000000","4010000","4010200","4010208"],"visuals":{"large":"https:\/\/images.epagine.fr\/048\/9783838189048_1_75.jpg","medium":"https:\/\/images.epagine.fr\/048\/9783838189048_1_m.jpg","thumbnail":"https:\/\/images.epagine.fr\/048\/9783838189048_1_v.jpg"},"orderable":true,"show_badge":true,"formatted_price":"98,00&nbsp;\u20ac","formatted_published_date":"25 juin 2012","publisher_availability_label":"Sur commande","short_details":"Clarice campelo De melo ferraz \u2014 Presses Academiques Francophones","translator":null,"weight":620,"page_count":424,"readership":null,"editor":"Presses Academiques Francophones","price":9800,"published_date":"2012-06-24T22:00:00.000000Z","support":"Grand format","publisher_availability":1,"stock":0,"editions":[],"url":"https:\/\/quaidesbrumes.com\/ouvrage\/9783838189048\/le-deploiement-des-nouvelles-energies-renouvelables"},{"id":"9783838189550","title":"Gestion de d\u00e9chet urbains socialement int\u00e9gr\u00e9e","description":"La gestion des r\u00e9sidus municipaux est encore un d\u00e9fi pour la plupart des villes dans le monde, et pose des probl\u00e8mes li\u00e9s a l'environnement et la sant\u00e9 publique. Le cas des d\u00e9chets urbains au Br\u00e9sil a \u00e9t\u00e9 retenu parce que ce nouveau pays industriel a un fort potentiel d'innovations sociales. Cet ouvrage pr\u00e9sente les r\u00e9sultats des \u00e9tudes m\u00e9n\u00e9es par l'auteur dans sa th\u00e8se de doctorat en 2001. La gestion des d\u00e9chets urbains a \u00e9t\u00e9 evalu\u00e9e \u00e0 partir de l'analyse centr\u00e9e sur les politiques sociales adopt\u00e9es dans quatre villes br\u00e9siliennes, selon les variables: la gestion int\u00e9gr\u00e9e des d\u00e9chets li\u00e9e au social, les programmes de collecte s\u00e9lectives municipales, la destination finale des d\u00e9chets urbains, et l'impact socio-environnemental-sanitaire des d\u00e9chets urbains. On en conclut que la collecte s\u00e9lective au Br\u00e9sil, m\u00eame si elle utilise le m\u00eame discours que celui des pays industrialis\u00e9s, relatif \u00e0 la pr\u00e9servation des ressources naturelles, pr\u00e9sente une tr\u00e8s nette connotation sociale et veut aboutir \u00e0 une gestion des d\u00e9chets socialement int\u00e9gr\u00e9e. En d\u00e9pit d'une d\u00e9cennie les questions soulev\u00e9es sont toujours valables et sont d'inter\u00eat pour les gestionnaires publics et les chercheurs.","authors":["Maria de fatima Nunesmaia"],"category_codes":["4000000","4010000","4010200","4010208"],"visuals":{"large":"https:\/\/images.epagine.fr\/550\/9783838189550_1_75.jpg","medium":"https:\/\/images.epagine.fr\/550\/9783838189550_1_m.jpg","thumbnail":"https:\/\/images.epagine.fr\/550\/9783838189550_1_v.jpg"},"orderable":true,"show_badge":true,"formatted_price":"59,00&nbsp;\u20ac","formatted_published_date":"23 juillet 2012","publisher_availability_label":"Sur commande","short_details":"Maria de fatima Nunesmaia \u2014 Presses Academiques Francophones","translator":null,"weight":256,"page_count":168,"readership":null,"editor":"Presses Academiques Francophones","price":5900,"published_date":"2012-07-22T22:00:00.000000Z","support":"Grand format","publisher_availability":1,"stock":0,"editions":[],"url":"https:\/\/quaidesbrumes.com\/ouvrage\/9783838189550\/gestion-de-dechet-urbains-socialement-integree"},{"id":"9783838189949","title":"Les changements climatiques ; r\u00f4le et contribution de l'arbre \u00e0 l'att\u00e9nuation de ses effets dans les syst\u00e8mes agroforestiers de l'Ouest-Cameroun","description":"Parmi les activit\u00e9s humaines identifi\u00e9es comme \u00e9tant les plus pr\u00e9judiciables au climat, deux types \u00e9mettent plus de dioxyde de carbone (CO2) : la combustion de l'\u00e9nergie fossile (p\u00e9trole, charbon, gaz) et la d\u00e9gradation des for\u00eats (17,4 % de CO2\/an). La conservation et la restauration des for\u00eats pourraient jouer un r\u00f4le important dans l'adoucissement du climat en raison des fortes densit\u00e9s de carbone stock\u00e9es dans leur v\u00e9g\u00e9tation et de leur potentiel \u00e0 absorber le carbone de l'atmosph\u00e8re. En Afrique, les pratiques agroforesti\u00e8res constituent une composante importante de l'utilisation des terres et des syst\u00e8mes de gestion des ressources. Ils repr\u00e9sentent donc une forme possible d'agriculture conciliant production durable et respect de l'environnement. La connaissance du stock de carbone des formations v\u00e9g\u00e9tales est donc n\u00e9cessaire aux chercheurs pour mieux planifier leur utilisation dans les programmes de mitigation des effets du changement climatique. Le pr\u00e9sent manuel donne un aper\u00e7u synth\u00e9tique de l'\u00e9tude de cas des syst\u00e8mes agroforestiers de la M\u00e9noua, Ouest-Cameroun.","authors":["Collectif"],"category_codes":["4000000","4010000","4010200","4010208"],"visuals":{"large":"https:\/\/images.epagine.fr\/949\/9783838189949_1_75.jpg","medium":"https:\/\/images.epagine.fr\/949\/9783838189949_1_m.jpg","thumbnail":"https:\/\/images.epagine.fr\/949\/9783838189949_1_v.jpg"},"orderable":true,"show_badge":true,"formatted_price":"29,00&nbsp;\u20ac","formatted_published_date":"4 juillet 2012","publisher_availability_label":"Sur commande","short_details":"Collectif \u2014 Presses Academiques Francophones","translator":null,"weight":130,"page_count":80,"readership":null,"editor":"Presses Academiques Francophones","price":2900,"published_date":"2012-07-03T22:00:00.000000Z","support":"Grand format","publisher_availability":1,"stock":0,"editions":[],"url":"https:\/\/quaidesbrumes.com\/ouvrage\/9783838189949\/les-changements-climatiques-role-et-contribution-de-larbre-a-lattenuation-de-ses-effets-dans-les-systemes-agroforestiers-de-louest-cameroun"},{"id":"9783841627827","title":"Comportement des pesticides dans l'environnement","description":"L'utilisation intensive des pesticides est toujours en croissance au niveau mondial. Cette pratique entra\u00eene diff\u00e9rentes pollutions des eaux et des sols. Plusieurs facteurs controlent cette contamination: les proprieties physico-chimiques et hydrauliques des sols, les propri\u00e9t\u00e9s du pesticide et le mode d'application. Cependant, la comprehension de comportement et devenir des pesticides dans l'environnement est indispensable afin d'evaluer leurs risques environnementaux apr\u00e8s l'application. Le glyphosate est la matiere active de Roundup, le pesticide le plus utilis\u00e9 au monde. Dans ce travail, nous avons determin\u00e9 les principaux processus et facteurs qui influent sur le devenir du glyphosate dans les sols et le risque de contamination de la ressource en eau. Les caract\u00e9ristiques de son adsorption par les sols ont \u00e9t\u00e9 d\u00e9termin\u00e9es par des exp\u00e9rimentations en batch, tandis que la d\u00e9gradation a \u00e9t\u00e9 suivie en conditions contr\u00f4l\u00e9es et naturelles, ce qui nous a permis d'\u00e9valuer, de plus, le lessivage des ses r\u00e9sidus.","authors":["Abdul jabbar Al-rajab"],"category_codes":["4000000","4010000","4010200","4010208"],"visuals":{"large":"https:\/\/images.epagine.fr\/827\/9783841627827_1_75.jpg","medium":"https:\/\/images.epagine.fr\/827\/9783841627827_1_m.jpg","thumbnail":"https:\/\/images.epagine.fr\/827\/9783841627827_1_v.jpg"},"orderable":true,"show_badge":true,"formatted_price":"51,90&nbsp;\u20ac","formatted_published_date":"24 d\u00e9cembre 2013","publisher_availability_label":"Sur commande","short_details":"Abdul jabbar Al-rajab \u2014 Presses Academiques Francophones","translator":null,"weight":268,"page_count":176,"readership":null,"editor":"Presses Academiques Francophones","price":5190,"published_date":"2013-12-23T23:00:00.000000Z","support":"Grand format","publisher_availability":1,"stock":0,"editions":[],"url":"https:\/\/quaidesbrumes.com\/ouvrage\/9783841627827\/comportement-des-pesticides-dans-lenvironnement"},{"id":"9786131531873","title":"Biosyst\u00e9matique des esp\u00e8ces autchoctones du genre ficus L.(Moraceae) ; identification et classification des figuiers du S\u00e9n\u00e9gal","description":"Le genre Ficus L.(Moraceae)est un des plus importants de la flore tropicale par le nombre d'esp\u00e8ces. Il constitue le genre ligneux le plus diversifi\u00e9 de la flore du S\u00e9n\u00e9gal avec plus de 30 esp\u00e8ces. Les \u00e9tudes ant\u00e9rieures ont montr\u00e9. L'importance des caract\u00e8res des feuilles et des figues dans la caract\u00e9risation des diff\u00e9rentes esp\u00e8ces. Mais elles se sont r\u00e9v\u00e9l\u00e9es jusqu'ici insuffisantes pour une diff\u00e9renciation des esp\u00e8ces. Cette \u00e9tude a \u00e9t\u00e9 entreprise pour rechercher dans l'\u00e9tude des caract\u00e8res morphologiques, anatomiques chorologiques, \u00e9cologiques, ethnobotaniques et biochimiques, des descripteurs nouveaux permettant d'am\u00e9liorer l'identification des esp\u00e8ces \u00e9tudi\u00e9es et de ressortir leurs affinit\u00e9s. L'\u00e9tude porte sur 24 taxons dont deux non encore r\u00e9pertori\u00e9s dans les Flores du S\u00e9n\u00e9gal. Elle a permis de pr\u00e9ciser les caract\u00e8res les plus pertinents pour identifier les esp\u00e8ces du genre Ficus et de proposer des cl\u00e9s de d\u00e9termination. L'analyse factorielle des caract\u00e8res \u00e9tudi\u00e9s a permis la s\u00e9paration des esp\u00e8ces de savanes des esp\u00e8ces de for\u00eats, et de confirmer l'importance des caract\u00e8res morphologiques et anatomiques dans la d\u00e9termination des esp\u00e8ces du genre Ficus L.","authors":["Daouda Diop"],"category_codes":["4000000","4010000","4010400","4010406"],"visuals":{"large":"https:\/\/images.epagine.fr\/873\/9786131531873_1_75.jpg","medium":"https:\/\/images.epagine.fr\/873\/9786131531873_1_m.jpg","thumbnail":"https:\/\/images.epagine.fr\/873\/9786131531873_1_v.jpg"},"orderable":true,"show_badge":true,"formatted_price":"59,00&nbsp;\u20ac","formatted_published_date":"9 septembre 2010","publisher_availability_label":"Sur commande","short_details":"Daouda Diop \u2014 Editions Universitaires Europeennes","translator":null,"weight":279,"page_count":184,"readership":null,"editor":"Editions Universitaires Europeennes","price":5900,"published_date":"2010-09-08T22:00:00.000000Z","support":"Grand format","publisher_availability":1,"stock":0,"editions":[],"url":"https:\/\/quaidesbrumes.com\/ouvrage\/9786131531873\/biosystematique-des-especes-autchoctones-du-genre-ficus-lmoraceae-identification-et-classification-des-figuiers-du-senegal"},{"id":"9783838172033","title":"Bivalves de la M\u00e9diterran\u00e9e Nord Est du Maroc","description":"Ce travail est une contribution \u00e0 la connaissance de la faune malacologique des zones c\u00f4ti\u00e8res de la M\u00e9diterran\u00e9e marocaine. Il pr\u00e9sente la diversit\u00e9 biologique des Mollusques Bivalves depuis l'Oued Kiss \u00e0 la plage de Saidia jusqu'\u00e0 la plage Sfiha d'Al Hoceima. Les diff\u00e9rentes r\u00e9coltes au niveau des plages et des s\u00e9diments marins, effectu\u00e9es sur plus de 4 ans depuis 2008 ont permis d'\u00e9tablir la r\u00e9partition des esp\u00e8ces des Bivalves. Cette zone d'\u00e9tude repr\u00e9sente un int\u00e9r\u00eat pour les diff\u00e9rents taxons des Mollusques Bivalves. Elle nous a permis de d\u00e9couvrir les esp\u00e8ces reliques, menac\u00e9es et rares.","authors":["Collectif"],"category_codes":["4000000","4010000","4010200","4010204"],"visuals":{"large":"https:\/\/images.epagine.fr\/033\/9783838172033_1_75.jpg","medium":"https:\/\/images.epagine.fr\/033\/9783838172033_1_m.jpg","thumbnail":"https:\/\/images.epagine.fr\/033\/9783838172033_1_v.jpg"},"orderable":true,"show_badge":true,"formatted_price":"29,00&nbsp;\u20ac","formatted_published_date":"16 ao\u00fbt 2012","publisher_availability_label":"Sur commande","short_details":"Collectif \u2014 Presses Academiques Francophones","translator":null,"weight":103,"page_count":60,"readership":null,"editor":"Presses Academiques Francophones","price":2900,"published_date":"2012-08-15T22:00:00.000000Z","support":"Grand format","publisher_availability":1,"stock":0,"editions":[],"url":"https:\/\/quaidesbrumes.com\/ouvrage\/9783838172033\/bivalves-de-la-mediterranee-nord-est-du-maroc"},{"id":"9783838172118","title":"R\u00e9habilitation d'une d\u00e9charge sauvage","description":"L'objet de ce travail consiste \u00e0 faire une \u00e9tude sur le projet de r\u00e9habilitation et de fermeture de la d\u00e9charge sauvage de Mohammedia dont la situation est devenue pr\u00e9occupante, du fait que, d'un c\u00f4t\u00e9, elle ne peut plus recevoir de d\u00e9chets m\u00e9nagers et assimil\u00e9s, et d'un autre c\u00f4t\u00e9, elle pr\u00e9sente des impacts n\u00e9gatifs sur l'environnement. Pour att\u00e9nuer et r\u00e9duire au maximum les impacts sur l'environnement, nous avons propos\u00e9 de mettre en oeuvre un ensemble d'ouvrages et de dispositifs qui permettront la bonne isolation des d\u00e9chets et la bonne collection de biogaz et du lixiviat, et qui assureront la stabilit\u00e9 du massif de d\u00e9chets \u00e0 savoir la digue p\u00e9riph\u00e9rique, la couverture , la conduite de collecte du lixiviat, les foss\u00e9s de collecte des eaux de ruissellement et les drains verticaux. L'analyse de la stabilit\u00e9 du massif des d\u00e9chets par Talren 4, apr\u00e8s r\u00e9habilitation, a d\u00e9montr\u00e9 que le massif est stable dans le cas o\u00f9 on utilise les g\u00e9osynth\u00e9tiques, en absence de la nappe de lixiviat.","authors":["Ilyass Mimis"],"category_codes":["4000000","4010000","4010200","4010204"],"visuals":{"large":"https:\/\/images.epagine.fr\/118\/9783838172118_1_75.jpg","medium":"https:\/\/images.epagine.fr\/118\/9783838172118_1_m.jpg","thumbnail":"https:\/\/images.epagine.fr\/118\/9783838172118_1_v.jpg"},"orderable":true,"show_badge":true,"formatted_price":"59,90&nbsp;\u20ac","formatted_published_date":"25 mars 2014","publisher_availability_label":"Sur commande","short_details":"Ilyass Mimis \u2014 Presses Academiques Francophones","translator":null,"weight":182,"page_count":116,"readership":null,"editor":"Presses Academiques Francophones","price":5990,"published_date":"2014-03-24T23:00:00.000000Z","support":"Grand format","publisher_availability":1,"stock":0,"editions":[],"url":"https:\/\/quaidesbrumes.com\/ouvrage\/9783838172118\/rehabilitation-dune-decharge-sauvage"},{"id":"9783838172132","title":"Mod\u00e9lisation des jets flottants turbulents dans un milieu marin","description":"Ce travail est une contribution \u00e0 l'\u00e9tude du comportement d'un jet flottant horizontal, repr\u00e9sentatif de la dispersion des rejets dans un milieu marin. Il consiste \u00e0 mod\u00e9liser ce type d'\u00e9coulement par une approche math\u00e9matique bas\u00e9e la m\u00e9thode des volumes finis, \u00e0 valider exp\u00e9rimentalement le mod\u00e8le par des mesures \u00e0 \u00e9chelle r\u00e9duite, et, enfin, \u00e0 simuler le processus sur un cas r\u00e9el. On commence par l'\u00e9tude d'un jet flottant turbulent, inject\u00e9 horizontalement dans un milieu statique et homog\u00e8ne. Il s'agit d'un jet de m\u00e9lange air-h\u00e9lium dans l'air. En travaillant en adimensionnel, les probl\u00e8mes des jets de gaz sont similaires \u00e0 ceux des rejets des eaux us\u00e9es via les \u00e9missaires marins. Pour valider le mod\u00e8le num\u00e9rique adopt\u00e9, on a mod\u00e9lis\u00e9, en 2D et en 3D, \u00e0 grande \u00e9chelle un processus c\u00f4tier de dispersion de rejets en surface libre. Ceci concerne, plus pr\u00e9cis\u00e9ment, la dispersion des rejets dans un milieu marin en pr\u00e9sence d'\u00e9coulements transversaux avec, comme application, la pollution au sein de la baie de Tanger (Maroc). On a \u00e9tudi\u00e9 en particulier le processus d'interaction des rejets des oueds d\u00e9bouchant dans la baie en incluant l'effet des courants marins et de la bathym\u00e9trie.","authors":["Aicha Belcaid"],"category_codes":["4000000","4010000","4010300","4010304"],"visuals":{"large":"https:\/\/images.epagine.fr\/132\/9783838172132_1_75.jpg","medium":"https:\/\/images.epagine.fr\/132\/9783838172132_1_m.jpg","thumbnail":"https:\/\/images.epagine.fr\/132\/9783838172132_1_v.jpg"},"orderable":true,"show_badge":true,"formatted_price":"59,90&nbsp;\u20ac","formatted_published_date":"19 f\u00e9vrier 2014","publisher_availability_label":"Sur commande","short_details":"Aicha Belcaid \u2014 Presses Academiques Francophones","translator":null,"weight":194,"page_count":124,"readership":null,"editor":"Presses Academiques Francophones","price":5990,"published_date":"2014-02-18T23:00:00.000000Z","support":"Grand format","publisher_availability":1,"stock":0,"editions":[],"url":"https:\/\/quaidesbrumes.com\/ouvrage\/9783838172132\/modelisation-des-jets-flottants-turbulents-dans-un-milieu-marin"},{"id":"9783838178738","title":"Gestion de l'eau d'irrigation au Sud Atlas du Maroc","description":"Le niveau d'abondance de l'eau dans une r\u00e9gion comme celle du bassin versant de Draa est l'un des facteurs principaux de d\u00e9veloppement socio-\u00e9conomique soutenable, notamment que la r\u00e9gion se caract\u00e9rise par une majorit\u00e9 de la population rurale et par des conditions bioclimatiques difficiles. Ce travail propose alors une r\u00e9flexion sur les perspectives de ce d\u00e9veloppement \u00e0 travers le mode de gestion de l'irrigation, puisqu'elle est consid\u00e9r\u00e9e comme le premier secteur consommateur d'eau, r\u00e9gulateur d'un \u00e9quilibre naturel oasien existant depuis des si\u00e8cles, ainsi responsable d'une certaine organisation sociale et \u00e9conomique dans la r\u00e9gion du bassin versant de Draa. En effet, l'irrigation repr\u00e9sente l'essence m\u00eame de subsistance des espaces oasiens, de sa population ainsi que de sa communaut\u00e9 rurale depuis plusieurs si\u00e8cles: Elle est aujourd'hui confront\u00e9e \u00e0 une rude concurrence puisque non seulement on constate l'inefficacit\u00e9 des syst\u00e8mes de gestion de l'eau traditionnels, mais aussi le d\u00e9veloppement croissant des secteurs concurrents comme le tourisme change compl\u00e8tement la coh\u00e9rence des politiques de distribution de l'eau ainsi du d\u00e9veloppement dans cette r\u00e9gion du Maroc.","authors":["Fatine Slaoui"],"category_codes":["4000000","4010000","4010200"],"visuals":{"large":"https:\/\/images.epagine.fr\/738\/9783838178738_1_75.jpg","medium":"https:\/\/images.epagine.fr\/738\/9783838178738_1_m.jpg","thumbnail":"https:\/\/images.epagine.fr\/738\/9783838178738_1_v.jpg"},"orderable":true,"show_badge":true,"formatted_price":"45,90&nbsp;\u20ac","formatted_published_date":"31 juillet 2013","publisher_availability_label":"Sur commande","short_details":"Fatine Slaoui \u2014 Presses Academiques Francophones","translator":null,"weight":108,"page_count":64,"readership":null,"editor":"Presses Academiques Francophones","price":4590,"published_date":"2013-07-30T22:00:00.000000Z","support":"Grand format","publisher_availability":1,"stock":0,"editions":[],"url":"https:\/\/quaidesbrumes.com\/ouvrage\/9783838178738\/gestion-de-leau-dirrigation-au-sud-atlas-du-maroc"},{"id":"9783838188478","title":"Les prot\u00e9ines extracelluaires produites par streptomyces scabiei","description":"La pomme de terre est la quatri\u00e8me culture vivri\u00e8re dans le monde, apr\u00e8s le ma\u00efs, le bl\u00e9 et le riz. Elle participe \u00e0 la s\u00e9curit\u00e9 alimentaire mondiale. La gale commune de la pomme de terre s'agit d'une maladie tr\u00e8s r\u00e9pondue dans toutes les r\u00e9gions productrices de cette culture. Elle se pr\u00e9sente sous forme de l\u00e9sions li\u00e9geuses superficiels sur les tubercules, ce qui cause des pertes \u00e9conomiques importantes. Le Streptomyces scabiei, principal agent pathog\u00e8ne de cette maladie, entre en contact avec la portion externe du tubercule, le p\u00e9riderme. Ce dernier est essentiellement compos\u00e9 de sub\u00e9rine. Malgr\u00e9 que la tubercule de la pomme de terre est enrob\u00e9e par cette couche protectrice, la bact\u00e9rie est trouve les moyens pour l'infecter. Le pr\u00e9sent travail porte sur l'identification des enzymes hydrolytiques produites en pr\u00e9sence de sub\u00e9rine et pouvant \u00eatre impliqu\u00e9es dans la d\u00e9gradation de de cette substance. M\u00eame si les processus li\u00e9s \u00e0 la d\u00e9gradation enzymatique de la sub\u00e9rine demeurent en grande partie inconnus, ce travail \u00e9tudie profond\u00e9ment la d\u00e9gradation de la sub\u00e9rine ainsi que pour d\u00e9terminer le r\u00f4le des enzymes identifi\u00e9es dans l'interaction entre le pathog\u00e8ne et son h\u00f4te.","authors":["Doaa Komeil"],"category_codes":["4000000","4010000","4010400"],"visuals":{"large":"https:\/\/images.epagine.fr\/478\/9783838188478_1_75.jpg","medium":"https:\/\/images.epagine.fr\/478\/9783838188478_1_m.jpg","thumbnail":"https:\/\/images.epagine.fr\/478\/9783838188478_1_v.jpg"},"orderable":true,"show_badge":true,"formatted_price":"79,90&nbsp;\u20ac","formatted_published_date":"12 mars 2014","publisher_availability_label":"Sur commande","short_details":"Doaa Komeil \u2014 Presses Academiques Francophones","translator":null,"weight":250,"page_count":164,"readership":null,"editor":"Presses Academiques Francophones","price":7990,"published_date":"2014-03-11T23:00:00.000000Z","support":"Grand format","publisher_availability":1,"stock":0,"editions":[],"url":"https:\/\/quaidesbrumes.com\/ouvrage\/9783838188478\/les-proteines-extracelluaires-produites-par-streptomyces-scabiei"},{"id":"9783841623393","title":"Apports de la t\u00e9l\u00e9d\u00e9tection spatiale et des sig \u00e0 l'\u00e9tude des lagunes","description":"Les \u00e9cosyst\u00e8mes littoraux lagunaires constituent des zones \u00e0 double int\u00e9r\u00eat : scientifique, se sont des syst\u00e8mes \u00e0 \u00e9volution rapide et complexe, de fait de leur situation \u00e0 l'interface Terre-Mer, et socio\u00e9conomique (aquaculture, tourisme, etc). La t\u00e9l\u00e9d\u00e9tection spatiale et les Syst\u00e8mes d'Information G\u00e9ographique SIG sont des outils de base de la cartographie et du suivi de l'\u00e9volution du littoral des \u00e9cosyst\u00e8mes c\u00f4tiers. Dans le pr\u00e9sent travail deux sites lagunaires ont \u00e9t\u00e9 choisis : la lagune de Moulay Bousselham (le littoral atlantique) et la lagune de Nador (la mer m\u00e9diterran\u00e9enne). Les donn\u00e9es satellitaires de haute r\u00e9solution (SPOT et Landsat) ont \u00e9t\u00e9 utilis\u00e9es pour prospecter les zones potentiellement aquacoles.Elles pr\u00e9sentent aussi un outil d'observation qui pourrait am\u00e9liorer la connaissance de la variabilit\u00e9 spatio-temporelle de la g\u00e9omorphologie de deux lagunes qui sont des milieux tr\u00e8s fluctuant et fragiles. Les r\u00e9sultats obtenus pour les deux sites dont les ressources halieutiques sont exploit\u00e9es constitueront une base de donn\u00e9es pour une gestion raisonn\u00e9e de ces \u00e9cosyst\u00e8mes c\u00f4tiers dans une perspective de d\u00e9veloppement durable.","authors":["Mina Rahouti"],"category_codes":["4000000","4010000","4010200","4010204"],"visuals":{"large":"https:\/\/images.epagine.fr\/393\/9783841623393_1_75.jpg","medium":"https:\/\/images.epagine.fr\/393\/9783841623393_1_m.jpg","thumbnail":"https:\/\/images.epagine.fr\/393\/9783841623393_1_v.jpg"},"orderable":true,"show_badge":true,"formatted_price":"89,90&nbsp;\u20ac","formatted_published_date":"16 f\u00e9vrier 2014","publisher_availability_label":"Sur commande","short_details":"Mina Rahouti \u2014 Presses Academiques Francophones","translator":null,"weight":325,"page_count":216,"readership":null,"editor":"Presses Academiques Francophones","price":8990,"published_date":"2014-02-15T23:00:00.000000Z","support":"Grand format","publisher_availability":1,"stock":0,"editions":[],"url":"https:\/\/quaidesbrumes.com\/ouvrage\/9783841623393\/apports-de-la-teledetection-spatiale-et-des-sig-a-letude-des-lagunes"},{"id":"9782365120821","title":"Transition \u00e9nerg\u00e9tique et changement de soci\u00e9t\u00e9","description":"La transition \u00e9nerg\u00e9tique, question majeure et urgente s'il en est, est au carrefour de multiples enjeux. Tout d'abord celui du change- ment climatique, que ce livre pr\u00e9sente sous un jour nouveau, d\u00e9gag\u00e9 des filtres politiques et m\u00e9diatiques, mais aussi ceux des droits sociaux, des conflits g\u00e9opolitiques ou encore de la souverainet\u00e9 \u00e9nerg\u00e9tique, et enfin celui de la d\u00e9mocratie, pivot de cet ouvrage.\r\nAu del\u00e0 de la seule transition \u00e9nerg\u00e9tique, les auteurs saisissent l'occasion pour aborder par une entr\u00e9e concr\u00e8te et avec pragmatisme une conception des rapports humains, de la soci\u00e9t\u00e9, de l'Europe et de l'humanit\u00e9 qui est en rupture avec le mod\u00e8le du capitalisme n\u00e9o- lib\u00e9ral et avec une s\u00e9rie d'archa\u00efsmes, tels que celui du r\u00f4le actuel des \u00c9tats et de l'Europe, qui font obstacle \u00e0 une r\u00e9ponse efficace aux d\u00e9fis du vingt-et-uni\u00e8me si\u00e8cle.\r\nPlong\u00e9e dans la complexit\u00e9 d'une mutation chaotique, l'humanit\u00e9 fourmille d'exp\u00e9riences porteuses d'espoirs, ferments d'une nou- velle \u00e8re historique.","authors":["Marc Delepouve"],"category_codes":["4000000","4010000","4010200"],"visuals":{"large":"https:\/\/images.epagine.fr\/821\/9782365120821_1_75.jpg","medium":"https:\/\/images.epagine.fr\/821\/9782365120821_1_m.jpg","thumbnail":"https:\/\/images.epagine.fr\/821\/9782365120821_1_v.jpg"},"orderable":true,"show_badge":true,"formatted_price":"10,00&nbsp;\u20ac","formatted_published_date":"1er avril 2016","publisher_availability_label":"Sur commande","short_details":"Marc Delepouve \u2014 Croquant","translator":null,"weight":120,"page_count":138,"readership":null,"editor":"Croquant","price":1000,"published_date":"2016-03-31T22:00:00.000000Z","support":"Grand format","publisher_availability":1,"stock":0,"editions":[],"url":"https:\/\/quaidesbrumes.com\/ouvrage\/9782365120821\/transition-energetique-et-changement-de-societe"},{"id":"9782874897412","title":"Congo. people & forests","description":"The countries of the Congolese basin still have the last great tropical forest carbon sink on our planet; indigenous and Bantu peoples have lived there for centuries.\r\nThis book, a testament of forty years of discovery paths in Congo-Zaire, is dedicated to them...\r\nLet us go back to the source before the future gets darker; before consumerist extractions take control of the last islets of intact nature on the planet; before the last native peoples of the \u00abuprooted\u00bb category disperse throughout our world.\r\nWithout foresight on a large-scale, the second half of the 21st century will see the great dispersion of hundreds of millions of climate refugees, mainly from Africa, who will first go to Europe.\r\nI will take you to meet them... \r\nKaribu! You are welcome to the village.\r\nDevoid of comfort and permeated by sobriety, their way of life  will surprise you...\r\nYour phones and laptops will be of no use to you... \r\nCome in light apparel...\r\nHere, no air-conditioning, no fridge or freezer, we will unpack the chikwangas from their marantaceae, we will taste the liboke with its spicy fragrance, We will chat outside by the fire, intoxicated by palm wine or lutuku, perhaps even dancing to the rhythm of the tom-toms.\r\nAt night, we will sleep on a mat and, because the forest always calls for rain, the storm will rumble, the branches will crack, the rain will whip the palm thatched roofs tracing their way through the imperfect joints of the makeshift house.\r\nThe dark and silent night will close with the freshness of the poured rain.\r\nAnd the smell of wet earth, and decaying leaves.\r\nA distant pre-dawn tom-tom will punctuate the waking of the village.\r\nTurn the page...","authors":["Alain Huart"],"category_codes":["4000000","4010000"],"visuals":{"large":"https:\/\/images.epagine.fr\/412\/9782874897412_1_75.jpg","medium":"https:\/\/images.epagine.fr\/412\/9782874897412_1_m.jpg","thumbnail":"https:\/\/images.epagine.fr\/412\/9782874897412_1_v.jpg"},"orderable":true,"show_badge":true,"formatted_price":"40,00&nbsp;\u20ac","formatted_published_date":"9 f\u00e9vrier 2023","publisher_availability_label":"Sur commande","short_details":"Alain Huart \u2014 Weyrich","translator":null,"weight":2000,"page_count":232,"readership":null,"editor":"Weyrich","price":4000,"published_date":"2023-02-08T23:00:00.000000Z","support":"Grand format","publisher_availability":1,"stock":0,"editions":[],"url":"https:\/\/quaidesbrumes.com\/ouvrage\/9782874897412\/congo-people-forests"},{"id":"9782366621372","title":"Invasive Alien Species in Seychelles ; why and how to eliminate them? identification and management of priority species","description":"Apr\u00e8s une pr\u00e9sentation g\u00e9n\u00e9rale des probl\u00e8mes que posent les esp\u00e8ces envahissantes, en particulier sur les \u00eeles oc\u00e9aniques, et des solutions de gestion, cet ouvrage d\u00e9crit en d\u00e9tail une s\u00e9lection d'esp\u00e8ces de faune et de flore particuli\u00e8rement probl\u00e9matiques aux Seychelles.\r\nDes m\u00e9thodes d'\u00e9radication sont d\u00e9crites et des cas concrets de lutte sont pr\u00e9sent\u00e9s.\r\nDe nombreuses photos illustrent les esp\u00e8ces ainsi que les m\u00e9thodes de lutte et de contr\u00f4le.","authors":["Elvina Henriette","G\u00e9rard Rocamora"],"category_codes":["4000000","4010000","4010300"],"visuals":{"large":"https:\/\/images.epagine.fr\/372\/9782366621372_1_75.jpg","medium":"https:\/\/images.epagine.fr\/372\/9782366621372_1_m.jpg","thumbnail":"https:\/\/images.epagine.fr\/372\/9782366621372_1_v.jpg"},"orderable":true,"show_badge":true,"formatted_price":"35,00&nbsp;\u20ac","formatted_published_date":"24 d\u00e9cembre 2015","publisher_availability_label":"Sur commande","short_details":"Elvina Henriette, G\u00e9rard Rocamora \u2014 BIOTOPE","translator":null,"weight":914,"page_count":384,"readership":null,"editor":"BIOTOPE","price":3500,"published_date":"2015-12-23T23:00:00.000000Z","support":"Grand format","publisher_availability":1,"stock":0,"editions":["9782856537800"],"url":"https:\/\/quaidesbrumes.com\/ouvrage\/9782366621372\/invasive-alien-species-in-seychelles-why-and-how-to-eliminate-them-identification-and-management-of-priority-species"},{"id":"9782880531133","title":"Hold-up sur le climat","description":"En 2012, GRAIN publiait Hold-up sur l'alimentation. Nous avons pens\u00e9 qu'il \u00e9tait temps de faire une suite.\r\nCes 25 derni\u00e8res ann\u00e9es, GRAIN a travaill\u00e9 avec les mouvements sociaux et les organisations de par le monde pour d\u00e9fendre les cultures et syst\u00e8mes locaux alimentaires devant l'avanc\u00e9e de l'agriculture industrielle. Notre travail consiste aussi \u00e0 relier ces analyses aux enjeux plus grands qui affectent la plan\u00e8te et \u00e0 connecter les luttes des peuples dans le cadre du syst\u00e8me alimentaire \u00e0 celles qui prennent place dans d'autres domaines. Le changement climatique en est un exemple important. Ce livre explique comment le syst\u00e8me agro-industriel est un des responsables majeurs du changement climatique et pour quelles raisons et comment la souverainet\u00e9 alimentaire est essentielle \u00e0 prendre en compte dans toute solution p\u00e9renne et juste. Il est plus que jamais temps pour les peuples d'agir par eux-m\u00eames, alors que les gouvernements, particuli\u00e8rement ceux qui sont \u00e0 la t\u00eate des pays qui ont le plus pollu\u00e9, refusent de prendre leur responsabilit\u00e9 pour g\u00e9rer ce probl\u00e8me. Changer le syst\u00e8me alimentaire est certainement le meilleur endroit par o\u00f9 commencer.\r\nCe livre vous montre comment.","authors":["Collectif"],"category_codes":["4000000","4010000","4010200","4010208"],"visuals":{"large":"https:\/\/images.epagine.fr\/133\/9782880531133_1_75.jpg","medium":"https:\/\/images.epagine.fr\/133\/9782880531133_1_m.jpg","thumbnail":"https:\/\/images.epagine.fr\/133\/9782880531133_1_v.jpg"},"orderable":true,"show_badge":true,"formatted_price":"10,00&nbsp;\u20ac","formatted_published_date":"22 janvier 2016","publisher_availability_label":"Sur commande","short_details":"Collectif \u2014 Cetim Ch","translator":null,"weight":403,"page_count":244,"readership":null,"editor":"Cetim Ch","price":1000,"published_date":"2016-01-21T23:00:00.000000Z","support":"Grand format","publisher_availability":1,"stock":0,"editions":[],"url":"https:\/\/quaidesbrumes.com\/ouvrage\/9782880531133\/hold-up-sur-le-climat"},{"id":"9789992068212","title":"Minakata Kumagusu ; l'\u00e9mergence d'une pens\u00e9e \u00e9cologique entre Orient et Occident","description":"Minakata entrevoit l'id\u00e9e d'une universalit\u00e9, pose les fondements d'une pens\u00e9e \u00e9cologique bien au-del\u00e0 d'une simple \"protection de la nature pour la nature\" mais d'une v\u00e9ritable \u00ab \u00e9cologie sociale \u00bb et \u00ab spirituelle \u00bb. Sa qu\u00eate d'une synth\u00e8se entre science occidentale et pens\u00e9e orientale s'inscrit dans cette p\u00e9riode de fortes transformations politiques, sociales et industrielles qui marquent l'\u00e8re Meiji. Son champ d'\u00e9tude, qui s'\u00e9tend du comportement des myxomyc\u00e8tes \u00e0 l'\u00e9tude du folklore comparatif entre nations. Derri\u00e8re la personnalit\u00e9 excentrique de Minakata se dissimule un encyclop\u00e9diste dont les r\u00e9flexions sont tr\u00e8s en avance sur son temps.","authors":["Satoshi Ohara","Jean-christophe Valmalette"],"category_codes":["4000000","4010000","4010200","4010204"],"visuals":{"large":"https:\/\/images.epagine.fr\/212\/9789992068212_1_75.jpg","medium":"https:\/\/images.epagine.fr\/212\/9789992068212_1_m.jpg","thumbnail":"https:\/\/images.epagine.fr\/212\/9789992068212_1_v.jpg"},"orderable":true,"show_badge":true,"formatted_price":"23,50&nbsp;\u20ac","formatted_published_date":"8 mars 2016","publisher_availability_label":"Sur commande","short_details":"Satoshi Ohara, Jean-christophe Valmalette \u2014 ANIMAVIVA MULTILINGUE","translator":null,"weight":225,"page_count":168,"readership":null,"editor":"ANIMAVIVA MULTILINGUE","price":2350,"published_date":"2016-03-07T23:00:00.000000Z","support":"Grand format","publisher_availability":1,"stock":0,"editions":[],"url":"https:\/\/quaidesbrumes.com\/ouvrage\/9789992068212\/minakata-kumagusu-lemergence-dune-pensee-ecologique-entre-orient-et-occident"},{"id":"9782012783911","title":"Collection pr\u00e9cieuse et enlumin\u00e9e des fleurs les plus belles et plus curieuses de Chine et Europe","description":"Ce tr\u00e8s bel album pr\u00e9sente une s\u00e9lection de fleurs parmi \u00ab les plus belles et les plus curieuses qui se cultivent tant dans les jardins de la Chine que dans ceux de l'Europe \u00bb. Les quatre-vingt-dix-huit planches toutes en couleurs vous permettront ainsi de d\u00e9couvrir une collection, r\u00e9alis\u00e9e \u00e0 la mani\u00e8re d'un cabinet de curiosit\u00e9s, par un passionn\u00e9 de sciences naturelles. L'oeuvre de Pierre-Joseph Buc'hoz (1731-1807), m\u00e9decin du prince Stanislas Leszczynski et agr\u00e9g\u00e9 de botanique, illustre la soif de connaissances et le d\u00e9veloppement de la curiosit\u00e9 et de la vulgarisation scientifique au si\u00e8cle des Lumi\u00e8res. Auteur de plusieurs centaines de travaux document\u00e9s et richement illustr\u00e9s, il s'est essay\u00e9 \u00e0 presque toutes les disciplines scientifiques connues \u00e0 son \u00e9poque : la zoologie, la botanique, la min\u00e9ralogie et l'hydrologie. http:\/\/gallica.bnf.fr\/ark:\/12148\/bpt6k1054524x","authors":["Buc'Hoz-Pj"],"category_codes":["4000000","4010000","4010400","4010405"],"visuals":{"large":"https:\/\/images.epagine.fr\/911\/9782012783911_1_75.jpg","medium":"https:\/\/images.epagine.fr\/911\/9782012783911_1_m.jpg","thumbnail":"https:\/\/images.epagine.fr\/911\/9782012783911_1_v.jpg"},"orderable":true,"show_badge":true,"formatted_price":"41,90&nbsp;\u20ac","formatted_published_date":"1er f\u00e9vrier 2016","publisher_availability_label":"Sur commande","short_details":"Buc'Hoz-Pj \u2014 Hachette BNF","translator":null,"weight":662,"page_count":208,"readership":null,"editor":"Hachette BNF","price":4190,"published_date":"2016-01-31T23:00:00.000000Z","support":"Beaux-livres","publisher_availability":1,"stock":0,"editions":[],"url":"https:\/\/quaidesbrumes.com\/ouvrage\/9782012783911\/collection-precieuse-et-enluminee-des-fleurs-les-plus-belles-et-plus-curieuses-de-chine-et-europe"},{"id":"9781849909655","title":"ONE PLANET","description":"10 years on from the first, groundbreaking, Planet Earth, we use the most incredible advances in technology and scientific discovery to bring you the most exciting and immersive picture of our world's wildlife yet. \r\n\r\nWith over 250 breathtaking photographs and stills from the BBC Natural History Unit's spectacular footage, this is an extraordinary new look at the complex life of some of the most amazing places on Planet Earth. \r\n\r\nEach chapter reveals an environment - some never-before-seen, some astonishingly familiar - defined by a unique set of rules required for survival. From the most desolate desert to the depths of the jungle, from blistering heat and freezing cold to perpetual darkness and deadly UV, discover how a whole host of creatures have adapted to life in the most extreme conditions. And how they compete with one another to become the largest, the fastest, the most poisonous, or most devious - all in a bid to survive. \r\n\r\nPlanet Earth II includes the first in-depth look at the urban environment, and the surprising range of behaviours occurring right under our noses, as well as some previously untouched island worlds. Filmed with remarkable 5k and infra-red technology, these are the challenges, the confrontations, and the triumphs of some of the most extraordinary creatures in the natural world, told from their perspective. \r\n\r\nThis is our planet, as you have never seen it before.","authors":["Stephen Moss"],"category_codes":["4000000","4010000","4010300"],"visuals":{"large":"https:\/\/images.epagine.fr\/655\/9781849909655_1_75.jpg","medium":"https:\/\/images.epagine.fr\/655\/9781849909655_1_m.jpg","thumbnail":"https:\/\/images.epagine.fr\/655\/9781849909655_1_v.jpg"},"orderable":true,"show_badge":true,"formatted_price":"47,30&nbsp;\u20ac","formatted_published_date":"6 octobre 2016","publisher_availability_label":"Sur commande","short_details":"Stephen Moss \u2014 BBC BOOKS","translator":null,"weight":1622,"page_count":312,"readership":null,"editor":"BBC BOOKS","price":4730,"published_date":"2016-10-05T22:00:00.000000Z","support":"Grand format","publisher_availability":1,"stock":0,"editions":[],"url":"https:\/\/quaidesbrumes.com\/ouvrage\/9781849909655\/one-planet"},{"id":"9782271089328","title":"Les guerres du climat ; contre-enqu\u00eate sur un mythe moderne","description":"Depuis une dizaine d'ann\u00e9es, les cons\u00e9quences s\u00e9curitaires et politiques du changement climatique sont devenues un sujet de pr\u00e9occupation. On parle de \"guerres climatiques\". On explique la r\u00e9volution puis la guerre civile syrienne par des ann\u00e9es de s\u00e9cheresse. On imagine l'effondrement d'Etats, des d\u00e9placements de millions de r\u00e9fugi\u00e9s climatiques, la multiplication des conflits de grande ampleur, un monde sombrant possiblement dans le chaos.\r\nCes craintes sont-elles, r\u00e9ellement et scientifiquement, fond\u00e9es ? Point par point, Bruno Tertrais revient sur cette question essentielle. Point par point, et de mani\u00e8re extr\u00eamement document\u00e9e, il montre que, si le changement climatique actuel est porteur d'incertitudes pour l'avenir, il s'agit, pr\u00e9cis\u00e9ment, de ne pas les \u00e9riger en certitudes ni de dramatiser : ce n'est qu'\u00e0 ce prix que nous pourrons d\u00e9velopper des discours et des politiques responsables.","authors":["Bruno Tertrais"],"category_codes":["4000000","4010000","4010300","4010303"],"visuals":{"large":"https:\/\/images.epagine.fr\/328\/9782271089328_1_75.jpg","medium":"https:\/\/images.epagine.fr\/328\/9782271089328_1_m.jpg","thumbnail":"https:\/\/images.epagine.fr\/328\/9782271089328_1_v.jpg"},"orderable":true,"show_badge":true,"formatted_price":"5,00&nbsp;\u20ac","formatted_published_date":"1er septembre 2016","publisher_availability_label":"Sur commande","short_details":"Bruno Tertrais \u2014 CNRS","translator":null,"weight":48,"page_count":44,"readership":null,"editor":"CNRS","price":500,"published_date":"2016-08-31T22:00:00.000000Z","support":"Poche","publisher_availability":1,"stock":0,"editions":[],"url":"https:\/\/quaidesbrumes.com\/ouvrage\/9782271089328\/les-guerres-du-climat-contre-enquete-sur-un-mythe-moderne"}]}