{"data":[{"id":"9782322039852","title":"Un Apiculteur, une Apiculture ; 30 t\u00e9moignages de passionn\u00e9s de l'abeille","description":"\u00ab Un apiculteur, une apiculture \u00bb est un recueil de 30 t\u00e9moignages d'apiculteurs et de contributeurs \u00e0 la fili\u00e8re apicole.   Ces portraits illustrent la diversit\u00e9 des activit\u00e9s \u00e9conomiques,  environnementales ou scientifiques qui existent gr\u00e2ce \u00e0 l'abeille et aux  produits de la ruche.   Apiculteurs amateurs ou professionnels, \u00e0 la campagne ou en ville, scientifiques, politiques, entrepreneurs, artistes, associations s'expriment librement sur leurs actions et leurs visions de l'apiculture.   Ils font partager leurs espoirs, leurs combats, leurs r\u00e9ussites mais aussi leurs craintes face \u00e0 un environnement naturel qui se d\u00e9grade.     D\u00e9passant les clich\u00e9s sur la disparition des abeilles, ce livre porte un regard concret sur des acteurs engag\u00e9s au quotidien \u00e0 vivre leur passion.   Ce livre s'adresse aux lecteurs soucieux de l'environnement et aux apiculteurs amateurs ou professionnels qui souhaitent  approfondir leurs r\u00e9flexions sur le r\u00f4le et l'avenir de l'apiculture dans notre soci\u00e9t\u00e9.\r","authors":["Serge Boue","Stephanie Boue"],"category_codes":["4000000","4010000","4010200","4010208"],"visuals":{"large":"https:\/\/images.epagine.fr\/852\/9782322039852_1_75.jpg","medium":"https:\/\/images.epagine.fr\/852\/9782322039852_1_m.jpg","thumbnail":"https:\/\/images.epagine.fr\/852\/9782322039852_1_v.jpg"},"orderable":true,"show_badge":true,"formatted_price":"7,00&nbsp;\u20ac","formatted_published_date":"21 ao\u00fbt 2015","publisher_availability_label":"Sur commande","short_details":"Serge Boue, Stephanie Boue \u2014 Books on Demand","translator":null,"weight":201,"page_count":116,"readership":null,"editor":"Books on Demand","price":700,"published_date":"2015-08-20T22:00:00.000000Z","support":"Grand format","publisher_availability":1,"stock":0,"editions":[],"url":"https:\/\/quaidesbrumes.com\/ouvrage\/9782322039852\/un-apiculteur-une-apiculture-30-temoignages-de-passionnes-de-labeille"},{"id":"9782081352896","title":"Le ciel nous tombe sur la t\u00eate ; 101 r\u00e9ponses sur le climat","description":"La limitation  2 C du rchauffement global de l'atmosphre est-elle encore possible ? Peut-on sortir de l're des combustibles fossiles ? L'humanit parviendra-t-elle  grer la monte du niveau de la mer, la scheresse et les migrations massives auxquels son apptit sans limites l'a conduite ?  l'occasion de la confrence de Paris sur le climat de 2015, Brice Lalonde et Alain Herv veillent les consciences de chacun sur l'actualit ruptive du climat. Sans fatalisme ni complaisance, ces deux amis et complices conversent, dialoguent et s'affrontent autour de l'origine du ph\u00e9nom\u00e8ne et son impact sur nos modes de vie, en esquissant les nouvelles formes de civilisation \u00e0  inventer pour vivre enfin en harmonie avec notre plante.\r","authors":["Alain Herv\u00e9","Brice Lalonde"],"category_codes":["4000000","4010000","4010300","4010303"],"visuals":{"large":"https:\/\/images.epagine.fr\/896\/9782081352896_1_75.jpg","medium":"https:\/\/images.epagine.fr\/896\/9782081352896_1_m.jpg","thumbnail":"https:\/\/images.epagine.fr\/896\/9782081352896_1_v.jpg"},"orderable":true,"show_badge":true,"formatted_price":"15,00&nbsp;\u20ac","formatted_published_date":"4 novembre 2015","publisher_availability_label":"Sur commande","short_details":"Alain Herv\u00e9, Brice Lalonde \u2014 \u00c9ditions Arthaud","translator":null,"weight":332,"page_count":336,"readership":null,"editor":"\u00c9ditions Arthaud","price":1500,"published_date":"2015-11-03T23:00:00.000000Z","support":"Grand format","publisher_availability":1,"stock":0,"editions":[],"url":"https:\/\/quaidesbrumes.com\/ouvrage\/9782081352896\/le-ciel-nous-tombe-sur-la-tete-101-reponses-sur-le-climat"},{"id":"9782810006793","title":"Climat ; j'accuse","description":"\"Ils ne savent pas ce qu'ils font. Ils disent vouloir sauver la plan\u00e8te pour le bien de l'humanit\u00e9. Mais, si on les \u00e9coutait, les cons\u00e9quences seraient dramatiques. \r\n\r\nLorsque la plupart des responsables politiques, \u00e9conomiques ou religieux accr\u00e9ditent l'objectif de la conf\u00e9rence de Paris de r\u00e9duire de 50% les \u00e9missions de CO2 \u00e0 l'horizon 2050, non seulement ils mentent en s'appuyant sur des documents scientifiques faux mais surtout ils contribuent \u00e0 la mise en danger de mort de millions d'hommes et de femmes. \r\n\r\nCar chaque ann\u00e9e, plus de quatre millions d'\u00eatres humains meurent parce qu'ils n'ont pas ou peu d'\u00e9lectricit\u00e9 et qu'ils sont intoxiqu\u00e9s par les fum\u00e9es de foyers domestiques. D'apr\u00e8s l'OMS (Organisation Mondiale de la Sant\u00e9), ce \u00ab dirty cooking \u00bb constitue bien la premi\u00e8re cause mondiale de mortalit\u00e9 humaine. Pour faire cesser cette trag\u00e9die et plus g\u00e9n\u00e9ralement sortir de la pauvret\u00e9 plus de trois milliards d'habitants, il faut avant tout leur donner acc\u00e8s \u00e0 une \u00e9lectricit\u00e9 abondante et bon march\u00e9, que seules peuvent le plus souvent leur procurer des centrales \u00e0 gaz ou \u00e0 charbon. Mais, au nom de la lutte contre les hypoth\u00e9tiques inconv\u00e9nients du CO2, les gouvernements des pays riches voudraient le leur interdire. Les pays pauvres ne les \u00e9couteront pas, r\u00e9duisant la Conf\u00e9rence de Paris, la COP 21, \u00e0 un \u00e9chec total et c'est heureux pour l'humanit\u00e9.\"\r","authors":["Christophe Gerondeau"],"category_codes":["4000000","4010000","4010200","4010204"],"visuals":{"large":"https:\/\/images.epagine.fr\/793\/9782810006793_1_75.jpg","medium":"https:\/\/images.epagine.fr\/793\/9782810006793_1_m.jpg","thumbnail":"https:\/\/images.epagine.fr\/793\/9782810006793_1_v.jpg"},"orderable":true,"show_badge":true,"formatted_price":"17,00&nbsp;\u20ac","formatted_published_date":"28 octobre 2015","publisher_availability_label":"Sur commande","short_details":"Christophe Gerondeau \u2014 L'ARTILLEUR","translator":null,"weight":226,"page_count":176,"readership":null,"editor":"L'ARTILLEUR","price":1700,"published_date":"2015-10-27T23:00:00.000000Z","support":"Grand format","publisher_availability":1,"stock":0,"editions":[],"url":"https:\/\/quaidesbrumes.com\/ouvrage\/9782810006793\/climat-jaccuse"},{"id":"9782810006816","title":"L'id\u00e9ologie du r\u00e9chauffement ; science molle et doctrine dure","description":"Cet essai ne nie pas le r\u00e9chauffement de la plan\u00e8te. Au cours du XX\u00e8me si\u00e8cle, la temp\u00e9rature moyenne de la terre a augment\u00e9 de 0,6 \u00e0 0,8 degr\u00e9s.\r\nIl s'int\u00e9resse plut\u00f4t au \u00abr\u00e9chauffisme\u00bb, cette certitude que la hausse des temp\u00e9rature est anthropique. \r\nCe mouvement d'id\u00e9es pr\u00e9sente les 5 caract\u00e9ristiques d'une id\u00e9ologie, selon les crit\u00e8res \u00e9tablis par Hannah Arendt : \r\n-il est monocausal: les rejets de CO2 caus\u00e9s par l'homme expliquent \u00e0 eux seuls le r\u00e9chauffement dramatique de la plan\u00e8te. \r\n-il est scientifiste: il pr\u00e9tend s'appuyer sur une science unique, irr\u00e9futable. \r\n-il est \u00e9tatique : \u00e0 la diff\u00e9rence des religions, les id\u00e9ologies sont toujours captur\u00e9es, instrumentalis\u00e9es par des \u00e9tats. \r\n-il est r\u00e9volutionnaire : il faut tout changer pour \u00absauver\u00bb la terre. \r\n-il est populaire : l'adh\u00e9sion des peuples est forte. \r\nComme toute id\u00e9ologie, R\u00e9my Prud'homme montre que le \u00abr\u00e9chauffisme\u00bb porte en lui une tendance dangereusement totalitaire.\r","authors":["R\u00e9my Prud'homme"],"category_codes":["4000000","4010000","4010200","4010204"],"visuals":{"large":"https:\/\/images.epagine.fr\/816\/9782810006816_1_75.jpg","medium":"https:\/\/images.epagine.fr\/816\/9782810006816_1_m.jpg","thumbnail":"https:\/\/images.epagine.fr\/816\/9782810006816_1_v.jpg"},"orderable":true,"show_badge":true,"formatted_price":"20,00&nbsp;\u20ac","formatted_published_date":"28 octobre 2015","publisher_availability_label":"Sur commande","short_details":"R\u00e9my Prud'homme \u2014 L'ARTILLEUR","translator":null,"weight":376,"page_count":288,"readership":null,"editor":"L'ARTILLEUR","price":2000,"published_date":"2015-10-27T23:00:00.000000Z","support":"Grand format","publisher_availability":1,"stock":0,"editions":[],"url":"https:\/\/quaidesbrumes.com\/ouvrage\/9782810006816\/lideologie-du-rechauffement-science-molle-et-doctrine-dure"},{"id":"9782914053853","title":"Voies lact\u00e9es. dynamique des bassins laitiers entre globalisation et territorialisation","description":"Soumises aux forces de la mondialisation et de la territorialisation, les activit\u00e9s agricoles et les territoires \u00e9voluent. Mais comment ? Et vers quelles perspectives ?\r\nCet ouvrage propose une analyse des reconfigurations \u00e0 l'oeuvre dans sept bassins laitiers du monde, en France, au Br\u00e9sil, en Uruguay, au S\u00e9n\u00e9gal et au Vietnam. Les auteurs \u00e9clairent les itin\u00e9raires de d\u00e9veloppement de ces bassins \u00e0 travers les \u00e9volutions conjointes des syst\u00e8mes d'\u00e9levage, des territoires et des fili\u00e8res dont ils d\u00e9pendent. Ils montrent la diversit\u00e9 de leurs histoires faites d'exclusions mais aussi de compl\u00e9mentarit\u00e9s au sein d'un m\u00eame territoire entre des formes de d\u00e9veloppement plus localis\u00e9es et d'autres globalis\u00e9es.\r\nCet ouvrage s'inscrit ainsi dans le d\u00e9bat tr\u00e8s actuel de l'accompagnement des changements dans les territoires, en prenant en compte les interactions local-global dans une perspective de durabilit\u00e9.\r","authors":["Christian Corniaux","Bernadette Leclerc","Martine Napoleone"],"category_codes":["4000000","4010000","4010200"],"visuals":{"large":"https:\/\/images.epagine.fr\/853\/9782914053853_1_75.jpg","medium":"https:\/\/images.epagine.fr\/853\/9782914053853_1_m.jpg","thumbnail":"https:\/\/images.epagine.fr\/853\/9782914053853_1_v.jpg"},"orderable":true,"show_badge":true,"formatted_price":"25,00&nbsp;\u20ac","formatted_published_date":"1er septembre 2015","publisher_availability_label":"Sur commande","short_details":"Christian Corniaux, Bernadette Leclerc, Martine Napoleone \u2014 La Cardere","translator":null,"weight":685,"page_count":320,"readership":null,"editor":"La Cardere","price":2500,"published_date":"2015-08-31T22:00:00.000000Z","support":"Grand format","publisher_availability":1,"stock":0,"editions":[],"url":"https:\/\/quaidesbrumes.com\/ouvrage\/9782914053853\/voies-lactees-dynamique-des-bassins-laitiers-entre-globalisation-et-territorialisation"},{"id":"9791095291008","title":"Les carnets de tante Charlotte : Voyage en Abyssinie 1928 - 1929","description":"Avec \u00ab les carnets de tante Charlotte \u00bb, Genevi\u00e8ve de Kerblay nous entraine au coeur de l'empire \u00e9thiopien du d\u00e9but du si\u00e8cle dernier. Ce voyage, \u00e0 travers le regard na\u00eff d'une jeune femme artiste, nous laisse voir toute la splendeur des paysages, la richesse color\u00e9e des coutumes ethniques, la complexit\u00e9 des intrigues politiques. Entre douceur de vivre et guerres de pouvoir, \u00ab les carnets de tante Charlotte \u00bb nous livre sur un ton intimiste, ponctu\u00e9 de croquis et d'aquarelles, sa vision d'un monde en plein changement, aujourd'hui disparu.\r","authors":["Genevieve De Kerblay"],"category_codes":["4000000","4010000","4010300"],"visuals":{"large":"https:\/\/images.epagine.fr\/008\/9791095291008_1_75.jpg","medium":"https:\/\/images.epagine.fr\/008\/9791095291008_1_m.jpg","thumbnail":"https:\/\/images.epagine.fr\/008\/9791095291008_1_v.jpg"},"orderable":true,"show_badge":true,"formatted_price":"30,00&nbsp;\u20ac","formatted_published_date":"25 juillet 2015","publisher_availability_label":"Sur commande","short_details":"Genevieve De Kerblay \u2014 Insolente Innocence","translator":null,"weight":390,"page_count":84,"readership":null,"editor":"Insolente Innocence","price":3000,"published_date":"2015-07-24T22:00:00.000000Z","support":"Grand format","publisher_availability":1,"stock":0,"editions":[],"url":"https:\/\/quaidesbrumes.com\/ouvrage\/9791095291008\/les-carnets-de-tante-charlotte-voyage-en-abyssinie-1928-1929"},{"id":"9782354490683","title":"L'\u00e9tonnant pouvoir du soleil","description":"Nous entretenons une relation essentielle, intime, vitale avec le soleil.\r\nMais notre lien devient artificiel et marchand, parfois jusqu'\u00e0 l'addiction. On consomme aujourd'hui le soleil en oubliant qu'il nous consume. Pas de soleil, pas de vie. Trop de soleil, vie \u00e0 risque !\r\nComment en jouir sans se mettre en danger ?\r\nInutile de se clo\u00eetrer en culpabilisant. Pour profiter du soleil, il faut d'abord en comprendre le pouvoir.\r\nEntre science et litt\u00e9rature, anthropologie et m\u00e9decine, histoire et g\u00e9ographie, le lecteur est invit\u00e9, au fil de la biblioth\u00e9rapie solaire que proposent les auteurs, \u00e0 d\u00e9couvrir de nouvelles voies pour r\u00e9apprendre \u00e0 se d\u00e9lecter ardemment du soleil sans le consommer passivement.\r","authors":["Patrick Moureaux","Aur\u00e9lie Palud"],"category_codes":["4000000","4010000","4010200","4010207"],"visuals":{"large":"https:\/\/images.epagine.fr\/683\/9782354490683_1_75.jpg","medium":"https:\/\/images.epagine.fr\/683\/9782354490683_1_m.jpg","thumbnail":"https:\/\/images.epagine.fr\/683\/9782354490683_1_v.jpg"},"orderable":true,"show_badge":true,"formatted_price":"19,90&nbsp;\u20ac","formatted_published_date":"25 janvier 2016","publisher_availability_label":"Sur commande","short_details":"Patrick Moureaux, Aur\u00e9lie Palud \u2014 Du Palio","translator":null,"weight":264,"page_count":192,"readership":null,"editor":"Du Palio","price":1990,"published_date":"2016-01-24T23:00:00.000000Z","support":"Grand format","publisher_availability":1,"stock":0,"editions":[],"url":"https:\/\/quaidesbrumes.com\/ouvrage\/9782354490683\/letonnant-pouvoir-du-soleil"},{"id":"9782367340784","title":"Flore ornementale de nouvelle caledonie","description":"Aboutissement d'une dizaine d'ann\u00e9es de prospection de terrain, de travaux de recherche, de compilations bibliographiques et d'exp\u00e9rimentations en serre et en jardin, cet ouvrage d'exception est le premier du genre en Nouvelle-Cal\u00e9donie. Outre des connaissances g\u00e9n\u00e9rales sur la flore locale, son \u00e9conomie et son histoire, les plantes ornementales sont regroup\u00e9es en 4 parties, \u00ab les incontournables \u00bb,  \u00ables espoirs \u00bb, \u00ab les incertaines \u00bb et \u00ab les recal\u00e9es \u00bb. Chaque fiche rassemble une mine d'informations sur le mode de culture, les soins \u00e0 prodiguer, les techniques de multiplication, les utilisations en am\u00e9nagement, etc. pr\u00e9sent\u00e9es de fa\u00e7on simple et attrayante.\r\nQue vous soyez jardinier, fleuriste, p\u00e9pini\u00e9riste, paysagiste, naturaliste amateur, botaniste \u00e9clair\u00e9, enseignant, scientifique, gestionnaire d'espaces verts, passionn\u00e9 d'histoire locale ou tout simplement curieux des beaut\u00e9s de la nature, vous trouverez les informations essentielles au fil des 355 fiches couvrant pr\u00e8s de 700 esp\u00e8ces, des 1700 illustrations en couleur, des 800 r\u00e9f\u00e9rences bibliographiques, des quelques 1250 synonymes et 1500 noms vernaculaires.\r\n\u00c0 travers ce livre de r\u00e9f\u00e9rence, l'auteur a souhait\u00e9 non seulement faire partager sa passion pour une flore remarquable, mais aussi faire progresser une fili\u00e8re \u00e9conomique prometteuse, sensibiliser le lecteur \u00e0 la pr\u00e9servation d'un patrimoine exceptionnel et peut-\u00eatre, ainsi, contribuer \u00e0 inventer le jardin commun de demain.\r","authors":["Gateble Gildas"],"category_codes":["4000000","4010000","4010400","4010405"],"visuals":{"large":"https:\/\/images.epagine.fr\/784\/9782367340784_1_75.jpg","medium":"https:\/\/images.epagine.fr\/784\/9782367340784_1_m.jpg","thumbnail":"https:\/\/images.epagine.fr\/784\/9782367340784_1_v.jpg"},"orderable":true,"show_badge":true,"formatted_price":"76,00&nbsp;\u20ac","formatted_published_date":"1er f\u00e9vrier 2016","publisher_availability_label":"Sur commande","short_details":"Gateble Gildas \u2014 Au vent des \u00eeles","translator":null,"weight":2920,"page_count":640,"readership":null,"editor":"Au vent des \u00eeles","price":7600,"published_date":"2016-01-31T23:00:00.000000Z","support":"Grand format","publisher_availability":1,"stock":0,"editions":[],"url":"https:\/\/quaidesbrumes.com\/ouvrage\/9782367340784\/flore-ornementale-de-nouvelle-caledonie"},{"id":"9782366621525","title":"\u00e0 la d\u00e9couverte des orchid\u00e9es d'Aquitaine","description":"R\u00e9gion aux multiples facettes, des dunes landaises aux sommets pyr\u00e9n\u00e9ens en passant par les coteaux calcaires du P\u00e9rigord, l'Aquitaine voit fleurir sur son sol une riche biodiversit\u00e9 dont de multiples orchid\u00e9es. Soixante-quinze d'entre elles, la totalit\u00e9 de la flore orchidologique de la r\u00e9gion, vous attendent au fil des pages de ce livre qui vous en r\u00e9v\u00e8lera tous les secrets.\r\nApr\u00e8s une pr\u00e9sentation de la r\u00e9gion et des caract\u00e9ristiques des orchid\u00e9es, chaque esp\u00e8ce est pr\u00e9sent\u00e9e en d\u00e9tail et illustr\u00e9e?; une carte pr\u00e9cise sa r\u00e9partition.\r\n\u00c0 cela s'ajoute la description de 31 sites permettant d'aller \u00e0 la rencontre de ces plantes fascinantes mais aussi d'autres tr\u00e9sors naturels. Un tableau synth\u00e9tique permet de voir d'un coup d'oeil les p\u00e9riodes de floraison de toutes les orchid\u00e9es et rappelle les sites o\u00f9 elles sont pr\u00e9sentes vous permettant de pr\u00e9parer facilement vos sorties.\r","authors":["Collectif","Frank Jouandoudet"],"category_codes":["4000000","4010000","4010400","4010405"],"visuals":{"large":"https:\/\/images.epagine.fr\/525\/9782366621525_1_75.jpg","medium":"https:\/\/images.epagine.fr\/525\/9782366621525_1_m.jpg","thumbnail":"https:\/\/images.epagine.fr\/525\/9782366621525_1_v.jpg"},"orderable":true,"show_badge":true,"formatted_price":"27,00&nbsp;\u20ac","formatted_published_date":"4 ao\u00fbt 2015","publisher_availability_label":"Sur commande","short_details":"Collectif, Frank Jouandoudet \u2014 BIOTOPE","translator":null,"weight":628,"page_count":256,"readership":null,"editor":"BIOTOPE","price":2700,"published_date":"2015-08-03T22:00:00.000000Z","support":"Grand format","publisher_availability":1,"stock":0,"editions":[],"url":"https:\/\/quaidesbrumes.com\/ouvrage\/9782366621525\/a-la-decouverte-des-orchidees-daquitaine"},{"id":"9781452139890","title":"FEATHERS - DISPLAYS OF BRILLIANT PLUMAGE","description":"Exquisite images from award-winning National Geographic photographer Robert Clark offer a captivating perspective on the vast beauty and myriad functions of a seemingly simple thing: the bird feather. Each detailed close-up is paired with informative text about the utility and evolution of the feather it depicts, making this handsome marriage of art and science the ideal gift for bird lovers, natural history buffs, and photography enthusiasts.\r","authors":["Robert Clarke"],"category_codes":["4000000","4010000","4010300"],"visuals":{"large":"https:\/\/images.epagine.fr\/890\/9781452139890_1_75.jpg","medium":"https:\/\/images.epagine.fr\/890\/9781452139890_1_m.jpg","thumbnail":"https:\/\/images.epagine.fr\/890\/9781452139890_1_v.jpg"},"orderable":true,"show_badge":true,"formatted_price":"39,00&nbsp;\u20ac","formatted_published_date":"3 mai 2016","publisher_availability_label":"Sur commande","short_details":"Robert Clarke \u2014 CHRONICLE BOOKS","translator":null,"weight":0,"page_count":null,"readership":null,"editor":"CHRONICLE BOOKS","price":3900,"published_date":"2016-05-02T22:00:00.000000Z","support":"Grand format","publisher_availability":1,"stock":0,"editions":[],"url":"https:\/\/quaidesbrumes.com\/ouvrage\/9781452139890\/feathers-displays-of-brilliant-plumage"},{"id":"9782884193931","title":"Changement climatique c'est maintenant !","description":"Avec amusement et s\u00e9rieux, cet essai d\u00e9cortique le sujet du changement climatique. On y parlera du temps long qui est celui du climat, oppos\u00e9 au temps court de l'action politique et des contradictions qui en r\u00e9sultent. Les grandes messes internationales des conf\u00e9rences sur le climat servent-elles encore \u00e0 quelque chose ? Les vieux clivages politiques ont-ils encore un sens pour r\u00e9pondre \u00e0 ces enjeux plan\u00e9taires ? Parce que c'est notre activit\u00e9 \u00e9conomique qui est la cause principale du changement climatique, c'est dans l'activit\u00e9 \u00e9conomique que se trouve la solution.\r","authors":["Yann Wehrling"],"category_codes":["4000000","4010000","4010200","4010207"],"visuals":{"large":"https:\/\/images.epagine.fr\/931\/9782884193931_1_75.jpg","medium":"https:\/\/images.epagine.fr\/931\/9782884193931_1_m.jpg","thumbnail":"https:\/\/images.epagine.fr\/931\/9782884193931_1_v.jpg"},"orderable":true,"show_badge":true,"formatted_price":"16,00&nbsp;\u20ac","formatted_published_date":"20 novembre 2015","publisher_availability_label":"Sur commande","short_details":"Yann Wehrling \u2014 \u00c9ditions L'Harmattan","translator":null,"weight":324,"page_count":176,"readership":null,"editor":"\u00c9ditions L'Harmattan","price":1600,"published_date":"2015-11-19T23:00:00.000000Z","support":"Grand format","publisher_availability":1,"stock":0,"editions":[],"url":"https:\/\/quaidesbrumes.com\/ouvrage\/9782884193931\/changement-climatique-cest-maintenant"},{"id":"9783838170190","title":"Mod\u00e9lisation comportementale d'une chaine de conversion \u00e9olienne","description":"Les a\u00e9rog\u00e9n\u00e9rateurs sont soumis aux actions permanentes de deux grandeurs variables et fluctuantes qui sont le vent et la charge \u00e9lectrique. Par cons\u00e9quent, afin de pouvoir exploiter un dispositif \u00e9olien au meilleur de ses possibilit\u00e9s, il faut une bonne connaissance du comportement des \u00e9l\u00e9ments constituant la cha\u00eene de conversion de l'\u00e9nergie, face aux variations de ces deux grandeurs d'entr\u00e9e. Ainsi, dans cet ouvrage, l'auteur propose une mod\u00e9lisation compl\u00e8te d'un a\u00e9rog\u00e9n\u00e9rateur \u00e0 base de g\u00e9n\u00e9ratrice synchrone \u00e0 aimants permanents pour les sites isol\u00e9s. Les simulations num\u00e9riques effectu\u00e9es ont permis d'analyser plusieurs grandeurs caract\u00e9ristiques des \u00e9l\u00e9ments de la cha\u00eene. A la fin de l'ouvrage, une validation exp\u00e9rimentale est pr\u00e9sent\u00e9e. Le travail rapport\u00e9 dans ce document touche tout public que ce soit universitaire ou industriel. Les approches d\u00e9velopp\u00e9es ainsi que les r\u00e9sultats des analyses peuvent servir de base p\u00e9dagogique pour les \u00e9tudiants en cycle sup\u00e9rieur mais aussi d'\u00e9l\u00e9ment d'aide indispensable pour les constructeurs d'a\u00e9rog\u00e9n\u00e9rateurs.\r","authors":["Eric jean roy Sambatra"],"category_codes":["4000000","4010000","4010200","4010204"],"visuals":{"large":"https:\/\/images.epagine.fr\/190\/9783838170190_1_75.jpg","medium":"https:\/\/images.epagine.fr\/190\/9783838170190_1_m.jpg","thumbnail":"https:\/\/images.epagine.fr\/190\/9783838170190_1_v.jpg"},"orderable":true,"show_badge":true,"formatted_price":"69,00&nbsp;\u20ac","formatted_published_date":"25 juillet 2012","publisher_availability_label":"Sur commande","short_details":"Eric jean roy Sambatra \u2014 Presses Academiques Francophones","translator":null,"weight":325,"page_count":216,"readership":null,"editor":"Presses Academiques Francophones","price":6900,"published_date":"2012-07-24T22:00:00.000000Z","support":"Grand format","publisher_availability":1,"stock":0,"editions":[],"url":"https:\/\/quaidesbrumes.com\/ouvrage\/9783838170190\/modelisation-comportementale-dune-chaine-de-conversion-eolienne"},{"id":"9783838170404","title":"Facteurs anthropiques et dynamique de la v\u00e9g\u00e9tation soudanienne","description":"Les savanes soudaniennes sont en constante d\u00e9gradation sous l'effet des activit\u00e9s de l'Homme et des facteurs climatiques. L'am\u00e9nagement durable de ces formations de savane se heurte \u00e0 l'insuffisance de connaissances sur la biologie et l'\u00e9cologie des esp\u00e8ces locales, les param\u00e8tres de productivit\u00e9 des formations naturelles ainsi que les diff\u00e9rents facteurs biotiques et abiotiques qui influencent leur dynamique. C'est dans l'optique de pallier ces insuffisances que des dispositifs de recherche ont \u00e9t\u00e9 install\u00e9s depuis 1992 dans des for\u00eats class\u00e9es au Burkina Faso pour \u00e9tudier dans le long terme les effets de la p\u00e2ture, du feu pr\u00e9coce et de la coupe de bois sur la dynamique des ressources naturelles. Les principaux r\u00e9sultats montrent que la p\u00e2ture mod\u00e9r\u00e9e pourrait \u00eatre utilis\u00e9e comme outil d'am\u00e9nagement des for\u00eats naturelles pour maintenir un certain \u00e9quilibre ligneux \/ herbac\u00e9s au b\u00e9n\u00e9fice des populations riveraines. L'utilisation du feu pr\u00e9coce en zone soudanienne peut \u00eatre un compromis entre une interdiction des feux de brousse et l'av\u00e8nement des feux tardifs plus d\u00e9vastateurs. Cet ouvrage s'adresse principalement aux chercheurs, enseignants, \u00e9tudiants en \u00e9cologie v\u00e9g\u00e9tale.\r","authors":["Louis Sawadogo"],"category_codes":["4000000","4010000","4010200","4010204"],"visuals":{"large":"https:\/\/images.epagine.fr\/404\/9783838170404_1_75.jpg","medium":"https:\/\/images.epagine.fr\/404\/9783838170404_1_m.jpg","thumbnail":"https:\/\/images.epagine.fr\/404\/9783838170404_1_v.jpg"},"orderable":true,"show_badge":true,"formatted_price":"79,00&nbsp;\u20ac","formatted_published_date":"18 ao\u00fbt 2012","publisher_availability_label":"Sur commande","short_details":"Louis Sawadogo \u2014 Presses Academiques Francophones","translator":null,"weight":433,"page_count":292,"readership":null,"editor":"Presses Academiques Francophones","price":7900,"published_date":"2012-08-17T22:00:00.000000Z","support":"Grand format","publisher_availability":1,"stock":0,"editions":[],"url":"https:\/\/quaidesbrumes.com\/ouvrage\/9783838170404\/facteurs-anthropiques-et-dynamique-de-la-vegetation-soudanienne"},{"id":"9783838170589","title":"L'environnement","description":"La Constitution italienne de 1947 ne reconna\u00eet pas l'environnement dans son catalogue de droits fondamentaux. Malgr\u00e9 cette absence l'environnement est aujourd'hui constitutionnellement garanti en tant que valeur constitutionnelle primaire et absolue.Cette \u00e9volution est le fruit de la politique jurisprudentielle de la Cour constitutionnelle italienne. Cette \u00e9tude se propose d'apporter une r\u00e9flexion sur la prise en compte de l'environnement au niveau constitutionnel, par l'\u00e9vocation de nombreuses d\u00e9cisions rendues par la Cour en ce domaine. Elle s'efforce de mettre l'accent sur la difficult\u00e9 de cette reconnaissance qui r\u00e9side essentiellement dans la nature m\u00eame de l'environnement. En effet, la propension de l'environnement \u00e0 interf\u00e9rer dans toutes les branches du droit pose le probl\u00e8me de son appr\u00e9hension en tant que v\u00e9ritable discipline juridique autonome. L'analyse de la jurisprudence de la Cour constitutionnelle montre que c'est par le jeu d'une interpr\u00e9tation \u00e9volutive, particuli\u00e8rement audacieuse, que le juge est parvenu \u00e0 int\u00e9grer la question environnementale au sein de l'ordonnancement italien. \"Prix de Th\u00e8se Mention\" du Centre Fran\u00e7ais de Droit compar\u00e9 (2003-2004)\r","authors":["Marie-pierre Elie"],"category_codes":["4000000","4010000","4010300"],"visuals":{"large":"https:\/\/images.epagine.fr\/589\/9783838170589_1_75.jpg","medium":"https:\/\/images.epagine.fr\/589\/9783838170589_1_m.jpg","thumbnail":"https:\/\/images.epagine.fr\/589\/9783838170589_1_v.jpg"},"orderable":true,"show_badge":true,"formatted_price":"98,00&nbsp;\u20ac","formatted_published_date":"24 ao\u00fbt 2012","publisher_availability_label":"Sur commande","short_details":"Marie-pierre Elie \u2014 Presses Academiques Francophones","translator":null,"weight":649,"page_count":444,"readership":null,"editor":"Presses Academiques Francophones","price":9800,"published_date":"2012-08-23T22:00:00.000000Z","support":"Grand format","publisher_availability":1,"stock":0,"editions":[],"url":"https:\/\/quaidesbrumes.com\/ouvrage\/9783838170589\/lenvironnement"},{"id":"9783838170800","title":"Stress environnemental et interactions h\u00f4te-parasite","description":"Les stress environnementaux, tels que la d\u00e9pl\u00e9tion de ressources ou le climat, et l'impact des pathog\u00e8nes sur les individus sont des sources de s\u00e9lection naturelle importantes. Aussi, nous avons abord\u00e9s la compr\u00e9hension de ces pressions de s\u00e9lection par diff\u00e9rentes approches. Les effets potentiels du stress environnemental, \u00e0 court et long terme, sur le comportement et la physiologie des individus ont \u00e9t\u00e9 \u00e9tudi\u00e9s de mani\u00e8re exp\u00e9rimentale dans une population naturelle de moineau domestique (Passer domesticus). Par ailleurs, dans le cadre d'un suivi national de populations de moineaux domestiques, nous nous sommes focalis\u00e9s sur les interactions h\u00f4te parasite. Nous avons mis en \u00e9vidence l'existence d'associations, population-sp\u00e9cifique, entre all\u00e8les du complexe majeur d'histocompatibilit\u00e9 et la r\u00e9sistance ou la susceptibilit\u00e9 aux parasites de la malaria aviaire. La s\u00e9lection variant dans le temps et l'espace entrainerait ce m\u00e9canisme d'adaptation locale. Ainsi, les pressions de s\u00e9lection, que sont les parasites et l'habitat, seraient sources de variations sur les param\u00e8tres d\u00e9mographiques tel que les survies juv\u00e9nile et adulte.\r","authors":["Claire Loiseau"],"category_codes":["4000000","4010000","4010200","4010204"],"visuals":{"large":"https:\/\/images.epagine.fr\/800\/9783838170800_1_75.jpg","medium":"https:\/\/images.epagine.fr\/800\/9783838170800_1_m.jpg","thumbnail":"https:\/\/images.epagine.fr\/800\/9783838170800_1_v.jpg"},"orderable":true,"show_badge":true,"formatted_price":"29,00&nbsp;\u20ac","formatted_published_date":"1er ao\u00fbt 2012","publisher_availability_label":"Sur commande","short_details":"Claire Loiseau \u2014 Presses Academiques Francophones","translator":null,"weight":126,"page_count":76,"readership":null,"editor":"Presses Academiques Francophones","price":2900,"published_date":"2012-07-31T22:00:00.000000Z","support":"Grand format","publisher_availability":1,"stock":0,"editions":[],"url":"https:\/\/quaidesbrumes.com\/ouvrage\/9783838170800\/stress-environnemental-et-interactions-hote-parasite"},{"id":"9783838170817","title":"Commandes intelligentes de la g\u00e9n\u00e9ratrice asynchrone double aliment\u00e9e","description":"La production de l'\u00e9nergie renouvelable a connu des d\u00e9veloppements consid\u00e9rables au cours des derni\u00e8res ann\u00e9es. L'utilisation de la G\u00e9n\u00e9ratrice Asynchrone Double Aliment\u00e9e (GADA) en \u00e9olien garantir la fr\u00e9quence du r\u00e9seau reste constante lors de la variation de la vitesse m\u00e9canique. Aussi la puissance trait\u00e9e par le convertisseur associ\u00e9 au rotor ne d\u00e9passe pas 30% de toute la puissance du syst\u00e8me, cela permet de r\u00e9duire les pertes et le co\u00fbt de la production. Apr\u00e8s avoir pr\u00e9sent\u00e9 l'\u00e9tat de l'art des ensembles GADA Convertisseurs et leurs applications, nous avons abord\u00e9 la commande vectorielle de la g\u00e9n\u00e9ratrice par orientation du flux statorique. Nous nous sommes int\u00e9ress\u00e9s au r\u00e9gulateur PI pour les courants rotoriques et \u00e0 l'impact de son remplacement par d'autres r\u00e9gulateurs bas\u00e9s sur les techniques de l'intelligence artificielle tels que les r\u00e9gulateurs flous, neuronaux et le neuro-flous, les quelles surpassent les limites des techniques classiques et poss\u00e8dent des caract\u00e9ristiques essentielles pour l'am\u00e9lioration des performances de la commande propos\u00e9e. Les r\u00e9sultats de simulations par Matlab\/simulink et des tests de robustesse sont pr\u00e9sent\u00e9s.\r","authors":["Azeddine Chaiba"],"category_codes":["4000000","4010000","4010200","4010204"],"visuals":{"large":"https:\/\/images.epagine.fr\/817\/9783838170817_1_75.jpg","medium":"https:\/\/images.epagine.fr\/817\/9783838170817_1_m.jpg","thumbnail":"https:\/\/images.epagine.fr\/817\/9783838170817_1_v.jpg"},"orderable":true,"show_badge":true,"formatted_price":"39,00&nbsp;\u20ac","formatted_published_date":"24 juillet 2012","publisher_availability_label":"Sur commande","short_details":"Azeddine Chaiba \u2014 Presses Academiques Francophones","translator":null,"weight":182,"page_count":116,"readership":null,"editor":"Presses Academiques Francophones","price":3900,"published_date":"2012-07-23T22:00:00.000000Z","support":"Grand format","publisher_availability":1,"stock":0,"editions":[],"url":"https:\/\/quaidesbrumes.com\/ouvrage\/9783838170817\/commandes-intelligentes-de-la-generatrice-asynchrone-double-alimentee"},{"id":"9783838171098","title":"Gestion durable des for\u00eats tropicales","description":"La question de gestion durable des ressources naturelles en g\u00e9n\u00e9rale et des ressources foresti\u00e8res en particulier est d'autant plus importante que la survie de la plan\u00e8te toute enti\u00e8re en d\u00e9pend. Ce livre vise \u00e0 promouvoir les politiques de gestion qui prennent en compte et de mani\u00e8re significative les int\u00e9r\u00eats sociaux, \u00e9conomiques et environnementaux dans une logique d'\u00e9quit\u00e9 intra et interg\u00e9n\u00e9rationnelle. L'auteur pense que les travaux de recherche et les d\u00e9cisions de politique de gestion des ressources naturelles devraient d\u00e9sormais viser \u00e0 optimiser le bien \u00eatre des populations riveraines autochtones et locales. Toutefois, il convient d'encourager les techniques de gestion de ressources naturelles \u00e0 faibles impacts \u00e9cologiques.\r","authors":["Jonas ngouhouo Poufoun"],"category_codes":["4000000","4010000","4010200","4010204"],"visuals":{"large":"https:\/\/images.epagine.fr\/098\/9783838171098_1_75.jpg","medium":"https:\/\/images.epagine.fr\/098\/9783838171098_1_m.jpg","thumbnail":"https:\/\/images.epagine.fr\/098\/9783838171098_1_v.jpg"},"orderable":true,"show_badge":true,"formatted_price":"59,00&nbsp;\u20ac","formatted_published_date":"31 juillet 2012","publisher_availability_label":"Sur commande","short_details":"Jonas ngouhouo Poufoun \u2014 Presses Academiques Francophones","translator":null,"weight":274,"page_count":180,"readership":null,"editor":"Presses Academiques Francophones","price":5900,"published_date":"2012-07-30T22:00:00.000000Z","support":"Grand format","publisher_availability":1,"stock":0,"editions":[],"url":"https:\/\/quaidesbrumes.com\/ouvrage\/9783838171098\/gestion-durable-des-forets-tropicales"},{"id":"9783838171104","title":"Restauration \u00e9cologique et gradient latitudinal","description":"Depuis quelques d\u00e9cennies, des activit\u00e9s importantes des administrations, mais aussi des organisations internationales et non gouvernementales, ont \u00e9t\u00e9 consacr\u00e9e \u00e0 la reconstitution des formations v\u00e9g\u00e9tales au Sahel. Cependant, force est de constater que la plupart de ces efforts ont \u00e9t\u00e9 des \u00e9checs pour diverses raisons. Nous avons \u00e9valu\u00e9 dans ce document la potentialit\u00e9 sylvicole de cinq esp\u00e8ces locales le long d'un gradient latitudinal. La premi\u00e8re partie fait d'abord une revue bibliographique sur les concepts fondamentaux; ensuite la pr\u00e9sentation des caract\u00e9ristiques bioclimatiques; et se termine par un aper\u00e7u sur les cinq esp\u00e8ces. La deuxi\u00e8me partie fait le compte rendu des diff\u00e9rentes recherches men\u00e9es et est structur\u00e9e en cinq chapitres. Une introduction en d\u00e9but de chaque chapitre est suivie d'une pr\u00e9sentation de la d\u00e9marche m\u00e9thodologique, ensuite les r\u00e9sultats suivis de leurs interpr\u00e9tations et d'une conclusion. Ce document est absolument b\u00e9n\u00e9fique aux d\u00e9cideurs politiques, aux acteurs de la restauration des \u00e9cosyst\u00e8mes, aux personnes qui participent \u00e0 la conception, la planification, la gestion, l'administration et la souscription financi\u00e8re des projets de restauration.\r","authors":["Fidele Bognounou"],"category_codes":["4000000","4010000","4010200","4010204"],"visuals":{"large":"https:\/\/images.epagine.fr\/104\/9783838171104_1_75.jpg","medium":"https:\/\/images.epagine.fr\/104\/9783838171104_1_m.jpg","thumbnail":"https:\/\/images.epagine.fr\/104\/9783838171104_1_v.jpg"},"orderable":true,"show_badge":true,"formatted_price":"49,00&nbsp;\u20ac","formatted_published_date":"26 juillet 2012","publisher_availability_label":"Sur commande","short_details":"Fidele Bognounou \u2014 Presses Academiques Francophones","translator":null,"weight":234,"page_count":152,"readership":null,"editor":"Presses Academiques Francophones","price":4900,"published_date":"2012-07-25T22:00:00.000000Z","support":"Grand format","publisher_availability":1,"stock":0,"editions":[],"url":"https:\/\/quaidesbrumes.com\/ouvrage\/9783838171104\/restauration-ecologique-et-gradient-latitudinal"},{"id":"9783838171272","title":"Modalit\u00e9s de contamination du ray-grass par les polluants routiers","description":"Le trafic routier est \u00e0 l'origine d'\u00e9missions de nombreuses substances polluantes notamment les \u00e9l\u00e9ments du groupe platine (PGE) et les hydrocarbures aromatiques polycycliques (HAP) qui ont des effets potentiellement mutag\u00e8nes et canc\u00e9rig\u00e8nes. Une fois \u00e9mis par les v\u00e9hicules, ces polluants peuvent se d\u00e9poser sur le fourrage et sur le sol, ce qui soul\u00e8ve des pr\u00e9occupations concernant les risques sur la qualit\u00e9 des aliments, et par cons\u00e9quent sur la sant\u00e9 humaine. Cet ouvrage traite, \u00e0 partir d'une m\u00e9thode standardis\u00e9e de bioindication v\u00e9g\u00e9tale active, de modalit\u00e9s de contamination en PGE et HAP d'un fourrage mod\u00e8le expos\u00e9 \u00e0 proximit\u00e9 des voies routi\u00e8res. Les exp\u00e9riences r\u00e9alis\u00e9es r\u00e9v\u00e8lent que l'essentiel de la contamination en PGE et en HAP du ray-grass s'effectue durant les premi\u00e8res semaines d'exposition \u00e0 la route. Aussi, les \u00e9tudes men\u00e9es montrent un faible impact de l'autoroute sur la contamination du ray-grass en PGE et HAP par rapport \u00e0 une route nationale. Cet ouvrage s'adresse aux chercheurs, enseignants, \u00e9tudiants en sciences agronomiques ou environnementales et \u00e0 tous ceux qui s'int\u00e9ressent \u00e0 la pr\u00e9servation de l'environnement, en particulier \u00e0 l'environnement routier.\r","authors":["Abdourahamane tankari Dan-badjo"],"category_codes":["4000000","4010000","4010200"],"visuals":{"large":"https:\/\/images.epagine.fr\/272\/9783838171272_1_75.jpg","medium":"https:\/\/images.epagine.fr\/272\/9783838171272_1_m.jpg","thumbnail":"https:\/\/images.epagine.fr\/272\/9783838171272_1_v.jpg"},"orderable":true,"show_badge":true,"formatted_price":"49,00&nbsp;\u20ac","formatted_published_date":"1er septembre 2012","publisher_availability_label":"Sur commande","short_details":"Abdourahamane tankari Dan-badjo \u2014 Presses Academiques Francophones","translator":null,"weight":234,"page_count":152,"readership":null,"editor":"Presses Academiques Francophones","price":4900,"published_date":"2012-08-31T22:00:00.000000Z","support":"Grand format","publisher_availability":1,"stock":0,"editions":[],"url":"https:\/\/quaidesbrumes.com\/ouvrage\/9783838171272\/modalites-de-contamination-du-ray-grass-par-les-polluants-routiers"},{"id":"9783838171951","title":"Activit\u00e9s anthropiques et dynamique de la faune sauvage","description":"Les activit\u00e9s anthropiques constituent un danger pour la durabilit\u00e9 des potentialit\u00e9s animales et v\u00e9g\u00e9tales des aires prot\u00e9g\u00e9es. Les \u00e9tudes conduites dans la R\u00e9serve de Biosph\u00e8re de la Mare aux Hippopotames au Burkina Faso ont permis de recenser 24 mammif\u00e8res sauvages dont l'effectif total, except\u00e9 l'hippopotame, est pass\u00e9 de 45 \u00e0 94 individus en 4 ans d\u00fb \u00e0 la surveillance villageoise. Selon les riverains, la r\u00e9serve renfermait 35 mammif\u00e8res sauvages mais avec l'anthropisation le c\u00e9phalophe \u00e0 flanc roux, le bubale, le buffle, le lion et le l\u00e9opard ont disparu. Les inventaires ont permis de constater que l'effectif des hippopotames est pass\u00e9 de 37 \u00e0 42 individus en 3 ans, de caract\u00e9riser leurs zones de parcours en saison s\u00e8che et d'identifier leurs zones de migration en saison pluvieuse. Cette esp\u00e8ce a des valeurs socio-\u00e9conomiques et de maintien de la biodiversit\u00e9. La caract\u00e9risation des gagnages a permis de recenser 92 esp\u00e8ces v\u00e9g\u00e9tales dont 42 d'entre elles constituaient le fourrage des hippopotames. La production totale de ces gagnages en saison s\u00e8che a \u00e9t\u00e9 \u00e9valu\u00e9e \u00e0 4617 t pouvant entretenir plus de 3 fois l'effectif des hippopotames recens\u00e9s.\r","authors":["Ollo theophile Dibloni"],"category_codes":["4000000","4010000","4010200","4010204"],"visuals":{"large":"https:\/\/images.epagine.fr\/951\/9783838171951_1_75.jpg","medium":"https:\/\/images.epagine.fr\/951\/9783838171951_1_m.jpg","thumbnail":"https:\/\/images.epagine.fr\/951\/9783838171951_1_v.jpg"},"orderable":true,"show_badge":true,"formatted_price":"59,00&nbsp;\u20ac","formatted_published_date":"23 ao\u00fbt 2012","publisher_availability_label":"Sur commande","short_details":"Ollo theophile Dibloni \u2014 Presses Academiques Francophones","translator":null,"weight":274,"page_count":180,"readership":null,"editor":"Presses Academiques Francophones","price":5900,"published_date":"2012-08-22T22:00:00.000000Z","support":"Grand format","publisher_availability":1,"stock":0,"editions":[],"url":"https:\/\/quaidesbrumes.com\/ouvrage\/9783838171951\/activites-anthropiques-et-dynamique-de-la-faune-sauvage"},{"id":"9783838171968","title":"Analyse de la demande et gestion des produits forestiers alimentaires","description":"En plus de confronter les th\u00e9ories \u00e9conomiques de la consommation \u00e0 la r\u00e9alit\u00e9 africaine, plus particuli\u00e8rement pour les biens alimentaires, ce travail pr\u00e9tend contribuer \u00e0 montrer l'\u00e9mergence des Produits Forestiers Non Ligneux dans la consommation urbaine \u00e0 partir des donn\u00e9es chiffr\u00e9es provenant des personnes ressources qui sont les consommateurs. Sur le plan th\u00e9orique, ce travail sugg\u00e8re la r\u00e9actualisation ou l'adaptation d'un certain nombre d'acquis th\u00e9oriques dans le contexte africain. Il s'agit notamment de la substitution des biens ayant les m\u00eames r\u00f4les ou satisfaction (l\u00e9gumes par exemple) et de l'importance du prix dans le comportement du consommateur. En prenant l'exemple du Gnetum (l'un des l\u00e9gumes les plus consomm\u00e9s en Afrique Centrale) et \u00e0 partir des r\u00e9alit\u00e9s locales (politiques de gestion des ressources foresti\u00e8res), nous \u00e9mettons des propositions pour une gestion durable des ressources foresti\u00e8res en particulier les produits alimentaires.\r","authors":["Diomede Manirakiza"],"category_codes":["4000000","4010000","4010300","4010301"],"visuals":{"large":"https:\/\/images.epagine.fr\/968\/9783838171968_1_75.jpg","medium":"https:\/\/images.epagine.fr\/968\/9783838171968_1_m.jpg","thumbnail":"https:\/\/images.epagine.fr\/968\/9783838171968_1_v.jpg"},"orderable":true,"show_badge":true,"formatted_price":"98,00&nbsp;\u20ac","formatted_published_date":"13 ao\u00fbt 2012","publisher_availability_label":"Sur commande","short_details":"Diomede Manirakiza \u2014 Presses Academiques Francophones","translator":null,"weight":649,"page_count":444,"readership":null,"editor":"Presses Academiques Francophones","price":9800,"published_date":"2012-08-12T22:00:00.000000Z","support":"Grand format","publisher_availability":1,"stock":0,"editions":[],"url":"https:\/\/quaidesbrumes.com\/ouvrage\/9783838171968\/analyse-de-la-demande-et-gestion-des-produits-forestiers-alimentaires"},{"id":"9783838172170","title":"Impacts des perturbations sur les poissons r\u00e9cifaux ; oc\u00e9an Indien","description":"Les r\u00e9cifs coralliens, dont le r\u00f4le est essentiel en zone intertropicale, sont aujourd'hui fortement menac\u00e9s par le changement climatique et l'augmentation de la pression humaine sur les zones c\u00f4ti\u00e8res et leurs ressources. Les impacts de ces perturbations sur l'habitat corallien et les populations de poissons associ\u00e9es sont analys\u00e9s selon quatre axes principaux qui structurent les recherches conduites par l'auteure dans l'Oc\u00e9an Indien : 1) m\u00e9thodes de suivi appliqu\u00e9es \u00e0 l'\u00e9tude des poissons (observations visuelles, vid\u00e9o, acoustique, survols a\u00e9riens, t\u00e9l\u00e9d\u00e9tection), 2) inventaire des peuplements de poissons, 3) impacts des facteurs de l'environnement et des perturbations naturelles (cyclones, blanchissement) et anthropiques (eutrophisation, p\u00eache) sur les populations et peuplement de poissons, et 4) application \u00e0 la restauration, gestion et sensibilisation. Les recherches de l'auteure, largement illustr\u00e9es, sont replac\u00e9es dans le contexte scientifique global. Chaque th\u00e8me abord\u00e9 se termine par des r\u00e9sum\u00e9s synth\u00e9tiques qui permettent de faire ressortir en quelques phrases les probl\u00e8mes abord\u00e9s et les principaux r\u00e9sultats obtenus de fa\u00e7on claire et didactique.\r","authors":["Pascale Chabanet"],"category_codes":["4000000","4010000","4010200","4010204"],"visuals":{"large":"https:\/\/images.epagine.fr\/170\/9783838172170_1_75.jpg","medium":"https:\/\/images.epagine.fr\/170\/9783838172170_1_m.jpg","thumbnail":"https:\/\/images.epagine.fr\/170\/9783838172170_1_v.jpg"},"orderable":true,"show_badge":true,"formatted_price":"59,00&nbsp;\u20ac","formatted_published_date":"13 septembre 2012","publisher_availability_label":"Sur commande","short_details":"Pascale Chabanet \u2014 Presses Academiques Francophones","translator":null,"weight":262,"page_count":172,"readership":null,"editor":"Presses Academiques Francophones","price":5900,"published_date":"2012-09-12T22:00:00.000000Z","support":"Grand format","publisher_availability":1,"stock":0,"editions":[],"url":"https:\/\/quaidesbrumes.com\/ouvrage\/9783838172170\/impacts-des-perturbations-sur-les-poissons-recifaux-ocean-indien"},{"id":"9783838173269","title":"L'habitat \u00e9cologique et ses diff\u00e9rents aspects","description":"La n\u00e9cessit\u00e9 de respecter notre environnement, est plus que jamais un devoir, et c'est dans ce contexte que s'inscrit l'une des mesures essentielles, qui n'est autre que la construction \u00e9cologique ou passive ; d'o\u00f9 l'objectif serait de privil\u00e9gier le confort thermique tout en contribuant aux \u00e9conomies d'\u00e9nergie. Dans notre th\u00e8se de doctorat nous nous proposons d'optimiser des solutions int\u00e9gr\u00e9es \u00e0 l'enveloppe d'un b\u00e2timent et fournissant simultan\u00e9ment l'\u00e9nergie dans toutes ses formes, le travail consiste \u00e0 rechercher les meilleurs moyens pour un rendement positif et efficace tant sur le plan \u00e9nerg\u00e9tique, qu'\u00e9conomique et environnemental ; lors d'une construction d'une maison \u00e9cologique\r","authors":["Collectif"],"category_codes":["4000000","4010000","4010200","4010204"],"visuals":{"large":"https:\/\/images.epagine.fr\/269\/9783838173269_1_75.jpg","medium":"https:\/\/images.epagine.fr\/269\/9783838173269_1_m.jpg","thumbnail":"https:\/\/images.epagine.fr\/269\/9783838173269_1_v.jpg"},"orderable":true,"show_badge":true,"formatted_price":"59,00&nbsp;\u20ac","formatted_published_date":"5 septembre 2012","publisher_availability_label":"Sur commande","short_details":"Collectif \u2014 Presses Academiques Francophones","translator":null,"weight":262,"page_count":172,"readership":null,"editor":"Presses Academiques Francophones","price":5900,"published_date":"2012-09-04T22:00:00.000000Z","support":"Grand format","publisher_availability":1,"stock":0,"editions":[],"url":"https:\/\/quaidesbrumes.com\/ouvrage\/9783838173269\/lhabitat-ecologique-et-ses-differents-aspects"},{"id":"9783838173986","title":"Le colmatage des syst\u00e8mes d'infiltration d'eaux pluviales","description":"Les ouvrages d'infiltration sont tr\u00e8s utilis\u00e9s aujourd'hui comme alternative au r\u00e9seau d'assainissement pluvial. Ils r\u00e9duisent les risques d'inondation, contribuent au pi\u00e9geage de polluants permettant ainsi de limiter la d\u00e9t\u00e9rioration des milieux aquatiques superficiels et sont reconnus pour recharger la nappe. Cependant leur fonctionnement est affect\u00e9 \u00e0 long terme par le colmatage r\u00e9duisant leur performance hydraulique. Par ailleurs, lorsque ces syst\u00e8mes sont munis de surverses, le colmatage limite les capacit\u00e9s d'interception des flux d'eau et des polluants. Le colmatage constitue donc un facteur cl\u00e9 dans le bon fonctionnement de ces syst\u00e8mes tant sur un plan hydraulique qu'environnemental. Cette recherche a pour but de mesurer et de comprendre l'\u00e9volution spatio-temporelle du colmatage \u00e0 une \u00e9chelle m\u00e9gascopique (l'\u00e9chelle d'un ouvrage extensif type) et diachronique (sur le moyen terme).\r","authors":["Carolina Gonzalez-merchan"],"category_codes":["4000000","4010000","4010200","4010204"],"visuals":{"large":"https:\/\/images.epagine.fr\/986\/9783838173986_1_75.jpg","medium":"https:\/\/images.epagine.fr\/986\/9783838173986_1_m.jpg","thumbnail":"https:\/\/images.epagine.fr\/986\/9783838173986_1_v.jpg"},"orderable":true,"show_badge":true,"formatted_price":"94,90&nbsp;\u20ac","formatted_published_date":"25 avril 2014","publisher_availability_label":"Sur commande","short_details":"Carolina Gonzalez-merchan \u2014 Presses Academiques Francophones","translator":null,"weight":415,"page_count":280,"readership":null,"editor":"Presses Academiques Francophones","price":9490,"published_date":"2014-04-24T22:00:00.000000Z","support":"Grand format","publisher_availability":1,"stock":0,"editions":[],"url":"https:\/\/quaidesbrumes.com\/ouvrage\/9783838173986\/le-colmatage-des-systemes-dinfiltration-deaux-pluviales"}]}