{"data":[{"id":"9789992068069","title":"Penser le nucl\u00e9aire ; autopsie d'une illusion","description":"Penser le Nucl\u00e9aire,  Autopsie d'une Illusion, \u00e0 la fois p\u00e9dagogique et corrosif, pose le probl\u00e8me g\u00e9n\u00e9ral du bien fond\u00e9 de la prouesse humaine: l'Energie nucl\u00e9aire. Par l\u00e0 il pose les bases pour un d\u00e9bat mondial n\u00e9cessaire, incluant autant le public que l'intelligentia ainsi que les d\u00e9cideurs. Montrant les failles et fragilit\u00e9s dans les applications technologiques actuelles et le savoir-faire incomplet de l'\u00e9tat de la science aujourd'hui, il fait le point sur la situation p\u00e9rilleuse dans laquelle se trouve le Japon quatre ans apr\u00e8s la catastrophe de Fukushima : l'ampleur de la contamination radioactive, dans les zones proches de la centrale, mais aussi son in\u00e9luctable progression, les difficult\u00e9s de la d\u00e9contamination, le d\u00e9mant\u00e8lement difficile, sans cesse ralenti, des coeurs de r\u00e9acteurs, le stockage des d\u00e9chets radioactifs : autant de d\u00e9fis techniques mal ma\u00eetris\u00e9s, autant de plong\u00e9es dans l'inconnu. S'il est facile d'identifier les responsables, membres du gouvernement ou cadre de la Compagnie d'\u00e9lectricit\u00e9 de Tokyo Tepco, comment r\u00e9fr\u00e9ner leur intention de promouvoir aujourd'hui l'\u00e9nergie nucl\u00e9aire non seulement sur le sol japonais mais aussi dans le monde ?  Postfaces: Jean-Jacques DELFOUR \/ Ren\u00e9e de CECCATTY","authors":["Koide"],"category_codes":["4000000","4010000","4010300"],"visuals":{"large":"https:\/\/images.epagine.fr\/069\/9789992068069_1_75.jpg","medium":"https:\/\/images.epagine.fr\/069\/9789992068069_1_m.jpg","thumbnail":"https:\/\/images.epagine.fr\/069\/9789992068069_1_v.jpg"},"orderable":true,"show_badge":true,"formatted_price":"18,99&nbsp;\u20ac","formatted_published_date":"4 juin 2015","publisher_availability_label":"Sur commande","short_details":"Koide \u2014 ANIMAVIVA MULTILINGUE","translator":null,"weight":401,"page_count":204,"readership":null,"editor":"ANIMAVIVA MULTILINGUE","price":1899,"published_date":"2015-06-03T22:00:00.000000Z","support":"Grand format","publisher_availability":1,"stock":0,"editions":[],"url":"https:\/\/quaidesbrumes.com\/ouvrage\/9789992068069\/penser-le-nucleaire-autopsie-dune-illusion"},{"id":"9782363831842","title":"Transition \u00e9nerg\u00e9tique : comment fait l'Allemagne","description":"En mars 2015, plusieurs r\u00e9gions fran\u00e7aises connaissent un pic de pollution aux particules fines. Une rumeur envahit alors les r\u00e9seaux sociaux : et si cette pollution provenait des centrales \u00e0 charbon allemandes ? Logique, apr\u00e8s tout : puisque l'Allemagne a d\u00e9cid\u00e9 de sortir du nucl\u00e9aire, ses centrales \u00e0 charbon doivent tourner \u00e0 plein...\r\nPourtant, depuis plusieurs ann\u00e9es, l'Allemagne s'est lanc\u00e9e dans un projet ambitieux : r\u00e9duire d'au moins 80 % ses \u00e9missions de gaz \u00e0 effet de serre d'ici \u00e0 2050 tout en sortant du nucl\u00e9aire. Cette transition \u00e9nerg\u00e9tique outre-Rhin, ou Energiewende, nourrit de nombreux fantasmes en France. Pour les uns, le prix de l'\u00e9lectricit\u00e9 flamberait et l'Allemagne serait sous la menace d'un black-out g\u00e9n\u00e9ralis\u00e9 en raison de \u00ab l'intermittence \u00bb des \u00e9nergies renouvelables ; pour d'autres, chaque foyer allemand serait d\u00e9sormais en capacit\u00e9 de produire sa propre \u00e9nergie. \r\nLoin des caricatures, l'ambition de ce livre est donc de d\u00e9m\u00ealer le vrai du faux. \u00c0 travers une \u00e9tude pr\u00e9cise et factuelle, Vincent Boulanger, journaliste install\u00e9 en Allemagne et sp\u00e9cialiste des \u00e9nergies renouvelables, nous aide \u00e0 comprendre l'Energiewende : ses origines, ses succ\u00e8s, ses \u00e9checs et les zones d'incertitude. \u00c0 l'heure o\u00f9 la France vient de se doter d'une loi de transition \u00e9nerg\u00e9tique, il nous donne tous les \u00e9l\u00e9ments pour tirer des le\u00e7ons de l'exp\u00e9rience allemande.","authors":["Vincent Boulanger"],"category_codes":["4000000","4010000","4010200","4010203"],"visuals":{"large":"https:\/\/images.epagine.fr\/842\/9782363831842_1_75.jpg","medium":"https:\/\/images.epagine.fr\/842\/9782363831842_1_m.jpg","thumbnail":"https:\/\/images.epagine.fr\/842\/9782363831842_1_v.jpg"},"orderable":true,"show_badge":true,"formatted_price":"14,00&nbsp;\u20ac","formatted_published_date":"5 novembre 2015","publisher_availability_label":"Sur commande","short_details":"Vincent Boulanger \u2014 Les petits matins","translator":null,"weight":240,"page_count":176,"readership":null,"editor":"Les petits matins","price":1400,"published_date":"2015-11-04T23:00:00.000000Z","support":"Grand format","publisher_availability":1,"stock":0,"editions":[],"url":"https:\/\/quaidesbrumes.com\/ouvrage\/9782363831842\/transition-energetique-comment-fait-lallemagne"},{"id":"9782363831880","title":"Loos-en-Gohelle, ville pilote du d\u00e9veloppement durable","description":"Commune du bassin minier du Pas-de-Calais, Loos-en-Gohelle a connu une m\u00e9tamorphose : la ville sinistr\u00e9e par la crise du charbon est devenue une ville pilote du d\u00e9veloppement durable. Cette histoire est celle des \u00e9lus, des habitants, des entreprises et des associations qui ont fait \u00e9clore des centaines d'initiatives et de mobilisations tissant aujourd'hui la trame d'une transition \u00e9cologique globale du territoire.\r\nPendant trente ans, il a fallu \u00eatre un peu visionnaire pour imaginer qu'un jour le bassin minier serait reconnu Patrimoine mondial de l'Unesco et que les terrils seraient des \u00eelots de biodiversit\u00e9 propices \u00e0 la promenade du dimanche. \u00c0 Loos-en-Gohelle, ils y ont cru.\r\nLoin de l'imagerie du village d'\u00c9colos-Gaulois fonctionnant en autarcie, la trajectoire de Loos-en-Gohelle d\u00e9montre aussi que chaque ville, chaque territoire, peut trouver les ressources pour conduire un projet de transition \u00e9cologique \u00e0 la mesure de l'enjeu climatique.\r\n\r\nPhilippe Chibani-Jacquot est journaliste, sp\u00e9cialiste du d\u00e9veloppement durable, de la transition \u00e9cologique et de l'\u00e9conomie sociale et solidaire.","authors":["Philippe Chibani-Jacquot"],"category_codes":["4000000","4010000","4010200","4010208"],"visuals":{"large":"https:\/\/images.epagine.fr\/880\/9782363831880_1_75.jpg","medium":"https:\/\/images.epagine.fr\/880\/9782363831880_1_m.jpg","thumbnail":"https:\/\/images.epagine.fr\/880\/9782363831880_1_v.jpg"},"orderable":true,"show_badge":true,"formatted_price":"15,00&nbsp;\u20ac","formatted_published_date":"19 novembre 2015","publisher_availability_label":"Sur commande","short_details":"Philippe Chibani-Jacquot \u2014 Les petits matins","translator":null,"weight":528,"page_count":192,"readership":null,"editor":"Les petits matins","price":1500,"published_date":"2015-11-18T23:00:00.000000Z","support":"Grand format","publisher_availability":1,"stock":0,"editions":[],"url":"https:\/\/quaidesbrumes.com\/ouvrage\/9782363831880\/loos-en-gohelle-ville-pilote-du-developpement-durable"},{"id":"9782363831897","title":"Pour une transition sociale-\u00e9cologique ; quelle solidarit\u00e9 face aux d\u00e9fis environnementaux ?","description":"Comment acc\u00e9l\u00e9rer la transition de nos \u00e9conomies et de nos soci\u00e9t\u00e9s vers le bien-\u00eatre et la soutenabilit\u00e9 ? Alerter sur le \u00ab p\u00e9ril climatique \u00bb ne suffira pas : la peur paralyse davantage qu'elle n'incite \u00e0 agir. Il faut proposer un r\u00e9cit commun positif, qui mobilise le principe de justice sociale. Car les crises \u00e9cologiques renforcent les in\u00e9galit\u00e9s, tout comme les in\u00e9galit\u00e9s accroissent les d\u00e9g\u00e2ts environnementaux.\r\nPour cela, nous disent les auteurs, il est n\u00e9cessaire de red\u00e9finir le progr\u00e8s social \u00e0 la lumi\u00e8re du d\u00e9fi \u00e9cologique, en visant l'\u00e9galit\u00e9, l'emploi et la protection sociale. Quels instruments de justice environnementale mettre en place ? Suffira-t-il de \u00ab verdir \u00bb le capitalisme ou faudra-t-il changer de paradigme \u00e9conomique ? Quel r\u00f4le pour les syndicats dans la transition ? Comment mutualiser les nouveaux risques pour en minimiser l'impact ?\r\nCe livre avance dix propositions pour faire de la transition sociale-\u00e9cologique un nouvel horizon d\u00e9mocratique.","authors":["Eloi Laurent","Philippe Pochet"],"category_codes":["4000000","4010000","4010200","4010208"],"visuals":{"large":"https:\/\/images.epagine.fr\/897\/9782363831897_1_75.jpg","medium":"https:\/\/images.epagine.fr\/897\/9782363831897_1_m.jpg","thumbnail":"https:\/\/images.epagine.fr\/897\/9782363831897_1_v.jpg"},"orderable":true,"show_badge":true,"formatted_price":"10,00&nbsp;\u20ac","formatted_published_date":"12 novembre 2015","publisher_availability_label":"Sur commande","short_details":"Eloi Laurent, Philippe Pochet \u2014 Les petits matins","translator":null,"weight":110,"page_count":80,"readership":null,"editor":"Les petits matins","price":1000,"published_date":"2015-11-11T23:00:00.000000Z","support":"Grand format","publisher_availability":1,"stock":0,"editions":[],"url":"https:\/\/quaidesbrumes.com\/ouvrage\/9782363831897\/pour-une-transition-sociale-ecologique-quelle-solidarite-face-aux-defis-environnementaux"},{"id":"9782367463483","title":"Je d\u00e9couvre : je d\u00e9couvre l'ang\u00e9lique","description":"Voici un guide pratique pour tout savoir sur l ang\u00e9lique. Ses origines, son histoire, sa culture, ses utilisations... Cet ouvrage vous permettra de (re)d\u00e9couvrir cette plante aux vertus m\u00e9dicinales souvent m\u00e9connues, utilis\u00e9e aujourd hui par les plus grands chefs de France afin de ravir les papilles des gourmets de tout le pays. L ang\u00e9lique a su aussi s exporter \u00e0 l \u00e9tranger, plusieurs marques la produisent et la commercialisent. L auteur, gr\u00e2ce aux t\u00e9moignages de professionnels, nous livrera tous les secrets de cette c\u00e9l\u00e8bre plante.","authors":["B\u00e9rang\u00e8re Guilbaud-rabiller"],"category_codes":["4000000","4010000","4010400","4010404"],"visuals":{"large":"https:\/\/images.epagine.fr\/483\/9782367463483_1_75.jpg","medium":"https:\/\/images.epagine.fr\/483\/9782367463483_1_m.jpg","thumbnail":"https:\/\/images.epagine.fr\/483\/9782367463483_1_v.jpg"},"orderable":true,"show_badge":true,"formatted_price":"4,90&nbsp;\u20ac","formatted_published_date":"12 mai 2015","publisher_availability_label":"Sur commande","short_details":"B\u00e9rang\u00e8re Guilbaud-rabiller \u2014 La Geste","translator":null,"weight":90,"page_count":null,"readership":null,"editor":"La Geste","price":490,"published_date":"2015-05-11T22:00:00.000000Z","support":"Grand format","publisher_availability":1,"stock":0,"editions":[],"url":"https:\/\/quaidesbrumes.com\/ouvrage\/9782367463483\/je-decouvre-je-decouvre-langelique"},{"id":"9782940365784","title":"Cervin 1865 ; l'am\u00e8re victoire","description":"L'am\u00e8re victoire. Dans le cadre du 150\u00e8me anniversaire de la premi\u00e8re ascension du Cervin en 1865, Daniel Gr\u00e9voz retrace les \u00e9l\u00e9ments qui constituent cette \u00e9pop\u00e9e aussi h\u00e9ro\u00c3?\u00c2\u00abque que tragique. Il pr\u00e9sente les principaux intervenants, les rivalit\u00e9s, le cadre de l'\u00e9poque et la victoire du 14 juillet 1865, suivie de la fatale redescente.... De nombreuses photographies de l'auteur et des images d'archives illustrent le propos. Cet ouvrage se veut accessible \u00e0 tous ceux qui souhaitent en savoir plus sur un \u00e9pisode majeur de l'histoire de la montagne embl\u00e9matique qui domine le village de Zermatt.","authors":["Daniel Gr\u00e9voz"],"category_codes":["4000000","4010000","4010300","4010305"],"visuals":{"large":"https:\/\/images.epagine.fr\/784\/9782940365784_1_75.jpg","medium":"https:\/\/images.epagine.fr\/784\/9782940365784_1_m.jpg","thumbnail":"https:\/\/images.epagine.fr\/784\/9782940365784_1_v.jpg"},"orderable":true,"show_badge":true,"formatted_price":"8,90&nbsp;\u20ac","formatted_published_date":"17 mars 2015","publisher_availability_label":"Sur commande","short_details":"Daniel Gr\u00e9voz \u2014 Rossolis","translator":null,"weight":201,"page_count":40,"readership":null,"editor":"Rossolis","price":890,"published_date":"2015-03-16T23:00:00.000000Z","support":"Grand format","publisher_availability":1,"stock":0,"editions":[],"url":"https:\/\/quaidesbrumes.com\/ouvrage\/9782940365784\/cervin-1865-lamere-victoire"},{"id":"9782824101743","title":"Connais-tu le bord de mer ?","description":null,"authors":["Cubells J.-F."],"category_codes":["4000000","4010000","4010300","4010304"],"visuals":{"large":"https:\/\/images.epagine.fr\/743\/9782824101743_1_75.jpg","medium":"https:\/\/images.epagine.fr\/743\/9782824101743_1_m.jpg","thumbnail":"https:\/\/images.epagine.fr\/743\/9782824101743_1_v.jpg"},"orderable":true,"show_badge":true,"formatted_price":"12,00&nbsp;\u20ac","formatted_published_date":"19 juin 2015","publisher_availability_label":"Sur commande","short_details":"Cubells J.-F. \u2014 Albiana","translator":null,"weight":280,"page_count":null,"readership":null,"editor":"Albiana","price":1200,"published_date":"2015-06-18T22:00:00.000000Z","support":"Grand format","publisher_availability":1,"stock":0,"editions":[],"url":"https:\/\/quaidesbrumes.com\/ouvrage\/9782824101743\/connais-tu-le-bord-de-mer"},{"id":"9782916842226","title":"Manifeste des \u00e9cologistes atter\u00e9s","description":"Le Manifeste des \u00e9cologistes atterr\u00e9s est un \u00ab coup de gueule \u00bb de trois militants \u00e9cologistes, cadres d'Europe \u00c9cologie-Les Verts, contre la strat\u00e9gie et les pratiques de leur parti.\r\nIl part d'un constat d'\u00e9chec :\r\nAlors que les questions d'environnement deviennent de plus en plus urgentes et prises en consid\u00e9ration par les populations, l'\u00e9cologie politique n'arrive pas \u00e0 s'installer en France. Pire, l'image d'Europe \u00c9cologie-Les Verts et ses r\u00e9sultats \u00e9lectoraux sont au plus bas.\r\nLes auteurs analysent les raisons de cet \u00e9chec, aussi bien strat\u00e9giques que culturelles. Mais ils ne se limitent pas au constat et font des propositions pour rendre \u00e0 l'\u00e9cologie politique son autonomie et pour renouveler profond\u00e9ment les pratiques d\u00e9mocratiques.","authors":["Edouard Gaudot","Benjamin Joyeux","Lucile Schmid"],"category_codes":["4000000","4010000","4010200","4010207"],"visuals":{"large":"https:\/\/images.epagine.fr\/226\/9782916842226_1_75.jpg","medium":"https:\/\/images.epagine.fr\/226\/9782916842226_1_m.jpg","thumbnail":"https:\/\/images.epagine.fr\/226\/9782916842226_1_v.jpg"},"orderable":true,"show_badge":true,"formatted_price":"7,50&nbsp;\u20ac","formatted_published_date":"15 septembre 2015","publisher_availability_label":"Sur commande","short_details":"Edouard Gaudot, Benjamin Joyeux, Lucile Schmid \u2014 Editions Temps Present","translator":null,"weight":140,"page_count":100,"readership":null,"editor":"Editions Temps Present","price":750,"published_date":"2015-09-14T22:00:00.000000Z","support":"Grand format","publisher_availability":1,"stock":0,"editions":[],"url":"https:\/\/quaidesbrumes.com\/ouvrage\/9782916842226\/manifeste-des-ecologistes-atteres"},{"id":"9791027500086","title":"G\u00e9rer collectivement la biodiversit\u00e9 cultiv\u00e9e ; \u00e9tude d'initiatives locales","description":"Les semences, avec la terre et l'eau, sont les ressources de l'agriculture. Conserver la ma\u00eetrise de ces ressources est un enjeu de souverainet\u00e9 alimentaire.\u00d8La biodiversit\u00e9 cultiv\u00e9e, dont les semences font partie, comme les autres ressources, n'\u00e9chappe pas \u00e0 la menace d'accaparement par des int\u00e9r\u00eats priv\u00e9s. Dans ce contexte, sont apparus en France depuis une dizaine d'ann\u00e9es des projets de gestion collective de la biodiversit\u00e9 cultiv\u00e9e.\u00d8Il s'agit de prendre en charge collectivement la gestion in situ des semences \u00e0 un moment de notre histoire o\u00f9 celle-ci est principalement assur\u00e9e ex situ par des s\u00e9lectionneurs et des semenciers professionnels. C'est sur cette gestion collective dans les fermes et les jardins que porte cet ouvrage, une gestion collective qui vise \u00e0 produire et diffuser des semences, \u00e0 s\u00e9lectionner de nouvelles populations de plantes et \u00e0 conserver les anciennes.L'ouvrage cherche d'abord \u00e0 susciter l'envie en donnant \u00e0 voir quatre exp\u00e9riences collectives de gestion de la biodiversit\u00e9 cultiv\u00e9e, autour du ma\u00efs et des esp\u00e8ces fourrag\u00e8res, sans pour autant en occulter les difficult\u00e9s. Ensuite, leur expos\u00e9 et leur analyse aideront des collectifs qui souhaitent d\u00e9velopper leurs propres initiatives \u00e0 se poser des questions auxquelles ils n'auraient peut-\u00eatre pas pens\u00e9, mais qui semblent d\u00e9terminantes \u00e0 prendre en compte pour monter un tel projet.\u00d8Ce livre souhaite \u00e9galement porter \u00e0 la connaissance d'un public plus large une th\u00e9matique insuffisamment connue du grand public, et montrer que d'autres modes de gestion de la biodiversit\u00e9 sont possibles, dont pourraient s'emparer les formations agricoles et environnementales.","authors":["Collectif"],"category_codes":["4000000","4010000","4010200"],"visuals":{"large":"https:\/\/images.epagine.fr\/086\/9791027500086_1_75.jpg","medium":"https:\/\/images.epagine.fr\/086\/9791027500086_1_m.jpg","thumbnail":"https:\/\/images.epagine.fr\/086\/9791027500086_1_v.jpg"},"orderable":true,"show_badge":true,"formatted_price":"28,00&nbsp;\u20ac","formatted_published_date":"8 juin 2015","publisher_availability_label":"Sur commande","short_details":"Collectif \u2014 Educagri","translator":null,"weight":430,"page_count":null,"readership":null,"editor":"Educagri","price":2800,"published_date":"2015-06-07T22:00:00.000000Z","support":"Grand format","publisher_availability":1,"stock":0,"editions":[],"url":"https:\/\/quaidesbrumes.com\/ouvrage\/9791027500086\/gerer-collectivement-la-biodiversite-cultivee-etude-dinitiatives-locales"},{"id":"9782940365906","title":"Guide des milieux naturels de Suisse","description":"Chacun sait ce qu'est un marais, une for\u00eat ou un \u00e9boulis. Ce sont des termes couramment utilis\u00e9s pour d\u00e9signer les \u00e9l\u00e9ments du paysage familier. En y regardant de pr\u00e8s, on s'aper\u00e7oit que ces cat\u00e9gories regroupent de nombreux milieux naturels distincts, chacun abritant un cort\u00e8ge diff\u00e9rent d'esp\u00e8ces animales et v\u00e9g\u00e9tales, et avec des conditions \u00e9cologiques sp\u00e9cifiques, qui r\u00e9gissent sa r\u00e9partition g\u00e9ographique. Identifier et interpr\u00e9ter les milieux naturels permet une nouvelle lecture du paysage, enrichissante pour tout amateur de nature d\u00e9- sireux de mieux comprendre son environnement. Identifier et interpr\u00e9ter les milieux naturels permet une nouvelle lecture du paysage, enrichissante pour tout amateur de nature d\u00e9sireux de mieux comprendre son environnement. Les caract\u00e9ristiques de 235 milieux naturels de Suisse sont d\u00e9crites dans ce livre. Leur pr\u00e9sentation sous forme de fiches permet une consultation ais\u00e9e et l'acc\u00e8s rapide aux informations recherch\u00e9es, tant pour le professionnel menant une expertise que pour l'amateur en ballade. Gr\u00e2ce aux noms fran\u00e7ais des habitats, aux descriptions d\u00e9taill\u00e9es accompagn\u00e9es d'images parlantes et au glossaire expliquant les termes techniques, la prise de contact avec le sujet est imm\u00e9diate. En compl\u00e9ment, les codes et les noms en latin offrent un syst\u00e8me de r\u00e9f\u00e9rence commun pour les naturalistes des diff\u00e9rentes r\u00e9gions linguistiques, facilitant les \u00e9changes d'informations et leur transmission vers les banques de donn\u00e9es nationales. Ce livre a fait ses preuves aupr\u00e8s des \u00e9tudiants et des professeurs de sciences naturelles, dans les bureaux d'\u00e9cologie et parmi le public naturaliste, tous int\u00e9ress\u00e9s \u00e0 voir par l'image et \u00e0 lire par le texte la diversit\u00e9 des milieux naturels que rec\u00e8le la Suisse.","authors":["Raymond Delarze","Stefan Eggenberg","Yves Gonseth","Mathias Vust"],"category_codes":["4000000","4010000","4010300"],"visuals":{"large":"https:\/\/images.epagine.fr\/906\/9782940365906_1_75.jpg","medium":"https:\/\/images.epagine.fr\/906\/9782940365906_1_m.jpg","thumbnail":"https:\/\/images.epagine.fr\/906\/9782940365906_1_v.jpg"},"orderable":true,"show_badge":true,"formatted_price":"70,00&nbsp;\u20ac","formatted_published_date":"23 juin 2015","publisher_availability_label":"Sur commande","short_details":"Raymond Delarze, Stefan Eggenberg, Yves Gonseth, Mathias Vust \u2014 Rossolis","translator":null,"weight":1154,"page_count":null,"readership":null,"editor":"Rossolis","price":7000,"published_date":"2015-06-22T22:00:00.000000Z","support":"Grand format","publisher_availability":1,"stock":0,"editions":[],"url":"https:\/\/quaidesbrumes.com\/ouvrage\/9782940365906\/guide-des-milieux-naturels-de-suisse"},{"id":"9782204105941","title":"La poutre et la paille \u00e9cologique","description":"De gros pollueurs, les grands groupes industriels ? Empress\u00e9s de souscrire purement \u00e0 une logique capitaliste, diligents \u00e0 ob\u00e9ir aveugl\u00e9ment \u00e0 la finance internationale, prompts \u00e0 se soustraire habilement aux r\u00e9glementations environnementales ? Donc responsables et coupables de l'amplification des \u00e9missions des gaz \u00e0 effet de serre et de la d\u00e9t\u00e9rioration plus g\u00e9n\u00e9rale du climat ? Faux ! Arm\u00e9s de leur savoir scientifique, de leur connaissance de l'industrie et de leur exp\u00e9rience politique, Christine B\u00e9nard et Dominique Levesque ont enqu\u00eat\u00e9 sur les comportements \u00e9cologiques des plus grandes entreprises fran\u00e7aises et europ\u00e9ennes. Alstom, Lafarge, Michelin, Airbus, Renault, Saint-Gobain, la SNCF et bien d'autres : ils nous montrent ici comment elles ont compris que le d\u00e9veloppement durable \u00e9tait leur affaire, pour le bien de l'humanit\u00e9 comme pour leur bien propre. Rompant avec le cat\u00e9chisme des bonnes consciences qui ne savent pas choisir entre croissance d\u00e9mographique et partage des richesses, voici un essai iconoclaste qui ravira toutes celles et tous ceux qui n'entendent pas abandonner l'\u00e9cologie \u00e0 l'id\u00e9ologie.","authors":["Christine B\u00e9nard","Dominique Levesque"],"category_codes":["4000000","4010000","4010200","4010204"],"visuals":{"large":"https:\/\/images.epagine.fr\/941\/9782204105941_1_75.jpg","medium":"https:\/\/images.epagine.fr\/941\/9782204105941_1_m.jpg","thumbnail":"https:\/\/images.epagine.fr\/941\/9782204105941_1_v.jpg"},"orderable":true,"show_badge":true,"formatted_price":"31,90&nbsp;\u20ac","formatted_published_date":"30 octobre 2015","publisher_availability_label":"Sur commande","short_details":"Christine B\u00e9nard, Dominique Levesque \u2014 Les \u00e9ditions du Cerf","translator":null,"weight":542,"page_count":352,"readership":null,"editor":"Les \u00e9ditions du Cerf","price":3190,"published_date":"2015-10-29T23:00:00.000000Z","support":"Grand format","publisher_availability":1,"stock":0,"editions":[],"url":"https:\/\/quaidesbrumes.com\/ouvrage\/9782204105941\/la-poutre-et-la-paille-ecologique"},{"id":"9781784050061","title":"Gouvernance des mers et des oc\u00e9ans","description":"La gouvernance des mers et oc\u00e9ans, d\u00e9finie comme l'ensemble des formes de participation de la soci\u00e9t\u00e9 \u00e0 la prise de d\u00e9cision en mati\u00e8re d'environnement marin, est ici principalement vue sous un angle juridique avec le droit de la mer comme d\u00e9terminant. L'ouvrage pr\u00e9sente les principaux aspects du droit maritime et l'historique de sa construction. L'exploitation des ressources vivantes, des min\u00e9raux et des r\u00e9serves \u00e9nerg\u00e9tiques marines, le transport maritime, les perturbations des \u00e9cosyst\u00e8mes marins par un trafic maritime en constante augmentation, sont pris en compte. Les enjeux juridiques ou socio\u00e9conomiques li\u00e9s au d\u00e9veloppement des \u00e9nergies marines renouvelables ou \u00e0 la mise en place d'aires marines prot\u00e9g\u00e9es sont \u00e9galement trait\u00e9s. Dans un cadre de mondialisation, la mise en oeuvre de la gestion int\u00e9gr\u00e9e des mers et littoraux est analys\u00e9e en soulignant l'int\u00e9r\u00eat de l'implication des acteurs du secteur pour assurer la durabilit\u00e9 des activit\u00e9s maritimes. La s\u00e9rie Mer et Oc\u00e9an propose une approche transversale du syst\u00e8me oc\u00e9anique qui conduit \u00e0 la gouvernance, \u00e0 la gestion des milieux, des ressources et \u00e0 l'adaptation des soci\u00e9t\u00e9s.","authors":["Andr\u00e9 Monaco","Patrick Prouzet"],"category_codes":["4000000","4010000","4010300","4010302"],"visuals":{"large":"https:\/\/images.epagine.fr\/061\/9781784050061_1_75.jpg","medium":"https:\/\/images.epagine.fr\/061\/9781784050061_1_m.jpg","thumbnail":"https:\/\/images.epagine.fr\/061\/9781784050061_1_v.jpg"},"orderable":true,"show_badge":true,"formatted_price":"58,03&nbsp;\u20ac","formatted_published_date":"2 mai 2015","publisher_availability_label":"Sur commande","short_details":"Andr\u00e9 Monaco, Patrick Prouzet \u2014 Iste","translator":null,"weight":370,"page_count":294,"readership":null,"editor":"Iste","price":5803,"published_date":"2015-05-01T22:00:00.000000Z","support":"Grand format","publisher_availability":1,"stock":0,"editions":[],"url":"https:\/\/quaidesbrumes.com\/ouvrage\/9781784050061\/gouvernance-des-mers-et-des-oceans"},{"id":"9782312036427","title":"Hybridations","description":"Le designer Alexis Tricoire, connu pour mixer v\u00e9g\u00e9taux et art monumental dans les lieux publics, s'est empar\u00e9 des Grandes Serres du Jardin des Plantes pour y glisser des lianes, fleurs et autres habitants de la for\u00eat uniquement compos\u00e9s de brosses industrielles recycl\u00e9es. Curieux \u00abNymph\u00e9as d'Aisance\u00bb dans la serre des for\u00eats tropicales humides, totem pos\u00e9 dans une clairi\u00e8re onirique, incroyables mim\u00e9tismes dans la serre des d\u00e9serts, au-del\u00e0 de l'apparence ludico-artistique, Alexis Tricoire met l'accent sur le paradoxe : La schizophr\u00e9nie soci\u00e9tale consiste \u00e0 aimer et vouloir prot\u00e9ger la for\u00eat primaire tout en produisant, consommant et jetant toujours plus d'objets industriels.","authors":["Alexis Tricoire"],"category_codes":["4000000","4010000","4010300","4010302"],"visuals":{"large":"https:\/\/images.epagine.fr\/427\/9782312036427_1_75.jpg","medium":"https:\/\/images.epagine.fr\/427\/9782312036427_1_m.jpg","thumbnail":"https:\/\/images.epagine.fr\/427\/9782312036427_1_v.jpg"},"orderable":true,"show_badge":true,"formatted_price":"28,00&nbsp;\u20ac","formatted_published_date":"1er juillet 2015","publisher_availability_label":"Sur commande","short_details":"Alexis Tricoire \u2014 Editions du Net","translator":null,"weight":278,"page_count":90,"readership":null,"editor":"Editions du Net","price":2800,"published_date":"2015-06-30T22:00:00.000000Z","support":"Grand format","publisher_availability":1,"stock":0,"editions":[],"url":"https:\/\/quaidesbrumes.com\/ouvrage\/9782312036427\/hybridations"},{"id":"9782322039852","title":"Un Apiculteur, une Apiculture ; 30 t\u00e9moignages de passionn\u00e9s de l'abeille","description":"\u00ab Un apiculteur, une apiculture \u00bb est un recueil de 30 t\u00e9moignages d'apiculteurs et de contributeurs \u00e0 la fili\u00e8re apicole.   Ces portraits illustrent la diversit\u00e9 des activit\u00e9s \u00e9conomiques,  environnementales ou scientifiques qui existent gr\u00e2ce \u00e0 l'abeille et aux  produits de la ruche.   Apiculteurs amateurs ou professionnels, \u00e0 la campagne ou en ville, scientifiques, politiques, entrepreneurs, artistes, associations s'expriment librement sur leurs actions et leurs visions de l'apiculture.   Ils font partager leurs espoirs, leurs combats, leurs r\u00e9ussites mais aussi leurs craintes face \u00e0 un environnement naturel qui se d\u00e9grade.     D\u00e9passant les clich\u00e9s sur la disparition des abeilles, ce livre porte un regard concret sur des acteurs engag\u00e9s au quotidien \u00e0 vivre leur passion.   Ce livre s'adresse aux lecteurs soucieux de l'environnement et aux apiculteurs amateurs ou professionnels qui souhaitent  approfondir leurs r\u00e9flexions sur le r\u00f4le et l'avenir de l'apiculture dans notre soci\u00e9t\u00e9.","authors":["Serge Boue","Stephanie Boue"],"category_codes":["4000000","4010000","4010200","4010208"],"visuals":{"large":"https:\/\/images.epagine.fr\/852\/9782322039852_1_75.jpg","medium":"https:\/\/images.epagine.fr\/852\/9782322039852_1_m.jpg","thumbnail":"https:\/\/images.epagine.fr\/852\/9782322039852_1_v.jpg"},"orderable":true,"show_badge":true,"formatted_price":"7,00&nbsp;\u20ac","formatted_published_date":"21 ao\u00fbt 2015","publisher_availability_label":"Sur commande","short_details":"Serge Boue, Stephanie Boue \u2014 Books on Demand","translator":null,"weight":201,"page_count":116,"readership":null,"editor":"Books on Demand","price":700,"published_date":"2015-08-20T22:00:00.000000Z","support":"Grand format","publisher_availability":1,"stock":0,"editions":[],"url":"https:\/\/quaidesbrumes.com\/ouvrage\/9782322039852\/un-apiculteur-une-apiculture-30-temoignages-de-passionnes-de-labeille"},{"id":"9782081352896","title":"Le ciel nous tombe sur la t\u00eate ; 101 r\u00e9ponses sur le climat","description":"La limitation  2 C du rchauffement global de l'atmosphre est-elle encore possible ? Peut-on sortir de l're des combustibles fossiles ? L'humanit parviendra-t-elle  grer la monte du niveau de la mer, la scheresse et les migrations massives auxquels son apptit sans limites l'a conduite ?  l'occasion de la confrence de Paris sur le climat de 2015, Brice Lalonde et Alain Herv veillent les consciences de chacun sur l'actualit ruptive du climat. Sans fatalisme ni complaisance, ces deux amis et complices conversent, dialoguent et s'affrontent autour de l'origine du ph\u00e9nom\u00e8ne et son impact sur nos modes de vie, en esquissant les nouvelles formes de civilisation \u00e0  inventer pour vivre enfin en harmonie avec notre plante.","authors":["Alain Herv\u00e9","Brice Lalonde"],"category_codes":["4000000","4010000","4010300","4010303"],"visuals":{"large":"https:\/\/images.epagine.fr\/896\/9782081352896_1_75.jpg","medium":"https:\/\/images.epagine.fr\/896\/9782081352896_1_m.jpg","thumbnail":"https:\/\/images.epagine.fr\/896\/9782081352896_1_v.jpg"},"orderable":true,"show_badge":true,"formatted_price":"15,00&nbsp;\u20ac","formatted_published_date":"4 novembre 2015","publisher_availability_label":"Sur commande","short_details":"Alain Herv\u00e9, Brice Lalonde \u2014 \u00c9ditions Arthaud","translator":null,"weight":332,"page_count":336,"readership":null,"editor":"\u00c9ditions Arthaud","price":1500,"published_date":"2015-11-03T23:00:00.000000Z","support":"Grand format","publisher_availability":1,"stock":0,"editions":[],"url":"https:\/\/quaidesbrumes.com\/ouvrage\/9782081352896\/le-ciel-nous-tombe-sur-la-tete-101-reponses-sur-le-climat"},{"id":"9782810006793","title":"Climat ; j'accuse","description":"\"Ils ne savent pas ce qu'ils font. Ils disent vouloir sauver la plan\u00e8te pour le bien de l'humanit\u00e9. Mais, si on les \u00e9coutait, les cons\u00e9quences seraient dramatiques. \r\n\r\nLorsque la plupart des responsables politiques, \u00e9conomiques ou religieux accr\u00e9ditent l'objectif de la conf\u00e9rence de Paris de r\u00e9duire de 50% les \u00e9missions de CO2 \u00e0 l'horizon 2050, non seulement ils mentent en s'appuyant sur des documents scientifiques faux mais surtout ils contribuent \u00e0 la mise en danger de mort de millions d'hommes et de femmes. \r\n\r\nCar chaque ann\u00e9e, plus de quatre millions d'\u00eatres humains meurent parce qu'ils n'ont pas ou peu d'\u00e9lectricit\u00e9 et qu'ils sont intoxiqu\u00e9s par les fum\u00e9es de foyers domestiques. D'apr\u00e8s l'OMS (Organisation Mondiale de la Sant\u00e9), ce \u00ab dirty cooking \u00bb constitue bien la premi\u00e8re cause mondiale de mortalit\u00e9 humaine. Pour faire cesser cette trag\u00e9die et plus g\u00e9n\u00e9ralement sortir de la pauvret\u00e9 plus de trois milliards d'habitants, il faut avant tout leur donner acc\u00e8s \u00e0 une \u00e9lectricit\u00e9 abondante et bon march\u00e9, que seules peuvent le plus souvent leur procurer des centrales \u00e0 gaz ou \u00e0 charbon. Mais, au nom de la lutte contre les hypoth\u00e9tiques inconv\u00e9nients du CO2, les gouvernements des pays riches voudraient le leur interdire. Les pays pauvres ne les \u00e9couteront pas, r\u00e9duisant la Conf\u00e9rence de Paris, la COP 21, \u00e0 un \u00e9chec total et c'est heureux pour l'humanit\u00e9.\"","authors":["Christophe Gerondeau"],"category_codes":["4000000","4010000","4010200","4010204"],"visuals":{"large":"https:\/\/images.epagine.fr\/793\/9782810006793_1_75.jpg","medium":"https:\/\/images.epagine.fr\/793\/9782810006793_1_m.jpg","thumbnail":"https:\/\/images.epagine.fr\/793\/9782810006793_1_v.jpg"},"orderable":true,"show_badge":true,"formatted_price":"17,00&nbsp;\u20ac","formatted_published_date":"28 octobre 2015","publisher_availability_label":"Sur commande","short_details":"Christophe Gerondeau \u2014 L'ARTILLEUR","translator":null,"weight":226,"page_count":176,"readership":null,"editor":"L'ARTILLEUR","price":1700,"published_date":"2015-10-27T23:00:00.000000Z","support":"Grand format","publisher_availability":1,"stock":0,"editions":[],"url":"https:\/\/quaidesbrumes.com\/ouvrage\/9782810006793\/climat-jaccuse"},{"id":"9782810006816","title":"L'id\u00e9ologie du r\u00e9chauffement ; science molle et doctrine dure","description":"Cet essai ne nie pas le r\u00e9chauffement de la plan\u00e8te. Au cours du XX\u00e8me si\u00e8cle, la temp\u00e9rature moyenne de la terre a augment\u00e9 de 0,6 \u00e0 0,8 degr\u00e9s.\r\nIl s'int\u00e9resse plut\u00f4t au \u00abr\u00e9chauffisme\u00bb, cette certitude que la hausse des temp\u00e9rature est anthropique. \r\nCe mouvement d'id\u00e9es pr\u00e9sente les 5 caract\u00e9ristiques d'une id\u00e9ologie, selon les crit\u00e8res \u00e9tablis par Hannah Arendt : \r\n-il est monocausal: les rejets de CO2 caus\u00e9s par l'homme expliquent \u00e0 eux seuls le r\u00e9chauffement dramatique de la plan\u00e8te. \r\n-il est scientifiste: il pr\u00e9tend s'appuyer sur une science unique, irr\u00e9futable. \r\n-il est \u00e9tatique : \u00e0 la diff\u00e9rence des religions, les id\u00e9ologies sont toujours captur\u00e9es, instrumentalis\u00e9es par des \u00e9tats. \r\n-il est r\u00e9volutionnaire : il faut tout changer pour \u00absauver\u00bb la terre. \r\n-il est populaire : l'adh\u00e9sion des peuples est forte. \r\nComme toute id\u00e9ologie, R\u00e9my Prud'homme montre que le \u00abr\u00e9chauffisme\u00bb porte en lui une tendance dangereusement totalitaire.","authors":["R\u00e9my Prud'homme"],"category_codes":["4000000","4010000","4010200","4010204"],"visuals":{"large":"https:\/\/images.epagine.fr\/816\/9782810006816_1_75.jpg","medium":"https:\/\/images.epagine.fr\/816\/9782810006816_1_m.jpg","thumbnail":"https:\/\/images.epagine.fr\/816\/9782810006816_1_v.jpg"},"orderable":true,"show_badge":true,"formatted_price":"20,00&nbsp;\u20ac","formatted_published_date":"28 octobre 2015","publisher_availability_label":"Sur commande","short_details":"R\u00e9my Prud'homme \u2014 L'ARTILLEUR","translator":null,"weight":376,"page_count":288,"readership":null,"editor":"L'ARTILLEUR","price":2000,"published_date":"2015-10-27T23:00:00.000000Z","support":"Grand format","publisher_availability":1,"stock":0,"editions":[],"url":"https:\/\/quaidesbrumes.com\/ouvrage\/9782810006816\/lideologie-du-rechauffement-science-molle-et-doctrine-dure"},{"id":"9782914053853","title":"Voies lact\u00e9es. dynamique des bassins laitiers entre globalisation et territorialisation","description":"Soumises aux forces de la mondialisation et de la territorialisation, les activit\u00e9s agricoles et les territoires \u00e9voluent. Mais comment ? Et vers quelles perspectives ?\r\nCet ouvrage propose une analyse des reconfigurations \u00e0 l'oeuvre dans sept bassins laitiers du monde, en France, au Br\u00e9sil, en Uruguay, au S\u00e9n\u00e9gal et au Vietnam. Les auteurs \u00e9clairent les itin\u00e9raires de d\u00e9veloppement de ces bassins \u00e0 travers les \u00e9volutions conjointes des syst\u00e8mes d'\u00e9levage, des territoires et des fili\u00e8res dont ils d\u00e9pendent. Ils montrent la diversit\u00e9 de leurs histoires faites d'exclusions mais aussi de compl\u00e9mentarit\u00e9s au sein d'un m\u00eame territoire entre des formes de d\u00e9veloppement plus localis\u00e9es et d'autres globalis\u00e9es.\r\nCet ouvrage s'inscrit ainsi dans le d\u00e9bat tr\u00e8s actuel de l'accompagnement des changements dans les territoires, en prenant en compte les interactions local-global dans une perspective de durabilit\u00e9.","authors":["Christian Corniaux","Bernadette Leclerc","Martine Napoleone"],"category_codes":["4000000","4010000","4010200"],"visuals":{"large":"https:\/\/images.epagine.fr\/853\/9782914053853_1_75.jpg","medium":"https:\/\/images.epagine.fr\/853\/9782914053853_1_m.jpg","thumbnail":"https:\/\/images.epagine.fr\/853\/9782914053853_1_v.jpg"},"orderable":true,"show_badge":true,"formatted_price":"25,00&nbsp;\u20ac","formatted_published_date":"1er septembre 2015","publisher_availability_label":"Sur commande","short_details":"Christian Corniaux, Bernadette Leclerc, Martine Napoleone \u2014 La Cardere","translator":null,"weight":685,"page_count":320,"readership":null,"editor":"La Cardere","price":2500,"published_date":"2015-08-31T22:00:00.000000Z","support":"Grand format","publisher_availability":1,"stock":0,"editions":[],"url":"https:\/\/quaidesbrumes.com\/ouvrage\/9782914053853\/voies-lactees-dynamique-des-bassins-laitiers-entre-globalisation-et-territorialisation"},{"id":"9791095291008","title":"Les carnets de tante Charlotte : Voyage en Abyssinie 1928 - 1929","description":"Avec \u00ab les carnets de tante Charlotte \u00bb, Genevi\u00e8ve de Kerblay nous entraine au coeur de l'empire \u00e9thiopien du d\u00e9but du si\u00e8cle dernier. Ce voyage, \u00e0 travers le regard na\u00eff d'une jeune femme artiste, nous laisse voir toute la splendeur des paysages, la richesse color\u00e9e des coutumes ethniques, la complexit\u00e9 des intrigues politiques. Entre douceur de vivre et guerres de pouvoir, \u00ab les carnets de tante Charlotte \u00bb nous livre sur un ton intimiste, ponctu\u00e9 de croquis et d'aquarelles, sa vision d'un monde en plein changement, aujourd'hui disparu.","authors":["Genevieve De Kerblay"],"category_codes":["4000000","4010000","4010300"],"visuals":{"large":"https:\/\/images.epagine.fr\/008\/9791095291008_1_75.jpg","medium":"https:\/\/images.epagine.fr\/008\/9791095291008_1_m.jpg","thumbnail":"https:\/\/images.epagine.fr\/008\/9791095291008_1_v.jpg"},"orderable":true,"show_badge":true,"formatted_price":"30,00&nbsp;\u20ac","formatted_published_date":"25 juillet 2015","publisher_availability_label":"Sur commande","short_details":"Genevieve De Kerblay \u2014 Insolente Innocence","translator":null,"weight":390,"page_count":84,"readership":null,"editor":"Insolente Innocence","price":3000,"published_date":"2015-07-24T22:00:00.000000Z","support":"Grand format","publisher_availability":1,"stock":0,"editions":[],"url":"https:\/\/quaidesbrumes.com\/ouvrage\/9791095291008\/les-carnets-de-tante-charlotte-voyage-en-abyssinie-1928-1929"},{"id":"9782354490683","title":"L'\u00e9tonnant pouvoir du soleil","description":"Nous entretenons une relation essentielle, intime, vitale avec le soleil.\r\nMais notre lien devient artificiel et marchand, parfois jusqu'\u00e0 l'addiction. On consomme aujourd'hui le soleil en oubliant qu'il nous consume. Pas de soleil, pas de vie. Trop de soleil, vie \u00e0 risque !\r\nComment en jouir sans se mettre en danger ?\r\nInutile de se clo\u00eetrer en culpabilisant. Pour profiter du soleil, il faut d'abord en comprendre le pouvoir.\r\nEntre science et litt\u00e9rature, anthropologie et m\u00e9decine, histoire et g\u00e9ographie, le lecteur est invit\u00e9, au fil de la biblioth\u00e9rapie solaire que proposent les auteurs, \u00e0 d\u00e9couvrir de nouvelles voies pour r\u00e9apprendre \u00e0 se d\u00e9lecter ardemment du soleil sans le consommer passivement.","authors":["Patrick Moureaux","Aur\u00e9lie Palud"],"category_codes":["4000000","4010000","4010200","4010207"],"visuals":{"large":"https:\/\/images.epagine.fr\/683\/9782354490683_1_75.jpg","medium":"https:\/\/images.epagine.fr\/683\/9782354490683_1_m.jpg","thumbnail":"https:\/\/images.epagine.fr\/683\/9782354490683_1_v.jpg"},"orderable":true,"show_badge":true,"formatted_price":"19,90&nbsp;\u20ac","formatted_published_date":"25 janvier 2016","publisher_availability_label":"Sur commande","short_details":"Patrick Moureaux, Aur\u00e9lie Palud \u2014 Du Palio","translator":null,"weight":264,"page_count":192,"readership":null,"editor":"Du Palio","price":1990,"published_date":"2016-01-24T23:00:00.000000Z","support":"Grand format","publisher_availability":1,"stock":0,"editions":[],"url":"https:\/\/quaidesbrumes.com\/ouvrage\/9782354490683\/letonnant-pouvoir-du-soleil"},{"id":"9782367340784","title":"Flore ornementale de nouvelle caledonie","description":"Aboutissement d'une dizaine d'ann\u00e9es de prospection de terrain, de travaux de recherche, de compilations bibliographiques et d'exp\u00e9rimentations en serre et en jardin, cet ouvrage d'exception est le premier du genre en Nouvelle-Cal\u00e9donie. Outre des connaissances g\u00e9n\u00e9rales sur la flore locale, son \u00e9conomie et son histoire, les plantes ornementales sont regroup\u00e9es en 4 parties, \u00ab les incontournables \u00bb,  \u00ables espoirs \u00bb, \u00ab les incertaines \u00bb et \u00ab les recal\u00e9es \u00bb. Chaque fiche rassemble une mine d'informations sur le mode de culture, les soins \u00e0 prodiguer, les techniques de multiplication, les utilisations en am\u00e9nagement, etc. pr\u00e9sent\u00e9es de fa\u00e7on simple et attrayante.\r\nQue vous soyez jardinier, fleuriste, p\u00e9pini\u00e9riste, paysagiste, naturaliste amateur, botaniste \u00e9clair\u00e9, enseignant, scientifique, gestionnaire d'espaces verts, passionn\u00e9 d'histoire locale ou tout simplement curieux des beaut\u00e9s de la nature, vous trouverez les informations essentielles au fil des 355 fiches couvrant pr\u00e8s de 700 esp\u00e8ces, des 1700 illustrations en couleur, des 800 r\u00e9f\u00e9rences bibliographiques, des quelques 1250 synonymes et 1500 noms vernaculaires.\r\n\u00c0 travers ce livre de r\u00e9f\u00e9rence, l'auteur a souhait\u00e9 non seulement faire partager sa passion pour une flore remarquable, mais aussi faire progresser une fili\u00e8re \u00e9conomique prometteuse, sensibiliser le lecteur \u00e0 la pr\u00e9servation d'un patrimoine exceptionnel et peut-\u00eatre, ainsi, contribuer \u00e0 inventer le jardin commun de demain.","authors":["Gateble Gildas"],"category_codes":["4000000","4010000","4010400","4010405"],"visuals":{"large":"https:\/\/images.epagine.fr\/784\/9782367340784_1_75.jpg","medium":"https:\/\/images.epagine.fr\/784\/9782367340784_1_m.jpg","thumbnail":"https:\/\/images.epagine.fr\/784\/9782367340784_1_v.jpg"},"orderable":true,"show_badge":true,"formatted_price":"76,00&nbsp;\u20ac","formatted_published_date":"1er f\u00e9vrier 2016","publisher_availability_label":"Sur commande","short_details":"Gateble Gildas \u2014 Au vent des \u00eeles","translator":null,"weight":2920,"page_count":640,"readership":null,"editor":"Au vent des \u00eeles","price":7600,"published_date":"2016-01-31T23:00:00.000000Z","support":"Grand format","publisher_availability":1,"stock":0,"editions":[],"url":"https:\/\/quaidesbrumes.com\/ouvrage\/9782367340784\/flore-ornementale-de-nouvelle-caledonie"},{"id":"9782366621525","title":"\u00e0 la d\u00e9couverte des orchid\u00e9es d'Aquitaine","description":"R\u00e9gion aux multiples facettes, des dunes landaises aux sommets pyr\u00e9n\u00e9ens en passant par les coteaux calcaires du P\u00e9rigord, l'Aquitaine voit fleurir sur son sol une riche biodiversit\u00e9 dont de multiples orchid\u00e9es. Soixante-quinze d'entre elles, la totalit\u00e9 de la flore orchidologique de la r\u00e9gion, vous attendent au fil des pages de ce livre qui vous en r\u00e9v\u00e8lera tous les secrets.\r\nApr\u00e8s une pr\u00e9sentation de la r\u00e9gion et des caract\u00e9ristiques des orchid\u00e9es, chaque esp\u00e8ce est pr\u00e9sent\u00e9e en d\u00e9tail et illustr\u00e9e?; une carte pr\u00e9cise sa r\u00e9partition.\r\n\u00c0 cela s'ajoute la description de 31 sites permettant d'aller \u00e0 la rencontre de ces plantes fascinantes mais aussi d'autres tr\u00e9sors naturels. Un tableau synth\u00e9tique permet de voir d'un coup d'oeil les p\u00e9riodes de floraison de toutes les orchid\u00e9es et rappelle les sites o\u00f9 elles sont pr\u00e9sentes vous permettant de pr\u00e9parer facilement vos sorties.","authors":["Collectif","Frank Jouandoudet"],"category_codes":["4000000","4010000","4010400","4010405"],"visuals":{"large":"https:\/\/images.epagine.fr\/525\/9782366621525_1_75.jpg","medium":"https:\/\/images.epagine.fr\/525\/9782366621525_1_m.jpg","thumbnail":"https:\/\/images.epagine.fr\/525\/9782366621525_1_v.jpg"},"orderable":true,"show_badge":true,"formatted_price":"27,00&nbsp;\u20ac","formatted_published_date":"4 ao\u00fbt 2015","publisher_availability_label":"Sur commande","short_details":"Collectif, Frank Jouandoudet \u2014 BIOTOPE","translator":null,"weight":628,"page_count":256,"readership":null,"editor":"BIOTOPE","price":2700,"published_date":"2015-08-03T22:00:00.000000Z","support":"Grand format","publisher_availability":1,"stock":0,"editions":[],"url":"https:\/\/quaidesbrumes.com\/ouvrage\/9782366621525\/a-la-decouverte-des-orchidees-daquitaine"},{"id":"9781452139890","title":"FEATHERS - DISPLAYS OF BRILLIANT PLUMAGE","description":"Exquisite images from award-winning National Geographic photographer Robert Clark offer a captivating perspective on the vast beauty and myriad functions of a seemingly simple thing: the bird feather. Each detailed close-up is paired with informative text about the utility and evolution of the feather it depicts, making this handsome marriage of art and science the ideal gift for bird lovers, natural history buffs, and photography enthusiasts.","authors":["Robert Clarke"],"category_codes":["4000000","4010000","4010300"],"visuals":{"large":"https:\/\/images.epagine.fr\/890\/9781452139890_1_75.jpg","medium":"https:\/\/images.epagine.fr\/890\/9781452139890_1_m.jpg","thumbnail":"https:\/\/images.epagine.fr\/890\/9781452139890_1_v.jpg"},"orderable":true,"show_badge":true,"formatted_price":"39,00&nbsp;\u20ac","formatted_published_date":"3 mai 2016","publisher_availability_label":"Sur commande","short_details":"Robert Clarke \u2014 CHRONICLE BOOKS","translator":null,"weight":0,"page_count":null,"readership":null,"editor":"CHRONICLE BOOKS","price":3900,"published_date":"2016-05-02T22:00:00.000000Z","support":"Grand format","publisher_availability":1,"stock":0,"editions":[],"url":"https:\/\/quaidesbrumes.com\/ouvrage\/9781452139890\/feathers-displays-of-brilliant-plumage"},{"id":"9782884193931","title":"Changement climatique c'est maintenant !","description":"Avec amusement et s\u00e9rieux, cet essai d\u00e9cortique le sujet du changement climatique. On y parlera du temps long qui est celui du climat, oppos\u00e9 au temps court de l'action politique et des contradictions qui en r\u00e9sultent. Les grandes messes internationales des conf\u00e9rences sur le climat servent-elles encore \u00e0 quelque chose ? Les vieux clivages politiques ont-ils encore un sens pour r\u00e9pondre \u00e0 ces enjeux plan\u00e9taires ? Parce que c'est notre activit\u00e9 \u00e9conomique qui est la cause principale du changement climatique, c'est dans l'activit\u00e9 \u00e9conomique que se trouve la solution.","authors":["Yann Wehrling"],"category_codes":["4000000","4010000","4010200","4010207"],"visuals":{"large":"https:\/\/images.epagine.fr\/931\/9782884193931_1_75.jpg","medium":"https:\/\/images.epagine.fr\/931\/9782884193931_1_m.jpg","thumbnail":"https:\/\/images.epagine.fr\/931\/9782884193931_1_v.jpg"},"orderable":true,"show_badge":true,"formatted_price":"16,00&nbsp;\u20ac","formatted_published_date":"20 novembre 2015","publisher_availability_label":"Sur commande","short_details":"Yann Wehrling \u2014 \u00c9ditions L'Harmattan","translator":null,"weight":324,"page_count":176,"readership":null,"editor":"\u00c9ditions L'Harmattan","price":1600,"published_date":"2015-11-19T23:00:00.000000Z","support":"Grand format","publisher_availability":1,"stock":0,"editions":[],"url":"https:\/\/quaidesbrumes.com\/ouvrage\/9782884193931\/changement-climatique-cest-maintenant"}]}