{"data":[{"id":"9782213678344","title":"Les sentinelles de la Terre : Pour pr\u00e9venir les nouveaux d\u00e9sordres de la nature","description":"Canicules, inondations, temp\u00eates : autant de fatalit\u00e9s, au dire de 62 % des Fran\u00e7ais. Ces catastrophes, dont la multiplication est la premi\u00e8re cons\u00e9quence des changements climatiques en cours, sont pourtant pr\u00e9visibles, gr\u00e2ce aux satellites qui veillent, depuis l'espace, sur notre plan\u00e8te.\r\n\r\nD'abord r\u00e9serv\u00e9s aux militaires puis aux scientifiques, les satellites ont aujourd'hui envahi notre vie quotidienne : m\u00e9t\u00e9o, Internet, t\u00e9l\u00e9phone, t\u00e9l\u00e9vision, GPS, transactions bancaires... nos activit\u00e9s professionnelles et nos loisirs reposent sur les techniques spatiales.\r\n\r\nLes satellites seront aussi demain des outils essentiels pour la s\u00e9curit\u00e9 civile et sanitaire : capables de rep\u00e9rer les d\u00e9gazages sauvages des bateaux, d'assister les \u00e9quipes de secours apr\u00e8s une catastrophe naturelle ou un conflit, de mesurer les variations du niveau des eaux ou les moindres mouvements du sol, ils permettent \u00e9galement de surveiller la pollution de l'atmosph\u00e8re ou l'\u00e9mergence des maladies tropicales.\r\n\r\n\u00c0 une \u00e9poque o\u00f9 les progr\u00e8s technologiques suscitent davantage la m\u00e9fiance que l'espoir, et alors que les \u00c9tats-Unis s'appr\u00eatent \u00e0 renforcer leur pr\u00e9sence militaire dans l'espace, Jos\u00e9 Achache montre que, gr\u00e2ce \u00e0 ces \u00ab sentinelles de la Terre \u00bb, l'Europe pourrait prendre le leadership d'un syst\u00e8me de pr\u00e9vision des catastrophes et de surveillance de l'environnement, oeuvrant ainsi \u00e0 la s\u00e9curit\u00e9 de la plan\u00e8te.","authors":["Jos\u00e9 Achache"],"category_codes":["4000000","4010000","4010200","4010204"],"visuals":{"large":"https:\/\/images.epagine.fr\/344\/9782213678344_1_75.jpg","medium":"https:\/\/images.epagine.fr\/344\/9782213678344_1_m.jpg","thumbnail":"https:\/\/images.epagine.fr\/344\/9782213678344_1_v.jpg"},"orderable":true,"show_badge":true,"formatted_price":"24,00&nbsp;\u20ac","formatted_published_date":"13 juin 2013","publisher_availability_label":"Sur commande","short_details":"Jos\u00e9 Achache \u2014 Fayard","translator":null,"weight":220,"page_count":192,"readership":null,"editor":"Fayard","price":2400,"published_date":"2013-06-12T22:00:00.000000Z","support":"Grand format","publisher_availability":1,"stock":0,"editions":[],"url":"https:\/\/quaidesbrumes.com\/ouvrage\/9782213678344\/les-sentinelles-de-la-terre-pour-prevenir-les-nouveaux-desordres-de-la-nature"},{"id":"9782755804317","title":"La vie dans les dunes","description":null,"authors":["Gouguet Loic"],"category_codes":["4000000","4010000","4010300"],"visuals":{"large":"https:\/\/images.epagine.fr\/317\/9782755804317_1_75.jpg","medium":"https:\/\/images.epagine.fr\/317\/9782755804317_1_m.jpg","thumbnail":"https:\/\/images.epagine.fr\/317\/9782755804317_1_v.jpg"},"orderable":true,"show_badge":true,"formatted_price":"5,00&nbsp;\u20ac","formatted_published_date":"1er juillet 2013","publisher_availability_label":"Sur commande","short_details":"Gouguet Loic \u2014 Gisserot","translator":null,"weight":160,"page_count":null,"readership":null,"editor":"Gisserot","price":500,"published_date":"2013-06-30T22:00:00.000000Z","support":"Grand format","publisher_availability":1,"stock":0,"editions":[],"url":"https:\/\/quaidesbrumes.com\/ouvrage\/9782755804317\/la-vie-dans-les-dunes"},{"id":"9782874892653","title":"Nichoirs et mangeoires : astuces et conseils pour accueillir les oiseaux au jardin","description":"Ce livre sympa prodigue maints conseils pour rendre votre jardin attractif, et le plus attirant possible pour un grand nombre d'esp\u00e8ces d'oiseaux. Il vous aidera \u00e0 am\u00e9liorer votre observation quotidienne des oiseaux qui vivent \u00e0 votre porte. Haie sauvage, mare, verger, potager, compost, tas de bois, vieux murs...  Ce livre aborde aussi tous les atouts qu'un jardin peut compter pour accueillir un maximum d'oiseaux sauvages. Alors, pourquoi se priverait-on d'un tel bonheur ?","authors":["Fasol-Hubaut-Dieu"],"category_codes":["4000000","4010000","4010300"],"visuals":{"large":"https:\/\/images.epagine.fr\/653\/9782874892653_1_75.jpg","medium":"https:\/\/images.epagine.fr\/653\/9782874892653_1_m.jpg","thumbnail":"https:\/\/images.epagine.fr\/653\/9782874892653_1_v.jpg"},"orderable":true,"show_badge":true,"formatted_price":"20,00&nbsp;\u20ac","formatted_published_date":"14 juin 2014","publisher_availability_label":"Sur commande","short_details":"Fasol-Hubaut-Dieu \u2014 Weyrich","translator":null,"weight":500,"page_count":148,"readership":null,"editor":"Weyrich","price":2000,"published_date":"2014-06-13T22:00:00.000000Z","support":"Grand format","publisher_availability":1,"stock":0,"editions":[],"url":"https:\/\/quaidesbrumes.com\/ouvrage\/9782874892653\/nichoirs-et-mangeoires-astuces-et-conseils-pour-accueillir-les-oiseaux-au-jardin"},{"id":"9782940365692","title":"La Catogne","description":"La Murithienne, soci\u00c3\u00a9t\u00c3\u00a9 valaisanne des sciences naturelles, et Rossolis ont d\u00c3\u00a9cid\u00c3\u00a9 de poursuivre les efforts li\u00c3\u00a9 \u00c3\u00a0 la collection \u00c2\u00ab Conna\u00c3\u00aetre la nature en Valais \u00c2\u00bb. Le premier nouveau volume est consacr\u00c3\u00a9 au Catogne, sommet que tout le monde voit depuis l\u00e2\u20ac\u2122autoroute au-dessus de Martigny, mais que personne ne conna\u00c3\u00aet. Personne, sauf Egidio Anchisi, ancien jardinier-chef du jardin alpin de Champex, qui l\u00e2\u20ac\u2122a gravi sur toutes ses faces et le documente depuis plus de trente ans.\r\nC\u00e2\u20ac\u2122est donc un portrait particuli\u00c3\u00a8rement fouill\u00c3\u00a9 que nous offre ce botaniste chevronn\u00c3\u00a9. Il d\u00c3\u00a9crit l\u00e2\u20ac\u2122histoire, la v\u00c3\u00a9g\u00c3\u00a9tation, les esp\u00c3\u00a8ces rares et moins rares, mais aussi les usages des plantes et nombres d\u00e2\u20ac\u2122anecdotes personnelles. L\u00e2\u20ac\u2122ouvrage est tr\u00c3\u00a8s richement illustr\u00c3\u00a9 et plusieurs itin\u00c3\u00a9raires sont d\u00c3\u00a9crits pour atteindre le sommet. Enfin, le catalogue de toutes les plantes r\u00c3\u00a9pertori\u00c3\u00a9es \u00c3\u00a0 l\u00e2\u20ac\u2122\u00c3\u00a9tage alpin du Catogne est publi\u00c3\u00a9 pour la premi\u00c3\u00a8re fois, donnant une touche scientifique \u00c3\u00a0 cet ouvrage de vulgarisation.\r","authors":["Egidio Anchisi"],"category_codes":["4000000","4010000","4010400","4010405"],"visuals":{"large":"https:\/\/images.epagine.fr\/692\/9782940365692_1_75.jpg","medium":"https:\/\/images.epagine.fr\/692\/9782940365692_1_m.jpg","thumbnail":"https:\/\/images.epagine.fr\/692\/9782940365692_1_v.jpg"},"orderable":true,"show_badge":true,"formatted_price":"37,00&nbsp;\u20ac","formatted_published_date":"21 mars 2014","publisher_availability_label":"Sur commande","short_details":"Egidio Anchisi \u2014 Rossolis","translator":null,"weight":672,"page_count":null,"readership":null,"editor":"Rossolis","price":3700,"published_date":"2014-03-20T23:00:00.000000Z","support":"Grand format","publisher_availability":1,"stock":0,"editions":[],"url":"https:\/\/quaidesbrumes.com\/ouvrage\/9782940365692\/la-catogne"},{"id":"9782371270176","title":"L'arpenteur moucheur","description":"Ce livre est un petit trait\u00e9 amoureux consacr\u00e9 \u00e0 la p\u00eache \u00e0 la mouche. \u00c0 l'origine, une intention double : d'une part se d\u00e9marquer des standards litt\u00e9raires consacr\u00e9s \u00e0 la p\u00eache en g\u00e9n\u00e9ral et \u00e0 la p\u00eache \u00e0 la mouche en particulier (les r\u00e9cits\/anecdotes de p\u00eache) et d'autre part, livrer une grammaire intime contemporaine de la p\u00eache \u00e0 la mouche. Entre po\u00e9sie, dr\u00f4lerie et indignation, et dans une succession de th\u00e8mes propres \u00e0 cette discipline, ce livre \u00e9bauche quelque chose d'indispensable \u00e0 l'\u00e2me humaine que le monde tend \u00e0 \u00e9parpiller.\r","authors":["Julien Pouille"],"category_codes":["4000000","4010000","4010500","4010502"],"visuals":{"large":"https:\/\/images.epagine.fr\/176\/9782371270176_1_75.jpg","medium":"https:\/\/images.epagine.fr\/176\/9782371270176_1_m.jpg","thumbnail":"https:\/\/images.epagine.fr\/176\/9782371270176_1_v.jpg"},"orderable":true,"show_badge":true,"formatted_price":"20,00&nbsp;\u20ac","formatted_published_date":"8 janvier 2015","publisher_availability_label":"Sur commande","short_details":"Julien Pouille \u2014 La Cheminante","translator":null,"weight":232,"page_count":96,"readership":null,"editor":"La Cheminante","price":2000,"published_date":"2015-01-07T23:00:00.000000Z","support":"Grand format","publisher_availability":1,"stock":0,"editions":[],"url":"https:\/\/quaidesbrumes.com\/ouvrage\/9782371270176\/larpenteur-moucheur"},{"id":"9782705673291","title":"Plantes transg\u00e9niques: quelle \u00e9valuation \u00e9thique ?","description":"Le d\u00e9veloppement et la commercialisation de plantes g\u00e9n\u00e9tiquement modifi\u00e9es, ou de produits alimentaires qui en sont issus suscitent depuis les ann\u00e9es 1990 de nombreuses controverses. Confront\u00e9s aux diverses oppositions exprim\u00e9es par le public, plusieurs pays ont eu recours ces derni\u00e8res ann\u00e9es \u00e0 des comit\u00e9s d'\u00e9thique, ayant pour mission de proc\u00e9der \u00e0 une \u00e9valuation \u00e9thique de la diffusion de cultures de plantes transg\u00e9niques. Ces comit\u00e9s sont cens\u00e9s \u00eatre pluralistes et fournir des avis ind\u00e9pendants. Afin d'examiner si tel en est le cas, nous nous interrogeons sur la fa\u00e7on dont fonctionnent ces comit\u00e9s et analysons comment s'y pratique une \u00e9thique appliqu\u00e9e. Ces comit\u00e9s sont-ils effectivement des lieux o\u00f9 s'exprime une v\u00e9ritable pluralit\u00e9 de points de vue ? Comment a-t-on construit des avis consensuels ? Quels pr\u00e9suppos\u00e9s philosophiques pr\u00e9sident \u00e0 la formation de ces avis ? Les avis ont-ils \u00e9t\u00e9 pris en compte par le politique ? Ont-ils \u00e9t\u00e9 \u00e0 l'origine de d\u00e9bats ouverts et poursuivis dans d'autres ar\u00e8nes et milieux ? Au vu de l'analyse du fonctionnement de ces comit\u00e9s et de l'examen du contenu de leurs avis, nous proposons enfin une m\u00e9thode pour l'\u00e9valuation \u00e9thique des plantes transg\u00e9niques. L'ensemble de cette \u00e9tude nous permettra de formuler des recommandations \u00e0 la fois sur le fonctionnement des comit\u00e9s d'\u00e9thique et sur l'articulation de leur travail avec le d\u00e9bat public.","authors":["Catherine Baudoin"],"category_codes":["4000000","4010000","4010400"],"visuals":{"large":"https:\/\/images.epagine.fr\/291\/9782705673291_1_75.jpg","medium":"https:\/\/images.epagine.fr\/291\/9782705673291_1_m.jpg","thumbnail":"https:\/\/images.epagine.fr\/291\/9782705673291_1_v.jpg"},"orderable":true,"show_badge":true,"formatted_price":"25,00&nbsp;\u20ac","formatted_published_date":"12 juin 2014","publisher_availability_label":"Sur commande","short_details":"Catherine Baudoin \u2014 Hermann","translator":null,"weight":326,"page_count":210,"readership":null,"editor":"Hermann","price":2500,"published_date":"2014-06-11T22:00:00.000000Z","support":"Grand format","publisher_availability":1,"stock":0,"editions":[],"url":"https:\/\/quaidesbrumes.com\/ouvrage\/9782705673291\/plantes-transgeniques-quelle-evaluation-ethique"},{"id":"9782855579023","title":"Le droit de la chasse","description":"Cet ouvrage explore en profondeur le cadre juridique \u00e9volutif de cette discipline ancestrale, au coeur du droit environnemental fran\u00e7ais. Une plong\u00e9e dans l'histoire riche et complexe du droit de la chasse, de ses origines m\u00e9di\u00e9vales \u00e0 la l\u00e9gislation moderne, fa\u00e7onn\u00e9e par des si\u00e8cles de pr\u00e9occupations allant de la s\u00e9curit\u00e9 publique \u00e0 la pr\u00e9servation de la biodiversit\u00e9.\r\n  \r\nCette 2e \u00e9dition mise \u00e0 jour vous offre une analyse compl\u00e8te des r\u00e9formes r\u00e9centes, notamment celles du XXIe si\u00e8cle, qui ont int\u00e9gr\u00e9 les avanc\u00e9es du droit de l'environnement et du droit communautaire. Vous y d\u00e9couvrirez les \u00e9volutions majeures concernant l'organisation de la chasse, le permis de chasser, la gestion des esp\u00e8ces, et l'indemnisation des d\u00e9g\u00e2ts caus\u00e9s par le grand gibier. L'ouvrage aborde \u00e9galement les enjeux contemporains tels que la nouvelle organisation administrative, les modifications des modes de chasse traditionnels, et les impacts l\u00e9gislatifs sur les territoires de chasse.\r\n  \r\nQue vous soyez juriste, gestionnaire de territoire, membre d'une f\u00e9d\u00e9ration de chasse ou simplement un passionn\u00e9, cet ouvrage vous fournira les cl\u00e9s pour comprendre et naviguer dans le cadre l\u00e9gal actuel, tout en anticipant les \u00e9volutions \u00e0 venir. Ne manquez pas cette opportunit\u00e9 d'approfondir vos connaissances avec une ressource essentielle et \u00e0 jour.","authors":["Annie Charlez"],"category_codes":["8000000","8030000","8030300"],"visuals":{"large":"https:\/\/images.epagine.fr\/023\/9782855579023_1_75.jpg","medium":"https:\/\/images.epagine.fr\/023\/9782855579023_1_m.jpg","thumbnail":"https:\/\/images.epagine.fr\/023\/9782855579023_1_v.jpg"},"orderable":false,"show_badge":true,"formatted_price":"39,00&nbsp;\u20ac","formatted_published_date":null,"publisher_availability_label":"\u00c0 para\u00eetre","short_details":"Annie Charlez \u2014 FRANCE AGRICOLE","translator":null,"weight":0,"page_count":null,"readership":"Tout public","editor":"FRANCE AGRICOLE","price":3900,"published_date":null,"support":"Grand format","publisher_availability":2,"stock":0,"editions":[],"url":"https:\/\/quaidesbrumes.com\/ouvrage\/9782855579023\/le-droit-de-la-chasse"},{"id":"9791093558004","title":"La nature, rien que du bonheur !","description":"La Nature est source de bien-\u00eatre, de beaut\u00e9, de vertu . avec les mod\u00e8les attractifs et ludiques propos\u00e9s dans ce livret, voici l'occasion d'explorer les tr\u00e9sors qu'elle nous offre.\r\nApprendre la Nature en cr\u00e9ant Quel bonheur de d\u00e9couvrir l'histoire d'un v\u00e9g\u00e9tal ou d'une fleur avant de l'utiliser dans de sympathiques r\u00e9alisations. Avant de fabriquer une ribambelle d'ours et autres r\u00e9alisations florales, l'envie sera au rendez- vous pour tout conna\u00eetre de la mousse, le raphia, le lichen, les p\u00e2querettes, le renoncule, etc.\r\nLes v\u00e9g\u00e9taux prennent vie tout en s'amusant !\r\nEn faisant d\u00e9couvrir diff\u00e9remment la Nature aux plus jeunes, les auteurs cherchent \u00e0 transmettre le go\u00fbt des fleurs et des v\u00e9g\u00e9taux et \u00e0 entretenir les r\u00e9flexes pour les pr\u00e9server. Avec un peu d'Art cr\u00e9atif et beaucoup d'Art floral, elles nous invitent \u00e0 d\u00e9velopper les capacit\u00e9s cr\u00e9atives des enfants tout en cultivant l'\u00e9veil des sens au contact de la Nature.\r\nUne activit\u00e9 Nature qui se partage entre petits et grands Avec m\u00e9thode, claret\u00e9 et simplicit\u00e9, des passionn\u00e9s livrent leurs techniques pour fa\u00e7onner avec du grillage, sculpter avec de la ficelle, piquer et coller ou d\u00e9tourner et recycler. Pour chaque mod\u00e8le, des symboles indiquent le temps de r\u00e9alisation, sa dur\u00e9e de conservation, le niveau de difficult\u00e9, le mat\u00e9riel indispensable et la disponibilt\u00e9 des fleurs selon les saisons. Accompagn\u00e9 d'explications et de nombreuses photos, cet outil permet de faire d\u00e9couvrir les bienfaits de la cr\u00e9ativit\u00e9 (observation,imagination,concentration, curiosit\u00e9, patience, t\u00e9nacit\u00e9.) et le bien-\u00eatre qu'apportent les fleurs et le travail manuel.\r","authors":["Chantal Detry","Charlette Grange"],"category_codes":["4000000","4010000","4010400"],"visuals":{"large":"https:\/\/images.epagine.fr\/004\/9791093558004_1_75.jpg","medium":"https:\/\/images.epagine.fr\/004\/9791093558004_1_m.jpg","thumbnail":"https:\/\/images.epagine.fr\/004\/9791093558004_1_v.jpg"},"orderable":true,"show_badge":true,"formatted_price":"23,90&nbsp;\u20ac","formatted_published_date":"4 septembre 2014","publisher_availability_label":"Sur commande","short_details":"Chantal Detry, Charlette Grange \u2014 Editions C.Grange","translator":null,"weight":460,"page_count":96,"readership":null,"editor":"Editions C.Grange","price":2390,"published_date":"2014-09-03T22:00:00.000000Z","support":"Grand format","publisher_availability":1,"stock":0,"editions":[],"url":"https:\/\/quaidesbrumes.com\/ouvrage\/9791093558004\/la-nature-rien-que-du-bonheur"},{"id":"9791093558011","title":"Fleuriste en herbe","description":"Dans ce tome 2, les auteurs montrent le chemin pour animer des ateliers de cr\u00e9ations v\u00e9g\u00e9tales : une activit\u00e9 de loisirs cr\u00e9atifs pour se rapprocher de la Nature et transmettre le go\u00fbt des fleurs aux plus jeunes.                                                            \r\nApprendre la Nature en cr\u00e9ant et en s'amusant Pour d\u00e9couvrir diff\u00e9remment la Nature, l'univers des fleurs se raconte avec des anecdotes, des l\u00e9gendes et des histoires. Les toucher, les sentir, apprendre \u00e0 les conna\u00eetre et \u00e0 les comprendre avant de les travailler, Les v\u00e9g\u00e9taux prennent vie dans des cr\u00e9ations florales.                                                                             \r\nUn peu de botanique, un peu d'Art cr\u00e9atif et beaucoup d'Art foral , voici une approche p\u00e9dagogique qui sensibilise aux bienfaits des v\u00e9g\u00e9taux et au bien-\u00eatre du travail manuel.                                         \r\nAnniversaires, f\u00eates des m\u00e8res et des mamies, P\u00e2ques, No\u00eal .sont autant d'occasions pour faire entrer la Nature dans les maisons.                                                                                     V\u00e9ritable kit p\u00e9dagogique, ce livret met \u00e0 port\u00e9e de tous le plaisir de r\u00e9aliser soi-m\u00eame des cadeaux floraux originaux et offre l'opportunit\u00e9 de sensibiliser \u00e0 la protection de l'environnement : recyclage, glanage, d\u00e9veloppement durable .\r","authors":["Chantal Detry","Charlette Grange"],"category_codes":["4000000","4010000","4010400"],"visuals":{"large":"https:\/\/images.epagine.fr\/011\/9791093558011_1_75.jpg","medium":"https:\/\/images.epagine.fr\/011\/9791093558011_1_m.jpg","thumbnail":"https:\/\/images.epagine.fr\/011\/9791093558011_1_v.jpg"},"orderable":true,"show_badge":true,"formatted_price":"23,90&nbsp;\u20ac","formatted_published_date":"4 septembre 2014","publisher_availability_label":"Sur commande","short_details":"Chantal Detry, Charlette Grange \u2014 Editions C.Grange","translator":null,"weight":460,"page_count":96,"readership":null,"editor":"Editions C.Grange","price":2390,"published_date":"2014-09-03T22:00:00.000000Z","support":"Grand format","publisher_availability":1,"stock":0,"editions":[],"url":"https:\/\/quaidesbrumes.com\/ouvrage\/9791093558011\/fleuriste-en-herbe"},{"id":"9782856537640","title":"Cunoniaceae ; flore de la Nouvelle-Cal\u00e9donie","description":"Ce nouvel ouvrage de la Flore de Nouvelle-Cal\u00e9donie, publi\u00e9 coinjointement par le Mus\u00e9um national d'Histoire naturelle et l'Institut de Recherche pour le D\u00e9veloppement (IRD), est une monographie sans pr\u00e9c\u00e9dent des Cunoniaceae de Nouvelle-Cal\u00e9donie. Cette famille de pr\u00e8s de 350 esp\u00e8ces, de r\u00e9partition essentiellement australe, est particuli\u00e8rement bien repr\u00e9sent\u00e9e sur le territopire, o\u00f9 ont \u00e9t\u00e9 recens\u00e9es 91 esp\u00e8ce, toutes end\u00e9miques, r\u00e9parties en sept genres : Codia, Cunonia, Geissois, Hooglandia, Pancheria, Spiraeanthemum, Weinmannia. \r\nApr\u00e8s une pr\u00e9sentation g\u00e9n\u00e9rale de la famille, la description de chaque genre et des esp\u00e8ces qu'il comporte est accompagn\u00e9e de cl\u00e9s d'identification nombreuses et illustr\u00e9es, de cartes de r\u00e9partition, de dessins au trait. L'ensemble est enrichi par de nombreuses photographies.\r","authors":["Collectif"],"category_codes":["4000000","4010000","4010400"],"visuals":{"large":"https:\/\/images.epagine.fr\/640\/9782856537640_1_75.jpg","medium":"https:\/\/images.epagine.fr\/640\/9782856537640_1_m.jpg","thumbnail":"https:\/\/images.epagine.fr\/640\/9782856537640_1_v.jpg"},"orderable":true,"show_badge":true,"formatted_price":"59,00&nbsp;\u20ac","formatted_published_date":"30 janvier 2015","publisher_availability_label":"Sur commande","short_details":"Collectif \u2014 Museum National D'Histoire Naturelle","translator":null,"weight":1058,"page_count":456,"readership":null,"editor":"Museum National D'Histoire Naturelle","price":5900,"published_date":"2015-01-29T23:00:00.000000Z","support":"Grand format","publisher_availability":1,"stock":0,"editions":[],"url":"https:\/\/quaidesbrumes.com\/ouvrage\/9782856537640\/cunoniaceae-flore-de-la-nouvelle-caledonie"},{"id":"9782856537626","title":"Livre rouge des plantes menac\u00e9es aux Antilles fran\u00e7aises","description":"Le Livre rouge des plantes menac\u00e9es aux Antilles fran\u00e7aises est l'aboutissement de pr\u00e8s de trente ann\u00e9es d'inventaires floristiques et d'expertises environnementales appliqu\u00e9s \u00e0 la flore de la Guadeloupe et de la Martinique. Il s'agit du premier livre rouge ayant pour sujet la flore menac\u00e9e d'une r\u00e9gion fran\u00e7aise et appliquant strictement la m\u00e9thodologie cr\u00e9\u00e9e en 2001 par l'Union internationale pour la Conservation de la Nature (UICN). Il constitue ainsi la suite logique de la Liste rouge des v\u00e9g\u00e9taux aux Antilles fran\u00e7aises de l'UICN. La r\u00e9daction aura mobilis\u00e9 une quinzaine de botanistes pendant pr\u00e8s de sept ann\u00e9es, tant aux Antilles fran\u00e7aises qu'en m\u00e9tropole, appartenant \u00e0 diff\u00e9rentes institutions scientifiques (Conservatoire botanique des \u00eeles de Guadeloupe, Conservatoire botanique de Martinique, Mus\u00e9um national d'Histoire naturelle, CIRAD, INRA, universit\u00e9 des Antilles et de la Guyane) ou bien ind\u00e9pendants, tous experts de la flore antillaise.\r\n\r\nCet ouvrage pr\u00e9sente les 187 taxons consid\u00e9r\u00e9s comme les plus menac\u00e9s d'extinction en Guadeloupe et en Martinique. Chacun de ces taxons fait l'objet d'une fiche descriptive compl\u00e8te, avec photographies et cartes de r\u00e9partition, informant de l'\u00e9tat et de la tendance actuelle des populations naturelles. Afin que ces populations v\u00e9g\u00e9tales soient mieux prot\u00e9g\u00e9es et sauvegard\u00e9es, ces fiches donnent des explications sur les menaces les plus graves et leurs causes ainsi que des propositions de mesures de conservation pour l'avenir.\r\n\r\nLe Livre rouge des plantes menac\u00e9es aux Antilles fran\u00e7aises sera une aide pr\u00e9cieuse pour les acteurs politiques du d\u00e9veloppement durable et de l'am\u00e9nagement des Antilles fran\u00e7aises, ainsi que pour les gestionnaires et les conservateurs du patrimoine naturel.\r","authors":["Collectif"],"category_codes":["4000000","4010000","4010400"],"visuals":{"large":"https:\/\/images.epagine.fr\/626\/9782856537626_1_75.jpg","medium":"https:\/\/images.epagine.fr\/626\/9782856537626_1_m.jpg","thumbnail":"https:\/\/images.epagine.fr\/626\/9782856537626_1_v.jpg"},"orderable":true,"show_badge":true,"formatted_price":"50,00&nbsp;\u20ac","formatted_published_date":"12 d\u00e9cembre 2014","publisher_availability_label":"Sur commande","short_details":"Collectif \u2014 Museum National D'Histoire Naturelle","translator":null,"weight":2230,"page_count":464,"readership":null,"editor":"Museum National D'Histoire Naturelle","price":5000,"published_date":"2014-12-11T23:00:00.000000Z","support":"Grand format","publisher_availability":1,"stock":0,"editions":[],"url":"https:\/\/quaidesbrumes.com\/ouvrage\/9782856537626\/livre-rouge-des-plantes-menacees-aux-antilles-francaises"},{"id":"9782970098201","title":"Dieu, l'\u00e9cologie et moi","description":null,"authors":["Bookless Dave"],"category_codes":["4000000","4010000","4010200"],"visuals":{"large":"https:\/\/images.epagine.fr\/201\/9782970098201_1_75.jpg","medium":"https:\/\/images.epagine.fr\/201\/9782970098201_1_m.jpg","thumbnail":"https:\/\/images.epagine.fr\/201\/9782970098201_1_v.jpg"},"orderable":true,"show_badge":true,"formatted_price":"12,00&nbsp;\u20ac","formatted_published_date":"1er octobre 2014","publisher_availability_label":"Sur commande","short_details":"Bookless Dave \u2014 Je Seme","translator":null,"weight":150,"page_count":208,"readership":null,"editor":"Je Seme","price":1200,"published_date":"2014-09-30T22:00:00.000000Z","support":"Grand format","publisher_availability":1,"stock":0,"editions":[],"url":"https:\/\/quaidesbrumes.com\/ouvrage\/9782970098201\/dieu-lecologie-et-moi"},{"id":"9782705690472","title":"L'alimentation et le temps qu'il fait","description":"Nourriture et \u00ab m\u00e9t\u00e9o \u00bb sont deux facteurs \u00e9l\u00e9mentaires, intimement li\u00e9s, de la vie des hommes. Qui ne conna\u00eet la \u00ab marchande des quatre-saisons \u00bb vendant les fruits et l\u00e9gumes du moment, ou l'impr\u00e9voyante cigale de La Fontaine, \u00ab fort d\u00e9pourvue \/ Quand la bise fut venue \u00bb ?\r\nL'alimentation et le temps qu'il fait sont deux \u00ab ph\u00e9nom\u00e8nes totaux \u00bb : ils rel\u00e8vent d'une exp\u00e9rience corporelle, de facteurs \u00e9motionnels et d'un apprentissage socioculturel. Ils d\u00e9terminent la vie quotidienne \u00e0 tous les niveaux ; et les hommes cherchent \u00e0 r\u00e9gler cette double d\u00e9pendance par des normes collectives, dans une vis\u00e9e de contr\u00f4le, de pr\u00e9vision et de protection. \r\nDans ce volume, les contributions de chercheurs d'horizons disciplinaires diff\u00e9rents    m\u00e9t\u00e9orologie, g\u00e9ographie, histoire, sociologie, litt\u00e9rature, ethnologie   \u00e9tudient le lien \u00e9troit entre food and weather sous tous les aspects. Chacun subit le rythme des repas et celui des saisons, le \u00ab temps qui passe \u00bb et le \u00ab temps qu'il fait \u00bb : le repas en plein air les associe de la fa\u00e7on la plus frappante. L'\u00e9tat du ciel et les nourritures et boissons repr\u00e9sentent une exp\u00e9rience partag\u00e9e, voire une communaut\u00e9. Consid\u00e9r\u00e9e dans la longue dur\u00e9e, l'identit\u00e9 d'un groupe est donc d\u00e9termin\u00e9e \u00e0 la fois par ses repr\u00e9sentations d'un climat donn\u00e9 et par une culture alimentaire sp\u00e9cifique.","authors":["Karin Becker","Vincent Moriniaux","Martine Tabeaud"],"category_codes":["4000000","4010000","4010300","4010303"],"visuals":{"large":"https:\/\/images.epagine.fr\/472\/9782705690472_1_75.jpg","medium":"https:\/\/images.epagine.fr\/472\/9782705690472_1_m.jpg","thumbnail":"https:\/\/images.epagine.fr\/472\/9782705690472_1_v.jpg"},"orderable":true,"show_badge":true,"formatted_price":"45,00&nbsp;\u20ac","formatted_published_date":"22 avril 2015","publisher_availability_label":"Sur commande","short_details":"Karin Becker, Vincent Moriniaux, Martine Tabeaud \u2014 Hermann","translator":null,"weight":650,"page_count":448,"readership":null,"editor":"Hermann","price":4500,"published_date":"2015-04-21T22:00:00.000000Z","support":"Grand format","publisher_availability":1,"stock":0,"editions":[],"url":"https:\/\/quaidesbrumes.com\/ouvrage\/9782705690472\/lalimentation-et-le-temps-quil-fait"},{"id":"9782914007566","title":"Escalades \u00e0 Presles","description":"300 grandes voies et + de 300 voies sportives.\r\n\r\nRochers de Nugues.\r\nSecteur \u00e9cole du CREPS.\r\nTina dalle.\r\nGuarany.\r\nBalme \u00e9trange.\r\nPierrot Beach.\r\nDaladom.\r\nRochers de Presles.\r\nRochers du Ranc.\r\nPortraits des principaux \u00e9quipeurs.\r","authors":["Dominique Duhaut"],"category_codes":["4000000","4010000","4010500","4010503"],"visuals":{"large":"https:\/\/images.epagine.fr\/566\/9782914007566_1_75.jpg","medium":"https:\/\/images.epagine.fr\/566\/9782914007566_1_m.jpg","thumbnail":"https:\/\/images.epagine.fr\/566\/9782914007566_1_v.jpg"},"orderable":true,"show_badge":true,"formatted_price":"18,00&nbsp;\u20ac","formatted_published_date":"17 d\u00e9cembre 2014","publisher_availability_label":"Sur commande","short_details":"Dominique Duhaut \u2014 Promo Grimpe","translator":null,"weight":317,"page_count":226,"readership":null,"editor":"Promo Grimpe","price":1800,"published_date":"2014-12-16T23:00:00.000000Z","support":"Grand format","publisher_availability":1,"stock":0,"editions":["9782914007634"],"url":"https:\/\/quaidesbrumes.com\/ouvrage\/9782914007566\/escalades-a-presles"},{"id":"9782914007429","title":"Grimper en Is\u00e8re ; Chartreuse, Belledonne, Oisans, Nord-Is\u00e8re","description":"38 sites sportifs (1300 voies) sur le d\u00e9partement de l'Is\u00e8re (hors r\u00e9gion grenobloise et Vercors).\r\n\r\nLa Betta.\r\nL'Arselle.\r\nLa Croix de Chamrousse.\r\nAulp du Seuil.\r\nDent de Crolles (face ouest).\r\nCol du Coq.\r\nRochers du Mollard.\r\nLes Ecoutoux.\r\nSaint-Eynard.\r\nRochers du Bret.\r\nPont de Vence.\r\nRoche-Brune.\r\nSaint-Aupre.\r\nGorges du Crossey.\r\nL'Albenc.\r\nHi\u00e8res sur Amby.\r\nVertrieu.\r\nVernas.\r\nTour de Montl\u00e9ans.\r\nVersenat.\r\nLe Villaret.\r\nLa Cascade.\r\nLa Chalp.\r\nRioup\u00e9roux.\r\nLivet.\r\nPetites Jorasses.\r\nL'Alpe d'Huez.\r\nLe Vernis.\r\nLes Etroits.\r\nLe Collet.\r\nLa B\u00e9rarde.\r\nPont du pr\u00eatre.\r\nValjouffrey.\r\nLes Doras.\r\nPorcieu.\r\nRochers des 11 Heures.\r\nChantelouve.\r\nCord\u00e9ac.\r","authors":["Dominique Duhaut"],"category_codes":["4000000","4010000","4010500","4010503"],"visuals":{"large":"https:\/\/images.epagine.fr\/429\/9782914007429_1_75.jpg","medium":"https:\/\/images.epagine.fr\/429\/9782914007429_1_m.jpg","thumbnail":"https:\/\/images.epagine.fr\/429\/9782914007429_1_v.jpg"},"orderable":true,"show_badge":true,"formatted_price":"16,00&nbsp;\u20ac","formatted_published_date":"1er juillet 2011","publisher_availability_label":"Sur commande","short_details":"Dominique Duhaut \u2014 Promo Grimpe","translator":null,"weight":300,"page_count":184,"readership":null,"editor":"Promo Grimpe","price":1600,"published_date":"2011-06-30T22:00:00.000000Z","support":"Grand format","publisher_availability":1,"stock":0,"editions":[],"url":"https:\/\/quaidesbrumes.com\/ouvrage\/9782914007429\/grimper-en-isere-chartreuse-belledonne-oisans-nord-isere"},{"id":"9782914007092","title":"Escalades en Vercors, Chartreuse et D\u00e9voluy : 217 voies d'escalade choisies","description":"3 massifs couverts, 35 sites d\u00e9crits (216 grandes voies d'escalade).\r\n\r\nMont Aiguille.\r\nRochers du Playnet.\r\nRocher de la Peyrouse.\r\nDeux Soeurs.\r\nSultanes.\r\nGerbier.\r\nRanc des Agnelons.\r\nPic St-Michel.\r\nRocher St-Michel.\r\nBourgeoise.\r\nMoucherotte.\r\nTrois Pucelles.\r\nRochers de Gonson.\r\nGorges du Nant.\r\nCournouses.\r\nSerre Ch\u00e2telar.\r\nRochers de l'Epenet.\r\nChamechaude.\r\nDent de Crolles.\r\nRochers du Midi.\r\nD\u00f4me de Bellefond.\r\nCharassons.\r\nAiguillette St-Michel.\r\nAup du Seuil.\r\nGrand Manti.\r\nLa Rousse.\r\nTour des Belles Ombres.\r\nGriffes de l'ours.\r\nFouda Blanc.\r\nGranier.\r\nCochette.\r\nObiou.\r\nGillardes.\r\nPieroux.\r\nPic de Bure.\r","authors":["Dominique Duhaut","Philippe Peyre"],"category_codes":["4000000","4010000","4010500","4010503"],"visuals":{"large":"https:\/\/images.epagine.fr\/092\/9782914007092_1_75.jpg","medium":"https:\/\/images.epagine.fr\/092\/9782914007092_1_m.jpg","thumbnail":"https:\/\/images.epagine.fr\/092\/9782914007092_1_v.jpg"},"orderable":true,"show_badge":true,"formatted_price":"21,00&nbsp;\u20ac","formatted_published_date":"15 juin 2011","publisher_availability_label":"Sur commande","short_details":"Dominique Duhaut, Philippe Peyre \u2014 Promo Grimpe","translator":null,"weight":332,"page_count":232,"readership":null,"editor":"Promo Grimpe","price":2100,"published_date":"2011-06-14T22:00:00.000000Z","support":"Grand format","publisher_availability":1,"stock":0,"editions":[],"url":"https:\/\/quaidesbrumes.com\/ouvrage\/9782914007092\/escalades-en-vercors-chartreuse-et-devoluy-217-voies-descalade-choisies"},{"id":"9782914007580","title":"Les \u00e9coles d'escalade du Vercors","description":"40 sites sportifs (+ de 1500 voies) sur la Dr\u00f4me et L'Is\u00e8re.\r\n\r\nI s \u00e8 r e.\r\nMur de Satan.\r\nGorges d'Engins.\r\nLa Roche.\r\nRocher de l'Ane.\r\nLans-en-Vercors.\r\nLes Alli\u00e8res.\r\nCol de l'Arc.\r\nLolette. \r\nLa Fauge.\r\nCombeauvieux. \r\nLes Ecouges.\r\nLa Goulandi\u00e8re.\r\nNugues (Tina Dalle).\r\nFestival. \r\nDalarhum.\r\nDaladom.\r\nBalme \u00e9trange.\r\nPierrot Beach.\r\nTrois Chateaux.\r\nLe Merl\u00e9.\r\nSerpaton.\r\nChez Maman et Papa.\r\nTr\u00e9zanne.\r\n\r\n\r\nD r \u00f4 m e.\r\nBarbi\u00e8res.\r\nLa Plage.\r\nTam\u00e9\u00e9 c\u00f4t\u00e9 court.\r\nL'Auberge espagnole.\r\nLa Presqu'\u00eele.\r\nGrands Goulets.\r\nTeszelier.\r\nCombatier.\r\nCime du Mas.\r\nGlaci\u00e8re.\r\nChironne.\r\nPetites Roches. \r\nSaint-Moirans.\r\nSainte-Croix.\r\nRomeyer.\r\nValcroissant.\r\nLe Ba\u00efn.\r","authors":["Dominique Duhaut"],"category_codes":["4000000","4010000","4010500","4010503"],"visuals":{"large":"https:\/\/images.epagine.fr\/580\/9782914007580_1_75.jpg","medium":"https:\/\/images.epagine.fr\/580\/9782914007580_1_m.jpg","thumbnail":"https:\/\/images.epagine.fr\/580\/9782914007580_1_v.jpg"},"orderable":true,"show_badge":true,"formatted_price":"18,00&nbsp;\u20ac","formatted_published_date":"17 d\u00e9cembre 2014","publisher_availability_label":"Sur commande","short_details":"Dominique Duhaut \u2014 Promo Grimpe","translator":null,"weight":320,"page_count":216,"readership":null,"editor":"Promo Grimpe","price":1800,"published_date":"2014-12-16T23:00:00.000000Z","support":"Grand format","publisher_availability":1,"stock":0,"editions":[],"url":"https:\/\/quaidesbrumes.com\/ouvrage\/9782914007580\/les-ecoles-descalade-du-vercors"},{"id":"9782856535769","title":"Th\u00e9odore Monod ; 90 ann\u00e9es de publications","description":null,"authors":["Denis Escudier","Jean-Claude Hureau"],"category_codes":["4000000","4010000","4010300"],"visuals":{"large":"https:\/\/images.epagine.fr\/769\/9782856535769_1_75.jpg","medium":"https:\/\/images.epagine.fr\/769\/9782856535769_1_m.jpg","thumbnail":"https:\/\/images.epagine.fr\/769\/9782856535769_1_v.jpg"},"orderable":true,"show_badge":true,"formatted_price":"17,50&nbsp;\u20ac","formatted_published_date":"30 novembre 2005","publisher_availability_label":"Sur commande","short_details":"Denis Escudier, Jean-Claude Hureau \u2014 Publications Scientifiques Du Museum","translator":null,"weight":776,"page_count":null,"readership":null,"editor":"Publications Scientifiques Du Museum","price":1750,"published_date":"2005-11-29T23:00:00.000000Z","support":"Grand format","publisher_availability":1,"stock":0,"editions":[],"url":"https:\/\/quaidesbrumes.com\/ouvrage\/9782856535769\/theodore-monod-90-annees-de-publications"},{"id":"9782865151165","title":"L'inventaire Znieffmer dans les DOM: bilan m\u00e9thodologique et mise en place","description":null,"authors":["M Guillaume"],"category_codes":["4000000","4010000","4010200","4010208"],"visuals":{"large":"https:\/\/images.epagine.fr\/165\/9782865151165_1_75.jpg","medium":"https:\/\/images.epagine.fr\/165\/9782865151165_1_m.jpg","thumbnail":"https:\/\/images.epagine.fr\/165\/9782865151165_1_v.jpg"},"orderable":true,"show_badge":true,"formatted_price":"9,00&nbsp;\u20ac","formatted_published_date":"11 d\u00e9cembre 2014","publisher_availability_label":"Sur commande","short_details":"M Guillaume \u2014 Publications Scientifiques Du Museum","translator":null,"weight":420,"page_count":null,"readership":null,"editor":"Publications Scientifiques Du Museum","price":900,"published_date":"2014-12-10T23:00:00.000000Z","support":"Grand format","publisher_availability":1,"stock":0,"editions":[],"url":"https:\/\/quaidesbrumes.com\/ouvrage\/9782865151165\/linventaire-znieffmer-dans-les-dom-bilan-methodologique-et-mise-en-place"},{"id":"9782844449825","title":"Phyto\u00e9puration de Saint-Herblain \u00e0 Mateura","description":"La question de l'assainissement ne se pose pas de la m\u00eame mani\u00e8re au Nord et au Sud tant les besoins sont diff\u00e9rents. N\u00e9anmoins, la phyto\u00e9puration se retrouve dans les deux mondes. Au Nord, elle propose des solutions \u00e9cologiques et permet notamment de r\u00e9duire les consommations \u00e9nerg\u00e9tiques. Au Sud, o\u00f9 plusieurs milliards de personnes n'ont toujours pas acc\u00e8s ni \u00e0 l'assainissement de base ni \u00e0 une eau salubre, elle permet l'acc\u00e8s \u00e0 des syst\u00e8mes techniquement simples et peu co\u00fbteux que de petits collectifs peuvent installer et ensuite ma\u00eetriser.\u00d8Ce film de 13 minutes, compos\u00e9 de 5 s\u00e9quences, vous entra\u00eene au coeur de l'exp\u00e9rience (pratiques et savoirs) dans laquelle des apprenants et \u00e9co-d\u00e9l\u00e9gu\u00e9s du Lyc\u00e9e et du CFA Jules Rieffel de Saint-Herblain se sont plong\u00e9s au travers de la r\u00e9alisation de projets de phyto\u00e9puration sur le site de l'\u00e9tablissement et dans un village du nord de l'Inde, \u00e0 Mat\u00e9ura.\u00d8Ce film s'appuie sur les t\u00e9moignages crois\u00e9s des acteurs\/actrices engag\u00e9s dans ce projet (apprenants, enseignants et formateurs,...). Il propose un regard p\u00e9dagogique distanci\u00e9 qui permet d'envisager le transfert d'un tel projet.\r","authors":["Sofie Aublin","Dominique Dalbin","Christian Peltier","Mathieu Perdoncin"],"category_codes":["4000000","4010000","4010200","4010208"],"visuals":{"large":"https:\/\/images.epagine.fr\/825\/9782844449825_1_75.jpg","medium":"https:\/\/images.epagine.fr\/825\/9782844449825_1_m.jpg","thumbnail":"https:\/\/images.epagine.fr\/825\/9782844449825_1_v.jpg"},"orderable":true,"show_badge":true,"formatted_price":"0,00&nbsp;\u20ac","formatted_published_date":"6 octobre 2014","publisher_availability_label":"Sur commande","short_details":"Sofie Aublin, Dominique Dalbin, Christian Peltier, Mathieu Perdoncin \u2014 Educagri","translator":null,"weight":100,"page_count":null,"readership":null,"editor":"Educagri","price":0,"published_date":"2014-10-05T22:00:00.000000Z","support":"DVD","publisher_availability":1,"stock":0,"editions":[],"url":"https:\/\/quaidesbrumes.com\/ouvrage\/9782844449825\/phytoepuration-de-saint-herblain-a-mateura"},{"id":"9782312001500","title":"La culture mara\u00eech\u00e8re, trait\u00e9 pratique pour le midi, le centre de la France et pour l'Alg\u00e9rie","description":null,"authors":["Antoine Dumas"],"category_codes":["4000000","4010000","4010300","4010302"],"visuals":{"large":"https:\/\/images.epagine.fr\/500\/9782312001500_1_75.jpg","medium":"https:\/\/images.epagine.fr\/500\/9782312001500_1_m.jpg","thumbnail":"https:\/\/images.epagine.fr\/500\/9782312001500_1_v.jpg"},"orderable":true,"show_badge":true,"formatted_price":"23,33&nbsp;\u20ac","formatted_published_date":"31 mars 2015","publisher_availability_label":"Sur commande","short_details":"Antoine Dumas \u2014 Editions du Net","translator":null,"weight":813,"page_count":450,"readership":null,"editor":"Editions du Net","price":2333,"published_date":"2015-03-30T22:00:00.000000Z","support":"Grand format","publisher_availability":1,"stock":0,"editions":[],"url":"https:\/\/quaidesbrumes.com\/ouvrage\/9782312001500\/la-culture-maraichere-traite-pratique-pour-le-midi-le-centre-de-la-france-et-pour-lalgerie"},{"id":"9782812706660","title":"In\u00e9luctable : la parole des crocs","description":"\u00ab Ses cris attir\u00e8rent l'attention de son p\u00e8re, et des autres b\u00fbcherons. De l'autre c\u00f4t\u00e9 de la rive, ils n'\u00e9taient que des t\u00e9moins impuissants. Le gamin agrippa la main de son ami. La lutte ne dura que quelques secondes. Le visage t\u00e9tanis\u00e9 de terreur finit par dispara\u00eetre dans l'eau noire. \u00bb Dans son combat pour la sauvegarde des animaux sauvages en Indon\u00e9sie, depuis 16 ans, Chanee fait face \u00e0 des mangeurs d'hommes... Que faire lorsque l'animal \u00e0 sauver est un tueur d'enfants ? Comment maintenir son discours pour le respect de la vie sauvage ? Comment enrayer le conflit sans bain de sang ? Comment rester alli\u00e9 des populations locales lorsque l'on tente de sauver l'animal qui les chasse ? Chanee tente de r\u00e9pondre \u00e0 ces questions, en relatant ses exp\u00e9riences, ses choix entre sueurs froides, frustration et r\u00e9signation. Sauver des \u00e9cosyst\u00e8mes entiers dont l'Homme fait partie, semble une \u00e9vidence. Dans les faits, des hommes et des animaux entrent en conflit, et des victimes innocentes sont \u00e0 d\u00e9plorer dans les deux camps. Et si cette r\u00e9alit\u00e9 n'\u00e9tait pas in\u00e9luctable ?","authors":["Chanee"],"category_codes":["4000000","4010000","4010200","4010207"],"visuals":{"large":"https:\/\/images.epagine.fr\/660\/9782812706660_1_75.jpg","medium":"https:\/\/images.epagine.fr\/660\/9782812706660_1_m.jpg","thumbnail":"https:\/\/images.epagine.fr\/660\/9782812706660_1_v.jpg"},"orderable":true,"show_badge":true,"formatted_price":"19,00&nbsp;\u20ac","formatted_published_date":"13 avril 2015","publisher_availability_label":"Sur commande","short_details":"Chanee \u2014 Presses Du Midi","translator":null,"weight":257,"page_count":190,"readership":null,"editor":"Presses Du Midi","price":1900,"published_date":"2015-04-12T22:00:00.000000Z","support":"Grand format","publisher_availability":1,"stock":0,"editions":[],"url":"https:\/\/quaidesbrumes.com\/ouvrage\/9782812706660\/ineluctable-la-parole-des-crocs"},{"id":"9782366621532","title":"Atlas de la flore patrimoniale du Val d'Oise","description":"Dans cet ouvrage tr\u00e8s complet, les 277 esp\u00e8ces du d\u00e9partement identifi\u00e9es comme d'int\u00e9r\u00eat patrimonial sont class\u00e9es par grands types v\u00e9g\u00e9tations, et pr\u00e9sent\u00e9es de fa\u00e7on d\u00e9taill\u00e9e :\r\nDescription simplifi\u00e9e, \u00e9cologie, r\u00e9partition, menaces et conservation ;\r\nCarte de distribution dans le d\u00e9partement, utilisant un syst\u00e8me de pr\u00e9sentation clair en fonction de l'anciennet\u00e9 de l'observation ;\r\nUne ou plusieurs photos de grande qualit\u00e9, pour la plupart in\u00e9dites, prises sur le terrain ;\r\nStatuts en \u00cele-de-France (Liste rouge de la flore vasculaire d'\u00cele-de-France ; Raret\u00e9 ; Protection ; D\u00e9terminante ZNIEFF).\r\nL'ouvrage pr\u00e9sente \u00e9galement tous les facteurs qui d\u00e9terminent la r\u00e9partition de la v\u00e9g\u00e9tation du d\u00e9partement ainsi qu'un bilan complet de la flore valdoisienne et de sa flore patrimoniale !\r","authors":["S\u00e9bastien Filoche","Fr\u00e9d\u00e9ric Hendoux","Fabrice Perriat"],"category_codes":["4000000","4010000","4010400"],"visuals":{"large":"https:\/\/images.epagine.fr\/532\/9782366621532_1_75.jpg","medium":"https:\/\/images.epagine.fr\/532\/9782366621532_1_m.jpg","thumbnail":"https:\/\/images.epagine.fr\/532\/9782366621532_1_v.jpg"},"orderable":true,"show_badge":true,"formatted_price":"35,00&nbsp;\u20ac","formatted_published_date":"20 mai 2015","publisher_availability_label":"Sur commande","short_details":"S\u00e9bastien Filoche, Fr\u00e9d\u00e9ric Hendoux, Fabrice Perriat \u2014 BIOTOPE","translator":null,"weight":1806,"page_count":368,"readership":null,"editor":"BIOTOPE","price":3500,"published_date":"2015-05-19T22:00:00.000000Z","support":"Grand format","publisher_availability":1,"stock":0,"editions":[],"url":"https:\/\/quaidesbrumes.com\/ouvrage\/9782366621532\/atlas-de-la-flore-patrimoniale-du-val-doise"},{"id":"9782913612662","title":"Pi\u00e9t\u00e9 pour le cosmos : les pr\u00e9curseurs antimodernes de l'\u00e9cologie profonde","description":"Objet d'une captation indue par une certaine extr\u00eame gauche, l'\u00e9cologie a \u00e9t\u00e9 tr\u00e8s souvent d\u00e9laiss\u00e9e par la droite radicale europ\u00e9enne, dont la phobie envers l'\u00e9cologauchisme l'a pouss\u00e9e \u00e0 oublier une part pourtant essentielle de son propre h\u00e9ritage. R\u00e9unissant deux essais qui abordent la m\u00eame probl\u00e9matique sous des angles diff\u00e9rents, cet ouvrage est donc aussi une red\u00e9couverte d'un continent englouti. Dans le sillage de l'oeuvre de Julius Evola, Giovanni Monastra rappelle le caract\u00e8re empathique et holistique de l'approche traditionnelle de la nature, par opposition \u00e0 l'approche moderne, exclusivement tourn\u00e9e vers l'utile et l'exploitable, et qui nit par consid\u00e9rer l'homme lui-m\u00eame comme un cobaye. Il r\u00e9affirme, conform\u00e9ment \u00e0 la parole d'H\u00e9raclite (\u00ab Il faut \u00e9teindre la d\u00e9mesure \u00bb), que la mentalit\u00e9 prom\u00e9th\u00e9enne ou faustienne est fonci\u00e8rement incompatible avec le pa\u00efen \u00ab sens de la Terre \u00bb cher \u00e0 Nietzsche. En tant qu'elle respecte certaines \u00ab limites \u00bb, la v\u00e9ritable \u00e9cologie rel\u00e8ve fondamentalement de l'esprit de conservation et d'une forme de conservatisme, ainsi que s'attache \u00e0 le d\u00e9montrer Philippe Baillet dans une \u00e9tude qui fait une tr\u00e8s large place aux sources allemandes de l'\u00e9cologie, du romantisme au biocentrisme de Ludwig Klages et de certains nationaux-socialistes, en passant par le mouvement v\u00f6lkisch et ses prolongements jusqu'\u00e0 nos jours. Parce qu'il lie de mani\u00e8re indissociable d\u00e9fense de l'environnement, d\u00e9fense des esp\u00e8ces animales et d\u00e9fense du pays natal (Heimat), l'\u00e9cologisme conservateur allemand s'est voulu, d\u00e8s l'origine, identitaire. Il s'est agi ici de poser les premiers jalons th\u00e9oriques, dans l'espace francophone, de la red\u00e9finition d'une \u00e9cologie profonde nourrie par l'imm\u00e9moriale pi\u00e9t\u00e9 indo-europ\u00e9enne pour le cosmos.\r","authors":["Giovanni Monastra"],"category_codes":["4000000","4010000","4010200"],"visuals":{"large":"https:\/\/images.epagine.fr\/662\/9782913612662_1_75.jpg","medium":"https:\/\/images.epagine.fr\/662\/9782913612662_1_m.jpg","thumbnail":"https:\/\/images.epagine.fr\/662\/9782913612662_1_v.jpg"},"orderable":true,"show_badge":true,"formatted_price":"15,00&nbsp;\u20ac","formatted_published_date":"15 novembre 2017","publisher_availability_label":"Sur commande","short_details":"Giovanni Monastra \u2014 Akribeia","translator":null,"weight":0,"page_count":176,"readership":null,"editor":"Akribeia","price":1500,"published_date":"2017-11-14T23:00:00.000000Z","support":"Grand format","publisher_availability":1,"stock":0,"editions":[],"url":"https:\/\/quaidesbrumes.com\/ouvrage\/9782913612662\/piete-pour-le-cosmos-les-precurseurs-antimodernes-de-lecologie-profonde"}]}