{"data":[{"id":"9782912344106","title":"Des fruits et des legumes plein les bras","description":"\r\n            fruits ou l\u00e9gumes, leur d\u00e9nomination rel\u00e8ve plus des conventions que des sciences botaniques : piment, laitue, tomate, poire ou fraise.\r\n apparaissent au cours du temps et des civilisations.  de nouvelles vari\u00e9t\u00e9s s'acclimatent et viennent enrichir vergers et potagers.  les domaines de la beaut\u00e9 et de la gastronomie ne r\u00e9sistent pas \u00e0 l'attrait de leur pulpe et de leurs parfums.  saisir leur essence, allier leur chair et leur transparence \u00e0 celles du corps de la femme ou de l'homme pour renouveler l'approche esth\u00e9tique inspir\u00e9e par la nature, tel est le double objectif de cet ouvrage.\r\n familiers de la table ou du boudoir, les fruits et les l\u00e9gumes recouvrent une autonomie propre et un \u00e9tonnant pouvoir de s\u00e9duction sous l'analyse crois\u00e9e de l'histoire botanique et de l'\u00e9clairage photographique. \r\n        \r","authors":["Collectif"],"category_codes":["4000000","4010000","4010300","4010302"],"visuals":{"large":"https:\/\/images.epagine.fr\/106\/9782912344106_1_75.jpg","medium":"https:\/\/images.epagine.fr\/106\/9782912344106_1_m.jpg","thumbnail":"https:\/\/images.epagine.fr\/106\/9782912344106_1_v.jpg"},"orderable":true,"show_badge":true,"formatted_price":"38,00&nbsp;\u20ac","formatted_published_date":"1er juin 2005","publisher_availability_label":"Sur commande","short_details":"Collectif \u2014 Hartmann","translator":null,"weight":0,"page_count":128,"readership":null,"editor":"Hartmann","price":3800,"published_date":"2005-05-31T22:00:00.000000Z","support":"Grand format","publisher_availability":1,"stock":0,"editions":[],"url":"https:\/\/quaidesbrumes.com\/ouvrage\/9782912344106\/des-fruits-et-des-legumes-plein-les-bras"},{"id":"9782747593854","title":"Temp\u00eates sur la for\u00eat fran\u00e7aise : XVIe-XXe si\u00e8cle","description":"Nagu\u00e8re, les dieux offens\u00e9s punissaient les hommes en d\u00e9cha\u00eenant les forces c\u00e9lestes, les \"m\u00e9t\u00e9ores\". La violence des temp\u00eates indiquait le degr\u00e9 de leur col\u00e8re. Tel est l'objet de ce livre. Il l\u00e8ve un coin de voile sur le temps d'autrefois, sur les m\u00e9t\u00e9ores en particulier, sur leurs ravages, sur leurs \u00e9tendues. Ce sont des arbres couch\u00e9s, bris\u00e9s, des for\u00eats an\u00e9anties, appauvries, des paysages modifi\u00e9s, des rep\u00e8res abolis. Comment les hommes g\u00e9raient-ils la catastrophe ? Quelles le\u00e7ons ont-ils l\u00e9gu\u00e9es ? Il est bien possible que notre soci\u00e9t\u00e9, sophistiqu\u00e9e et technicienne, ait accru ses fragilit\u00e9s en am\u00e9liorant ses performances...","authors":["Andr\u00e9e Corvol"],"category_codes":["4000000","4010000","4010200","4010208"],"visuals":{"large":"https:\/\/images.epagine.fr\/854\/9782747593854_1_75.jpg","medium":"https:\/\/images.epagine.fr\/854\/9782747593854_1_m.jpg","thumbnail":"https:\/\/images.epagine.fr\/854\/9782747593854_1_v.jpg"},"orderable":true,"show_badge":true,"formatted_price":"22,50&nbsp;\u20ac","formatted_published_date":"15 octobre 2005","publisher_availability_label":"Sur commande","short_details":"Andr\u00e9e Corvol \u2014 \u00c9ditions L'Harmattan","translator":null,"weight":300,"page_count":218,"readership":null,"editor":"\u00c9ditions L'Harmattan","price":2250,"published_date":"2005-10-14T22:00:00.000000Z","support":"Grand format","publisher_availability":1,"stock":0,"editions":[],"url":"https:\/\/quaidesbrumes.com\/ouvrage\/9782747593854\/tempetes-sur-la-foret-francaise-xvie-xxe-siecle"},{"id":"9782747584531","title":"L'arganier au Maroc : Entre mythes et r\u00e9alit\u00e9s - Une civilisation n\u00e9e d'un arbre","description":"En parcourant l'histoire, le droit, la sociologie et l'\u00e9cologie, ce livre \u00e9voque les aspects complexes et fascinants de la \"civilisation de l'arganier\". Cet arbre multi-usages a sculpt\u00e9 les paysages, il a nourri les hommes et les animaux, il a retenu le sol qui sans lui aurait \u00e9t\u00e9 emport\u00e9 vers l'oc\u00e9an. \r\nL'arganier est symbole de l'\u00e9ternit\u00e9 : pr\u00e9sent avant l'arriv\u00e9e de l'homme, il l'a accompagn\u00e9 depuis l'Antiquit\u00e9. Producteur de l'huile d'argane, alimentaire ou cosm\u00e9tique, il pourrait repr\u00e9senter un espoir de vie meilleure pour les populations du sud-ouest marocain, s'il \u00e9tait r\u00e9habilit\u00e9 et replant\u00e9.","authors":["Rachida Nouaim"],"category_codes":["10000000","10060000","10060400","10060402"],"visuals":{"large":"https:\/\/images.epagine.fr\/531\/9782747584531_1_75.jpg","medium":"https:\/\/images.epagine.fr\/531\/9782747584531_1_m.jpg","thumbnail":"https:\/\/images.epagine.fr\/531\/9782747584531_1_v.jpg"},"orderable":true,"show_badge":true,"formatted_price":"24,00&nbsp;\u20ac","formatted_published_date":"1er juin 2005","publisher_availability_label":"Sur commande","short_details":"Rachida Nouaim \u2014 \u00c9ditions L'Harmattan","translator":null,"weight":340,"page_count":230,"readership":null,"editor":"\u00c9ditions L'Harmattan","price":2400,"published_date":"2005-05-31T22:00:00.000000Z","support":"Grand format","publisher_availability":1,"stock":0,"editions":[],"url":"https:\/\/quaidesbrumes.com\/ouvrage\/9782747584531\/larganier-au-maroc-entre-mythes-et-realites-une-civilisation-nee-dun-arbre"},{"id":"9782866793982","title":"Tsunami, la verite humanitaire","description":"\" Mercy ! \" Les anglophones y lisent un appel \u00e0 la piti\u00e9.\r\nLes francophones, l'expression de la reconnaissance d'un don ou d'une bonne action ! Piti\u00e9, don, bonne action... Toute l'ambigu\u00eft\u00e9 de l'extraordinaire \u00e9lan de g\u00e9n\u00e9rosit\u00e9 engendr\u00e9 par le raz-de-mar\u00e9e du 26 d\u00e9cembre 2004 tient sur le panneau un peu branlant que nous avons choisi en couverture. Que reste-t-il, un an apr\u00e8s la trag\u00e9die et ses 232 000 morts et disparus, de ce grand bazar humanitaire ? Pour le savoir, Richard Werly a parcouru les rivages d\u00e9vast\u00e9s de l'oc\u00e9an Indien et les quartiers g\u00e9n\u00e9raux de l'aide \u00e0 Gen\u00e8ve, Paris, Bruxelles et New York.\r\nIl a rencontr\u00e9 les victimes, les donateurs et les responsables d'organisations caritatives, partag\u00e9 leur compassion, leur d\u00e9sarroi, leurs doutes et, parfois, leur amertume. Ce livre raconte ce qu'il a vu et entendu, sans s'arr\u00eater aux belles formules l\u00e9nifiantes sur les progr\u00e8s de la reconstruction. Car la r\u00e9alit\u00e9 est plus d\u00e9cevante que les courriers flatteurs adress\u00e9s aux donateurs ne le laissent croire.\r\nLa mobilisation sans pr\u00e9c\u00e9dent qui a suivi le tsunami conna\u00eet des rat\u00e9s. La confiance des bailleurs de fond est parfois abus\u00e9e. Peu d'organisations sont capables de relever le vrai d\u00e9fi de l'apr\u00e8s-catastrophe : celui du d\u00e9veloppement. Ce livre prend le risque de raconter ce que d'autres taisent. Parce que, en mati\u00e8re humanitaire aussi, la v\u00e9rit\u00e9 est toujours bonne \u00e0 dire.\r","authors":["Werly-R"],"category_codes":["4000000","4010000","4010200","4010208"],"visuals":{"large":"https:\/\/images.epagine.fr\/982\/9782866793982_1_75.jpg","medium":"https:\/\/images.epagine.fr\/982\/9782866793982_1_m.jpg","thumbnail":"https:\/\/images.epagine.fr\/982\/9782866793982_1_v.jpg"},"orderable":true,"show_badge":true,"formatted_price":"19,03&nbsp;\u20ac","formatted_published_date":"7 d\u00e9cembre 2005","publisher_availability_label":"Sur commande","short_details":"Werly-R \u2014 Jubile - Le Sarment Editions","translator":null,"weight":352,"page_count":275,"readership":null,"editor":"Jubile - Le Sarment Editions","price":1903,"published_date":"2005-12-06T23:00:00.000000Z","support":"Grand format","publisher_availability":1,"stock":0,"editions":[],"url":"https:\/\/quaidesbrumes.com\/ouvrage\/9782866793982\/tsunami-la-verite-humanitaire"},{"id":"9782908071221","title":"Le genie des loups","description":"Les loups ont toujours \u00e9volu\u00e9 dans l'ombre entre mythe et r\u00e9alit\u00e9.\r\nSuscitant crainte ou fascination ces pr\u00e9dateurs n'ont cess\u00e9 de nourrir l'imaginaire des hommes au point de devenir des animaux de l\u00e9gende. Cet ouvrage, fruit d'une longue exp\u00e9rience et d'une incomparable \u00e9rudition, nous fait d\u00e9couvrir les loups, au-del\u00e0 des id\u00e9es re\u00e7ues. Il nous incite \u00e0 partager avec les auteurs une passion pour ces animaux intelligents, organis\u00e9s, courageux, empreints de g\u00e9nie. Nul doute qu'\u00e0 la lecture de ce texte de r\u00e9f\u00e9rence, publi\u00e9 \u00e0 nouveau, chacun aura \u00e0 coeur d'agir pour leur sauvegarde.\r\n\" Nous n'avions pour eux aucune haine. Ils faisaient m\u00e9tier de loups comme nous faisions m\u00e9tier d'hommes. Ils \u00e9taient cr\u00e9atures de Dieu. Comme nous. Il n'y avait aucune cruaut\u00e9 en eux. Ils \u00e9taient n\u00e9s pr\u00e9dateurs. Comme l'homme. Mais ils \u00e9taient rest\u00e9s pr\u00e9dateurs alors que l'homme \u00e9tait devenu destructeur. Ils nous avaient donn\u00e9, en quelque sorte, l'exemple d'un travail bienfait. Et c'est en quoi nous les acceptions, nous les respections.\r\nCar nous avions appris, le p\u00e8re Cunningham et moi, et depuis longtemps, que nous \u00e9tions tous partie prenante dans la m\u00eame lutte pour la survie. Et que, si la nature pouvait \u00e0 la rigueur se concevoir sans \u00eatres vivants, il serait ridicule et impensable d'imaginer des \u00eatres vivants sans la nature. \" Paul-Emile Victor\r","authors":["Lariviere\/Victor"],"category_codes":["4000000","4010000","4010300"],"visuals":{"large":"https:\/\/images.epagine.fr\/221\/9782908071221_1_75.jpg","medium":"https:\/\/images.epagine.fr\/221\/9782908071221_1_m.jpg","thumbnail":"https:\/\/images.epagine.fr\/221\/9782908071221_1_v.jpg"},"orderable":true,"show_badge":true,"formatted_price":"10,00&nbsp;\u20ac","formatted_published_date":"27 octobre 2005","publisher_availability_label":"Sur commande","short_details":"Lariviere\/Victor \u2014 Editions De Monza","translator":null,"weight":335,"page_count":225,"readership":null,"editor":"Editions De Monza","price":1000,"published_date":"2005-10-26T22:00:00.000000Z","support":"Grand format","publisher_availability":1,"stock":0,"editions":[],"url":"https:\/\/quaidesbrumes.com\/ouvrage\/9782908071221\/le-genie-des-loups"},{"id":"9781902699974","title":"Marqueyssac","description":null,"authors":["Eric Sander"],"category_codes":["4000000","4010000","4010300"],"visuals":{"large":"https:\/\/quaidesbrumes.com\/img\/book-placeholder.png","medium":"https:\/\/quaidesbrumes.com\/img\/book-placeholder.png","thumbnail":"https:\/\/quaidesbrumes.com\/img\/book-placeholder.png"},"orderable":true,"show_badge":true,"formatted_price":"22,00&nbsp;\u20ac","formatted_published_date":"8 d\u00e9cembre 2005","publisher_availability_label":"Sur commande","short_details":"Eric Sander \u2014 Periplus","translator":null,"weight":725,"page_count":null,"readership":null,"editor":"Periplus","price":2200,"published_date":"2005-12-07T23:00:00.000000Z","support":"Grand format","publisher_availability":1,"stock":0,"editions":[],"url":"https:\/\/quaidesbrumes.com\/ouvrage\/9781902699974\/marqueyssac"},{"id":"9782283020685","title":"Le paradoxe de l'hippocampe une histoire naturelle de la monogamie","description":"Au milieu de l'\u00e9t\u00e9 1994, le tr\u00e8s s\u00e9rieux magazine TIME \u00e9talait comme un d\u00e9fi sur sa couverture une alliance bris\u00e9e en s'interrogeant sur l'existence de bases g\u00e9n\u00e9tique sous-tendant l'infid\u00e9lit\u00e9 conjugale (Infidelity: is it in our genes oe). A l'int\u00e9rieur, un volumineux article relatait plusieurs faits et th\u00e9ories scientifiques relatifs \u00e0 l'\u00e9volution de la monogamie et discutait de leur pertinence pour expliquer, voire justifier, l'organisation sociale de la reproduction chez l'esp\u00e8ce humaine. \r\nDepuis plus d'un si\u00e8cle, la monogamie fascine et d\u00e9concerte les biologistes du comportement. Ainsi que l'ont fait remarquer les \u00e9thologues allemands Wickler et Seibt d\u00e8s 1983, deux raisons majeures expliquent l'int\u00e9r\u00eat particulier accord\u00e9 \u00e0 la monogamie. Premi\u00e8rement, la monogamie a \u00e9t\u00e9 consid\u00e9r\u00e9e, du moins par les civilisations occidentales, comme la structure familiale id\u00e9ale pour l'\u00eatre humain, amenant du coup une attention particuli\u00e8re pour tout syst\u00e8me similaire dans le monde animal. Deuxi\u00e8mement, chez la plupart des esp\u00e8ces, les sexes diff\u00e8rent dans la quantit\u00e9 et la taille de leurs cellules sexuelles (gam\u00e8tes) ainsi que dans le co\u00fbt associ\u00e9 \u00e0 leur production. Chez ces esp\u00e8ces dites anisogames, les m\u00e2les, du fait qu'ils produisent \u00e0 co\u00fbt r\u00e9duit un tr\u00e8s large nombre de gam\u00e8tes, sont cens\u00e9s devoir maximiser leur potentiel reproducteur en multipliant les partenaires reproducteurs, ce qui correspond \u00e0 la polygamie. La monogamie serait donc ordinairement contre-s\u00e9lectionn\u00e9e chez les m\u00e2les. Dans cette optique, la monogamie est consid\u00e9r\u00e9e comme un syst\u00e8me de reproduction au sens g\u00e9n\u00e9tique. De fait, le sens populaire fait le plus souvent r\u00e9f\u00e9rence \u00e0 une relation sexuelle exclusive et r\u00e9ciproque pour caract\u00e9riser la monogamie. Or, la monogamie peut aussi \u00eatre consid\u00e9r\u00e9e comme un type d'organisation sociale, c'est-\u00e0-dire dans la terminologie employ\u00e9e en \u00e9cologie comportementale, un r\u00e9gime d'appariement. On se propose alors, s'agissant de l'association de deux individus de sexe oppos\u00e9, de mettre en avant l'importance du long terme et, \u00e9ventuellement, du partage des soins parentaux. Du fait d'un anthropocentrisme par trop aigu, les deux aspects de la monogamie, fid\u00e9lit\u00e9 sexuelle et lien social, sont souvent per\u00e7us comme forc\u00e9ment associ\u00e9s. Cette vision \" morale \" de la monogamie ne semble pourtant gu\u00e8re r\u00e9sister \u00e0 l'analyse de sa r\u00e9alit\u00e9 biologique, ainsi qu'en attestent les r\u00e9cents travaux publi\u00e9s en \u00e9cologie comportementale.\r","authors":["Frank C\u00e9zilly"],"category_codes":["4000000","4010000","4010200","4010207"],"visuals":{"large":"https:\/\/images.epagine.fr\/685\/9782283020685_1_75.jpg","medium":"https:\/\/images.epagine.fr\/685\/9782283020685_1_m.jpg","thumbnail":"https:\/\/images.epagine.fr\/685\/9782283020685_1_v.jpg"},"orderable":true,"show_badge":true,"formatted_price":"20,30&nbsp;\u20ac","formatted_published_date":"13 avril 2006","publisher_availability_label":"Sur commande","short_details":"Frank C\u00e9zilly \u2014 \u00c9ditions Buchet\/Chastel","translator":null,"weight":412,"page_count":328,"readership":null,"editor":"\u00c9ditions Buchet\/Chastel","price":2030,"published_date":"2006-04-12T22:00:00.000000Z","support":"Grand format","publisher_availability":1,"stock":0,"editions":[],"url":"https:\/\/quaidesbrumes.com\/ouvrage\/9782283020685\/le-paradoxe-de-lhippocampe-une-histoire-naturelle-de-la-monogamie"},{"id":"9782747599054","title":"Sauvegarde de l'environnement et droit p\u00e9nal","description":"L'effet de serre, les pluies acides, les pollutions maritimes, l'explosion d'AZF et leurs cons\u00e9quences... constituent de nombreux signaux d'alarme relay\u00e9s par les scientifiques et amoureux de la nature. La r\u00e9glementation environnementale s'accro\u00eet mais l'antagonisme entre protection de la nature et rentabilit\u00e9 \u00e9conomique s'opposent \u00e0 son efficacit\u00e9. Seule la r\u00e9pression p\u00e9nale appara\u00eet efficiente. Dans quelles mesure le droit p\u00e9nal participe-t-il \u00e0 la protection de l'environnement ? Quelles sanctions ? Quelles responsabilit\u00e9s ? Qui peut agir ?","authors":["Roselyne Nerac-Croisier"],"category_codes":["4000000","4010000","4010200","4010208"],"visuals":{"large":"https:\/\/images.epagine.fr\/054\/9782747599054_1_75.jpg","medium":"https:\/\/images.epagine.fr\/054\/9782747599054_1_m.jpg","thumbnail":"https:\/\/images.epagine.fr\/054\/9782747599054_1_v.jpg"},"orderable":true,"show_badge":true,"formatted_price":"32,50&nbsp;\u20ac","formatted_published_date":"15 mars 2006","publisher_availability_label":"Sur commande","short_details":"Roselyne Nerac-Croisier \u2014 \u00c9ditions L'Harmattan","translator":null,"weight":462,"page_count":378,"readership":null,"editor":"\u00c9ditions L'Harmattan","price":3250,"published_date":"2006-03-14T23:00:00.000000Z","support":"Grand format","publisher_availability":1,"stock":0,"editions":[],"url":"https:\/\/quaidesbrumes.com\/ouvrage\/9782747599054\/sauvegarde-de-lenvironnement-et-droit-penal"},{"id":"9782915493283","title":"Chasseur des cimes et des fore","description":null,"authors":["Jean-Pascal Policand"],"category_codes":["4000000","4010000","4010500","4010502"],"visuals":{"large":"https:\/\/quaidesbrumes.com\/img\/book-placeholder.png","medium":"https:\/\/quaidesbrumes.com\/img\/book-placeholder.png","thumbnail":"https:\/\/quaidesbrumes.com\/img\/book-placeholder.png"},"orderable":true,"show_badge":true,"formatted_price":"22,00&nbsp;\u20ac","formatted_published_date":"16 novembre 2005","publisher_availability_label":"Sur commande","short_details":"Jean-Pascal Policand \u2014 Fournel","translator":null,"weight":368,"page_count":null,"readership":null,"editor":"Fournel","price":2200,"published_date":"2005-11-15T23:00:00.000000Z","support":"Grand format","publisher_availability":1,"stock":0,"editions":[],"url":"https:\/\/quaidesbrumes.com\/ouvrage\/9782915493283\/chasseur-des-cimes-et-des-fore"},{"id":"9782080114952","title":"\u00e9loge de la nature ; paysages de france","description":"\r\nLa diversit\u00e9 des paysages de France pr\u00e9sent\u00e9e \u00e0 travers des images et aussi des t\u00e9moignages de gens qui sont en contact permanent avec la nature.\r\n\r\n\r","authors":["Jean-marc Durou"],"category_codes":["4000000","4010000","4010300","4010302"],"visuals":{"large":"https:\/\/images.epagine.fr\/952\/9782080114952_1_75.jpg","medium":"https:\/\/images.epagine.fr\/952\/9782080114952_1_m.jpg","thumbnail":"https:\/\/images.epagine.fr\/952\/9782080114952_1_v.jpg"},"orderable":true,"show_badge":true,"formatted_price":"42,00&nbsp;\u20ac","formatted_published_date":"29 septembre 2006","publisher_availability_label":"Sur commande","short_details":"Jean-marc Durou \u2014 Flammarion","translator":null,"weight":3352,"page_count":204,"readership":null,"editor":"Flammarion","price":4200,"published_date":"2006-09-28T22:00:00.000000Z","support":"Grand format","publisher_availability":1,"stock":0,"editions":[],"url":"https:\/\/quaidesbrumes.com\/ouvrage\/9782080114952\/eloge-de-la-nature-paysages-de-france"},{"id":"9782747596770","title":"Le desert : de l'ecologie du divin au developpement durable","description":"Cet ouvrage souligne le caract\u00e8re \u00e0 la fois paradoxal et multiple de la relation des hommes au d\u00e9sert. Celle-ci ne saurait \u00eatre unique, elle n'est pas la m\u00eame selon la g\u00e9ographie, le \"g\u00e9nie des lieux\", les hommes ou les cultures en pr\u00e9sence. Le d\u00e9sert comme lieu du divin, du sacr\u00e9, et du monoth\u00e9isme est sans doute une des modalit\u00e9s les plus partag\u00e9es de l'imaginaire collectif. L'av\u00e8nement de l'environnement red\u00e9finit la place du d\u00e9sert au sein de la plan\u00e8te terre.\r","authors":["Bernard Kalaora"],"category_codes":["4000000","4010000","4010200","4010208"],"visuals":{"large":"https:\/\/images.epagine.fr\/770\/9782747596770_1_75.jpg","medium":"https:\/\/images.epagine.fr\/770\/9782747596770_1_m.jpg","thumbnail":"https:\/\/images.epagine.fr\/770\/9782747596770_1_v.jpg"},"orderable":true,"show_badge":true,"formatted_price":"25,50&nbsp;\u20ac","formatted_published_date":"15 f\u00e9vrier 2006","publisher_availability_label":"Sur commande","short_details":"Bernard Kalaora \u2014 \u00c9ditions L'Harmattan","translator":null,"weight":355,"page_count":266,"readership":null,"editor":"\u00c9ditions L'Harmattan","price":2550,"published_date":"2006-02-14T23:00:00.000000Z","support":"Grand format","publisher_availability":1,"stock":0,"editions":[],"url":"https:\/\/quaidesbrumes.com\/ouvrage\/9782747596770\/le-desert-de-lecologie-du-divin-au-developpement-durable"},{"id":"9782940365050","title":"Flore de Lausanne Tome 1 ; \u00e0 la d\u00e9couverte de la nature en ville","description":"Richement illustr\u00e9, ce livre constituera pour certains une introduction \u00e0 la botanique. Il proposera pour d'autres des pistes concr\u00e8tes pour mettre en valeur, conserver ou d\u00e9velopper les potentiels naturels de nos villes. Finalement, il invitera chacun \u00e0 poser un oeil nouveau sur cette nature t\u00e9m\u00e9raire et fascinante qui s'invite au bord du trottoir ou au d\u00e9tour d'une ruelle. Il se finit sur une s\u00e9rie de promenades \u00e0 travers l'agglom\u00e9ration lausannoise, de Bussigny \u00e0 Paudex, d'Epalinges \u00e0 Ouchy...\r","authors":["Christophe Bornand","Francoise Hoffer-Massard","Mathias Vust"],"category_codes":["4000000","4010000","4010400"],"visuals":{"large":"https:\/\/images.epagine.fr\/050\/9782940365050_1_75.jpg","medium":"https:\/\/images.epagine.fr\/050\/9782940365050_1_m.jpg","thumbnail":"https:\/\/images.epagine.fr\/050\/9782940365050_1_v.jpg"},"orderable":true,"show_badge":true,"formatted_price":"30,90&nbsp;\u20ac","formatted_published_date":"29 mai 2006","publisher_availability_label":"Sur commande","short_details":"Christophe Bornand, Francoise Hoffer-Massard, Mathias Vust \u2014 Rossolis","translator":null,"weight":540,"page_count":192,"readership":null,"editor":"Rossolis","price":3090,"published_date":"2006-05-28T22:00:00.000000Z","support":"Grand format","publisher_availability":1,"stock":0,"editions":[],"url":"https:\/\/quaidesbrumes.com\/ouvrage\/9782940365050\/flore-de-lausanne-tome-1-a-la-decouverte-de-la-nature-en-ville"},{"id":"9782940365074","title":"Le parc national suisse et le val M\u00fcstair","description":"Le Parc national suisse, doyen des parcs nationaux d'Europe et consid\u00e9r\u00e9 comme le mieux pr\u00e9serv\u00e9, demeure encore l'unique parc national de Suisse.\r\nIl s'est enrichi depuis peu d'un spectaculaire haut plateau comprenant plus d'une dizaine de petits lacs de montagne. Les cerfs, les bouquetins, les gypa\u00e8tes barbus et peut-\u00eatre bient\u00f4t les ours auront retrouv\u00e9 ici un habitat naturel id\u00e9al. Elabor\u00e9 sur place en \u00e9troite collaboration avec les gardes du parc et des sp\u00e9cialistes, l'ouvrage aborde tous les th\u00e8mes importants : la faune (et les meilleurs endroits o\u00f9 l'observer), la flore, la g\u00e9ologie et l'histoire du Parc national.\r\nLes descriptions de dix excursions et d'une travers\u00e9e du parc sur plusieurs jours ainsi que des annexes comprenant cartes, informations et conseils invitent \u00e0 la visite active de ce monument national. Un chapitre sp\u00e9cifique est consacr\u00e9 \u00e0 la vall\u00e9e adjacente du Val M\u00fcstair, avec laquelle le Parc national doit former une nouvelle r\u00e9serve de biosph\u00e8re. Les charmes du paysage et les attraits culturels du Val M\u00fcstair donnent \u00e9galement lieu \u00e0 une s\u00e9rie de randonn\u00e9es et de d\u00e9couvertes passionnantes.\r\nL'auteur a parcouru le Parc national avec une cam\u00e9ra de studio grand format pendant de nombreux mois. Il en a ramen\u00e9 des images d'une rare beaut\u00e9, qui refl\u00e8tent de mani\u00e8re impressionnante la rusticit\u00e9, la rugosit\u00e9 propres au Parc national, et donnent \u00e0 chaque fois l'impression de se trouver soi-m\u00eame au milieu d'une prairie en fleurs ou au bord des eaux scintillantes d'un petit lac de montagne.\r","authors":["Heinz Staffelbach"],"category_codes":["4000000","4010000","4010300","4010302"],"visuals":{"large":"https:\/\/images.epagine.fr\/074\/9782940365074_1_75.jpg","medium":"https:\/\/images.epagine.fr\/074\/9782940365074_1_m.jpg","thumbnail":"https:\/\/images.epagine.fr\/074\/9782940365074_1_v.jpg"},"orderable":true,"show_badge":true,"formatted_price":"38,90&nbsp;\u20ac","formatted_published_date":"29 mai 2006","publisher_availability_label":"Sur commande","short_details":"Heinz Staffelbach \u2014 Rossolis","translator":null,"weight":1148,"page_count":null,"readership":null,"editor":"Rossolis","price":3890,"published_date":"2006-05-28T22:00:00.000000Z","support":"Grand format","publisher_availability":1,"stock":0,"editions":[],"url":"https:\/\/quaidesbrumes.com\/ouvrage\/9782940365074\/le-parc-national-suisse-et-le-val-mustair"},{"id":"9782847420920","title":"Atlas de la nature \u00e0 paris","description":"Grillons dans le m\u00e9tro, faucons \u00e0 Notre-Dame, renards dans les bois de Vincennes et de Boulogne, orchid\u00e9es sauvages dans les friches, fabriques de vin ou de miel. Paris, renomm\u00e9e pour la beaut\u00e9 de ses \u00e9difices et la richesse de son histoire, est \u00e9galement une ville o\u00f9 la nature, sous toutes ses formes, est omnipr\u00e9sente : pr\u00e8s de 500 000 arbres, 2 900 esp\u00e8ces sauvages animales et v\u00e9g\u00e9tales r\u00e9pertori\u00e9es. \r\nL'Atlas de la Nature \u00e0 Paris en offre un panorama richement illustr\u00e9 et le descriptif le plus complet \u00e0 ce jour. Il invite promeneurs buissonniers, citadins en mal de nature, savants et amateurs \u00e0 y v\u00e9rifier leurs trouvailles ou \u00e0 en ajouter de nouvelles. \r\nLa faune et la flore de la capitale appartiennent en effet au patrimoine de la ville. Cet atlas permet de les conna\u00eetre pr\u00e9cis\u00e9ment et souhaite contribuer \u00e0 leur d\u00e9fense et \u00e0 leur protection. \r\nMais il offre encore davantage : une r\u00e9flexion nourrie, souvent contradictoire et critique \u00e0 laquelle se livrent urbanistes, paysagistes, g\u00e9ographes, scientifiques naturalistes et architectes concernant le probl\u00e8me fr\u00e9quemment d\u00e9battu de la place de la Nature dans la ville. \r\nCet atlas est publi\u00e9 sous la direction de Jean-Baptiste Vaquin, Directeur de l'Atelier parisien d'urbanisme, avec le concours de Jacques Moret, directeur de l'Unit\u00e9 Inventaire et suivi de la biodiversit\u00e9 du Mus\u00e9um national d'Histoire naturelle, ainsi que du Conservatoire botanique national du Bassin Parisien, en partenariat avec le Service de l'\u00e9cologie Urbaine de la Direction des Parcs, Jardins et Espaces Verts de la Ville de Paris, et la participation de quelques-uns des meilleurs sp\u00e9cialistes des questions de la Nature et de la ville, r\u00e9unis ici autour de Jean-Pierre Le Dantec, directeur de l'\u00e9cole nationale sup\u00e9rieure d'architecture de Paris-La Villette.","authors":["Jean-baptiste Vaquin"],"category_codes":["4000000","4010000","4010300","4010302"],"visuals":{"large":"https:\/\/images.epagine.fr\/920\/9782847420920_1_75.jpg","medium":"https:\/\/images.epagine.fr\/920\/9782847420920_1_m.jpg","thumbnail":"https:\/\/images.epagine.fr\/920\/9782847420920_1_v.jpg"},"orderable":true,"show_badge":true,"formatted_price":"19,25&nbsp;\u20ac","formatted_published_date":"12 octobre 2006","publisher_availability_label":"Sur commande","short_details":"Jean-baptiste Vaquin \u2014 LE PASSAGE","translator":null,"weight":1580,"page_count":288,"readership":null,"editor":"LE PASSAGE","price":1925,"published_date":"2006-10-11T22:00:00.000000Z","support":"Grand format","publisher_availability":1,"stock":0,"editions":[],"url":"https:\/\/quaidesbrumes.com\/ouvrage\/9782847420920\/atlas-de-la-nature-a-paris"},{"id":"9782915493436","title":"Chasseurs de chamois dans l'alp","description":null,"authors":["Henri Meunier"],"category_codes":["4000000","4010000","4010500","4010502"],"visuals":{"large":"https:\/\/quaidesbrumes.com\/img\/book-placeholder.png","medium":"https:\/\/quaidesbrumes.com\/img\/book-placeholder.png","thumbnail":"https:\/\/quaidesbrumes.com\/img\/book-placeholder.png"},"orderable":true,"show_badge":true,"formatted_price":"23,00&nbsp;\u20ac","formatted_published_date":"17 octobre 2006","publisher_availability_label":"Sur commande","short_details":"Henri Meunier \u2014 Fournel","translator":null,"weight":468,"page_count":null,"readership":null,"editor":"Fournel","price":2300,"published_date":"2006-10-16T22:00:00.000000Z","support":"Grand format","publisher_availability":1,"stock":0,"editions":[],"url":"https:\/\/quaidesbrumes.com\/ouvrage\/9782915493436\/chasseurs-de-chamois-dans-lalp"},{"id":"9782950860118","title":"Bateaux et m\u00e9tiers de la p\u00eache en basse-normandie","description":"Honfleur, Port-en-Bessin, Cherbourg, Granville... De l'estuaire de la Seine \u00e0 la Baie du Mont-Saint-Michel, les c\u00f4tes bas-normandes abritent de nombreux ports dont le nom seul suffit \u00e0 \u00e9voquer un pass\u00e9 maritime prestigieux. Apr\u00e8s un si\u00e8cle de reflux, les activit\u00e9s de p\u00eache ont connu un renouveau \u00e0 partir des ann\u00e9es 1950. La Basse-Normandie est devenue la quatri\u00e8me r\u00e9gion fran\u00e7aise pour les apports en produits de la p\u00eache et sa flotte comporte aujourd'hui environ 740 navires mont\u00e9s par pr\u00e8s de 2200 professionnels. Ce mouvement s'est accompagn\u00e9 d'une profonde \u00e9volution dans les domaines de la construction navale, de la morphologie des bateaux et de la pratique des m\u00e9tiers. La petite p\u00eache et la p\u00eache c\u00f4ti\u00e8re se caract\u00e9risent par la diversit\u00e9 des embarcations utilis\u00e9es (doris, picoteux, vaquelottes, chaloupes, chalutiers, cordiers...), mais aussi par la polyvalence des m\u00e9tiers pratiqu\u00e9s (cordes, filets, chaluts ou casiers). La p\u00eache au large pr\u00e9sente en revanche une forte sp\u00e9cialisation de l'activit\u00e9 et une plus grande homog\u00e9n\u00e9it\u00e9 des navires. Les importantes mutations et la modernisation de la flotte de p\u00eache ont conf\u00e9r\u00e9 \u00e0 certaines unit\u00e9s, d\u00e9sarm\u00e9es ou encore en activit\u00e9, un int\u00e9r\u00eat historique, technique ou ethnographique qui les place d\u00e9sormais dans le champ du Patrimoine, comme t\u00e9moignage d'un pass\u00e9 proche et pourtant d\u00e9j\u00e0 presque r\u00e9volu.\r","authors":["Gallardo\/Renault"],"category_codes":["4000000","4010000","4010500","4010502"],"visuals":{"large":"https:\/\/images.epagine.fr\/118\/9782950860118_1_75.jpg","medium":"https:\/\/images.epagine.fr\/118\/9782950860118_1_m.jpg","thumbnail":"https:\/\/images.epagine.fr\/118\/9782950860118_1_v.jpg"},"orderable":true,"show_badge":true,"formatted_price":"12,20&nbsp;\u20ac","formatted_published_date":"1er novembre 1996","publisher_availability_label":"Sur commande","short_details":"Gallardo\/Renault \u2014 CRECET DE BASSE-NORMANDIE","translator":null,"weight":394,"page_count":80,"readership":null,"editor":"CRECET DE BASSE-NORMANDIE","price":1220,"published_date":"1996-10-31T23:00:00.000000Z","support":"Grand format","publisher_availability":1,"stock":0,"editions":[],"url":"https:\/\/quaidesbrumes.com\/ouvrage\/9782950860118\/bateaux-et-metiers-de-la-peche-en-basse-normandie"},{"id":"9782914817141","title":"La biodiversit\u00e9 du d\u00e9part de la Seine-Saint-Denis ; atlas de la flore sauvage","description":"Issu du programme des Atlas floristiques du Bassin parisien, cet ouvrage fait suite \u00e0 la publication de l'Atlas de l'Essonne paru en 2004.\r\n\r\nLa superficie modeste du d\u00e9partement et la longue dur\u00e9e des inventaires ont permis \u00e0 cet atlas d'\u00eatre le plus complet possible. Pas moins de 947 plantes vasculaires ont \u00e9t\u00e9 identifi\u00e9es. Parmi elles, les esp\u00e8ces indig\u00e8nes et naturalis\u00e9es font toutes l'objet d'un texte (protection et statut, ph\u00e9nologie, \u00e9cologie.), d'une carte de r\u00e9partition tr\u00e8s d\u00e9taill\u00e9e (donn\u00e9es anciennes et modernes avant et apr\u00e8s 1990) et d'une photographie prise en milieu naturel.\r\n\r\nUn chapitre entier est r\u00e9serv\u00e9 aux habitats naturels du d\u00e9partement. La parution de cet atlas suscitera aupr\u00e8s du grand public, des professionnels de l'environnement et des collectivit\u00e9s un nouvel int\u00e9r\u00eat pour la protection de l'environnement : ceux qui ne connaissent pas ce d\u00e9partement, tr\u00e8s urbanis\u00e9 et pourtant riche d'une surprenante biodiversit\u00e9, le regarderont d'un oeil nouveau.\r","authors":["Arnal\/Moret\/Filoche"],"category_codes":["4000000","4010000"],"visuals":{"large":"https:\/\/images.epagine.fr\/141\/9782914817141_1_75.jpg","medium":"https:\/\/images.epagine.fr\/141\/9782914817141_1_m.jpg","thumbnail":"https:\/\/images.epagine.fr\/141\/9782914817141_1_v.jpg"},"orderable":true,"show_badge":true,"formatted_price":"30,00&nbsp;\u20ac","formatted_published_date":"1er septembre 2006","publisher_availability_label":"Sur commande","short_details":"Arnal\/Moret\/Filoche \u2014 BIOTOPE","translator":null,"weight":2732,"page_count":null,"readership":null,"editor":"BIOTOPE","price":3000,"published_date":"2006-08-31T22:00:00.000000Z","support":"Grand format","publisher_availability":1,"stock":0,"editions":[],"url":"https:\/\/quaidesbrumes.com\/ouvrage\/9782914817141\/la-biodiversite-du-depart-de-la-seine-saint-denis-atlas-de-la-flore-sauvage"},{"id":"9782296013728","title":"De brousse et de chasses au coeur de l'afrique ; tchad : 1957-1960","description":"Connaisseur averti de nombreux pays d'Afrique ainsi que des Antilles, l'auteur, pr\u00e9fet honoraire et ancien administrateur de le France d'Outre-Mer, raconte ici son rapport privil\u00e9gi\u00e9 avec la brousse africaine, \u00e9cole de vie - et de mort - \u00e0 nulle autre pareille, \u00e0 travers quelques r\u00e9cits \u00e9piques de chasse dans la zone tropicale du Tchad.\r","authors":["Jacques Le cornec"],"category_codes":["4000000","4010000","4010500","4010502"],"visuals":{"large":"https:\/\/images.epagine.fr\/728\/9782296013728_1_75.jpg","medium":"https:\/\/images.epagine.fr\/728\/9782296013728_1_m.jpg","thumbnail":"https:\/\/images.epagine.fr\/728\/9782296013728_1_v.jpg"},"orderable":true,"show_badge":true,"formatted_price":"28,00&nbsp;\u20ac","formatted_published_date":"1er octobre 2006","publisher_availability_label":"Sur commande","short_details":"Jacques Le cornec \u2014 \u00c9ditions L'Harmattan","translator":null,"weight":360,"page_count":188,"readership":null,"editor":"\u00c9ditions L'Harmattan","price":2800,"published_date":"2006-09-30T22:00:00.000000Z","support":"Grand format","publisher_availability":1,"stock":0,"editions":[],"url":"https:\/\/quaidesbrumes.com\/ouvrage\/9782296013728\/de-brousse-et-de-chasses-au-coeur-de-lafrique-tchad-1957-1960"},{"id":"9782367341484","title":"Guide des poissons de Tahiti et ses \u00eeles","description":"Si l'objectif et l'int\u00e9r\u00eat de ce guide sont de fournir les \u00e9l\u00e9ments n\u00e9cessaires \u00e0 l'identification des poissons marins pouvant \u00eatre rencontr\u00e9s en milieu naturel entre 0 et 100m de profondeur, celui-ci s'attache dans sa premi\u00e8re partie \u00e0 nous expliquer, de fa\u00e7on d\u00e9taill\u00e9e, l'environnement dans lequel vivent ces animaux, et aussi quelle est leur biologie. La suite de l'ouvrage se d\u00e9coupe en une cinquantaine de chapitres, regroupant famille par famille les fiches individuelles des diff\u00e9rentes esp\u00e8ces. De nombreuses ann\u00e9es de travail auront \u00e9t\u00e9 n\u00e9cessaires \u00e0 la r\u00e9alisation de ce travail colossal. Afin d'en garantir une certaine exhaustivit\u00e9, les auteurs ont ainsi explor\u00e9 l'enti\u00e8re superficie de la Polyn\u00e9sie fran\u00e7aise, plongeant \u00e0 toutes les heures du jour et de la nuit, afin d'y d\u00e9busquer et photographier les diff\u00e9rents stades \u00e9volutifs de chaque esp\u00e8ce. En parall\u00e8le, un long travail de recherche et d'enqu\u00eate \u00e9tait diligent\u00e9 sur les noms vernaculaires des poissons de Polyn\u00e9sie ; non seulement \u00e0 travers la bibliographie existante, mais aussi sur le terrain, dans les villages les plus recul\u00e9s, aupr\u00e8s des p\u00eacheurs et des Anciens. L'extraordinaire richesse de ce vocabulaire t\u00e9moigne aujourd'hui de l'importance que les Polyn\u00e9siens ont toujours attribu\u00e9e aux poissons.\r\nQuoi de neuf dans cette quatri\u00e8me \u00e9dition ?\r\nAu-del\u00e0 de l'ajout d'une cinquantaine d'esp\u00e8ces, l'ouvrage s'enrichit aujourd'hui d'un tr\u00e8s grand nombre de nouvelles donn\u00e9es : aires de distribution, zones d'\u00e9volution, nouvelles photographies et noms vernaculaires suppl\u00e9mentaires. Les nombreux et perp\u00e9tuels changements taxonomiques sont naturellement pris en compte, et la qualit\u00e9 des images a \u00e9t\u00e9 rehauss\u00e9e. Mais l'un des points forts de cette nouvelle \u00e9dition est sans nul doute la forte volont\u00e9 de sensibiliser davantage le lecteur. Ainsi, dans un contexte de plus en plus g\u00e9n\u00e9ralis\u00e9 de protection de l'environnement, il a \u00e9t\u00e9 ajout\u00e9 pour chaque esp\u00e8ce son statut de conservation et de protection tel qu'il est d\u00e9fini par la fameuse Liste rouge, \u00e9volutive, de l'IUCN. Cette nouvelle \u00e9dition comprend 648 pages dans lesquelles sont trait\u00e9es 654 esp\u00e8ces. L'ensemble est illustr\u00e9 par 1 128 photographies r\u00e9alis\u00e9es en milieu naturel et 90 croquis explicatifs. L'index s'\u00e9tire sur 41 pages ; il est riche de 710 noms scientifiques, 652 noms fran\u00e7ais, 575 noms anglosaxons, et 1401 noms vernaculaires polyn\u00e9siens. Cet opus aura demand\u00e9 aux auteurs 8 ann\u00e9es de travail.","authors":["Philippe Bacchet","Yves Lef\u00e8vre","Thierry Zysman"],"category_codes":["4000000","4010000","4010300","4010304"],"visuals":{"large":"https:\/\/images.epagine.fr\/484\/9782367341484_1_75.jpg","medium":"https:\/\/images.epagine.fr\/484\/9782367341484_1_m.jpg","thumbnail":"https:\/\/images.epagine.fr\/484\/9782367341484_1_v.jpg"},"orderable":true,"show_badge":true,"formatted_price":"39,00&nbsp;\u20ac","formatted_published_date":"1er f\u00e9vrier 2017","publisher_availability_label":"Sur commande","short_details":"Philippe Bacchet, Yves Lef\u00e8vre, Thierry Zysman \u2014 Au vent des \u00eeles","translator":null,"weight":1415,"page_count":616,"readership":null,"editor":"Au vent des \u00eeles","price":3900,"published_date":"2017-01-31T23:00:00.000000Z","support":"Grand format","publisher_availability":1,"stock":0,"editions":[],"url":"https:\/\/quaidesbrumes.com\/ouvrage\/9782367341484\/guide-des-poissons-de-tahiti-et-ses-iles"},{"id":"9781845331764","title":"POTS AND PLANTS - INSPIRED YEAR-ROUND IDEAS FOR YOUR OUTSIDE SPACE","description":"A guide to planting in pots for those wishing to to maximize their available gardening space with colourful plants. This is a practical book on which plants go best into which type of pot in order to have a colourful garden in every season of the year. It also shows how any size of garden can be transformed by carefully arranged and planted pots.\r","authors":["Barbara Segall"],"category_codes":["4000000","4010000","4010300"],"visuals":{"large":"https:\/\/images.epagine.fr\/764\/9781845331764_1_75.jpg","medium":"https:\/\/images.epagine.fr\/764\/9781845331764_1_m.jpg","thumbnail":"https:\/\/images.epagine.fr\/764\/9781845331764_1_v.jpg"},"orderable":true,"show_badge":true,"formatted_price":"29,90&nbsp;\u20ac","formatted_published_date":"29 mars 2006","publisher_availability_label":"Sur commande","short_details":"Barbara Segall \u2014 Mitchell Beazley","translator":null,"weight":861,"page_count":160,"readership":null,"editor":"Mitchell Beazley","price":2990,"published_date":"2006-03-28T22:00:00.000000Z","support":"Grand format","publisher_availability":1,"stock":0,"editions":[],"url":"https:\/\/quaidesbrumes.com\/ouvrage\/9781845331764\/pots-and-plants-inspired-year-round-ideas-for-your-outside-space"},{"id":"9780711224384","title":"IN A ZEN GARDEN: WORDS AND WISDOM FOR THE ZEN GARDENER","description":"This delightful book explains the principles of Zen gardening through inspirational words and illustrations by Judith Glover. This is the first book on Zen Gardening to take a holistic approach to the subject.\r","authors":["Judith Glover"],"category_codes":["4000000","4010000","4010300"],"visuals":{"large":"https:\/\/images.epagine.fr\/384\/9780711224384_1_75.jpg","medium":"https:\/\/images.epagine.fr\/384\/9780711224384_1_m.jpg","thumbnail":"https:\/\/images.epagine.fr\/384\/9780711224384_1_v.jpg"},"orderable":true,"show_badge":true,"formatted_price":"15,90&nbsp;\u20ac","formatted_published_date":"1er octobre 2005","publisher_availability_label":"Sur commande","short_details":"Judith Glover \u2014 LINCOLN","translator":null,"weight":222,"page_count":null,"readership":null,"editor":"LINCOLN","price":1590,"published_date":"2005-09-30T22:00:00.000000Z","support":"Grand format","publisher_availability":1,"stock":0,"editions":[],"url":"https:\/\/quaidesbrumes.com\/ouvrage\/9780711224384\/in-a-zen-garden-words-and-wisdom-for-the-zen-gardener"},{"id":"9782955592717","title":"Sous-expos\u00e9 ! et si les radiations \u00e9taient bonnes pour vous ?","description":"Un auteur qui s'engage contre la peur irraisonn\u00e9e des radiations. Accapar\u00e9s par les soucis du quotidien, les Fran\u00e7ais n'entendent et ne voient que les reportages antinucl\u00e9aires diffus\u00e9s dans la plupart des grands m\u00e9dias qui mettent outranci\u00e8rement en avant le danger des radiations de faible niveau (jusqu'\u00e0 100 fois la radioactivit\u00e9 naturelle). Souhaitant faire conna\u00eetre la r\u00e9alit\u00e9 au plus grand nombre en adoptant un vocabulaire accessible, Michel Gay a r\u00e9alis\u00e9 une synth\u00e8se actualis\u00e9e d'un livre am\u00e9ricain (Under-exposed) qui concentre des v\u00e9rit\u00e9s et des r\u00e9sultats d'\u00e9tudes \"soigneusement oubli\u00e9es\" dans un ouvrage intitul\u00e9 \"Sous-expos\u00e9 !\", publi\u00e9 en auto\u00e9dition. Les objectifs de l'auteur ? Donner \u00e0 ses concitoyens une perception positive du nucl\u00e9aire, \u00e9nergie d'avenir, et les inciter \u00e0 se m\u00e9fier des discours catastrophistes sur le nucl\u00e9aire en g\u00e9n\u00e9ral, et sur la radioactivit\u00e9 en particulier. Michel Gay souhaite \u00e9galement r\u00e9habiliter le nucl\u00e9aire aupr\u00e8s des d\u00e9cideurs, des \u00e9lus et du grand public afin de rendre ses lettres de noblesse \u00e0 une fantastique source d'\u00e9nergie pour l'humanit\u00e9 qui sera n\u00e9cessaire \u00e0 la transition \u00e9nerg\u00e9tique. L'auteur se propose de briser le tabou de la radioactivit\u00e9 impos\u00e9 par le terrorisme intellectuel d'\u00e9cologistes antinucl\u00e9aires r\u00e9trogrades. Pour ce faire, il d\u00e9cape les id\u00e9es re\u00e7ues et s'engage dans un combat contre une forme d'obscurantisme \u00e9cologique. Dans un style incisif, avec des mots simples, ce livre montre que non seulement de faibles doses de radioactivit\u00e9 ne sont pas dangereuses, mais qu'en plus elles sont utiles \u00e0 notre sant\u00e9 et \u00e0 notre bien-\u00eatre, notamment dans de nombreuses stations thermales. Michel Gay d\u00e9clare : Mon livre a pour objectif d'informer les responsables politiques et les citoyens sur les bienfaits du nucl\u00e9aire et de la radioactivit\u00e9 qui conditionnent l'avenir de nos soci\u00e9t\u00e9s.\r","authors":["Michel Gay"],"category_codes":["4000000","4010000","4010200","4010204"],"visuals":{"large":"https:\/\/images.epagine.fr\/717\/9782955592717_1_75.jpg","medium":"https:\/\/images.epagine.fr\/717\/9782955592717_1_m.jpg","thumbnail":"https:\/\/images.epagine.fr\/717\/9782955592717_1_v.jpg"},"orderable":true,"show_badge":true,"formatted_price":"18,00&nbsp;\u20ac","formatted_published_date":"17 octobre 2016","publisher_availability_label":"Sur commande","short_details":"Michel Gay \u2014 Vlnh","translator":null,"weight":0,"page_count":160,"readership":null,"editor":"Vlnh","price":1800,"published_date":"2016-10-16T22:00:00.000000Z","support":"Grand format","publisher_availability":1,"stock":0,"editions":[],"url":"https:\/\/quaidesbrumes.com\/ouvrage\/9782955592717\/sous-expose-et-si-les-radiations-etaient-bonnes-pour-vous"},{"id":"9782912300430","title":"Plaquette \u00e9tanche plong\u00e9e : Cara\u00efbes, Bahamas","description":null,"authors":["Petit Le Brun Th."],"category_codes":["4000000","4010000","4010300"],"visuals":{"large":"https:\/\/quaidesbrumes.com\/img\/book-placeholder.png","medium":"https:\/\/quaidesbrumes.com\/img\/book-placeholder.png","thumbnail":"https:\/\/quaidesbrumes.com\/img\/book-placeholder.png"},"orderable":true,"show_badge":true,"formatted_price":"0,00&nbsp;\u20ac","formatted_published_date":"30 novembre 2006","publisher_availability_label":"Sur commande","short_details":"Petit Le Brun Th. \u2014 Plb","translator":null,"weight":10,"page_count":null,"readership":null,"editor":"Plb","price":0,"published_date":"2006-11-29T23:00:00.000000Z","support":"Grand format","publisher_availability":1,"stock":0,"editions":[],"url":"https:\/\/quaidesbrumes.com\/ouvrage\/9782912300430\/plaquette-etanche-plongee-caraibes-bahamas"},{"id":"9782912300454","title":"Plaquette plong\u00e9e stab en fran\u00e7ais les habitants du r\u00e9cif corallien","description":null,"authors":["Petit Le Brun Th."],"category_codes":["4000000","4010000","4010300"],"visuals":{"large":"https:\/\/quaidesbrumes.com\/img\/book-placeholder.png","medium":"https:\/\/quaidesbrumes.com\/img\/book-placeholder.png","thumbnail":"https:\/\/quaidesbrumes.com\/img\/book-placeholder.png"},"orderable":true,"show_badge":true,"formatted_price":"0,00&nbsp;\u20ac","formatted_published_date":"30 novembre 2006","publisher_availability_label":"Sur commande","short_details":"Petit Le Brun Th. \u2014 Plb","translator":null,"weight":5,"page_count":null,"readership":null,"editor":"Plb","price":0,"published_date":"2006-11-29T23:00:00.000000Z","support":"Grand format","publisher_availability":1,"stock":0,"editions":[],"url":"https:\/\/quaidesbrumes.com\/ouvrage\/9782912300454\/plaquette-plongee-stab-en-francais-les-habitants-du-recif-corallien"}]}