{"data":[{"id":"9782747552936","title":"Essai sur le fait juridique de pollution des sols","description":"Le ph\u00e9nom\u00e8ne de pollution des sols est de nos jours largement connu du grand public. L'importance qualitative et quantitative de ce dommage caus\u00e9 \u00e0 la terre conduit \u00e0 s'interroger sur la mani\u00e8re dont le droit peut g\u00e9rer, ma\u00eetriser ce ph\u00e9nom\u00e8ne et permettre la mise en jeu de responsabilit\u00e9s \u00e9ventuellelles. L'auteur d\u00e9montre, gr\u00e2ce \u00e0 une analyse d\u00e9taill\u00e9e des r\u00e8gles juridiques applicables ou susceptibles de l'\u00eatre, que si la pollution des sols est un fait mesurable sur le plan scientifique et sociologique, elle constitue \u00e9galement un fait juridique sanctionn\u00e9 par la r\u00e8gle de droit.\r","authors":["Eleonore Mauleon"],"category_codes":["4000000","4010000","4010200","4010208"],"visuals":{"large":"https:\/\/images.epagine.fr\/936\/9782747552936_1_75.jpg","medium":"https:\/\/images.epagine.fr\/936\/9782747552936_1_m.jpg","thumbnail":"https:\/\/images.epagine.fr\/936\/9782747552936_1_v.jpg"},"orderable":true,"show_badge":true,"formatted_price":"54,00&nbsp;\u20ac","formatted_published_date":"1er novembre 2003","publisher_availability_label":"Sur commande","short_details":"Eleonore Mauleon \u2014 \u00c9ditions L'Harmattan","translator":null,"weight":990,"page_count":627,"readership":null,"editor":"\u00c9ditions L'Harmattan","price":5400,"published_date":"2003-10-31T23:00:00.000000Z","support":"Grand format","publisher_availability":1,"stock":0,"editions":[],"url":"https:\/\/quaidesbrumes.com\/ouvrage\/9782747552936\/essai-sur-le-fait-juridique-de-pollution-des-sols"},{"id":"9782747552776","title":"Pour une definition communautaire de la responsabilite environnementale - comment appliquer le princ","description":"Quelques ann\u00e9es apr\u00e8s la catastrophe du Prestige l'interrogation centrale est : qui doit payer pour remettre en \u00e9tat l'environnementoe L'Union europ\u00e9enne s'est saisie du probl\u00e8me en \u00e9laborant une directive qui cherche \u00e0 transformer le principe pollueur-payeur en r\u00e9alit\u00e9 juridique. Identifier les pollueurs, d\u00e9finir \u00e0 quelles conditions ceux-ci devraient \u00eatre amen\u00e9s \u00e0 r\u00e9parer : tels sont les probl\u00e9matiques auxquelles cette recherche s'att\u00e8le, pour contribuer \u00e0 une plus grande responsabilisation face \u00e0 l'environnement et \u00e0 une meilleure compr\u00e9hension des enjeux de l'Europe de demain.\r","authors":["Olivier Fuchs"],"category_codes":["4000000","4010000","4010200","4010208"],"visuals":{"large":"https:\/\/images.epagine.fr\/776\/9782747552776_1_75.jpg","medium":"https:\/\/images.epagine.fr\/776\/9782747552776_1_m.jpg","thumbnail":"https:\/\/images.epagine.fr\/776\/9782747552776_1_v.jpg"},"orderable":true,"show_badge":true,"formatted_price":"13,00&nbsp;\u20ac","formatted_published_date":"1er novembre 2003","publisher_availability_label":"Sur commande","short_details":"Olivier Fuchs \u2014 \u00c9ditions L'Harmattan","translator":null,"weight":205,"page_count":144,"readership":null,"editor":"\u00c9ditions L'Harmattan","price":1300,"published_date":"2003-10-31T23:00:00.000000Z","support":"Grand format","publisher_availability":1,"stock":0,"editions":[],"url":"https:\/\/quaidesbrumes.com\/ouvrage\/9782747552776\/pour-une-definition-communautaire-de-la-responsabilite-environnementale-comment-appliquer-le-princ"},{"id":"9782283020425","title":"Au printemps des paysages","description":"En ce d\u00e9but de si\u00e8cle, les paysages nous interpellent avec force, \u00e0 propos de la biodiversit\u00e9, du changement climatique, du d\u00e9veloppement durable.\r\nIls nous rappellent, \u00e0 leur mani\u00e8re, au devoir d'\u00e9quit\u00e9 environnementale. Au point de donner prise \u00e0 une \" \u00e9cologie du paysage \" d\u00e9sireuse de comprendre les causes et les cons\u00e9quences de la transformation de nos espaces de vie. Or cette compr\u00e9hension rel\u00e8ve de tout un concert de disciplines, et exige le croisement des regards, des exp\u00e9riences et des connaissances : artistiques, litt\u00e9raires, scientifiques...\r\nCe livre invite \u00e0 partager l'\u00e9cologie du paysage, dans ce qu'elle a de plus r\u00e9cent et de plus original, avec tous ceux dont le souci est d'harmoniser nature et culture dans la cr\u00e9ation des paysages \u00e0 venir.\r","authors":["Henri D\u00e9camps"],"category_codes":["4000000","4010000","4010200","4010207"],"visuals":{"large":"https:\/\/images.epagine.fr\/425\/9782283020425_1_75.jpg","medium":"https:\/\/images.epagine.fr\/425\/9782283020425_1_m.jpg","thumbnail":"https:\/\/images.epagine.fr\/425\/9782283020425_1_v.jpg"},"orderable":true,"show_badge":true,"formatted_price":"15,20&nbsp;\u20ac","formatted_published_date":"22 octobre 2004","publisher_availability_label":"Sur commande","short_details":"Henri D\u00e9camps \u2014 \u00c9ditions Buchet\/Chastel","translator":null,"weight":350,"page_count":230,"readership":null,"editor":"\u00c9ditions Buchet\/Chastel","price":1520,"published_date":"2004-10-21T22:00:00.000000Z","support":"Grand format","publisher_availability":1,"stock":0,"editions":[],"url":"https:\/\/quaidesbrumes.com\/ouvrage\/9782283020425\/au-printemps-des-paysages"},{"id":"9782747552424","title":"Le droit et les d\u00e9chets agricoles","description":"Une litt\u00e9rature abondante est consacr\u00e9e aux d\u00e9chets. Les d\u00e9chets agricoles semblent cependant y \u00e9chapper, contrairement aux d\u00e9chets m\u00e9nagers et industriels. L'auteur s'attache \u00e0 analyser la logique des syst\u00e8mes juridiques nationaux et communautaires applicables aux d\u00e9chets afin d'appr\u00e9cier la place r\u00e9serv\u00e9e aux d\u00e9chets agricoles et le caract\u00e8re attractif ou non de l'origine agricole.\r","authors":["Alexandra Langlais"],"category_codes":["4000000","4010000","4010200","4010208"],"visuals":{"large":"https:\/\/images.epagine.fr\/424\/9782747552424_1_75.jpg","medium":"https:\/\/images.epagine.fr\/424\/9782747552424_1_m.jpg","thumbnail":"https:\/\/images.epagine.fr\/424\/9782747552424_1_v.jpg"},"orderable":true,"show_badge":true,"formatted_price":"22,50&nbsp;\u20ac","formatted_published_date":"1er d\u00e9cembre 2004","publisher_availability_label":"Sur commande","short_details":"Alexandra Langlais \u2014 \u00c9ditions L'Harmattan","translator":null,"weight":466,"page_count":253,"readership":null,"editor":"\u00c9ditions L'Harmattan","price":2250,"published_date":"2004-11-30T23:00:00.000000Z","support":"Grand format","publisher_availability":1,"stock":0,"editions":[],"url":"https:\/\/quaidesbrumes.com\/ouvrage\/9782747552424\/le-droit-et-les-dechets-agricoles"},{"id":"9791092522006","title":"L'eau, miroir de la Seine-Maritime ; repr\u00e9sentations de l'eau, 1600-1970","description":"L'eau fa\u00e7onne l'espace en Seine-Maritime. Elle y est parfois apparue comme un obstacle ou une menace, li\u00e9e aux \u00e9v\u00e9nements naturels ou aux incursions ext\u00e9rieures. Mais elle est \u00e9galement une ressource pr\u00e9cieuse, qui fait tourner les moulins et permet d'irriguer les terres. Gr\u00e2ce \u00e0 la navigation, elle est devenue un canal d'\u00e9changes et d'ouverture sur le monde.\r\nL'ouvrage propose un regard sur les repr\u00e9sentations de l'eau sur le territoire de la Seine-Maritime, du XVIe au XXe si\u00e8cles. C'est pourquoi l'eau y est appr\u00e9hend\u00e9e \u00e0 travers les documents iconographiques conserv\u00e9s aux Archives d\u00e9partementales de Seine-Maritime: manuscrit enlumin\u00e9, gravure, plan, carte, dessin, carte postale, photographie, affiche...\r","authors":["Vincent Maroteaux"],"category_codes":["4000000","4010000","4010300","4010302"],"visuals":{"large":"https:\/\/images.epagine.fr\/006\/9791092522006_1_75.jpg","medium":"https:\/\/images.epagine.fr\/006\/9791092522006_1_m.jpg","thumbnail":"https:\/\/images.epagine.fr\/006\/9791092522006_1_v.jpg"},"orderable":true,"show_badge":true,"formatted_price":"30,00&nbsp;\u20ac","formatted_published_date":"23 avril 2013","publisher_availability_label":"Sur commande","short_details":"Vincent Maroteaux \u2014 Lapin Rouge","translator":null,"weight":1002,"page_count":null,"readership":null,"editor":"Lapin Rouge","price":3000,"published_date":"2013-04-22T22:00:00.000000Z","support":"Beaux-livres","publisher_availability":1,"stock":0,"editions":[],"url":"https:\/\/quaidesbrumes.com\/ouvrage\/9791092522006\/leau-miroir-de-la-seine-maritime-representations-de-leau-1600-1970"},{"id":"9782914053037","title":"Le pastoralisme en France \u00e0 l'aube des ann\u00e9es 2000","description":"La  naissance  d'une  v\u00e9ritable  conscience  collective  environnementaliste  \u00e0  la  fin  du   XX e si\u00e8cle  fait  changer  de  forme  les   repr\u00e9sentations des espaces \u00ab agro-naturels  \u00bb, et le pastoralisme y jouera un r\u00f4le de plus en plus important. D\u00e9but 1999,  l'Association fran\u00e7aise de pastoralisme renouvelle un constat : le s r\u00e9alit\u00e9s de l'activit\u00e9 pastorale et la grande diversit\u00e9 du  pastoralisme sont trop souvent m\u00e9connus. Une cinquantaine de sp\u00e9cialistes sont r\u00e9unis pour faire d\u00e9couvrir au public la  teneur   du   pastoralisme   d'aujourd'hui.   Les   aspects   techniqu es,   les   consid\u00e9rations   culturelles,   les   relations   avec    l'environnement,  le  multi-usage,  la  formation,  l'organisation d'une  profession  difficile  mais  dynamique,  sont  d\u00e9velopp\u00e9s   afin de balayer l'image d'\u00c9pinal qui co lle au dos du pastoralisme moderne.\r","authors":["Collectif"],"category_codes":["4000000","4010000","4010300"],"visuals":{"large":"https:\/\/images.epagine.fr\/037\/9782914053037_1_75.jpg","medium":"https:\/\/images.epagine.fr\/037\/9782914053037_1_m.jpg","thumbnail":"https:\/\/images.epagine.fr\/037\/9782914053037_1_v.jpg"},"orderable":true,"show_badge":true,"formatted_price":"27,44&nbsp;\u20ac","formatted_published_date":"1er septembre 2000","publisher_availability_label":"Sur commande","short_details":"Collectif \u2014 La Cardere","translator":null,"weight":600,"page_count":252,"readership":null,"editor":"La Cardere","price":2744,"published_date":"2000-08-31T22:00:00.000000Z","support":"Grand format","publisher_availability":1,"stock":0,"editions":[],"url":"https:\/\/quaidesbrumes.com\/ouvrage\/9782914053037\/le-pastoralisme-en-france-a-laube-des-annees-2000"},{"id":"9782747557320","title":"La campagne colonis\u00e9e","description":"Ce num\u00e9ro est consacr\u00e9 \u00e0 la situation de la campagne depuis l'\u00e9poque des grandes d\u00e9couvertes jusqu'\u00e0 nos jours. Les auteurs mettent en lumi\u00e8re les concepts de conqu\u00eate et de colonisation, en analysant la r\u00e9volution qui les accompagne dans la philosophie et les mentalit\u00e9s. Les articles contenus dans ce volume portent sur la litt\u00e9rature, l'histoire et l'\u00e9conomie moderne, \u00e9tudiant le milieu naturel et la ruralit\u00e9 dans ses relations avec l'espace urbain.\r","authors":[],"category_codes":["4000000","4010000","4010200","4010208"],"visuals":{"large":"https:\/\/images.epagine.fr\/320\/9782747557320_1_75.jpg","medium":"https:\/\/images.epagine.fr\/320\/9782747557320_1_m.jpg","thumbnail":"https:\/\/images.epagine.fr\/320\/9782747557320_1_v.jpg"},"orderable":true,"show_badge":true,"formatted_price":"22,50&nbsp;\u20ac","formatted_published_date":"1er f\u00e9vrier 2004","publisher_availability_label":"Sur commande","short_details":"\u00c9ditions L'Harmattan","translator":null,"weight":325,"page_count":242,"readership":null,"editor":"\u00c9ditions L'Harmattan","price":2250,"published_date":"2004-01-31T23:00:00.000000Z","support":"Grand format","publisher_availability":1,"stock":0,"editions":[],"url":"https:\/\/quaidesbrumes.com\/ouvrage\/9782747557320\/la-campagne-colonisee"},{"id":"9782747560085","title":"Environnement et populations : La durabilit\u00e9 en question","description":"Voici une synth\u00e8se de l'\u00e9tat des relations entre les populations et l'environnement dans le monde. Cet ouvrage pr\u00e9sente une vision des risques que font courir nos modes de vie \u00e0 l'\u00e9quilibre \u00e9cologique de la plan\u00e8te et met en question la durabilit\u00e9 de nos modes de d\u00e9veloppement, ouvrant sur un large champ de questions que les scientifiques et les politiques ne peuvent plus, ni \u00e9luder, ni r\u00e9duire au seul probl\u00e8me de la croissance d\u00e9mographique. Sont examin\u00e9s ainsi les processus toujours croissants d'urbanisation, d'intensification agricole, de d\u00e9forestation, d'utilisation de l'eau, de s\u00e9curit\u00e9 alimentaire,...","authors":[],"category_codes":["4000000","4010000","4010200","4010208"],"visuals":{"large":"https:\/\/images.epagine.fr\/085\/9782747560085_1_75.jpg","medium":"https:\/\/images.epagine.fr\/085\/9782747560085_1_m.jpg","thumbnail":"https:\/\/images.epagine.fr\/085\/9782747560085_1_v.jpg"},"orderable":true,"show_badge":true,"formatted_price":"21,00&nbsp;\u20ac","formatted_published_date":"1er f\u00e9vrier 2004","publisher_availability_label":"Sur commande","short_details":"\u00c9ditions L'Harmattan","translator":null,"weight":255,"page_count":228,"readership":null,"editor":"\u00c9ditions L'Harmattan","price":2100,"published_date":"2004-01-31T23:00:00.000000Z","support":"Grand format","publisher_availability":1,"stock":0,"editions":[],"url":"https:\/\/quaidesbrumes.com\/ouvrage\/9782747560085\/environnement-et-populations-la-durabilite-en-question"},{"id":"9782866793845","title":"Piete filiale","description":"Toute sa vie, Ren\u00e9 P\u00e9chard a partag\u00e9 la  solitude de l'orphelin, l'humiliation du r\u00e9fugi\u00e9, la d\u00e9tresse du sans-papiers, la d\u00e9r\u00e9liction du prisonnier, l'opprobre du calomni\u00e9.\r\nD\u00e9livr\u00e9 des prisons vietminhs o\u00f9 l'avaient enferm\u00e9 durant sept ann\u00e9es les errances de la guerre, il fonde l'Association pour la Protection de l'Enfance du Laos puis Enfants du M\u00e9kong. Il \u00e9t\u00e9 un p\u00e8re pour des milliers de jeunes asiatiques qu'il a conduit de l'affectivit\u00e9 \u00e0 l'amour, de la complaisance au pardon, des certitudes \u00e0 la foi...\r\n\" Pi\u00e9t\u00e9 filiale \" est l'expression de leur reconnaissance. Ce livre, prenant la forme d'un dialogue foisonnant d'anecdotes, t\u00e9moigne d'un \u00e9tonnant compagnonnage entre deux itin\u00e9raires que tout aurait d\u00fb s\u00e9parer mais que la mort elle-m\u00eame n'a pas interrompu.\r\nLe lecteur resterait incr\u00e9dule devant un tel destin si quelque cinq cents documents rassembl\u00e9s sur le CD-Rom annex\u00e9 ne venaient l'authentifier. L'ouvrage se veut pierre d'attente pour un \u00e9difice \u00e0 construire par ceux qui d\u00e9couvriront dans la vie hors normes de Ren\u00e9 P\u00e9chard. Une voie ouverte \u00e0 tous, et d'abord aux plus d\u00e9munis, aux plus spoli\u00e9s, aux plus diffam\u00e9s. Une extraordinaire aventure humaine et spirituelle enfin d\u00e9voil\u00e9e.\r","authors":["Jean-claude Didelot"],"category_codes":["4000000","4010000","4010200","4010208"],"visuals":{"large":"https:\/\/images.epagine.fr\/845\/9782866793845_1_75.jpg","medium":"https:\/\/images.epagine.fr\/845\/9782866793845_1_m.jpg","thumbnail":"https:\/\/images.epagine.fr\/845\/9782866793845_1_v.jpg"},"orderable":true,"show_badge":true,"formatted_price":"20,01&nbsp;\u20ac","formatted_published_date":"5 mai 2004","publisher_availability_label":"Sur commande","short_details":"Jean-claude Didelot \u2014 Jubile - Le Sarment Editions","translator":null,"weight":420,"page_count":380,"readership":null,"editor":"Jubile - Le Sarment Editions","price":2001,"published_date":"2004-05-04T22:00:00.000000Z","support":"Grand format","publisher_availability":1,"stock":0,"editions":[],"url":"https:\/\/quaidesbrumes.com\/ouvrage\/9782866793845\/piete-filiale"},{"id":"9782853670135","title":"Flore descriptive et illustr\u00e9e de la France ; 3e suppl\u00e9ment","description":null,"authors":["P Jovet","R De Vilmorin"],"category_codes":["4000000","4010000","4010400"],"visuals":{"large":"https:\/\/images.epagine.fr\/135\/9782853670135_1_75.jpg","medium":"https:\/\/images.epagine.fr\/135\/9782853670135_1_m.jpg","thumbnail":"https:\/\/images.epagine.fr\/135\/9782853670135_1_v.jpg"},"orderable":true,"show_badge":true,"formatted_price":"25,00&nbsp;\u20ac","formatted_published_date":"15 mars 2004","publisher_availability_label":"Sur commande","short_details":"P Jovet, R De Vilmorin \u2014 Blanchard","translator":null,"weight":0,"page_count":163,"readership":null,"editor":"Blanchard","price":2500,"published_date":"2004-03-14T23:00:00.000000Z","support":"Grand format","publisher_availability":1,"stock":0,"editions":[],"url":"https:\/\/quaidesbrumes.com\/ouvrage\/9782853670135\/flore-descriptive-et-illustree-de-la-france-3e-supplement"},{"id":"9782747563567","title":"Les littoraux des Mascareignes entre nature et am\u00e9nagement","description":"Consacr\u00e9 aux trois \u00eeles de l'archipel des Mascareignes (la R\u00e9union, Maurice, Rodrigues), voici une \u00e9tude des relations entre hommes et nature notamment en mati\u00e8re d'environnement littoral et d'am\u00e9nagement et gestion des c\u00f4tes L'\u00e9volution des espaces littoraux, en particuliers des rivages coralliens, fait comprendre les contraintes et les risques provoqu\u00e9s par des am\u00e9nagements \u00e9tablis au plus pr\u00e8s de la mer. Une analyse des principales erreurs en mati\u00e8re d'occupation des c\u00f4tes, et les solutions applicables pour prot\u00e9ger le littoral et d'\u00e9viter l'\u00e9rosion des plages.\r","authors":["Virginie Cazes-duvat","Roland Paskoff"],"category_codes":["4000000","4010000","4010200","4010208"],"visuals":{"large":"https:\/\/images.epagine.fr\/567\/9782747563567_1_75.jpg","medium":"https:\/\/images.epagine.fr\/567\/9782747563567_1_m.jpg","thumbnail":"https:\/\/images.epagine.fr\/567\/9782747563567_1_v.jpg"},"orderable":true,"show_badge":true,"formatted_price":"19,50&nbsp;\u20ac","formatted_published_date":"2 juin 2004","publisher_availability_label":"Sur commande","short_details":"Virginie Cazes-duvat, Roland Paskoff \u2014 \u00c9ditions L'Harmattan","translator":null,"weight":374,"page_count":188,"readership":null,"editor":"\u00c9ditions L'Harmattan","price":1950,"published_date":"2004-06-01T22:00:00.000000Z","support":"Grand format","publisher_availability":1,"stock":0,"editions":[],"url":"https:\/\/quaidesbrumes.com\/ouvrage\/9782747563567\/les-littoraux-des-mascareignes-entre-nature-et-amenagement"},{"id":"9782082012973","title":"Splendeurs des milieux naturels","description":"\r\nSauvage, splendide et riche de vie, la nature poursuit depuis des milliards d'ann\u00e9es une histoire que l'action de l'homme est venue s\u00e9rieusement perturber. Banquise arctique bord\u00e9e d'un puzzle d'icebergs sans cesse en mouvement, steppes d'Asie centrale couvertes \u00e0 perte de vue d'un tapis d'herbes denses et emm\u00eal\u00e9es, for\u00eat de Bialowieza, en Pologne, incroyable \u00ab for\u00eat vierge europ\u00e9enne \u00bb o\u00f9 rien n'a perturb\u00e9 la vie des grands arbres depuis des milliers d'ann\u00e9es fynbos d'Afrique-du-Sud, sorte de garrigue qui constitue le milieu le plus riche du monde en esp\u00e8ces v\u00e9g\u00e9tales... cet ouvrage pr\u00e9sente la plupart des \u00e9cosyst\u00e8mes qui sont encore l\u00e0 pour t\u00e9moigner des splendeurs d\u00e9 la nature.\r\nDe superbes photographies et une information pr\u00e9cise, mais facile d'acc\u00e8s, permettent des d\u00e9couvertes qui forcent l'admiration et prouvent que nous ne pouvons plus n\u00e9gliger la protection de la nature.\r\n\r\n\r","authors":["Snezana Gerbault"],"category_codes":["4000000","4010000","4010300","4010302"],"visuals":{"large":"https:\/\/images.epagine.fr\/973\/9782082012973_1_75.jpg","medium":"https:\/\/images.epagine.fr\/973\/9782082012973_1_m.jpg","thumbnail":"https:\/\/images.epagine.fr\/973\/9782082012973_1_v.jpg"},"orderable":true,"show_badge":true,"formatted_price":"35,00&nbsp;\u20ac","formatted_published_date":"29 octobre 2004","publisher_availability_label":"Sur commande","short_details":"Snezana Gerbault \u2014 Flammarion","translator":null,"weight":1100,"page_count":160,"readership":null,"editor":"Flammarion","price":3500,"published_date":"2004-10-28T22:00:00.000000Z","support":"Grand format","publisher_availability":1,"stock":0,"editions":[],"url":"https:\/\/quaidesbrumes.com\/ouvrage\/9782082012973\/splendeurs-des-milieux-naturels"},{"id":"9782744904912","title":"Pr\u00e9voir et faire face ; guide des risques naturels technologiques et terroristes","description":null,"authors":["Raoul Viger"],"category_codes":["4000000","4010000","4010200"],"visuals":{"large":"https:\/\/images.epagine.fr\/912\/9782744904912_1_75.jpg","medium":"https:\/\/images.epagine.fr\/912\/9782744904912_1_m.jpg","thumbnail":"https:\/\/images.epagine.fr\/912\/9782744904912_1_v.jpg"},"orderable":true,"show_badge":true,"formatted_price":"20,00&nbsp;\u20ac","formatted_published_date":"2 juin 2005","publisher_availability_label":"Sur commande","short_details":"Raoul Viger \u2014 EDISUD","translator":null,"weight":494,"page_count":null,"readership":null,"editor":"EDISUD","price":2000,"published_date":"2005-06-01T22:00:00.000000Z","support":"Grand format","publisher_availability":1,"stock":0,"editions":[],"url":"https:\/\/quaidesbrumes.com\/ouvrage\/9782744904912\/prevoir-et-faire-face-guide-des-risques-naturels-technologiques-et-terroristes"},{"id":"9782895581949","title":"Le futur de la vie terrestre","description":null,"authors":["Hubert Reeves"],"category_codes":["4000000","4060000","4060200","4060202"],"visuals":{"large":"https:\/\/images.epagine.fr\/949\/9782895581949_1_75.jpg","medium":"https:\/\/images.epagine.fr\/949\/9782895581949_1_m.jpg","thumbnail":"https:\/\/images.epagine.fr\/949\/9782895581949_1_v.jpg"},"orderable":true,"show_badge":true,"formatted_price":"18,25&nbsp;\u20ac","formatted_published_date":"1er juin 2004","publisher_availability_label":"Sur commande","short_details":"Hubert Reeves \u2014 Stanke Alexandre","translator":null,"weight":96,"page_count":null,"readership":null,"editor":"Stanke Alexandre","price":1825,"published_date":"2004-05-31T22:00:00.000000Z","support":"CD Audio","publisher_availability":1,"stock":0,"editions":["9782895177760"],"url":"https:\/\/quaidesbrumes.com\/ouvrage\/9782895581949\/le-futur-de-la-vie-terrestre"},{"id":"9782747566360","title":"Autour du developpement durable - vol03","description":"\r\n            la revue risques & management international a pour ambition de contribuer \u00e0 la diffusion d'une culture du risque dans les entreprises.\r\n ce num\u00e9ro est r\u00e9alis\u00e9 en collaboration avec le mast\u00e8re sp\u00e9cialis\u00e9 hec \" management du d\u00e9veloppement durable \", la chaire d\u00e9veloppement durable de l'ecole polytechnique et companieros. \r\n        \r","authors":[],"category_codes":["4000000","4010000","4010200","4010208"],"visuals":{"large":"https:\/\/images.epagine.fr\/360\/9782747566360_1_75.jpg","medium":"https:\/\/images.epagine.fr\/360\/9782747566360_1_m.jpg","thumbnail":"https:\/\/images.epagine.fr\/360\/9782747566360_1_v.jpg"},"orderable":true,"show_badge":true,"formatted_price":"25,00&nbsp;\u20ac","formatted_published_date":"2 juin 2004","publisher_availability_label":"Sur commande","short_details":"\u00c9ditions L'Harmattan","translator":null,"weight":322,"page_count":268,"readership":null,"editor":"\u00c9ditions L'Harmattan","price":2500,"published_date":"2004-06-01T22:00:00.000000Z","support":"Grand format","publisher_availability":1,"stock":0,"editions":[],"url":"https:\/\/quaidesbrumes.com\/ouvrage\/9782747566360\/autour-du-developpement-durable-vol03"},{"id":"9782747556477","title":"Vanoise : Bilan et perspectives","description":"Le lecteur plonge d\u00e8s l'introduction dans l'ambiance m\u00eal\u00e9e d'altitude et d'humanisation du Massif qui sera le premier en France \u00e0 recevoir l'appellation \"Parc National\", il y a 40 ans. L'auteur explique la gen\u00e8se du Parc National en le repla\u00e7ant dans son contexte local et national dans les ann\u00e9es 1950-1960. Pour la premi\u00e8re fois en France, un ouvrage de synth\u00e8se est r\u00e9dig\u00e9 par un chercheur ind\u00e9pendant autour des effets d'un Parc National sur un massif montagnard et son \u00e9volution. Bas\u00e9e sur une pratique assidue du terrain et sur pr\u00e8s de 130 entretiens aupr\u00e8s des acteurs du Massif de la Vanoise.\r","authors":["Lionel Laslaz"],"category_codes":["4000000","4010000","4010200","4010208"],"visuals":{"large":"https:\/\/images.epagine.fr\/477\/9782747556477_1_75.jpg","medium":"https:\/\/images.epagine.fr\/477\/9782747556477_1_m.jpg","thumbnail":"https:\/\/images.epagine.fr\/477\/9782747556477_1_v.jpg"},"orderable":true,"show_badge":true,"formatted_price":"42,00&nbsp;\u20ac","formatted_published_date":"2 juin 2004","publisher_availability_label":"Sur commande","short_details":"Lionel Laslaz \u2014 \u00c9ditions L'Harmattan","translator":null,"weight":780,"page_count":434,"readership":null,"editor":"\u00c9ditions L'Harmattan","price":4200,"published_date":"2004-06-01T22:00:00.000000Z","support":"Grand format","publisher_availability":1,"stock":0,"editions":[],"url":"https:\/\/quaidesbrumes.com\/ouvrage\/9782747556477\/vanoise-bilan-et-perspectives"},{"id":"9782747573351","title":"Les cheminements de l'\u00e9cologie en Europe : Une histoire de la diffusion de l'\u00e9cologie au miroir de la for\u00eat","description":"En un si\u00e8cle, l'\u00e9cologie est pass\u00e9e du statut de branche au sein de la botanique, de la zoologie \u00e0 celui de discipline pleine et enti\u00e8re au prix d'un changement de paradigme : de science de la parcelle, l'\u00e9cologie est devenue syst\u00e9mique. En outre, comme dans toutes sciences, elle fut et reste travers\u00e9e par de multiples courants, dont la l\u00e9gitimit\u00e9 repose \u00e0 la fois sur leur capacit\u00e9 \u00e0 rendre compte du milieu observ\u00e9 mais \u00e9galement dans leur application sur le terrain. L'espace forestier europ\u00e9en fut, \u00e0 ce titre, au coeur de ces multiples controverses.","authors":["Michel Dupuy"],"category_codes":["4000000","4010000","4010200","4010208"],"visuals":{"large":"https:\/\/images.epagine.fr\/351\/9782747573351_1_75.jpg","medium":"https:\/\/images.epagine.fr\/351\/9782747573351_1_m.jpg","thumbnail":"https:\/\/images.epagine.fr\/351\/9782747573351_1_v.jpg"},"orderable":true,"show_badge":true,"formatted_price":"29,00&nbsp;\u20ac","formatted_published_date":"2 d\u00e9cembre 2004","publisher_availability_label":"Sur commande","short_details":"Michel Dupuy \u2014 \u00c9ditions L'Harmattan","translator":null,"weight":425,"page_count":295,"readership":null,"editor":"\u00c9ditions L'Harmattan","price":2900,"published_date":"2004-12-01T23:00:00.000000Z","support":"Grand format","publisher_availability":1,"stock":0,"editions":[],"url":"https:\/\/quaidesbrumes.com\/ouvrage\/9782747573351\/les-cheminements-de-lecologie-en-europe-une-histoire-de-la-diffusion-de-lecologie-au-miroir-de-la-foret"},{"id":"9782226064073","title":"Le tour du monde par les cimes - la conquete des 7 sommets du monde par une femme","description":null,"authors":["Christine Janin"],"category_codes":["4000000","4010000","4010500","4010503"],"visuals":{"large":"https:\/\/quaidesbrumes.com\/img\/book-placeholder.png","medium":"https:\/\/quaidesbrumes.com\/img\/book-placeholder.png","thumbnail":"https:\/\/quaidesbrumes.com\/img\/book-placeholder.png"},"orderable":true,"show_badge":true,"formatted_price":"18,60&nbsp;\u20ac","formatted_published_date":"11 mai 1993","publisher_availability_label":"Sur commande","short_details":"Christine Janin \u2014 Albin Michel","translator":null,"weight":446,"page_count":null,"readership":null,"editor":"Albin Michel","price":1860,"published_date":"1993-05-10T22:00:00.000000Z","support":"Grand format","publisher_availability":1,"stock":0,"editions":[],"url":"https:\/\/quaidesbrumes.com\/ouvrage\/9782226064073\/le-tour-du-monde-par-les-cimes-la-conquete-des-7-sommets-du-monde-par-une-femme"},{"id":"9782876145597","title":"La gestion durable des forets denses d'afrique centrale et occidentale","description":null,"authors":["Doumenge\/Gami\/Louppe"],"category_codes":["4000000","4010000","4010200","4010208"],"visuals":{"large":"https:\/\/quaidesbrumes.com\/img\/book-placeholder.png","medium":"https:\/\/quaidesbrumes.com\/img\/book-placeholder.png","thumbnail":"https:\/\/quaidesbrumes.com\/img\/book-placeholder.png"},"orderable":true,"show_badge":true,"formatted_price":"0,00&nbsp;\u20ac","formatted_published_date":"1er avril 2004","publisher_availability_label":"Sur commande","short_details":"Doumenge\/Gami\/Louppe \u2014 Qu\u00e6","translator":null,"weight":160,"page_count":null,"readership":null,"editor":"Qu\u00e6","price":0,"published_date":"2004-03-31T22:00:00.000000Z","support":"CD-ROM","publisher_availability":1,"stock":0,"editions":[],"url":"https:\/\/quaidesbrumes.com\/ouvrage\/9782876145597\/la-gestion-durable-des-forets-denses-dafrique-centrale-et-occidentale"},{"id":"9782848190365","title":"Ruches et abeilles ; architecture, traditions, patrimoine","description":"Apr\u00e8s neuf ouvrages, de la collection \u00ab M\u00e9tiers, techniques et artisans \u00bb \u00e9tudiant l'arch\u00e9ologie industrielle, et abordant par des entretiens ethnologiques des r\u00e9cits de vie et des tours de mains ou des savoirs appel\u00e9s \u00e0 dispara\u00eetre inexorablement, voici Ruches et Abeilles Architecture, Traditions, Patrimoine qui traite essentiellement de l'habitat des abeilles, avec d'\u00e9tonnantes d\u00e9couvertes d'architectures sp\u00e9cifiques aux ruches et aux ruchers, un peu partout en France et en Europe. \r\n\r\nLes auteurs ont plus pr\u00e9cis\u00e9ment \u00e9tudi\u00e9 la r\u00e9gion Auvergne et le Velay, qu'ils connaissent bien, pour en d\u00e9crire les principales architectures li\u00e9es \u00e0 l'habitat des abeilles. \r\n\r\nCette synth\u00e8se se poursuit par un large tour d'horizon des traditions et du patrimoine autour des ruches, du miel, et de ses produits d\u00e9riv\u00e9s (cire), dans ces m\u00eames r\u00e9gions. \r\n\r\nEnfin des recettes o\u00f9 entre le miel comme ingr\u00e9dient terminent l'ouvrage.\r","authors":["Jean-ren\u00e9 Mestre","Gaby Roussel"],"category_codes":["4000000","4010000","4010300","4010302"],"visuals":{"large":"https:\/\/images.epagine.fr\/365\/9782848190365_1_75.jpg","medium":"https:\/\/images.epagine.fr\/365\/9782848190365_1_m.jpg","thumbnail":"https:\/\/images.epagine.fr\/365\/9782848190365_1_v.jpg"},"orderable":true,"show_badge":true,"formatted_price":"45,00&nbsp;\u20ac","formatted_published_date":"7 octobre 2005","publisher_availability_label":"Sur commande","short_details":"Jean-ren\u00e9 Mestre, Gaby Roussel \u2014 CREER","translator":null,"weight":1320,"page_count":208,"readership":null,"editor":"CREER","price":4500,"published_date":"2005-10-06T22:00:00.000000Z","support":"Grand format","publisher_availability":1,"stock":0,"editions":[],"url":"https:\/\/quaidesbrumes.com\/ouvrage\/9782848190365\/ruches-et-abeilles-architecture-traditions-patrimoine"},{"id":"9782738401281","title":"R\u00e9volution et espaces forestiers","description":null,"authors":["Denis Woronoff"],"category_codes":["4000000","4010000","4010400","4010406"],"visuals":{"large":"https:\/\/images.epagine.fr\/281\/9782738401281_1_75.jpg","medium":"https:\/\/images.epagine.fr\/281\/9782738401281_1_m.jpg","thumbnail":"https:\/\/images.epagine.fr\/281\/9782738401281_1_v.jpg"},"orderable":true,"show_badge":true,"formatted_price":"26,00&nbsp;\u20ac","formatted_published_date":"1er janvier 1989","publisher_availability_label":"Sur commande","short_details":"Denis Woronoff \u2014 \u00c9ditions L'Harmattan","translator":null,"weight":442,"page_count":null,"readership":null,"editor":"\u00c9ditions L'Harmattan","price":2600,"published_date":"1988-12-31T23:00:00.000000Z","support":"Grand format","publisher_availability":1,"stock":0,"editions":[],"url":"https:\/\/quaidesbrumes.com\/ouvrage\/9782738401281\/revolution-et-espaces-forestiers"},{"id":"9782716506588","title":"Flore et faune la petite camargue alsacienne","description":null,"authors":["\/ Kniebely Boissaye"],"category_codes":["4000000","4010000","4010300","4010302"],"visuals":{"large":"https:\/\/images.epagine.fr\/588\/9782716506588_1_75.jpg","medium":"https:\/\/images.epagine.fr\/588\/9782716506588_1_m.jpg","thumbnail":"https:\/\/images.epagine.fr\/588\/9782716506588_1_v.jpg"},"orderable":true,"show_badge":true,"formatted_price":"30,00&nbsp;\u20ac","formatted_published_date":"6 avril 2005","publisher_availability_label":"Sur commande","short_details":"\/ Kniebely Boissaye \u2014 La Nu\u00e9e Bleue","translator":null,"weight":250,"page_count":null,"readership":null,"editor":"La Nu\u00e9e Bleue","price":3000,"published_date":"2005-04-05T22:00:00.000000Z","support":"Grand format","publisher_availability":1,"stock":0,"editions":[],"url":"https:\/\/quaidesbrumes.com\/ouvrage\/9782716506588\/flore-et-faune-la-petite-camargue-alsacienne"},{"id":"9782858025961","title":"Protection de la nature : Histoire de la nature et l'environnement","description":null,"authors":["Anne Cadoret"],"category_codes":["4000000","4010000","4010200","4010208"],"visuals":{"large":"https:\/\/images.epagine.fr\/961\/9782858025961_1_75.jpg","medium":"https:\/\/images.epagine.fr\/961\/9782858025961_1_m.jpg","thumbnail":"https:\/\/images.epagine.fr\/961\/9782858025961_1_v.jpg"},"orderable":true,"show_badge":true,"formatted_price":"25,00&nbsp;\u20ac","formatted_published_date":"3 mai 2000","publisher_availability_label":"Sur commande","short_details":"Anne Cadoret \u2014 \u00c9ditions L'Harmattan","translator":null,"weight":324,"page_count":245,"readership":null,"editor":"\u00c9ditions L'Harmattan","price":2500,"published_date":"2000-05-02T22:00:00.000000Z","support":"Grand format","publisher_availability":1,"stock":0,"editions":[],"url":"https:\/\/quaidesbrumes.com\/ouvrage\/9782858025961\/protection-de-la-nature-histoire-de-la-nature-et-lenvironnement"},{"id":"9782876790346","title":"Les succulents fruits des Antilles","description":" \r","authors":["Ary Ebroin"],"category_codes":["4000000","4010000","4010200","4010208"],"visuals":{"large":"https:\/\/images.epagine.fr\/346\/9782876790346_1_75.jpg","medium":"https:\/\/images.epagine.fr\/346\/9782876790346_1_m.jpg","thumbnail":"https:\/\/images.epagine.fr\/346\/9782876790346_1_v.jpg"},"orderable":true,"show_badge":true,"formatted_price":"21,00&nbsp;\u20ac","formatted_published_date":"1er d\u00e9cembre 2004","publisher_availability_label":"Sur commande","short_details":"Ary Ebroin \u2014 \u00c9ditions L'Harmattan","translator":null,"weight":358,"page_count":168,"readership":null,"editor":"\u00c9ditions L'Harmattan","price":2100,"published_date":"2004-11-30T23:00:00.000000Z","support":"Grand format","publisher_availability":1,"stock":0,"editions":[],"url":"https:\/\/quaidesbrumes.com\/ouvrage\/9782876790346\/les-succulents-fruits-des-antilles"}]}