{"data":[{"id":"9782914053020","title":"Transhumance collective en cantal ; la COPTASA, une exp\u00e9rience unique","description":"D\u00e9but  des  ann\u00e9es  soixante.  La  politique  agricole  fran\u00e7aise  marque  un  tournant  et  opte  pour  une  agriculture  intensive,   productiviste et m\u00e9canis\u00e9e. La d\u00e9sertification du territoire se poursuit, particuli\u00e8rement en montagne. Dans le Cantal, des  \u00e9leveurs  r\u00e9agissent  aux  probl\u00e8mes  fonciers  grandissants  :  la   COPTASA est  cr\u00e9\u00e9e  en  1963.  Premi\u00e8re  coop\u00e9rative  de   transhumance en France, elle sera aussi en 1972 le premier groupement pastoral issu  de la Loi de mise en valeur pastorale  de la montagne. Aujourd'hui, la coop\u00e9rative rayonne en Cantal,  draine chaque \u00e9t\u00e9 plus de 4000 bovins. On peut affirmer que  le bilan d'une quarantaine d'ann\u00e9es de fonctionnement est tr\u00e8s positif, en termes \u00e9conomiq ues, sociaux, agronomiques,  zootechniques,  environnementaux...\r\n  Inclassable  (ni  capitaliste,  ni  collectiviste),  la   COPTASA est  une  entreprise  coop\u00e9rative   moderne fond\u00e9e sur une r\u00e9alit\u00e9 \u00e9conomique, une tradition, et la passion d'un m\u00e9tier.\r","authors":["Marcel Besombes","Alexandre Czekalski"],"category_codes":["4000000","4010000","4010300"],"visuals":{"large":"https:\/\/images.epagine.fr\/020\/9782914053020_1_75.jpg","medium":"https:\/\/images.epagine.fr\/020\/9782914053020_1_m.jpg","thumbnail":"https:\/\/images.epagine.fr\/020\/9782914053020_1_v.jpg"},"orderable":true,"show_badge":true,"formatted_price":"19,80&nbsp;\u20ac","formatted_published_date":"1er mars 2000","publisher_availability_label":"Sur commande","short_details":"Marcel Besombes, Alexandre Czekalski \u2014 La Cardere","translator":null,"weight":400,"page_count":64,"readership":null,"editor":"La Cardere","price":1980,"published_date":"2000-02-29T23:00:00.000000Z","support":"Grand format","publisher_availability":1,"stock":0,"editions":[],"url":"https:\/\/quaidesbrumes.com\/ouvrage\/9782914053020\/transhumance-collective-en-cantal-la-coptasa-une-experience-unique"},{"id":"9782950441584","title":"Plantes et jardins du moyen age","description":null,"authors":["Michel Cambornac"],"category_codes":["4000000","4010000","4010400","4010402"],"visuals":{"large":"https:\/\/quaidesbrumes.com\/img\/book-placeholder.png","medium":"https:\/\/quaidesbrumes.com\/img\/book-placeholder.png","thumbnail":"https:\/\/quaidesbrumes.com\/img\/book-placeholder.png"},"orderable":true,"show_badge":true,"formatted_price":"29,73&nbsp;\u20ac","formatted_published_date":"1er janvier 2001","publisher_availability_label":"Sur commande","short_details":"Michel Cambornac \u2014 Hartmann","translator":null,"weight":0,"page_count":104,"readership":null,"editor":"Hartmann","price":2973,"published_date":"2000-12-31T23:00:00.000000Z","support":"Grand format","publisher_availability":1,"stock":0,"editions":[],"url":"https:\/\/quaidesbrumes.com\/ouvrage\/9782950441584\/plantes-et-jardins-du-moyen-age"},{"id":"9782747520010","title":"DU D\u00c9VELOPPEMENT DURABLE AU BIEN PUBLIC : Essai anthropologique sur l'environnement et l'\u00e9conomie","description":"Popularis\u00e9 par la Conf\u00e9rence des Nations Unies sur l'environnement et le d\u00e9veloppement, le \" d\u00e9veloppement durable \" est g\u00e9n\u00e9ralement d\u00e9fini comme un nouveau mod\u00e8le de croissance, respectueux \u00e0 la fois des int\u00e9r\u00eats \u00e9conomiques, sociaux et \u00e9cologiques. Peut-on se contenter de pr\u00e9tendre concilier trois sph\u00e8res sans remettre en cause ni m\u00eame interroger la pertinence de leur s\u00e9paration pr\u00e9alable ? Ne faut-il pas aller plus loin pour tenter de penser d'une mani\u00e8re radicalement diff\u00e9rente les relations de l'homme \u00e0 la \" nature \" en r\u00e9interrogeant justement la validit\u00e9 de la distinction (trop) commune entre une sph\u00e8re \" \u00e9conomique \", une sph\u00e8re \" sociale \" et une \" sph\u00e8re environnementale \" ?\r","authors":["Jean-michel Le bot"],"category_codes":["4000000","4010000","4010200","4010208"],"visuals":{"large":"https:\/\/images.epagine.fr\/010\/9782747520010_1_75.jpg","medium":"https:\/\/images.epagine.fr\/010\/9782747520010_1_m.jpg","thumbnail":"https:\/\/images.epagine.fr\/010\/9782747520010_1_v.jpg"},"orderable":true,"show_badge":true,"formatted_price":"26,50&nbsp;\u20ac","formatted_published_date":"1er janvier 2002","publisher_availability_label":"Sur commande","short_details":"Jean-michel Le bot \u2014 \u00c9ditions L'Harmattan","translator":null,"weight":406,"page_count":297,"readership":null,"editor":"\u00c9ditions L'Harmattan","price":2650,"published_date":"2001-12-31T23:00:00.000000Z","support":"Grand format","publisher_availability":1,"stock":0,"editions":[],"url":"https:\/\/quaidesbrumes.com\/ouvrage\/9782747520010\/du-developpement-durable-au-bien-public-essai-anthropologique-sur-lenvironnement-et-leconomie"},{"id":"9782747515597","title":"Lexique des noms communs des plantes comestibles","description":"Le monde v\u00e9g\u00e9tal est constitu\u00e9 de plus de 200 000 esp\u00e8ces identifi\u00e9es \u00e0 ce jour. Ce lexique ne prend pas en compte les hybrides artificiels issus de la s\u00e9lection et des manipulations op\u00e9r\u00e9es par les hommes. Il s'agit de retrouver les plantes initiales telles que les premiers hommes ont pu les conna\u00eetre. Ce lexique compl\u00e8te le dictionnaire des plantes comestibles du m\u00eame auteur.\r","authors":["Louis Bubenicek"],"category_codes":["12000000","12250000","12250200"],"visuals":{"large":"https:\/\/images.epagine.fr\/597\/9782747515597_1_75.jpg","medium":"https:\/\/images.epagine.fr\/597\/9782747515597_1_m.jpg","thumbnail":"https:\/\/images.epagine.fr\/597\/9782747515597_1_v.jpg"},"orderable":true,"show_badge":true,"formatted_price":"30,00&nbsp;\u20ac","formatted_published_date":"1er novembre 2003","publisher_availability_label":"Sur commande","short_details":"Louis Bubenicek \u2014 \u00c9ditions L'Harmattan","translator":null,"weight":348,"page_count":184,"readership":null,"editor":"\u00c9ditions L'Harmattan","price":3000,"published_date":"2003-10-31T23:00:00.000000Z","support":"Grand format","publisher_availability":1,"stock":0,"editions":[],"url":"https:\/\/quaidesbrumes.com\/ouvrage\/9782747515597\/lexique-des-noms-communs-des-plantes-comestibles"},{"id":"9782742738267","title":"Traite des plantes tropicales","description":null,"authors":["Yves Delange"],"category_codes":["4000000","4010000","4010300"],"visuals":{"large":"https:\/\/images.epagine.fr\/267\/9782742738267_1_75.jpg","medium":"https:\/\/images.epagine.fr\/267\/9782742738267_1_m.jpg","thumbnail":"https:\/\/images.epagine.fr\/267\/9782742738267_1_v.jpg"},"orderable":true,"show_badge":true,"formatted_price":"39,60&nbsp;\u20ac","formatted_published_date":"11 juin 2002","publisher_availability_label":"Sur commande","short_details":"Yves Delange \u2014 Actes Sud","translator":null,"weight":875,"page_count":238,"readership":null,"editor":"Actes Sud","price":3960,"published_date":"2002-06-10T22:00:00.000000Z","support":"Grand format","publisher_availability":1,"stock":0,"editions":[],"url":"https:\/\/quaidesbrumes.com\/ouvrage\/9782742738267\/traite-des-plantes-tropicales"},{"id":"9782322138845","title":"Filets de p\u00eache... de la maille jusqu'au filet pr\u00eat \u00e0 p\u00eacher !","description":"Quel plaisir que de monter un filet de p\u00eache soi-m\u00eame ! Ce n'est pas miraculeux, ce n'est pas difficile, sous condition d'\u00eatre en possession du bon savoir faire.\r\n\r\nMais d'abord quelques excuses \u00e0 tous les professionnels de la p\u00eache si ce livre n'est pas \u00e9dit\u00e9 \u00e0 leur intention, mais surtout destin\u00e9 \u00e0 plaire \u00e0 tous les amoureux de la p\u00eache aux filets qui n'ont pas eu la chance d'avoir \u00e9t\u00e9 un jour \u00e9l\u00e8ve d'un lyc\u00e9e professionnel de la p\u00eache.\r\n\r\nCe livre a \u00e9t\u00e9 fait avec la volont\u00e9 d'expliquer \u00e0 un licenci\u00e9 en p\u00eache au filet, \u00e0 un propri\u00e9taire d'\u00e9tang ou \u00e0 un plaisancier ayant le droit de poss\u00e9der sur son bateau un filet de p\u00eache, le plus simplement et le plus clairement possible la fabrication, le montage et l'entretien d'un filet de p\u00eache.\r","authors":["Evelyne Becker","Roland Becker"],"category_codes":["4000000","4010000","4010500","4010502"],"visuals":{"large":"https:\/\/images.epagine.fr\/845\/9782322138845_1_75.jpg","medium":"https:\/\/images.epagine.fr\/845\/9782322138845_1_m.jpg","thumbnail":"https:\/\/images.epagine.fr\/845\/9782322138845_1_v.jpg"},"orderable":true,"show_badge":true,"formatted_price":"14,75&nbsp;\u20ac","formatted_published_date":"3 mai 2017","publisher_availability_label":"Sur commande","short_details":"Evelyne Becker, Roland Becker \u2014 Books on Demand","translator":null,"weight":221,"page_count":120,"readership":null,"editor":"Books on Demand","price":1475,"published_date":"2017-05-02T22:00:00.000000Z","support":"Grand format","publisher_availability":1,"stock":0,"editions":[],"url":"https:\/\/quaidesbrumes.com\/ouvrage\/9782322138845\/filets-de-peche-de-la-maille-jusquau-filet-pret-a-pecher"},{"id":"9782747521833","title":"ACTIVIT\u00c9 AGRICOLE ET DROIT DE L'ENVIRONNEMENT, L'IMPOSSIBLE CONCILIATION ?","description":"L'agriculture pollue, d\u00e9truit les ressources naturelles et g\u00eane les voisins. Mais l'agriculture entretient, am\u00e9nage les espaces et \" produit \" du vivant, animal ou v\u00e9g\u00e9tal. C'est dire la complexit\u00e9 et la richesse des rapports entre l'activit\u00e9 agricole et l'environnement que le droit est amen\u00e9 \u00e0 r\u00e9guler. Dans un champ encore trop peu explor\u00e9 par la doctrine juridique, le bilan de la difficile conciliation entre le droit de l'environnement et l'agriculture, qui est dress\u00e9 ici avec pr\u00e9cision, est non seulement n\u00e9cessaire, mais salutaire.\r","authors":["Isabelle Doussan"],"category_codes":["4000000","4010000","4010200","4010208"],"visuals":{"large":"https:\/\/images.epagine.fr\/833\/9782747521833_1_75.jpg","medium":"https:\/\/images.epagine.fr\/833\/9782747521833_1_m.jpg","thumbnail":"https:\/\/images.epagine.fr\/833\/9782747521833_1_v.jpg"},"orderable":true,"show_badge":true,"formatted_price":"43,00&nbsp;\u20ac","formatted_published_date":"2 septembre 2002","publisher_availability_label":"Sur commande","short_details":"Isabelle Doussan \u2014 \u00c9ditions L'Harmattan","translator":null,"weight":630,"page_count":488,"readership":null,"editor":"\u00c9ditions L'Harmattan","price":4300,"published_date":"2002-09-01T22:00:00.000000Z","support":"Grand format","publisher_availability":1,"stock":0,"editions":[],"url":"https:\/\/quaidesbrumes.com\/ouvrage\/9782747521833\/activite-agricole-et-droit-de-lenvironnement-limpossible-conciliation"},{"id":"9782747527750","title":"\u00c9cologie : quand les femmes comptent","description":"La pertinence \u00e9cologique de la vision f\u00e9minine du monde est-elle encore \u00e0 prouver ? Un examen approfondi de leurs luttes contre la d\u00e9t\u00e9rioration de leur environnement confirme que les femmes sont nombreuses \u00e0 partager la m\u00eame col\u00e8re, la m\u00eame inqui\u00e9tude et le m\u00eame sens des responsabilit\u00e9 quant \u00e0 la pr\u00e9servation des bases de la vie, qu'elles soient environnementales ou sociales. Les femmes s'attachent \u00e0 \" retisser \" le monde pour qu'il reste un lieu d'accueil pour les g\u00e9n\u00e9rations futures.\r","authors":["Collectif"],"category_codes":["4000000","4010000","4010200"],"visuals":{"large":"https:\/\/images.epagine.fr\/750\/9782747527750_1_75.jpg","medium":"https:\/\/images.epagine.fr\/750\/9782747527750_1_m.jpg","thumbnail":"https:\/\/images.epagine.fr\/750\/9782747527750_1_v.jpg"},"orderable":true,"show_badge":true,"formatted_price":"20,50&nbsp;\u20ac","formatted_published_date":"1er janvier 2002","publisher_availability_label":"Sur commande","short_details":"Collectif \u2014 \u00c9ditions L'Harmattan","translator":null,"weight":280,"page_count":215,"readership":null,"editor":"\u00c9ditions L'Harmattan","price":2050,"published_date":"2001-12-31T23:00:00.000000Z","support":"Grand format","publisher_availability":1,"stock":0,"editions":[],"url":"https:\/\/quaidesbrumes.com\/ouvrage\/9782747527750\/ecologie-quand-les-femmes-comptent"},{"id":"9782913826601","title":"Parfumez votre maison - recettes anciennes de marie-tisane","description":"A Troyes, dans sa boutique \" Marie-Tisane \" o\u00f9 elle officiait, Marie Delmas a fait revivre mille secrets de senteurs qu'elle nous livre aujourd'hui dans leur diversit\u00e9 et selon des dosages pr\u00e9cis.\r\nParfumer sa maison est un v\u00e9ritable art de vivre. Une maison qui sent bon, c'est un des petits bonheurs qui rendent la vie plus douce. La vocation premi\u00e8re d'un parfum est de cr\u00e9er une atmosph\u00e8re et de transformer l'ambiance d'un lieu pour qu'il soit en accord avec vous et communique \u00e0 ceux que vous accueillez l'essence indicible de votre personnalit\u00e9. Les recettes issues d'une longue tradition des parfums naturels d'origine v\u00e9g\u00e9tale que vous trouverez dans ce livre sont faciles \u00e0 ex\u00e9cuter, \u00e0 moindre frais.\r\nComme tout ce que l'on fait soi-m\u00eame, elles acqu\u00e9rront une qualit\u00e9 \u00e9nerg\u00e9tique qui ne s'ach\u00e8te pas et elle vous inspireront des id\u00e9es de petits cadeaux sympathiques.\r","authors":["Marie Delmas"],"category_codes":["4000000","4010000","4010400"],"visuals":{"large":"https:\/\/images.epagine.fr\/601\/9782913826601_1_75.jpg","medium":"https:\/\/images.epagine.fr\/601\/9782913826601_1_m.jpg","thumbnail":"https:\/\/images.epagine.fr\/601\/9782913826601_1_v.jpg"},"orderable":true,"show_badge":true,"formatted_price":"11,00&nbsp;\u20ac","formatted_published_date":"2 septembre 2005","publisher_availability_label":"Sur commande","short_details":"Marie Delmas \u2014 Mercure Dauphinois","translator":null,"weight":112,"page_count":80,"readership":null,"editor":"Mercure Dauphinois","price":1100,"published_date":"2005-09-01T22:00:00.000000Z","support":"Grand format","publisher_availability":1,"stock":0,"editions":[],"url":"https:\/\/quaidesbrumes.com\/ouvrage\/9782913826601\/parfumez-votre-maison-recettes-anciennes-de-marie-tisane"},{"id":"9782747524377","title":"Les figures de la polemique - aspects linguistiques et discursifs du debat public sur l'effet de ser","description":"Cet ouvrage, qui s'int\u00e9resse moins \u00e0 la r\u00e9alit\u00e9 de l'effet de serre qu'\u00e0 ce qu'on en dit, constitue une description fine et minutieuse d'un panel de textes produits par des repr\u00e9sentants politiques et scientifiques de la soci\u00e9t\u00e9 fran\u00e7aise. La confrontation des voix qui se sont exprim\u00e9es sur le sujet montre que l'effet de serre, fortement li\u00e9 aux grandes questions d'ordre social, \u00e9conomique, \u00e9cologique et id\u00e9ologique, engendre autant de controverses au sein de la communaut\u00e9 scientifique que de d\u00e9bats chez les hommes politiques. Cet ouvrage s'efforce de montrer que la question de l'effet de serre a toujours \u00e9t\u00e9 abord\u00e9e de fa\u00e7on pol\u00e9mique. La rencontre entre la politique, la philosophie et la science ne peut en fait engendrer que la m\u00e9sentente.\r","authors":["Lamria Chetouani"],"category_codes":["4000000","4010000","4010200","4010208"],"visuals":{"large":"https:\/\/images.epagine.fr\/377\/9782747524377_1_75.jpg","medium":"https:\/\/images.epagine.fr\/377\/9782747524377_1_m.jpg","thumbnail":"https:\/\/images.epagine.fr\/377\/9782747524377_1_v.jpg"},"orderable":true,"show_badge":true,"formatted_price":"21,50&nbsp;\u20ac","formatted_published_date":"1er janvier 2002","publisher_availability_label":"Sur commande","short_details":"Lamria Chetouani \u2014 \u00c9ditions L'Harmattan","translator":null,"weight":318,"page_count":234,"readership":null,"editor":"\u00c9ditions L'Harmattan","price":2150,"published_date":"2001-12-31T23:00:00.000000Z","support":"Grand format","publisher_availability":1,"stock":0,"editions":[],"url":"https:\/\/quaidesbrumes.com\/ouvrage\/9782747524377\/les-figures-de-la-polemique-aspects-linguistiques-et-discursifs-du-debat-public-sur-leffet-de-ser"},{"id":"9782747521710","title":"L'EAU, PATRIMOINE COMMUN DE L'HUMANIT\u00c9","description":"La probl\u00e9matique de l'eau occupe une place centrale dans les grands d\u00e9bats qui concernent l'avenir de l'humanit\u00e9. Et pour cause : patrimoine universel, bien commun des peuples, source de vie, \" l'or bleu \" est plus que jamais en p\u00e9ril. La gestion de l'eau est l'objet de conflits, sa contamination le r\u00e9sultat d'un mod\u00e8le de d\u00e9veloppement productiviste et sa privatisation la manifestation de l'emprise du march\u00e9 et du profit sur les besoins humains. \r\nL'acc\u00e8s \u00e0 l'eau est aussi une question \u00e9thique, car il s'agit d'un bien collectif et menac\u00e9.","authors":[],"category_codes":["4000000","4010000","4010200","4010208"],"visuals":{"large":"https:\/\/images.epagine.fr\/710\/9782747521710_1_75.jpg","medium":"https:\/\/images.epagine.fr\/710\/9782747521710_1_m.jpg","thumbnail":"https:\/\/images.epagine.fr\/710\/9782747521710_1_v.jpg"},"orderable":true,"show_badge":true,"formatted_price":"26,50&nbsp;\u20ac","formatted_published_date":"1er avril 2002","publisher_availability_label":"Sur commande","short_details":"\u00c9ditions L'Harmattan","translator":null,"weight":418,"page_count":310,"readership":null,"editor":"\u00c9ditions L'Harmattan","price":2650,"published_date":"2002-03-31T22:00:00.000000Z","support":"Grand format","publisher_availability":1,"stock":0,"editions":[],"url":"https:\/\/quaidesbrumes.com\/ouvrage\/9782747521710\/leau-patrimoine-commun-de-lhumanite"},{"id":"9782851573414","title":"La viande et le lait - des aliments dangereux qui detruisent notre sante et notre planete","description":"La viande et le lait sont des aliments qui vous empoisonnent et vous rendent malades.\r\nLes \u00e9tudes scientifiques de ces vingt derni\u00e8res ann\u00e9es convergent toutes vers cette conclusion : moins on mange d'aliments d'origine animale et plus on mange de v\u00e9g\u00e9taux, mieux on se porte! D\u00e9livrez-vous de l'ignorance qui tue! Prenez conscience que la viande et le lait ne polluent pas seulement votre corps, ils font partie des facteurs les plus importants de cette destruction plan\u00e9taire que nous ne pouvons plus tol\u00e9rer sans agir.\r","authors":["Tal Schaller C."],"category_codes":["4000000","4010000","4010200","4010207"],"visuals":{"large":"https:\/\/images.epagine.fr\/414\/9782851573414_1_75.jpg","medium":"https:\/\/images.epagine.fr\/414\/9782851573414_1_m.jpg","thumbnail":"https:\/\/images.epagine.fr\/414\/9782851573414_1_v.jpg"},"orderable":true,"show_badge":true,"formatted_price":"20,00&nbsp;\u20ac","formatted_published_date":"28 ao\u00fbt 2007","publisher_availability_label":"Sur commande","short_details":"Tal Schaller C. \u2014 Fernand Lanore","translator":null,"weight":259,"page_count":212,"readership":null,"editor":"Fernand Lanore","price":2000,"published_date":"2007-08-27T22:00:00.000000Z","support":"Grand format","publisher_availability":1,"stock":0,"editions":[],"url":"https:\/\/quaidesbrumes.com\/ouvrage\/9782851573414\/la-viande-et-le-lait-des-aliments-dangereux-qui-detruisent-notre-sante-et-notre-planete"},{"id":"9782747528917","title":"L'\u00c9COLOGIE AU QUOTIDIEN : El\u00e9ments pour une th\u00e9orie sociologique de la r\u00e9sistance ordinaire","description":"Dans cet ouvrage la question de l'aconsommation \u00e0 savoir la possibilit\u00e9 de consommer moins ou de ne pas consommer dans une soci\u00e9t\u00e9 soumise \u00e0 la logique marchande est au centre. Apr\u00e8s avoir abord\u00e9 la naissance conjointe de la consommation et de la \" vie quotidienne \" dans le monde moderne et les enjeux de la transformation des modes de vie, cette \u00e9tude aborde la r\u00e9forme \u00e9cologique des modes de vie et d\u00e9veloppe la construction sociologique de la notion de r\u00e9sistance ordinaire illustrant des formes d'action de la vie quotidienne.","authors":["Dobr\u00e9 Michelle"],"category_codes":["4000000","4010000","4010200","4010208"],"visuals":{"large":"https:\/\/images.epagine.fr\/917\/9782747528917_1_75.jpg","medium":"https:\/\/images.epagine.fr\/917\/9782747528917_1_m.jpg","thumbnail":"https:\/\/images.epagine.fr\/917\/9782747528917_1_v.jpg"},"orderable":true,"show_badge":true,"formatted_price":"33,50&nbsp;\u20ac","formatted_published_date":"1er novembre 2003","publisher_availability_label":"Sur commande","short_details":"Dobr\u00e9 Michelle \u2014 \u00c9ditions L'Harmattan","translator":null,"weight":476,"page_count":352,"readership":null,"editor":"\u00c9ditions L'Harmattan","price":3350,"published_date":"2003-10-31T23:00:00.000000Z","support":"Grand format","publisher_availability":1,"stock":0,"editions":[],"url":"https:\/\/quaidesbrumes.com\/ouvrage\/9782747528917\/lecologie-au-quotidien-elements-pour-une-theorie-sociologique-de-la-resistance-ordinaire"},{"id":"9782747533874","title":"Jardin d'alliances pour le xxie siecle","description":"Quels jardins pour le XXIe si\u00e8cle\u00a0oe A cette question pos\u00e9e par l'Acad\u00e9mie des Sciences, des Arts et Belles Lettres de Dijon, Jean-Louis Gu\u00e9rin tente de r\u00e9pondre. Agronome et forestier, il nous entra\u00eene dans un grand voyage \u00e0 travers l'espace et le temps, pour aller au coeur de la relation de l'homme avec son jardin. Il esquisse \u00e0 travers de nombreux exemples les formes que pourraient prendre les jardins de ces alliances nouvelles.\r","authors":["Jean-Louis Guerin"],"category_codes":["4000000","4010000","4010200","4010208"],"visuals":{"large":"https:\/\/images.epagine.fr\/874\/9782747533874_1_75.jpg","medium":"https:\/\/images.epagine.fr\/874\/9782747533874_1_m.jpg","thumbnail":"https:\/\/images.epagine.fr\/874\/9782747533874_1_v.jpg"},"orderable":true,"show_badge":true,"formatted_price":"15,00&nbsp;\u20ac","formatted_published_date":"1er novembre 2003","publisher_availability_label":"Sur commande","short_details":"Jean-Louis Guerin \u2014 \u00c9ditions L'Harmattan","translator":null,"weight":222,"page_count":157,"readership":null,"editor":"\u00c9ditions L'Harmattan","price":1500,"published_date":"2003-10-31T23:00:00.000000Z","support":"Grand format","publisher_availability":1,"stock":0,"editions":[],"url":"https:\/\/quaidesbrumes.com\/ouvrage\/9782747533874\/jardin-dalliances-pour-le-xxie-siecle"},{"id":"9782912506542","title":"Chroniques v\u00e9g\u00e9tales","description":"Guy Fuinel praticien des plantes et magn\u00e9tiseur, nous propose ici une approche po\u00e9tique des plantes m\u00e9dicinales avec leurs principales indications th\u00e9rapeutiques.\r\nUne centaine de plantes r\u00e9pertori\u00e9es avec photos.\r","authors":["Guy Fuinel"],"category_codes":["4000000","4010000","4010300","4010306"],"visuals":{"large":"https:\/\/images.epagine.fr\/542\/9782912506542_1_75.jpg","medium":"https:\/\/images.epagine.fr\/542\/9782912506542_1_m.jpg","thumbnail":"https:\/\/images.epagine.fr\/542\/9782912506542_1_v.jpg"},"orderable":true,"show_badge":true,"formatted_price":"22,00&nbsp;\u20ac","formatted_published_date":"1er juin 2003","publisher_availability_label":"Sur commande","short_details":"Guy Fuinel \u2014 EDITIONS DU MOT PASSANT","translator":null,"weight":290,"page_count":112,"readership":null,"editor":"EDITIONS DU MOT PASSANT","price":2200,"published_date":"2003-05-31T22:00:00.000000Z","support":"Grand format","publisher_availability":1,"stock":0,"editions":[],"url":"https:\/\/quaidesbrumes.com\/ouvrage\/9782912506542\/chroniques-vegetales"},{"id":"9782872110643","title":"Homme electromagnetique","description":null,"authors":["Best\/Smith"],"category_codes":["4000000","4010000","4010200","4010207"],"visuals":{"large":"https:\/\/images.epagine.fr\/643\/9782872110643_1_75.jpg","medium":"https:\/\/images.epagine.fr\/643\/9782872110643_1_m.jpg","thumbnail":"https:\/\/images.epagine.fr\/643\/9782872110643_1_v.jpg"},"orderable":true,"show_badge":true,"formatted_price":"48,00&nbsp;\u20ac","formatted_published_date":"1er janvier 2003","publisher_availability_label":"Sur commande","short_details":"Best\/Smith \u2014 MARCO PIETTEUR","translator":null,"weight":1228,"page_count":736,"readership":null,"editor":"MARCO PIETTEUR","price":4800,"published_date":"2002-12-31T23:00:00.000000Z","support":"Grand format","publisher_availability":1,"stock":0,"editions":[],"url":"https:\/\/quaidesbrumes.com\/ouvrage\/9782872110643\/homme-electromagnetique"},{"id":"9782747540681","title":"R\u00e9gulation publique et environnement : Questions \u00e9cologiques. R\u00e9ponses \u00e9conomiques","description":"Que deviennent les pr\u00e9occupations concernant l'environnement lorsqu'elles sont prises en charge par les pouvoirs publics ? Les structures minist\u00e9rielles charg\u00e9es de l'environnement tendent \u00e0 b\u00e9n\u00e9ficier d'un certain renforcement et l'action gouvernementale r\u00e9serve une place large \u00e0 ce champ d'intervention. Mais les consid\u00e9rations et imp\u00e9ratifs \u00e9conomiques semblent parall\u00e8lement tenir une place croissante dans l'\u00e9laboration des d\u00e9cisions publiques concernant l'environnement. Trois domaines (les d\u00e9chets m\u00e9nagers, les paysages et les transports routiers) sont ici \u00e9tudi\u00e9s.","authors":["Yannick Rumpala"],"category_codes":["4000000","4010000","4010200","4010208"],"visuals":{"large":"https:\/\/images.epagine.fr\/681\/9782747540681_1_75.jpg","medium":"https:\/\/images.epagine.fr\/681\/9782747540681_1_m.jpg","thumbnail":"https:\/\/images.epagine.fr\/681\/9782747540681_1_v.jpg"},"orderable":true,"show_badge":true,"formatted_price":"31,50&nbsp;\u20ac","formatted_published_date":"1er novembre 2003","publisher_availability_label":"Sur commande","short_details":"Yannick Rumpala \u2014 \u00c9ditions L'Harmattan","translator":null,"weight":500,"page_count":374,"readership":null,"editor":"\u00c9ditions L'Harmattan","price":3150,"published_date":"2003-10-31T23:00:00.000000Z","support":"Grand format","publisher_availability":1,"stock":0,"editions":[],"url":"https:\/\/quaidesbrumes.com\/ouvrage\/9782747540681\/regulation-publique-et-environnement-questions-ecologiques-reponses-economiques"},{"id":"9788482161433","title":"Faune sauvage du pays basque","description":null,"authors":["Munoz\/Juan Carlos"],"category_codes":["4000000","4010000","4010300"],"visuals":{"large":"https:\/\/quaidesbrumes.com\/img\/book-placeholder.png","medium":"https:\/\/quaidesbrumes.com\/img\/book-placeholder.png","thumbnail":"https:\/\/quaidesbrumes.com\/img\/book-placeholder.png"},"orderable":true,"show_badge":true,"formatted_price":"40,00&nbsp;\u20ac","formatted_published_date":"2 avril 2003","publisher_availability_label":"Sur commande","short_details":"Munoz\/Juan Carlos \u2014 Sua","translator":null,"weight":1445,"page_count":null,"readership":null,"editor":"Sua","price":4000,"published_date":"2003-04-01T22:00:00.000000Z","support":"Grand format","publisher_availability":1,"stock":0,"editions":[],"url":"https:\/\/quaidesbrumes.com\/ouvrage\/9788482161433\/faune-sauvage-du-pays-basque"},{"id":"9782747537926","title":"Les sources de l'histoire de l'environnement : Tome III : Le XXe si\u00e8cle","description":"Les probl\u00e8mes environnementaux que nous connaissons aujourd'hui ne sont pas n\u00e9s apr\u00e8s la Seconde Guerre Mondiale mais avant l'\u00e9clatement de la Premi\u00e8re. Il en va de m\u00eame des discours que nous imaginons \u00eatre le propre de notre g\u00e9n\u00e9ration. Ils ne font souvent que r\u00e9p\u00e9ter en d'autres termes les angoisses qu'\u00e9prouvaient nos arri\u00e8re-grands-parents. L'ouvrage pr\u00e9sente le bilan des modifications et des permanences qui caract\u00e9risent ce si\u00e8cle. Il propose de ce fait r\u00e9flexions et recherches.\r","authors":["Andr\u00e9e Corvol"],"category_codes":["4000000","4010000","4010200","4010208"],"visuals":{"large":"https:\/\/images.epagine.fr\/926\/9782747537926_1_75.jpg","medium":"https:\/\/images.epagine.fr\/926\/9782747537926_1_m.jpg","thumbnail":"https:\/\/images.epagine.fr\/926\/9782747537926_1_v.jpg"},"orderable":true,"show_badge":true,"formatted_price":"61,50&nbsp;\u20ac","formatted_published_date":"1er novembre 2003","publisher_availability_label":"Sur commande","short_details":"Andr\u00e9e Corvol \u2014 \u00c9ditions L'Harmattan","translator":null,"weight":1164,"page_count":776,"readership":null,"editor":"\u00c9ditions L'Harmattan","price":6150,"published_date":"2003-10-31T23:00:00.000000Z","support":"Grand format","publisher_availability":1,"stock":0,"editions":[],"url":"https:\/\/quaidesbrumes.com\/ouvrage\/9782747537926\/les-sources-de-lhistoire-de-lenvironnement-tome-iii-le-xxe-siecle"},{"id":"9782747545457","title":"De l'eau dans le pretoire","description":"Brandie dans la lumi\u00e8re au milieu du Tribunal, une bouteille pleine d'un liquide brun\u00e2tre... Sous la menace de l'huissier ou d'une fermeture de leur compteur, une filiale de la Compagnie G\u00e9n\u00e9rale des Eaux - Vivendi force les abonn\u00e9s du Pays de Caux, en Normandie, \u00e0 lui r\u00e9gler l'eau pollu\u00e9e qu'elle leur distribue. Ce livre raconte leur r\u00e9sistance \u00e0 cette transnationale r\u00e9pondant, toute honte bue, au nom de Sade. L'auteur y d\u00e9veloppe une analyse juridique in\u00e9dite de la marchandisation du monde et propose \u00e0 ses millions de victimes quelques moyens simples pour l'affronter.\r","authors":["Jean-pierre Hue"],"category_codes":["4000000","4010000","4010200","4010208"],"visuals":{"large":"https:\/\/images.epagine.fr\/457\/9782747545457_1_75.jpg","medium":"https:\/\/images.epagine.fr\/457\/9782747545457_1_m.jpg","thumbnail":"https:\/\/images.epagine.fr\/457\/9782747545457_1_v.jpg"},"orderable":true,"show_badge":true,"formatted_price":"13,00&nbsp;\u20ac","formatted_published_date":"1er novembre 2003","publisher_availability_label":"Sur commande","short_details":"Jean-pierre Hue \u2014 \u00c9ditions L'Harmattan","translator":null,"weight":186,"page_count":134,"readership":null,"editor":"\u00c9ditions L'Harmattan","price":1300,"published_date":"2003-10-31T23:00:00.000000Z","support":"Grand format","publisher_availability":1,"stock":0,"editions":[],"url":"https:\/\/quaidesbrumes.com\/ouvrage\/9782747545457\/de-leau-dans-le-pretoire"},{"id":"9782747549462","title":"Histoire de la pollution atmospherique en europe et en rda au xxe siecle","description":"La RDA, le pays le plus pollu\u00e9 d'Europe, o\u00f9 l'abscence d'efficacit\u00e9 contre les atteintes \u00e0 l'environnement a fini par miner le r\u00e9gime et par engendrer une opposition int\u00e9rieure... Pourtant, dans les ann\u00e9es 1950, ce pays pratiquait une politique innovante en mati\u00e8re de lutte contre la pollution de l'air contrairement \u00e0 la RFA... Mais d'autres \u00e9l\u00e9ments entrent en jeu : la culture, l'\u00e9conomie, l'id\u00e9ologie, ... Apr\u00e8s avoir expos\u00e9 comment la pollution de l'air d'un probl\u00e8me local est devenue un ph\u00e9nom\u00e8ne global, l'auteur explique comment la RDA a abouti \u00e0 une situation d\u00e9sastreuse en mati\u00e8re d'environnement.\r","authors":["Michel Dupuy"],"category_codes":["4000000","4010000","4010200","4010208"],"visuals":{"large":"https:\/\/images.epagine.fr\/462\/9782747549462_1_75.jpg","medium":"https:\/\/images.epagine.fr\/462\/9782747549462_1_m.jpg","thumbnail":"https:\/\/images.epagine.fr\/462\/9782747549462_1_v.jpg"},"orderable":true,"show_badge":true,"formatted_price":"15,00&nbsp;\u20ac","formatted_published_date":"1er novembre 2003","publisher_availability_label":"Sur commande","short_details":"Michel Dupuy \u2014 \u00c9ditions L'Harmattan","translator":null,"weight":220,"page_count":158,"readership":null,"editor":"\u00c9ditions L'Harmattan","price":1500,"published_date":"2003-10-31T23:00:00.000000Z","support":"Grand format","publisher_availability":1,"stock":0,"editions":[],"url":"https:\/\/quaidesbrumes.com\/ouvrage\/9782747549462\/histoire-de-la-pollution-atmospherique-en-europe-et-en-rda-au-xxe-siecle"},{"id":"9782747549028","title":"L'eau dans tous ses etats - chine, australie, senegal, etats-unis, mexique, moyent orient","description":"Dans un contexte mondial o\u00f9 les besoin en eau vont exploser au cours du si\u00e8cle, les conflits sur l'usage ou la disponibilit\u00e9 de l'eau se produisent tant au sein m\u00eame d'un pays, qu'entre \u00e9tats contraints de se partager le m\u00eame stock.Les tensions s'exacerbent dans les zones arides et aggravent les autres causes de conflits. elles peuvent appara\u00eetre aussi bien dans les berceaux des plus vieilles civilisations comme la M\u00e9sopotamie, que dans des r\u00e9gions r\u00e9cemment mises en valeur, comme en Asie Centrale. Le partage des eaux de bassins fluviaux tels ceux du Yangz\u00e9 ou du Rio Grande, entre l'agriculture, l'industrie et l'urbanisation, ne peut \u00eatre que dramatique.\r","authors":["Descroix\/Lasserre"],"category_codes":["4000000","4010000","4010200","4010208"],"visuals":{"large":"https:\/\/images.epagine.fr\/028\/9782747549028_1_75.jpg","medium":"https:\/\/images.epagine.fr\/028\/9782747549028_1_m.jpg","thumbnail":"https:\/\/images.epagine.fr\/028\/9782747549028_1_v.jpg"},"orderable":true,"show_badge":true,"formatted_price":"32,00&nbsp;\u20ac","formatted_published_date":"1er novembre 2003","publisher_availability_label":"Sur commande","short_details":"Descroix\/Lasserre \u2014 \u00c9ditions L'Harmattan","translator":null,"weight":425,"page_count":350,"readership":null,"editor":"\u00c9ditions L'Harmattan","price":3200,"published_date":"2003-10-31T23:00:00.000000Z","support":"Grand format","publisher_availability":1,"stock":0,"editions":[],"url":"https:\/\/quaidesbrumes.com\/ouvrage\/9782747549028\/leau-dans-tous-ses-etats-chine-australie-senegal-etats-unis-mexique-moyent-orient"},{"id":"9782866793715","title":"Dans la rue avec les sans-abris","description":"Un peuple d'ambres g\u00e9n\u00e9ralement silencieuses, parfois vocif\u00e9rantes, hante nos rues.\r\nOn ne les voit plus. Que l'un ou l'autre meure de froid et on se sent alors vaguement coupable, l'espace d'un instant. Mais que faire ? Et on les oublie \u00e0 nouveau... Qui sont les gens de la rue ? Combien sont-ils ? D'o\u00f9 viennent-ils ? Comment vivent-ils (ou du moins survivent-ils) ? Quelle est leur esp\u00e9rance ? D'un magma un peu indiff\u00e9renci\u00e9, ce livre extrait des personnes avec leur vie, leur histoire, leurs souffrances, mais aussi leurs joies.\r\nAlcool, violence parfois, mais aussi g\u00e9n\u00e9rosit\u00e9, ga\u00eet\u00e9... A travers l'exp\u00e9rience du Secours Catholique mais aussi des autres associations ou organismes publics, l'auteur nous apprend \u00e0 les regarder pour mieux, enfin pouvoir agir, proposer des pistes pour leur redonner, sinon un emploi, du moins une vraie place dans la soci\u00e9t\u00e9. En refaire des hommes (ou des femmes) et non plus seulement des silhouettes transparentes.\r\nNous les avions class\u00e9s trop vite - par peur ou indiff\u00e9rence - dans un monde \u00e0 part. Ils sont de notre monde, ils en \u00e9taient jusqu'\u00e0 ce qu'un accident de parcours professionnel ou familial les projette dans la spirale infernale de l'exclusion. Il en faut si peu... Ce livre de parle pas des autres, mais de nous, de notre soci\u00e9t\u00e9 plus fragile que nous le pensions.\r","authors":["Nicolas Cl\u00e9ment"],"category_codes":["4000000","4010000","4010200","4010208"],"visuals":{"large":"https:\/\/images.epagine.fr\/715\/9782866793715_1_75.jpg","medium":"https:\/\/images.epagine.fr\/715\/9782866793715_1_m.jpg","thumbnail":"https:\/\/images.epagine.fr\/715\/9782866793715_1_v.jpg"},"orderable":true,"show_badge":true,"formatted_price":"15,03&nbsp;\u20ac","formatted_published_date":"24 septembre 2003","publisher_availability_label":"Sur commande","short_details":"Nicolas Cl\u00e9ment \u2014 Jubile - Le Sarment Editions","translator":null,"weight":350,"page_count":285,"readership":null,"editor":"Jubile - Le Sarment Editions","price":1503,"published_date":"2003-09-23T22:00:00.000000Z","support":"Grand format","publisher_availability":1,"stock":0,"editions":[],"url":"https:\/\/quaidesbrumes.com\/ouvrage\/9782866793715\/dans-la-rue-avec-les-sans-abris"},{"id":"9782747552752","title":"L'\u00e9cocitoyennet\u00e9 et son pilier \u00e9ducatif : le cas fran\u00e7ais","description":"La reconnaissance de l'importance des questions environnementales et la volont\u00e9 de favoriser la participation du citoyen aux choses de la cit\u00e9 on fait appara\u00eetre un concept nouveau : l'\u00e9cocitoyennet\u00e9, r\u00e9orientation consciente des actions quotidiennes afin d'y incorporer une dimension environnementale, qui se fonde sur la reconnaissance d'une responsabilit\u00e9 de l'homme envers son milieu. Reste \u00e0 voir ce que le syst\u00e8me \u00e9ducatif fran\u00e7ais peut apporter \u00e0 la cons\u00e9cration de cette nouvelle \u00e9thique comportementale... Et c'est l'objet de ce livre.\r","authors":["Alexandre Roesch"],"category_codes":["4000000","4010000","4010200","4010208"],"visuals":{"large":"https:\/\/images.epagine.fr\/752\/9782747552752_1_75.jpg","medium":"https:\/\/images.epagine.fr\/752\/9782747552752_1_m.jpg","thumbnail":"https:\/\/images.epagine.fr\/752\/9782747552752_1_v.jpg"},"orderable":true,"show_badge":true,"formatted_price":"14,00&nbsp;\u20ac","formatted_published_date":"1er novembre 2003","publisher_availability_label":"Sur commande","short_details":"Alexandre Roesch \u2014 \u00c9ditions L'Harmattan","translator":null,"weight":195,"page_count":136,"readership":null,"editor":"\u00c9ditions L'Harmattan","price":1400,"published_date":"2003-10-31T23:00:00.000000Z","support":"Grand format","publisher_availability":1,"stock":0,"editions":[],"url":"https:\/\/quaidesbrumes.com\/ouvrage\/9782747552752\/lecocitoyennete-et-son-pilier-educatif-le-cas-francais"}]}