{"data":[{"id":"9782738453525","title":"LA FORET : Perceptions et repr\u00e9sentations","description":"Le monde contemporain a modifi\u00e9 la perception initiale de la for\u00eat. Autrefois, on la consid\u00e9rait comme un espace nourricier et producteur d'un mat\u00e9riau de premi\u00e8re importance : le bois. Pour le monde contemporain, la for\u00eat devient le paradis des amours enfantines, et le terrain de pr\u00e9dilection des sportifs. A l'aube du XXI\u00e8 si\u00e8cle cependant, la for\u00eat n'appara\u00eet plus qu'en formidable machine \u00e0 fabriquer du bois. Au mieux semble-t-elle purger l'atmosph\u00e8re du gaz carbonique. Avec cette conception simpliste, les sylviculteurs fran\u00e7ais \u00e9prouvent des inqui\u00e9tudes croissantes. La for\u00eat suscite plus que jamais des images contradictoires : comment voyons-nous les for\u00eats ? Quels \u00e9l\u00e9ments sont privil\u00e9gi\u00e9s ?\r","authors":["Andr\u00e9e Corvol"],"category_codes":["10000000","10060000","10060400","10060402"],"visuals":{"large":"https:\/\/images.epagine.fr\/525\/9782738453525_1_75.jpg","medium":"https:\/\/images.epagine.fr\/525\/9782738453525_1_m.jpg","thumbnail":"https:\/\/images.epagine.fr\/525\/9782738453525_1_v.jpg"},"orderable":true,"show_badge":true,"formatted_price":"44,50&nbsp;\u20ac","formatted_published_date":"3 mai 2000","publisher_availability_label":"Sur commande","short_details":"Andr\u00e9e Corvol \u2014 \u00c9ditions L'Harmattan","translator":null,"weight":638,"page_count":400,"readership":null,"editor":"\u00c9ditions L'Harmattan","price":4450,"published_date":"2000-05-02T22:00:00.000000Z","support":"Grand format","publisher_availability":1,"stock":0,"editions":[],"url":"https:\/\/quaidesbrumes.com\/ouvrage\/9782738453525\/la-foret-perceptions-et-representations"},{"id":"9782738447029","title":"La crise de la chasse en France : La fin d'un monde","description":"Depuis les \u00e9lections europ\u00e9ennes de 1989, la chasse est ouvertement devenue un enjeu politique significatif notamment dans certaines r\u00e9gions fran\u00e7aises. Cette entr\u00e9e de la chasse en politique \u00e9lectorale rev\u00eat en termes de strat\u00e9gie \u00e9lectorale locale une importance d\u00e9cisive. Sa politisation contribue \u00e0 remodeler significativement la gestion politique et administrative dans les zones \u00e0 forte contestation cyn\u00e9g\u00e9tique : elle interdit notamment \u00e0 la quasi totalit\u00e9 des candidats et des \u00e9lus aux \u00e9lections cantonales, municipales, d\u00e9partementales, r\u00e9gionales, nationales et europ\u00e9ennes tout discours \u00ab anti chasse \u00bb et toute contestation publique des positions d\u00e9finies par les leaders locaux des organisations.\r","authors":["Dominique Darbon"],"category_codes":["9000000","9110000","9110400"],"visuals":{"large":"https:\/\/images.epagine.fr\/029\/9782738447029_1_75.jpg","medium":"https:\/\/images.epagine.fr\/029\/9782738447029_1_m.jpg","thumbnail":"https:\/\/images.epagine.fr\/029\/9782738447029_1_v.jpg"},"orderable":true,"show_badge":true,"formatted_price":"27,50&nbsp;\u20ac","formatted_published_date":"3 mai 2000","publisher_availability_label":"Sur commande","short_details":"Dominique Darbon \u2014 \u00c9ditions L'Harmattan","translator":null,"weight":408,"page_count":300,"readership":null,"editor":"\u00c9ditions L'Harmattan","price":2750,"published_date":"2000-05-02T22:00:00.000000Z","support":"Grand format","publisher_availability":1,"stock":0,"editions":[],"url":"https:\/\/quaidesbrumes.com\/ouvrage\/9782738447029\/la-crise-de-la-chasse-en-france-la-fin-dun-monde"},{"id":"9786144387184","title":"Les animaux autour de nous","description":"\"Elmo, Abby, Grover, Macaron, et plein d'autres personnages pittoresques de l'\u00e9mission t\u00e9l\u00e9 La Rue S\u00e9same, se sont donn\u00e9 rendez-vous dans les albums de la s\u00e9rie ludique et \u00e9ducative, 123 S\u00e9same, ouvre-toi, publi\u00e9e par Hachette Antoine. Ces personnages bien-aim\u00e9s des enfants exercent sur eux un attrait spontan\u00e9. La sympathie qu'ils inspirent aux tr\u00e8s jeunes lecteurs excite leur curiosit\u00e9. Leur d\u00e9sir d'apprendre avec Elmo et ses amis plein de nouvelles choses sur la nature, les formes et les couleurs, sur le corps humain et les activit\u00e9s mentales d'exploration et de compr\u00e9hension, s'en trouve motiv\u00e9, \u00e0 la fois par de grands dessins aux couleurs pures et par une narration qui agrippe leur int\u00e9r\u00eat et favorise leur propre r\u00e9flexion. Comptez jusqu'\u00e0 10, Bonne nuit, \u00c0 la d\u00e9couverte des formes, D\u00e9marrer une nouvelle journ\u00e9e du bon pied et plein d'autres titres et th\u00e8mes pour une s\u00e9rie in\u00e9puisable, dont les personnages de La Rue S\u00e9same sont autant les h\u00e9ros que les animateurs, accompagnent l'enfant dans son apprentissage du calcul, de la reconnaissance des formes et des couleurs, des rituels de l'hygi\u00e8ne, etc. Tout comme ces histoires diverses d\u00e9veloppent leur aptitude \u00e0 d\u00e9chiffrer les mots de la langue arabe, \u00e0 am\u00e9liorer leur prononciation et \u00e0 enrichir leur vocabulaire. En parall\u00e8le, les cahiers de coloriage sont con\u00e7us comme un compl\u00e9ment p\u00e9dagogique aux historiettes. L'activit\u00e9 de coloriage exerce l'enfant \u00e0 reconna\u00eetre les couleurs et \u00e0 se lancer dans la cr\u00e9ation des teintes. En outre, son trac\u00e9 se raffermit, que ce soit dans le dessin ou la calligraphie.\"","authors":["Collectif"],"category_codes":["2000000","2080000","2080300"],"visuals":{"large":"https:\/\/images.epagine.fr\/184\/9786144387184_1_75.jpg","medium":"https:\/\/images.epagine.fr\/184\/9786144387184_1_m.jpg","thumbnail":"https:\/\/images.epagine.fr\/184\/9786144387184_1_v.jpg"},"orderable":true,"show_badge":true,"formatted_price":"4,43&nbsp;\u20ac","formatted_published_date":"1er juillet 2017","publisher_availability_label":"Sur commande","short_details":"Collectif \u2014 Hachette-Antoine","translator":null,"weight":160,"page_count":32,"readership":null,"editor":"Hachette-Antoine","price":443,"published_date":"2017-06-30T22:00:00.000000Z","support":"Grand format","publisher_availability":1,"stock":0,"editions":[],"url":"https:\/\/quaidesbrumes.com\/ouvrage\/9786144387184\/les-animaux-autour-de-nous"},{"id":"9782906868045","title":"Un pecheur francais en alaska","description":null,"authors":["Rellier Hubert"],"category_codes":["4000000","4010000","4010300"],"visuals":{"large":"https:\/\/quaidesbrumes.com\/img\/book-placeholder.png","medium":"https:\/\/quaidesbrumes.com\/img\/book-placeholder.png","thumbnail":"https:\/\/quaidesbrumes.com\/img\/book-placeholder.png"},"orderable":true,"show_badge":true,"formatted_price":"14,94&nbsp;\u20ac","formatted_published_date":"30 octobre 1994","publisher_availability_label":"Sur commande","short_details":"Rellier Hubert \u2014 CREER","translator":null,"weight":450,"page_count":null,"readership":null,"editor":"CREER","price":1494,"published_date":"1994-10-29T23:00:00.000000Z","support":"Grand format","publisher_availability":1,"stock":0,"editions":[],"url":"https:\/\/quaidesbrumes.com\/ouvrage\/9782906868045\/un-pecheur-francais-en-alaska"},{"id":"9781452148984","title":"See America","description":"To coincide with the 2016 centennial anniversary of the National Parks Service, the Creative Action Network has partnered with the National Parks Conservation Association to revive and reimagine the legacy of WPA travel posters. Artists from all over the world have participated in the creation of this new, crowdsourced collection of See America posters for a modern era. Featuring artwork for 75 national parks and monuments across all 50 states, this engaging keepsake volume celebrates the full range of America''s landmarks and treasured wilderness.\r","authors":["Collectif"],"category_codes":["4000000","4010000","4010300","4010301"],"visuals":{"large":"https:\/\/images.epagine.fr\/984\/9781452148984_1_75.jpg","medium":"https:\/\/images.epagine.fr\/984\/9781452148984_1_m.jpg","thumbnail":"https:\/\/images.epagine.fr\/984\/9781452148984_1_v.jpg"},"orderable":true,"show_badge":true,"formatted_price":"25,00&nbsp;\u20ac","formatted_published_date":"15 avril 2016","publisher_availability_label":"Sur commande","short_details":"Collectif \u2014 CHRONICLE BOOKS","translator":null,"weight":0,"page_count":176,"readership":null,"editor":"CHRONICLE BOOKS","price":2500,"published_date":"2016-04-14T22:00:00.000000Z","support":"Grand format","publisher_availability":1,"stock":0,"editions":[],"url":"https:\/\/quaidesbrumes.com\/ouvrage\/9781452148984\/see-america"},{"id":"9782738478191","title":"La responsabilite environnementale - de l'etat a l'entreprise, en france et aux pays-bas, en allemag","description":"Cet ouvrage s'attache \u00e0 explorer en France, en Allemagne, aux Pays-Bas, la mise en place d'une d\u00e9l\u00e9gation des responsabilit\u00e9s de l'\u00c9tat vers l'Entreprise et propose une r\u00e9flexion novatrice sur les structures \u00e9mergentes d'une gestion contractuelle de l'environnement en Europe.\r","authors":["Schneider-Maunoury G"],"category_codes":["4000000","4010000","4010200","4010208"],"visuals":{"large":"https:\/\/images.epagine.fr\/191\/9782738478191_1_75.jpg","medium":"https:\/\/images.epagine.fr\/191\/9782738478191_1_m.jpg","thumbnail":"https:\/\/images.epagine.fr\/191\/9782738478191_1_v.jpg"},"orderable":true,"show_badge":true,"formatted_price":"22,50&nbsp;\u20ac","formatted_published_date":"3 mai 2000","publisher_availability_label":"Sur commande","short_details":"Schneider-Maunoury G \u2014 \u00c9ditions L'Harmattan","translator":null,"weight":364,"page_count":null,"readership":null,"editor":"\u00c9ditions L'Harmattan","price":2250,"published_date":"2000-05-02T22:00:00.000000Z","support":"Grand format","publisher_availability":1,"stock":0,"editions":[],"url":"https:\/\/quaidesbrumes.com\/ouvrage\/9782738478191\/la-responsabilite-environnementale-de-letat-a-lentreprise-en-france-et-aux-pays-bas-en-allemag"},{"id":"9782877474764","title":"Toutes les peches a la mouche","description":null,"authors":["G\u00e9rard Breton"],"category_codes":["4000000","4010000","4010500","4010502"],"visuals":{"large":"https:\/\/images.epagine.fr\/764\/9782877474764_1_75.jpg","medium":"https:\/\/images.epagine.fr\/764\/9782877474764_1_m.jpg","thumbnail":"https:\/\/images.epagine.fr\/764\/9782877474764_1_v.jpg"},"orderable":true,"show_badge":true,"formatted_price":"5,00&nbsp;\u20ac","formatted_published_date":"14 mars 2000","publisher_availability_label":"Sur commande","short_details":"G\u00e9rard Breton \u2014 Gisserot","translator":null,"weight":170,"page_count":125,"readership":null,"editor":"Gisserot","price":500,"published_date":"2000-03-13T23:00:00.000000Z","support":"Grand format","publisher_availability":1,"stock":0,"editions":[],"url":"https:\/\/quaidesbrumes.com\/ouvrage\/9782877474764\/toutes-les-peches-a-la-mouche"},{"id":"9782742727483","title":"La cause des alpilles","description":"Terre de culture, de tradition, de spiritualit\u00e9 et de po\u00e9sie, les Alpilles sont menac\u00e9es par la sur-fr\u00e9quentation, les constructions anarchiques et les incendies.\r\nDes actions ont d\u00e9j\u00e0 \u00e9t\u00e9 men\u00e9es pour en prot\u00e9ger l'identit\u00e9 et la diversit\u00e9. L'auteur prend position pour la cr\u00e9ation d'un parc naturel r\u00e9gional des Alpilles, qui permettrait d'aller plus loin dans ce sens. Tels sont les enjeux offerts aujourd'hui \u00e0 la cause des Alpilles..\r","authors":["Frederic Mison"],"category_codes":["4000000","4010000","4010300"],"visuals":{"large":"https:\/\/images.epagine.fr\/483\/9782742727483_1_75.jpg","medium":"https:\/\/images.epagine.fr\/483\/9782742727483_1_m.jpg","thumbnail":"https:\/\/images.epagine.fr\/483\/9782742727483_1_v.jpg"},"orderable":true,"show_badge":true,"formatted_price":"15,30&nbsp;\u20ac","formatted_published_date":"2 juin 2000","publisher_availability_label":"Sur commande","short_details":"Frederic Mison \u2014 Actes Sud","translator":null,"weight":134,"page_count":null,"readership":null,"editor":"Actes Sud","price":1530,"published_date":"2000-06-01T22:00:00.000000Z","support":"Grand format","publisher_availability":1,"stock":0,"editions":[],"url":"https:\/\/quaidesbrumes.com\/ouvrage\/9782742727483\/la-cause-des-alpilles"},{"id":"9782877475310","title":"Toutes les chasses du chevreuil","description":"Le chevreuil occupe presque toute la france, \u00e0 l'exception du littoral m\u00e9diterran\u00e9en.\r\n En une vingtaine d'ann\u00e9es, l'esp\u00e8ce cantonn\u00e9e aux bois de feuillus a colonis\u00e9 la plaine et la montagne, le bocage et la lande.  le tableau de chasse a quadrupl\u00e9, atteignant aujourd'hui 800 000 animaux.  cette expansion remarquable est \u00e0 mettre au cr\u00e9dit des chasseurs qui ont su, en instaurant le plan de chasse en 1978, allier chasse et gestion.  jadis r\u00e9serv\u00e9e \u00e0 des chasseurs de grand gibier qui le tiraient en battue dans les for\u00eats domaniales ou \u00e0 des \u00e9quipages de grande v\u00e9nerie qui le chassaient \u00e0 courre, l'esp\u00e8ce est d\u00e9sormais chass\u00e9e dans toute la france par l'ensemble des chasseurs.\r\n La battue aux chiens courants est le mode de chasse le plus g\u00e9n\u00e9ralis\u00e9, mais l'approche et l'aff\u00fbt du chevreuil sont de plus en plus pris\u00e9s, notamment par les archers.\r","authors":["Maxence Ponroy"],"category_codes":["4000000","4010000","4010500","4010502"],"visuals":{"large":"https:\/\/images.epagine.fr\/310\/9782877475310_1_75.jpg","medium":"https:\/\/images.epagine.fr\/310\/9782877475310_1_m.jpg","thumbnail":"https:\/\/images.epagine.fr\/310\/9782877475310_1_v.jpg"},"orderable":true,"show_badge":true,"formatted_price":"5,00&nbsp;\u20ac","formatted_published_date":"4 octobre 2000","publisher_availability_label":"Sur commande","short_details":"Maxence Ponroy \u2014 Gisserot","translator":null,"weight":190,"page_count":126,"readership":null,"editor":"Gisserot","price":500,"published_date":"2000-10-03T22:00:00.000000Z","support":"Grand format","publisher_availability":1,"stock":0,"editions":[],"url":"https:\/\/quaidesbrumes.com\/ouvrage\/9782877475310\/toutes-les-chasses-du-chevreuil"},{"id":"9782747583312","title":"Milieux littoraux : Nouvelles perspectives d'\u00e9tude","description":"Ce livre souligne combien les interactions entre l'homme et la nature littorale sont nombreuses et responsables d'\u00e9volutions fortes et parfois irr\u00e9versibles : d\u00e9gradation de la flore sous-marine, alt\u00e9ration des conditions de vie de l'avifaune, changements morphologiques des plages et des baies. Il illustre \u00e9galement les \u00e9volutions r\u00e9centes des m\u00e9thodes et techniques d'investigation en g\u00e9ographie des littoraux : acquisition de donn\u00e9es topographiques, bathym\u00e9triques et hydrologiques de haute pr\u00e9cision gr\u00e2ce \u00e0 l'utilisation de mat\u00e9riel de pointe, recours \u00e0 l'imagerie a\u00e9rienne et acoustique, g\u00e9n\u00e9ralisation de la mod\u00e9lisation num\u00e9rique.\r\n?\r\n?","authors":["Paul Durand"],"category_codes":["4000000","4010000","4010200","4010208"],"visuals":{"large":"https:\/\/images.epagine.fr\/312\/9782747583312_1_75.jpg","medium":"https:\/\/images.epagine.fr\/312\/9782747583312_1_m.jpg","thumbnail":"https:\/\/images.epagine.fr\/312\/9782747583312_1_v.jpg"},"orderable":true,"show_badge":true,"formatted_price":"19,50&nbsp;\u20ac","formatted_published_date":"2 juillet 2005","publisher_availability_label":"Sur commande","short_details":"Paul Durand \u2014 \u00c9ditions L'Harmattan","translator":null,"weight":360,"page_count":196,"readership":null,"editor":"\u00c9ditions L'Harmattan","price":1950,"published_date":"2005-07-01T22:00:00.000000Z","support":"Grand format","publisher_availability":1,"stock":0,"editions":[],"url":"https:\/\/quaidesbrumes.com\/ouvrage\/9782747583312\/milieux-littoraux-nouvelles-perspectives-detude"},{"id":"9782742728718","title":"Le bon geste - le manuel du jardinier","description":"Il y a en france treize millions de jardins et, pour remuer toute cette terre et entretenir tout ce terrain, presque autant de jardiniers.\r\n Mais pour ces derniers, souvent rouill\u00e9s par une vie s\u00e9dentaire et enraidis par de mauvaises habitudes posturales, la terre semble souvent bien basse, les haies bien hautes.  et le plaisir de jardiner a t\u00f4t fait de se transformer en une corv\u00e9e, parce que le corps souffre et rechigne \u00e0 l'ouvrage. \r\nPourtant, le jardinage est une activit\u00e9 qui procure une excellente forme d'exercice physique en plein air.\r\n Il n'est pas en soi cause du mal de dos et d\u00e8s autres \"pannes corporelles\" dont souffrent les jardiniers.  il faut bien plut\u00f4t les attribuer \u00e0 la perte progressive d'une gestuelle, d'un savoir-faire concernant l'\"usage de soi\", patiemment \u00e9labor\u00e9 par les g\u00e9n\u00e9rations qui nous ont pr\u00e9c\u00e9d\u00e9s: car quel que soit le travail accompli, quel que soit l'outil utilis\u00e9, le jardinier se sert avant tout de lui-m\u00eame.\r\n\r\nLe bon geste propose un apprentissage de ce savoir perdu : non pas un catalogue de \"bonnes positions\", mais une m\u00e9thode \u00e0 part enti\u00e8re, bas\u00e9e sur la technique alexander, pour retrouver l'art et la mani\u00e8re de bien s'utiliser.\r","authors":["Carbonnel\/Kirby"],"category_codes":["4000000","4010000","4010300"],"visuals":{"large":"https:\/\/images.epagine.fr\/718\/9782742728718_1_75.jpg","medium":"https:\/\/images.epagine.fr\/718\/9782742728718_1_m.jpg","thumbnail":"https:\/\/images.epagine.fr\/718\/9782742728718_1_v.jpg"},"orderable":true,"show_badge":true,"formatted_price":"20,00&nbsp;\u20ac","formatted_published_date":"10 octobre 2000","publisher_availability_label":"Sur commande","short_details":"Carbonnel\/Kirby \u2014 Actes Sud","translator":null,"weight":275,"page_count":null,"readership":null,"editor":"Actes Sud","price":2000,"published_date":"2000-10-09T22:00:00.000000Z","support":"Grand format","publisher_availability":1,"stock":0,"editions":[],"url":"https:\/\/quaidesbrumes.com\/ouvrage\/9782742728718\/le-bon-geste-le-manuel-du-jardinier"},{"id":"9782912962010","title":"Br\u00fblages dirig\u00e9s","description":"Une premi\u00e8re synth\u00e8se, richement illustr\u00e9e, dont l'ambition est d'aborder la question des feux pastoraux et de leur \u00e9volution au travers de multiples entr\u00e9es : historiques, ethnographiques, l\u00e9gales, techniques. Par des exp\u00e9rimentations en vraie grandeur (r\u00e9gion Grand Sud de la France) et des recherches men\u00e9es dans divers laboratoires, il aborde les aspects d'am\u00e9nagement et de multi-usage de l'espace, dans un cadre de s\u00e9curit\u00e9, de durabilit\u00e9 et de p\u00e9rennit\u00e9 des ressources. Les aspects d'organisation professionnelle et de formation des agents d'intervention ne sont pas oubli\u00e9s.\r","authors":["Collectif"],"category_codes":["4000000","4010000","4010300"],"visuals":{"large":"https:\/\/images.epagine.fr\/010\/9782912962010_1_75.jpg","medium":"https:\/\/images.epagine.fr\/010\/9782912962010_1_m.jpg","thumbnail":"https:\/\/images.epagine.fr\/010\/9782912962010_1_v.jpg"},"orderable":true,"show_badge":true,"formatted_price":"22,87&nbsp;\u20ac","formatted_published_date":"1er septembre 1998","publisher_availability_label":"Sur commande","short_details":"Collectif \u2014 La Cardere","translator":null,"weight":500,"page_count":128,"readership":null,"editor":"La Cardere","price":2287,"published_date":"1998-08-31T22:00:00.000000Z","support":"Grand format","publisher_availability":1,"stock":0,"editions":[],"url":"https:\/\/quaidesbrumes.com\/ouvrage\/9782912962010\/brulages-diriges"},{"id":"9782226087751","title":"La face cachee de greenpeace - infiltration au sein de l'internationale ecologiste","description":null,"authors":["Olivier Vermont"],"category_codes":["4000000","4010000","4010200","4010207"],"visuals":{"large":"https:\/\/quaidesbrumes.com\/img\/book-placeholder.png","medium":"https:\/\/quaidesbrumes.com\/img\/book-placeholder.png","thumbnail":"https:\/\/quaidesbrumes.com\/img\/book-placeholder.png"},"orderable":true,"show_badge":true,"formatted_price":"20,15&nbsp;\u20ac","formatted_published_date":"2 janvier 1997","publisher_availability_label":"Sur commande","short_details":"Olivier Vermont \u2014 Albin Michel","translator":null,"weight":430,"page_count":null,"readership":null,"editor":"Albin Michel","price":2015,"published_date":"1997-01-01T23:00:00.000000Z","support":"Grand format","publisher_availability":1,"stock":0,"editions":[],"url":"https:\/\/quaidesbrumes.com\/ouvrage\/9782226087751\/la-face-cachee-de-greenpeace-infiltration-au-sein-de-linternationale-ecologiste"},{"id":"9782747567510","title":"L'Ile de Bird aux Seychelles : un exemple de d\u00e9veloppement durable ?","description":"Les auteurs pr\u00e9sentent l'une des \u00eeles des Seychelles, Bird, dont ils retracent l'histoire naturelle et humaine en s'int\u00e9ressant plus particuli\u00e8rement \u00e0 la faune et \u00e0 la flore. Au-del\u00e0, ce livre aborde la probl\u00e9matique du d\u00e9veloppement des petits Etats insulaires. Son champ g\u00e9ographique \u00e9tant \u00e9largi aux Maldives, il tente d'apporter des r\u00e9ponses \u00e0 ces questions d'actualit\u00e9. Existe-t-il des cas concrets de d\u00e9veloppement durable ? Le tourisme, pilier \u00e9conomique de ces pays, entrave-t-il forc\u00e9ment la pr\u00e9servation de l'environnement et l'\u00e9panouissement des soci\u00e9t\u00e9s locales ?\r","authors":["Virginie Cazes-duvat","Alexandre Magnan"],"category_codes":["4000000","4010000","4010200","4010208"],"visuals":{"large":"https:\/\/images.epagine.fr\/510\/9782747567510_1_75.jpg","medium":"https:\/\/images.epagine.fr\/510\/9782747567510_1_m.jpg","thumbnail":"https:\/\/images.epagine.fr\/510\/9782747567510_1_v.jpg"},"orderable":true,"show_badge":true,"formatted_price":"26,00&nbsp;\u20ac","formatted_published_date":"1er d\u00e9cembre 2004","publisher_availability_label":"Sur commande","short_details":"Virginie Cazes-duvat, Alexandre Magnan \u2014 \u00c9ditions L'Harmattan","translator":null,"weight":480,"page_count":240,"readership":null,"editor":"\u00c9ditions L'Harmattan","price":2600,"published_date":"2004-11-30T23:00:00.000000Z","support":"Grand format","publisher_availability":1,"stock":0,"editions":[],"url":"https:\/\/quaidesbrumes.com\/ouvrage\/9782747567510\/lile-de-bird-aux-seychelles-un-exemple-de-developpement-durable"},{"id":"9786131596247","title":"Plantes aromatiques et medicinales","description":"La Sauge sclar\u00e9e est une plante aromatique et m\u00e9dicinale qui prosp\u00e8re bien dans les climats doux et ensoleill\u00e9s. Elle a \u00e9t\u00e9 utilis\u00e9e en m\u00e9decine traditionnelle depuis le moyen \u00e2ge o\u00f9 elle \u00e9tait connue sous le nom d'Oculus Christi. Depuis nos jours, elle est utilis\u00e9e pour ces propri\u00e9t\u00e9s antid\u00e9pressives, antiphlogistiques, hypotensives, antispasmodiques, nervines, s\u00e9datives, cicatrisantes, d\u00e9odorantes, aphrodisiaques, toniques et ut\u00e9rines.\r","authors":["Collectif"],"category_codes":["1000000","1070000","1070200"],"visuals":{"large":"https:\/\/images.epagine.fr\/247\/9786131596247_1_75.jpg","medium":"https:\/\/images.epagine.fr\/247\/9786131596247_1_m.jpg","thumbnail":"https:\/\/images.epagine.fr\/247\/9786131596247_1_v.jpg"},"orderable":true,"show_badge":true,"formatted_price":"39,00&nbsp;\u20ac","formatted_published_date":"12 septembre 2012","publisher_availability_label":"Sur commande","short_details":"Collectif \u2014 Editions Universitaires Europeennes","translator":null,"weight":166,"page_count":null,"readership":null,"editor":"Editions Universitaires Europeennes","price":3900,"published_date":"2012-09-11T22:00:00.000000Z","support":"Grand format","publisher_availability":1,"stock":0,"editions":[],"url":"https:\/\/quaidesbrumes.com\/ouvrage\/9786131596247\/plantes-aromatiques-et-medicinales"},{"id":"9782710318217","title":"Guide du chasseur gastronome","description":null,"authors":["Christian Guy"],"category_codes":["4000000","4010000","4010500","4010502"],"visuals":{"large":"https:\/\/images.epagine.fr\/217\/9782710318217_1_75.jpg","medium":"https:\/\/images.epagine.fr\/217\/9782710318217_1_m.jpg","thumbnail":"https:\/\/images.epagine.fr\/217\/9782710318217_1_v.jpg"},"orderable":true,"show_badge":true,"formatted_price":"7,50&nbsp;\u20ac","formatted_published_date":"25 septembre 1973","publisher_availability_label":"Sur commande","short_details":"Christian Guy \u2014 \u00c9ditions de La Table Ronde","translator":null,"weight":340,"page_count":266,"readership":null,"editor":"\u00c9ditions de La Table Ronde","price":750,"published_date":"1973-09-24T23:00:00.000000Z","support":"Grand format","publisher_availability":1,"stock":0,"editions":[],"url":"https:\/\/quaidesbrumes.com\/ouvrage\/9782710318217\/guide-du-chasseur-gastronome"},{"id":"9782857100362","title":"Guide de dendrologie ; 3e edition","description":null,"authors":["Marcel Jacamon"],"category_codes":["4000000","4010000","4010400","4010406"],"visuals":{"large":"https:\/\/images.epagine.fr\/362\/9782857100362_1_75.jpg","medium":"https:\/\/images.epagine.fr\/362\/9782857100362_1_m.jpg","thumbnail":"https:\/\/images.epagine.fr\/362\/9782857100362_1_v.jpg"},"orderable":true,"show_badge":true,"formatted_price":"21,04&nbsp;\u20ac","formatted_published_date":"19 d\u00e9cembre 2000","publisher_availability_label":"Sur commande","short_details":"Marcel Jacamon \u2014 Engref","translator":null,"weight":0,"page_count":null,"readership":null,"editor":"Engref","price":2104,"published_date":"2000-12-18T23:00:00.000000Z","support":"Grand format","publisher_availability":1,"stock":0,"editions":[],"url":"https:\/\/quaidesbrumes.com\/ouvrage\/9782857100362\/guide-de-dendrologie-3e-edition"},{"id":"9789056991241","title":"Evolution de la biosphere et evenements geologiques","description":"L'\u00e9volution du monde vivant ne fut pas r\u00e9guli\u00e8re au cours des temps g\u00e9ologiques. Au contraire, elle montre des \u00e9pisodes de crises s\u00e9parant des phases de radiations \u00e9volutives. Cet ouvrage pr\u00e9sentant un bilan des d\u00e9couvertes pal\u00e9ontologiques des quinze derni\u00e8res ann\u00e9es pourrait se r\u00e9sumer par la formule \u00ab l' \u00e9volution de la vie sur notre plan\u00e8te ou la biodiversit\u00e9 \u00bb. Ce livre alliant la clart\u00e9 de l'expos\u00e9 \u00e0 la rigueur scientifique, int\u00e9ressera autant biologistes et g\u00e9ologues qu'enseignants, \u00e9tudiants et tous ceux d\u00e9sireux d'\u00e9tendre leurs connaissances sur le sujet.\r","authors":["Francis Lethiers"],"category_codes":["4000000","4010000","4010300","4010302"],"visuals":{"large":"https:\/\/images.epagine.fr\/241\/9789056991241_1_75.jpg","medium":"https:\/\/images.epagine.fr\/241\/9789056991241_1_m.jpg","thumbnail":"https:\/\/images.epagine.fr\/241\/9789056991241_1_v.jpg"},"orderable":true,"show_badge":true,"formatted_price":"42,00&nbsp;\u20ac","formatted_published_date":"1er janvier 1998","publisher_availability_label":"Sur commande","short_details":"Francis Lethiers \u2014 ARCHIVES CONTEMPORAINES","translator":null,"weight":490,"page_count":341,"readership":null,"editor":"ARCHIVES CONTEMPORAINES","price":4200,"published_date":"1997-12-31T23:00:00.000000Z","support":"Grand format","publisher_availability":1,"stock":0,"editions":["9789056991234"],"url":"https:\/\/quaidesbrumes.com\/ouvrage\/9789056991241\/evolution-de-la-biosphere-et-evenements-geologiques"},{"id":"9782742747757","title":"Scenarios d'accidents","description":"Pour tous ceux qui pratiquent la marche, la randonn\u00e9e plus soutenue ou s'aventurent dans des milieux naturels : ces mises en sc\u00e8ne, reprenant une trentaine d'incidents fr\u00e9quemment constat\u00e9s en milieu de montagne ou de campagne, auxquelles sont adjointes des questions au lecteur plac\u00e9 en situation, et des r\u00e9ponses sur le comportement \u00e0 avoir.\r\n Ouvrage illustr\u00e9.\r","authors":["Cavailles"],"category_codes":["4000000","4010000","4010300"],"visuals":{"large":"https:\/\/images.epagine.fr\/757\/9782742747757_1_75.jpg","medium":"https:\/\/images.epagine.fr\/757\/9782742747757_1_m.jpg","thumbnail":"https:\/\/images.epagine.fr\/757\/9782742747757_1_v.jpg"},"orderable":true,"show_badge":true,"formatted_price":"9,20&nbsp;\u20ac","formatted_published_date":"1er mars 2004","publisher_availability_label":"Sur commande","short_details":"Cavailles \u2014 Actes Sud","translator":null,"weight":110,"page_count":110,"readership":null,"editor":"Actes Sud","price":920,"published_date":"2004-02-29T23:00:00.000000Z","support":"Grand format","publisher_availability":1,"stock":0,"editions":[],"url":"https:\/\/quaidesbrumes.com\/ouvrage\/9782742747757\/scenarios-daccidents"},{"id":"9782744902338","title":"Eoliennes et aerogenerateurs - guide de l'energie eolienne","description":"L'\u00e9nergie \u00e9olienne a toujours apport\u00e9 sa contribution aux besoins \u00e9nerg\u00e9tiques de l'homme, sous forme m\u00e9canique puis sous forme d'\u00e9lectricit\u00e9, elle anime m\u00eame une part de plus en plus grande de nos loisirs.\r\n Cette contribution a toujours fluctu\u00e9 au gr\u00e9 du co\u00fbt des autres formes d'\u00e9nergie et de la technologie, mais elle n'a jamais compl\u00e8tement disparu.  depuis une quinzaine d'ann\u00e9es, elle s'impose m\u00eame comme une \u00e9nergie susceptible de contribuer de fa\u00e7on non marginale au bilan \u00e9nerg\u00e9tique, avec des machines de plus en plus fiables, et dont les co\u00fbts d'investissement et de fonctionnement d\u00e9bouchent sur un prix du kwh produit comp\u00e9titif avec d'autres sources.\r\n Bien que cet ouvrage ne soit pas destin\u00e9 aux projeteurs de fermes \u00e9oliennes de plusieurs m\u00e9gawatts, il donne les \u00e9l\u00e9ments n\u00e9cessaires pour bien comprendre le fonctionnement des capteurs et l'importance essentielle de l'implantation de ces machines tournantes qui survivent mal sur des sites \"turbulents\".  s'il ne donne qu'un aper\u00e7u sur les grands a\u00e9rog\u00e9n\u00e9rateurs, c'est un guide pr\u00e9cieux pour l'utilisateur des a\u00e9rog\u00e9n\u00e9rateurs destin\u00e9s \u00e0 fournir de l'\u00e9nergie sur des sites isol\u00e9s.\r\n Cet ouvrage est le fruit d'une longue exp\u00e9rience dans ce domaine, jalonn\u00e9e de d\u00e9ceptions et de satisfactions.  il permettra aussi aux plus curieux de mieux profiter de toutes les informations qu'on peut trouver sur la toile (www. ) car pour l'\u00e9nergie \u00e9olienne comme pour d'autres sujets on y trouve le meilleur mais aussi le moins bon.  il ne fait pas de doute que par paliers successifs cette \u00e9nergie non polluante sera de plus en plus famili\u00e8re aux r\u00e9sidents des zones bien vent\u00e9es.\r","authors":["Cunty Guy"],"category_codes":["4000000","4010000","4010300"],"visuals":{"large":"https:\/\/images.epagine.fr\/338\/9782744902338_1_75.jpg","medium":"https:\/\/images.epagine.fr\/338\/9782744902338_1_m.jpg","thumbnail":"https:\/\/images.epagine.fr\/338\/9782744902338_1_v.jpg"},"orderable":true,"show_badge":true,"formatted_price":"18,00&nbsp;\u20ac","formatted_published_date":"1er juin 2001","publisher_availability_label":"Sur commande","short_details":"Cunty Guy \u2014 EDISUD","translator":null,"weight":1000,"page_count":null,"readership":null,"editor":"EDISUD","price":1800,"published_date":"2001-05-31T22:00:00.000000Z","support":"Grand format","publisher_availability":1,"stock":0,"editions":[],"url":"https:\/\/quaidesbrumes.com\/ouvrage\/9782744902338\/eoliennes-et-aerogenerateurs-guide-de-lenergie-eolienne"},{"id":"9782747516921","title":"DICTIONNAIRE DES PLANTES COMESTIBLES","description":"Le monde v\u00e9g\u00e9tal est constitu\u00e9 de plus de 200 000 esp\u00e8ces identifi\u00e9es \u00e0 ce jour. Ce dictionnaire ne prend pas en compte les hybrides artificiels issus de la s\u00e9lection et des manipulations op\u00e9r\u00e9es par les hommes. Il s'agit ici de retrouver les plantes initiales telles que les premiers hommes ont pu les conna\u00eetre. Un ouvrage pour les amoureux de la nature, ethnobotanistes qui s'int\u00e9ressent \u00e0 notre environnement v\u00e9g\u00e9tal comme source de produits alimentaires et condimentaires.\r","authors":["Louis Bubenicek"],"category_codes":["4000000","4010000","4010200","4010208"],"visuals":{"large":"https:\/\/images.epagine.fr\/921\/9782747516921_1_75.jpg","medium":"https:\/\/images.epagine.fr\/921\/9782747516921_1_m.jpg","thumbnail":"https:\/\/images.epagine.fr\/921\/9782747516921_1_v.jpg"},"orderable":true,"show_badge":true,"formatted_price":"37,50&nbsp;\u20ac","formatted_published_date":"1er novembre 2003","publisher_availability_label":"Sur commande","short_details":"Louis Bubenicek \u2014 \u00c9ditions L'Harmattan","translator":null,"weight":586,"page_count":328,"readership":null,"editor":"\u00c9ditions L'Harmattan","price":3750,"published_date":"2003-10-31T23:00:00.000000Z","support":"Grand format","publisher_availability":1,"stock":0,"editions":[],"url":"https:\/\/quaidesbrumes.com\/ouvrage\/9782747516921\/dictionnaire-des-plantes-comestibles"},{"id":"9782747516853","title":"La foret dans le monde","description":"Ce livre d\u00e9crit les for\u00eats dans le monde, leurs transformation par l'homme et les dangers qui les menacent. A l'\u00e9tat naturel, elle exprime l'influence des facteurs g\u00e9ophysiques et d'abord celle du climat ; mais elle a \u00e9t\u00e9 modifi\u00e9e par l'homme. Les grandes civilisations se sont d\u00e9velopp\u00e9es \u00e0 ses d\u00e9pens, la d\u00e9truisant par endroit, la transformant toujours. Elle ne couvre plus que 27% des terres.\r","authors":["Noel Decourt"],"category_codes":["4000000","4010000","4010200","4010208"],"visuals":{"large":"https:\/\/images.epagine.fr\/853\/9782747516853_1_75.jpg","medium":"https:\/\/images.epagine.fr\/853\/9782747516853_1_m.jpg","thumbnail":"https:\/\/images.epagine.fr\/853\/9782747516853_1_v.jpg"},"orderable":true,"show_badge":true,"formatted_price":"19,00&nbsp;\u20ac","formatted_published_date":"1er novembre 2003","publisher_availability_label":"Sur commande","short_details":"Noel Decourt \u2014 \u00c9ditions L'Harmattan","translator":null,"weight":266,"page_count":194,"readership":null,"editor":"\u00c9ditions L'Harmattan","price":1900,"published_date":"2003-10-31T23:00:00.000000Z","support":"Grand format","publisher_availability":1,"stock":0,"editions":[],"url":"https:\/\/quaidesbrumes.com\/ouvrage\/9782747516853\/la-foret-dans-le-monde"},{"id":"9782747513845","title":"LES EAUX \u00c9COFORMATRICES","description":"La terre prend l'eau. Ou plut\u00f4t, c'est nous qui la perdons. dans un inconscient \u00e9cologique abyssal. Une prise de conscience collective \u00e9merge. Cette crise \u00e9cologique r\u00e9sulte de la somme de micro-comportements r\u00e9flexes \u00e0 changer, depuis la salle de bains aux arrosages industriels, du nettoyage aux querelles de riverains et aux conflits internationaux. Pour traiter ces probl\u00e8mes de prises d'eau, les approches scientifiques et politiques sont \u00e0 la fois n\u00e9cessaires et insuffisantes. La survie \u00e9cologique implique une \u00e9coformation. C'est \u00e0 la construction de celle-ci que s'emploient les auteurs de cet ouvrage.","authors":["Ren\u00e9 Barbier","Gaston Pineau"],"category_codes":["4000000","4010000","4010200","4010208"],"visuals":{"large":"https:\/\/images.epagine.fr\/845\/9782747513845_1_75.jpg","medium":"https:\/\/images.epagine.fr\/845\/9782747513845_1_m.jpg","thumbnail":"https:\/\/images.epagine.fr\/845\/9782747513845_1_v.jpg"},"orderable":true,"show_badge":true,"formatted_price":"35,00&nbsp;\u20ac","formatted_published_date":"1er novembre 2003","publisher_availability_label":"Sur commande","short_details":"Ren\u00e9 Barbier, Gaston Pineau \u2014 \u00c9ditions L'Harmattan","translator":null,"weight":475,"page_count":350,"readership":null,"editor":"\u00c9ditions L'Harmattan","price":3500,"published_date":"2003-10-31T23:00:00.000000Z","support":"Grand format","publisher_availability":1,"stock":0,"editions":[],"url":"https:\/\/quaidesbrumes.com\/ouvrage\/9782747513845\/les-eaux-ecoformatrices"},{"id":"9782913220027","title":"Les arbres remarquables d'ile-de-france","description":"Partir \u00e0 la d\u00e9couverte des arbres remarquables d'Ile-de-France est sans aucun doute une initiative tout \u00e0 la fois originale et enrichissante qui enchantera aussi bien les amateurs et curieux d'arbres exceptionnels que les amoureux de la nature, les randonneurs ou promeneurs occasionnels, solitaires, en groupe ou en famille.\r\nL'Ile-de-France dispose, en effet, d'un exceptionnel patrimoine arbor\u00e9 que nous ne soup\u00e7onnons pas au premier abord : diversit\u00e9 des esp\u00e8ces, arbres admirables par leurs dimensions, leur \u00e2ge, leur forme, leur couleur ; ils suscitent \u00e9tonnement, interrogation, enthousiasme, voire respect. Les plus proches de chez vous ne sont situ\u00e9s qu'\u00e0 quelques pas, tout au plus \u00e0 quelques kilom\u00e8tres. L'objectif de cet ouvrage est de vous permettre de les d\u00e9couvrir ou de mieux les conna\u00eetre.\r\nClass\u00e9s par d\u00e9partement et par ordre alphab\u00e9tique des villes ou lieux-dits, quelque 150 arbres sont ici r\u00e9pertori\u00e9s et d\u00e9crits (localisation, particularit\u00e9s), avec illustrations originales et in\u00e9dites et photographies pour les plus spectaculaires. De nombreux textes d'accompagnement en agr\u00e9mentent la lecture, \u00e9voquant certaines curiosit\u00e9s locales, retra\u00e7ant des faits historiques, d\u00e9crivant des sites particuliers, ou encore, rapportant contes et l\u00e9gendes.\r\nCet ouvrage, soigneusement r\u00e9alis\u00e9, n'a pas la pr\u00e9tention de fournir un inventaire exhaustif des arbres remarquables d'Ile-de-France ; mais, s'il vous incite \u00e0 vous rendre sur place pour admirer ceux qui vous sont pr\u00e9sent\u00e9s ici, ou \u00e0 en d\u00e9couvrir d'autres, il aura alors pleinement atteint son ambition.\r","authors":["Georges Feterman"],"category_codes":["4000000","4010000","4010400","4010406"],"visuals":{"large":"https:\/\/images.epagine.fr\/027\/9782913220027_1_75.jpg","medium":"https:\/\/images.epagine.fr\/027\/9782913220027_1_m.jpg","thumbnail":"https:\/\/images.epagine.fr\/027\/9782913220027_1_v.jpg"},"orderable":true,"show_badge":true,"formatted_price":"18,29&nbsp;\u20ac","formatted_published_date":"24 octobre 2001","publisher_availability_label":"Sur commande","short_details":"Georges Feterman \u2014 Amc Paris","translator":null,"weight":320,"page_count":null,"readership":null,"editor":"Amc Paris","price":1829,"published_date":"2001-10-23T22:00:00.000000Z","support":"Grand format","publisher_availability":1,"stock":0,"editions":[],"url":"https:\/\/quaidesbrumes.com\/ouvrage\/9782913220027\/les-arbres-remarquables-dile-de-france"}]}