{"data":[{"id":"9782738428608","title":"Foret et guerre","description":null,"authors":["Andr\u00e9e Corvol"],"category_codes":["4000000","4010000","4010200","4010208"],"visuals":{"large":"https:\/\/images.epagine.fr\/608\/9782738428608_1_75.jpg","medium":"https:\/\/images.epagine.fr\/608\/9782738428608_1_m.jpg","thumbnail":"https:\/\/images.epagine.fr\/608\/9782738428608_1_v.jpg"},"orderable":true,"show_badge":true,"formatted_price":"30,50&nbsp;\u20ac","formatted_published_date":"6 mars 1995","publisher_availability_label":"Sur commande","short_details":"Andr\u00e9e Corvol \u2014 \u00c9ditions L'Harmattan","translator":null,"weight":320,"page_count":null,"readership":null,"editor":"\u00c9ditions L'Harmattan","price":3050,"published_date":"1995-03-05T23:00:00.000000Z","support":"Grand format","publisher_availability":1,"stock":0,"editions":[],"url":"https:\/\/quaidesbrumes.com\/ouvrage\/9782738428608\/foret-et-guerre"},{"id":"9782738428783","title":"Ecologie et entreprise : Les le\u00e7ons de l'exp\u00e9rience","description":null,"authors":["Eric Viardot"],"category_codes":["4000000","4010000","4010200","4010208"],"visuals":{"large":"https:\/\/images.epagine.fr\/783\/9782738428783_1_75.jpg","medium":"https:\/\/images.epagine.fr\/783\/9782738428783_1_m.jpg","thumbnail":"https:\/\/images.epagine.fr\/783\/9782738428783_1_v.jpg"},"orderable":true,"show_badge":true,"formatted_price":"22,50&nbsp;\u20ac","formatted_published_date":"3 mai 2000","publisher_availability_label":"Sur commande","short_details":"Eric Viardot \u2014 \u00c9ditions L'Harmattan","translator":null,"weight":272,"page_count":210,"readership":null,"editor":"\u00c9ditions L'Harmattan","price":2250,"published_date":"2000-05-02T22:00:00.000000Z","support":"Grand format","publisher_availability":1,"stock":0,"editions":[],"url":"https:\/\/quaidesbrumes.com\/ouvrage\/9782738428783\/ecologie-et-entreprise-les-lecons-de-lexperience"},{"id":"9782738436023","title":"Nature, environnement et paysage : L'h\u00e9ritage du XVIII\u00e8 si\u00e8cle - Guide de recherches archivistiques et bibliographiques","description":"L'h\u00e9ritage du XVIII\u00e8 si\u00e8cle. Guide de recherches archivistiques et bibliographiques\r","authors":["Andr\u00e9e Corvol"],"category_codes":["4000000","4010000","4010200","4010208"],"visuals":{"large":"https:\/\/images.epagine.fr\/023\/9782738436023_1_75.jpg","medium":"https:\/\/images.epagine.fr\/023\/9782738436023_1_m.jpg","thumbnail":"https:\/\/images.epagine.fr\/023\/9782738436023_1_v.jpg"},"orderable":true,"show_badge":true,"formatted_price":"33,00&nbsp;\u20ac","formatted_published_date":"3 mai 2000","publisher_availability_label":"Sur commande","short_details":"Andr\u00e9e Corvol \u2014 \u00c9ditions L'Harmattan","translator":null,"weight":530,"page_count":296,"readership":null,"editor":"\u00c9ditions L'Harmattan","price":3300,"published_date":"2000-05-02T22:00:00.000000Z","support":"Grand format","publisher_availability":1,"stock":0,"editions":[],"url":"https:\/\/quaidesbrumes.com\/ouvrage\/9782738436023\/nature-environnement-et-paysage-lheritage-du-xviiie-siecle-guide-de-recherches-archivistiques-et-bibliographiques"},{"id":"9782738436849","title":"LA PROTECTION DU MILIEU MARIN : Aspects juridiques - CAMPU MARE","description":"La protection juridique du milieu marin, dans sa mise en oeuvre au plan national, pose comme principe la pr\u00e9\u00e9minence de l'Etat c\u00f4tier. Cette protection d\u00e9sormais n\u00e9cessite qu'il soit fait une place aux collectivit\u00e9s territoriales, aux r\u00e9gions et aux d\u00e9partements. Au plan international, cette protection implique des r\u00e8gles et mesures de protection des ressources biologiques. Egalement, une bonne exploitation et une bonne gestion des richesses vivantes, reposant sur l'efficacit\u00e9 du dispositif de lutte contre la pollution marine.\r","authors":[],"category_codes":["4000000","4010000","4010200","4010208"],"visuals":{"large":"https:\/\/images.epagine.fr\/849\/9782738436849_1_75.jpg","medium":"https:\/\/images.epagine.fr\/849\/9782738436849_1_m.jpg","thumbnail":"https:\/\/images.epagine.fr\/849\/9782738436849_1_v.jpg"},"orderable":true,"show_badge":true,"formatted_price":"11,00&nbsp;\u20ac","formatted_published_date":"21 d\u00e9cembre 1995","publisher_availability_label":"Sur commande","short_details":"\u00c9ditions L'Harmattan","translator":null,"weight":138,"page_count":86,"readership":null,"editor":"\u00c9ditions L'Harmattan","price":1100,"published_date":"1995-12-20T23:00:00.000000Z","support":"Grand format","publisher_availability":1,"stock":0,"editions":[],"url":"https:\/\/quaidesbrumes.com\/ouvrage\/9782738436849\/la-protection-du-milieu-marin-aspects-juridiques-campu-mare"},{"id":"9782738442246","title":"La qualite des eaux dans l'union europeenne - pratique d'une reglementation commune","description":null,"authors":["Maryvonne Bodiguel"],"category_codes":["4000000","4010000","4010200","4010208"],"visuals":{"large":"https:\/\/images.epagine.fr\/246\/9782738442246_1_75.jpg","medium":"https:\/\/images.epagine.fr\/246\/9782738442246_1_m.jpg","thumbnail":"https:\/\/images.epagine.fr\/246\/9782738442246_1_v.jpg"},"orderable":true,"show_badge":true,"formatted_price":"34,50&nbsp;\u20ac","formatted_published_date":"3 mai 2000","publisher_availability_label":"Sur commande","short_details":"Maryvonne Bodiguel \u2014 \u00c9ditions L'Harmattan","translator":null,"weight":592,"page_count":null,"readership":null,"editor":"\u00c9ditions L'Harmattan","price":3450,"published_date":"2000-05-02T22:00:00.000000Z","support":"Grand format","publisher_availability":1,"stock":0,"editions":[],"url":"https:\/\/quaidesbrumes.com\/ouvrage\/9782738442246\/la-qualite-des-eaux-dans-lunion-europeenne-pratique-dune-reglementation-commune"},{"id":"9782908778823","title":"Fleurs des Antilles","description":"Caract\u00e9ris\u00e9e par une exceptionnelle diversit\u00e9 de formes, de couleurs et d'origines, la flore tropicale constitue un superbe r\u00e9v\u00e9lateur de l'exub\u00e9rance - et parfois m\u00eame de la fantaisie- de M\u00e8re Nature.\r\nAu fil de plusieurs ann\u00e9es d'observation, mais aussi au hasard de d\u00e9couvertes insoup\u00e7onn\u00e9es, nous avons r\u00e9alis\u00e9 une large s\u00e9lection des sp\u00e9cimens les plus vari\u00e9s des Cara\u00efbes. \r\nBon voyage, des racines au coeur de ce r\u00eave d\u00e9licieusement color\u00e9 !\r","authors":["Philippe Poux"],"category_codes":["4000000","4010000","4010400"],"visuals":{"large":"https:\/\/images.epagine.fr\/823\/9782908778823_1_75.jpg","medium":"https:\/\/images.epagine.fr\/823\/9782908778823_1_m.jpg","thumbnail":"https:\/\/images.epagine.fr\/823\/9782908778823_1_v.jpg"},"orderable":true,"show_badge":true,"formatted_price":"8,00&nbsp;\u20ac","formatted_published_date":"1er octobre 2008","publisher_availability_label":"Sur commande","short_details":"Philippe Poux \u2014 Grand Sud","translator":null,"weight":243,"page_count":72,"readership":null,"editor":"Grand Sud","price":800,"published_date":"2008-09-30T22:00:00.000000Z","support":"Grand format","publisher_availability":1,"stock":0,"editions":[],"url":"https:\/\/quaidesbrumes.com\/ouvrage\/9782908778823\/fleurs-des-antilles"},{"id":"9782841493302","title":"Traite de l'olivier","description":null,"authors":["Couture"],"category_codes":["4000000","4010000","4010400","4010406"],"visuals":{"large":"https:\/\/quaidesbrumes.com\/img\/book-placeholder.png","medium":"https:\/\/quaidesbrumes.com\/img\/book-placeholder.png","thumbnail":"https:\/\/quaidesbrumes.com\/img\/book-placeholder.png"},"orderable":true,"show_badge":true,"formatted_price":"45,73&nbsp;\u20ac","formatted_published_date":"31 octobre 1996","publisher_availability_label":"Sur commande","short_details":"Couture \u2014 Lacour-Olle","translator":null,"weight":0,"page_count":null,"readership":null,"editor":"Lacour-Olle","price":4573,"published_date":"1996-10-30T23:00:00.000000Z","support":"Grand format","publisher_availability":1,"stock":0,"editions":[],"url":"https:\/\/quaidesbrumes.com\/ouvrage\/9782841493302\/traite-de-lolivier"},{"id":"9782841493692","title":"Le petit lexique de l'olivier","description":null,"authors":["Bernard Palet"],"category_codes":["4000000","4010000","4010400","4010406"],"visuals":{"large":"https:\/\/quaidesbrumes.com\/img\/book-placeholder.png","medium":"https:\/\/quaidesbrumes.com\/img\/book-placeholder.png","thumbnail":"https:\/\/quaidesbrumes.com\/img\/book-placeholder.png"},"orderable":true,"show_badge":true,"formatted_price":"12,20&nbsp;\u20ac","formatted_published_date":"31 octobre 1996","publisher_availability_label":"Sur commande","short_details":"Bernard Palet \u2014 Lacour-Olle","translator":null,"weight":0,"page_count":null,"readership":null,"editor":"Lacour-Olle","price":1220,"published_date":"1996-10-30T23:00:00.000000Z","support":"Grand format","publisher_availability":1,"stock":0,"editions":[],"url":"https:\/\/quaidesbrumes.com\/ouvrage\/9782841493692\/le-petit-lexique-de-lolivier"},{"id":"9782853670203","title":"Flore descriptive et illustr\u00e9e de la France ; 6e suppl\u00e9ment","description":null,"authors":["P Jovet","R De Vilmorin"],"category_codes":["4000000","4010000","4010400"],"visuals":{"large":"https:\/\/images.epagine.fr\/203\/9782853670203_1_75.jpg","medium":"https:\/\/images.epagine.fr\/203\/9782853670203_1_m.jpg","thumbnail":"https:\/\/images.epagine.fr\/203\/9782853670203_1_v.jpg"},"orderable":true,"show_badge":true,"formatted_price":"26,00&nbsp;\u20ac","formatted_published_date":"12 mars 2003","publisher_availability_label":"Sur commande","short_details":"P Jovet, R De Vilmorin \u2014 Blanchard","translator":null,"weight":0,"page_count":192,"readership":null,"editor":"Blanchard","price":2600,"published_date":"2003-03-11T23:00:00.000000Z","support":"Grand format","publisher_availability":1,"stock":0,"editions":[],"url":"https:\/\/quaidesbrumes.com\/ouvrage\/9782853670203\/flore-descriptive-et-illustree-de-la-france-6e-supplement"},{"id":"9782892493566","title":"Guide du soin des arbres","description":null,"authors":["Thibault"],"category_codes":["4000000","4010000","4010400","4010406"],"visuals":{"large":"https:\/\/quaidesbrumes.com\/img\/book-placeholder.png","medium":"https:\/\/quaidesbrumes.com\/img\/book-placeholder.png","thumbnail":"https:\/\/quaidesbrumes.com\/img\/book-placeholder.png"},"orderable":true,"show_badge":true,"formatted_price":"19,06&nbsp;\u20ac","formatted_published_date":"22 janvier 2004","publisher_availability_label":"Sur commande","short_details":"Thibault \u2014 Trecarre","translator":null,"weight":0,"page_count":null,"readership":null,"editor":"Trecarre","price":1906,"published_date":"2004-01-21T23:00:00.000000Z","support":"Grand format","publisher_availability":1,"stock":0,"editions":[],"url":"https:\/\/quaidesbrumes.com\/ouvrage\/9782892493566\/guide-du-soin-des-arbres"},{"id":"9782738455680","title":"L'environnement ou l'administration des possibles - la creation des directions regionales de l'envir","description":null,"authors":["Kristenn Le Bourhis"],"category_codes":["4000000","4010000","4010200","4010204"],"visuals":{"large":"https:\/\/images.epagine.fr\/680\/9782738455680_1_75.jpg","medium":"https:\/\/images.epagine.fr\/680\/9782738455680_1_m.jpg","thumbnail":"https:\/\/images.epagine.fr\/680\/9782738455680_1_v.jpg"},"orderable":true,"show_badge":true,"formatted_price":"24,00&nbsp;\u20ac","formatted_published_date":"3 mai 2000","publisher_availability_label":"Sur commande","short_details":"Kristenn Le Bourhis \u2014 \u00c9ditions L'Harmattan","translator":null,"weight":316,"page_count":250,"readership":null,"editor":"\u00c9ditions L'Harmattan","price":2400,"published_date":"2000-05-02T22:00:00.000000Z","support":"Grand format","publisher_availability":1,"stock":0,"editions":[],"url":"https:\/\/quaidesbrumes.com\/ouvrage\/9782738455680\/lenvironnement-ou-ladministration-des-possibles-la-creation-des-directions-regionales-de-lenvir"},{"id":"9782869712942","title":"La Truffe","description":null,"authors":["Adolphe Chatin"],"category_codes":["4000000","4010000","4010400","4010403"],"visuals":{"large":"https:\/\/quaidesbrumes.com\/img\/book-placeholder.png","medium":"https:\/\/quaidesbrumes.com\/img\/book-placeholder.png","thumbnail":"https:\/\/quaidesbrumes.com\/img\/book-placeholder.png"},"orderable":true,"show_badge":true,"formatted_price":"19,82&nbsp;\u20ac","formatted_published_date":"8 mars 2003","publisher_availability_label":"Sur commande","short_details":"Adolphe Chatin \u2014 Lacour-Olle","translator":null,"weight":0,"page_count":null,"readership":null,"editor":"Lacour-Olle","price":1982,"published_date":"2003-03-07T23:00:00.000000Z","support":"Grand format","publisher_availability":1,"stock":0,"editions":[],"url":"https:\/\/quaidesbrumes.com\/ouvrage\/9782869712942\/la-truffe"},{"id":"9782909836089","title":"Discours de l'antagonie du chien et du lievre : ruses et proprietes d'iceux, l'un a bien assaillir, l'autre a se defendr","description":null,"authors":["Jehan Du Bec"],"category_codes":["4000000","4010000","4010500","4010502"],"visuals":{"large":"https:\/\/quaidesbrumes.com\/img\/book-placeholder.png","medium":"https:\/\/quaidesbrumes.com\/img\/book-placeholder.png","thumbnail":"https:\/\/quaidesbrumes.com\/img\/book-placeholder.png"},"orderable":true,"show_badge":true,"formatted_price":"14,48&nbsp;\u20ac","formatted_published_date":"1er juillet 1997","publisher_availability_label":"Sur commande","short_details":"Jehan Du Bec \u2014 Altair","translator":null,"weight":56,"page_count":null,"readership":null,"editor":"Altair","price":1448,"published_date":"1997-06-30T22:00:00.000000Z","support":"Grand format","publisher_availability":1,"stock":0,"editions":[],"url":"https:\/\/quaidesbrumes.com\/ouvrage\/9782909836089\/discours-de-lantagonie-du-chien-et-du-lievre-ruses-et-proprietes-diceux-lun-a-bien-assaillir-lautre-a-se-defendr"},{"id":"9782916398068","title":"Dissertation sur les truffes et les champignons","description":null,"authors":["Pennier De Longchamp"],"category_codes":["4000000","4010000","4010400","4010403"],"visuals":{"large":"https:\/\/quaidesbrumes.com\/img\/book-placeholder.png","medium":"https:\/\/quaidesbrumes.com\/img\/book-placeholder.png","thumbnail":"https:\/\/quaidesbrumes.com\/img\/book-placeholder.png"},"orderable":true,"show_badge":true,"formatted_price":"9,00&nbsp;\u20ac","formatted_published_date":"1er octobre 2007","publisher_availability_label":"Sur commande","short_details":"Pennier De Longchamp \u2014 Marchand De Tyr","translator":null,"weight":150,"page_count":null,"readership":null,"editor":"Marchand De Tyr","price":900,"published_date":"2007-09-30T22:00:00.000000Z","support":"Grand format","publisher_availability":1,"stock":0,"editions":[],"url":"https:\/\/quaidesbrumes.com\/ouvrage\/9782916398068\/dissertation-sur-les-truffes-et-les-champignons"},{"id":"9782709928502","title":"Biodiversit\u00e9 au sud ; recherches pour un monde durable","description":"Dans un monde d\u00e9sormais confront\u00e9 \u00e0 la menace des changements climatiques et de pand\u00e9mies comme celle de la Covid 19, en lien avec la destruction des milieux naturels, comment la recherche aide-t-elle \u00e0 relever le d\u00e9fi mondial de la pr\u00e9servation de la biodiversit\u00e9 ?\r\nDestin\u00e9 \u00e0 un large public, cet ouvrage est compos\u00e9 de textes courts et illustr\u00e9s, accessibles \u00e0 tous, qui chacun pr\u00e9sentent une recherche s'inscrivant dans les grands th\u00e8mes du pr\u00e9sent : changements climatiques, maladies \u00e9mergentes transmises par les animaux, utilisation des sols, d\u00e9forestation, esp\u00e8ces invasives, syst\u00e8mes alimentaires durables... Il montre comment cette biodiversit\u00e9 que l'on veut pr\u00e9server ne peut \u00eatre appr\u00e9hend\u00e9e hors des liens qui l'unissent avec les soci\u00e9t\u00e9s humaines qui vivent avec, l'utilisent, la g\u00e8rent, la d\u00e9truisent et la prot\u00e8gent parfois. Il t\u00e9moigne aussi de l'engagement des scientifiques pour une science capable de produire des savoirs utiles et mobilisables, une science de la durabilit\u00e9, qui puisse rendre la Terre durablement vivable.","authors":["Collectif"],"category_codes":["4000000","4010000","4010200","4010208"],"visuals":{"large":"https:\/\/images.epagine.fr\/502\/9782709928502_1_75.jpg","medium":"https:\/\/images.epagine.fr\/502\/9782709928502_1_m.jpg","thumbnail":"https:\/\/images.epagine.fr\/502\/9782709928502_1_v.jpg"},"orderable":true,"show_badge":true,"formatted_price":"15,00&nbsp;\u20ac","formatted_published_date":"4 mars 2021","publisher_availability_label":"Sur commande","short_details":"Collectif \u2014 IRD","translator":null,"weight":246,"page_count":72,"readership":null,"editor":"IRD","price":1500,"published_date":"2021-03-03T23:00:00.000000Z","support":"Grand format","publisher_availability":1,"stock":0,"editions":[],"url":"https:\/\/quaidesbrumes.com\/ouvrage\/9782709928502\/biodiversite-au-sud-recherches-pour-un-monde-durable"},{"id":"9782738459398","title":"Environnement : Repr\u00e9sentation et concepts de la nature","description":"La question de l'environnement constitue un des enjeux majeurs des interrogations de nos soci\u00e9t\u00e9s contemporaines \u00e0 propos de leur identit\u00e9 et de leur avenir. Interrogations \u00e0 la fois th\u00e9oriques et pratiques, qui prennent des formes extr\u00eamement vari\u00e9es, tant du point de vue du langage que de l'action. Le probl\u00e8me de la nature et des relations que la soci\u00e9t\u00e9 entretient avec elle est au centre des questions que l'homme se pose aujourd'hui sur lui-m\u00eame.\r","authors":["Bernard Roussel"],"category_codes":["4000000","4010000","4010200","4010208"],"visuals":{"large":"https:\/\/images.epagine.fr\/398\/9782738459398_1_75.jpg","medium":"https:\/\/images.epagine.fr\/398\/9782738459398_1_m.jpg","thumbnail":"https:\/\/images.epagine.fr\/398\/9782738459398_1_v.jpg"},"orderable":true,"show_badge":true,"formatted_price":"25,00&nbsp;\u20ac","formatted_published_date":"3 mai 2000","publisher_availability_label":"Sur commande","short_details":"Bernard Roussel \u2014 \u00c9ditions L'Harmattan","translator":null,"weight":290,"page_count":236,"readership":null,"editor":"\u00c9ditions L'Harmattan","price":2500,"published_date":"2000-05-02T22:00:00.000000Z","support":"Grand format","publisher_availability":1,"stock":0,"editions":[],"url":"https:\/\/quaidesbrumes.com\/ouvrage\/9782738459398\/environnement-representation-et-concepts-de-la-nature"},{"id":"9782920438514","title":"Feu sur la chasse","description":null,"authors":["Marcel Duquette"],"category_codes":["4000000","4010000","4010500","4010502"],"visuals":{"large":"https:\/\/quaidesbrumes.com\/img\/book-placeholder.png","medium":"https:\/\/quaidesbrumes.com\/img\/book-placeholder.png","thumbnail":"https:\/\/quaidesbrumes.com\/img\/book-placeholder.png"},"orderable":true,"show_badge":true,"formatted_price":"11,89&nbsp;\u20ac","formatted_published_date":"8 mars 2003","publisher_availability_label":"Sur commande","short_details":"Marcel Duquette \u2014 Michel Quintin","translator":null,"weight":0,"page_count":null,"readership":null,"editor":"Michel Quintin","price":1189,"published_date":"2003-03-07T23:00:00.000000Z","support":"Grand format","publisher_availability":1,"stock":0,"editions":[],"url":"https:\/\/quaidesbrumes.com\/ouvrage\/9782920438514\/feu-sur-la-chasse"},{"id":"9782877471640","title":"L'elevage des appats pour la peche","description":null,"authors":["Marcel Donzenac"],"category_codes":["4000000","4010000","4010500","4010502"],"visuals":{"large":"https:\/\/quaidesbrumes.com\/img\/book-placeholder.png","medium":"https:\/\/quaidesbrumes.com\/img\/book-placeholder.png","thumbnail":"https:\/\/quaidesbrumes.com\/img\/book-placeholder.png"},"orderable":true,"show_badge":true,"formatted_price":"10,98&nbsp;\u20ac","formatted_published_date":"21 f\u00e9vrier 2003","publisher_availability_label":"Sur commande","short_details":"Marcel Donzenac \u2014 Gisserot","translator":null,"weight":0,"page_count":null,"readership":null,"editor":"Gisserot","price":1098,"published_date":"2003-02-20T23:00:00.000000Z","support":"Grand format","publisher_availability":1,"stock":0,"editions":[],"url":"https:\/\/quaidesbrumes.com\/ouvrage\/9782877471640\/lelevage-des-appats-pour-la-peche"},{"id":"9782878250497","title":"Haute-Marne, la terre aux orchid\u00e9es","description":null,"authors":["Rouselle","Royer"],"category_codes":["4000000","4010000","4010400"],"visuals":{"large":"https:\/\/images.epagine.fr\/497\/9782878250497_1_75.jpg","medium":"https:\/\/images.epagine.fr\/497\/9782878250497_1_m.jpg","thumbnail":"https:\/\/images.epagine.fr\/497\/9782878250497_1_v.jpg"},"orderable":true,"show_badge":true,"formatted_price":"18,30&nbsp;\u20ac","formatted_published_date":"1er avril 2005","publisher_availability_label":"Sur commande","short_details":"Rouselle, Royer \u2014 DOMINIQUE GUENIOT","translator":null,"weight":290,"page_count":null,"readership":null,"editor":"DOMINIQUE GUENIOT","price":1830,"published_date":"2005-03-31T22:00:00.000000Z","support":"Grand format","publisher_availability":1,"stock":0,"editions":[],"url":"https:\/\/quaidesbrumes.com\/ouvrage\/9782878250497\/haute-marne-la-terre-aux-orchidees"},{"id":"9782738456939","title":"LE LITTORAL : Entre nature et politique","description":"En juillet 1995, Yvon Bonnot, d\u00e9put\u00e9-maire de Perros-Guirec, remettait un rapport au Premier ministre plaidant \"pour une politique globale et coh\u00e9rente du littoral en France\" et pour un int\u00e9r\u00eat accru des pouvoirs publics pour cet espace au sein d'une politique d'am\u00e9nagement du territoire. Il ne s'agit pas seulement d'un probl\u00e8me national, mais aussi d'un souci europ\u00e9en, sinon mondial. Un regard interdisciplinaire est pos\u00e9 ici sur la fa\u00e7ade atlantique de l'Union Europ\u00e9enne afin d'identifier les obstacles \u00e0 la pratique d'une gestion int\u00e9gr\u00e9e de ce milieu hybride tr\u00e8s convoit\u00e9.\r","authors":["Maryvonne Bodiguel"],"category_codes":["4000000","4010000","4010200","4010208"],"visuals":{"large":"https:\/\/images.epagine.fr\/939\/9782738456939_1_75.jpg","medium":"https:\/\/images.epagine.fr\/939\/9782738456939_1_m.jpg","thumbnail":"https:\/\/images.epagine.fr\/939\/9782738456939_1_v.jpg"},"orderable":true,"show_badge":true,"formatted_price":"22,50&nbsp;\u20ac","formatted_published_date":"3 mai 2000","publisher_availability_label":"Sur commande","short_details":"Maryvonne Bodiguel \u2014 \u00c9ditions L'Harmattan","translator":null,"weight":295,"page_count":234,"readership":null,"editor":"\u00c9ditions L'Harmattan","price":2250,"published_date":"2000-05-02T22:00:00.000000Z","support":"Grand format","publisher_availability":1,"stock":0,"editions":[],"url":"https:\/\/quaidesbrumes.com\/ouvrage\/9782738456939\/le-littoral-entre-nature-et-politique"},{"id":"9782758601272","title":"Trait\u00e9 pratique de la chasse \u00e0 tir, plaines et bois au XIX siecle","description":null,"authors":["Alphonse Labitte"],"category_codes":["4000000","4010000","4010500","4010502"],"visuals":{"large":"https:\/\/quaidesbrumes.com\/img\/book-placeholder.png","medium":"https:\/\/quaidesbrumes.com\/img\/book-placeholder.png","thumbnail":"https:\/\/quaidesbrumes.com\/img\/book-placeholder.png"},"orderable":true,"show_badge":true,"formatted_price":"20,28&nbsp;\u20ac","formatted_published_date":"29 novembre 2007","publisher_availability_label":"Sur commande","short_details":"Alphonse Labitte \u2014 Livre D'Histoire","translator":null,"weight":501,"page_count":null,"readership":null,"editor":"Livre D'Histoire","price":2028,"published_date":"2007-11-28T23:00:00.000000Z","support":"Grand format","publisher_availability":1,"stock":0,"editions":[],"url":"https:\/\/quaidesbrumes.com\/ouvrage\/9782758601272\/traite-pratique-de-la-chasse-a-tir-plaines-et-bois-au-xix-siecle"},{"id":"9782738457240","title":"L'environnement dans l'entreprise","description":null,"authors":["Eric Viardot"],"category_codes":["4000000","4010000","4010200","4010208"],"visuals":{"large":"https:\/\/images.epagine.fr\/240\/9782738457240_1_75.jpg","medium":"https:\/\/images.epagine.fr\/240\/9782738457240_1_m.jpg","thumbnail":"https:\/\/images.epagine.fr\/240\/9782738457240_1_v.jpg"},"orderable":true,"show_badge":true,"formatted_price":"19,00&nbsp;\u20ac","formatted_published_date":"3 mai 2000","publisher_availability_label":"Sur commande","short_details":"Eric Viardot \u2014 \u00c9ditions L'Harmattan","translator":null,"weight":294,"page_count":192,"readership":null,"editor":"\u00c9ditions L'Harmattan","price":1900,"published_date":"2000-05-02T22:00:00.000000Z","support":"Grand format","publisher_availability":1,"stock":0,"editions":[],"url":"https:\/\/quaidesbrumes.com\/ouvrage\/9782738457240\/lenvironnement-dans-lentreprise"},{"id":"9782738453587","title":"Dans les coulisses de Greenpeace","description":"Greenpeace vient de f\u00eater ses vingt-cinq ans. D'o\u00f9 vient cet organisme, qui l'a fond\u00e9, quelles sont ses ressources, comment travaille-t-il, quels sont ses objectifs ? A travers l'histoire de Greenpeace et de quelques-unes de ses campagnes, ce livre analyse les forces et les faiblesses de cette organisation internationale et \u00e9value sa strat\u00e9gie.","authors":["Philippe Lequenne"],"category_codes":["4000000","4010000","4010200","4010208"],"visuals":{"large":"https:\/\/images.epagine.fr\/587\/9782738453587_1_75.jpg","medium":"https:\/\/images.epagine.fr\/587\/9782738453587_1_m.jpg","thumbnail":"https:\/\/images.epagine.fr\/587\/9782738453587_1_v.jpg"},"orderable":true,"show_badge":true,"formatted_price":"22,50&nbsp;\u20ac","formatted_published_date":"26 mai 1997","publisher_availability_label":"Sur commande","short_details":"Philippe Lequenne \u2014 \u00c9ditions L'Harmattan","translator":null,"weight":348,"page_count":204,"readership":null,"editor":"\u00c9ditions L'Harmattan","price":2250,"published_date":"1997-05-25T22:00:00.000000Z","support":"Grand format","publisher_availability":1,"stock":0,"editions":[],"url":"https:\/\/quaidesbrumes.com\/ouvrage\/9782738453587\/dans-les-coulisses-de-greenpeace"},{"id":"9782854807370","title":"Je p\u00eache comme Papa ; mes premiers pas au bord de l'eau","description":"Auteur de plusieurs ouvrages sur la p\u00eache, r\u00e9dacteur dans la presse halieutique nationale, intervenant \u00e0 la radio, \u00e0 la t\u00e9l\u00e9vision sur des \u00e9missions de p\u00eache.\r\nPlus de 55 ans de p\u00eache \u00e0 travers les quatre coins de l'Europe et en France. C'est cette connaissance et cette exp\u00e9rience qu'il essaye de nous faire partager. Il a form\u00e9 de nombreux adeptes de sa passion. Ses qualit\u00e9s de p\u00e9dagogue ont fait de lui l'un des auteurs halieutiques des plus qualifi\u00e9s. D\u00e9butant, jeune p\u00eacheur ou \" vieilles mains \" chacun y trouvera son content. C'est le papy que r\u00eaveraient d'avoir les enfants.\r\nAvec lui, vous d\u00e9couvrirez les gestes rudimentaires pour bien apprendre. C'est le ma\u00eetre mot de ma\u00eetre p\u00eacheur, et la modestie de l'auteur n'a d'\u00e9gal que l'immensit\u00e9 de ses connaissances tant th\u00e9oriques que pratiques.\r","authors":["Yvon Carbonne"],"category_codes":["4000000","4010000","4010500","4010502"],"visuals":{"large":"https:\/\/images.epagine.fr\/370\/9782854807370_1_75.jpg","medium":"https:\/\/images.epagine.fr\/370\/9782854807370_1_m.jpg","thumbnail":"https:\/\/images.epagine.fr\/370\/9782854807370_1_v.jpg"},"orderable":true,"show_badge":true,"formatted_price":"10,37&nbsp;\u20ac","formatted_published_date":"28 juillet 1998","publisher_availability_label":"Sur commande","short_details":"Yvon Carbonne \u2014 Charles Corlet","translator":null,"weight":0,"page_count":null,"readership":null,"editor":"Charles Corlet","price":1037,"published_date":"1998-07-27T22:00:00.000000Z","support":"Grand format","publisher_availability":1,"stock":0,"editions":[],"url":"https:\/\/quaidesbrumes.com\/ouvrage\/9782854807370\/je-peche-comme-papa-mes-premiers-pas-au-bord-de-leau"}]}