{"data":[{"id":"9782746715097","title":"Chez moi, j'\u00e9conomise l'\u00e9nergie","description":"Comment faire les bons choix \u00e9nerg\u00e9tiques pour son \" chez-soi \"et r\u00e9aliser des \u00e9conomies d'\u00e9nergie ? Hier encore, les choix \u00e9taient simples \u00e0 g\u00e9rer : les \u00e9nergies dont nous disposions \u00e9taient celles dites fossiles ou traditionnelles (gaz naturel, GPL, fioul domestique, charbon, \u00e9lectricit\u00e9).\r\nAujourd'hui, face \u00e0 une p\u00e9nurie croissante des ressources et face aux signes de d\u00e9r\u00e8glement climatique d\u00fb aux \u00e9missions de gaz \u00e0 effet de serre, nous devons d\u00e9sormais adopter un nouveau comportement afin d'\u00e9conomiser l'\u00e9nergie et int\u00e9grer les \u00e9nergies renouvelables. Mais la profusion de ces solutions transforme souvent l'heure des choix en un v\u00e9ritable casse-t\u00eate. Comment coupler \u00e9nergies traditionnelles et \u00e9nergies renouvelables ? Comment minimiser les risques d'erreur ? \u00c0 quel professionnel s'adresser ? Comment s'y retrouver dans les certifications ? Quels cr\u00e9dits d'imp\u00f4t ou aides financi\u00e8res obtenir pour \" \u00e9cor\u00e9nover \" son habitat ? Ce guide, tr\u00e8s accessible, illustr\u00e9 de sch\u00e9mas synth\u00e9tiques, r\u00e9pondra \u00e0 vos interrogations et vous mettra sur la voie de l'\" \u00e9cocitoyennet\u00e9\".","authors":["Christelle Spiry"],"category_codes":["4000000","4010000","4010200","4010203"],"visuals":{"large":"https:\/\/images.epagine.fr\/097\/9782746715097_1_75.jpg","medium":"https:\/\/images.epagine.fr\/097\/9782746715097_1_m.jpg","thumbnail":"https:\/\/images.epagine.fr\/097\/9782746715097_1_v.jpg"},"orderable":true,"show_badge":true,"formatted_price":"10,20&nbsp;\u20ac","formatted_published_date":"8 janvier 2011","publisher_availability_label":"Sur commande","short_details":"Christelle Spiry \u2014 Autrement","translator":null,"weight":212,"page_count":138,"readership":null,"editor":"Autrement","price":1020,"published_date":"2011-01-07T23:00:00.000000Z","support":"Grand format","publisher_availability":1,"stock":0,"editions":[],"url":"https:\/\/quaidesbrumes.com\/ouvrage\/9782746715097\/chez-moi-jeconomise-lenergie"},{"id":"9782876146167","title":"Tropix 6.0 ; caract\u00e9ristiques technologiques de 245 essences tropicales et temp\u00e9r\u00e9es","description":null,"authors":["Collectif"],"category_codes":["4000000","4010000","4010400"],"visuals":{"large":"https:\/\/images.epagine.fr\/167\/9782876146167_1_75.jpg","medium":"https:\/\/images.epagine.fr\/167\/9782876146167_1_m.jpg","thumbnail":"https:\/\/images.epagine.fr\/167\/9782876146167_1_v.jpg"},"orderable":true,"show_badge":true,"formatted_price":"142,50&nbsp;\u20ac","formatted_published_date":"30 octobre 2008","publisher_availability_label":"Sur commande","short_details":"Collectif \u2014 Cirad","translator":null,"weight":0,"page_count":null,"readership":null,"editor":"Cirad","price":14250,"published_date":"2008-10-29T23:00:00.000000Z","support":"Grand format","publisher_availability":1,"stock":0,"editions":[],"url":"https:\/\/quaidesbrumes.com\/ouvrage\/9782876146167\/tropix-60-caracteristiques-technologiques-de-245-essences-tropicales-et-temperees"},{"id":"9782914817479","title":"Atlas de la flore sauvage du d\u00e9partement du Val-de-Marne","description":"R\u00e9sultat de nombreuses ann\u00e9es de prospection, cet ouvrage inventorie plus de 1200 esp\u00e8ces. Il dresse un \u00e9tat z\u00e9ro de la flore et permettra d'en suivre, ult\u00e9rieurement l'\u00e9volution. D\u00e9partement en majorit\u00e9 urbain, le Val de Marne poss\u00e8de encore, par l'interm\u00e9diaire de son Arc bois\u00e9 et de ses vall\u00e9es une belle diversit\u00e9 floristique. Cette richesse s'appuie en particulier sur son r\u00e9seau hydrographique et les nombreuses zones humides qui bordent la Marne ou la Seine. Du plateau de Nogent \u00e0 la vall\u00e9e du R\u00e9veillon, en passant par les boucles de la Marne et la vall\u00e9e de la Bi\u00e8vre, l'ouvrage cartographie l'ensemble des esp\u00e8ces et en dresse les monographies. Le statut complet (esp\u00e8ces \u00e0 enjeux, prot\u00e9g\u00e9es ou menac\u00e9es) ainsi que l'origine des esp\u00e8ces (indig\u00e8nes, naturalis\u00e9es) sont pr\u00e9cis\u00e9s. L'Atlas s'attarde \u00e9galement sur les diff\u00e9rents facteurs influen\u00e7ant la r\u00e9partition de la flore g\u00e9ologie, climat, activit\u00e9s humaines... La derni\u00e8re partie d\u00e9taille les principaux espaces naturels du d\u00e9partement ainsi que leurs centres d'int\u00e9r\u00eats floristiques. Une mise en page claire et soign\u00e9e, un vocabulaire accessible, une illustration tr\u00e8s abondante, rendent l'ouvrage pr\u00e9cieux pour toute personne d\u00e9sirant approfondir son savoir sur la flore du d\u00e9partement. Il est un outil de connaissance indispensable pour les gestionnaires du patrimoine naturel et l'ensemble des collectivit\u00e9s locales dans leur politique environnementale.","authors":["Perriat\/Filoche"],"category_codes":["4000000","4010000"],"visuals":{"large":"https:\/\/images.epagine.fr\/479\/9782914817479_1_75.jpg","medium":"https:\/\/images.epagine.fr\/479\/9782914817479_1_m.jpg","thumbnail":"https:\/\/images.epagine.fr\/479\/9782914817479_1_v.jpg"},"orderable":true,"show_badge":true,"formatted_price":"30,00&nbsp;\u20ac","formatted_published_date":"17 avril 2010","publisher_availability_label":"Sur commande","short_details":"Perriat\/Filoche \u2014 BIOTOPE","translator":null,"weight":2228,"page_count":null,"readership":null,"editor":"BIOTOPE","price":3000,"published_date":"2010-04-16T22:00:00.000000Z","support":"Grand format","publisher_availability":1,"stock":0,"editions":[],"url":"https:\/\/quaidesbrumes.com\/ouvrage\/9782914817479\/atlas-de-la-flore-sauvage-du-departement-du-val-de-marne"},{"id":"9782841496600","title":"Nouvelle flore des champignons","description":null,"authors":["Constantin"],"category_codes":["4000000","4010000","4010400","4010403"],"visuals":{"large":"https:\/\/quaidesbrumes.com\/img\/book-placeholder.png","medium":"https:\/\/quaidesbrumes.com\/img\/book-placeholder.png","thumbnail":"https:\/\/quaidesbrumes.com\/img\/book-placeholder.png"},"orderable":true,"show_badge":true,"formatted_price":"21,34&nbsp;\u20ac","formatted_published_date":"8 mars 2003","publisher_availability_label":"Sur commande","short_details":"Constantin \u2014 Lacour-Olle","translator":null,"weight":0,"page_count":null,"readership":null,"editor":"Lacour-Olle","price":2134,"published_date":"2003-03-07T23:00:00.000000Z","support":"Grand format","publisher_availability":1,"stock":0,"editions":[],"url":"https:\/\/quaidesbrumes.com\/ouvrage\/9782841496600\/nouvelle-flore-des-champignons"},{"id":"9782844168931","title":"Guide du monteur de mouches en mer","description":"Pour tous les passionn\u00e9s de p\u00eache en mer \u00e0 la mouche Vous trouverez les techniques de base de p\u00eache \u00e0 la mouche en mer et le mat\u00e9riel \u00e0 employer pour chaque type de poissons.\r\n\r\n- Plus de 200 mod\u00e8les de mouches pour la p\u00eache en mer pr\u00e9sent\u00e9s par fiche.\r\n\r\n- Pour chaque mouche : la liste des mat\u00e9riaux, toutes les \u00e9tapes de montage illustr\u00e9es d'un croquis et expliqu\u00e9es pas \u00e0 pas, ainsi qu'une photo du mod\u00e8le termin\u00e9.\r\n\r\n- Unique : de nombreux mod\u00e8les pour la p\u00eache des gros poissons des mers chaudes (tarpon, bonefish, permit et barracuda).\r\n\r\n- Une pr\u00e9sentation illustr\u00e9e des mat\u00e9riaux indispensables, des hame\u00e7ons et des lestages.","authors":["Albin Dallest","Henri Testanier"],"category_codes":["4000000","4010000","4010500","4010502"],"visuals":{"large":"https:\/\/images.epagine.fr\/931\/9782844168931_1_75.jpg","medium":"https:\/\/images.epagine.fr\/931\/9782844168931_1_m.jpg","thumbnail":"https:\/\/images.epagine.fr\/931\/9782844168931_1_v.jpg"},"orderable":true,"show_badge":true,"formatted_price":"39,90&nbsp;\u20ac","formatted_published_date":"2 f\u00e9vrier 2011","publisher_availability_label":"Sur commande","short_details":"Albin Dallest, Henri Testanier \u2014 \u00c9ditions Art\u00e9mis","translator":null,"weight":875,"page_count":285,"readership":null,"editor":"\u00c9ditions Art\u00e9mis","price":3990,"published_date":"2011-02-01T23:00:00.000000Z","support":"Grand format","publisher_availability":1,"stock":0,"editions":[],"url":"https:\/\/quaidesbrumes.com\/ouvrage\/9782844168931\/guide-du-monteur-de-mouches-en-mer"},{"id":"9782917790014","title":"Tout savoir sur les ch\u00e2taignes et ch\u00e2taigniers dans les Alpes-Maritimes","description":"Cet ouvrage est tr\u00e8s complet. Nous traitons apr\u00e8s un bref historique, les origines du nom du ch\u00e2taignier, ses maladies, la conservation des ch\u00e2taignes et ses utilisations, et l'importance de la ch\u00e2taigneraie dans le paysage ainsi que sa r\u00e9partition.\r\nTour d'horizon des vall\u00e9es des Alpes-Maritimes Puis nous d\u00e9taillons vall\u00e9e par vall\u00e9e les sp\u00e9cificit\u00e9s des ch\u00e2taignes et des ch\u00e2taigneraies pour les vall\u00e9es du Var, Tin\u00e9e, V\u00e9subie, Paillon, B\u00e9v\u00e9ra et Roya. \r\nDes suggestions culinaires  Au total neuf recettes sont propos\u00e9es, deux recettes tr\u00e8s simples (ch\u00e2taignes bouillies et pur\u00e9e de ch\u00e2taignes) six recettes \u00e9labor\u00e9es (dont la mousse \u00e0 la ch\u00e2taigne et les falculelles Corse) et une recette gastronomique (les raviolis \u00e0 la ch\u00e2taigne) la recette de Marie-Madeleine Issautier qui a re\u00e7u le 1er prix  des recettes sal\u00e9es au concours de cuisine d'Isola en novembre 2007.\r\nDe nombreuses illustrations A c\u00f4t\u00e9 de plus de 70 photos de C\u00e9line Bianchi, ch\u00e2taigniers, bogues, troncs, feuilles, villages cit\u00e9s, vous trouverez 13 aquarelles originales de Nicole Alunni, reproduisant des sc\u00e8nes de la vie d'antan, des outils, et illustrant les recettes de cuisine. Plus des photos fournies par l'Association Fonci\u00e8re Agricole (AFA) de la Ch\u00e2taigneraie du Pays de la Tin\u00e9e.\r\nDes t\u00e9moignages d'anciens Nicola a retranscrit les propos d'habitants du hameau de Granile (vall\u00e9e de Roya) Rina et Lino, ainsi que ceux du hameau de La Blache non loin d'Isola (vall\u00e9e de la Tin\u00e9e)","authors":["Nicole Alunni","C\u00e9line Bianchi"],"category_codes":["4000000","4010000","4010400","4010406"],"visuals":{"large":"https:\/\/images.epagine.fr\/014\/9782917790014_1_75.jpg","medium":"https:\/\/images.epagine.fr\/014\/9782917790014_1_m.jpg","thumbnail":"https:\/\/images.epagine.fr\/014\/9782917790014_1_v.jpg"},"orderable":true,"show_badge":true,"formatted_price":"9,00&nbsp;\u20ac","formatted_published_date":"8 octobre 2008","publisher_availability_label":"Sur commande","short_details":"Nicole Alunni, C\u00e9line Bianchi \u2014 Baie Des Anges","translator":null,"weight":140,"page_count":64,"readership":"Tout public","editor":"Baie Des Anges","price":900,"published_date":"2008-10-07T22:00:00.000000Z","support":"Grand format","publisher_availability":1,"stock":0,"editions":[],"url":"https:\/\/quaidesbrumes.com\/ouvrage\/9782917790014\/tout-savoir-sur-les-chataignes-et-chataigniers-dans-les-alpes-maritimes"},{"id":"9783838140377","title":"Les tortues marines du Cameroun et les milieux c\u00f4tiers","description":"Les plages et les berges constituent le lieu de vie de nombreuses esp\u00e8ces v\u00e9g\u00e9tales et animales, et le site unique de reproduction des tortues marines. L'utilisation de ces zones par les populations riveraines et par les op\u00e9rateurs \u00e9conomiques n'est pas souvent rationalis\u00e9e et conduit \u00e0 une urbanisation anarchique au Cameroun Les tortues marines vivant sur ces c\u00f4tes sont victimes des activit\u00e9s des populations, d\u00e9truisant les nids et ramassant les oeufs pour la consommation. Ces animaux sont captur\u00e9s soit sur les plages de ponte, soit au filet de p\u00eache ; leur viande est consomm\u00e9e et les carapaces sont vendues aux touristes. Ainsi cinq esp\u00e8ces de tortues marines fr\u00e9quentent les c\u00f4tes de l'UTO Campo-Ma'an, mais seules deux esp\u00e8ces (Lepidochelys olivacea et Dermochelys coriacea) pondent sur certaines de ses plages, trois vivent en milieu marin (Chelonia mydas, Eretmochelys imbricata,et Caretta caretta) et ne semblent pas pondre sur les c\u00f4tes du site d'\u00e9tude. Les 150 esp\u00e8ces v\u00e9g\u00e9tales identifi\u00e9es sont menac\u00e9es d'extinction. Les plages de l'UTO Campo-Ma'an sont sujettes \u00e0 des pollution. Ce travail est destin\u00e9 aux \u00e9cologistes, am\u00e9nagistes et aux universit\u00e9s.","authors":["Hyacinthe Angoni"],"category_codes":["4000000","4010000","4010200","4010204"],"visuals":{"large":"https:\/\/images.epagine.fr\/377\/9783838140377_1_75.jpg","medium":"https:\/\/images.epagine.fr\/377\/9783838140377_1_m.jpg","thumbnail":"https:\/\/images.epagine.fr\/377\/9783838140377_1_v.jpg"},"orderable":true,"show_badge":true,"formatted_price":"38,90&nbsp;\u20ac","formatted_published_date":"25 avril 2014","publisher_availability_label":"Sur commande","short_details":"Hyacinthe Angoni \u2014 Presses Academiques Francophones","translator":null,"weight":182,"page_count":116,"readership":null,"editor":"Presses Academiques Francophones","price":3890,"published_date":"2014-04-24T22:00:00.000000Z","support":"Grand format","publisher_availability":1,"stock":0,"editions":[],"url":"https:\/\/quaidesbrumes.com\/ouvrage\/9783838140377\/les-tortues-marines-du-cameroun-et-les-milieux-cotiers"},{"id":"9782951829367","title":"Le jardin merveilleux du dr michel - l'intimite du minuscule","description":null,"authors":["& M Michel R"],"category_codes":["4000000","4010000","4010300"],"visuals":{"large":"https:\/\/quaidesbrumes.com\/img\/book-placeholder.png","medium":"https:\/\/quaidesbrumes.com\/img\/book-placeholder.png","thumbnail":"https:\/\/quaidesbrumes.com\/img\/book-placeholder.png"},"orderable":true,"show_badge":true,"formatted_price":"20,00&nbsp;\u20ac","formatted_published_date":"1er juin 2003","publisher_availability_label":"Sur commande","short_details":"& M Michel R \u2014 Montmarie","translator":null,"weight":1005,"page_count":null,"readership":null,"editor":"Montmarie","price":2000,"published_date":"2003-05-31T22:00:00.000000Z","support":"Grand format","publisher_availability":1,"stock":0,"editions":[],"url":"https:\/\/quaidesbrumes.com\/ouvrage\/9782951829367\/le-jardin-merveilleux-du-dr-michel-lintimite-du-minuscule"},{"id":"9782915493658","title":"Geologie des terrains houillers","description":null,"authors":["Lestournelle Raymond"],"category_codes":["4000000","4010000","4010300","4010306"],"visuals":{"large":"https:\/\/quaidesbrumes.com\/img\/book-placeholder.png","medium":"https:\/\/quaidesbrumes.com\/img\/book-placeholder.png","thumbnail":"https:\/\/quaidesbrumes.com\/img\/book-placeholder.png"},"orderable":true,"show_badge":true,"formatted_price":"15,00&nbsp;\u20ac","formatted_published_date":"1er juillet 2008","publisher_availability_label":"Sur commande","short_details":"Lestournelle Raymond \u2014 Fournel","translator":null,"weight":230,"page_count":null,"readership":null,"editor":"Fournel","price":1500,"published_date":"2008-06-30T22:00:00.000000Z","support":"Grand format","publisher_availability":1,"stock":0,"editions":[],"url":"https:\/\/quaidesbrumes.com\/ouvrage\/9782915493658\/geologie-des-terrains-houillers"},{"id":"9782915493740","title":"Les Alpes, libres et sauvages","description":"Plus de trente ann\u00e9es de vagabondages n'ont pas r\u00e9ussi \u00e0 \u00e9tancher le d\u00e9sir et la passion pour ces espaces montagnards o\u00f9 la nature r\u00e8gne, parfois encore, en ma\u00eetresse absolue.\r\n La vie sauvage m'y entra\u00eene myst\u00e9rieusement et rien ne saurait m'emp\u00eacher de c\u00e9der \u00e0 cet \u00e9lan irr\u00e9sistible. l\u00e0-haut, chaque saison, chaque jour, chaque heure poss\u00e8de une lumi\u00e8re particuli\u00e8re et toujours diff\u00e9rente. le moindre insecte, la plus humble des fleurs, l'animal le plus discret sont par\u00e9s d'une aura de beaut\u00e9 fantastique que leur conf\u00e8rent des mill\u00e9naires d'histoire et d'adaptations aux conditions les plus extr\u00eames.\r\n Comment ne pas \u00eatre \u00e9tonn\u00e9, \u00e9merveill\u00e9, par cette r\u00e9sistance, cette soif de vivre malgr\u00e9 tout ? \u00e0 une \u00e9poque o\u00f9 l'homme croit avoir besoin, pour exister, de s'entourer de biens, de confort et de luxe sans cesse croissants, c'est encore la nature qui lui donne une le\u00e7on. j'ai consacr\u00e9 tous mes loisirs \u00e0 observer et photographier le peuple des montagnes, de mani\u00e8re presque obsessionnelle tant j'avais le sentiment de fixer sur la pellicule des paysages et des \u00eatres vivants condamn\u00e9s \u00e0 dispara\u00eetre.\r\n Je livre aux lecteurs les plus belles de ces images, comme un t\u00e9moignage de ce que nous risquons de perdre... et je les d\u00e9die \u00e0 tous les amoureux de la nature qui se battent pour une montagne libre et sauvage, enfin respect\u00e9e.","authors":["Philippe Mulatier"],"category_codes":["4000000","4010000"],"visuals":{"large":"https:\/\/images.epagine.fr\/740\/9782915493740_1_75.jpg","medium":"https:\/\/images.epagine.fr\/740\/9782915493740_1_m.jpg","thumbnail":"https:\/\/images.epagine.fr\/740\/9782915493740_1_v.jpg"},"orderable":true,"show_badge":true,"formatted_price":"29,00&nbsp;\u20ac","formatted_published_date":"9 juin 2008","publisher_availability_label":"Sur commande","short_details":"Philippe Mulatier \u2014 Fournel","translator":null,"weight":1070,"page_count":null,"readership":"Tout public","editor":"Fournel","price":2900,"published_date":"2008-06-08T22:00:00.000000Z","support":"Grand format","publisher_availability":1,"stock":0,"editions":[],"url":"https:\/\/quaidesbrumes.com\/ouvrage\/9782915493740\/les-alpes-libres-et-sauvages"},{"id":"9782824914619","title":"Essai sur la m\u00e9tamorphose des plantes","description":"L'Essai sur la m\u00e9tamorphose des plantes\" est un trait\u00e9 naturaliste qui tente de d\u00e9montrer l'unit\u00e9 de la mati\u00e8re, d'en r\u00e9v\u00e9ler l'origine \u00e0 la suite de mutations continues, et de prouver que la vari\u00e9t\u00e9 des esp\u00e8ces v\u00e9g\u00e9tales d\u00e9coule d'une structure originelle tr\u00e8s simple. En cent vingt-trois paragraphes group\u00e9s en dix-huit chapitres pr\u00e9c\u00e9d\u00e9s d'une introduction, Goethe explique l'\u00e9volution de la vie organique des plantes, analysant notamment leur processus de reproduction \u00e0 travers la croissance, le bourgeonnement et la floraison. C'est pendant son voyage en Italie de 1786 qu'il commence \u00e0 pr\u00e9ciser ses id\u00e9es sur le sujet. Le futur auteur des \"Affinit\u00e9s \u00e9lectives\" poursuivait alors l'id\u00e9e utopique d'une \"plante originelle type\", id\u00e9e qui lui \u00e9tait venue dans le Jardin botanique de Padoue et qu'il crut voir r\u00e9alis\u00e9e devant ses yeux en Sicile en 1787. A partir de ces pr\u00e9misses, il arrive \u00e0 la d\u00e9couverte et \u00e0 la notion d'\"organe primaire\". Sa conception est \u00e0 l'\u00e9poque absolument nouvelle: il rompt avec toutes les th\u00e9ories scientifiques du XVIIIe si\u00e8cle suivant lesquelles la plante est tout enti\u00e8re contenue dans le germe. Son intuition est aujourd'hui confirm\u00e9e par les recherches scientifiques sur les g\u00e8nes hom\u00e9otiques des plantes.","authors":["Johann Wolfgang von Goethe"],"category_codes":["4000000","4010000","4010300"],"visuals":{"large":"https:\/\/images.epagine.fr\/619\/9782824914619_1_75.jpg","medium":"https:\/\/images.epagine.fr\/619\/9782824914619_1_m.jpg","thumbnail":"https:\/\/images.epagine.fr\/619\/9782824914619_1_v.jpg"},"orderable":true,"show_badge":true,"formatted_price":"13,00&nbsp;\u20ac","formatted_published_date":"25 f\u00e9vrier 2023","publisher_availability_label":"Sur commande","short_details":"Johann Wolfgang von Goethe \u2014 La Republique Des Lettres","translator":null,"weight":145,"page_count":128,"readership":null,"editor":"La Republique Des Lettres","price":1300,"published_date":"2023-02-24T23:00:00.000000Z","support":"Grand format","publisher_availability":1,"stock":0,"editions":[],"url":"https:\/\/quaidesbrumes.com\/ouvrage\/9782824914619\/essai-sur-la-metamorphose-des-plantes"},{"id":"9781858944869","title":"DREAM GARDENS : 100 INSPIRATIONAL GARDENS","description":"100 Inspirational Gardens. Now in paperback, this volume presents an array of wonderful locations and garden-design ideas, from small, sophisticated, minimalist city gardens to large, richly planted gardens in breathtaking rural locations. Each garden is photographed to show all its key features and essential details, while concise descriptions explore the aims and achievements of some of today's most influential garden designers. A valuable source of information and inspiration.","authors":["Tania Compton","Andrew Lawson"],"category_codes":["4000000","4010000","4010300"],"visuals":{"large":"https:\/\/images.epagine.fr\/869\/9781858944869_1_75.jpg","medium":"https:\/\/images.epagine.fr\/869\/9781858944869_1_m.jpg","thumbnail":"https:\/\/images.epagine.fr\/869\/9781858944869_1_v.jpg"},"orderable":true,"show_badge":true,"formatted_price":"27,90&nbsp;\u20ac","formatted_published_date":"12 mars 2009","publisher_availability_label":"Sur commande","short_details":"Tania Compton, Andrew Lawson \u2014 Merrell Publishers Limited","translator":null,"weight":1634,"page_count":null,"readership":null,"editor":"Merrell Publishers Limited","price":2790,"published_date":"2009-03-11T23:00:00.000000Z","support":"Grand format","publisher_availability":1,"stock":0,"editions":[],"url":"https:\/\/quaidesbrumes.com\/ouvrage\/9781858944869\/dream-gardens-100-inspirational-gardens"},{"id":"9782849260159","title":"Orchid\u00e9es en presqu'\u00eele de Crozon","description":"\u00c0 la d\u00e9couverte des orchid\u00e9es en Presqu'\u00eele de Crozon.\r\n\r\nPour Paule et Andr\u00e9 Ragot, les orchid\u00e9es, c'est une passion. Pas un coin de verdure qui ne les ai vus, munis d'un petit carnet solide, arpentant depuis huit ans le moindre recoin de la Presqu'\u00eele \u00e0 la recherche d'une nouvelle esp\u00e8ce. Chaque pied est reconnu, compt\u00e9, rep\u00e9r\u00e9 sur un croquis des lieux, report\u00e9 sur une carte. Un travail de fourmi, ann\u00e9e apr\u00e8s ann\u00e9e, recherch\u00e9 par les scientifiques, et concr\u00e9tis\u00e9 par ce livre qui recense toutes les esp\u00e8ces presqu'\u00eeliennes. Promeneurs, amateurs ou professionnels trouveront chacun dans cet ouvrage ce qu'ils recherchent sur ces fleurs mythiques : la beaut\u00e9, la puret\u00e9, l'incroyable vari\u00e9t\u00e9 et la sophistication des fleurs si habiles \u00e0 imiter les insectes pollinisateurs, la localisation et les caract\u00e9ristiques de chacune des vingt-trois esp\u00e8ces presqu'\u00eeliennes.\r\n\r\n\r\nD\u00e9couvrez \u00e9galement la Presqu'\u00eele de Crozon gr\u00e2ce \u00e0 une s\u00e9rie de livres des \u00c9ditions Buissonni\u00e8res : Guide du patrimone b\u00e2ti en Presqu'\u00eele de Crozon, Guide des forts et Orchid\u00e9es en Presqu'\u00eele de Crozon.","authors":["Andr\u00e9 Ragot","Paule Ragot"],"category_codes":["4000000","4010000","4010400","4010405"],"visuals":{"large":"https:\/\/images.epagine.fr\/159\/9782849260159_1_75.jpg","medium":"https:\/\/images.epagine.fr\/159\/9782849260159_1_m.jpg","thumbnail":"https:\/\/images.epagine.fr\/159\/9782849260159_1_v.jpg"},"orderable":true,"show_badge":true,"formatted_price":"10,14&nbsp;\u20ac","formatted_published_date":"10 d\u00e9cembre 2004","publisher_availability_label":"Sur commande","short_details":"Andr\u00e9 Ragot, Paule Ragot \u2014 Buissonnieres","translator":null,"weight":90,"page_count":64,"readership":null,"editor":"Buissonnieres","price":1014,"published_date":"2004-12-09T23:00:00.000000Z","support":"Grand format","publisher_availability":1,"stock":0,"editions":[],"url":"https:\/\/quaidesbrumes.com\/ouvrage\/9782849260159\/orchidees-en-presquile-de-crozon"},{"id":"9782140332265","title":"Dix ann\u00e9es d'afforestation mondiale : une initiative \u00e9cologique de Denis Sassou N'Guesso","description":"Cet ouvrage, qui se destine principalement aux gouvernants politiques, aux d\u00e9cideurs, aux acteurs institutionnels et aux leaders du monde entier, se veut constituer un apport substantiel \u00e0 la lutte mondiale contre le d\u00e9r\u00e8glement ou le r\u00e9chauffement climatique, qui constituent une menace susceptible de priver l'humanit\u00e9 d'un avenir radieux. L'auteur, convaincu et s\u00e9duit par le combat \u00e9cologique du Pr\u00e9sident de la R\u00e9publique du Congo, s'est investi pour relayer, voire expliquer, la quintessence, la port\u00e9e, la valeur et les contours ainsi que les d\u00e9tails de la proposition relative \u00e0 l'afforestation de Denis Sassou N'Guesso, \u00e9colo-combattant, pour juguler les multiples cons\u00e9quences catastrophiques du r\u00e9chauffement climatique.","authors":["Michel Innocent Peya"],"category_codes":["4000000","4010000","4010200","4010204"],"visuals":{"large":"https:\/\/images.epagine.fr\/265\/9782140332265_1_75.jpg","medium":"https:\/\/images.epagine.fr\/265\/9782140332265_1_m.jpg","thumbnail":"https:\/\/images.epagine.fr\/265\/9782140332265_1_v.jpg"},"orderable":true,"show_badge":true,"formatted_price":"25,00&nbsp;\u20ac","formatted_published_date":"1er f\u00e9vrier 2023","publisher_availability_label":"Sur commande","short_details":"Michel Innocent Peya \u2014 \u00c9ditions L'Harmattan","translator":null,"weight":304,"page_count":246,"readership":null,"editor":"\u00c9ditions L'Harmattan","price":2500,"published_date":"2023-01-31T23:00:00.000000Z","support":"Grand format","publisher_availability":1,"stock":0,"editions":[],"url":"https:\/\/quaidesbrumes.com\/ouvrage\/9782140332265\/dix-annees-dafforestation-mondiale-une-initiative-ecologique-de-denis-sassou-nguesso"},{"id":"9789020977707","title":"Invitations Tome 2","description":"Sept ans apr\u00e8s la sortie d' \" Invitations \", Dani\u00ebl Ost, illustre d\u00e9corateur floral de Saint-Nicolas, publie \" Invitations II \", un nouvel album-photos arborant de somptueuses cr\u00e9ations florales et v\u00e9g\u00e9tales, con\u00e7ues et r\u00e9alis\u00e9es par ses soins aux quatre coins du globe. Bouquets stup\u00e9fiants, d\u00e9corations de table festive ou monumentales compositions ornant b\u00e2timents et salles de r\u00e9ception","authors":["Daniel Ost"],"category_codes":["4000000","4010000","4010400"],"visuals":{"large":"https:\/\/images.epagine.fr\/707\/9789020977707_1_75.jpg","medium":"https:\/\/images.epagine.fr\/707\/9789020977707_1_m.jpg","thumbnail":"https:\/\/images.epagine.fr\/707\/9789020977707_1_v.jpg"},"orderable":true,"show_badge":true,"formatted_price":"100,00&nbsp;\u20ac","formatted_published_date":"18 novembre 2010","publisher_availability_label":"Sur commande","short_details":"Daniel Ost \u2014 Lannoo","translator":null,"weight":2394,"page_count":187,"readership":null,"editor":"Lannoo","price":10000,"published_date":"2010-11-17T23:00:00.000000Z","support":"Grand format","publisher_availability":1,"stock":0,"editions":[],"url":"https:\/\/quaidesbrumes.com\/ouvrage\/9789020977707\/invitations-tome-2"},{"id":"9782914240260","title":"Petit vocabulaire de la for\u00eat landaise","description":null,"authors":["B\u00e9n\u00e9dicte F\u00e9ni\u00e9","Jean-jacques F\u00e9ni\u00e9"],"category_codes":["4000000","4010000","4010400","4010402"],"visuals":{"large":"https:\/\/images.epagine.fr\/260\/9782914240260_1_75.jpg","medium":"https:\/\/images.epagine.fr\/260\/9782914240260_1_m.jpg","thumbnail":"https:\/\/images.epagine.fr\/260\/9782914240260_1_v.jpg"},"orderable":true,"show_badge":true,"formatted_price":"7,00&nbsp;\u20ac","formatted_published_date":"23 septembre 2004","publisher_availability_label":"Sur commande","short_details":"B\u00e9n\u00e9dicte F\u00e9ni\u00e9, Jean-jacques F\u00e9ni\u00e9 \u2014 Confluences","translator":null,"weight":200,"page_count":null,"readership":null,"editor":"Confluences","price":700,"published_date":"2004-09-22T22:00:00.000000Z","support":"Grand format","publisher_availability":1,"stock":0,"editions":[],"url":"https:\/\/quaidesbrumes.com\/ouvrage\/9782914240260\/petit-vocabulaire-de-la-foret-landaise"},{"id":"9782911272837","title":"Au milieu des loups","description":null,"authors":["Voiculescu Vasile"],"category_codes":["4000000","4010000","4010300"],"visuals":{"large":"https:\/\/images.epagine.fr\/837\/9782911272837_1_75.jpg","medium":"https:\/\/images.epagine.fr\/837\/9782911272837_1_m.jpg","thumbnail":"https:\/\/images.epagine.fr\/837\/9782911272837_1_v.jpg"},"orderable":true,"show_badge":true,"formatted_price":"14,00&nbsp;\u20ac","formatted_published_date":"16 mars 2006","publisher_availability_label":"Sur commande","short_details":"Voiculescu Vasile \u2014 Hesse","translator":null,"weight":185,"page_count":null,"readership":null,"editor":"Hesse","price":1400,"published_date":"2006-03-15T23:00:00.000000Z","support":"Grand format","publisher_availability":1,"stock":0,"editions":[],"url":"https:\/\/quaidesbrumes.com\/ouvrage\/9782911272837\/au-milieu-des-loups"},{"id":"9782747501149","title":"QUELLES FOR\u00caTS POUR DEMAIN ? : El\u00e9ments de strat\u00e9gie pour une approche r\u00e9nov\u00e9e du d\u00e9veloppement durable","description":"Autant la notion de d\u00e9veloppement durable est une invit\u00e9e oblig\u00e9e de tous les discours et d\u00e9bats internationaux relatifs \u00e0 l'environnement, autant cette notion est mal partag\u00e9e dans sa signification et sa port\u00e9e op\u00e9rationnelle. Partant de ce constat de la diversit\u00e9 des repr\u00e9sentations et attentes des parties concern\u00e9es par les for\u00eats, les auteurs \u00e9clairent la crise de r\u00e9f\u00e9rence du monde forestier. Qu'est-ce que bien g\u00e9rer la for\u00eat ? Qui est l\u00e9gitime dans ce d\u00e9bat ?","authors":["Pierre Boudinot","Herv\u00e9 Br\u00e9dif"],"category_codes":["4000000","4010000","4010200","4010208"],"visuals":{"large":"https:\/\/images.epagine.fr\/149\/9782747501149_1_75.jpg","medium":"https:\/\/images.epagine.fr\/149\/9782747501149_1_m.jpg","thumbnail":"https:\/\/images.epagine.fr\/149\/9782747501149_1_v.jpg"},"orderable":true,"show_badge":true,"formatted_price":"26,00&nbsp;\u20ac","formatted_published_date":"1er janvier 2000","publisher_availability_label":"Sur commande","short_details":"Pierre Boudinot, Herv\u00e9 Br\u00e9dif \u2014 \u00c9ditions L'Harmattan","translator":null,"weight":322,"page_count":250,"readership":null,"editor":"\u00c9ditions L'Harmattan","price":2600,"published_date":"1999-12-31T23:00:00.000000Z","support":"Grand format","publisher_availability":1,"stock":0,"editions":[],"url":"https:\/\/quaidesbrumes.com\/ouvrage\/9782747501149\/quelles-forets-pour-demain-elements-de-strategie-pour-une-approche-renovee-du-developpement-durable"},{"id":"9781405350006","title":"Wild Flowers ; A Photographic Guide to British and European Wild Flowers","description":"Helps you discover over 450 species of wild flowers found in Britain and Northwest Europe. From orchids to cowslips, this title features over 450 species of wild flowers, arranged by colour and family. It also includes in-situ photographs and notes covering anatomy that can enable you to identify them in the field quickly and accurately.","authors":["Neil Fletcher"],"category_codes":["4000000","4010000","4010300"],"visuals":{"large":"https:\/\/images.epagine.fr\/006\/9781405350006_1_75.jpg","medium":"https:\/\/images.epagine.fr\/006\/9781405350006_1_m.jpg","thumbnail":"https:\/\/images.epagine.fr\/006\/9781405350006_1_v.jpg"},"orderable":true,"show_badge":true,"formatted_price":"12,38&nbsp;\u20ac","formatted_published_date":"5 f\u00e9vrier 2010","publisher_availability_label":"Sur commande","short_details":"Neil Fletcher \u2014 Dorling Kindersley Uk","translator":null,"weight":338,"page_count":296,"readership":null,"editor":"Dorling Kindersley Uk","price":1238,"published_date":"2010-02-04T23:00:00.000000Z","support":"Poche","publisher_availability":1,"stock":0,"editions":[],"url":"https:\/\/quaidesbrumes.com\/ouvrage\/9781405350006\/wild-flowers-a-photographic-guide-to-british-and-european-wild-flowers"},{"id":"9782213029047","title":"Danger chimie","description":"Sans le savoir, des milliers d'entre nous vivent \u00e0 l'int\u00e9rieur du p\u00e9rim\u00e8tre de s\u00e9curit\u00e9 d'une usine chimique class\u00e9e \" Seveso \". Il y en a plus de trois cents en France...Yves Aud\u00e8ve et G\u00e9rard Delteil ont traqu\u00e9 le risque chimique dans tout l'Hexagone. Leur longue enqu\u00eate r\u00e9v\u00e8le le danger \u00e0 l'int\u00e9rieur des usines et des entrep\u00f4ts, mais aussi dans les rues de bon nombre de nos villes.Il s'en faut souvent d'un cheveu et on parle alors de \" miracle \". Mais les miracles ne durent pas toujours. Nous subissons la pollution, nous croisons la mort sur la route, nous dansons sur des d\u00e9charges clandestines, et l'\u00e9cole de nos enfants se trouve peut-\u00eatre en plein coeur d'une zone \u00e0 haut risque.Preuves \u00e0 l'appui, Yves Aud\u00e8ve et G\u00e9rard Delteil tirent la sonnette d'alarme. Mais aux peurs irrationnelles, les deux enqu\u00eateurs ont pr\u00e9f\u00e9r\u00e9 une information s\u00e9rieuse pour un public adulte.Yves Aud\u00e8ve, apr\u00e8s une longue carri\u00e8re de journaliste \u00e0 l'hebdomadaire La Vie ouvri\u00e8re, est aujourd'hui \u00e9crivain.G\u00e9rard Delteil, grand prix de Litt\u00e9rature polici\u00e8re 1985, a \u00e9galement sign\u00e9 plusieurs ouvrages d'investigation sur les prisons et la face cach\u00e9e de l'industrie de la viande.","authors":["Yves Aud\u00e8ve","G\u00e9rard Delteil"],"category_codes":["4000000","4010000","4010200","4010204"],"visuals":{"large":"https:\/\/images.epagine.fr\/047\/9782213029047_1_75.jpg","medium":"https:\/\/images.epagine.fr\/047\/9782213029047_1_m.jpg","thumbnail":"https:\/\/images.epagine.fr\/047\/9782213029047_1_v.jpg"},"orderable":true,"show_badge":true,"formatted_price":"28,00&nbsp;\u20ac","formatted_published_date":"8 avril 1992","publisher_availability_label":"Sur commande","short_details":"Yves Aud\u00e8ve, G\u00e9rard Delteil \u2014 Fayard","translator":null,"weight":530,"page_count":384,"readership":null,"editor":"Fayard","price":2800,"published_date":"1992-04-07T22:00:00.000000Z","support":"Grand format","publisher_availability":1,"stock":0,"editions":[],"url":"https:\/\/quaidesbrumes.com\/ouvrage\/9782213029047\/danger-chimie"},{"id":"9782810615322","title":"Strat\u00e9gies africaines : crise financi\u00e8re, \u00e9cologie, institutions internationales, d\u00e9veloppement... un point de vue sp\u00e9cifique","description":"Le d\u00e9veloppement de l'Afrique a quelque chose \u00e0 voir avec sa g\u00e9ographie, son histoire et partant, avec son immersion dans les enjeux \u00e9conomiques et politiques du monde. \r\nMais pas seulement. La dimension culturelle, m\u00eame quand on ne souscrit \u00e0 aucune th\u00e8se \u00e9volutionniste, doit \u00eatre prise en compte. Cet essai nous montre en m\u00ealant r\u00e9cit et analyse, une Afrique en devoir de se remettre en cause pour sortir des effets de sa d\u00e9valorisation permanente. Il explique les pr\u00e9-d\u00e9terminations et les ressorts du fonctionnement de sa soci\u00e9t\u00e9, trace des voies vers des solutions concr\u00e8tes \u00e0 partir d'une conviction : en ce d\u00e9but de 21i\u00e8me si\u00e8cle, \"l'occidentalisation\" est un acquis commun \u00e0 toute l'humanit\u00e9. Seul l'agencement que chacun fait de ces apports et du traitement de ses nuisances d\u00e9termine son destin.","authors":["Modeste Bik\u00e9l\u00e9 atangana"],"category_codes":["4000000","4010000","4010200"],"visuals":{"large":"https:\/\/images.epagine.fr\/322\/9782810615322_1_75.jpg","medium":"https:\/\/images.epagine.fr\/322\/9782810615322_1_m.jpg","thumbnail":"https:\/\/images.epagine.fr\/322\/9782810615322_1_v.jpg"},"orderable":true,"show_badge":true,"formatted_price":"22,90&nbsp;\u20ac","formatted_published_date":"29 septembre 2009","publisher_availability_label":"Sur commande","short_details":"Modeste Bik\u00e9l\u00e9 atangana \u2014 Books on Demand","translator":null,"weight":501,"page_count":360,"readership":null,"editor":"Books on Demand","price":2290,"published_date":"2009-09-28T22:00:00.000000Z","support":"Grand format","publisher_availability":1,"stock":0,"editions":[],"url":"https:\/\/quaidesbrumes.com\/ouvrage\/9782810615322\/strategies-africaines-crise-financiere-ecologie-institutions-internationales-developpement-un-point-de-vue-specifique"},{"id":"9782296968721","title":"Rallye baudry","description":null,"authors":["Karl Reille"],"category_codes":["1000000","1080000"],"visuals":{"large":"https:\/\/quaidesbrumes.com\/img\/book-placeholder.png","medium":"https:\/\/quaidesbrumes.com\/img\/book-placeholder.png","thumbnail":"https:\/\/quaidesbrumes.com\/img\/book-placeholder.png"},"orderable":true,"show_badge":true,"formatted_price":"160,00&nbsp;\u20ac","formatted_published_date":"2 f\u00e9vrier 2012","publisher_availability_label":"Sur commande","short_details":"Karl Reille \u2014 La Bibliotheque Des Introuvables","translator":null,"weight":2480,"page_count":null,"readership":null,"editor":"La Bibliotheque Des Introuvables","price":16000,"published_date":"2012-02-01T23:00:00.000000Z","support":"Grand format","publisher_availability":1,"stock":0,"editions":[],"url":"https:\/\/quaidesbrumes.com\/ouvrage\/9782296968721\/rallye-baudry"},{"id":"9782913288874","title":"Agenda 2009 ; cueillettes sauvages et gourmandes","description":"Semaine apr\u00e8s semaine d\u00e9couvrez les plantes sauvages comestibles qui poussent \u00e0 votre porte...\r\nUn tr\u00e9sor \u00e0 port\u00e9e de mains et d'assiette ! ","authors":["Bernard Bertrand"],"category_codes":["4000000","4010000","4010300","4010302"],"visuals":{"large":"https:\/\/images.epagine.fr\/874\/9782913288874_1_75.jpg","medium":"https:\/\/images.epagine.fr\/874\/9782913288874_1_m.jpg","thumbnail":"https:\/\/images.epagine.fr\/874\/9782913288874_1_v.jpg"},"orderable":true,"show_badge":true,"formatted_price":"12,00&nbsp;\u20ac","formatted_published_date":"15 septembre 2008","publisher_availability_label":"Sur commande","short_details":"Bernard Bertrand \u2014 Terran","translator":null,"weight":0,"page_count":128,"readership":null,"editor":"Terran","price":1200,"published_date":"2008-09-14T22:00:00.000000Z","support":"Grand format","publisher_availability":1,"stock":0,"editions":[],"url":"https:\/\/quaidesbrumes.com\/ouvrage\/9782913288874\/agenda-2009-cueillettes-sauvages-et-gourmandes"},{"id":"9782742736973","title":"Lamarck","description":"Fondateur de la science de la vie qu'il nommera la \" biologie \", jean-baptiste lamarck (1744-1829) s'est consacr\u00e9, durant une longue carri\u00e8re et malgr\u00e9 bien des incompr\u00e9hensions, \u00e0 \u00e9claircir la dynamique du vivant en montrant notamment comment la complexit\u00e9 croissante des organismes vivants est \u00e0 la fois une r\u00e9ponse aux perturbations que provoque le milieu o\u00fa ils se d\u00e9veloppent, mais aussi le gage d'un perfectionnement progressif.\r\n Yves delange rend ici justice \u00e0 cet homme hors du commun.  pas \u00e0 pas, il le suit \u00e0 travers les p\u00e9rip\u00e9ties d'une existence qui, de l'\u00e9veil de la vocation scientifique aux derni\u00e8res ann\u00e9es de travail dans la c\u00e9cit\u00e9, de l'invention de la m\u00e9t\u00e9orologie aux ultimes recherches en biologie, aboutit \u00e0 cette intuition fameuse et longtemps controvers\u00e9e l'h\u00e9r\u00e9dit\u00e9 des caract\u00e8res acquis.  yves delange, lui-m\u00eame botaniste, n'\u00e9voque pas seulement cette vie en admirateur et en confr\u00e8re.\r\n Qu'il restitue le paris de l'\u00e9poque (sous la r\u00e9volution, la terreur, l'empire. ), qu'il nous guide dans le jardin des plantes ou nous ouvre les somptueuses collections du mus\u00e9um d'histoire naturelle, il ajoute \u00e0 la connivence du scientifique une pr\u00e9cision d'historien et un enthousiasme de romancier.","authors":["Yves Delange"],"category_codes":["4000000","4010000","4010300"],"visuals":{"large":"https:\/\/images.epagine.fr\/973\/9782742736973_1_75.jpg","medium":"https:\/\/images.epagine.fr\/973\/9782742736973_1_m.jpg","thumbnail":"https:\/\/images.epagine.fr\/973\/9782742736973_1_v.jpg"},"orderable":true,"show_badge":true,"formatted_price":"23,30&nbsp;\u20ac","formatted_published_date":"28 f\u00e9vrier 2002","publisher_availability_label":"Sur commande","short_details":"Yves Delange \u2014 Actes Sud","translator":null,"weight":292,"page_count":220,"readership":null,"editor":"Actes Sud","price":2330,"published_date":"2002-02-27T23:00:00.000000Z","support":"Grand format","publisher_availability":1,"stock":0,"editions":[],"url":"https:\/\/quaidesbrumes.com\/ouvrage\/9782742736973\/lamarck"}]}