{"data":[{"id":"9782365262026","title":"Revue limite n.15 : on a march\u00e9 sur la pub","description":"Chaque exemplaire se vend environ \u00e0 4000 exemplaires  Th\u00e8me : la publicit\u00e9  Une \u00e9quipe de r\u00e9daction fixe dont chaque membre b\u00e9n\u00e9ficie d'une notori\u00e9t\u00e9 croissante : Fabrice Hadjadj (\u00e9ditorialiste), Eug\u00e9nie Basti\u00e9 (Le Figaro), Gaultier B\u00e8s, Marianne Durano, Paul Piccarreta, le philosophe Olivier Rey, Natacha Polony.  Maquettiste : Nicolas Pinet (Charlie Hebdo, Fluide glacial).  Format 112 pages. Dossier central de 36 pages sur l'\u00e9cologie.  ARGUMENTAIRE Limite est la premi\u00e8re revue d'\u00e9cologie int\u00e9grale. Dirig\u00e9e par une jeune \u00e9quipe d'auteurs de sensibilit\u00e9s vari\u00e9es, elle veut contribuer \u00e0 faire bouger les lignes pour briser les clivages artificiels. Revue trimestrielle, Limite aborde tous les sujets qui interpellent, notamment \u00e0 travers de longs dossiers. Parmi les sujets \u00e0 venir : l'\u00e9cole, d\u00e9mocratie directe, la publicit\u00e9 Pr\u00e9f\u00e9rant les sujets de fond aux querelles de personnes et aux \u00e9changes de slogans, Limite continuera \u00e0 faire de la politique autrement, m\u00eame et surtout en ann\u00e9e \u00e9lectorale. Limite semble combler un vide dans le paysage m\u00e9diatique contemporain : une revue \u00e9cologiste, qui ne d\u00e9daigne rien de ce qui concerne l'humain et propose une approche int\u00e9grale des d\u00e9fis de l'avenir comme du pr\u00e9sent. Beaucoup de questions quant \u00e0 la mise en pratique de l'\u00e9cologie int\u00e9grale restent en suspens. C'est pourquoi la revue veut continuer, s'enraciner dans le temps, pour pouvoir \u00e9veiller les consciences \u00e0 l'urgence \u00e9cologique. Volontairement provocatrice, Limite s'efforce d'aller aux p\u00e9riph\u00e9ries, de quitter le quant-\u00e0-soi pour susciter de nouvelles rencontres et d\u00e9passer les pr\u00e9jug\u00e9s. Dans l'esprit de Laudato Si, l'encyclique du pape Fran\u00e7ais sur la sauvegarde de la maison commune, l'\u00e9cologie int\u00e9grale promet et promeut une remise en cause du syst\u00e8me lib\u00e9ral-libertaire, dans ses causes et ses cons\u00e9quences, \u00e9conomiques, \u00e9cologiques, sociales, culturelles et morales. Limite aspire donc \u00e0 faire conna\u00eetre une pens\u00e9e originale, non-conformiste, qui puise son inspiration non seulement dans la tradition chr\u00e9tienne, mais aussi chez des auteurs profanes, comme Thoreau ou Pasolini.","authors":["Collectif"],"category_codes":["4000000","4010000","4010200","4010207"],"visuals":{"large":"https:\/\/images.epagine.fr\/026\/9782365262026_1_75.jpg","medium":"https:\/\/images.epagine.fr\/026\/9782365262026_1_m.jpg","thumbnail":"https:\/\/images.epagine.fr\/026\/9782365262026_1_v.jpg"},"orderable":true,"show_badge":true,"formatted_price":"10,00&nbsp;\u20ac","formatted_published_date":"11 juillet 2019","publisher_availability_label":"Sur commande","short_details":"Collectif \u2014 Premi\u00e8re Partie","translator":null,"weight":346,"page_count":112,"readership":null,"editor":"Premi\u00e8re Partie","price":1000,"published_date":"2019-07-10T22:00:00.000000Z","support":"Revue","publisher_availability":1,"stock":0,"editions":[],"url":"https:\/\/quaidesbrumes.com\/ouvrage\/9782365262026\/revue-limite-n15-on-a-marche-sur-la-pub"},{"id":"9782365262170","title":"Revue limite n.18 : le tr\u00e9sor du tout en commun","description":"Anim\u00e9e par une \u00e9quipe de jeunes auteurs, elle r\u00e9unit \u00e0 chaque num\u00e9ro des contributeurs vari\u00e9s, de Nancy Huston \u00e0 Jos\u00e9 Bov\u00e9, de l'anonyme \u00e0 l'acad\u00e9micien.\r\nA travers ses pages sociales, politiques et culturelles, et son grand dossier central, Limite entend peser dans le d\u00e9bat public pour promouvoir une conversion \u00e9cologique \u00e0 la fois radicale et enracin\u00e9e.\r\nD'inspiration chr\u00e9tienne, notre revue est ouverte \u00e0 toutes les personnes soucieuses d'opposer \u00e0 la technique sans \u00e2me et au march\u00e9 sans loi un mode de vie plus juste, plus d\u00e9cent et plus durable. Engag\u00e9e sur les grands enjeux environnementaux, sociaux, \u00e9conomiques et bio\u00e9thiques de notre temps, Limite milite avant tout pour la d\u00e9croissance et la convivialit\u00e9. \r\n\r\nAUTEURS.\r\nEn plus de nos invit\u00e9s exceptionnels, retrouvez \u00e0 chaque num\u00e9ro Natacha Polony, Fabrice Hadjadj, Eug\u00e9nie Basti\u00e9, Gaultier B\u00e8s, Marianne Durano, Paul Piccarreta, Olivier Rey, etc.","authors":["Collectif"],"category_codes":["4000000","4010000","4010200","4010207"],"visuals":{"large":"https:\/\/images.epagine.fr\/170\/9782365262170_1_75.jpg","medium":"https:\/\/images.epagine.fr\/170\/9782365262170_1_m.jpg","thumbnail":"https:\/\/images.epagine.fr\/170\/9782365262170_1_v.jpg"},"orderable":true,"show_badge":true,"formatted_price":"10,00&nbsp;\u20ac","formatted_published_date":"14 mai 2020","publisher_availability_label":"Sur commande","short_details":"Collectif \u2014 Premi\u00e8re Partie","translator":null,"weight":332,"page_count":112,"readership":null,"editor":"Premi\u00e8re Partie","price":1000,"published_date":"2020-05-13T22:00:00.000000Z","support":"Revue","publisher_availability":1,"stock":0,"editions":[],"url":"https:\/\/quaidesbrumes.com\/ouvrage\/9782365262170\/revue-limite-n18-le-tresor-du-tout-en-commun"},{"id":"9782365262682","title":"Revue limite : le champ des artisans","description":"\"Premi\u00e8re revue d'\u00e9cologie int\u00e9grale sur le th\u00e8me de l'habitat avec un cahier central sur l'\u00e9cologie. \r\nLes artisans sont-ils le dernier mot d'une civilisation qui ne sait plus faire grand-chose de ses mains ? Ma\u00e7ons, \u00e9b\u00e9nistes, charpentiers, m\u00e9tiers de bouche, cordistes suspendus aux murs de Notre-Dame de Paris, la r\u00e9daction est all\u00e9e donner la parole \u00e0 ces r\u00e9sistants du tout-en-s\u00e9rie. Un grand dossier stimulant.\"","authors":["Limite Redaction"],"category_codes":["4000000","4010000","4010200","4010207"],"visuals":{"large":"https:\/\/images.epagine.fr\/682\/9782365262682_1_75.jpg","medium":"https:\/\/images.epagine.fr\/682\/9782365262682_1_m.jpg","thumbnail":"https:\/\/images.epagine.fr\/682\/9782365262682_1_v.jpg"},"orderable":true,"show_badge":true,"formatted_price":"12,00&nbsp;\u20ac","formatted_published_date":"24 f\u00e9vrier 2022","publisher_availability_label":"Sur commande","short_details":"Limite Redaction \u2014 Premi\u00e8re Partie","translator":null,"weight":308,"page_count":112,"readership":null,"editor":"Premi\u00e8re Partie","price":1200,"published_date":"2022-02-23T23:00:00.000000Z","support":"Revue","publisher_availability":1,"stock":0,"editions":[],"url":"https:\/\/quaidesbrumes.com\/ouvrage\/9782365262682\/revue-limite-le-champ-des-artisans"},{"id":"9782365263023","title":"Revue limite n.27 : c'est la fin de la revue limite","description":"Apr\u00e8s 7 ans d'existence, la revue Limite ferme boutique. Pour sa derni\u00e8re parution, la r\u00e9daction propose un grand dossier sur la libert\u00e9 ainsi qu'un bilan politique du concept d'\u00e9cologie int\u00e9grale.    Quatre couvertures exceptionnelles Pour ce dernier num\u00e9ro, Limite met \u00e0 l'honneur ses illustrateurs en proposant aux lecteurs quatre couvertures diff\u00e9rentes. Le mot d'ordre :  Attrapez-les toutes !","authors":["Collectif"],"category_codes":["4000000","4010000","4010200"],"visuals":{"large":"https:\/\/images.epagine.fr\/023\/9782365263023_1_75.jpg","medium":"https:\/\/images.epagine.fr\/023\/9782365263023_1_m.jpg","thumbnail":"https:\/\/images.epagine.fr\/023\/9782365263023_1_v.jpg"},"orderable":true,"show_badge":true,"formatted_price":"12,00&nbsp;\u20ac","formatted_published_date":"27 octobre 2022","publisher_availability_label":"Sur commande","short_details":"Collectif \u2014 Premi\u00e8re Partie","translator":null,"weight":277,"page_count":96,"readership":null,"editor":"Premi\u00e8re Partie","price":1200,"published_date":"2022-10-26T22:00:00.000000Z","support":"Revue","publisher_availability":1,"stock":0,"editions":[],"url":"https:\/\/quaidesbrumes.com\/ouvrage\/9782365263023\/revue-limite-n27-cest-la-fin-de-la-revue-limite"},{"id":"9782492395000","title":"Donnez du sens \u00e0 votre argent ! investir \u00e9thique et responsable","description":"Alors que la pr\u00e9servation de l'environnement devient une priorit\u00e9 pour de nombreux Fran\u00e7ais, leurs comptes en banque restent les grands oubli\u00e9s de la transition vers un monde plus durable. D'un c\u00f4t\u00e9, la finance est critiqu\u00e9e pour son opacit\u00e9 et sa corruptibilit\u00e9. De l'autre, peu d'actions concr\u00e8tes sont prises pour orienter votre argent vers des projets et entreprises qui polluent moins, traitent mieux leurs salari\u00e9s et vendent des produits con\u00e7us dans une logique circulaire ou d'\u00e9coconception.\r\n\r\nN\u00e9 du travail d'investigation de deux autrices passionn\u00e9es, \u00ab?Donnez du sens \u00e0 votre argent?!?\u00bb est un ouvrage qui propose \u00e0 ses lecteurs les cl\u00e9s de la compr\u00e9hension du monde de la finance durable. Leur objectif : permettre \u00e0 chacun de prendre en main ses finances pour s'assurer qu'ils ne contribuent pas, sans le savoir, \u00e0 financer l'industrie de l'armement, \u00e0 soutenir des entreprises qui font travailler des enfants ou qui polluent en toute impunit\u00e9. Plus qu'un livre, vous aurez entre les mains un outil d'action en faveur des causes qui vous tiennent \u00e0 coeur.","authors":["Marianne Iizuka","Camille Prigent"],"category_codes":["4000000","4010000","4010200","4010208"],"visuals":{"large":"https:\/\/images.epagine.fr\/000\/9782492395000_1_75.jpg","medium":"https:\/\/images.epagine.fr\/000\/9782492395000_1_m.jpg","thumbnail":"https:\/\/images.epagine.fr\/000\/9782492395000_1_v.jpg"},"orderable":true,"show_badge":true,"formatted_price":"19,00&nbsp;\u20ac","formatted_published_date":"1er octobre 2021","publisher_availability_label":"Sur commande","short_details":"Marianne Iizuka, Camille Prigent \u2014 Yoshiaki","translator":null,"weight":300,"page_count":220,"readership":null,"editor":"Yoshiaki","price":1900,"published_date":"2021-09-30T22:00:00.000000Z","support":"Grand format","publisher_availability":1,"stock":0,"editions":[],"url":"https:\/\/quaidesbrumes.com\/ouvrage\/9782492395000\/donnez-du-sens-a-votre-argent-investir-ethique-et-responsable"},{"id":"9781923049017","title":"Mushroom magic : An illustrated introduction to fascinating fungi","description":"From the forageable to the bizarre, this book is an introduction to 50 of the fungi kingdom's most interesting mushrooms.\r\n\r\nMushrooms have existed for millennia, which can make it overwhelming to dip into mycology. Used throughout human history for food, medicine and expanding our consciousness, fungi have shaped the planet and the past, appearing everywhere from fairy tales and health-food stores to The X-Files.","authors":["Sapp Mcmullan-Fisher"],"category_codes":["4000000","4010000","4010400","4010403"],"visuals":{"large":"https:\/\/images.epagine.fr\/017\/9781923049017_1_75.jpg","medium":"https:\/\/images.epagine.fr\/017\/9781923049017_1_m.jpg","thumbnail":"https:\/\/images.epagine.fr\/017\/9781923049017_1_v.jpg"},"orderable":true,"show_badge":true,"formatted_price":"21,00&nbsp;\u20ac","formatted_published_date":"2 mai 2024","publisher_availability_label":"Sur commande","short_details":"Sapp Mcmullan-Fisher \u2014 Smith Street","translator":null,"weight":567,"page_count":112,"readership":null,"editor":"Smith Street","price":2100,"published_date":"2024-05-01T22:00:00.000000Z","support":"Grand format","publisher_availability":1,"stock":0,"editions":[],"url":"https:\/\/quaidesbrumes.com\/ouvrage\/9781923049017\/mushroom-magic-an-illustrated-introduction-to-fascinating-fungi"},{"id":"9782898420207","title":"La p\u00eache au Qu\u00e9bec : Guide d'initiation","description":"Le Guide d'initiation ? La p\u00eache au Qu\u00e9bec a pour objectif de rendre accessible \u00e0 tous la pratique de ce loisir traditionnel qu\u00e9b\u00e9cois. Avec plus de 125 trucs et conseils de p\u00eache concernant 7 esp\u00e8ces de poissons populaires, avec de nombreux r\u00e9cits divertissants et plusieurs explications claires sur le merveilleux monde de la p\u00eache sportive, en hiver comme en \u00e9t\u00e9, ce livre saura plaire \u00e0 tous les amants de la nature, du d\u00e9butant au p\u00eacheur plus aguerri..","authors":["Jasmin Perreault"],"category_codes":["4000000","4010000","4010500","4010502"],"visuals":{"large":"https:\/\/images.epagine.fr\/207\/9782898420207_1_75.jpg","medium":"https:\/\/images.epagine.fr\/207\/9782898420207_1_m.jpg","thumbnail":"https:\/\/images.epagine.fr\/207\/9782898420207_1_v.jpg"},"orderable":true,"show_badge":true,"formatted_price":"24,00&nbsp;\u20ac","formatted_published_date":"15 mai 2024","publisher_availability_label":"Sur commande","short_details":"Jasmin Perreault \u2014 Broquet","translator":null,"weight":400,"page_count":208,"readership":null,"editor":"Broquet","price":2400,"published_date":"2024-05-14T22:00:00.000000Z","support":"Grand format","publisher_availability":1,"stock":0,"editions":[],"url":"https:\/\/quaidesbrumes.com\/ouvrage\/9782898420207\/la-peche-au-quebec-guide-dinitiation"},{"id":"9782925077213","title":"Lettre \u00e0 un.e jeune \u00e9cologiste","description":"Comment transformer le monde lorsqu'on ne d\u00e9tient aucun pouvoir et que les gens qui le d\u00e9tiennent nous ignorent ?\r\n\r\nC'est la question que pose Karel Mayrand dans Lettre \u00e0 un\u00b7e jeune \u00e9cologiste, un essai qui s'adresse aux nouvelles g\u00e9n\u00e9rations qui militent actuellement pour un changement fondamental de soci\u00e9t\u00e9.\r\n\r\n\u00ab Je recommande ce petit livre \u00e0 n'importe qui, jeune ou moins jeune, travers\u00e9 par des \u00e9pisodes de d\u00e9couragements face \u00e0 l'inaction climatique de nos d\u00e9cideurs. \u00bb.\r\n\r\n- Ruba Ghazal, d\u00e9put\u00e9e de Mercier, Qu\u00e9bec Solidaire.","authors":["Karel Mayrand"],"category_codes":["4000000","4010000","4010200"],"visuals":{"large":"https:\/\/images.epagine.fr\/213\/9782925077213_1_75.jpg","medium":"https:\/\/images.epagine.fr\/213\/9782925077213_1_m.jpg","thumbnail":"https:\/\/images.epagine.fr\/213\/9782925077213_1_v.jpg"},"orderable":true,"show_badge":true,"formatted_price":"16,50&nbsp;\u20ac","formatted_published_date":"1er novembre 2022","publisher_availability_label":"Sur commande","short_details":"Karel Mayrand \u2014 Kata Editions","translator":null,"weight":401,"page_count":null,"readership":null,"editor":"Kata Editions","price":1650,"published_date":"2022-10-31T23:00:00.000000Z","support":"Grand format","publisher_availability":1,"stock":0,"editions":[],"url":"https:\/\/quaidesbrumes.com\/ouvrage\/9782925077213\/lettre-a-une-jeune-ecologiste"},{"id":"9782723468480","title":"80 fleurs de nos campagnes","description":"Ce miniguide pr\u00e9sente 80 plantes \u00e0 fleurs des prairies, champs, friches, bords de routes, chemins? Ces esp\u00e8ces ont \u00e9t\u00e9 choisies parmi les plus communes, les plus r\u00e9pandues et les plus faciles \u00e0 reconna\u00eetre. Une page est consacr\u00e9e \u00e0 chacune d'entre elles, avec :\r\n? un texte comportant description, \u00e9cologie, usages, vertus m\u00e9dicinales? ;\r\n? une fiche \u00ab technique \u00bb mentionnant taille, p\u00e9riode de floraison, habitat, type biologique, fr\u00e9quence, statut de protection ;\r\n? une photographie en gros plan ;\r\n? un dessin de la plante enti\u00e8re.","authors":["Sandrine Stefaniak"],"category_codes":["4000000","4010000"],"visuals":{"large":"https:\/\/images.epagine.fr\/480\/9782723468480_1_75.jpg","medium":"https:\/\/images.epagine.fr\/480\/9782723468480_1_m.jpg","thumbnail":"https:\/\/images.epagine.fr\/480\/9782723468480_1_v.jpg"},"orderable":true,"show_badge":true,"formatted_price":"8,00&nbsp;\u20ac","formatted_published_date":"20 mai 2009","publisher_availability_label":"Sur commande","short_details":"Sandrine Stefaniak \u2014 Gl\u00e9nat","translator":null,"weight":82,"page_count":96,"readership":"Tout public","editor":"Gl\u00e9nat","price":800,"published_date":"2009-05-19T22:00:00.000000Z","support":"Grand format","publisher_availability":1,"stock":0,"editions":[],"url":"https:\/\/quaidesbrumes.com\/ouvrage\/9782723468480\/80-fleurs-de-nos-campagnes"},{"id":"9782723482356","title":"80 fleurs du Midi","description":"L'essentiel de la flore du Midi dans votre poche !Ce miniguide pr\u00e9sente 80 plantes \u00e0 fleurs class\u00e9es en fonction de la couleur dominante de leurs fleurs.\r\nUne page est consacr\u00e9e \u00e0 chacune d'entre elles, avec :- un texte comportant description, \u00e9cologie, r\u00e9partition g\u00e9ographique, usages, vertus m\u00e9dicinales... ;- une fiche \u00ab technique \u00bb mentionnant taille, p\u00e9riode de floraison, habitat, type biologique, fr\u00e9quence, statut de protection ;- une photographie en gros plan ;- un dessin de la plante enti\u00e8re.","authors":["Jean-paul Mandin"],"category_codes":["4000000","4010000","4010400"],"visuals":{"large":"https:\/\/images.epagine.fr\/356\/9782723482356_1_75.jpg","medium":"https:\/\/images.epagine.fr\/356\/9782723482356_1_m.jpg","thumbnail":"https:\/\/images.epagine.fr\/356\/9782723482356_1_v.jpg"},"orderable":true,"show_badge":true,"formatted_price":"8,00&nbsp;\u20ac","formatted_published_date":"20 avril 2011","publisher_availability_label":"Sur commande","short_details":"Jean-paul Mandin \u2014 Gl\u00e9nat","translator":null,"weight":84,"page_count":96,"readership":null,"editor":"Gl\u00e9nat","price":800,"published_date":"2011-04-19T22:00:00.000000Z","support":"Grand format","publisher_availability":1,"stock":0,"editions":[],"url":"https:\/\/quaidesbrumes.com\/ouvrage\/9782723482356\/80-fleurs-du-midi"},{"id":"9782336529691","title":"Les changements climatiques : D\u00e9fis et enjeux pour le d\u00e9veloppement","description":"Les activit\u00e9s humaines ont g\u00e9n\u00e9r\u00e9 des concentrations record de gaz \u00e0 effet de serre dans l'atmosph\u00e8re. Il en r\u00e9sulte une intensification de l'effet de serre et des changements du syst\u00e8me climatique sans pr\u00e9c\u00e9dent depuis plusieurs si\u00e8cles, voire des mill\u00e9naires. Cela signifie que le changement climatique\r\nactuel et \u00e0 venir met in\u00e9vitablement l'humanit\u00e9 en danger, en d\u00e9pit des politiques internationales sur le climat.\r\nCet ouvrage comprend un expos\u00e9 permettant de mieux comprendre les bases scientifiques du r\u00e9chauffement climatique plan\u00e9taire. Il d\u00e9crit, par ailleurs, diverses manifestations ainsi que de multiples impacts climatiques et vuln\u00e9rabilit\u00e9s des secteurs cl\u00e9s du d\u00e9veloppement en Afrique de l'Ouest et au\r\nTchad en particulier, tels que l'agriculture, l'\u00e9levage, la p\u00eache, les infrastructures, les villes, l'\u00e9nergie et la sant\u00e9. Enfin, l'ouvrage expose un ensemble d'innovations technologiques r\u00e9silientes face au climat et \u00e0 faible \u00e9mission de carbone.\r\nCes actions d'adaptation et d'att\u00e9nuation \u00e0 entreprendre devront s'inscrire dans une nouvelle dynamique qui associe \u00e0 la fois des objectifs environnementaux et des objectifs socio-\u00e9conomiques. Il faudra alors op\u00e9rer un v\u00e9ritable changement de paradigme dans la lutte contre le changement climatique.","authors":["Beno\u00eet Sarr","Bernard Fontaine"],"category_codes":["4000000","4010000","4010200"],"visuals":{"large":"https:\/\/images.epagine.fr\/691\/9782336529691_1_75.jpg","medium":"https:\/\/images.epagine.fr\/691\/9782336529691_1_m.jpg","thumbnail":"https:\/\/images.epagine.fr\/691\/9782336529691_1_v.jpg"},"orderable":true,"show_badge":true,"formatted_price":"21,00&nbsp;\u20ac","formatted_published_date":"5 f\u00e9vrier 2026","publisher_availability_label":"Sur commande","short_details":"Beno\u00eet Sarr, Bernard Fontaine \u2014 \u00c9ditions L'Harmattan","translator":null,"weight":283,"page_count":184,"readership":null,"editor":"\u00c9ditions L'Harmattan","price":2100,"published_date":"2026-02-04T23:00:00.000000Z","support":"Grand format","publisher_availability":1,"stock":0,"editions":[],"url":"https:\/\/quaidesbrumes.com\/ouvrage\/9782336529691\/les-changements-climatiques-defis-et-enjeux-pour-le-developpement"},{"id":"9782915034332","title":"Le sorcier de Vesoul","description":"Henri Bresson,p\u00eacheur de truites... On triche beaucoup \u00e0 la p\u00eache.On triche sur tout: la taille du poisson,son poids,le nombre de prises,la fa\u00e7on de p\u00eacher.On triche de mani\u00e8re sympathique mais on triche tout de m\u00eame.Bref,le p\u00eacheur est une sorte de surhomme qui ne rapporte pas grand chose pour la seule et unique raison qu'il pr\u00e9f\u00e8re remettre ses prises \u00e0 l'eau...Ainsi naissent certaines l\u00e9gendes...Il existe pourtant un endroit o\u00f9 les p\u00eacheurs perdent leur superbe.Cet endroit, c'est Goumois,petit poste fronti\u00e8re entre France et Suisse,\u00e0 une centaine de kilom\u00e8tres de Besan\u00e7on.C'est l\u00e0 qu'Henri Bresson a b\u00e2ti sa r\u00e9putation.Mondialement connu,il est sans conteste l'un des plus grands p\u00eacheurs fran\u00e7ais,celui \u00e0 qui les soci\u00e9t\u00e9s de p\u00eache refusent parfois leur carte, tant il \u00e9cume les rivi\u00e8res.Il est aussi l'inventeur de la fameuse French tricolore. Ce document, amusant \u00e0 lire comme un roman,n'en est pas moins un guide pr\u00e9cieux pour tous ceux que la p\u00eache int\u00e9resse.","authors":["Vincent Lalu"],"category_codes":["4000000","4010000","4010500","4010502"],"visuals":{"large":"https:\/\/quaidesbrumes.com\/img\/book-placeholder.png","medium":"https:\/\/quaidesbrumes.com\/img\/book-placeholder.png","thumbnail":"https:\/\/quaidesbrumes.com\/img\/book-placeholder.png"},"orderable":true,"show_badge":true,"formatted_price":"20,00&nbsp;\u20ac","formatted_published_date":"10 ao\u00fbt 2011","publisher_availability_label":"Sur commande","short_details":"Vincent Lalu \u2014 La Vie Du Rail","translator":null,"weight":322,"page_count":235,"readership":null,"editor":"La Vie Du Rail","price":2000,"published_date":"2011-08-09T22:00:00.000000Z","support":"Grand format","publisher_availability":1,"stock":0,"editions":[],"url":"https:\/\/quaidesbrumes.com\/ouvrage\/9782915034332\/le-sorcier-de-vesoul"},{"id":"9780500027202","title":"Remarkable trees","description":"A celebration of the beauty, diversity, importance and sheer wonder of the most remarkable trees, with exquisite illustrations from the incomparable collections of the Royal Botanic Gardens, Kew.\r\n\r\nMore than 60,000 species of trees are found in an amazing variety of forms, sizes and habitats. Every tree has its own story and here are over 60, selected for their particular resonance and connection with humankind and representing most of the world's major zones and ecologies.\r\n\r\nIn this compact edition, portraits that combine vivid cultural and historical narrative with a firm scientific grounding, the authors reveal the details of trees from around the world, both familiar and strange. We use timbers for building and creating, have discovered which tree fruits and seeds taste delicious, and which can kill or cure us, and which species can add colour and spirituality to our lives - from the timber of mahogany to the delights of chocolate and pomegranate, from the medicinal tea tree to the deadly manchineel, and from fragrant frankincense to the highly prized dragon's blood tree.\r\n\r\nArtists and botanists alike have been inspired by trees for centuries, and a varied and beautiful range of images from the unrivalled archive at Kew illustrate the stories, to create this enlightening and enchanting book.","authors":["Harrison Christina\/K"],"category_codes":["4000000","4010000","4010400","4010406"],"visuals":{"large":"https:\/\/images.epagine.fr\/202\/9780500027202_1_75.jpg","medium":"https:\/\/images.epagine.fr\/202\/9780500027202_1_m.jpg","thumbnail":"https:\/\/images.epagine.fr\/202\/9780500027202_1_v.jpg"},"orderable":true,"show_badge":true,"formatted_price":"28,00&nbsp;\u20ac","formatted_published_date":"25 juillet 2024","publisher_availability_label":"Sur commande","short_details":"Harrison Christina\/K \u2014 Thames & Hudson","translator":null,"weight":788,"page_count":256,"readership":null,"editor":"Thames & Hudson","price":2800,"published_date":"2024-07-24T22:00:00.000000Z","support":"Grand format","publisher_availability":1,"stock":0,"editions":[],"url":"https:\/\/quaidesbrumes.com\/ouvrage\/9780500027202\/remarkable-trees"},{"id":"9782919322534","title":"Mediterranee - sanctuaire pelagos","description":null,"authors":["Greg","Croizeau"],"category_codes":["4000000","4010000"],"visuals":{"large":"https:\/\/quaidesbrumes.com\/img\/book-placeholder.png","medium":"https:\/\/quaidesbrumes.com\/img\/book-placeholder.png","thumbnail":"https:\/\/quaidesbrumes.com\/img\/book-placeholder.png"},"orderable":true,"show_badge":true,"formatted_price":"49,00&nbsp;\u20ac","formatted_published_date":"21 novembre 2024","publisher_availability_label":"Sur commande","short_details":"Greg, Croizeau \u2014 Turtle Prod","translator":null,"weight":2460,"page_count":null,"readership":null,"editor":"Turtle Prod","price":4900,"published_date":"2024-11-20T23:00:00.000000Z","support":"Grand format","publisher_availability":1,"stock":0,"editions":[],"url":"https:\/\/quaidesbrumes.com\/ouvrage\/9782919322534\/mediterranee-sanctuaire-pelagos"},{"id":"9782374255774","title":"Les bouchees doubles - avec celles et ceux qui defendent la","description":null,"authors":["Bio Consom'Acteurs"],"category_codes":["4000000","4010000","4010200","4010207"],"visuals":{"large":"https:\/\/images.epagine.fr\/774\/9782374255774_1_75.jpg","medium":"https:\/\/images.epagine.fr\/774\/9782374255774_1_m.jpg","thumbnail":"https:\/\/images.epagine.fr\/774\/9782374255774_1_v.jpg"},"orderable":true,"show_badge":true,"formatted_price":"13,90&nbsp;\u20ac","formatted_published_date":"14 novembre 2025","publisher_availability_label":"Sur commande","short_details":"Bio Consom'Acteurs \u2014 Rue de l''\u00e9chiquier","translator":null,"weight":168,"page_count":130,"readership":null,"editor":"Rue de l''\u00e9chiquier","price":1390,"published_date":"2025-11-13T23:00:00.000000Z","support":"Grand format","publisher_availability":1,"stock":0,"editions":[],"url":"https:\/\/quaidesbrumes.com\/ouvrage\/9782374255774\/les-bouchees-doubles-avec-celles-et-ceux-qui-defendent-la"},{"id":"9782343197487","title":"La gestion \u00e9cologique des rivieres francaises ; regards de scientifiques sur une controverse","description":"Ce livre est une critique raisonn\u00e9e des choix que des services de l'\u00c9tat ont fait au d\u00e9but des ann\u00e9es 2000 pour mettre en oeuvre la Directive cadre europ\u00e9enne sur l'eau, dont l'id\u00e9e g\u00e9n\u00e9rale est de supprimer les obstacles dans les cours d'eau pour faciliter le transit s\u00e9dimentaires et permettre la migration des poissons. Selon les auteurs, cette politique n'est pas fond\u00e9e sur une connaissance suffisante des rivi\u00e8res. Apr\u00e8s une pr\u00e9sentation du dispositif l\u00e9gislatif et r\u00e9glementaire, l'ouvrage plaide pour une politique prenant davantage en compte la complexit\u00e9 et les dynamiques dans le cadre du changement climatique en cours. Pour une gestion apais\u00e9e, ils pr\u00f4nent \u00e9galement un v\u00e9ritable dialogue avec les habitants et les usagers pour r\u00e9ellement r\u00e9fl\u00e9chir collectivement aux meilleurs choix, la continuit\u00e9 \u00e9cologique n'\u00e9tant qu'un des aspects de la gestion des rivi\u00e8res.","authors":["Jean-Paul Bravard","Christian L\u00e9v\u00eaque"],"category_codes":["4000000","4010000","4010200"],"visuals":{"large":"https:\/\/images.epagine.fr\/487\/9782343197487_1_75.jpg","medium":"https:\/\/images.epagine.fr\/487\/9782343197487_1_m.jpg","thumbnail":"https:\/\/images.epagine.fr\/487\/9782343197487_1_v.jpg"},"orderable":true,"show_badge":true,"formatted_price":"32,50&nbsp;\u20ac","formatted_published_date":"20 avril 2020","publisher_availability_label":"Sur commande","short_details":"Jean-Paul Bravard, Christian L\u00e9v\u00eaque \u2014 \u00c9ditions L'Harmattan","translator":null,"weight":560,"page_count":364,"readership":null,"editor":"\u00c9ditions L'Harmattan","price":3250,"published_date":"2020-04-19T22:00:00.000000Z","support":"Grand format","publisher_availability":1,"stock":0,"editions":[],"url":"https:\/\/quaidesbrumes.com\/ouvrage\/9782343197487\/la-gestion-ecologique-des-rivieres-francaises-regards-de-scientifiques-sur-une-controverse"},{"id":"9782080234032","title":"Le bonheur est dans le village ; 30 solutions qui viennent de nos campagnes","description":"La ville n'\u00e9tant plus synonyme de bonheur, l'eldorado serait-il dans nos villages ?Ce livre regroupe trente histoires de femmes et d'hommes qui sont la v\u00e9ritable richesse de notre beau pays. Ils ont d\u00e9velopp\u00e9 des solutions concr\u00e8tes aux probl\u00e8mes de notre soci\u00e9t\u00e9, parfois toutes simples, et qui fonctionnent d\u00e9j\u00e0. Mises bout \u00e0 bout, elles dessinent un autre avenir et prouvent que nous pouvons tous, \u00e0 notre \u00e9chelle, \u00eatre acteurs du changement.Ces personnages ont le plus souvent choisi de vivre en dehors des grandes m\u00e9tropoles mondialis\u00e9es. Pourquoi ? Parce qu'il semblerait bien que l'espace, le temps et la nature retrouv\u00e9s sont une condition de la libert\u00e9, de la coop\u00e9ration et de l'innovation sociale v\u00e9ritable.Ces parcours pr\u00e9parent le monde de demain. Ils red\u00e9couvrent nos territoires dans toute leur diversit\u00e9 et d\u00e9montrent que l'esprit de village est un maillon indispensable \u00e0 notre bien-\u00eatre \u00e0 tous.","authors":["Nicolas Hazard"],"category_codes":["4000000","4010000"],"visuals":{"large":"https:\/\/images.epagine.fr\/032\/9782080234032_1_75.jpg","medium":"https:\/\/images.epagine.fr\/032\/9782080234032_1_m.jpg","thumbnail":"https:\/\/images.epagine.fr\/032\/9782080234032_1_v.jpg"},"orderable":true,"show_badge":true,"formatted_price":"16,00&nbsp;\u20ac","formatted_published_date":"3 f\u00e9vrier 2021","publisher_availability_label":"Sur commande","short_details":"Nicolas Hazard \u2014 Flammarion","translator":null,"weight":192,"page_count":224,"readership":null,"editor":"Flammarion","price":1600,"published_date":"2021-02-02T23:00:00.000000Z","support":"Grand format","publisher_availability":1,"stock":0,"editions":[],"url":"https:\/\/quaidesbrumes.com\/ouvrage\/9782080234032\/le-bonheur-est-dans-le-village-30-solutions-qui-viennent-de-nos-campagnes"},{"id":"9780008532666","title":"The turning tide : A biography of the irish sea","description":"An immersive history of a pivotal stretch of water\r\n'Fascinating, spellbinding, erudite and great fun.' Roddy Doyle\r\n\r\n'Remarkable. Lively ... Gower writes beautifully [and] the book is profoundly popular.' Times Literary Supplement\r\n\r\nThe Turning Tide is a hymn to a sea passage of world-historical importance. Combining social and cultural history, nature-writing, travelogue and politics, Welshman Jon Gower charts a sea which has carried both Vikings and saints; invasion forces, royals and rebels; writers, musicians and fishermen.\r\n\r\nThe divided but interconnected waters of the Irish Sea - from the narrow North Channel through St George's Channel to where the Celtic sea opens out into the wide Atlantic - have a turbulent history to match the violence of its storms. Jon Gower is a sympathetic and interested pilot, taking the reader to the great shipyards of Belfast and through the mass exodus of the starving during the Irish Famine in coffin boats bound for America. He follows the migrations of working men and women looking for work in England and tells the tales of more casual travellers: sometimes seasick, often homesick too.\r\n\r\nThe Irish Sea is also a place with an abundant natural history. The rarest sea bird in Europe visits its coasts in summer while the rarest goose wings in during winter.\r\n\r\nThe Turning Tide navigates waters teeming with life, filled with seals and salt-tanged stories and surveyed by seabirds. Lyrically written and fizzing with curiosity, this is a remarkable and far-reaching book.","authors":["Jon Gower"],"category_codes":["4000000","4010000","4010300","4010304"],"visuals":{"large":"https:\/\/images.epagine.fr\/666\/9780008532666_1_75.jpg","medium":"https:\/\/images.epagine.fr\/666\/9780008532666_1_m.jpg","thumbnail":"https:\/\/images.epagine.fr\/666\/9780008532666_1_v.jpg"},"orderable":true,"show_badge":true,"formatted_price":"16,40&nbsp;\u20ac","formatted_published_date":"29 ao\u00fbt 2024","publisher_availability_label":"Sur commande","short_details":"Jon Gower \u2014 Harper Collins Publishers","translator":null,"weight":235,"page_count":302,"readership":null,"editor":"Harper Collins Publishers","price":1640,"published_date":"2024-08-28T22:00:00.000000Z","support":"Poche","publisher_availability":1,"stock":0,"editions":[],"url":"https:\/\/quaidesbrumes.com\/ouvrage\/9780008532666\/the-turning-tide-a-biography-of-the-irish-sea"},{"id":"9782410029925","title":"Revue Gen\u00e8ses n.139 : D\u00e9sordre environnemental et ordre social","description":"Si l'urgence de la situation \u00e9cologique donne d\u00e9sormais lieu \u00e0 une multiplication de publications et d'expertises, les travaux \u00e9tudiant la condition \u00e9cologique des diff\u00e9rentes classes sociales restent peu nombreux en France. De fa\u00e7on plus nette encore, des recherches r\u00e9centes ou en cours, empiriquement attentives aux trajectoires, socialisations et positions sociales, attestent la f\u00e9condit\u00e9 d'une analyse de l'enjeu \u00e9cologique depuis la sociologie g\u00e9n\u00e9rale. En particulier, avec la question \u00e9cologique, se rejouent des luttes de classement relatives \u00e0 l'\u00e9chelle des savoirs, au prestige des m\u00e9tiers, aux usages (d\u00e9)valoris\u00e9s de la nature ou aux profits de distinction attach\u00e9s \u00e0 certains cadres et modes de vie. Les asym\u00e9tries entre r\u00e9cits \u00e9cologiques dominants, port\u00e9s par les groupes dominants ou fortement dot\u00e9s en capital culturel, et la prise en compte nettement plus contrainte dont sont redevables les classes populaires sont g\u00e9n\u00e9ralement interpr\u00e9t\u00e9es comme des enjeux de sup\u00e9riorit\u00e9 morale et de distinction. Ce dossier soutient qu'elles gagnent aussi \u00e0 \u00eatre \u00e9tudi\u00e9es dans leurs dimensions plus mat\u00e9rielles. La manifestation plus palpable des d\u00e9gradations environnementales ces derni\u00e8res ann\u00e9es, redoubl\u00e9e par l'intensification des alertes scientifiques, semble en effet modifier la nature m\u00eame des enjeux li\u00e9s \u00e0 la prise en compte, ou pas, de l'environnement par les diff\u00e9rents groupes sociaux. Il ne s'agirait plus simplement de faire preuve d'une \u00ab bonne volont\u00e9 environnementale \u00bb mais d'anticiper la perp\u00e9tuation de ses conditions d'existence dans des conditions environnementales fortement d\u00e9grad\u00e9es. Ce dossier se concentre donc sur une des dimensions au centre des rapports de classe sur le terrain \u00e9cologique : celle des strat\u00e9gies de reproduction des diff\u00e9rentes classes ou fractions de classe des groupes sociaux, une question qui permet aussi de penser autrement la condition \u00e9cologique des classes sociales et les conflits qui peuvent lui \u00eatre sous-jacents. La virulence de certaines des luttes autour des enjeux \u00e9cologiques montre qu'elles ne touchent pas seulement \u00e0 des enjeux de distinction mais \u00e0 la possibilit\u00e9 m\u00eame que certains groupes, certaines classes ou fractions de classe, puissent, ou pas, se reproduire, comment et \u00e0 quel prix, mat\u00e9riel et moral.","authors":["Collectif"],"category_codes":["4000000","4010000","4010200"],"visuals":{"large":"https:\/\/images.epagine.fr\/925\/9782410029925_1_75.jpg","medium":"https:\/\/images.epagine.fr\/925\/9782410029925_1_m.jpg","thumbnail":"https:\/\/images.epagine.fr\/925\/9782410029925_1_v.jpg"},"orderable":true,"show_badge":true,"formatted_price":"25,00&nbsp;\u20ac","formatted_published_date":"27 juin 2025","publisher_availability_label":"Sur commande","short_details":"Collectif \u2014 Belin \u00c9diteur","translator":null,"weight":264,"page_count":168,"readership":"Tout public","editor":"Belin \u00c9diteur","price":2500,"published_date":"2025-06-26T22:00:00.000000Z","support":"Revue","publisher_availability":1,"stock":0,"editions":[],"url":"https:\/\/quaidesbrumes.com\/ouvrage\/9782410029925\/revue-geneses-n139-desordre-environnemental-et-ordre-social"},{"id":"9782491364106","title":"Low-tech journal, int\u00e9grale n\u00b01 \u00e0 6 : Pour une \u00e9cologie du quotidien","description":"Yggdrasil est un mook, magazine-livre trimestriel, qui traite des questions li\u00e9es \u00e0 l'effondrement de notre civilisation ainsi que du renouveau et de la r\u00e9silience n\u00e9cessaires pour cette travers\u00e9e. Notre approche est pragmatique, scientifique et sensible, politique et spirituelle. Yggdrasil est une aventure port\u00e9e par Yvan Saint-Jours cr\u00e9ateur des magazines La Maison \u00e9cologique en 2001 et Kaizen en 2012, et Pablo Servigne, scientifique, auteur d'ouvrages clefs sur l'effondrement.","authors":["Jacques Tiberi"],"category_codes":["4000000","4010000","4010200","4010208"],"visuals":{"large":"https:\/\/images.epagine.fr\/106\/9782491364106_1_75.jpg","medium":"https:\/\/images.epagine.fr\/106\/9782491364106_1_m.jpg","thumbnail":"https:\/\/images.epagine.fr\/106\/9782491364106_1_v.jpg"},"orderable":true,"show_badge":true,"formatted_price":"25,00&nbsp;\u20ac","formatted_published_date":"16 janvier 2024","publisher_availability_label":"Sur commande","short_details":"Jacques Tiberi \u2014 Dandelion","translator":null,"weight":360,"page_count":140,"readership":null,"editor":"Dandelion","price":2500,"published_date":"2024-01-15T23:00:00.000000Z","support":"Grand format","publisher_availability":1,"stock":0,"editions":[],"url":"https:\/\/quaidesbrumes.com\/ouvrage\/9782491364106\/low-tech-journal-integrale-n1-a-6-pour-une-ecologie-du-quotidien"},{"id":"9782832101629","title":"Herbier alpin, herbier divin","description":"\" Le moment o\u00f9 l'on voit pour la premi\u00e8re fois une fleur est pareil au premier regard de l'amour.\r\nOn a trouv\u00e9 l'\u00e9trange, le magnifique. Car la fleur elle-m\u00eame est un regard, mais combien pur et absolu. oeil de la terre, de Dieu ou de l'enfer ? Baume ou poison ? Et la fleur des montagnes plus que toute autre encore. \"","authors":["S. Corinna Bille","Germaine Hainard roten","Robert Hainard"],"category_codes":["4000000","4010000","4010300"],"visuals":{"large":"https:\/\/images.epagine.fr\/629\/9782832101629_1_75.jpg","medium":"https:\/\/images.epagine.fr\/629\/9782832101629_1_m.jpg","thumbnail":"https:\/\/images.epagine.fr\/629\/9782832101629_1_v.jpg"},"orderable":true,"show_badge":true,"formatted_price":"46,00&nbsp;\u20ac","formatted_published_date":"11 janvier 2007","publisher_availability_label":"Sur commande","short_details":"S. Corinna Bille, Germaine Hainard roten, Robert Hainard \u2014 Slatkine","translator":null,"weight":1085,"page_count":208,"readership":null,"editor":"Slatkine","price":4600,"published_date":"2007-01-10T23:00:00.000000Z","support":"Grand format","publisher_availability":1,"stock":0,"editions":[],"url":"https:\/\/quaidesbrumes.com\/ouvrage\/9782832101629\/herbier-alpin-herbier-divin"},{"id":"9782716317498","title":"Dictionnaire complet des plantes m\u00e9dicinales ; 470 plantes & 300 pathologies trait\u00e9es","description":"Ce DICTIONNAIRE pratique et complet de\u00b4crit 470 PLANTES ME\u00b4DICINALES efficaces pour 500 PATHOLOGIES COURANTES.\r\n- COMMENT LES UTILISER EN INFUSION, EN INHALATION OU EN CATAPLASME selon les cas, et pour soigner une ou plusieurs pathologies ?\r\n- COMMENT LES CONSERVER ?\r\nLes plantes me\u00b4dicinales que Dame Nature nous offre selon les saisons sont utilise\u00b4es partout dans le monde par ceux qui en connaissent les vertus : elles soulagent nos bobos du quotidien et nous aident a` pallier tous nos soucis de sante\u00b4.\r\nOn les trouve en pharmacie, en herboristerie voire dans certains magasins ou rayons die\u00b4te\u00b4tiques.\r\nLe Dr Zahalka est un ve\u00b4ritable expert passionne\u00b4 des plantes, des huiles essentielles, des eaux florales et des hydrolats, qu'il expe\u00b4rimente depuis de nombreuses anne\u00b4es dans son officine a` Paris. Il guide ses clients (adultes et enfants) qui le sollicitent pour un conseil, un traitement, quels que soient leurs maux du quotidien.\r\nCe dictionnaire re\u00b4fe\u00b4rence aussi les plantes toxiques les plus re\u00b4glemente\u00b4es, les utilisations de plantes exotiques re\u00b4centes et reconnues pour leurs vertus the\u00b4rapeutiques et les plantes me\u00b4dicinales dont les effets inde\u00b4sirables sont supe\u00b4rieurs aux be\u00b4ne\u00b4fices attendus.\r\nUN INDEX COMPLET (me\u00b4dical et botanique) est disponible en fin d'ouvrage. Jean-Philippe Zahalka est Docteur en Pharmacie. Dans son officine parisienne, huiles essentielles et plantes sont en premie`re place (il en posse`de environ 500 sortes en magasin). Intarissable, c'est avec passion et expe\u00b4rience qu'il de\u00b4livre ses conseils depuis plus de 30 ans pour le bien-e^tre et la sante\u00b4 de ses clients dans un souci de qualite\u00b4.","authors":["Jean-Philippe Zahalka"],"category_codes":["4000000","4010000","4010400","4010404"],"visuals":{"large":"https:\/\/images.epagine.fr\/498\/9782716317498_1_75.jpg","medium":"https:\/\/images.epagine.fr\/498\/9782716317498_1_m.jpg","thumbnail":"https:\/\/images.epagine.fr\/498\/9782716317498_1_v.jpg"},"orderable":true,"show_badge":true,"formatted_price":"25,00&nbsp;\u20ac","formatted_published_date":"3 septembre 2020","publisher_availability_label":"Sur commande","short_details":"Jean-Philippe Zahalka \u2014 Dauphin Editions","translator":null,"weight":750,"page_count":496,"readership":null,"editor":"Dauphin Editions","price":2500,"published_date":"2020-09-02T22:00:00.000000Z","support":"Grand format","publisher_availability":1,"stock":0,"editions":[],"url":"https:\/\/quaidesbrumes.com\/ouvrage\/9782716317498\/dictionnaire-complet-des-plantes-medicinales-470-plantes-300-pathologies-traitees"},{"id":"9782716317580","title":"Le pouvoir cach\u00e9 des arbres : 40 arbres \u00e0 d\u00e9couvrir, 120 ateliers famille \u00e0 faire en for\u00eat","description":"Les arbres sont innombrables et essentiels \u00e0 la vie. Mais savez-vous les reconna\u00eetre et profiter de leur vertu au quotidien ?\r\nV\u00e9ritable immersion au coeur de la nature et de la for\u00eat, d\u00e9couvrez un \u00e0 un, 40 arbres, leurs feuilles, leurs fruits et leurs multiples bienfaits, et identifiez votre arbre protecteur selon le calendrier celtique. Protecteurs du jardin, contre le r\u00e9chauffement climatique et la pollution, les arbres ont \u00e9galement une influence sur votre bien\u00eatre et votre sant\u00e9. Comme des amis, ils vous mettent de bonne humeur, favorisent votre concentration et vous font du bien. Tisane de fleurs d'acacia contre le rhume, compresse d'\u00e9corce de ch\u00eane pour un effet bonne mine, inhalation de noix de cypr\u00e8s contre la toux... leurs vertus sont multiples et soulagent vos maux du quotidien.\r\nSi les arbres communiquent entre eux, ils communiquent aussi avec les hommes. Certains soulagent vos souffrances, d'autres vous redonnent de l'\u00e9nergie ou vous apaisent... pour peu que vous les laissiez faire ! Le palmier est un sexoth\u00e9rapeute de premier choix, le ch\u00eane, l'antifatigue, le figuier, l'antistress et le fr\u00eane, l'anti-rhumatismal...\r\nApr\u00e8s avoir lu ce livre, votre regard sur les arbres ne sera plus jamais le m\u00eame. Que ce soit en for\u00eat ou en ville, vous leur porterez une attention nouvelle et plus \u00e9clair\u00e9e.","authors":["Thierry Beaufort"],"category_codes":["4000000","4010000","4010400","4010406"],"visuals":{"large":"https:\/\/images.epagine.fr\/580\/9782716317580_1_75.jpg","medium":"https:\/\/images.epagine.fr\/580\/9782716317580_1_m.jpg","thumbnail":"https:\/\/images.epagine.fr\/580\/9782716317580_1_v.jpg"},"orderable":true,"show_badge":true,"formatted_price":"29,00&nbsp;\u20ac","formatted_published_date":"26 novembre 2020","publisher_availability_label":"Sur commande","short_details":"Thierry Beaufort \u2014 Dauphin Editions","translator":null,"weight":1020,"page_count":372,"readership":null,"editor":"Dauphin Editions","price":2900,"published_date":"2020-11-25T23:00:00.000000Z","support":"Grand format","publisher_availability":1,"stock":0,"editions":[],"url":"https:\/\/quaidesbrumes.com\/ouvrage\/9782716317580\/le-pouvoir-cache-des-arbres-40-arbres-a-decouvrir-120-ateliers-famille-a-faire-en-foret"},{"id":"9782716317757","title":"L'\u00e9copsychologie : comment renouer avec la nature pour agir autrement","description":"Nous vivons aujourd'hui une p\u00e9riode de bouleversements sans pr\u00e9c\u00e9dent o\u00f9, apr\u00e8s l'extinction de tant d'esp\u00e8ces vivantes, se pose la question de notre propre avenir.\r\nL'Homme doit, pour s'offrir un futur, renouer avec la Nature.\r\nA la charni\u00e8re entre les sciences naturelles et les sciences humaines, l'\u00e9copsychologie nous offre les moyens de changer de mode de vie :\r\nPar une prise de conscience ;\r\nPar un changement de comportement.\r\nMouvance plut\u00f4t m\u00e9connue en France, l'\u00e9copsychologie se fonde, entre autres, sur l'\u00e9coth\u00e9rapie, la voie chamanique, l'inconscient \u00e9cologique. Apr\u00e8s avoir \u00e9voqu\u00e9 les limites de la psychologie, les auteurs nous offrent dans ce livre des propositions d'actions concr\u00e8tes ainsi que des pistes de r\u00e9flexion menant \u00e0 de nouvelles approches pour un rapport harmonieux Homme-Nature.","authors":["Patrick Gu\u00e9rin","Marie Romanens"],"category_codes":["4000000","4010000","4010200","4010207"],"visuals":{"large":"https:\/\/images.epagine.fr\/757\/9782716317757_1_75.jpg","medium":"https:\/\/images.epagine.fr\/757\/9782716317757_1_m.jpg","thumbnail":"https:\/\/images.epagine.fr\/757\/9782716317757_1_v.jpg"},"orderable":true,"show_badge":true,"formatted_price":"20,00&nbsp;\u20ac","formatted_published_date":"14 octobre 2021","publisher_availability_label":"Sur commande","short_details":"Patrick Gu\u00e9rin, Marie Romanens \u2014 Dauphin Editions","translator":null,"weight":356,"page_count":256,"readership":null,"editor":"Dauphin Editions","price":2000,"published_date":"2021-10-13T22:00:00.000000Z","support":"Grand format","publisher_availability":1,"stock":0,"editions":[],"url":"https:\/\/quaidesbrumes.com\/ouvrage\/9782716317757\/lecopsychologie-comment-renouer-avec-la-nature-pour-agir-autrement"}]}