{"data":[{"id":"9782336501611","title":"Crises de l'environnement, crises du politique","description":"La M\u00e9diterran\u00e9e et le Moyen-Orient constituent un arc de crises multiples, irr\u00e9solues et prolong\u00e9es qui ressurgissent souvent avec une intensit\u00e9 dramatique. \r\nCrises de l'environnement et crises du politique sont fortement li\u00e9es et leurs cons\u00e9quences p\u00e8sent plus lourdement sur les populations les plus pr\u00e9caires ou les plus marginalis\u00e9es. Elles r\u00e9v\u00e8lent les fragilit\u00e9s structurelles d'un espace sous contraintes.\r\nLes contributions invitent \u00e0 penser les crises environnementales comme des r\u00e9v\u00e9lateurs de crises politiques qui n\u00e9cessitent de r\u00e9viser les structures sociales, \u00e9conomiques et de gouvernance actuelles.","authors":["Confluences m\u00e9diterran\u00e9e"],"category_codes":["4000000","4010000","4010200","4010208"],"visuals":{"large":"https:\/\/images.epagine.fr\/611\/9782336501611_1_75.jpg","medium":"https:\/\/images.epagine.fr\/611\/9782336501611_1_m.jpg","thumbnail":"https:\/\/images.epagine.fr\/611\/9782336501611_1_v.jpg"},"orderable":true,"show_badge":true,"formatted_price":"20,00&nbsp;\u20ac","formatted_published_date":"28 novembre 2024","publisher_availability_label":"Sur commande","short_details":"Confluences m\u00e9diterran\u00e9e \u2014 \u00c9ditions L'Harmattan","translator":null,"weight":274,"page_count":178,"readership":null,"editor":"\u00c9ditions L'Harmattan","price":2000,"published_date":"2024-11-27T23:00:00.000000Z","support":"Revue","publisher_availability":1,"stock":0,"editions":[],"url":"https:\/\/quaidesbrumes.com\/ouvrage\/9782336501611\/crises-de-lenvironnement-crises-du-politique"},{"id":"9782959234903","title":"\u00c9cologie 360 n.6 : L'oc\u00e9an, notre meilleur alli\u00e9","description":null,"authors":["Collectif"],"category_codes":["4000000","4010000","4010200","4010207"],"visuals":{"large":"https:\/\/images.epagine.fr\/903\/9782959234903_1_75.jpg","medium":"https:\/\/images.epagine.fr\/903\/9782959234903_1_m.jpg","thumbnail":"https:\/\/images.epagine.fr\/903\/9782959234903_1_v.jpg"},"orderable":true,"show_badge":true,"formatted_price":"11,90&nbsp;\u20ac","formatted_published_date":"2 ao\u00fbt 2024","publisher_availability_label":"Sur commande","short_details":"Collectif \u2014 Ecologie 360","translator":null,"weight":498,"page_count":162,"readership":null,"editor":"Ecologie 360","price":1190,"published_date":"2024-08-01T22:00:00.000000Z","support":"Revue","publisher_availability":1,"stock":0,"editions":[],"url":"https:\/\/quaidesbrumes.com\/ouvrage\/9782959234903\/ecologie-360-n6-locean-notre-meilleur-allie"},{"id":"9782959234910","title":"\u00c9cologie 360 n.7 : Intelligence artificielle : La r\u00e9volution verte","description":"Ecologie 360 est un magazine port\u00e9 sur les solutions qui vont permettre la r\u00e9ussite, dans le temps, de la transition \u00e9cologique. Ces solutions sont nombreuses gr\u00e2ce \u00e0 la volont\u00e9 de multiples acteurs qui mettent en oeuvre des dispositifs pour lutter contre la pollution, contre le r\u00e9chauffement climatique, pour pr\u00e9server la biodiversit\u00e9. Ecologie 360 veut faire comprendre la situation de mani\u00e8re objective, factuelle.","authors":["Collectif"],"category_codes":["4000000","4010000","4010200","4010208"],"visuals":{"large":"https:\/\/images.epagine.fr\/910\/9782959234910_1_75.jpg","medium":"https:\/\/images.epagine.fr\/910\/9782959234910_1_m.jpg","thumbnail":"https:\/\/images.epagine.fr\/910\/9782959234910_1_v.jpg"},"orderable":true,"show_badge":true,"formatted_price":"9,90&nbsp;\u20ac","formatted_published_date":"11 septembre 2024","publisher_availability_label":"Sur commande","short_details":"Collectif \u2014 Ecologie 360","translator":null,"weight":414,"page_count":130,"readership":null,"editor":"Ecologie 360","price":990,"published_date":"2024-09-10T22:00:00.000000Z","support":"Revue","publisher_availability":1,"stock":0,"editions":[],"url":"https:\/\/quaidesbrumes.com\/ouvrage\/9782959234910\/ecologie-360-n7-intelligence-artificielle-la-revolution-verte"},{"id":"9782715985124","title":"G\u00e9osciences n.28 : Changement climatique comment s'adapter ?","description":null,"authors":["Collectif"],"category_codes":["4000000","4010000","4010300","4010306"],"visuals":{"large":"https:\/\/images.epagine.fr\/124\/9782715985124_1_75.jpg","medium":"https:\/\/images.epagine.fr\/124\/9782715985124_1_m.jpg","thumbnail":"https:\/\/images.epagine.fr\/124\/9782715985124_1_v.jpg"},"orderable":true,"show_badge":true,"formatted_price":"12,00&nbsp;\u20ac","formatted_published_date":"20 f\u00e9vrier 2025","publisher_availability_label":"Sur commande","short_details":"Collectif \u2014 Brgm","translator":null,"weight":319,"page_count":92,"readership":null,"editor":"Brgm","price":1200,"published_date":"2025-02-19T23:00:00.000000Z","support":"Revue","publisher_availability":1,"stock":0,"editions":[],"url":"https:\/\/quaidesbrumes.com\/ouvrage\/9782715985124\/geosciences-n28-changement-climatique-comment-sadapter"},{"id":"9782875521743","title":"Rencontrer les plantes : Approche par la m\u00e9thode de Goethe","description":"Tout nous pousse aujourd'hui \u00e0 retrouver un lien avec la nature dont nous sommes totalement s\u00e9par\u00e9s dans notre comportement quotidien.\r\n\r\nPar la ph\u00e9nom\u00e9nologie goeth\u00e9enne de la nature initi\u00e9e par Goethe, c\u00e9l\u00e8bre \u00e9crivain allemand pour son oeuvre litt\u00e9raire (Les Souffrances du jeune Werther, Faust ...), les auteurs, Christian Escriva et Jean-Michel Florin nous invitent \u00e0 nous ouvrir \u00e0 nouveau \u00e0 la nature et aux plantes et \u00e0 d\u00e9velopper une attitude active d'\u00e9tonnement et d'\u00e9merveillement afin de percevoir une autre r\u00e9alit\u00e9 des plantes et de leurs huiles essentielles.\r\n\r\nIls affirment qu'une huile essentielle, constitu\u00e9e d'un ensemble de mol\u00e9cules, porte une information globale qui ne peut \u00eatre r\u00e9duite \u00e0 la somme de ses composants.\r\n\r\nPourquoi \u00e9tudier les Lamiac\u00e9es c'est-\u00e0-dire les Lavandes, Thyms, Sauges, Menthes, Romarins, Origans ...?? Parce qu'elles sont consid\u00e9r\u00e9es depuis toujours comme la famille m\u00e9dicinale par excellence, tr\u00e8s \u00e9volu\u00e9e et tr\u00e8s \u00e9labor\u00e9e avec une morphologie complexe et des propri\u00e9t\u00e9s th\u00e9rapeutiques tr\u00e8s riches.\r\n\r\nApr\u00e8s avoir expos\u00e9 l'approche selon la m\u00e9thode de Goethe, l'ouvrage pr\u00e9cise les m\u00e9thodes utilis\u00e9es pour explorer et appr\u00e9hender la globalit\u00e9 des plantes de la famille des Lamiac\u00e9es et de leurs huiles essentielles ; comment les red\u00e9couvrir par le go\u00fbt, l'odeur et la morphologie.","authors":["Escriva","Florin"],"category_codes":["4000000","4010000","4010400","4010401"],"visuals":{"large":"https:\/\/images.epagine.fr\/743\/9782875521743_1_75.jpg","medium":"https:\/\/images.epagine.fr\/743\/9782875521743_1_m.jpg","thumbnail":"https:\/\/images.epagine.fr\/743\/9782875521743_1_v.jpg"},"orderable":true,"show_badge":true,"formatted_price":"40,00&nbsp;\u20ac","formatted_published_date":"1er avril 2011","publisher_availability_label":"Sur commande","short_details":"Escriva, Florin \u2014 Amyris","translator":null,"weight":840,"page_count":null,"readership":null,"editor":"Amyris","price":4000,"published_date":"2011-03-31T22:00:00.000000Z","support":"Grand format","publisher_availability":1,"stock":0,"editions":[],"url":"https:\/\/quaidesbrumes.com\/ouvrage\/9782875521743\/rencontrer-les-plantes-approche-par-la-methode-de-goethe"},{"id":"9782356876720","title":"Extractivisme : logiques d'un syst\u00e8me d'accaparement","description":"Le d\u00e9veloppement \u00e9conomique mondial de la soci\u00e9t\u00e9 thermo-industrielle repose sur une r\u00e9alit\u00e9 physique que l'on a longtemps eu du mal \u00e0 saisir et qui peut \u00eatre r\u00e9sum\u00e9e \u00e0 une acc\u00e9l\u00e9ration vertigineuse des flux de mati\u00e8res utilis\u00e9es pour alimenter l'activit\u00e9 humaine.\r\nL'extractivisme d\u00e9crit cette logique de pr\u00e9l\u00e8vement massif de ressources venant alimenter la machine \u00e9conomique.\r\nUtilis\u00e9 de mani\u00e8re critique au tournant du XXIe si\u00e8cle par des chercheurs et des militants d'Am\u00e9rique du Sud pour d\u00e9crire le ph\u00e9nom\u00e8ne d'exploitation intensive et g\u00e9n\u00e9ralis\u00e9e de la nature dont ils \u00e9taient t\u00e9moins sur leurs territoires, le terme d'extractivisme tend par la suite \u00e0 se g\u00e9n\u00e9raliser \u00e0 l'ensemble des projets d'exploitation industrielle de la nature. Projets qui ignorent aussi bien l'\u00e9puisement des ressources que les impacts destructeurs d'un point de vue social et environnemental. Cette logique d'extraction de valeur \u00e0 des fins d'accaparement ou de d\u00e9possession, peut s'appliquer \u00e0 l'exploitation de ressources sous toutes ses formes : force de travail, savoirs (data mining), connaissances autochtones (biopiraterie), etc.","authors":["Fabrice Flipo"],"category_codes":["4000000","4010000","4010200"],"visuals":{"large":"https:\/\/images.epagine.fr\/720\/9782356876720_1_75.jpg","medium":"https:\/\/images.epagine.fr\/720\/9782356876720_1_m.jpg","thumbnail":"https:\/\/images.epagine.fr\/720\/9782356876720_1_v.jpg"},"orderable":true,"show_badge":true,"formatted_price":"20,00&nbsp;\u20ac","formatted_published_date":"22 novembre 2019","publisher_availability_label":"Sur commande","short_details":"Fabrice Flipo \u2014 Le Bord de l'eau","translator":null,"weight":290,"page_count":192,"readership":null,"editor":"Le Bord de l'eau","price":2000,"published_date":"2019-11-21T23:00:00.000000Z","support":"Revue","publisher_availability":1,"stock":0,"editions":[],"url":"https:\/\/quaidesbrumes.com\/ouvrage\/9782356876720\/extractivisme-logiques-dun-systeme-daccaparement"},{"id":"9782356877710","title":"Vers de nouvelles \u00e9cologies populaires ?","description":"Dans les ann\u00e9es 1950, la France bascule dans une soci\u00e9t\u00e9 de consommation. Cela ne se fait pas sans r\u00e9sistances. Bien que rarement motiv\u00e9es par l'\u00ab \u00e9cologie \u00bb en tant que science de la biosph\u00e8re, les r\u00e9sistances cherchent \u00e0 pr\u00e9server un \u00ab monde v\u00e9cu \u00bb (Andr\u00e9 Gorz) contre l'envahissement de logiques ext\u00e9rieures et mal ma\u00eetris\u00e9es, cependant non sans un d\u00e9sir d'obtenir une juste part de la production, d\u00e9sir sur lequel s'appuiera le socialisme.\r\nQuelques d\u00e9cennies plus tard, sondages et enqu\u00eates montrent qu'une large part de la population a conscience des enjeux \u00e9cologiques au sens tr\u00e8s g\u00e9n\u00e9ral du terme, sans pour autant disposer d'une intelligibilit\u00e9 fine qui lui permettrait de se rep\u00e9rer avec suffisamment de certitude entre les causes et les cons\u00e9quences des probl\u00e8mes. De puissants int\u00e9r\u00eats s'opposent \u00e0 une telle \u00e9volution des consciences, per\u00e7ue comme pouvant menacer la bonne conduite des affaires. De fait, la pression consum\u00e9riste demeure, comme en t\u00e9moignent les travaux sur les usages d'Internet dans les classes populaires. Dans ce contexte, la r\u00e9action des Gilets jaunes face \u00e0 la taxe carbone a pu \u00eatre interpr\u00e9t\u00e9e comme une contestation de ce qui \u00e9tait pr\u00e9sent\u00e9 comme une \u00ab mesure pour sauver la plan\u00e8te \u00bb. Et si les classes populaires investissaient l'\u00e9cologie autrement que les \u00e9cologistes attitr\u00e9s ou les mouvements constitu\u00e9s ? Les enqu\u00eates propos\u00e9es ici montrent d'autres voies, d'autres r\u00eaves, plus proches de la ma\u00eetrise c\u00e9g\u00e9tiste low-tech de l'outil de production que de la ZAD de Notre-Dame-des-Landes.","authors":["Revue \u00e9cologie et politique"],"category_codes":["4000000","4010000","4010200"],"visuals":{"large":"https:\/\/images.epagine.fr\/710\/9782356877710_1_75.jpg","medium":"https:\/\/images.epagine.fr\/710\/9782356877710_1_m.jpg","thumbnail":"https:\/\/images.epagine.fr\/710\/9782356877710_1_v.jpg"},"orderable":true,"show_badge":true,"formatted_price":"20,00&nbsp;\u20ac","formatted_published_date":"9 avril 2021","publisher_availability_label":"Sur commande","short_details":"Revue \u00e9cologie et politique \u2014 Le Bord de l'eau","translator":null,"weight":500,"page_count":192,"readership":null,"editor":"Le Bord de l'eau","price":2000,"published_date":"2021-04-08T22:00:00.000000Z","support":"Revue","publisher_availability":1,"stock":0,"editions":[],"url":"https:\/\/quaidesbrumes.com\/ouvrage\/9782356877710\/vers-de-nouvelles-ecologies-populaires"},{"id":"9782363833228","title":"Propos n.1 : pour une R\u00e9publique \u00e9cologique","description":"Au moment o\u00f9 s'\u00e9bauchent les grandes red\u00e9finitions et recompositions politiques et o\u00f9 se pr\u00e9pare la bataille d\u00e9cisive de l'\u00e9lection pr\u00e9sidentielle, la revue PROPOS pour une R\u00e9publique \u00e9cologique est une contribution collective \u00e0 la recherche d'horizons et de rep\u00e8res nouveaux, en lien avec les mutations du monde. Advenu par crises successives, l'Anthropoc\u00e8ne signe l'obsolescence du mod\u00e8le de d\u00e9veloppement occidental et invite \u00e0 la r\u00e9invention de la gauche et de l'\u00e9cologie politique comme des institutions.\r\n\r\nInspir\u00e9s par les principes porteurs d'\u00e9mancipation humaine qui ont fond\u00e9 nos syst\u00e8mes politiques, sociaux et d\u00e9mocratiques, ces textes cherchent \u00e0 \u00e9clairer la nouvelle relation de solidarit\u00e9 que l'humain doit \u00e9tablir avec son milieu pour garantir la p\u00e9rennit\u00e9 d'une plan\u00e8te vivable, et donc sa survie, au travers de ce que serait une R\u00e9publique \u00e9cologique.\r\n\r\nLes expert\u00b7es, universitaires, \u00e9lu\u00b7es \u00e9minent\u00b7es qui ont particip\u00e9 au premier cycle de s\u00e9minaires (Esther Benbassa, Rachid Benzine, Nathalie Blanc, Val\u00e9rie Cabanes, Am\u00e9lie Canonne, Damien Deville, Guillaume Gontard, Violaine Husson, Caroline Izambert, R\u00e9mi Lefebvre, Claire Lejeune, Philippe Meirieu) et \u00e0 la r\u00e9flexion parlent d'une r\u00e9volution d'un genre nouveau qui a d\u00e9j\u00e0 commenc\u00e9 et s'interrogent sur les conditions incertaines de son d\u00e9bouch\u00e9.\r\n\r\nCe recueil invite \u00e0 revisiter les valeurs d'universalit\u00e9, de libert\u00e9, \u00e9galit\u00e9, fraternit\u00e9, citoyennet\u00e9, de bien public ou d'int\u00e9r\u00eat g\u00e9n\u00e9ral et \u00e0 remettre dans le d\u00e9bat public les concepts de nation, de propri\u00e9t\u00e9, de citoyennet\u00e9, de sant\u00e9, d'\u00e9ducation ou de territoires \u00e0 l'aune du respect du vivant.\r\nCe premier num\u00e9ro traite prioritairement des questions de soci\u00e9t\u00e9, les suivants seront le fruit de nouveaux cycles de s\u00e9minaires, o\u00f9 le r\u00e9galien (institutions, justice, \u00e9ducation, s\u00e9curit\u00e9, fiscalit\u00e9, d\u00e9fense) et l'\u00e9conomie seront au coeur des d\u00e9bats.\r\n\r\nComit\u00e9 de r\u00e9daction de PROPOS pour une R\u00e9publique \u00e9cologique : Sous la direction de Claire Monod et Fr\u00e9d\u00e9ric Kalfon, Alice Brauns, Yves Contassot, Isabelle Couradin, Bernard Drobenko, Jean-No\u00ebl Lafaille, Marie Motto-Ros, Jean-Luc Sallaberry, Catherine Sonnet.\r\n\r\nIllustration : Magali Brueder.","authors":["Collectif","Frederic Kalfon","Claire Monod"],"category_codes":["4000000","4010000","4010200","4010204"],"visuals":{"large":"https:\/\/images.epagine.fr\/228\/9782363833228_1_75.jpg","medium":"https:\/\/images.epagine.fr\/228\/9782363833228_1_m.jpg","thumbnail":"https:\/\/images.epagine.fr\/228\/9782363833228_1_v.jpg"},"orderable":true,"show_badge":true,"formatted_price":"9,00&nbsp;\u20ac","formatted_published_date":"6 janvier 2022","publisher_availability_label":"Sur commande","short_details":"Collectif, Frederic Kalfon, Claire Monod \u2014 Les petits matins","translator":null,"weight":160,"page_count":128,"readership":null,"editor":"Les petits matins","price":900,"published_date":"2022-01-05T23:00:00.000000Z","support":"Revue","publisher_availability":1,"stock":0,"editions":[],"url":"https:\/\/quaidesbrumes.com\/ouvrage\/9782363833228\/propos-n1-pour-une-republique-ecologique"},{"id":"9782363833402","title":"Propos n.2 : d\u00e9cider l'\u00e9cologie, l'Etat \u00e9cologique","description":"PROPOS fait siennes les aspirations des citoyens \u00e0 prendre soin de la plan\u00e8te et ses habitants en construisant les chemins d'une gouvernance \u00e9cologique. Le n\u00b0 2 interroge la transformation de la soci\u00e9t\u00e9 pour  d\u00e9cider dans un \u00c9tat \u00e9cologique , il bouscule les id\u00e9es re\u00e7ues et cherche \u00e0 d\u00e9finir une \u00e9cologie r\u00e9galienne.\r\nC'est au moment o\u00f9 se d\u00e9cident en France les orientations politiques de la d\u00e9cennie critique pour le climat, la justice sociale et la d\u00e9mocratie, dans un contexte mondial des plus instables apr\u00e8s deux ann\u00e9es de pand\u00e9mie, que la revue PROPOS pour une R\u00e9publique \u00e9cologique initie, dans ce deuxi\u00e8me num\u00e9ro, une r\u00e9flexion sur ce que pourrait \u00eatre une \u00e9cologie r\u00e9galienne. Il ne peut y avoir de v\u00e9ritable passage \u00e0 une soci\u00e9t\u00e9 \u00e9cologique sans changement de R\u00e9publique. Il est d\u00e8s lors indispensable de se pencher de fa\u00e7on syst\u00e9mique sur l'architecture de l'\u00c9tat, les institutions, le fonctionnement de l'\u00e9conomie, la place de l'\u00e9ducation, la sant\u00e9, l'arm\u00e9e, la r\u00e9affirmation de l'\u00c9tat de droit, des libert\u00e9s, de l'\u00e9galit\u00e9 et de la s\u00e9curit\u00e9 des citoyen&middot;nes et de la nature, comme autant de moyens de construire une soci\u00e9t\u00e9 viable et r\u00e9siliente.\r\n\r\n \r\n\r\n La R\u00e9publique \u00e9cologique est le cadre nouveau adapt\u00e9 au XXIe si\u00e8cle qui place l'int\u00e9r\u00eat commun, dans les limites plan\u00e9taires et la solidarit\u00e9 entre les humains - mais aussi avec le milieu naturel -, au coeur de l'organisation de l'\u00c9tat, pr\u00e9serve l'ensemble du vivant, lui donne des droits, garantit l'\u00e9galit\u00e9 et la justice dans la multi-culturalit\u00e9 et la diversit\u00e9 des territoires o\u00f9 s'exerce une d\u00e9mocratie renouvel\u00e9e.\r\n\r\n \r\n\r\n Articul\u00e9s autour des missions r\u00e9galiennes de l'\u00c9tat et des leviers pour une transformation des institutions, les sujets abord\u00e9s ici cherchent \u00e0 tracer le chemin qui donne toute sa place \u00e0 la puissance publique dans la transformation \u00e9cologique, sociale et d\u00e9mocratique de la soci\u00e9t\u00e9. De nombreuses personnalit\u00e9s de talent, reconnues dans leurs domaines, expertes, souvent engag\u00e9es et toujours enthousiasmantes, ont bien voulu contribuer \u00e0 \u00e9clairer cette r\u00e9flexion et r\u00e9diger des textes pour ce nouveau num\u00e9ro de la revue PROPOS. Ainsi, Ari\u00e9 Alimi, F\u00e9lix Blanc, Laure Bonnevie, Kassim Bouhou, C\u00e9line Cael, Carolina Cerda-Guzman, C\u00e9line Danion, Patrick Farbiaz, David Flacher, Alain Fournier, J\u00e9r\u00f4me Gleizes, Claire Lejeune, No\u00ebl Mam\u00e8re, Dominique M\u00e9da, Philippe Meirieu, Timoth\u00e9e Parrique, Fr\u00e9d\u00e9ric Pitaval, Laurent Reynaud, Lucile Schmid, Fran\u00e7ois Thiollet ont particip\u00e9, \u00e0 nos c\u00f4t\u00e9s, \u00e0 d\u00e9crire ce que pourrait d\u00e9cider, et comment, un \u00c9tat \u00e9cologique.","authors":["Collectif","Frederic Kalfon","Claire Monod"],"category_codes":["4000000","4010000","4010200","4010207"],"visuals":{"large":"https:\/\/images.epagine.fr\/402\/9782363833402_1_75.jpg","medium":"https:\/\/images.epagine.fr\/402\/9782363833402_1_m.jpg","thumbnail":"https:\/\/images.epagine.fr\/402\/9782363833402_1_v.jpg"},"orderable":true,"show_badge":true,"formatted_price":"12,00&nbsp;\u20ac","formatted_published_date":"5 mai 2022","publisher_availability_label":"Sur commande","short_details":"Collectif, Frederic Kalfon, Claire Monod \u2014 Les petits matins","translator":null,"weight":226,"page_count":160,"readership":null,"editor":"Les petits matins","price":1200,"published_date":"2022-05-04T22:00:00.000000Z","support":"Revue","publisher_availability":1,"stock":0,"editions":[],"url":"https:\/\/quaidesbrumes.com\/ouvrage\/9782363833402\/propos-n2-decider-lecologie-letat-ecologique"},{"id":"9782918970019","title":"SNOW and MIXED CLIMBS, alpinism and ski mountaineering Volume 1, ECRINS East, CERCES, QUEYRAS","description":"topo-guide d'alpinsme et de ski-alpinisme en langue Anglaise 4 saisons du massif des Ecrins, Cerces et Queyras","authors":["Sebastien Constant"],"category_codes":["4000000","4010000","4010500","4010503"],"visuals":{"large":"https:\/\/images.epagine.fr\/019\/9782918970019_1_75.jpg","medium":"https:\/\/images.epagine.fr\/019\/9782918970019_1_m.jpg","thumbnail":"https:\/\/images.epagine.fr\/019\/9782918970019_1_v.jpg"},"orderable":true,"show_badge":true,"formatted_price":"40,00&nbsp;\u20ac","formatted_published_date":"1er janvier 2010","publisher_availability_label":"Sur commande","short_details":"Sebastien Constant \u2014 Sebastien Constant","translator":null,"weight":550,"page_count":352,"readership":null,"editor":"Sebastien Constant","price":4000,"published_date":"2009-12-31T23:00:00.000000Z","support":"Grand format","publisher_availability":1,"stock":0,"editions":[],"url":"https:\/\/quaidesbrumes.com\/ouvrage\/9782918970019\/snow-and-mixed-climbs-alpinism-and-ski-mountaineering-volume-1-ecrins-east-cerces-queyras"},{"id":"9782918970033","title":"Walking on a glacier","description":"Ce manuel p\u00e9dagogique est devenu depuis 2011 la r\u00e9f\u00e9rence en mati\u00e8re d'apprentissage de l'alpinisme en langue ANGLAISE.\r\nCe livre technique est \u00e0 la fois un manuel de randonn\u00e9e glaciaire et d'alpinisme.\r\nC'est la r\u00e9f\u00e9rence pour la formation aux technique de progression et de s\u00e9curit\u00e9 sur neige et glacier.\r\nCe guide p\u00e9dagogique s'adresse \u00e0 tout montagnard d\u00e9sireux de d\u00e9buter, de progresser ou de se perfectionner en montagne.\r\nVous trouverez toutes les manoeuvres de base pour s'encorder (noeuds, anneaux de buste, strat\u00e9gies d'encordement, ...), \u00e9voluer sur un glacier (techniques de cramponnage, utilisation piolet...), s'assurer en milieu neigeux et glaciaire (avec un frein, \u00e0 la taille, arr\u00eat d'une glissade...), et pour sortir d'une crevasse.","authors":["Constant Sebastien"],"category_codes":["4000000","4010000","4010500","4010503"],"visuals":{"large":"https:\/\/images.epagine.fr\/033\/9782918970033_1_75.jpg","medium":"https:\/\/images.epagine.fr\/033\/9782918970033_1_m.jpg","thumbnail":"https:\/\/images.epagine.fr\/033\/9782918970033_1_v.jpg"},"orderable":true,"show_badge":true,"formatted_price":"19,00&nbsp;\u20ac","formatted_published_date":"1er ao\u00fbt 2011","publisher_availability_label":"Sur commande","short_details":"Constant Sebastien \u2014 Sebastien Constant","translator":null,"weight":120,"page_count":64,"readership":null,"editor":"Sebastien Constant","price":1900,"published_date":"2011-07-31T22:00:00.000000Z","support":"Grand format","publisher_availability":1,"stock":0,"editions":[],"url":"https:\/\/quaidesbrumes.com\/ouvrage\/9782918970033\/walking-on-a-glacier"},{"id":"9782918970095","title":"Ice snow & mixed: techniques & strategies","description":"Ce livre technique en langue ANGLAISE est \u00e0 la fois un manuel p\u00e9dagogique d'alpinisme (couloir de neige, goulotte, ar\u00eates mixte) et de cascade de glace. C'est la nouvelle r\u00e9f\u00e9rence pour la formation aux technique de progression et de s\u00e9curit\u00e9 sur neige, glace et mixte.\r\nUn guide p\u00e9dagogique incontournable qui s'adresse \u00e0 tous les montagnards d\u00e9sireux de progresser, de se perfectionner et de parfaire leur exp\u00e9rience en alpinisme : couloir, cascade de glace, goulottes, mixte, ar\u00eates... Ce manuel rassemble les gestes et les techniques essentielles pour \u00e9voluer en montagne, \u00e9viter et anticiper les principaux pi\u00e8ges. D\u00e9couvrez une approche in\u00e9dite avec des sc\u00e9narios concrets pour am\u00e9liorer la s\u00e9curit\u00e9 et vous aider \u00e0 prendre des d\u00e9cisions et mieux vous adapter \u00e0 la montagne et \u00e0 ses conditions.\r\n- Ma\u00eetriser les techniques de neige, glace et mixte - Augmenter vos capacit\u00e9s et vos comp\u00e9tences - Diminuer vos risques d'erreurs sur le terrain - \u00c9viter et anticiper les situations ind\u00e9sirables - Am\u00e9liorer votre s\u00e9curit\u00e9 - Sauvetage crevasse et mouflage - Des outils et des conseils simples - 25 sc\u00e9narios pour ne pas se tromper - 170 croquis et 150 illustrations","authors":["Constant Sebastien"],"category_codes":["4000000","4010000","4010500","4010503"],"visuals":{"large":"https:\/\/images.epagine.fr\/095\/9782918970095_1_75.jpg","medium":"https:\/\/images.epagine.fr\/095\/9782918970095_1_m.jpg","thumbnail":"https:\/\/images.epagine.fr\/095\/9782918970095_1_v.jpg"},"orderable":true,"show_badge":true,"formatted_price":"25,00&nbsp;\u20ac","formatted_published_date":"1er ao\u00fbt 2016","publisher_availability_label":"Sur commande","short_details":"Constant Sebastien \u2014 Sebastien Constant","translator":null,"weight":165,"page_count":96,"readership":null,"editor":"Sebastien Constant","price":2500,"published_date":"2016-07-31T22:00:00.000000Z","support":"Grand format","publisher_availability":1,"stock":0,"editions":[],"url":"https:\/\/quaidesbrumes.com\/ouvrage\/9782918970095\/ice-snow-mixed-techniques-strategies"},{"id":"9782918970118","title":"Classic routes in the Ecrins","description":"Le topo-guide en langue ANGLAISE d'alpinisme estivale et de randonn\u00e9e glaciaire qui recense plus de 100 voies classiques \u00e0 parcourir l'\u00e9t\u00e9 dans le massif des Ecrins.","authors":["Constant Sebastien"],"category_codes":["4000000","4010000","4010500","4010503"],"visuals":{"large":"https:\/\/images.epagine.fr\/118\/9782918970118_1_75.jpg","medium":"https:\/\/images.epagine.fr\/118\/9782918970118_1_m.jpg","thumbnail":"https:\/\/images.epagine.fr\/118\/9782918970118_1_v.jpg"},"orderable":true,"show_badge":true,"formatted_price":"29,00&nbsp;\u20ac","formatted_published_date":"1er juillet 2018","publisher_availability_label":"Sur commande","short_details":"Constant Sebastien \u2014 Sebastien Constant","translator":null,"weight":290,"page_count":196,"readership":null,"editor":"Sebastien Constant","price":2900,"published_date":"2018-06-30T22:00:00.000000Z","support":"Grand format","publisher_availability":1,"stock":0,"editions":[],"url":"https:\/\/quaidesbrumes.com\/ouvrage\/9782918970118\/classic-routes-in-the-ecrins"},{"id":"9782925078449","title":"Cueillir la foret. guide d'identification des plantes sauvages","description":"Apr\u00e8s l'immense succ\u00e8s de l'ouvrage For\u00eat vendu \u00e0 plus de 50 000 exemplaires, voici son compagnon qui suivra le lecteur lors de ses balades dans la nature ! Cueillir la for\u00eat est un guide d'identification pratique et compact \u00e0 glisser dans son sac \u00e0 dos. Il contient plus de 100 fiches d\u00e9taill\u00e9es et plus de 300 photographies de plantes sauvages \u00e0 diff\u00e9rentes \u00e9tapes de leur croissance permettant d'identifier, cueillir et manger les tr\u00e9sors cach\u00e9s du terroir forestier qu\u00e9b\u00e9cois.","authors":["Le Gal Gerald"],"category_codes":["4000000","4010000","4010300"],"visuals":{"large":"https:\/\/images.epagine.fr\/449\/9782925078449_1_75.jpg","medium":"https:\/\/images.epagine.fr\/449\/9782925078449_1_m.jpg","thumbnail":"https:\/\/images.epagine.fr\/449\/9782925078449_1_v.jpg"},"orderable":true,"show_badge":true,"formatted_price":"35,00&nbsp;\u20ac","formatted_published_date":"15 juin 2022","publisher_availability_label":"Sur commande","short_details":"Le Gal Gerald \u2014 Cardinal Editions","translator":null,"weight":701,"page_count":null,"readership":null,"editor":"Cardinal Editions","price":3500,"published_date":"2022-06-14T22:00:00.000000Z","support":"Grand format","publisher_availability":1,"stock":0,"editions":[],"url":"https:\/\/quaidesbrumes.com\/ouvrage\/9782925078449\/cueillir-la-foret-guide-didentification-des-plantes-sauvages"},{"id":"9782763758206","title":"Flore nordique du Qu\u00e9bec et du Labrador  Tome 4","description":"La Flore nordique du Qu\u00e9bec et du Labrador, une source d'information essentielle sur le patrimoine v\u00e9g\u00e9tal du Qu\u00e9bec-Labrador nordique.","authors":["Serge Payette"],"category_codes":["4000000","4010000","4010300"],"visuals":{"large":"https:\/\/images.epagine.fr\/206\/9782763758206_1_75.jpg","medium":"https:\/\/images.epagine.fr\/206\/9782763758206_1_m.jpg","thumbnail":"https:\/\/images.epagine.fr\/206\/9782763758206_1_v.jpg"},"orderable":true,"show_badge":true,"formatted_price":"90,00&nbsp;\u20ac","formatted_published_date":"1er ao\u00fbt 2023","publisher_availability_label":"Sur commande","short_details":"Serge Payette \u2014 Presses De L'Universite De Laval","translator":null,"weight":1601,"page_count":624,"readership":null,"editor":"Presses De L'Universite De Laval","price":9000,"published_date":"2023-07-31T22:00:00.000000Z","support":"Grand format","publisher_availability":1,"stock":0,"editions":[],"url":"https:\/\/quaidesbrumes.com\/ouvrage\/9782763758206\/flore-nordique-du-quebec-et-du-labrador-tome-4"},{"id":"9782898042171","title":"Secrets de plantes Tome 2","description":"Amoureux de la nature et communicateur averti, Fabien Girard poss\u00e8de l'art de transmettre les multiples secrets des plantes, des arbres et des arbustes. Il ne cesse de contempler l'infinie beaut\u00e9 v\u00e9g\u00e9tale du Qu\u00e9bec avec l'intention de lui soutirer ses myst\u00e8res les mieux gard\u00e9s.","authors":["Fabien Girard"],"category_codes":["4000000","4010000","4010400","4010406"],"visuals":{"large":"https:\/\/images.epagine.fr\/171\/9782898042171_1_75.jpg","medium":"https:\/\/images.epagine.fr\/171\/9782898042171_1_m.jpg","thumbnail":"https:\/\/images.epagine.fr\/171\/9782898042171_1_v.jpg"},"orderable":true,"show_badge":true,"formatted_price":"30,00&nbsp;\u20ac","formatted_published_date":"15 octobre 2022","publisher_availability_label":"Sur commande","short_details":"Fabien Girard \u2014 Jcl","translator":null,"weight":601,"page_count":null,"readership":null,"editor":"Jcl","price":3000,"published_date":"2022-10-14T22:00:00.000000Z","support":"Grand format","publisher_availability":1,"stock":0,"editions":[],"url":"https:\/\/quaidesbrumes.com\/ouvrage\/9782898042171\/secrets-de-plantes-tome-2"},{"id":"9782806105042","title":"Transitions pour une alimentation juste et durable \u00e0  Bruxelles ; contributions de recherches en co-cr\u00e9ation","description":"Cet ouvrage contribue \u00e0 la r\u00e9flexion de deux enjeux d'actualit\u00e9 que sont la transition des syst\u00e8mes alimentaires justes et durables et la recherche action participative. Il t\u00e9moigne d'exp\u00e9riences de recherche r\u00e9centes et concr\u00e8tes qui apportent une meilleure compr\u00e9hension de ces enjeux en R\u00e9gion bruxelloise, tout en offrant un regard inspirant pour d'autres contextes urbains.","authors":["Julie Hernesse","Audrey Vankeerberghen"],"category_codes":["4000000","4010000"],"visuals":{"large":"https:\/\/images.epagine.fr\/042\/9782806105042_1_75.jpg","medium":"https:\/\/images.epagine.fr\/042\/9782806105042_1_m.jpg","thumbnail":"https:\/\/images.epagine.fr\/042\/9782806105042_1_v.jpg"},"orderable":true,"show_badge":true,"formatted_price":"28,50&nbsp;\u20ac","formatted_published_date":"17 mars 2020","publisher_availability_label":"Sur commande","short_details":"Julie Hernesse, Audrey Vankeerberghen \u2014 ACADEMIA","translator":null,"weight":340,"page_count":266,"readership":null,"editor":"ACADEMIA","price":2850,"published_date":"2020-03-16T23:00:00.000000Z","support":"Grand format","publisher_availability":1,"stock":0,"editions":[],"url":"https:\/\/quaidesbrumes.com\/ouvrage\/9782806105042\/transitions-pour-une-alimentation-juste-et-durable-a-bruxelles-contributions-de-recherches-en-co-creation"},{"id":"9782336592503","title":"Le d\u00e9veloppement durable \u00e0 l'\u00e9preuve de la bonne gouvernance : Approche benchmark de la r\u00e9gion F\u00e8s-Mekn\u00e8s et du district autonome d'Abidjan","description":"Cet ouvrage avance que l'efficacit\u00e9 du d\u00e9veloppement durable d\u00e9pend davantage de la coh\u00e9rence des gouvernances locales que de l'application de normes internationales universelles. \u00c0 travers une comparaison empirique entre la r\u00e9gion de F\u00e8s-Mekn\u00e8s et le district autonome d'Abidjan, l'\u00e9tude montre comment des cadres institutionnels diff\u00e9rents entra\u00eenent des m\u00e9thodes de gestion et de financement distinctes. Enfin, les r\u00e9sultats soulignent que, malgr\u00e9 l'homog\u00e9n\u00e9isation du discours \u00e9cologique, les pratiques de terrain restent dict\u00e9es par les logiques institutionnelles et les relations de pouvoir propres \u00e0 chaque territoire.","authors":["Adjoba Audrey N'ze"],"category_codes":["4000000","4010000","4010200","4010208"],"visuals":{"large":"https:\/\/images.epagine.fr\/503\/9782336592503_1_75.jpg","medium":"https:\/\/images.epagine.fr\/503\/9782336592503_1_m.jpg","thumbnail":"https:\/\/images.epagine.fr\/503\/9782336592503_1_v.jpg"},"orderable":true,"show_badge":true,"formatted_price":"20,00&nbsp;\u20ac","formatted_published_date":"22 janvier 2026","publisher_availability_label":"Sur commande","short_details":"Adjoba Audrey N'ze \u2014 \u00c9ditions L'Harmattan","translator":null,"weight":262,"page_count":170,"readership":null,"editor":"\u00c9ditions L'Harmattan","price":2000,"published_date":"2026-01-21T23:00:00.000000Z","support":"Grand format","publisher_availability":1,"stock":0,"editions":[],"url":"https:\/\/quaidesbrumes.com\/ouvrage\/9782336592503\/le-developpement-durable-a-lepreuve-de-la-bonne-gouvernance-approche-benchmark-de-la-region-fes-meknes-et-du-district-autonome-dabidjan"},{"id":"9780747566694","title":"ANIMALS IN TRANSLATION - USING THE MYSTERIES OF AUTISM TO DECODE ANIMAL BEHAVIOUR","description":"A groundbreaking book from one of the world's most celebrated animal scientists that will revolutionise our understanding of how animals think and feel","authors":["Temple Grandin","Catherine Johnson"],"category_codes":["4000000","4010000","4010300"],"visuals":{"large":"https:\/\/images.epagine.fr\/694\/9780747566694_1_75.jpg","medium":"https:\/\/images.epagine.fr\/694\/9780747566694_1_m.jpg","thumbnail":"https:\/\/images.epagine.fr\/694\/9780747566694_1_v.jpg"},"orderable":true,"show_badge":true,"formatted_price":"15,90&nbsp;\u20ac","formatted_published_date":"21 avril 2006","publisher_availability_label":"Sur commande","short_details":"Temple Grandin, Catherine Johnson \u2014 Bloomsbury UK","translator":null,"weight":298,"page_count":368,"readership":null,"editor":"Bloomsbury UK","price":1590,"published_date":"2006-04-20T22:00:00.000000Z","support":"Poche","publisher_availability":1,"stock":0,"editions":[],"url":"https:\/\/quaidesbrumes.com\/ouvrage\/9780747566694\/animals-in-translation-using-the-mysteries-of-autism-to-decode-animal-behaviour"},{"id":"9782390253204","title":"Guide ESG : 7 \u00e9tapes pour plus de d\u00e9veloppement durable","description":"Gr\u00e2ce au Pacte vert europ\u00e9en, plus de 50 000 entreprises en Europe ont l'obligation de r\u00e9diger des rapports quant \u00e0 leur durabilit\u00e9. Ces entreprises devant inclure dans leurs rapports le degr\u00e9 de durabilit\u00e9 des pratiques de leurs fournisseurs et de leurs clients, cette durabilit\u00e9 gagne aussi en importance pour les petites entreprises. Pour la quasi-totalit\u00e9 des entrepreneurs, il est donc d\u00e9sormais impossible de feindre l'ignorance de l'ESG. ESG est l'acronyme de \u00ab environnement, social et gouvernance \u00bb. Ces trois indicateurs sont indispensables pour d\u00e9terminer la durabilit\u00e9, l'\u00e9thique et l'impact social d'une entreprise. Il ne s'agit pas seulement de mesures climatiques, mais aussi d'un environnement de travail s\u00fbr, de diversit\u00e9 et de style de leadership.  Ce Guide ESG fournit aux entrepreneurs et aux managers des connaissances pratiques qui leur permettront d'obtenir de meilleurs r\u00e9sultats financiers tout en ayant un impact positif sur l'environnement, la soci\u00e9t\u00e9 et le bien-\u00eatre des personnes. Le livre pr\u00e9sente sept \u00e9tapes, chacune d'entre elles illustr\u00e9e par deux \u00e9tudes de cas d\u00e9taill\u00e9es. Il montre ainsi, pas \u00e0 pas, comment mettre en oeuvre avec succ\u00e8s l'ESG dans votre entreprise. \u00ab Ce livre inspirera et soutiendra tout chef d'entreprise dans l'\u00e9laboration d'une strat\u00e9gie ESG r\u00e9ussie. \u00bb - Pieter Loose, CEO, Ekopak (Sustainable Water)\u00ab Ce guide fournit une aide pratique pour d\u00e9marrer ou intensifier la mise en oeuvre de l'ESG. \u00bb - Mercedes Sanchez Varela, Chapter Zero Brussels","authors":["Karine Vandenberghe"],"category_codes":["4000000","4010000","4010200","4010208"],"visuals":{"large":"https:\/\/images.epagine.fr\/204\/9782390253204_1_75.jpg","medium":"https:\/\/images.epagine.fr\/204\/9782390253204_1_m.jpg","thumbnail":"https:\/\/images.epagine.fr\/204\/9782390253204_1_v.jpg"},"orderable":true,"show_badge":true,"formatted_price":"34,99&nbsp;\u20ac","formatted_published_date":"13 janvier 2025","publisher_availability_label":"Sur commande","short_details":"Karine Vandenberghe \u2014 \u00c9ditions Racine","translator":null,"weight":446,"page_count":232,"readership":null,"editor":"\u00c9ditions Racine","price":3499,"published_date":"2025-01-12T23:00:00.000000Z","support":"Grand format","publisher_availability":1,"stock":0,"editions":[],"url":"https:\/\/quaidesbrumes.com\/ouvrage\/9782390253204\/guide-esg-7-etapes-pour-plus-de-developpement-durable"},{"id":"9782315008063","title":"L'imposture intellectuelle des carnivores","description":"Alors que la consommation de produits d'origine animale (viande, lait, oeufs) est de plus en plus remise en cause de nos jours, des \u00ab intellectuels \u00bb fran\u00e7ais (universitaires, journalistes, experts) s'en prennent r\u00e9guli\u00e8rement aux v\u00e9g\u00e9taliens et v\u00e9ganes qui militent pour l'arr\u00eat total de cette consommation. Citons, sans \u00eatre exhaustif, Rapha\u00ebl Enthoven, Luc Ferry, \u00c9lisabeth de Fontenay, P\u00e9rico L\u00e9gasse, Dominique Lestel, Maryl\u00e8ne Patou-Mathis, Natacha Polony, Jocelyne Porcher, Francis Wolff. \u00c0 travers des livres, des articles ou en intervenant sur des plateaux de t\u00e9l\u00e9vision, ils critiquent, d\u00e9noncent et moquent les d\u00e9fenseurs des animaux. Ce n'est pas sans cons\u00e9quences. De nos jours, peu de personnes restent insensibles au sort des animaux de rente. Quand un film est tourn\u00e9 \u00e0 l'int\u00e9rieur d'un abattoir et diffus\u00e9 dans les m\u00e9dias, la plupart des gens sont choqu\u00e9s. Puis, confront\u00e9s aux arguments des v\u00e9g\u00e9taliens et v\u00e9ganes, ces personnes cherchent des r\u00e9ponses. Que penser ? Que faire ? Que manger ? Or voil\u00e0 que ces intellectuels viennent leur dire que les v\u00e9g\u00e9taliens et v\u00e9ganes ont tort. \u00c0 chaque fois, le principe de base de l'\u00e9thique qui avance que nous ne devons pas faire souffrir et tuer un \u00eatre sensible, juste pour notre plaisir, est oubli\u00e9 ou mal interpr\u00e9t\u00e9. \u00c0 la place, ces intellectuels avancent des arguments qui d\u00e9fient la logique, ne reposent sur aucun fondement rationnel et encouragent la cruaut\u00e9. Mais ils confortent ainsi une soci\u00e9t\u00e9 qui, parce qu'elle ne veut pas changer ses habitudes culinaires, tue sans n\u00e9cessit\u00e9 une quantit\u00e9 faramineuse d'animaux. Aussi ce livre prend-il le parti de les d\u00e9noncer haut et fort ; pas pour le plaisir de critiquer, mais dans l'espoir que cette mise au point contribue \u00e0 faire cesser le grand massacre des animaux de rente et serve \u00e0 lancer un d\u00e9bat constructif sur leur place dans la soci\u00e9t\u00e9.","authors":["Thomas Lepeltier"],"category_codes":["4000000","4010000","4010200","4010207"],"visuals":{"large":"https:\/\/images.epagine.fr\/063\/9782315008063_1_75.jpg","medium":"https:\/\/images.epagine.fr\/063\/9782315008063_1_m.jpg","thumbnail":"https:\/\/images.epagine.fr\/063\/9782315008063_1_v.jpg"},"orderable":true,"show_badge":true,"formatted_price":"18,00&nbsp;\u20ac","formatted_published_date":"20 avril 2017","publisher_availability_label":"Sur commande","short_details":"Thomas Lepeltier \u2014 MAX MILO","translator":null,"weight":198,"page_count":160,"readership":null,"editor":"MAX MILO","price":1800,"published_date":"2017-04-19T22:00:00.000000Z","support":"Grand format","publisher_availability":1,"stock":0,"editions":[],"url":"https:\/\/quaidesbrumes.com\/ouvrage\/9782315008063\/limposture-intellectuelle-des-carnivores"},{"id":"9782365261609","title":"Revue limite n.10 : en arche !","description":"Limite est la premi\u00e8re revue d'\u00e9cologie int\u00e9grale. Dirig\u00e9e par une jeune \u00e9quipe d'auteurs de sensibilit\u00e9s vari\u00e9es, elle veut contribuer \u00e0 faire bouger les lignes pour briser les clivages artificiels. Revue trimestrielle, Limite aborde tous les sujets qui interpellent, notamment \u00e0 travers de longs dossiers. Apr\u00e8s la d\u00e9mographie, la mondialisation, l'urgence de la conversion \u00e9cologique, le num\u00e9ro 4 abordera la question du travail. Parmi les sujets \u00e0 venir : l'\u00e9cole, sexe et capital, d\u00e9mocratie directe...\r\nPr\u00e9f\u00e9rant les sujets de fond aux querelles de personnes et aux \u00e9changes de slogans, Limite continuera \u00e0 faire de la politique autrement, m\u00eame et surtout en ann\u00e9e \u00e9lectorale. Apr\u00e8s un an d'existence, Limite semble combler un vide dans le paysage m\u00e9diatique contemporain : une revue \u00e9cologiste, qui ne d\u00e9daigne rien de ce qui concerne l'humain et propose une approche int\u00e9grale des d\u00e9fis de l'avenir comme du pr\u00e9sent. Beaucoup de questions quant \u00e0 la mise en pratique de l'\u00e9cologie int\u00e9grale restent en suspens. C'est pourquoi la revue veut continuer, s'enraciner dans le temps, pour pouvoir \u00e9veiller les consciences \u00e0 l'urgence \u00e9cologique.\r\nVolontairement provocatrice, Limite s'efforce d'aller aux p\u00e9riph\u00e9ries, de quitter le quant-\u00e0-soi pour susciter de nouvelles rencontres et d\u00e9passer les pr\u00e9jug\u00e9s. Dans l'esprit de Laudato Si, l'encyclique du pape Fran\u00e7ais sur la sauvegarde de la maison commune, l'\u00e9cologie int\u00e9grale promet et promeut une remise en cause du syst\u00e8me lib\u00e9ral-libertaire, dans ses causes et ses cons\u00e9quences, \u00e9conomiques, \u00e9cologiques, sociales, culturelles et morales. Limite aspire donc \u00e0 faire conna\u00eetre une pens\u00e9e originale, non-conformiste, qui puise son inspiration non seulement dans la tradition chr\u00e9tienne, mais aussi chez des auteurs profanes, comme Thoreau ou Pasolini.\r\nApr\u00e8s un lancement tr\u00e8s r\u00e9ussi en septembre 2015 et une visibilit\u00e9 m\u00e9diatique extr\u00eamement importante gr\u00e2ce \u00e0 la pertinence de ses sujets, aux grandes signatures qui y contribuent (Fabrice Hadjadj, Natacha Polony) et la notori\u00e9t\u00e9 croissante de son \u00e9quipe de r\u00e9daction (Eug\u00e9nie Basti\u00e9, Gaultier B\u00e8s, etc.), la revue Limite revient sur un format trimestriel.","authors":["Collectif"],"category_codes":["4000000","4010000","4010200","4010207"],"visuals":{"large":"https:\/\/images.epagine.fr\/609\/9782365261609_1_75.jpg","medium":"https:\/\/images.epagine.fr\/609\/9782365261609_1_m.jpg","thumbnail":"https:\/\/images.epagine.fr\/609\/9782365261609_1_v.jpg"},"orderable":true,"show_badge":true,"formatted_price":"10,00&nbsp;\u20ac","formatted_published_date":"11 mai 2018","publisher_availability_label":"Sur commande","short_details":"Collectif \u2014 Premi\u00e8re Partie","translator":null,"weight":343,"page_count":112,"readership":null,"editor":"Premi\u00e8re Partie","price":1000,"published_date":"2018-05-10T22:00:00.000000Z","support":"Revue","publisher_availability":1,"stock":0,"editions":[],"url":"https:\/\/quaidesbrumes.com\/ouvrage\/9782365261609\/revue-limite-n10-en-arche"},{"id":"9782365261722","title":"Revue limite n.12 : ma bourse ou la vie !","description":"Num\u00e9ro 12 de la revue Limite sur la publicit\u00e9, le marketing et leurs implications sur nos vies.","authors":["Collectif"],"category_codes":["4000000","4010000","4010200","4010207"],"visuals":{"large":"https:\/\/images.epagine.fr\/722\/9782365261722_1_75.jpg","medium":"https:\/\/images.epagine.fr\/722\/9782365261722_1_m.jpg","thumbnail":"https:\/\/images.epagine.fr\/722\/9782365261722_1_v.jpg"},"orderable":true,"show_badge":true,"formatted_price":"10,00&nbsp;\u20ac","formatted_published_date":"5 octobre 2018","publisher_availability_label":"Sur commande","short_details":"Collectif \u2014 Premi\u00e8re Partie","translator":null,"weight":344,"page_count":112,"readership":null,"editor":"Premi\u00e8re Partie","price":1000,"published_date":"2018-10-04T22:00:00.000000Z","support":"Revue","publisher_availability":1,"stock":0,"editions":[],"url":"https:\/\/quaidesbrumes.com\/ouvrage\/9782365261722\/revue-limite-n12-ma-bourse-ou-la-vie"},{"id":"9782365261968","title":"Revue limite Hors-S\u00e9rie : r\u00e9volutionnaires malgr\u00e9 nous ; 50 ans apr\u00e8s mai 68...","description":"Limite, rassemble une jeune g\u00e9n\u00e9ration de r\u00e9dacteur et de lecteurs qui cherche \u00e0 penser le monde hors du paradigme lib\u00e9ral-libertaire qui a commenc\u00e9 \u00e0 dominer la soci\u00e9t\u00e9 \u00e0 partir de mai 1968. Limite d\u00e9cide donc de faire un inventaire critique de la g\u00e9n\u00e9ration 68 et cherche \u00e0 analyser le basculement r\u00e9cent de l'opinion publique vers un rejet d'une partie des valeurs issues de ce mouvement contestataire devenu dominant dans les \u00e9lites culturelles et m\u00e9diatiques.","authors":["Collectif"],"category_codes":["4000000","4010000","4010200","4010207"],"visuals":{"large":"https:\/\/images.epagine.fr\/968\/9782365261968_1_75.jpg","medium":"https:\/\/images.epagine.fr\/968\/9782365261968_1_m.jpg","thumbnail":"https:\/\/images.epagine.fr\/968\/9782365261968_1_v.jpg"},"orderable":true,"show_badge":true,"formatted_price":"10,00&nbsp;\u20ac","formatted_published_date":"26 avril 2018","publisher_availability_label":"Sur commande","short_details":"Collectif \u2014 Premi\u00e8re Partie","translator":null,"weight":456,"page_count":98,"readership":null,"editor":"Premi\u00e8re Partie","price":1000,"published_date":"2018-04-25T22:00:00.000000Z","support":"Revue","publisher_availability":1,"stock":0,"editions":[],"url":"https:\/\/quaidesbrumes.com\/ouvrage\/9782365261968\/revue-limite-hors-serie-revolutionnaires-malgre-nous-50-ans-apres-mai-68"}]}