{"data":[{"id":"9782807337787","title":"Devenir \u00e9cof\u00e9ministe : 15 actions au secours de la plan\u00e8te","description":"Les valeurs f\u00e9minines au secours du climat, en quinze actions \u00e0 la port\u00e9e de tous R\u00e9chauffement climatique, \u00e9cologie, #MeToo et n\u00e9of\u00e9minisme sont au coeur de l'actualit\u00e9. La jeunesse s'est empar\u00e9e avec force de ces pr\u00e9occupations majeures et l'\u00e9cof\u00e9minisme est devenu aujourd'hui une lame de fond rejetant les valeurs toxiques m\u00e8res de la domination masculine et du d\u00e9r\u00e8glement climatique.\r\nDans ce manifeste, les auteurs montrent les nombreuses solutions qui existent pour sauver la plan\u00e8te. Ils proposent de s'appuyer sur les valeurs de l'\u00e9cof\u00e9minisme inclusif, et montrent comment la sauvegarde de la plan\u00e8te passera par l'\u00e9co\u00e9ducation, le respect du vivant et des valeurs positives port\u00e9es et partag\u00e9es par les femmes et les hommes \u00ab en changement \u00bb.\r\nCe livre propose 15 actions \u00e9thiques citoyennes. Avec des conseils pratiques et des exemples concrets pour faire bouger les lignes et entrer en action au quotidien.","authors":["Christine Castelain-meunier","Francis Meunier"],"category_codes":["4000000","4010000","4010200","4010204"],"visuals":{"large":"https:\/\/images.epagine.fr\/787\/9782807337787_1_75.jpg","medium":"https:\/\/images.epagine.fr\/787\/9782807337787_1_m.jpg","thumbnail":"https:\/\/images.epagine.fr\/787\/9782807337787_1_v.jpg"},"orderable":true,"show_badge":true,"formatted_price":"16,90&nbsp;\u20ac","formatted_published_date":"22 f\u00e9vrier 2022","publisher_availability_label":"Sur commande","short_details":"Christine Castelain-meunier, Francis Meunier \u2014 De Boeck Sup\u00e9rieur","translator":null,"weight":313,"page_count":224,"readership":null,"editor":"De Boeck Sup\u00e9rieur","price":1690,"published_date":"2022-02-21T23:00:00.000000Z","support":"Grand format","publisher_availability":1,"stock":0,"editions":[],"url":"https:\/\/quaidesbrumes.com\/ouvrage\/9782807337787\/devenir-ecofeministe-15-actions-au-secours-de-la-planete"},{"id":"9782807357648","title":"R\u00e9volution \u00e9nerg\u00e9tique : solutions pour un avenir vraiment durable","description":"Une approche simple, intuitive et globale de la transition \u00e9nerg\u00e9tique pour mesurer les b\u00e9n\u00e9fices mais aussi les dommages des diff\u00e9rentes solutions qui nous sont propos\u00e9es.\r\nLe changement climatique est une r\u00e9alit\u00e9 que personne ne peut plus contester. Si de nombreuses options existent, qu'elles soient technologiques, \u00e9cologiques ou soci\u00e9tales, il est capital de mesurer leur capacit\u00e9 \u00e0 r\u00e9pondre \u00e0 une demande qui ne cessera de croitre.Face \u00e0 la confusion des messages, face \u00e0 la multiplicit\u00e9 et, parfois, la na\u00efvet\u00e9 des feuilles de route pour tendre vers un monde neutre en carbone, ce livre propose de revenir aux fondamentaux que nous devrions tous conna\u00eetre avant de r\u00e9pondre \u00e0 ce d\u00e9fi majeur.Il invite \u00e0 sortir des positions dogmatiques, des id\u00e9es re\u00e7ues et partisanes, et \u00e0 prendre conscience que tous les choix mis \u00e0 notre disposition pr\u00e9sentent des avantages et des inconv\u00e9nients. Ceux-ci doivent \u00eatre quantifi\u00e9s de mani\u00e8re rigoureuse afin d'\u00e9viter que les solutions d'aujourd'hui ne deviennent les catastrophes de demain !","authors":["Erwan Saouter"],"category_codes":["4000000","4010000","4010200","4010207"],"visuals":{"large":"https:\/\/images.epagine.fr\/648\/9782807357648_1_75.jpg","medium":"https:\/\/images.epagine.fr\/648\/9782807357648_1_m.jpg","thumbnail":"https:\/\/images.epagine.fr\/648\/9782807357648_1_v.jpg"},"orderable":true,"show_badge":true,"formatted_price":"16,90&nbsp;\u20ac","formatted_published_date":"10 mai 2023","publisher_availability_label":"Sur commande","short_details":"Erwan Saouter \u2014 De Boeck Sup\u00e9rieur","translator":null,"weight":275,"page_count":192,"readership":null,"editor":"De Boeck Sup\u00e9rieur","price":1690,"published_date":"2023-05-09T22:00:00.000000Z","support":"Grand format","publisher_availability":1,"stock":0,"editions":[],"url":"https:\/\/quaidesbrumes.com\/ouvrage\/9782807357648\/revolution-energetique-solutions-pour-un-avenir-vraiment-durable"},{"id":"9782372711593","title":"V\u00e9g\u00e2neries","description":"Par del\u00e0 le l\u00e9gitime retour au respect de la nature, le joyeux coup de gueule \u00e0 mourir de rire des Gaulois ronchons.\r\n\r\nAlain PAUCARD : Le f\u00e9minisme ne suffit plus.\r\nJacques ABOUCAYA : Comment je suis devenu v\u00e9gan.\r\nJean BERTEAULT : Prescription de v\u00e9ganine.\r\nArnaud BORDES : D\u00e9livrance.\r\nMichel BOUVIER : Le boeuf clandestin.\r\nFran\u00e7ois C\u00c9R\u00c9SA : Robert le V\u00e9gan.\r\nPhilippe DUMAS [sans titre].\r\nJean DUTOURD : Cheval.\r\nAlfred EIBEL : Vegane : \u00e0 l'arbordage.\r\nCharles-Henri D'ELLOY : Parigot, t\u00eate de veau !\r\nBertrand FOSSAT : El Extasio, sonnet vegan.\r\nAlain GERBER : [sans titre].\r\nOlivier GRIETTE : La morale, une et indivisible.\r\nPierre GUINGAMP : J'exag\u00e8re ?\r\nPhilippe LACOCHE : La grosse carpe vegan qui pue la vase.\r\nBruno LAFOURCADE : La nouvelle arche.\r\nBernard LECONTE : Supervegan.\r\nBernard LE SAUX : Les enfants de William Kramps.\r\nBoris MOISSARD : Le Cu Cul Clan.\r\nAlain PAUCARD : Fake news.\r\nDavid PERINI : Le g\u00e9n\u00e9ral Vegan s'en va-t-en guerre !\r\nJean-Jacques P\u00c9RONI : Au nom du p\u00e2t\u00e9, du figatelli et du saint-nectaire.\r\nXavier RAUFER : Vegans, v\u00e9g\u00e9tariens en peau de lapin (si j'ose dire...).\r\nIvan RIOUFOL : Mangez un vegan !\r\nPhilippe de SAINT-ROBERT : Malthus, nous voil\u00e0 !\r\nOlivier SARRADE-LOUCHEUR : Le protocole de Panurge.\r\nG\u00e9rald SIBLEYRAS : Vegan en pot.\r\nTrez : [sans titre].\r\nJean TULARD, de l'Institut : Napol\u00e9on v\u00e9gan ? & Pens\u00e9es ronchons.","authors":["Alain Paucard"],"category_codes":["4000000","4010000","4010200"],"visuals":{"large":"https:\/\/images.epagine.fr\/593\/9782372711593_1_75.jpg","medium":"https:\/\/images.epagine.fr\/593\/9782372711593_1_m.jpg","thumbnail":"https:\/\/images.epagine.fr\/593\/9782372711593_1_v.jpg"},"orderable":true,"show_badge":true,"formatted_price":"16,00&nbsp;\u20ac","formatted_published_date":"26 novembre 2020","publisher_availability_label":"Sur commande","short_details":"Alain Paucard \u2014 Via Romana","translator":null,"weight":140,"page_count":112,"readership":null,"editor":"Via Romana","price":1600,"published_date":"2020-11-25T23:00:00.000000Z","support":"Grand format","publisher_availability":1,"stock":0,"editions":[],"url":"https:\/\/quaidesbrumes.com\/ouvrage\/9782372711593\/veganeries"},{"id":"9791032903155","title":"Faites le plein de nature !","description":"L'\u00e9merveillement procur\u00e9 par la Nature est le cha\u00eenon manquant \u00e0 nos vies. La prot\u00e9ger et la r\u00e9introduire dans notre quotidien, une priorit\u00e9 pour notre avenir... et notre bonheur !\r\n\r\nPour la journaliste Fanny Agostini et le chercheur Henri Landes, fervents amoureux et d\u00e9fenseurs de la Nature, il n'y a que des b\u00e9n\u00e9fices \u00e0 ins\u00e9rer plus de Nature dans notre quotidien. D\u00e9non\u00e7ant l'opposition entre la ville et la campagne, s'appuyant sur des t\u00e9moignages de personnes qui vivent \u00e0 contre-courant et dont les modes de vie inspireront le lecteur, ils nous encouragent \u00e0 r\u00e9\u00e9valuer notre perception de la richesse car, demain, nous serons r\u00e9compens\u00e9s davantage pour ce que nous pr\u00e9servons et faisons fructifier, que par ce que nous produisons tout en d\u00e9truisant.\r\nLes auteurs questionnent aussi nos priorit\u00e9s concernant l'alimentation, l'\u00e9ducation et les m\u00e9dias, d\u00e9montrant encore une fois que, si on place l'amour de la Nature au centre, les solutions pour mieux vivre... coulent de source !","authors":["Fanny Agostini","Henri Landes","Pierre Rabhi"],"category_codes":["4000000","4010000","4010200","4010204"],"visuals":{"large":"https:\/\/images.epagine.fr\/155\/9791032903155_1_75.jpg","medium":"https:\/\/images.epagine.fr\/155\/9791032903155_1_m.jpg","thumbnail":"https:\/\/images.epagine.fr\/155\/9791032903155_1_v.jpg"},"orderable":true,"show_badge":true,"formatted_price":"16,00&nbsp;\u20ac","formatted_published_date":"26 septembre 2018","publisher_availability_label":"Sur commande","short_details":"Fanny Agostini, Henri Landes, Pierre Rabhi \u2014 Editions de L'Observatoire","translator":null,"weight":202,"page_count":160,"readership":null,"editor":"Editions de L'Observatoire","price":1600,"published_date":"2018-09-25T22:00:00.000000Z","support":"Grand format","publisher_availability":1,"stock":0,"editions":[],"url":"https:\/\/quaidesbrumes.com\/ouvrage\/9791032903155\/faites-le-plein-de-nature"},{"id":"9782410024104","title":"La promesse des magiciens : ils se battent pour la plan\u00e8te, nous pouvons les aider","description":"Imaginez des femmes et des hommes aux talents prodigieux, qui se sont mis au service de la nature. En agissant pour d\u00e9fendre les for\u00eats, en imaginant de nouvelles mani\u00e8res de cultiver, en cr\u00e9ant de nouveaux outils, ils et elles montrent qu'il est possible de vivre en harmonie avec son environnement. \r\n\r\nEn dix chapitres th\u00e9matiques, le grand reporter Christophe Dor\u00e9 raconte les parcours singuliers de ces r\u00e9parateurs, ces b\u00e2tisseurs ou ces inventeurs qui pr\u00e9f\u00e8rent le terrain aux plateaux t\u00e9l\u00e9, et l'action aux discours ou aux incantations. \r\n\r\nC'est le cas de cette chercheuse britannique qui s'int\u00e9resse aux pouvoirs des plantes contre la pollution, de ce fermier qui a r\u00e9ussi \u00e0 stopper l'avanc\u00e9e du d\u00e9sert au Burkina Faso, de cette Fran\u00e7aise qui lutte pour la protection des animaux ou de cet homme qui sauve les primates en Indon\u00e9sie. Autant d'histoires vraies qui redonnent confiance en l'humain et l'inspiration pour se lancer \u00e0 son tour dans une v\u00e9ritable aventure \u00e9cologique.","authors":["Christophe Dor\u00e9"],"category_codes":["4000000","4010000","4010200"],"visuals":{"large":"https:\/\/images.epagine.fr\/104\/9782410024104_1_75.jpg","medium":"https:\/\/images.epagine.fr\/104\/9782410024104_1_m.jpg","thumbnail":"https:\/\/images.epagine.fr\/104\/9782410024104_1_v.jpg"},"orderable":true,"show_badge":true,"formatted_price":"19,00&nbsp;\u20ac","formatted_published_date":"23 f\u00e9vrier 2022","publisher_availability_label":"Sur commande","short_details":"Christophe Dor\u00e9 \u2014 Belin \u00c9diteur","translator":null,"weight":458,"page_count":336,"readership":null,"editor":"Belin \u00c9diteur","price":1900,"published_date":"2022-02-22T23:00:00.000000Z","support":"Grand format","publisher_availability":1,"stock":0,"editions":[],"url":"https:\/\/quaidesbrumes.com\/ouvrage\/9782410024104\/la-promesse-des-magiciens-ils-se-battent-pour-la-planete-nous-pouvons-les-aider"},{"id":"9782742745166","title":"Astrophotographe","description":"Quinze ann\u00e9es de travail sur les ph\u00e9nom\u00e8nes astronomiques ont donn\u00e9 lieu \u00e0 cet ouvrage qui conjugue des photographies fascinantes \u00e0 un texte qui apporte des r\u00e9f\u00e9rences po\u00e9tiques et litt\u00e9raires sur le sujet.","authors":["Olivier Sauzereau"],"category_codes":["4000000","4010000","4010300"],"visuals":{"large":"https:\/\/images.epagine.fr\/166\/9782742745166_1_75.jpg","medium":"https:\/\/images.epagine.fr\/166\/9782742745166_1_m.jpg","thumbnail":"https:\/\/images.epagine.fr\/166\/9782742745166_1_v.jpg"},"orderable":true,"show_badge":true,"formatted_price":"44,70&nbsp;\u20ac","formatted_published_date":"9 octobre 2003","publisher_availability_label":"Sur commande","short_details":"Olivier Sauzereau \u2014 Actes Sud","translator":null,"weight":1235,"page_count":152,"readership":null,"editor":"Actes Sud","price":4470,"published_date":"2003-10-08T22:00:00.000000Z","support":"Grand format","publisher_availability":1,"stock":0,"editions":[],"url":"https:\/\/quaidesbrumes.com\/ouvrage\/9782742745166\/astrophotographe"},{"id":"9782701111025","title":"Atlas des plantes de France : Le volume de texte","description":"Le seul volume de texte expliquant leurs propri\u00e9t\u00e9s, leurs usages et applications.","authors":["Am\u00e9d\u00e9e Masclef"],"category_codes":["4000000","4010000","4010300"],"visuals":{"large":"https:\/\/images.epagine.fr\/025\/9782701111025_1_75.jpg","medium":"https:\/\/images.epagine.fr\/025\/9782701111025_1_m.jpg","thumbnail":"https:\/\/images.epagine.fr\/025\/9782701111025_1_v.jpg"},"orderable":true,"show_badge":true,"formatted_price":"19,30&nbsp;\u20ac","formatted_published_date":"23 mars 1987","publisher_availability_label":"Sur commande","short_details":"Am\u00e9d\u00e9e Masclef \u2014 Belin \u00c9diteur","translator":null,"weight":512,"page_count":376,"readership":null,"editor":"Belin \u00c9diteur","price":1930,"published_date":"1987-03-22T23:00:00.000000Z","support":"Grand format","publisher_availability":1,"stock":0,"editions":[],"url":"https:\/\/quaidesbrumes.com\/ouvrage\/9782701111025\/atlas-des-plantes-de-france-le-volume-de-texte"},{"id":"9782130539384","title":"Pour une gestion durable des d\u00e9chets nucl\u00e9aires : Quelles d\u00e9cisions ?","description":"La gestion durable des d\u00e9chets nucl\u00e9aires \u00e0 haute activit\u00e9 et \u00e0 vie longue, constitue un dossier complexe n\u00e9cessitant des d\u00e9cisions \u00e0 long terme et une source de pr\u00e9occupations pour les citoyens. Cet ouvrage fournit un \u00e9clairage original et in\u00e9dit sur les aspects \u00e9conomiques, sociaux, environnementaux de la gestion de ces d\u00e9chets \u00e0 haute activit\u00e9 et longue vie, notamment dans la perspective d'un d\u00e9bat et d'une d\u00e9cision pr\u00e9vus au Parlement en 2006.","authors":["Aude Le Dars"],"category_codes":["4000000","4010000","4010200","4010207"],"visuals":{"large":"https:\/\/images.epagine.fr\/384\/9782130539384_1_75.jpg","medium":"https:\/\/images.epagine.fr\/384\/9782130539384_1_m.jpg","thumbnail":"https:\/\/images.epagine.fr\/384\/9782130539384_1_v.jpg"},"orderable":true,"show_badge":true,"formatted_price":"25,50&nbsp;\u20ac","formatted_published_date":"15 janvier 2004","publisher_availability_label":"Sur commande","short_details":"Aude Le Dars \u2014 PUF","translator":null,"weight":460,"page_count":296,"readership":null,"editor":"PUF","price":2550,"published_date":"2004-01-14T23:00:00.000000Z","support":"Grand format","publisher_availability":1,"stock":0,"editions":[],"url":"https:\/\/quaidesbrumes.com\/ouvrage\/9782130539384\/pour-une-gestion-durable-des-dechets-nucleaires-quelles-decisions"},{"id":"9782925078838","title":"Floramama. du jardin au bouquet - tout sur la culture des fleurs","description":null,"authors":["Roy Chloe"],"category_codes":["4000000","4010000","4010300"],"visuals":{"large":"https:\/\/images.epagine.fr\/838\/9782925078838_1_75.jpg","medium":"https:\/\/images.epagine.fr\/838\/9782925078838_1_m.jpg","thumbnail":"https:\/\/images.epagine.fr\/838\/9782925078838_1_v.jpg"},"orderable":true,"show_badge":true,"formatted_price":"56,00&nbsp;\u20ac","formatted_published_date":"8 juillet 2023","publisher_availability_label":"Sur commande","short_details":"Roy Chloe \u2014 Cardinal Editions","translator":null,"weight":1101,"page_count":null,"readership":null,"editor":"Cardinal Editions","price":5600,"published_date":"2023-07-07T22:00:00.000000Z","support":"Grand format","publisher_availability":1,"stock":0,"editions":[],"url":"https:\/\/quaidesbrumes.com\/ouvrage\/9782925078838\/floramama-du-jardin-au-bouquet-tout-sur-la-culture-des-fleurs"},{"id":"9782130833253","title":"\u00c9loge des limites : par-del\u00e0 Malthus","description":"La th\u00e8se d\u00e9fendue dans cet ouvrage peut sembler paradoxale : le monde est abondant mais nous ne pouvons nous construire et nous \u00e9panouir qu'avec l'autolimitation. Ce sont nos d\u00e9sirs illimit\u00e9s qui font surgir les limites. \u00c0 partir de la lecture de Malthus, Giorgos Kallis montre que, contrairement \u00e0 la doxa, Malthus \u00e9tait un \u00ab proph\u00e8te \u00bb de la croissance : il n'existait pour lui aucune limite naturelle \u00e0 la production alimentaire. Il n'\u00e9tait pas non plus oppos\u00e9 \u00e0 la croissance d\u00e9mographique, si celle-ci \u00e9tait pr\u00e9c\u00e9d\u00e9e de la croissance de la production alimentaire. La diff\u00e9rence entre croissance arithm\u00e9tique de la production alimentaire et g\u00e9om\u00e9trique de la population signifiait pour lui que la population ne peut cro\u00eetre longuement sans r\u00e9gulation. Pour ses successeurs, seul un accroissement de la production permettrait de s'affranchir de la raret\u00e9. Mais ce serait reproduire l'illusion malthusienne, car le progr\u00e8s technologique accroit nos besoins \u00e0 son rythme. Avec l'\u00e9conomie n\u00e9oclassique, c'est la technologie qui joue le r\u00f4le que jouait pour Malthus la production alimentaire. H\u00e9raut de la d\u00e9croissance, Giorgos Kallis nous propose ici un manifeste pour une autolimitation et une transformation de la soci\u00e9t\u00e9. Il est urgent de sortir de ce cadre de pens\u00e9e et d'interroger nos besoins et leur pr\u00e9tendue illimitation.","authors":["Giorgos Kallis"],"category_codes":["4000000","4010000","4010200","4010207"],"visuals":{"large":"https:\/\/images.epagine.fr\/253\/9782130833253_1_75.jpg","medium":"https:\/\/images.epagine.fr\/253\/9782130833253_1_m.jpg","thumbnail":"https:\/\/images.epagine.fr\/253\/9782130833253_1_v.jpg"},"orderable":true,"show_badge":true,"formatted_price":"18,00&nbsp;\u20ac","formatted_published_date":"21 septembre 2022","publisher_availability_label":"Sur commande","short_details":"Giorgos Kallis \u2014 PUF","translator":null,"weight":208,"page_count":272,"readership":null,"editor":"PUF","price":1800,"published_date":"2022-09-20T22:00:00.000000Z","support":"Grand format","publisher_availability":1,"stock":0,"editions":[],"url":"https:\/\/quaidesbrumes.com\/ouvrage\/9782130833253\/eloge-des-limites-par-dela-malthus"},{"id":"9782130837695","title":"Science et prudence : du r\u00e9ductionnisme et autres erreurs par gros temps \u00e9cologique","description":"L'\u00e9pist\u00e9mologie classique, celle du XXe si\u00e8cle, s'est essentiellement occup\u00e9e de physique. Dominique Bourg et Nicolas Bouleau proposent en revanche de distinguer trois types de sciences gr\u00e2ce \u00e0 un crit\u00e8re pr\u00e9cis pour chacune, compr\u00e9hensible par tous : la science nomologique, \u00e0 savoir la physique avec ses diff\u00e9rentes \u00e9chelles ; la science interpr\u00e9tative, celle qui se construit et s'enrichit par mod\u00e9lisations d'un secteur de la r\u00e9alit\u00e9 ; et la science combinatoire, \u00e0 savoir la chimie et la biologie mol\u00e9culaire. Les math\u00e9matiques joueront un r\u00f4le d\u00e9cisif dans cette tripartition. La r\u00e9ponse \u00e0 la question \u00ab qu'est-ce que la connaissance scientifique ? \u00bb nous conduira ensuite \u00e0 mettre en lumi\u00e8re une intrication fondamentale et insurmontable entre connaissance et ignorance. Celle-ci a \u00e9t\u00e9 d\u00e9voil\u00e9e au sujet de l'arithm\u00e9tique au d\u00e9but des ann\u00e9es 1930. Les auteurs r\u00e9v\u00e8lent l'existence de cette m\u00eame intrication dans la biologie mol\u00e9culaire. Bien que fond\u00e9es et op\u00e9ratoires, nos connaissances n'en sont pas moins partielles, et ce \u00e0 jamais. Ce constat permet d'\u00e9clairer l'\u00e9tat \u00e9cologique de la plan\u00e8te. Ce faisant, leur r\u00e9flexion conduit leurs pas dans ceux de quelques math\u00e9maticiens autour d'Alexandre Grothendieck au d\u00e9but des ann\u00e9es 70, qui ont \u00e9t\u00e9 les premiers \u00e0 tirer certaines des cons\u00e9quences des limites \u00e0 nos connaissances.","authors":["Nicolas Bouleau","Dominique Bourg"],"category_codes":["4000000","4010000","4010200","4010203"],"visuals":{"large":"https:\/\/images.epagine.fr\/695\/9782130837695_1_75.jpg","medium":"https:\/\/images.epagine.fr\/695\/9782130837695_1_m.jpg","thumbnail":"https:\/\/images.epagine.fr\/695\/9782130837695_1_v.jpg"},"orderable":true,"show_badge":true,"formatted_price":"17,00&nbsp;\u20ac","formatted_published_date":"1er juin 2022","publisher_availability_label":"Sur commande","short_details":"Nicolas Bouleau, Dominique Bourg \u2014 PUF","translator":null,"weight":224,"page_count":216,"readership":null,"editor":"PUF","price":1700,"published_date":"2022-05-31T22:00:00.000000Z","support":"Grand format","publisher_availability":1,"stock":0,"editions":[],"url":"https:\/\/quaidesbrumes.com\/ouvrage\/9782130837695\/science-et-prudence-du-reductionnisme-et-autres-erreurs-par-gros-temps-ecologique"},{"id":"9782746527997","title":"Compagnons des vents et des saisons : Ecosagesse des derniers Kouchis d'Iran","description":"Les Kouchis d'Iran, infatigables marcheurs, nommaient la Terre \u00ab leur fr\u00e8re \u00bb et consid\u00e9raient ceux qui n'arrivaient pas \u00e0 donner et \u00e0 pardonner comme des mis\u00e9rables. Ces \u00e9leveurs de grands troupeaux de moutons \u00e9taient les compagnons fid\u00e8les et humbles des saisons, des nuages et des plaines. Anim\u00e9s par la soif de vivre et de laisser vivre, ils n'abandonnaient presque aucun d\u00e9chet et s'abstenaient de \u00ab fatiguer la Terre \u00bb. Sacralisant les arbres isol\u00e9s, ils partageaient avec ceux qu'ils croisaient en chemin, m\u00eame au plus haut de la saison s\u00e8che, la moiti\u00e9 de l'eau qu'ils emportaient. Ce texte vibrant et empreint de nostalgie, par l'un de ces derniers nomades, fait entendre la voix d'un peuple qui pratiquait religieusement la marche, la g\u00e9n\u00e9rosit\u00e9 et le courage. Un peuple qui ch\u00e9rissait ce seul campement de tous les \u00eatres : la Terre.\r\n","authors":["Salimikouchi","Bourg"],"category_codes":["4000000","4010000","4010200"],"visuals":{"large":"https:\/\/images.epagine.fr\/997\/9782746527997_1_75.jpg","medium":"https:\/\/images.epagine.fr\/997\/9782746527997_1_m.jpg","thumbnail":"https:\/\/images.epagine.fr\/997\/9782746527997_1_v.jpg"},"orderable":true,"show_badge":true,"formatted_price":"13,00&nbsp;\u20ac","formatted_published_date":"26 mars 2025","publisher_availability_label":"Sur commande","short_details":"Salimikouchi, Bourg \u2014 Le Pommier","translator":null,"weight":170,"page_count":176,"readership":"Tout public","editor":"Le Pommier","price":1300,"published_date":"2025-03-25T23:00:00.000000Z","support":"Grand format","publisher_availability":1,"stock":0,"editions":[],"url":"https:\/\/quaidesbrumes.com\/ouvrage\/9782746527997\/compagnons-des-vents-et-des-saisons-ecosagesse-des-derniers-kouchis-diran"},{"id":"9782889581665","title":"Revue Salamandre Junior n\u00b0148 : Juin \/Juillet  2023","description":null,"authors":["Collectif"],"category_codes":["4000000","4010000"],"visuals":{"large":"https:\/\/quaidesbrumes.com\/img\/book-placeholder.png","medium":"https:\/\/quaidesbrumes.com\/img\/book-placeholder.png","thumbnail":"https:\/\/quaidesbrumes.com\/img\/book-placeholder.png"},"orderable":true,"show_badge":true,"formatted_price":"5,90&nbsp;\u20ac","formatted_published_date":"5 avril 2023","publisher_availability_label":"Sur commande","short_details":"Collectif \u2014 \u00c9ditions de la Salamandre","translator":null,"weight":177,"page_count":100,"readership":null,"editor":"\u00c9ditions de la Salamandre","price":590,"published_date":"2023-04-04T22:00:00.000000Z","support":"Revue","publisher_availability":1,"stock":0,"editions":[],"url":"https:\/\/quaidesbrumes.com\/ouvrage\/9782889581665\/revue-salamandre-junior-n148-juin-juillet-2023"},{"id":"9782898421112","title":"Oiseaux du Qu\u00e9bec : guide d'identification","description":null,"authors":["Suzanne Br\u00fblotte"],"category_codes":["4000000","4010000","4010300"],"visuals":{"large":"https:\/\/images.epagine.fr\/112\/9782898421112_1_75.jpg","medium":"https:\/\/images.epagine.fr\/112\/9782898421112_1_m.jpg","thumbnail":"https:\/\/images.epagine.fr\/112\/9782898421112_1_v.jpg"},"orderable":true,"show_badge":true,"formatted_price":"19,00&nbsp;\u20ac","formatted_published_date":"1er mars 2026","publisher_availability_label":"Sur commande","short_details":"Suzanne Br\u00fblotte \u2014 Broquet","translator":null,"weight":401,"page_count":null,"readership":null,"editor":"Broquet","price":1900,"published_date":"2026-02-28T23:00:00.000000Z","support":"Grand format","publisher_availability":1,"stock":0,"editions":[],"url":"https:\/\/quaidesbrumes.com\/ouvrage\/9782898421112\/oiseaux-du-quebec-guide-didentification"},{"id":"9782746518742","title":"Biodiversit\u00e9 : le pari de l'espoir","description":"Et si tout n'\u00e9tait pas perdu ? Et si malgr\u00e9 les annonces toutes plus d\u00e9sesp\u00e9rantes les unes que les autres, la sixi\u00e8me extinction n'\u00e9tait pas encore l\u00e0 ? Et si on s'autorisait une folie : imaginer qu'elle pourrait m\u00eame ne pas avoir lieu ?\r\n\r\n\u00c0 contrepied des discours simplificateurs, tent\u00e9s par le catastrophisme, Herv\u00e9 Le Guyader fait un pari audacieux : nous faire percevoir \u00e0 quel point la biodiversit\u00e9 est \u00e9minemment... complexe. Pour le meilleur plut\u00f4t que pour le pire. D\u00e9mystifiant un concept qui, en seulement 50 ans, a d\u00e9j\u00e0 fait couler beaucoup d'encre, dans un contexte scientifique qui \u00e9volue \u00e0 vitesse V, il montre en quoi cette passionnante complexit\u00e9 autorise l'espoir.\r\n\r\nNe versons pas dans l'ang\u00e9lisme : tout n'est pas gagn\u00e9. Tout n'est pas perdu non plus.","authors":["Le Guyader Herve"],"category_codes":["4000000","4010000","4010200","4010207"],"visuals":{"large":"https:\/\/images.epagine.fr\/742\/9782746518742_1_75.jpg","medium":"https:\/\/images.epagine.fr\/742\/9782746518742_1_m.jpg","thumbnail":"https:\/\/images.epagine.fr\/742\/9782746518742_1_v.jpg"},"orderable":true,"show_badge":true,"formatted_price":"16,00&nbsp;\u20ac","formatted_published_date":"29 janvier 2020","publisher_availability_label":"Sur commande","short_details":"Le Guyader Herve \u2014 Le Pommier","translator":null,"weight":184,"page_count":148,"readership":null,"editor":"Le Pommier","price":1600,"published_date":"2020-01-28T23:00:00.000000Z","support":"Grand format","publisher_availability":1,"stock":0,"editions":[],"url":"https:\/\/quaidesbrumes.com\/ouvrage\/9782746518742\/biodiversite-le-pari-de-lespoir"},{"id":"9782213693866","title":"Manifeste contre le gaspillage","description":"\u00ab \u00c0 20 ans, j'ai eu faim et honte de le dire. Il n'est pas simple, dans une soci\u00e9t\u00e9 o\u00f9 l'image importe tant, d'avouer qu'on ne gagne pas beaucoup d'argent. \u00c0 compter de ce jour, le combat contre le gaspillage alimentaire est devenu ma priorit\u00e9. Comment tol\u00e9rer cette aberration en bas de chez nous : des kilos de nourriture mis \u00e0 la poubelle par les supermarch\u00e9s, \u00e0 deux pas des SDF qui peinent \u00e0 se nourrir et dorment dans la rue ?Avec l'aide de b\u00e9n\u00e9voles et d'amis de ma ville, avec aussi le soutien de personnalit\u00e9s, j'ai initi\u00e9 une vaste mobilisation et r\u00e9ussi \u00e0 faire plier la grande distribution : le 21 mai 2015, l'Assembl\u00e9e nationale a vot\u00e9 \u00e0 l'unanimit\u00e9 un amendement obligeant les grandes surfaces \u00e0 distribuer leurs invendus \u00e0 l'association de leur choix. Le Conseil constitutionnel l'a invalid\u00e9 pour un motif de proc\u00e9dure, mais une nouvelle proposition de loi a imm\u00e9diatement \u00e9t\u00e9 red\u00e9pos\u00e9e, et elle sera vot\u00e9e tr\u00e8s bient\u00f4t. Nos efforts ont aussi permis le vote d'un amendement au Parlement europ\u00e9en le 9 juillet.\u00c0 la fois r\u00e9cit de cette action collective et guide pratique, ce manifeste prouve qu'il est facile de cesser de gaspiller : en n'achetant que le n\u00e9cessaire, en faisant ses achats dans le bon ordre, en comprenant mieux l'\u00e9tiquetage et les dates de p\u00e9remption, en apprenant \u00e0 accommoder les restes, mais aussi en veillant \u00e0 \u00e9conomiser l'eau et l'\u00e9nergie.Parce que chacun peut contribuer \u00e0 faire reculer la faim dans notre pays et dans le monde. \u00bb N\u00e9 en 1979 \u00e0 Paris, \u00e9diteur, docteur en droit et futur avocat, Arash Derambarsh s'est engag\u00e9 tr\u00e8s t\u00f4t en politique. Depuis 2014, il est conseiller municipal \u00e0 Courbevoie.\r\n\r\nPr\u00e9faces de Mathieu Kassovitz et de Jean-Jacques Eledjam (pr\u00e9sident de la Croix-Rouge fran\u00e7aise), postface de St\u00e9phanie Rivoal (pr\u00e9sidente d'Action contre la faim).","authors":["Arash Derambarsh"],"category_codes":["4000000","4010000","4010200","4010208"],"visuals":{"large":"https:\/\/images.epagine.fr\/866\/9782213693866_1_75.jpg","medium":"https:\/\/images.epagine.fr\/866\/9782213693866_1_m.jpg","thumbnail":"https:\/\/images.epagine.fr\/866\/9782213693866_1_v.jpg"},"orderable":true,"show_badge":true,"formatted_price":"15,00&nbsp;\u20ac","formatted_published_date":"28 octobre 2015","publisher_availability_label":"Sur commande","short_details":"Arash Derambarsh \u2014 Fayard","translator":null,"weight":144,"page_count":100,"readership":null,"editor":"Fayard","price":1500,"published_date":"2015-10-27T23:00:00.000000Z","support":"Grand format","publisher_availability":1,"stock":0,"editions":[],"url":"https:\/\/quaidesbrumes.com\/ouvrage\/9782213693866\/manifeste-contre-le-gaspillage"},{"id":"9782315022779","title":"Wild! My fight to put an end to animal trafficking in France","description":"Passionn\u00e9 d'animaux, J\u00e9r\u00f4me Pensu d\u00e9nonce le trafic d'animaux sauvages qui, en France, brasse chaque ann\u00e9e des centaines de millions d'euros ; il explique les m\u00e9canismes en jeu, l'ampleur du probl\u00e8me et les techniques des malfrats pour faire prosp\u00e9rer leur business ; il pointe, affaires pr\u00e9cises \u00e0 l'appui, l'incroyable impunit\u00e9 dont b\u00e9n\u00e9ficient les fraudeurs ; et il liste une s\u00e9rie de propositions pour que cesse, enfin, ce scandale qui met en danger la biodiversit\u00e9, c'est-\u00e0-dire nous.\r\nSauvage ! parle de flamants roses atrophi\u00e9s pour enrichir les zoos, de macaques envoy\u00e9s \u00e0 la mort au nom d'une pr\u00e9servation de l'environnement, de reptiles tortur\u00e9s pour les besoins d'animaleries sans scrupule. Il parle aussi de blanchiment massif, de r\u00e9gularisation sans complexe et d'euthanasies de f\u00e9lins... L'ensemble des animaux sauvages\r\nsont concern\u00e9s. Il parle aussi des solutions concr\u00e8tes, pr\u00e9cises, imm\u00e9diates qui pourraient arr\u00eater ce massacre.\r\nCar le trafic d'animaux sauvages en France n'est pas une fatalit\u00e9. Il appartient \u00e0 chaque citoyen d'intervenir dans le d\u00e9bat public pour que cesse ce scandale presque aussi profitable que le deal de drogues dures et encore plus n\u00e9faste \u00e0 long terme pour notre plan\u00e8te et pour l'esp\u00e8ce humaine. Ce livre est aussi l\u00e0 pour nous expliquer que tout reste possible, si les citoyens, les familles, les enfants prennent conscience du trafic sauvage.","authors":["J\u00e9r\u00f4me Pensu"],"category_codes":["4000000","4010000","4010200","4010207"],"visuals":{"large":"https:\/\/images.epagine.fr\/779\/9782315022779_1_75.jpg","medium":"https:\/\/images.epagine.fr\/779\/9782315022779_1_m.jpg","thumbnail":"https:\/\/images.epagine.fr\/779\/9782315022779_1_v.jpg"},"orderable":true,"show_badge":true,"formatted_price":"24,90&nbsp;\u20ac","formatted_published_date":"13 janvier 2026","publisher_availability_label":"Sur commande","short_details":"J\u00e9r\u00f4me Pensu \u2014 MAX MILO","translator":null,"weight":325,"page_count":256,"readership":null,"editor":"MAX MILO","price":2490,"published_date":"2026-01-12T23:00:00.000000Z","support":"Grand format","publisher_availability":1,"stock":0,"editions":[],"url":"https:\/\/quaidesbrumes.com\/ouvrage\/9782315022779\/wild-my-fight-to-put-an-end-to-animal-trafficking-in-france"},{"id":"9782365450102","title":"Les myst\u00e8res de l'Everest","description":"Dans cet ouvrage historique, Michael Ward apporte non seulement un \u00e9clairage nouveau sur l\u00b4exp\u00e9dition de 1953 qui r\u00e9ussit l\u00b4ascension du toit du monde, mais fournit une monographie compl\u00e8te des \u00e9v\u00e9nements qui ont men\u00e9s \u00e0 sa conqu\u00eate.\u00c0 travers le r\u00e9cit d\u00b4un si\u00e8cle d\u00b4exploration et d\u00b4\u00e9tudes scientifiques sur les probl\u00e8mes physiologiques li\u00e9s \u00e0 l\u00b4altitude, l\u00b4auteur nous \u00e9claire sur les v\u00e9ritables raisons qui ont men\u00e9es l\u00b4\u00e9quipe britannique, pourtant loin d\u00b4avoir le niveau technique des \u00e9quipes concurrentes des pays alpins comme la Suisse, l\u00b4Allemagne, l\u00b4Italie et la France, \u00e0 r\u00e9ussir l\u00e0 o\u00f9 tant d\u00b4autres avaient \u00e9chou\u00e9.Contrairement \u00e0 ce qu\u00b4\u00e0 fait croire le r\u00e9cit officiel du chef d\u00b4exp\u00e9dition britannique John Hunt, l\u00b4h\u00e9ro\u00efsme et les qualit\u00e9s sp\u00e9cifiques des vainqueurs ne seraient plus les seuls facteurs de r\u00e9ussite. Dans cet ouvrage historique et pol\u00e9mique en son temps, justice est rendue aux progr\u00e8s de la science et \u00e0 l\u00b4exploration topographique, qui ont d\u00b4autres h\u00e9ros que ceux de l\u00b4histoire officielle.Alpiniste et chirurgien londonien \u00e9m\u00e9rite, Michael Ward (1929-2005) fut, en 1953, le m\u00e9decin de l\u00b4exp\u00e9dition victorieuse qui offrit aux britanniques la gloire de la conqu\u00eate du plus haut sommet du monde. D\u00e8s 1951, il escalada, explora et cartographia sa r\u00e9gion et fit des recherches m\u00e9dicales dans les grandes cha\u00eenes montagneuses de l\u00b4Himalaya, au Tibet, au N\u00e9pal, au Bhoutan et au Pamir.Traduit de l\u00b4anglais par Eric Vola.","authors":["Nick Ward","Eric Vola"],"category_codes":["4000000","4010000","4010300","4010302"],"visuals":{"large":"https:\/\/images.epagine.fr\/102\/9782365450102_1_75.jpg","medium":"https:\/\/images.epagine.fr\/102\/9782365450102_1_m.jpg","thumbnail":"https:\/\/images.epagine.fr\/102\/9782365450102_1_v.jpg"},"orderable":true,"show_badge":true,"formatted_price":"25,00&nbsp;\u20ac","formatted_published_date":"20 novembre 2013","publisher_availability_label":"Sur commande","short_details":"Nick Ward, Eric Vola \u2014 \u00c9ditions du Mont-Blanc","translator":"ERIC VOLA","weight":716,"page_count":352,"readership":null,"editor":"\u00c9ditions du Mont-Blanc","price":2500,"published_date":"2013-11-19T23:00:00.000000Z","support":"Grand format","publisher_availability":1,"stock":0,"editions":[],"url":"https:\/\/quaidesbrumes.com\/ouvrage\/9782365450102\/les-mysteres-de-leverest"},{"id":"9782365450218","title":"Un jour comme un tigre ; Alex MacIntyre et la naissance de l'himalayisme l\u00e9ger et rapide","description":"Dans ce livre, John Porter retrace la courte vie de son ami cher et compagnon de cord\u00e9e, l'alpiniste Alex MacIntyre, dont la vie fut brutalement interrompue en 1982, alors qu'il tentait d'ouvrir une nouvelle voie dans la face sud de l'Annapurna. Des montagnes brumeuses de l'Ecosse aux sommets majestueux de l'Himalaya, en passant par les grandes voies des Alpes, l'auteur dresse le portrait d'un homme passionn\u00e9, complexe et visionnaire, qui, \u00e0 seulement 28 ans \u00e9tait d\u00e9j\u00e0 une figure de l'alpinisme britannique.\r\n\r\nPlus qu'une autobiographie, cette histoire qui se d\u00e9roule sur fond de guerre froide est une v\u00e9ritable chronique du monde de l'alpinisme dans les ann\u00e9es 1970 et 1980, de ses h\u00e9ros, de son \u00e9tat d'esprit et des changements qui s'y produisaient, comme la mont\u00e9e en puissance du style alpin l\u00e9ger dont Alex \u00e9tait l'un des pr\u00e9curseurs.","authors":["John Porter","Eric Vola"],"category_codes":["4000000","4010000","4010500","4010503"],"visuals":{"large":"https:\/\/images.epagine.fr\/218\/9782365450218_1_75.jpg","medium":"https:\/\/images.epagine.fr\/218\/9782365450218_1_m.jpg","thumbnail":"https:\/\/images.epagine.fr\/218\/9782365450218_1_v.jpg"},"orderable":true,"show_badge":true,"formatted_price":"22,00&nbsp;\u20ac","formatted_published_date":"20 janvier 2016","publisher_availability_label":"Sur commande","short_details":"John Porter, Eric Vola \u2014 \u00c9ditions du Mont-Blanc","translator":"ERIC VOLA","weight":484,"page_count":280,"readership":null,"editor":"\u00c9ditions du Mont-Blanc","price":2200,"published_date":"2016-01-19T23:00:00.000000Z","support":"Grand format","publisher_availability":1,"stock":0,"editions":[],"url":"https:\/\/quaidesbrumes.com\/ouvrage\/9782365450218\/un-jour-comme-un-tigre-alex-macintyre-et-la-naissance-de-lhimalayisme-leger-et-rapide"},{"id":"9782365450768","title":"Toujours y croire ; la m\u00e8re d'Alex Honnold raconte","description":"Epouse et m\u00e8re. Professeure et musicienne. Marathonienne et grimpeuse. A soixante-six ans, la m\u00e8re d'Alex Honnold, Dierdre Wolownick, est devenue la femme la plus \u00e2g\u00e9e \u00e0 gravir la paroi d'El Capitan dans le Yosemite. Dans ce r\u00e9cit autobiographique o\u00f9 elle raconte son voyage intime, cette performance sportive appara\u00eet comme le fruit d'une longue histoire de courage et de pers\u00e9v\u00e9rance. Elev\u00e9e sous l'oeil vigilant d'une m\u00e8re autoritaire, Dierdre comprend tr\u00e8s t\u00f4t que les projets form\u00e9s par ses parents pour son avenir ne sont pas ce \u00e0 quoi elle aspire.\r\nPlus tard, elle croit trouver une \u00e9chappatoire dans une histoire d'amour romantique, riche de nouvelles exp\u00e9riences qui lui ouvrent les yeux sur le monde. H\u00e9las, elle d\u00e9couvre bient\u00f4t que son mari n'est pas l'homme dou\u00e9 pour le bonheur qu'il semblait \u00eatre au premier abord. S'adaptant de son mieux, Dierdre jongle entre son m\u00e9tier et l'\u00e9ducation de ses deux jeunes enfants, chez qui elle encourage la hardiesse et la confiance en soi.\r\nElle se r\u00e9jouit de voir que Stasia, sa \" petite dame \", se donne pour mission de veiller sur son petit fr\u00e8re et observe avec stup\u00e9faction qu'Alex commence \u00e0 grimper avant m\u00eame de marcher \u00e0 quatre pattes. Apr\u00e8s des ann\u00e9es d'un mariage \u00e9prouvant, conclues par un divorce, Dierdre trouve l'inspiration dans les passions de ses enfants, d\u00e9sormais adultes, et d\u00e9couvre en elle-m\u00eame des ressources insoup\u00e7onn\u00e9es.\r\nA l'instigation de Stasia, elle se met \u00e0 la course \u00e0 pied \u00e0 l'\u00e2ge de cinquante-quatre ans et prend part \u00e0 plusieurs marathons. Quatre ans plus tard, Alex l'emm\u00e8ne faire ses premi\u00e8res voies de rocher. Ce sera une r\u00e9v\u00e9lation. Dans ce nouvel univers, elle trouve amiti\u00e9 et soutien au sein de sa \" tribu \" de grimpeurs et s'adonne \u00e0 sa nouvelle passion jusqu'\u00e0 son ascension record d'El Cap avec son fils.\r\nLa jeune \u00e9pouse d\u00e9sorient\u00e9e et la m\u00e8re d\u00e9bord\u00e9e mais solitaire est devenue une sportive d'\u00e2ge m\u00fbr et s\u00fbre de soi. En narrant son parcours, Dierdre entra\u00eene le lecteur dans les grands espaces o\u00f9 elle a puis\u00e9 une force nouvelle, renou\u00e9 avec le bonheur et d\u00e9couvert un sentiment de communaut\u00e9 - pour entamer une vie d'apprentissage, d'acceptation et d'enthousiasme.","authors":["Dierdre Wolownick"],"category_codes":["4000000","4010000","4010500","4010503"],"visuals":{"large":"https:\/\/images.epagine.fr\/768\/9782365450768_1_75.jpg","medium":"https:\/\/images.epagine.fr\/768\/9782365450768_1_m.jpg","thumbnail":"https:\/\/images.epagine.fr\/768\/9782365450768_1_v.jpg"},"orderable":true,"show_badge":true,"formatted_price":"22,00&nbsp;\u20ac","formatted_published_date":"21 octobre 2020","publisher_availability_label":"Sur commande","short_details":"Dierdre Wolownick \u2014 \u00c9ditions du Mont-Blanc","translator":null,"weight":518,"page_count":300,"readership":null,"editor":"\u00c9ditions du Mont-Blanc","price":2200,"published_date":"2020-10-20T22:00:00.000000Z","support":"Grand format","publisher_availability":1,"stock":0,"editions":[],"url":"https:\/\/quaidesbrumes.com\/ouvrage\/9782365450768\/toujours-y-croire-la-mere-dalex-honnold-raconte"},{"id":"9782824101651","title":"Flore des maquis de Corse","description":"Premier guide pratique de reconnaissance des plantes insulaires \u00e0 partir de photos d\u00e9taill\u00e9es, l'ouvrage est des-tin\u00e9 \u00e0 accompagner les amoureux de la nature, simple-ment gliss\u00e9 dans une poche. Deux photos par page, un descriptif succinct de la plante et quelques infos pour en savoir plus permettront au lecteur un usage simple, rapi-de et fiable in situ.\r\nL'ouvrage fait partie d'une collection de trois (\u00e9tage lit-toral, \u00e9tage montagnard et le pr\u00e9sent : \u00e9tage m\u00e9so et thermom\u00e9diterran\u00e9ens ou de basse et moyenne altitude).\r\nIl est b\u00e2ti selon le principe des v\u00e9g\u00e9tations associ\u00e9es (lieux humides, maquis, for\u00eats, etc.).","authors":["Jacques Gamisans"],"category_codes":["4000000","4010000","4010400"],"visuals":{"large":"https:\/\/images.epagine.fr\/651\/9782824101651_1_75.jpg","medium":"https:\/\/images.epagine.fr\/651\/9782824101651_1_m.jpg","thumbnail":"https:\/\/images.epagine.fr\/651\/9782824101651_1_v.jpg"},"orderable":true,"show_badge":true,"formatted_price":"15,00&nbsp;\u20ac","formatted_published_date":"3 juin 2014","publisher_availability_label":"Sur commande","short_details":"Jacques Gamisans \u2014 Albiana","translator":null,"weight":642,"page_count":300,"readership":null,"editor":"Albiana","price":1500,"published_date":"2014-06-02T22:00:00.000000Z","support":"Revue","publisher_availability":1,"stock":0,"editions":[],"url":"https:\/\/quaidesbrumes.com\/ouvrage\/9782824101651\/flore-des-maquis-de-corse"},{"id":"9782330028909","title":"Les carnet du paysage n.26 : inventer des plantes","description":"Si tout paysage mat\u00e9rialise, de mani\u00e8re plus ou moins diffuse, comment une population a per\u00e7u et exploit\u00e9 son environnement \u00e0 travers les \u00e2ges, toute plante cultiv\u00e9e est similairement issue d'un entrecroisement entre l'histoire naturelle et l'histoire humaine du vivant. Les soci\u00e9t\u00e9s n'ont cess\u00e9 de domestiquer, acclimater, multiplier, s\u00e9lectionner et am\u00e9liorer les plantes agricoles et horticoles.\r\nLa revue souhaite susciter la r\u00e9flexion selon trois grandes perspectives.\r\nLa premi\u00e8re concerne les plantes cultiv\u00e9es en tant que patrimoine \u00e0 la fois h\u00e9rit\u00e9 et constamment transform\u00e9. Il s'agit d'aborder les ph\u00e9nom\u00e8nes de \u00abmode\u00bb dans l'emploi paysager des plantes, de questionner les notions de plante banale et de plante rare ou exceptionnelle, en relation avec celles de plante indig\u00e8ne ou exotique, de mettre en \u00e9vidence certaines dialectiques sociales entre distinction et conformisme, d'\u00e9voquer la conservation des vari\u00e9t\u00e9s cultiv\u00e9es anciennes, qu'elles soient alimentaires ou ornementales.\r\nIl convient \u00e9galement d'\u00e9clairer les relations entre le monde des paysagistes et celui des p\u00e9pini\u00e9ristes, de passer en revue les diff\u00e9rentes facettes de cette vaste fili\u00e8re - des cr\u00e9ateurs de plantes de collection aux centrales d'achat et fournisseurs de jardineries en grande surface - et de donner directement la parole \u00e0 certains de ses acteurs, notamment par le biais d'entretiens. Autrement dit, de mieux comprendre les processus qui m\u00e8nent \u00abde la graine au paysage\u00bb.\r\nEnfin, il nous semble souhaitable d'interroger, y compris par le truchement de d\u00e9marches artistiques et litt\u00e9raires, les profondes r\u00e9sonances de cette invention des plantes dans l'imaginaire, depuis la fascination exerc\u00e9e par les fleurs \u00abutopiques\u00bb et les agrumes \u00abbizarres\u00bb, en passant par l'\u00e9tranget\u00e9 des \u00abpaysages en kit\u00bb des zones de production horticole, jusqu'aux alarmes et aux fantasmes g\u00e9n\u00e9r\u00e9s par les OGM.","authors":["Les carnets du paysage"],"category_codes":["4000000","4010000","4010300"],"visuals":{"large":"https:\/\/images.epagine.fr\/909\/9782330028909_1_75.jpg","medium":"https:\/\/images.epagine.fr\/909\/9782330028909_1_m.jpg","thumbnail":"https:\/\/images.epagine.fr\/909\/9782330028909_1_v.jpg"},"orderable":true,"show_badge":true,"formatted_price":"26,00&nbsp;\u20ac","formatted_published_date":"7 mai 2014","publisher_availability_label":"Sur commande","short_details":"Les carnets du paysage \u2014 Actes Sud","translator":null,"weight":938,"page_count":240,"readership":"+ de 18 ans","editor":"Actes Sud","price":2600,"published_date":"2014-05-06T22:00:00.000000Z","support":"Revue","publisher_availability":1,"stock":0,"editions":[],"url":"https:\/\/quaidesbrumes.com\/ouvrage\/9782330028909\/les-carnet-du-paysage-n26-inventer-des-plantes"},{"id":"9782330075170","title":"Les carnet du paysage n.31 : sacr\u00e9","description":"L'anthropologie et l'histoire des religions ont mis en relief la place du sacr\u00e9 dans l'organisation de l'espace par les soci\u00e9t\u00e9s humaines. Certains paysages, en particulier, peuvent \u00eatre consid\u00e9r\u00e9s comme des incarnations, dans l'espace g\u00e9ographique, de cette aspiration au sacr\u00e9. Les Carnets du paysage n\u00b031 envisage la dialectique du sacr\u00e9 et du paysage sous trois angles compl\u00e9mentaires : le paysage comme incarnation du sacr\u00e9, la rupture entre sacr\u00e9 et espace paysager et la dialectique au travers du principe de transfert. De la gestion contemporaine des cimeti\u00e8res \u00e0 la mont\u00e9e des pr\u00e9occupations \u00e9cologiques, en passant par certaines formes d'expression de l'art contemporain, on montrera comment certains pans s\u00e9cularis\u00e9s de nos soci\u00e9t\u00e9s conservent ou reconstruisent un rapport au monde empreint de sacralit\u00e9.","authors":["Les carnets du paysage"],"category_codes":["4000000","4010000","4010300"],"visuals":{"large":"https:\/\/images.epagine.fr\/170\/9782330075170_1_75.jpg","medium":"https:\/\/images.epagine.fr\/170\/9782330075170_1_m.jpg","thumbnail":"https:\/\/images.epagine.fr\/170\/9782330075170_1_v.jpg"},"orderable":true,"show_badge":true,"formatted_price":"28,00&nbsp;\u20ac","formatted_published_date":"10 mai 2017","publisher_availability_label":"Sur commande","short_details":"Les carnets du paysage \u2014 Actes Sud","translator":null,"weight":730,"page_count":240,"readership":null,"editor":"Actes Sud","price":2800,"published_date":"2017-05-09T22:00:00.000000Z","support":"Revue","publisher_availability":1,"stock":0,"editions":[],"url":"https:\/\/quaidesbrumes.com\/ouvrage\/9782330075170\/les-carnet-du-paysage-n31-sacre"},{"id":"9782330135829","title":"Les carnet du paysage n.37 : paysage de la sant\u00e9, sant\u00e9 du paysage","description":"Alors qu'il s'agit d\u00e9sormais de s'interroger sur les conditions concr\u00e8tes et mat\u00e9rielles de la r\u00e9alisation d'un monde vraiment habitable, la dimension sanitaire de l'environnement ne doit pas \u00eatre plac\u00e9e au second plan, loin derri\u00e8re les donn\u00e9es \u00e9conomiques et sociales. Car la sant\u00e9 participe pleinement de la r\u00e9alisation de soi et de la libert\u00e9.","authors":["Les carnets du paysage"],"category_codes":["4000000","4010000","4010200","4010203"],"visuals":{"large":"https:\/\/images.epagine.fr\/829\/9782330135829_1_75.jpg","medium":"https:\/\/images.epagine.fr\/829\/9782330135829_1_m.jpg","thumbnail":"https:\/\/images.epagine.fr\/829\/9782330135829_1_v.jpg"},"orderable":true,"show_badge":true,"formatted_price":"28,00&nbsp;\u20ac","formatted_published_date":"30 septembre 2020","publisher_availability_label":"Sur commande","short_details":"Les carnets du paysage \u2014 Actes Sud","translator":null,"weight":736,"page_count":240,"readership":null,"editor":"Actes Sud","price":2800,"published_date":"2020-09-29T22:00:00.000000Z","support":"Revue","publisher_availability":1,"stock":0,"editions":[],"url":"https:\/\/quaidesbrumes.com\/ouvrage\/9782330135829\/les-carnet-du-paysage-n37-paysage-de-la-sante-sante-du-paysage"}]}