{"data":[{"id":"9782268070445","title":"Le petit roman du d\u00e9sert","description":"Toute la magie et les clefs du d\u00e9sert dans un petit livre univers.","authors":["Philippe Frey"],"category_codes":["4000000","4010000","4010300","4010302"],"visuals":{"large":"https:\/\/images.epagine.fr\/445\/9782268070445_1_75.jpg","medium":"https:\/\/images.epagine.fr\/445\/9782268070445_1_m.jpg","thumbnail":"https:\/\/images.epagine.fr\/445\/9782268070445_1_v.jpg"},"orderable":true,"show_badge":true,"formatted_price":"10,10&nbsp;\u20ac","formatted_published_date":"27 janvier 2011","publisher_availability_label":"Sur commande","short_details":"Philippe Frey \u2014 \u00c9ditions du Rocher","translator":null,"weight":156,"page_count":120,"readership":null,"editor":"\u00c9ditions du Rocher","price":1010,"published_date":"2011-01-26T23:00:00.000000Z","support":"Grand format","publisher_availability":1,"stock":0,"editions":[],"url":"https:\/\/quaidesbrumes.com\/ouvrage\/9782268070445\/le-petit-roman-du-desert"},{"id":"9782373971934","title":"L'herbier d'Auguste Bonthoux Tome 1 : les belles toxiques","description":"En 1860, Auguste Bonthoux et son fr\u00e8re cadet quittent Poligny, leur village de la vall\u00e9e du Champsaur dans les HautesAlpes, pour l'Ouest am\u00e9ricain. Sur place, son fr\u00e8re se noie en traversant une rivi\u00e8re. D\u00e9\u00e7u par ce pays qu'il juge inhospitalier, Auguste continue son p\u00e9riple jusqu'en Australie o\u00f9 il exerce le m\u00e9tier de g\u00e9om\u00e8treexpert tout en parcourant dans ses moments de loisirs la r\u00e9gion de Sydney \u00e0 la recherche de la flore locale. Mais, plut\u00f4t que de constituer un herbier dont il craint la fragilit\u00e9, il dessine puis peint avec une grande ma\u00eetrise artistique les fleurs qu'il r\u00e9colte. De retour en France, en digne \u00e9mule du c\u00e9l\u00e8bre botaniste Dominique Villars (17451814), originaire de Noyer, village situ\u00e9 \u00e0 quatre kilom\u00e8tres de Poligny, il constituera un herbier peint de sa ch\u00e8re flore alpine, dont Les belles toxiques, extrait des carnets dont son petitneveu Georges Gastaldy a h\u00e9rit\u00e9, est le premier tome.","authors":["Georges Gastaldy"],"category_codes":["4000000","4010000","4010400","4010405"],"visuals":{"large":"https:\/\/images.epagine.fr\/934\/9782373971934_1_75.jpg","medium":"https:\/\/images.epagine.fr\/934\/9782373971934_1_m.jpg","thumbnail":"https:\/\/images.epagine.fr\/934\/9782373971934_1_v.jpg"},"orderable":true,"show_badge":true,"formatted_price":"25,00&nbsp;\u20ac","formatted_published_date":"13 juin 2023","publisher_availability_label":"Sur commande","short_details":"Georges Gastaldy \u2014 Feuillage","translator":null,"weight":200,"page_count":162,"readership":null,"editor":"Feuillage","price":2500,"published_date":"2023-06-12T22:00:00.000000Z","support":"Grand format","publisher_availability":1,"stock":0,"editions":[],"url":"https:\/\/quaidesbrumes.com\/ouvrage\/9782373971934\/lherbier-dauguste-bonthoux-tome-1-les-belles-toxiques"},{"id":"9782759241750","title":"Les ports, un nouvel enjeu en \u00e9cologie marine","description":"Les ports jouent un r\u00f4le \u00e9conomique, social et g\u00e9opolitique central, notamment \u00e0 travers le commerce international. Avec la mont\u00e9e en puissance des enjeux environnementaux, ils deviennent des \u00e9l\u00e9ments cl\u00e9s des politiques de d\u00e9carbonation et de lutte contre les pollutions. Ils abritent \u00e9galement des \u00e9cosyst\u00e8mes marins sp\u00e9cifiques dont l'existence est assez peu connue.\r\nCet ouvrage explore les caract\u00e9ristiques des habitats marins portuaires, les r\u00f4les \u00e9cologiques des navires, mais aussi les dynamiques \u00e9cologiques et \u00e9volutives propres aux communaut\u00e9s marines portuaires. Une attention particuli\u00e8re est port\u00e9e aux esp\u00e8ces non indig\u00e8nes, introduites par les activit\u00e9s maritimes et caract\u00e9ristiques de ces milieux. Les auteurs examinent les solutions concr\u00e8tes pour minimiser l'impact des ports sur les \u00e9cosyst\u00e8mes marins naturels gr\u00e2ce au d\u00e9veloppement d'outils d'observation adapt\u00e9s, \u00e0 l'ing\u00e9nierie \u00e9cologique, mais aussi \u00e0 travers les leviers que sont la gouvernance portuaire et l'implication des usagers.\r\nS'adressant aux \u00e9tudiants, aux chercheurs en sciences marines et environnementales, aux parties prenantes de la gestion des ports ainsi qu'aux lecteurs curieux, ce livre propose une exploration in\u00e9dite des habitats marins portuaires. Il s'inscrit dans le cadre de l'\u00e9mergence d'une \u00e9cologie marine urbaine, discipline qui s'appuie sur une vision \u00e9largie de l'\u00e9cologie pour \u00e9tudier les interactions complexes entre les dynamiques des syst\u00e8mes naturels et celles des soci\u00e9t\u00e9s humaines.","authors":["Marc Bouchoucha","H\u00e9l\u00e8ne Rey-Valette","Fr\u00e9d\u00e9ric Viard","Collectif"],"category_codes":["4000000","4010000","4010200","4010207"],"visuals":{"large":"https:\/\/images.epagine.fr\/750\/9782759241750_1_75.jpg","medium":"https:\/\/images.epagine.fr\/750\/9782759241750_1_m.jpg","thumbnail":"https:\/\/images.epagine.fr\/750\/9782759241750_1_v.jpg"},"orderable":true,"show_badge":true,"formatted_price":"25,00&nbsp;\u20ac","formatted_published_date":"4 d\u00e9cembre 2025","publisher_availability_label":"Sur commande","short_details":"Marc Bouchoucha, H\u00e9l\u00e8ne Rey-Valette, Fr\u00e9d\u00e9ric Viard, Collectif \u2014 Qu\u00e6","translator":null,"weight":422,"page_count":184,"readership":null,"editor":"Qu\u00e6","price":2500,"published_date":"2025-12-03T23:00:00.000000Z","support":"Grand format","publisher_availability":1,"stock":0,"editions":[],"url":"https:\/\/quaidesbrumes.com\/ouvrage\/9782759241750\/les-ports-un-nouvel-enjeu-en-ecologie-marine"},{"id":"9782898311727","title":"Science de la for\u00eat Tome 2 : les arbres en p\u00e9nurie d'eau","description":"V\u00e9ritable guide pratique, ce livre vous propose un parcours structur\u00e9 et progressif pour faciliter votre r\u00e9orientation en toute autonomie et \u00e0 votre rythme. Vous y d\u00e9couvrirez une d\u00e9marche d'auto\u00adcoaching qui vous permettra de mieux vous conna\u00eetre et d'identifier vos forces. Gr\u00e2ce aux nombreuses activit\u00e9s exploratoires, vous serez en mesure de construire un projet motivant et r\u00e9aliste adapt\u00e9 \u00e0 vos besoins. Ancr\u00e9 dans la r\u00e9alit\u00e9 du march\u00e9 du travail, ce livre est nourri d'exp\u00e9riences individuelles de \u00abreconvertis\u00bb. Il s'appuie \u00e9galement sur la recherche la plus r\u00e9cente en psychologie cognitive et sociale, mais aussi sur des \u00e9tudes et des outils issus de la psychologie positive et des neurosciences.","authors":["Bruno Boulet"],"category_codes":["4000000","4010000","4010300","4010301"],"visuals":{"large":"https:\/\/images.epagine.fr\/727\/9782898311727_1_75.jpg","medium":"https:\/\/images.epagine.fr\/727\/9782898311727_1_m.jpg","thumbnail":"https:\/\/images.epagine.fr\/727\/9782898311727_1_v.jpg"},"orderable":true,"show_badge":true,"formatted_price":"37,00&nbsp;\u20ac","formatted_published_date":"30 mars 2022","publisher_availability_label":"Sur commande","short_details":"Bruno Boulet \u2014 Crescendo","translator":null,"weight":701,"page_count":null,"readership":null,"editor":"Crescendo","price":3700,"published_date":"2022-03-29T22:00:00.000000Z","support":"Grand format","publisher_availability":1,"stock":0,"editions":[],"url":"https:\/\/quaidesbrumes.com\/ouvrage\/9782898311727\/science-de-la-foret-tome-2-les-arbres-en-penurie-deau"},{"id":"9782268108520","title":"Boomerangs : comment la mise \u00e0 mal de notre environnement met en danger la sant\u00e9 humaine","description":"Par ses activit\u00e9s, l'homme perturbe la biosph\u00e8re et les \u00e9cosyst\u00e8mes. Directement ou indirectement, il provoque des dysfonctionnements \u00e9cologiques cr\u00e9ant un effet domino qu'on peut aussi d\u00e9crire comme un effet boomerang : l'agression de l'environnement par l'homme finit par se retourner contre sa propre sant\u00e9...Boomerangs revient avec une grande clart\u00e9 sur ces diff\u00e9rentes cons\u00e9quences sanitaires qui ponctuent notre quotidien : omnipr\u00e9sence des plastiques et des perturbateurs endocriniens, exposition aux pesticides, pollutions chimiques et biologiques, maladies infectieuses \u00e9mergentes, etc. Sont ainsi successivement d\u00e9taill\u00e9s les risques \u00abnaturels \u00bb, les cons\u00e9quences sanitaires de l'introduction de substances d'origine synth\u00e9tique dans les cha\u00eenes alimentaires, de la perturbation des grands cycles des \u00e9l\u00e9ments - en particulier de celui du carbone, responsable des changements climatiques actuels -, et des atteintes port\u00e9es \u00e0 la biodiversit\u00e9.Un livre qui sonne comme un avertissement, mais qui est \u00e9galement un plaidoyer pour une v\u00e9ritable \u00e9cologie de la sant\u00e9. Il montre pourquoi une vision globale des interactions entre l'homme, l'environnement et la sant\u00e9 est indispensable pour s'attaquer \u00e0 la crise \u00e9cologique avant qu'elle ne d\u00e9g\u00e9n\u00e8re en catastrophe sanitaire.\r\nProfesseur en pharmacie \u00e0 l'universit\u00e9 de Picardie Jules-Verne et praticien hospitalier au Centre hospitalier universitaire Amiens-Picardie, Guillaume Decocq dirige l'unit\u00e9 mixte de recherche CNRS \u00ab \u00c9cologie et Dynamique des Syst\u00e8mes anthropis\u00e9s \u00bb. Il est \u00e9galement membre de la section \u00ab Sciences appliqu\u00e9es \u00e0 la sant\u00e9 environnementale \u00bb de l'Acad\u00e9mie nationale de Pharmacie.","authors":["Guillaume Decocq"],"category_codes":["4000000","4010000","4010200","4010207"],"visuals":{"large":"https:\/\/images.epagine.fr\/520\/9782268108520_1_75.jpg","medium":"https:\/\/images.epagine.fr\/520\/9782268108520_1_m.jpg","thumbnail":"https:\/\/images.epagine.fr\/520\/9782268108520_1_v.jpg"},"orderable":true,"show_badge":true,"formatted_price":"21,90&nbsp;\u20ac","formatted_published_date":"4 janvier 2023","publisher_availability_label":"Sur commande","short_details":"Guillaume Decocq \u2014 \u00c9ditions du Rocher","translator":null,"weight":390,"page_count":352,"readership":null,"editor":"\u00c9ditions du Rocher","price":2190,"published_date":"2023-01-03T23:00:00.000000Z","support":"Grand format","publisher_availability":1,"stock":0,"editions":[],"url":"https:\/\/quaidesbrumes.com\/ouvrage\/9782268108520\/boomerangs-comment-la-mise-a-mal-de-notre-environnement-met-en-danger-la-sante-humaine"},{"id":"9782344016572","title":"Montagne ;  la 4e dimension","description":"Aucun alpiniste, pas m\u00eame Reinhold Messner, n'a jamais vu les montagnes telles que les pr\u00e9sente ce livre !\r\nGr\u00e2ce aux scientifiques du DLR, l'agence a\u00e9rospatiale allemande, et aux donn\u00e9es des satellites du CNES (Centre national d'\u00e9tudes spatiales), 13 sommets de l\u00e9gende prennent ici une nouvelle dimension. Leurs images virtuelles r\u00e9v\u00e8lent de mani\u00e8re impressionnante le caract\u00e8re de ces montagnes o\u00f9 s'est \u00e9difi\u00e9e l'histoire de l'alpinisme.\r\n\r\nCe livre accompagne une nouvelle \u00e9tape dans l'observation de la plan\u00e8te et de l'exploration alpine.\r\n\u00c0 partir de donn\u00e9es en trois dimensions \u00ab am\u00e9lior\u00e9es \u00bb, enregistr\u00e9es par les satellites Pl\u00e9iades, les chercheurs et les ordinateurs de l'Agence a\u00e9rospatiale allemande (DLR - Deutsches F\u00fcr Luft und Zentrum Raumfahrt) ont reconstitu\u00e9 des images photor\u00e9alistes qui stup\u00e9fient les alpinistes.\r\nNi les grimpeurs ni les pilotes d'avion ou d'h\u00e9licopt\u00e8re n'ont jamais pu explorer ainsi les montagnes sous tous les angles, les embrasser toutes enti\u00e8res du regard et parcourir virtuellement le moindre d\u00e9tail de leurs reliefs.\r\nC'est Gerlinde Kaltenbrunner, premi\u00e8re femme \u00e0 gravir les quatorze 8000 sans oxyg\u00e8ne qui a inspir\u00e9 les scientifiques du DLR et a profit\u00e9 la premi\u00e8re de leurs documents exceptionnels.\r\nReinhold Messner, co-auteur tut\u00e9laire du projet, a s\u00e9lectionn\u00e9 treize sommets ou voies mythiques pour lesquelles les donn\u00e9es satellites ont \u00e9t\u00e9 sp\u00e9cialement trait\u00e9es.\r\n\r\nEn compl\u00e9ment de ces images in\u00e9dites, le t\u00e9moignage d'alpinistes d'hier et d'aujourd'hui y ayant v\u00e9cu des aventures exceptionnelles rendent ces montagnes encore plus captivantes. Les r\u00e9cits de Pierre Mazeaud, Herv\u00e9 Barmasse, Volles Risiko, Barbara Washburn, Robert Paragot, John Roskelley, Stephen Venables, Gerlinde Kaltenbrunner, Tomaz Humar, Sandy Allan, Yannick Graziani, Hansj\u00f6rg Auer inscrivent les montagnes dans la dimension temporelle: une quatri\u00e8me dimension.","authors":["Collectif","Nils Sparwasser","Reinhold Messner"],"category_codes":["4000000","4010000","4010300","4010305"],"visuals":{"large":"https:\/\/images.epagine.fr\/572\/9782344016572_1_75.jpg","medium":"https:\/\/images.epagine.fr\/572\/9782344016572_1_m.jpg","thumbnail":"https:\/\/images.epagine.fr\/572\/9782344016572_1_v.jpg"},"orderable":true,"show_badge":true,"formatted_price":"49,00&nbsp;\u20ac","formatted_published_date":"5 octobre 2016","publisher_availability_label":"Sur commande","short_details":"Collectif, Nils Sparwasser, Reinhold Messner \u2014 Gl\u00e9nat","translator":null,"weight":2126,"page_count":240,"readership":null,"editor":"Gl\u00e9nat","price":4900,"published_date":"2016-10-04T22:00:00.000000Z","support":"Beaux-livres","publisher_availability":1,"stock":0,"editions":[],"url":"https:\/\/quaidesbrumes.com\/ouvrage\/9782344016572\/montagne-la-4e-dimension"},{"id":"9781399620864","title":"The mushroom compendium","description":"Unearth the scientific, cultural and fantastical properties of mushrooms. Fungi are the foundation upon which a healthy ecosystem is based; they're essential to the growth and success of our planet and yet many people barely know a porcini from a portobello, or a chestnut from a shiitake - and that's just the edible ones.\r\n\r\nWith these 50 reference cards and accompanying poster, explore the world of mushrooms beyond what's in your kitchen - from a ballerina waxcap and barbie pagodas to a snowy disco and stinkhorns - and discover the incredible diversity of their roles in ecosystems around the world.\r\n\r\nDifferent varieties and the habitats in which mushrooms thrive are everywhere across the globe, and the importance of these organisms shouldn't be understated. From providing fundamental enzymes in food production and the creation of modern medicines, to traditional healing and cultural uses of hallucinogenic fungi, mushrooms are a vital part of the natural world that many know relatively little about.\r\n\r\nThis deck celebrates their beauty, complexity and significance, and gives an insight into this fascinating kingdom of fungi.\r\n\r\n50 ILLUSTRATED CARDS profiling 50 varieties of mushrooms from around the globe, accompanied by a detailed poster.\r\n\r\nINTRIGUING ILLUSTRATIONS showcasing the incredible diversity of mushrooms by East London illustrator Alice Pattullo.\r\n\r\nEXPERT AUTHORS: text by the curators at Kew Garden's Fungarium.\r\n\r\nTHE PERFECT GIFT for nature lovers, this deck brings together fascinating information and stylish illustrations in one package.\r\n\r\nLAURENCE KING has been capturing imaginations and inspiring creativity in new and unexpected ways for over 30 years, with playful and eye-catching games, gifts and books.","authors":["Davies Lee"],"category_codes":["4000000","4010000","4010400","4010403"],"visuals":{"large":"https:\/\/images.epagine.fr\/864\/9781399620864_1_75.jpg","medium":"https:\/\/images.epagine.fr\/864\/9781399620864_1_m.jpg","thumbnail":"https:\/\/images.epagine.fr\/864\/9781399620864_1_v.jpg"},"orderable":true,"show_badge":true,"formatted_price":"0,00&nbsp;\u20ac","formatted_published_date":"12 septembre 2024","publisher_availability_label":"Sur commande","short_details":"Davies Lee \u2014 Laurence King","translator":null,"weight":400,"page_count":50,"readership":null,"editor":"Laurence King","price":0,"published_date":"2024-09-11T22:00:00.000000Z","support":"Objet","publisher_availability":1,"stock":0,"editions":[],"url":"https:\/\/quaidesbrumes.com\/ouvrage\/9781399620864\/the-mushroom-compendium"},{"id":"9782763795546","title":"Manuel de sociologie de l'environnement","description":"Offre un large aper\u00e7u de la production internationale en sociologie de l'environnement. II propose une mise en perspective des principaux enjeux m\u00e9thodologiques et \u00e9pist\u00e9mologiques soulev\u00e9s par l'\u00e9mergence des probl\u00e8mes d'environnement dans les soci\u00e9t\u00e9s industrielles avanc\u00e9es, tout en exposant des recherches empiriques \u00e0 propos d'enjeux classiques, notamment la gestion des ressources naturelles, les controverses environnementales, le gouvernement territorial. \r\nAlors qu'il existe, dans le monde anglo-saxon, plusieurs ouvrages de type \" manuel \" ou \" \u00e9tat des savoirs \" de sociologie de l'environnement, aucun ouvrage g\u00e9n\u00e9raliste de ce type n'\u00e9tait encore disponible en langue fran\u00e7aise. Cet ouvrage entend combler cette lacune. Pour cela, le comit\u00e9 \u00e9ditorial, issu du r\u00e9seau th\u00e9matique Sociologie de l'environnement et des risques de l'Association fran\u00e7aise de sociologie, a sollicit\u00e9 des chercheurs parmi les plus reconnus dans leur domaine. \r\nCet ouvrage permet de consolider la l\u00e9gitimit\u00e9 scientifique de ce domaine de recherches et offre \u00e0 un large public d'\u00e9tudiants, de professionnels et de citoyens int\u00e9ress\u00e9s, des \u00e9l\u00e9ments de r\u00e9flexion sur le changement de mode de d\u00e9veloppement qu'appelle la prise en compte de la question environnementale.","authors":[],"category_codes":["4000000","4010000","4010200"],"visuals":{"large":"https:\/\/images.epagine.fr\/546\/9782763795546_1_75.jpg","medium":"https:\/\/images.epagine.fr\/546\/9782763795546_1_m.jpg","thumbnail":"https:\/\/images.epagine.fr\/546\/9782763795546_1_v.jpg"},"orderable":true,"show_badge":true,"formatted_price":"60,00&nbsp;\u20ac","formatted_published_date":"12 juillet 2012","publisher_availability_label":"Sur commande","short_details":"Presses De L'Universite De Laval","translator":null,"weight":1200,"page_count":516,"readership":null,"editor":"Presses De L'Universite De Laval","price":6000,"published_date":"2012-07-11T22:00:00.000000Z","support":"Grand format","publisher_availability":1,"stock":0,"editions":[],"url":"https:\/\/quaidesbrumes.com\/ouvrage\/9782763795546\/manuel-de-sociologie-de-lenvironnement"},{"id":"9782766301997","title":"Flore nordique du Qu\u00e9bec et du labrador Tome 5","description":"La Flore nordique du Qu\u00e9bec et du Labrador, une source d'informations essentielles sur le patrimoine v\u00e9g\u00e9tal du Qu\u00e9bec-Labrador nordique.\r\n","authors":["Serge Payette"],"category_codes":["4000000","4010000","4010300"],"visuals":{"large":"https:\/\/images.epagine.fr\/997\/9782766301997_1_75.jpg","medium":"https:\/\/images.epagine.fr\/997\/9782766301997_1_m.jpg","thumbnail":"https:\/\/images.epagine.fr\/997\/9782766301997_1_v.jpg"},"orderable":true,"show_badge":true,"formatted_price":"90,00&nbsp;\u20ac","formatted_published_date":"15 novembre 2024","publisher_availability_label":"Sur commande","short_details":"Serge Payette \u2014 Presses De L'Universite De Laval","translator":null,"weight":2140,"page_count":616,"readership":null,"editor":"Presses De L'Universite De Laval","price":9000,"published_date":"2024-11-14T23:00:00.000000Z","support":"Grand format","publisher_availability":1,"stock":0,"editions":[],"url":"https:\/\/quaidesbrumes.com\/ouvrage\/9782766301997\/flore-nordique-du-quebec-et-du-labrador-tome-5"},{"id":"9782766302444","title":"Green Public Procurement : Lessons from the Fields","description":"Integrating environmental considerations into public contracts is now largely possible, enabling public purchasers to become real players in the fight against the ecological emergency and to influence the practices and behaviour of economic operators. However, major difficulties remain and, in practice, environmental aspects are often not implemented to any great extent. The aim of this book is to highlight and understand the practical obstacles preventing a genuine environmentalization of public procurement. Starting with the regulations in force in Canada, France, Italy, the Netherlands, Portugal and Switzerland, the research then focuses, through field surveys, on the various national obstacles preventing the development of green public procurement.","authors":["Fran\u00e7ois Lich\u00e8re"],"category_codes":["4000000","4010000","4010200"],"visuals":{"large":"https:\/\/images.epagine.fr\/444\/9782766302444_1_75.jpg","medium":"https:\/\/images.epagine.fr\/444\/9782766302444_1_m.jpg","thumbnail":"https:\/\/images.epagine.fr\/444\/9782766302444_1_v.jpg"},"orderable":true,"show_badge":true,"formatted_price":"45,00&nbsp;\u20ac","formatted_published_date":"30 ao\u00fbt 2025","publisher_availability_label":"Sur commande","short_details":"Fran\u00e7ois Lich\u00e8re \u2014 Presses De L'Universite De Laval","translator":null,"weight":454,"page_count":300,"readership":"Tout public","editor":"Presses De L'Universite De Laval","price":4500,"published_date":"2025-08-29T22:00:00.000000Z","support":"Grand format","publisher_availability":1,"stock":0,"editions":[],"url":"https:\/\/quaidesbrumes.com\/ouvrage\/9782766302444\/green-public-procurement-lessons-from-the-fields"},{"id":"9782367580579","title":"P\u00eacheurs bretons en qu\u00eate d'avenir","description":"Les p\u00eacheurs bretons ont su tirer parti des richesses de leurs eaux c\u00f4ti\u00e8res, mais ils ont aussi parcouru l'Atlantique, du Groenland \u00e0 l'Afrique du Sud, jusque dans les ann\u00e9es 1990. \r\nA ces ann\u00e9es glorieuses ont succ\u00e9d\u00e9 deux d\u00e9cennies de crise et de d\u00e9clin, marqu\u00e9es par l'\u00e9puisement des ressources, une r\u00e9duction drastique des diverses flotilles et la prise en main des oc\u00e9ans par de nouveaux acteurs (ONG, entreprises de l'\u00e9nergie, tourisme, etc.).\r\nPour faire face \u00e0 ces nouveaux d\u00e9fis, les p\u00eacheurs bretons peuvent s'appuyer sur une tradition d'organisation, leur capacit\u00e9 d'innovation et la r\u00e9silience des oc\u00e9ans. \r\nLa p\u00eache peut \u00eatre une activit\u00e9 durable o\u00f9 le d\u00e9fi majeur est celui de la capacit\u00e9 des hommes et des femmes \u00e0 partager les ressources limit\u00e9es.\r\nIl faut aussi pour cela que ces hommes et ces femmes acceptent de vivre d'un m\u00e9tier passionnant, avec un rythme de vie d\u00e9cal\u00e9, dans un cadre d'une beaut\u00e9 fascinante, en acceptant la variabilit\u00e9 des ressources et des revenus ainsi que les risques de la mer.","authors":["Collectif","Alain Le sann"],"category_codes":["4000000","4010000","4010500","4010502"],"visuals":{"large":"https:\/\/images.epagine.fr\/579\/9782367580579_1_75.jpg","medium":"https:\/\/images.epagine.fr\/579\/9782367580579_1_m.jpg","thumbnail":"https:\/\/images.epagine.fr\/579\/9782367580579_1_v.jpg"},"orderable":true,"show_badge":true,"formatted_price":"12,00&nbsp;\u20ac","formatted_published_date":"20 octobre 2016","publisher_availability_label":"Sur commande","short_details":"Collectif, Alain Le sann \u2014 Skol Vreizh","translator":null,"weight":300,"page_count":136,"readership":null,"editor":"Skol Vreizh","price":1200,"published_date":"2016-10-19T22:00:00.000000Z","support":"Grand format","publisher_availability":1,"stock":0,"editions":[],"url":"https:\/\/quaidesbrumes.com\/ouvrage\/9782367580579\/pecheurs-bretons-en-quete-davenir"},{"id":"9782763718033","title":"L'adaptation au changement climatique ; pour ouvrir la bo\u00eete noir","description":"L'adaptation au changement climatique, c'est d\u00e9sormais une n\u00e9cessit\u00e9. Mais de quoi s'agit-il au juste ? Gestion locale des risques ou pr\u00e9paration \u00e0 un danger global in\u00e9dit ? Calcul et anticipation \u00e9conomiques ou d\u00e9fi pour la politique ? Cet essai examine philosophiquement la finalit\u00e9 pratique des plans, des strat\u00e9gies, des programmes d'action, bref de tous ces discours qui affirment prendre en charge notre avenir au nom de la n\u00e9cessit\u00e9 de s'adapter au changement climatique. \r\nL'enjeu est de taille : la reproduction de la soci\u00e9t\u00e9 \u00e0 l'\u00e9chelle mondiale mais aussi dans toutes ses dimensions sectorielles et locales. Et au plan pratique, il en r\u00e9sulte cette question d\u00e9terminante : comment mener localement une politique du danger environnemental plan\u00e9taire ?","authors":["Philippe Eon"],"category_codes":["4000000","4010000","4010200"],"visuals":{"large":"https:\/\/images.epagine.fr\/033\/9782763718033_1_75.jpg","medium":"https:\/\/images.epagine.fr\/033\/9782763718033_1_m.jpg","thumbnail":"https:\/\/images.epagine.fr\/033\/9782763718033_1_v.jpg"},"orderable":true,"show_badge":true,"formatted_price":"21,00&nbsp;\u20ac","formatted_published_date":"4 juillet 2013","publisher_availability_label":"Sur commande","short_details":"Philippe Eon \u2014 Presses De L'Universite De Laval","translator":null,"weight":150,"page_count":124,"readership":null,"editor":"Presses De L'Universite De Laval","price":2100,"published_date":"2013-07-03T22:00:00.000000Z","support":"Grand format","publisher_availability":1,"stock":0,"editions":[],"url":"https:\/\/quaidesbrumes.com\/ouvrage\/9782763718033\/ladaptation-au-changement-climatique-pour-ouvrir-la-boite-noir"},{"id":"9782763730332","title":"La transition energetique en chantier. les configurations","description":"Pr\u00e9sent\u00e9e comme une r\u00e9ponse aux bouleversements climatiques et une alternative \u00e0 l'usage massif des \u00e9nergies fossiles, la transition \u00e9nerg\u00e9tique qui s'amorce fait d\u00e9bat. Dans ses versions les moins exigeantes, elle d\u00e9signe d'abord et avant tout un processus de tr\u00e8s lente sortie du p\u00e9trole reposant sur les m\u00e9canismes de march\u00e9 (comme la bourse du carbone), la valorisation des technologies vertes et l'utilisation accrue des formes d'\u00e9nergie renouvelable. \u00c0 l'autre bout du spectre de propositions, la transition \u00e9nerg\u00e9tique renvoie \u00e0 un ambitieux projet de reconfiguration des modes d'appropriation de l'\u00e9nergie, ainsi que de diminution globale nette de la consommation \u00e9nerg\u00e9tique de toute nature. Parce qu'elles sont irr\u00e9ductibles \u00e0 leur seule dimension technique et qu'elles impliquent des d\u00e9bats publics, ces options indiquent que les choix en mati\u00e8re \u00e9nerg\u00e9tique seront, plus que jamais, des choix de soci\u00e9t\u00e9.\r\n\r\nOr, ces choix se mat\u00e9rialisent par des configurations institutionnelles et territoriales sp\u00e9cifiques, qui constituent autant de \" chemins \" de la transition \u00e9nerg\u00e9tique. Ainsi, loin de s'imposer de mani\u00e8re uniforme, cette transition prendra des formes vari\u00e9es, t\u00e9moignant de l'\u00e9tat des rapports entre \u00e9nergie, \u00e9conomie et communaut\u00e9s territoriales. C'est \u00e0 l'examen de ces formes dans leurs particularit\u00e9s nationales et territoriales, ainsi qu'aux conflits d'acteurs et aux dynamiques institutionnelles qu'elles recouvrent, que souhaite contribuer le pr\u00e9sent ouvrage.","authors":["Fortin Marie-Josee"],"category_codes":["4000000","4010000","4010200"],"visuals":{"large":"https:\/\/images.epagine.fr\/332\/9782763730332_1_75.jpg","medium":"https:\/\/images.epagine.fr\/332\/9782763730332_1_m.jpg","thumbnail":"https:\/\/images.epagine.fr\/332\/9782763730332_1_v.jpg"},"orderable":true,"show_badge":true,"formatted_price":"25,00&nbsp;\u20ac","formatted_published_date":"12 avril 2016","publisher_availability_label":"Sur commande","short_details":"Fortin Marie-Josee \u2014 Presses De L'Universite De Laval","translator":null,"weight":500,"page_count":null,"readership":null,"editor":"Presses De L'Universite De Laval","price":2500,"published_date":"2016-04-11T22:00:00.000000Z","support":"Grand format","publisher_availability":1,"stock":0,"editions":[],"url":"https:\/\/quaidesbrumes.com\/ouvrage\/9782763730332\/la-transition-energetique-en-chantier-les-configurations"},{"id":"9782898006142","title":"Les \u00e9cosystemes du Qu\u00e9bec","description":"La for\u00eat nous nourrit, nous gu\u00e9rit, nous abrite.\r\n\r\nVoil\u00e0 pourquoi elle m\u00e9rite notre reconnaissance et notre protection.\r\n\r\nDans cet ouvrage, tu apprendras \u00e0 reconna\u00eetre les diff\u00e9rents types de for\u00eats qui poussent sur notre vaste territoire. Tu t'amuseras aussi \u00e0 rep\u00e9rer et \u00e0 identifier la faune et la flore qui s'y cachent.\r\n\r\nUne meilleure connaissance de la nature permet une meilleure protection de notre environnement !","authors":["Cathy Faucher"],"category_codes":["4000000","4010000","4010300"],"visuals":{"large":"https:\/\/images.epagine.fr\/142\/9782898006142_1_75.jpg","medium":"https:\/\/images.epagine.fr\/142\/9782898006142_1_m.jpg","thumbnail":"https:\/\/images.epagine.fr\/142\/9782898006142_1_v.jpg"},"orderable":true,"show_badge":true,"formatted_price":"15,00&nbsp;\u20ac","formatted_published_date":"15 janvier 2024","publisher_availability_label":"Sur commande","short_details":"Cathy Faucher \u2014 Goelette","translator":null,"weight":400,"page_count":32,"readership":null,"editor":"Goelette","price":1500,"published_date":"2024-01-14T23:00:00.000000Z","support":"Grand format","publisher_availability":1,"stock":0,"editions":[],"url":"https:\/\/quaidesbrumes.com\/ouvrage\/9782898006142\/les-ecosystemes-du-quebec"},{"id":"9782898250033","title":"Un pays de rivi\u00e8res","description":"Le Qu\u00e9bec est un pays de rivi\u00e8res. Et, comme l'affirmait le g\u00e9ographe, professeur et sp\u00e9cialiste de la nordicit\u00e9, Louis-Edmond Hamelin : \u00ab J'ai grandi dans un rang, un rang de rivi\u00e8re \u00bb. Les cours d'eau ont fa\u00e7onn\u00e9 la g\u00e9ographie, l'histoire et l'organisation socio-\u00e9conomique du Qu\u00e9bec et forg\u00e9, par cons\u00e9quent, l'identit\u00e9 singuli\u00e8re des Qu\u00e9b\u00e9cois. Ce livre - richement illustr\u00e9 - ne porte pas sur toutes les rivi\u00e8res du Qu\u00e9bec. Il en pr\u00e9sente quelques dizaines, parmi les plus importantes - c'est bien peu quand on sait qu'on en compte plus de quatre mille cinq cents, dont trois cents n'ont pas de nom - sur lesquelles Normand Cazelais porte un regard curieux, personnel, parfois intime. Chaque rivi\u00e8re a son histoire, ses traits de caract\u00e8re, sa personnalit\u00e9. Ensemble, ces rivi\u00e8res livrent un visage du Qu\u00e9bec \u00e0 la fois homog\u00e8ne et multiple qui n'appartient qu'\u00e0 lui seul.","authors":["Normand Cazelais"],"category_codes":["4000000","4010000","4010300","4010301"],"visuals":{"large":"https:\/\/images.epagine.fr\/033\/9782898250033_1_75.jpg","medium":"https:\/\/images.epagine.fr\/033\/9782898250033_1_m.jpg","thumbnail":"https:\/\/images.epagine.fr\/033\/9782898250033_1_v.jpg"},"orderable":true,"show_badge":true,"formatted_price":"38,00&nbsp;\u20ac","formatted_published_date":"1er juillet 2021","publisher_availability_label":"Sur commande","short_details":"Normand Cazelais \u2014 La Presse","translator":null,"weight":901,"page_count":null,"readership":null,"editor":"La Presse","price":3800,"published_date":"2021-06-30T22:00:00.000000Z","support":"Grand format","publisher_availability":1,"stock":0,"editions":[],"url":"https:\/\/quaidesbrumes.com\/ouvrage\/9782898250033\/un-pays-de-rivieres"},{"id":"9782898252303","title":"Demain la nature : Elle nous sauvera, si nous la prot\u00e9geons","description":"Face \u00e0 la crise de la biodiversit\u00e9 et du climat, il nous faut  de toute urgence  reconsid\u00e9rer la nature sauvage et renouer avec elle. C'est l'id\u00e9e centrale que d\u00e9fend l'auteur dans cet ouvrage au style direct et vivant, \u00e9maill\u00e9 d'observations tir\u00e9es de son exp\u00e9rience de journaliste scientifique et de naturaliste. Le Qu\u00e9bec, en particulier, a la chance de pouvoir compter sur de vastes espaces de nature quasi intacte, un atout sur lequel on peut miser. Non seulement pour atteindre des cibles internationales de protection de la nature, mais aussi pour mieux interagir avec les autres esp\u00e8ces et habiter la Terre autrement.","authors":["Jean-pierre Rogel"],"category_codes":["4000000","4010000","4010200"],"visuals":{"large":"https:\/\/images.epagine.fr\/303\/9782898252303_1_75.jpg","medium":"https:\/\/images.epagine.fr\/303\/9782898252303_1_m.jpg","thumbnail":"https:\/\/images.epagine.fr\/303\/9782898252303_1_v.jpg"},"orderable":true,"show_badge":true,"formatted_price":"28,50&nbsp;\u20ac","formatted_published_date":"15 novembre 2023","publisher_availability_label":"Sur commande","short_details":"Jean-pierre Rogel \u2014 La Presse","translator":null,"weight":601,"page_count":240,"readership":null,"editor":"La Presse","price":2850,"published_date":"2023-11-14T23:00:00.000000Z","support":"Grand format","publisher_availability":1,"stock":0,"editions":[],"url":"https:\/\/quaidesbrumes.com\/ouvrage\/9782898252303\/demain-la-nature-elle-nous-sauvera-si-nous-la-protegeons"},{"id":"9782897910914","title":"Curieuses histoires de plantes du Canada Tome 4","description":"Dans ce quatri\u00e8me tome principalement d\u00e9di\u00e9 au Qu\u00e9bec, les auteurs pr\u00e9sentent 34 histoires mettant \u00e0 l'avant-sc\u00e8ne des personnes et des institutions d'enseignement et de recherche qui, entre 1867 et 1935, se pr\u00e9occupent de v\u00e9g\u00e9taux pour leur int\u00e9r\u00eat agricole, alimentaire, ornemental, m\u00e9dicinal, forestier ou scientifique.\r\n\r\nTout comme d'autres femmes, Carrie Matilda Derick,\u00a0la premi\u00e8re scientifique de carri\u00e8re dans une universit\u00e9 canadienne, participe \u00e0 l'\u00e9volution des savoirs sur les v\u00e9g\u00e9taux. Cyrille Vaillancourt, le \u00absecond fondateur\u00bb des Caisses populaires, a veill\u00e9 au d\u00e9veloppement de l'industrie apicole et des produits de l'\u00e9rable. En 1935, le fr\u00e8re Marie-Victorin publie la Flore laurentienne, r\u00e9sultat d'investigations parfois \u00e9tonnantes du patrimoine g\u00e9ographique et v\u00e9g\u00e9tal qu\u00e9b\u00e9cois. Durant la Premi\u00e8re Guerre mondiale, des prisonniers de guerre d\u00e9frichent, pr\u00e8s d'Amos, une ferme exp\u00e9rimentale destin\u00e9e \u00e0 l'\u00e9valuation agronomique de v\u00e9g\u00e9taux.\r\n\r\nN'est-il pas agr\u00e9able de d\u00e9busquer les v\u00e9g\u00e9taux enracin\u00e9s dans notre histoire?\r\n\r\n\r\nAlain Asselin est professeur \u00e0 la retraite du D\u00e9partement de phytologie de la Facult\u00e9 des sciences de l'agriculture et de l'alimentation de l'Universit\u00e9 Laval. Il a publi\u00e9 de nombreux articles scientifiques dans divers domaines li\u00e9s aux sciences des plantes. \r\n\r\nJacques Cayouette est botaniste et chercheur \u00e0 Agriculture et Agroalimentaire Canada \u00e0 Ottawa. Il a particip\u00e9 \u00e0 la troisi\u00e8me \u00e9dition de la Flore laurentienne et aux projets Flora of North America et Flore nordique du Qu\u00e9bec et du Labrador. Il a publi\u00e9 \u00c0 la d\u00e9couverte du Nord (MultiMondes, 2014) pour lequel il a re\u00e7u la M\u00e9daille Lawson en 2019.","authors":["Alain Asselin","Jacques Cayouette"],"category_codes":["4000000","4010000","4010100"],"visuals":{"large":"https:\/\/images.epagine.fr\/914\/9782897910914_1_75.jpg","medium":"https:\/\/images.epagine.fr\/914\/9782897910914_1_m.jpg","thumbnail":"https:\/\/images.epagine.fr\/914\/9782897910914_1_v.jpg"},"orderable":true,"show_badge":true,"formatted_price":"43,00&nbsp;\u20ac","formatted_published_date":"18 d\u00e9cembre 2019","publisher_availability_label":"Sur commande","short_details":"Alain Asselin, Jacques Cayouette \u2014 Septentrion","translator":null,"weight":801,"page_count":null,"readership":null,"editor":"Septentrion","price":4300,"published_date":"2019-12-17T23:00:00.000000Z","support":"Grand format","publisher_availability":1,"stock":0,"editions":[],"url":"https:\/\/quaidesbrumes.com\/ouvrage\/9782897910914\/curieuses-histoires-de-plantes-du-canada-tome-4"},{"id":"9782897913144","title":"Le narval : la licorne des mers arctiques","description":"De tous les mammif\u00e8res marins connus de nos jours, le narval reste le plus \u00e9nigmatique. Vivant dans les froides eaux de l'Arctique canadien et groenlandais, ce c\u00e9tac\u00e9 se d\u00e9marque par une longue d\u00e9fense \u00e0 l'avant de la t\u00eate. Cet ouvrage monographique fait le point sur les connaissances que nous avons sur ce c\u00e9tac\u00e9 en d\u00e9veloppant plusieurs th\u00e8mes tels que l'anthologie (l\u00e9gendes occidentales de la licorne, l\u00e9gendes inuit), l'histoire (d\u00e9couverte du narval par les vikings, introduction de la dent en Occident durant le Moyen \u00c2ge, premi\u00e8res descriptions du narval au cours du si\u00e8cle des Lumi\u00e8res), l'ethnologie (le narval et les peuples autochtones), ainsi que sur d'autres th\u00e8mes (zoog\u00e9ographie, odontologie, \u00e9thologie, biologie et population).","authors":["Jean-Pierre Sylvestre"],"category_codes":["4000000","4010000","4010300"],"visuals":{"large":"https:\/\/images.epagine.fr\/144\/9782897913144_1_75.jpg","medium":"https:\/\/images.epagine.fr\/144\/9782897913144_1_m.jpg","thumbnail":"https:\/\/images.epagine.fr\/144\/9782897913144_1_v.jpg"},"orderable":true,"show_badge":true,"formatted_price":"28,50&nbsp;\u20ac","formatted_published_date":"15 ao\u00fbt 2022","publisher_availability_label":"Sur commande","short_details":"Jean-Pierre Sylvestre \u2014 Septentrion","translator":null,"weight":601,"page_count":null,"readership":null,"editor":"Septentrion","price":2850,"published_date":"2022-08-14T22:00:00.000000Z","support":"Grand format","publisher_availability":1,"stock":0,"editions":[],"url":"https:\/\/quaidesbrumes.com\/ouvrage\/9782897913144\/le-narval-la-licorne-des-mers-arctiques"},{"id":"9782213617015","title":"Sauver la Terre","description":"Notre plan\u00e8te est malade, tr\u00e8s malade : d\u00e9r\u00e8glement du climat, pollution de l'air et de l'eau, \u00e9puisement des sols, disparition d'innombrables esp\u00e8ces animales et v\u00e9g\u00e9tales... Les signaux d'alerte ont beau clignoter, ils rencontrent une incr\u00e9dulit\u00e9 quasi g\u00e9n\u00e9rale. Comme si le caract\u00e8re in\u00e9dit de ces ph\u00e9nom\u00e8nes \u00e9chappait \u00e0 l'entendement commun et \u00e0 la lecture des dirigeants politiques.La cause de ce d\u00e9ni ? L'id\u00e9ologie productiviste : indiff\u00e9rence \u00e0 la nature, primaut\u00e9 de l'\u00e9conomique sur toute autre consid\u00e9ration - f\u00fbt-elle environnementale, sociale ou politique -, mais aussi dimension d\u00e9miurgique de la technologie. C'est ainsi qu'\u00e0 l'\u00e9chelon international toutes les n\u00e9gociations environnementales - d\u00e9crites de l'int\u00e9rieur par les auteurs, qui en relatent les faux espoirs et les ambigu\u00eft\u00e9s perverses - semblent d\u00e9tourn\u00e9es dans le sens des int\u00e9r\u00eats du march\u00e9 et des soci\u00e9t\u00e9s industrielles.C'est un cri d'alarme que poussent Yves Cochet et Agn\u00e8s Sina\u00ef : il est plus qu'urgent de prendre conscience de la menace qui p\u00e8se sur notre plan\u00e8te, et donc sur nous tous, et d'agir en adoptant une attitude de responsabilit\u00e9 \u00e9cologique.Yves Cochet a \u00e9t\u00e9 ministre de l'Am\u00e9nagement du territoire et de l'Environnement dans le gouvernement Jospin. Scientifique de formation et militant de l'\u00e9cologie politique depuis trente ans. Il est aujourd'hui d\u00e9put\u00e9 Vert de Paris.Agn\u00e8s Sina\u00ef, journaliste, r\u00e9alisatrice, collabore au Monde diplomatique. Elle \u00e9tait pr\u00e9sente \u00e0 de nombreux sommets internationaux, dont Seattle, La Haye et Johannesburg.","authors":["Yves Cochet","Agn\u00e8s Sina\u00ef"],"category_codes":["4000000","4010000","4010200","4010208"],"visuals":{"large":"https:\/\/images.epagine.fr\/015\/9782213617015_1_75.jpg","medium":"https:\/\/images.epagine.fr\/015\/9782213617015_1_m.jpg","thumbnail":"https:\/\/images.epagine.fr\/015\/9782213617015_1_v.jpg"},"orderable":true,"show_badge":true,"formatted_price":"26,00&nbsp;\u20ac","formatted_published_date":"22 octobre 2003","publisher_availability_label":"Sur commande","short_details":"Yves Cochet, Agn\u00e8s Sina\u00ef \u2014 Fayard","translator":null,"weight":349,"page_count":288,"readership":null,"editor":"Fayard","price":2600,"published_date":"2003-10-21T22:00:00.000000Z","support":"Grand format","publisher_availability":1,"stock":0,"editions":[],"url":"https:\/\/quaidesbrumes.com\/ouvrage\/9782213617015\/sauver-la-terre"},{"id":"9782336564821","title":"Cosmopolis : Umani, Animali, Natura: Appello per una Nuova Alleanza del popolo della Terra (saggio-fiction)","description":"Sulla scala evolutiva, non siamo nulla, o quasi, eppure stiamo sconvolgendo tutto.\r\nL'epoca degli eccessi dell'Antropocene \u00e8 suonata. La folle e distruttiva corsa verso la sesta estinzione di massa delle specie animali e vegetali deve, per\u00f2, cessare. Pi\u00f9 che mai, il nostro rapporto con gli esseri viventi merita di essere ripensato e il diritto potrebbe essere il miglior vettore di cambiamento.\r\nSotto gli occhi del giurista del vivente, personaggio che simboleggia un nuovo rapporto con il mondo nelle pagine di questo volume, gli schemi di pensiero qualificati come \"attuali\" vengono ribaltati.\r\nInsomma, il presente saggio-fiction analizza e rivede le fondamenta del nostro rapporto con gli esseri viventi. Con quale obiettivo? Forgiare un'inedita alleanza tra esseri umani, animali e natura per garantire un pianeta sostenibile, condiviso da tutti.\r\nVedere pi\u00f9 lontano, ecco l'ambizione di Cosmopolis.","authors":["Caroline Regad","C\u00e9dric Riot"],"category_codes":["4000000","4010000","4010200","4010208"],"visuals":{"large":"https:\/\/images.epagine.fr\/821\/9782336564821_1_75.jpg","medium":"https:\/\/images.epagine.fr\/821\/9782336564821_1_m.jpg","thumbnail":"https:\/\/images.epagine.fr\/821\/9782336564821_1_v.jpg"},"orderable":true,"show_badge":true,"formatted_price":"13,00&nbsp;\u20ac","formatted_published_date":"25 d\u00e9cembre 2025","publisher_availability_label":"Sur commande","short_details":"Caroline Regad, C\u00e9dric Riot \u2014 \u00c9ditions L'Harmattan","translator":null,"weight":107,"page_count":86,"readership":null,"editor":"\u00c9ditions L'Harmattan","price":1300,"published_date":"2025-12-24T23:00:00.000000Z","support":"Grand format","publisher_availability":1,"stock":0,"editions":[],"url":"https:\/\/quaidesbrumes.com\/ouvrage\/9782336564821\/cosmopolis-umani-animali-natura-appello-per-una-nuova-alleanza-del-popolo-della-terra-saggio-fiction"},{"id":"9782916745299","title":"Gwez ar vro","description":"Livre en breton.\r\nFaites connaissance avec les arbres, pas \u00e0 pas, en langue bretonne.\r\nPour chaque esp\u00e8ce d'arbre une page d'explication avec en vis \u00e0 vis une page d'illustrations en couleur. Tableau pour reconna\u00eetre les arbres selon leurs feuilles, liste de dictons, toponymie, onomastique...\r\nGant al levr-ma\u00f1 e c'helloc'h ober anaoudegezh tam-ha-tamm gant gwez ar vro pe dont d'o anavezout un tammig gwelloc'h.\r\n\r\nUl levr studi pe ul levr dudi, pe an daou, war ho taol labour pe en ho chakod evit mont da vale war hor maezio\u00f9 !\r\n\r\nSkeudennet gant Anna Duval-Guennoc.","authors":["Padrig An Habask"],"category_codes":["4000000","4010000","4010400","4010406"],"visuals":{"large":"https:\/\/images.epagine.fr\/299\/9782916745299_1_75.jpg","medium":"https:\/\/images.epagine.fr\/299\/9782916745299_1_m.jpg","thumbnail":"https:\/\/images.epagine.fr\/299\/9782916745299_1_v.jpg"},"orderable":true,"show_badge":true,"formatted_price":"15,00&nbsp;\u20ac","formatted_published_date":"23 novembre 2018","publisher_availability_label":"Sur commande","short_details":"Padrig An Habask \u2014 Al Lanv","translator":null,"weight":170,"page_count":92,"readership":null,"editor":"Al Lanv","price":1500,"published_date":"2018-11-22T23:00:00.000000Z","support":"Grand format","publisher_availability":1,"stock":0,"editions":[],"url":"https:\/\/quaidesbrumes.com\/ouvrage\/9782916745299\/gwez-ar-vro"},{"id":"9782916745367","title":"Plant ar vro","description":"Plant ordinal en Arvor hag en Argoad.\r\n\r\nLivre de vulgarisation sur les plantes de Bretagne (100 plantes). Conna\u00eetre et reconna\u00eetre les plantes de Bretagne.","authors":["Jo Tangi"],"category_codes":["4000000","4010000","4010400","4010405"],"visuals":{"large":"https:\/\/images.epagine.fr\/367\/9782916745367_1_75.jpg","medium":"https:\/\/images.epagine.fr\/367\/9782916745367_1_m.jpg","thumbnail":"https:\/\/images.epagine.fr\/367\/9782916745367_1_v.jpg"},"orderable":true,"show_badge":true,"formatted_price":"14,00&nbsp;\u20ac","formatted_published_date":"17 juin 2020","publisher_availability_label":"Sur commande","short_details":"Jo Tangi \u2014 Al Lanv","translator":null,"weight":401,"page_count":228,"readership":null,"editor":"Al Lanv","price":1400,"published_date":"2020-06-16T22:00:00.000000Z","support":"Grand format","publisher_availability":1,"stock":0,"editions":[],"url":"https:\/\/quaidesbrumes.com\/ouvrage\/9782916745367\/plant-ar-vro"},{"id":"9782746820890","title":"Le mur pa\u00efen du mont Sainte-Odile : promenade autour d'un myst\u00e8re","description":null,"authors":["Marie-Th\u00e9r\u00e8se Fischer"],"category_codes":["4000000","4010000","4010300"],"visuals":{"large":"https:\/\/images.epagine.fr\/890\/9782746820890_1_75.jpg","medium":"https:\/\/images.epagine.fr\/890\/9782746820890_1_m.jpg","thumbnail":"https:\/\/images.epagine.fr\/890\/9782746820890_1_v.jpg"},"orderable":true,"show_badge":true,"formatted_price":"4,50&nbsp;\u20ac","formatted_published_date":"3 octobre 2008","publisher_availability_label":"Sur commande","short_details":"Marie-Th\u00e9r\u00e8se Fischer \u2014 SIGNE","translator":null,"weight":88,"page_count":40,"readership":null,"editor":"SIGNE","price":450,"published_date":"2008-10-02T22:00:00.000000Z","support":"Grand format","publisher_availability":1,"stock":0,"editions":[],"url":"https:\/\/quaidesbrumes.com\/ouvrage\/9782746820890\/le-mur-paien-du-mont-sainte-odile-promenade-autour-dun-mystere"},{"id":"9782807323537","title":"On ne sauvera pas le monde avec des pailles en bambou ; sortir des illusions \u00e9cologiques, rebrancher ses r\u00eaves et passer \u00e0 l'action","description":"Faire son compost, bannir les cotons-tiges, acheter des t-shirts \u00e9coresponsables ou de l'\u00e9lectricit\u00e9 verte... Et si tous ces petits gestes n'\u00e9taient que du capitalisme d\u00e9guis\u00e9, servant surtout \u00e0 soulager notre conscience ? Un livre qui parle vrai et incite avec humour \u00e0 modifier en profondeur nos habitudes.\r\n\r\nEt si on arr\u00eatait de se voiler la face ? On ne sauvera pas le monde avec des pailles en bambou, du caf\u00e9 \u00e9quitable ou des sprays au vinaigre. \u00c0 force d'en entendre parler, on croirait presque \u00e0 une transition \u00e9cologique... Pourtant, ce n'est pas en rempla\u00e7ant la consommation classique par des achats responsables que l'on va stopper les catastrophes en cours ! \r\nDepuis des d\u00e9cennies, l'\u00e9cologie produit des discours ti\u00e8des, habilement r\u00e9cup\u00e9r\u00e9s par le capitalisme. Prisonniers de notre confort et de nos habitudes, nous peinons \u00e0 \u00e9voluer vers des modes de vie vraiment respectueux du vivant. Mais que faire \u00e0 notre \u00e9chelle quand le probl\u00e8me est si vaste, complexe et urgent ? Peut-on \u00eatre heureux quand on est sensibilis\u00e9 aux probl\u00e9matiques \u00e9cologiques... et parfois \u00e9puis\u00e9 de se pr\u00e9occuper de l'avenir ? \r\nCe livre s'adresse \u00e0 celles et ceux qui oscillent entre enthousiasme et d\u00e9sespoir, qui cherchent un second souffle \u00e9colo pour agir en phase avec leurs valeurs tout en prenant soin d'eux-m\u00eames. Entre d\u00e9veloppement personnel et \u00e9cologie, il propose des pistes de r\u00e9flexion et d'action pour s'engager \u00e0 sa fa\u00e7on, avec lucidit\u00e9, courage et joie de vivre.","authors":["Anaelle Sorignet"],"category_codes":["4000000","4010000","4010200","4010203"],"visuals":{"large":"https:\/\/images.epagine.fr\/537\/9782807323537_1_75.jpg","medium":"https:\/\/images.epagine.fr\/537\/9782807323537_1_m.jpg","thumbnail":"https:\/\/images.epagine.fr\/537\/9782807323537_1_v.jpg"},"orderable":true,"show_badge":true,"formatted_price":"14,90&nbsp;\u20ac","formatted_published_date":"13 octobre 2020","publisher_availability_label":"Sur commande","short_details":"Anaelle Sorignet \u2014 De Boeck Sup\u00e9rieur","translator":null,"weight":357,"page_count":192,"readership":null,"editor":"De Boeck Sup\u00e9rieur","price":1490,"published_date":"2020-10-12T22:00:00.000000Z","support":"Grand format","publisher_availability":1,"stock":0,"editions":[],"url":"https:\/\/quaidesbrumes.com\/ouvrage\/9782807323537\/on-ne-sauvera-pas-le-monde-avec-des-pailles-en-bambou-sortir-des-illusions-ecologiques-rebrancher-ses-reves-et-passer-a-laction"}]}