{"data":[{"id":"9782367629599","title":"Une autre fin du monde est possible ; vivre l'effondrement (et pas seulement y survivre)","description":"La situation critique dans laquelle se trouve la plan\u00e8te n'est plus \u00e0 d\u00e9montrer. Des effondrements sont d\u00e9j\u00e0 en cours tandis que d'autres s'amorcent, faisant grandir la possibilit\u00e9 d'un emballement global qui signifierait la fin du monde tel que nous le connaissons. Le choix de notre g\u00e9n\u00e9ration est corn\u00e9lien : soit nous attendons de subir de plein fouet la violence des cataclysmes \u00e0 venir, soit, pour en \u00e9viter certains, nous prenons un virage si serr\u00e9 qu'il d\u00e9clencherait notre propre fin-du monde-industriel.\r\nL'horizon se trouve d\u00e9sormais au-del\u00e0 : imaginer la suite, tout en se pr\u00e9parant \u00e0 vivre des ann\u00e9es de d\u00e9sorganisation et d'incertitude. En toute honn\u00eatet\u00e9, qui est pr\u00eat \u00e0 cela ? Peut-on simplement se contenter de vouloir survivre ? Comment se projeter audel\u00e0, voir plus grand, et trouver des mani\u00e8res de vivre ces effondrements ?\r\nDans ce nouvel opus, apr\u00e8s Comment tout peut s'effondrer, les auteurs montrent qu'un changement de cap ouvrant vers de nouveaux horizons passe n\u00e9cessairement par un cheminement int\u00e9rieur et par une remise en question radicale de notre vision du monde. Trois scientifiques sp\u00e9cialistes des questions de collapsologie nous offrent une v\u00e9ritable philosophie humaniste, au service d'un futur plein de possibles et d'espoir.\r","authors":["Gauthier Chapelle","Pablo Servigne","Rapha\u00ebl Stevens","Thomas S\u00e9raphine"],"category_codes":["4000000","4010000","4010200"],"visuals":{"large":"https:\/\/images.epagine.fr\/599\/9782367629599_1_75.jpg","medium":"https:\/\/images.epagine.fr\/599\/9782367629599_1_m.jpg","thumbnail":"https:\/\/images.epagine.fr\/599\/9782367629599_1_v.jpg"},"orderable":true,"show_badge":true,"formatted_price":"23,00&nbsp;\u20ac","formatted_published_date":"3 juillet 2019","publisher_availability_label":"Sur commande","short_details":"Gauthier Chapelle, Pablo Servigne, Rapha\u00ebl Stevens, Thomas S\u00e9raphine \u2014 Audiolib","translator":null,"weight":553,"page_count":null,"readership":null,"editor":"Audiolib","price":2300,"published_date":"2019-07-02T22:00:00.000000Z","support":"CD Audio","publisher_availability":1,"stock":0,"editions":[],"url":"https:\/\/quaidesbrumes.com\/ouvrage\/9782367629599\/une-autre-fin-du-monde-est-possible-vivre-leffondrement-et-pas-seulement-y-survivre"},{"id":"9782875932662","title":"Les arbres de Patmos ; plaidoyer pour une gestion de l'espace en agroforesterie : l'exp\u00e9rience d'un domaine viticole","description":"Il en est de ces espaces insulaires comme des milieux ruraux, o\u00f9 d'instinct l'homme se m\u00e9fie de ce qui est nouveau. Mais pas tout le temps. Il aura suffi d'une g\u00e9n\u00e9ration pour que le r\u00e9gime m\u00e9diterran\u00e9en soit en partie remplac\u00e9 par des menus fastfood, et les terres agricoles d\u00e9laiss\u00e9es pour de nouvelles activit\u00e9s.\r\nApr\u00e8s des centaines d'ann\u00e9es de viticulture, la production de vin \u00e0 Patmos est abandonn\u00e9e dans les ann\u00e9es 60 au profit du tourisme. Sur cette \u00eele, loin du continent, le savoir-faire agricole ne sera pas pass\u00e9 \u00e0 la g\u00e9n\u00e9ration suivante. Les enfants ne veulent pas ressembler \u00e0 leur parents, ne comprenant pas que l'on puisse souffrir autant pour si peu.\r\nLe Domaine de l'Apocalypse a \u00e9t\u00e9 cr\u00e9\u00e9 en 2011 avec la volont\u00e9 de relancer la viticulture sur l'\u00eele de St Jean, \u00e0 travers une d\u00e9marche agro-\u00e9cologique. Il y est aujourd'hui cultiv\u00e9 en biodynamie 2 hectares de vignes, 240 oliviers, 40 figuiers, un potager en permaculture et des abeilles. Les premiers vins, sortis en 2016, rencontrent un grand succ\u00e8s. L'ensemble de ces investissements sont \u00e0 la disposition des personnes susceptibles de vouloir se lancer.\r\nCe livre raconte cette fabuleuse aventure, il traite naturellement de la relation de l'arbre avec l'agriculture, \u00e0 travers l'exp\u00e9rience du quotidien au domaine de l'Apocalypse. Il pose un regard sur les g\u00e9n\u00e9rations pr\u00e9sentes et pass\u00e9es, dans l'espoir d'encourager chacun \u00e0 renouer avec leur pass\u00e9 agricole.\r","authors":["Dorian Amar"],"category_codes":["4000000","4010000","4010200","4010203"],"visuals":{"large":"https:\/\/images.epagine.fr\/662\/9782875932662_1_75.jpg","medium":"https:\/\/images.epagine.fr\/662\/9782875932662_1_m.jpg","thumbnail":"https:\/\/images.epagine.fr\/662\/9782875932662_1_v.jpg"},"orderable":true,"show_badge":true,"formatted_price":"16,00&nbsp;\u20ac","formatted_published_date":"10 novembre 2020","publisher_availability_label":"Sur commande","short_details":"Dorian Amar \u2014 SAMSA","translator":null,"weight":350,"page_count":82,"readership":null,"editor":"SAMSA","price":1600,"published_date":"2020-11-09T23:00:00.000000Z","support":"Grand format","publisher_availability":1,"stock":0,"editions":[],"url":"https:\/\/quaidesbrumes.com\/ouvrage\/9782875932662\/les-arbres-de-patmos-plaidoyer-pour-une-gestion-de-lespace-en-agroforesterie-lexperience-dun-domaine-viticole"},{"id":"9782813216335","title":"La vie secr\u00e8te des plantes ; les liens physiques, \u00e9motionnels et spirituels entre les plantes et l'homme","description":"Peter Tompkins et Christopher Bird ont rassembl\u00e9 dans ce livre fascinant tout ce que les recherches nous permettent de savoir sur la sensibilit\u00e9 v\u00e9g\u00e9tale et sur les rapports entre la plante et l'homme.\r\n\r\nPlantes qui d\u00e9tectent les mensonges, plantes sentinelles, plantes t\u00e9l\u00e9pathes, plantes qui r\u00e9agissent \u00e0 la musique... \u00c0 travers cent r\u00e9cits significatifs, voici cent r\u00e9v\u00e9lations qui ouvrent sur les secrets d'un monde vivant, sensible, dou\u00e9 d'intelligence et d'\u00e9motion et jusqu'alors demeur\u00e9 inconnu. On d\u00e9couvre que la conscience n'est pas l'apanage du seul homme et qu'il existe autant de relations, tout aussi \u00e9tonnantes, voire bouleversantes, entre l'homme et le v\u00e9g\u00e9tal qu'entre l'homme et l'animal. C'est dire la richesse de ce livre.\r\n\r\nApr\u00e8s la lecture de cet ouvrage de r\u00e9f\u00e9rence, vous saurez avec certitude que l'on n'obtient rien des plantes sans amour : un message \u00e0 m\u00e9diter pour retrouver l'harmonie avec la nature. Un voyage captivant au coeur du monde v\u00e9g\u00e9tal...\r","authors":["Christopher Bird","Peter Tompkins","Claude Bureaux"],"category_codes":["4000000","4010000","4010400"],"visuals":{"large":"https:\/\/images.epagine.fr\/335\/9782813216335_1_75.jpg","medium":"https:\/\/images.epagine.fr\/335\/9782813216335_1_m.jpg","thumbnail":"https:\/\/images.epagine.fr\/335\/9782813216335_1_v.jpg"},"orderable":true,"show_badge":true,"formatted_price":"22,90&nbsp;\u20ac","formatted_published_date":"30 janvier 2018","publisher_availability_label":"Sur commande","short_details":"Christopher Bird, Peter Tompkins, Claude Bureaux \u2014 Guy Tr\u00e9daniel \u00c9diteur","translator":null,"weight":693,"page_count":384,"readership":null,"editor":"Guy Tr\u00e9daniel \u00c9diteur","price":2290,"published_date":"2018-01-29T23:00:00.000000Z","support":"Grand format","publisher_availability":1,"stock":0,"editions":[],"url":"https:\/\/quaidesbrumes.com\/ouvrage\/9782813216335\/la-vie-secrete-des-plantes-les-liens-physiques-emotionnels-et-spirituels-entre-les-plantes-et-lhomme"},{"id":"9791028520731","title":"Votre \u00e9nergie est dans la nature !","description":"ET SI NOTRE PERTE D'\u00c9NERGIE \u00c9TAIT DUE AU MANQUE DE NATURE ?\r\n\r\n\r\nPollutions, effondrement de la biodiversit\u00e9, changements climatiques... Nos interactions avec les autres \u00eatres vivants mettent notre espace vital en danger. Fatigue, stress, d\u00e9prime sont le lot de nos existences trop remplies, trop press\u00e9es, trop \u00ab d\u00e9natur\u00e9es \u00bb. Or nos anc\u00eatres l'avaient compris et les derni\u00e8res recherches scientifiques le prouvent : la nature est essentielle \u00e0 notre bien-\u00eatre. En cultivant les valeurs fondamentales qu'elle nous enseigne, nous pouvons retrouver \u00e9nergie et \u00e9quilibre, \u00e0 l'\u00e9chelle humaine et \u00e0 l'\u00e9chelle de notre plan\u00e8te.\r\n\r\nDans ce guide, d\u00e9couvrez :\r\n\r\n- Pourquoi les traditions mais aussi la m\u00e9decine contemporaine (\u00e9copsychologie, sylvoth\u00e9rapie, hortith\u00e9rapie...) nous invitent \u00e0 nous \u00ab renaturer \u00bb.\r\n\r\n- Tous les bienfaits de la nature sur la sant\u00e9 mentale et physique : apaisement, concentration, cr\u00e9ativit\u00e9, endurance...\r\n\r\n- 10 le\u00e7ons inspir\u00e9es des valeurs de la nature et 15 parcours \u00e0 th\u00e8me pour \u00eatre en pleine sant\u00e9.\r\n\r\n- De nombreux t\u00e9moignages d'experts et des actions concr\u00e8tes \u00e0 mettre en place au quotidien.\r","authors":["Gilles Cl\u00e9ment","Muriel Rojas Zamudio","Jean-luc Chavanis"],"category_codes":["4000000","4010000","4010200"],"visuals":{"large":"https:\/\/images.epagine.fr\/731\/9791028520731_1_75.jpg","medium":"https:\/\/images.epagine.fr\/731\/9791028520731_1_m.jpg","thumbnail":"https:\/\/images.epagine.fr\/731\/9791028520731_1_v.jpg"},"orderable":true,"show_badge":true,"formatted_price":"18,00&nbsp;\u20ac","formatted_published_date":"11 mai 2021","publisher_availability_label":"Sur commande","short_details":"Gilles Cl\u00e9ment, Muriel Rojas Zamudio, Jean-luc Chavanis \u2014 \u00c9ditions Leduc","translator":null,"weight":399,"page_count":304,"readership":null,"editor":"\u00c9ditions Leduc","price":1800,"published_date":"2021-05-10T22:00:00.000000Z","support":"Grand format","publisher_availability":1,"stock":0,"editions":[],"url":"https:\/\/quaidesbrumes.com\/ouvrage\/9791028520731\/votre-energie-est-dans-la-nature"},{"id":"9782905828606","title":"La chasse et la peche en roussillon au xviiie siecle","description":null,"authors":["Brunet Michel"],"category_codes":["4000000","4010000","4010500","4010502"],"visuals":{"large":"https:\/\/quaidesbrumes.com\/img\/book-placeholder.png","medium":"https:\/\/quaidesbrumes.com\/img\/book-placeholder.png","thumbnail":"https:\/\/quaidesbrumes.com\/img\/book-placeholder.png"},"orderable":true,"show_badge":true,"formatted_price":"6,00&nbsp;\u20ac","formatted_published_date":"8 ao\u00fbt 1995","publisher_availability_label":"Sur commande","short_details":"Brunet Michel \u2014 Editions Trabucaire","translator":null,"weight":200,"page_count":null,"readership":null,"editor":"Editions Trabucaire","price":600,"published_date":"1995-08-07T22:00:00.000000Z","support":"Grand format","publisher_availability":1,"stock":0,"editions":[],"url":"https:\/\/quaidesbrumes.com\/ouvrage\/9782905828606\/la-chasse-et-la-peche-en-roussillon-au-xviiie-siecle"},{"id":"9782385580780","title":"Une for\u00eat, un projet ! Guide pratique du forestier","description":"Protection de la nature, loisirs, production de bois... \u00e0 chaque for\u00eat son projet ! Mais \u00eatre propri\u00e9taire d'un bois\r\nou d'une for\u00eat est une grande responsabilit\u00e9, tant envers l'environnement qu'en engagement personnel et\r\nfinancier. Vous ne savez pas par o\u00f9 commencer ? Ce guide reprend toutes les informations \u00e0 savoir avant de se lancer ; quels contacts cr\u00e9er, quelles r\u00e9glementations et fiscalit\u00e9 appliquer, comment apprendre \u00e0 conna\u00eetre sa for\u00eat et toutes ses composantes, quels choix faire selon ses objectifs de gestion, comment accompagner ses arbres au fur et \u00e0 mesure des op\u00e9rations et enfin, comment vendre efficacement ses bois. Tr\u00e8s complet et didactique, le livre donne toutes les bases pour g\u00e9rer durablement ses parcelles en int\u00e9grant le changement climatique. Le lecteur suit les diff\u00e9rentes \u00e9tapes n\u00e9cessaires \u00e0 la maturation d'un projet et observe l'\u00e9volution d'une for\u00eat-exemple au fil des pages. Tr\u00e8s illustr\u00e9 et pratique, ce guide d'apprentissage s'adresse \u00e0 tous les propri\u00e9taires de bois et for\u00eat, quelles que soient leurs connaissances. Son originalit\u00e9 est de pr\u00e9senter une gestion diff\u00e9renci\u00e9e en ne prenant partie pour aucune sylviculture mais en mettant en avant la multitude de possibilit\u00e9s qui s'offrent aux propri\u00e9taires dans leur gestion, dans leur projet, pour s'adapter au contexte des arbres et de leur for\u00eat dans une variabilit\u00e9 climatique des territoires. C'est le livre indispensable pour prendre en main sa for\u00eat.\r\n","authors":["Christian Weben"],"category_codes":["4000000","4010000","4010200","4010207"],"visuals":{"large":"https:\/\/images.epagine.fr\/780\/9782385580780_1_75.jpg","medium":"https:\/\/images.epagine.fr\/780\/9782385580780_1_m.jpg","thumbnail":"https:\/\/images.epagine.fr\/780\/9782385580780_1_v.jpg"},"orderable":true,"show_badge":true,"formatted_price":"29,00&nbsp;\u20ac","formatted_published_date":"30 septembre 2024","publisher_availability_label":"Sur commande","short_details":"Christian Weben \u2014 Centre national de la propri\u00e9t\u00e9 foresti\u00e8re","translator":null,"weight":610,"page_count":248,"readership":null,"editor":"Centre national de la propri\u00e9t\u00e9 foresti\u00e8re","price":2900,"published_date":"2024-09-29T22:00:00.000000Z","support":"Grand format","publisher_availability":1,"stock":0,"editions":[],"url":"https:\/\/quaidesbrumes.com\/ouvrage\/9782385580780\/une-foret-un-projet-guide-pratique-du-forestier"},{"id":"9782954288871","title":"Grimpeurs d'arbres  ; des m\u00e9tiers entre terre et ciel","description":"Ce beau livre grand-public, richement illustr\u00e9, raconte la longue et passionnante histoire des grimpeurs d'abres \u00e0 travers le temps, et au-del\u00e0, la relation particuli\u00e8re qui s'est nou\u00e9e entre les hommes et les arbres. L'ouvrage \u00e9voque ainsi les premiers hominid\u00e9s, comme Lucy, \u00e9voluant dans les branches \u00e0 la lointaine pr\u00e9histoire, les jardiniers de Babylone et de l'Alhambra, et les \u00abhommes des bois\u00bb du Moyen \u00c2ge, grimpant aux arbres pour collecter fruits, feuilles et branchages. Le livre raconte l'apparition des premiers \u00e9lagueurs et tailleurs d'arbres, lors de la Renaissance, dans les jardins royaux d'ornement qui se d\u00e9mocratiseront par la suite sous forme de parcs et jardins... jusqu'\u00e0 donner naissance, dans les ann\u00e9es 1980, \u00e0 la profession moderne de grimpeur-\u00e9lagueur, en charge de la gestion du patrimoine arbor\u00e9.\r\nL'ouvrage \u00e9voque aussi les activit\u00e9s de loisir issues de la grimpe d'arbre, comme l'Accrobranche, et le r\u00f4le jou\u00e9 par les grimpeurs dans les missions scientifiques en canop\u00e9e des for\u00eats tropicales.\r\nPonctu\u00e9 de portraits d'essences arbor\u00e9es qui font toute la beaut\u00e9 de nos parcs et jardins, et d'arboristes d'hier et d'aujourd'hui, cet ouvrage prestigieux rend hommage, tout \u00e0 la fois aux arbres et \u00e0 celles et ceux qui les grimpent pour en prendre soin.\r\nL'ouvrage se prolonge par de nombreux contenus multim\u00e9dia (interviews, films, articles) accessibles via une appli sp\u00e9cialement d\u00e9di\u00e9e au livre : Grimpeur d'arbre.\r","authors":["Pedro Lima","Camille D\u00e9gardin","Francis Hall\u00e9"],"category_codes":["4000000","4010000","4010400","4010406"],"visuals":{"large":"https:\/\/images.epagine.fr\/871\/9782954288871_1_75.jpg","medium":"https:\/\/images.epagine.fr\/871\/9782954288871_1_m.jpg","thumbnail":"https:\/\/images.epagine.fr\/871\/9782954288871_1_v.jpg"},"orderable":true,"show_badge":true,"formatted_price":"48,50&nbsp;\u20ac","formatted_published_date":"1er septembre 2017","publisher_availability_label":"Sur commande","short_details":"Pedro Lima, Camille D\u00e9gardin, Francis Hall\u00e9 \u2014 Editions Synops","translator":null,"weight":1225,"page_count":224,"readership":null,"editor":"Editions Synops","price":4850,"published_date":"2017-08-31T22:00:00.000000Z","support":"Grand format","publisher_availability":1,"stock":0,"editions":[],"url":"https:\/\/quaidesbrumes.com\/ouvrage\/9782954288871\/grimpeurs-darbres-des-metiers-entre-terre-et-ciel"},{"id":"9782283030073","title":"\u00e9cologie intensive ; la nature, un mod\u00e8le pour l'agriculture et la soci\u00e9t\u00e9","description":"R\u00e9chauffement climatique, pollution, \u00e9puisement des ressources, explosion des maladies li\u00e9es \u00e0 l'envi- ronnement... notre plan\u00e8te est aujourd'hui en dan- ger. Et l'accroissement de la population mondiale n'arrange pas les choses !\r\nPourtant, la Terre pourra demain nourrir tous ses habitants et sans forc\u00e9ment poursuivre sa course folle aux engrais, aux pesticides, \u00e0 la d\u00e9forestation et au d\u00e9frichement. Car il est possible de produire plus et mieux avec moins ! Comment ? En utilisant au maxi- mum les m\u00e9canismes du vivant, en intensifiant les processus naturels. Il s'agit par exemple de stimuler l'activit\u00e9 biologique du sol en associant des vari\u00e9t\u00e9s compl\u00e9mentaires et en recyclant syst\u00e9matiquement les d\u00e9bris v\u00e9g\u00e9taux, de lutter contre les insectes rava- geurs en accentuant la lutte biologique et la lutte int\u00e9gr\u00e9e, etc. Ce changement de paradigme concerne non seulement les agricultures conventionnelles hau- tement productives mais aussi les agricultures fami- liales plus pauvres.\r\nAu-del\u00e0 des techniques, il s'agit finalement de pro- mouvoir une agriculture durable, dans un cadre d'\u00e9cosyst\u00e8mes eux aussi durables, pour des soci\u00e9t\u00e9s \u00e9conomiquement et socialement viables.\r","authors":["Michel Griffon","Erik Orsenna"],"category_codes":["4000000","4010000","4010200","4010207"],"visuals":{"large":"https:\/\/images.epagine.fr\/073\/9782283030073_1_75.jpg","medium":"https:\/\/images.epagine.fr\/073\/9782283030073_1_m.jpg","thumbnail":"https:\/\/images.epagine.fr\/073\/9782283030073_1_v.jpg"},"orderable":true,"show_badge":true,"formatted_price":"20,00&nbsp;\u20ac","formatted_published_date":"7 septembre 2017","publisher_availability_label":"Sur commande","short_details":"Michel Griffon, Erik Orsenna \u2014 \u00c9ditions Buchet\/Chastel","translator":null,"weight":354,"page_count":248,"readership":null,"editor":"\u00c9ditions Buchet\/Chastel","price":2000,"published_date":"2017-09-06T22:00:00.000000Z","support":"Grand format","publisher_availability":1,"stock":0,"editions":[],"url":"https:\/\/quaidesbrumes.com\/ouvrage\/9782283030073\/ecologie-intensive-la-nature-un-modele-pour-lagriculture-et-la-societe"},{"id":"9782959432248","title":"Mont-Blanc Granite Tomo 6, le pi\u00f9 belle vie d'arrampicata - Val Ferret (I) : Val Ferret (I)","description":"Il volume 6 di MONT-BLANC GRANITE completa la raccolta che descrive le pi\u00f9 belle arrampicate su roccia del massiccio.\r\nI bacini della Val Ferret (I) non sono i pi\u00f9 conosciuti n\u00e9 i pi\u00f9 frequentati. Tuttavia, offrono una vasta gamma di arrampicate \r\ndi alta qualit\u00e0 in un ambiente selvaggio e incontaminato.\r\nOgni bacino \u00e8 dotato di un piccolo bivacco e la conca del Triolet \u00e8 servita dal rifugio Dalmazzi.\r\n248 proposte di itinerari rocciosi indimenticabili.","authors":["Enrico Bonino","Louis Laurent","Fran\u00e7ois Damilano","Julien D\u00e9s\u00e9cures"],"category_codes":["4000000","4010000","4010500","4010503"],"visuals":{"large":"https:\/\/quaidesbrumes.com\/img\/book-placeholder.png","medium":"https:\/\/quaidesbrumes.com\/img\/book-placeholder.png","thumbnail":"https:\/\/quaidesbrumes.com\/img\/book-placeholder.png"},"orderable":true,"show_badge":true,"formatted_price":"28,50&nbsp;\u20ac","formatted_published_date":"19 juin 2025","publisher_availability_label":"Sur commande","short_details":"Enrico Bonino, Louis Laurent, Fran\u00e7ois Damilano, Julien D\u00e9s\u00e9cures \u2014 Jmeditions","translator":null,"weight":290,"page_count":276,"readership":null,"editor":"Jmeditions","price":2850,"published_date":"2025-06-18T22:00:00.000000Z","support":"Grand format","publisher_availability":1,"stock":0,"editions":[],"url":"https:\/\/quaidesbrumes.com\/ouvrage\/9782959432248\/mont-blanc-granite-tomo-6-le-piu-belle-vie-darrampicata-val-ferret-i-val-ferret-i"},{"id":"9791094583050","title":"Petite flore amoureuse et portative","description":"Recueil de po\u00e8mes sur le th\u00e8me des fleurs.\r","authors":["Pierre Mathias","Jacques Moulin"],"category_codes":["4000000","4010000","4010400","4010405"],"visuals":{"large":"https:\/\/images.epagine.fr\/050\/9791094583050_1_75.jpg","medium":"https:\/\/images.epagine.fr\/050\/9791094583050_1_m.jpg","thumbnail":"https:\/\/images.epagine.fr\/050\/9791094583050_1_v.jpg"},"orderable":true,"show_badge":true,"formatted_price":"24,00&nbsp;\u20ac","formatted_published_date":"2 juin 2015","publisher_availability_label":"Sur commande","short_details":"Pierre Mathias, Jacques Moulin \u2014 Naturalia","translator":null,"weight":475,"page_count":224,"readership":null,"editor":"Naturalia","price":2400,"published_date":"2015-06-01T22:00:00.000000Z","support":"Grand format","publisher_availability":1,"stock":0,"editions":[],"url":"https:\/\/quaidesbrumes.com\/ouvrage\/9791094583050\/petite-flore-amoureuse-et-portative"},{"id":"9782370620422","title":"La dame de Haute-Savoie ; histoires de p\u00eache","description":"Une passion d\u00e9vorante... Pour Muriel Lovichi, \u00ab la dame de Haute-Savoie \u00bb, la p\u00eache, et plus particuli\u00e8rement la p\u00eache \u00e0 la mouche, repr\u00e9sente tout ou \u00e0 peu pr\u00e8s tout ce qui vaut la peine d'\u00eatre v\u00e9cu. Muriel dort au bord de l'eau (gard\u00e9e par son chien), vit au rythme des \u00e9closions, pense p\u00eache, respire p\u00eache et aime un p\u00eacheur.\r\n\r\nAinsi, les histoires que raconte la dame de Haute-Savoie vous emm\u00e8neront tour \u00e0 tour sur les torrents de sa montagne, mais aussi et surtout sur la haute rivi\u00e8re d'Ain, sa rivi\u00e8re pr\u00e9f\u00e9r\u00e9e, les grands lacs alpins et jusqu'en Nouvelle Z\u00e9lande, o\u00f9 cette sp\u00e9cialiste de la capture des grosses truites en nymphe \u00e0 vue vous donnera envie de voyager.\r","authors":["Muriel Lovichi","Vincent Lalu"],"category_codes":["4000000","4010000","4010500","4010502"],"visuals":{"large":"https:\/\/images.epagine.fr\/422\/9782370620422_1_75.jpg","medium":"https:\/\/images.epagine.fr\/422\/9782370620422_1_m.jpg","thumbnail":"https:\/\/images.epagine.fr\/422\/9782370620422_1_v.jpg"},"orderable":true,"show_badge":true,"formatted_price":"19,00&nbsp;\u20ac","formatted_published_date":"20 octobre 2016","publisher_availability_label":"Sur commande","short_details":"Muriel Lovichi, Vincent Lalu \u2014 La Vie Du Rail","translator":null,"weight":282,"page_count":176,"readership":null,"editor":"La Vie Du Rail","price":1900,"published_date":"2016-10-19T22:00:00.000000Z","support":"Grand format","publisher_availability":1,"stock":0,"editions":[],"url":"https:\/\/quaidesbrumes.com\/ouvrage\/9782370620422\/la-dame-de-haute-savoie-histoires-de-peche"},{"id":"9782702912904","title":"Mais qu'arrive-t-il vraiment \u00e0 notre plan\u00e8te ? les faits expliqu\u00e9s simplement...","description":"On utilise 10 fois plus de ressources qu'en 1900, 800 millions de personnes sont mal nourries dans le monde, le dioxyde de carbone est au niveau le plus \u00e9lev\u00e9 jamais atteint, un tiers des terres risque de devenir un d\u00e9sert, plus de 50 % de la population vit dans les villes et elle a tripl\u00e9 depuis 1950... Notre plan\u00e8te est soumise \u00e0 un immense stress. Les effets de la croissance d\u00e9mographique et du d\u00e9veloppement \u00e9conomique, associ\u00e9s \u00e0 la demande accrue en ressources et aux impacts environnementaux, ont marqu\u00e9 la Terre. Ces circonstances et leurs r\u00e9percussions - sociales, \u00e9conomiques, politiques, \u00e9cologiques - soul\u00e8vent actuellement des questions d'une importance vitale quant \u00e0 l'avenir du monde...\r","authors":["Tony Juniper","Charles Prince"],"category_codes":["4000000","4010000","4010200","4010208"],"visuals":{"large":"https:\/\/images.epagine.fr\/904\/9782702912904_1_75.jpg","medium":"https:\/\/images.epagine.fr\/904\/9782702912904_1_m.jpg","thumbnail":"https:\/\/images.epagine.fr\/904\/9782702912904_1_v.jpg"},"orderable":true,"show_badge":true,"formatted_price":"21,00&nbsp;\u20ac","formatted_published_date":"9 mai 2017","publisher_availability_label":"Sur commande","short_details":"Tony Juniper, Charles Prince \u2014 Le Courrier du Livre","translator":null,"weight":752,"page_count":224,"readership":null,"editor":"Le Courrier du Livre","price":2100,"published_date":"2017-05-08T22:00:00.000000Z","support":"Grand format","publisher_availability":1,"stock":0,"editions":[],"url":"https:\/\/quaidesbrumes.com\/ouvrage\/9782702912904\/mais-quarrive-t-il-vraiment-a-notre-planete-les-faits-expliques-simplement"},{"id":"9782940365838","title":"Via alpina ;  2500 kilometres d'une mer \u00e0 l'autre (2e \u00e9dition).","description":"\u00ab Quel marcheur n'a pas r\u00eav\u00e9 un jour de traverser les Alpes ? Renouer avec la lenteur en foulant le plus grand massif d'Europe, berceau du tourisme et de l'alpinisme. Lorsque les pages des livres ne suffisent plus \u00e0 nourrir les envol\u00e9es de l'\u00e2me, lorsque les r\u00e9cits des aventuriers du pass\u00e9 tournent en boucle et soufflent sur nos r\u00eaves, lorsque les images des grands espaces vierges s'immiscent dans notre sommeil color\u00e9 et nous emp\u00eachent de dormir, alors il faut partir. Pour se frotter aux vertiges de l'immensit\u00e9, pour se fa\u00e7onner au contact de la terre, pour se laisser creuser par l'effort en traquant l'\u00e9l\u00e9gance du monde \u00bb (tir\u00e9 de l'introduction). La 2\u00e8me \u00e9dition de cet ouvrage de Vincent Tornay \u00e9voque les parfums d'un extraordinaire voyage d'un bout \u00e0 l'autre des Alpes, des rives de l'Adriatique \u00e0 la baie de Monaco, \u00e0 travers huit pays. Au-del\u00e0 du r\u00e9cit de son voyage de 2008, Vincent Tornay pr\u00e9sente un itin\u00e9raire de plusieurs \u00e9tapes dans chacun des 13 massifs qui ponctuent l'itin\u00e9raire rouge de la Via Alpina. Un livre pour les randonneurs, d'un jour, d'une semaine ou d'une vie, pour les voyageurs-aventuriers et pour tous ceux que la montagne fascine.\r","authors":["Vincent Tornay","Bernard Crettaz"],"category_codes":["4000000","4010000","4010300","4010305"],"visuals":{"large":"https:\/\/images.epagine.fr\/838\/9782940365838_1_75.jpg","medium":"https:\/\/images.epagine.fr\/838\/9782940365838_1_m.jpg","thumbnail":"https:\/\/images.epagine.fr\/838\/9782940365838_1_v.jpg"},"orderable":true,"show_badge":true,"formatted_price":"39,90&nbsp;\u20ac","formatted_published_date":"4 avril 2016","publisher_availability_label":"Sur commande","short_details":"Vincent Tornay, Bernard Crettaz \u2014 Rossolis","translator":null,"weight":1060,"page_count":192,"readership":null,"editor":"Rossolis","price":3990,"published_date":"2016-04-03T22:00:00.000000Z","support":"Grand format","publisher_availability":1,"stock":0,"editions":[],"url":"https:\/\/quaidesbrumes.com\/ouvrage\/9782940365838\/via-alpina-2500-kilometres-dune-mer-a-lautre-2e-edition"},{"id":"9782363832313","title":"Transition \u00e9nerg\u00e9tique : une chance pour l'Europe","description":"Cet ouvrage est le r\u00e9cit de la lutte d'influence acharn\u00e9e qui a lieu depuis une quinzaine d'ann\u00e9es au sein des institutions europ\u00e9ennes entre les \u00ab architectes \u00bb de la transition \u00e9nerg\u00e9tique - qui ont pos\u00e9 les jalons des politiques en faveur des renouvelables et de l'efficacit\u00e9 \u00e9nerg\u00e9tique - et ses opposants.\r\n\r\nAvanc\u00e9es et reculs en la mati\u00e8re ont rythm\u00e9 ce d\u00e9but de si\u00e8cle, de l'enthousiasme du d\u00e9but des ann\u00e9es 2000 jusqu'\u00e0 la r\u00e9gression d'apr\u00e8s la crise \u00e9conomique de 2008. Or, pour se tourner vers un avenir \u00e9nerg\u00e9tique plus respectueux de l'humain et de l'environnement, il faut agir d\u00e8s maintenant sur tous les fronts possibles afin d'accompagner cette profonde mutation : l\u00e9gislations sur l'\u00e9nergie et le climat, budgets europ\u00e9ens et nationaux, institutions financi\u00e8res, recherche et d\u00e9veloppement, accords commerciaux, gouvernance, infrastructures et investissements.\r\n\r\nMais chaque proposition trouve en travers de son chemin des lobbys et cercles d'influence - \u00e0 l'image du groupe Magritte, r\u00e9unissant les entreprises d'\u00e9nergie les plus polluantes et r\u00e9trogrades - qui infiltrent au plus haut niveau les circuits de d\u00e9cision europ\u00e9ens.\r\n\r\nCe livre-t\u00e9moignage permet d'acc\u00e9der aux coulisses du processus d\u00e9cisionnel europ\u00e9en pour comprendre comment se font et se d\u00e9font les politiques de l'UE, alors que se joue l'avenir d'un bien essentiel du quotidien des citoyens et des entreprises : l'\u00e9nergie.\r","authors":["Claude Turmes","Jean-Louis Borloo"],"category_codes":["4000000","4010000","4010200","4010207"],"visuals":{"large":"https:\/\/images.epagine.fr\/313\/9782363832313_1_75.jpg","medium":"https:\/\/images.epagine.fr\/313\/9782363832313_1_m.jpg","thumbnail":"https:\/\/images.epagine.fr\/313\/9782363832313_1_v.jpg"},"orderable":true,"show_badge":true,"formatted_price":"23,00&nbsp;\u20ac","formatted_published_date":"23 f\u00e9vrier 2017","publisher_availability_label":"Sur commande","short_details":"Claude Turmes, Jean-Louis Borloo \u2014 Les petits matins","translator":null,"weight":553,"page_count":478,"readership":null,"editor":"Les petits matins","price":2300,"published_date":"2017-02-22T23:00:00.000000Z","support":"Grand format","publisher_availability":1,"stock":0,"editions":[],"url":"https:\/\/quaidesbrumes.com\/ouvrage\/9782363832313\/transition-energetique-une-chance-pour-leurope"},{"id":"9791090687042","title":"P\u00eacheurs en mer ; une vie \u00e0 bord","description":"En juillet?2010, un ami p\u00eacheur me propose d'embarquer pour une campagne en mer. Une mar\u00e9e. Dix jours de navigation dans le sud de la Mer d'Irlande, des zones riches en merlus, dorades et autres esp\u00e8ces nobles. Le chalutier est le bateau de p\u00eache par excellence. Le \u00ab?Yannick?\u00bb, attach\u00e9 au port de Cherbourg depuis 2004 m'offre ainsi la possibilit\u00e9 unique de partager le quotidien trop m\u00e9connu d'hommes taiseux et rares, les p\u00eacheurs. Ceci est un peu le \u00ab?journal de bord?\u00bb de cette aventure.\r","authors":["Antoine Soubigou","Sophie Leroy"],"category_codes":["4000000","4010000","4010500","4010502"],"visuals":{"large":"https:\/\/images.epagine.fr\/042\/9791090687042_1_75.jpg","medium":"https:\/\/images.epagine.fr\/042\/9791090687042_1_m.jpg","thumbnail":"https:\/\/images.epagine.fr\/042\/9791090687042_1_v.jpg"},"orderable":true,"show_badge":true,"formatted_price":"10,00&nbsp;\u20ac","formatted_published_date":"1er octobre 2011","publisher_availability_label":"Sur commande","short_details":"Antoine Soubigou, Sophie Leroy \u2014 LES EDITIONS DU COTENTIN","translator":null,"weight":1000,"page_count":108,"readership":null,"editor":"LES EDITIONS DU COTENTIN","price":1000,"published_date":"2011-09-30T22:00:00.000000Z","support":"Grand format","publisher_availability":1,"stock":0,"editions":[],"url":"https:\/\/quaidesbrumes.com\/ouvrage\/9791090687042\/pecheurs-en-mer-une-vie-a-bord"},{"id":"9782916525884","title":"Impacts du grand gibier (2eme edition) - comment les identifier, les quantitifer, les limiter","description":null,"authors":["Beaudesson\/Pillon"],"category_codes":["4000000","4010000"],"visuals":{"large":"https:\/\/images.epagine.fr\/884\/9782916525884_1_75.jpg","medium":"https:\/\/images.epagine.fr\/884\/9782916525884_1_m.jpg","thumbnail":"https:\/\/images.epagine.fr\/884\/9782916525884_1_v.jpg"},"orderable":true,"show_badge":true,"formatted_price":"8,00&nbsp;\u20ac","formatted_published_date":"7 octobre 2022","publisher_availability_label":"Sur commande","short_details":"Beaudesson\/Pillon \u2014 Centre national de la propri\u00e9t\u00e9 foresti\u00e8re","translator":null,"weight":108,"page_count":null,"readership":null,"editor":"Centre national de la propri\u00e9t\u00e9 foresti\u00e8re","price":800,"published_date":"2022-10-06T22:00:00.000000Z","support":"Grand format","publisher_availability":1,"stock":0,"editions":[],"url":"https:\/\/quaidesbrumes.com\/ouvrage\/9782916525884\/impacts-du-grand-gibier-2eme-edition-comment-les-identifier-les-quantitifer-les-limiter"},{"id":"9791042807498","title":"Les racines de l'espoir : Un village de la vall\u00e9e du fleuve S\u00e9n\u00e9gal entre tradition et modernit\u00e9","description":"Dans le village de Keur Samba Diop, nich\u00e9 dans la vall\u00e9e du fleuve S\u00e9n\u00e9gal, la terre n'est pas qu'un simple h\u00e9ritage : elle est l'\u00e2me de la communaut\u00e9. Mamadou Diop, patriarche vieillissant, veille sur cette terre ancestrale, mais l'avenir l'inqui\u00e8te. Ses enfants, s\u00e9duits par les promesses de la ville ou tent\u00e9s par l'\u00e9migration clandestine, se sont \u00e9loign\u00e9s, laissant la ferme face \u00e0 un destin incertain.\r\nQuand la modernit\u00e9 et les traditions se heurtent, que faire pour pr\u00e9server cet h\u00e9ritage ? Entre r\u00eaves d'ailleurs et d\u00e9fis climatiques, Boubacar, Aminata et Cheikh Junior devront surmonter leurs divisions pour r\u00e9inventer leur lien \u00e0 la terre. R\u00e9formes agricoles, retour aux sources et solidarit\u00e9 familiale deviennent alors les piliers d'une qu\u00eate universelle : celle d'un \u00e9quilibre entre pass\u00e9 et avenir.\r\nLes racines de l'espoir est une fresque poignante sur la r\u00e9silience, l'attachement aux racines et la construction d'un avenir durable. \u00c0 travers le destin d'une famille et d'un village, ce roman interroge notre rapport \u00e0 la terre et c\u00e9l\u00e8bre la puissance de l'unit\u00e9 face aux \u00e9preuves.","authors":["Bachir Ahmed Dathe"],"category_codes":["4000000","4010000","4010200","4010208"],"visuals":{"large":"https:\/\/images.epagine.fr\/498\/9791042807498_1_75.jpg","medium":"https:\/\/images.epagine.fr\/498\/9791042807498_1_m.jpg","thumbnail":"https:\/\/images.epagine.fr\/498\/9791042807498_1_v.jpg"},"orderable":true,"show_badge":true,"formatted_price":"30,00&nbsp;\u20ac","formatted_published_date":"30 juin 2025","publisher_availability_label":"Sur commande","short_details":"Bachir Ahmed Dathe \u2014 LES IMPLIQUES","translator":null,"weight":539,"page_count":356,"readership":"Tout public","editor":"LES IMPLIQUES","price":3000,"published_date":"2025-06-29T22:00:00.000000Z","support":"Grand format","publisher_availability":1,"stock":0,"editions":[],"url":"https:\/\/quaidesbrumes.com\/ouvrage\/9791042807498\/les-racines-de-lespoir-un-village-de-la-vallee-du-fleuve-senegal-entre-tradition-et-modernite"},{"id":"9791029804441","title":"Graines voyageuses sur les trois oc\u00e9ans Atlantique, oc\u00e9an Indien et Pacifique","description":"Une foule de choses h\u00e9t\u00e9roclites s'\u00e9chouent couramment et quotidiennement sur les plages des littoraux. On peut d\u00e9plorer que bien souvent ces choses soient des d\u00e9chets polluants issus de l'activit\u00e9 humaine, mais il y a aussi des d\u00e9p\u00f4ts d'un autre genre, ceux issus de l'activit\u00e9 naturelle des oc\u00e9ans et de la nature. On sait maintenant et de fa\u00e7on tr\u00e8s pragmatique que ces d\u00e9p\u00f4ts naturels participent activement \u00e0 l'\u00e9quilibre \u00e9cologique des littoraux. Ils servent de refuge et de garde-manger \u00e0 tout un petit monde animal qui fr\u00e9quente l'estran. Crevettes, crabes, toutes sortes d'invert\u00e9br\u00e9s, insectes et oiseaux se partagent ces accumulations h\u00e9t\u00e9roclites, pouss\u00e9s \u00e0 l'extr\u00e9mit\u00e9 de la vague puis abandonn\u00e9es par le flot de la mar\u00e9e descendante. Ces r\u00e9sidus comportent beaucoup d'algues qui, lorsqu'elles se d\u00e9gradent et se min\u00e9ralisent, sont des sources de nutriments indispensables pour les plantes qui poussent sur le haut de l'estran et qui assurent la stabilisation des dunes. Et pour tous les littoraux du monde c'est la m\u00eame chose : sans cet \u00e9quilibre nulle vie, nulle v\u00e9g\u00e9tation, plus de biodiversit\u00e9 et pour terminer des plages de sable fin qui finissent par dispara\u00eetre.\r","authors":["Nathalie Vidal"],"category_codes":["4000000","4010000","4010200","4010207"],"visuals":{"large":"https:\/\/images.epagine.fr\/441\/9791029804441_1_75.jpg","medium":"https:\/\/images.epagine.fr\/441\/9791029804441_1_m.jpg","thumbnail":"https:\/\/images.epagine.fr\/441\/9791029804441_1_v.jpg"},"orderable":true,"show_badge":true,"formatted_price":"24,00&nbsp;\u20ac","formatted_published_date":"6 mars 2021","publisher_availability_label":"Sur commande","short_details":"Nathalie Vidal \u2014 \u00c9ditions Orphie","translator":null,"weight":890,"page_count":240,"readership":null,"editor":"\u00c9ditions Orphie","price":2400,"published_date":"2021-03-05T23:00:00.000000Z","support":"Grand format","publisher_availability":1,"stock":0,"editions":[],"url":"https:\/\/quaidesbrumes.com\/ouvrage\/9791029804441\/graines-voyageuses-sur-les-trois-oceans-atlantique-ocean-indien-et-pacifique"},{"id":"9791042808938","title":"L'\u00e9conomie verte au S\u00e9n\u00e9gal  et dans le monde : Un levier pour un avenir durable","description":"L'\u00e9conomie verte d\u00e9signe une nouvelle dynamique de d\u00e9veloppement, conciliant croissance \u00e9conomique, pr\u00e9servation de l'environnement et bien-\u00eatre social. \r\nAu S\u00e9n\u00e9gal, elle se positionne comme une solution incontournable face aux d\u00e9fis du changement climatique, \u00e0 la gestion des ressources naturelles et \u00e0 la pollution. En investissant dans les \u00e9nergies renouvelables, l'agriculture durable, l'\u00e9conomie circulaire et les transports \u00e9cologiques, le pays peut tracer une voie vers un avenir plus r\u00e9silient et inclusif.\r\nCheikh S\u00e8ne s'appuie sur ses expertises pointues et document\u00e9es pour d\u00e9montrer que ce virage \u00e9conomique est souhaitable et cr\u00e9dible, au S\u00e9n\u00e9gal comme dans le reste du monde. \u00a0","authors":["Cheikh S\u00e8ne","Mamadou Youry Sall"],"category_codes":["4000000","4010000","4010200","4010208"],"visuals":{"large":"https:\/\/images.epagine.fr\/938\/9791042808938_1_75.jpg","medium":"https:\/\/images.epagine.fr\/938\/9791042808938_1_m.jpg","thumbnail":"https:\/\/images.epagine.fr\/938\/9791042808938_1_v.jpg"},"orderable":true,"show_badge":true,"formatted_price":"18,00&nbsp;\u20ac","formatted_published_date":"26 juin 2025","publisher_availability_label":"Sur commande","short_details":"Cheikh S\u00e8ne, Mamadou Youry Sall \u2014 LES IMPLIQUES","translator":null,"weight":197,"page_count":164,"readership":"Tout public","editor":"LES IMPLIQUES","price":1800,"published_date":"2025-06-25T22:00:00.000000Z","support":"Grand format","publisher_availability":1,"stock":0,"editions":[],"url":"https:\/\/quaidesbrumes.com\/ouvrage\/9791042808938\/leconomie-verte-au-senegal-et-dans-le-monde-un-levier-pour-un-avenir-durable"},{"id":"9791037043559","title":"Junius, le legs d'un pamphlet radical anglais : Les Lettres de Junius, de 1769 \u00e0 aujourd'hui","description":"Pour les \u00e9lites du xviiie\u00a0 si\u00e8cle, d\u00e9tentrices d'une culture classique, la figure l\u00e9gendaire de Lucius Junius Brutus, fondateur de la r\u00e9publique romaine, \u00e9tait sans nul doute famili\u00e8re comme all\u00e9gorie de la libert\u00e9 et de la justice con\u00e7ues comme indissociables.\r\nCe mythe fut confort\u00e9 par le succ\u00e8s du pamphlet anglais Les Lettres de Junius publi\u00e9es dans le journal Public Advertiser\u00a0 de janvier 1769 \u00e0 janvier 1772 en une p\u00e9riode de crise politique marqu\u00e9e par une d\u00e9rive absolutiste mena\u00e7ant les droits ancestraux du peuple anglais.\r\n\u00c0 la suite des traductions en fran\u00e7ais de ce pamphlet (1791, 1823) et durablement - jusqu'\u00e0 une \u00e9poque r\u00e9cente - les recours au pseudonyme \u00ab\u00a0 Junius\u00a0 \u00bb comme signature de textes contestataires, de d\u00e9nonciations aussi vari\u00e9es qu'inattendues, se sont multipli\u00e9s.","authors":["Jean-Jacques Tatin-Gourier"],"category_codes":["4000000","4010000","4010200","4010208"],"visuals":{"large":"https:\/\/images.epagine.fr\/559\/9791037043559_1_75.jpg","medium":"https:\/\/images.epagine.fr\/559\/9791037043559_1_m.jpg","thumbnail":"https:\/\/images.epagine.fr\/559\/9791037043559_1_v.jpg"},"orderable":true,"show_badge":true,"formatted_price":"15,00&nbsp;\u20ac","formatted_published_date":"25 juin 2025","publisher_availability_label":"Sur commande","short_details":"Jean-Jacques Tatin-Gourier \u2014 Hermann","translator":null,"weight":124,"page_count":158,"readership":"Tout public","editor":"Hermann","price":1500,"published_date":"2025-06-24T22:00:00.000000Z","support":"Grand format","publisher_availability":1,"stock":0,"editions":[],"url":"https:\/\/quaidesbrumes.com\/ouvrage\/9791037043559\/junius-le-legs-dun-pamphlet-radical-anglais-les-lettres-de-junius-de-1769-a-aujourdhui"},{"id":"9782336534282","title":"La conqu\u00eate des espaces maritimes et les nouveaux d\u00e9fis de l'environnement","description":"La plan\u00e8te est en danger et la mer est l'une des principales nourrici\u00e8res de l'Homme. La conqu\u00eate des mers, qui a longtemps \u00e9t\u00e9 le symbole d'un progr\u00e8s de nos soci\u00e9t\u00e9s, est aujourd'hui mise \u00e0 mal par l'\u00e9conomie lib\u00e9rale qui s'approprie ses ressources sans limite et sans mesure.\r\nHistoriquement l'anthropoc\u00e8ne, qui \u00e9tait au coeur de la vision \u00e9conomique de l'Homme, signifiait que celui-ci dominait le monde et que toute chose se rapportait \u00e0 lui. Cette conception unilin\u00e9aire montre aujourd'hui ses limites et se traduit par une importante disparition des esp\u00e8ces vivantes.\r\nD\u00e9sormais, le n\u00e9o-anthropocentrisme exprime l'id\u00e9e que l'\u00e9volution de l'esp\u00e8ce humaine est enti\u00e8rement corr\u00e9l\u00e9e et li\u00e9e aux facteurs biologiques. Il faut distinguer aussi l'importance de la culture, biologique et humaine, qui fonde l'interd\u00e9pendance entre les diff\u00e9rentes esp\u00e8ces vivantes et permet l'\u00e9quilibre de l'humanit\u00e9.\r","authors":["Aur\u00e9lie Bayen-Poisson","Arnaud  de Raulin"],"category_codes":["4000000","4010000","4010200","4010208"],"visuals":{"large":"https:\/\/images.epagine.fr\/282\/9782336534282_1_75.jpg","medium":"https:\/\/images.epagine.fr\/282\/9782336534282_1_m.jpg","thumbnail":"https:\/\/images.epagine.fr\/282\/9782336534282_1_v.jpg"},"orderable":true,"show_badge":true,"formatted_price":"32,00&nbsp;\u20ac","formatted_published_date":"26 juin 2025","publisher_availability_label":"Sur commande","short_details":"Aur\u00e9lie Bayen-Poisson, Arnaud  de Raulin \u2014 \u00c9ditions L'Harmattan","translator":null,"weight":378,"page_count":320,"readership":"Tout public","editor":"\u00c9ditions L'Harmattan","price":3200,"published_date":"2025-06-25T22:00:00.000000Z","support":"Grand format","publisher_availability":1,"stock":0,"editions":[],"url":"https:\/\/quaidesbrumes.com\/ouvrage\/9782336534282\/la-conquete-des-espaces-maritimes-et-les-nouveaux-defis-de-lenvironnement"},{"id":"9791095743682","title":"Le manuel du vol libre 2025 - parapente - delta","description":null,"authors":["Menegoz","Jacques"],"category_codes":["4000000","4010000","4010500","4010505"],"visuals":{"large":"https:\/\/quaidesbrumes.com\/img\/book-placeholder.png","medium":"https:\/\/quaidesbrumes.com\/img\/book-placeholder.png","thumbnail":"https:\/\/quaidesbrumes.com\/img\/book-placeholder.png"},"orderable":true,"show_badge":true,"formatted_price":"42,00&nbsp;\u20ac","formatted_published_date":"26 juin 2025","publisher_availability_label":"Sur commande","short_details":"Menegoz, Jacques \u2014 \u00c9ditions du Chemin des Cr\u00eates","translator":null,"weight":800,"page_count":null,"readership":null,"editor":"\u00c9ditions du Chemin des Cr\u00eates","price":4200,"published_date":"2025-06-25T22:00:00.000000Z","support":"Grand format","publisher_availability":1,"stock":0,"editions":[],"url":"https:\/\/quaidesbrumes.com\/ouvrage\/9791095743682\/le-manuel-du-vol-libre-2025-parapente-delta"},{"id":"9782915034400","title":"Je ne p\u00eache pas,  je m'entra\u00eene","description":null,"authors":["Eric Joly"],"category_codes":["4000000","4010000","4010500","4010502"],"visuals":{"large":"https:\/\/images.epagine.fr\/400\/9782915034400_1_75.jpg","medium":"https:\/\/images.epagine.fr\/400\/9782915034400_1_m.jpg","thumbnail":"https:\/\/images.epagine.fr\/400\/9782915034400_1_v.jpg"},"orderable":true,"show_badge":true,"formatted_price":"20,00&nbsp;\u20ac","formatted_published_date":"10 ao\u00fbt 2011","publisher_availability_label":"Sur commande","short_details":"Eric Joly \u2014 La Vie Du Rail","translator":null,"weight":317,"page_count":null,"readership":null,"editor":"La Vie Du Rail","price":2000,"published_date":"2011-08-09T22:00:00.000000Z","support":"Grand format","publisher_availability":1,"stock":0,"editions":[],"url":"https:\/\/quaidesbrumes.com\/ouvrage\/9782915034400\/je-ne-peche-pas-je-mentraine"},{"id":"9782856536025","title":"Atlas de la flore remarquable du Val de Loire ; entre le bec d'Allier et le bec de Vienne","description":"Inscrite depuis 2000 sur la liste du patrimoine mondial de l'Unesco, la Loire est consid\u00e9r\u00e9e comme le \"dernier fleuve sauvage fran\u00e7ais\". Malgr\u00e9 la forte identit\u00e9 du patrimoine naturel du Val de Loire, peu d'ouvrages ont \u00e9t\u00e9 consacr\u00e9s \u00e0 sa flore et ses milieux naturels. Cet Atlas, abondamment illustr\u00e9, est le premier d\u00e9di\u00e9 \u00e0 la Loire. Il invite, au fil du val, \u00e0 d\u00e9couvrir l'originalit\u00e9 de la flore lig\u00e9rienne, depuis la confluence de la Loire avec l'Allier jusqu'\u00e0 sa confluence avec la Vienne. Tout au long de ce p\u00e9riple, le fleuve traverse les r\u00e9gions naturelles contrast\u00e9es du Centre?: Sancerrois, Sologne, for\u00eat d'Orl\u00e9ans, Beauce... qui sont autant d'influences sur sa flore. Pendant plus de trois ann\u00e9es, le Conservatoire botanique national du Bassin parisien a men\u00e9 des inventaires pr\u00e9cis et a rassembl\u00e9 l'essentiel de la connaissance sur la flore lig\u00e9rienne constituant une base de donn\u00e9es in\u00e9dite. Cet Atlas constitue l'aboutissement et la transmission de cette connaissance organis\u00e9e et analys\u00e9e. L'ouvrage s'attache \u00e0 d\u00e9crire les grands ensembles d'habitats de la Loire et les esp\u00e8ces remarquables qui leur sont inf\u00e9od\u00e9es. Ainsi, l'analyse de pr\u00e8s de 160?000 donn\u00e9es recens\u00e9es sur les 172 communes du val de la Loire moyenne entre bec d'Allier et bec de Vienne a permis d'identifier 230 esp\u00e8ces patrimoniales et plus de 20 esp\u00e8ces invasives. Ces esp\u00e8ces dites \"remarquables\" sont regroup\u00e9es au sein de 11 grands types de milieux et pr\r","authors":["Ludovic Boudin","Jordane Cordier","Jacques Moret"],"category_codes":["4000000","4010000","4010400"],"visuals":{"large":"https:\/\/images.epagine.fr\/025\/9782856536025_1_75.jpg","medium":"https:\/\/images.epagine.fr\/025\/9782856536025_1_m.jpg","thumbnail":"https:\/\/images.epagine.fr\/025\/9782856536025_1_v.jpg"},"orderable":true,"show_badge":true,"formatted_price":"19,00&nbsp;\u20ac","formatted_published_date":"20 juillet 2007","publisher_availability_label":"Sur commande","short_details":"Ludovic Boudin, Jordane Cordier, Jacques Moret \u2014 Mnhn","translator":null,"weight":1040,"page_count":464,"readership":null,"editor":"Mnhn","price":1900,"published_date":"2007-07-19T22:00:00.000000Z","support":"Grand format","publisher_availability":1,"stock":0,"editions":[],"url":"https:\/\/quaidesbrumes.com\/ouvrage\/9782856536025\/atlas-de-la-flore-remarquable-du-val-de-loire-entre-le-bec-dallier-et-le-bec-de-vienne"}]}