{"data":[{"id":"9782336490489","title":"De la conservation aux politiques \u00e9co-sanitaires en C\u00f4te d'Ivoire : Les aires prot\u00e9g\u00e9es de la zone foresti\u00e8re au XXIe si\u00e8cle","description":"En raison de leur vocation \u00e0 s\u00e9parer la nature des humains et \u00e0 conserver une biodiversit\u00e9 fonctionnelle, les aires prot\u00e9g\u00e9es sont d\u00e9sormais con\u00e7ues comme des outils de pr\u00e9vention de maladies infectieuses provenant de la faune sauvage, telles que la Covid-19 ou le virus \u00c9bola. Mais comment ces territoires singuliers sont-ils v\u00e9cus, pratiqu\u00e9s et requalifi\u00e9s par leurs riverains ? \r\nLes auteurs s'attellent \u00e0 cette question dans la zone foresti\u00e8re de C\u00f4te d'Ivoire connue pour \u00eatre la premi\u00e8re zone de production cacaoy\u00e8re au monde, mais aussi le creuset de violents conflits identitaires, politiques et militaires dans les ann\u00e9es 2000.\r\nEn rep\u00e9rant les lignes de fracture entre diff\u00e9rentes cat\u00e9gories de riverains tout comme entre diff\u00e9rents services de l'\u00c9tat et en retra\u00e7ant l'\u00e9volution des contextes qui conduisent \u00e0 cultiver des aires prot\u00e9g\u00e9es, ce livre contribue \u00e0 replacer la dimension humaine au coeur des enjeux \u00e9co-sanitaires.","authors":["Atta Kouam\u00e9","Vincent Leblan","Fran\u00e7ois Ruf"],"category_codes":["4000000","4010000","4010200"],"visuals":{"large":"https:\/\/images.epagine.fr\/489\/9782336490489_1_75.jpg","medium":"https:\/\/images.epagine.fr\/489\/9782336490489_1_m.jpg","thumbnail":"https:\/\/images.epagine.fr\/489\/9782336490489_1_v.jpg"},"orderable":true,"show_badge":true,"formatted_price":"25,00&nbsp;\u20ac","formatted_published_date":"13 f\u00e9vrier 2025","publisher_availability_label":"Sur commande","short_details":"Atta Kouam\u00e9, Vincent Leblan, Fran\u00e7ois Ruf \u2014 \u00c9ditions L'Harmattan","translator":null,"weight":295,"page_count":248,"readership":null,"editor":"\u00c9ditions L'Harmattan","price":2500,"published_date":"2025-02-12T23:00:00.000000Z","support":"Grand format","publisher_availability":1,"stock":0,"editions":[],"url":"https:\/\/quaidesbrumes.com\/ouvrage\/9782336490489\/de-la-conservation-aux-politiques-eco-sanitaires-en-cote-divoire-les-aires-protegees-de-la-zone-forestiere-au-xxie-siecle"},{"id":"9782336503974","title":"Gouvernance du parc national de la Salonga en RD Congo : Protectionnisme \u00e9cologique et r\u00e9sistances locales","description":"Cet ouvrage a l'ambition d'offrir un \u00e9clairage novateur au d\u00e9bat sur l'avenir des aires prot\u00e9g\u00e9es en Afrique, et plus largement, sur la construction de mod\u00e8les de gouvernance qui respectent \u00e0 la fois la biodiversit\u00e9 et les r\u00e9alit\u00e9s humaines. Dans une d\u00e9marche qualitative ayant privil\u00e9gi\u00e9 la th\u00e9orisation ancr\u00e9e, cet ouvrage met en relief les contradictions de la politique de conservation au parc national de la Salonga, au regard des logiques d'int\u00e9r\u00eats contradictoires et \u00e0 la concurrence des usages entre acteurs, aux repr\u00e9sentations divergentes. \r\nDes tensions naissent de ces visions peu compatibles et des pratiques \u00ab kitawalistes \u00bb et \u00ab yaelimistes \u00bb peu recommandables qui interf\u00e8rent et annihilent les efforts de la conservation. La rh\u00e9torique religieuse chr\u00e9tienne sur laquelle se fonde la doctrine kitawaliste et \u00e0 partir de laquelle ils l\u00e9gitiment leur pr\u00e9sence dans ce parc, les pousse \u00e0 d\u00e9velopper une forte r\u00e9sistance face \u00e0 ce qu'ils qualifient de globalisation du protectionnisme \u00e9cologique. \r\nCe faisant, la conservation \u00e0 la Salonga appelle des modalit\u00e9s de r\u00e9solution des conflits innovantes qui devront tenir compte \u00e0 la fois des caract\u00e8res id\u00e9ologiques et doctrinaires de la religion kitawaliste, mais \u00e9galement des pratiques \u00ab yaelimistes \u00bb pour saisir la complexit\u00e9 de cette probl\u00e9matique.","authors":["Salomon Mampeta Wabasa"],"category_codes":["4000000","4010000","4010200","4010208"],"visuals":{"large":"https:\/\/images.epagine.fr\/974\/9782336503974_1_75.jpg","medium":"https:\/\/images.epagine.fr\/974\/9782336503974_1_m.jpg","thumbnail":"https:\/\/images.epagine.fr\/974\/9782336503974_1_v.jpg"},"orderable":true,"show_badge":true,"formatted_price":"29,00&nbsp;\u20ac","formatted_published_date":"3 avril 2025","publisher_availability_label":"Sur commande","short_details":"Salomon Mampeta Wabasa \u2014 \u00c9ditions L'Harmattan","translator":null,"weight":434,"page_count":286,"readership":"Tout public","editor":"\u00c9ditions L'Harmattan","price":2900,"published_date":"2025-04-02T22:00:00.000000Z","support":"Grand format","publisher_availability":1,"stock":0,"editions":[],"url":"https:\/\/quaidesbrumes.com\/ouvrage\/9782336503974\/gouvernance-du-parc-national-de-la-salonga-en-rd-congo-protectionnisme-ecologique-et-resistances-locales"},{"id":"9782951651531","title":"Les pieds sur terre ; retrouver le bon sens ou dispara\u00eetre","description":"Le monde v\u00e9g\u00e9tal, cl\u00e9 du vivant, de la sant\u00e9 et de l'avenir des esp\u00e8ces.\r\n\r\nLes r\u00e9ponses aux d\u00e9fis climatiques, environnementaux, agro\u00e9cologiques et sanitaires du XXIe si\u00e8cle ne viendront pas des techniques industrielles, mais au contraire de leur mod\u00e9ration. C'est en respectant la nature et en reconnaissant notre d\u00e9pendance biologique absolue au r\u00e8gne v\u00e9g\u00e9tal que nous pourrons \u00e9viter l'effondrement. L'auteur propose une r\u00e9flexion sur les fonctions cruciales des plantes : cr\u00e9er la vie, r\u00e9guler les \u00e9cosyst\u00e8mes et le climat, assurer la dynamique de la sant\u00e9.\r\n\r\nCe que la nature a mis 500 millions d'ann\u00e9es \u00e0 construire, la biodiversit\u00e9 - la cha\u00eene de production du vivant - l'homme, dernier maillon de la cha\u00eene, est en train de le d\u00e9truire en quelques d\u00e9cennies seulement.\r\n\r\nAlors que nous sommes capables d'envoyer des sondes dans l'espace pour explorer les plan\u00e8tes lointaines, notre compr\u00e9hension et notre respect pour le ph\u00e9nom\u00e8ne le plus exceptionnel du syst\u00e8me solaire, la vie sur la Terre, sont tr\u00e8s limit\u00e9s. Il est pourtant essentiel d'int\u00e9grer les processus qui cr\u00e9ent, r\u00e9gulent et p\u00e9rennisent la vie ; actuellement, ils sont n\u00e9glig\u00e9s ou m\u00e9connus.\r\n\r\nL'artificialisation industrielle, par l'\u00e9nergie qu'elle requiert, par les produits de synth\u00e8se et les d\u00e9chets non recyclables qu'elle intro-duit dans les \u00e9cosyst\u00e8mes, rompt les collaborations symbiotiques, les \u00e9quilibres naturels et les cycles qui produisent la vie. L'industrialisation massive est incompatible avec le fonctionnement de la nature, la stabilit\u00e9 du climat et la production du vivant. Les produits de synth\u00e8se provoquent aussi des pathologies chroniques ou d\u00e9g\u00e9n\u00e9ratives chez l'homme, cons\u00e9quences des perturbations physiologiques qu'ils induisent dans son organisme.\r\n\r\nL'importance d\u00e9cisive de la cha\u00eene du vivant, les processus biologiques et \u00e9cologiques naturels ne sont plus respect\u00e9s. Ils sont m\u00eame entrav\u00e9s par les pouvoirs publics, qui imposent des produits artificiels industriels pour l'agriculture et la sant\u00e9. Les produits de synth\u00e8se bioperturbateurs sont omnipr\u00e9sents, alors qu'ils ne devraient \u00eatre utilis\u00e9s que de mani\u00e8re compl\u00e9mentaire, quand il n'y a pas de solution naturelle efficace, s\u00fbre et durable. Ce qui serait rare si on s'\u00e9tait donn\u00e9 les moyens de les \u00e9valuer de mani\u00e8re pertinente et globale.\r\n\r\nM\u00e9conna\u00eetre notre d\u00e9pendance biologique absolue au v\u00e9g\u00e9tal ou en entraver l'usage pour favoriser les produits industriels rel\u00e8ve d'un aveuglement suicidaire. Le v\u00e9g\u00e9tal chlorophyllien appara\u00eet comme le cr\u00e9ateur de la vie pour l'ensemble du monde vivant, puisqu'il est seul capable de transmuter l'\u00e9nergie solaire en mati\u00e8re organique, en \u00e9nergie m\u00e9tabolique, en r\u00e9gulations et en informations biologiques. Nous sommes totalement phyto-d\u00e9pendants. Il nous faut retrouver le bon sens, respecter la nature et collaborer avec elle, ou dispara\u00eetre.\r","authors":["Philippe Labre","Pierre Rabhi"],"category_codes":["4000000","4010000","4010200","4010208"],"visuals":{"large":"https:\/\/images.epagine.fr\/531\/9782951651531_1_75.jpg","medium":"https:\/\/images.epagine.fr\/531\/9782951651531_1_m.jpg","thumbnail":"https:\/\/images.epagine.fr\/531\/9782951651531_1_v.jpg"},"orderable":true,"show_badge":true,"formatted_price":"24,00&nbsp;\u20ac","formatted_published_date":"29 juillet 2020","publisher_availability_label":"Sur commande","short_details":"Philippe Labre, Pierre Rabhi \u2014 Femenvet","translator":null,"weight":0,"page_count":288,"readership":null,"editor":"Femenvet","price":2400,"published_date":"2020-07-28T22:00:00.000000Z","support":"Grand format","publisher_availability":1,"stock":0,"editions":[],"url":"https:\/\/quaidesbrumes.com\/ouvrage\/9782951651531\/les-pieds-sur-terre-retrouver-le-bon-sens-ou-disparaitre"},{"id":"9782363832771","title":"G\u00e9omim\u00e9tisme ; r\u00e9guler le changement climatique gr\u00e2ce \u00e0 la nature","description":"Quelle est notre meilleure alli\u00e9e pour combattre le changement climatique ? La technologie pure, encore et toujours, comme le fantasment les tenants de la g\u00e9oing\u00e9nierie ? Non : la nature elle-m\u00eame, \u00e0 condition qu'on le lui permette.\r\nLe g\u00e9omim\u00e9tisme - en r\u00e9f\u00e9rence au \u00ab biomim\u00e9tisme \u00bb, c'est-\u00e0-dire le fait de s'inspirer de l'action de la nature - d\u00e9signe l'ensemble des pratiques dont nous disposons pour pi\u00e9ger le carbone atmosph\u00e9rique dans les sols et les organismes vivants, dans le respect des cycles naturels et de la biodiversit\u00e9. Car, pour combattre efficacement le r\u00e9chauffement climatique, il ne suffit pas de r\u00e9duire nos \u00e9missions de gaz \u00e0 effet de serre - m\u00eame si c'est essentiel -, il faut aussi capturer le trop-plein de CO2 dans l'atmosph\u00e8re.\r\nL'exemple le plus \u00e9vident de g\u00e9omim\u00e9tisme est celui de la reforestation, \u00e0 m\u00eame de rafra\u00eechir le climat. Mais on peut \u00e9galement citer le d\u00e9veloppement de l'agro\u00e9cologie, l'\u00e9largissement des zones humides, le renforcement du permafrost ou encore la constitution de puits de carbone oc\u00e9aniques. Cet ouvrage pionnier d\u00e9taille de fa\u00e7on claire et rigoureusement chiffr\u00e9e l'int\u00e9r\u00eat de ces m\u00e9thodes pour l'humanit\u00e9 et propose, en cons\u00e9quence, des pistes r\u00e9alistes pour des politiques publiques \u00e0 la hauteur de l'enjeu.\r","authors":["Pierre Gilbert","Ga\u00ebl Giraud"],"category_codes":["4000000","4010000","4010200","4010207"],"visuals":{"large":"https:\/\/images.epagine.fr\/771\/9782363832771_1_75.jpg","medium":"https:\/\/images.epagine.fr\/771\/9782363832771_1_m.jpg","thumbnail":"https:\/\/images.epagine.fr\/771\/9782363832771_1_v.jpg"},"orderable":true,"show_badge":true,"formatted_price":"19,00&nbsp;\u20ac","formatted_published_date":"3 septembre 2020","publisher_availability_label":"Sur commande","short_details":"Pierre Gilbert, Ga\u00ebl Giraud \u2014 Les petits matins","translator":null,"weight":232,"page_count":184,"readership":null,"editor":"Les petits matins","price":1900,"published_date":"2020-09-02T22:00:00.000000Z","support":"Grand format","publisher_availability":1,"stock":0,"editions":[],"url":"https:\/\/quaidesbrumes.com\/ouvrage\/9782363832771\/geomimetisme-reguler-le-changement-climatique-grace-a-la-nature"},{"id":"9782350307077","title":"Progressisistes pour le climat","description":"Comment\u00a0assurer\u00a0la\u00a0transi.on\u00a0\u00e9nerg\u00e9.que\u00a0?\u00a0Comment\u00a0pr\u00e9server\u00a0l'ind\u00e9pendance\u00a0de\u00a0la\u00a0France,\u00a0assurer la\u00a0jus.ce\u00a0sociale,\u00a0lu;er\u00a0contre\u00a0le\u00a0r\u00e9chauffement\u00a0clima.que\u00a0et\u00a0trouver\u00a0les\u00a0ressources\u00a0financi\u00e8res\u00a0pour\u00a0ces objec.fs\u00a0?\u00a0La\u00a0concordance\u00a0entre\u00a0ces\u00a0diff\u00e9rents\u00a0imp\u00e9ra.fs\u00a0ressemble\u00a0\u00e0\u00a0la\u00a0quadrature\u00a0du\u00a0cercle.\u00a0Pourtant, des\u00a0solu.ons\u00a0r\u00e9alistes\u00a0qui\u00a0r\u00e9clament\u00a0un\u00a0peu\u00a0d'audace\u00a0et\u00a0de\u00a0courage\u00a0valent\u00a0le\u00a0coup\u00a0d'\u00eatre\u00a0tent\u00e9es.\r\nL'ouvrage\u00a0met\u00a0en\u00a0lumi\u00e8re\u00a0l'originalit\u00e9\u00a0du\u00a0mix\u00a0\u00e9nerg\u00e9.que\u00a0fran\u00e7ais\u00a0et\u00a0d\u00e9cor.que\u00a0la\u00a0fa\u00e7on\u00a0dont\u00a0il\u00a0s'est construit\u00a0du\u00a0 XIX e \u00a0au\u00a0 XXI e \u00a0si\u00e8cle.\u00a0Il\u00a0passe\u00a0en\u00a0revue\u00a0les\u00a0d\u00e9fis\u00a0de\u00a0la\u00a0transi.on\u00a0\u00e9nerg\u00e9.que\u00a0dans\u00a0les\u00a0transports, l'habitat\u00a0et\u00a0l'industrie\u00a0puis\u00a0\u00e9value\u00a0les\u00a0perspec.ves\u00a0des\u00a0diff\u00e9rentes\u00a0sources\u00a0d'\u00e9nergie\u00a0existantes,\u00a0fossiles, nucl\u00e9aires\u00a0et\u00a0renouvelables.\u00a0Son\u00a0tableau\u00a0est\u00a0compl\u00e9t\u00e9\u00a0par\u00a0une\u00a0analyse\u00a0des\u00a0gouvernances\u00a0fran\u00e7aise\u00a0et europ\u00e9enne\u00a0en\u00a0ma.\u00e8re\u00a0\u00e9nerg\u00e9.que.\r\nLes\u00a0conclusions\u00a0qu'il\u00a0en\u00a0.re\u00a0sont\u00a0iconoclastes\u00a0:\u00a0refonder\u00a0la\u00a0l\u00e9gisla.on\u00a0europ\u00e9enne\u00a0de\u00a0la\u00a0concurrence, actualiser\u00a0les\u00a0missions\u00a0d'EDF,\u00a0favoriser\u00a0les\u00a0projets\u00a0locaux,\u00a0se\u00a0r\u00e9signer\u00a0\u00e0\u00a0ne\u00a0consid\u00e9rer\u00a0l'\u00e9olien\u00a0que comme\u00a0un\u00a0apport\u00a0marginal,\u00a0parier\u00a0sur\u00a0la\u00a0pile\u00a0\u00e0\u00a0hydrog\u00e8ne\u00a0et,\u00a0faute\u00a0de\u00a0mieux,\u00a0r\u00e9inves.r\u00a0au\u00a0moins\u00a0pour une\u00a0g\u00e9n\u00e9ra.on\u00a0dans\u00a0le\u00a0nucl\u00e9aire.\r","authors":["Jacques Roger-marchat","Pascal Lamy"],"category_codes":["4000000","4010000","4010200","4010207"],"visuals":{"large":"https:\/\/images.epagine.fr\/077\/9782350307077_1_75.jpg","medium":"https:\/\/images.epagine.fr\/077\/9782350307077_1_m.jpg","thumbnail":"https:\/\/images.epagine.fr\/077\/9782350307077_1_v.jpg"},"orderable":true,"show_badge":true,"formatted_price":"19,00&nbsp;\u20ac","formatted_published_date":"11 mai 2021","publisher_availability_label":"Sur commande","short_details":"Jacques Roger-marchat, Pascal Lamy \u2014 Atlande","translator":null,"weight":255,"page_count":1,"readership":null,"editor":"Atlande","price":1900,"published_date":"2021-05-10T22:00:00.000000Z","support":"Grand format","publisher_availability":1,"stock":0,"editions":[],"url":"https:\/\/quaidesbrumes.com\/ouvrage\/9782350307077\/progressisistes-pour-le-climat"},{"id":"9782853021753","title":"Vaches marines et poules de races anciennes - deux exemples d'agrobiodiversite dans les landes de ga","description":null,"authors":["Sylvie Gazagne"],"category_codes":["4000000","4010000","4010200","4010207"],"visuals":{"large":"https:\/\/images.epagine.fr\/753\/9782853021753_1_75.jpg","medium":"https:\/\/images.epagine.fr\/753\/9782853021753_1_m.jpg","thumbnail":"https:\/\/images.epagine.fr\/753\/9782853021753_1_v.jpg"},"orderable":true,"show_badge":true,"formatted_price":"18,00&nbsp;\u20ac","formatted_published_date":"16 novembre 2023","publisher_availability_label":"Sur commande","short_details":"Sylvie Gazagne \u2014 Marrimpouey","translator":null,"weight":401,"page_count":null,"readership":null,"editor":"Marrimpouey","price":1800,"published_date":"2023-11-15T23:00:00.000000Z","support":"Grand format","publisher_availability":1,"stock":0,"editions":[],"url":"https:\/\/quaidesbrumes.com\/ouvrage\/9782853021753\/vaches-marines-et-poules-de-races-anciennes-deux-exemples-dagrobiodiversite-dans-les-landes-de-ga"},{"id":"9782731412291","title":"La mer M\u00e9diterran\u00e9e : Changement climatique et ressources durables","description":"Belle et fragile M\u00e9diterran\u00e9e. Attractive car trop belle. Surpeupl\u00e9e sur le littoral, envahie par les d\u00e9chets, satur\u00e9e par le transport maritime, et si fragile car petite et semi-ferm\u00e9e. Sans parler du changement climatique qui aggrave nettement la situation. L'alerte est donn\u00e9e depuis longtemps car la pollution et la perte de biodiversit\u00e9 y sont tr\u00e8s fortes, au point de mener cette mer \u00e0 l'asphyxie. Pourtant la mer M\u00e9diterran\u00e9e, comme toutes les mers et les oc\u00e9ans de la plan\u00e8te, repr\u00e9sente une immense richesse qui conditionne la survie de l'humain. Ce fait est d\u00e9sormais reconnu et act\u00e9. Associons-nous pour la sauver. Cet ouvrage, qui r\u00e9unit des scientifiques, des juristes et des responsables de fondation et d'association, traite en particulier des impacts du changement climatique. Ce faisant, il tente de mettre en \u00e9vidence les moyens de protection de la mer M\u00e9diterran\u00e9e contre les impacts du changement climatique et pr\u00e9sente des solutions de pr\u00e9vention de la pollution et de gestion des d\u00e9chets qui y sont d\u00e9vers\u00e9s. Enfin il y est question de biodiversit\u00e9 et de protection des esp\u00e8ces et des ressources vivantes marines. Que tous les contributeurs de cet ouvrage qui se sont associ\u00e9s \u00e0 cette aventure collective soient vivement remerci\u00e9s pour leur pr\u00e9cieux concours.","authors":["Marie-Luce Demeester","Virginie Mercier"],"category_codes":["8000000","8030000","8030300","8030304"],"visuals":{"large":"https:\/\/images.epagine.fr\/291\/9782731412291_1_75.jpg","medium":"https:\/\/images.epagine.fr\/291\/9782731412291_1_m.jpg","thumbnail":"https:\/\/images.epagine.fr\/291\/9782731412291_1_v.jpg"},"orderable":true,"show_badge":true,"formatted_price":"24,00&nbsp;\u20ac","formatted_published_date":"1er mars 2022","publisher_availability_label":"Sur commande","short_details":"Marie-Luce Demeester, Virginie Mercier \u2014 Pu D'Aix Marseille","translator":null,"weight":366,"page_count":220,"readership":null,"editor":"Pu D'Aix Marseille","price":2400,"published_date":"2022-02-28T23:00:00.000000Z","support":"Grand format","publisher_availability":1,"stock":0,"editions":[],"url":"https:\/\/quaidesbrumes.com\/ouvrage\/9782731412291\/la-mer-mediterranee-changement-climatique-et-ressources-durables"},{"id":"9782918060062","title":"Les vari\u00e9t\u00e9s d'arbres fruitiers \u00e0 propager en Morvan","description":null,"authors":["Collectif","Urbe Condita"],"category_codes":["4000000","4010000","4010400","4010406"],"visuals":{"large":"https:\/\/images.epagine.fr\/062\/9782918060062_1_75.jpg","medium":"https:\/\/images.epagine.fr\/062\/9782918060062_1_m.jpg","thumbnail":"https:\/\/images.epagine.fr\/062\/9782918060062_1_v.jpg"},"orderable":true,"show_badge":true,"formatted_price":"15,00&nbsp;\u20ac","formatted_published_date":"6 juin 2010","publisher_availability_label":"Sur commande","short_details":"Collectif, Urbe Condita \u2014 Pnr Du Morvan","translator":null,"weight":401,"page_count":null,"readership":null,"editor":"Pnr Du Morvan","price":1500,"published_date":"2010-06-05T22:00:00.000000Z","support":"Grand format","publisher_availability":1,"stock":0,"editions":[],"url":"https:\/\/quaidesbrumes.com\/ouvrage\/9782918060062\/les-varietes-darbres-fruitiers-a-propager-en-morvan"},{"id":"9782951937758","title":"Les champignons du Morvan","description":null,"authors":["Collectif","Urbe Condita"],"category_codes":["4000000","4010000","4010400","4010403"],"visuals":{"large":"https:\/\/images.epagine.fr\/758\/9782951937758_1_75.jpg","medium":"https:\/\/images.epagine.fr\/758\/9782951937758_1_m.jpg","thumbnail":"https:\/\/images.epagine.fr\/758\/9782951937758_1_v.jpg"},"orderable":true,"show_badge":true,"formatted_price":"15,00&nbsp;\u20ac","formatted_published_date":"6 septembre 2006","publisher_availability_label":"Sur commande","short_details":"Collectif, Urbe Condita \u2014 Pnr Du Morvan","translator":null,"weight":401,"page_count":null,"readership":null,"editor":"Pnr Du Morvan","price":1500,"published_date":"2006-09-05T22:00:00.000000Z","support":"Grand format","publisher_availability":1,"stock":0,"editions":[],"url":"https:\/\/quaidesbrumes.com\/ouvrage\/9782951937758\/les-champignons-du-morvan"},{"id":"9782951937796","title":"La for\u00eat morvandelle","description":null,"authors":["Collectif"],"category_codes":["4000000","4010000","4010400","4010406"],"visuals":{"large":"https:\/\/images.epagine.fr\/796\/9782951937796_1_75.jpg","medium":"https:\/\/images.epagine.fr\/796\/9782951937796_1_m.jpg","thumbnail":"https:\/\/images.epagine.fr\/796\/9782951937796_1_v.jpg"},"orderable":true,"show_badge":true,"formatted_price":"15,00&nbsp;\u20ac","formatted_published_date":"6 septembre 2008","publisher_availability_label":"Sur commande","short_details":"Collectif \u2014 Pnr Du Morvan","translator":null,"weight":401,"page_count":null,"readership":null,"editor":"Pnr Du Morvan","price":1500,"published_date":"2008-09-05T22:00:00.000000Z","support":"Grand format","publisher_availability":1,"stock":0,"editions":[],"url":"https:\/\/quaidesbrumes.com\/ouvrage\/9782951937796\/la-foret-morvandelle"},{"id":"9782915031492","title":"La nature en bateau Tome 2 ; M\u00e9diterran\u00e9e","description":"Chaque \u00e9t\u00e9, ils sont des dizaines de milliers \u00e0 partir en vacances en bateau en M\u00e9diterran\u00e9e. Le contact avec la nature est l'une des principales motivations des plaisanciers. Ce livre s'adresse \u00e0 eux. Avec lui, plus besoin de poss\u00e9der un livre sur les poissons, un autre sur les oiseaux , un troisi\u00e8me sur la flore, etc.Le guide du plaisancier naturaliste passe en revue les diff\u00e9rents aspects de la nature que l'on peut rencontrer en pratiquant la plaisance.Les chapitres s'articulent autour de la position du bateau ; au mouillage, au port, non loin des c\u00f4tes ou au large, chacun de ces milieux poss\u00e8de sa propre faune. Ainsi, le lecteur d\u00e9couvrira le puffin, v\u00e9ritable albatros de nos latitudes, apprendra \u00e0 diff\u00e9rencier les m\u00e9duses, ou frissonnera en apprenant que le grand requin blanc croise parfois au large de la Corse...\r","authors":["Deffrennes Benoit"],"category_codes":["4000000","4010000","4010300","4010302"],"visuals":{"large":"https:\/\/images.epagine.fr\/492\/9782915031492_1_75.jpg","medium":"https:\/\/images.epagine.fr\/492\/9782915031492_1_m.jpg","thumbnail":"https:\/\/images.epagine.fr\/492\/9782915031492_1_v.jpg"},"orderable":true,"show_badge":true,"formatted_price":"20,29&nbsp;\u20ac","formatted_published_date":"25 mai 2009","publisher_availability_label":"Sur commande","short_details":"Deffrennes Benoit \u2014 Tetras","translator":null,"weight":450,"page_count":null,"readership":null,"editor":"Tetras","price":2029,"published_date":"2009-05-24T22:00:00.000000Z","support":"Grand format","publisher_availability":1,"stock":0,"editions":[],"url":"https:\/\/quaidesbrumes.com\/ouvrage\/9782915031492\/la-nature-en-bateau-tome-2-mediterranee"},{"id":"9782367176987","title":"Cultiver la relation enfant-nature ; de l'\u00e9loignement \u00e0 l'alliance","description":"Enfance et nature se conjuguent trop peu souvent ensemble.\r\nNos modes de vie et nos repr\u00e9sentations ont peu \u00e0 peu contribu\u00e9 \u00e0 cette dissociation. Sans l'avoir choisie, sans m\u00eame parfois en avoir vraiment conscience, nous autres - parents ou professionnels - cautionnons et favorisons une forme de \u00ab production d'enfants hors-sol \u00bb.\r\n \r\nCe faisant, nous les privons d'un espace de ressources, de plaisir et d'apprentissage. En outre, leur d\u00e9veloppement et leur bien-\u00eatre peuvent en \u00eatre impact\u00e9s. \u00c0 plus long terme, se pose la question de savoir comment ces citoyens en devenir pourront prot\u00e9ger demain une nature qui leur est \u00e9trang\u00e8re lorsqu'elle ne leur est pas pr\u00e9sent\u00e9e comme dangereuse. La situation \u00e9cologique impose pourtant que cette rencontre puisse exister. Sans en faire une nouvelle injonction, ni renoncer \u00e0 consid\u00e9rer la n\u00e9cessit\u00e9 de changements plus collectifs, il est possible d'\u00e9tayer notre positionnement en tant qu'adultes, dans la perspective de faire exister un peu plus la nature pour tous.\r\nCet ouvrage propose des ressources issues d'exp\u00e9riences et de terrains vari\u00e9s (petite enfance, \u00e9cole, cit\u00e9,...) Au b\u00e9n\u00e9fice de chacun et in fine de celui des enfants.\r\n \r\n \r\n\u00ab L'enjeu est, en m\u00eame temps, \u00e9ducatif et civilisationnel : nous n'avons plus vraiment le choix. Il nous faut aujourd'hui r\u00e9ussir \u00e0 \u00e9duquer nos enfants et \u00e0 sauver la plan\u00e8te. Ce livre nous montre pourquoi et comment, nous pouvons, nous devons, faire les deux ensemble. \u00bb.\r\nPhilippe Meirieu, p\u00e9dagogue\r","authors":["Anne-Louise Nesme","Dominique Cottereau"],"category_codes":["4000000","4010000","4010200"],"visuals":{"large":"https:\/\/images.epagine.fr\/987\/9782367176987_1_75.jpg","medium":"https:\/\/images.epagine.fr\/987\/9782367176987_1_m.jpg","thumbnail":"https:\/\/images.epagine.fr\/987\/9782367176987_1_v.jpg"},"orderable":true,"show_badge":true,"formatted_price":"12,90&nbsp;\u20ac","formatted_published_date":"11 juin 2020","publisher_availability_label":"Sur commande","short_details":"Anne-Louise Nesme, Dominique Cottereau \u2014 Chronique Sociale","translator":null,"weight":176,"page_count":120,"readership":null,"editor":"Chronique Sociale","price":1290,"published_date":"2020-06-10T22:00:00.000000Z","support":"Grand format","publisher_availability":1,"stock":0,"editions":[],"url":"https:\/\/quaidesbrumes.com\/ouvrage\/9782367176987\/cultiver-la-relation-enfant-nature-de-leloignement-a-lalliance"},{"id":"9791093860497","title":"Une course pour la plan\u00e8te ; le Vend\u00e9e Globe aux c\u00f4t\u00e9s de la science","description":"Dans le sillage du Vend\u00e9e Globe 2020, \u00e9preuve sportive hors norme d\u00e9sormais engag\u00e9e dans la sauvegarde des Oc\u00e9ans, ce livre propose les meilleures r\u00e9ponses de la science aux questions que tous les amoureux de la voile et de la mer (et les autres) se posent. Certains coureurs vont toujours plus loin en embarquant \u00e0 bord des dispositifs capables d\u00b4alimenter les scientifiques en donn\u00e9es indispensables sur les mers les plus isol\u00e9es du Globe : ce Grand Sud o\u00f9 trois oc\u00e9ans n\u00b4en forment qu\u00b4un seul, t\u00e9moin d\u00b4un Oc\u00e9an Primordial source du vivant et de son \u00e9volution. Ouvrage positif, il explore les solutions aux maux dont souffrent les oc\u00e9ans et qui se trouvent aussi dans les oc\u00e9ans eux-m\u00eames tout comme bien des perspectives d\u00b4une \u00e9conomie soutenable porteuse d\u00b4avenir. Une \u00e9conomie bleue, comme notre plan\u00e8te elle-m\u00eame. Jean-Pierre Pustienne, ancien r\u00e9dacteur en chef de la revue de r\u00e9f\u00e9rence Bateaux. Laura Damiola, journaliste, couvre notamment les grandes manifestations de la voile.\r","authors":["Laura Diamola","Jean-Pierre Pustienne"],"category_codes":["4000000","4010000","4010200","4010207"],"visuals":{"large":"https:\/\/images.epagine.fr\/497\/9791093860497_1_75.jpg","medium":"https:\/\/images.epagine.fr\/497\/9791093860497_1_m.jpg","thumbnail":"https:\/\/images.epagine.fr\/497\/9791093860497_1_v.jpg"},"orderable":true,"show_badge":true,"formatted_price":"16,90&nbsp;\u20ac","formatted_published_date":"27 octobre 2020","publisher_availability_label":"Sur commande","short_details":"Laura Diamola, Jean-Pierre Pustienne \u2014 Zeraq","translator":null,"weight":400,"page_count":112,"readership":null,"editor":"Zeraq","price":1690,"published_date":"2020-10-26T23:00:00.000000Z","support":"Grand format","publisher_availability":1,"stock":0,"editions":[],"url":"https:\/\/quaidesbrumes.com\/ouvrage\/9791093860497\/une-course-pour-la-planete-le-vendee-globe-aux-cotes-de-la-science"},{"id":"9782283032329","title":"Miscellan\u00e9es de ma plan\u00e8te ; tout sur le climat, la biodiversit\u00e9, les villes et un peu plus encore","description":"Savez-vous que 80 % de la population mondiale consomme des m\u00e9dicaments \u00e0 base de plantes ? Que le textile est l'une des industries les plus polluantes ? Que le r\u00e9chauffement climatique peut r\u00e9veiller certains virus qui s\u00e9vissaient au temps des mammouths ? Ou quelles sont les principales causes de la d\u00e9forestation ? Et pourquoi le gluten fait d\u00e9bat ?\r\nCet ouvrage r\u00e9unit plus de 200 chroniques, anecdotes surprenantes ou donn\u00e9es chiffr\u00e9es sur notre plan\u00e8te et son \u00e9quilibre \u00e9cologique. S\u00e9rieuses ou ludiques, scientifiques ou pratiques, utiles ou l\u00e9g\u00e8res, mais toujours instructives, scrupuleusement v\u00e9rifi\u00e9es et \u00e9tay\u00e9es, ces histoires se picorent au gr\u00e9 des envies. Et, \u00e0 travers la pr\u00e9sentation d'initiatives positives, elles r\u00e9v\u00e8lent autant de pistes pour lutter contre le d\u00e9sastre annonc\u00e9...\r","authors":["Jennifer Gall\u00e9","Dominique Bourg"],"category_codes":["4000000","4010000","4010200","4010207"],"visuals":{"large":"https:\/\/images.epagine.fr\/329\/9782283032329_1_75.jpg","medium":"https:\/\/images.epagine.fr\/329\/9782283032329_1_m.jpg","thumbnail":"https:\/\/images.epagine.fr\/329\/9782283032329_1_v.jpg"},"orderable":true,"show_badge":true,"formatted_price":"15,00&nbsp;\u20ac","formatted_published_date":"16 mai 2019","publisher_availability_label":"Sur commande","short_details":"Jennifer Gall\u00e9, Dominique Bourg \u2014 \u00c9ditions Buchet\/Chastel","translator":null,"weight":350,"page_count":144,"readership":null,"editor":"\u00c9ditions Buchet\/Chastel","price":1500,"published_date":"2019-05-15T22:00:00.000000Z","support":"Grand format","publisher_availability":1,"stock":0,"editions":[],"url":"https:\/\/quaidesbrumes.com\/ouvrage\/9782283032329\/miscellanees-de-ma-planete-tout-sur-le-climat-la-biodiversite-les-villes-et-un-peu-plus-encore"},{"id":"9782342154368","title":"Ar Gwilen; le fleuve jaune","description":"\u00ab Mais la d\u00e9livrance qui soulage fut encore plus douce \u00e0 la Terre... De sa naissance, la source ne s'en souviendra pas ! La source d\u00e9couvrit le ciel, barbota dans sa vase, clapota dans ses \u00e9cumes puis d'un grand coup de reins fila rapidement vers la vie dans un sillon \u00e0 peine entam\u00e9 et qu'elle devait continuer \u00e0 tracer... C'est ainsi que, dans les collines de Juvign\u00e9, un fleuve nouveau prit sa source. Une seule issue lui importait d\u00e9sormais, celle de la libert\u00e9 myst\u00e9rieuse et rebelle ! \u00bb De sa source \u00e0 l'oc\u00e9an, La Vilaine, dot\u00e9e d'un nom peu flatteur, vit, porteuse de r\u00e9volte et d'espoir, en revendiquant son droit \u00e0 la libert\u00e9. Au cours de ses m\u00e9andres, elle se rebelle, s'indigne et s'effarouche de la b\u00eatise humaine. Pour la demoiselle de Juvign\u00e9, \u00e0 laquelle il s'identifie, Beltram Carlo se fait po\u00e8te et compose le portrait d'Ar Gwilen comme une all\u00e9gorie, en hommage \u00e0 la fougue cristalline et myst\u00e9rieuse de ce cours d'eau devenu fleuve.\r","authors":["Beltram Carlo"],"category_codes":["4000000","4010000","4010200","4010207"],"visuals":{"large":"https:\/\/images.epagine.fr\/368\/9782342154368_1_75.jpg","medium":"https:\/\/images.epagine.fr\/368\/9782342154368_1_m.jpg","thumbnail":"https:\/\/images.epagine.fr\/368\/9782342154368_1_v.jpg"},"orderable":true,"show_badge":true,"formatted_price":"20,00&nbsp;\u20ac","formatted_published_date":"12 juillet 2017","publisher_availability_label":"Sur commande","short_details":"Beltram Carlo \u2014 Societe Des Ecrivains","translator":null,"weight":333,"page_count":222,"readership":null,"editor":"Societe Des Ecrivains","price":2000,"published_date":"2017-07-11T22:00:00.000000Z","support":"Grand format","publisher_availability":1,"stock":0,"editions":[],"url":"https:\/\/quaidesbrumes.com\/ouvrage\/9782342154368\/ar-gwilen-le-fleuve-jaune"},{"id":"9782100777204","title":"R\u00e9volution v\u00e9gane","description":"Scandale des abattoirs, pollutions diverses, explosion des maladies de civilisation..., depuis quelques ann\u00e9es, les mouvements militants d\u00e9non\u00e7ant l'exploitation des animaux prennent de l'ampleur et stimulent une r\u00e9flexion sur la l\u00e9gitimit\u00e9 de la consommation carn\u00e9e \u00e0 l'\u00e9chelle de la soci\u00e9t\u00e9 toute enti\u00e8re. Mais pourrait-on vraiment se passer de viande et de produits animaux ? Quels seraient les impacts sur la sant\u00e9, l'agriculture, l'\u00e9conomie, de la transition vers un monde v\u00e9gane ? Ce livre tente de r\u00e9pondre \u00e0 ces questions et dessine des pistes pour s'engager dans la construction d'un monde v\u00e9gane.\r","authors":["Elodie Vieille-blanchard","Matthieu Ricard"],"category_codes":["4000000","4010000","4010200"],"visuals":{"large":"https:\/\/images.epagine.fr\/204\/9782100777204_1_75.jpg","medium":"https:\/\/images.epagine.fr\/204\/9782100777204_1_m.jpg","thumbnail":"https:\/\/images.epagine.fr\/204\/9782100777204_1_v.jpg"},"orderable":true,"show_badge":true,"formatted_price":"18,90&nbsp;\u20ac","formatted_published_date":"19 septembre 2018","publisher_availability_label":"Sur commande","short_details":"Elodie Vieille-blanchard, Matthieu Ricard \u2014 Dunod","translator":null,"weight":270,"page_count":224,"readership":null,"editor":"Dunod","price":1890,"published_date":"2018-09-18T22:00:00.000000Z","support":"Grand format","publisher_availability":1,"stock":0,"editions":[],"url":"https:\/\/quaidesbrumes.com\/ouvrage\/9782100777204\/revolution-vegane"},{"id":"9782709927376","title":"Science et d\u00e9veloppement durable ; 75 ans de recherche au sud","description":"Cet ouvrage constitue l'une des multiples initiatives qui, tout au long de l'ann\u00e9e 2019, c\u00e9l\u00e8brent le 75e anniversaire de l'Institut de recherche pour le d\u00e9veloppement (IRD). Il pr\u00e9sente les contributions les plus significatives des recherches conduites par l'Institut et ses partenaires tant \u00e0 la science universelle qu'\u00e0 la pr\u00e9servation de l'environnement dans les pays en d\u00e9veloppement.","authors":["Collectif"],"category_codes":["4000000","4010000","4010200","4010204"],"visuals":{"large":"https:\/\/images.epagine.fr\/376\/9782709927376_1_75.jpg","medium":"https:\/\/images.epagine.fr\/376\/9782709927376_1_m.jpg","thumbnail":"https:\/\/images.epagine.fr\/376\/9782709927376_1_v.jpg"},"orderable":true,"show_badge":true,"formatted_price":"20,00&nbsp;\u20ac","formatted_published_date":"6 juillet 2019","publisher_availability_label":"Sur commande","short_details":"Collectif \u2014 IRD","translator":null,"weight":648,"page_count":224,"readership":"Tout public","editor":"IRD","price":2000,"published_date":"2019-07-05T22:00:00.000000Z","support":"Grand format","publisher_availability":1,"stock":0,"editions":[],"url":"https:\/\/quaidesbrumes.com\/ouvrage\/9782709927376\/science-et-developpement-durable-75-ans-de-recherche-au-sud"},{"id":"9782013966504","title":"Aventure & survie ; le guide pratique de l'extr\u00eame","description":"Apprenez \u00e0 survivre dans les conditions les plus extr\u00eames.\r\n\r\nLe meilleur guide de survie en toutes situations, sous tous les climats. Une \u00e9dition augment\u00e9e d'un chapitre in\u00e9dit sur les techniques de survie en milieu urbain. Faire un feu de camp, trouver \u00e0 se nourrir dans la nature, assurer sa s\u00e9curit\u00e9 en ville. Dans la jungle urbaine, en grande for\u00eat, dans le d\u00e9sert ou en pleine mer, soyez pr\u00eat \u00e0 tout.  \r\n\r\nPr\u00e9paration - R\u00e9unir le mat\u00e9riel de survie le plus complet et le plus efficace.  \r\nNavigation - Acqu\u00e9rir les techniques et les comp\u00e9tences pour faire face \u00e0 l'impr\u00e9vu.  \r\nAlimentation et sant\u00e9 - Trouver les ressources dans son environnement et se soigner.  \r\nS\u00e9curit\u00e9 en milieu urbain - Identifier les situations dangereuses, se d\u00e9fendre et sauver des vies.  \r\nSurvivre \u00e0 des catastrophes - R\u00e9agir dans des conditions extr\u00eames : inondations, feux de for\u00eats.  \r\n\r\nInclus : des \u00e9tudes de cas et des sc\u00e9narios catastrophes.","authors":["John Wiseman"],"category_codes":["4000000","4010000","4010500","4010507"],"visuals":{"large":"https:\/\/images.epagine.fr\/504\/9782013966504_1_75.jpg","medium":"https:\/\/images.epagine.fr\/504\/9782013966504_1_m.jpg","thumbnail":"https:\/\/images.epagine.fr\/504\/9782013966504_1_v.jpg"},"orderable":true,"show_badge":true,"formatted_price":"22,00&nbsp;\u20ac","formatted_published_date":"30 mars 2016","publisher_availability_label":"Sur commande","short_details":"John Wiseman \u2014 HACHETTE PRATIQUE","translator":null,"weight":870,"page_count":672,"readership":null,"editor":"HACHETTE PRATIQUE","price":2200,"published_date":"2016-03-29T22:00:00.000000Z","support":"Grand format","publisher_availability":1,"stock":0,"editions":[],"url":"https:\/\/quaidesbrumes.com\/ouvrage\/9782013966504\/aventure-survie-le-guide-pratique-de-lextreme"},{"id":"9782124657193","title":"R\u00e9silience climatique et biodiversit\u00e9 ; innovation, analyse et retour d'exp\u00e9rience","description":"Entreprises, collectivit\u00e9s, organismes et associations : tous ces acteurs impulsent un second souffle dans la dynamique urbaine pour \u00ab vivre autrement la ville \u00bb. La dimension locale est le terrain o\u00f9 prend racine la capacit\u00e9 d'agir des citoyens, et o\u00f9 se tissent des liens entre les diff\u00e9rentes structures politiques et sociales, au b\u00e9n\u00e9fice d'un mieux vivre dans un environnement respectueux de la nature. Le changement climatique, la perte de la biodiversit\u00e9, l'exclusion sociale, les d\u00e9s\u00e9quilibres \u00e9conomiques entre les territoires, autant d'enjeux qui ne peuvent trouver des r\u00e9ponses que dans une cr\u00e9ativit\u00e9 collective : innovation sociale, innovation technologique, innovation entrepreneuriale.\r\n- Comment les entreprises, les collectivit\u00e9s, les associations et les acteurs acad\u00e9miques entrent-ils en transition ?\r\n- Quelle est leur vision du changement climatique et de la perte de biodiversit\u00e9 ?\r\n- Les entreprises et les collectivit\u00e9s ont-elles modifi\u00e9 leurs mod\u00e8les \u00e9conomiques en coh\u00e9rence avec leurs engagements en faveur du climat et de la biodiversit\u00e9 ?\r\n- Sommes-nous face \u00e0 une nouvelle citoyennet\u00e9 \u00e9cologique qui appelle \u00e0 la responsabilit\u00e9 de tous et \u00e0 innover dans une dynamique de coop\u00e9ration, de co-construction ?\r\nC'est \u00e0 ces questions que veut r\u00e9pondre ce livre, en pr\u00e9sentant la contribution des acteurs dans la transition \u00e9cologique, \u00e9conomique et sociale. La premi\u00e8re partie du livre pr\u00e9sente le cadre g\u00e9n\u00e9ral de la transition, la seconde restitue les contributions des acteurs sous la forme de retours d'exp\u00e9rience.\r","authors":["Mich\u00e8le Champagne","Dominique Bourg"],"category_codes":["4000000","4010000","4010200","4010208"],"visuals":{"large":"https:\/\/images.epagine.fr\/193\/9782124657193_1_75.jpg","medium":"https:\/\/images.epagine.fr\/193\/9782124657193_1_m.jpg","thumbnail":"https:\/\/images.epagine.fr\/193\/9782124657193_1_v.jpg"},"orderable":true,"show_badge":true,"formatted_price":"23,00&nbsp;\u20ac","formatted_published_date":"24 octobre 2019","publisher_availability_label":"Sur commande","short_details":"Mich\u00e8le Champagne, Dominique Bourg \u2014 Afnor","translator":null,"weight":466,"page_count":240,"readership":null,"editor":"Afnor","price":2300,"published_date":"2019-10-23T22:00:00.000000Z","support":"Grand format","publisher_availability":1,"stock":0,"editions":[],"url":"https:\/\/quaidesbrumes.com\/ouvrage\/9782124657193\/resilience-climatique-et-biodiversite-innovation-analyse-et-retour-dexperience"},{"id":"9782354563738","title":"Le guide de l'innovation frugale ; les 6 principes cl\u00e9s pour faire mieux avec moins","description":"En plein essor mondial, l'innovation frugale est un mouvement \u00e9clair\u00e9 de cocr\u00e9ation de valeur qui r\u00e9pond \u00e0 l'urgence \u00e0 la fois \u00e9cologique et sociale. Il s'agit de d\u00e9velopper des produits et services de qualit\u00e9 abordables et durables qui ont un impact positif sur la plan\u00e8te, tout en consommant le moins de ressources possible. Le Guide de l'innovation frugale, le premier livre sur ce sujet, vous donnera les cl\u00e9s pour faire mieux avec moins gr\u00e2ce \u00e0 6 principes indispensables : 1. Engager et it\u00e9rer. 2. Booster l'agilit\u00e9. 3. Cr\u00e9er des solutions durables et r\u00e9g\u00e9n\u00e9ratrices. 4. Fa\u00e7onner le comportement client. 5. Cocr\u00e9er de la valeur avec les consom'acteurs. 6. Collaborer avec des partenaires innovants. Dans ce livre, \u00e9crit par les auteurs du best-seller L'Innovation Jugaad, vous trouverez plus de 50 cas inspirants d'entreprises pionni\u00e8res et des start-up r\u00e9volutionnaires qui vous pousseront \u00e0 l'action, que vous soyez dirigeant, manager, entrepreneur, ou salari\u00e9.  \u00ab Navi Radjou et Jaideep Prabhu d\u00e9montrent comment - et pourquoi - le concept d'innovation frugale a rapidement \u00e9volu\u00e9 d'un simple slogan des \u00e9coles de commerce \u00e0 un imp\u00e9ratif strat\u00e9gique pour toutes les entreprises.  L'innovation frugale est une id\u00e9e - et un livre - dont l'heure est venue. \u00bb Paul Polman, ancien PDG d'Unilever, et pr\u00e9sident d'ICC, de B Team,  et vice-pr\u00e9sident du Pacte Mondial des Nations Unies.\r","authors":["Jaideep Prabhu","Navi Radjou"],"category_codes":["4000000","4010000","4010200","4010208"],"visuals":{"large":"https:\/\/images.epagine.fr\/738\/9782354563738_1_75.jpg","medium":"https:\/\/images.epagine.fr\/738\/9782354563738_1_m.jpg","thumbnail":"https:\/\/images.epagine.fr\/738\/9782354563738_1_v.jpg"},"orderable":true,"show_badge":true,"formatted_price":"24,00&nbsp;\u20ac","formatted_published_date":"3 octobre 2019","publisher_availability_label":"Sur commande","short_details":"Jaideep Prabhu, Navi Radjou \u2014 Diateino","translator":null,"weight":642,"page_count":382,"readership":null,"editor":"Diateino","price":2400,"published_date":"2019-10-02T22:00:00.000000Z","support":"Grand format","publisher_availability":1,"stock":0,"editions":[],"url":"https:\/\/quaidesbrumes.com\/ouvrage\/9782354563738\/le-guide-de-linnovation-frugale-les-6-principes-cles-pour-faire-mieux-avec-moins"},{"id":"9782755643336","title":"M\u00e9t\u00e9o extr\u00eame ; au coeur des ph\u00e9nom\u00e8nes climatiques spectaculaires","description":"Dans cet ouvrage qui fait la part belle aux photos, Guillaume S\u00e9chet, m\u00e9t\u00e9orologue expert des ph\u00e9nom\u00e8nes climatiques extr\u00eames, nous plonge avec simplicit\u00e9 et clart\u00e9 au coeur des \u00e9v\u00e9nements m\u00e9t\u00e9o impressionnants.\r\n\r\n\u00c0 l'aide d'illustrations, d'infographies et de cartes, loin d'un jargon scientifique inadapt\u00e9 aux non-initi\u00e9s, l'auteur explique comment se forment les ph\u00e9nom\u00e8nes m\u00e9t\u00e9o extr\u00eames. Il d\u00e9taille l'activit\u00e9 et les records de chaque \u00e9v\u00e9nement m\u00e9t\u00e9o en France et dans le monde.\r\n\r\nUn livre passionnant et richement illustr\u00e9 pour enfin vraiment tout comprendre sur la m\u00e9t\u00e9o et les ph\u00e9nom\u00e8nes climatiques spectaculaires.","authors":["Guillaume S\u00e9chet","Laurent Romejko"],"category_codes":["4000000","4010000","4010300","4010303"],"visuals":{"large":"https:\/\/images.epagine.fr\/336\/9782755643336_1_75.jpg","medium":"https:\/\/images.epagine.fr\/336\/9782755643336_1_m.jpg","thumbnail":"https:\/\/images.epagine.fr\/336\/9782755643336_1_v.jpg"},"orderable":true,"show_badge":true,"formatted_price":"29,95&nbsp;\u20ac","formatted_published_date":"24 octobre 2019","publisher_availability_label":"Sur commande","short_details":"Guillaume S\u00e9chet, Laurent Romejko \u2014 Hugo Image","translator":null,"weight":1597,"page_count":216,"readership":null,"editor":"Hugo Image","price":2995,"published_date":"2019-10-23T22:00:00.000000Z","support":"Grand format","publisher_availability":1,"stock":0,"editions":[],"url":"https:\/\/quaidesbrumes.com\/ouvrage\/9782755643336\/meteo-extreme-au-coeur-des-phenomenes-climatiques-spectaculaires"},{"id":"9791093250090","title":"Politiques de la v\u00e9g\u00e9tation ; pratiques artistiques, strat\u00e9gies communautaires, agro\u00e9cologie","description":"Le livre Politiques de la V\u00e9g\u00e9tation. Pratiques artistiques, strat\u00e9gies communautaires, agro\u00e9cologie sous la direction de Marco Scotini veut constituer une g\u00e9n\u00e9alogie et un ensemble d'exp\u00e9riences \u00ab de pionnier \u00bb sur la rencontre de pratiques artistiques, activisme et production de l'espace : des rapports entre l'agriculture et les mouvements populaires \u00e0 la construction de communaut\u00e9s urbaines et rurales, jusque au r\u00f4le jou\u00e9 \u00e0 l'int\u00e9rieur des politiques coloniales. Artistes, activistes et th\u00e9oriciens se confrontent sur les pratiques esth\u00e9tiques et politiques en jeu, sur les rapports et l'usage poli- tique de ce qui d'habitude nous le pensons appartient au champ de la \u00ab nature \u00bb et de la biologie, exactement au moment de l'af- firmation du capitalisme financi\u00e8re et de la soi-disant green economy. Qu'est ce que la politique de la v\u00e9g\u00e9tation ? Les processus de transformation, comme par exemple le colonialisme, ont chang\u00e9 les soci\u00e9t\u00e9s humaines mais au m\u00eame temps les pratiques agricoles, les communaut\u00e9s, les forme du v\u00e9g\u00e9tal et du vivant. Dans la plupart de cas tout cela a comport\u00e9 un mouvement de soustractions d'espaces collectifs et de partage. Aujourd'hui on parle d'agri- culture urbaine, le Grand Prix de l'Urbanisme \u00e0 Fr\u00e9d\u00e9ric Bonnet (architecte-urbaniste) souligne l'urgence de prendre en compte des actions qui peuvent mettre en valeur une critique de l'urbanisation acc\u00e9l\u00e9r\u00e9e par des pratiques capable de recons- truire une politique de l'en-commun en ville \u00e0 partir de nouvelle formes d'agriculture et de citoyennet\u00e9.\r","authors":["Marco Scotini"],"category_codes":["4000000","4010000","4010200","4010203"],"visuals":{"large":"https:\/\/images.epagine.fr\/090\/9791093250090_1_75.jpg","medium":"https:\/\/images.epagine.fr\/090\/9791093250090_1_m.jpg","thumbnail":"https:\/\/images.epagine.fr\/090\/9791093250090_1_v.jpg"},"orderable":true,"show_badge":true,"formatted_price":"18,50&nbsp;\u20ac","formatted_published_date":"24 avril 2019","publisher_availability_label":"Sur commande","short_details":"Marco Scotini \u2014 Eterotopia","translator":null,"weight":350,"page_count":192,"readership":null,"editor":"Eterotopia","price":1850,"published_date":"2019-04-23T22:00:00.000000Z","support":"Grand format","publisher_availability":1,"stock":0,"editions":[],"url":"https:\/\/quaidesbrumes.com\/ouvrage\/9791093250090\/politiques-de-la-vegetation-pratiques-artistiques-strategies-communautaires-agroecologie"},{"id":"9781873665237","title":"Font bloc Tome 2 : Fontainebleau top secret","description":"Fontainebleau est le nom g\u00e9n\u00e9rique donn\u00e9 \u00e0 l'excellent site d'escalade de gr\u00e8s situ\u00e9 au Sud de Paris. Top Secret couvre une r\u00e9gion g\u00e9ographique bien plus large que Fun Bloc, avec Chamarade \u00e0 l'extr\u00eame Nord-Ouest et Troglodyte \u00e0 l'extr\u00eame Sud, au-del\u00e0 de Nemours. Tous situ\u00e9s \u00e0 une heure de route de Milly-la-For\u00eat\/Fontainebleau. Je suppose que les lecteurs auront soit lu l'introduction de Fun Bloc soit une bonne connaissance g\u00e9n\u00e9rale de ce site d'escalade.  \r\n \r\n J'ai sp\u00e9cifiquement fait de ce livre le deuxi\u00e8me volume sur FONTAINEBLEAU, incluant tous les sites importants (non couverts par Fun Bloc) avec un large nombre de blocs de haute qualit\u00e9 et suffisamment de voies pour faire de superbes circuits. Le nombre important de voies, les cartes et les photos-topos ainsi que le format devraient faire de ce topo un livre d'un excellent rapport qualit\u00e9\/prix et pratique \u00e0 emporter partout dans la for\u00eat.\r\n \r\n En dehors des 100 secteurs les plus connus, il y a des milliers de groupes de petits blocs dispers\u00e9s partout dans la for\u00eat - ce sont les endroits EXTRA SECRETS ! Ces blocs sont parfois d'une superbe qualit\u00e9 mais ils peuvent souvent \u00eatre tr\u00e8s sales. Vous passerez g\u00e9n\u00e9ralement plus de temps \u00e0 nettoyer la jungle qui entoure les blocs plut\u00f4t qu'\u00e0 grimper. Le c\u00f4t\u00e9 n\u00e9gatif de faire un bon guide d'escalade sur ces blocs dispers\u00e9s, est qu'il est n\u00e9cessaire de bien cartographier chaque voie ce qui en final constitue un guide assez encombrant \u00e0 emporter avec soi. C'est sans aucun doute dans ce cas pr\u00e9cis qu'un guide sp\u00e9cifique avec des cotations convient le mieux ou peut-\u00eatre que les lieux super secret doivent rester SUPER SECRET.\r\n \r\n CONCEPTION : Le design utilis\u00e9 dans ce livre est essentiellement le m\u00eame que dans FUN BLOC mais il y a tout de m\u00eame quelques nouveaut\u00e9s. Les circuits avec les points n'apparaissent plus sur les blocs, tous les probl\u00e8mes sont maintenant cod\u00e9s avec un gros point de couleur selon leurs difficult\u00e9s. Les points \u00e0 l'int\u00e9rieur des blocs indiquent un d\u00e9part debout et les points \u00e0 l'ext\u00e9rieur un d\u00e9part assis.\r\n \r\n Syst\u00e8me GAD: Gauche A Droite. Ce syst\u00e8me avait \u00e9t\u00e9 cr\u00e9\u00e9 en 2012 pour les s\u00e9ries France Roc et il permet de lister toutes les voies sur une falaise de gauche \u00e0 droite et d'ajouter des donn\u00e9es sp\u00e9cifiques en utilisant des lettres de l'alphabet. Cet index est donn\u00e9 \u00e0 la fin du livre. La majorit\u00e9 des auteurs de guide d'escalade et de ceux qui les utilisent aiment les symboles pour montrer des bras fatigu\u00e9s, des mouvements effrayants, etc..., cependant les lettres de l'alphabet peuvent \u00eatre beaucoup plus concises. Ce syst\u00e8me permet \u00e9galement pour une simple voie sur une carte d'\u00eatre facilement illustr\u00e9e par des lettres plut\u00f4t que par une phrase dans une seule langue.  Vous apprendrez rapidement quelles sont les lettres que vous aimez et celles que vous n'aimez pas. \r\n \r\n Crash Pads : Il semble ridicule de sugg\u00e9rer le nombre de crash pads \u00e0 utiliser (tout comme leur utilisation semblait ridicule lorsqu'ils sont apparus). Apr\u00e8s quelques ann\u00e9es ils sont devenus l'objet incontournable pour le bloc. L'id\u00e9e est simple, (1) pour un crash pad et (+) pour un pareur. Lorsque vous voyez un endroit avec beaucoup de blocs au sol et que dans le guide l'indication est (14++) alors vous savez \u00e0 quoi vous faites face !","authors":["Wobbly Jingo"],"category_codes":["4000000","4010000","4010500","4010503"],"visuals":{"large":"https:\/\/images.epagine.fr\/237\/9781873665237_1_75.jpg","medium":"https:\/\/images.epagine.fr\/237\/9781873665237_1_m.jpg","thumbnail":"https:\/\/images.epagine.fr\/237\/9781873665237_1_v.jpg"},"orderable":true,"show_badge":true,"formatted_price":"38,00&nbsp;\u20ac","formatted_published_date":"26 mars 2016","publisher_availability_label":"Sur commande","short_details":"Wobbly Jingo \u2014 Jingo Wobbly-Euroguides Editions","translator":null,"weight":630,"page_count":320,"readership":null,"editor":"Jingo Wobbly-Euroguides Editions","price":3800,"published_date":"2016-03-25T23:00:00.000000Z","support":"Grand format","publisher_availability":1,"stock":0,"editions":[],"url":"https:\/\/quaidesbrumes.com\/ouvrage\/9781873665237\/font-bloc-tome-2-fontainebleau-top-secret"},{"id":"9791093250342","title":"\u00c9cologie et libert\u00e9 ; du mouvement vert \u00e0 la guerre en Bosnie","description":"Au moment o\u00f9 les questions \u00e9cologiques et environnementales prenaient place dans la culture de masse et les politiques institutionnelles, Alexander Langer a propos\u00e9 une forme d'\u00e9cologie politique contredisant la rh\u00e9torique de la \u00ab d\u00e9croissance heureuse \u00bb. Il opposait un mouvement de \u00ab contraction \u00bb \u00e0 une certaine vision de l'\u00e9cologie qui laissait pr\u00e9sager le technicisme normatif qui arriva ensuite. Son parcours est souvent tax\u00e9 de \u00ab contradictoire \u00bb ; Langer traverse le christianisme social et les mouvements de la gauche militante en Italie entre la fin des ann\u00e9es soixante et les ann\u00e9es quatre-vingt dix. Dans ce contexte, l'\u00e9cologie politique de Langer se d\u00e9finit comme une \u00ab b\u00e2tisseuse de ponts \u00bb, comme recherche d'une politique de coexistence dans des ann\u00e9es de guerre. Face \u00e0 la sensation d'une catastrophe imminente, qui \u00e0 partir des probl\u00e9matiques environnementales s'int\u00e9grerait vite \u00e0 l'imaginaire de l'urgence de ce si\u00e8cle, la n\u00e9cessit\u00e9 de red\u00e9finir la sensibilit\u00e9 commune devait\r","authors":["Alexander Langer","Erri De Luca"],"category_codes":["4000000","4010000","4010200","4010203"],"visuals":{"large":"https:\/\/images.epagine.fr\/342\/9791093250342_1_75.jpg","medium":"https:\/\/images.epagine.fr\/342\/9791093250342_1_m.jpg","thumbnail":"https:\/\/images.epagine.fr\/342\/9791093250342_1_v.jpg"},"orderable":true,"show_badge":true,"formatted_price":"12,00&nbsp;\u20ac","formatted_published_date":"28 mai 2019","publisher_availability_label":"Sur commande","short_details":"Alexander Langer, Erri De Luca \u2014 Eterotopia","translator":null,"weight":170,"page_count":104,"readership":null,"editor":"Eterotopia","price":1200,"published_date":"2019-05-27T22:00:00.000000Z","support":"Grand format","publisher_availability":1,"stock":0,"editions":[],"url":"https:\/\/quaidesbrumes.com\/ouvrage\/9791093250342\/ecologie-et-liberte-du-mouvement-vert-a-la-guerre-en-bosnie"}]}