{"data":[{"id":"9782344042823","title":"Thellus, le Cycle de d'Eva Samas Tome 1","description":"Comment briser ses cha\u00eenes, quand on a pass\u00e9 sa vie dans les t\u00e9n\u00e8bres ?\r\n\r\n\u00c9lev\u00e9e dans les entrailles de la mine d'or de Kitum, Eva est pi\u00e9g\u00e9e dans un monde o\u00f9 la vieillesse n'existe pas car toute personne est ex\u00e9cut\u00e9e d\u00e8s son cinquanti\u00e8me anniversaire. Les Ma\u00eetres, tyrans de cet univers, envoient des chasseurs arm\u00e9s d'essenceurs, qui fusionnent le sang humain avec de l'or pur pour cr\u00e9er de l'Energite, un myst\u00e9rieux liquide essentiel \u00e0 leurs sombres desseins... La vie d'Eva prend un tournant dramatique lorsque Priol, son fr\u00e8re rebelle, affronte un chasseur venu extraire le sang d'un vieux mineur. Cet affrontement force Eva \u00e0 prendre la fuite avec son ami Molosso. Alors qu'ils errent dans le d\u00e9sert, leur p\u00e9riple les conduit directement dans les griffes du peuple du serpent, qui les emprisonne dans un fragment de l'Arche, le vaisseau spatial \u00e9chou\u00e9 des Ma\u00eetres. Cette merveille technologique ancienne, devenue prison, repose enfouie dans les profondeurs, pr\u00e8s d'une ville souterraine, apr\u00e8s s'\u00eatre \u00e9cras\u00e9e sur la plan\u00e8te mille ans auparavant. C'est l\u00e0 qu'Eva fait la rencontre d'un personnage de l\u00e9gende dont les r\u00e9v\u00e9lations vont changer \u00e0 jamais son destin.\r\nEntour\u00e9e de deux dessinateurs talentueux, Carlos G\u00f3mez et Laura Zuccheri, la sc\u00e9nariste Simona Mogavino signe une grande saga SF empreinte de mythologie, qui nous projette sur une plan\u00e8te inconnue. \u00c0 travers deux cycles de deux albums, nous suivons les deux destins parall\u00e8les de Kad-Moon et d'Eva Samas, qui sont vou\u00e9s \u00e0 se croiser dans un cinqui\u00e8me opus pour la r\u00e9v\u00e9lation finale ! Dans cette \u00e9pop\u00e9e captivante, Eva et Kad-Moon, se retrouvent au coeur d'une aventure initiatique extraordinaire qui va bouleverser l'ordre \u00e9tabli sur la Plan\u00e8te Thellus. Leur combat interroge les notions de bien et de mal, de domination et de libert\u00e9.  Un space opera \u00e9poustouflant \u00e0 ne pas manquer o\u00f9 la guerre, l'innovation et la nature sauvage s'entrem\u00ealent.","authors":["Simona Mogavino","Carlos Gomez"],"category_codes":["3000000","3020000","3020100","3020104"],"visuals":{"large":"https:\/\/images.epagine.fr\/823\/9782344042823_1_75.jpg","medium":"https:\/\/images.epagine.fr\/823\/9782344042823_1_m.jpg","thumbnail":"https:\/\/images.epagine.fr\/823\/9782344042823_1_v.jpg"},"orderable":true,"show_badge":true,"formatted_price":"15,50&nbsp;\u20ac","formatted_published_date":"2 mai 2024","publisher_availability_label":"Sur commande","short_details":"Simona Mogavino, Carlos Gomez \u2014 Gl\u00e9nat","translator":null,"weight":654,"page_count":56,"readership":null,"editor":"Gl\u00e9nat","price":1550,"published_date":"2024-05-01T22:00:00.000000Z","support":"Grand format","publisher_availability":1,"stock":0,"editions":[],"url":"https:\/\/quaidesbrumes.com\/ouvrage\/9782344042823\/thellus-le-cycle-de-deva-samas-tome-1"},{"id":"9791039117043","title":"City Hunter - perfect edition Tome 9","description":"Umibozu a besoin de City Hunter pour le sortir de l'embarras ! Sa prot\u00e9g\u00e9e Miki (qui est devenue une belle femme en plus d'\u00eatre une combattante redoutable) est d\u00e9termin\u00e9e \u00e0 l'\u00e9pouser. C'est un pari qui va r\u00e9gler le probl\u00e8me : si Miki parvient \u00e0 toucher Ryo avec une balle de peinture dans les sept prochains jours, elle \u00e9pousera Umibozu. Si elle \u00e9choue, elle devra renoncer \u00e0 ses noces. \r\nC'est ce moment que choisit la ravissante voleuse Kasumi Asou pour faire son retour. Elle a besoin des services de Ryo pour emp\u00eacher sa famille d'organiser un mariage arrang\u00e9 avec un autre c\u00e9l\u00e8bre cambrioleur. Mais le pr\u00e9tendant de Kasumi n'a pas l'intention de rester spectateur et va tout mettre en oeuvre pour tourmenter City Hunter. Bref ! Encore des journ\u00e9es mouvement\u00e9es en perspective pour notre tireur d'\u00e9lite !\r\n\r\n\r\nC'est en 1985 que Tsukasa Hojo imagine la s\u00e9rie City Hunter. C'est un succ\u00e8s mondial imm\u00e9diat ! Toujours cit\u00e9 parmi les mangas \u00e0 lire au moins une fois dans sa vie, il traverse les \u00e2ges et s\u00e9duit toutes les g\u00e9n\u00e9rations. Films, produits d\u00e9riv\u00e9s, spin-offs, anime... tout a \u00e9t\u00e9 fait avec ce monument de la culture japonaise ! Le dernier film en date consacr\u00e9 \u00e0 l'Etalon de Shinjuku, Nicky Larson de Philippe Lacheau, a g\u00e9n\u00e9r\u00e9 pr\u00e8s de 1.700.000 entr\u00e9es, montrant ainsi que le personnage suscite un v\u00e9ritable engouement en France.\r\nTsukasa Hojo a imagin\u00e9 une histoire qui m\u00eale habilement polar, com\u00e9die et drame. Cette Perfect Edition, dont la traduction a \u00e9t\u00e9 r\u00e9vis\u00e9e et qui contient deux tomes, est l'occasion pour Ryo Saeba de montrer qu'il n'a rien perdu de sa superbe.","authors":["Tsukasa Hojo"],"category_codes":["3000000","3040000","3040500","3040508"],"visuals":{"large":"https:\/\/images.epagine.fr\/043\/9791039117043_1_75.jpg","medium":"https:\/\/images.epagine.fr\/043\/9791039117043_1_m.jpg","thumbnail":"https:\/\/images.epagine.fr\/043\/9791039117043_1_v.jpg"},"orderable":true,"show_badge":true,"formatted_price":"16,99&nbsp;\u20ac","formatted_published_date":"15 novembre 2023","publisher_availability_label":"Sur commande","short_details":"Tsukasa Hojo \u2014 Panini","translator":null,"weight":628,"page_count":384,"readership":"\u00e0 partir de 14 ans","editor":"Panini","price":1699,"published_date":"2023-11-14T23:00:00.000000Z","support":"Grand format","publisher_availability":1,"stock":0,"editions":[],"url":"https:\/\/quaidesbrumes.com\/ouvrage\/9791039117043\/city-hunter-perfect-edition-tome-9"},{"id":"9782731649420","title":"M\u00e9tal Hurlant n.11 : Vacances m\u00e9talliques","description":"Un des buts de M\u00e9tal Hurlant a toujours \u00e9t\u00e9 d'aller le plus loin possible, au-del\u00e0 des fronti\u00e8res, qu'elles soient r\u00e9elles ou imaginaires. Ce num\u00e9ro 11 d\u00e9montre une fois de plus la pertinence de cette volont\u00e9, d'une part en poussant les diff\u00e9rents auteurs (trente-quatre !) \u00e0 nous montrer ce qui se passe quand ils franchissent les fronti\u00e8res de force, mais d'autre part, la r\u00e9daction de M\u00e9tal a mis un point d'honneur \u00e0 faire venir des auteurs d'au-del\u00e0 des fronti\u00e8res, puisque ce n'est pas moins de treize pays qui sont repr\u00e9sent\u00e9s.","authors":["Collectif"],"category_codes":["3000000","3020000","3020100","3020104"],"visuals":{"large":"https:\/\/images.epagine.fr\/420\/9782731649420_1_75.jpg","medium":"https:\/\/images.epagine.fr\/420\/9782731649420_1_m.jpg","thumbnail":"https:\/\/images.epagine.fr\/420\/9782731649420_1_v.jpg"},"orderable":true,"show_badge":true,"formatted_price":"19,95&nbsp;\u20ac","formatted_published_date":"22 mai 2024","publisher_availability_label":"Sur commande","short_details":"Collectif \u2014 Les Humano\u00efdes Associ\u00e9s","translator":null,"weight":644,"page_count":272,"readership":null,"editor":"Les Humano\u00efdes Associ\u00e9s","price":1995,"published_date":"2024-05-21T22:00:00.000000Z","support":"Revue","publisher_availability":1,"stock":0,"editions":[],"url":"https:\/\/quaidesbrumes.com\/ouvrage\/9782731649420\/metal-hurlant-n11-vacances-metalliques"},{"id":"9782925114178","title":"La m\u00e9duse","description":"Odette a une m\u00e9duse dans l'oeil, qu'elle seule peut voir.\r\nUne m\u00e9duse qui se multiplie.\r\n\r\nAvec un petit appartement \u00e0 elle seule, un emploi stable qui lui pla\u00eet et un b\u00e9guin pour une cliente de sa librairie, on pourrait croire qu'Odette a tout pour \u00eatre heureuse... mais une m\u00e9duse appara\u00eet dans son oeil et vient chambouler sa vie.\r\n\r\n\u00c0 la fois touchant et \u00e9touffant, La m\u00e9duse est un r\u00e9cit qui t\u00e9moigne de l'importance de prendre la main qui nous est tendue pour que les t\u00e9n\u00e8bres de la maladie et du deuil se dissipent enfin.","authors":["Boum"],"category_codes":["3000000","3020000","3020300"],"visuals":{"large":"https:\/\/images.epagine.fr\/178\/9782925114178_1_75.jpg","medium":"https:\/\/images.epagine.fr\/178\/9782925114178_1_m.jpg","thumbnail":"https:\/\/images.epagine.fr\/178\/9782925114178_1_v.jpg"},"orderable":true,"show_badge":true,"formatted_price":"22,00&nbsp;\u20ac","formatted_published_date":"17 mars 2023","publisher_availability_label":"Sur commande","short_details":"Boum \u2014 Pow Pow","translator":null,"weight":472,"page_count":228,"readership":null,"editor":"Pow Pow","price":2200,"published_date":"2023-03-16T23:00:00.000000Z","support":"Grand format","publisher_availability":1,"stock":0,"editions":[],"url":"https:\/\/quaidesbrumes.com\/ouvrage\/9782925114178\/la-meduse"},{"id":"9782344007334","title":"Tib et Tatoum Tome 3 : tout le monde sourit !","description":"Qui n'a jamais r\u00eav\u00e9 d'un dinosaure comme meilleur ami ?Tib est un petit gar\u00e7on et Tatoum un dinosaure, mais ce sont les meilleurs amis du monde ! Une amiti\u00e9 qui ne fait pas l'unanimit\u00e9... Alors que le clan refuse obstin\u00e9ment de voir une telle b\u00eate sauvage r\u00f4der dans les parages, Tatoum fait d\u00e9couvrir \u00e0 Tib une caverne secr\u00e8te dissimul\u00e9e derri\u00e8re une cascade : l'endroit id\u00e9al pour se retrouver incognito ! Pendant ce temps, la vie au clan est bien bouscul\u00e9e depuis que le tailleur de pierre s'en est pris une sur le coin de la t\u00eate. Pour rem\u00e9dier \u00e0 la situation, ils d\u00e9cident de faire appel au meilleur artisan de la r\u00e9gion, et quelle n'est pas leur surprise de d\u00e9couvrir qu'il s'agit en r\u00e9alit\u00e9... d'une jeune femme !D\u00e9couvrez le troisi\u00e8me tome des aventures du duo tendre et malicieux Tib & Tatoum au temps de l'\u00e2ge des cavernes ! Une nouvelle s\u00e9rie phare de Tch\u00f4! La collec', dont une adaptation en dessin anim\u00e9 est actuellement en cours de production !","authors":["Grimaldi","Bannister"],"category_codes":["3000000","3020000","3020200","3020211"],"visuals":{"large":"https:\/\/images.epagine.fr\/334\/9782344007334_1_75.jpg","medium":"https:\/\/images.epagine.fr\/334\/9782344007334_1_m.jpg","thumbnail":"https:\/\/images.epagine.fr\/334\/9782344007334_1_v.jpg"},"orderable":true,"show_badge":true,"formatted_price":"11,50&nbsp;\u20ac","formatted_published_date":"4 novembre 2015","publisher_availability_label":"Sur commande","short_details":"Grimaldi, Bannister \u2014 Gl\u00e9nat","translator":null,"weight":394,"page_count":48,"readership":null,"editor":"Gl\u00e9nat","price":1150,"published_date":"2015-11-03T23:00:00.000000Z","support":"Grand format","publisher_availability":1,"stock":0,"editions":[],"url":"https:\/\/quaidesbrumes.com\/ouvrage\/9782344007334\/tib-et-tatoum-tome-3-tout-le-monde-sourit"},{"id":"9782368529997","title":"Demon slave Tome 2","description":"Quand le sc\u00e9nariste de Red Eyes Sword donne le pouvoir aux femmes et encha\u00eene son h\u00e9ros !\r\nY\u00fbki Wakura, lyc\u00e9en, s'est perdu dans le Monde de Mato o\u00f9 il a \u00e9t\u00e9 sauv\u00e9 par Ky\u00f4ka Uzen, commandant du 7e escadron antid\u00e9mons. Celle-ci en a fait son esclave et le concierge de son Quartier G\u00e9n\u00e9ral.\r\n\r\n Le 7e escadron a rencontr\u00e9  Unicorne  le d\u00e9mon qui a an\u00e9anti le village de Ky\u00f4ka, alors qu'ils \u00e9taient en train de d\u00e9truire un nid de d\u00e9mons Sh\u00fbki. Mais Y\u00fbki est surtout intrigu\u00e9 par la personne qui chevauche  Unicorne  et qui semble lui rappeler quelqu'un...","authors":["Takahiro","Yohei Takemura","Pierre Giner"],"category_codes":["3000000","3040000","3040500","3040508"],"visuals":{"large":"https:\/\/images.epagine.fr\/997\/9782368529997_1_75.jpg","medium":"https:\/\/images.epagine.fr\/997\/9782368529997_1_m.jpg","thumbnail":"https:\/\/images.epagine.fr\/997\/9782368529997_1_v.jpg"},"orderable":true,"show_badge":true,"formatted_price":"7,30&nbsp;\u20ac","formatted_published_date":"8 avril 2021","publisher_availability_label":"Sur commande","short_details":"Takahiro, Yohei Takemura, Pierre Giner \u2014 Kurokawa","translator":"PIERRE GINER","weight":156,"page_count":194,"readership":"\u00e0 partir de 12 ANS","editor":"Kurokawa","price":730,"published_date":"2021-04-07T22:00:00.000000Z","support":"Poche","publisher_availability":1,"stock":0,"editions":[],"url":"https:\/\/quaidesbrumes.com\/ouvrage\/9782368529997\/demon-slave-tome-2"},{"id":"9791042014230","title":"Kemono incidents Tome 1","description":"Une s\u00e9rie qui dynamite les codes du r\u00e9cit fantastique en le pla\u00e7ant dans un contexte urbain et contemporain.\r\nDepuis la nuit des temps, des cr\u00e9atures de l\u00e9gende appel\u00e9es Kemono vivent cach\u00e9es des hommes. Avec l'expansion de la civilisation humaine, ils ont \u00e9t\u00e9 chass\u00e9s de leur habitat naturel et leur existence est d\u00e9sormais menac\u00e9e. De ces contacts sont n\u00e9s des hybrides de sang-m\u00eal\u00e9 comme Kaban\u00e9, un jeune gar\u00e7on mi-goule, mi-humain. Abandonn\u00e9 par ses parents, il m\u00e8ne une vie paisible dans un village perdu au fond des montagnes. Mais lorsqu'une s\u00e9rie de crimes atroces survient, un d\u00e9tective de Tokyo est appel\u00e9 pour enqu\u00eater...","authors":["Sh\u00f4 Aimoto"],"category_codes":["3000000","3040000","3040500","3040508"],"visuals":{"large":"https:\/\/images.epagine.fr\/230\/9791042014230_1_75.jpg","medium":"https:\/\/images.epagine.fr\/230\/9791042014230_1_m.jpg","thumbnail":"https:\/\/images.epagine.fr\/230\/9791042014230_1_v.jpg"},"orderable":true,"show_badge":true,"formatted_price":"3,00&nbsp;\u20ac","formatted_published_date":"7 mai 2024","publisher_availability_label":"Sur commande","short_details":"Sh\u00f4 Aimoto \u2014 Kurokawa","translator":null,"weight":158,"page_count":192,"readership":"\u00e0 partir de 10 ANS","editor":"Kurokawa","price":300,"published_date":"2024-05-06T22:00:00.000000Z","support":"Poche","publisher_availability":1,"stock":0,"editions":[],"url":"https:\/\/quaidesbrumes.com\/ouvrage\/9791042014230\/kemono-incidents-tome-1"},{"id":"9782344060520","title":"Rave Tome 12","description":"Haru et ses amis se rendent \u00e0 Ribeyla, le village de la danse, dans l'id\u00e9e d'empocher la r\u00e9compense offerte aux vainqueurs d'un concours de danse\u00a0! Ils n'avaient pas pr\u00e9vu d'y croiser des membres de Demon Card ainsi qu'une tueuse de l'arm\u00e9e de la lib\u00e9ration\u00a0!! Alors que beaucoup de sentiments contradictoires s'entrecroisent, la danse miraculeuse d'Elie, qui \u00e9voque celle de Resha, envo\u00fbte tous les spectateurs... Au m\u00eame moment, Hardner le bourreau des airs attaque le village \u00e0 la t\u00eate de son organisation criminelle, les Blue Guardians\u00a0! Leur cible n'est autre qu'Elie et plus pr\u00e9cis\u00e9ment son pouvoir, l'Aetherion\u00a0!! Pour contrer ce nouvel ennemi, Haru et sa bande s'introduisent dans le vaisseau des Blue Guardians...","authors":["Hiro Mashima"],"category_codes":["3000000","3040000","3040500","3040508"],"visuals":{"large":"https:\/\/images.epagine.fr\/520\/9782344060520_1_75.jpg","medium":"https:\/\/images.epagine.fr\/520\/9782344060520_1_m.jpg","thumbnail":"https:\/\/images.epagine.fr\/520\/9782344060520_1_v.jpg"},"orderable":true,"show_badge":true,"formatted_price":"14,95&nbsp;\u20ac","formatted_published_date":"4 mars 2026","publisher_availability_label":"Sur commande","short_details":"Hiro Mashima \u2014 Gl\u00e9nat","translator":null,"weight":568,"page_count":384,"readership":"\u00e0 partir de 10 ANS","editor":"Gl\u00e9nat","price":1495,"published_date":"2026-03-03T23:00:00.000000Z","support":"Grand format","publisher_availability":1,"stock":0,"editions":["9782723445092"],"url":"https:\/\/quaidesbrumes.com\/ouvrage\/9782344060520\/rave-tome-12"},{"id":"9782373497359","title":"Star Wars - \u00e9toiles perdues Tome 1","description":"L'Alliance Rebelle vient d'\u00e9vacuer sa base sur la plan\u00e8te Hoth. Et c'est ici que le pilote Thane Kyrell se souvient... Quatorze ans auparavant, la plan\u00e8te Jelucan est annex\u00e9e par l'Empire Galactique. Thane, issu de la seconde vague de colons, rencontre ce jour-l\u00e0 Ciena Ree, une jeune fille issue de la premi\u00e8re. Ces enfants que tout aurait d\u00fb s\u00e9parer partagent un m\u00eame r\u00eave : entrer dans l'arm\u00e9e Imp\u00e9riale pour voler dans l'espace infini. Admis dans la prestigieuse Acad\u00e9mie Royale, cadets brillants, ils sont en bonne voie pour r\u00e9aliser leur r\u00eave commun. Cependant, \u00e0 mesure que leur amiti\u00e9 complice \u00e9volue en des sentiments plus profonds, ils sont bient\u00f4t confront\u00e9s au c\u00f4t\u00e9 obscur de l'Empire et \u00e0 la guerre qui les s\u00e9pare. Mais parfois, le destin finit par r\u00e9unir les \u00e9toiles contraires...","authors":["Claudia Gray","Yusaku Komiyama"],"category_codes":["3000000","3040000","3040500","3040503"],"visuals":{"large":"https:\/\/images.epagine.fr\/359\/9782373497359_1_75.jpg","medium":"https:\/\/images.epagine.fr\/359\/9782373497359_1_m.jpg","thumbnail":"https:\/\/images.epagine.fr\/359\/9782373497359_1_v.jpg"},"orderable":true,"show_badge":true,"formatted_price":"8,50&nbsp;\u20ac","formatted_published_date":"4 mai 2022","publisher_availability_label":"Sur commande","short_details":"Claudia Gray, Yusaku Komiyama \u2014 Nobi Nobi","translator":null,"weight":262,"page_count":256,"readership":"\u00e0 partir de 12 ANS","editor":"Nobi Nobi","price":850,"published_date":"2022-05-03T22:00:00.000000Z","support":"Poche","publisher_availability":1,"stock":0,"editions":[],"url":"https:\/\/quaidesbrumes.com\/ouvrage\/9782373497359\/star-wars-etoiles-perdues-tome-1"},{"id":"9791041112883","title":"Brave Bell Tome 5","description":"Entre le coeur et la justice, les desseins d'un fils de yakuza. LL vs BB & SS ! L'heure du combat a sonn\u00e9 !Alors que la Legal Laught Asuka a d\u00e9cim\u00e9 la section\u00a01 de Shirogane Safety avec son Divinferno  Bombe , des \u00c9veill\u00e9s \u00e0 la Surpuissance passent \u00e9galement \u00e0 l'attaque. Shirahime intervient en personne et Ry\u00fbsei tente une attaque-surprise, mais ils ne parviennent pas \u00e0 prendre l'avantage. Apr\u00e8s avoir d\u00e9couvert le secret du Divinferno  Bombe , S\u00f4ji se lance dans la bataille avec Akuri. Mais l'ennemi ne tarde pas \u00e0 passer \u00e0 la phase suivante de son plan... Un utilisateur de Divinfernos \u00e0 la puissance hors-norme passe \u00e0 l'action. \u00c7a va chauffer !","authors":["Meeb","Okane"],"category_codes":["3000000","3040000","3040500","3040508"],"visuals":{"large":"https:\/\/images.epagine.fr\/883\/9791041112883_1_75.jpg","medium":"https:\/\/images.epagine.fr\/883\/9791041112883_1_m.jpg","thumbnail":"https:\/\/images.epagine.fr\/883\/9791041112883_1_v.jpg"},"orderable":true,"show_badge":true,"formatted_price":"7,95&nbsp;\u20ac","formatted_published_date":"5 novembre 2025","publisher_availability_label":"Sur commande","short_details":"Meeb, Okane \u2014 Bamboo","translator":null,"weight":182,"page_count":192,"readership":"\u00e0 partir de 12 ANS","editor":"Bamboo","price":795,"published_date":"2025-11-04T23:00:00.000000Z","support":"Poche","publisher_availability":1,"stock":0,"editions":[],"url":"https:\/\/quaidesbrumes.com\/ouvrage\/9791041112883\/brave-bell-tome-5"},{"id":"9782382127742","title":"Fends le vent ! Tome 3","description":"Avec Fends le vent !, suivez le parcours d'un lyc\u00e9en qui, suite \u00e0 une amputation de sa jambe, va se lancer dans une course contre la montre pour tenter de participer aux Jeux Paralympiques de Tokyo !\r\nAlors qu'il cherche \u00e0 \u00e9claircir la nature de la relation qui unit Chidori \u00e0 Susumu D\u00f4jima, le c\u00e9l\u00e8bre athl\u00e8te paralympique, Kikuzato en apprend davantage sur le pass\u00e9 de son orthoproth\u00e9siste. Peu de temps apr\u00e8s, l'adolescent se dispute violemment avec Take, son ancien meilleur ami et co\u00e9quipier. C'est \u00e0 ce moment-l\u00e0 que la pand\u00e9mie de COVID-19 vient faire obstacle \u00e0 ses ambitions... mais il en faudra plus pour couper Kikuzato dans son \u00e9lan !","authors":["Wataru Midori"],"category_codes":["3000000","3040000","3040600","3040611"],"visuals":{"large":"https:\/\/images.epagine.fr\/742\/9782382127742_1_75.jpg","medium":"https:\/\/images.epagine.fr\/742\/9782382127742_1_m.jpg","thumbnail":"https:\/\/images.epagine.fr\/742\/9782382127742_1_v.jpg"},"orderable":true,"show_badge":true,"formatted_price":"8,05&nbsp;\u20ac","formatted_published_date":"23 mai 2024","publisher_availability_label":"Sur commande","short_details":"Wataru Midori \u2014 Akata","translator":null,"weight":170,"page_count":153,"readership":"\u00e0 partir de 14 ans","editor":"Akata","price":805,"published_date":"2024-05-22T22:00:00.000000Z","support":"Poche","publisher_availability":1,"stock":0,"editions":[],"url":"https:\/\/quaidesbrumes.com\/ouvrage\/9782382127742\/fends-le-vent-tome-3"},{"id":"9782377845620","title":"Berserk : \u00e0 l'encre des t\u00e9n\u00e8bres","description":"Pour f\u00eater son 10\u00e8me anniversaire, Third \u00c9ditions revisite ses plus grands succ\u00e8s et propose une toute nouvelle \u00e9dition de quatre de ses livres les plus embl\u00e9matiques. Format \u00e9tendu, contenu mis \u00e0 jour et nouvelle illustration de couverture viennent agr\u00e9menter ce tirage limit\u00e9 exceptionnel.\r\n\r\n\r\n\r\nBerserk n'est pas seulement un r\u00e9cit d'aventure, c'est une oeuvre artistique, philosophique, symbolique, une ode aux t\u00e9n\u00e8bres de la nature humaine, une d\u00e9claration d'amour \u00e0 l'imaginaire. Dans cet ouvrage, Quentin Bo\u00ebton s'attache \u00e0 braver les confins du Midland pour analyser chaque d\u00e9tail de cette oeuvre : ses personnages, son histoire, ses th\u00e9matiques et ses secrets.","authors":["Quentin Bo\u00ebton"],"category_codes":["3000000","3010000","3010500"],"visuals":{"large":"https:\/\/images.epagine.fr\/620\/9782377845620_1_75.jpg","medium":"https:\/\/images.epagine.fr\/620\/9782377845620_1_m.jpg","thumbnail":"https:\/\/images.epagine.fr\/620\/9782377845620_1_v.jpg"},"orderable":true,"show_badge":true,"formatted_price":"24,90&nbsp;\u20ac","formatted_published_date":"13 novembre 2025","publisher_availability_label":"Sur commande","short_details":"Quentin Bo\u00ebton \u2014 Third Editions","translator":null,"weight":1136,"page_count":222,"readership":null,"editor":"Third Editions","price":2490,"published_date":"2025-11-12T23:00:00.000000Z","support":"Grand format","publisher_availability":1,"stock":0,"editions":["9782377841066"],"url":"https:\/\/quaidesbrumes.com\/ouvrage\/9782377845620\/berserk-a-lencre-des-tenebres"},{"id":"9782494300262","title":"Day Off Tome 2","description":"Quand ton regard croise le mien, une m\u00e9lodie na\u00eet dans mon c\u00c5'ur.  Le spectacle de l'entreprise approche, et cette ann\u00e9e, c'est au tour des chefs de monter sur sc\u00e8ne. Pas de chance pour Shi Chunlei, directeur adjoint et fr\u00e8re de Shi Dongyun, qui pioche le num\u00e9ro qu'il redoutait le plus\u00e2E\u02c6 : le chant. Pour ce p\u00e8re c\u00e9libataire marqu\u00e9 par les \u00e9preuves de la vie, cette repr\u00e9sentation semble insurmontable\u00e2E\u00a6 jusqu'\u00e0 ce qu'une lueur d'espoir apparaisse en la personne de Lin Shi, le nouveau stagiaire, membre d'un groupede musique...","authors":["Dailygreens"],"category_codes":["3000000","3040000","3040800","3040809"],"visuals":{"large":"https:\/\/images.epagine.fr\/262\/9782494300262_1_75.jpg","medium":"https:\/\/images.epagine.fr\/262\/9782494300262_1_m.jpg","thumbnail":"https:\/\/images.epagine.fr\/262\/9782494300262_1_v.jpg"},"orderable":true,"show_badge":true,"formatted_price":"11,95&nbsp;\u20ac","formatted_published_date":"6 f\u00e9vrier 2026","publisher_availability_label":"Sur commande","short_details":"Dailygreens \u2014 Komogi","translator":null,"weight":400,"page_count":280,"readership":"\u00e0 partir de 14 ans","editor":"Komogi","price":1195,"published_date":"2026-02-05T23:00:00.000000Z","support":"Poche","publisher_availability":1,"stock":0,"editions":[],"url":"https:\/\/quaidesbrumes.com\/ouvrage\/9782494300262\/day-off-tome-2"},{"id":"9782822244657","title":"Druydesses Tome 2 : Les guerri\u00e8res de l'\u00e9t\u00e9","description":"Une com\u00e9die d'aventure dans un univers fantasy, par les auteurs de Ayati?.\r\nLa for\u00eat br\u00fble !\r\nTous les druides puisent dans leurs pouvoirs pour stopper les flammes.\r\nMais la t\u00e2che est \u00e9puisante et, pour r\u00e9ussir, il faut se relayer.\r\nLes druydesses partent se reposer, mais leur d\u00e9tente est de courte dur\u00e9e.\r\nEn effet, Melgant, un membre du Cercle du Ch\u00eane r\u00e9cemment disparu, r\u00e9appara\u00eet.\r\nEt on assigne Ambre, Gwen et Morgane \u00e0 l'escorter dans sa mission de reconnaissance pour retrouver ses pairs.\r\nToutefois, les druydesses ont des doutes sur Melgant.\r\nPourquoi est-il le seul \u00e0 avoir r\u00e9ussi \u00e0 fuir ? Quel secret cache-t-il ?","authors":["Fabien Fernandez","Sandra Violeau"],"category_codes":["3000000","3020000","3020200","3020206"],"visuals":{"large":"https:\/\/images.epagine.fr\/657\/9782822244657_1_75.jpg","medium":"https:\/\/images.epagine.fr\/657\/9782822244657_1_m.jpg","thumbnail":"https:\/\/images.epagine.fr\/657\/9782822244657_1_v.jpg"},"orderable":true,"show_badge":true,"formatted_price":"14,95&nbsp;\u20ac","formatted_published_date":"19 mars 2026","publisher_availability_label":"Sur commande","short_details":"Fabien Fernandez, Sandra Violeau \u2014 \u00c9ditions Jungle","translator":null,"weight":476,"page_count":56,"readership":null,"editor":"\u00c9ditions Jungle","price":1495,"published_date":"2026-03-18T23:00:00.000000Z","support":"Grand format","publisher_availability":1,"stock":0,"editions":[],"url":"https:\/\/quaidesbrumes.com\/ouvrage\/9782822244657\/druydesses-tome-2-les-guerrieres-de-lete"},{"id":"9782365772068","title":"Batman Tome 2 : la nuit des hiboux","description":"La Cour des Hiboux prend son envol, et la nuit \u00e0 venir pourrait bien signer la mort de Gotham City elle-m\u00eame. Lanc\u00e9s depuis les hauteurs de la ville, les Ergots, \u00e9missaires assassins de la Cour, ont pour mission de mettre \u00e0 mort les personnalit\u00e9s les plus progressistes de la cit\u00e9, laissant \u00e0 leurs ma\u00eetres le champ libre pour \u00e9tendre leur emprise. Les prochains noms sur leur liste ? Lincoln March et Bruce Wayne.","authors":["Greg Capullo","Scott Snyder"],"category_codes":["3000000","3030000","3030400"],"visuals":{"large":"https:\/\/images.epagine.fr\/068\/9782365772068_1_75.jpg","medium":"https:\/\/images.epagine.fr\/068\/9782365772068_1_m.jpg","thumbnail":"https:\/\/images.epagine.fr\/068\/9782365772068_1_v.jpg"},"orderable":true,"show_badge":true,"formatted_price":"22,50&nbsp;\u20ac","formatted_published_date":"11 avril 2013","publisher_availability_label":"Sur commande","short_details":"Greg Capullo, Scott Snyder \u2014 Urban Comics","translator":null,"weight":720,"page_count":208,"readership":"\u00e0 partir de 12 ANS","editor":"Urban Comics","price":2250,"published_date":"2013-04-10T22:00:00.000000Z","support":"Grand format","publisher_availability":1,"stock":0,"editions":[],"url":"https:\/\/quaidesbrumes.com\/ouvrage\/9782365772068\/batman-tome-2-la-nuit-des-hiboux"},{"id":"9791026814689","title":"Something is killing the children Tome 6 : The girl and the Hurricane","description":"Erica Slaughter pensait-elle vraiment pouvoir se d\u00e9tourner si facilement de l'Ordre de Saint-Georges et rompre le pacte de sang qui la liait \u00e0 sa famille d'adoption ? Une chose est s\u00fbre, le Vieux Dragon a bien l'intention d'\u00e9liminer cet agent ren\u00e9gat en envoyant \u00e0 ses trousses sa plus impitoyable chasseuse. Apr\u00e8s s'\u00eatre d\u00e9barrass\u00e9e de Big Gary, l'ultime alli\u00e9 d'Erica, Miss Cutter est d\u00e9sormais en route pour Tribulation, Nouveau Mexique. Que la traque commence.","authors":["James Tynion IV","Werther Dell'Edera"],"category_codes":["3000000","3030000","3030700","3030705"],"visuals":{"large":"https:\/\/images.epagine.fr\/689\/9791026814689_1_75.jpg","medium":"https:\/\/images.epagine.fr\/689\/9791026814689_1_m.jpg","thumbnail":"https:\/\/images.epagine.fr\/689\/9791026814689_1_v.jpg"},"orderable":true,"show_badge":true,"formatted_price":"18,50&nbsp;\u20ac","formatted_published_date":"7 juillet 2023","publisher_availability_label":"Sur commande","short_details":"James Tynion IV, Werther Dell'Edera \u2014 Urban Comics","translator":null,"weight":550,"page_count":144,"readership":"\u00e0 partir de 15 ans","editor":"Urban Comics","price":1850,"published_date":"2023-07-06T22:00:00.000000Z","support":"Grand format","publisher_availability":1,"stock":0,"editions":[],"url":"https:\/\/quaidesbrumes.com\/ouvrage\/9791026814689\/something-is-killing-the-children-tome-6-the-girl-and-the-hurricane"},{"id":"9791026821946","title":"Le mythe de l'ossuaire : le passage","description":"Lorsqu'un g\u00e9ologue se rend dans un phare isol\u00e9 en pleine mer pour enqu\u00eater sur un ph\u00e9nom\u00e8ne \u00e9trange, il d\u00e9couvre un puits d'apparence sans fond, apparu \u00e0 m\u00eame la falaise. \u00c0 lui de d\u00e9couvrir ce qui s'y cache, et pourquoi cet ab\u00eeme \u00e0 une telle emprise sur lui...","authors":["Jeff Lemire","Andrea Sorrentino"],"category_codes":["3000000","3020000","3020100","3020106"],"visuals":{"large":"https:\/\/images.epagine.fr\/946\/9791026821946_1_75.jpg","medium":"https:\/\/images.epagine.fr\/946\/9791026821946_1_m.jpg","thumbnail":"https:\/\/images.epagine.fr\/946\/9791026821946_1_v.jpg"},"orderable":true,"show_badge":true,"formatted_price":"20,50&nbsp;\u20ac","formatted_published_date":"21 avril 2023","publisher_availability_label":"Sur commande","short_details":"Jeff Lemire, Andrea Sorrentino \u2014 Urban Comics","translator":null,"weight":884,"page_count":128,"readership":null,"editor":"Urban Comics","price":2050,"published_date":"2023-04-20T22:00:00.000000Z","support":"Grand format","publisher_availability":1,"stock":0,"editions":[],"url":"https:\/\/quaidesbrumes.com\/ouvrage\/9791026821946\/le-mythe-de-lossuaire-le-passage"},{"id":"9791026823872","title":"Something is killing the children Tome 5 : The road to tribulation","description":"Il y a des traumatismes dont on peine \u00e0 se relever, d'autres qui r\u00e9veillent en nous une force insoup\u00e7onn\u00e9e. Erica Slaughter est fait de ce bois-l\u00e0, meurtrie par le sceau du deuil, atteinte dans sa chair par des cr\u00e9atures dont elle n'aurait jamais soup\u00e7onn\u00e9 l'existence ? m\u00eame dans ses pires cauchemars. Un an apr\u00e8s avoir quitt\u00e9 pr\u00e9cipitamment Archer's Peak, la voil\u00e0 de retour, bien d\u00e9cid\u00e9e \u00e0 r\u00e9gler ses comptes avec la Loge du Massacre, mais surtout avec un tout nouveau type de monstre.","authors":["James Tynion IV","Werther Dell'Edera"],"category_codes":["3000000","3030000","3030700","3030705"],"visuals":{"large":"https:\/\/images.epagine.fr\/872\/9791026823872_1_75.jpg","medium":"https:\/\/images.epagine.fr\/872\/9791026823872_1_m.jpg","thumbnail":"https:\/\/images.epagine.fr\/872\/9791026823872_1_v.jpg"},"orderable":true,"show_badge":true,"formatted_price":"18,50&nbsp;\u20ac","formatted_published_date":"27 janvier 2023","publisher_availability_label":"Sur commande","short_details":"James Tynion IV, Werther Dell'Edera \u2014 Urban Comics","translator":null,"weight":343,"page_count":144,"readership":"\u00e0 partir de 15 ans","editor":"Urban Comics","price":1850,"published_date":"2023-01-26T23:00:00.000000Z","support":"Grand format","publisher_availability":1,"stock":0,"editions":[],"url":"https:\/\/quaidesbrumes.com\/ouvrage\/9791026823872\/something-is-killing-the-children-tome-5-the-road-to-tribulation"},{"id":"9782357961029","title":"Quand j'ai froid","description":"C'est l'hiver. Louise m\u00e8ne un quotidien calme, un peu solitaire et rythm\u00e9 essentiellement par ses \u00e9tudes. Un jour, frissonnante, elle rencontre sa voisine d'immeuble, une petite mamie qui a la bougeotte, le sourire aux l\u00e8vres et une myriade d'histoires \u00e0 raconter. Des histoires de patins \u00e0 glace et d'\u00e9charpes r\u00e9confortantes, des histoires de fleurs symboliques et de grand amour, des histoires de v\u00e9lo et d'enfant qui grandit...\r\nMois apr\u00e8s mois, saison apr\u00e8s saison, les deux femmes partagent de doux moments pr\u00e9sents et des souvenirs pass\u00e9s, des souvenirs n\u00e9anmoins de moins en moins pr\u00e9cis...","authors":["Valentine Choquet"],"category_codes":["3000000","3020000","3020300","3020302"],"visuals":{"large":"https:\/\/images.epagine.fr\/029\/9782357961029_1_75.jpg","medium":"https:\/\/images.epagine.fr\/029\/9782357961029_1_m.jpg","thumbnail":"https:\/\/images.epagine.fr\/029\/9782357961029_1_v.jpg"},"orderable":true,"show_badge":true,"formatted_price":"19,70&nbsp;\u20ac","formatted_published_date":"8 mars 2024","publisher_availability_label":"Sur commande","short_details":"Valentine Choquet \u2014 Les \u00c9ditions de la Goutti\u00e8re","translator":null,"weight":944,"page_count":216,"readership":null,"editor":"Les \u00c9ditions de la Goutti\u00e8re","price":1970,"published_date":"2024-03-07T23:00:00.000000Z","support":"Grand format","publisher_availability":1,"stock":0,"editions":[],"url":"https:\/\/quaidesbrumes.com\/ouvrage\/9782357961029\/quand-jai-froid"},{"id":"9782344056950","title":"Kuro Tome 1","description":"Le petit chat noir comme de la suie.Coco est une petite fille qui vit dans un manoir avec son chat noir Kuro. Un jour, Kuro s'enfuit de la maison. Quand il revient, il est toujours aussi joueur, affectueux et c\u00e2lin... mais pourtant, quelque chose semble diff\u00e9rent en lui. Serait-ce \u00e0 cause de ses petits crocs ac\u00e9r\u00e9s ? Ou de ses yeux un peu trop... nombreux ? Et dehors, d'effrayants monstres tout noirs r\u00f4dent dans la for\u00eat...\r\n\r\nPremi\u00e8re s\u00e9rie du duo So-ma-to avant Shadows House, Kuro nous introduit dans l'univers de conte de f\u00e9es mignon et \u00e9trange cher aux auteurs. Certaines pistes nous poussent d'ailleurs \u00e0 croire que les deux oeuvres ont lieu dans le m\u00eame monde.\r\n\r\nS\u00e9rie compl\u00e8te en 3 tomes, chaque volume compte la moiti\u00e9 de ses pages coloris\u00e9es pour vous permettre de profiter de toute la beaut\u00e9 de l'univers gothique et kawaii cr\u00e9\u00e9 par So-ma-to.","authors":["So-ma-to"],"category_codes":["3000000","3040000","3040400","3040405"],"visuals":{"large":"https:\/\/images.epagine.fr\/950\/9782344056950_1_75.jpg","medium":"https:\/\/images.epagine.fr\/950\/9782344056950_1_m.jpg","thumbnail":"https:\/\/images.epagine.fr\/950\/9782344056950_1_v.jpg"},"orderable":true,"show_badge":true,"formatted_price":"9,50&nbsp;\u20ac","formatted_published_date":"15 mars 2023","publisher_availability_label":"Sur commande","short_details":"So-ma-to \u2014 Gl\u00e9nat","translator":null,"weight":195,"page_count":128,"readership":"\u00e0 partir de 12 ANS","editor":"Gl\u00e9nat","price":950,"published_date":"2023-03-14T23:00:00.000000Z","support":"Poche","publisher_availability":1,"stock":0,"editions":[],"url":"https:\/\/quaidesbrumes.com\/ouvrage\/9782344056950\/kuro-tome-1"},{"id":"9782354191405","title":"Mes petits vieux","description":"Mes petits vieux raconte des moments v\u00e9cus par l'autrice, entre ses 22 et 25 ans, lorsqu'elle \u00e9tait Aide \u00e0 domicile sur Bordeaux.\r\n\r\nCe recueil d'histoires nous fait entrer dans l'intimit\u00e9 de ces gens qu'on ne croise plus, les vieux. Son trait noir et fin tente de retranscrire les souvenirs, les d\u00e9tails et les \u00e9motions simplement, tels que Margot les a v\u00e9cus \u00e0 l'\u00e9poque. Son r\u00e9cit t\u00e9moigne du travail si particulier d'Aide \u00e0 domicile, et de la relation parfois insolite qu'a pu nouer avec des personnes \u00e2g\u00e9es une jeune femme d'une vingtaine d'ann\u00e9es. Margot aborde avec humour mais sans enjoliver, ces rencontres.\r\n\r\nMes petits vieux est une succession de portraits, formant chacun un petit chapitre. Nous observons ces vies qui patientent silencieusement.","authors":["Margot Bardinet"],"category_codes":["3000000","3020000","3020100"],"visuals":{"large":"https:\/\/images.epagine.fr\/405\/9782354191405_1_75.jpg","medium":"https:\/\/images.epagine.fr\/405\/9782354191405_1_m.jpg","thumbnail":"https:\/\/images.epagine.fr\/405\/9782354191405_1_v.jpg"},"orderable":true,"show_badge":true,"formatted_price":"15,00&nbsp;\u20ac","formatted_published_date":"21 f\u00e9vrier 2025","publisher_availability_label":"Sur commande","short_details":"Margot Bardinet \u2014 LES ENFANTS ROUGES","translator":null,"weight":150,"page_count":96,"readership":null,"editor":"LES ENFANTS ROUGES","price":1500,"published_date":"2025-02-20T23:00:00.000000Z","support":"Grand format","publisher_availability":1,"stock":0,"editions":[],"url":"https:\/\/quaidesbrumes.com\/ouvrage\/9782354191405\/mes-petits-vieux"},{"id":"9782351428320","title":"Inazuma eleven Tome 10","description":"Des tirs de la mort qui font rentrer le gardien de but dans ses cages, qui d\u00e9clenchent des boules de feu, invoquent des dragons ou br\u00fblent les gants du gardien adverse.\r\n Chaussez vos crampons et rendez-vous sur le terrain ! \r\n Volume 10\/10 parus au Japon (s\u00e9rie termin\u00e9e - parution bimestrielle)\r\nLes Inazuma participent enfin au prestigieux Football Frontier International ! Premier adversaire \u00e0 affronter : l'\u00e9quipe Orph\u00e9e, men\u00e9e par le roi des buteurs, l'invincible Fidio. Nos h\u00e9ros sauront-ils vaincre leurs rivaux pour parvenir jusqu'en finale ?\r\n Lisez vite le dernier tome de Inazuma Eleven, la percutante s\u00e9rie adapt\u00e9e des c\u00e9l\u00e8bres dessins anim\u00e9s et jeux vid\u00e9o !\r\n\r\n \r\n- Laur\u00e9at de la s\u00e9lection des 8-12 ans de l'\u00e9dition 2012 des Mordus du Manga.\r\n - En janvier 2012, la s\u00e9rie a remport\u00e9 le Shogakukan Manga Award.\r\n - Elu Meilleur Manga pour Enfant au Kodansha Manga Award en 2010.","authors":["Tenya Yabuno"],"category_codes":["3000000","3040000","3040500","3040511"],"visuals":{"large":"https:\/\/images.epagine.fr\/320\/9782351428320_1_75.jpg","medium":"https:\/\/images.epagine.fr\/320\/9782351428320_1_m.jpg","thumbnail":"https:\/\/images.epagine.fr\/320\/9782351428320_1_v.jpg"},"orderable":true,"show_badge":true,"formatted_price":"7,30&nbsp;\u20ac","formatted_published_date":"14 f\u00e9vrier 2013","publisher_availability_label":"Sur commande","short_details":"Tenya Yabuno \u2014 Kurokawa","translator":null,"weight":174,"page_count":192,"readership":"\u00e0 partir de 8 ANS","editor":"Kurokawa","price":730,"published_date":"2013-02-13T23:00:00.000000Z","support":"Poche","publisher_availability":1,"stock":0,"editions":[],"url":"https:\/\/quaidesbrumes.com\/ouvrage\/9782351428320\/inazuma-eleven-tome-10"},{"id":"9782344026601","title":"Les trois mousquetaires","description":"Un pour tous, tous pour un !Publi\u00e9e en feuilleton dans le journal Le Si\u00e8cle en 1844, l'oeuvre historique d'Alexandre Dumas relate les aventures sous le r\u00e8gne de Louis XIII du jeune provincial D'Artagnan associ\u00e9 \u00e0 trois gentilhommes mousquetaires - Athos, Porthos et Aramis - face aux agents du redoutable Cardinal de Richelieu. V\u00e9ritable roman de cape et d'\u00e9p\u00e9e, Les Trois Mousquetaires est l'un des livres les plus traduits dans le monde.","authors":["Fabrizio Lo bianco","Andr\u00e9s jos\u00e9 Mossa","Alexandre Dumas"],"category_codes":["3000000","3020000","3020200","3020202"],"visuals":{"large":"https:\/\/images.epagine.fr\/601\/9782344026601_1_75.jpg","medium":"https:\/\/images.epagine.fr\/601\/9782344026601_1_m.jpg","thumbnail":"https:\/\/images.epagine.fr\/601\/9782344026601_1_v.jpg"},"orderable":true,"show_badge":true,"formatted_price":"12,00&nbsp;\u20ac","formatted_published_date":"21 ao\u00fbt 2019","publisher_availability_label":"Sur commande","short_details":"Fabrizio Lo bianco, Andr\u00e9s jos\u00e9 Mossa, Alexandre Dumas \u2014 Gl\u00e9nat","translator":null,"weight":476,"page_count":56,"readership":null,"editor":"Gl\u00e9nat","price":1200,"published_date":"2019-08-20T22:00:00.000000Z","support":"Grand format","publisher_availability":1,"stock":0,"editions":[],"url":"https:\/\/quaidesbrumes.com\/ouvrage\/9782344026601\/les-trois-mousquetaires"},{"id":"9782505006565","title":"Boule & Bill Tome 28 : les quatre saisons","description":"Une charmante banlieue citadine, de nos jours. Quoique. Peut-on dater les aventures de Boule et Bill ? Non, sans doute. L'univers de Roba n'a pas chang\u00e9 depuis ses d\u00e9buts, en 1959, ou si peu. Il a \u00e9volu\u00e9. De mani\u00e8re constante, car l'homme est un perfectionniste et ses personnages davantage que des cr\u00e9ations de papier. Dans ce petit quartier tranquille o\u00f9 ils vivent leurs aventures quotidiennes depuis plus de quarante ans maintenant, Roba a choisi de planter son chevalet et d'observer. Cela donne cet album, le premier depuis cinq ans : \" Les quatre saisons de Boule et Bill. \" Avec son immense talent mais aussi son humilit\u00e9 naturelle, Jean Roba s'est donc mu\u00e9 en observateur attentif du cycle de la vie. \u00c0 chaque saison, \u00e0 chaque mois de l'ann\u00e9e, il a imagin\u00e9 son petit monde aux prises avec les innombrables \u00e9pisodes aventureux du quotidien. L'hibernation de Caroline, la migration des oiseaux, les vacances et les giboul\u00e9es, tous ces moments que nous ne voyons plus ont inspir\u00e9 le metteur en sc\u00e8ne du bonheur tranquille qu'est Roba.\r\n\r\n\" Les quatre saisons de Boule et Bill \" ne constitue pas un album de plus \u00e0 ranger dans votre biblioth\u00e8que pour compl\u00e9ter une collection. Il s'agit ni plus ni moins d'un chef d'oeuvre d'humour dans la concision, de dessin \u00e9pur\u00e9 et virevoltant, d'une \u00e9claboussant le\u00e7on de vie. Parce qu'on l'a trop longtemps attendu, parce qu'il est plus tendre avec ses personnages que jamais, parce qu'il jette sur la vie un regard \u00e0 nul autre pareil, Jean Roba nous \u00e9meut autant qu'il nous amuse. Chez lui, la po\u00e9sie et l'humour se marient jusqu'\u00e0 la perfection. C'est sans doute pour cela que les enfants d'hier lisent toujours Boule et Bill. Et le font d\u00e9couvrir avec plaisir aux enfants d'aujourd'hui !","authors":["Jean Roba"],"category_codes":["3000000","3020000","3020200","3020211"],"visuals":{"large":"https:\/\/images.epagine.fr\/565\/9782505006565_1_75.jpg","medium":"https:\/\/images.epagine.fr\/565\/9782505006565_1_m.jpg","thumbnail":"https:\/\/images.epagine.fr\/565\/9782505006565_1_v.jpg"},"orderable":true,"show_badge":true,"formatted_price":"12,95&nbsp;\u20ac","formatted_published_date":"24 octobre 2013","publisher_availability_label":"Sur commande","short_details":"Jean Roba \u2014 Dargaud","translator":null,"weight":352,"page_count":46,"readership":"Tout public","editor":"Dargaud","price":1295,"published_date":"2013-10-23T22:00:00.000000Z","support":"Grand format","publisher_availability":1,"stock":0,"editions":[],"url":"https:\/\/quaidesbrumes.com\/ouvrage\/9782505006565\/boule-bill-tome-28-les-quatre-saisons"}]}