{"data":[{"id":"9782302048515","title":"Lanfeust Odyssey Tome 7 : la m\u00e9phitique Armada","description":"L'\u00e9tau se resserre autour de Lanfeust et du Magohamoth tandis que Lylth, la d\u00e9voreuse de monde, est sur leur trace !Lanfeust et ses quatre \u00e9pouses peuvent enfin donner au Magohamoth l'\u00e9pice qui va r\u00e9g\u00e9n\u00e9rer l'animal de magie. Mais ils sont rejoints par Lylth, la d\u00e9voreuse de mondes, qui traque toujours la b\u00eate fabuleuse \u00e0 bord d'une armada o\u00f9 elle a fait embarquer tous les habitants d'Eckmul. Parmi eux, H\u00e9bus le troll et quelques sages du conservatoire, qui sont les seuls \u00e0 ne pas \u00eatre hypnotis\u00e9s par la d\u00e9esse. Lanfeust, d\u00e9guis\u00e9, va rejoindre H\u00e9bus mais c'est au milieu d'un myst\u00e9rieux continent d'algues et de ses habitants que va se d\u00e9nouer cet \u00e9pisode...","authors":["Christophe Arleston","Didier Tarquin","Lyse"],"category_codes":["3000000","3020000","3020100","3020105"],"visuals":{"large":"https:\/\/images.epagine.fr\/515\/9782302048515_1_75.jpg","medium":"https:\/\/images.epagine.fr\/515\/9782302048515_1_m.jpg","thumbnail":"https:\/\/images.epagine.fr\/515\/9782302048515_1_v.jpg"},"orderable":true,"show_badge":true,"formatted_price":"15,50&nbsp;\u20ac","formatted_published_date":"25 novembre 2015","publisher_availability_label":"Sur commande","short_details":"Christophe Arleston, Didier Tarquin, Lyse \u2014 Soleil","translator":null,"weight":546,"page_count":44,"readership":"\u00e0 partir de 12 ANS","editor":"Soleil","price":1550,"published_date":"2015-11-24T23:00:00.000000Z","support":"Grand format","publisher_availability":1,"stock":0,"editions":[],"url":"https:\/\/quaidesbrumes.com\/ouvrage\/9782302048515\/lanfeust-odyssey-tome-7-la-mephitique-armada"},{"id":"9782492547942","title":"Charette : Rien ne se perd jamais","description":"En 1783, Fran\u00e7ois-Athanase Charette de La Contrie, jeune officier de marine, rentre \u00e0 Brest, \u00e0 l'issue de la guerre d'ind\u00e9pendance am\u00e9ricaine. Devenu lieutenant de vaisseau, il se retire \u00e0 Nantes au d\u00e9but de la R\u00e9volution fran\u00e7aise et se marie avec une veuve de quatorze ans son a\u00een\u00e9e. En 1792, il\u00a0 \u00e9migre furtivement \u00e0 Coblence, assiste \u00e0 la prise des Tuileries et rentre clandestinement chez lui, au logis de Fonteclose, \u00e0 La Garnache, entre le pays de Retz et le marais breton.Le 14 mars 1793, les paysans des environs, heurt\u00e9s par la R\u00e9volution, viennent le chercher \u00e0 Fonteclose pour le mettre \u00e0 la t\u00eate de leur soul\u00e8vement. Charette n'a pas encore trente ans. Avec sa petite troupe, il s'empare de Pornic, s'allie \u00e0 un chef local, Joly, mais encha\u00eene d'abord des \u00e9checs \u00e0 Challans et Machecoul. M\u00e9pris\u00e9 par Royrand, g\u00e9n\u00e9ral vend\u00e9en de l'arm\u00e9e du Centre, il prend sa revanche et \u00e9tablit son quartier g\u00e9n\u00e9ral \u00e0 Leg\u00e9. D\u00e8s lors commence une \u00e9pop\u00e9e de pr\u00e8s de trois ans, o\u00f9 celui qu'on surnommera bient\u00f4t le \u00ab roi de la Vend\u00e9e \u00bb, insaisissable et indomptable, d\u00e9fie un \u00e0 un les g\u00e9n\u00e9raux envoy\u00e9s par la Convention, dans une audacieuse gu\u00e9rilla de chemins creux.Une histoire \u00e0 hauteur d'homme - et de h\u00e9ros -, o\u00f9 l'aventure, le courage et le destin s'emm\u00ealent.","authors":["Angelo Bussacchini","Coline Dupuy"],"category_codes":["3000000","3020000","3020100","3020108"],"visuals":{"large":"https:\/\/images.epagine.fr\/942\/9782492547942_1_75.jpg","medium":"https:\/\/images.epagine.fr\/942\/9782492547942_1_m.jpg","thumbnail":"https:\/\/images.epagine.fr\/942\/9782492547942_1_v.jpg"},"orderable":true,"show_badge":true,"formatted_price":"15,90&nbsp;\u20ac","formatted_published_date":"25 mars 2026","publisher_availability_label":"Sur commande","short_details":"Angelo Bussacchini, Coline Dupuy \u2014 \u00c9ditions Plein Vent","translator":null,"weight":516,"page_count":48,"readership":"\u00e0 partir de 12 ANS","editor":"\u00c9ditions Plein Vent","price":1590,"published_date":"2026-03-24T23:00:00.000000Z","support":"Grand format","publisher_availability":1,"stock":0,"editions":[],"url":"https:\/\/quaidesbrumes.com\/ouvrage\/9782492547942\/charette-rien-ne-se-perd-jamais"},{"id":"9782413088172","title":"Nana : coffret Tomes 1 \u00e0 10 : Remix","description":"Ces deux jeunes filles s'appellent Nana. Elles ont le m\u00eame \u00e2ge, sont toutes les deux attir\u00e9es par Tokyo, et font tr\u00e8s attention \u00e0 leur look...Dans ce coffret, vous pourrez y trouver les tomes 1 \u00e0 10 (tome Fanbook 7.8 compris !) avec des nouveaux fichiers flambants neufs et un nouveau designainsi que deux ex-libris exclusifs en couleurs !","authors":["A\u00ef Yazawa"],"category_codes":["3000000","3040000","3040400","3040409"],"visuals":{"large":"https:\/\/images.epagine.fr\/172\/9782413088172_1_75.jpg","medium":"https:\/\/images.epagine.fr\/172\/9782413088172_1_m.jpg","thumbnail":"https:\/\/images.epagine.fr\/172\/9782413088172_1_v.jpg"},"orderable":true,"show_badge":true,"formatted_price":"85,00&nbsp;\u20ac","formatted_published_date":"19 novembre 2025","publisher_availability_label":"Sur commande","short_details":"A\u00ef Yazawa \u2014 Delcourt","translator":null,"weight":2190,"page_count":192,"readership":"\u00e0 partir de 14 ans","editor":"Delcourt","price":8500,"published_date":"2025-11-18T23:00:00.000000Z","support":"Poche","publisher_availability":1,"stock":0,"editions":[],"url":"https:\/\/quaidesbrumes.com\/ouvrage\/9782413088172\/nana-coffret-tomes-1-a-10-remix"},{"id":"9782377172870","title":"Made in abyss Tome 8","description":"Rico, L\u00e9gu et Nanachi sont parvenus au sixi\u00e8me niveau de l'Abysse, et sont entr\u00e9s dans le village des ombres. En cherchant ses amis, Rico lib\u00e8re Veko, qui \u00e9tait prisonni\u00e8re au fond d'un gouffre \u00e0 l'\u00e9cart des habitations. L'\u00eatre qui a achet\u00e9 Nanachi est dispos\u00e9 \u00e0 l'\u00e9changer contre un bout de Faputa, et lorsque Rico questionne Veko sur les origines de la princesse, elle commence alors \u00e0 \u00e9voquer un h\u00e9ro\u00efque pass\u00e9 li\u00e9 \u00e0 la naissance du village des ombres...\r\nQuels terribles secrets renferme l'histoire de la cr\u00e9ation d'Ilbru ? Le huiti\u00e8me volume de cette grande aventure m\u00ealant d\u00e9sir et r\u00e9signation !!","authors":["Akihito Tsukushi"],"category_codes":["3000000","3040000","3040600","3040605"],"visuals":{"large":"https:\/\/images.epagine.fr\/870\/9782377172870_1_75.jpg","medium":"https:\/\/images.epagine.fr\/870\/9782377172870_1_m.jpg","thumbnail":"https:\/\/images.epagine.fr\/870\/9782377172870_1_v.jpg"},"orderable":true,"show_badge":true,"formatted_price":"9,35&nbsp;\u20ac","formatted_published_date":"28 f\u00e9vrier 2020","publisher_availability_label":"Sur commande","short_details":"Akihito Tsukushi \u2014 Ototo","translator":null,"weight":234,"page_count":160,"readership":"\u00e0 partir de 12 ANS","editor":"Ototo","price":935,"published_date":"2020-02-27T23:00:00.000000Z","support":"Grand format","publisher_availability":1,"stock":0,"editions":[],"url":"https:\/\/quaidesbrumes.com\/ouvrage\/9782377172870\/made-in-abyss-tome-8"},{"id":"9782808204569","title":"Duke Tome 6 : au-del\u00e0 de la piste","description":"Les cadavres continuent de s'accumuler dans le sillage de Duke, et des cent mille dollars qu'il doit maintenant apporter \u00e0 King s'il veut sauver Peg. Pour cela, il doit traverser un d\u00e9sert presque aussi impitoyable que ses divers poursuivants : les ren\u00e9gats de l'arm\u00e9e qui veulent s'emparer du magot ; Oakley, qui a jur\u00e9 de venger son fils ; Manolito, son \u00ab ange gardien \u00bb en service command\u00e9 des enfers. Duke survivra-t-il pour tenir ses promesses ? Il en va du salut de son \u00e2me damn\u00e9e...","authors":["Yves h.","Hermann"],"category_codes":["3000000","3020000","3020100","3020110"],"visuals":{"large":"https:\/\/images.epagine.fr\/569\/9782808204569_1_75.jpg","medium":"https:\/\/images.epagine.fr\/569\/9782808204569_1_m.jpg","thumbnail":"https:\/\/images.epagine.fr\/569\/9782808204569_1_v.jpg"},"orderable":true,"show_badge":true,"formatted_price":"16,45&nbsp;\u20ac","formatted_published_date":"21 janvier 2022","publisher_availability_label":"Sur commande","short_details":"Yves h., Hermann \u2014 \u00c9ditions du Lombard","translator":null,"weight":624,"page_count":56,"readership":"\u00e0 partir de 12 ANS","editor":"\u00c9ditions du Lombard","price":1645,"published_date":"2022-01-20T23:00:00.000000Z","support":"Grand format","publisher_availability":1,"stock":0,"editions":[],"url":"https:\/\/quaidesbrumes.com\/ouvrage\/9782808204569\/duke-tome-6-au-dela-de-la-piste"},{"id":"9782960210491","title":"Kathleen Tome 3 : Bruxelles 43","description":"Bruxelles, 1960 Kathleen aide sa m\u00e8re \u00e0 ranger son grenier. Elle y d\u00e9couvre de nombreuses planches de bande-dessin\u00e9e, destin\u00e9es \u00e0 la presse clandestine durant la seconde guerre mondiale. Kathleen replonge alors dans son pass\u00e9. 1943, Kathleen avait 12 ans. La jeune fille ne comprend pas grand-chose \u00e0 la guerre. Son p\u00e8re, Fernand, tient un kiosque \u00e0 journaux, Place de Brouck\u00e8re. Un dimanche, Bob, un dessinateur, ami de Fernand, lui montre ses strips de BD.\r\nDes histoires corrosives \u00e0 l'encontre d'Hitler, qu'il tente de faire publier dans un journal de la R\u00e9sistance. Bob se sait surveill\u00e9 par un collaborateur rexiste. L'atmosph\u00e8re devient de plus en plus irrespirable \u00e0 Bruxelles. Les rafles anti-juifs se multiplient. Les bombardements, aussi. Ils ne font pas la diff\u00e9rence entre les bons citoyens et les collabos. Kathleen, Suzanne, la fille de Bob, et une de leur amie, enfant de rexiste, vont \u00eatre au coeur de l'un d'entre eux.\r\nLes tensions qui en r\u00e9sulteront feront vaciller leur amiti\u00e9.","authors":["Patrick Weber","Baudouin Deville","B\u00e9reng\u00e8re Marquebreucq"],"category_codes":["3000000","3020000","3020100","3020107"],"visuals":{"large":"https:\/\/images.epagine.fr\/491\/9782960210491_1_75.jpg","medium":"https:\/\/images.epagine.fr\/491\/9782960210491_1_m.jpg","thumbnail":"https:\/\/images.epagine.fr\/491\/9782960210491_1_v.jpg"},"orderable":true,"show_badge":true,"formatted_price":"16,95&nbsp;\u20ac","formatted_published_date":"28 mai 2020","publisher_availability_label":"Sur commande","short_details":"Patrick Weber, Baudouin Deville, B\u00e9reng\u00e8re Marquebreucq \u2014 \u00c9ditions Anspach","translator":null,"weight":676,"page_count":64,"readership":null,"editor":"\u00c9ditions Anspach","price":1695,"published_date":"2020-05-27T22:00:00.000000Z","support":"Grand format","publisher_availability":1,"stock":0,"editions":[],"url":"https:\/\/quaidesbrumes.com\/ouvrage\/9782960210491\/kathleen-tome-3-bruxelles-43"},{"id":"9782377176991","title":"Bung\u00f4 Stray dogs - Dazai et Chuuya Tome 3","description":"Dans la ville de Yokohama, sept ann\u00e9es avant le conflit opposant les D\u00e9tectives arm\u00e9s \u00e0 la mafia portuaire. Le voile sur le myst\u00e8re entourant l'apparition du dieu de la calamit\u00e9 \"Arahabaki\" se l\u00e8ve enfin !\r\n\r\n\r\nDazai accuse Rand\u00f4, un cadre adjoint de la mafia portuaire, d'\u00eatre en relation \u00e9troite \u00e0 cette affaire... C'est au m\u00eame moment que Ch\u00fbya d\u00e9barque pour affirmer la m\u00eame chose, m\u00eame si c'est pour d'autres raisons...\r\n\r\n\r\nQuel est donc l'objectif de Rand\u00f4 ? Qui se cache v\u00e9ritablement derri\u00e8re Arahabaki ?","authors":["Kafka Asagiri","Shiwasu Hoshikawa"],"category_codes":["3000000","3040000","3040600","3040608"],"visuals":{"large":"https:\/\/images.epagine.fr\/991\/9782377176991_1_75.jpg","medium":"https:\/\/images.epagine.fr\/991\/9782377176991_1_m.jpg","thumbnail":"https:\/\/images.epagine.fr\/991\/9782377176991_1_v.jpg"},"orderable":true,"show_badge":true,"formatted_price":"8,35&nbsp;\u20ac","formatted_published_date":"27 mars 2026","publisher_availability_label":"Sur commande","short_details":"Kafka Asagiri, Shiwasu Hoshikawa \u2014 Ototo","translator":null,"weight":144,"page_count":180,"readership":"\u00e0 partir de 12 ANS","editor":"Ototo","price":835,"published_date":"2026-03-26T23:00:00.000000Z","support":"Poche","publisher_availability":1,"stock":0,"editions":[],"url":"https:\/\/quaidesbrumes.com\/ouvrage\/9782377176991\/bungo-stray-dogs-dazai-et-chuuya-tome-3"},{"id":"9782390340829","title":"Le fil de l'Histoire racont\u00e9 par Ariane & Nino Tome 31 : Les jeux olympiques, les seigneurs des anneaux","description":"Les J.O. de Paris 2024 approchent ! Alors c'est le moment de muscler sa culture avec Ariane et Nino, qui vous r\u00e9v\u00e8lent tout de l'incroyable Histoire des J.O. !\r\n\r\nNino a beau essayer de leur dire que \u00e7a n'est qu'un jeu, ses potes se disputent \u00e0 cause d'une partie de foot ! Mais Nina lui fait remarquer que le sport, plus qu'un jeu, a toujours \u00e9t\u00e9 un enjeu, souvent politique. Pour l'en convaincre, elle emm\u00e8ne son petit fr\u00e8re \u00e0 la d\u00e9couverte de l'Histoire des Jeux olympiques, depuis leur cr\u00e9ation par le dieu H\u00e9racl\u00e8s pendant l'Antiquit\u00e9. Car il y en a, des choses \u00e0 apprendre !\r\n\r\nS'inviter dans l'Histoire pour en raconter les grands moments incontournables, voil\u00e0 le parti pris d'Ariane et Nino. Avec humour et p\u00e9dagogie, les jeunes lecteurs en apprendront autant que leurs a\u00een\u00e9s !","authors":["Fabrice Erre","Sylvain Savoia"],"category_codes":["3000000","3020000","3020200","3020208"],"visuals":{"large":"https:\/\/images.epagine.fr\/829\/9782390340829_1_75.jpg","medium":"https:\/\/images.epagine.fr\/829\/9782390340829_1_m.jpg","thumbnail":"https:\/\/images.epagine.fr\/829\/9782390340829_1_v.jpg"},"orderable":true,"show_badge":true,"formatted_price":"6,90&nbsp;\u20ac","formatted_published_date":"17 mai 2024","publisher_availability_label":"Sur commande","short_details":"Fabrice Erre, Sylvain Savoia \u2014 Dupuis","translator":null,"weight":138,"page_count":48,"readership":"\u00e0 partir de 6 ANS","editor":"Dupuis","price":690,"published_date":"2024-05-16T22:00:00.000000Z","support":"Grand format","publisher_availability":1,"stock":0,"editions":[],"url":"https:\/\/quaidesbrumes.com\/ouvrage\/9782390340829\/le-fil-de-lhistoire-raconte-par-ariane-nino-tome-31-les-jeux-olympiques-les-seigneurs-des-anneaux"},{"id":"9782931105474","title":"Godefroy Tome 2 : Antechristus","description":"Alors que Godefroy de Bouillon poursuit sa route vers la Terre sainte, il doit affronter un ennemi aussi sanguinaire que mystique : le comte Emich.\r\nL'homme se pr\u00e9tend le dernier empereur des proph\u00e9ties de l'Apocalypse. Dans un monde o\u00f9 le sacr\u00e9 et le profane s'affrontent, ce duel devient, pour Godefroy, une lutte int\u00e9rieure entre foi et t\u00e9n\u00e8bres.\r\n\r\nSeptembre 1096. En route vers Constantinople, Godefroy de Bouillon se heurte \u00e0 un obstacle majeur.\r\nLe roi Coloman de Hongrie, \u00e9chaud\u00e9 par les exactions sanglantes des troupes d'un crois\u00e9 d\u00e9voy\u00e9, le comte Emich, refuse de laisser l'arm\u00e9e du Duc traverser son territoire. Pour obtenir le passage, Godefroy accepte un march\u00e9 : il offrira au souverain la t\u00eate d'Emich. L'homme, qui se pr\u00e9tend l'incarnation du dernier empereur des proph\u00e9ties de l'Apocalypse, affirme que seuls la terreur et le sang r\u00e9pandus pourront faire surgir l'Ant\u00e9christ qui affrontera le Seigneur \u00e0 J\u00e9rusalem. Pour qu'advienne le r\u00e8gne des \u00e9lus de Dieu. En d\u00e9fiant Emich, dans une lutte \u00e0 mort, Godefroy est confront\u00e9 \u00e0 sa propre part d'ombre et aux doutes qui l'assaillent sur le chemin de la Terre sainte.","authors":["Rudi Miel","Th\u00e9o Dubois D'Enghien"],"category_codes":["3000000","3020000","3020100","3020108"],"visuals":{"large":"https:\/\/images.epagine.fr\/474\/9782931105474_1_75.jpg","medium":"https:\/\/images.epagine.fr\/474\/9782931105474_1_m.jpg","thumbnail":"https:\/\/images.epagine.fr\/474\/9782931105474_1_v.jpg"},"orderable":true,"show_badge":true,"formatted_price":"16,50&nbsp;\u20ac","formatted_published_date":"17 octobre 2025","publisher_availability_label":"Sur commande","short_details":"Rudi Miel, Th\u00e9o Dubois D'Enghien \u2014 \u00c9ditions Anspach","translator":null,"weight":628,"page_count":56,"readership":"Tout public","editor":"\u00c9ditions Anspach","price":1650,"published_date":"2025-10-16T22:00:00.000000Z","support":"Grand format","publisher_availability":1,"stock":0,"editions":[],"url":"https:\/\/quaidesbrumes.com\/ouvrage\/9782931105474\/godefroy-tome-2-antechristus"},{"id":"9791026826552","title":"Something is killing the children Tome 8","description":"Erica est loin d'\u00eatre sortie indemne de son affrontement contre Charlotte Cutter, tant sur le plan physique que psychologique. La perte de la jeune Gabi est l'occasion pour la chasseuse de monstre de faire le bilan de ses ann\u00e9es pass\u00e9es et de se rem\u00e9morer ses premi\u00e8res missions, alors qu'elle n'\u00e9tait encore qu'une jeune recrue de l'Ordre de St Georges.\r\n","authors":["James Tynion","Werther Dell'Edera"],"category_codes":["3000000","3030000","3030700","3030705"],"visuals":{"large":"https:\/\/images.epagine.fr\/552\/9791026826552_1_75.jpg","medium":"https:\/\/images.epagine.fr\/552\/9791026826552_1_m.jpg","thumbnail":"https:\/\/images.epagine.fr\/552\/9791026826552_1_v.jpg"},"orderable":true,"show_badge":true,"formatted_price":"18,50&nbsp;\u20ac","formatted_published_date":"18 avril 2025","publisher_availability_label":"Sur commande","short_details":"James Tynion, Werther Dell'Edera \u2014 Urban Comics","translator":null,"weight":518,"page_count":136,"readership":"\u00e0 partir de 15 ans","editor":"Urban Comics","price":1850,"published_date":"2025-04-17T22:00:00.000000Z","support":"Grand format","publisher_availability":1,"stock":0,"editions":[],"url":"https:\/\/quaidesbrumes.com\/ouvrage\/9791026826552\/something-is-killing-the-children-tome-8"},{"id":"9782372875998","title":"Arte Tome 14","description":"Florence. D\u00e9but du XVIe si\u00e8cle.\r\nDans ce berceau de la Renaissance, qui vit l'art s'\u00e9panouir dans toute sa splendeur, une jeune aristocrate pr\u00e9nomm\u00e9e Arte r\u00eave de devenir artiste peintre et aspire \u00e0 entrer en apprentissage dans un des nombreux ateliers de la ville...\r\nH\u00e9las ! Cette \u00e9poque de foisonnement culturel \u00e9tait aussi celle de la misogynie, et il n'\u00e9tait pas concevable qu'une jeune femme ambitionne de vivre de son art et de son travail. Les nombreux obstacles qui se dresseront sur le chemin d'Arte auront-ils raison de la folle \u00e9nergie de cette aristo d\u00e9jant\u00e9e ?\r","authors":["Kei Ohkubo","Melody Pages"],"category_codes":["3000000","3040000","3040600","3040607"],"visuals":{"large":"https:\/\/images.epagine.fr\/998\/9782372875998_1_75.jpg","medium":"https:\/\/images.epagine.fr\/998\/9782372875998_1_m.jpg","thumbnail":"https:\/\/images.epagine.fr\/998\/9782372875998_1_v.jpg"},"orderable":true,"show_badge":true,"formatted_price":"7,99&nbsp;\u20ac","formatted_published_date":"30 septembre 2021","publisher_availability_label":"Sur commande","short_details":"Kei Ohkubo, Melody Pages \u2014 Komikku \u00e9ditions","translator":"MELODY PAGES","weight":188,"page_count":192,"readership":"\u00e0 partir de 14 ans","editor":"Komikku \u00e9ditions","price":799,"published_date":"2021-09-29T22:00:00.000000Z","support":"Poche","publisher_availability":1,"stock":0,"editions":[],"url":"https:\/\/quaidesbrumes.com\/ouvrage\/9782372875998\/arte-tome-14"},{"id":"9782413080657","title":"Evol Tome 6","description":"Ce jour-l\u00e0, la vie de deux jeunes filles et d'un gar\u00e7on d\u00e9\u00e7us de ce monde aurait d\u00fb s'achever, mais par malchance, leur tentative de mettre fin \u00e0 leur vie a \u00e9chou\u00e9 : ils ont surv\u00e9cu. Lorsqu'ils reprennent connaissance \u00e0 l'h\u00f4pital, ils se d\u00e9couvrent dot\u00e9s d'\u00e9tranges \"pouvoirs\" ; des pouvoirs qui, en principe, ne se transmettent que par le sang chez les alli\u00e9s de la justice que l'on appelle \"h\u00e9ros\"...","authors":["Atsushi Kaneko"],"category_codes":["3000000","3040000","3040600","3040605"],"visuals":{"large":"https:\/\/images.epagine.fr\/657\/9782413080657_1_75.jpg","medium":"https:\/\/images.epagine.fr\/657\/9782413080657_1_m.jpg","thumbnail":"https:\/\/images.epagine.fr\/657\/9782413080657_1_v.jpg"},"orderable":true,"show_badge":true,"formatted_price":"19,99&nbsp;\u20ac","formatted_published_date":"21 ao\u00fbt 2024","publisher_availability_label":"Sur commande","short_details":"Atsushi Kaneko \u2014 Delcourt","translator":null,"weight":470,"page_count":256,"readership":"\u00e0 partir de 14 ans","editor":"Delcourt","price":1999,"published_date":"2024-08-20T22:00:00.000000Z","support":"Grand format","publisher_availability":1,"stock":0,"editions":[],"url":"https:\/\/quaidesbrumes.com\/ouvrage\/9782413080657\/evol-tome-6"},{"id":"9782351426425","title":"Inazuma eleven Tome 5","description":"Des tirs de la mort qui font rentrer le gardien de but dans ses cages, qui d\u00e9clenchent des boules de feu, invoquent des dragons ou br\u00fblent les gants du gardien adverse. Chaussez vos crampons et rendez-vous sur le terrain !\r\n Volume 5\/8 parus au Japon (s\u00e9rie en cours - parution bimestrielle)\r\nL'ennemi jur\u00e9 du club de foot Raimon, la mythique Royal Academy, a fort \u00e0 faire avec l'\u00e9quipe Zeus, dont les membres se pr\u00e9tendent des dieux ! Le tournoi national ne fait que commencer pour Mark Evans et ses co-\u00e9quipiers. D\u00e9j\u00e0 se dresse sur leur route le coll\u00e8ge Shuriken, dont les techniques ninja s'av\u00e8rent redoutables...","authors":["Tenya Yabuno"],"category_codes":["3000000","3040000","3040500","3040511"],"visuals":{"large":"https:\/\/images.epagine.fr\/425\/9782351426425_1_75.jpg","medium":"https:\/\/images.epagine.fr\/425\/9782351426425_1_m.jpg","thumbnail":"https:\/\/images.epagine.fr\/425\/9782351426425_1_v.jpg"},"orderable":true,"show_badge":true,"formatted_price":"7,30&nbsp;\u20ac","formatted_published_date":"8 d\u00e9cembre 2011","publisher_availability_label":"Sur commande","short_details":"Tenya Yabuno \u2014 Kurokawa","translator":null,"weight":155,"page_count":192,"readership":"\u00e0 partir de 8 ANS","editor":"Kurokawa","price":730,"published_date":"2011-12-07T23:00:00.000000Z","support":"Poche","publisher_availability":1,"stock":0,"editions":[],"url":"https:\/\/quaidesbrumes.com\/ouvrage\/9782351426425\/inazuma-eleven-tome-5"},{"id":"9782871292593","title":"D\u00e9tective Conan Tome 23","description":"Une enqu\u00eate passionnante qui voit la collaboration de Conan et Hattori. Attention ! Hattori pourrait tr\u00e8s bien... Suspens.","authors":["G\u00f4sh\u00f4 Aoyama"],"category_codes":["3000000","3040000","3040500","3040506"],"visuals":{"large":"https:\/\/images.epagine.fr\/593\/9782871292593_1_75.jpg","medium":"https:\/\/images.epagine.fr\/593\/9782871292593_1_m.jpg","thumbnail":"https:\/\/images.epagine.fr\/593\/9782871292593_1_v.jpg"},"orderable":true,"show_badge":true,"formatted_price":"7,30&nbsp;\u20ac","formatted_published_date":"16 septembre 2000","publisher_availability_label":"Sur commande","short_details":"G\u00f4sh\u00f4 Aoyama \u2014 Kana","translator":null,"weight":145,"page_count":190,"readership":"\u00e0 partir de 12 ANS","editor":"Kana","price":730,"published_date":"2000-09-15T22:00:00.000000Z","support":"Poche","publisher_availability":1,"stock":0,"editions":[],"url":"https:\/\/quaidesbrumes.com\/ouvrage\/9782871292593\/detective-conan-tome-23"},{"id":"9782494102736","title":"La Nouvelle Cheffe de clan Tome 5","description":"Une jeune femme d\u00e9cide de changer son destin et devient cheffe de famille.\r\nInvit\u00e9e au palais, o\u00f9 son p\u00e8re doit \u00eatre d\u00e9cor\u00e9 par la famille royale, Firentia en profite pour promouvoir les nouvelles cr\u00e9ations de ce dernier aupr\u00e8s de la noblesse. Mais la reine, se sentant menac\u00e9e par l'influence grandissante des Lombardie, va tout faire pour contrecarrer les plans de la jeune fille. Perez est \u00e9galement pr\u00e9sent \u00e0 la r\u00e9ception et tente de se rapprocher de Firentia malgr\u00e9 le danger.","authors":["Mon","Roah Kim"],"category_codes":["3000000","3040000","3040400","3040409"],"visuals":{"large":"https:\/\/images.epagine.fr\/736\/9782494102736_1_75.jpg","medium":"https:\/\/images.epagine.fr\/736\/9782494102736_1_m.jpg","thumbnail":"https:\/\/images.epagine.fr\/736\/9782494102736_1_v.jpg"},"orderable":true,"show_badge":true,"formatted_price":"14,95&nbsp;\u20ac","formatted_published_date":"18 septembre 2025","publisher_availability_label":"Sur commande","short_details":"Mon, Roah Kim \u2014 Kotoon","translator":null,"weight":616,"page_count":288,"readership":"\u00e0 partir de 12 ANS","editor":"Kotoon","price":1495,"published_date":"2025-09-17T22:00:00.000000Z","support":"Poche","publisher_availability":1,"stock":0,"editions":[],"url":"https:\/\/quaidesbrumes.com\/ouvrage\/9782494102736\/la-nouvelle-cheffe-de-clan-tome-5"},{"id":"9782818967515","title":"Ken'en ; comme chien et singe Tome 5","description":"Un duo irr\u00e9sistible au coeur du Japon l\u00e9gendaire !\r\n\r\nUne famille de kakuen, des cr\u00e9atures mi-hommes, mi-singes, a \u00e9lu domicile dans le vieux sanctuaire abandonn\u00e9 du village de Mitsuke, dans la province d'Ensh\u00fb. L'un d'eux, Mashira, a adopt\u00e9 Hayate, un chien magique tueur de d\u00e9mons envoy\u00e9 initialement pour l'\u00e9liminer, et qui peut prendre une apparence humaine. Ce dernier lui annonce qu'il conna\u00eet sa m\u00e8re et insiste pour qu'il la rencontre. Ils partent donc pour Nagano, en compagnie de Benzon, et de deux compagnons impr\u00e9vus qui les rejoignent en chemin...","authors":["Fuetsudo","Do Fuuetsu","Hitoshi Ichimura","Julien Pouly"],"category_codes":["3000000","3040000","3040400","3040405"],"visuals":{"large":"https:\/\/images.epagine.fr\/515\/9782818967515_1_75.jpg","medium":"https:\/\/images.epagine.fr\/515\/9782818967515_1_m.jpg","thumbnail":"https:\/\/images.epagine.fr\/515\/9782818967515_1_v.jpg"},"orderable":true,"show_badge":true,"formatted_price":"7,95&nbsp;\u20ac","formatted_published_date":"6 mars 2019","publisher_availability_label":"Sur commande","short_details":"Fuetsudo, Do Fuuetsu, Hitoshi Ichimura, Julien Pouly \u2014 Bamboo","translator":"JULIEN POULY","weight":168,"page_count":160,"readership":"\u00e0 partir de 12 ANS","editor":"Bamboo","price":795,"published_date":"2019-03-05T23:00:00.000000Z","support":"Poche","publisher_availability":1,"stock":0,"editions":[],"url":"https:\/\/quaidesbrumes.com\/ouvrage\/9782818967515\/kenen-comme-chien-et-singe-tome-5"},{"id":"9782373499810","title":"Star Wars - The Mandalorian Tome 1","description":"Il y a bien longtemps, dans une galaxie lointaine, tr\u00e8s lointaine... ...se d\u00e9roule l'histoire d'un loup solitaire et d'un enfant aux pouvoirs \u00e9tranges. Cinq ans apr\u00e8s la mort de Dark Vador, la paix n'est pas encore revenue car les survivants de l'Empire Galactique continuent de fomenter des troubles, dans l'ombre... Apr\u00e8s la capture mouvement\u00e9e d'un Mythrol sur une plan\u00e8te glac\u00e9e, Mando, chasseur de primes tenant son surnom de ses origines mandaloriennes, cherche une nouvelle mission qui paye bien. Greef Karga, un agent de sa Guilde, l'oriente vers un myst\u00e9rieux Client qui le charge de lui ramener un Objectif... mort ou vif. Mando ne sait pas encore que cette qu\u00eate va bouleverser son existence !","authors":["Y\u00fbsuke Osawa"],"category_codes":["3000000","3040000","3040600","3040603"],"visuals":{"large":"https:\/\/images.epagine.fr\/810\/9782373499810_1_75.jpg","medium":"https:\/\/images.epagine.fr\/810\/9782373499810_1_m.jpg","thumbnail":"https:\/\/images.epagine.fr\/810\/9782373499810_1_v.jpg"},"orderable":true,"show_badge":true,"formatted_price":"7,90&nbsp;\u20ac","formatted_published_date":"19 avril 2023","publisher_availability_label":"Sur commande","short_details":"Y\u00fbsuke Osawa \u2014 Nobi Nobi","translator":null,"weight":178,"page_count":178,"readership":"\u00e0 partir de 10 ANS","editor":"Nobi Nobi","price":790,"published_date":"2023-04-18T22:00:00.000000Z","support":"Poche","publisher_availability":1,"stock":0,"editions":[],"url":"https:\/\/quaidesbrumes.com\/ouvrage\/9782373499810\/star-wars-the-mandalorian-tome-1"},{"id":"9782017168850","title":"Les footballissimes Tome 1","description":"L'\u00e9quipe de football du coll\u00e8ge Soto Alto n'est pas seulement une \u00e9quipe de football scolaire. C'est beaucoup plus. Les neufs joueurs qui la composent, gar\u00e7ons et filles, ont fait un pacte d'amiti\u00e9. Rien ni personne ne pourra jamais les s\u00e9parer. Quoi qu'il arrive, \u00ab Les Footballissimes \u00bb se battront pour que leur \u00e9quipe ne disparaisse jamais. Quand des arbitres se mettent \u00e0 voler en plein milieu de leurs matchs, Les Footballissimes d\u00e9cident de mener leur propre enqu\u00eate. Car ils sont persuad\u00e9s que leur \u00e9quipe est victime d'un complot...","authors":["Roberto Santiago","Carlos Lluch","Yvelise Rabier"],"category_codes":["3000000","3020000","3020200","3020209"],"visuals":{"large":"https:\/\/images.epagine.fr\/850\/9782017168850_1_75.jpg","medium":"https:\/\/images.epagine.fr\/850\/9782017168850_1_m.jpg","thumbnail":"https:\/\/images.epagine.fr\/850\/9782017168850_1_v.jpg"},"orderable":true,"show_badge":true,"formatted_price":"11,95&nbsp;\u20ac","formatted_published_date":"31 mai 2023","publisher_availability_label":"Sur commande","short_details":"Roberto Santiago, Carlos Lluch, Yvelise Rabier \u2014 Hachette Comics","translator":"YVELISE RABIER","weight":454,"page_count":56,"readership":"\u00e0 partir de 9 ANS","editor":"Hachette Comics","price":1195,"published_date":"2023-05-30T22:00:00.000000Z","support":"Grand format","publisher_availability":1,"stock":0,"editions":[],"url":"https:\/\/quaidesbrumes.com\/ouvrage\/9782017168850\/les-footballissimes-tome-1"},{"id":"9782302083639","title":"Splatoon - histoires poulpes Tome 1","description":"La licence la plus flashy du jeu vid\u00e9o fait son retour chez Soleil Manga ! Calamars, poulpes et autres fruits de mers se retrouvent pour partager de courtes aventures burlesques ! Gags \u00e0 foison au milieu de combats ridicules, humour garanti sur les terrains de jeu !","authors":["Hideki Got\u00f4","Florent Gorges"],"category_codes":["3000000","3040000","3040500","3040510"],"visuals":{"large":"https:\/\/images.epagine.fr\/639\/9782302083639_1_75.jpg","medium":"https:\/\/images.epagine.fr\/639\/9782302083639_1_m.jpg","thumbnail":"https:\/\/images.epagine.fr\/639\/9782302083639_1_v.jpg"},"orderable":true,"show_badge":true,"formatted_price":"8,50&nbsp;\u20ac","formatted_published_date":"2 septembre 2020","publisher_availability_label":"Sur commande","short_details":"Hideki Got\u00f4, Florent Gorges \u2014 Soleil","translator":"FLORENT GORGES","weight":140,"page_count":128,"readership":"\u00e0 partir de 6 ANS","editor":"Soleil","price":850,"published_date":"2020-09-01T22:00:00.000000Z","support":"Poche","publisher_availability":1,"stock":0,"editions":[],"url":"https:\/\/quaidesbrumes.com\/ouvrage\/9782302083639\/splatoon-histoires-poulpes-tome-1"},{"id":"9782731646672","title":"M\u00e9ta-Baron Tome 2 : Khonrad l'anti-Baron","description":"Depuis que le M\u00e9ta-Baron a an\u00e9anti l'Empire, le chaos a profit\u00e9 aux inf\u00e2mes Techno-Technos. Contr\u00f4lant l'\u00e9pyphite, le carburant des voyages interstellaires, ceux-ci ont largement assis leur domination sur la galaxie. Lorsqu'ils apprennent que le M\u00e9ta-Baron fait route vers Marmola, unique source d'\u00e9pyphite, ils font appel \u00e0 Wilhelm-100. Ce Techno-Amiral, r\u00e9put\u00e9 pour son invincibilit\u00e9 et sa cruaut\u00e9, peut-il arr\u00eater le guerrier le plus puissant de l'univers ? C'est un combat de titans qui s'engage...\r","authors":["Jerry Frissen","Alexandro Jodorowsky","Valentin S\u00e9cher"],"category_codes":["3000000","3020000","3020100","3020104"],"visuals":{"large":"https:\/\/images.epagine.fr\/672\/9782731646672_1_75.jpg","medium":"https:\/\/images.epagine.fr\/672\/9782731646672_1_m.jpg","thumbnail":"https:\/\/images.epagine.fr\/672\/9782731646672_1_v.jpg"},"orderable":true,"show_badge":true,"formatted_price":"15,50&nbsp;\u20ac","formatted_published_date":"1er juin 2016","publisher_availability_label":"Sur commande","short_details":"Jerry Frissen, Alexandro Jodorowsky, Valentin S\u00e9cher \u2014 Les Humano\u00efdes Associ\u00e9s","translator":null,"weight":676,"page_count":64,"readership":"\u00e0 partir de 15 ans","editor":"Les Humano\u00efdes Associ\u00e9s","price":1550,"published_date":"2016-05-31T22:00:00.000000Z","support":"Grand format","publisher_availability":1,"stock":0,"editions":["9782731650563"],"url":"https:\/\/quaidesbrumes.com\/ouvrage\/9782731646672\/meta-baron-tome-2-khonrad-lanti-baron"},{"id":"9782390340256","title":"Petit Poilu Tome 11 : petit poilu poche - tome 11 - l'hopital des docteurs toc-toc (reedition)","description":"Comme chaque matin, Petit Poilu marche avec entrain sur le chemin. Tout \u00e0 coup, un myst\u00e9rieux nuage gris lui enveloppe la t\u00eate. Petit Poilu \u00e9ternue, tousse. Il faut qu'il se mouche ! Heureusement, le nuage s'en va et Petit Poilu reprend sa route. Apr\u00e8s quelques m\u00e8tres, un \u00e9trange ascenseur s'ouvre \u00e0 lui. Intrigu\u00e9, Petit Poilu p\u00e9n\u00e8tre \u00e0 l'int\u00e9rieur... L'ascenseur se referme brutalement et notre petit bonhomme, d\u00e9sempar\u00e9, appuie sur les boutons lumineux. Mais voil\u00e0 que l'ascenseur monte \u00e0 toute vitesse ! Lorsque la porte s'ouvre enfin, il tombe nez \u00e0 nez avec un dr\u00f4le de docteur \u00e0 2 t\u00eates. Ce sont les docteurs Toc-Toc ! Ceux-ci examinent Petit Poilu et lui d\u00e9couvrent un vilain virus nomm\u00e9 Malfichu. Petit Poilu doit se faire hospitaliser... Heureusement, il partage sa chambre d'h\u00f4pital avec le gentil petit Paul qui l'accueille \u00e0 bras ouverts. Les infirmi\u00e8res Aspirine et Sparadra lui r\u00e9servent de bien belles surprises avec leurs pitreries ! Et m\u00eame l'impressionnante Piq\u00fbousette parvient \u00e0 le faire sourire ! Les docteurs Toc-Toc sont fiers de Petit Poilu. Il a \u00e9t\u00e9 courageux et Malfichu s'en est all\u00e9. Pour f\u00eater \u00e7a, une tourn\u00e9e g\u00e9n\u00e9rale de g\u00e2teaux \u00e0 la cr\u00e8me fra\u00eeche !","authors":["C\u00e9line Fraipont","Pierre Bailly"],"category_codes":["3000000","3020000","3020200","3020209"],"visuals":{"large":"https:\/\/images.epagine.fr\/256\/9782390340256_1_75.jpg","medium":"https:\/\/images.epagine.fr\/256\/9782390340256_1_m.jpg","thumbnail":"https:\/\/images.epagine.fr\/256\/9782390340256_1_v.jpg"},"orderable":true,"show_badge":true,"formatted_price":"6,90&nbsp;\u20ac","formatted_published_date":"1er octobre 2018","publisher_availability_label":"Sur commande","short_details":"C\u00e9line Fraipont, Pierre Bailly \u2014 Dupuis","translator":null,"weight":85,"page_count":32,"readership":"\u00e0 partir de 3 ANS","editor":"Dupuis","price":690,"published_date":"2018-09-30T22:00:00.000000Z","support":"Grand format","publisher_availability":1,"stock":0,"editions":[],"url":"https:\/\/quaidesbrumes.com\/ouvrage\/9782390340256\/petit-poilu-tome-11-petit-poilu-poche-tome-11-lhopital-des-docteurs-toc-toc-reedition"},{"id":"9782505075837","title":"D\u00e9tective Conan Tome 95","description":"Les bases du manga sont pos\u00e9es: Conan habite chez Ran et il se sert de Kogoro pour r\u00e9soudre ses enqu\u00eates incognito. Ses gadgets lui donnent un c\u00f4t\u00e9 \u00ab James Bond \u00bb","authors":["G\u00f4sh\u00f4 Aoyama","Cyril Coppini"],"category_codes":["3000000","3040000","3040500","3040506"],"visuals":{"large":"https:\/\/images.epagine.fr\/837\/9782505075837_1_75.jpg","medium":"https:\/\/images.epagine.fr\/837\/9782505075837_1_m.jpg","thumbnail":"https:\/\/images.epagine.fr\/837\/9782505075837_1_v.jpg"},"orderable":true,"show_badge":true,"formatted_price":"7,30&nbsp;\u20ac","formatted_published_date":"5 avril 2019","publisher_availability_label":"Sur commande","short_details":"G\u00f4sh\u00f4 Aoyama, Cyril Coppini \u2014 Kana","translator":"CYRIL COPPINI","weight":134,"page_count":192,"readership":"\u00e0 partir de 12 ANS","editor":"Kana","price":730,"published_date":"2019-04-04T22:00:00.000000Z","support":"Poche","publisher_availability":1,"stock":0,"editions":[],"url":"https:\/\/quaidesbrumes.com\/ouvrage\/9782505075837\/detective-conan-tome-95"},{"id":"9782505113485","title":"Bucket list of the dead Tome 6","description":"Cela fait trois ans qu'Akira Tend\u00f4, 24 ans, travaille comme un forcen\u00e9 pour une soci\u00e9t\u00e9 esclavagiste. Il est en total burn out mais n'est m\u00eame plus assez lucide pour s'en apercevoir... jusqu'au jour o\u00f9 son quotidien bascule : les zombies ont pris le contr\u00f4le de Tokyo ?! Pour le jeune homme, c'est la d\u00e9livrance : rien de mieux qu'une bonne \u00e9pid\u00e9mie zombie pour enfin profiter joyeusement de chaque jour qui passe ! D\u00e9sormais, Akira va pouvoir croquer la vie \u00e0 pleines dents ! Pour ce faire, il d\u00e9cide de dresser une liste des 100 choses qu'il voudrait absolument faire avant de devenir un zombie ! Akira parviendra-t-il \u00e0 rayer toutes les lignes de sa liste avant de mourir ?","authors":["Haro As\u00f4","K\u00f4tar\u00f4 Takata"],"category_codes":["3000000","3040000","3040600","3040610"],"visuals":{"large":"https:\/\/images.epagine.fr\/485\/9782505113485_1_75.jpg","medium":"https:\/\/images.epagine.fr\/485\/9782505113485_1_m.jpg","thumbnail":"https:\/\/images.epagine.fr\/485\/9782505113485_1_v.jpg"},"orderable":true,"show_badge":true,"formatted_price":"8,10&nbsp;\u20ac","formatted_published_date":"26 ao\u00fbt 2022","publisher_availability_label":"Sur commande","short_details":"Haro As\u00f4, K\u00f4tar\u00f4 Takata \u2014 Kana","translator":null,"weight":134,"page_count":160,"readership":"\u00e0 partir de 14 ans","editor":"Kana","price":810,"published_date":"2022-08-25T22:00:00.000000Z","support":"Poche","publisher_availability":1,"stock":0,"editions":[],"url":"https:\/\/quaidesbrumes.com\/ouvrage\/9782505113485\/bucket-list-of-the-dead-tome-6"},{"id":"9782931105054","title":"Kathleen Tome 4 : innovation 67","description":"1967. Devenue journaliste, Kathleen se rend \u00e0 Paris pour un reportage. Une occasion pour profiter de la vie nocturne \u00e0 Saint-Germain-des-Pr\u00e9s. Elle y fait la connaissance de Tom. Ils se reverront \u00e0 Bruxelles et elle en tombera \u00e9perdument amoureuse.Le personnel du grand magasin Innovation, construit en partie par Victor Horta, \u00e0 Bruxelles, se pr\u00e9pare \u00e0 mettre \u00e0 l'honneur des produits venus des USA lors d'une \u00ab Semaine Am\u00e9ricaine \u00bb. Mais dans les rues, la contestation gronde.\r\nL'extr\u00eame-gauche multiplie les manifestations pour stopper l'imp\u00e9rialisme am\u00e9ricain et l'implication des USA dans la guerre du Vi\u00eatnam.\r\nAlors qu'une odeur de br\u00fbl\u00e9 se r\u00e9pand dans les rayons de l'Innovation, une personne l\u00e2che : \u00ab je donne ma vie pour le Vi\u00eatnam \u00bb. Plus de 260 personnes y trouveront la mort. Kathleen couvrira le d\u00e9roulement de l'enqu\u00eate. Les antiimp\u00e9rialistes sont-ils responsables de l'incendie ? Quel est le r\u00f4le de Tom ? Pourquoi Kathleen a-t-elle l'impression qu'il joue un double-jeu ?","authors":["Patrick Weber","Baudouin Deville","B\u00e9reng\u00e8re Marquebreucq"],"category_codes":["3000000","3020000","3020100","3020107"],"visuals":{"large":"https:\/\/images.epagine.fr\/054\/9782931105054_1_75.jpg","medium":"https:\/\/images.epagine.fr\/054\/9782931105054_1_m.jpg","thumbnail":"https:\/\/images.epagine.fr\/054\/9782931105054_1_v.jpg"},"orderable":true,"show_badge":true,"formatted_price":"16,95&nbsp;\u20ac","formatted_published_date":"12 novembre 2021","publisher_availability_label":"Sur commande","short_details":"Patrick Weber, Baudouin Deville, B\u00e9reng\u00e8re Marquebreucq \u2014 \u00c9ditions Anspach","translator":null,"weight":668,"page_count":64,"readership":null,"editor":"\u00c9ditions Anspach","price":1695,"published_date":"2021-11-11T23:00:00.000000Z","support":"Grand format","publisher_availability":1,"stock":0,"editions":[],"url":"https:\/\/quaidesbrumes.com\/ouvrage\/9782931105054\/kathleen-tome-4-innovation-67"}]}