{"data":[{"id":"9782361181932","title":"Les aventures de \u00ab Buck Danny \u00bb Classic Tome 3 : les fant\u00f4mes du soleil levant","description":null,"authors":["Fr\u00e9d\u00e9ric Marniquet","Fr\u00e9d\u00e9ric Zumbiehl","Jean-Michel Arroyo"],"category_codes":["3000000","3020000","3020200","3020209"],"visuals":{"large":"https:\/\/images.epagine.fr\/932\/9782361181932_1_75.jpg","medium":"https:\/\/images.epagine.fr\/932\/9782361181932_1_m.jpg","thumbnail":"https:\/\/images.epagine.fr\/932\/9782361181932_1_v.jpg"},"orderable":true,"show_badge":true,"formatted_price":"16,50&nbsp;\u20ac","formatted_published_date":"15 avril 2016","publisher_availability_label":"Sur commande","short_details":"Fr\u00e9d\u00e9ric Marniquet, Fr\u00e9d\u00e9ric Zumbiehl, Jean-Michel Arroyo \u2014 Zephyr","translator":null,"weight":614,"page_count":48,"readership":"\u00e0 partir de 9 ANS","editor":"Zephyr","price":1650,"published_date":"2016-04-14T22:00:00.000000Z","support":"Grand format","publisher_availability":1,"stock":0,"editions":[],"url":"https:\/\/quaidesbrumes.com\/ouvrage\/9782361181932\/les-aventures-de-buck-danny-classic-tome-3-les-fantomes-du-soleil-levant"},{"id":"9782380715088","title":"Mob psycho 100 Tome 2","description":"La nouvelle s\u00e9rie de ONE, l'auteur de ONE-PUNCH MAN !\r\nL'ombre et la lumi\u00e8re, Mob et Teru...\r\nDeux jeunes gar\u00e7ons dot\u00e9s de pouvoirs psychiques qui vont devoir s'affronter.\r\n\r\n\r\n\r\nShigeo Kageyama (alias  Mob ), un jeune gar\u00e7on taciturne, a an\u00e9anti la secte du Smiley gr\u00e2ce \u00e0 son attitude blas\u00e9e et \u00e0 ses impressionnants pouvoirs psychiques. Quant \u00e0 Teruki Hanazawa (alias  Teru ), chef de l'ombre du coll\u00e8ge du Vinaigre Noir, il a mis au tapis les voyous du coll\u00e8ge de Mob gr\u00e2ce \u00e0 ses incroyables pouvoirs.\r\n\r\n\r\n\r\n\r\nQue va-t-il se passer lorsque ces deux gar\u00e7ons dot\u00e9s de super pouvoirs vont se retrouver face \u00e0 face ?","authors":["One","Fr\u00e9d\u00e9ric Malet"],"category_codes":["3000000","3040000","3040500","3040510"],"visuals":{"large":"https:\/\/images.epagine.fr\/088\/9782380715088_1_75.jpg","medium":"https:\/\/images.epagine.fr\/088\/9782380715088_1_m.jpg","thumbnail":"https:\/\/images.epagine.fr\/088\/9782380715088_1_v.jpg"},"orderable":true,"show_badge":true,"formatted_price":"3,00&nbsp;\u20ac","formatted_published_date":"11 mai 2023","publisher_availability_label":"Sur commande","short_details":"One, Fr\u00e9d\u00e9ric Malet \u2014 Kurokawa","translator":"FREDERIC MALET","weight":178,"page_count":192,"readership":"\u00e0 partir de 12 ANS","editor":"Kurokawa","price":300,"published_date":"2023-05-10T22:00:00.000000Z","support":"Poche","publisher_availability":1,"stock":0,"editions":["9782368525036"],"url":"https:\/\/quaidesbrumes.com\/ouvrage\/9782380715088\/mob-psycho-100-tome-2"},{"id":"9782820332356","title":"Fire punch Tome 6","description":"Plong\u00e9s dans une nouvelle \u00e8re glaciaire o\u00f9 le chaos et la famine r\u00e8gnent sur terre, les hommes sont pr\u00eats \u00e0 tout pour survivre. Parmi eux, certains poss\u00e8dent des dons surnaturels. Agni et sa soeur Luna font partis de ces \u00e9lus et utilisent leur pouvoir de r\u00e9g\u00e9n\u00e9ration pour nourrir les habitants de leur village. Mais un jour, un terrible malheur les frappe. Agni sera le seul survivant d'un massacre qui a br\u00fbl\u00e9 ses proches. Il part alors dans une qu\u00eate effr\u00e9n\u00e9e pour assouvir sa soif de vengeance.","authors":["Tatsuki Fujimoto","Sylvain Chollet"],"category_codes":["3000000","3040000","3040600","3040603"],"visuals":{"large":"https:\/\/images.epagine.fr\/356\/9782820332356_1_75.jpg","medium":"https:\/\/images.epagine.fr\/356\/9782820332356_1_m.jpg","thumbnail":"https:\/\/images.epagine.fr\/356\/9782820332356_1_v.jpg"},"orderable":true,"show_badge":true,"formatted_price":"7,99&nbsp;\u20ac","formatted_published_date":"6 juin 2018","publisher_availability_label":"Sur commande","short_details":"Tatsuki Fujimoto, Sylvain Chollet \u2014 Crunchyroll","translator":"SYLVAIN CHOLLET","weight":178,"page_count":224,"readership":"\u00e0 partir de 16 ans","editor":"Crunchyroll","price":799,"published_date":"2018-06-05T22:00:00.000000Z","support":"Poche","publisher_availability":1,"stock":0,"editions":[],"url":"https:\/\/quaidesbrumes.com\/ouvrage\/9782820332356\/fire-punch-tome-6"},{"id":"9782369812296","title":"Avez-vous lu les classiques de la litt\u00e9rature ? Tome 1","description":"Vous n'avez pas encore lu Gatsby le Magnifique ? Vous avez oubli\u00e9 comment se termine Au Bonheur des Dames et ne savez plus de combien de volumes se compose \u00c0 la recherche du temps perdu ?...Pas de panique, ce recueil est fait pour vous ! Pascale Frey et Soledad Bravi r\u00e9sument en quelques pages de bulles malicieuses vingt grands classiques de la litt\u00e9rature.\r","authors":["Pascale Frey","Soledad Bravi"],"category_codes":["3000000","3020000","3020100","3020103"],"visuals":{"large":"https:\/\/images.epagine.fr\/296\/9782369812296_1_75.jpg","medium":"https:\/\/images.epagine.fr\/296\/9782369812296_1_m.jpg","thumbnail":"https:\/\/images.epagine.fr\/296\/9782369812296_1_v.jpg"},"orderable":true,"show_badge":true,"formatted_price":"15,00&nbsp;\u20ac","formatted_published_date":"7 novembre 2018","publisher_availability_label":"Sur commande","short_details":"Pascale Frey, Soledad Bravi \u2014 Rue de S\u00e8vres","translator":null,"weight":452,"page_count":168,"readership":null,"editor":"Rue de S\u00e8vres","price":1500,"published_date":"2018-11-06T23:00:00.000000Z","support":"Grand format","publisher_availability":1,"stock":0,"editions":[],"url":"https:\/\/quaidesbrumes.com\/ouvrage\/9782369812296\/avez-vous-lu-les-classiques-de-la-litterature-tome-1"},{"id":"9782373492606","title":"Astra ; lost in space Tome 2","description":"Naufrag\u00e9s dans l'espace apr\u00e8s avoir \u00e9t\u00e9 projet\u00e9s \u00e0 des ann\u00e9es-lumi\u00e8re de chez eux par une myst\u00e9rieuse sph\u00e8re lumineuse, les lyc\u00e9ens de l'\u00e9quipage B5 poursuivent leur route \u00e0 bord de l'Astra. Apr\u00e8s un premier s\u00e9jour mouvement\u00e9 sur Vilavurs, Aries et ses camarades se dirigent \u00e0 pr\u00e9sent vers leur deuxi\u00e8me \u00e9tape : la plan\u00e8te Shummoor.\u00a0 Alors que Kanata et Zack suspectent un membre du groupe d'avoir intentionnellement coup\u00e9 les moyens de communication du vaisseau, une remarque de Funicia vient renforcer leurs soup\u00e7ons. Mais un probl\u00e8me plus urgent s'impose \u00e0 eux lorsque l'Astra menace de s'\u00e9craser !\r","authors":["Kenta Shinohara","Manon Debienne"],"category_codes":["3000000","3040000","3040500","3040503"],"visuals":{"large":"https:\/\/images.epagine.fr\/606\/9782373492606_1_75.jpg","medium":"https:\/\/images.epagine.fr\/606\/9782373492606_1_m.jpg","thumbnail":"https:\/\/images.epagine.fr\/606\/9782373492606_1_v.jpg"},"orderable":true,"show_badge":true,"formatted_price":"7,20&nbsp;\u20ac","formatted_published_date":"9 mai 2019","publisher_availability_label":"Sur commande","short_details":"Kenta Shinohara, Manon Debienne \u2014 Nobi Nobi","translator":"MANON DEBIENNE","weight":226,"page_count":208,"readership":"\u00e0 partir de 12 ANS","editor":"Nobi Nobi","price":720,"published_date":"2019-05-08T22:00:00.000000Z","support":"Poche","publisher_availability":1,"stock":0,"editions":[],"url":"https:\/\/quaidesbrumes.com\/ouvrage\/9782373492606\/astra-lost-in-space-tome-2"},{"id":"9782818968383","title":"Une vie avec Alexandra David-N\u00e9el Tome 4","description":"Le plus grand explorateur du XXe si\u00e8cle est une femme... M\u00eame apr\u00e8s sa mort, Alexandra David-N\u00e9el continue de d\u00e9voiler les secrets de son incroyable destin.Parmi les tr\u00e9sors laiss\u00e9s par la grande exploratrice, Marie-Madeleine, son ancienne servante et confidente, d\u00e9couvre une statuette en bronze de Bouddha d'une valeur inestimable, offerte par le fils du maharaja du Sikkim, qui lui ouvrit jadis les portes du Tibet.Pour Marie-Madeleine d\u00e9bute alors une nouvelle mission : r\u00e9pondre aux derni\u00e8res volont\u00e9s de la d\u00e9funte en rapportant la pr\u00e9cieuse statuette dans sa patrie d'origine...","authors":["Fr\u00e9d\u00e9ric Campoy","Mathieu Blanchot"],"category_codes":["3000000","3020000","3020100","3020103"],"visuals":{"large":"https:\/\/images.epagine.fr\/383\/9782818968383_1_75.jpg","medium":"https:\/\/images.epagine.fr\/383\/9782818968383_1_m.jpg","thumbnail":"https:\/\/images.epagine.fr\/383\/9782818968383_1_v.jpg"},"orderable":true,"show_badge":true,"formatted_price":"19,90&nbsp;\u20ac","formatted_published_date":"24 juin 2020","publisher_availability_label":"Sur commande","short_details":"Fr\u00e9d\u00e9ric Campoy, Mathieu Blanchot \u2014 Bamboo","translator":null,"weight":686,"page_count":96,"readership":null,"editor":"Bamboo","price":1990,"published_date":"2020-06-23T22:00:00.000000Z","support":"Grand format","publisher_availability":1,"stock":0,"editions":[],"url":"https:\/\/quaidesbrumes.com\/ouvrage\/9782818968383\/une-vie-avec-alexandra-david-neel-tome-4"},{"id":"9782811686284","title":"A couple of cuckoos Tome 13","description":"Hello, c'est moi, Sachi ! La f\u00eate du lyc\u00e9e bat son plein. Nagi et Erika s'affichent ensemble en pr\u00e9vision de leur participation au concours  M-1. Sauf que quand arrive le moment fatidique,  c'est l'incompr\u00e9hension dans le public. Pire, \u00e7a tourne carr\u00e9ment au drame ! #bagarre Erika cherche \u00e0 r\u00e9conforter Nagi. Elle lui cuisine m\u00eame  un petit plat. Et puis, je ne sais pas ce qui lui passe par  la t\u00eate mais elle se penche vers lui et... #sousmesyeux  Apr\u00e8s \u00e7a, c'est la confusion g\u00e9n\u00e9rale et je dois avouer  que c'est un peu ma faute parce que je ne sais pas  tenir ma langue ! Ce qui est s\u00fbr, c'est que Nagi et Erika  devraient en discuter... Mais Hiro compte bien mettre  son grain de sel ! #monfr\u00e8recetombeur","authors":["Miki Yoshikawa"],"category_codes":["3000000","3040000","3040500","3040509"],"visuals":{"large":"https:\/\/images.epagine.fr\/284\/9782811686284_1_75.jpg","medium":"https:\/\/images.epagine.fr\/284\/9782811686284_1_m.jpg","thumbnail":"https:\/\/images.epagine.fr\/284\/9782811686284_1_v.jpg"},"orderable":true,"show_badge":true,"formatted_price":"7,20&nbsp;\u20ac","formatted_published_date":"6 mars 2024","publisher_availability_label":"Sur commande","short_details":"Miki Yoshikawa \u2014 Pika \u00c9dition","translator":null,"weight":164,"page_count":192,"readership":"\u00e0 partir de 12 ANS","editor":"Pika \u00c9dition","price":720,"published_date":"2024-03-05T23:00:00.000000Z","support":"Poche","publisher_availability":1,"stock":0,"editions":[],"url":"https:\/\/quaidesbrumes.com\/ouvrage\/9782811686284\/a-couple-of-cuckoos-tome-13"},{"id":"9782344007457","title":"Ajin Tome 2","description":"Toujours en cavale, Kei Nagai, le lyc\u00e9en devenu Ajin, d\u00e9couvre que ces hommes d'un genre nouveau sont plus que de simples immortels. Qualifi\u00e9s d'inoffensifs par le gouvernement, certains semblent dot\u00e9s de redoutables alter ego qu'ils ont le pouvoir de faire appara\u00eetre \u00e0 loisir\u00a0: les fant\u00f4mes noirs. Laissant son seul alli\u00e9 derri\u00e8re lui, Kei part \u00e0 la rencontre des \"autres\".\r","authors":["Tsuina Miura","Gamon Sakurai"],"category_codes":["3000000","3040000","3040600","3040605"],"visuals":{"large":"https:\/\/images.epagine.fr\/457\/9782344007457_1_75.jpg","medium":"https:\/\/images.epagine.fr\/457\/9782344007457_1_m.jpg","thumbnail":"https:\/\/images.epagine.fr\/457\/9782344007457_1_v.jpg"},"orderable":true,"show_badge":true,"formatted_price":"7,90&nbsp;\u20ac","formatted_published_date":"2 septembre 2015","publisher_availability_label":"Sur commande","short_details":"Tsuina Miura, Gamon Sakurai \u2014 Gl\u00e9nat","translator":null,"weight":160,"page_count":194,"readership":"\u00e0 partir de 14 ans","editor":"Gl\u00e9nat","price":790,"published_date":"2015-09-01T22:00:00.000000Z","support":"Poche","publisher_availability":1,"stock":0,"editions":[],"url":"https:\/\/quaidesbrumes.com\/ouvrage\/9782344007457\/ajin-tome-2"},{"id":"9782344048078","title":"Dragon Ball : le super livre Tome 1 : l'histoire et l'univers","description":"La Bible des fans de Dragon BallCe guide officiel de plus de 350 pages est compos\u00e9 de deux grandes parties : dans le guide de l'histoire, vous pourrez retrouver une pr\u00e9sentation de chaque tome, des personnages principaux et secondaires ainsi qu'une r\u00e9trospective des plus grands combats et de chaque technique utilis\u00e9e. Le guide du monde, quant \u00e0 lui, met l'accent sur les lieux, les ethnies, ainsi que les v\u00e9hicules et les accessoires propres \u00e0 Dragon Ball. Cette \u00e9dition augment\u00e9e propose \u00e9galement des dossiers exclusifs qui pr\u00e9sentent les nouveaux lieux et personnages issus des s\u00e9ries plus r\u00e9centes : Dragon Ball Super, Nekomajin Z, etc. Ajoutez \u00e0 \u00e7a des interviews d'Akira Toriyama en personne, et l'univers de Dragon Ball n'aura plus de secrets pour vous !","authors":["Akira Toriyama"],"category_codes":["3000000","3040000","3040500","3040508"],"visuals":{"large":"https:\/\/images.epagine.fr\/078\/9782344048078_1_75.jpg","medium":"https:\/\/images.epagine.fr\/078\/9782344048078_1_m.jpg","thumbnail":"https:\/\/images.epagine.fr\/078\/9782344048078_1_v.jpg"},"orderable":true,"show_badge":true,"formatted_price":"32,00&nbsp;\u20ac","formatted_published_date":"17 novembre 2021","publisher_availability_label":"Sur commande","short_details":"Akira Toriyama \u2014 Gl\u00e9nat","translator":null,"weight":1350,"page_count":364,"readership":null,"editor":"Gl\u00e9nat","price":3200,"published_date":"2021-11-16T23:00:00.000000Z","support":"Grand format","publisher_availability":1,"stock":0,"editions":[],"url":"https:\/\/quaidesbrumes.com\/ouvrage\/9782344048078\/dragon-ball-le-super-livre-tome-1-lhistoire-et-lunivers"},{"id":"9782723497046","title":"The ghost in the shell - perfect edition Tome 2","description":"Quatre ans ont pass\u00e9 depuis que le major a fusionn\u00e9 avec la forme de vie artificielle et quitt\u00e9 la Section 9. Sous le nom de Motoko Aramaki, elle travaille pour Pos\u00e9idon Industries dont elle assure la s\u00e9curit\u00e9 des int\u00e9r\u00eats ; mais elle est toujours surveill\u00e9e par le Bureau de Parapsychologie. Une enqu\u00eate apparemment de routine suite \u00e0 l'attaque d'une usine de clonage va, de cyber-combat en cyber-combat, la conduire vers une nouvelle r\u00e9volution scientifique et humaine...\r","authors":["Masamune Shirow"],"category_codes":["3000000","3040000","3040600","3040603"],"visuals":{"large":"https:\/\/images.epagine.fr\/046\/9782723497046_1_75.jpg","medium":"https:\/\/images.epagine.fr\/046\/9782723497046_1_m.jpg","thumbnail":"https:\/\/images.epagine.fr\/046\/9782723497046_1_v.jpg"},"orderable":true,"show_badge":true,"formatted_price":"14,95&nbsp;\u20ac","formatted_published_date":"7 juin 2017","publisher_availability_label":"Sur commande","short_details":"Masamune Shirow \u2014 Gl\u00e9nat","translator":null,"weight":454,"page_count":304,"readership":"\u00e0 partir de 14 ans","editor":"Gl\u00e9nat","price":1495,"published_date":"2017-06-06T22:00:00.000000Z","support":"Grand format","publisher_availability":1,"stock":0,"editions":[],"url":"https:\/\/quaidesbrumes.com\/ouvrage\/9782723497046\/the-ghost-in-the-shell-perfect-edition-tome-2"},{"id":"9782820350381","title":"Blue exorcist Tome 30","description":"Rin et ses camarades ont r\u00e9ussi \u00e0 an\u00e9antir l'enveloppe charnelle de Satan, mais celui-ci se lance aussit\u00f4t \u00e0 la recherche d'un nouveau corps et commence \u00e0 envahir la Terre elle-m\u00eame. Gri\u00e8vement bless\u00e9e, Samyaza confie \u00e0 Shiemi la t\u00e2che d\u00e9licate de sceller le terrible adversaire. Quelle surprise pour ses amis de reconna\u00eetre sa voix lorsqu'elle s'adresse aux troupes !","authors":["Kazue Kato"],"category_codes":["3000000","3040000","3040500","3040508"],"visuals":{"large":"https:\/\/images.epagine.fr\/381\/9782820350381_1_75.jpg","medium":"https:\/\/images.epagine.fr\/381\/9782820350381_1_m.jpg","thumbnail":"https:\/\/images.epagine.fr\/381\/9782820350381_1_v.jpg"},"orderable":true,"show_badge":true,"formatted_price":"7,25&nbsp;\u20ac","formatted_published_date":"13 novembre 2024","publisher_availability_label":"Sur commande","short_details":"Kazue Kato \u2014 Crunchyroll","translator":null,"weight":146,"page_count":192,"readership":"\u00e0 partir de 12 ANS","editor":"Crunchyroll","price":725,"published_date":"2024-11-12T23:00:00.000000Z","support":"Poche","publisher_availability":1,"stock":0,"editions":[],"url":"https:\/\/quaidesbrumes.com\/ouvrage\/9782820350381\/blue-exorcist-tome-30"},{"id":"9782811696931","title":"A couple of cuckoos Tome 18","description":"Hello les abos !On ne s'ennuie pas, ces derniers temps... C'est \u00e0 peine si j'ai le temps de poster ! Pour mon plus grand bonheur, j'ai retrouv\u00e9 mon fr\u00e8re a\u00een\u00e9, S\u00f4suke ! Il a d\u00e9barqu\u00e9 sans pr\u00e9venir pour me conduire \u00e0 Enoshima dans sa belle voiture bleue. Nous y avons pass\u00e9 la soir\u00e9e en t\u00eate-\u00e0-t\u00eate ! #fr\u00e8reetsoeurDe son c\u00f4t\u00e9, Nagi a d\u00e9cid\u00e9 d'accompagner Hiro \u00e0 son cours de boxe. Le pauvre ne s'attendait pas \u00e0 ce que les reproches pleuvent autant que les coups ! Sa petite amie n'a visiblement pas dig\u00e9r\u00e9 sa br\u00e8ve cohabitation avec A\u00ef. #jalousieEt puis nous avons f\u00eat\u00e9 No\u00ebl tous ensemble... Le premier r\u00e9veillon de ma vie ! \u00c9videmment, rien ne s'est pass\u00e9 comme pr\u00e9vu... #joyeuxno\u00ebl","authors":["Miki Yoshikawa"],"category_codes":["3000000","3040000","3040500","3040509"],"visuals":{"large":"https:\/\/images.epagine.fr\/931\/9782811696931_1_75.jpg","medium":"https:\/\/images.epagine.fr\/931\/9782811696931_1_m.jpg","thumbnail":"https:\/\/images.epagine.fr\/931\/9782811696931_1_v.jpg"},"orderable":true,"show_badge":true,"formatted_price":"7,20&nbsp;\u20ac","formatted_published_date":"8 janvier 2025","publisher_availability_label":"Sur commande","short_details":"Miki Yoshikawa \u2014 Pika \u00c9dition","translator":null,"weight":164,"page_count":192,"readership":"\u00e0 partir de 12 ANS","editor":"Pika \u00c9dition","price":720,"published_date":"2025-01-07T23:00:00.000000Z","support":"Poche","publisher_availability":1,"stock":0,"editions":[],"url":"https:\/\/quaidesbrumes.com\/ouvrage\/9782811696931\/a-couple-of-cuckoos-tome-18"},{"id":"9791038207387","title":"Bienvenue chez Smitch : Entreprise moderne","description":"D\u00e9couvrez les coulisses du rachat de l'entreprise familiale Lambertin & Fils. L'occasion de jeter un oeil dans les rouages d'une entreprise fran\u00e7aise dirig\u00e9e par un patron qui ne contr\u00f4le plus rien !\r\nLaurent Lambertin est PDG d'une entreprise fran\u00e7aise. Il a l'ambition de s'associer \u00e0 une grosse firme am\u00e9ricaine pour prendre de l'ampleur \u00e0 l'internationale. Mais l'interlocuteur venu des \u00c9tats-Unis n'a tout \u00e0 fait le m\u00eame le projet en t\u00eate : il souhaite racheter la soci\u00e9t\u00e9 fran\u00e7aise.\r\n \r\n\u00c0 quelle sauce les am\u00e9ricains vont-ils d\u00e9vorer cette entreprise ? Comment Lambertin va-t-il g\u00e9rer ce rachat et la gestion humaine de ses collaborateurs ?\r\n \r\n\u00c9rik Tartrais tourne en d\u00e9rision le monde de l'entreprise avec l'oeil affut\u00e9 de celui qui a enqu\u00eat\u00e9 sur le terrain. Entre un PDG qui n'a clairement pas invent\u00e9 l'eau chaude, les nouvelles m\u00e9thodes de management \u00e0 l'am\u00e9ricaine qu'il va falloir mettre en place, et le m\u00e9contentement des salari\u00e9s... Chez Lambertin & fils, le changement c'est maintenant, et c'est pas gagn\u00e9 !","authors":["Erik Tartrais"],"category_codes":["3000000","3020000","3020100","3020111"],"visuals":{"large":"https:\/\/images.epagine.fr\/387\/9791038207387_1_75.jpg","medium":"https:\/\/images.epagine.fr\/387\/9791038207387_1_m.jpg","thumbnail":"https:\/\/images.epagine.fr\/387\/9791038207387_1_v.jpg"},"orderable":true,"show_badge":true,"formatted_price":"13,90&nbsp;\u20ac","formatted_published_date":"8 janvier 2025","publisher_availability_label":"Sur commande","short_details":"Erik Tartrais \u2014 Fluide Glacial","translator":null,"weight":565,"page_count":56,"readership":null,"editor":"Fluide Glacial","price":1390,"published_date":"2025-01-07T23:00:00.000000Z","support":"Grand format","publisher_availability":1,"stock":0,"editions":[],"url":"https:\/\/quaidesbrumes.com\/ouvrage\/9791038207387\/bienvenue-chez-smitch-entreprise-moderne"},{"id":"9791036378935","title":"Pape Fran\u00e7ois - saint Jean-Paul II - saint Jean XXIII en BD","description":"Ce volume de la collection \u00ab Les Chercheurs de Dieu \u00bb raconte l'engagement de trois papes qui ont marqu\u00e9 le destin de l'\u00c9glise : Fran\u00e7ois, saint Jean-Paul II et saint Jean XXIII.Trois papes en qu\u00eate d'un monde plus fraternel\r\nLes papes Fran\u00e7ois, Jean-Paul II et Jean XXIII ont consacr\u00e9 leur vie \u00e0 la construction d'un monde plus fraternel et plus solidaire, guid\u00e9s par leur foi et les valeurs de la religion chr\u00e9tienne. Leurs engagements respectifs en faveur de la justice sociale et de la dignit\u00e9 humaine ont inspir\u00e9 des millions de croyants, si bien que deux de ces papes ont \u00e9t\u00e9 appel\u00e9s \u00ab saints \u00bb apr\u00e8s leur mort : Jean-Paul II et Jean XXIII, tous deux canonis\u00e9s en 2014 par le pape Fran\u00e7ois.La collection \u00ab Les Chercheurs de Dieu \u00bb\r\nDepuis 1992, la collection \u00ab Les Chercheurs de Dieu \u00bb met en lumi\u00e8re la vie, la foi et l'engagement de personnalit\u00e9s chr\u00e9tiennes qui ont laiss\u00e9 une empreinte significative dans leur \u00e9poque. Riches en anecdotes et en rebondissements, ces t\u00e9moignages permettent d'explorer l'histoire tout en stimulant la r\u00e9flexion spirituelle. Gr\u00e2ce \u00e0 des illustrations contemporaines et des pages documentaires, ces bandes dessin\u00e9es plongent les lecteurs dans ces p\u00e9riodes pass\u00e9es tout en demeurant accessibles aux enfants.","authors":["Collectif"],"category_codes":["3000000","3020000","3020200"],"visuals":{"large":"https:\/\/images.epagine.fr\/935\/9791036378935_1_75.jpg","medium":"https:\/\/images.epagine.fr\/935\/9791036378935_1_m.jpg","thumbnail":"https:\/\/images.epagine.fr\/935\/9791036378935_1_v.jpg"},"orderable":true,"show_badge":true,"formatted_price":"11,90&nbsp;\u20ac","formatted_published_date":"5 f\u00e9vrier 2025","publisher_availability_label":"Sur commande","short_details":"Collectif \u2014 Bayard soleil","translator":null,"weight":386,"page_count":48,"readership":null,"editor":"Bayard soleil","price":1190,"published_date":"2025-02-04T23:00:00.000000Z","support":"Grand format","publisher_availability":1,"stock":0,"editions":[],"url":"https:\/\/quaidesbrumes.com\/ouvrage\/9791036378935\/pape-francois-saint-jean-paul-ii-saint-jean-xxiii-en-bd"},{"id":"9791040804697","title":"Secret squelette","description":"Un ticket d'or pour le plus magique des parcs d'attraction !\r\n\r\nMacaron, un gar\u00e7on timide, r\u00eave d'entrer \u00e0 Secret Squelette, un parc \u00e0 th\u00e8me magique o\u00f9 dragons, licornes et gobelins se prom\u00e8nent en libert\u00e9. Ces cr\u00e9atures fantastiques, qui ont subi une extinction \u00e0 cause de l'industrialisation de la magie, ont \u00e9t\u00e9 ramen\u00e9es \u00e0 la vie par le c\u00e9l\u00e8bre inventeur Melon Muscle. Secret Squelette offre une chance unique de revivre une \u00e9poque f\u00e9\u00e9rique ! Le r\u00eave de Macaron devient r\u00e9alit\u00e9 lorsqu'il remporte par chance un ticket d'or cach\u00e9 dans un paquet de c\u00e9r\u00e9ales, \u00e0 l'occasion de la derni\u00e8re op\u00e9ration promotionnelle du parc.\r\n\r\nMais ce qui promettait d'\u00eatre une aventure inoubliable se transforme rapidement en cauchemar lorsque la toute derni\u00e8re attraction, un redoutable n\u00e9cromancien, \u00e9chappe au contr\u00f4le de ses gardiens...","authors":["Cyprien Hotte"],"category_codes":["3000000","3020000","3020200","3020209"],"visuals":{"large":"https:\/\/images.epagine.fr\/697\/9791040804697_1_75.jpg","medium":"https:\/\/images.epagine.fr\/697\/9791040804697_1_m.jpg","thumbnail":"https:\/\/images.epagine.fr\/697\/9791040804697_1_v.jpg"},"orderable":true,"show_badge":true,"formatted_price":"17,90&nbsp;\u20ac","formatted_published_date":"5 f\u00e9vrier 2025","publisher_availability_label":"Sur commande","short_details":"Cyprien Hotte \u2014 Sarbacane","translator":null,"weight":590,"page_count":168,"readership":"\u00e0 partir de 9 ANS","editor":"Sarbacane","price":1790,"published_date":"2025-02-04T23:00:00.000000Z","support":"Grand format","publisher_availability":1,"stock":0,"editions":[],"url":"https:\/\/quaidesbrumes.com\/ouvrage\/9791040804697\/secret-squelette"},{"id":"9782258210349","title":"La promesse","description":"L'adaptation graphique de La Promesse , l'enqu\u00eate intime de l'autrice sur l'histoire tragique de sa famille.\r\n\" J'ai trois pr\u00e9noms : Marie, Madeleine et Frida. Un qui dissimule. Un qui prot\u00e8ge. Un qui r\u00e9v\u00e8le et trahit les origines. \"\r\n\r\nLongtemps, Marie a tout ignor\u00e9 du secret de son p\u00e8re. Jusqu'au jour o\u00f9 il se livre en lui demandant de ne rien d\u00e9voiler.\r\nIl est question d'une promesse faite aux grands-parents de Marie \u00e0 Drancy en 1942. Celle de sauver un enfant de la d\u00e9portation et de veiller sur lui.\r\nPendant vingt ans, Marie m\u00e8ne l'enqu\u00eate pour conna\u00eetre la v\u00e9rit\u00e9 et pouvoir transmettre \u00e0 ses filles le secret de leurs origines.\r\n\r\nPubli\u00e9 en 2023 aux \u00e9ditions Robert Laffont, La Promesse a \u00e9t\u00e9 pl\u00e9biscit\u00e9 par la presse et les lecteurs. Aujourd'hui, c'est avec l'artiste allemande Julia Freund et le com\u00e9dien et sc\u00e9nariste belge Nicolas Buysse que Marie de Lattre perp\u00e9tue son devoir de m\u00e9moire en adaptant son histoire sous la forme d'un roman graphique.","authors":["Marie de Lattre","Nicolas Buysse","Julia Freund"],"category_codes":["3000000","3020000","3020100","3020102"],"visuals":{"large":"https:\/\/images.epagine.fr\/349\/9782258210349_1_75.jpg","medium":"https:\/\/images.epagine.fr\/349\/9782258210349_1_m.jpg","thumbnail":"https:\/\/images.epagine.fr\/349\/9782258210349_1_v.jpg"},"orderable":true,"show_badge":true,"formatted_price":"25,00&nbsp;\u20ac","formatted_published_date":"13 mars 2025","publisher_availability_label":"Sur commande","short_details":"Marie de Lattre, Nicolas Buysse, Julia Freund \u2014 Les Presses de la Cit\u00e9","translator":null,"weight":768,"page_count":160,"readership":"Tout public","editor":"Les Presses de la Cit\u00e9","price":2500,"published_date":"2025-03-12T23:00:00.000000Z","support":"Grand format","publisher_availability":1,"stock":0,"editions":[],"url":"https:\/\/quaidesbrumes.com\/ouvrage\/9782258210349\/la-promesse"},{"id":"9782344054567","title":"Jeanne des embruns Tome 1 : Nacre et Cobalt","description":"\u00c0 la d\u00e9couverte du peuple des mers !Jeanne des embruns est n\u00e9e un jour de temp\u00eate. Fille du marquis de Gabrini et de la marquise Hanne, son enfance est berc\u00e9e par les vagues. C'est dans cette atmosph\u00e8re maritime que grandit Jeanne qui sent qu'un lien particulier la relie \u00e0 l'oc\u00e9an. Lorsque sa m\u00e8re meurt, la jeune fille se promet de poursuivre l'exploration du monde aquatique, jusqu'au jour o\u00f9 elle fait une rencontre des plus surprenantes. Est-ce bien une sir\u00e8ne qu'elle a entraper\u00e7ue en plongeant dans les profondeurs ? En ce si\u00e8cle des Lumi\u00e8res, o\u00f9 les connaissances scientifiques \u00e9voluent chaque jour, son p\u00e8re, un savant, doute de l'existence de ces \u00eatres. Pourtant, bient\u00f4t les chants de Jeanne vont lui permettre d'entrer en contact avec ce peuple m\u00e9connu. Elle rencontre 2 t\u00eatards, des enfants-sir\u00e8nes qui ont trouv\u00e9 refuge dans le Golfe pour \u00e9chapper \u00e0 Sarisse, un sir\u00e9nier qui les traque sans rel\u00e2che. Pour aider ces cr\u00e9atures magnifiques, Jeanne va prendre tous les risques y compris celui d'impliquer son p\u00e8re. Peut-\u00eatre que l'heure est venue pour Jeanne de prendre le large et de d\u00e9couvrir des horizons aussi myst\u00e9rieux que fascinants afin de percer les secrets de ses origines.\r\nPartez \u00e0 la d\u00e9couverte de cr\u00e9atures extraordinaires \u00e0 travers cette nouvelle trilogie pleine de po\u00e9sie, de m\u00e9lancolie et de merveilleux. \u00c0 la crois\u00e9e des influences nordiques, des mythes et l\u00e9gendes, Jean-Christophe Deveney et Valentin Varrel d\u00e9veloppent l'univers des sir\u00e8nes avec fantaisie gr\u00e2ce \u00e0 un dessin harmonieux h\u00e9rit\u00e9 de l'animation.","authors":["Jean-Christophe Deveney","Valentin Varrel"],"category_codes":["3000000","3020000","3020200","3020205"],"visuals":{"large":"https:\/\/images.epagine.fr\/567\/9782344054567_1_75.jpg","medium":"https:\/\/images.epagine.fr\/567\/9782344054567_1_m.jpg","thumbnail":"https:\/\/images.epagine.fr\/567\/9782344054567_1_v.jpg"},"orderable":true,"show_badge":true,"formatted_price":"16,95&nbsp;\u20ac","formatted_published_date":"10 janvier 2024","publisher_availability_label":"Sur commande","short_details":"Jean-Christophe Deveney, Valentin Varrel \u2014 Gl\u00e9nat","translator":null,"weight":668,"page_count":104,"readership":null,"editor":"Gl\u00e9nat","price":1695,"published_date":"2024-01-09T23:00:00.000000Z","support":"Grand format","publisher_availability":1,"stock":0,"editions":[],"url":"https:\/\/quaidesbrumes.com\/ouvrage\/9782344054567\/jeanne-des-embruns-tome-1-nacre-et-cobalt"},{"id":"9782382812082","title":"Tunnel to summer Tome 1","description":"Un soir d'\u00e9t\u00e9, alors qu'il erre en pleine campagne, Kaoru T\u00f4no tombe sur un \u00e9trange tunnel. Serait-ce le fameux passage d'Urashima, cens\u00e9 exaucer tous les souhaits ? L'adolescent est d\u00e9cid\u00e9 \u00e0 percer \u00e0 jour ce secret pour faire revenir celle qui lui \u00e9tait le plus cher, jonglant entre les enqu\u00eates secr\u00e8tes et sa vie de timide lyc\u00e9en... Kaoru est pr\u00eat \u00e0 tout, mais quel sera le prix \u00e0 payer pour activer les pouvoirs de ce lieu surnaturel ?D\u00e9couvrez un formidable r\u00e9cit teint\u00e9 de douceur et de myst\u00e8res dans cette adaptation du light novel de Mei Hachimoku, d\u00e9tenteur du prix sp\u00e9cial du jury et du grand prix Gagaga au Japon !\r\n\r\n\r\n\u00ab Les dessins parviennent \u00e0 nous transmettre toute la puissance de cette histoire pleine de myst\u00e8res. \u00bb Melty.fr \u00ab Port\u00e9e par le dessin efficace de Koudon, cette adaptation du light novel de Mei Hachimoku et Kukka, offre au lecteur une atmosph\u00e8re \u00e0 la fois estivale et fantastique, l\u00e9g\u00e8re et pesante. \u00bb Coyote Mag \u00ab C'est prenant, dr\u00f4le, touchant et un rien flippant... \u00bb Picsou Magazine","authors":["Mei Hachimoku","Koudon"],"category_codes":["3000000","3040000","3040600","3040609"],"visuals":{"large":"https:\/\/images.epagine.fr\/082\/9782382812082_1_75.jpg","medium":"https:\/\/images.epagine.fr\/082\/9782382812082_1_m.jpg","thumbnail":"https:\/\/images.epagine.fr\/082\/9782382812082_1_v.jpg"},"orderable":true,"show_badge":true,"formatted_price":"8,20&nbsp;\u20ac","formatted_published_date":"7 juin 2023","publisher_availability_label":"Sur commande","short_details":"Mei Hachimoku, Koudon \u2014 Mangetsu","translator":null,"weight":152,"page_count":192,"readership":"\u00e0 partir de 14 ans","editor":"Mangetsu","price":820,"published_date":"2023-06-06T22:00:00.000000Z","support":"Poche","publisher_availability":1,"stock":0,"editions":[],"url":"https:\/\/quaidesbrumes.com\/ouvrage\/9782382812082\/tunnel-to-summer-tome-1"},{"id":"9782811688264","title":"Dreamland - edition remaster Tome 8 : Mojo","description":"La Nuit du Chat noir est pour ce soir au royaume des F\u00e9lins... Les Lucky Stars se sont engag\u00e9s, en \u00e9change de la Cloche d'or, \u00e0 aider le roi et ses soldats contre le terrible Attila. Les deux groupes se font face...","authors":["Reno Lemaire"],"category_codes":["3000000","3040000","3040500","3040508"],"visuals":{"large":"https:\/\/images.epagine.fr\/264\/9782811688264_1_75.jpg","medium":"https:\/\/images.epagine.fr\/264\/9782811688264_1_m.jpg","thumbnail":"https:\/\/images.epagine.fr\/264\/9782811688264_1_v.jpg"},"orderable":true,"show_badge":true,"formatted_price":"7,70&nbsp;\u20ac","formatted_published_date":"17 janvier 2024","publisher_availability_label":"Sur commande","short_details":"Reno Lemaire \u2014 Pika \u00c9dition","translator":null,"weight":228,"page_count":216,"readership":"\u00e0 partir de 14 ans","editor":"Pika \u00c9dition","price":770,"published_date":"2024-01-16T23:00:00.000000Z","support":"Poche","publisher_availability":1,"stock":0,"editions":[],"url":"https:\/\/quaidesbrumes.com\/ouvrage\/9782811688264\/dreamland-edition-remaster-tome-8-mojo"},{"id":"9791040807148","title":"UK in a bad way","description":"Jin, punk aux lunettes aussi \u00e9paisses que les plateformes de ses Dr Martens, est une \u00e9tudiante cor\u00e9enne inscrite dans une prestigieuse \u00e9cole d'art \u00e0 Londres. Edward, mi dandy, mi hobo, est un sans-abri anarchiste qui tente de r\u00e9enchanter le monde avec ses tours de magie ex\u00e9cut\u00e9s dans la rue. L'un comme l'autre sont d'incorrigibles inadapt\u00e9s pour cette soci\u00e9t\u00e9 qu'ils ex\u00e8crent. Dans cette ville-monde sous surveillance, la rencontre entre ces deux outsiders est aussi in\u00e9luctable qu'explosive. Dans un chass\u00e9-crois\u00e9 au coeur du d\u00e9dale londonien, leur amiti\u00e9 se noue et se d\u00e9noue, ils se perdent de vue, s'aiment, se d\u00e9testent... mais toujours se retrouvent pour r\u00e9chauffer leurs \u00e2mes solitaires, dans le tourbillon de la vie\u00a0!","authors":["James Harvey"],"category_codes":["3000000","3020000","3020100"],"visuals":{"large":"https:\/\/images.epagine.fr\/148\/9791040807148_1_75.jpg","medium":"https:\/\/images.epagine.fr\/148\/9791040807148_1_m.jpg","thumbnail":"https:\/\/images.epagine.fr\/148\/9791040807148_1_v.jpg"},"orderable":true,"show_badge":true,"formatted_price":"22,00&nbsp;\u20ac","formatted_published_date":"7 mai 2025","publisher_availability_label":"Sur commande","short_details":"James Harvey \u2014 Sarbacane","translator":null,"weight":642,"page_count":64,"readership":"Tout public","editor":"Sarbacane","price":2200,"published_date":"2025-05-06T22:00:00.000000Z","support":"Grand format","publisher_availability":1,"stock":0,"editions":[],"url":"https:\/\/quaidesbrumes.com\/ouvrage\/9791040807148\/uk-in-a-bad-way"},{"id":"9782494102729","title":"La Nouvelle Cheffe de clan Tome 4","description":"Une jeune femme d\u00e9cide de changer son destin et devient cheffe de famille.\r\nApr\u00e8s des ann\u00e9es de solitude et de maltraitance, le second prince, Perez, retrouve espoir gr\u00e2ce \u00e0 sa rencontre avec Firentia Lombardie. L'antidote qu'elle lui a donn\u00e9 lui permet d'\u00e9chapper aux tentatives d'empoisonnement de la reine. Firentia lui ayant fait la promesse de revenir au plus vite, il attend avec impatience leur prochaine rencontre.","authors":["Roah Kim","Mon"],"category_codes":["3000000","3040000","3040400","3040409"],"visuals":{"large":"https:\/\/images.epagine.fr\/729\/9782494102729_1_75.jpg","medium":"https:\/\/images.epagine.fr\/729\/9782494102729_1_m.jpg","thumbnail":"https:\/\/images.epagine.fr\/729\/9782494102729_1_v.jpg"},"orderable":true,"show_badge":true,"formatted_price":"14,95&nbsp;\u20ac","formatted_published_date":"22 mai 2025","publisher_availability_label":"Sur commande","short_details":"Roah Kim, Mon \u2014 Kotoon","translator":null,"weight":614,"page_count":288,"readership":"\u00e0 partir de 12 ANS","editor":"Kotoon","price":1495,"published_date":"2025-05-21T22:00:00.000000Z","support":"Grand format","publisher_availability":1,"stock":0,"editions":[],"url":"https:\/\/quaidesbrumes.com\/ouvrage\/9782494102729\/la-nouvelle-cheffe-de-clan-tome-4"},{"id":"9791042014926","title":"Le go\u00fbt des fraises Tome 1","description":"Une com\u00e9die romantique qui vous fera rougir comme une fraise?!\r\nSara, une \u00e9tudiante de 20 ans, remplace temporairement son grand-p\u00e8re dans l'exploitation de fraises familiale, avec l'aide de Minori Sugiura, un producteur de 33 ans.\r\nD'abord effray\u00e9e par son nouveau coll\u00e8gue, Sara va d\u00e9couvrir une facette inattendue de lui, donnant naissance \u00e0 des sentiments...\r\nDe son c\u00f4t\u00e9, Minori est sous le charme, mais peine \u00e0 exprimer ce qu'il ressent pour la jeune femme...\r\n\r\nUn amour pur qui frappe en plein coeur ! Une com\u00e9die romantique innocente malgr\u00e9 l'\u00e9cart d'\u00e2ge entre les personnages, et qui a beaucoup fait parler d'elle sur les r\u00e9seaux !","authors":["Irono"],"category_codes":["3000000","3040000","3040600","3040609"],"visuals":{"large":"https:\/\/images.epagine.fr\/926\/9791042014926_1_75.jpg","medium":"https:\/\/images.epagine.fr\/926\/9791042014926_1_m.jpg","thumbnail":"https:\/\/images.epagine.fr\/926\/9791042014926_1_v.jpg"},"orderable":true,"show_badge":true,"formatted_price":"9,50&nbsp;\u20ac","formatted_published_date":"15 f\u00e9vrier 2024","publisher_availability_label":"Sur commande","short_details":"Irono \u2014 Kurokawa","translator":null,"weight":216,"page_count":146,"readership":"\u00e0 partir de 14 ans","editor":"Kurokawa","price":950,"published_date":"2024-02-14T23:00:00.000000Z","support":"Grand format","publisher_availability":1,"stock":0,"editions":[],"url":"https:\/\/quaidesbrumes.com\/ouvrage\/9791042014926\/le-gout-des-fraises-tome-1"},{"id":"9782344033258","title":"Tarzan l'homme singe Tome 1","description":"Mi-homme, mi-singe.Tarzan est un enfant de la jungle et pourtant, il est diff\u00e9rent de ceux qui l'entourent. Ch\u00e9tif, imberbe, maladroit... sa place parmi les grands singes ne s'impose que gr\u00e2ce \u00e0 l'amour que lui porte Kala, sa m\u00e8re adoptive. Mais en grandissant, Tarzan reconnait en lui des qualit\u00e9s que les membres de son groupe ne poss\u00e8dent pas. Il est rus\u00e9, patient et ses faiblesses sont largement compens\u00e9es par sa compr\u00e9hension d'outils qui s'apparentent pour lui \u00e0 des extensions de son \u00eatre. Petit \u00e0 petit, Tarzan comprend que la place qui lui revient au sein de sa for\u00eat natale, c'est celle de ma\u00eetre. Bient\u00f4t, il montrera \u00e0 tous qu'il est le Seigneur de la jungle. Mais c'\u00e9tait sans compter sur sa rencontre avec Jane, une \u00e9trange cr\u00e9ature qui r\u00e9ussit \u00e0 provoquer chez Tarzan un \u00e9moi qu'il n'avait jamais ressenti jusque-l\u00e0... Adaptation fid\u00e8le du roman d'Edgar Rice Burroughs, Tarzan, seigneur des singes nous invite \u00e0 d\u00e9couvrir l'origine du mythe de ce personnage devenu culte. Dans cette version qui ne subit pas le traitement \u00e9dulcor\u00e9 du dessin anim\u00e9 Disney, d\u00e9couvrez un r\u00e9cit tragique et l'histoire de l'av\u00e8nement d'un homme qui rencontre la civilisation.","authors":["Eric Corbeyran","Roy allan Matinez"],"category_codes":["3000000","3020000","3020100","3020109"],"visuals":{"large":"https:\/\/images.epagine.fr\/258\/9782344033258_1_75.jpg","medium":"https:\/\/images.epagine.fr\/258\/9782344033258_1_m.jpg","thumbnail":"https:\/\/images.epagine.fr\/258\/9782344033258_1_v.jpg"},"orderable":true,"show_badge":true,"formatted_price":"16,00&nbsp;\u20ac","formatted_published_date":"2 octobre 2024","publisher_availability_label":"Sur commande","short_details":"Eric Corbeyran, Roy allan Matinez \u2014 Gl\u00e9nat","translator":null,"weight":678,"page_count":64,"readership":null,"editor":"Gl\u00e9nat","price":1600,"published_date":"2024-10-01T22:00:00.000000Z","support":"Grand format","publisher_availability":1,"stock":0,"editions":[],"url":"https:\/\/quaidesbrumes.com\/ouvrage\/9782344033258\/tarzan-lhomme-singe-tome-1"},{"id":"9791038207288","title":"Capitaine Espace Tome 1 : Le vagabond du cosmos","description":"Son nom ?\r\nEspace, le vagabond du cosmos.\r\nSa mission ?\r\nProuver son innocence...\r\n...et embrasser Barbara. Si elle veut bien.\r\n \r\nCaptur\u00e9 par des forces intergalactiques, le professeur Espace doit r\u00e9pondre des crimes dont il est accus\u00e9 : destruction de syst\u00e8mes solaires et g\u00e9nocides. Rien que \u00e7a...\r\nAu fil de l'interrogatoire, il retrace son p\u00e9riple stellaire, accompagn\u00e9 de la redoutable Barbara, afin d'\u00e9lucider si oui ou non il sera reconnu coupable. \r\n \r\n\u00c0 moins que tous ces chefs d'accusations ne soient per\u00e7us comme des comp\u00e9tences hors du commun et le hissent au rang de capitaine... Capitaine Espace ! \r\n \r\nUn album d'humour absurde, de science-fiction d\u00e9cal\u00e9e et d'aventure !","authors":["L'abb\u00e9"],"category_codes":["3000000","3020000","3020100","3020111"],"visuals":{"large":"https:\/\/images.epagine.fr\/288\/9791038207288_1_75.jpg","medium":"https:\/\/images.epagine.fr\/288\/9791038207288_1_m.jpg","thumbnail":"https:\/\/images.epagine.fr\/288\/9791038207288_1_v.jpg"},"orderable":true,"show_badge":true,"formatted_price":"17,90&nbsp;\u20ac","formatted_published_date":"2 juillet 2025","publisher_availability_label":"Sur commande","short_details":"L'abb\u00e9 \u2014 Fluide Glacial","translator":null,"weight":660,"page_count":72,"readership":"Tout public","editor":"Fluide Glacial","price":1790,"published_date":"2025-07-01T22:00:00.000000Z","support":"Grand format","publisher_availability":1,"stock":0,"editions":[],"url":"https:\/\/quaidesbrumes.com\/ouvrage\/9791038207288\/capitaine-espace-tome-1-le-vagabond-du-cosmos"}]}