{"data":[{"id":"9782302098398","title":"Sangre Tome 4 : Donnadion le B\u00e9at","description":"Apr\u00e8s plusieurs semaines d'enqu\u00eate dans la cit\u00e9 de Th\u00e9riasme, Sangre trouve un marin qui la guide jusqu'\u00e0 un archipel perdu au coeur de la mangrove, un repaire d'esclaves \u00e9vad\u00e9s. Donnadion y vit en ermite, pr\u00eachant la non-violence.  Mais comment imaginer ce terrible \u00e9cumeur en saint homme, h\u00e9ros d'une lib\u00e9ration pacifique des esclaves ? La vengeance aurait-elle un sens face \u00e0 un homme en pleine r\u00e9demption ?","authors":["Christophe Arleston","Stefano Vergani","Gloria Vezzaro"],"category_codes":["3000000","3020000","3020100","3020106"],"visuals":{"large":"https:\/\/images.epagine.fr\/398\/9782302098398_1_75.jpg","medium":"https:\/\/images.epagine.fr\/398\/9782302098398_1_m.jpg","thumbnail":"https:\/\/images.epagine.fr\/398\/9782302098398_1_v.jpg"},"orderable":true,"show_badge":true,"formatted_price":"15,95&nbsp;\u20ac","formatted_published_date":"15 novembre 2023","publisher_availability_label":"Sur commande","short_details":"Christophe Arleston, Stefano Vergani, Gloria Vezzaro \u2014 Soleil","translator":null,"weight":612,"page_count":null,"readership":"\u00e0 partir de 12 ANS","editor":"Soleil","price":1595,"published_date":"2023-11-14T23:00:00.000000Z","support":"Grand format","publisher_availability":1,"stock":0,"editions":[],"url":"https:\/\/quaidesbrumes.com\/ouvrage\/9782302098398\/sangre-tome-4-donnadion-le-beat"},{"id":"9782756031668","title":"Ascension Tome 12","description":"Alors que le monstre en lui menace de faire perdre \u00e0 Buntar\u00f4 ce qui lui reste d'humanit\u00e9, une fleur de cerisier vient le sauver et Hana lui ouvre son cur et les portes d'une nouvelle vie.","authors":["Yoshino Nabeta","Jiro Nitta","Shin'ichi Sakamoto"],"category_codes":["3000000","3040000","3040600","3040611"],"visuals":{"large":"https:\/\/images.epagine.fr\/668\/9782756031668_1_75.jpg","medium":"https:\/\/images.epagine.fr\/668\/9782756031668_1_m.jpg","thumbnail":"https:\/\/images.epagine.fr\/668\/9782756031668_1_v.jpg"},"orderable":true,"show_badge":true,"formatted_price":"8,50&nbsp;\u20ac","formatted_published_date":"13 f\u00e9vrier 2013","publisher_availability_label":"Sur commande","short_details":"Yoshino Nabeta, Jiro Nitta, Shin'ichi Sakamoto \u2014 Delcourt","translator":null,"weight":196,"page_count":224,"readership":"\u00e0 partir de 14 ans","editor":"Delcourt","price":850,"published_date":"2013-02-12T23:00:00.000000Z","support":"Poche","publisher_availability":1,"stock":0,"editions":[],"url":"https:\/\/quaidesbrumes.com\/ouvrage\/9782756031668\/ascension-tome-12"},{"id":"9782811635473","title":"To your eternity Tome 1","description":"\"C'est \u00e0 l'\u00e9preuve de la r\u00e9alit\u00e9 que je saurai ce que je suis... Voil\u00e0 pourquoi mon voyage commence.\"\r\nUn \u00eatre immortel a \u00e9t\u00e9 envoy\u00e9 sur Terre. Il rencontre d'abord un loup puis un jeune gar\u00e7on vivant seul au milieu d'un paysage enneig\u00e9. Ainsi commence le voyage de l'Immortel, un voyage fait d'exp\u00e9riences et de rencontres dans un monde implacable...","authors":["Yoshitoki Oima"],"category_codes":["3000000","3040000","3040500","3040504"],"visuals":{"large":"https:\/\/images.epagine.fr\/473\/9782811635473_1_75.jpg","medium":"https:\/\/images.epagine.fr\/473\/9782811635473_1_m.jpg","thumbnail":"https:\/\/images.epagine.fr\/473\/9782811635473_1_v.jpg"},"orderable":true,"show_badge":true,"formatted_price":"7,20&nbsp;\u20ac","formatted_published_date":"19 avril 2017","publisher_availability_label":"Sur commande","short_details":"Yoshitoki Oima \u2014 Pika \u00c9dition","translator":null,"weight":184,"page_count":192,"readership":"\u00e0 partir de 12 ANS","editor":"Pika \u00c9dition","price":720,"published_date":"2017-04-18T22:00:00.000000Z","support":"Poche","publisher_availability":1,"stock":0,"editions":[],"url":"https:\/\/quaidesbrumes.com\/ouvrage\/9782811635473\/to-your-eternity-tome-1"},{"id":"9782384960361","title":"Saint-Exupery","description":"Au d\u00e9but du XXe si\u00e8cle, d\u00e8s son plus jeune \u00e2ge, Antoine de Saint-Exup\u00e9ry est fascin\u00e9 par les avions, \u00e0 une \u00e9poque o\u00f9 ils viennent \u00e0 peine d'\u00eatre invent\u00e9s. Adulte, il devient alors pilote et se fait embaucher pour distribuer le courrier en Afrique et en Am\u00e9rique Latine. Malgr\u00e9 la dangerosit\u00e9 du m\u00e9tier, il poursuit son r\u00eave de parcourir le ciel. L'aviateur a cependant un autre talent, l'\u00e9criture, qu'il d\u00e9veloppe en parall\u00e8le, publiant ainsi plusieurs romans \u00e0 succ\u00e8s. Pendant la Seconde Guerre mondiale, il est affect\u00e9 dans l'arm\u00e9e de l'air puis rejoint les \u00c9tats-Unis, invit\u00e9 par un \u00e9diteur. C'est ce dernier qui lui proposera de se lancer dans l'\u00e9criture du mythique Petit Prince.","authors":["Osamu Hiramatsu","Tetsuya Kurosawa"],"category_codes":["3000000","3040000","3040500","3040507"],"visuals":{"large":"https:\/\/images.epagine.fr\/361\/9782384960361_1_75.jpg","medium":"https:\/\/images.epagine.fr\/361\/9782384960361_1_m.jpg","thumbnail":"https:\/\/images.epagine.fr\/361\/9782384960361_1_v.jpg"},"orderable":true,"show_badge":true,"formatted_price":"7,90&nbsp;\u20ac","formatted_published_date":"20 septembre 2023","publisher_availability_label":"Sur commande","short_details":"Osamu Hiramatsu, Tetsuya Kurosawa \u2014 Nobi Nobi","translator":null,"weight":198,"page_count":160,"readership":"\u00e0 partir de 8 ANS","editor":"Nobi Nobi","price":790,"published_date":"2023-09-19T22:00:00.000000Z","support":"Poche","publisher_availability":1,"stock":0,"editions":[],"url":"https:\/\/quaidesbrumes.com\/ouvrage\/9782384960361\/saint-exupery"},{"id":"9782505084624","title":"Un monde formidable : Int\u00e9grale Tomes 1 et 2","description":"Le monde est rempli d'injustices, de d\u00e9sillusions, de regrets, de choses inachev\u00e9es, de r\u00eaves abandonn\u00e9s, de sentiments contradictoires, d'\u00e9motions incontr\u00f4lables. Et pourtant... l'Homme continue \u00e0 vivre, farouchement. C'est pour cela que ce monde est formidable !","authors":["Inio Asano","Thibaud Desbief"],"category_codes":["3000000","3040000","3040600","3040602"],"visuals":{"large":"https:\/\/images.epagine.fr\/624\/9782505084624_1_75.jpg","medium":"https:\/\/images.epagine.fr\/624\/9782505084624_1_m.jpg","thumbnail":"https:\/\/images.epagine.fr\/624\/9782505084624_1_v.jpg"},"orderable":true,"show_badge":true,"formatted_price":"19,90&nbsp;\u20ac","formatted_published_date":"31 janvier 2020","publisher_availability_label":"Sur commande","short_details":"Inio Asano, Thibaud Desbief \u2014 Kana","translator":"THIBAUD DESBIEF","weight":660,"page_count":436,"readership":"\u00e0 partir de 14 ans","editor":"Kana","price":1990,"published_date":"2020-01-30T23:00:00.000000Z","support":"Grand format","publisher_availability":1,"stock":0,"editions":[],"url":"https:\/\/quaidesbrumes.com\/ouvrage\/9782505084624\/un-monde-formidable-integrale-tomes-1-et-2"},{"id":"9791034738083","title":"Mademoiselle J. Tome 1 : il s'appelait Ptirou","description":"Laurent Verron, le digne h\u00e9ritier de Roba, Peyo et Franquin, et Yves Sente le sc\u00e9nariste aux mille visages se sont immerg\u00e9s dans l'atmosph\u00e8re de ces ann\u00e9es grises afin d'en restituer brillamment l'essence. Le trait enlev\u00e9 de Verron magnifie ce panorama plein de caract\u00e8re d'une \u00e9poque en proie \u00e0 la lutte des classes, sur fond d'immigration et de vastes travers\u00e9es. Cette \u00e9pop\u00e9e transatlantique, que colorent les romans de Dickens, fait se c\u00f4toyer la grande Histoire avec la petite \u00e0 travers les destin\u00e9es de ses deux jeunes h\u00e9ros. \u00ab Il s'appelait Ptirou \u00bb, ou les origines du personnage de Spirou cr\u00e9\u00e9 par Rob-Vel, r\u00e9invente l'aventure romanesque.","authors":["Yves Sente","Laurent Verron"],"category_codes":["3000000","3020000","3020100","3020109"],"visuals":{"large":"https:\/\/images.epagine.fr\/083\/9791034738083_1_75.jpg","medium":"https:\/\/images.epagine.fr\/083\/9791034738083_1_m.jpg","thumbnail":"https:\/\/images.epagine.fr\/083\/9791034738083_1_v.jpg"},"orderable":true,"show_badge":true,"formatted_price":"17,95&nbsp;\u20ac","formatted_published_date":"9 octobre 2020","publisher_availability_label":"Sur commande","short_details":"Yves Sente, Laurent Verron \u2014 Dupuis","translator":null,"weight":752,"page_count":80,"readership":"\u00e0 partir de 12 ANS","editor":"Dupuis","price":1795,"published_date":"2020-10-08T22:00:00.000000Z","support":"Grand format","publisher_availability":1,"stock":0,"editions":[],"url":"https:\/\/quaidesbrumes.com\/ouvrage\/9791034738083\/mademoiselle-j-tome-1-il-sappelait-ptirou"},{"id":"9791034754113","title":"Black squaw Tome 2 : scarface","description":"Sur le front d'Argonne, pendant les combats de la Somme, un avion se pose en urgence au milieu du no man's land entre les tranch\u00e9es. C'est celui d'une \u00ab hirondelle noire de la mort \u00bb, Eug\u00e8ne Bullard, un pilote afro-am\u00e9ricain au service de l'arm\u00e9e fran\u00e7aise pendant la Premi\u00e8re Guerre mondiale. Un h\u00e9ros mod\u00e8le pour l'aviatrice Bessie, jeune Am\u00e9ricaine \u00e0 peau noire que son p\u00e8re cherokee a surnomm\u00e9 \u00ab Asdayagoga \u00bb : \u00ab Corneille obstin\u00e9e \u00bb. \u00c0 l'heure de la s\u00e9gr\u00e9gation aux \u00c9tats-Unis, la jeune femme n\u00e9e au Texas se met au service d'Al Capone dont elle pilote les avions, faisant la contrebande d'alcool pendant la prohibition, pour lui permettre de financer sa passion : voler ! Entre les attaques du Ku Klux Klan et la rivalit\u00e9 des bootleggers, l'indomptable Bessie va devoir affronter bien des obstacles !","authors":["Yann","Alain Henriet"],"category_codes":["3000000","3020000","3020100","3020109"],"visuals":{"large":"https:\/\/images.epagine.fr\/113\/9791034754113_1_75.jpg","medium":"https:\/\/images.epagine.fr\/113\/9791034754113_1_m.jpg","thumbnail":"https:\/\/images.epagine.fr\/113\/9791034754113_1_v.jpg"},"orderable":true,"show_badge":true,"formatted_price":"15,95&nbsp;\u20ac","formatted_published_date":"13 mai 2021","publisher_availability_label":"Sur commande","short_details":"Yann, Alain Henriet \u2014 Dupuis","translator":null,"weight":608,"page_count":48,"readership":"\u00e0 partir de 12 ANS","editor":"Dupuis","price":1595,"published_date":"2021-05-12T22:00:00.000000Z","support":"Grand format","publisher_availability":1,"stock":0,"editions":[],"url":"https:\/\/quaidesbrumes.com\/ouvrage\/9791034754113\/black-squaw-tome-2-scarface"},{"id":"9782505121619","title":"La boutique d'artefacts Tome 1","description":"M\u00e9tro, boulot, dodo... Vous n'en avez pas marre de cette vie ?\r\n\r\nUne vie faite de sacrifices, de dur labeur... Tout \u00e7a pour quoi ? Vous m\u00e9ritez mieux ! Et si je vous disais que vous pouvez reprendre votre vie en main ? Que voudriez-vous ? Un meilleur poste ? Trouver l'amour de votre vie ? Ou carr\u00e9ment gu\u00e9rir d'une maladie incurable ?\r\n\r\nC'est d\u00e9sormais possible ! Pour cela, n'h\u00e9sitez pas \u00e0 passer dans l'une des nombreuses boutiques d'artefacts de Paris. Les objets magiques qu'elles renferment sont la clef d'un avenir radieux qui vous tend les bras.\r\n\r\nP.-S. : La boutique du 6e arrondissement est momentan\u00e9ment ferm\u00e9e.","authors":["Pacha"],"category_codes":["3000000","3040000","3040500","3040508"],"visuals":{"large":"https:\/\/images.epagine.fr\/619\/9782505121619_1_75.jpg","medium":"https:\/\/images.epagine.fr\/619\/9782505121619_1_m.jpg","thumbnail":"https:\/\/images.epagine.fr\/619\/9782505121619_1_v.jpg"},"orderable":true,"show_badge":true,"formatted_price":"8,10&nbsp;\u20ac","formatted_published_date":"14 juin 2024","publisher_availability_label":"Sur commande","short_details":"Pacha \u2014 Kana","translator":null,"weight":162,"page_count":190,"readership":"\u00e0 partir de 10 ANS","editor":"Kana","price":810,"published_date":"2024-06-13T22:00:00.000000Z","support":"Poche","publisher_availability":1,"stock":0,"editions":[],"url":"https:\/\/quaidesbrumes.com\/ouvrage\/9782505121619\/la-boutique-dartefacts-tome-1"},{"id":"9782505126430","title":"Le secret de scarecrow Tome 2","description":"Les humains luttent avec acharnement contre les Crows, de sombres monstres semblables \u00e0 de gigantesques corbeaux. La l\u00e9gende raconte que les Scarecrows ont jadis assist\u00e9s les humains dans leur lutte, avant de dispara\u00eetre un jour dans des circonstances myst\u00e9rieuses. Engell, la fille du roi, est convaincue de l'existence des Scarecrows et se lance \u00e0 leur recherche. Mais c'est quand elle finit par en retrouver un que la v\u00e9ritable aventure commence...","authors":["Gin Zarbo"],"category_codes":["3000000","3040000","3040500","3040508"],"visuals":{"large":"https:\/\/images.epagine.fr\/430\/9782505126430_1_75.jpg","medium":"https:\/\/images.epagine.fr\/430\/9782505126430_1_m.jpg","thumbnail":"https:\/\/images.epagine.fr\/430\/9782505126430_1_v.jpg"},"orderable":true,"show_badge":true,"formatted_price":"8,10&nbsp;\u20ac","formatted_published_date":"6 d\u00e9cembre 2024","publisher_availability_label":"Sur commande","short_details":"Gin Zarbo \u2014 Kana","translator":null,"weight":138,"page_count":192,"readership":"\u00e0 partir de 14 ans","editor":"Kana","price":810,"published_date":"2024-12-05T23:00:00.000000Z","support":"Poche","publisher_availability":1,"stock":0,"editions":[],"url":"https:\/\/quaidesbrumes.com\/ouvrage\/9782505126430\/le-secret-de-scarecrow-tome-2"},{"id":"9782888905677","title":"Gung Ho Tome 1 : brebis galeuses","description":"Dans un futur proche, la \u00ab Plaie Blanche \u00bb a presque compl\u00e8tement d\u00e9cim\u00e9 l'humanit\u00e9, et la civilisation n'est plus qu'un doux souvenir. L'Europe toute enti\u00e8re est devenue une zone de danger, o\u00f9 la survie n'est plus possible qu'\u00e0 l'int\u00e9rieur de villes ou de villages fortifi\u00e9s.\r\n\r\nLes r\u00e8gles sont importantes dans la zone de danger. M\u00eame un enfant sait cela. Jusqu'\u00e0 ce qu'il devienne adolescent...\r\nParesse, insubordination, manque de discipline, violence : Zack et Archer Goodwoody ont largement tir\u00e9 sur la corde. Depuis la mort de leurs parents huit ans auparavant, les deux fr\u00e8res vont d'orphelinats en orphelinats, chass\u00e9s \u00e0 chaque fois pour raisons disciplinaires. Ils ont g\u00e2ch\u00e9 en profondeur toutes les chances que leur ont laiss\u00e9 les autorit\u00e9s, pour qui il n'y a plus rien de bon \u00e0 attendre de ces deux \u00e9l\u00e9ments.\r","authors":["Benjamin Von eckartsberg","Thomas Von kummant"],"category_codes":["3000000","3020000","3020100","3020109"],"visuals":{"large":"https:\/\/images.epagine.fr\/677\/9782888905677_1_75.jpg","medium":"https:\/\/images.epagine.fr\/677\/9782888905677_1_m.jpg","thumbnail":"https:\/\/images.epagine.fr\/677\/9782888905677_1_v.jpg"},"orderable":true,"show_badge":true,"formatted_price":"17,50&nbsp;\u20ac","formatted_published_date":"21 septembre 2013","publisher_availability_label":"Sur commande","short_details":"Benjamin Von eckartsberg, Thomas Von kummant \u2014 Editions Paquet","translator":null,"weight":843,"page_count":80,"readership":null,"editor":"Editions Paquet","price":1750,"published_date":"2013-09-20T22:00:00.000000Z","support":"Grand format","publisher_availability":1,"stock":0,"editions":[],"url":"https:\/\/quaidesbrumes.com\/ouvrage\/9782888905677\/gung-ho-tome-1-brebis-galeuses"},{"id":"9791034738090","title":"Mademoiselle J. Tome 2 : je ne me marierai jamais","description":"En 1937, la fille du patron de la Compagnie G\u00e9n\u00e9rale Transatlantique, Juliette, a 22 ans, son dipl\u00f4me en poche, et s'appr\u00eate \u00e0 tenter de devenir grand reporter.\r\n\r\nSon p\u00e8re, qui a entretemps fond\u00e9 sa propre compagnie de cargos, se voit proposer par Gustave Noirhomme, son associ\u00e9, une offre difficile \u00e0 refuser : Herr Von Riblach, homme de confiance de Hitler concernant la marine civile, voudrait entrer dans le capital de la Compagnie des Cinq Oc\u00e9ans. Juliette, bien consciente des projets d'invasion des nazis, refuse tout net.\r\n\r\nMalgr\u00e9 les r\u00e9ticences machistes des r\u00e9dacteurs en chef, Juliette n'abandonne pas son r\u00eave de devenir grand reporter et le journal Horizon France lui donne l'occasion de montrer sa valeur en l'engageant comme stagiaire de Daniel Fraiser, journaliste aguerri mais particuli\u00e8rement d\u00e9sagr\u00e9able.\r\n\r\nGustave Noirhomme, lui, est pr\u00eat \u00e0 tout pour que Juliette c\u00e8de ses parts aux nazis...\r\n\r\nAvec \"Mademoiselle J\", Yves Sente et Laurent Verron font du XXe si\u00e8cle une passionnante \u00e9pop\u00e9e  !","authors":["Yves Sente","Laurent Verron"],"category_codes":["3000000","3020000","3020100","3020109"],"visuals":{"large":"https:\/\/images.epagine.fr\/090\/9791034738090_1_75.jpg","medium":"https:\/\/images.epagine.fr\/090\/9791034738090_1_m.jpg","thumbnail":"https:\/\/images.epagine.fr\/090\/9791034738090_1_v.jpg"},"orderable":true,"show_badge":true,"formatted_price":"16,95&nbsp;\u20ac","formatted_published_date":"9 octobre 2020","publisher_availability_label":"Sur commande","short_details":"Yves Sente, Laurent Verron \u2014 Dupuis","translator":null,"weight":684,"page_count":64,"readership":"\u00e0 partir de 12 ANS","editor":"Dupuis","price":1695,"published_date":"2020-10-08T22:00:00.000000Z","support":"Grand format","publisher_availability":1,"stock":0,"editions":[],"url":"https:\/\/quaidesbrumes.com\/ouvrage\/9791034738090\/mademoiselle-j-tome-2-je-ne-me-marierai-jamais"},{"id":"9782203208292","title":"Alix Senator Tome 11 : l'esclave de khorsabad","description":"Cela fait des ann\u00e9es qu'Alix n'a plus mis les pieds \u00e0 Khorsabad : bien trop longtemps. Alix, comme par le pass\u00e9, est fait prisonnier. C'est un seigneur local, Barzapharn\u00e8s, qui commandite l'enl\u00e8vement du s\u00e9nateur afin de provoquer une nouvelle guerre avec Rome et de retrouver le tr\u00e9sor mythique de la cit\u00e9, dont - le pense-t-il - Alix conna\u00eet la cachette. Entre les souvenirs et le devoir d'emp\u00eacher un nouveau conflit, Alix va conna\u00eetre de nouvelles aventures dans la cit\u00e9 assyrienne.","authors":["Jacques Martin","Val\u00e9rie Mangin","Thierry D\u00e9marez"],"category_codes":["3000000","3020000","3020200","3020208"],"visuals":{"large":"https:\/\/images.epagine.fr\/292\/9782203208292_1_75.jpg","medium":"https:\/\/images.epagine.fr\/292\/9782203208292_1_m.jpg","thumbnail":"https:\/\/images.epagine.fr\/292\/9782203208292_1_v.jpg"},"orderable":true,"show_badge":true,"formatted_price":"15,50&nbsp;\u20ac","formatted_published_date":"4 novembre 2020","publisher_availability_label":"Sur commande","short_details":"Jacques Martin, Val\u00e9rie Mangin, Thierry D\u00e9marez \u2014 Casterman","translator":null,"weight":570,"page_count":48,"readership":"\u00e0 partir de 9 ANS","editor":"Casterman","price":1550,"published_date":"2020-11-03T23:00:00.000000Z","support":"Grand format","publisher_availability":1,"stock":0,"editions":[],"url":"https:\/\/quaidesbrumes.com\/ouvrage\/9782203208292\/alix-senator-tome-11-lesclave-de-khorsabad"},{"id":"9782351420454","title":"Fullmetal alchemist Tome 5","description":"N\u00e9e en 1973 dans la r\u00e9gion nord d'Hokkaido, Hiromu Arakawa est une mangaka d\u00e9butante lorsqu'elle envoie son premier manuscrit \u00e0 l'\u00e9diteur Square-Enix. Tr\u00e8s vite rep\u00e9r\u00e9e par son talent pour la mise en sc\u00e8ne, la petite histoire courte qu'elle avait imagin\u00e9e dans un monde fantaisiste deviendra l'un des mangas les plus vendus de tous les temps au Japon : Fullmetal Alchemist\r","authors":["Hiromu Arakawa","Fabien Vautrin"],"category_codes":["3000000","3040000","3040500","3040508"],"visuals":{"large":"https:\/\/images.epagine.fr\/454\/9782351420454_1_75.jpg","medium":"https:\/\/images.epagine.fr\/454\/9782351420454_1_m.jpg","thumbnail":"https:\/\/images.epagine.fr\/454\/9782351420454_1_v.jpg"},"orderable":true,"show_badge":true,"formatted_price":"6,60&nbsp;\u20ac","formatted_published_date":"9 mars 2006","publisher_availability_label":"Sur commande","short_details":"Hiromu Arakawa, Fabien Vautrin \u2014 Kurokawa","translator":"FABIEN VAUTRIN","weight":188,"page_count":188,"readership":"\u00e0 partir de 10 ANS","editor":"Kurokawa","price":660,"published_date":"2006-03-08T23:00:00.000000Z","support":"Poche","publisher_availability":1,"stock":0,"editions":[],"url":"https:\/\/quaidesbrumes.com\/ouvrage\/9782351420454\/fullmetal-alchemist-tome-5"},{"id":"9782353482153","title":"Mauvaise herbe Tome 4","description":"Au cours d'une descente de police dans une maison close miteuse maquill\u00e9e en salon de massage, le lieutenant Yamada rencontre Shiori, une lyc\u00e9enne fugueuse qui lui rappelle sa propre fille aujourd'hui d\u00e9c\u00e9d\u00e9e.\r","authors":["Keigo Shinz\u00f4"],"category_codes":["3000000","3040000","3040600","3040602"],"visuals":{"large":"https:\/\/images.epagine.fr\/153\/9782353482153_1_75.jpg","medium":"https:\/\/images.epagine.fr\/153\/9782353482153_1_m.jpg","thumbnail":"https:\/\/images.epagine.fr\/153\/9782353482153_1_v.jpg"},"orderable":true,"show_badge":true,"formatted_price":"14,00&nbsp;\u20ac","formatted_published_date":"19 ao\u00fbt 2021","publisher_availability_label":"Sur commande","short_details":"Keigo Shinz\u00f4 \u2014 \u00c9ditions le l\u00e9zard noir","translator":null,"weight":294,"page_count":192,"readership":"\u00e0 partir de 14 ans","editor":"\u00c9ditions le l\u00e9zard noir","price":1400,"published_date":"2021-08-18T22:00:00.000000Z","support":"Grand format","publisher_availability":1,"stock":0,"editions":[],"url":"https:\/\/quaidesbrumes.com\/ouvrage\/9782353482153\/mauvaise-herbe-tome-4"},{"id":"9782203162242","title":"Extases Tome 2 : les montagnes russes","description":"Nous aimons l'amour et le plaisir. La nature nous a fait ainsi. Mais h\u00e9las, nous int\u00e9grons d\u00e8s l'enfance, que notre sexualit\u00e9 est une chose sale et honteuse, une chose avec laquelle on est bien oblig\u00e9 de composer, mais qu'il faut tenir cach\u00e9. La sexualit\u00e9 fait fondamentalement partie de nos vies, mais, \u00e0 cause de la honte, d\u00e8s qu'il est question d'images, sa repr\u00e9sentation est absolument schizophr\u00e9nique. D'un c\u00f4t\u00e9, la pornographie, omnipr\u00e9sente, hyper consomm\u00e9e et passablement d\u00e9connect\u00e9e de la r\u00e9alit\u00e9 des choses ; et de l'autre, des r\u00e9cits de vie dans lesquels le rapport amoureux est une ellipse, des v\u00eatements \u00f4t\u00e9s \u00e0 la h\u00e2te sur un tapis, des ombres chinoises, une fen\u00eatre ouverte sur la lune. Moi, je pense qu'il n'y a pas de honte \u00e0 avoir et que la loi n'a pas \u00e0 s'immiscer dans les chambres \u00e0 coucher, tant que ces choses-l\u00e0 se passent entre adultes d\u00e9sirants. C'est une d\u00e9marche engag\u00e9e. C'est un acte politique.","authors":["Jean-louis Tripp"],"category_codes":["3000000","3020000","3020100","3020112"],"visuals":{"large":"https:\/\/images.epagine.fr\/242\/9782203162242_1_75.jpg","medium":"https:\/\/images.epagine.fr\/242\/9782203162242_1_m.jpg","thumbnail":"https:\/\/images.epagine.fr\/242\/9782203162242_1_v.jpg"},"orderable":true,"show_badge":true,"formatted_price":"27,95&nbsp;\u20ac","formatted_published_date":"11 mars 2020","publisher_availability_label":"Sur commande","short_details":"Jean-louis Tripp \u2014 Casterman","translator":null,"weight":748,"page_count":368,"readership":"\u00e0 partir de 16 ans","editor":"Casterman","price":2795,"published_date":"2020-03-10T23:00:00.000000Z","support":"Grand format","publisher_availability":1,"stock":0,"editions":[],"url":"https:\/\/quaidesbrumes.com\/ouvrage\/9782203162242\/extases-tome-2-les-montagnes-russes"},{"id":"9782723499545","title":"Les enfers ; au royaume d'Had\u00e8s","description":"Il est invisible aux yeux de tous. Il est le souverain des morts.Inquiet\u00e9 par une proph\u00e9tie lui assurant que l'un de ses descendants le d\u00e9tr\u00f4nera, Cronos d\u00e9cide d'ingurgiter chacun de ses enfants avant qu'ils ne puissent \u00eatre capables de lui nuire. Had\u00e8s est ainsi aval\u00e9 par son p\u00e8re aux premi\u00e8res lueurs de son existence avant d'\u00eatre d\u00e9livr\u00e9, des ann\u00e9es plus tard, par son fr\u00e8re Zeus. De la lib\u00e9ration des enfants de Cronos va d\u00e9couler la guerre entre les Titans et les Olympiens et, \u00e0 l'issue des combats, Had\u00e8s h\u00e9ritera du royaume des morts. C'est \u00e0 son tr\u00f4ne infernal qu'Had\u00e8s doit sa richesse, sa femme Pers\u00e9phone et ses multiples rencontres avec des h\u00e9ros perdus aux coeur des entrailles de son funeste domaine.\r\nRevenant sur les \u00e9l\u00e9ments fondateurs du mythe d'Had\u00e8s, ce nouvel opus de la collection \u00ab La Sagesse des mythes \u00bb permet \u00e9galement d'aborder les aventures des h\u00e9ros ayant travers\u00e9 son royaume infernal.","authors":["Clotilde Bruneau","Didier Oddi","Luc Ferry"],"category_codes":["3000000","3020000","3020100","3020108"],"visuals":{"large":"https:\/\/images.epagine.fr\/545\/9782723499545_1_75.jpg","medium":"https:\/\/images.epagine.fr\/545\/9782723499545_1_m.jpg","thumbnail":"https:\/\/images.epagine.fr\/545\/9782723499545_1_v.jpg"},"orderable":true,"show_badge":true,"formatted_price":"15,50&nbsp;\u20ac","formatted_published_date":"1er d\u00e9cembre 2021","publisher_availability_label":"Sur commande","short_details":"Clotilde Bruneau, Didier Oddi, Luc Ferry \u2014 Gl\u00e9nat","translator":null,"weight":627,"page_count":56,"readership":null,"editor":"Gl\u00e9nat","price":1550,"published_date":"2021-11-30T23:00:00.000000Z","support":"Grand format","publisher_availability":1,"stock":0,"editions":[],"url":"https:\/\/quaidesbrumes.com\/ouvrage\/9782723499545\/les-enfers-au-royaume-dhades"},{"id":"9782505006572","title":"Boule & Bill Tome 27 : bwoufallo Bill ?","description":"Gr\u00e2ce \u00e0 cette vision id\u00e9ale de la vie et de la famille d\u00e9crite au fil des albums, les enfants peuvent retrouver, en lisant Boule & Bill, des \u00e9l\u00e9ments de leur existence quotidienne. Au-del\u00e0 des modes et des tendances du moment, les enfants restent des enfants, avec les m\u00eames jeux, les m\u00eames r\u00e9actions et les m\u00eames comportements face \u00e0 la vie. Alors, il n'y a aucune raison pour que Boule et Bill se mettent \u00e0 changer.\r\nBeaucoup d'enfants de 6-10 ans, d'adolescents et d'adultes d\u00e9clarent adorer la s\u00e9rie : \"Tout le monde conna\u00eet Boule et Bill. C'est vraiment une s\u00e9rie intemporelle !\"","authors":["Jean Roba"],"category_codes":["3000000","3020000","3020200","3020211"],"visuals":{"large":"https:\/\/images.epagine.fr\/572\/9782505006572_1_75.jpg","medium":"https:\/\/images.epagine.fr\/572\/9782505006572_1_m.jpg","thumbnail":"https:\/\/images.epagine.fr\/572\/9782505006572_1_v.jpg"},"orderable":true,"show_badge":true,"formatted_price":"12,95&nbsp;\u20ac","formatted_published_date":"12 avril 2009","publisher_availability_label":"Sur commande","short_details":"Jean Roba \u2014 Boule Et Bill","translator":null,"weight":350,"page_count":48,"readership":"Tout public","editor":"Boule Et Bill","price":1295,"published_date":"2009-04-11T22:00:00.000000Z","support":"Grand format","publisher_availability":1,"stock":0,"editions":[],"url":"https:\/\/quaidesbrumes.com\/ouvrage\/9782505006572\/boule-bill-tome-27-bwoufallo-bill"},{"id":"9782369813767","title":"La cit\u00e9 sans nom Tome 3 : la terre d\u00e9chir\u00e9e","description":"Dandao annex\u00e9e par le g\u00e9n\u00e9ral Erzi et ses troupes font r\u00e9gner la terreur. La tribu Dao d\u00e9termin\u00e9e \u00e0 mettre \u00e0 mal cette invasion et \u00e0 reprendre le pouvoir va s'allier aux Yisun. L'offensive est imminente, c'est Kata du clan des Liuyadao, la femme d'Andren qui dirigera les op\u00e9rations. De leur c\u00f4t\u00e9, Rat et Kai de la tribu des Dao d\u00e9cident d'aller voler le livre de Napatha contenant la formule de destruction massive, actuellement d\u00e9tenue au Palais d'Erzi et que l'habile Mura s'appr\u00eate \u00e0 revendre \u00e0 toutes les nations pour entretenir les guerres. L'intervention des moines et la tentative de pacification  auront-ils raison des mauvaises \u00e2mes ? L'amiti\u00e9 entre Rat et Kai sera-t-elle \u00e9pargn\u00e9e alors les autres feront na\u00eetre le doute ?\r","authors":["Faith Erin Hicks","Fanny Soubiran"],"category_codes":["3000000","3030000","3030100"],"visuals":{"large":"https:\/\/images.epagine.fr\/767\/9782369813767_1_75.jpg","medium":"https:\/\/images.epagine.fr\/767\/9782369813767_1_m.jpg","thumbnail":"https:\/\/images.epagine.fr\/767\/9782369813767_1_v.jpg"},"orderable":true,"show_badge":true,"formatted_price":"16,00&nbsp;\u20ac","formatted_published_date":"13 f\u00e9vrier 2019","publisher_availability_label":"Sur commande","short_details":"Faith Erin Hicks, Fanny Soubiran \u2014 Rue de S\u00e8vres","translator":"FANNY SOUBIRAN","weight":802,"page_count":270,"readership":null,"editor":"Rue de S\u00e8vres","price":1600,"published_date":"2019-02-12T23:00:00.000000Z","support":"Grand format","publisher_availability":1,"stock":0,"editions":[],"url":"https:\/\/quaidesbrumes.com\/ouvrage\/9782369813767\/la-cite-sans-nom-tome-3-la-terre-dechiree"},{"id":"9791033505501","title":"Freaks' Squeele - fun\u00e9railles Tome 5","description":"Dans son exil loin de REM et des manigances politiques, La XIIIe l\u00e9gion a trouv\u00e9 une terre d'accueil, un v\u00e9ritable paradis au sens propre comme au sens fiscal. L'endroit id\u00e9al pour se refaire une sant\u00e9. Mais alors que le carnaval bat son plein, la ville est attaqu\u00e9e par des fanatiques de la d\u00e9esse Isis. Le probl\u00e8me avec ces chevaliers-Saint, c'est qu'ils sont immortels et suicidaires ! La solution viendra-t-elle d'Orane alias Mammouth ? Avec sa full metal jacket, elle pourrait incarner Selket, la tr\u00e8s ancienne d\u00e9esse-Scorpion, et ainsi usurper Isis...","authors":["Florent Maudoux"],"category_codes":["3000000","3020000","3020100","3020109"],"visuals":{"large":"https:\/\/images.epagine.fr\/501\/9791033505501_1_75.jpg","medium":"https:\/\/images.epagine.fr\/501\/9791033505501_1_m.jpg","thumbnail":"https:\/\/images.epagine.fr\/501\/9791033505501_1_v.jpg"},"orderable":true,"show_badge":true,"formatted_price":"15,90&nbsp;\u20ac","formatted_published_date":"26 octobre 2018","publisher_availability_label":"Sur commande","short_details":"Florent Maudoux \u2014 Ankama \u00c9ditions","translator":null,"weight":502,"page_count":80,"readership":"\u00e0 partir de 12 ANS","editor":"Ankama \u00c9ditions","price":1590,"published_date":"2018-10-25T22:00:00.000000Z","support":"Grand format","publisher_availability":1,"stock":0,"editions":[],"url":"https:\/\/quaidesbrumes.com\/ouvrage\/9791033505501\/freaks-squeele-funerailles-tome-5"},{"id":"9782809463880","title":"The Boys : Int\u00e9grale vol.5 : le fils du boulanger","description":"Alors que les vacances du P'tit Hughie se poursuivent, Butcher tente de comprendre pourquoi le premier affrontement entre les P'tits Gars et les Sept a mal tourn\u00e9. L'\u00e9quipe doit faire face \u00e0 de nombreuses tensions et ce n'est pas le retour d'une vieille connaissance qui va arranger la situation. \u00c9galement au programme, les terribles actions de la compagnie Vought-American.","authors":["Garth Ennis","Russ Braun","Darick Robertson"],"category_codes":["3000000","3030000","3030400"],"visuals":{"large":"https:\/\/images.epagine.fr\/880\/9782809463880_1_75.jpg","medium":"https:\/\/images.epagine.fr\/880\/9782809463880_1_m.jpg","thumbnail":"https:\/\/images.epagine.fr\/880\/9782809463880_1_v.jpg"},"orderable":true,"show_badge":true,"formatted_price":"24,00&nbsp;\u20ac","formatted_published_date":"14 juin 2017","publisher_availability_label":"Sur commande","short_details":"Garth Ennis, Russ Braun, Darick Robertson \u2014 Panini","translator":null,"weight":1010,"page_count":436,"readership":"\u00e0 partir de 16 ans","editor":"Panini","price":2400,"published_date":"2017-06-13T22:00:00.000000Z","support":"Grand format","publisher_availability":1,"stock":0,"editions":[],"url":"https:\/\/quaidesbrumes.com\/ouvrage\/9782809463880\/the-boys-integrale-vol5-le-fils-du-boulanger"},{"id":"9791034761234","title":"Les vies de Charlie","description":"Dans une grande ville grouillante, Charlie, un jeune homme plein de bonne volont\u00e9, travaille pour Recycle & Ternel, une soci\u00e9t\u00e9 dont le slogan est \u00ab Vous mourez, nous recyclons \u00bb. Charlie passe donc son temps \u00e0 r\u00e9pondre au t\u00e9l\u00e9phone \u00e0 des familles qui veulent savoir en quoi pourrait \u00eatre transform\u00e9 leur cher d\u00e9funt. Un jour, un gamin l'appelle pour lui demander ce qu'est devenue l'\u00e2me de sa maman. Incapable de r\u00e9pondre, Charlie va se lancer dans une enqu\u00eate au coeur de la mort et de l'amour...\r\n\r\nKid Toussaint et Aur\u00e9lie Guarino nous livrent une fable tout en sensibilit\u00e9 sur la mort, la vie apr\u00e8s la mort et l'amour \u00e0 travers le temps.","authors":["Kid Toussaint","Aur\u00e9lie Guarino"],"category_codes":["3000000","3020000","3020100"],"visuals":{"large":"https:\/\/images.epagine.fr\/234\/9791034761234_1_75.jpg","medium":"https:\/\/images.epagine.fr\/234\/9791034761234_1_m.jpg","thumbnail":"https:\/\/images.epagine.fr\/234\/9791034761234_1_v.jpg"},"orderable":true,"show_badge":true,"formatted_price":"26,00&nbsp;\u20ac","formatted_published_date":"28 avril 2023","publisher_availability_label":"Sur commande","short_details":"Kid Toussaint, Aur\u00e9lie Guarino \u2014 Dupuis","translator":null,"weight":952,"page_count":128,"readership":null,"editor":"Dupuis","price":2600,"published_date":"2023-04-27T22:00:00.000000Z","support":"Grand format","publisher_availability":1,"stock":0,"editions":[],"url":"https:\/\/quaidesbrumes.com\/ouvrage\/9791034761234\/les-vies-de-charlie"},{"id":"9782800100098","title":"Spirou et Fantasio Tome 7 : Le dictateur et le champignon","description":"Le Marsupilami serait bien mieux en Palombie. Spirou d\u00e9cide de l'y renvoyer. Arriv\u00e9 sur place, il constate que Zantafio y a install\u00e9 une dictature.","authors":["Rosy","Andr\u00e9 Franquin"],"category_codes":["3000000","3020000","3020200","3020209"],"visuals":{"large":"https:\/\/images.epagine.fr\/098\/9782800100098_1_75.jpg","medium":"https:\/\/images.epagine.fr\/098\/9782800100098_1_m.jpg","thumbnail":"https:\/\/images.epagine.fr\/098\/9782800100098_1_v.jpg"},"orderable":true,"show_badge":true,"formatted_price":"12,95&nbsp;\u20ac","formatted_published_date":"1er avril 1986","publisher_availability_label":"Sur commande","short_details":"Rosy, Andr\u00e9 Franquin \u2014 Dupuis","translator":null,"weight":360,"page_count":48,"readership":"\u00e0 partir de 9 ANS","editor":"Dupuis","price":1295,"published_date":"1986-03-31T22:00:00.000000Z","support":"Grand format","publisher_availability":1,"stock":0,"editions":[],"url":"https:\/\/quaidesbrumes.com\/ouvrage\/9782800100098\/spirou-et-fantasio-tome-7-le-dictateur-et-le-champignon"},{"id":"9782413083214","title":"Les passagers du vent : Int\u00e9grale Tomes 8 et 9","description":"Paris, 16 f\u00e9vrier 1885. Cinq ans apr\u00e8s l'amnistie des communards et le retour des exil\u00e9s, une foule immense accompagne les fun\u00e9railles de Jules Vall\u00e8s. Parmi elle, Zabo, que l'on avait quitt\u00e9e en Louisiane vingt ans plus t\u00f4t et qui r\u00e9pond d\u00e9sormais au pr\u00e9nom de Clara. Lorsqu'elle assiste \u00e0 l'agression d'une jeune Bretonne tout juste arriv\u00e9e \u00e0 Paris, elle n'h\u00e9site pas \u00e0 intervenir...","authors":["Fran\u00e7ois Bourgeon"],"category_codes":["3000000","3020000","3020100","3020108"],"visuals":{"large":"https:\/\/images.epagine.fr\/214\/9782413083214_1_75.jpg","medium":"https:\/\/images.epagine.fr\/214\/9782413083214_1_m.jpg","thumbnail":"https:\/\/images.epagine.fr\/214\/9782413083214_1_v.jpg"},"orderable":true,"show_badge":true,"formatted_price":"39,50&nbsp;\u20ac","formatted_published_date":"22 octobre 2025","publisher_availability_label":"Sur commande","short_details":"Fran\u00e7ois Bourgeon \u2014 Delcourt","translator":null,"weight":1610,"page_count":224,"readership":null,"editor":"Delcourt","price":3950,"published_date":"2025-10-21T22:00:00.000000Z","support":"Grand format","publisher_availability":1,"stock":0,"editions":[],"url":"https:\/\/quaidesbrumes.com\/ouvrage\/9782413083214\/les-passagers-du-vent-integrale-tomes-8-et-9"},{"id":"9782803631520","title":"Yakari Tome 14 : le vol des corbeaux","description":null,"authors":["Job","Derib"],"category_codes":["3000000","3020000","3020200","3020210"],"visuals":{"large":"https:\/\/images.epagine.fr\/520\/9782803631520_1_75.jpg","medium":"https:\/\/images.epagine.fr\/520\/9782803631520_1_m.jpg","thumbnail":"https:\/\/images.epagine.fr\/520\/9782803631520_1_v.jpg"},"orderable":true,"show_badge":true,"formatted_price":"12,95&nbsp;\u20ac","formatted_published_date":"1er ao\u00fbt 2017","publisher_availability_label":"Sur commande","short_details":"Job, Derib \u2014 \u00c9ditions du Lombard","translator":null,"weight":368,"page_count":null,"readership":"\u00e0 partir de 7 ANS","editor":"\u00c9ditions du Lombard","price":1295,"published_date":"2017-07-31T22:00:00.000000Z","support":"Grand format","publisher_availability":1,"stock":0,"editions":[],"url":"https:\/\/quaidesbrumes.com\/ouvrage\/9782803631520\/yakari-tome-14-le-vol-des-corbeaux"}]}