{"data":[{"id":"9782302000315","title":"Lanfeust des \u00e9toiles Tome 7 : le secret des Dolphantes","description":"Glin, le fils de Lanfeust et Cixi a \u00e9t\u00e9 enlev\u00e9 par le dangereux pirate Thanos. La vaillante \u00e9quipe des \u00e9toiles part alors \u00e0 sa recherche et s'appr\u00eate \u00e0 affronter mille dangers. Entre mar\u00e9cages inqui\u00e9tants, cr\u00e9atures suceuses de sang et batracides primitifs, Lanfeust, Cixi, H\u00e9bus, Swiip et Quam ne sont pas au bout de leur peine ! Ce qu'ils ignorent encore, c'est que Glin progresse peu \u00e0 peu vers le c\u00f4t\u00e9 obscur...","authors":["Christophe Arleston","Didier Tarquin"],"category_codes":["3000000","3020000","3020100","3020105"],"visuals":{"large":"https:\/\/images.epagine.fr\/315\/9782302000315_1_75.jpg","medium":"https:\/\/images.epagine.fr\/315\/9782302000315_1_m.jpg","thumbnail":"https:\/\/images.epagine.fr\/315\/9782302000315_1_v.jpg"},"orderable":true,"show_badge":true,"formatted_price":"15,50&nbsp;\u20ac","formatted_published_date":"7 juillet 2011","publisher_availability_label":"Sur commande","short_details":"Christophe Arleston, Didier Tarquin \u2014 Soleil","translator":null,"weight":605,"page_count":52,"readership":"\u00e0 partir de 12 ANS","editor":"Soleil","price":1550,"published_date":"2011-07-06T22:00:00.000000Z","support":"Grand format","publisher_availability":1,"stock":0,"editions":[],"url":"https:\/\/quaidesbrumes.com\/ouvrage\/9782302000315\/lanfeust-des-etoiles-tome-7-le-secret-des-dolphantes"},{"id":"9782302093010","title":"Arkham mysteries Tome 2 : L'ombre de Dagon","description":"Dans la Nouvelle Angleterre imagin\u00e9e par Lovecraft, dans la ville d'Arkham et l'universit\u00e9 de Miskatonic. Un r\u00e9cit d'aventure avec ses villes (Salem, Innsmouth ou Dunwich), ses horreurs et ses cr\u00e9atures cach\u00e9es.\r\n1921. Engag\u00e9 de mani\u00e8re suspecte par l'Universit\u00e9 de Miskatonic apr\u00e8s son \u00e9trange p\u00e9riple en Mongolie, Seth Armitage, aux c\u00f4t\u00e9s de Skylark Duquesne, la propri\u00e9taire de l'Arkham Sentinel, et d'un certain H. P. Lovecraft, se retrouve soudain confront\u00e9 \u00e0 des horreurs venues des ab\u00eemes du temps. Des horreurs qui se d\u00e9cha\u00eenent au coeur d'Arkham et qui pointent vers Dagon, en embuscade dans l'Atlantique.","authors":["Richard D. Nolane","Manuel Garcia"],"category_codes":["3000000","3020000","3020100","3020106"],"visuals":{"large":"https:\/\/images.epagine.fr\/010\/9782302093010_1_75.jpg","medium":"https:\/\/images.epagine.fr\/010\/9782302093010_1_m.jpg","thumbnail":"https:\/\/images.epagine.fr\/010\/9782302093010_1_v.jpg"},"orderable":true,"show_badge":true,"formatted_price":"15,95&nbsp;\u20ac","formatted_published_date":"22 janvier 2026","publisher_availability_label":"Sur commande","short_details":"Richard D. Nolane, Manuel Garcia \u2014 Soleil","translator":null,"weight":604,"page_count":50,"readership":null,"editor":"Soleil","price":1595,"published_date":"2026-01-21T23:00:00.000000Z","support":"Grand format","publisher_availability":1,"stock":0,"editions":[],"url":"https:\/\/quaidesbrumes.com\/ouvrage\/9782302093010\/arkham-mysteries-tome-2-lombre-de-dagon"},{"id":"9782413016816","title":"Walking Dead Tome 32 : la fin du voyage","description":"Rick va-t-il \u00eatre capable de ramener la paix au Commonwealth ? La situation s'envenime avec la Gouverneuse Milton. Et question essentielle reste pos\u00e9e, sans r\u00e9ponse dans l'imm\u00e9diat : est-ce que si une communaut\u00e9 aussi puissante et organis\u00e9e que le Commonwealth venait \u00e0 tomber, qu'est-ce que cela dirait de l'\u00e9tat du monde ? Pas certain que le futur soit tr\u00e8s brillant pour nos protagonistes...","authors":["Charlie Adlard","Stefano Gaudiano","Robert Kirkman","Edmond Tourriol"],"category_codes":["3000000","3030000","3030100"],"visuals":{"large":"https:\/\/images.epagine.fr\/816\/9782413016816_1_75.jpg","medium":"https:\/\/images.epagine.fr\/816\/9782413016816_1_m.jpg","thumbnail":"https:\/\/images.epagine.fr\/816\/9782413016816_1_v.jpg"},"orderable":true,"show_badge":true,"formatted_price":"15,95&nbsp;\u20ac","formatted_published_date":"16 octobre 2019","publisher_availability_label":"Sur commande","short_details":"Charlie Adlard, Stefano Gaudiano, Robert Kirkman, Edmond Tourriol \u2014 Delcourt","translator":"EDMOND TOURRIOL","weight":392,"page_count":149,"readership":"\u00e0 partir de 16 ans","editor":"Delcourt","price":1595,"published_date":"2019-10-15T22:00:00.000000Z","support":"Grand format","publisher_availability":1,"stock":0,"editions":[],"url":"https:\/\/quaidesbrumes.com\/ouvrage\/9782413016816\/walking-dead-tome-32-la-fin-du-voyage"},{"id":"9782715426689","title":"Herg\u00e9","description":"Auteur d'une oeuvre intemporelle, traduite en cent trente-cinq langues et dialectes, Herg\u00e9 a su transcender les conditions de son milieu, son absence de formation et son mode d'expression, la bande dessin\u00e9e, dont on n'attendait rien que le divertissement des plus jeunes. Thierry Groensteen analyse les secrets de ce formidable accomplissement, les ressorts des Aventures de Tintin et la place d'Herg\u00e9 dans l'histoire du neuvi\u00e8me art. Il d\u00e9vide les m\u00e9andres d'une biographie marqu\u00e9e par des rencontres importantes et quelques zones d'ombre, et raconte ce qu'il est advenu de l'oeuvre apr\u00e8s la mort de son cr\u00e9ateur, en 1983. Il r\u00e9pond \u00e9galement aux reproches adress\u00e9s au dessinateur belge. Cr\u00e9ateur de personnages inoubliables, ce dernier fait aujourd'hui, plus que jamais, figure de classique.","authors":["Thierry Groensteen"],"category_codes":["3000000","3010000","3010500"],"visuals":{"large":"https:\/\/images.epagine.fr\/689\/9782715426689_1_75.jpg","medium":"https:\/\/images.epagine.fr\/689\/9782715426689_1_m.jpg","thumbnail":"https:\/\/images.epagine.fr\/689\/9782715426689_1_v.jpg"},"orderable":true,"show_badge":true,"formatted_price":"10,00&nbsp;\u20ac","formatted_published_date":"27 ao\u00fbt 2025","publisher_availability_label":"Sur commande","short_details":"Thierry Groensteen \u2014 Que sais-je ?","translator":null,"weight":102,"page_count":128,"readership":"Tout public","editor":"Que sais-je ?","price":1000,"published_date":"2025-08-26T22:00:00.000000Z","support":"Poche","publisher_availability":1,"stock":0,"editions":[],"url":"https:\/\/quaidesbrumes.com\/ouvrage\/9782715426689\/herge"},{"id":"9782845656833","title":"Lanfeust des \u00e9toiles Tome 3 : les sables d'Abraxar","description":"Quelques \u00e9pisodes mouvement\u00e9s plus tard... C'en est trop ! Cixi donnerait tout pour un moment d'intimit\u00e9 avec son si chou\" Lanfeust... Mais h\u00e9las pour elle, l'aventure continue... En effet, leur petite \u00e9quip\u00e9e doit \u00e0 tout prix rejoindre Port Peebo, la base principal d'Abraxar, un mouvement de r\u00e9sistance seul capable de leur restituer leurs pouvoirs. Seulement voil\u00e0, comme chaque jour lorsque le cr\u00e9puscule approche, la folie guette tous les \u00eatres vivants... \u00e0 moins bien-s\u00fbr d'un antidote... Traverser les terribles d\u00e9serts du nord jusqu'\u00e0 Port Peebo est d\u00e9j\u00e0 une \u00e9preuve difficile, alors pour un groupe isol\u00e9, c'est presque impossible... sauf peut-\u00eatre si un troll en fait partie. \"","authors":["Christophe Arleston","Didier Tarquin"],"category_codes":["3000000","3020000","3020100","3020105"],"visuals":{"large":"https:\/\/images.epagine.fr\/833\/9782845656833_1_75.jpg","medium":"https:\/\/images.epagine.fr\/833\/9782845656833_1_m.jpg","thumbnail":"https:\/\/images.epagine.fr\/833\/9782845656833_1_v.jpg"},"orderable":true,"show_badge":true,"formatted_price":"15,50&nbsp;\u20ac","formatted_published_date":"7 juillet 2011","publisher_availability_label":"Sur commande","short_details":"Christophe Arleston, Didier Tarquin \u2014 Soleil","translator":null,"weight":565,"page_count":52,"readership":"\u00e0 partir de 12 ANS","editor":"Soleil","price":1550,"published_date":"2011-07-06T22:00:00.000000Z","support":"Grand format","publisher_availability":1,"stock":0,"editions":[],"url":"https:\/\/quaidesbrumes.com\/ouvrage\/9782845656833\/lanfeust-des-etoiles-tome-3-les-sables-dabraxar"},{"id":"9782367960227","title":"Dans la t\u00eate de monsieur le prof : Voyage \u00e0 Londres","description":"Dans cette BD dont vous \u00eates le h\u00e9ros, plongez dans la peau d'un professeur d'anglais en voyage scolaire \u00e0 Londres qui doit retrouver ses 18 \u00e9l\u00e8ves dispers\u00e9s dans la capitale avant le d\u00e9part du bus. Entre gestion des points de vie, du temps qui file et d'un budget limit\u00e9, explorez les lieux embl\u00e9matiques de Londres tout en g\u00e9rant les situations cocasses provoqu\u00e9es par vos \u00e9l\u00e8ves : l'un vole la couronne royale, l'autre est coinc\u00e9 sur Big Ben, un troisi\u00e8me est suspendu \u00e0 une poulie dans le Globe Theater de Shakespeare... Une aventure interactive pleine d'humour qui m\u00eale humour, apprentissage de l'anglais et exploration culturelle de Londres.","authors":["William Lafleur","Gorobe\u00ef"],"category_codes":["3000000","3020000","3020200","3020209"],"visuals":{"large":"https:\/\/images.epagine.fr\/227\/9782367960227_1_75.jpg","medium":"https:\/\/images.epagine.fr\/227\/9782367960227_1_m.jpg","thumbnail":"https:\/\/images.epagine.fr\/227\/9782367960227_1_v.jpg"},"orderable":true,"show_badge":true,"formatted_price":"20,00&nbsp;\u20ac","formatted_published_date":"17 avril 2026","publisher_availability_label":"Sur commande","short_details":"William Lafleur, Gorobe\u00ef \u2014 Makaka","translator":null,"weight":350,"page_count":96,"readership":"Tout public","editor":"Makaka","price":2000,"published_date":"2026-04-16T22:00:00.000000Z","support":"Grand format","publisher_availability":1,"stock":0,"editions":[],"url":"https:\/\/quaidesbrumes.com\/ouvrage\/9782367960227\/dans-la-tete-de-monsieur-le-prof-voyage-a-londres"},{"id":"9782808502856","title":"Carcoma","description":"Ce sont des pirates, des laiss\u00e9s pour compte et des damn\u00e9s qui ont tous pr\u00eat\u00e9 serment de ne plus jamais poser le pied \u00e0 terre et de voguer inlassablement vers l'inconnu en attendant une mort in\u00e9vitable. Mais le destin va en d\u00e9cider autrement et les plonger dans l'effroi.\r\n\r\nTous ont laiss\u00e9 derri\u00e8re eux un pass\u00e9 tortur\u00e9 qu'ils cherchent \u00e0 oublier.\r\n\r\n\u00c0 bord, personne ne conna\u00eet les secrets des uns et des autres ni ne sait pourquoi ils ont choisi de rejoindre le navire Carcoma : ils ne sont unis que par leur serment et une ob\u00e9issance aveugle \u00e0 leur capitaine, un homme amer, alcoolique, sans concession et violent, qui dirige cette troupe d'une main de fer.\r\n\r\nCes pirates d\u00e9sabus\u00e9s font une d\u00e9couverte \u00e9tonnante lorsque leur bateau s'\u00e9choue par m\u00e9garde sur une \u00eele d\u00e9serte : une myst\u00e9rieuse cr\u00e9ature marine qui va, contre toute attente, bouleverser les relations de l'\u00e9quipage. Et cette situation n'est pas du go\u00fbt du capitaine.\r\n\r\nUn vent de terreur va bient\u00f4t s'abattre sur le Carcoma...\r\n\r\nPour sa premi\u00e8re cr\u00e9ation en BD, Andr\u00e9s Garrido nous livre un conte macabre et po\u00e9tique sur fond d'un r\u00e9cit de pirates d\u00e9sabus\u00e9s et hauts en couleur. Une approche personnelle de la fiction de genre qui convoque la grande aventure et des histoires humaines touchantes entrem\u00eal\u00e9es.","authors":["Andr\u00e9s Garrido"],"category_codes":["3000000","3020000","3020100"],"visuals":{"large":"https:\/\/images.epagine.fr\/856\/9782808502856_1_75.jpg","medium":"https:\/\/images.epagine.fr\/856\/9782808502856_1_m.jpg","thumbnail":"https:\/\/images.epagine.fr\/856\/9782808502856_1_v.jpg"},"orderable":true,"show_badge":true,"formatted_price":"27,95&nbsp;\u20ac","formatted_published_date":"7 f\u00e9vrier 2025","publisher_availability_label":"Sur commande","short_details":"Andr\u00e9s Garrido \u2014 Dupuis","translator":null,"weight":1232,"page_count":176,"readership":null,"editor":"Dupuis","price":2795,"published_date":"2025-02-06T23:00:00.000000Z","support":"Grand format","publisher_availability":1,"stock":0,"editions":[],"url":"https:\/\/quaidesbrumes.com\/ouvrage\/9782808502856\/carcoma"},{"id":"9782723478779","title":"Bleach Tome 42 : schock of the queen","description":"Les meilleurs officiers sup\u00e9rieurs des 13 divisions lancent l'assaut sur les 3 premiers Espada ! Au plus fort de la bataille, voil\u00e0 que s'ouvre le Garganta ! \u00c0 quoi peut bien ressembler leur plus terrible ennemi ? Pire, alors qu'ils affrontent un danger sans pr\u00e9c\u00e9dent, voil\u00e0 que de nouvelles forces arrivent ! Amies ou ennemies ? La bataille entre dans une nouvelle phase !","authors":["Tite Kubo"],"category_codes":["3000000","3040000","3040500","3040508"],"visuals":{"large":"https:\/\/images.epagine.fr\/779\/9782723478779_1_75.jpg","medium":"https:\/\/images.epagine.fr\/779\/9782723478779_1_m.jpg","thumbnail":"https:\/\/images.epagine.fr\/779\/9782723478779_1_v.jpg"},"orderable":true,"show_badge":true,"formatted_price":"7,20&nbsp;\u20ac","formatted_published_date":"4 mai 2011","publisher_availability_label":"Sur commande","short_details":"Tite Kubo \u2014 Gl\u00e9nat","translator":null,"weight":200,"page_count":192,"readership":"\u00e0 partir de 12 ANS","editor":"Gl\u00e9nat","price":720,"published_date":"2011-05-03T22:00:00.000000Z","support":"Poche","publisher_availability":1,"stock":0,"editions":[],"url":"https:\/\/quaidesbrumes.com\/ouvrage\/9782723478779\/bleach-tome-42-schock-of-the-queen"},{"id":"9782203241527","title":"Les Bad Guys Tome 1 : vous avez dit m\u00e9chants ?","description":"Ces gars-l\u00e0 ne sont pas des m\u00e9chants... ce sont des BAD GUYS. Avec de grandes dents, de grosses griffes et un SALE CARACT\u00c8RE. Ils te font SUPER PEUR et tu as bien raison car ce sont de vrais dingues. Mais au fond, ils veulent que tu les aimes. Alors ils ont d\u00e9cid\u00e9 de SAUVER LE MONDE... m\u00eame si le monde ne leur a rien demand\u00e9 !","authors":["Aaron Blabey"],"category_codes":["3000000","3020000","3020200","3020209"],"visuals":{"large":"https:\/\/images.epagine.fr\/527\/9782203241527_1_75.jpg","medium":"https:\/\/images.epagine.fr\/527\/9782203241527_1_m.jpg","thumbnail":"https:\/\/images.epagine.fr\/527\/9782203241527_1_v.jpg"},"orderable":true,"show_badge":true,"formatted_price":"9,90&nbsp;\u20ac","formatted_published_date":"6 avril 2022","publisher_availability_label":"Sur commande","short_details":"Aaron Blabey \u2014 Casterman","translator":null,"weight":328,"page_count":144,"readership":"\u00e0 partir de 7 ANS","editor":"Casterman","price":990,"published_date":"2022-04-05T22:00:00.000000Z","support":"Grand format","publisher_availability":1,"stock":0,"editions":[],"url":"https:\/\/quaidesbrumes.com\/ouvrage\/9782203241527\/les-bad-guys-tome-1-vous-avez-dit-mechants"},{"id":"9782756050232","title":"Ascension Tome 17","description":"Buntar\u00f4 veut redescendre pour retrouver sa famille. H\u00e9las, le mal des hauteurs l'entra\u00eene sur de mauvaises pentes. Ses espoirs de survie s'amenuisent. Jusqu'\u00e0 ce que la montagne lui accorde un ultime sursis ! Mais \u00e0 quel prix ? Le sommet de ses r\u00eaves le guide \u00e0 travers la tourmente et ses propres interrogations. L'\u00e9treinte finale sera-t-elle glaciale... et d\u00e9finitive ?","authors":["Yoshino Nabeta","Jiro Nitta","Shin'ichi Sakamoto","Yano Tetsuya"],"category_codes":["3000000","3040000","3040600","3040611"],"visuals":{"large":"https:\/\/images.epagine.fr\/232\/9782756050232_1_75.jpg","medium":"https:\/\/images.epagine.fr\/232\/9782756050232_1_m.jpg","thumbnail":"https:\/\/images.epagine.fr\/232\/9782756050232_1_v.jpg"},"orderable":true,"show_badge":true,"formatted_price":"8,50&nbsp;\u20ac","formatted_published_date":"12 mars 2014","publisher_availability_label":"Sur commande","short_details":"Yoshino Nabeta, Jiro Nitta, Shin'ichi Sakamoto, Yano Tetsuya \u2014 Delcourt","translator":"YANO TETSUYA","weight":206,"page_count":224,"readership":"\u00e0 partir de 14 ans","editor":"Delcourt","price":850,"published_date":"2014-03-11T23:00:00.000000Z","support":"Poche","publisher_availability":1,"stock":0,"editions":[],"url":"https:\/\/quaidesbrumes.com\/ouvrage\/9782756050232\/ascension-tome-17"},{"id":"9782413016632","title":"Les L\u00e9gendaires - saga Tome 1","description":"Adapter les 23 tomes des L\u00e9gendaires en manga, c'est un vieux r\u00eave qui se r\u00e9alise enfin pour Patrick Sobral, mais aussi l'occasion pour chacun de (re)d\u00e9couvrir la s\u00e9rie. Une adaptation fid\u00e8le qui permet de corriger les erreurs de la BD originelle et d'offrir aux sc\u00e8nes d'action l'ampleur qu'elles m\u00e9ritent. Forts de cette libert\u00e9, les auteurs ont pris beaucoup de plaisir. Gageons que les lecteurs en auront aussi.","authors":["Guillaume Lapeyre","Patrick Sobral","Jessica Jung"],"category_codes":["3000000","3040000","3040500","3040504"],"visuals":{"large":"https:\/\/images.epagine.fr\/632\/9782413016632_1_75.jpg","medium":"https:\/\/images.epagine.fr\/632\/9782413016632_1_m.jpg","thumbnail":"https:\/\/images.epagine.fr\/632\/9782413016632_1_v.jpg"},"orderable":true,"show_badge":true,"formatted_price":"8,50&nbsp;\u20ac","formatted_published_date":"30 mars 2020","publisher_availability_label":"Sur commande","short_details":"Guillaume Lapeyre, Patrick Sobral, Jessica Jung \u2014 Delcourt","translator":null,"weight":196,"page_count":200,"readership":null,"editor":"Delcourt","price":850,"published_date":"2020-03-29T22:00:00.000000Z","support":"Poche","publisher_availability":1,"stock":0,"editions":[],"url":"https:\/\/quaidesbrumes.com\/ouvrage\/9782413016632\/les-legendaires-saga-tome-1"},{"id":"9782413084068","title":"Serial killer isekai Tome 1","description":"Un tueur en s\u00e9rie, n'arrivant pas \u00e0 \u00e9tancher son envie de tuer, est finalement arr\u00eat\u00e9 et ai condamn\u00e9 \u00e0 la peine de mort... Quelle fut sa surprise lorsqu'il se r\u00e9incarne dans un autre monde ! A son r\u00e9veil, une d\u00e9esse lui confie une mission : tuer douze autres personnes r\u00e9incarn\u00e9es. Lui qui voulait justement faire cesser ses pulsions meurti\u00e8res, les complications commencent !","authors":["Ichigo Hitotsubu","Hiro"],"category_codes":["3000000","3040000","3040600","3040605"],"visuals":{"large":"https:\/\/images.epagine.fr\/068\/9782413084068_1_75.jpg","medium":"https:\/\/images.epagine.fr\/068\/9782413084068_1_m.jpg","thumbnail":"https:\/\/images.epagine.fr\/068\/9782413084068_1_v.jpg"},"orderable":true,"show_badge":true,"formatted_price":"8,50&nbsp;\u20ac","formatted_published_date":"5 mars 2025","publisher_availability_label":"Sur commande","short_details":"Ichigo Hitotsubu, Hiro \u2014 Delcourt","translator":null,"weight":180,"page_count":196,"readership":"\u00e0 partir de 14 ans","editor":"Delcourt","price":850,"published_date":"2025-03-04T23:00:00.000000Z","support":"Poche","publisher_availability":1,"stock":0,"editions":[],"url":"https:\/\/quaidesbrumes.com\/ouvrage\/9782413084068\/serial-killer-isekai-tome-1"},{"id":"9782390600022","title":"Michel Vaillant - saison 2 Tome 10 : Pikes Peak, les rois de la montagne","description":"\u00c0 chacun sa montagne \u00e0 gravir, chez les Vaillant ! Alors que Steve Warson s'implique dans les primaires d\u00e9mocrates pour la pr\u00e9sidence des USA, Jean-Michel cr\u00e9e un prototype ultra comp\u00e9titif pendant que Patrick travaille sur la nouvelle Vaillante Grand Tourisme. Fran\u00e7oise, nouvelle directrice g\u00e9n\u00e9rale de l'entreprise, cherche quant \u00e0 elle \u00e0 construire une usine d'assemblage, \u00e0 cr\u00e9er de nouveaux mod\u00e8les, mais aussi \u00e0 faire le buzz autour de la marque... C'est dans ce contexte que Michel Vaillant va devoir gravir sa montagne \u00e0 lui. Une vraie montagne : celle de la course de c\u00f4te la plus folle du monde, la Pikes Peak Hill Climb, dans le Colorado. Un parcours hallucinant. Une ascension au travers des nuages \u00e0 plus de 4000 m\u00e8tres d'altitude. 156 virages bord\u00e9s de pr\u00e9cipices. Et un ennemi bien connu : Bob Cramer, pilote des Texas Drivers. Encore une fois, le 13 est au d\u00e9part...\r\n\r\nBenjamin Ben\u00e9teau et Denis Lapi\u00e8re en sont \u00e0 leur dixi\u00e8me Michel Vaillant, Vincent Dutreuil au deuxi\u00e8me. C'est une \u00e9quipe de passionn\u00e9s parfaitement rod\u00e9e qui s'attaque \u00e0 Pikes Peak, une course centenaire \u00e0 laquelle jamais une Vaillante n'avait encore particip\u00e9.","authors":["Denis Lapi\u00e8re","Benjamin Ben\u00e9teau","Vincent Dutreuil"],"category_codes":["3000000","3020000","3020100","3020109"],"visuals":{"large":"https:\/\/images.epagine.fr\/022\/9782390600022_1_75.jpg","medium":"https:\/\/images.epagine.fr\/022\/9782390600022_1_m.jpg","thumbnail":"https:\/\/images.epagine.fr\/022\/9782390600022_1_v.jpg"},"orderable":true,"show_badge":true,"formatted_price":"16,95&nbsp;\u20ac","formatted_published_date":"15 octobre 2021","publisher_availability_label":"Sur commande","short_details":"Denis Lapi\u00e8re, Benjamin Ben\u00e9teau, Vincent Dutreuil \u2014 Graton \u00c9diteur","translator":null,"weight":462,"page_count":57,"readership":"\u00e0 partir de 12 ANS","editor":"Graton \u00c9diteur","price":1695,"published_date":"2021-10-14T22:00:00.000000Z","support":"Grand format","publisher_availability":1,"stock":0,"editions":["9782390600275"],"url":"https:\/\/quaidesbrumes.com\/ouvrage\/9782390600022\/michel-vaillant-saison-2-tome-10-pikes-peak-les-rois-de-la-montagne"},{"id":"9782800169552","title":"Le Spirou de... : Spirou chez les Soviets","description":"Le comte de Champignac a disparu ! Il a \u00e9t\u00e9 enlev\u00e9 par des agents du KGB... Des savants russes ont besoin de lui pour les aider \u00e0 r\u00e9pandre le g\u00e8ne du communisme dans le monde entier. Dans le contexte de la guerre froide, Spirou et Fantasio jouent les James Bond, espions infiltr\u00e9s sous la couverture d'un reportage pour Vaillant (Pif Gadget), le journal communiste de l'\u00e9poque. Parviendront-ils \u00e0 d\u00e9livrer Champignac de l'embrigadement bolch\u00e9vique et \u00e0 sauver le monde de la contamination communiste ? Au dessin, Fabrice Tarrin s'inscrit pleinement dans la continuit\u00e9 des cr\u00e9ateurs de la s\u00e9rie qui ont fait de Spirou un grand h\u00e9ros \u00e9ternel. Le sc\u00e9nario de Fred Neidhardt, l'un des plus fins connaisseurs de \"Spirou\", distille avec jubilation des r\u00e9f\u00e9rences \u00e0 la grande \u00e9poque de la BD franco-belge, dans un univers de guerre froide o\u00f9 plane de-ci de-l\u00e0 l'ombre de 007. De quoi raviver le go\u00fbt pour la s\u00e9rie Spirou et Fantasio dans ce qu'elle a de plus mythique et intemporelle !","authors":["Fred Neidhardt"],"category_codes":["3000000","3020000","3020200","3020209"],"visuals":{"large":"https:\/\/images.epagine.fr\/552\/9782800169552_1_75.jpg","medium":"https:\/\/images.epagine.fr\/552\/9782800169552_1_m.jpg","thumbnail":"https:\/\/images.epagine.fr\/552\/9782800169552_1_v.jpg"},"orderable":true,"show_badge":true,"formatted_price":"13,50&nbsp;\u20ac","formatted_published_date":"4 septembre 2020","publisher_availability_label":"Sur commande","short_details":"Fred Neidhardt \u2014 Dupuis","translator":null,"weight":404,"page_count":56,"readership":"\u00e0 partir de 9 ANS","editor":"Dupuis","price":1350,"published_date":"2020-09-03T22:00:00.000000Z","support":"Grand format","publisher_availability":1,"stock":0,"editions":[],"url":"https:\/\/quaidesbrumes.com\/ouvrage\/9782800169552\/le-spirou-de-spirou-chez-les-soviets"},{"id":"9782368524831","title":"En sc\u00e8ne ! Tome 6","description":"Manga de danse au graphisme sublime, En sc\u00e8ne ! d\u00e9crit avec passion et drame humain les premiers pas d'une jeune ballerine dans la comp\u00e9tition classique.\r\nPendant le spectacle de leur \u00e9cole de ballet, Kanade et Shoko brillent sur sc\u00e8ne, au point d'impressionner la grande ballerine Abigail Nicols. Kanade, surtout, attire l'attention de l'ancienne \u00e9toile du Royal Ballet de Londres. Or, Abigail Nicols se montre tr\u00e8s claire avec la jeune fille : si elle veut devenir une danseuse accomplie, il va lui falloir quitter le Japon. Elle propose m\u00eame \u00e0 Kanade de poursuivre sa formation \u00e0 ses c\u00f4t\u00e9s.\r\n- S\u00e9lectionn\u00e9 par le jury des \" Mordus du manga \" \r\n(prix remis par les biblioth\u00e8ques de la ville de Paris) - 2017\r\n - S\u00e9lectionn\u00e9 aux Japan Expo Awards pour le Daruma du meilleur sh\u00f4jo (Prix du Public) - 2017","authors":["Cuvie","Satoko Fujimoto"],"category_codes":["3000000","3040000","3040400","3040411"],"visuals":{"large":"https:\/\/images.epagine.fr\/831\/9782368524831_1_75.jpg","medium":"https:\/\/images.epagine.fr\/831\/9782368524831_1_m.jpg","thumbnail":"https:\/\/images.epagine.fr\/831\/9782368524831_1_v.jpg"},"orderable":true,"show_badge":true,"formatted_price":"7,95&nbsp;\u20ac","formatted_published_date":"7 d\u00e9cembre 2017","publisher_availability_label":"Sur commande","short_details":"Cuvie, Satoko Fujimoto \u2014 Kurokawa","translator":"SATOKO FUJIMOTO","weight":180,"page_count":194,"readership":"\u00e0 partir de 14 ans","editor":"Kurokawa","price":795,"published_date":"2017-12-06T23:00:00.000000Z","support":"Poche","publisher_availability":1,"stock":0,"editions":[],"url":"https:\/\/quaidesbrumes.com\/ouvrage\/9782368524831\/en-scene-tome-6"},{"id":"9782368529980","title":"Demon slave Tome 1","description":"Quand le sc\u00e9nariste de Red Eyes Sword donne le pouvoir aux femmes et encha\u00eene son h\u00e9ros !\r\nSur Mato, une cit\u00e9 venue d'une dimension d\u00e9moniaque, existe un fruit qui a la particularit\u00e9 de donner des super-pouvoirs aux femmes qui le mangent.\r\n Ces femmes sont membres des escadrons antid\u00e9mons.\r\n\r\n Accul\u00e9 par une horde de monstres dans cette dimension, le jeune Y\u00fbki Wakura est sauv\u00e9 de justesse par une jeune femme capable de le transformer en une cr\u00e9ature surpuissante. \r\nMais l'activation de ce pouvoir comporte une condition : il doit devenir son esclave...","authors":["Takahiro","Yohei Takemura","Pierre Giner"],"category_codes":["3000000","3040000","3040500","3040508"],"visuals":{"large":"https:\/\/images.epagine.fr\/980\/9782368529980_1_75.jpg","medium":"https:\/\/images.epagine.fr\/980\/9782368529980_1_m.jpg","thumbnail":"https:\/\/images.epagine.fr\/980\/9782368529980_1_v.jpg"},"orderable":true,"show_badge":true,"formatted_price":"7,30&nbsp;\u20ac","formatted_published_date":"11 f\u00e9vrier 2021","publisher_availability_label":"Sur commande","short_details":"Takahiro, Yohei Takemura, Pierre Giner \u2014 Kurokawa","translator":"PIERRE GINER","weight":168,"page_count":210,"readership":"\u00e0 partir de 12 ANS","editor":"Kurokawa","price":730,"published_date":"2021-02-10T23:00:00.000000Z","support":"Poche","publisher_availability":1,"stock":0,"editions":[],"url":"https:\/\/quaidesbrumes.com\/ouvrage\/9782368529980\/demon-slave-tome-1"},{"id":"9782803631698","title":"Yakari Tome 31 : Yakari et les Appaloosas","description":"Fini le temps o\u00f9 Arc-Tendu, le chasseur enrag\u00e9, collectionnait les fourrures couleur de neige pour en d\u00e9corer son tipi ! Sa nouvelle obsession : la robe sombre comme la nuit et parsem\u00e9e d'\u00e9toiles d'un \u00e9talon sauvage.\r\n\r\nAppartenant \u00e0 la fameuse race tachet\u00e9e des appaloosas, un magnifique cheval sauvage fait l'objet d'\u00e2pres convoitises parmi les Indiens. Epris de libert\u00e9 et en emmenant avec lui une petite harde \u00e9galement rebelle, il a fui les Nez-Perc\u00e9s qui essayaient de le domestiquer pour la chasse et la guerre. Arc-Tendu veut, lui, absolument capturer ce bel \u00e9talon dans le seul but d'aller se pavaner sur son dos de tribu en tribu ! Yakari va mettre tout en oeuvre pour emp\u00eacher cette capture...\r\n\r\nD\u00e9couvrez le site de Yakari et la bande annonce des dessins anim\u00e9s !\r\n\r\nCet album a \u00e9t\u00e9 d\u00e9sign\u00e9 meilleur album jeunesse de l'ann\u00e9e 2005 par un jury d'enfants de 7 et 8 ans au 33e festival BD d'Angoul\u00eame.","authors":["Job","Derib"],"category_codes":["3000000","3020000","3020200","3020210"],"visuals":{"large":"https:\/\/images.epagine.fr\/698\/9782803631698_1_75.jpg","medium":"https:\/\/images.epagine.fr\/698\/9782803631698_1_m.jpg","thumbnail":"https:\/\/images.epagine.fr\/698\/9782803631698_1_v.jpg"},"orderable":true,"show_badge":true,"formatted_price":"12,95&nbsp;\u20ac","formatted_published_date":"19 mars 2014","publisher_availability_label":"Sur commande","short_details":"Job, Derib \u2014 \u00c9ditions du Lombard","translator":null,"weight":372,"page_count":null,"readership":"\u00e0 partir de 7 ANS","editor":"\u00c9ditions du Lombard","price":1295,"published_date":"2014-03-18T23:00:00.000000Z","support":"Grand format","publisher_availability":1,"stock":0,"editions":[],"url":"https:\/\/quaidesbrumes.com\/ouvrage\/9782803631698\/yakari-tome-31-yakari-et-les-appaloosas"},{"id":"9782205206111","title":"Hors scene","description":"David est encore un enfant, mais d\u00e9j\u00e0 aussi un adulte en devenir.\r\n\r\nCette fin d'ann\u00e9e de 5e, rythm\u00e9e par les r\u00e9p\u00e9titions du traditionnel spectacle o\u00f9 il incarnera sur sc\u00e8ne Aslan, le sage et puissant lion cr\u00e9ateur du monde de Narnia, est le moment d'un basculement subtil. Cet instant o\u00f9 les jeux de toujours perdent de leur int\u00e9r\u00eat, o\u00f9 le square est devenu trop petit, o\u00f9 l'on a pris des centim\u00e8tres aussi. Ce moment des premiers troubles amoureux et des premi\u00e8res bi\u00e8res en cachette. Ce moment o\u00f9 l'on se pr\u00e9pare hors sc\u00e8ne \u00e0 ce r\u00f4le de \u00ab grand \u00bb qu'on interpr\u00e8tera bient\u00f4t.\r\n\r\nAdditionnant ces touches infimes avec la justesse dont il a le secret, Jon McNaught parvient une nouvelle fois \u00e0 raconter une r\u00e9alit\u00e9 indicible et pourtant universelle.","authors":["Jon Mcnaught"],"category_codes":["3000000","3020000","3020100"],"visuals":{"large":"https:\/\/images.epagine.fr\/111\/9782205206111_1_75.jpg","medium":"https:\/\/images.epagine.fr\/111\/9782205206111_1_m.jpg","thumbnail":"https:\/\/images.epagine.fr\/111\/9782205206111_1_v.jpg"},"orderable":true,"show_badge":true,"formatted_price":"25,95&nbsp;\u20ac","formatted_published_date":"31 janvier 2025","publisher_availability_label":"Sur commande","short_details":"Jon Mcnaught \u2014 Dargaud","translator":null,"weight":890,"page_count":112,"readership":null,"editor":"Dargaud","price":2595,"published_date":"2025-01-30T23:00:00.000000Z","support":"Grand format","publisher_availability":1,"stock":0,"editions":[],"url":"https:\/\/quaidesbrumes.com\/ouvrage\/9782205206111\/hors-scene"},{"id":"9791026824381","title":"Justice League unlimited Tome 1 : L'ascension d'Inferno","description":"Suite aux \u00e9v\u00e9nements d'ABSOLUTE POWER, la Ligue de Justice se reforme avec un objectif pr\u00e9cis : ouvrir les portes de leur quartier g\u00e9n\u00e9ral, la Tour de Garde, \u00e0 tous les h\u00e9ros de l'univers DC pour une Ligue plus forte et unie que jamais ! Alors que nos h\u00e9ros tentent de percer le myst\u00e8re de la disparition de Darkseid, une course se dessine entre h\u00e9ros et m\u00e9chants pour contr\u00f4ler les capacit\u00e9s m\u00e9tahumaines. Un combat qui menace de d\u00e9truire tout ce que la Ligue a construit - \u00e0 moins qu'un tra\u00eetre en leur sein ne les d\u00e9truise en premier...","authors":["Mark Waid","Dan Mora","Daniel Sampere","Wes Craig","Yann Graf"],"category_codes":["3000000","3030000","3030400"],"visuals":{"large":"https:\/\/images.epagine.fr\/381\/9791026824381_1_75.jpg","medium":"https:\/\/images.epagine.fr\/381\/9791026824381_1_m.jpg","thumbnail":"https:\/\/images.epagine.fr\/381\/9791026824381_1_v.jpg"},"orderable":true,"show_badge":true,"formatted_price":"18,50&nbsp;\u20ac","formatted_published_date":"27 juin 2025","publisher_availability_label":"Sur commande","short_details":"Mark Waid, Dan Mora, Daniel Sampere, Wes Craig, Yann Graf \u2014 Urban Comics","translator":"YANN GRAF","weight":578,"page_count":160,"readership":"\u00e0 partir de 12 ANS","editor":"Urban Comics","price":1850,"published_date":"2025-06-26T22:00:00.000000Z","support":"Grand format","publisher_availability":1,"stock":0,"editions":[],"url":"https:\/\/quaidesbrumes.com\/ouvrage\/9791026824381\/justice-league-unlimited-tome-1-lascension-dinferno"},{"id":"9791033509783","title":"Maudit sois-tu Tome 1 : Zaroff","description":"2017, un homme est retrouv\u00e9 mort dans les \u00e9gouts de Londres. L'enqu\u00eate se dirige rapidement vers la petite amie du d\u00e9funt, car leur liaison a \u00e9t\u00e9 arrang\u00e9e par leur employeur commun, Nicholas Zaroff. Ce myst\u00e9rieux oligarque russe n'a en fait qu'un seul but : se venger de ceux qui, 170 ans auparavant, ont caus\u00e9 la perte de son a\u00efeul. Pour y parvenir, il va r\u00e9unir leurs quatre descendants et les traquer dans une vaste chasse \u00e0 l'homme...","authors":["Philippe Pelaez","Carlos Puerta"],"category_codes":["3000000","3020000","3020100","3020106"],"visuals":{"large":"https:\/\/images.epagine.fr\/783\/9791033509783_1_75.jpg","medium":"https:\/\/images.epagine.fr\/783\/9791033509783_1_m.jpg","thumbnail":"https:\/\/images.epagine.fr\/783\/9791033509783_1_v.jpg"},"orderable":true,"show_badge":true,"formatted_price":"15,90&nbsp;\u20ac","formatted_published_date":"13 septembre 2019","publisher_availability_label":"Sur commande","short_details":"Philippe Pelaez, Carlos Puerta \u2014 Ankama \u00c9ditions","translator":null,"weight":678,"page_count":null,"readership":null,"editor":"Ankama \u00c9ditions","price":1590,"published_date":"2019-09-12T22:00:00.000000Z","support":"Grand format","publisher_availability":1,"stock":0,"editions":[],"url":"https:\/\/quaidesbrumes.com\/ouvrage\/9791033509783\/maudit-sois-tu-tome-1-zaroff"},{"id":"9782810203390","title":"Libres de penser : dix femmes, dix vies philosophiques","description":"Litt\u00e9rature, math\u00e9matiques, soci\u00e9t\u00e9 ou encore philosophie : les r\u00e9flexions et les avanc\u00e9es de nos civilisations antiques et modernes sont-elles l'apanage des hommes ? Les autrices et auteurs de Libres de penser reviennent sur 10 personnalit\u00e9s f\u00e9minines auxquelles l'Histoire n'a, pour la plupart, pas rendu hommage malgr\u00e9 leur avance \u00e9vidente sur leur temps. Sei Shonagon et ses innovations litt\u00e9raires, Christine de Pizan et sa recherche de sagesse par l'\u00e9rudition, ou encore Simone de Beauvoir et ses r\u00e9flexions novatrices sur l'\u00e9galit\u00e9 des sexes : 10 femmes innovantes dont les modes de pens\u00e9e ont travers\u00e9 les \u00e2ges et les fronti\u00e8res.","authors":["Marie Dubois","Jean-Philippe Thivet","J\u00e9r\u00f4me Vermer","Anne Idoux"],"category_codes":["3000000","3020000","3020200","3020203"],"visuals":{"large":"https:\/\/images.epagine.fr\/390\/9782810203390_1_75.jpg","medium":"https:\/\/images.epagine.fr\/390\/9782810203390_1_m.jpg","thumbnail":"https:\/\/images.epagine.fr\/390\/9782810203390_1_v.jpg"},"orderable":true,"show_badge":true,"formatted_price":"20,00&nbsp;\u20ac","formatted_published_date":"1er mars 2023","publisher_availability_label":"Sur commande","short_details":"Marie Dubois, Jean-Philippe Thivet, J\u00e9r\u00f4me Vermer, Anne Idoux \u2014 Rue de S\u00e8vres","translator":null,"weight":648,"page_count":184,"readership":null,"editor":"Rue de S\u00e8vres","price":2000,"published_date":"2023-02-28T23:00:00.000000Z","support":"Grand format","publisher_availability":1,"stock":0,"editions":[],"url":"https:\/\/quaidesbrumes.com\/ouvrage\/9782810203390\/libres-de-penser-dix-femmes-dix-vies-philosophiques"},{"id":"9791035503673","title":"Villageois LVL 999 Tome 1","description":"Les aventures \u00e9piques et pleines de rebondissements de Villageois LVL 999 !\r\nH\u00e9ros, sages, guerriers...\r\n\r\nDans un monde o\u00f9 le r\u00f4le de chacun est attribu\u00e9 \u00e0 la naissance, quiconque na\u00eet \" villageois \" -; le plus faible de tous les r\u00f4les -; est condamn\u00e9 \u00e0 oeuvrer au d\u00e9veloppement des villes sous la protection d'\u00eatres sup\u00e9rieurs. Contre toute attente, l'un d'entre eux a atteint un niveau absolument inou\u00ef : 999 !\r\n\r\nSa rencontre avec une fillette de la race des d\u00e9mons va pousser le villageois Kagami \u00e0 lutter pour un monde meilleur.","authors":["Koneko Hoshitsuki","Kenichi Iwamoto"],"category_codes":["3000000","3040000","3040500","3040504"],"visuals":{"large":"https:\/\/images.epagine.fr\/673\/9791035503673_1_75.jpg","medium":"https:\/\/images.epagine.fr\/673\/9791035503673_1_m.jpg","thumbnail":"https:\/\/images.epagine.fr\/673\/9791035503673_1_v.jpg"},"orderable":true,"show_badge":true,"formatted_price":"7,95&nbsp;\u20ac","formatted_published_date":"1er juin 2023","publisher_availability_label":"Sur commande","short_details":"Koneko Hoshitsuki, Kenichi Iwamoto \u2014 Mana Books","translator":null,"weight":200,"page_count":180,"readership":"\u00e0 partir de 12 ANS","editor":"Mana Books","price":795,"published_date":"2023-05-31T22:00:00.000000Z","support":"Poche","publisher_availability":1,"stock":0,"editions":[],"url":"https:\/\/quaidesbrumes.com\/ouvrage\/9791035503673\/villageois-lvl-999-tome-1"},{"id":"9791041100606","title":"The eminence in shadow Tome 8","description":"Il est pr\u00eat \u00e0 tout pour devenir une \u00c9minence de l'ombre... mais ses plus gros mensonges vont le rattraper ! Apr\u00e8s avoir \u00e9t\u00e9 propuls\u00e9 dans un monde parall\u00e8le suite \u00e0 un accident, Cid prend un malin plaisir \u00e0 interpr\u00e9ter son r\u00f4le d'\u00c9minence de l'Ombre, un personnage myst\u00e9rieux qui influence le cours des \u00e9v\u00e9nements depuis les coulisses et qui poss\u00e8de d'incroyables pouvoirs.Dans la Tour \u00e9carlate qui domine la Cit\u00e9 de l'Anarchie, Shadow est occup\u00e9 \u00e0 fourrer un maximum de pi\u00e8ces d'or dans les poches de son manteau, esp\u00e9rant ainsi financer les activit\u00e9s futures de Shadow Garden. Tout \u00e0 coup, il sent un parfum de bagarre flotter dans l'air... La Reine Sanglante, ma\u00eetresse mill\u00e9naire des vampires, a \u00e9t\u00e9 ramen\u00e9e \u00e0 la vie dans une effusion de sang ! D\u00e9laissant son tr\u00e9sor, Shadow se rue vers le lieu de la bataille... Les malentendus et les fausses id\u00e9es sur fond d'isekai s'encha\u00eenent de plus belle dans ce huiti\u00e8me volume de The Eminence in Shadow !","authors":["Daisuke Aizawa","Anri Sakano","Tozai"],"category_codes":["3000000","3040000","3040500","3040504"],"visuals":{"large":"https:\/\/images.epagine.fr\/606\/9791041100606_1_75.jpg","medium":"https:\/\/images.epagine.fr\/606\/9791041100606_1_m.jpg","thumbnail":"https:\/\/images.epagine.fr\/606\/9791041100606_1_v.jpg"},"orderable":true,"show_badge":true,"formatted_price":"7,95&nbsp;\u20ac","formatted_published_date":"5 avril 2023","publisher_availability_label":"Sur commande","short_details":"Daisuke Aizawa, Anri Sakano, Tozai \u2014 Bamboo","translator":null,"weight":156,"page_count":192,"readership":"\u00e0 partir de 12 ANS","editor":"Bamboo","price":795,"published_date":"2023-04-04T22:00:00.000000Z","support":"Poche","publisher_availability":1,"stock":0,"editions":[],"url":"https:\/\/quaidesbrumes.com\/ouvrage\/9791041100606\/the-eminence-in-shadow-tome-8"},{"id":"9782205065299","title":"Kenya - saison 2 ; Namibia Tome 2","description":"Namibie. C'est l\u00e0, dans la r\u00e9gion du tropique du Capricorne, que la jeune Anglaise fait de terrifiantes d\u00e9couvertes. En effet, apr\u00e8s l'attaque des insectes g\u00e9ants, Kathy Austin et le major Bowley vont d\u00e9couvrir un immense laboratoire souterrain dans lequel des exp\u00e9riences sur des corps humains d'anciens nazis soul\u00e8vent de nombreuses interrogations...Alors qu'ils touchent au but, ils sont brusquement attaqu\u00e9s. Qui se cache derri\u00e8re ces inqui\u00e9tantes manipulations g\u00e9n\u00e9tiques ? Que se passe-t-il r\u00e9ellement dans cette r\u00e9gion perdue de l'Afrique?...","authors":["L\u00e9o","Rodolphe","Bertrand Marchal"],"category_codes":["3000000","3020000","3020100","3020106"],"visuals":{"large":"https:\/\/images.epagine.fr\/299\/9782205065299_1_75.jpg","medium":"https:\/\/images.epagine.fr\/299\/9782205065299_1_m.jpg","thumbnail":"https:\/\/images.epagine.fr\/299\/9782205065299_1_v.jpg"},"orderable":true,"show_badge":true,"formatted_price":"15,50&nbsp;\u20ac","formatted_published_date":"4 novembre 2010","publisher_availability_label":"Sur commande","short_details":"L\u00e9o, Rodolphe, Bertrand Marchal \u2014 Dargaud","translator":null,"weight":429,"page_count":48,"readership":"\u00e0 partir de 12 ANS","editor":"Dargaud","price":1550,"published_date":"2010-11-03T23:00:00.000000Z","support":"Grand format","publisher_availability":1,"stock":0,"editions":[],"url":"https:\/\/quaidesbrumes.com\/ouvrage\/9782205065299\/kenya-saison-2-namibia-tome-2"}]}