{"data":[{"id":"9782820328649","title":"Fire punch Tome 1","description":"Dans un monde o\u00f9 tout est recouvert de glace, la famine et le chaos r\u00e8gnent sur la Terre. Parmi les quelques humains qui tentent de survivre, certains sont dot\u00e9s de pouvoir surnaturels. Agni et sa soeur, Luna, font partis de ces \u00ab \u00e9lus \u00bb et poss\u00e8dent la facult\u00e9 de se r\u00e9g\u00e9n\u00e9rer. Agni utilise ce pouvoir pour nourrir les habitants de son village. Pourtant cela ne suffira pas \u00e0 les pr\u00e9server du terrible malheur qui va s'abattre sur eux... Agni sera le seul survivant du massacre qui a br\u00fbl\u00e9 tous ses proches. Il part alors dans une qu\u00eate effr\u00e9n\u00e9e pour assouvir sa soif de vengeance !","authors":["Tatsuki Fujimoto"],"category_codes":["3000000","3040000","3040600","3040603"],"visuals":{"large":"https:\/\/images.epagine.fr\/649\/9782820328649_1_75.jpg","medium":"https:\/\/images.epagine.fr\/649\/9782820328649_1_m.jpg","thumbnail":"https:\/\/images.epagine.fr\/649\/9782820328649_1_v.jpg"},"orderable":true,"show_badge":true,"formatted_price":"7,99&nbsp;\u20ac","formatted_published_date":"21 juin 2017","publisher_availability_label":"Sur commande","short_details":"Tatsuki Fujimoto \u2014 Crunchyroll","translator":null,"weight":168,"page_count":224,"readership":"\u00e0 partir de 16 ans","editor":"Crunchyroll","price":799,"published_date":"2017-06-20T22:00:00.000000Z","support":"Poche","publisher_availability":1,"stock":0,"editions":[],"url":"https:\/\/quaidesbrumes.com\/ouvrage\/9782820328649\/fire-punch-tome-1"},{"id":"9782811677343","title":"Criminelles fian\u00e7ailles Tome 5","description":"Un incident \u00e9clate \u00e0 Osaka, la ville natale de Yoshino. Kirishima et Sh\u00f4ma, contre toute attente, d\u00e9cident de coop\u00e9rer. Mais vont-ils r\u00e9ussir \u00e0 \u00e9touffer l'affaire ? Kirishima affronte celui qui semble en d\u00e9tenir la clef, un certain Azami. Au beau milieu de leur combat, l'homme myst\u00e9rieux r\u00e9v\u00e8le \u00eatre venu pour Yoshino... Pendant qu'ils discutent, la jeune femme est pourchass\u00e9e par l'un des ex-gardes du corps de Shiori Akaza, et va devoir se d\u00e9brouiller seule pour lui \u00e9chapper !","authors":["Asuka Konishi"],"category_codes":["3000000","3040000","3040600","3040602"],"visuals":{"large":"https:\/\/images.epagine.fr\/343\/9782811677343_1_75.jpg","medium":"https:\/\/images.epagine.fr\/343\/9782811677343_1_m.jpg","thumbnail":"https:\/\/images.epagine.fr\/343\/9782811677343_1_v.jpg"},"orderable":true,"show_badge":true,"formatted_price":"7,95&nbsp;\u20ac","formatted_published_date":"4 janvier 2023","publisher_availability_label":"Sur commande","short_details":"Asuka Konishi \u2014 Pika \u00c9dition","translator":null,"weight":205,"page_count":164,"readership":"\u00e0 partir de 16 ans","editor":"Pika \u00c9dition","price":795,"published_date":"2023-01-03T23:00:00.000000Z","support":"Poche","publisher_availability":1,"stock":0,"editions":[],"url":"https:\/\/quaidesbrumes.com\/ouvrage\/9782811677343\/criminelles-fiancailles-tome-5"},{"id":"9782373492590","title":"Astra ; lost in space Tome 1","description":"En 2063, Kanata, Aries ainsi que sept autres de leurs camarades d\u00e9barquent sur une plan\u00e8te inconnue dans le cadre d'une mission spatiale de leur cursus scolaire. Mais ils ont \u00e0 peine le temps de commencer \u00e0 explorer ce nouvel univers qu'ils se voient projet\u00e9s \u00e0 des ann\u00e9es-lumi\u00e8re de leur point de d\u00e9part par une \u00e9trange sph\u00e8re d'\u00e9nergie ! Comment survivre perdus au beau milieu de l'espace ? Quelle est donc cette \u00e9trange sph\u00e8re qui continue de les poursuivre ? Autant de r\u00e9ponses \u00e0 d\u00e9couvrir dans ce r\u00e9cit de survie haletant sur fond de science-fiction et de myst\u00e8res !","authors":["Kenta Shinohara","Manon Debienne"],"category_codes":["3000000","3040000","3040500","3040503"],"visuals":{"large":"https:\/\/images.epagine.fr\/590\/9782373492590_1_75.jpg","medium":"https:\/\/images.epagine.fr\/590\/9782373492590_1_m.jpg","thumbnail":"https:\/\/images.epagine.fr\/590\/9782373492590_1_v.jpg"},"orderable":true,"show_badge":true,"formatted_price":"7,20&nbsp;\u20ac","formatted_published_date":"20 mars 2019","publisher_availability_label":"Sur commande","short_details":"Kenta Shinohara, Manon Debienne \u2014 Nobi Nobi","translator":"MANON DEBIENNE","weight":200,"page_count":208,"readership":"\u00e0 partir de 12 ANS","editor":"Nobi Nobi","price":720,"published_date":"2019-03-19T23:00:00.000000Z","support":"Poche","publisher_availability":1,"stock":0,"editions":[],"url":"https:\/\/quaidesbrumes.com\/ouvrage\/9782373492590\/astra-lost-in-space-tome-1"},{"id":"9782368461464","title":"Le temps des humbles ; Chili, 1970-1973","description":"L'histoire se d\u00e9roule au Chili. Soledad a quinze ans, Ricardo 18. C'est elle qui raconte. Il est membre du Mir, mouvement de la gauche r\u00e9volutionnaire, elle est membre d'une fratrie de neuf fr\u00e8res et soeur issue d'un couple de paysans pauvres. Ils se rencontrent en ao\u00fbt 1970 sur le campamento Rigoberto Zamora. Il est responsable de la toma, une occupation ill\u00e9gale de terrain sur laquelle se sont install\u00e9es 360 familles dans l'espoir d'obtenir une maison. Elle fait partie des sin-casa, 60 000 familles vivant sous des tentes de fortune dans la p\u00e9riph\u00e9rie de Santiago. Ils se marieront, auront deux enfants, s'impliqueront jour apr\u00e8s jour dans les espoirs et les luttes de l'Unit\u00e9 populaire, mettant tout en oeuvre pour d\u00e9fendre ce bref interstice conquis par les humbles. Leur histoire d'amour, port\u00e9e par l'enthousiasme des mille jours de la pr\u00e9sidence de Salvador Allende, prendra tragiquement fin avec elle.\r","authors":["Alain Frappier","D\u00e9sir\u00e9e Frappier"],"category_codes":["3000000","3020000","3020100","3020103"],"visuals":{"large":"https:\/\/images.epagine.fr\/464\/9782368461464_1_75.jpg","medium":"https:\/\/images.epagine.fr\/464\/9782368461464_1_m.jpg","thumbnail":"https:\/\/images.epagine.fr\/464\/9782368461464_1_v.jpg"},"orderable":true,"show_badge":true,"formatted_price":"27,00&nbsp;\u20ac","formatted_published_date":"18 juin 2020","publisher_availability_label":"Sur commande","short_details":"Alain Frappier, D\u00e9sir\u00e9e Frappier \u2014 \u00c9ditions Steinkis","translator":null,"weight":100,"page_count":360,"readership":null,"editor":"\u00c9ditions Steinkis","price":2700,"published_date":"2020-06-17T22:00:00.000000Z","support":"Grand format","publisher_availability":1,"stock":0,"editions":[],"url":"https:\/\/quaidesbrumes.com\/ouvrage\/9782368461464\/le-temps-des-humbles-chili-1970-1973"},{"id":"9782356740441","title":"Iroquois","description":"En 1608, Qu\u00e9bec n'est qu'un nom griffonn\u00e9 sur une vague carte d 'Am\u00e9rique du Nord, une grande b\u00e2tisse fortifi\u00e9e construite sur les rives du Saint Laurent o\u00f9 une quarantaine d'\u00e2mes s'appr\u00eatent \u00e0 passer leur premier hiver. La France d'Henri IV se soucie peu de ces arpents de neiges habit\u00e9s par une poign\u00e9e de sauvages. Plus pr\u00e9occup\u00e9e par les richesses que lui procurent la p\u00eache \u00e0 la baleine et la traite des fourrures, elle n'envisage nullement l'installation d'une colonie. Samuel de Champlain, fondateur de Qu\u00e9bec, n'aura alors de cesse de d\u00e9fendre \"son\" Canada. Il saura imposer un climat de paix et de confiance entre nations am\u00e9rindiennes (Hurons, Alguonquins, Montagnais) et Fran\u00e7ais. De ces relations na\u00eetra un commerce florissant. Peaux de castors et de loutres s'\u00e9changent \u00e0 bas prix contre marmites, haches, clou et autres divers objets en fer. Ce juteux commerce ne dure qu'un temps...\r\nLes raids meurtriers incessants que m\u00e8nent les Iroquois dans la vall\u00e9e du Saint Laurent contre les convois de pelleterie hurons ou algonquins exasp\u00e8rent tr\u00e8s vite la petite communaut\u00e9 fran\u00e7aise.\r\nSoucieux de consolider l'alliance faite avec ses alli\u00e9s am\u00e9rindiens, Champlain prend le sentier de la guerre \u00e0 leurs c\u00f4t\u00e9s et part pour l'Iroquoisie. C'est dans ce contexte que se situe l'histoire qui suit. Le long de la Rivi\u00e8re des Iroquois, sur le lac Champlain, un mois de juillet 1609 en Nouvelle France.\r","authors":["Patrick Prugne"],"category_codes":["3000000","3020000","3020100","3020110"],"visuals":{"large":"https:\/\/images.epagine.fr\/441\/9782356740441_1_75.jpg","medium":"https:\/\/images.epagine.fr\/441\/9782356740441_1_m.jpg","thumbnail":"https:\/\/images.epagine.fr\/441\/9782356740441_1_v.jpg"},"orderable":true,"show_badge":true,"formatted_price":"19,50&nbsp;\u20ac","formatted_published_date":"25 ao\u00fbt 2016","publisher_availability_label":"Sur commande","short_details":"Patrick Prugne \u2014 Daniel Maghen \u00c9ditions","translator":null,"weight":942,"page_count":104,"readership":null,"editor":"Daniel Maghen \u00c9ditions","price":1950,"published_date":"2016-08-24T22:00:00.000000Z","support":"Grand format","publisher_availability":1,"stock":0,"editions":[],"url":"https:\/\/quaidesbrumes.com\/ouvrage\/9782356740441\/iroquois"},{"id":"9782353481064","title":"Tokyo alien Bros Tome 2","description":"Tokyo Alien Bros raconte les p\u00e9rip\u00e9ties de deux extraterrestres envoy\u00e9s sur Terre afin de d\u00e9terminer si leur race pourrait s'y installer. Prenant la forme de deux \u00e9tudiants baptis\u00e9s Fuyunosuke et Natsutar\u00f4, ils posent un regard candide sur leur quotidien et tentent de dialoguer avec les autochtones avec un talent aussi fortuit que certain pour faire na\u00eetre les quiproquos.\r","authors":["Keigo Shinz\u00f4","Aur\u00e9lien Estager"],"category_codes":["3000000","3040000","3040600","3040603"],"visuals":{"large":"https:\/\/images.epagine.fr\/064\/9782353481064_1_75.jpg","medium":"https:\/\/images.epagine.fr\/064\/9782353481064_1_m.jpg","thumbnail":"https:\/\/images.epagine.fr\/064\/9782353481064_1_v.jpg"},"orderable":true,"show_badge":true,"formatted_price":"13,00&nbsp;\u20ac","formatted_published_date":"2 novembre 2017","publisher_availability_label":"Sur commande","short_details":"Keigo Shinz\u00f4, Aur\u00e9lien Estager \u2014 \u00c9ditions le l\u00e9zard noir","translator":"AURELIEN ESTAGER","weight":316,"page_count":208,"readership":"\u00e0 partir de 14 ans","editor":"\u00c9ditions le l\u00e9zard noir","price":1300,"published_date":"2017-11-01T23:00:00.000000Z","support":"Grand format","publisher_availability":1,"stock":0,"editions":[],"url":"https:\/\/quaidesbrumes.com\/ouvrage\/9782353481064\/tokyo-alien-bros-tome-2"},{"id":"9782749959429","title":"Operation True Love Tome 1","description":"Que feriez-vous si vous n'aviez aucune chance en amour ? \r\nEt si l'amour que l'on re\u00e7oit dans sa vie \u00e9tait pr\u00e9d\u00e9termin\u00e9 ? Gr\u00e2ce \u00e0 un myst\u00e9rieux t\u00e9l\u00e9phone qui lui indique la quantit\u00e9 d'amour que chacun recevra, Soo-ae d\u00e9couvre que son score est proche du n\u00e9ant. La jeune femme tente le tout pour le tout afin de briser cette mal\u00e9diction.\r\n\" Si recevoir de l'amour est un talent inn\u00e9 et une richesse... Je suis n\u00e9e clocharde. \"","authors":["Kkokkalee","Dledumb"],"category_codes":["3000000","3040000","3040400","3040409"],"visuals":{"large":"https:\/\/images.epagine.fr\/429\/9782749959429_1_75.jpg","medium":"https:\/\/images.epagine.fr\/429\/9782749959429_1_m.jpg","thumbnail":"https:\/\/images.epagine.fr\/429\/9782749959429_1_v.jpg"},"orderable":true,"show_badge":true,"formatted_price":"12,95&nbsp;\u20ac","formatted_published_date":"10 octobre 2024","publisher_availability_label":"Sur commande","short_details":"Kkokkalee, Dledumb \u2014 Sikku x Webtoon","translator":null,"weight":450,"page_count":320,"readership":"\u00e0 partir de 12 ANS","editor":"Sikku x Webtoon","price":1295,"published_date":"2024-10-09T22:00:00.000000Z","support":"Grand format","publisher_availability":1,"stock":0,"editions":[],"url":"https:\/\/quaidesbrumes.com\/ouvrage\/9782749959429\/operation-true-love-tome-1"},{"id":"9782017252511","title":"Avatar, le dernier ma\u00eetre de l'air : Les aventures oubli\u00e9es","description":"  Suivez l'\u00e9quipe d' Avatar dans son p\u00e9riple \u00e0 travers les quatre nations ! Du roi de la Terre Kuei aux guerriers Kyoshi, en passant par Mai et Boulder, vos amis pr\u00e9f\u00e9r\u00e9s d'Avatar : le dernier ma\u00eetre de l'air sont de retour pour une vaste exploration de la vie dans leur monde. O\u00f9 qu'ils aillent, le danger, l'amusement et les pitreries ne manqueront pas de les suivre !\r\n\r\nCette int\u00e9grale en couleur rassemble des histoires courtes des oeuvres originales suivantes:  The Lost Adventures et Team Avatar Tales, et comprend les oeuvres de cr\u00e9ateurs appr\u00e9ci\u00e9s des fans comme Michael Dante DiMartino, Gene Luen Yang, Gurihiru, Faith Erin Hicks, Kiku Hughes, et bien d'autres encore !","authors":["Nickelodeon"],"category_codes":["3000000","3020000","3020200","3020209"],"visuals":{"large":"https:\/\/images.epagine.fr\/511\/9782017252511_1_75.jpg","medium":"https:\/\/images.epagine.fr\/511\/9782017252511_1_m.jpg","thumbnail":"https:\/\/images.epagine.fr\/511\/9782017252511_1_v.jpg"},"orderable":true,"show_badge":true,"formatted_price":"22,99&nbsp;\u20ac","formatted_published_date":"10 avril 2024","publisher_availability_label":"Sur commande","short_details":"Nickelodeon \u2014 Hachette Comics","translator":null,"weight":1396,"page_count":312,"readership":null,"editor":"Hachette Comics","price":2299,"published_date":"2024-04-09T22:00:00.000000Z","support":"Grand format","publisher_availability":1,"stock":0,"editions":[],"url":"https:\/\/quaidesbrumes.com\/ouvrage\/9782017252511\/avatar-le-dernier-maitre-de-lair-les-aventures-oubliees"},{"id":"9782382640272","title":"La revue dessin\u00e9e n.47 : Printemps 2025","description":"Au sommaire de La Revue Dessin\u00e9e n\u00b047 :\r\n\r\nLe seigneur des panneaux - La propri\u00e9t\u00e9 priv\u00e9e l'emporte-t-elle sur le droit de se promener en pleine nature ? Une nouvelle loi et un marquis peu partageur ont relanc\u00e9 le d\u00e9bat.\r\n\r\nEt vogue la justice - Une pirogue suffit-elle \u00e0 rapprocher le droit des citoyens ?\r\n\r\nLa mort en prime - Le combat obstin\u00e9 pour la reconnaissance d'un massacre ni\u00e9 \u00e0 Thiaroye en 1944.\r\n\r\nPasseurs malgr\u00e9 eux - Abandonn\u00e9s \u00e0 leur sort en pleine mer, certains candidats \u00e0 l'exil prennent en catastrophe les commandes de leur embarcation pour ne pas p\u00e9rir. Un geste de survie qui suffit \u00e0 faire d'eux des passeurs aux yeux de la loi.\r\n\r\nEnferm\u00e9s dehors - Le placement ext\u00e9rieur, une peine m\u00e9connue mais efficace.\r\n\r\nEt nos rubriques :\r\n\r\nLa s\u00e9mantique c'est \u00e9lastique : z\u00e9ro\r\n\r\nMi-temps : Golf\r\n\r\nLa Revue des cin\u00e9s : La Le\u00e7on de piano\r\n\r\nInstantan\u00e9 : Au revoir\r\n\r\nFace B : Laurie Andersen\r\n\r\nRetour sur : l'Affaire Tarnac","authors":["Collectif"],"category_codes":["3000000","3010000","3010600"],"visuals":{"large":"https:\/\/images.epagine.fr\/272\/9782382640272_1_75.jpg","medium":"https:\/\/images.epagine.fr\/272\/9782382640272_1_m.jpg","thumbnail":"https:\/\/images.epagine.fr\/272\/9782382640272_1_v.jpg"},"orderable":true,"show_badge":true,"formatted_price":"19,00&nbsp;\u20ac","formatted_published_date":"12 mars 2025","publisher_availability_label":"Sur commande","short_details":"Collectif \u2014 La Revue Dessin\u00e9e","translator":null,"weight":522,"page_count":180,"readership":"Tout public","editor":"La Revue Dessin\u00e9e","price":1900,"published_date":"2025-03-11T23:00:00.000000Z","support":"Revue","publisher_availability":1,"stock":0,"editions":[],"url":"https:\/\/quaidesbrumes.com\/ouvrage\/9782382640272\/la-revue-dessinee-n47-printemps-2025"},{"id":"9782382750223","title":"Grand blue Tome 2","description":"Alors qu'Iori commence juste \u00e0 s'habituer au quotidien mouvement\u00e9 (et tr\u00e8s alcoolis\u00e9) du club de plong\u00e9e Peek a Boo, le festival printanier de leur universit\u00e9 commence ! L'occasion pour le club de se r\u00e9unir au complet et de gagner un peu d'argent gr\u00e2ce \u00e0 un concours de beaut\u00e9. Bien d\u00e9cid\u00e9s \u00e0 tout faire pour \u00e9viter de devoir y participer, Iori et K\u00f4hei tentent de convaincre Chisa de se pr\u00e9senter. Mais ont-ils vraiment une chance d'y \u00e9chapper ?...\r","authors":["Kenji Inoue","Kimitake Yoshioka","C\u00e9lia Chinarro"],"category_codes":["3000000","3040000","3040600","3040610"],"visuals":{"large":"https:\/\/images.epagine.fr\/223\/9782382750223_1_75.jpg","medium":"https:\/\/images.epagine.fr\/223\/9782382750223_1_m.jpg","thumbnail":"https:\/\/images.epagine.fr\/223\/9782382750223_1_v.jpg"},"orderable":true,"show_badge":true,"formatted_price":"6,95&nbsp;\u20ac","formatted_published_date":"24 f\u00e9vrier 2021","publisher_availability_label":"Sur commande","short_details":"Kenji Inoue, Kimitake Yoshioka, C\u00e9lia Chinarro \u2014 Meian","translator":"CELIA CHINARRO","weight":250,"page_count":196,"readership":"\u00e0 partir de 14 ans","editor":"Meian","price":695,"published_date":"2021-02-23T23:00:00.000000Z","support":"Poche","publisher_availability":1,"stock":0,"editions":[],"url":"https:\/\/quaidesbrumes.com\/ouvrage\/9782382750223\/grand-blue-tome-2"},{"id":"9782344058619","title":"Gunnm - Mars chronicle Tome 9","description":"Le repos aura \u00e9t\u00e9 de courte dur\u00e9e. Alors que le Dejah Thoris est \u00e0 peine lib\u00e9r\u00e9 de la troupe du Fardarrig, un nouvel ennemi tout aussi redoutable attaque Cuan et les siens ! Son nom : Gyapollo. Et il s'enfuit avec Yoko en otage ! Seulement, il semble que Cuan et lui aient nou\u00e9 une relation des plus singuli\u00e8res...","authors":["Yukito Kishiro"],"category_codes":["3000000","3040000","3040600","3040603"],"visuals":{"large":"https:\/\/images.epagine.fr\/619\/9782344058619_1_75.jpg","medium":"https:\/\/images.epagine.fr\/619\/9782344058619_1_m.jpg","thumbnail":"https:\/\/images.epagine.fr\/619\/9782344058619_1_v.jpg"},"orderable":true,"show_badge":true,"formatted_price":"7,90&nbsp;\u20ac","formatted_published_date":"5 juillet 2023","publisher_availability_label":"Sur commande","short_details":"Yukito Kishiro \u2014 Gl\u00e9nat","translator":null,"weight":136,"page_count":162,"readership":"\u00e0 partir de 14 ans","editor":"Gl\u00e9nat","price":790,"published_date":"2023-07-04T22:00:00.000000Z","support":"Poche","publisher_availability":1,"stock":0,"editions":[],"url":"https:\/\/quaidesbrumes.com\/ouvrage\/9782344058619\/gunnm-mars-chronicle-tome-9"},{"id":"9782820352514","title":"Blue exorcist Tome 31","description":"Lightning prend les commandes et lance le nouveau plan d'action. Rin et ses amis doivent s'introduire dans la forteresse de Satan afin de d\u00e9truire son coeur. Mais en arrivant devant la porte du labyrinthe, l'\u00e9quipe A est accueillie par deux d\u00e9mons de haut rang : Asmod\u00e9e et Amon. Alors que l'\u00e9quipe B poursuit sa mission, Shura et Osceola restent \u00e0 l'arri\u00e8re pour se charger de les affronter ! Malheureusement, les combats s'annoncent d\u00e9sesp\u00e9r\u00e9s...","authors":["Kazue Kato"],"category_codes":["3000000","3040000","3040500","3040508"],"visuals":{"large":"https:\/\/images.epagine.fr\/514\/9782820352514_1_75.jpg","medium":"https:\/\/images.epagine.fr\/514\/9782820352514_1_m.jpg","thumbnail":"https:\/\/images.epagine.fr\/514\/9782820352514_1_v.jpg"},"orderable":true,"show_badge":true,"formatted_price":"7,25&nbsp;\u20ac","formatted_published_date":"16 avril 2025","publisher_availability_label":"Sur commande","short_details":"Kazue Kato \u2014 Crunchyroll","translator":null,"weight":145,"page_count":192,"readership":"\u00e0 partir de 12 ANS","editor":"Crunchyroll","price":725,"published_date":"2025-04-15T22:00:00.000000Z","support":"Poche","publisher_availability":1,"stock":0,"editions":[],"url":"https:\/\/quaidesbrumes.com\/ouvrage\/9782820352514\/blue-exorcist-tome-31"},{"id":"9782344011843","title":"La qu\u00eate d'Ewilan - Ellana Tome 1 : enfance","description":"Ewilan a sa qu\u00eate. Ellana sa proph\u00e9tie...Seule survivante d'un raid de Ra\u00efs, une petite fille de 5 ans est adopt\u00e9e par une communaut\u00e9 de Petits qui la baptisent \u00ab Ipiutiminelle \u00bb. Elle grandira cinq ans chez ce peuple qui vit en marge des humains. Mais \u00e0 treize ans, elle sent retentir en elle l'appel des siens : Ipiu est humaine, elle doit retrouver ses origines. Le destin la m\u00e8ne \u00e0 Al-Far, la ville la plus dangereuse de Gwendalavir, o\u00f9 elle se lie d'amiti\u00e9 avec un groupe d'enfants des rues. L'une d'entre elles la baptise alors Ellana. La proph\u00e9tie de celle qui deviendra l'une des plus grandes Marchombres de l'histoire s'appr\u00eate \u00e0 commencer...Ellana la Marchombre est l'un des personnages les plus fascinants du monde d'Ewilan, si bien que Pierre Bottero avait d\u00e9cid\u00e9 de lui d\u00e9dier sa propre s\u00e9rie de romans. D\u00e9couvrez l'adaptation de cette trilogie dans une nouvelle s\u00e9rie de bande dessin\u00e9e - apr\u00e8s le succ\u00e8s de celle de La Qu\u00eate d'Ewilan - toujours sc\u00e9naris\u00e9e par Lylian, et rejoint cette fois au dessin par la talentueuse Montse Martin (Talisman, Curiosity Shop) !","authors":["Lylian","Montse Martin","Lo\u00efc Chevallier","Pierre Bottero"],"category_codes":["3000000","3020000","3020200","3020205"],"visuals":{"large":"https:\/\/images.epagine.fr\/843\/9782344011843_1_75.jpg","medium":"https:\/\/images.epagine.fr\/843\/9782344011843_1_m.jpg","thumbnail":"https:\/\/images.epagine.fr\/843\/9782344011843_1_v.jpg"},"orderable":true,"show_badge":true,"formatted_price":"16,00&nbsp;\u20ac","formatted_published_date":"27 avril 2016","publisher_availability_label":"Sur commande","short_details":"Lylian, Montse Martin, Lo\u00efc Chevallier, Pierre Bottero \u2014 Gl\u00e9nat","translator":null,"weight":698,"page_count":72,"readership":"\u00e0 partir de 11 ANS","editor":"Gl\u00e9nat","price":1600,"published_date":"2016-04-26T22:00:00.000000Z","support":"Grand format","publisher_availability":1,"stock":0,"editions":[],"url":"https:\/\/quaidesbrumes.com\/ouvrage\/9782344011843\/la-quete-dewilan-ellana-tome-1-enfance"},{"id":"9791041105373","title":"La nuit est belle","description":"Et si vous aviez une nuit pour r\u00e9soudre le probl\u00e8me d'une vie ?\r\nElle et lui ne se connaissent pas mais ont rat\u00e9 le m\u00eame avion et doivent passer la nuit \u00e0 Paris avant de prendre le suivant. Quelques heures pour profiter de la capitale ? \r\nElle est une danseuse un peu perdue \u00e0 Miami. Lui est un homme surendett\u00e9 qui veut s'enfuir au bout du monde. Alors que d\u00e9marre leur road trip d\u00e9jant\u00e9 et po\u00e9tique, nos h\u00e9ros croisent la route d'Oscar Wilde. Imposteur ? Ecrivain fant\u00f4me ? \"Quasi fant\u00f4me\" ? Ce dernier le leur pr\u00e9dit: celui qui ne r\u00e8glera pas son probl\u00e8me cette nuit restera \u00e9ternellement bloqu\u00e9 ici. \r\nMais le bonheur peut-il se trouver en quelques heures ?","authors":["David Graham","Aur\u00e9lie Guarino"],"category_codes":["3000000","3020000","3020100"],"visuals":{"large":"https:\/\/images.epagine.fr\/373\/9791041105373_1_75.jpg","medium":"https:\/\/images.epagine.fr\/373\/9791041105373_1_m.jpg","thumbnail":"https:\/\/images.epagine.fr\/373\/9791041105373_1_v.jpg"},"orderable":true,"show_badge":true,"formatted_price":"19,90&nbsp;\u20ac","formatted_published_date":"30 avril 2025","publisher_availability_label":"Sur commande","short_details":"David Graham, Aur\u00e9lie Guarino \u2014 Bamboo","translator":null,"weight":692,"page_count":96,"readership":"Tout public","editor":"Bamboo","price":1990,"published_date":"2025-04-29T22:00:00.000000Z","support":"Grand format","publisher_availability":1,"stock":0,"editions":[],"url":"https:\/\/quaidesbrumes.com\/ouvrage\/9791041105373\/la-nuit-est-belle"},{"id":"9782810203772","title":"Elvira & Otto dans la jungle","description":"Les safaris, avec tous ces touristes bouche b\u00e9e qui affluent sans cesse, c'est p\u00e9nible ! Mais ces singes nus dans leurs jeeps bruyantes ont quelque chose de fascinant. Lorsque la gazelle Elvira et Otto l'\u00e9l\u00e9phant, un couple pas comme les autres, rencontrent un curieux scarab\u00e9e plat noir qui se pr\u00e9sente \u00e0 eux sous le nom de Siri, une grande aventure commence pour eux.\r\nParce que Siri leur montre des images du monde des touristes : des magasins, des rues, un grand train dans un tunnel appel\u00e9 \u00ab m\u00e9tro \u00bb. Un monde qu'ils r\u00eaveraient de d\u00e9couvrir de leurs yeux...\r\n\r\nAvec Elvira et Otto, qui aimeraient d\u00e9couvrir la jungle urbaine, Martin Baltscheit et Max Fiedler cr\u00e9ent un couple irr\u00e9sistible qui nous offre un regard sans complaisance sur nos existences d'\u00eatres \u00ab civilis\u00e9s \u00bb.","authors":["Martin Baltscheit","Max Fiedler","Claire Paq","Anne Bideault"],"category_codes":["3000000","3020000","3020200","3020209"],"visuals":{"large":"https:\/\/images.epagine.fr\/772\/9782810203772_1_75.jpg","medium":"https:\/\/images.epagine.fr\/772\/9782810203772_1_m.jpg","thumbnail":"https:\/\/images.epagine.fr\/772\/9782810203772_1_v.jpg"},"orderable":true,"show_badge":true,"formatted_price":"14,00&nbsp;\u20ac","formatted_published_date":"31 ao\u00fbt 2022","publisher_availability_label":"Sur commande","short_details":"Martin Baltscheit, Max Fiedler, Claire Paq, Anne Bideault \u2014 Rue de S\u00e8vres","translator":"ANNE BIDEAULT","weight":526,"page_count":64,"readership":"Tout public","editor":"Rue de S\u00e8vres","price":1400,"published_date":"2022-08-30T22:00:00.000000Z","support":"Grand format","publisher_availability":1,"stock":0,"editions":[],"url":"https:\/\/quaidesbrumes.com\/ouvrage\/9782810203772\/elvira-otto-dans-la-jungle"},{"id":"9782755676709","title":"Droit au but ! Tome 21 : Bienvenue sur l'Olympe !","description":"Droit au But, la bande-dessin\u00e9e pour les 7-13 ans revient avec le tome 21\u00a0!\r\nDouble mission pour Nino, pass\u00e9 enfin pro :\u00a0sauver les 3 Gabians de la faillite et mener vers son destin une jeune joueuse hors du commun !\r\nLors d'une petite f\u00eate organis\u00e9e aux 3 Gabians \u00e0 l'occasion de son passage en pro, Nino surprend des bribes de conversation entre ses parents : c\u00f4t\u00e9 finances, la situation du bar est catastrophique, sans doute va-t-il falloir se r\u00e9soudre \u00e0 vendre l'\u00e9tablissement.\u00a0Nino souhaiterait venir en aide \u00e0 son p\u00e8re mais celui-ci, par fiert\u00e9, refuse.\r\nAux abords du city-stade de la Major, Nino rep\u00e8re\u00a0une jeune fille tr\u00e8s dou\u00e9e ballon au pied. Il tente d'en apprendre plus sur son compte mais la joueuse est tr\u00e8s farouche et dispara\u00eet chaque fois qu'il tente de l'approcher.\u00a0Gr\u00e2ce \u00e0 l'aide de ses co\u00e9quipiers - et de son grand-p\u00e8re !, il parvient \u00e0 la convaincre de passer un test pour int\u00e9grer l'\u00e9quipe f\u00e9minine de l'OM. Mais Akissi doit se consacrer prioritairement \u00e0 ses \u00e9tudes !","authors":["Jean-Luc Garr\u00e9ra","Thierry Agnello","Pedro J. Colombo"],"category_codes":["3000000","3020000","3020200","3020211"],"visuals":{"large":"https:\/\/images.epagine.fr\/709\/9782755676709_1_75.jpg","medium":"https:\/\/images.epagine.fr\/709\/9782755676709_1_m.jpg","thumbnail":"https:\/\/images.epagine.fr\/709\/9782755676709_1_v.jpg"},"orderable":true,"show_badge":true,"formatted_price":"11,95&nbsp;\u20ac","formatted_published_date":"2 avril 2025","publisher_availability_label":"Sur commande","short_details":"Jean-Luc Garr\u00e9ra, Thierry Agnello, Pedro J. Colombo \u2014 Hugo BD","translator":null,"weight":437,"page_count":48,"readership":"\u00e0 partir de 10 ANS","editor":"Hugo BD","price":1195,"published_date":"2025-04-01T22:00:00.000000Z","support":"Grand format","publisher_availability":1,"stock":0,"editions":[],"url":"https:\/\/quaidesbrumes.com\/ouvrage\/9782755676709\/droit-au-but-tome-21-bienvenue-sur-lolympe"},{"id":"9791036375224","title":"Glouton Tome 8 : Le cabot de No\u00ebl","description":"Cette ann\u00e9e, pour pallier \u00e0 la morosit\u00e9 de cet hiver sans fin, M\u00e8dor aimerait f\u00eater No\u00ebl. Glouton, lui, aime le froid et la grisaille. Mais organiser une f\u00eate o\u00f9 l'on mange beaucoup et re\u00e7oit des cadeaux, c'est un \"sacrifice\" qu'il est pr\u00eat \u00e0 faire pour son ami !\r\n\r\nLa rencontre des l\u00e9gendes du Grand Nord !\r\nPourtant, malgr\u00e9 l'enthousiasme de M\u00e8dor, tout ne se d\u00e9roule pas comme pr\u00e9vu : au petit matin, toute la for\u00eat a eu son cadeau, sauf Glouton !  Il en est \u00e9videmment outr\u00e9 : qui est ce P\u00e8re No\u00ebl qui d\u00e9cide de le priver de pr\u00e9sent ? Qu'\u00e0 cela ne tienne : le voil\u00e0 qui se met en route vers la Laponie, pour aller dire ses quatre v\u00e9rit\u00e9s \u00e0 ce vieux croulant !\r\n\r\nLe plus dr\u00f4le des anti-h\u00e9ros\r\nAnti-h\u00e9ros hilarant, Glouton plait, par sa mauvaise foi et sa b\u00eatise, autant aux enfants qu'aux plus grands. Il dynamite ici No\u00ebl, sa bonne humeur et sa bienveillance, pour notre plus grand plaisir !","authors":["B-Gnet"],"category_codes":["3000000","3020000","3020200","3020211"],"visuals":{"large":"https:\/\/images.epagine.fr\/224\/9791036375224_1_75.jpg","medium":"https:\/\/images.epagine.fr\/224\/9791036375224_1_m.jpg","thumbnail":"https:\/\/images.epagine.fr\/224\/9791036375224_1_v.jpg"},"orderable":true,"show_badge":true,"formatted_price":"11,00&nbsp;\u20ac","formatted_published_date":"30 octobre 2024","publisher_availability_label":"Sur commande","short_details":"B-Gnet \u2014 Bayard Jeunesse","translator":null,"weight":196,"page_count":64,"readership":"\u00e0 partir de 7 ANS","editor":"Bayard Jeunesse","price":1100,"published_date":"2024-10-29T23:00:00.000000Z","support":"Grand format","publisher_availability":1,"stock":0,"editions":[],"url":"https:\/\/quaidesbrumes.com\/ouvrage\/9791036375224\/glouton-tome-8-le-cabot-de-noel"},{"id":"9782811677169","title":"Le p\u00e9ch\u00e9 originel de Takopi Tome 2","description":"Le corps sans vie de Marina a \u00e9t\u00e9 retrouv\u00e9. Mais Shizuka, imperturbable lors des interrogatoires de la police, continue de s'adonner aux pr\u00e9paratifs de son voyage. Azuma, de son c\u00f4t\u00e9, fait tout son possible pour dissiper le moindre soup\u00e7on. Une fois les vacances d'\u00e9t\u00e9 arriv\u00e9es, Shizuka se rendra enfin chez son p\u00e8re \u00e0 Tokyo, avec Takopi \u00e0 ses c\u00f4t\u00e9s... Mais la jeune fille y trouvera-t-elle seulement ce qu'elle esp\u00e8re ? La s\u00e9rie ph\u00e9nom\u00e8ne qui a secou\u00e9 la plan\u00e8te manga !","authors":["Taizan5"],"category_codes":["3000000","3040000","3040600","3040603"],"visuals":{"large":"https:\/\/images.epagine.fr\/169\/9782811677169_1_75.jpg","medium":"https:\/\/images.epagine.fr\/169\/9782811677169_1_m.jpg","thumbnail":"https:\/\/images.epagine.fr\/169\/9782811677169_1_v.jpg"},"orderable":true,"show_badge":true,"formatted_price":"7,20&nbsp;\u20ac","formatted_published_date":"25 janvier 2023","publisher_availability_label":"Sur commande","short_details":"Taizan5 \u2014 Pika \u00c9dition","translator":null,"weight":600,"page_count":200,"readership":"\u00e0 partir de 14 ans","editor":"Pika \u00c9dition","price":720,"published_date":"2023-01-24T23:00:00.000000Z","support":"Poche","publisher_availability":1,"stock":0,"editions":[],"url":"https:\/\/quaidesbrumes.com\/ouvrage\/9782811677169\/le-peche-originel-de-takopi-tome-2"},{"id":"9791042014582","title":"En sc\u00e8ne ! Tome 23","description":"Manga de danse au graphisme sublime, En sc\u00e8ne ! d\u00e9crit avec passion et drame humain les premiers pas d'une jeune ballerine dans la comp\u00e9tition classique.\r\nPlace au \r\nPha\u00e9ton d'Abigail Nicols !\r\n\r\nL'heure n'est pas \u00e0 la l\u00e9g\u00e8ret\u00e9 pour Kanade. Ses parents pourront-ils assurer financi\u00e8rement la suite de sa scolarit\u00e9 \u00e0 l'\u00e9cole du Royal Ballet ? L'espoir, cependant, n'est jamais loin et le retour au Japon pour les vacances d'\u00e9t\u00e9 permet \u00e0 la jeune fille de se ressourcer. Alors qu'elle s'appr\u00eate \u00e0 danser un extrait de \r\nCasse-Noisette lors d'un gala, elle re\u00e7oit un message inattendu d'Abigail Nicols...","authors":["Cuvie","Satoko Fujimoto"],"category_codes":["3000000","3040000","3040400","3040411"],"visuals":{"large":"https:\/\/images.epagine.fr\/582\/9791042014582_1_75.jpg","medium":"https:\/\/images.epagine.fr\/582\/9791042014582_1_m.jpg","thumbnail":"https:\/\/images.epagine.fr\/582\/9791042014582_1_v.jpg"},"orderable":true,"show_badge":true,"formatted_price":"7,95&nbsp;\u20ac","formatted_published_date":"12 septembre 2024","publisher_availability_label":"Sur commande","short_details":"Cuvie, Satoko Fujimoto \u2014 Kurokawa","translator":"SATOKO FUJIMOTO","weight":184,"page_count":194,"readership":"\u00e0 partir de 14 ans","editor":"Kurokawa","price":795,"published_date":"2024-09-11T22:00:00.000000Z","support":"Poche","publisher_availability":1,"stock":0,"editions":[],"url":"https:\/\/quaidesbrumes.com\/ouvrage\/9791042014582\/en-scene-tome-23"},{"id":"9782350783505","title":"Les profs Tome 5 : chute des cours","description":"Approchez, Mesdames et Messieurs ! Venez d\u00e9couvrir les seuls vrais aventuriers modernes : les Profs ! Suivez le prof d'histoire d\u00e9butant, le prof de gym survitamin\u00e9, la prof de fran\u00e7ais sexy, le prof de philo blas\u00e9 et la prof d'anglais peau de vache dans leur croisade contre l'ignorance et le poil dans la main ! Plus forts que Zorro, plus courageux qu'Indiana Jones et bien moins pay\u00e9s que James Bond, ils p\u00e9n\u00e8trent dans la jungle \u00e9touffante des lyc\u00e9es pour affronter les tribus d'\u00e9l\u00e8ves hostiles.\r\nPuis, \u00e9puis\u00e9s, ils se r\u00e9fugient dans leur oasis : la salle des profs ! L\u00e0, entre la machine \u00e0 caf\u00e9 en panne et les 150 copies \u00e0 corriger pour demain, ils refont le monde de l'\u00e9ducation et des plans pour les vacances. Recommand\u00e9 par le ministre de l'\u00e9ducation nationale, cet album est pour tout le monde : les profs, les \u00e9l\u00e8ves, les parents d'\u00e9l\u00e8ves, les parents de profs, les surdou\u00e9s et les cancres (il y a de jolies images).\r\nEt heu... nous demandons aux profs de ne pas noter les auteurs trop s\u00e9v\u00e8rement : ils n'ont pas pu pr\u00e9parer l'interro, leur grand-m\u00e8re \u00e9tait malade...","authors":["Erroc","Pica"],"category_codes":["3000000","3020000","3020200","3020211"],"visuals":{"large":"https:\/\/images.epagine.fr\/505\/9782350783505_1_75.jpg","medium":"https:\/\/images.epagine.fr\/505\/9782350783505_1_m.jpg","thumbnail":"https:\/\/images.epagine.fr\/505\/9782350783505_1_v.jpg"},"orderable":true,"show_badge":true,"formatted_price":"11,90&nbsp;\u20ac","formatted_published_date":"22 janvier 2007","publisher_availability_label":"Sur commande","short_details":"Erroc, Pica \u2014 Bamboo","translator":null,"weight":367,"page_count":48,"readership":"Tout public","editor":"Bamboo","price":1190,"published_date":"2007-01-21T23:00:00.000000Z","support":"Grand format","publisher_availability":1,"stock":0,"editions":[],"url":"https:\/\/quaidesbrumes.com\/ouvrage\/9782350783505\/les-profs-tome-5-chute-des-cours"},{"id":"9791043301001","title":"Air Gear Unlimited Tome 3","description":"Ikki entre pour la premi\u00e8re fois dans l'ar\u00e8ne des Parts Wars ! Oppos\u00e9 au colossal Roi de la Nuit, il doit prouver qu'il a sa place parmi les v\u00e9ritables Storm Riders. Mais d\u00e9j\u00e0, une nouvelle menace se profile... Un myst\u00e9rieux rider, plus rapide, plus sauvage, s'appr\u00eate \u00e0 lui montrer une toute autre route - et le prix \u00e0 payer pour voler toujours plus haut.\r\n\u00a0 \r\nLe l\u00e9gendaire Oh!great vous invite \u00e0 prendre votre envol avec cette nouvelle \u00e9dition de son manga culte AIR GEAR aux bonus et \u00e0 l'\u00e9pilogue in\u00e9dits !","authors":["Oh! Great"],"category_codes":["3000000","3040000","3040500","3040508"],"visuals":{"large":"https:\/\/images.epagine.fr\/001\/9791043301001_1_75.jpg","medium":"https:\/\/images.epagine.fr\/001\/9791043301001_1_m.jpg","thumbnail":"https:\/\/images.epagine.fr\/001\/9791043301001_1_v.jpg"},"orderable":true,"show_badge":true,"formatted_price":"10,90&nbsp;\u20ac","formatted_published_date":"15 octobre 2025","publisher_availability_label":"Sur commande","short_details":"Oh! Great \u2014 Pika \u00c9dition","translator":null,"weight":334,"page_count":402,"readership":"\u00e0 partir de 10 ANS","editor":"Pika \u00c9dition","price":1090,"published_date":"2025-10-14T22:00:00.000000Z","support":"Poche","publisher_availability":1,"stock":0,"editions":[],"url":"https:\/\/quaidesbrumes.com\/ouvrage\/9791043301001\/air-gear-unlimited-tome-3"},{"id":"9782723455961","title":"Bleach Tome 19 : the black moon rising","description":"Adolescent de quinze ans, Ichigo Kurosaki poss\u00e8de un don particulier : celui de voir les esprits. Un jour, il croise la route d'une belle shinigami (un \u00eatre spirituel) en train de pourchasser une \"\u00e2me perdue\", un esprit mal\u00e9fique qui hante notre monde et n'arrive pas \u00e0 trouver le repos. Mise en difficult\u00e9 par son ennemi, la jeune fille d\u00e9cide alors de pr\u00eater une partie de ses pouvoirs \u00e0 Ichigo, mais ce dernier h\u00e9rite finalement de toute la puissance d'un shinigami. Contraint d'assumer son nouveau statut, Ichigo va devoir g\u00e9rer ses deux vies : celle de lyc\u00e9en ordinaire, et celle de chasseur de d\u00e9mons... \u00ab Bleach \u00bb est un manga d'action au rythme tr\u00e9pidant, au graphisme soign\u00e9 et \u00e0 l'intrigue palpitante.","authors":["Tite Kubo"],"category_codes":["3000000","3040000","3040500","3040508"],"visuals":{"large":"https:\/\/images.epagine.fr\/961\/9782723455961_1_75.jpg","medium":"https:\/\/images.epagine.fr\/961\/9782723455961_1_m.jpg","thumbnail":"https:\/\/images.epagine.fr\/961\/9782723455961_1_v.jpg"},"orderable":true,"show_badge":true,"formatted_price":"7,20&nbsp;\u20ac","formatted_published_date":"22 novembre 2006","publisher_availability_label":"Sur commande","short_details":"Tite Kubo \u2014 Gl\u00e9nat","translator":null,"weight":220,"page_count":212,"readership":"\u00e0 partir de 12 ANS","editor":"Gl\u00e9nat","price":720,"published_date":"2006-11-21T23:00:00.000000Z","support":"Poche","publisher_availability":1,"stock":0,"editions":[],"url":"https:\/\/quaidesbrumes.com\/ouvrage\/9782723455961\/bleach-tome-19-the-black-moon-rising"},{"id":"9782723463416","title":"Les gouttes de Dieu Tome 2","description":"Lorsque Yutaka Kanzaki, oenologue mondialement connu, d\u00e9c\u00e8de, le monde du vin est en \u00e9moi. En effet, le ma\u00eetre poss\u00e8de l'une des plus extraordinaire cave dont on puisse r\u00eaver. Shimizu Kanzaki, le fils du ma\u00eetre, lui, n'est en rien un amateur de vin. Tout le contraire de son fr\u00e8re, le sombre Issei, fils adoptif du ma\u00eetre, qui a suivi une brillante carri\u00e8re de sommelier. \u00c0 qui reviendra la cave de Yutaka Kanzaki ? Le testament du ma\u00eetre est clair : \u00e0 celui des deux fr\u00e8res qui r\u00e9soudra 12 \u00e9nigmes sur 12 vins, et d\u00e9couvrira quel est ce 13e et myst\u00e9rieux vin, inconnu de tous, et que le ma\u00eetre surnomma \u00ab les gouttes de dieu \u00bb.Ce titre attrayant et grand public est d\u00e9j\u00e0 un succ\u00e8s mondial, avec plusieurs millions de volumes vendus par le monde, s\u00e9duisant tant les amateurs de manga, les amateurs de vins que les amateurs d'histoires \u00e0 intrigues.","authors":["Tadashi Agi","Shu Okimoto"],"category_codes":["3000000","3040000","3040600","3040611"],"visuals":{"large":"https:\/\/images.epagine.fr\/416\/9782723463416_1_75.jpg","medium":"https:\/\/images.epagine.fr\/416\/9782723463416_1_m.jpg","thumbnail":"https:\/\/images.epagine.fr\/416\/9782723463416_1_v.jpg"},"orderable":true,"show_badge":true,"formatted_price":"9,50&nbsp;\u20ac","formatted_published_date":"4 juin 2008","publisher_availability_label":"Sur commande","short_details":"Tadashi Agi, Shu Okimoto \u2014 Gl\u00e9nat","translator":null,"weight":212,"page_count":240,"readership":"\u00e0 partir de 14 ans","editor":"Gl\u00e9nat","price":950,"published_date":"2008-06-03T22:00:00.000000Z","support":"Poche","publisher_availability":1,"stock":0,"editions":[],"url":"https:\/\/quaidesbrumes.com\/ouvrage\/9782723463416\/les-gouttes-de-dieu-tome-2"},{"id":"9791039138574","title":"De neige et d'encre Tome 3","description":"Lorsque Freya apprend le mariage de sa demi-soeur Anna, elle d\u00e9cide de retourner chez ses parents, accompagn\u00e9e de Neneo. Ce voyage est pour elle l'occasion de se lib\u00e9rer du poids de son pass\u00e9 et d'entamer un nouvel avenir \u00e0 ses c\u00f4t\u00e9s.\r\nC'est en ces lieux qu'elle fut rejet\u00e9e par ceux qui cherchaient \u00e0 exploiter sa position tout en savourant son malheur. Pour \u00e9viter que Neneo ne devienne sa faiblesse, elle lui impose un apprentissage impitoyable, esp\u00e9rant ainsi red\u00e9finir leur relation. Pourtant, malgr\u00e9 sa d\u00e9termination, ce choix devient pour Freya un v\u00e9ritable cr\u00e8ve-coeur...\r\nMiyuki Unohana, jeune artiste talentueuse, d\u00e9barque en France avec sa s\u00e9rie Yuki to Sumi. Derri\u00e8re ce titre se cache une \u00e9pop\u00e9e particuli\u00e8rement touchante et bouleversante o\u00f9 deux \u00eatres m\u00e9pris\u00e9s de tous vont tenter de faire front ensemble. Elle met en sc\u00e8ne un r\u00e9cit o\u00f9 drame, psychologie et myst\u00e8re se combinent pour un r\u00e9sultat aussi \u00e9tonnant que captivant. Avec son trait fin et d\u00e9licat, elle donne vie \u00e0 un tandem qui, malgr\u00e9 toutes les accusations qu'il va subir, va attirer notre sympathie.","authors":["Miyuki Unohana"],"category_codes":["3000000","3040000","3040600","3040609"],"visuals":{"large":"https:\/\/images.epagine.fr\/574\/9791039138574_1_75.jpg","medium":"https:\/\/images.epagine.fr\/574\/9791039138574_1_m.jpg","thumbnail":"https:\/\/images.epagine.fr\/574\/9791039138574_1_v.jpg"},"orderable":true,"show_badge":true,"formatted_price":"8,29&nbsp;\u20ac","formatted_published_date":"17 septembre 2025","publisher_availability_label":"Sur commande","short_details":"Miyuki Unohana \u2014 Panini","translator":null,"weight":166,"page_count":192,"readership":"\u00e0 partir de 14 ans","editor":"Panini","price":829,"published_date":"2025-09-16T22:00:00.000000Z","support":"Poche","publisher_availability":1,"stock":0,"editions":[],"url":"https:\/\/quaidesbrumes.com\/ouvrage\/9791039138574\/de-neige-et-dencre-tome-3"}]}