{"data":[{"id":"9791032711187","title":"Valkyrie apocalypse Tome 11","description":"Shiva et Raiden ont tout donn\u00e9 lors de leur duel : le rikishi sans \u00e9gal a enfin pu lib\u00e9rer son plein potentiel, une fois d\u00e9barrass\u00e9 des contraintes qui l'en emp\u00eachaient jusque-l\u00e0, tandis que le num\u00e9ro un des dieux de l'Inde a surpass\u00e9 ses propres limites ! \u00c0 nouveau, l'humanit\u00e9 a su impressionner le camp des divinit\u00e9s...\r\nLa situation est si pr\u00e9occupante que Zeus souhaite d\u00e9sormais en finir avec les hommes le plus rapidement possible ! Pour le sixi\u00e8me match, le dieu grec n'h\u00e9site pas \u00e0 bousculer ses plans et \u00e0 demander l'aide de Bouddha... Qui saura faire face \u00e0 un adversaire aussi redoutable ?","authors":["Takumi Fukui","Shinya Umemura","Ajichika","Alex Ponthaut"],"category_codes":["3000000","3040000","3040600","3040605"],"visuals":{"large":"https:\/\/images.epagine.fr\/187\/9791032711187_1_75.jpg","medium":"https:\/\/images.epagine.fr\/187\/9791032711187_1_m.jpg","thumbnail":"https:\/\/images.epagine.fr\/187\/9791032711187_1_v.jpg"},"orderable":true,"show_badge":true,"formatted_price":"7,95&nbsp;\u20ac","formatted_published_date":"7 avril 2022","publisher_availability_label":"Sur commande","short_details":"Takumi Fukui, Shinya Umemura, Ajichika, Alex Ponthaut \u2014 Ki-oon","translator":"ALEX PONTHAUT","weight":208,"page_count":null,"readership":"\u00e0 partir de 14 ans","editor":"Ki-oon","price":795,"published_date":"2022-04-06T22:00:00.000000Z","support":"Poche","publisher_availability":1,"stock":0,"editions":[],"url":"https:\/\/quaidesbrumes.com\/ouvrage\/9791032711187\/valkyrie-apocalypse-tome-11"},{"id":"9782808502856","title":"Carcoma","description":"Ce sont des pirates, des laiss\u00e9s pour compte et des damn\u00e9s qui ont tous pr\u00eat\u00e9 serment de ne plus jamais poser le pied \u00e0 terre et de voguer inlassablement vers l'inconnu en attendant une mort in\u00e9vitable. Mais le destin va en d\u00e9cider autrement et les plonger dans l'effroi.\r\n\r\nTous ont laiss\u00e9 derri\u00e8re eux un pass\u00e9 tortur\u00e9 qu'ils cherchent \u00e0 oublier.\r\n\r\n\u00c0 bord, personne ne conna\u00eet les secrets des uns et des autres ni ne sait pourquoi ils ont choisi de rejoindre le navire Carcoma : ils ne sont unis que par leur serment et une ob\u00e9issance aveugle \u00e0 leur capitaine, un homme amer, alcoolique, sans concession et violent, qui dirige cette troupe d'une main de fer.\r\n\r\nCes pirates d\u00e9sabus\u00e9s font une d\u00e9couverte \u00e9tonnante lorsque leur bateau s'\u00e9choue par m\u00e9garde sur une \u00eele d\u00e9serte : une myst\u00e9rieuse cr\u00e9ature marine qui va, contre toute attente, bouleverser les relations de l'\u00e9quipage. Et cette situation n'est pas du go\u00fbt du capitaine.\r\n\r\nUn vent de terreur va bient\u00f4t s'abattre sur le Carcoma...\r\n\r\nPour sa premi\u00e8re cr\u00e9ation en BD, Andr\u00e9s Garrido nous livre un conte macabre et po\u00e9tique sur fond d'un r\u00e9cit de pirates d\u00e9sabus\u00e9s et hauts en couleur. Une approche personnelle de la fiction de genre qui convoque la grande aventure et des histoires humaines touchantes entrem\u00eal\u00e9es.","authors":["Andr\u00e9s Garrido"],"category_codes":["3000000","3020000","3020100"],"visuals":{"large":"https:\/\/images.epagine.fr\/856\/9782808502856_1_75.jpg","medium":"https:\/\/images.epagine.fr\/856\/9782808502856_1_m.jpg","thumbnail":"https:\/\/images.epagine.fr\/856\/9782808502856_1_v.jpg"},"orderable":true,"show_badge":true,"formatted_price":"27,95&nbsp;\u20ac","formatted_published_date":"7 f\u00e9vrier 2025","publisher_availability_label":"Sur commande","short_details":"Andr\u00e9s Garrido \u2014 Dupuis","translator":null,"weight":1232,"page_count":176,"readership":null,"editor":"Dupuis","price":2795,"published_date":"2025-02-06T23:00:00.000000Z","support":"Grand format","publisher_availability":1,"stock":0,"editions":[],"url":"https:\/\/quaidesbrumes.com\/ouvrage\/9782808502856\/carcoma"},{"id":"9791034753222","title":"Le lierre et l'araign\u00e9e","description":"Un enfant p\u00eache sous le regard attentif de son grand-p\u00e8re Bernard. Une sc\u00e8ne banale, en temps de paix. Mais gagn\u00e9e des d\u00e9cennies plus t\u00f4t par le vieil homme, alors jeune Alsacien membre du groupe de r\u00e9sistants Feuille de lierre. Mais le Lierre vaincra-t-il la progression de l'Araign\u00e9e nazie, qui a annex\u00e9 l'Alsace ? Ou ses ennemis pr\u00e9cipiteront-ils Bernard vers le camp de s\u00fbret\u00e9 de Vorbruck-Schirmeck ? \u00c0 moins que son sort ne soit encore pire...\r\n\r\nCette histoire, celle de son propre grand-p\u00e8re, fut longtemps un tabou familial. Alors Gr\u00e9goire Carl\u00e9 est parti \u00e0 sa recherche \u00e0 travers livres et rencontres de survivants, dressant le stup\u00e9fiant tableau d'une Alsace \u00e9cartel\u00e9e mais aussi un poignant portrait de son grand-p\u00e8re, h\u00e9ros discret pourtant aux premi\u00e8res loges de l'absurdit\u00e9 de la guerre. Un travail \u00e0 la fois universitaire et personnel, d'une rigueur et d'une beaut\u00e9 \u00e9tourdissantes.","authors":["Gr\u00e9goire Carl\u00e9"],"category_codes":["3000000","3020000","3020100","3020108"],"visuals":{"large":"https:\/\/images.epagine.fr\/222\/9791034753222_1_75.jpg","medium":"https:\/\/images.epagine.fr\/222\/9791034753222_1_m.jpg","thumbnail":"https:\/\/images.epagine.fr\/222\/9791034753222_1_v.jpg"},"orderable":true,"show_badge":false,"formatted_price":"29,95&nbsp;\u20ac","formatted_published_date":"26 janvier 2024","publisher_availability_label":"Sur commande","short_details":"Gr\u00e9goire Carl\u00e9 \u2014 Dupuis","translator":null,"weight":1176,"page_count":208,"readership":null,"editor":"Dupuis","price":2995,"published_date":"2024-01-25T23:00:00.000000Z","support":"Grand format","publisher_availability":1,"stock":1,"editions":[],"url":"https:\/\/quaidesbrumes.com\/ouvrage\/9791034753222\/le-lierre-et-laraignee"},{"id":"9782818946824","title":"Camomille et les chevaux Tome 3 : poney game","description":"Humour, po\u00e9sie et tendresse au club des Quatre-Fers. Camomille a 10 ans. Et elle a une passion : les chevaux. Mais \u00e7a n'a pas toujours \u00e9t\u00e9 le cas. Quand elle \u00e9tait petite et qu'elle passait devant le club \u00e9questre des Quatre-Fers, elle se pin\u00e7ait le nez. Et puis, elle a fait la connaissance d'un superbe cheval, Oc\u00e9an. Depuis, ils sont devenus ins\u00e9parables et ensemble, ils ne galopent pas, ils volent.","authors":["Lili M\u00e9sange","Stefano Turconi"],"category_codes":["3000000","3020000","3020200","3020211"],"visuals":{"large":"https:\/\/images.epagine.fr\/824\/9782818946824_1_75.jpg","medium":"https:\/\/images.epagine.fr\/824\/9782818946824_1_m.jpg","thumbnail":"https:\/\/images.epagine.fr\/824\/9782818946824_1_v.jpg"},"orderable":true,"show_badge":true,"formatted_price":"11,90&nbsp;\u20ac","formatted_published_date":"29 ao\u00fbt 2018","publisher_availability_label":"Sur commande","short_details":"Lili M\u00e9sange, Stefano Turconi \u2014 Bamboo","translator":null,"weight":374,"page_count":48,"readership":"Tout public","editor":"Bamboo","price":1190,"published_date":"2018-08-28T22:00:00.000000Z","support":"Grand format","publisher_availability":1,"stock":0,"editions":[],"url":"https:\/\/quaidesbrumes.com\/ouvrage\/9782818946824\/camomille-et-les-chevaux-tome-3-poney-game"},{"id":"9791041114375","title":"The eminence in shadow Tome 1","description":"Il est pr\u00eat \u00e0 tout pour devenir une \u00c9minence de l'ombre... mais ses plus gros mensonges vont le rattraper\u00a0!Un des meilleurs mangas isekai du moment\u00a0: action, complots et humour d\u00e9cal\u00e9 ! Cid est un gar\u00e7on qui r\u00eave de faire son entr\u00e9e dans le club ultra-restreint des \u00c9minences de l'ombre, des personnages myst\u00e9rieux qui influencent le cours des \u00e9v\u00e9nements depuis les coulisses et qui poss\u00e8dent d'incroyables pouvoirs. Lorsqu'il est propuls\u00e9 dans un monde parall\u00e8le \u00e0 la suite d'un accident, il d\u00e9cide de tirer profit de ce nouveau d\u00e9part et d'\u00e9chafauder de toutes pi\u00e8ces une histoire dont il s'attribue, en secret, le r\u00f4le principal de future \u00c9minence de l'ombre. Il va m\u00eame jusqu'\u00e0 recruter des agents parmi les jeunes filles de son entourage et les abreuve de mensonges pour s'assurer de leur coop\u00e9ration... Seulement, Cid ne se rend pas compte qu'au fur et \u00e0 mesure, ses boniments prennent une dimension bien r\u00e9elle ! C'est le d\u00e9but d'une \u00e9pop\u00e9e qui fait la part belle aux malentendus et aux m\u00e9prises multiples !","authors":["Tozai","Anri Sakano","Daisuke Aizawa"],"category_codes":["3000000","3040000","3040500","3040504"],"visuals":{"large":"https:\/\/images.epagine.fr\/375\/9791041114375_1_75.jpg","medium":"https:\/\/images.epagine.fr\/375\/9791041114375_1_m.jpg","thumbnail":"https:\/\/images.epagine.fr\/375\/9791041114375_1_v.jpg"},"orderable":true,"show_badge":true,"formatted_price":"7,50&nbsp;\u20ac","formatted_published_date":"3 d\u00e9cembre 2025","publisher_availability_label":"Sur commande","short_details":"Tozai, Anri Sakano, Daisuke Aizawa \u2014 Bamboo","translator":null,"weight":242,"page_count":164,"readership":"\u00e0 partir de 12 ANS","editor":"Bamboo","price":750,"published_date":"2025-12-02T23:00:00.000000Z","support":"Poche","publisher_availability":1,"stock":0,"editions":[],"url":"https:\/\/quaidesbrumes.com\/ouvrage\/9791041114375\/the-eminence-in-shadow-tome-1"},{"id":"9782731674576","title":"Carthago Tome 13 : Abzu est notre seul dieu","description":"2029. Deux ans apr\u00e8s un cataclysme qui a eu raison du monde tel qu'on le conna\u00eet, Lou Melville est victime d'un accident sous-marin. Recueillie par des moines, elle r\u00e9side au coeur de l'ancienne plateforme p\u00e9troli\u00e8re qui leur sert de monast\u00e8re. Mais l'\u00e9quilibre du lieu est menac\u00e9 par l'apparition d'un groupuscule religieux dissident. Et si la pr\u00e9sence de Lou en \u00e9tait la cause ?","authors":["Christophe Bec","Ennio Bufi"],"category_codes":["3000000","3020000","3020100","3020106"],"visuals":{"large":"https:\/\/images.epagine.fr\/576\/9782731674576_1_75.jpg","medium":"https:\/\/images.epagine.fr\/576\/9782731674576_1_m.jpg","thumbnail":"https:\/\/images.epagine.fr\/576\/9782731674576_1_v.jpg"},"orderable":true,"show_badge":true,"formatted_price":"14,50&nbsp;\u20ac","formatted_published_date":"10 novembre 2021","publisher_availability_label":"Sur commande","short_details":"Christophe Bec, Ennio Bufi \u2014 Les Humano\u00efdes Associ\u00e9s","translator":null,"weight":636,"page_count":56,"readership":null,"editor":"Les Humano\u00efdes Associ\u00e9s","price":1450,"published_date":"2021-11-09T23:00:00.000000Z","support":"Grand format","publisher_availability":1,"stock":0,"editions":[],"url":"https:\/\/quaidesbrumes.com\/ouvrage\/9782731674576\/carthago-tome-13-abzu-est-notre-seul-dieu"},{"id":"9782803627516","title":"Les mondes de Thorgal - Kriss de Valnor Tome 1 : je n'oublie rien !","description":"Au terme d'une vie pass\u00e9e \u00e0 voler, tromper et tuer, Kriss de Valnor meurt dans un acte de bravoure et de bont\u00e9. Les Walkyries ne savent quel destin lui r\u00e9server : le Walhalla, paradis des guerriers, ou l'errance \u00e9ternelle dans les brumes glaciales du Niflheim ? La farouche combattante doit maintenant plaider sa cause devant la d\u00e9esse Freyja. Pour cela, il lui faut se souvenir de l'enfant qu'elle \u00e9tait, des premiers coups subis. et rendus ! \r\nC'est une histoire dure que nous content Yves Sente et Giulio De Vita, lequel honore avec maestria le privil\u00e8ge d'\u00eatre le premier dessinateur invit\u00e9 dans Les Mondes de Thorgal. Son talent pour les d\u00e9cors conf\u00e8re d'embl\u00e9e une dimension mythique \u00e0 ce r\u00e9cit qui nous ouvre les portes d'Asgard. Superbement servi par un d\u00e9coupage bien pens\u00e9, donnant au lecteur autant de respirations que de p\u00e9pites graphiques, le dessinateur de Wisher a toute latitude pour nous offrir de v\u00e9ritables tableaux. Son autre grande force r\u00e9side dans l'\u00e9motion qu'il sait faire exprimer par les visages. Les sentiments sont en effet au coeur de ce r\u00e9cit ambigu qui voit le narrateur se faire l'avocat de la belle amazone, au dossier si lourd, mais tellement \u00e9mouvante. Puisqu'il a choisi le proc\u00e8s comme fil conducteur de ce diptyque, le sc\u00e9nariste interroge directement la notion de Justice. Une enfance digne des romans de Zola peut-elle excuser une inextinguible soif de sang ? Doit-on condamner le pass\u00e9 ou choisir de donner une chance \u00e0 l'avenir ? Autant de questions auxquelles Freyja doit maintenant r\u00e9pondre, laissant le lecteur suspendu \u00e0 son verdict. Kriss de Valnor dans la s\u00e9rie Thorgal \u00c0 tout seigneur, tout honneur ! Si Kriss de Valnor n'a que bri\u00e8vement \u00e9t\u00e9 reine dans les pages de la s\u00e9rie, elle n'en reste pas moins souveraine dans le coeur des centaines de milliers de lecteurs de Thorgal. Retour sur le parcours d'un des personnages les plus ambigus, et les plus beaux, de la bande dessin\u00e9e... Lorsque Thorgal et ses compagnons rencontrent Kriss de Valnor pour la premi\u00e8re fois, la belle jeune femme est en bien mauvaise posture, prisonni\u00e8re de brigands qui n'ont pas h\u00e9sit\u00e9 \u00e0 abuser d'elle. Une fois d\u00e9livr\u00e9e, elle prouve sur-le-champ qu'elle n'a rien d'une demoiselle en d\u00e9tresse, ex\u00e9cutant froidement ses ravisseurs ! Elle participe ensuite au c\u00f4t\u00e9 de Thorgal, \u00e0 un concours de tir \u00e0 l'arc o\u00f9 elle pr\u00e9f\u00e8re d\u00e9rober le prix, causant la perte de son seul ami. Kriss est ainsi faite : en d\u00e9pit des sentiments qu'elle \u00e9prouve pour Thorgal, elle est avant tout individualiste, manipulatrice. Bless\u00e9e par les hommes \u00e0 maintes reprises, elle ne leur accorde aucune confiance et ne laisse jamais ses \u00e9motions barrer la route de ses ambitions. Sa seule peur est de vieillir et de perdre ses charmes, une arme encore bien plus redoutable que ses fl\u00e8ches. Elle obtiendra finalement ce qu'elle esp\u00e9rait de Thorgal, en profitant d'une amn\u00e9sie temporaire de ce dernier. Lorsqu'il s'\u00e9veillera, il sera devenu Sha\u00efgan-sans-merci, cruel seigneur pirate r\u00e9gnant aux c\u00f4t\u00e9s de \u00ab sa femme \u00bb. Mais, l'illusion ne durera gu\u00e8re ! Kriss, furieuse et bless\u00e9e dans son amour-propre ne r\u00e9ussira pas \u00e0 prendre le contr\u00f4le des pirates. Elle sera vendue comme esclave dans une mine o\u00f9, \u00e0 force de cruaut\u00e9, elle passera du rang de victime \u00e0 celui de bourreau. Ses retrouvailles avec nos h\u00e9ros s'accompagneront d'une r\u00e9v\u00e9lation de taille : elle est \u00e0 pr\u00e9sent m\u00e8re d'un petit Aniel qu'elle a con\u00e7u avec Thorgal durant l'amn\u00e9sie de celui-ci. N\u00e9anmoins, elle aura clairement chang\u00e9, au point de se sacrifier pour donner une chance de fuite \u00e0 ses compagnons d'infortune et pour que vive son fils. Une fin aussi ambigu\u00eb que sa vie, qui fera dire \u00e0 Thorgal que \u00ab sa disparition laisse un vide \u00e9trange \u00bb. Epitaphe ? C'est maintenant \u00e0 Freyja d'en d\u00e9cider... Les Mondes de Thorgal Loin d'\u00eatre un one-shot sans lendemain, Kriss de Valnor est la premi\u00e8re partie \u00e9merg\u00e9e de l'iceberg colossal que sera Les Mondes Thorgal.","authors":["Yves Sente","Giulio De Vita"],"category_codes":["3000000","3020000","3020100","3020105"],"visuals":{"large":"https:\/\/images.epagine.fr\/516\/9782803627516_1_75.jpg","medium":"https:\/\/images.epagine.fr\/516\/9782803627516_1_m.jpg","thumbnail":"https:\/\/images.epagine.fr\/516\/9782803627516_1_v.jpg"},"orderable":true,"show_badge":true,"formatted_price":"13,95&nbsp;\u20ac","formatted_published_date":"18 novembre 2010","publisher_availability_label":"Sur commande","short_details":"Yves Sente, Giulio De Vita \u2014 \u00c9ditions du Lombard","translator":null,"weight":388,"page_count":56,"readership":"\u00e0 partir de 12 ANS","editor":"\u00c9ditions du Lombard","price":1395,"published_date":"2010-11-17T23:00:00.000000Z","support":"Grand format","publisher_availability":1,"stock":0,"editions":[],"url":"https:\/\/quaidesbrumes.com\/ouvrage\/9782803627516\/les-mondes-de-thorgal-kriss-de-valnor-tome-1-je-noublie-rien"},{"id":"9782505063506","title":"Complainte des landes perdues - cycle 3 ; les sorci\u00e8res Tome 1 : t\u00eate noire","description":"Jean Dufaux poursuit la Complainte des Landes perdues, sa grande saga, avec la dessinatrice B\u00e9atrice Tillier. Dans ce troisi\u00e8me cycle, tr\u00e8s justement intitul\u00e9 \u00ab Sorci\u00e8res \u00bb,la for\u00eat cache une demeure fantomatique, une forteresse \u00e9merge du bord de la mer, et le d\u00e9cor est plant\u00e9 pour assister \u00e0 une terrible course au tr\u00f4ne. Tandis que, dans l'ombre, s'affrontent les sorci\u00e8res, \u00e0 coups d'amulette mal\u00e9fique, de magie noire ou blanche.","authors":["B\u00e9atrice Tillier","Jean Dufaux","Philippe Delaby"],"category_codes":["3000000","3020000","3020100","3020105"],"visuals":{"large":"https:\/\/images.epagine.fr\/506\/9782505063506_1_75.jpg","medium":"https:\/\/images.epagine.fr\/506\/9782505063506_1_m.jpg","thumbnail":"https:\/\/images.epagine.fr\/506\/9782505063506_1_v.jpg"},"orderable":true,"show_badge":true,"formatted_price":"17,50&nbsp;\u20ac","formatted_published_date":"30 octobre 2015","publisher_availability_label":"Sur commande","short_details":"B\u00e9atrice Tillier, Jean Dufaux, Philippe Delaby \u2014 Dargaud","translator":null,"weight":604,"page_count":56,"readership":null,"editor":"Dargaud","price":1750,"published_date":"2015-10-29T23:00:00.000000Z","support":"Grand format","publisher_availability":1,"stock":0,"editions":["9782505117919"],"url":"https:\/\/quaidesbrumes.com\/ouvrage\/9782505063506\/complainte-des-landes-perdues-cycle-3-les-sorcieres-tome-1-tete-noire"},{"id":"9782754833493","title":"Pain d'alouette : Int\u00e9grale Tomes 1 et 2","description":"Sur les pav\u00e9s de Paris-Roubaix, dans les entrailles des mines du Nord ou dans la noirceur de l'orphelinat, Pain d'alouette est le r\u00e9cit sublime sur la souffrance et la dignit\u00e9 des humbles... Grand amateur de v\u00e9lo, qu'il enfourche toujours \u00e0 72 ans pass\u00e9s, Christian Lax est incontestablement le plus juste et le plus formidable auteur et dessinateur de la geste cycliste.Pour la premi\u00e8re fois, cette int\u00e9grale regroupe les deux tomes de Pain d'alouette!\r","authors":["Lax"],"category_codes":["3000000","3020000","3020300"],"visuals":{"large":"https:\/\/images.epagine.fr\/493\/9782754833493_1_75.jpg","medium":"https:\/\/images.epagine.fr\/493\/9782754833493_1_m.jpg","thumbnail":"https:\/\/images.epagine.fr\/493\/9782754833493_1_v.jpg"},"orderable":true,"show_badge":true,"formatted_price":"24,00&nbsp;\u20ac","formatted_published_date":"2 mars 2022","publisher_availability_label":"Sur commande","short_details":"Lax \u2014 Futuropolis","translator":null,"weight":970,"page_count":72,"readership":null,"editor":"Futuropolis","price":2400,"published_date":"2022-03-01T23:00:00.000000Z","support":"Grand format","publisher_availability":1,"stock":0,"editions":[],"url":"https:\/\/quaidesbrumes.com\/ouvrage\/9782754833493\/pain-dalouette-integrale-tomes-1-et-2"},{"id":"9782492926136","title":"Rogatons Tome 1","description":"Rogatons est le recueil inattendu de six mois de chroniques du quotidien publi\u00e9es sur Instagram. Ce sont de petits strips ayant pour th\u00e8me la vie de tous les jours et les petits tracas qui l'accompagnent, le tout parsem\u00e9 de r\u00e9flexions plus ou moins absurdes ou profondes sur le temps qui passe et la vie qui s'effiloche.\r","authors":["Boulet"],"category_codes":["3000000","3020000","3020100","3020111"],"visuals":{"large":"https:\/\/images.epagine.fr\/136\/9782492926136_1_75.jpg","medium":"https:\/\/images.epagine.fr\/136\/9782492926136_1_m.jpg","thumbnail":"https:\/\/images.epagine.fr\/136\/9782492926136_1_v.jpg"},"orderable":true,"show_badge":true,"formatted_price":"18,00&nbsp;\u20ac","formatted_published_date":"21 mars 2022","publisher_availability_label":"Sur commande","short_details":"Boulet \u2014 Exemplaire","translator":null,"weight":490,"page_count":248,"readership":null,"editor":"Exemplaire","price":1800,"published_date":"2022-03-20T23:00:00.000000Z","support":"Grand format","publisher_availability":1,"stock":0,"editions":[],"url":"https:\/\/quaidesbrumes.com\/ouvrage\/9782492926136\/rogatons-tome-1"},{"id":"9782811686420","title":"Kaguya-sama : love is war Tome 19","description":"Miyuki Shirogane, le pr\u00e9sident, et Kaguya Shinomiya,  la vice-pr\u00e9sidente, se sont rencontr\u00e9s au BDE de l'acad\u00e9mie  Sh\u00fbchiin, un lyc\u00e9e fr\u00e9quent\u00e9 par l'\u00e9lite. Apr\u00e8s avoir bataill\u00e9 pour  s\u00e9duire l'autre et le forcer \u00e0 d\u00e9clarer sa flamme, ils sont d\u00e9sormais  en couple. Un nouveau trimestre a commenc\u00e9 et, avec lui, le voyage  scolaire \u00e0 Ky\u00f4to ! C'\u00e9tait cens\u00e9 \u00eatre l'occasion de se d\u00e9tendre,  cependant, juste avant le d\u00e9part, Ai Hayasaka, la domestique  de Kaguya, annonce sa d\u00e9mission... Le lien qui lie Kaguya et  Ai r\u00e9sistera-t-il \u00e0 cette d\u00e9cision ?","authors":["Aka Akasaka"],"category_codes":["3000000","3040000","3040600","3040609"],"visuals":{"large":"https:\/\/images.epagine.fr\/420\/9782811686420_1_75.jpg","medium":"https:\/\/images.epagine.fr\/420\/9782811686420_1_m.jpg","thumbnail":"https:\/\/images.epagine.fr\/420\/9782811686420_1_v.jpg"},"orderable":true,"show_badge":true,"formatted_price":"7,20&nbsp;\u20ac","formatted_published_date":"20 mars 2024","publisher_availability_label":"Sur commande","short_details":"Aka Akasaka \u2014 Pika \u00c9dition","translator":null,"weight":194,"page_count":208,"readership":"\u00e0 partir de 14 ans","editor":"Pika \u00c9dition","price":720,"published_date":"2024-03-19T23:00:00.000000Z","support":"Poche","publisher_availability":1,"stock":0,"editions":[],"url":"https:\/\/quaidesbrumes.com\/ouvrage\/9782811686420\/kaguya-sama-love-is-war-tome-19"},{"id":"9782373492590","title":"Astra ; lost in space Tome 1","description":"En 2063, Kanata, Aries ainsi que sept autres de leurs camarades d\u00e9barquent sur une plan\u00e8te inconnue dans le cadre d'une mission spatiale de leur cursus scolaire. Mais ils ont \u00e0 peine le temps de commencer \u00e0 explorer ce nouvel univers qu'ils se voient projet\u00e9s \u00e0 des ann\u00e9es-lumi\u00e8re de leur point de d\u00e9part par une \u00e9trange sph\u00e8re d'\u00e9nergie ! Comment survivre perdus au beau milieu de l'espace ? Quelle est donc cette \u00e9trange sph\u00e8re qui continue de les poursuivre ? Autant de r\u00e9ponses \u00e0 d\u00e9couvrir dans ce r\u00e9cit de survie haletant sur fond de science-fiction et de myst\u00e8res !","authors":["Kenta Shinohara","Manon Debienne"],"category_codes":["3000000","3040000","3040500","3040503"],"visuals":{"large":"https:\/\/images.epagine.fr\/590\/9782373492590_1_75.jpg","medium":"https:\/\/images.epagine.fr\/590\/9782373492590_1_m.jpg","thumbnail":"https:\/\/images.epagine.fr\/590\/9782373492590_1_v.jpg"},"orderable":true,"show_badge":true,"formatted_price":"7,20&nbsp;\u20ac","formatted_published_date":"20 mars 2019","publisher_availability_label":"Sur commande","short_details":"Kenta Shinohara, Manon Debienne \u2014 Nobi Nobi","translator":"MANON DEBIENNE","weight":200,"page_count":208,"readership":"\u00e0 partir de 12 ANS","editor":"Nobi Nobi","price":720,"published_date":"2019-03-19T23:00:00.000000Z","support":"Poche","publisher_availability":1,"stock":0,"editions":[],"url":"https:\/\/quaidesbrumes.com\/ouvrage\/9782373492590\/astra-lost-in-space-tome-1"},{"id":"9782811671181","title":"Criminelles fian\u00e7ailles Tome 3","description":"Yoshino Somei, petite-fille d'un yakuza d'Osaka, et Kirishima Miyama, petit-fils d'un yakuza de Tokyo, ont \u00e9t\u00e9 oblig\u00e9s de se fiancer. Jusqu'\u00e0 maintenant, cette \u00abentente\u00bb semble tenir gr\u00e2ce \u00e0 l'amour \u00e0 sens unique que ressent le jeune homme. Tandis que Sh\u00f4ma est reparti, sa visite a toutefois provoqu\u00e9 un changement dans la relation entre Yoshino et Kirishima. Ce dernier a chang\u00e9 de comportement, ce qui fait douter la jeune femme. Est-ce qu'il s'est \u00e0 nouveau lass\u00e9 d'elle ? Va-t-il essayer de la tuer ? Alors que les fianc\u00e9s se sont, malgr\u00e9 tout, un peu rapproch\u00e9s quand Yoshino est tomb\u00e9 malade, l'arriv\u00e9e de sa cousine Tsubaki, qui vient s'installer dans la r\u00e9gion de Tokyo, risque de mettre en lumi\u00e8re de nouveaux secrets...","authors":["Asuka Konishi"],"category_codes":["3000000","3040000","3040600","3040602"],"visuals":{"large":"https:\/\/images.epagine.fr\/181\/9782811671181_1_75.jpg","medium":"https:\/\/images.epagine.fr\/181\/9782811671181_1_m.jpg","thumbnail":"https:\/\/images.epagine.fr\/181\/9782811671181_1_v.jpg"},"orderable":true,"show_badge":true,"formatted_price":"7,95&nbsp;\u20ac","formatted_published_date":"6 juillet 2022","publisher_availability_label":"Sur commande","short_details":"Asuka Konishi \u2014 Pika \u00c9dition","translator":null,"weight":192,"page_count":164,"readership":"\u00e0 partir de 16 ans","editor":"Pika \u00c9dition","price":795,"published_date":"2022-07-05T22:00:00.000000Z","support":"Poche","publisher_availability":1,"stock":0,"editions":[],"url":"https:\/\/quaidesbrumes.com\/ouvrage\/9782811671181\/criminelles-fiancailles-tome-3"},{"id":"9782811692155","title":"Blush Tome 2","description":"Avec Pika Sh\u00f4jo, nous vous proposons d'explorer des univers aussi diff\u00e9rents qu'addictifs et qui sauront s\u00e9duire les lecteurs de tous \u00e2ges  !\r\n\u00c0 chacun sa sensibilit\u00e9 et ses th\u00e8mes de pr\u00e9dilection, \u00e0 chacun son sh\u00f4jo  ! Pour vous aider dans vos choix de lectures, nous avons cr\u00e9\u00e9 3 sous-collections  aux noms \u00e9vocateurs :Avec Cherry Blush, prenez votre dose de romance quotidienne  ! Des premiers \u00e9mois aux premiers baisers, c'est la sous-collection des premiers amours. De Love Mission \u00e0 Mon coloc' d'enfer en passant par Waiting for Spring et Real Girl, toutes les romances sont permises  !  Avec Purple Shine, la magie et le fantastique sont sur le devant de la sc\u00e8ne  ! Des magical girls de Card Captor Sakura aux h\u00e9ro\u00efnes d\u00e9termin\u00e9es et fortes de Yona, Princesse de l'Aube ou La Princesse et la B\u00eate, vivez des aventures magiques dans des univers fantastiques  !Avec Red Light, la romance se transforme en passion  ! Attention, contenus \u00e9pic\u00e9s en vue  : de La Courtisane d'Edo \u00e0 Sensuel Dilemme en passant par Sister and Vampire, ranimez la flamme de votre passion sh\u00f4jo  !C'est toujours avec une passion renouvel\u00e9e que Pika Sh\u00f4jo vous propose de nouvelles s\u00e9ries en version papier mais aussi en version num\u00e9rique au tome int\u00e9gral ou au chapitre pour emporter partout votre passion du sh\u00f4jo  !","authors":["Reida Soragaki"],"category_codes":["3000000","3040000","3040400","3040409"],"visuals":{"large":"https:\/\/images.epagine.fr\/155\/9782811692155_1_75.jpg","medium":"https:\/\/images.epagine.fr\/155\/9782811692155_1_m.jpg","thumbnail":"https:\/\/images.epagine.fr\/155\/9782811692155_1_v.jpg"},"orderable":true,"show_badge":true,"formatted_price":"7,20&nbsp;\u20ac","formatted_published_date":"9 octobre 2024","publisher_availability_label":"Sur commande","short_details":"Reida Soragaki \u2014 Pika \u00c9dition","translator":null,"weight":152,"page_count":176,"readership":"\u00e0 partir de 12 ANS","editor":"Pika \u00c9dition","price":720,"published_date":"2024-10-08T22:00:00.000000Z","support":"Poche","publisher_availability":1,"stock":0,"editions":[],"url":"https:\/\/quaidesbrumes.com\/ouvrage\/9782811692155\/blush-tome-2"},{"id":"9782368461464","title":"Le temps des humbles ; Chili, 1970-1973","description":"L'histoire se d\u00e9roule au Chili. Soledad a quinze ans, Ricardo 18. C'est elle qui raconte. Il est membre du Mir, mouvement de la gauche r\u00e9volutionnaire, elle est membre d'une fratrie de neuf fr\u00e8res et soeur issue d'un couple de paysans pauvres. Ils se rencontrent en ao\u00fbt 1970 sur le campamento Rigoberto Zamora. Il est responsable de la toma, une occupation ill\u00e9gale de terrain sur laquelle se sont install\u00e9es 360 familles dans l'espoir d'obtenir une maison. Elle fait partie des sin-casa, 60 000 familles vivant sous des tentes de fortune dans la p\u00e9riph\u00e9rie de Santiago. Ils se marieront, auront deux enfants, s'impliqueront jour apr\u00e8s jour dans les espoirs et les luttes de l'Unit\u00e9 populaire, mettant tout en oeuvre pour d\u00e9fendre ce bref interstice conquis par les humbles. Leur histoire d'amour, port\u00e9e par l'enthousiasme des mille jours de la pr\u00e9sidence de Salvador Allende, prendra tragiquement fin avec elle.\r","authors":["Alain Frappier","D\u00e9sir\u00e9e Frappier"],"category_codes":["3000000","3020000","3020100","3020103"],"visuals":{"large":"https:\/\/images.epagine.fr\/464\/9782368461464_1_75.jpg","medium":"https:\/\/images.epagine.fr\/464\/9782368461464_1_m.jpg","thumbnail":"https:\/\/images.epagine.fr\/464\/9782368461464_1_v.jpg"},"orderable":true,"show_badge":true,"formatted_price":"27,00&nbsp;\u20ac","formatted_published_date":"18 juin 2020","publisher_availability_label":"Sur commande","short_details":"Alain Frappier, D\u00e9sir\u00e9e Frappier \u2014 \u00c9ditions Steinkis","translator":null,"weight":100,"page_count":360,"readership":null,"editor":"\u00c9ditions Steinkis","price":2700,"published_date":"2020-06-17T22:00:00.000000Z","support":"Grand format","publisher_availability":1,"stock":0,"editions":[],"url":"https:\/\/quaidesbrumes.com\/ouvrage\/9782368461464\/le-temps-des-humbles-chili-1970-1973"},{"id":"9782356740571","title":"Vanikoro ; le myst\u00e8re Lap\u00e9rouse","description":"Le 1er ao\u00fbt 1785, deux fr\u00e9gates de la Marine Royale, la Boussole et l'Astrolabe, quittent le port de Brest. \u00c0 leurs bords, deux cent vingt marins, matelots, officiers et scientifiques pr\u00eats pour un long voyage autour du globe qui doit durer quatre ans. \u00c0 leur t\u00eate, le capitaine de vaisseau Jean-Fran\u00e7ois de Galaup, comte de Lap\u00e9rouse, sait combien cette exp\u00e9dition en ce si\u00e8cle des Lumi\u00e8res est le r\u00eave de son roi.\r\nLes escales se succ\u00e8dent tandis que les cales s'emplissent de plantes, fleurs, insectes, \u00e9toffes, \u00e9pices et de tant d'autres tr\u00e9sors inestimables. Au mois de mars 1788, les deux fr\u00e9gates appareillent de Botany Bay sur la c\u00f4te Est australienne et font voile vers l'archipel des \u00eeles Salomon. Dans quelques mois, ils seront \u00e0 l'\u00eele de France (actuelle Saint Martin). L'histoire d\u00e9bute en ce mois de juin 1788, tandis qu'une terrible temp\u00eate menace de faire \u00e9chouer les deux vaisseaux sur les r\u00e9cifs coraliens d'une \u00eele inconnue : Vanikoro !\r\n Dans la lign\u00e9e des succ\u00e8s de librairie Iroquois et Pawnee, Patrick Prugne retrouve les grands espaces et l'Aventure, sur fond de v\u00e9rit\u00e9 historique. Il r\u00e9alise avec Vanikoro un r\u00eave de plusieurs ann\u00e9es : retracer l'histoire de l'exp\u00e9dition Lap\u00e9rouse et lever, \u00e0 l'aide d'une solide documentation et de son imagination fertile, le myst\u00e8re qui entoure son naufrage.","authors":["Patrick Prugne"],"category_codes":["3000000","3020000","3020100","3020109"],"visuals":{"large":"https:\/\/images.epagine.fr\/571\/9782356740571_1_75.jpg","medium":"https:\/\/images.epagine.fr\/571\/9782356740571_1_m.jpg","thumbnail":"https:\/\/images.epagine.fr\/571\/9782356740571_1_v.jpg"},"orderable":true,"show_badge":true,"formatted_price":"19,50&nbsp;\u20ac","formatted_published_date":"18 octobre 2018","publisher_availability_label":"Sur commande","short_details":"Patrick Prugne \u2014 Daniel Maghen \u00c9ditions","translator":null,"weight":932,"page_count":104,"readership":null,"editor":"Daniel Maghen \u00c9ditions","price":1950,"published_date":"2018-10-17T22:00:00.000000Z","support":"Grand format","publisher_availability":1,"stock":0,"editions":[],"url":"https:\/\/quaidesbrumes.com\/ouvrage\/9782356740571\/vanikoro-le-mystere-laperouse"},{"id":"9782203288034","title":"Corto Maltese : La Cour secr\u00e8te des arcanes : Corto Maltese en Sib\u00e9rie, Fable de Venise","description":"Qu'il est tentant de c\u00e9der \u00e0 l'app\u00e2t du gain quand il prend la forme de tr\u00e9sors aussi mythiques que l'or des tsars ou l'\u00e9meraude magique du roi Salomon. Et qui r\u00e9sisterait aux charmes de Venise, de r\u00e9volutionnaires romantiques ou d'une duchesse fatale ? Certainement pas Corto Maltese, qui vit l\u00e0, entre lagune italienne et steppes mongoles, les plus romanesques de ses aventures. Ce recueil contient les albums Corto Maltese en Sib\u00e9rie et Fable de Venise.","authors":["Hugo Pratt"],"category_codes":["3000000","3020000","3020100","3020109"],"visuals":{"large":"https:\/\/images.epagine.fr\/034\/9782203288034_1_75.jpg","medium":"https:\/\/images.epagine.fr\/034\/9782203288034_1_m.jpg","thumbnail":"https:\/\/images.epagine.fr\/034\/9782203288034_1_v.jpg"},"orderable":true,"show_badge":true,"formatted_price":"18,00&nbsp;\u20ac","formatted_published_date":"15 mai 2024","publisher_availability_label":"Sur commande","short_details":"Hugo Pratt \u2014 Casterman","translator":null,"weight":680,"page_count":160,"readership":"\u00e0 partir de 12 ANS","editor":"Casterman","price":1800,"published_date":"2024-05-14T22:00:00.000000Z","support":"Grand format","publisher_availability":1,"stock":0,"editions":[],"url":"https:\/\/quaidesbrumes.com\/ouvrage\/9782203288034\/corto-maltese-la-cour-secrete-des-arcanes-corto-maltese-en-siberie-fable-de-venise"},{"id":"9782368465677","title":"Seule contre Hollywood : La premi\u00e8re actrice \u00e0 avoir d\u00e9nonc\u00e9 le syst\u00e8me","description":"L'affaire Patricia Douglas est probablement le plus gros scandale jamais enterr\u00e9 de l'histoire de Hollywood.\r\n\" Je n'essayais pas d'obtenir quoi que ce soit. Je voulais juste que quelqu'un me croie. \" Patricia Douglas\r\n\r\n\u00c0 peine \u00e2g\u00e9e de 20 ans, Patricia Douglas, ainsi que 120 danseuses professionnelles, sont recrut\u00e9es pour un tournage par la Metro-Goldwyn-Mayer. Elles sont convoqu\u00e9es le soir du 5 mai 1937, mais, bien loin de participer au \" tournage \" pr\u00e9vu, les jeunes femmes se retrouvent propuls\u00e9es dans une gigantesque soir\u00e9e priv\u00e9e organis\u00e9e pour les 282 repr\u00e9sentants commerciaux. Agress\u00e9e durant la soir\u00e9e, Patricia Douglas d\u00e9cide de porter plainte contre le plus puissant des studios hollywoodiens. \u00c0 l'\u00e9poque, ce genre d'affaires se d\u00e9noue en priv\u00e9, \u00e0 coups d'intimidation et d'arrangements financiers mais, 80 ans avant #MeToo, Patricia Douglas aura le courage d'aller jusqu'au bout...","authors":["Halim"],"category_codes":["3000000","3020000","3020100","3020108"],"visuals":{"large":"https:\/\/images.epagine.fr\/677\/9782368465677_1_75.jpg","medium":"https:\/\/images.epagine.fr\/677\/9782368465677_1_m.jpg","thumbnail":"https:\/\/images.epagine.fr\/677\/9782368465677_1_v.jpg"},"orderable":true,"show_badge":true,"formatted_price":"20,00&nbsp;\u20ac","formatted_published_date":"20 f\u00e9vrier 2025","publisher_availability_label":"Sur commande","short_details":"Halim \u2014 \u00c9ditions Steinkis","translator":null,"weight":660,"page_count":101,"readership":null,"editor":"\u00c9ditions Steinkis","price":2000,"published_date":"2025-02-19T23:00:00.000000Z","support":"Grand format","publisher_availability":1,"stock":0,"editions":[],"url":"https:\/\/quaidesbrumes.com\/ouvrage\/9782368465677\/seule-contre-hollywood-la-premiere-actrice-a-avoir-denonce-le-systeme"},{"id":"9782811625498","title":"L'attaque des titans - before the fall Tome 5","description":"\u00c0 deux doigts d'\u00eatre cueillis par un Titan, Kyklo et Cardina sont sauv\u00e9s in extremis par Jorge Piquer, le grand h\u00e9ros, autrefois membre du Bataillon d'exploration. D\u00e9cidant de prendre les deux gar\u00e7ons sous son aile, Jorge les conduit en lieu s\u00fbr et leur fait d'\u00e9tonnantes r\u00e9v\u00e9lations, concernant notamment la toute premi\u00e8re tentative de capture, quinze ans auparavant, d'un Titan vivant.","authors":["Ry\u00f4 Suzukaze","Satoshi Shiki"],"category_codes":["3000000","3040000","3040600","3040605"],"visuals":{"large":"https:\/\/images.epagine.fr\/498\/9782811625498_1_75.jpg","medium":"https:\/\/images.epagine.fr\/498\/9782811625498_1_m.jpg","thumbnail":"https:\/\/images.epagine.fr\/498\/9782811625498_1_v.jpg"},"orderable":true,"show_badge":true,"formatted_price":"7,20&nbsp;\u20ac","formatted_published_date":"9 septembre 2015","publisher_availability_label":"Sur commande","short_details":"Ry\u00f4 Suzukaze, Satoshi Shiki \u2014 Pika \u00c9dition","translator":null,"weight":226,"page_count":184,"readership":"\u00e0 partir de 15 ans","editor":"Pika \u00c9dition","price":720,"published_date":"2015-09-08T22:00:00.000000Z","support":"Poche","publisher_availability":1,"stock":0,"editions":[],"url":"https:\/\/quaidesbrumes.com\/ouvrage\/9782811625498\/lattaque-des-titans-before-the-fall-tome-5"},{"id":"9782916254913","title":"L'institut des benjamines","description":"Boris est au pouvoir et Simone, qui le d\u00e9teste, fulmine. Toujours aussi habit\u00e9e, l'ancien bras droit et ex-secr\u00e9taire d'Agla\u00e9 est bien d\u00e9cid\u00e9e \u00e0 contrer ce fils despotique et misogyne qui s'est impos\u00e9 \u00e0 la t\u00eate du pays en le faisant sombrer dans l'alcool et la mis\u00e8re. Pour cela, elle va cr\u00e9er le grand projet de sa vie : L'INSTITUT DES BENJAMINES. Avec Rita, sa fid\u00e8le assistante, elles kidnappent les petites filles crois\u00e9es sur leur chemin et les s\u00e9questrent dans un pensionnat cach\u00e9 au fin fond d'une for\u00eat. Simone (qui se fait appeler \"Le Directeur\") impose \u00e0 ses disciples une \u00e9ducation stricte sans aucun libre arbitre. Devenues adultes, les Benjamines formeront une arm\u00e9e rebelle et redoutable qui r\u00e9alisera le fantasme de leur ma\u00eetresse \u00e0 penser : renverser le dictateur. Mais une fois encore, l'avenir du pays Maryl\u00e8ne est incertain. Qui, d\u00e9sormais, s'emparera de la couronne ? Cinqui\u00e8me volume de la s\u00e9rie \u00abLes Contes du Maryl\u00e8ne\u00bb, L'INSTITUT DES BENJAMINES est la suite directe de BORIS L'ENFANT PATATE. Le titre est inspir\u00e9 du roman de Robert Walser L'Institut Benjamenta, o\u00f9 l'on suit Jacob von Gunter qui a quitt\u00e9 sa famille ais\u00e9e pour entrer dans un pensionnat o\u00f9 l'on apprend qu'une chose : ob\u00e9ir sans discuter. Dans ce nouveau livre, Anne Simon met le personnage misandre Simone Michel au premier plan et raconte comment l'exercice du pouvoir peut pousser une femme r\u00e9volt\u00e9e \u00e0 l'exc\u00e8s et \u00e0 la d\u00e9raison.","authors":["Anne Simon"],"category_codes":["3000000","3020000","3020100","3020108"],"visuals":{"large":"https:\/\/images.epagine.fr\/913\/9782916254913_1_75.jpg","medium":"https:\/\/images.epagine.fr\/913\/9782916254913_1_m.jpg","thumbnail":"https:\/\/images.epagine.fr\/913\/9782916254913_1_v.jpg"},"orderable":true,"show_badge":true,"formatted_price":"18,00&nbsp;\u20ac","formatted_published_date":"6 mai 2022","publisher_availability_label":"Sur commande","short_details":"Anne Simon \u2014 Misma","translator":null,"weight":404,"page_count":128,"readership":null,"editor":"Misma","price":1800,"published_date":"2022-05-05T22:00:00.000000Z","support":"Grand format","publisher_availability":1,"stock":0,"editions":[],"url":"https:\/\/quaidesbrumes.com\/ouvrage\/9782916254913\/linstitut-des-benjamines"},{"id":"9782344058619","title":"Gunnm - Mars chronicle Tome 9","description":"Le repos aura \u00e9t\u00e9 de courte dur\u00e9e. Alors que le Dejah Thoris est \u00e0 peine lib\u00e9r\u00e9 de la troupe du Fardarrig, un nouvel ennemi tout aussi redoutable attaque Cuan et les siens ! Son nom : Gyapollo. Et il s'enfuit avec Yoko en otage ! Seulement, il semble que Cuan et lui aient nou\u00e9 une relation des plus singuli\u00e8res...","authors":["Yukito Kishiro"],"category_codes":["3000000","3040000","3040600","3040603"],"visuals":{"large":"https:\/\/images.epagine.fr\/619\/9782344058619_1_75.jpg","medium":"https:\/\/images.epagine.fr\/619\/9782344058619_1_m.jpg","thumbnail":"https:\/\/images.epagine.fr\/619\/9782344058619_1_v.jpg"},"orderable":true,"show_badge":true,"formatted_price":"7,90&nbsp;\u20ac","formatted_published_date":"5 juillet 2023","publisher_availability_label":"Sur commande","short_details":"Yukito Kishiro \u2014 Gl\u00e9nat","translator":null,"weight":136,"page_count":162,"readership":"\u00e0 partir de 14 ans","editor":"Gl\u00e9nat","price":790,"published_date":"2023-07-04T22:00:00.000000Z","support":"Poche","publisher_availability":1,"stock":0,"editions":[],"url":"https:\/\/quaidesbrumes.com\/ouvrage\/9782344058619\/gunnm-mars-chronicle-tome-9"},{"id":"9782203238848","title":"La femme \u00e0 l'\u00e9toile","description":"Fin du XIX? si\u00e8cle, nord-ouest des \u00c9tats-Unis. Dans un village abandonn\u00e9 assailli par la neige et le froid, deux fugitifs se rencontrent alors qu'ils cherchaient une planque o\u00f9 se faire oublier. L'hostilit\u00e9 et la m\u00e9fiance des premiers temps laissent place \u00e0 la curiosit\u00e9 puis \u00e0 la complicit\u00e9, lorsqu'ils affrontent ensemble les marshals venus les capturer. Car Zachary et Pearl portent chacun un lourd pass\u00e9 qui n'en finit pas de les poursuivre. Ils sont en lutte contre la soci\u00e9t\u00e9 qui a jur\u00e9 leur perte et ils comptent bien r\u00e9sister de toutes leurs forces aux repr\u00e9sentants de la \"justice\" qui viennent les assi\u00e9ger.","authors":["Anthony Pastor"],"category_codes":["3000000","3020000","3020100","3020110"],"visuals":{"large":"https:\/\/images.epagine.fr\/848\/9782203238848_1_75.jpg","medium":"https:\/\/images.epagine.fr\/848\/9782203238848_1_m.jpg","thumbnail":"https:\/\/images.epagine.fr\/848\/9782203238848_1_v.jpg"},"orderable":true,"show_badge":true,"formatted_price":"27,00&nbsp;\u20ac","formatted_published_date":"5 avril 2023","publisher_availability_label":"Sur commande","short_details":"Anthony Pastor \u2014 Casterman","translator":null,"weight":1168,"page_count":264,"readership":null,"editor":"Casterman","price":2700,"published_date":"2023-04-04T22:00:00.000000Z","support":"Grand format","publisher_availability":1,"stock":0,"editions":[],"url":"https:\/\/quaidesbrumes.com\/ouvrage\/9782203238848\/la-femme-a-letoile"},{"id":"9782203285859","title":"Les reportages de Lefranc : Dunkerque","description":"Lefranc pr\u00e9sente un nouvel \u00e9clairage sur un \u00e9v\u00e9nement militaire majeur de la Seconde Guerre mondiale.\r\n\r\nAvec un premier chapitre qui \u00e9voque le 10 mai 1940, l'invasion de la Belgique, de la France et du Pays-Bas par l'Allemagne nazie.\r\nLe reste de l'album se situe \u00e0 Dunkerque et aux environs, il retrace la bataille de Dunkerque \u00e0 partir du 20 mai, l'Op\u00e9ration Dynamo du 26 mai au 3 juin, la r\u00e9sistance h\u00e9ro\u00efque du Fort des Dunes, Dunkerque sous l'occupation avec la vie quotidienne, la lib\u00e9ration en mai 1945 par des troupes canadiennes et tch\u00e8ques.","authors":["Olivier Weinberg","Jacques Martin","Pierre Legein"],"category_codes":["3000000","3020000","3020200","3020208"],"visuals":{"large":"https:\/\/images.epagine.fr\/859\/9782203285859_1_75.jpg","medium":"https:\/\/images.epagine.fr\/859\/9782203285859_1_m.jpg","thumbnail":"https:\/\/images.epagine.fr\/859\/9782203285859_1_v.jpg"},"orderable":true,"show_badge":true,"formatted_price":"14,50&nbsp;\u20ac","formatted_published_date":"4 juin 2025","publisher_availability_label":"Sur commande","short_details":"Olivier Weinberg, Jacques Martin, Pierre Legein \u2014 Casterman","translator":null,"weight":604,"page_count":56,"readership":"Tout public","editor":"Casterman","price":1450,"published_date":"2025-06-03T22:00:00.000000Z","support":"Grand format","publisher_availability":1,"stock":0,"editions":[],"url":"https:\/\/quaidesbrumes.com\/ouvrage\/9782203285859\/les-reportages-de-lefranc-dunkerque"},{"id":"9791039137997","title":"Fantastic Four Tome 1 : L'appel des t\u00e9n\u00e9bres","description":"Les Quatre Fantastiques s'aventurent dans certaines de leurs histoires les plus folles ! Mais lorsque le Docteur Fatalis commet l'impensable, l'\u00e9quipe se retrouve embarqu\u00e9e dans un voyage des plus incroyables : direction l'au-del\u00e0, pour ramener l'un des leurs d'entre les morts !\r\n\u00c0 l'approche du tr\u00e8s attendu film Les Quatre Fantastiques, et avec le succ\u00e8s continu de la collection MARVEL POCHE, il \u00e9tait impensable de ne pas proposer certaines des sagas les plus m\u00e9morables de l'\u00e9quipe dans ce format. Parmi elles, le passage inoubliable de Mark Waid (Captain America) et du regrett\u00e9 Mike Wieringo sur la s\u00e9rie...","authors":["Mark Waid","Mike Wieringo"],"category_codes":["3000000","3030000","3030400"],"visuals":{"large":"https:\/\/images.epagine.fr\/997\/9791039137997_1_75.jpg","medium":"https:\/\/images.epagine.fr\/997\/9791039137997_1_m.jpg","thumbnail":"https:\/\/images.epagine.fr\/997\/9791039137997_1_v.jpg"},"orderable":true,"show_badge":true,"formatted_price":"9,99&nbsp;\u20ac","formatted_published_date":"9 juillet 2025","publisher_availability_label":"Sur commande","short_details":"Mark Waid, Mike Wieringo \u2014 Panini","translator":null,"weight":593,"page_count":352,"readership":"Tout public","editor":"Panini","price":999,"published_date":"2025-07-08T22:00:00.000000Z","support":"Grand format","publisher_availability":1,"stock":0,"editions":[],"url":"https:\/\/quaidesbrumes.com\/ouvrage\/9791039137997\/fantastic-four-tome-1-lappel-des-tenebres"}]}