{"data":[{"id":"9791039126083","title":"Ultimates Tome 2 : Secret d'Etat","description":"Les Ultimates ont remport\u00e9 leur premier combat, mais l'\u00e9preuve a laiss\u00e9 des traces. Bruce Banner est jug\u00e9 pour les crimes de Hulk et diverses tensions divisent l'\u00e9quipe. Quant aux grandes puissances de ce monde, elles voient d'un mauvais oeil ce groupe d'\u00eatres am\u00e9lior\u00e9s qui ob\u00e9it \u00e0 l'Am\u00e9rique et m\u00e8ne ses combats partout sur la plan\u00e8te. Jusqu'\u00e0 envoyer leurs propres super-soldats pour les affronter ?\r\nDeuxi\u00e8me vague pour notre collection poche MARVEL, l'\u00e9v\u00e9nement comics de l'ann\u00e9e ! Emmenez les meilleurs comics partout avec vous avec cette collection con\u00e7ue pour rentrer dans toutes les poches... et tous les budgets ! Ultimates, la s\u00e9rie \u00e9v\u00e8nement de Mark Millar (Kick-Ass) et Bryan Hitch (Ultimate Invasion), se poursuit et continue de r\u00e9inventer les Avengers pour le 21\u00e8me si\u00e8cle !","authors":["Mark Millar","Bryan Hitch"],"category_codes":["3000000","3030000","3030400"],"visuals":{"large":"https:\/\/images.epagine.fr\/083\/9791039126083_1_75.jpg","medium":"https:\/\/images.epagine.fr\/083\/9791039126083_1_m.jpg","thumbnail":"https:\/\/images.epagine.fr\/083\/9791039126083_1_v.jpg"},"orderable":true,"show_badge":true,"formatted_price":"5,99&nbsp;\u20ac","formatted_published_date":"12 juin 2024","publisher_availability_label":"Sur commande","short_details":"Mark Millar, Bryan Hitch \u2014 Panini","translator":null,"weight":360,"page_count":208,"readership":null,"editor":"Panini","price":599,"published_date":"2024-06-11T22:00:00.000000Z","support":"Poche","publisher_availability":1,"stock":0,"editions":[],"url":"https:\/\/quaidesbrumes.com\/ouvrage\/9791039126083\/ultimates-tome-2-secret-detat"},{"id":"9782384962808","title":"Hiatari Ry\u00f4k\u00f4! : Une vie nouvelle Tome 1 :  T01","description":"D\u00e9couvrez pour la premi\u00e8re fois le manga \u00e0 l'origine de l'anim\u00e9 culte des ann\u00e9es 80 !\r\nAvril est l\u00e0, les cerisiers sont en fleurs, et Kasumi Kishimoto, 15 ans, vient d'entrer en premi\u00e8re ann\u00e9e au lyc\u00e9e Meij\u00f4. En pension chez sa tante Chigusa, elle s'appr\u00eate \u00e0 vivre les trois prochaines ann\u00e9es dans la joie et la libert\u00e9. Cependant, Kasumi n'est pas la seule pensionnaire. Elle doit partager son quotidien avec quatre gar\u00e7ons : Shin, le coureur de jupons de bas-\u00e9tage, Takashi le grand bal\u00e8ze, Makoto le travailleur forcen\u00e9, et surtout l'imperturbable et nonchalant Y\u00fbsaku. Au milieu de cette joyeuse bande aux caract\u00e8res si diff\u00e9rents, la jeune fille commence sans le vouloir \u00e0 faire battre le coeur de Y\u00fbsaku. Mais tous ignorent que celui de Kasumi est d\u00e9j\u00e0 pris...","authors":["Mitsuru Adachi"],"category_codes":["3000000","3040000","3040500","3040509"],"visuals":{"large":"https:\/\/images.epagine.fr\/808\/9782384962808_1_75.jpg","medium":"https:\/\/images.epagine.fr\/808\/9782384962808_1_m.jpg","thumbnail":"https:\/\/images.epagine.fr\/808\/9782384962808_1_v.jpg"},"orderable":true,"show_badge":true,"formatted_price":"14,90&nbsp;\u20ac","formatted_published_date":"7 mai 2025","publisher_availability_label":"Sur commande","short_details":"Mitsuru Adachi \u2014 Nobi Nobi","translator":null,"weight":415,"page_count":466,"readership":"\u00e0 partir de 12 ANS","editor":"Nobi Nobi","price":1490,"published_date":"2025-05-06T22:00:00.000000Z","support":"Poche","publisher_availability":1,"stock":0,"editions":[],"url":"https:\/\/quaidesbrumes.com\/ouvrage\/9782384962808\/hiatari-ryoko-une-vie-nouvelle-tome-1-t01"},{"id":"9782385610944","title":"Hell\u00e9bore : Le retour de Junia","description":"LES AVENTURES HALETANTES D'UN PRINCE FUGITIF ET D'UNE SoeUR ENNEMIE POUR RECONQU\u00c9RIR LE ROYAUME D'HELL\u00c9BORE ET SAUVER LEURS PARENTS.\r\n\r\nDarius, prince du royaume d'Hell\u00e9bore, vit depuis des ann\u00e9es dans la clandestinit\u00e9 pour \u00e9chapper \u00e0 la col\u00e8re de sa soeur Junia, responsable du mauvais sort jet\u00e9 sur leurs parents, le roi Kendar et la reine Kajila. Cach\u00e9 de prison en prison par la magicienne Cardamine devenue r\u00e9gente, Darius utilise la magie verte pour cultiver toutes sortes de plantes rares et essayer de d\u00e9couvrir un rem\u00e8de. Parviendra-t-il \u00e0 d\u00e9jouer les complots et les trahisons pour retrouver son royaume et lib\u00e9rer ses parents du sortil\u00e8ge qui les a transform\u00e9s en statues ?","authors":["G\u00e9rald Guerlais","Eric Gosselet"],"category_codes":["3000000","3020000","3020200"],"visuals":{"large":"https:\/\/images.epagine.fr\/944\/9782385610944_1_75.jpg","medium":"https:\/\/images.epagine.fr\/944\/9782385610944_1_m.jpg","thumbnail":"https:\/\/images.epagine.fr\/944\/9782385610944_1_v.jpg"},"orderable":true,"show_badge":true,"formatted_price":"16,95&nbsp;\u20ac","formatted_published_date":"21 mai 2025","publisher_availability_label":"Sur commande","short_details":"G\u00e9rald Guerlais, Eric Gosselet \u2014 \u00c9ditions Oxymore","translator":null,"weight":492,"page_count":64,"readership":"Tout public","editor":"\u00c9ditions Oxymore","price":1695,"published_date":"2025-05-20T22:00:00.000000Z","support":"Grand format","publisher_availability":1,"stock":0,"editions":[],"url":"https:\/\/quaidesbrumes.com\/ouvrage\/9782385610944\/hellebore-le-retour-de-junia"},{"id":"9782228924481","title":"Touch\u00e9es","description":"Lucie dort un couteau \u00e0 la main. La crainte l'habite, les hommes l'effraient. Tamara, elle, se bat, se d\u00e9bat\u00a0: pour ne plus \u00eatre victime, elle devient agresseur. Quant \u00e0 Nicole, c'est l'isolement. Elle s'efface, dispara\u00eet pour ne plus \u00eatre vis\u00e9e. Les trois ont \u00e9t\u00e9 victimes de violences sexuelles. Pour remonter la pente, trois femmes prennent les armes. Attaquer, d\u00e9fendre, toucher, se faire toucher... Elles vont se reconstruire et reprendre une vie sociale gr\u00e2ce \u00e0 un programme d'escrime th\u00e9rapeutique. Un programme d'un an pour se sauver et reprendre la ma\u00eetrise de sa vie.\r","authors":["Quentin Zuttion"],"category_codes":["3000000","3020000","3020100"],"visuals":{"large":"https:\/\/images.epagine.fr\/481\/9782228924481_1_75.jpg","medium":"https:\/\/images.epagine.fr\/481\/9782228924481_1_m.jpg","thumbnail":"https:\/\/images.epagine.fr\/481\/9782228924481_1_v.jpg"},"orderable":true,"show_badge":true,"formatted_price":"23,80&nbsp;\u20ac","formatted_published_date":"18 septembre 2019","publisher_availability_label":"Sur commande","short_details":"Quentin Zuttion \u2014 Payot","translator":null,"weight":548,"page_count":208,"readership":"+ de 18 ans","editor":"Payot","price":2380,"published_date":"2019-09-17T22:00:00.000000Z","support":"Grand format","publisher_availability":1,"stock":0,"editions":[],"url":"https:\/\/quaidesbrumes.com\/ouvrage\/9782228924481\/touchees"},{"id":"9782368464694","title":"L\u00e0 o\u00f9 se termine la Terre","description":"D\u00e9sir\u00e9e est journaliste et \u00e9crivain. Alain, peintre, graphiste et illustrateur. D\u00e8s leur premi\u00e8re rencontre, en 1991, ils s'investissent dans des ouvrages communs o\u00f9 se m\u00ealent \u00e9criture et illustration, d'abord pour la jeunesse puis le roman graphique.\r\nEn accordant une grande importance au fond et \u00e0 la rigueur documentaire autant qu'\u00e0 la forme, D\u00e9sir\u00e9e et Alain construisent une oeuvre coh\u00e9rente et singuli\u00e8re. Leurs romans graphiques regardent le monde \u00e0 hauteur d'homme, et l'\u00e9clairent.\r\nIls portent avec enthousiasme et opini\u00e2tret\u00e9 leurs ouvrages. Sillonnant la France joyeusement et sans rel\u00e2che, de rencontres en festivals, ils ont soud\u00e9 une communaut\u00e9 de lecteurs, aupr\u00e8s desquels ils grandissent.","authors":["Alain Frappier","D\u00e9sir\u00e9e Frappier","Luis Sep\u00falveda"],"category_codes":["3000000","3020000","3020300"],"visuals":{"large":"https:\/\/images.epagine.fr\/694\/9782368464694_1_75.jpg","medium":"https:\/\/images.epagine.fr\/694\/9782368464694_1_m.jpg","thumbnail":"https:\/\/images.epagine.fr\/694\/9782368464694_1_v.jpg"},"orderable":true,"show_badge":true,"formatted_price":"25,00&nbsp;\u20ac","formatted_published_date":"21 janvier 2021","publisher_availability_label":"Sur commande","short_details":"Alain Frappier, D\u00e9sir\u00e9e Frappier, Luis Sep\u00falveda \u2014 \u00c9ditions Steinkis","translator":null,"weight":745,"page_count":263,"readership":null,"editor":"\u00c9ditions Steinkis","price":2500,"published_date":"2021-01-20T23:00:00.000000Z","support":"Grand format","publisher_availability":1,"stock":0,"editions":[],"url":"https:\/\/quaidesbrumes.com\/ouvrage\/9782368464694\/la-ou-se-termine-la-terre"},{"id":"9782889231546","title":"La Ville","description":"La ville, au bord de l'eau, grouille de monde. Dans un club, les gens, plein d'insouciance, s'amusent, boivent, dansent. Un couple s'enlace et s'\u00e9treint, la vie semble bien douce.\r\nUn premier cadavre est d\u00e9couvert dans l'eau, les orbites vides, le corps d\u00e9charn\u00e9, le visage \u00e9maci\u00e9. Puis un deuxi\u00e8me, flottant au large. Un troisi\u00e8me ne tarde pas appara\u00eetre, sortant de l'eau, mena\u00e7ant, claudiquant vers le couple, accul\u00e9 dans sa luxueuse villa. Puis d'autres \u00e9mergent. Et d'autres encore.\r\nCr\u00e9atures infect\u00e9es ou macchab\u00e9es revenus du monde des morts, de plus en plus nombreux, ils vont n\u00e9anmoins trouv\u00e9s leur place dans l'\u00e9norme cit\u00e9, mais tout en bas, \u00e0 la marge. Parqu\u00e9s, surveill\u00e9s par des drones, victimes de ratonnades, les cr\u00e9atures sont n\u00e9anmoins capables de solidarit\u00e9; et quand la col\u00e8re gronde, que la r\u00e9volte s'organise, et que les grandes tours se mettent \u00e0 flamber, c'est que l'heure de la vengeance a sonn\u00e9.\r\nDans La Ville, Nicolas Presl plonge dans le r\u00e9cit de genre, et renoue avec la vision \u00e9minemment politique du mort-vivant si ch\u00e8re \u00e0 feu George A. Romero. La m\u00e9taphore, limpide, nous fait regarder du c\u00f4t\u00e9 des d\u00e9class\u00e9s de ce monde et des r\u00e9fugi\u00e9s victimes des hommes et des vagues sans \u00e2me; le r\u00e9cit, lui, est men\u00e9 tambour battant, sans temps morts, et fait de ce nouvel ouvrage un v\u00e9ritable page turner, terrifiant et haletant de bout en bout.\r\nC'est un artiste au sommet de son art que r\u00e9v\u00e8le La Ville, un livre rempli d'images puissantes et \u00e0 la narration virtuose.","authors":["Nicolas Presl"],"category_codes":["3000000","3020000","3020300"],"visuals":{"large":"https:\/\/images.epagine.fr\/546\/9782889231546_1_75.jpg","medium":"https:\/\/images.epagine.fr\/546\/9782889231546_1_m.jpg","thumbnail":"https:\/\/images.epagine.fr\/546\/9782889231546_1_v.jpg"},"orderable":true,"show_badge":true,"formatted_price":"27,00&nbsp;\u20ac","formatted_published_date":"6 juin 2025","publisher_availability_label":"Sur commande","short_details":"Nicolas Presl \u2014 Atrabile","translator":null,"weight":762,"page_count":312,"readership":"Tout public","editor":"Atrabile","price":2700,"published_date":"2025-06-05T22:00:00.000000Z","support":"Grand format","publisher_availability":1,"stock":0,"editions":[],"url":"https:\/\/quaidesbrumes.com\/ouvrage\/9782889231546\/la-ville"},{"id":"9782754825979","title":"Partitions irlandaises Tome 1 : premier couplet","description":"Tim est protestant. Pas n'importe quel protestant : il est le fils de Frankie Brown, h\u00e9ros de la lutte unioniste, mort au combat \u00e0 la fin des ann\u00e9es 90. Mary est catholique, fille d'un ancien activiste de l'IRA, Patrick Pearse, qui a d\u00e9pos\u00e9 les armes il y pr\u00e8s de 20 ans, avant m\u00eame les accords de paix du Vendredi Saint, sign\u00e9s le 10 avril 1998 entre les partisans de l'union avec la Grande-Bretagne et les nationalistes du Sinn F\u00e9in.Ces deux-l\u00e0 n'avaient aucune chance de se rencontrer. Mais \u00e7a leur est tomb\u00e9 dessus, comme \u00e7a. Tim et Mary. Mary et Tim. Alors ils se sont fait l'amour comme une derni\u00e8re nuit avant la guerre. Sans voir qu'ils allumaient la m\u00e8che.Une histoire d'amour magnifique et tourment\u00e9e dans le Belfast tout aussi tourment\u00e9 d'aujourd'hui, entre Brexit et retour des tensions identitaires. Kris et Vincent Bailly reviennent en Irlande du Nord douze ans apr\u00e8s le succ\u00e8s du r\u00e9cit complet Coupures irlandaises.","authors":["Vincent Bailly","Kris"],"category_codes":["3000000","3020000","3020100","3020103"],"visuals":{"large":"https:\/\/images.epagine.fr\/979\/9782754825979_1_75.jpg","medium":"https:\/\/images.epagine.fr\/979\/9782754825979_1_m.jpg","thumbnail":"https:\/\/images.epagine.fr\/979\/9782754825979_1_v.jpg"},"orderable":true,"show_badge":true,"formatted_price":"14,90&nbsp;\u20ac","formatted_published_date":"13 avril 2022","publisher_availability_label":"Sur commande","short_details":"Vincent Bailly, Kris \u2014 Futuropolis","translator":null,"weight":522,"page_count":64,"readership":"Tout public","editor":"Futuropolis","price":1490,"published_date":"2022-04-12T22:00:00.000000Z","support":"Grand format","publisher_availability":1,"stock":0,"editions":[],"url":"https:\/\/quaidesbrumes.com\/ouvrage\/9782754825979\/partitions-irlandaises-tome-1-premier-couplet"},{"id":"9782889324743","title":"Saboteuses Tome 4 : Paradis","description":"Normandie, 1943... Mouche a disparu. Aiguille est maintenant devenue la cheffe du r\u00e9seau. Sa priorit\u00e9 est de reprendre les actions de sabotages, mais pour cela, elle a besoin de reconstituer un groupe. Malgr\u00e9 l'aide de Julie, devenue \"Schnaps\", les actions sont difficiles \u00e0 mener pour une femme enceinte de six mois. Une nouvelle tout \u00e0 fait inattendue va \u00e9galement bouleverser la situation. Pour le S.O.E. et pour l'Angleterre, pour deux jeunes enfants mais surtout pour elle-m\u00eame, Aiguille va tout tenter afin de retrouver le dernier membre du r\u00e9seau.","authors":["Jean-Claude Van Rijckeghem","Thomas Du Caju"],"category_codes":["3000000","3020000","3020100","3020108"],"visuals":{"large":"https:\/\/images.epagine.fr\/743\/9782889324743_1_75.jpg","medium":"https:\/\/images.epagine.fr\/743\/9782889324743_1_m.jpg","thumbnail":"https:\/\/images.epagine.fr\/743\/9782889324743_1_v.jpg"},"orderable":true,"show_badge":true,"formatted_price":"15,50&nbsp;\u20ac","formatted_published_date":"18 juin 2025","publisher_availability_label":"Sur commande","short_details":"Jean-Claude Van Rijckeghem, Thomas Du Caju \u2014 Editions Paquet","translator":null,"weight":632,"page_count":56,"readership":"Tout public","editor":"Editions Paquet","price":1550,"published_date":"2025-06-17T22:00:00.000000Z","support":"Grand format","publisher_availability":1,"stock":0,"editions":[],"url":"https:\/\/quaidesbrumes.com\/ouvrage\/9782889324743\/saboteuses-tome-4-paradis"},{"id":"9791039138307","title":"De neige et d'encre Tome 2","description":"Bien que tout semble les s\u00e9parer, Neneo et Freya se sont retrouv\u00e9s dans l'adversit\u00e9, unis par la m\u00eame souffrance et le m\u00e9pris que leur porte la soci\u00e9t\u00e9. Pour \u00e9claircir le myst\u00e8re du crime dont il est accus\u00e9, Neneo se rend dans son village natal, accompagn\u00e9 de Freya et d'Halvard, son ex-fianc\u00e9 et chercheur en m\u00e9decine...\r\nMiyuki Unohana, jeune artiste talentueuse, d\u00e9barque en France avec sa s\u00e9rie Yuki to Sumi. Derri\u00e8re ce titre se cache une \u00e9pop\u00e9e particuli\u00e8rement touchante et bouleversante o\u00f9 deux \u00eatres m\u00e9pris\u00e9s de tous vont tenter de faire front ensemble. Elle met en sc\u00e8ne un r\u00e9cit o\u00f9 drame, psychologie et myst\u00e8re se combinent pour un r\u00e9sultat aussi \u00e9tonnant que captivant. Avec son trait fin et d\u00e9licat, elle donne vie \u00e0 un tandem qui, malgr\u00e9 toutes les accusations qu'il va subir, va attirer notre sympathie.","authors":["Miyuki Unohana"],"category_codes":["3000000","3040000","3040600","3040609"],"visuals":{"large":"https:\/\/images.epagine.fr\/307\/9791039138307_1_75.jpg","medium":"https:\/\/images.epagine.fr\/307\/9791039138307_1_m.jpg","thumbnail":"https:\/\/images.epagine.fr\/307\/9791039138307_1_v.jpg"},"orderable":true,"show_badge":true,"formatted_price":"8,29&nbsp;\u20ac","formatted_published_date":"2 juillet 2025","publisher_availability_label":"Sur commande","short_details":"Miyuki Unohana \u2014 Panini","translator":null,"weight":164,"page_count":null,"readership":"\u00e0 partir de 14 ans","editor":"Panini","price":829,"published_date":"2025-07-01T22:00:00.000000Z","support":"Poche","publisher_availability":1,"stock":0,"editions":[],"url":"https:\/\/quaidesbrumes.com\/ouvrage\/9791039138307\/de-neige-et-dencre-tome-2"},{"id":"9782382815328","title":"The alpine climber Tome 1","description":"Yasushi Yamanoi est un alpiniste de renomm\u00e9e mondiale. En d\u00e9fiant les monts les plus dangereux de la plan\u00e8te et en empruntant des voies encore inconnues, il a grav\u00e9 son nom dans l'histoire mondiale de l'alpinisme. Fascin\u00e9 par la montagne depuis le primaire, il d\u00e9veloppe sa passion, perfectionne ses comp\u00e9tences et s'embarque dans une vie incroyable enti\u00e8rement d\u00e9vou\u00e9e \u00e0 l'alpinisme.The Alpine Climber retrace le parcours incroyable d'une l\u00e9gende de l'alpinisme par le sc\u00e9nariste Kunihiko Yokomizo et le dessinateur Takuro Yamaji.","authors":["Kunihiro Yokomizo","Takuro Yamachi"],"category_codes":["3000000","3040000","3040600","3040611"],"visuals":{"large":"https:\/\/images.epagine.fr\/328\/9782382815328_1_75.jpg","medium":"https:\/\/images.epagine.fr\/328\/9782382815328_1_m.jpg","thumbnail":"https:\/\/images.epagine.fr\/328\/9782382815328_1_v.jpg"},"orderable":true,"show_badge":true,"formatted_price":"7,95&nbsp;\u20ac","formatted_published_date":"21 f\u00e9vrier 2024","publisher_availability_label":"Sur commande","short_details":"Kunihiro Yokomizo, Takuro Yamachi \u2014 Mangetsu","translator":null,"weight":172,"page_count":192,"readership":"\u00e0 partir de 14 ans","editor":"Mangetsu","price":795,"published_date":"2024-02-20T23:00:00.000000Z","support":"Poche","publisher_availability":1,"stock":0,"editions":[],"url":"https:\/\/quaidesbrumes.com\/ouvrage\/9782382815328\/the-alpine-climber-tome-1"},{"id":"9782390702337","title":"Le contrat Corneille-Moli\u00e8re","description":"Mai 1658. Moli\u00e8re et sa troupe s'installent \u00e0 Rouen, apr\u00e8s avoir sillonn\u00e9 la France pendant de nombreuses ann\u00e9es. Les temps sont difficiles. Ils ont perdu leur m\u00e9c\u00e8ne, et cherchent de nouveaux appuis. Mais ils ont des atouts : les deux plus belles com\u00e9diennes de l'\u00e9poque, Marquise du Parc et Catherine de Brie.\r\n\r\nPierre Corneille, l'illustre dramaturge rouennais, s'ennuie. Il n'\u00e9crit plus pour le th\u00e9\u00e2tre, vex\u00e9 par l'\u00e9chec de sa derni\u00e8re trag\u00e9die. Go\u00fbtant peu les mondanit\u00e9s, il s'occupe en traduisant du latin et en corrigeant ses anciennes pi\u00e8ces. Une seule chose lui fait souci : l'avenir de ses nombreux enfants.\r\n\r\nPour la troupe de Moli\u00e8re, jouer une nouvelle pi\u00e8ce du grand Corneille serait la garantie d'un retour triomphal sur la sc\u00e8ne parisienne. Ils vont alors tenter de le remettre en selle, par tous les moyens.","authors":["Lukino"],"category_codes":["3000000","3020000"],"visuals":{"large":"https:\/\/images.epagine.fr\/337\/9782390702337_1_75.jpg","medium":"https:\/\/images.epagine.fr\/337\/9782390702337_1_m.jpg","thumbnail":"https:\/\/images.epagine.fr\/337\/9782390702337_1_v.jpg"},"orderable":true,"show_badge":true,"formatted_price":"22,00&nbsp;\u20ac","formatted_published_date":"22 ao\u00fbt 2025","publisher_availability_label":"Sur commande","short_details":"Lukino \u2014 IMPRESSIONS NOUVELLES","translator":null,"weight":638,"page_count":160,"readership":"Tout public","editor":"IMPRESSIONS NOUVELLES","price":2200,"published_date":"2025-08-21T22:00:00.000000Z","support":"Grand format","publisher_availability":1,"stock":0,"editions":[],"url":"https:\/\/quaidesbrumes.com\/ouvrage\/9782390702337\/le-contrat-corneille-moliere"},{"id":"9782344070277","title":"Le rouge et le noir en BD Tome 2","description":"Un tableau critique de la soci\u00e9t\u00e9 fran\u00e7aise pendant la Restauration.\r\nEntr\u00e9 au s\u00e9minaire de Besan\u00e7on, Julien Sorel se voit proposer un poste de secr\u00e9taire \u00e0 Paris, aupr\u00e8s de l'influent marquis de La Mole. Mathilde, la fille du marquis, tombe rapidement sous les charmes de Julien et informe son p\u00e8re de son d\u00e9sir de l'\u00e9pouser. Ils sont sur le point de se marier quand le marquis re\u00e7oit une lettre de Mme de R\u00e9nal d\u00e9non\u00e7ant l'immoralit\u00e9 de Sorel. Ce coup de th\u00e9\u00e2tre va tout remettre en cause dans la vie d\u00e9j\u00e0 chaotique du jeune homme...","authors":["Toni Fezjula","Jean-Blaise Djian","Stendhal"],"category_codes":["3000000","3020000","3020200"],"visuals":{"large":"https:\/\/images.epagine.fr\/277\/9782344070277_1_75.jpg","medium":"https:\/\/images.epagine.fr\/277\/9782344070277_1_m.jpg","thumbnail":"https:\/\/images.epagine.fr\/277\/9782344070277_1_v.jpg"},"orderable":true,"show_badge":true,"formatted_price":"12,00&nbsp;\u20ac","formatted_published_date":"20 ao\u00fbt 2025","publisher_availability_label":"Sur commande","short_details":"Toni Fezjula, Jean-Blaise Djian, Stendhal \u2014 Gl\u00e9nat","translator":null,"weight":500,"page_count":56,"readership":"Tout public","editor":"Gl\u00e9nat","price":1200,"published_date":"2025-08-19T22:00:00.000000Z","support":"Grand format","publisher_availability":1,"stock":0,"editions":[],"url":"https:\/\/quaidesbrumes.com\/ouvrage\/9782344070277\/le-rouge-et-le-noir-en-bd-tome-2"},{"id":"9782743666170","title":"Brunilda \u00e0 la Plata","description":"Dans les coulisses d'un th\u00e9\u00e2tre o\u00f9 le rideau ne tombe jamais, Norman se heurte \u00e0 un choix impossible. Ce soir, \u00e0 21h, il a rendez- vous avec Brunilda au restaurant La Plata. Mais pour la rejoindre, il n'a qu'une seule option : traverser la sc\u00e8ne en pleine repr\u00e9sentation. Attendre, c'est renoncer. Foncer, c'est tout bouleverser. Pauvre gamin.","authors":["Genis Rigol Alzola"],"category_codes":["3000000","3020000","3020200"],"visuals":{"large":"https:\/\/images.epagine.fr\/170\/9782743666170_1_75.jpg","medium":"https:\/\/images.epagine.fr\/170\/9782743666170_1_m.jpg","thumbnail":"https:\/\/images.epagine.fr\/170\/9782743666170_1_v.jpg"},"orderable":true,"show_badge":true,"formatted_price":"23,00&nbsp;\u20ac","formatted_published_date":"2 avril 2025","publisher_availability_label":"Sur commande","short_details":"Genis Rigol Alzola \u2014 Rivages","translator":null,"weight":1046,"page_count":144,"readership":"Tout public","editor":"Rivages","price":2300,"published_date":"2025-04-01T22:00:00.000000Z","support":"Grand format","publisher_availability":1,"stock":0,"editions":[],"url":"https:\/\/quaidesbrumes.com\/ouvrage\/9782743666170\/brunilda-a-la-plata"},{"id":"9791039138208","title":"Cocoro : La vie de L\u00e9onard de Vinci Tome 2","description":"L\u00e9onard de Vinci est victime d'une d\u00e9nonciation anonyme et se retrouve arr\u00eat\u00e9 par les autorit\u00e9s sous l'accusation d'homosexualit\u00e9. On lui reproche une liaison pr\u00e9sum\u00e9e avec Jacopo Saltarelli, un jeune homme de 17 ans, connu pour offrir des services de prostitution masculine en secret. Dans l'Italie du XVe si\u00e8cle, l'homosexualit\u00e9 est per\u00e7ue comme un p\u00e9ch\u00e9 grave, pouvant mener au b\u00fbcher. Comment L\u00e9onard parviendra-t-il \u00e0 se d\u00e9fendre et \u00e0 \u00e9chapper \u00e0 un destin funeste ?\r\nApr\u00e8s Seizon Life et Confession, Kaiji Kawaguchi revient en solo avec Cocoro, un manga qui retrace la jeunesse de L\u00e9onard de Vinci. Publi\u00e9e pour la premi\u00e8re fois en 1997 au Japon, cette oeuvre explore les premi\u00e8res ann\u00e9es de ce g\u00e9nie de la Renaissance, son isolement et l'exclusion qu'il a v\u00e9cus avant de devenir l'un des plus grands esprits de l'histoire, dont l'h\u00e9ritage continue de marquer les arts, les sciences et l'humanit\u00e9. Cette \u00e9dition double regroupe les quatre volumes originaux pour une immersion compl\u00e8te dans l'univers de Leonard.","authors":["Kaiji Kawaguchi"],"category_codes":["3000000","3040000","3040600","3040607"],"visuals":{"large":"https:\/\/images.epagine.fr\/208\/9791039138208_1_75.jpg","medium":"https:\/\/images.epagine.fr\/208\/9791039138208_1_m.jpg","thumbnail":"https:\/\/images.epagine.fr\/208\/9791039138208_1_v.jpg"},"orderable":true,"show_badge":true,"formatted_price":"16,99&nbsp;\u20ac","formatted_published_date":"3 septembre 2025","publisher_availability_label":"Sur commande","short_details":"Kaiji Kawaguchi \u2014 Panini","translator":null,"weight":544,"page_count":null,"readership":"\u00e0 partir de 14 ans","editor":"Panini","price":1699,"published_date":"2025-09-02T22:00:00.000000Z","support":"Grand format","publisher_availability":1,"stock":0,"editions":[],"url":"https:\/\/quaidesbrumes.com\/ouvrage\/9791039138208\/cocoro-la-vie-de-leonard-de-vinci-tome-2"},{"id":"9782818934715","title":"Les rugbymen Tome 14 : on a d\u00e9boul\u00e9 \u00e0 Marcatraz !","description":"Quand Andr\u00e9 et Boniface, les deux plus anciens supporters de Paillar, arr\u00eatent de chanter dans les tribunes, c'est mauvais signe. signe que nos joueurs ont perdu un match ! Les d\u00e9faites s'encha\u00eenent durant tout l'automne pour l'\u00e9quipe du PAC et, humiliation supr\u00eame, Ripaille, l'ennemi l\u00e9gendaire, les bats pour la premi\u00e8re fois depuis de nombreuses ann\u00e9es. L'Entra\u00eeneur se rend vite compte que, malgr\u00e9 leur originalit\u00e9, ses m\u00e9thodes ne s'av\u00e8rent pas tr\u00e8s efficaces pour faire remonter la pente \u00e0 ses joueurs. Il ne reste alors qu'une seule solution : un stage intensif au redoutable centre de formation de Marcatraz.\r","authors":["BeKa","Poupard"],"category_codes":["3000000","3020000","3020200","3020211"],"visuals":{"large":"https:\/\/images.epagine.fr\/715\/9782818934715_1_75.jpg","medium":"https:\/\/images.epagine.fr\/715\/9782818934715_1_m.jpg","thumbnail":"https:\/\/images.epagine.fr\/715\/9782818934715_1_v.jpg"},"orderable":true,"show_badge":true,"formatted_price":"11,90&nbsp;\u20ac","formatted_published_date":"20 janvier 2016","publisher_availability_label":"Sur commande","short_details":"BeKa, Poupard \u2014 Bamboo","translator":null,"weight":370,"page_count":48,"readership":"Tout public","editor":"Bamboo","price":1190,"published_date":"2016-01-19T23:00:00.000000Z","support":"Grand format","publisher_availability":1,"stock":0,"editions":[],"url":"https:\/\/quaidesbrumes.com\/ouvrage\/9782818934715\/les-rugbymen-tome-14-on-a-deboule-a-marcatraz"},{"id":"9782380716207","title":"Moi, quand je me r\u00e9incarne en Slime - trinit\u00e9 Tome 1","description":"D\u00e9couvrez les nouvelles aventures \u00e0 Tempest de trois h\u00e9ro\u00efnes pleines d'\u00e9nergie dans ce nouveau spin-off de Moi, quand je me r\u00e9incarne en Slime ! \r\nTrois jeunes guerri\u00e8res sont arriv\u00e9es \u00e0  Tempest en provenance de trois contr\u00e9es diff\u00e9rentes, charg\u00e9es d'une mission secr\u00e8te par leurs dirigeants respectifs : le seigneur  Callion d'Eurasanie, le royaume des hommes-b\u00eates,  Millim de la capitale des dragons et  Frey de Frubrosie, la nation c\u00e9leste.\r\n\r\nSuivez les aventures rocambolesques de nos trois h\u00e9ro\u00efnes qui ne manqueront pas de mettre de l'animation dans la paisible ville fond\u00e9e par ma\u00eetre Limule !","authors":["Tae Tono","Fuse","Ryoko Akiyama"],"category_codes":["3000000","3040000","3040500","3040504"],"visuals":{"large":"https:\/\/images.epagine.fr\/207\/9782380716207_1_75.jpg","medium":"https:\/\/images.epagine.fr\/207\/9782380716207_1_m.jpg","thumbnail":"https:\/\/images.epagine.fr\/207\/9782380716207_1_v.jpg"},"orderable":true,"show_badge":true,"formatted_price":"7,95&nbsp;\u20ac","formatted_published_date":"12 octobre 2023","publisher_availability_label":"Sur commande","short_details":"Tae Tono, Fuse, Ryoko Akiyama \u2014 Kurokawa","translator":"RYOKO AKIYAMA","weight":150,"page_count":160,"readership":"\u00e0 partir de 10 ANS","editor":"Kurokawa","price":795,"published_date":"2023-10-11T22:00:00.000000Z","support":"Poche","publisher_availability":1,"stock":0,"editions":[],"url":"https:\/\/quaidesbrumes.com\/ouvrage\/9782380716207\/moi-quand-je-me-reincarne-en-slime-trinite-tome-1"},{"id":"9791042019099","title":"En sc\u00e8ne ! Tome 24","description":"Les sentiments entre Rebecca et Matt se heurtent \u00e0 une r\u00e8gle en vigueur \u00e0 l'\u00e9cole du Royal Ballet : l'interdiction de toute relation amoureuse entre jeunes \u00e9l\u00e8ves. Rebecca craint aussi que cette attirance ne les d\u00e9tourne de leur objectif premier de devenir des professionnels accomplis. Keira leur propose alors de cr\u00e9er un pas-de-deux sp\u00e9cialement pour eux...","authors":["Cuvie","Satoko Fujimoto"],"category_codes":["3000000","3040000","3040400","3040411"],"visuals":{"large":"https:\/\/images.epagine.fr\/099\/9791042019099_1_75.jpg","medium":"https:\/\/images.epagine.fr\/099\/9791042019099_1_m.jpg","thumbnail":"https:\/\/images.epagine.fr\/099\/9791042019099_1_v.jpg"},"orderable":true,"show_badge":true,"formatted_price":"7,95&nbsp;\u20ac","formatted_published_date":"9 janvier 2025","publisher_availability_label":"Sur commande","short_details":"Cuvie, Satoko Fujimoto \u2014 Kurokawa","translator":"SATOKO FUJIMOTO","weight":178,"page_count":194,"readership":"\u00e0 partir de 14 ans","editor":"Kurokawa","price":795,"published_date":"2025-01-08T23:00:00.000000Z","support":"Poche","publisher_availability":1,"stock":0,"editions":[],"url":"https:\/\/quaidesbrumes.com\/ouvrage\/9791042019099\/en-scene-tome-24"},{"id":"9791039134491","title":"The amazing Spider-Man par Straczynski Tome 2","description":"Tante May conna\u00eet maintenant l'identit\u00e9 secr\u00e8te de son neveu Peter Parker, et ce n'est pas facile pour elle d'accepter que le gar\u00e7on qu'elle a \u00e9lev\u00e9 risque sa vie tous les jours sous le masque de Spider-Man. Doit-elle en parler \u00e0 Mary Jane ? Pendant ce temps, Spidey essaie de r\u00e9soudre le myst\u00e8re de la disparition de plusieurs new-yorkais, mais il s'aper\u00e7oit qu'il va devoir solliciter l'aide du Docteur Strange. Au cours de son enqu\u00eate, Peter fait une d\u00e9couverte tr\u00e8s mystique sur ses propres origines.\r\nLa gamme MARVEL POCHE est salu\u00e9e par les lecteurs pour ses nombreuses qualit\u00e9s et particuli\u00e8rement parce qu'elle permet de faire d\u00e9couvrir au plus grand nombre de longues arches narratives r\u00e9put\u00e9es. Apr\u00e8s Ultimate Spider-Man, c'est l'Amazing Spider-Man de J. Michael Straczynski (Captain America) qui est r\u00e9\u00e9dit\u00e9 en sept tomes.","authors":["John Romita Jr.","J. Michael Straczynski"],"category_codes":["3000000","3030000","3030400"],"visuals":{"large":"https:\/\/images.epagine.fr\/491\/9791039134491_1_75.jpg","medium":"https:\/\/images.epagine.fr\/491\/9791039134491_1_m.jpg","thumbnail":"https:\/\/images.epagine.fr\/491\/9791039134491_1_v.jpg"},"orderable":true,"show_badge":true,"formatted_price":"9,99&nbsp;\u20ac","formatted_published_date":"14 mai 2025","publisher_availability_label":"Sur commande","short_details":"John Romita Jr., J. Michael Straczynski \u2014 Panini","translator":null,"weight":576,"page_count":336,"readership":"Tout public","editor":"Panini","price":999,"published_date":"2025-05-13T22:00:00.000000Z","support":"Poche","publisher_availability":1,"stock":0,"editions":[],"url":"https:\/\/quaidesbrumes.com\/ouvrage\/9791039134491\/the-amazing-spider-man-par-straczynski-tome-2"},{"id":"9782749309996","title":"Marie, r\u00e9cit d'une GPA","description":"Un r\u00e9cit-t\u00e9moignage \u00e9mouvant \r\nMarie ressemble \u00e0 toutes les petites filles du monde, \u00e0 une exception pr\u00e8s\u00a0: Marie a deux papas. Sa naissance est un petit miracle pour ses parents qui ont mis du temps avant d'oser fonder une famille. Quand Fran\u00e7ois-Xavier et Thomas se rencontrent, la loi sur \u00ab\u00a0le mariage pour tous\u00a0\u00bb n'est pas encore adopt\u00e9e en France. Mais les mentalit\u00e9s changent doucement et le couple imagine sa propre vie de famille. Pourraient-ils un jour avoir un enfant\u00a0? Apr\u00e8s maintes r\u00e9flexions, FX et Thomas se tournent vers la GPA \u00e9thique, la gestation pour autrui, une forme d'assistance m\u00e9dicale l\u00e9gale aux \u00c9tats-Unis. On les met en garde\u00a0: les d\u00e9marches sont lentes, \u00e9prouvantes et des risques existent sans parler des questions \u00e9thiques que soul\u00e8ve cette pratique en France. Mais le couple se sent pr\u00eat. Bient\u00f4t ils vont d\u00e9couvrir une r\u00e9alit\u00e9, une r\u00e9glementation qui implique un co\u00fbt financier et psychologique. Ensemble ils savent que l'\u00e9preuve requiert patience et volont\u00e9 et que des impr\u00e9vus peuvent bousculer, voire an\u00e9antir, tous leurs espoirs. Apr\u00e8s des allers-retours en Floride, en G\u00e9orgie et au Texas, une proc\u00e9dure stricte et des liens tiss\u00e9s avec la donneuse et la m\u00e8re porteuse, ils attendent l'arriv\u00e9e de Marie avec une joie f\u00e9brile. La chambre du b\u00e9b\u00e9 est presque pr\u00eate... Mais ils n'avaient pas pr\u00e9vu l'impensable. En mars 2020, les fronti\u00e8res ferment et le monde bascule. Malgr\u00e9 la crise sanitaire, les craintes et les obstacles, ils ne vont jamais cesser d'y croire... jusqu'\u00e0 ce que Marie arrive enfin\u00a0! Marie conna\u00eet d\u00e9j\u00e0 tout de son histoire et de l'amour qui entoure sa naissance.\r\n Tout au long de l'album, Fran\u00e7ois-Xavier et Thomas confient leurs doutes et leurs espoirs dans ce t\u00e9moignage \u00e9mouvant, adapt\u00e9 en BD par la talentueuse sc\u00e9nariste Th\u00e9a Rojzman et sublim\u00e9e par le trait d\u00e9licat de Marie Jaffredo, qui poursuit son sillon sur la th\u00e9matique de la filiation. Gr\u00e2ce \u00e0 la lecture de cette histoire vraie, chacun pourra ainsi en savoir davantage sur un des sujets de soci\u00e9t\u00e9 les plus sensibles de notre \u00e9poque.","authors":["Marie Jaffredo","Th\u00e9a Rojzman"],"category_codes":["3000000","3030000","3030600"],"visuals":{"large":"https:\/\/images.epagine.fr\/996\/9782749309996_1_75.jpg","medium":"https:\/\/images.epagine.fr\/996\/9782749309996_1_m.jpg","thumbnail":"https:\/\/images.epagine.fr\/996\/9782749309996_1_v.jpg"},"orderable":true,"show_badge":true,"formatted_price":"20,00&nbsp;\u20ac","formatted_published_date":"19 mars 2025","publisher_availability_label":"Sur commande","short_details":"Marie Jaffredo, Th\u00e9a Rojzman \u2014 Vents d'Ouest","translator":null,"weight":696,"page_count":112,"readership":null,"editor":"Vents d'Ouest","price":2000,"published_date":"2025-03-18T23:00:00.000000Z","support":"Grand format","publisher_availability":1,"stock":0,"editions":[],"url":"https:\/\/quaidesbrumes.com\/ouvrage\/9782749309996\/marie-recit-dune-gpa"},{"id":"9782344063767","title":"L'amour est dans le th\u00e9 Tome 8","description":"Chako et Isshin sont contraints de participer \u00e0 un \u00e9v\u00e9nement autour du th\u00e9 organis\u00e9 \u00e0 Fukuoka, en jouant les \"heureux mari\u00e9s\". Avec la pol\u00e9mique qui entoure la plantation Hananoki, y seront-ils bien accueillis ? \u00c0 quelques jours du concours du th\u00e9 roul\u00e9, Roa, leur redoutable rivale, r\u00e9v\u00e8le son v\u00e9ritable visage !\u00a0Nos \"heureux mari\u00e9s\" arrivent \u00e0 Fukuoka ! Que se passera-t-il lors de leur premi\u00e8re nuit ensemble ?!","authors":["Umebachi Yamanaka"],"category_codes":["3000000","3040000","3040400","3040409"],"visuals":{"large":"https:\/\/images.epagine.fr\/767\/9782344063767_1_75.jpg","medium":"https:\/\/images.epagine.fr\/767\/9782344063767_1_m.jpg","thumbnail":"https:\/\/images.epagine.fr\/767\/9782344063767_1_v.jpg"},"orderable":true,"show_badge":true,"formatted_price":"7,90&nbsp;\u20ac","formatted_published_date":"20 ao\u00fbt 2025","publisher_availability_label":"Sur commande","short_details":"Umebachi Yamanaka \u2014 Gl\u00e9nat","translator":null,"weight":138,"page_count":160,"readership":"\u00e0 partir de 14 ans","editor":"Gl\u00e9nat","price":790,"published_date":"2025-08-19T22:00:00.000000Z","support":"Poche","publisher_availability":1,"stock":0,"editions":[],"url":"https:\/\/quaidesbrumes.com\/ouvrage\/9782344063767\/lamour-est-dans-le-the-tome-8"},{"id":"9782723455961","title":"Bleach Tome 19 : the black moon rising","description":"Adolescent de quinze ans, Ichigo Kurosaki poss\u00e8de un don particulier : celui de voir les esprits. Un jour, il croise la route d'une belle shinigami (un \u00eatre spirituel) en train de pourchasser une \"\u00e2me perdue\", un esprit mal\u00e9fique qui hante notre monde et n'arrive pas \u00e0 trouver le repos. Mise en difficult\u00e9 par son ennemi, la jeune fille d\u00e9cide alors de pr\u00eater une partie de ses pouvoirs \u00e0 Ichigo, mais ce dernier h\u00e9rite finalement de toute la puissance d'un shinigami. Contraint d'assumer son nouveau statut, Ichigo va devoir g\u00e9rer ses deux vies : celle de lyc\u00e9en ordinaire, et celle de chasseur de d\u00e9mons... \u00ab Bleach \u00bb est un manga d'action au rythme tr\u00e9pidant, au graphisme soign\u00e9 et \u00e0 l'intrigue palpitante.","authors":["Tite Kubo"],"category_codes":["3000000","3040000","3040500","3040508"],"visuals":{"large":"https:\/\/images.epagine.fr\/961\/9782723455961_1_75.jpg","medium":"https:\/\/images.epagine.fr\/961\/9782723455961_1_m.jpg","thumbnail":"https:\/\/images.epagine.fr\/961\/9782723455961_1_v.jpg"},"orderable":true,"show_badge":true,"formatted_price":"7,20&nbsp;\u20ac","formatted_published_date":"22 novembre 2006","publisher_availability_label":"Sur commande","short_details":"Tite Kubo \u2014 Gl\u00e9nat","translator":null,"weight":220,"page_count":212,"readership":"\u00e0 partir de 12 ANS","editor":"Gl\u00e9nat","price":720,"published_date":"2006-11-21T23:00:00.000000Z","support":"Poche","publisher_availability":1,"stock":0,"editions":[],"url":"https:\/\/quaidesbrumes.com\/ouvrage\/9782723455961\/bleach-tome-19-the-black-moon-rising"},{"id":"9791039140904","title":"Demon slayer : coffret Tomes 1 \u00e0 3","description":"Le Japon, au d\u00e9but du XXe si\u00e8cle. Tanjiro, un jeune marchand de charbon, m\u00e8ne une vie paisible jusqu'au jour funeste o\u00f9 il d\u00e9couvre que sa famille a \u00e9t\u00e9 massacr\u00e9e. Sa jeune soeur, Nezuko, est la seule survivante. Mais depuis cette effroyable trag\u00e9die, elle semble poss\u00e9d\u00e9e... Afin de lui rendre son humanit\u00e9 et de venger les siens, Tanjiro entame une longue qu\u00eate, dans les pas des myst\u00e9rieux pourfendeurs de d\u00e9mons !","authors":["Koyoharu Got\u00f4ge"],"category_codes":["3000000","3040000","3040500","3040508"],"visuals":{"large":"https:\/\/images.epagine.fr\/904\/9791039140904_1_75.jpg","medium":"https:\/\/images.epagine.fr\/904\/9791039140904_1_m.jpg","thumbnail":"https:\/\/images.epagine.fr\/904\/9791039140904_1_v.jpg"},"orderable":true,"show_badge":true,"formatted_price":"21,87&nbsp;\u20ac","formatted_published_date":"5 novembre 2025","publisher_availability_label":"Sur commande","short_details":"Koyoharu Got\u00f4ge \u2014 Panini","translator":null,"weight":582,"page_count":null,"readership":"\u00e0 partir de 12 ANS","editor":"Panini","price":2187,"published_date":"2025-11-04T23:00:00.000000Z","support":"Poche","publisher_availability":1,"stock":0,"editions":[],"url":"https:\/\/quaidesbrumes.com\/ouvrage\/9791039140904\/demon-slayer-coffret-tomes-1-a-3"},{"id":"9782380461831","title":"Psycho-investigateur : Int\u00e9grale Tomes 1 \u00e0 4","description":"Simon Radius, le Psycho-Investigateur, poss\u00e8de le pouvoir de voyager physiquement dans l'esprit des gens. Examinant les t\u00e9moins les plus improbables, il p\u00e9n\u00e8tre la n\u00e9buleuse de leurs souvenirs enfouis pour r\u00e9soudre enqu\u00eates polici\u00e8res et traumatismes profonds. Mais Radius pourra-t-il compl\u00e9ter son propre puzzle, le plus complexe de tous ?\r\n\r\nD\u00e9couvrez les quatre aventures du Psycho-Investigateur r\u00e9unies dans une sublime int\u00e9grale.","authors":["Erwan Courbier","Beno\u00eet Dahan"],"category_codes":["3000000","3020000","3020100","3020107"],"visuals":{"large":"https:\/\/images.epagine.fr\/831\/9782380461831_1_75.jpg","medium":"https:\/\/images.epagine.fr\/831\/9782380461831_1_m.jpg","thumbnail":"https:\/\/images.epagine.fr\/831\/9782380461831_1_v.jpg"},"orderable":true,"show_badge":true,"formatted_price":"39,90&nbsp;\u20ac","formatted_published_date":"4 octobre 2023","publisher_availability_label":"Sur commande","short_details":"Erwan Courbier, Beno\u00eet Dahan \u2014 \u00c9ditions Petit \u00e0 Petit","translator":null,"weight":1485,"page_count":224,"readership":null,"editor":"\u00c9ditions Petit \u00e0 Petit","price":3990,"published_date":"2023-10-03T22:00:00.000000Z","support":"Grand format","publisher_availability":1,"stock":0,"editions":[],"url":"https:\/\/quaidesbrumes.com\/ouvrage\/9782380461831\/psycho-investigateur-integrale-tomes-1-a-4"},{"id":"9782494102675","title":"Philia Ros\u00e9 : La proph\u00e9tie de la couronne d'\u00e9pines Tome 2","description":"D\u00e9couvrez l'histoire d'une jeune pr\u00eatresse qui ne recule devant rien pour d\u00e9fier le destin et les liens de la couronne.\r\nPhilia se rapproche doucement du prince L\u00e9o et comprend qu'il veut d\u00e9clencher une guerre pour obtenir le tr\u00f4ne. La jeune pr\u00eatresse tente de l'en dissuader, mais le prince est d\u00e9termin\u00e9 et il ne se laisse pas facilement amadouer. L'heure est venue pour Philia de changer de strat\u00e9gie...","authors":["BHD","Ry\u00fbta Fuse","Kim Youngji"],"category_codes":["3000000","3040000","3040400","3040404"],"visuals":{"large":"https:\/\/images.epagine.fr\/675\/9782494102675_1_75.jpg","medium":"https:\/\/images.epagine.fr\/675\/9782494102675_1_m.jpg","thumbnail":"https:\/\/images.epagine.fr\/675\/9782494102675_1_v.jpg"},"orderable":true,"show_badge":true,"formatted_price":"14,95&nbsp;\u20ac","formatted_published_date":"20 novembre 2025","publisher_availability_label":"Sur commande","short_details":"BHD, Ry\u00fbta Fuse, Kim Youngji \u2014 Kotoon","translator":null,"weight":694,"page_count":320,"readership":"\u00e0 partir de 12 ANS","editor":"Kotoon","price":1495,"published_date":"2025-11-19T23:00:00.000000Z","support":"Grand format","publisher_availability":1,"stock":0,"editions":[],"url":"https:\/\/quaidesbrumes.com\/ouvrage\/9782494102675\/philia-rose-la-prophetie-de-la-couronne-depines-tome-2"}]}