{"data":[{"id":"9791026823636","title":"The department of truth Tome 1 : au bord du monde","description":"L'agent sp\u00e9cial Cole Turner \u00e9tudie depuis des ann\u00e9es les th\u00e9ories conspirationnistes qui s'exposent sur les forums du monde entier et transmet ses enseignements \u00e0 l'acad\u00e9mie du FBI de Quantico. De l'assassinat du pr\u00e9sident Kennedy \u00e0 l'alunissage de 1969, en passant par la crise des missiles de Cuba, l'information est sans cesse remise en question par les complotistes les plus fervents. Certain qu'il comprendra mieux leur fonctionnement et leur logique, Turner d\u00e9cide de s'immiscer au coeur d'une \u00e9trange r\u00e9union, une r\u00e9union qui le conduit \u00e0 douter de la r\u00e9alit\u00e9 m\u00eame... Se pourrait-il que les classes dominantes soient \u00e0 l'origine de faits qui n'ont jamais eu lieu ? Approch\u00e9 par le D\u00e9partement des V\u00e9rit\u00e9s, une agence gouvernementale occulte, Cole va rapidement \u00eatre expos\u00e9 \u00e0 de nombreuses r\u00e9ponses bien diff\u00e9rentes de ce qu'il imaginait. Des r\u00e9ponses qui ne manqueront pas de soulever de nombreuses autres questions.\r\nUne plong\u00e9e au coeur des plus grands complots de l'Histoire !","authors":["James Tynion IV","Martin Simmonds"],"category_codes":["3000000","3030000","3030400"],"visuals":{"large":"https:\/\/images.epagine.fr\/636\/9791026823636_1_75.jpg","medium":"https:\/\/images.epagine.fr\/636\/9791026823636_1_m.jpg","thumbnail":"https:\/\/images.epagine.fr\/636\/9791026823636_1_v.jpg"},"orderable":true,"show_badge":true,"formatted_price":"18,50&nbsp;\u20ac","formatted_published_date":"28 janvier 2022","publisher_availability_label":"Sur commande","short_details":"James Tynion IV, Martin Simmonds \u2014 Urban Comics","translator":null,"weight":566,"page_count":152,"readership":null,"editor":"Urban Comics","price":1850,"published_date":"2022-01-27T23:00:00.000000Z","support":"Grand format","publisher_availability":1,"stock":0,"editions":[],"url":"https:\/\/quaidesbrumes.com\/ouvrage\/9791026823636\/the-department-of-truth-tome-1-au-bord-du-monde"},{"id":"9782379507526","title":"Minato's coin laundry Tome 6","description":"Shin a demand\u00e9 \u00e0 Minato de l'accompagner pour une journ\u00e9e portes ouvertes d'une universit\u00e9 de Tokyo. Sur place, Minato rencontre par hasard son ex-petit ami de l'\u00e9poque o\u00f9 il \u00e9tait \u00e0 la facult\u00e9. Shin est extr\u00eamement troubl\u00e9 lorsque le pass\u00e9 de Minato lui est r\u00e9v\u00e9l\u00e9, et leur journ\u00e9e se finit en dispute. Une fois encore, Minato fait face \u00e0 son pass\u00e9, mais aussi \u00e0 ses sentiments actuels...","authors":["Yuzu Tsubaki","Sawa Kanzume"],"category_codes":["3000000","3040000","3040800","3040809"],"visuals":{"large":"https:\/\/images.epagine.fr\/526\/9782379507526_1_75.jpg","medium":"https:\/\/images.epagine.fr\/526\/9782379507526_1_m.jpg","thumbnail":"https:\/\/images.epagine.fr\/526\/9782379507526_1_v.jpg"},"orderable":true,"show_badge":true,"formatted_price":"8,35&nbsp;\u20ac","formatted_published_date":"27 f\u00e9vrier 2026","publisher_availability_label":"Sur commande","short_details":"Yuzu Tsubaki, Sawa Kanzume \u2014 Vega","translator":null,"weight":140,"page_count":164,"readership":"\u00e0 partir de 14 ans","editor":"Vega","price":835,"published_date":"2026-02-26T23:00:00.000000Z","support":"Poche","publisher_availability":1,"stock":0,"editions":[],"url":"https:\/\/quaidesbrumes.com\/ouvrage\/9782379507526\/minatos-coin-laundry-tome-6"},{"id":"9782379508646","title":"Deep sea aquarium Magmell Tome 10","description":"Apr\u00e8s avoir termin\u00e9 sa formation, K\u00f4tar\u00f4 Tenj\u00f4 est embauch\u00e9 comme soigneur. Il admire et prend pour mod\u00e8le le meilleur ami de son p\u00e8re : Minato \u00d4sezaki, directeur et fondateur de l'aquarium. Bien qu'aim\u00e9 de tous, il s'agit d'une personne qui parle peu de son pass\u00e9. D'une constitution fragile, le jeune Minato avait bien des difficult\u00e9s au quotidien. Sa vie a chang\u00e9 \u00e0 1000 km au sud de la baie de Tokyo, sur l'\u00eele Chichi de l'archipel d'Ogasawara...","authors":["Kiyomi Sugishita"],"category_codes":["3000000","3040000","3040600","3040602"],"visuals":{"large":"https:\/\/images.epagine.fr\/646\/9782379508646_1_75.jpg","medium":"https:\/\/images.epagine.fr\/646\/9782379508646_1_m.jpg","thumbnail":"https:\/\/images.epagine.fr\/646\/9782379508646_1_v.jpg"},"orderable":true,"show_badge":true,"formatted_price":"8,35&nbsp;\u20ac","formatted_published_date":"20 mars 2026","publisher_availability_label":"Sur commande","short_details":"Kiyomi Sugishita \u2014 Vega","translator":null,"weight":156,"page_count":192,"readership":"\u00e0 partir de 14 ans","editor":"Vega","price":835,"published_date":"2026-03-19T23:00:00.000000Z","support":"Poche","publisher_availability":1,"stock":0,"editions":[],"url":"https:\/\/quaidesbrumes.com\/ouvrage\/9782379508646\/deep-sea-aquarium-magmell-tome-10"},{"id":"9782205203370","title":"Les nouvelles aventures de Tanguy et Laverdure, les chevaliers du ciel Tome 11 : Mar\u00e9e rouge en mer noire","description":"Alors que les tensions entre la Khuranie et la Russie ne cessent de monter, Tanguy et Laverdure se retrouvent pris au coeur d'un imbroglio g\u00e9ostrat\u00e9gique dont l'enjeu est un avion r\u00e9volutionnaire. Les deux pilotes vont tout tenter pour \u00e9viter que la situation ne d\u00e9g\u00e9n\u00e8re en conflit. Mais un industriel khuranien corrompu, la CIA et l'arm\u00e9e russe sont des adversaires de taille... Une pression digne d'un v\u00e9rin hydraulique dans la suite et fin de ce diptyque qui fait \u00e9cho \u00e0 la terrible actualit\u00e9 de la guerre en Ukraine, avec toujours les sc\u00e9naristes Patrice Buendia et Fr\u00e9d\u00e9ric Zumbiehl, et le dessinateur S\u00e9bastien Philippe.","authors":["Patrice Buendia","Fr\u00e9d\u00e9ric Zumbiehl","Philippe S\u00e9bastien"],"category_codes":["3000000","3020000","3020200","3020209"],"visuals":{"large":"https:\/\/images.epagine.fr\/370\/9782205203370_1_75.jpg","medium":"https:\/\/images.epagine.fr\/370\/9782205203370_1_m.jpg","thumbnail":"https:\/\/images.epagine.fr\/370\/9782205203370_1_v.jpg"},"orderable":true,"show_badge":true,"formatted_price":"15,50&nbsp;\u20ac","formatted_published_date":"10 novembre 2023","publisher_availability_label":"Sur commande","short_details":"Patrice Buendia, Fr\u00e9d\u00e9ric Zumbiehl, Philippe S\u00e9bastien \u2014 Dargaud","translator":null,"weight":432,"page_count":48,"readership":"Tout public","editor":"Dargaud","price":1550,"published_date":"2023-11-09T23:00:00.000000Z","support":"Grand format","publisher_availability":1,"stock":0,"editions":[],"url":"https:\/\/quaidesbrumes.com\/ouvrage\/9782205203370\/les-nouvelles-aventures-de-tanguy-et-laverdure-les-chevaliers-du-ciel-tome-11-maree-rouge-en-mer-noire"},{"id":"9791027609437","title":"Mortelle Ad\u00e8le : mon mug","description":"Un beau mug aux couleurs de Mortelle Ad\u00e8le, pour des petits d\u00e9jeuners mortels !\r\nCe mug r\u00e9siste au lave-vaisselle et passe au micro-ondes.\r\n\r\n\u00a9 Mr Tan \/ Diane le Feyer \/ Miss Prickly","authors":["Collectif"],"category_codes":["3000000","3020000","3020200","3020211"],"visuals":{"large":"https:\/\/images.epagine.fr\/437\/9791027609437_1_75.jpg","medium":"https:\/\/images.epagine.fr\/437\/9791027609437_1_m.jpg","thumbnail":"https:\/\/images.epagine.fr\/437\/9791027609437_1_v.jpg"},"orderable":true,"show_badge":true,"formatted_price":"0,00&nbsp;\u20ac","formatted_published_date":"21 octobre 2020","publisher_availability_label":"Sur commande","short_details":"Collectif \u2014 Bayard Jeunesse","translator":null,"weight":234,"page_count":1,"readership":"\u00e0 partir de 7 ANS","editor":"Bayard Jeunesse","price":0,"published_date":"2020-10-20T22:00:00.000000Z","support":"Objet","publisher_availability":1,"stock":0,"editions":[],"url":"https:\/\/quaidesbrumes.com\/ouvrage\/9791027609437\/mortelle-adele-mon-mug"},{"id":"9782818991923","title":"The eminence in shadow Tome 6","description":"Il est pr\u00eat \u00e0 tout pour devenir une \u00c9minence de l'ombre... mais ses plus gros mensonges vont le rattraper !\r\nApr\u00e8s avoir \u00e9t\u00e9 propuls\u00e9 dans un monde parall\u00e8le \u00e0 la suite d'un accident, Cid prend un malin plaisir \u00e0 interpr\u00e9ter son r\u00f4le d'\u00c9minence de l'Ombre, un personnage myst\u00e9rieux qui influence le cours des \u00e9v\u00e9nements depuis les coulisses et qui poss\u00e8de d'incroyables pouvoirs.\r\nSous l'identit\u00e9 d'emprunt de Michael Conk, Cid dispute les \u00e9preuves \u00e9liminatoires du tournoi de Bushin, une grande comp\u00e9tition durant laquelle s'affrontent les plus grands escrimeurs du monde, et o\u00f9 le meilleur d'entre eux est sacr\u00e9 champion. Son objectif ultime est de passer pour un tocard m\u00e9prisable tout en faisant deviner \u00e0 une poign\u00e9e d'individus sa v\u00e9ritable puissance avant de la laisser exploser au moment crucial ! Et comme on peut s'y attendre, le tournoi n'est que la partie visible d'un complot ourdi dans l'ombre... Les malentendus et les fausses id\u00e9es sur fond d'isekai continuent \u00e0 se d\u00e9verser dans ce sixi\u00e8me volume de The Eminence in Shadow !","authors":["Daisuke Aizawa","Anri Sakano","Tozai"],"category_codes":["3000000","3040000","3040500","3040504"],"visuals":{"large":"https:\/\/images.epagine.fr\/923\/9782818991923_1_75.jpg","medium":"https:\/\/images.epagine.fr\/923\/9782818991923_1_m.jpg","thumbnail":"https:\/\/images.epagine.fr\/923\/9782818991923_1_v.jpg"},"orderable":true,"show_badge":true,"formatted_price":"7,95&nbsp;\u20ac","formatted_published_date":"7 septembre 2022","publisher_availability_label":"Sur commande","short_details":"Daisuke Aizawa, Anri Sakano, Tozai \u2014 Bamboo","translator":null,"weight":150,"page_count":142,"readership":"\u00e0 partir de 12 ANS","editor":"Bamboo","price":795,"published_date":"2022-09-06T22:00:00.000000Z","support":"Poche","publisher_availability":1,"stock":0,"editions":[],"url":"https:\/\/quaidesbrumes.com\/ouvrage\/9782818991923\/the-eminence-in-shadow-tome-6"},{"id":"9782302105478","title":"Dorohedoro : All-Star Guide Book","description":"Voici un guide complet et totalement in\u00e9dit cr\u00e9\u00e9 par Q-Hayashida sur l'univers d\u00e9jant\u00e9 de sa s\u00e9rie Dorohedoro. On y trouve des informations sur les personnages, des planches, des illustrations couleurs et des histoires exclusives. Caiman, Nikaido, En et tous les autres personnages de la s\u00e9rie n'auront plus aucun secret pour vous.","authors":["Hayashida q"],"category_codes":["3000000","3040000","3040600","3040605"],"visuals":{"large":"https:\/\/images.epagine.fr\/478\/9782302105478_1_75.jpg","medium":"https:\/\/images.epagine.fr\/478\/9782302105478_1_m.jpg","thumbnail":"https:\/\/images.epagine.fr\/478\/9782302105478_1_v.jpg"},"orderable":true,"show_badge":true,"formatted_price":"16,99&nbsp;\u20ac","formatted_published_date":"2 juillet 2025","publisher_availability_label":"Sur commande","short_details":"Hayashida q \u2014 Soleil","translator":null,"weight":574,"page_count":224,"readership":"\u00e0 partir de 14 ans","editor":"Soleil","price":1699,"published_date":"2025-07-01T22:00:00.000000Z","support":"Grand format","publisher_availability":1,"stock":0,"editions":[],"url":"https:\/\/quaidesbrumes.com\/ouvrage\/9782302105478\/dorohedoro-all-star-guide-book"},{"id":"9782818945247","title":"Ken'en ; comme chien et singe Tome 2","description":"Un duo irr\u00e9sistible au coeur du Japon l\u00e9gendaire ! Une famille de kakuen, des cr\u00e9atures mi-hommes, mi-singes, a \u00e9lu domicile dans le vieux sanctuaire abandonn\u00e9 du village de Mitsuke, dans la province d'Ensh\u00fb. L'un deux, Mashira, a adopt\u00e9 un chien magique tueur de d\u00e9mons envoy\u00e9 initialement pour l'\u00e9liminer, mais qui semble d\u00e9sormais d\u00e9termin\u00e9 \u00e0 veiller fid\u00e8lement sur son ma\u00eetre. \r\n Alors que le moine Benzon continue son enqu\u00eate au village, Mashira, qui a remis \u00e0 l'eau une splendide anguille blanche dans le fleuve Tenry\u00fb, se r\u00e9veille au Palais du Dragon !","authors":["Fuetsudo","Do Fuuetsu","Hitoshi Ichimura","Julien Pouly"],"category_codes":["3000000","3040000","3040400","3040405"],"visuals":{"large":"https:\/\/images.epagine.fr\/247\/9782818945247_1_75.jpg","medium":"https:\/\/images.epagine.fr\/247\/9782818945247_1_m.jpg","thumbnail":"https:\/\/images.epagine.fr\/247\/9782818945247_1_v.jpg"},"orderable":true,"show_badge":true,"formatted_price":"7,95&nbsp;\u20ac","formatted_published_date":"6 juin 2018","publisher_availability_label":"Sur commande","short_details":"Fuetsudo, Do Fuuetsu, Hitoshi Ichimura, Julien Pouly \u2014 Bamboo","translator":"JULIEN POULY","weight":168,"page_count":160,"readership":"\u00e0 partir de 12 ANS","editor":"Bamboo","price":795,"published_date":"2018-06-05T22:00:00.000000Z","support":"Poche","publisher_availability":1,"stock":0,"editions":[],"url":"https:\/\/quaidesbrumes.com\/ouvrage\/9782818945247\/kenen-comme-chien-et-singe-tome-2"},{"id":"9782379507953","title":"Hyouka Tome 3","description":"Alors que Chitanda, Fukube et Ibara ont tous travaill\u00e9 s\u00e9rieusement et \u00e9labor\u00e9 des hypoth\u00e8ses pour r\u00e9soudre le myst\u00e8re fascinant de l'\"incident\" qui a eu lieu 45 ans plus t\u00f4t, H\u00f4tar\u00f4 est mis dans une mauvaise posture, car il n'a rien \u00e0 proposer. Cependant, conscient de l'importance que rev\u00eat cette affaire pour Chitanda, il assemble rapidement toutes les pi\u00e8ces du puzzle dans son esprit et, gr\u00e2ce \u00e0 son don de d\u00e9duction hors du commun, est sur le point de r\u00e9soudre le myst\u00e8re.","authors":["Honobu Yonezawa","Taskohna","Futoshi Nishiya"],"category_codes":["3000000","3040000","3040500","3040502"],"visuals":{"large":"https:\/\/images.epagine.fr\/953\/9782379507953_1_75.jpg","medium":"https:\/\/images.epagine.fr\/953\/9782379507953_1_m.jpg","thumbnail":"https:\/\/images.epagine.fr\/953\/9782379507953_1_v.jpg"},"orderable":true,"show_badge":true,"formatted_price":"8,35&nbsp;\u20ac","formatted_published_date":"29 ao\u00fbt 2025","publisher_availability_label":"Sur commande","short_details":"Honobu Yonezawa, Taskohna, Futoshi Nishiya \u2014 Vega","translator":null,"weight":156,"page_count":180,"readership":"\u00e0 partir de 12 ANS","editor":"Vega","price":835,"published_date":"2025-08-28T22:00:00.000000Z","support":"Poche","publisher_availability":1,"stock":0,"editions":[],"url":"https:\/\/quaidesbrumes.com\/ouvrage\/9782379507953\/hyouka-tome-3"},{"id":"9782353483310","title":"Moi, tsushima Tome 3","description":null,"authors":["Opu no kyodai"],"category_codes":["3000000","3040000","3040600","3040610"],"visuals":{"large":"https:\/\/images.epagine.fr\/310\/9782353483310_1_75.jpg","medium":"https:\/\/images.epagine.fr\/310\/9782353483310_1_m.jpg","thumbnail":"https:\/\/images.epagine.fr\/310\/9782353483310_1_v.jpg"},"orderable":true,"show_badge":true,"formatted_price":"15,00&nbsp;\u20ac","formatted_published_date":"2 mai 2024","publisher_availability_label":"Sur commande","short_details":"Opu no kyodai \u2014 \u00c9ditions le l\u00e9zard noir","translator":null,"weight":310,"page_count":192,"readership":"\u00e0 partir de 14 ans","editor":"\u00c9ditions le l\u00e9zard noir","price":1500,"published_date":"2024-05-01T22:00:00.000000Z","support":"Grand format","publisher_availability":1,"stock":0,"editions":[],"url":"https:\/\/quaidesbrumes.com\/ouvrage\/9782353483310\/moi-tsushima-tome-3"},{"id":"9791033504573","title":"The grocery : Int\u00e9grale Tomes 1 \u00e0 4","description":"Retrouvez les 4 tomes de The Grocery r\u00e9unis en un seul volume !\r\nUn univers teint\u00e9 de r\u00e9alisme social, violent et cru, qui relate le quotidien de ceux que l'on appelle les \" cornerboys \".","authors":["Aur\u00e9lien Ducoudray","Guillaume Singelin"],"category_codes":["3000000","3020000","3020100","3020107"],"visuals":{"large":"https:\/\/images.epagine.fr\/573\/9791033504573_1_75.jpg","medium":"https:\/\/images.epagine.fr\/573\/9791033504573_1_m.jpg","thumbnail":"https:\/\/images.epagine.fr\/573\/9791033504573_1_v.jpg"},"orderable":true,"show_badge":true,"formatted_price":"31,90&nbsp;\u20ac","formatted_published_date":"1er septembre 2017","publisher_availability_label":"Sur commande","short_details":"Aur\u00e9lien Ducoudray, Guillaume Singelin \u2014 Ankama \u00c9ditions","translator":null,"weight":1518,"page_count":420,"readership":"\u00e0 partir de 12 ANS","editor":"Ankama \u00c9ditions","price":3190,"published_date":"2017-08-31T22:00:00.000000Z","support":"Grand format","publisher_availability":1,"stock":0,"editions":[],"url":"https:\/\/quaidesbrumes.com\/ouvrage\/9791033504573\/the-grocery-integrale-tomes-1-a-4"},{"id":"9782723458139","title":"Bleach Tome 23 : mala suerte !","description":"Adolescent de quinze ans, Ichigo Kurosaki poss\u00e8de un don particulier : celui de voir les esprits. Un jour, il croise la route d'une belle shinigami (un \u00eatre spirituel) en train de pourchasser une \"\u00e2me perdue\", un esprit mal\u00e9fique qui hante notre monde et n'arrive pas \u00e0 trouver le repos. Mise en difficult\u00e9 par son ennemi, la jeune fille d\u00e9cide alors de pr\u00eater une partie de ses pouvoirs \u00e0 Ichigo, mais ce dernier h\u00e9rite finalement de toute la puissance d'un shinigami. Contraint d'assumer son nouveau statut, Ichigo va devoir g\u00e9rer ses deux vies : celle de lyc\u00e9en ordinaire, et celle de chasseur de d\u00e9mons... \u00ab Bleach \u00bb est un manga d'action au rythme tr\u00e9pidant, au graphisme soign\u00e9 et \u00e0 l'intrigue palpitante.","authors":["Tite Kubo"],"category_codes":["3000000","3040000","3040500","3040508"],"visuals":{"large":"https:\/\/images.epagine.fr\/139\/9782723458139_1_75.jpg","medium":"https:\/\/images.epagine.fr\/139\/9782723458139_1_m.jpg","thumbnail":"https:\/\/images.epagine.fr\/139\/9782723458139_1_v.jpg"},"orderable":true,"show_badge":true,"formatted_price":"7,20&nbsp;\u20ac","formatted_published_date":"16 ao\u00fbt 2007","publisher_availability_label":"Sur commande","short_details":"Tite Kubo \u2014 Gl\u00e9nat","translator":null,"weight":212,"page_count":208,"readership":"\u00e0 partir de 12 ANS","editor":"Gl\u00e9nat","price":720,"published_date":"2007-08-15T22:00:00.000000Z","support":"Poche","publisher_availability":1,"stock":0,"editions":[],"url":"https:\/\/quaidesbrumes.com\/ouvrage\/9782723458139\/bleach-tome-23-mala-suerte"},{"id":"9782377171248","title":"Made in abyss Tome 2","description":"Au pied de la ville d'Orse s'\u00e9tend l'Abysse, une faille gigantesque \u00e0 la profondeur inconnue habit\u00e9e par d'\u00e9tranges cr\u00e9atures et emplie d'antiques reliques. Depuis des ann\u00e9es, ce gouffre attire de nombreux aventuriers s\u00e9duits par l'aura de myst\u00e8re qui l'entoure et qui se font appeler \u00ab les caverniers \u00bb. C'est ici que vit Rico, une jeune orpheline obs\u00e9d\u00e9e par l'Abysse et d\u00e9sirant marcher dans les traces de sa m\u00e8re qui y a disparu.\r\nUn jour, en prospectant, Rico d\u00e9couvre le corps inanim\u00e9 d'un jeune gar\u00e7on. Elle est alors loin d'imaginer \u00e0 quel point cette d\u00e9couverte va changer sa vie et acc\u00e9l\u00e9rer son destin.","authors":["Akihito Tsukushi","Vincent Zouzoulkovsky"],"category_codes":["3000000","3040000","3040600","3040605"],"visuals":{"large":"https:\/\/images.epagine.fr\/248\/9782377171248_1_75.jpg","medium":"https:\/\/images.epagine.fr\/248\/9782377171248_1_m.jpg","thumbnail":"https:\/\/images.epagine.fr\/248\/9782377171248_1_v.jpg"},"orderable":true,"show_badge":true,"formatted_price":"9,35&nbsp;\u20ac","formatted_published_date":"6 juillet 2018","publisher_availability_label":"Sur commande","short_details":"Akihito Tsukushi, Vincent Zouzoulkovsky \u2014 Ototo","translator":"VINCENT ZOUZOULKOVSKY","weight":240,"page_count":176,"readership":"\u00e0 partir de 12 ANS","editor":"Ototo","price":935,"published_date":"2018-07-05T22:00:00.000000Z","support":"Grand format","publisher_availability":1,"stock":0,"editions":[],"url":"https:\/\/quaidesbrumes.com\/ouvrage\/9782377171248\/made-in-abyss-tome-2"},{"id":"9791032707531","title":"Valkyrie apocalypse Tome 7","description":"Dieux vs humains : l'ultime combat !\r\nC'est dans un d\u00e9cor atypique que se d\u00e9roule le combat qui oppose H\u00e9racl\u00e8s \u00e0 Jack l'\u00c9ventreur ! En effet, pour l'occasion, l'ar\u00e8ne figure d\u00e9sormais le Londres du XIXe si\u00e8cle ; un environnement o\u00f9 le tueur en s\u00e9rie semble s'\u00e9panouir puisque, contre toute attente, il parvient \u00e0 prendre le dessus sur son divin adversaire sans trop de difficult\u00e9...\r\nL'\u00e9preuve est de taille pour le h\u00e9ros grec : c'est en r\u00e9alit\u00e9 la perfidie sans limites de l'\u00eatre humain qu'il doit affronter et, malgr\u00e9 sa puissance d\u00e9mesur\u00e9e, le voil\u00e0 pris au pi\u00e8ge de son ennemi ! Arrivera-t-il \u00e0 retourner la situation \u00e0 son avantage ?","authors":["Shinya Umemura","Takumi Fukui","Ajichika","Alex Ponthaut"],"category_codes":["3000000","3040000","3040600","3040605"],"visuals":{"large":"https:\/\/images.epagine.fr\/531\/9791032707531_1_75.jpg","medium":"https:\/\/images.epagine.fr\/531\/9791032707531_1_m.jpg","thumbnail":"https:\/\/images.epagine.fr\/531\/9791032707531_1_v.jpg"},"orderable":true,"show_badge":true,"formatted_price":"7,95&nbsp;\u20ac","formatted_published_date":"18 f\u00e9vrier 2021","publisher_availability_label":"Sur commande","short_details":"Shinya Umemura, Takumi Fukui, Ajichika, Alex Ponthaut \u2014 Ki-oon","translator":"ALEX PONTHAUT","weight":195,"page_count":null,"readership":"\u00e0 partir de 14 ans","editor":"Ki-oon","price":795,"published_date":"2021-02-17T23:00:00.000000Z","support":"Poche","publisher_availability":1,"stock":0,"editions":[],"url":"https:\/\/quaidesbrumes.com\/ouvrage\/9791032707531\/valkyrie-apocalypse-tome-7"},{"id":"9782811690397","title":"After-school Hanako-kun Tome 1","description":"Hanako, l'esprit des toilettes, et sa mortelle d'assistante, Nene, passent souvent leur temps \u00e0 r\u00e9soudre les divers incidents de l'\u00e9cole Kamome et \u00e0 combattre des esprits de tout poil... Mais \u00e0 quoi leurs moments de r\u00e9pit peuvent-ils bien ressembler ? Jouer \u00e0 des jeux saugrenus, tomber sacr\u00e9ment malades, changer d'apparence par erreur, d\u00e9jouer les plans machiav\u00e9liques des mokke...\r\n\r\nD\u00e9couvrez la vie priv\u00e9e et mouvement\u00e9e de vos personnages pr\u00e9f\u00e9r\u00e9s dans ce spin-off de Toilet-bound Hanako-kun !","authors":["Aidairo"],"category_codes":["3000000","3040000","3040500","3040510"],"visuals":{"large":"https:\/\/images.epagine.fr\/397\/9782811690397_1_75.jpg","medium":"https:\/\/images.epagine.fr\/397\/9782811690397_1_m.jpg","thumbnail":"https:\/\/images.epagine.fr\/397\/9782811690397_1_v.jpg"},"orderable":true,"show_badge":true,"formatted_price":"7,70&nbsp;\u20ac","formatted_published_date":"10 avril 2024","publisher_availability_label":"Sur commande","short_details":"Aidairo \u2014 Pika \u00c9dition","translator":null,"weight":154,"page_count":176,"readership":"\u00e0 partir de 10 ANS","editor":"Pika \u00c9dition","price":770,"published_date":"2024-04-09T22:00:00.000000Z","support":"Poche","publisher_availability":1,"stock":0,"editions":[],"url":"https:\/\/quaidesbrumes.com\/ouvrage\/9782811690397\/after-school-hanako-kun-tome-1"},{"id":"9782372877091","title":"Minuscule Tome 11","description":"La minuscule petite vie de Hakumei et Mikochi dans les bois.\r\nUn manga pour toute la famille !!\r\nAdapt\u00e9 en anim\u00e9 en 2018 ! \r\nHakumei participe \u00e0 son premier vrai projet de r\u00e9novation de maison depuis qu'elle a int\u00e9gr\u00e9 la Compagnie de la Carapace. Elle d\u00e9couvre un m\u00e9tier assez diff\u00e9rent de celui qu'elle exer\u00e7ait quand elle travaillait encore pour le Fend-la-Roche, qui demande beaucoup d'enqu\u00eates et d'investigations pr\u00e9alables pour respecter au mieux le style architectural d'origine. Elle doit m\u00eame faire appel \u00e0 l'expertise de ses anciens coll\u00e8gues! Puis Hakumei, Mikochi et plusieurs de leurs amies aident Konju \u00e0 organiser une soir\u00e9e r\u00e9cital au bar La Panac\u00e9e. Menu pour le diner, d\u00e9coration, affiches, la m\u00e9nestrelle assigne une t\u00e2che \u00e0 chacune... voire plus d'une t\u00e2che, car Mikochi doit \u00e9galement imaginer et confectionner le costume de sc\u00e8ne de la star, ce qui va occasionner \u00e0 la petite couturi\u00e8re beaucoup de stress!","authors":["Takuto Kashiki"],"category_codes":["3000000","3040000","3040600","3040605"],"visuals":{"large":"https:\/\/images.epagine.fr\/091\/9782372877091_1_75.jpg","medium":"https:\/\/images.epagine.fr\/091\/9782372877091_1_m.jpg","thumbnail":"https:\/\/images.epagine.fr\/091\/9782372877091_1_v.jpg"},"orderable":true,"show_badge":true,"formatted_price":"8,50&nbsp;\u20ac","formatted_published_date":"31 ao\u00fbt 2023","publisher_availability_label":"Sur commande","short_details":"Takuto Kashiki \u2014 Komikku \u00e9ditions","translator":null,"weight":178,"page_count":178,"readership":"\u00e0 partir de 8 ANS","editor":"Komikku \u00e9ditions","price":850,"published_date":"2023-08-30T22:00:00.000000Z","support":"Poche","publisher_availability":1,"stock":0,"editions":[],"url":"https:\/\/quaidesbrumes.com\/ouvrage\/9782372877091\/minuscule-tome-11"},{"id":"9791032716007","title":"Du mouvement de la Terre Tome 6","description":"Au-del\u00e0 du savoir, la beaut\u00e9 de l'univers.\r\nTandis qu'ils continuent leurs recherches sur l'h\u00e9liocentrisme, Okszy et Badeni apprennent avec horreur que la petite Jolenta n'est autre que la fille de Novak, l'inquisiteur qui n'a de cesse de pourchasser les h\u00e9r\u00e9tiques... et ce dernier a d\u00e9couvert le secret des deux hommes, malgr\u00e9 toutes leurs pr\u00e9cautions ! Il se lance alors \u00e0 leurs trousses...\r\n\r\nAfin de permettre au fr\u00e8re Badeni de fuir et d'ainsi prot\u00e9ger sa vision du monde, Okszy d\u00e9cide d'affronter seul ses assaillants... Mais le mercenaire a-t-il seulement une chance de survie face \u00e0 des adversaires en position de force, tout aussi convaincus d'oeuvrer pour le bien commun ?\r\n\r\nL'\u00e9motion de la d\u00e9couverte n'a pas de prix. Des g\u00e9n\u00e9rations d'hommes et de femmes ont sacrifi\u00e9 leur vie pour donner un sens \u00e0 l'univers, en d\u00e9pit du dogme religieux ! Prim\u00e9 de nombreuses fois au Japon, \r\nDu mouvement de la Terre nous entra\u00eene dans le flot tumultueux de destin\u00e9es li\u00e9es par la qu\u00eate de la v\u00e9rit\u00e9...","authors":["Uoto"],"category_codes":["3000000","3040000","3040600","3040607"],"visuals":{"large":"https:\/\/images.epagine.fr\/007\/9791032716007_1_75.jpg","medium":"https:\/\/images.epagine.fr\/007\/9791032716007_1_m.jpg","thumbnail":"https:\/\/images.epagine.fr\/007\/9791032716007_1_v.jpg"},"orderable":true,"show_badge":true,"formatted_price":"7,95&nbsp;\u20ac","formatted_published_date":"2 mai 2024","publisher_availability_label":"Sur commande","short_details":"Uoto \u2014 Ki-oon","translator":null,"weight":188,"page_count":171,"readership":"\u00e0 partir de 14 ans","editor":"Ki-oon","price":795,"published_date":"2024-05-01T22:00:00.000000Z","support":"Poche","publisher_availability":1,"stock":0,"editions":[],"url":"https:\/\/quaidesbrumes.com\/ouvrage\/9791032716007\/du-mouvement-de-la-terre-tome-6"},{"id":"9782723499552","title":"Athena","description":"Que seraient les h\u00e9ros sans les dieux ?Une douleur insoutenable se d\u00e9clare soudainement dans le crane de Zeus. Les battements de son coeur r\u00e9sonnent jusque dans ses tempes... La souffrance le tra\u00eene aux fronti\u00e8res de la folie et, pour se lib\u00e9rer de cette interminable torture, le roi olympien fait appel \u00e0 H\u00e9pha\u00efstos. Que son fr\u00e8re mette fin \u00e0 cet immonde calvaire, qu'il lui fende le cr\u00e2ne et par ce geste ach\u00e8ve son tourment ! L'impact, aussi terrible soit-il, laisse vite place \u00e0 l'\u00e9tonnement car, dans l'ouverture b\u00e9ante appara\u00eet un \u00eatre : c'est Ath\u00e9na. Ainsi d\u00e9bute l'histoire de la plus sage des d\u00e9esses. Suivront quelques \u00e9v\u00e9nements fondateurs de son mythe, de ses d\u00e9m\u00eal\u00e9es avec Arachn\u00e9, en passant par l'adoption d'Erichthonios, la d\u00e9b\u00e2cle avec les Gorgones et encore tant d'autres...\r\nApr\u00e8s s'\u00eatre consacr\u00e9e aux grands h\u00e9ros, la collection \u00ab La Sagesse des Mythes \u00bb s'attache dor\u00e9navant \u00e0 pr\u00e9senter les dieux et d\u00e9esses sans qui Ulysse, Hercule, Jason ou Pers\u00e9e n'auraient jamais pu briller. Ath\u00e9na, d\u00e9esse de la guerre, de l'artisanat et protectrice des efforts h\u00e9ro\u00efques s'av\u00e8re \u00eatre la passerelle id\u00e9ale pour ouvrir ce nouveau pan divin de la collection.","authors":["Clotilde Bruneau","Carlos Rafael Duarte","Luc Ferry"],"category_codes":["3000000","3020000","3020100","3020108"],"visuals":{"large":"https:\/\/images.epagine.fr\/552\/9782723499552_1_75.jpg","medium":"https:\/\/images.epagine.fr\/552\/9782723499552_1_m.jpg","thumbnail":"https:\/\/images.epagine.fr\/552\/9782723499552_1_v.jpg"},"orderable":true,"show_badge":true,"formatted_price":"15,50&nbsp;\u20ac","formatted_published_date":"3 mars 2021","publisher_availability_label":"Sur commande","short_details":"Clotilde Bruneau, Carlos Rafael Duarte, Luc Ferry \u2014 Gl\u00e9nat","translator":null,"weight":646,"page_count":56,"readership":null,"editor":"Gl\u00e9nat","price":1550,"published_date":"2021-03-02T23:00:00.000000Z","support":"Grand format","publisher_availability":1,"stock":0,"editions":[],"url":"https:\/\/quaidesbrumes.com\/ouvrage\/9782723499552\/athena"},{"id":"9782931205266","title":"Mon Cervin","description":"La bande dessin\u00e9e \u00ab Mon Cervin \u00bb  n'est pas une fiction mais une tranche de vie. Bien r\u00e9elle. Une tranche de ma propre vie. \u00c0 peine romanc\u00e9e. Une autofiction, donc.  Tout commence en ao\u00fbt 2022. Alors que je fais du rangement dans la maison familiale, je d\u00e9couvre une lettre de mon p\u00e8re d\u00e9c\u00e9d\u00e9. Cette lettre m'est directement adress\u00e9e. Il me demande de disperser ses cendres au sommet du mont Cervin, en Suisse. La t\u00e2che est impossible, et ce pour deux bonnes raisons. Ses cendres, je ne les ai plus, car je les d\u00e9j\u00e0 \u00e9parpill\u00e9es sur la pelouse du cr\u00e9matorium juste apr\u00e8s son incin\u00e9ration. Quant \u00e0 gravir le fameux Cervin dont il parle - le plus beau sommet d'Europe ! - il s'agit d'une \u00e9preuve exigeante exclusivement r\u00e9serv\u00e9e aux alpinistes chevronn\u00e9s. Ce que je ne suis pas. Je ne suis m\u00eame pas sportif.   Et pourtant\u00e2E\u00a6","authors":["Beno\u00eet Roels"],"category_codes":["3000000","3020000","3020300","3020302"],"visuals":{"large":"https:\/\/images.epagine.fr\/266\/9782931205266_1_75.jpg","medium":"https:\/\/images.epagine.fr\/266\/9782931205266_1_m.jpg","thumbnail":"https:\/\/images.epagine.fr\/266\/9782931205266_1_v.jpg"},"orderable":true,"show_badge":true,"formatted_price":"17,95&nbsp;\u20ac","formatted_published_date":"23 janvier 2026","publisher_availability_label":"Sur commande","short_details":"Beno\u00eet Roels \u2014 Kalopsia","translator":null,"weight":800,"page_count":80,"readership":null,"editor":"Kalopsia","price":1795,"published_date":"2026-01-22T23:00:00.000000Z","support":"Grand format","publisher_availability":1,"stock":0,"editions":[],"url":"https:\/\/quaidesbrumes.com\/ouvrage\/9782931205266\/mon-cervin"},{"id":"9782413078012","title":"Avatar : Aux fronti\u00e8res de Pandora","description":"So'lek est un guerrier Na'vi - l'un des seuls survivants de son clan - qui entreprend un voyage \u00e0 travers Pandora. Si la bataille des Montagnes Hallelujah est termin\u00e9e, le traumatisme de la guerre demeure. So'lek est seul, accabl\u00e9 par le chagrin et le d\u00e9sespoir. Seuls Eywa et les liens qu'il tisse avec ceux qu'il rencontre au cours de sa qu\u00eate peuvent lui permettre de gu\u00e9rir les blessures de son pass\u00e9.","authors":["Gabriel Guzman","Ray Fawkes"],"category_codes":["3000000","3030000","3030500"],"visuals":{"large":"https:\/\/images.epagine.fr\/012\/9782413078012_1_75.jpg","medium":"https:\/\/images.epagine.fr\/012\/9782413078012_1_m.jpg","thumbnail":"https:\/\/images.epagine.fr\/012\/9782413078012_1_v.jpg"},"orderable":true,"show_badge":true,"formatted_price":"17,50&nbsp;\u20ac","formatted_published_date":"12 novembre 2025","publisher_availability_label":"Sur commande","short_details":"Gabriel Guzman, Ray Fawkes \u2014 Delcourt","translator":null,"weight":694,"page_count":144,"readership":null,"editor":"Delcourt","price":1750,"published_date":"2025-11-11T23:00:00.000000Z","support":"Grand format","publisher_availability":1,"stock":0,"editions":[],"url":"https:\/\/quaidesbrumes.com\/ouvrage\/9782413078012\/avatar-aux-frontieres-de-pandora"},{"id":"9782413085911","title":"Dragon quest - the adventure of Da\u00ef Tome 14","description":"Cette nouvelle \u00e9dition compile les 37 volumes d'origine en 25 et inclut un nouveau d\u00e9coupage ainsi que des pages couleurs d'origine.\r\nLe Seigneur du Mal est ressuscit\u00e9 ! Encore plus puissant qu'avant, Hadlar arrive sur l'\u00eele de Dermline pour se venger de celui qui l'avait tu\u00e9 autrefois : Avan. Celui-ci n'a d'autre choix que d'affronter son ennemi de toujours pour prot\u00e9ger ses disciples. Mais sera-t-il \u00e0 la hauteur pour terrasser Hadlar, alors qu'il vient de consommer presque toute son \u00e9nergie pour l'entra\u00eenement de Da\u00ef ?","authors":["Riku Sanj\u00f4","K\u00f4ji Inada"],"category_codes":["3000000","3040000","3040500","3040508"],"visuals":{"large":"https:\/\/images.epagine.fr\/911\/9782413085911_1_75.jpg","medium":"https:\/\/images.epagine.fr\/911\/9782413085911_1_m.jpg","thumbnail":"https:\/\/images.epagine.fr\/911\/9782413085911_1_v.jpg"},"orderable":true,"show_badge":true,"formatted_price":"12,99&nbsp;\u20ac","formatted_published_date":"19 mars 2026","publisher_availability_label":"Sur commande","short_details":"Riku Sanj\u00f4, K\u00f4ji Inada \u2014 Delcourt","translator":null,"weight":312,"page_count":304,"readership":"\u00e0 partir de 10 ANS","editor":"Delcourt","price":1299,"published_date":"2026-03-18T23:00:00.000000Z","support":"Poche","publisher_availability":1,"stock":0,"editions":[],"url":"https:\/\/quaidesbrumes.com\/ouvrage\/9782413085911\/dragon-quest-the-adventure-of-dai-tome-14"},{"id":"9782505063490","title":"XIII Mystery Tome 9 : Felicity Brown","description":"Matz et Rossi ont fort \u00e0 faire pour suivre les belles et longues jambes de Felicity Brown dans ce tome 9 de XIII Mystery ! Le lecteur assiste, fascin\u00e9, \u00e0 un road-movie \u00e0 travers le sud des \u00c9tats-Unis, de la petite ville de Southburg en Alabama jusqu'au Costa Verde, en passant par Los Angeles. Toujours aussi redoutable, la belle se joue des agents du FBI. Felicity Brown, Fran Black ou encore Felicidad Moreno au bras du dictateur Ortiz : XIII n'est manifestement pas le seul \u00e0 avoir plusieurs identit\u00e9s.","authors":["Matz","Christian Rossi"],"category_codes":["3000000","3020000","3020100","3020107"],"visuals":{"large":"https:\/\/images.epagine.fr\/490\/9782505063490_1_75.jpg","medium":"https:\/\/images.epagine.fr\/490\/9782505063490_1_m.jpg","thumbnail":"https:\/\/images.epagine.fr\/490\/9782505063490_1_v.jpg"},"orderable":true,"show_badge":true,"formatted_price":"13,95&nbsp;\u20ac","formatted_published_date":"9 octobre 2015","publisher_availability_label":"Sur commande","short_details":"Matz, Christian Rossi \u2014 Dargaud","translator":null,"weight":418,"page_count":48,"readership":"\u00e0 partir de 12 ANS","editor":"Dargaud","price":1395,"published_date":"2015-10-08T22:00:00.000000Z","support":"Grand format","publisher_availability":1,"stock":0,"editions":[],"url":"https:\/\/quaidesbrumes.com\/ouvrage\/9782505063490\/xiii-mystery-tome-9-felicity-brown"},{"id":"9791033514022","title":"Ripper Tome 1","description":"\u00c0 la suite d'un cataclysme sans pr\u00e9c\u00e9dent, l'air est devenu irrespirable et des cr\u00e9atures hostiles ont pris le contr\u00f4le de la plan\u00e8te, for\u00e7ant les derniers survivants \u00e0 se confiner dans une tour de fortune. Parmi eux, des volontaires sont form\u00e9s pour trouver un nouvel \u00e9den. On les appelle les \"Ripper\" ! Lors d'une mission de reconnaissance, l'escadron du Ch\u00eane rencontre Junk, un jeune gar\u00e7on optimiste qui ne semble pas affect\u00e9 par l'\u00e9tat de la Terre...","authors":["J\u00e9ronimo Cejudo"],"category_codes":["3000000","3040000","3040500","3040508"],"visuals":{"large":"https:\/\/images.epagine.fr\/022\/9791033514022_1_75.jpg","medium":"https:\/\/images.epagine.fr\/022\/9791033514022_1_m.jpg","thumbnail":"https:\/\/images.epagine.fr\/022\/9791033514022_1_v.jpg"},"orderable":true,"show_badge":true,"formatted_price":"7,95&nbsp;\u20ac","formatted_published_date":"3 juin 2022","publisher_availability_label":"Sur commande","short_details":"J\u00e9ronimo Cejudo \u2014 Ankama \u00c9ditions","translator":null,"weight":166,"page_count":224,"readership":"\u00e0 partir de 12 ANS","editor":"Ankama \u00c9ditions","price":795,"published_date":"2022-06-02T22:00:00.000000Z","support":"Poche","publisher_availability":1,"stock":0,"editions":["9791033530749"],"url":"https:\/\/quaidesbrumes.com\/ouvrage\/9791033514022\/ripper-tome-1"},{"id":"9782380600834","title":"Vies d'ensemble : Au-del\u00e0 des mots Tome 1","description":"Takeda est professeur de japonais et Arita est fleuriste.\r\nCamarades de classe au lyc\u00e9e, ils ne s'\u00e9taient plus revus depuis la fin de leurs \u00e9tudes. Mais un jour de pluie, leur relation \u00e9volue lorsqu'ils viennent en aide \u00e0 un chat. Ils n'ont pas de sentiments amoureux l'un pour l'autre, ni m\u00eame de raison particuli\u00e8re de vivre ensemble. Pourtant, c'est lorsqu'ils sont aux c\u00f4t\u00e9s l'un de l'autre qu'ils se sentent le plus \u00e0 l'aise.\r\nIls ont une relation diff\u00e9rente des couples, des amis ou encore d'une famille. Mais ils appr\u00e9cient passer du temps ensemble.","authors":["Fumiya Hayashi"],"category_codes":["3000000","3040000","3040700","3040702"],"visuals":{"large":"https:\/\/images.epagine.fr\/834\/9782380600834_1_75.jpg","medium":"https:\/\/images.epagine.fr\/834\/9782380600834_1_m.jpg","thumbnail":"https:\/\/images.epagine.fr\/834\/9782380600834_1_v.jpg"},"orderable":true,"show_badge":true,"formatted_price":"5,00&nbsp;\u20ac","formatted_published_date":"19 avril 2024","publisher_availability_label":"Sur commande","short_details":"Fumiya Hayashi \u2014 naBan \u00c9ditions","translator":null,"weight":226,"page_count":200,"readership":"\u00e0 partir de 14 ans","editor":"naBan \u00c9ditions","price":500,"published_date":"2024-04-18T22:00:00.000000Z","support":"Poche","publisher_availability":1,"stock":0,"editions":[],"url":"https:\/\/quaidesbrumes.com\/ouvrage\/9782380600834\/vies-densemble-au-dela-des-mots-tome-1"}]}