{"data":[{"id":"9782811682590","title":"Thunder 3 Tome 1","description":"Pyontar\u00f4 est un coll\u00e9gien dont la petite soeur, Futaba, l'aime plus que tout. Un jour, lui et ses camarades surnomm\u00e9s les small 3, d\u00e9cident de jeter un oeil \u00e0 l'\u00e9trange disque re\u00e7u par leur professeur. Les gar\u00e7ons sont cependant loin de se douter que celui-ci est reli\u00e9 \u00e0 un autre monde... et pendant qu'ils ont le dos tourn\u00e9, voil\u00e0 que Futaba se retrouve aspir\u00e9e dans cette dimension parall\u00e8le ! Pyontar\u00f4 et ses copains parviendront-ils \u00e0 retrouver la petite fille ? Et quel est cet \u00e9trange univers dans lequel ils ont atterri ?!","authors":["Yuki Ikeda"],"category_codes":["3000000","3040000","3040500","3040503"],"visuals":{"large":"https:\/\/images.epagine.fr\/590\/9782811682590_1_75.jpg","medium":"https:\/\/images.epagine.fr\/590\/9782811682590_1_m.jpg","thumbnail":"https:\/\/images.epagine.fr\/590\/9782811682590_1_v.jpg"},"orderable":true,"show_badge":true,"formatted_price":"8,20&nbsp;\u20ac","formatted_published_date":"17 janvier 2024","publisher_availability_label":"Sur commande","short_details":"Yuki Ikeda \u2014 Pika \u00c9dition","translator":null,"weight":236,"page_count":192,"readership":"\u00e0 partir de 12 ANS","editor":"Pika \u00c9dition","price":820,"published_date":"2024-01-16T23:00:00.000000Z","support":"Poche","publisher_availability":1,"stock":0,"editions":[],"url":"https:\/\/quaidesbrumes.com\/ouvrage\/9782811682590\/thunder-3-tome-1"},{"id":"9782490975587","title":"Ma famille imaginaire","description":"Un r\u00e9cit tr\u00e8s actuel, un portrait de femme bouleversant !\r\nC'est l'histoire d'une femme d'une trentaine d'ann\u00e9es qui, du jour au lendemain, se trouve terroris\u00e9e, t\u00e9tanis\u00e9e, clou\u00e9e au sol. Quelque chose en elle s'est r\u00e9veill\u00e9 ou rompu, mais elle ne comprend ni quoi ni pourquoi... Alors sa m\u00e8re se voit dans l'obligation de lui r\u00e9v\u00e9ler certaines choses, longtemps tues et profond\u00e9ment enfouies. Et cette parole va, par effraction, balayer tout un imaginaire. La bo\u00eete de Pandore est ouverte.\r\nUne famille imaginaire, c'est celle qu'on a toujours connue, mais qui ne sera plus jamais vraiment la m\u00eame, d\u00e8s lors qu'on en d\u00e9terre les secrets... Une famille imaginaire, c'est celle qu'on pensait cr\u00e9er, jusqu'\u00e0 ce qu'on r\u00e9alise qu'elle n'\u00e9tait pas vraiment destin\u00e9e \u00e0 exister.","authors":["Edith Chambon"],"category_codes":["3000000","3020000","3020100","3020103"],"visuals":{"large":"https:\/\/images.epagine.fr\/587\/9782490975587_1_75.jpg","medium":"https:\/\/images.epagine.fr\/587\/9782490975587_1_m.jpg","thumbnail":"https:\/\/images.epagine.fr\/587\/9782490975587_1_v.jpg"},"orderable":true,"show_badge":true,"formatted_price":"26,00&nbsp;\u20ac","formatted_published_date":"19 octobre 2023","publisher_availability_label":"Sur commande","short_details":"Edith Chambon \u2014 L'Agrume","translator":null,"weight":1240,"page_count":256,"readership":null,"editor":"L'Agrume","price":2600,"published_date":"2023-10-18T22:00:00.000000Z","support":"Grand format","publisher_availability":1,"stock":0,"editions":[],"url":"https:\/\/quaidesbrumes.com\/ouvrage\/9782490975587\/ma-famille-imaginaire"},{"id":"9782811684761","title":"Ton visage au clair de lune Tome 6","description":"Yoi a des traits fins, un corps svelte et une voix au timbre bas... R\u00e9sultat : tout le monde consid\u00e8re Yoi comme un tr\u00e8s beau gar\u00e7on, quitte \u00e0 en oublier qu'elle est une fille. Adul\u00e9e de tous, surtout de la gent f\u00e9minine, de par son allure de h\u00e9ros de conte de f\u00e9es, elle est surnomm\u00e9e le prince par ses camarades de classe. La lyc\u00e9enne \u00e9prouve des sentiments partag\u00e9s face \u00e0 cette \u00e9trange forme de popularit\u00e9. Sa rencontre avec Ichimura, l'autre prince du lyc\u00e9e qui, lui, est bel et bien un gar\u00e7on, pourrait bousculer l'image que Yoi a d'elle-m\u00eame...","authors":["Mika Yamamori"],"category_codes":["3000000","3040000","3040400","3040409"],"visuals":{"large":"https:\/\/images.epagine.fr\/761\/9782811684761_1_75.jpg","medium":"https:\/\/images.epagine.fr\/761\/9782811684761_1_m.jpg","thumbnail":"https:\/\/images.epagine.fr\/761\/9782811684761_1_v.jpg"},"orderable":true,"show_badge":true,"formatted_price":"7,20&nbsp;\u20ac","formatted_published_date":"2 novembre 2023","publisher_availability_label":"Sur commande","short_details":"Mika Yamamori \u2014 Pika \u00c9dition","translator":null,"weight":148,"page_count":192,"readership":"\u00e0 partir de 12 ANS","editor":"Pika \u00c9dition","price":720,"published_date":"2023-11-01T23:00:00.000000Z","support":"Poche","publisher_availability":1,"stock":0,"editions":[],"url":"https:\/\/quaidesbrumes.com\/ouvrage\/9782811684761\/ton-visage-au-clair-de-lune-tome-6"},{"id":"9782384961412","title":"Fallen Zeus : Le dieu supr\u00eame et l'esclave Tome 1","description":"Il y a 2500 ans, au coeur de la Gr\u00e8ce...\r\nL'\u00e2me du dieu Zeus, omniscient et omnipotent, a \u00e9t\u00e9 emprisonn\u00e9e par ses propres enfants Apollon, Ath\u00e9na, Ar\u00e8s et Art\u00e9mis, afin de prot\u00e9ger le monde de sa conduite tyrannique et arrogante. Condamn\u00e9 \u00e0 se r\u00e9incarner pendant mille ans dans le corps d'\u00eatres humains, Zeus partage d\u00e9sormais son enveloppe charnelle avec Tyet, un jeune esclave \u00e9gyptien.  \r\nMais lorsque la vie de Tyet vient \u00e0 \u00eatre menac\u00e9e, le sceau de sa prison mill\u00e9naire se brise et l'\u00e2me de Zeus est enfin lib\u00e9r\u00e9e... L'Olympe est-elle pr\u00eate \u00e0 affronter le retour de son Dieu Supr\u00eame ?\r\nUne immersion captivante et \u00e0 couper le souffle au coeur d'une mythologie grecque r\u00e9invent\u00e9e !","authors":["Ei Ohitsuji"],"category_codes":["3000000","3040000","3040400","3040405"],"visuals":{"large":"https:\/\/images.epagine.fr\/412\/9782384961412_1_75.jpg","medium":"https:\/\/images.epagine.fr\/412\/9782384961412_1_m.jpg","thumbnail":"https:\/\/images.epagine.fr\/412\/9782384961412_1_v.jpg"},"orderable":true,"show_badge":true,"formatted_price":"7,20&nbsp;\u20ac","formatted_published_date":"9 octobre 2024","publisher_availability_label":"Sur commande","short_details":"Ei Ohitsuji \u2014 Nobi Nobi","translator":null,"weight":196,"page_count":208,"readership":"\u00e0 partir de 12 ANS","editor":"Nobi Nobi","price":720,"published_date":"2024-10-08T22:00:00.000000Z","support":"Poche","publisher_availability":1,"stock":0,"editions":[],"url":"https:\/\/quaidesbrumes.com\/ouvrage\/9782384961412\/fallen-zeus-le-dieu-supreme-et-lesclave-tome-1"},{"id":"9782382819210","title":"PTSD Radio Tome 1","description":"Captez-vous l'\u00e9trange fr\u00e9quence de PTSD Radio ? L'horreur rampe, glisse et se tapit dans le noir. Elle vous tire par les cheveux, elle vous happe comme le vide, elle se transmet comme un virus et s'infiltre par tous les pores de votre vie.Vous pouvez toujours refermer le livre... mais il sera d\u00e9j\u00e0 trop tard.Avec PTSD Radio, Masaaki Nakayama, loin d'en \u00eatre \u00e0 son coup d'essai dans le domaine de l'horreur, appose ici sa patte avec une intensit\u00e9 saisissante.","authors":["Masaaki Nakayama"],"category_codes":["3000000","3040000","3040600","3040605"],"visuals":{"large":"https:\/\/images.epagine.fr\/210\/9782382819210_1_75.jpg","medium":"https:\/\/images.epagine.fr\/210\/9782382819210_1_m.jpg","thumbnail":"https:\/\/images.epagine.fr\/210\/9782382819210_1_v.jpg"},"orderable":true,"show_badge":true,"formatted_price":"16,95&nbsp;\u20ac","formatted_published_date":"16 octobre 2024","publisher_availability_label":"Sur commande","short_details":"Masaaki Nakayama \u2014 Mangetsu","translator":null,"weight":370,"page_count":320,"readership":"\u00e0 partir de 14 ans","editor":"Mangetsu","price":1695,"published_date":"2024-10-15T22:00:00.000000Z","support":"Grand format","publisher_availability":1,"stock":0,"editions":[],"url":"https:\/\/quaidesbrumes.com\/ouvrage\/9782382819210\/ptsd-radio-tome-1"},{"id":"9782723450294","title":"Eyeshield 21 Tome 3 : on leur donne pour nom Deimon Deuil Bats","description":"Difficile de se faire respecter quand on est depuis toujours le souffre-douleur de ses camarades ! Sena le sait bien, lui qui est constamment charg\u00e9 de faire le \u00ab coursier \u00bb pour tous ceux qui le briment. Pour cette rentr\u00e9e scolaire, Sena veut tourner la page et se d\u00e9cide \u00e0 rentrer dans un club. Malheureusement pour lui, il croise le chemin de Hiruma, le responsable du club de football am\u00e9ricain, un \u00eatre psychotique pr\u00eat \u00e0 toutes les combines pour faire rentrer des joueurs dans son club. Lorsqu'il d\u00e9couvre que Sena est dot\u00e9 d'un jeu de jambe hors du commun, il d\u00e9cide de jeter son d\u00e9volu sur le pauvre gar\u00e7on. Et ils n'ont pas int\u00e9r\u00eat \u00e0 tarder de recruter les onze autres joueurs manquants pour former une \u00e9quipe, car le d\u00e9but du championnat inter lyc\u00e9en d\u00e9bute... dans 24 heures ! \r\nEye Shield 21 est la nouvelle bombe sportive du Sh\u00f4nen Jump, un m\u00e9lange d\u00e9tonnant d'humour et d'action qui fait actuellement fureur au Japon ! Vous ne connaissez rien au foot am\u00e9ricain ? Rassurez-vous, le h\u00e9ros non plus ! Preuve est faite, encore une fois, que les japonais sont capables de rendre passionnant n'importe quel sujet. Un futur hit du sh\u00f4nen en France !","authors":["Riichir\u00f4 Inagaki","Yusuke Murata"],"category_codes":["3000000","3040000","3040500","3040511"],"visuals":{"large":"https:\/\/images.epagine.fr\/294\/9782723450294_1_75.jpg","medium":"https:\/\/images.epagine.fr\/294\/9782723450294_1_m.jpg","thumbnail":"https:\/\/images.epagine.fr\/294\/9782723450294_1_v.jpg"},"orderable":true,"show_badge":true,"formatted_price":"7,20&nbsp;\u20ac","formatted_published_date":"24 ao\u00fbt 2005","publisher_availability_label":"Sur commande","short_details":"Riichir\u00f4 Inagaki, Yusuke Murata \u2014 Gl\u00e9nat","translator":null,"weight":155,"page_count":208,"readership":"\u00e0 partir de 12 ANS","editor":"Gl\u00e9nat","price":720,"published_date":"2005-08-23T22:00:00.000000Z","support":"Poche","publisher_availability":1,"stock":0,"editions":[],"url":"https:\/\/quaidesbrumes.com\/ouvrage\/9782723450294\/eyeshield-21-tome-3-on-leur-donne-pour-nom-deimon-deuil-bats"},{"id":"9782373495690","title":"Iruma \u00e0 l'\u00e9cole des d\u00e9mons Tome 14","description":"Il y a des mots que j'ai toujours gard\u00e9s pour moi... C'est le deuxi\u00e8me jour du Festival des r\u00e9coltes et Iruma et Lied n'ont toujours pas engrang\u00e9 le moindre point. L'\u00e9quipe des enfants de la for\u00eat se lance alors \u00e0 la recherche de la feuille l\u00e9gendaire, objet d'une valeur inestimable que personne n'a jamais trouv\u00e9, pour tenter de renverser la situation et faire un comeback instantan\u00e9. Mais cette qu\u00eate conduira Iruma \u00e0 sa plus terrible \u00e9preuve \u00e0 ce jour...","authors":["Osamu Nishi","Fabrice Colin","Antoine Brivet"],"category_codes":["3000000","3040000","3040500","3040510"],"visuals":{"large":"https:\/\/images.epagine.fr\/690\/9782373495690_1_75.jpg","medium":"https:\/\/images.epagine.fr\/690\/9782373495690_1_m.jpg","thumbnail":"https:\/\/images.epagine.fr\/690\/9782373495690_1_v.jpg"},"orderable":true,"show_badge":true,"formatted_price":"7,20&nbsp;\u20ac","formatted_published_date":"13 juillet 2022","publisher_availability_label":"Sur commande","short_details":"Osamu Nishi, Fabrice Colin, Antoine Brivet \u2014 Nobi Nobi","translator":null,"weight":186,"page_count":192,"readership":"\u00e0 partir de 8 ANS","editor":"Nobi Nobi","price":720,"published_date":"2022-07-12T22:00:00.000000Z","support":"Poche","publisher_availability":1,"stock":0,"editions":[],"url":"https:\/\/quaidesbrumes.com\/ouvrage\/9782373495690\/iruma-a-lecole-des-demons-tome-14"},{"id":"9782487433045","title":"Anders et la com\u00e8te","description":"C'est la veille des vacances \u00e0 Chiffonville. Pas id\u00e9al pour se faire une place dans sa nouvelle \u00e9cole... C'est pourtant l'\u00e9preuve qui attend Bernie, le jeune \u00e9l\u00e9phant qui trouvera en Anders - un \u00e9cureuil - plus qu'un camarade de classe : un ami et un voisin ! L'occasion est parfaite pour prendre un raccourci sur le chemin du retour : celui qui passe non loin de la myst\u00e9rieuse \u00ab Pince Verte \u00bb ... \r\nC'est le d\u00e9but d'une aventure qui se d\u00e9roulera les yeux riv\u00e9s aux \u00e9toiles, les copains pr\u00e8s de soi et les poches pleines de bonbons !\r\nPlus qu'une simple r\u00e9\u00e9dition de l'aventure originale de notre vaillant \u00e9cureuil, cette version d'Anders et la com\u00e8te propose une mise en couleurs superbement aquarell\u00e9e de l'auteur, indisponible lors de la premi\u00e8re publication. The Hoochie Coochie en a profit\u00e9 pour r\u00e9\u00e9tudier la fabrication du livre avec cette fausse bodonienne raffin\u00e9e et particuli\u00e8rement r\u00e9sistante.  Restent les qualit\u00e9s qui ont fait de la s\u00e9rie un succ\u00e8s : une bande dessin\u00e9e qui s'adapte au rythme de lecture des enfants, un dessin doux et une narration dynamique, des personnages intr\u00e9pides et attachants et une aventure qui met \u00e0 l'honneur les qualit\u00e9s humaines de nos jeunes ami\u00b7e\u00b7s : ici, pas de manich\u00e9isme simpliste, dans les aventures d'Anders, il n'y a pas de \u00ab m\u00e9chant \u00bb !\r\nS\u00e9lection jeunesse du FIBD Angoul\u00eame 2017 \/ Silver Ledger Award en Australie en 2016","authors":["Gregory Mackay","Gautier Ducatez"],"category_codes":["3000000","3020000","3020200"],"visuals":{"large":"https:\/\/images.epagine.fr\/045\/9782487433045_1_75.jpg","medium":"https:\/\/images.epagine.fr\/045\/9782487433045_1_m.jpg","thumbnail":"https:\/\/images.epagine.fr\/045\/9782487433045_1_v.jpg"},"orderable":true,"show_badge":true,"formatted_price":"21,00&nbsp;\u20ac","formatted_published_date":"5 mars 2025","publisher_availability_label":"Sur commande","short_details":"Gregory Mackay, Gautier Ducatez \u2014 The Hoochie Coochie","translator":"GAUTIER DUCATEZ","weight":426,"page_count":160,"readership":"Tout public","editor":"The Hoochie Coochie","price":2100,"published_date":"2025-03-04T23:00:00.000000Z","support":"Grand format","publisher_availability":1,"stock":0,"editions":[],"url":"https:\/\/quaidesbrumes.com\/ouvrage\/9782487433045\/anders-et-la-comete"},{"id":"9782754835817","title":"Le dernier costume n'a pas de poche","description":"En 2018, Chamesddine Marzoug, p\u00eacheur et b\u00e9n\u00e9vole au Croissant Rouge, a lanc\u00e9 un appel au parlement europ\u00e9en de Strasbourg pour faire preuve d'humanit\u00e9 face \u00e0 ceux qui fuient leur pays pour avoir un avenir. Insistant sur la mort d'un enfant \u00e2g\u00e9 de 5 ans, il a demand\u00e9 \u00e0 l'auditoire : \u00ab Quelle erreur a-t-il commise, \u00e0 son \u00e2ge ? \u00bb\r\nCe livre est l'histoire d'un homme qui s'est donn\u00e9 pour mission d'enterrer \u00ab dignement \u00bb les migrants morts au large de la Tunisie en tentant de rejoindre l'Europe. Laurent Galandon a tir\u00e9 de sa rencontre avec Chamesddine Marzoug une fiction \u00e9mouvante, inspir\u00e9e des faits, lieux et situations r\u00e9els, qui laisse une place \u00e0 l'espoir.\r\n\r\nChamesddine Marzoug. B\u00e9n\u00e9vole au Croissant Rouge, ce p\u00eacheur quinquag\u00e9naire de Zarzis, au sud de la Tunisie, offre aux migrants anonymes morts en M\u00e9diterran\u00e9e une s\u00e9pulture dans le cimeti\u00e8re des inconnus qu'il a lui-m\u00eame cr\u00e9\u00e9. Ce matin de mars 2022, \u00e0 bord d'un bateau de p\u00eache, il est \u00e0 nouveau t\u00e9moin de corps flottants au large de la m\u00e9diterran\u00e9e. Le m\u00eame jour, il fait la connaissance d'un adolescent perdu, Abdoulaye, qui est arriv\u00e9 sur la plage sans savoir o\u00f9 il \u00e9tait exactement. Encore un migrant, parti de Lybie. Perdu en mer, sans vivres, il a surv\u00e9cu, dit-il, emport\u00e9 par des tortues g\u00e9antes jusqu'au rivage tunisien.\r\nPour connaitre la mis\u00e8re des migrants, Chamesddine n'en est pas moins confront\u00e9 \u00e0 une autre r\u00e9alit\u00e9, celle de sa famille, \u00e0 qui on refuse des visas, alors que l'Europe facilite l'arriv\u00e9e des r\u00e9fugi\u00e9s d'Ukraine et ses amis, devenus passeurs.","authors":["Laurent Galandon","Paolo Castaldi"],"category_codes":["3000000","3020000","3020100","3020103"],"visuals":{"large":"https:\/\/images.epagine.fr\/817\/9782754835817_1_75.jpg","medium":"https:\/\/images.epagine.fr\/817\/9782754835817_1_m.jpg","thumbnail":"https:\/\/images.epagine.fr\/817\/9782754835817_1_v.jpg"},"orderable":true,"show_badge":true,"formatted_price":"23,00&nbsp;\u20ac","formatted_published_date":"5 f\u00e9vrier 2025","publisher_availability_label":"Sur commande","short_details":"Laurent Galandon, Paolo Castaldi \u2014 Futuropolis","translator":null,"weight":782,"page_count":160,"readership":null,"editor":"Futuropolis","price":2300,"published_date":"2025-02-04T23:00:00.000000Z","support":"Grand format","publisher_availability":1,"stock":0,"editions":[],"url":"https:\/\/quaidesbrumes.com\/ouvrage\/9782754835817\/le-dernier-costume-na-pas-de-poche"},{"id":"9782818989098","title":"Zo\u00e9 Carrington Tome 1","description":"C'\u00e9taient vos ann\u00e9es d'\u00e9tudes \u00e0 Londres. Vous r\u00eaviez tous de devenir des rois de la finance. Et puis, tu as rencontr\u00e9 Zo\u00e9...  Tu as oubli\u00e9 les soir\u00e9es alcoolis\u00e9es m\u00e9morables, le temps o\u00f9 rencontrer des filles \u00e9tait ta priorit\u00e9. Tu as oubli\u00e9 le plaisir de parler \u00e0 des inconnus comme \u00e0 des amis de longue date, et de partager ensemble les grands r\u00eaves, les petits secrets. Tu as oubli\u00e9 l'amphith\u00e9\u00e2tre, les cours et les examens, les nuits dans les pubs et ces copains qui \u00e9taient toute ta vie. Comment ils s'appelaient d\u00e9j\u00e0 ? Rotthenberg ? JP ? Et tous les autres ? Tu as tout oubli\u00e9. Tout. Sauf Zo\u00e9 Carrington.Apr\u00e8s le succ\u00e8s d'Une nuit \u00e0 Rome, Zo\u00e9 Carrington est le nouveau r\u00e9cit-phare de Jim. Un album ambitieux, o\u00f9 l'apparente l\u00e9g\u00e8ret\u00e9 se teinte d'une force profonde. C'\u00e9taient vos ann\u00e9es d'\u00e9tudes \u00e0 Londres. Vous r\u00eaviez tous de devenir des rois de la finance. Et puis, tu as rencontr\u00e9 Zo\u00e9...","authors":["Jim"],"category_codes":["3000000","3020000","3020100","3020103"],"visuals":{"large":"https:\/\/images.epagine.fr\/098\/9782818989098_1_75.jpg","medium":"https:\/\/images.epagine.fr\/098\/9782818989098_1_m.jpg","thumbnail":"https:\/\/images.epagine.fr\/098\/9782818989098_1_v.jpg"},"orderable":true,"show_badge":true,"formatted_price":"18,90&nbsp;\u20ac","formatted_published_date":"31 janvier 2024","publisher_availability_label":"Sur commande","short_details":"Jim \u2014 Bamboo","translator":null,"weight":822,"page_count":96,"readership":null,"editor":"Bamboo","price":1890,"published_date":"2024-01-30T23:00:00.000000Z","support":"Grand format","publisher_availability":1,"stock":0,"editions":["9791041105328"],"url":"https:\/\/quaidesbrumes.com\/ouvrage\/9782818989098\/zoe-carrington-tome-1"},{"id":"9782382750216","title":"Grand blue Tome 1","description":"Prenez la vague ! De jolies filles, un nouveau monde, une bande d'idiots !  Pour son entr\u00e9e \u00e0 l'universit\u00e9, le jeune Iori emm\u00e9nage chez son oncle, propri\u00e9taire d'une boutique de plong\u00e9e en bord de mer. Plein d'entrain pour cette nouvelle vie d'adulte qui commence, il n'\u00e9tait pas pr\u00e9par\u00e9 \u00e0 se faire recruter de force dans le club de plong\u00e9e totalement d\u00e9sinhib\u00e9 de sa fac, qui encha\u00eene les beuveries sans aucune retenue ! En plus de \u00e7a, Iori a peur de l'eau...   Peut-on vraiment apprendre \u00e0 aimer la plong\u00e9e quand on ne sait pas nager ?!\r","authors":["Kenji Inoue","Kimitake Yoshioka","C\u00e9lia Chinarro"],"category_codes":["3000000","3040000","3040600","3040610"],"visuals":{"large":"https:\/\/images.epagine.fr\/216\/9782382750216_1_75.jpg","medium":"https:\/\/images.epagine.fr\/216\/9782382750216_1_m.jpg","thumbnail":"https:\/\/images.epagine.fr\/216\/9782382750216_1_v.jpg"},"orderable":true,"show_badge":true,"formatted_price":"6,95&nbsp;\u20ac","formatted_published_date":"24 f\u00e9vrier 2021","publisher_availability_label":"Sur commande","short_details":"Kenji Inoue, Kimitake Yoshioka, C\u00e9lia Chinarro \u2014 Meian","translator":"CELIA CHINARRO","weight":250,"page_count":196,"readership":"\u00e0 partir de 14 ans","editor":"Meian","price":695,"published_date":"2021-02-23T23:00:00.000000Z","support":"Poche","publisher_availability":1,"stock":0,"editions":[],"url":"https:\/\/quaidesbrumes.com\/ouvrage\/9782382750216\/grand-blue-tome-1"},{"id":"9782382754696","title":"Baki the grappler - perfect edition Tome 4","description":"Il a un coeur d'or... Et des poings d'acier !  Combat de v\u00e9t\u00e9rans dans l'ar\u00e8ne souterraine : Doppo Orochi affronte Y\u00fbjir\u00f4 Hanma, qui lui a inflig\u00e9 une foudroyante et terrible d\u00e9faite dix ann\u00e9es plus t\u00f4t. Le grand ma\u00eetre du karat\u00e9 Shinshinkai est au sommet de son art, mais cela sera-t-il suffisant ? Apr\u00e8s tout, le p\u00e8re de Baki n'a cess\u00e9 de progresser depuis leur derni\u00e8re rencontre, et il est plus violent et cruel que jamais.  Ce n'est pas pour rien qu'on l'appelle l'Ogre...  Qui sortira vainqueur de ce duel d'anthologie ?!  Transcender la tradition pour vaincre son pass\u00e9 !","authors":["Keisuke Itagaki"],"category_codes":["3000000","3040000","3040500","3040508"],"visuals":{"large":"https:\/\/images.epagine.fr\/696\/9782382754696_1_75.jpg","medium":"https:\/\/images.epagine.fr\/696\/9782382754696_1_m.jpg","thumbnail":"https:\/\/images.epagine.fr\/696\/9782382754696_1_v.jpg"},"orderable":true,"show_badge":true,"formatted_price":"12,95&nbsp;\u20ac","formatted_published_date":"16 ao\u00fbt 2022","publisher_availability_label":"Sur commande","short_details":"Keisuke Itagaki \u2014 Meian","translator":null,"weight":500,"page_count":336,"readership":"\u00e0 partir de 12 ANS","editor":"Meian","price":1295,"published_date":"2022-08-15T22:00:00.000000Z","support":"Grand format","publisher_availability":1,"stock":0,"editions":[],"url":"https:\/\/quaidesbrumes.com\/ouvrage\/9782382754696\/baki-the-grappler-perfect-edition-tome-4"},{"id":"9791094442180","title":"Jurassik Reich","description":"Con\u00e7u comme un simple journal de campagne, Jurassik Reich nous plonge au coeur de la bataille du Jurassique.\r\nGuerre longtemps oubli\u00e9e, vue trop souvent comme un massacre de dinosaures par des soldats nazis, l'auteur nous propose un regard plein d'humanit\u00e9 envers ces hommes et ces femmes qui ont combattu des monstres ant\u00e9diluviens. Ce r\u00e9cit en couleurs nous d\u00e9peint \u00e9galement les travers d'une guerre, qui comme tous les conflits nous am\u00e8ne son lot de cruaut\u00e9 et de crimes sexuels ;\r\nMais aussi des petits moments qui font le quotidien d'un soldat, o\u00f9 le temps est suspendu et les distractions salvatrices.\r\nF\u00e9lix Kerjean, aux traits \u00e9voquant un Willem haut en couleurs, met en sc\u00e8ne par des sc\u00e9nettes un combat des plus grands \u00ab m\u00e9chants \u00bb que la Terre ait port\u00e9, sans se priver d'y m\u00ealer barbarie et instants grotesques, r\u00e9f\u00e9rences artistiques et sadisme, humanit\u00e9 et inhumanit\u00e9.\r\nLe livre est augment\u00e9 d'archives et photos de fouilles arch\u00e9ologiques, et d'une pr\u00e9face d'un arch\u00e9ologue.","authors":["F\u00e9lix Kerjean"],"category_codes":["3000000","3020000","3020100","3020111"],"visuals":{"large":"https:\/\/images.epagine.fr\/180\/9791094442180_1_75.jpg","medium":"https:\/\/images.epagine.fr\/180\/9791094442180_1_m.jpg","thumbnail":"https:\/\/images.epagine.fr\/180\/9791094442180_1_v.jpg"},"orderable":true,"show_badge":true,"formatted_price":"18,00&nbsp;\u20ac","formatted_published_date":"14 juin 2019","publisher_availability_label":"Sur commande","short_details":"F\u00e9lix Kerjean \u2014 Super Loto","translator":null,"weight":165,"page_count":96,"readership":null,"editor":"Super Loto","price":1800,"published_date":"2019-06-13T22:00:00.000000Z","support":"Grand format","publisher_availability":1,"stock":0,"editions":[],"url":"https:\/\/quaidesbrumes.com\/ouvrage\/9791094442180\/jurassik-reich"},{"id":"9782373495652","title":"Iruma \u00e0 l'\u00e9cole des d\u00e9mons Tome 12","description":"Le festival des r\u00e9coltes commence ! Bienvenue \u00e0 une \u00e9preuve de survie infernale !!\r\nAvec l'aide de Bachiko, son enseignante attitr\u00e9e au caract\u00e8re un peu sp\u00e9cial, Iruma se d\u00e9couvre une force nouvelle. Et il n'est pas le seul. Apr\u00e8s un entra\u00eenement intensif aupr\u00e8s de pr\u00e9cepteurs tous plus givr\u00e9s les uns que les autres, la classe anormale se retrouve au grand complet, plus m\u00fbre et plus forte mais toujours \u00e9gale \u00e0 elle-m\u00eame, pour une \u00e9preuve de survie dans la jungle o\u00f9 il va falloir jouer des coudes !\r","authors":["Osamu Nishi","Fabrice Colin","Antoine Brivet"],"category_codes":["3000000","3040000","3040500","3040510"],"visuals":{"large":"https:\/\/images.epagine.fr\/652\/9782373495652_1_75.jpg","medium":"https:\/\/images.epagine.fr\/652\/9782373495652_1_m.jpg","thumbnail":"https:\/\/images.epagine.fr\/652\/9782373495652_1_v.jpg"},"orderable":true,"show_badge":true,"formatted_price":"7,20&nbsp;\u20ac","formatted_published_date":"2 mars 2022","publisher_availability_label":"Sur commande","short_details":"Osamu Nishi, Fabrice Colin, Antoine Brivet \u2014 Nobi Nobi","translator":null,"weight":186,"page_count":192,"readership":"\u00e0 partir de 8 ANS","editor":"Nobi Nobi","price":720,"published_date":"2022-03-01T23:00:00.000000Z","support":"Poche","publisher_availability":1,"stock":0,"editions":[],"url":"https:\/\/quaidesbrumes.com\/ouvrage\/9782373495652\/iruma-a-lecole-des-demons-tome-12"},{"id":"9782902039722","title":"500 ans de r\u00e9sistance autochtone","description":"\u00ab La Renaissance europ\u00e9enne, la r\u00e9volution industrielle et le capitalisme ont r\u00e9sult\u00e9 en grande partie du pillage et du vol des ressources des terres des Premiers Peuples. \u00bb\r\n\r\nDepuis l'arriv\u00e9e de Christophe Colomb, les peuples autochtones d'Am\u00e9rique n'ont cess\u00e9 de se battre contre l'accaparement de leurs territoires, l'interdiction de leurs traditions, la suppression de leurs langues, la n\u00e9gation de leurs droits. Cinq cents ans qu'ils r\u00e9sistent sans que les livres d'histoire n'en conservent la trace. Il fallait briser ce silence impos\u00e9 par les colons et leurs descendant\u00b7e\u00b7s pour comprendre les enjeux contemporains et nourrir les luttes \u00e0 venir.\r\nC'est ce que Gord Hill entreprend ici : bien plus qu'un simple r\u00e9cit chronologique, cette BD est une archive visuelle des r\u00e9voltes, des d\u00e9faites et des victoires d'hier et d'aujourd'hui, que l'auteur, artiste et activiste, illustre de fa\u00e7on percutante. Apr\u00e8s l'avoir lue, vous saurez pourquoi le \u00ab Nouveau Monde \u00bb n'est qu'un funeste fantasme europ\u00e9en, dont les cons\u00e9quences continuent de peser lourdement sur le sort des communaut\u00e9s autochtones \u00e0 travers tout le continent.\r\n","authors":["Gord Hill","Marie C. Scholl-Dimanche","Pamela Palmater"],"category_codes":["3000000","3020000","3020100","3020103"],"visuals":{"large":"https:\/\/images.epagine.fr\/722\/9782902039722_1_75.jpg","medium":"https:\/\/images.epagine.fr\/722\/9782902039722_1_m.jpg","thumbnail":"https:\/\/images.epagine.fr\/722\/9782902039722_1_v.jpg"},"orderable":true,"show_badge":true,"formatted_price":"32,00&nbsp;\u20ac","formatted_published_date":"14 mai 2025","publisher_availability_label":"Sur commande","short_details":"Gord Hill, Marie C. Scholl-Dimanche, Pamela Palmater \u2014 \u00c9ditions D\u00e9paysage","translator":"MARIE C. SCHOLL-DIMANCHE","weight":632,"page_count":144,"readership":"Tout public","editor":"\u00c9ditions D\u00e9paysage","price":3200,"published_date":"2025-05-13T22:00:00.000000Z","support":"Grand format","publisher_availability":1,"stock":0,"editions":[],"url":"https:\/\/quaidesbrumes.com\/ouvrage\/9782902039722\/500-ans-de-resistance-autochtone"},{"id":"9782382814727","title":"Crayon Shinchan Tome 2","description":"Shinnosuke Nohara, surnomm\u00e9 \u00ab Shinchan \u00bb, est un petit gar\u00e7on bien turbulent, avec un v\u00e9ritable talent pour les b\u00eatises ! Chaque jour est l'occasion de vivre une nouvelle aventure : entre sa m\u00e8re et son caract\u00e8re bien tremp\u00e9, son p\u00e8re, qui l'entra\u00eene dans des situations souvent incontr\u00f4lables, ses amis Nene et Kazama, le directeur de l'\u00e9cole, la ma\u00eetresse ou encore son chien, Shiro, Shinnosuke a tous les ingr\u00e9dients pour inventer les meilleures catastrophes possibles !\r\nD\u00e9couvrez la s\u00e9rie culte de Yoshito Usui dans une toute nouvelle r\u00e9\u00e9dition, au sein de la collection K\u00f4ten. D'abord publi\u00e9 aux \u00e9ditions Futabasha et adapt\u00e9 en anim\u00e9, Crayon Shinchan est une oeuvre humoristique et universelle de renomm\u00e9e internationale.\r\n\u00ab Une oeuvre [...] universelle et intemporelle. \u00bb Zoo manga","authors":["Yoshito Usui","Rodolphe Gicquel"],"category_codes":["3000000","3040000","3040500","3040510"],"visuals":{"large":"https:\/\/images.epagine.fr\/727\/9782382814727_1_75.jpg","medium":"https:\/\/images.epagine.fr\/727\/9782382814727_1_m.jpg","thumbnail":"https:\/\/images.epagine.fr\/727\/9782382814727_1_v.jpg"},"orderable":true,"show_badge":true,"formatted_price":"14,95&nbsp;\u20ac","formatted_published_date":"4 juin 2025","publisher_availability_label":"Sur commande","short_details":"Yoshito Usui, Rodolphe Gicquel \u2014 Mangetsu","translator":"RODOLPHE GICQUEL","weight":409,"page_count":368,"readership":"\u00e0 partir de 10 ANS","editor":"Mangetsu","price":1495,"published_date":"2025-06-03T22:00:00.000000Z","support":"Grand format","publisher_availability":1,"stock":0,"editions":[],"url":"https:\/\/quaidesbrumes.com\/ouvrage\/9782382814727\/crayon-shinchan-tome-2"},{"id":"9791039137232","title":"Katana Beast Tome 1","description":"Il existe un royaume o\u00f9 douze tribus bas\u00e9es sur les signes astrologiques chinois m\u00e8nent une guerre sans fin entre elles pour contr\u00f4ler le pays. Lion, rat, lapin singe ou dragon, chacune de ces tribus poss\u00e8de un pouvoir qui leur est propre li\u00e9 \u00e0 leur animal. Pour apaiser ces tensions, l'Empereur d\u00e9cide donc un jour d'organiser un tournoi entre les clans \u00e0 travers le choix d'un combattant pour les repr\u00e9senter... Mais quand on vient de la tribu du lapin, r\u00e9put\u00e9e comme \u00e9tant la plus faible de toutes, la t\u00e2che s'av\u00e8re plus compliqu\u00e9e que pr\u00e9vue ! A moins qu'un combattant l\u00e9gendaire ne leur vienne en aide... ?","authors":["Akimine Kamijy\u00f4"],"category_codes":["3000000","3040000","3040500","3040508"],"visuals":{"large":"https:\/\/images.epagine.fr\/232\/9791039137232_1_75.jpg","medium":"https:\/\/images.epagine.fr\/232\/9791039137232_1_m.jpg","thumbnail":"https:\/\/images.epagine.fr\/232\/9791039137232_1_v.jpg"},"orderable":true,"show_badge":true,"formatted_price":"7,29&nbsp;\u20ac","formatted_published_date":"18 juin 2025","publisher_availability_label":"Sur commande","short_details":"Akimine Kamijy\u00f4 \u2014 Panini","translator":null,"weight":179,"page_count":192,"readership":"\u00e0 partir de 12 ANS","editor":"Panini","price":729,"published_date":"2025-06-17T22:00:00.000000Z","support":"Poche","publisher_availability":1,"stock":0,"editions":[],"url":"https:\/\/quaidesbrumes.com\/ouvrage\/9791039137232\/katana-beast-tome-1"},{"id":"9782505019770","title":"Boule & Bill Tome 35 : roule ma poule !","description":"Vivement la fi n de l'\u00e9cole ! Boule ne sait plus quoi inventer pour \u00e9chapper aux devoirs. Et voil\u00e0 qu'en plus on lui confi sque son \u00ab a\u00efe-phone \u00bb !\r\nHeureusement, Pouf, Bill et Caroline sont l\u00e0 pour l'aider. Enfi n ! les vacances arrivent. Cette ann\u00e9e, ce sera \u00e0 la campagne. Au programme : p\u00eache, siestes, baignades, rod\u00e9os dans le poulailler, mais surtout marshmallows \u00e0 volont\u00e9 ! De belles b\u00eatises en perspective.","authors":["Collectif","Laurent Verron"],"category_codes":["3000000","3020000","3020200","3020211"],"visuals":{"large":"https:\/\/images.epagine.fr\/770\/9782505019770_1_75.jpg","medium":"https:\/\/images.epagine.fr\/770\/9782505019770_1_m.jpg","thumbnail":"https:\/\/images.epagine.fr\/770\/9782505019770_1_v.jpg"},"orderable":true,"show_badge":true,"formatted_price":"12,95&nbsp;\u20ac","formatted_published_date":"21 novembre 2014","publisher_availability_label":"Sur commande","short_details":"Collectif, Laurent Verron \u2014 Boule Et Bill","translator":null,"weight":373,"page_count":48,"readership":"Tout public","editor":"Boule Et Bill","price":1295,"published_date":"2014-11-20T23:00:00.000000Z","support":"Grand format","publisher_availability":1,"stock":0,"editions":[],"url":"https:\/\/quaidesbrumes.com\/ouvrage\/9782505019770\/boule-bill-tome-35-roule-ma-poule"},{"id":"9791036357121","title":"Les Grands T\u00e9moins en BD Tome 5 : 14 figures de r\u00e9sistants","description":"14 figures de r\u00e9sistants en BD qui ont marqu\u00e9 la Seconde Guerre mondiale pour leur engagement en faveur de la libert\u00e9, de la dignit\u00e9, de la r\u00e9conciliation et de la m\u00e9moire.","authors":["Collectif"],"category_codes":["3000000","3020000","3020200"],"visuals":{"large":"https:\/\/images.epagine.fr\/121\/9791036357121_1_75.jpg","medium":"https:\/\/images.epagine.fr\/121\/9791036357121_1_m.jpg","thumbnail":"https:\/\/images.epagine.fr\/121\/9791036357121_1_v.jpg"},"orderable":true,"show_badge":true,"formatted_price":"18,30&nbsp;\u20ac","formatted_published_date":"13 mars 2024","publisher_availability_label":"Sur commande","short_details":"Collectif \u2014 Bayard soleil","translator":null,"weight":892,"page_count":168,"readership":"\u00e0 partir de 8 ANS","editor":"Bayard soleil","price":1830,"published_date":"2024-03-12T23:00:00.000000Z","support":"Grand format","publisher_availability":1,"stock":0,"editions":[],"url":"https:\/\/quaidesbrumes.com\/ouvrage\/9791036357121\/les-grands-temoins-en-bd-tome-5-14-figures-de-resistants"},{"id":"9782344062142","title":"Jules Matrat Tome 2","description":"Le destin bris\u00e9 d'un jeune poilu traumatis\u00e9 par la guerre de 14-18.\r\nC'est dans la paisible Haute-Loire que la guerre vient chercher Jules Matrat, un beau jour d'ao\u00fbt 1914. La guerre, il n'a pas envie de la faire, comme il n'a pas envie de laisser Rose, qu'il s'appr\u00eate \u00e0 \u00e9pouser. Mais il faut bien quitter la campagne pour combattre les Allemands dans les tranch\u00e9es boueuses. C'est l\u00e0 que Jules fait la rencontre de Louis Agnin, un soldat avec lequel il se lie d'amiti\u00e9. En 1918, cela fait d\u00e9j\u00e0 quatre ans que les hommes vivent sous les canons et les cris. Mais le jour o\u00f9 Louis tombe sous les balles ennemies devant les yeux de Jules, c'est le coup de gr\u00e2ce... Lorsque la guerre prend fin, il est temps pour Jules de regagner son foyer, comme des milliers de mutil\u00e9s. La vie semble reprendre, mais Jules n'est plus le m\u00eame homme, il a laiss\u00e9 une partie de lui dans les tranch\u00e9es. Il pleure Louis, son camarade, il pleure l'indicible barbarie et se mure dans un douloureux silence. Rose, \u00e0 ses c\u00f4t\u00e9s, commence \u00e0 comprendre que personne ne revient intact du champ de bataille. Si Jules est valide et peut travailler, elle a en face d'elle un homme bris\u00e9 \u00e0 jamais...\r\nAdapt\u00e9 du roman \u00e9ponyme de Charles Exbrayat (publi\u00e9 aux \u00e9ditions Albin Michel), cette trilogie con\u00e7ue comme \u00ab le r\u00e9cit d'une vie quotidienne \u00bb raconte le destin bris\u00e9 d'un jeune poilu hant\u00e9 par les images d'une guerre qualifi\u00e9e de \u00ab boucherie \u00bb. Serge Fino d\u00e9peint avec un r\u00e9alisme d\u00e9concertant la d\u00e9tresse d'un homme et les cons\u00e9quences sur les g\u00e9n\u00e9rations futures de tels massacres, s'affirmant du m\u00eame coup comme un auteur majeur du 9e art.","authors":["Serge Fino","Charles Exbrayat"],"category_codes":["3000000","3020000","3020100","3020108"],"visuals":{"large":"https:\/\/images.epagine.fr\/142\/9782344062142_1_75.jpg","medium":"https:\/\/images.epagine.fr\/142\/9782344062142_1_m.jpg","thumbnail":"https:\/\/images.epagine.fr\/142\/9782344062142_1_v.jpg"},"orderable":true,"show_badge":true,"formatted_price":"16,00&nbsp;\u20ac","formatted_published_date":"2 janvier 2025","publisher_availability_label":"Sur commande","short_details":"Serge Fino, Charles Exbrayat \u2014 Gl\u00e9nat","translator":null,"weight":640,"page_count":64,"readership":null,"editor":"Gl\u00e9nat","price":1600,"published_date":"2025-01-01T23:00:00.000000Z","support":"Grand format","publisher_availability":1,"stock":0,"editions":[],"url":"https:\/\/quaidesbrumes.com\/ouvrage\/9782344062142\/jules-matrat-tome-2"},{"id":"9782205042122","title":"Blueberry Tome 1 : fort navajo","description":"Les tribulations du lieutenant Blueberry dans l'ouest sauvage.","authors":["Jean-Michel Charlier","Jean Giraud"],"category_codes":["3000000","3020000","3020100","3020110"],"visuals":{"large":"https:\/\/images.epagine.fr\/122\/9782205042122_1_75.jpg","medium":"https:\/\/images.epagine.fr\/122\/9782205042122_1_m.jpg","thumbnail":"https:\/\/images.epagine.fr\/122\/9782205042122_1_v.jpg"},"orderable":true,"show_badge":true,"formatted_price":"15,50&nbsp;\u20ac","formatted_published_date":"7 juin 1996","publisher_availability_label":"Sur commande","short_details":"Jean-Michel Charlier, Jean Giraud \u2014 Dargaud","translator":null,"weight":201,"page_count":null,"readership":"\u00e0 partir de 12 ANS","editor":"Dargaud","price":1550,"published_date":"1996-06-06T22:00:00.000000Z","support":"Grand format","publisher_availability":1,"stock":0,"editions":[],"url":"https:\/\/quaidesbrumes.com\/ouvrage\/9782205042122\/blueberry-tome-1-fort-navajo"},{"id":"9782353484072","title":"La cuisine du tengu Tome 3","description":"C'est le premier hiver que Moto\u00ef et Om passent ensemble depuis que ce dernier est venu faire sa retraite \u00e0 Tokyo, conform\u00e9ment \u00e0 la tradition.\r\nEntre les deux fr\u00e8res, la g\u00e8ne des premiers temps s'estompe peu \u00e0 peu pour se transformer en une exp\u00e9rience unique : une vie au rythme des saisons lors desquelles ils profitent des bienfaits d'une nature g\u00e9n\u00e9reuse.\r\nD'autant que l'arriv\u00e9e du printemps va, elle aussi, apporter son lot de changements dans la vie de nos deux protagonistes...","authors":["Ai Tanaka"],"category_codes":["3000000","3040000","3040600","3040605"],"visuals":{"large":"https:\/\/images.epagine.fr\/072\/9782353484072_1_75.jpg","medium":"https:\/\/images.epagine.fr\/072\/9782353484072_1_m.jpg","thumbnail":"https:\/\/images.epagine.fr\/072\/9782353484072_1_v.jpg"},"orderable":true,"show_badge":true,"formatted_price":"8,50&nbsp;\u20ac","formatted_published_date":"9 juillet 2025","publisher_availability_label":"Sur commande","short_details":"Ai Tanaka \u2014 \u00c9ditions le l\u00e9zard noir","translator":null,"weight":182,"page_count":null,"readership":null,"editor":"\u00c9ditions le l\u00e9zard noir","price":850,"published_date":"2025-07-08T22:00:00.000000Z","support":"Poche","publisher_availability":1,"stock":0,"editions":[],"url":"https:\/\/quaidesbrumes.com\/ouvrage\/9782353484072\/la-cuisine-du-tengu-tome-3"},{"id":"9791035507114","title":"Hope you're happy, lemon ! Tome 4","description":"Quand les corps s'\u00e9changent, l'amour s'emm\u00eale !\r\n\r\nSunao Akiyoshi m\u00e8ne une vie pour le moins singuli\u00e8re : du jour au lendemain, il se retrouve \u00e0 \u00e9changer de corps un jour sur deux avec son ex-petite amie, Lemon Nishikawa.\r\nDans cette situation d\u00e9j\u00e0 compliqu\u00e9e \u00e0 g\u00e9rer, une fille nomm\u00e9e Raika Asagi fait son apparition et lui avoue \u00eatre amoureuse de lui. Mais Sunao, persuad\u00e9 qu'il est victime d'une arnaque, reste sur ses gardes.\r\nPar la suite, une rumeur commence \u00e0 se propager : il aurait une copine ! La nouvelle arrive aux oreilles de Natsumi, la fille qui lui pla\u00eet, et cr\u00e9e un \u00e9norme quiproquo.\r\nApr\u00e8s avoir r\u00e9tabli la v\u00e9rit\u00e9, Sunao comprend qu'il doit tirer les choses au clair. Il d\u00e9cide alors de confronter Raika pour d\u00e9couvrir ses v\u00e9ritables intentions, sans se douter que sa r\u00e9ponse va le laisser sans voix...","authors":["Mizuki Kishikawa"],"category_codes":["3000000","3040000","3040500","3040509"],"visuals":{"large":"https:\/\/images.epagine.fr\/114\/9791035507114_1_75.jpg","medium":"https:\/\/images.epagine.fr\/114\/9791035507114_1_m.jpg","thumbnail":"https:\/\/images.epagine.fr\/114\/9791035507114_1_v.jpg"},"orderable":true,"show_badge":true,"formatted_price":"7,95&nbsp;\u20ac","formatted_published_date":"21 ao\u00fbt 2025","publisher_availability_label":"Sur commande","short_details":"Mizuki Kishikawa \u2014 Mana Books","translator":null,"weight":208,"page_count":191,"readership":"\u00e0 partir de 12 ANS","editor":"Mana Books","price":795,"published_date":"2025-08-20T22:00:00.000000Z","support":"Poche","publisher_availability":1,"stock":0,"editions":[],"url":"https:\/\/quaidesbrumes.com\/ouvrage\/9791035507114\/hope-youre-happy-lemon-tome-4"},{"id":"9791041103249","title":"Boulard Tome 10 : En mode 10 ans","description":"Boulard a-t-il toujours \u00e9t\u00e9 un cancre ?\r\nDepuis quand Boulard squatte-t-il \u00e0 la derni\u00e8re place du classement ? A-t-il toujours collectionn\u00e9 les mauvaises notes ? A-t-il toujours \u00e9t\u00e9 le cauchemar des professeurs ? Et comment a-t-il connu Nintchinsky, son \u00ab alter z\u00e9ro \u00bb ? Vous aurez toutes les r\u00e9ponses \u00e0 ces questions (et bien plus) dans ce dixi\u00e8me tome o\u00f9 vous partagerez ses looooongues heures de cours, ses vacances en familles, ses week-ends chez sa grand-m\u00e8re... Avec cet album, vous saurez enfin tout de la vie du cancre le plus c\u00e9l\u00e8bre de l'\u00c9ducation nationale !","authors":["St\u00e9do","Stefano Turconi","Erroc"],"category_codes":["3000000","3020000","3020200","3020211"],"visuals":{"large":"https:\/\/images.epagine.fr\/249\/9791041103249_1_75.jpg","medium":"https:\/\/images.epagine.fr\/249\/9791041103249_1_m.jpg","thumbnail":"https:\/\/images.epagine.fr\/249\/9791041103249_1_v.jpg"},"orderable":true,"show_badge":true,"formatted_price":"11,90&nbsp;\u20ac","formatted_published_date":"29 mai 2024","publisher_availability_label":"Sur commande","short_details":"St\u00e9do, Stefano Turconi, Erroc \u2014 Bamboo","translator":null,"weight":384,"page_count":48,"readership":null,"editor":"Bamboo","price":1190,"published_date":"2024-05-28T22:00:00.000000Z","support":"Grand format","publisher_availability":1,"stock":0,"editions":[],"url":"https:\/\/quaidesbrumes.com\/ouvrage\/9791041103249\/boulard-tome-10-en-mode-10-ans"}]}