{"data":[{"id":"9791039139007","title":"Fantastic Four : l'histoire d'une vie","description":"Au coeur de la guerre froide, quatre aventuriers se lancent dans un voyage interstellaire qui les changera \u00e0 jamais. Mais que se serait-il pass\u00e9 si la vie de Reed Richards, Ben Grimm, Susan et Johnny Storm avait \u00e9volu\u00e9 en temps r\u00e9el, sur soixante ans ? D\u00e9couvrez les Quatre Fantastiques comme vous ne les avez jamais vus.\r\n\u00c0 l'occasion de la sortie du film Les Quatre Fantastiques r\u00e9alis\u00e9 par Matt Shakman, nous vous proposons certaines des sagas les plus m\u00e9morables de l'\u00e9quipe dans le format phare du moment : la collection MARVEL POCHE !","authors":["Mark Russell","Sean Izaakse"],"category_codes":["3000000","3030000","3030400"],"visuals":{"large":"https:\/\/images.epagine.fr\/007\/9791039139007_1_75.jpg","medium":"https:\/\/images.epagine.fr\/007\/9791039139007_1_m.jpg","thumbnail":"https:\/\/images.epagine.fr\/007\/9791039139007_1_v.jpg"},"orderable":true,"show_badge":true,"formatted_price":"7,99&nbsp;\u20ac","formatted_published_date":"9 juillet 2025","publisher_availability_label":"Sur commande","short_details":"Mark Russell, Sean Izaakse \u2014 Panini","translator":null,"weight":349,"page_count":196,"readership":"Tout public","editor":"Panini","price":799,"published_date":"2025-07-08T22:00:00.000000Z","support":"Poche","publisher_availability":1,"stock":0,"editions":[],"url":"https:\/\/quaidesbrumes.com\/ouvrage\/9791039139007\/fantastic-four-lhistoire-dune-vie"},{"id":"9782344069073","title":"Nemo : 20000 lieues sous les mers","description":"Une version sans concession de 20.000 lieues sous les mers\r\nOn y retrouve Ned Land, le professeur Aronnax et Conseil, son majordome, embarqu\u00e9s de force \u00e0 bord du Nautilus pour un p\u00e9riple sans retour. Nemo est seul contre tous : il a raison, les autres ont tort. Tant pis pour eux, qu'ils vivent dans leur monde et laissent le fond des mers et ses splendeurs au capitaine et \u00e0 ceux qui ont bien voulu l'accompagner au p\u00e9ril de leur vie. La libert\u00e9 qu'il leur offre est \u00e0 ce prix... Peu d'auteurs ont su adapter un roman en donnant un vrai caract\u00e8re \u00e0 leur oeuvre sans d\u00e9naturer le fond. Br\u00fcno est de ceux-l\u00e0, ce qui rend cette adaptation indispensable. La nouvelle \u00e9dition de cette int\u00e9grale comprend un cahier in\u00e9dit de 16 pages d'illustrations.","authors":["Br\u00fcno"],"category_codes":["3000000","3020000","3020100"],"visuals":{"large":"https:\/\/images.epagine.fr\/073\/9782344069073_1_75.jpg","medium":"https:\/\/images.epagine.fr\/073\/9782344069073_1_m.jpg","thumbnail":"https:\/\/images.epagine.fr\/073\/9782344069073_1_v.jpg"},"orderable":true,"show_badge":true,"formatted_price":"24,00&nbsp;\u20ac","formatted_published_date":"2 avril 2025","publisher_availability_label":"Sur commande","short_details":"Br\u00fcno \u2014 Gl\u00e9nat","translator":null,"weight":614,"page_count":176,"readership":null,"editor":"Gl\u00e9nat","price":2400,"published_date":"2025-04-01T22:00:00.000000Z","support":"Grand format","publisher_availability":1,"stock":0,"editions":[],"url":"https:\/\/quaidesbrumes.com\/ouvrage\/9782344069073\/nemo-20000-lieues-sous-les-mers"},{"id":"9782344068588","title":"Jekyll & Hyde : Le docteur et l'assassin","description":"Un homme, deux identit\u00e9s\u00a0\r\n\u00c0 Londres, le docteur Jekyll, un philanthrope obs\u00e9d\u00e9 par l'id\u00e9e de cohabitation en un m\u00eame \u00eatre de plusieurs personnalit\u00e9s, met au point une potion pour s\u00e9parer son bon c\u00f4t\u00e9 de son c\u00f4t\u00e9 sombre. Mais c'est ce dernier qui bient\u00f4t prendra le dessus pour le transformer en monstrueux\u00a0Mister Hyde... Apr\u00e8s\u00a0Dracula et Frankenstein, ce troisi\u00e8me volume consacr\u00e9 aux classiques litt\u00e9raires du fantastique gothique adapt\u00e9s en bande dessin\u00e9e offre un souffle nouveau \u00e0 Docteur Jekyll & Mister Hyde, le chef-d'oeuvre de Robert Louis Stevenson. \u00c0 travers l'\u00e9trange affaire du docteur Jekyll, Marco Cannav\u00f3 explore le th\u00e8me de la dualit\u00e9 qui caract\u00e9rise le roman, les notions de bien et de mal ainsi que le d\u00e9doublement de personnalit\u00e9, ce que souligne superbement Corrado Roi, gr\u00e2ce aux subtils contrastes de son trait en clair-obscur.","authors":["Corrado Roi","Marco Cannavo","Robert Louis Stevenson"],"category_codes":["3000000","3020000","3020100","3020106"],"visuals":{"large":"https:\/\/images.epagine.fr\/588\/9782344068588_1_75.jpg","medium":"https:\/\/images.epagine.fr\/588\/9782344068588_1_m.jpg","thumbnail":"https:\/\/images.epagine.fr\/588\/9782344068588_1_v.jpg"},"orderable":true,"show_badge":true,"formatted_price":"23,00&nbsp;\u20ac","formatted_published_date":"20 ao\u00fbt 2025","publisher_availability_label":"Sur commande","short_details":"Corrado Roi, Marco Cannavo, Robert Louis Stevenson \u2014 Gl\u00e9nat","translator":null,"weight":912,"page_count":112,"readership":"Tout public","editor":"Gl\u00e9nat","price":2300,"published_date":"2025-08-19T22:00:00.000000Z","support":"Grand format","publisher_availability":1,"stock":0,"editions":[],"url":"https:\/\/quaidesbrumes.com\/ouvrage\/9782344068588\/jekyll-hyde-le-docteur-et-lassassin"},{"id":"9791043300981","title":"Air Gear Unlimited Tome 2","description":"Apr\u00e8s avoir vaincu le gang des Rez-Boa-Dogs, les Air Treck d'Ikki sont gravement endommag\u00e9s. La Wing Road le hante, mais impossible d'y retourner sans \u00e9quipement... Mais tout espoir n'est pas perdu : ses amis Kazu et Onigiri lui r\u00e9v\u00e8lent l'existence des Parts Wars, des d\u00e9fis entre riders o\u00f9 l'on mise des pi\u00e8ces d\u00e9tach\u00e9es. Son premier adversaire n'est autre que Buccha, un camarade du m\u00eame coll\u00e8ge !\r\nLe l\u00e9gendaire Oh!great vous invite \u00e0 prendre votre envol avec cette nouvelle \u00e9dition de son manga culte AIR GEAR, aux bonus et \u00e0 l'\u00e9pilogue in\u00e9dits !\r\nContient \u00e9galement des bonus extraits des tomes 1 \u00e0 3 de l'ancienne \u00e9dition.","authors":["Oh! Great"],"category_codes":["3000000","3040000","3040500","3040508"],"visuals":{"large":"https:\/\/images.epagine.fr\/981\/9791043300981_1_75.jpg","medium":"https:\/\/images.epagine.fr\/981\/9791043300981_1_m.jpg","thumbnail":"https:\/\/images.epagine.fr\/981\/9791043300981_1_v.jpg"},"orderable":true,"show_badge":true,"formatted_price":"10,90&nbsp;\u20ac","formatted_published_date":"20 ao\u00fbt 2025","publisher_availability_label":"Sur commande","short_details":"Oh! Great \u2014 Pika \u00c9dition","translator":null,"weight":334,"page_count":402,"readership":"\u00e0 partir de 10 ANS","editor":"Pika \u00c9dition","price":1090,"published_date":"2025-08-19T22:00:00.000000Z","support":"Poche","publisher_availability":1,"stock":0,"editions":[],"url":"https:\/\/quaidesbrumes.com\/ouvrage\/9791043300981\/air-gear-unlimited-tome-2"},{"id":"9791039130790","title":"Ultimate Spider-Man Tome 5 : Hollywood","description":"Quand les pires ennemis de Spider-Man font alliance, Peter Parker est d\u00e9pass\u00e9 ! Sa seule chance de s'en sortir : s'allier aux Ultimates ! Mais Spidey peut-il s'entendre avec les super-h\u00e9ros du gouvernement ?\r\nD\u00e9j\u00e0 cinq volumes en moins d'un an pour la version hyper accessible d'Ultimate Spider-Man, LA s\u00e9rie la plus adapt\u00e9e pour faire d\u00e9couvrir l'univers du Tisseur \u00e0 un nouveau public. Et \u00e0 ce prix-l\u00e0, pourquoi se priver ? L'album comprend la maxi-s\u00e9rie Ultimate Six en plus de la suite de la s\u00e9rie r\u00e9guli\u00e8re.","authors":["Brian Michael Bendis","Mark Bagley"],"category_codes":["3000000","3030000","3030400"],"visuals":{"large":"https:\/\/images.epagine.fr\/790\/9791039130790_1_75.jpg","medium":"https:\/\/images.epagine.fr\/790\/9791039130790_1_m.jpg","thumbnail":"https:\/\/images.epagine.fr\/790\/9791039130790_1_v.jpg"},"orderable":true,"show_badge":true,"formatted_price":"9,99&nbsp;\u20ac","formatted_published_date":"20 novembre 2024","publisher_availability_label":"Sur commande","short_details":"Brian Michael Bendis, Mark Bagley \u2014 Panini","translator":null,"weight":610,"page_count":360,"readership":null,"editor":"Panini","price":999,"published_date":"2024-11-19T23:00:00.000000Z","support":"Grand format","publisher_availability":1,"stock":0,"editions":[],"url":"https:\/\/quaidesbrumes.com\/ouvrage\/9791039130790\/ultimate-spider-man-tome-5-hollywood"},{"id":"9782344060872","title":"La Belle au bois dormant","description":"Red\u00e9couvrez le mythe !\r\nQuatre versions existent du conte de la belle endormie, ce mythe qui a travers\u00e9 les si\u00e8cles. Deux d'entre elles ont particuli\u00e8rement marqu\u00e9 notre imaginaire, les plus r\u00e9centes, celles \u00e9crite par Charles Perrault, La Belle au Bois Dormant (1697), puis la variante des fr\u00e8res Grimm, Fleur-d'\u00c9pine (1812). Perrault propose l'arch\u00e9type de la version classique et romantique. Quand la reine donne naissance \u00e0 son premier enfant, Aurore, toutes les f\u00e9es-marraines sont convi\u00e9es aux festivit\u00e9s. Toutes, sauf une ! Pour se venger de cet affront, la vieille femme mise \u00e0 l'\u00e9cart jette une terrible mal\u00e9diction sur l'enfant. La jeune princesse, plong\u00e9e dans un sommeil centenaire, ne pourra \u00eatre r\u00e9veill\u00e9e que par le fils d'un roi... Mais il existe d'autres versions, plus sombres, loin de cette belle histoire sentimentale et id\u00e9alis\u00e9e. Dans une nouvelle catalane publi\u00e9e au tout d\u00e9but du XIVe si\u00e8cle, et oeuvre d'un auteur inconnu, le lecteur se voit plong\u00e9 dans un monde r\u00e9gi par les pulsions qui r\u00e9v\u00e8le un univers plus suffocant. D\u00e9couvrez et red\u00e9couvrez ces deux versions du conte, que la talentueuse \u00e9quipe r\u00e9unie autour de Luc Ferry met en sc\u00e8ne en puisant aux sources des textes fondateurs, et illustr\u00e9es avec f\u00e9erie et r\u00e9alisme par Gianenrico Bonacorsi, d\u00e9j\u00e0 auteur entre autres de Dionysos, Rom\u00e9o et Juliette, Carmen, Adam et \u00c8ve et L'Arche de No\u00e9.","authors":["Clotilde Bruneau","Gianenrico Bonacorsi"],"category_codes":["3000000","3020000","3020100","3020108"],"visuals":{"large":"https:\/\/images.epagine.fr\/872\/9782344060872_1_75.jpg","medium":"https:\/\/images.epagine.fr\/872\/9782344060872_1_m.jpg","thumbnail":"https:\/\/images.epagine.fr\/872\/9782344060872_1_v.jpg"},"orderable":true,"show_badge":true,"formatted_price":"17,50&nbsp;\u20ac","formatted_published_date":"13 novembre 2024","publisher_availability_label":"Sur commande","short_details":"Clotilde Bruneau, Gianenrico Bonacorsi \u2014 Gl\u00e9nat","translator":null,"weight":724,"page_count":72,"readership":null,"editor":"Gl\u00e9nat","price":1750,"published_date":"2024-11-12T23:00:00.000000Z","support":"Grand format","publisher_availability":1,"stock":0,"editions":[],"url":"https:\/\/quaidesbrumes.com\/ouvrage\/9782344060872\/la-belle-au-bois-dormant"},{"id":"9782743666170","title":"Brunilda \u00e0 la Plata","description":"Dans les coulisses d'un th\u00e9\u00e2tre o\u00f9 le rideau ne tombe jamais, Norman se heurte \u00e0 un choix impossible. Ce soir, \u00e0 21h, il a rendez- vous avec Brunilda au restaurant La Plata. Mais pour la rejoindre, il n'a qu'une seule option : traverser la sc\u00e8ne en pleine repr\u00e9sentation. Attendre, c'est renoncer. Foncer, c'est tout bouleverser. Pauvre gamin.","authors":["Genis Rigol Alzola"],"category_codes":["3000000","3020000","3020200"],"visuals":{"large":"https:\/\/images.epagine.fr\/170\/9782743666170_1_75.jpg","medium":"https:\/\/images.epagine.fr\/170\/9782743666170_1_m.jpg","thumbnail":"https:\/\/images.epagine.fr\/170\/9782743666170_1_v.jpg"},"orderable":true,"show_badge":true,"formatted_price":"23,00&nbsp;\u20ac","formatted_published_date":"2 avril 2025","publisher_availability_label":"Sur commande","short_details":"Genis Rigol Alzola \u2014 Rivages","translator":null,"weight":1046,"page_count":144,"readership":"Tout public","editor":"Rivages","price":2300,"published_date":"2025-04-01T22:00:00.000000Z","support":"Grand format","publisher_availability":1,"stock":0,"editions":[],"url":"https:\/\/quaidesbrumes.com\/ouvrage\/9782743666170\/brunilda-a-la-plata"},{"id":"9782382640289","title":"La revue dessin\u00e9e n.48 : \u00c9t\u00e9 2025","description":null,"authors":["Collectif"],"category_codes":["3000000","3010000","3010600"],"visuals":{"large":"https:\/\/images.epagine.fr\/289\/9782382640289_1_75.jpg","medium":"https:\/\/images.epagine.fr\/289\/9782382640289_1_m.jpg","thumbnail":"https:\/\/images.epagine.fr\/289\/9782382640289_1_v.jpg"},"orderable":true,"show_badge":true,"formatted_price":"19,00&nbsp;\u20ac","formatted_published_date":"4 juin 2025","publisher_availability_label":"Sur commande","short_details":"Collectif \u2014 La Revue Dessin\u00e9e","translator":null,"weight":526,"page_count":180,"readership":"Tout public","editor":"La Revue Dessin\u00e9e","price":1900,"published_date":"2025-06-03T22:00:00.000000Z","support":"Revue","publisher_availability":1,"stock":0,"editions":[],"url":"https:\/\/quaidesbrumes.com\/ouvrage\/9782382640289\/la-revue-dessinee-n48-ete-2025"},{"id":"9782390220572","title":"Museum","description":"\u00ab Je pars de l'id\u00e9e de d\u00e9ambulation dans un mus\u00e9e. Automatiquement surgissent des choses intimes. J'ai une technique et des fragments, je cherche la sortie comme dans un labyrinthe. \u00bb\r\nMuseum est le r\u00e9cit le plus intime d'Eric Lamb\u00e9, un espace o\u00f9 les images mentales s'encha\u00eenent avec une fluidit\u00e9 virtuose. Lamb\u00e9 est le premier visiteur et le gardien de son mus\u00e9e. La visite se fait seul, sans guide, nocturne de pr\u00e9f\u00e9rence.\r\nSeul le gardien sait ce qui se cache derri\u00e8re chaque fragment, derri\u00e8re un titre ironiquement pompeux, derri\u00e8re les r\u00e9f\u00e9rences artistiques ou personnelles. Il faut se laisser emporter, laisser la lumi\u00e8re ext\u00e9rieure se r\u00e9percuter dans les pi\u00e8ces, dans le silence, quand on ne dort pas, qu'on ne travaille pas, pour lui donner sens. Le reste, c'est de la po\u00e9sie, une profonde et myst\u00e9rieuse introspection par le dessin, une m\u00e9ditation graphique abstraite et m\u00e9lancolique \u00e0 la port\u00e9e aussi intime qu'universelle.\r\nQuelle relation au monde est possible pour qui s'interroge sur son rapport \u00e0 la norme, pour qui craint \u00e0 tout instant de sombrer en d\u00e9pression ? Vaut-il mieux rester \u00e0 l'int\u00e9rieur, ou se risquer \u00e0 l'ext\u00e9rieur ? Comme dans Paysage apr\u00e8s la bataille, l'introspection commence par un trouble artistique, qui ouvre \u00e0 un rapport apais\u00e9 au monde ext\u00e9rieur.\r\nD'un m\u00eame geste, Lamb\u00e9 poursuit les id\u00e9es qui sont au centre de son travail et d\u00e9truit tout : ce qu'il a fait avant, ce que l'on attend, \u00e0 l'image de la p\u00e9riode vache de Magritte cit\u00e9e dans son r\u00e9cit. Cr\u00e9\u00e9 de fa\u00e7on brute, quasi automatique, Museum est laiss\u00e9 \u00e0 notre libre sensibilit\u00e9. Chaque d\u00e9taila un profond \u00e9cho, concourant \u00e0 nous perdre et \u00e0 pr\u00e9ciser le propos. La d\u00e9ambulation frise constamment l'abstraction, mais produit \u00e0 chaque pas des images fortes, directement compr\u00e9hensibles par une approche sensuelle, chacune renfermant tout un monde et faisant \u00e9cho \u00e0 nos propres troubles.\r\nEric Lamb\u00e9 a notamment dessin\u00e9 Le Fils du roi, livre devenu culte par sa radicalit\u00e9 formelle dont les planches rejoindront les collections du Centre Pompidou. Paysage apr\u00e8s la bataille, sc\u00e9naris\u00e9 par Philippe de Pierpont, \u00e0 obtenu le Fauve d'Or 2017. En 2024, Lamb\u00e9 a dessin\u00e9 Antipodes, sc\u00e9naris\u00e9 par David B.","authors":["Eric Lamb\u00e9"],"category_codes":["3000000","3020000","3020300"],"visuals":{"large":"https:\/\/images.epagine.fr\/572\/9782390220572_1_75.jpg","medium":"https:\/\/images.epagine.fr\/572\/9782390220572_1_m.jpg","thumbnail":"https:\/\/images.epagine.fr\/572\/9782390220572_1_v.jpg"},"orderable":true,"show_badge":true,"formatted_price":"27,00&nbsp;\u20ac","formatted_published_date":"22 ao\u00fbt 2025","publisher_availability_label":"Sur commande","short_details":"Eric Lamb\u00e9 \u2014 Fr\u00e9mok","translator":null,"weight":1120,"page_count":92,"readership":"Tout public","editor":"Fr\u00e9mok","price":2700,"published_date":"2025-08-21T22:00:00.000000Z","support":"Grand format","publisher_availability":1,"stock":0,"editions":[],"url":"https:\/\/quaidesbrumes.com\/ouvrage\/9782390220572\/museum"},{"id":"9782353484072","title":"La cuisine du tengu Tome 3","description":"C'est le premier hiver que Moto\u00ef et Om passent ensemble depuis que ce dernier est venu faire sa retraite \u00e0 Tokyo, conform\u00e9ment \u00e0 la tradition.\r\nEntre les deux fr\u00e8res, la g\u00e8ne des premiers temps s'estompe peu \u00e0 peu pour se transformer en une exp\u00e9rience unique : une vie au rythme des saisons lors desquelles ils profitent des bienfaits d'une nature g\u00e9n\u00e9reuse.\r\nD'autant que l'arriv\u00e9e du printemps va, elle aussi, apporter son lot de changements dans la vie de nos deux protagonistes...","authors":["Ai Tanaka"],"category_codes":["3000000","3040000","3040600","3040605"],"visuals":{"large":"https:\/\/images.epagine.fr\/072\/9782353484072_1_75.jpg","medium":"https:\/\/images.epagine.fr\/072\/9782353484072_1_m.jpg","thumbnail":"https:\/\/images.epagine.fr\/072\/9782353484072_1_v.jpg"},"orderable":true,"show_badge":true,"formatted_price":"8,50&nbsp;\u20ac","formatted_published_date":"9 juillet 2025","publisher_availability_label":"Sur commande","short_details":"Ai Tanaka \u2014 \u00c9ditions le l\u00e9zard noir","translator":null,"weight":182,"page_count":null,"readership":null,"editor":"\u00c9ditions le l\u00e9zard noir","price":850,"published_date":"2025-07-08T22:00:00.000000Z","support":"Poche","publisher_availability":1,"stock":0,"editions":[],"url":"https:\/\/quaidesbrumes.com\/ouvrage\/9782353484072\/la-cuisine-du-tengu-tome-3"},{"id":"9782731690699","title":"Hourglass","description":"Scientifiques retenues captives par l'arm\u00e9e, Ana et Bonnie construisent sous la contrainte une machine temporelle cens\u00e9e arr\u00eater la Guerre mondiale qui fait rage : c'est le projet Hourglass. Mais leurs consoeurs Diane et Carina les poussent \u00e0 la r\u00e9bellion. Ensemble, elles vont tout tenter pour fuir la ville-bunker qui leur sert de prison. Avec le conflit en cours, la surveillance constante, les soldats et les robots g\u00e9ants, la seule issue \u00e0 leur pr\u00e9sent dystopique semble \u00eatre une fuite vers le futur de leur monde...","authors":["Dimitri Lernoud"],"category_codes":["3000000","3020000","3020100","3020104"],"visuals":{"large":"https:\/\/images.epagine.fr\/699\/9782731690699_1_75.jpg","medium":"https:\/\/images.epagine.fr\/699\/9782731690699_1_m.jpg","thumbnail":"https:\/\/images.epagine.fr\/699\/9782731690699_1_v.jpg"},"orderable":true,"show_badge":true,"formatted_price":"21,95&nbsp;\u20ac","formatted_published_date":"3 septembre 2025","publisher_availability_label":"Sur commande","short_details":"Dimitri Lernoud \u2014 Les Humano\u00efdes Associ\u00e9s","translator":null,"weight":636,"page_count":264,"readership":"Tout public","editor":"Les Humano\u00efdes Associ\u00e9s","price":2195,"published_date":"2025-09-02T22:00:00.000000Z","support":"Grand format","publisher_availability":1,"stock":0,"editions":[],"url":"https:\/\/quaidesbrumes.com\/ouvrage\/9782731690699\/hourglass"},{"id":"9782818943779","title":"Les rugbymen Tome 16 : le rugby, c'est un sport de compact !","description":"Le rugby, c'est un sport de compact ! \u00c0 Paillar, comme dans tous les clubs de rugby, la mise en place du protocole commotion ne se fait pas sans heurts, c'est le cas de le dire ! Quant \u00e0 la femme de L'Anesth\u00e9siste, elle est bien d\u00e9cid\u00e9e \u00e0 percer le secret bien gard\u00e9 de la 3e mi-temps, quitte \u00e0 engager un d\u00e9tective pour suivre L'Anesth\u00e9siste et ses co-\u00e9quipiers jusqu'au bout de la nuit... Dure t\u00e2che en perspective ! Des matchs, des entrainements, des f\u00eates, de la vie... Avec ce tome 16 des Rugbymen, foncez au coeur du rugby !","authors":["BeKa","Poupard"],"category_codes":["3000000","3020000","3020200","3020211"],"visuals":{"large":"https:\/\/images.epagine.fr\/779\/9782818943779_1_75.jpg","medium":"https:\/\/images.epagine.fr\/779\/9782818943779_1_m.jpg","thumbnail":"https:\/\/images.epagine.fr\/779\/9782818943779_1_v.jpg"},"orderable":true,"show_badge":true,"formatted_price":"11,90&nbsp;\u20ac","formatted_published_date":"31 janvier 2018","publisher_availability_label":"Sur commande","short_details":"BeKa, Poupard \u2014 Bamboo","translator":null,"weight":364,"page_count":48,"readership":"Tout public","editor":"Bamboo","price":1190,"published_date":"2018-01-30T23:00:00.000000Z","support":"Grand format","publisher_availability":1,"stock":0,"editions":[],"url":"https:\/\/quaidesbrumes.com\/ouvrage\/9782818943779\/les-rugbymen-tome-16-le-rugby-cest-un-sport-de-compact"},{"id":"9782818967218","title":"Les rugbymen Tome 17 : On s'en fout qui gagne tant que c'est nous !","description":"On s'en fout qui gagne tant que c'est nous !  On s'en fout qui gagne tant que c'est nous ! Cette ann\u00e9e, la coupe du monde de rugby a lieu \u00e0 l'autre bout de la plan\u00e8te, au Japon. Les joueurs du PAC et les habitants de Paillar doivent donc changer leurs habitudes pour pouvoir assister aux retransmissions... Malgr\u00e9 tout, nos Rugbymen n'oublient ni leurs entra\u00eenements, ni leurs matchs, ni bien \u00e9videmment leurs fameuses 3e mi-temps ! M\u00eame quand l'un d'eux attend un b\u00e9b\u00e9, leurs vies tournent toujours autour du ballon ovale !","authors":["BeKa","Poupard"],"category_codes":["3000000","3020000","3020200","3020211"],"visuals":{"large":"https:\/\/images.epagine.fr\/218\/9782818967218_1_75.jpg","medium":"https:\/\/images.epagine.fr\/218\/9782818967218_1_m.jpg","thumbnail":"https:\/\/images.epagine.fr\/218\/9782818967218_1_v.jpg"},"orderable":true,"show_badge":true,"formatted_price":"11,90&nbsp;\u20ac","formatted_published_date":"11 septembre 2019","publisher_availability_label":"Sur commande","short_details":"BeKa, Poupard \u2014 Bamboo","translator":null,"weight":364,"page_count":48,"readership":"Tout public","editor":"Bamboo","price":1190,"published_date":"2019-09-10T22:00:00.000000Z","support":"Grand format","publisher_availability":1,"stock":0,"editions":[],"url":"https:\/\/quaidesbrumes.com\/ouvrage\/9782818967218\/les-rugbymen-tome-17-on-sen-fout-qui-gagne-tant-que-cest-nous"},{"id":"9791034743292","title":"Boule & Bill Tome 6 : tu te rappelles, Bill ?","description":"Boule, un petit gar\u00e7on comme les autres, a comme meilleur copain Bill, son adorable et fac\u00e9tieux cocker. Outre Boule, Bill a une autre grande passion : Caroline, la mignonne tortue... Dans un univers familial plein de gentillesse et de joie de vivre, les b\u00eatises et les espi\u00e8gleries de Boule et Bill d\u00e9chainent les \u00e9clats de rire des lecteurs de tout \u00e2ge.","authors":["Jean Roba"],"category_codes":["3000000","3020000","3020200","3020211"],"visuals":{"large":"https:\/\/images.epagine.fr\/292\/9791034743292_1_75.jpg","medium":"https:\/\/images.epagine.fr\/292\/9791034743292_1_m.jpg","thumbnail":"https:\/\/images.epagine.fr\/292\/9791034743292_1_v.jpg"},"orderable":true,"show_badge":true,"formatted_price":"12,95&nbsp;\u20ac","formatted_published_date":"6 septembre 2019","publisher_availability_label":"Sur commande","short_details":"Jean Roba \u2014 Dupuis","translator":null,"weight":368,"page_count":48,"readership":"Tout public","editor":"Dupuis","price":1295,"published_date":"2019-09-05T22:00:00.000000Z","support":"Grand format","publisher_availability":1,"stock":0,"editions":[],"url":"https:\/\/quaidesbrumes.com\/ouvrage\/9791034743292\/boule-bill-tome-6-tu-te-rappelles-bill"},{"id":"9782203133815","title":"Airborne 44 Tome 7 : g\u00e9n\u00e9ration perdue","description":"\u00ab Il nous avait promis un Reich de mille ans. En remerciement, nous lui avons donn\u00e9 notre enfance, notre adolescence et m\u00eame notre vie d'hommes et de femmes. Il en a fait des ruines. Alors je l'ai trahi. Je me suis perdu, mais je suis vivant.\r\nBerlin est en fl ammes. Deux fronts \u00e9crasent l'Allemagne dans des m\u00e2choires impitoyables. Je m'enfuis. Une vraie vie m'attend au bout de cette nuit sans fi n. J'en vois d\u00e9j\u00e0 la lueur. \u00bb\r","authors":["Philippe Jarbinet"],"category_codes":["3000000","3020000","3020100","3020108"],"visuals":{"large":"https:\/\/images.epagine.fr\/815\/9782203133815_1_75.jpg","medium":"https:\/\/images.epagine.fr\/815\/9782203133815_1_m.jpg","thumbnail":"https:\/\/images.epagine.fr\/815\/9782203133815_1_v.jpg"},"orderable":true,"show_badge":true,"formatted_price":"16,00&nbsp;\u20ac","formatted_published_date":"22 novembre 2017","publisher_availability_label":"Sur commande","short_details":"Philippe Jarbinet \u2014 Casterman","translator":null,"weight":630,"page_count":56,"readership":null,"editor":"Casterman","price":1600,"published_date":"2017-11-21T23:00:00.000000Z","support":"Grand format","publisher_availability":1,"stock":0,"editions":[],"url":"https:\/\/quaidesbrumes.com\/ouvrage\/9782203133815\/airborne-44-tome-7-generation-perdue"},{"id":"9782203244542","title":"Alix Tome 41 : la reine des amazones","description":"Invit\u00e9 en Mac\u00e9doine par un vieil ami, Alix participe \u00e0 une course de char. Au terme d'un duel \u00e9pique il s'impose devant l'aurige et l\u00e9gende locale : D\u00e9lia. Cette derni\u00e8re, \u00ab Reine des Amazones \u00bb, a cr\u00e9\u00e9 dans son domaine, \u00e0 l'\u00e9cart de la cit\u00e9, une communaut\u00e9 de femmes affranchie de la pr\u00e9sence des hommes. En ville, une s\u00e9rie de disparitions commence \u00e0 inqui\u00e9ter la population et le gouverneur romain. Lorsqu'Enak vient \u00e0 dispara\u00eetre, Alix se lance \u00e0 sa recherche. D\u00e9lia et ses Amazones auraient-elles quelque chose \u00e0 voir l\u00e0-dedans ?","authors":["Val\u00e9rie Mangin","Jacques Martin","Chrys Millien"],"category_codes":["3000000","3020000","3020200","3020208"],"visuals":{"large":"https:\/\/images.epagine.fr\/542\/9782203244542_1_75.jpg","medium":"https:\/\/images.epagine.fr\/542\/9782203244542_1_m.jpg","thumbnail":"https:\/\/images.epagine.fr\/542\/9782203244542_1_v.jpg"},"orderable":true,"show_badge":true,"formatted_price":"13,50&nbsp;\u20ac","formatted_published_date":"8 f\u00e9vrier 2023","publisher_availability_label":"Sur commande","short_details":"Val\u00e9rie Mangin, Jacques Martin, Chrys Millien \u2014 Casterman","translator":null,"weight":406,"page_count":48,"readership":"\u00e0 partir de 9 ANS","editor":"Casterman","price":1350,"published_date":"2023-02-07T23:00:00.000000Z","support":"Grand format","publisher_availability":1,"stock":0,"editions":[],"url":"https:\/\/quaidesbrumes.com\/ouvrage\/9782203244542\/alix-tome-41-la-reine-des-amazones"},{"id":"9782344034606","title":"L'\u00e9pop\u00e9e de la franc-ma\u00e7onnerie Tome 4 : royal society","description":"Les origines de la Royal Society.1660. Apr\u00e8s des ann\u00e9es d'exil, le Franc-Ma\u00e7on Robert Moray revient \u00e0 Londres aupr\u00e8s du roi Charles II, tout juste mont\u00e9 sur le tr\u00f4ne. Les tensions entre l'Angleterre et la Hollande sont palpables et Moray apporte avec lui d'inqui\u00e9tantes informations : les avanc\u00e9es technologiques des hollandais en mati\u00e8re de navigation menacent de mettre en p\u00e9ril la flotte anglaise. L'imminence du danger va servir de pr\u00e9texte \u00e0 Moray pour rassembler les plus brillants esprits anglais de l'\u00e9poque. Il parvient \u00e0 faire collaborer de grands intellectuels aux id\u00e9aux et partis pris politiques oppos\u00e9s en leur donnant un but commun : d\u00e9velopper la Science en dehors des carcans politiques et religieux. Ainsi na\u00eet la Royal Society. Sa grande ind\u00e9pendance vis-\u00e0-vis des diff\u00e9rentes institutions permet de ph\u00e9nom\u00e9nales avanc\u00e9es en direction de l'infiniment petit comme de l'infiniment grand.","authors":["Pierre Boisserie","Didier Convard","Pierre Wachs","Denis Falque"],"category_codes":["3000000","3020000","3020100","3020108"],"visuals":{"large":"https:\/\/images.epagine.fr\/606\/9782344034606_1_75.jpg","medium":"https:\/\/images.epagine.fr\/606\/9782344034606_1_m.jpg","thumbnail":"https:\/\/images.epagine.fr\/606\/9782344034606_1_v.jpg"},"orderable":true,"show_badge":true,"formatted_price":"15,50&nbsp;\u20ac","formatted_published_date":"10 mars 2021","publisher_availability_label":"Sur commande","short_details":"Pierre Boisserie, Didier Convard, Pierre Wachs, Denis Falque \u2014 Gl\u00e9nat","translator":null,"weight":628,"page_count":56,"readership":null,"editor":"Gl\u00e9nat","price":1550,"published_date":"2021-03-09T23:00:00.000000Z","support":"Grand format","publisher_availability":1,"stock":0,"editions":[],"url":"https:\/\/quaidesbrumes.com\/ouvrage\/9782344034606\/lepopee-de-la-franc-maconnerie-tome-4-royal-society"},{"id":"9782723453844","title":"Bleach Tome 15 : beginning of the death of tomorrow","description":"Adolescent de quinze ans, Ichigo Kurosaki poss\u00e8de un don particulier : celui de voir les esprits. Un jour, il croise la route d'une belle shinigami (un \u00eatre spirituel) en train de pourchasser une \"\u00e2me perdue\", un esprit mal\u00e9fique qui hante notre monde et n'arrive pas \u00e0 trouver le repos. Mise en difficult\u00e9 par son ennemi, la jeune fille d\u00e9cide alors de pr\u00eater une partie de ses pouvoirs \u00e0 Ichigo, mais ce dernier h\u00e9rite finalement de toute la puissance d'un shinigami. Contraint d'assumer son nouveau statut, Ichigo va devoir g\u00e9rer ses deux vies : celle de lyc\u00e9en ordinaire, et celle de chasseur de d\u00e9mons... \u00ab Bleach \u00bb est un manga d'action au rythme tr\u00e9pidant, au graphisme soign\u00e9 et \u00e0 l'intrigue palpitante.","authors":["Tite Kubo"],"category_codes":["3000000","3040000","3040500","3040508"],"visuals":{"large":"https:\/\/images.epagine.fr\/844\/9782723453844_1_75.jpg","medium":"https:\/\/images.epagine.fr\/844\/9782723453844_1_m.jpg","thumbnail":"https:\/\/images.epagine.fr\/844\/9782723453844_1_v.jpg"},"orderable":true,"show_badge":true,"formatted_price":"7,20&nbsp;\u20ac","formatted_published_date":"1er mars 2006","publisher_availability_label":"Sur commande","short_details":"Tite Kubo \u2014 Gl\u00e9nat","translator":null,"weight":198,"page_count":192,"readership":"\u00e0 partir de 12 ANS","editor":"Gl\u00e9nat","price":720,"published_date":"2006-02-28T23:00:00.000000Z","support":"Poche","publisher_availability":1,"stock":0,"editions":[],"url":"https:\/\/quaidesbrumes.com\/ouvrage\/9782723453844\/bleach-tome-15-beginning-of-the-death-of-tomorrow"},{"id":"9782723488693","title":"Ch\u00e2teaux Bordeaux Tome 3 : l'amateur","description":"Passions au coeur du M\u00e9doc\u00c0 la suite du d\u00e9c\u00e8s brutal de son p\u00e8re, Alexandra Baudricourt a d\u00e9cid\u00e9 de reprendre le vignoble familial. Quelques mois apr\u00e8s cette d\u00e9cision, le bilan du Ch\u00eane courbe est d\u00e9sastreux : sa r\u00e9colte enti\u00e8re, sabot\u00e9e, doit \u00eatre jet\u00e9e. Ses employ\u00e9s d\u00e9missionnent. L'entreprise qui avait achet\u00e9 toute la cave s'av\u00e8re fictive... Ses fr\u00e8res semblent d\u00e9sormais pr\u00eats \u00e0 l'aider, mais \u00e0 part cela, tout va de mal en pis. Heureusement, Alexandra peut puiser du courage dans l'histoire du domaine familial : ses a\u00efeuls ont surmont\u00e9 avec t\u00e9nacit\u00e9 des p\u00e9riodes bien plus noires ! La jeune femme devra se montrer d\u00e9termin\u00e9e et cr\u00e9ative, mais, surtout, discerner les ennemis des amis...Le vin est au coeur de cette grande fresque familiale qui s\u00e9duira les amateurs de grands crus comme les n\u00e9ophytes. Une saga digne des Ma\u00eetres de l'orge, orchestr\u00e9e par Corbeyran et Esp\u00e9.","authors":["Eric Corbeyran","Esp\u00e9"],"category_codes":["3000000","3020000","3020100","3020109"],"visuals":{"large":"https:\/\/images.epagine.fr\/693\/9782723488693_1_75.jpg","medium":"https:\/\/images.epagine.fr\/693\/9782723488693_1_m.jpg","thumbnail":"https:\/\/images.epagine.fr\/693\/9782723488693_1_v.jpg"},"orderable":true,"show_badge":true,"formatted_price":"15,00&nbsp;\u20ac","formatted_published_date":"13 mars 2013","publisher_availability_label":"Sur commande","short_details":"Eric Corbeyran, Esp\u00e9 \u2014 Gl\u00e9nat","translator":null,"weight":584,"page_count":56,"readership":null,"editor":"Gl\u00e9nat","price":1500,"published_date":"2013-03-12T23:00:00.000000Z","support":"Grand format","publisher_availability":1,"stock":0,"editions":[],"url":"https:\/\/quaidesbrumes.com\/ouvrage\/9782723488693\/chateaux-bordeaux-tome-3-lamateur"},{"id":"9782344017425","title":"Bleach Tome 70 : friend","description":"Ayant perdu leur foyer respectif, Jugo et Bazz s'\u00e9taient promis de devenir plus forts ensemble... Mais les deux amis, qui avaient pris des chemins s\u00e9par\u00e9s depuis le jour de leur rencontre avec Yhwach, se trouvent maintenant face \u00e0 face, en ennemis. Avec pour seul point commun leurs souvenirs d'autrefois, leurs liens commencent \u00e0 se d\u00e9liter...","authors":["Tite Kubo"],"category_codes":["3000000","3040000","3040500","3040508"],"visuals":{"large":"https:\/\/images.epagine.fr\/425\/9782344017425_1_75.jpg","medium":"https:\/\/images.epagine.fr\/425\/9782344017425_1_m.jpg","thumbnail":"https:\/\/images.epagine.fr\/425\/9782344017425_1_v.jpg"},"orderable":true,"show_badge":true,"formatted_price":"7,20&nbsp;\u20ac","formatted_published_date":"7 septembre 2016","publisher_availability_label":"Sur commande","short_details":"Tite Kubo \u2014 Gl\u00e9nat","translator":null,"weight":214,"page_count":208,"readership":"\u00e0 partir de 12 ANS","editor":"Gl\u00e9nat","price":720,"published_date":"2016-09-06T22:00:00.000000Z","support":"Poche","publisher_availability":1,"stock":0,"editions":[],"url":"https:\/\/quaidesbrumes.com\/ouvrage\/9782344017425\/bleach-tome-70-friend"},{"id":"9782070695737","title":"L\u00e9gendes de la Garde ; hiver 1152","description":"En ce rude hiver 1152, la Garde doit faire face aux p\u00e9nuries qui menacent l'existence des souris. Saxon, Kenzie et Lieam, trois gardes parmi les meilleurs, partent \u00e0 travers les territoires recouverts de neige. Men\u00e9 par le vieux Celanawe, ils font office de diplomates et tentent d'am\u00e9liorer les relations entre les diff\u00e9rentes cit\u00e9s et la Garde. Mais cet hiver-l\u00e0 pourrait bien \u00eatre fatal \u00e0 certains gardes.","authors":["David Petersen"],"category_codes":["3000000","3020000","3020100"],"visuals":{"large":"https:\/\/images.epagine.fr\/737\/9782070695737_1_75.jpg","medium":"https:\/\/images.epagine.fr\/737\/9782070695737_1_m.jpg","thumbnail":"https:\/\/images.epagine.fr\/737\/9782070695737_1_v.jpg"},"orderable":true,"show_badge":true,"formatted_price":"22,50&nbsp;\u20ac","formatted_published_date":"27 janvier 2011","publisher_availability_label":"Sur commande","short_details":"David Petersen \u2014 Gallimard BD","translator":null,"weight":827,"page_count":176,"readership":null,"editor":"Gallimard BD","price":2250,"published_date":"2011-01-26T23:00:00.000000Z","support":"Grand format","publisher_availability":1,"stock":0,"editions":[],"url":"https:\/\/quaidesbrumes.com\/ouvrage\/9782070695737\/legendes-de-la-garde-hiver-1152"},{"id":"9791039135641","title":"Aliens Vs. Avengers : L'affrontement final","description":"Comment peut se finir une histoire dans laquelle une race de super pr\u00e9dateurs capables d'infecter les humains, d\u00e9barque sur une plan\u00e8te pleine de super-h\u00e9ros ? On vous le dit : elle sera forc\u00e9ment tragique. L'\u00e9quipe de Secret Wars, Jonathan Hickman et Esad Ribic, nous plongent dans un monde o\u00f9 les Avengers sont la derni\u00e8re ligne de d\u00e9fense de la Terre face aux x\u00e9nomorphes.\r\nCe qui peut appara\u00eetre de prime abord comme un simple crossover commercial entre deux franchises hyper populaires devient d\u00e8s les premi\u00e8res pages l'oeuvre d'un duo d'auteurs au sommet. L'ambiance est cr\u00e9pusculaire, les r\u00e9f\u00e9rences \u00e0 la mythologie Alien sont nombreuses et parfaitement int\u00e9gr\u00e9es, et l'intrigue de science-fiction horrifique se d\u00e9ploie \u00e0 chaque page. Un one-shot qui fera date \u00e0 n'en pas douter.","authors":["Jonathan Hickman","Esad Ribic"],"category_codes":["3000000","3030000","3030500"],"visuals":{"large":"https:\/\/images.epagine.fr\/641\/9791039135641_1_75.jpg","medium":"https:\/\/images.epagine.fr\/641\/9791039135641_1_m.jpg","thumbnail":"https:\/\/images.epagine.fr\/641\/9791039135641_1_v.jpg"},"orderable":true,"show_badge":true,"formatted_price":"20,99&nbsp;\u20ac","formatted_published_date":"5 novembre 2025","publisher_availability_label":"Sur commande","short_details":"Jonathan Hickman, Esad Ribic \u2014 Panini","translator":null,"weight":630,"page_count":152,"readership":null,"editor":"Panini","price":2099,"published_date":"2025-11-04T23:00:00.000000Z","support":"Grand format","publisher_availability":1,"stock":0,"editions":[],"url":"https:\/\/quaidesbrumes.com\/ouvrage\/9791039135641\/aliens-vs-avengers-laffrontement-final"},{"id":"9782408055882","title":"This must be love Tome 1","description":"Apr\u00e8s son \u00e9mission, la chanteuse et animatrice radio Ban Hana re\u00e7oit un lecteur de cassettes de la part d'un fan. \r\nUn cadeau parmi tant d'autres, jusqu'\u00e0 ce que, \u00e0 la suite d'un accident de voiture, elle appuie sur un des boutons du walkman et voyage dans le temps, jusqu'en 1987 ! \r\nElle tombe alors sur le propri\u00e9taire du lecteur de cassettes, qui s'av\u00e8re \u00eatre le regrett\u00e9 musicien Woo Jae-ah. Ban Hana le rencontre alors qu'il n'est pas encore c\u00e9l\u00e8bre et qu'il est sur le point d'arr\u00eater la musique. Parviendra-t-elle \u00e0 convaincre son idole de ne pas abandonner son r\u00eave et \u00e0 lui sauver la vie ?\r\nUne romance sur fond de K-pop, une qu\u00eate pour s'affranchir de ses craintes\r\nCe r\u00e9cit \u00e9mouvant d\u00e9peint les destins crois\u00e9s d'une star contemporaine n'ayant jamais connu l'amour et d'un musicien des ann\u00e9es 1980 au coeur bris\u00e9. Le th\u00e8me r\u00e9current du voyage dans le temps montre que chaque d\u00e9cision compte et peut avoir de grandes cons\u00e9quences sur sa propre vie, comme sur la vie des autres.\r\n\u00ab Yam Yam \u00bb, le webtoon par Milan, \u00e0 d\u00e9couvrir d\u00e8s 10 ans !\r\n\u00ab Yam Yam \u00bb offre des univers vari\u00e9s (action, romance, tranches de vie, SF...), sign\u00e9s par des cr\u00e9ateurs du monde entier (Cor\u00e9e, Japon, USA...). Chaque titre se distingue par un style graphique coup de coeur et une fabrication soign\u00e9e.","authors":["Eum-Sae Lee","Dodo","Claire Lair"],"category_codes":["3000000","3040000","3040400","3040409"],"visuals":{"large":"https:\/\/images.epagine.fr\/882\/9782408055882_1_75.jpg","medium":"https:\/\/images.epagine.fr\/882\/9782408055882_1_m.jpg","thumbnail":"https:\/\/images.epagine.fr\/882\/9782408055882_1_v.jpg"},"orderable":true,"show_badge":true,"formatted_price":"14,95&nbsp;\u20ac","formatted_published_date":"22 janvier 2025","publisher_availability_label":"Sur commande","short_details":"Eum-Sae Lee, Dodo, Claire Lair \u2014 Milan","translator":"CLAIRE LAIR","weight":518,"page_count":256,"readership":"\u00e0 partir de 12 ANS","editor":"Milan","price":1495,"published_date":"2025-01-21T23:00:00.000000Z","support":"Grand format","publisher_availability":1,"stock":0,"editions":[],"url":"https:\/\/quaidesbrumes.com\/ouvrage\/9782408055882\/this-must-be-love-tome-1"},{"id":"9782818993477","title":"Chat de Yakuza Tome 2","description":"D\u00e9couvrez la suite des aventures de Sabu, le petit chaton tout mignon, en pension chez un ex-yakuza ! Jin, ex-yakuza, et g\u00e9rant du caf\u00e9 Fluffy, un bar \u00e0 chiens et \u00e0 chats, a recueilli Sabu, un petit chaton tout mignon, et l'a int\u00e9gr\u00e9 \u00e0 l'\u00e9quipe de son \u00e9tablissement.Le petit nouveau, comme on l'appelle, est d\u00e9sormais comme un poisson dans l'eau au milieu de ses camarades canins et f\u00e9lins, m\u00eame s'il a toujours un peu de mal \u00e0 s'habituer \u00e0 l'allure de malfrat de son bienfaiteur.Surtout que Sabu reste on ne peut plus m\u00e9fiant. Pour lui, tout est louche ! \u00c0 commencer par l'entourage de Jin. A-t-il affaire \u00e0 un yakuza sans piti\u00e9 ou \u00e0 un paisible g\u00e9rant de caf\u00e9 amoureux des animaux ?","authors":["Riddle Kamimura"],"category_codes":["3000000","3040000","3040600","3040602"],"visuals":{"large":"https:\/\/images.epagine.fr\/477\/9782818993477_1_75.jpg","medium":"https:\/\/images.epagine.fr\/477\/9782818993477_1_m.jpg","thumbnail":"https:\/\/images.epagine.fr\/477\/9782818993477_1_v.jpg"},"orderable":true,"show_badge":true,"formatted_price":"7,95&nbsp;\u20ac","formatted_published_date":"13 juillet 2022","publisher_availability_label":"Sur commande","short_details":"Riddle Kamimura \u2014 Bamboo","translator":null,"weight":160,"page_count":160,"readership":"\u00e0 partir de 12 ANS","editor":"Bamboo","price":795,"published_date":"2022-07-12T22:00:00.000000Z","support":"Poche","publisher_availability":1,"stock":0,"editions":[],"url":"https:\/\/quaidesbrumes.com\/ouvrage\/9782818993477\/chat-de-yakuza-tome-2"}]}