{"data":[{"id":"9782375782842","title":"Le cercle du Dragon-Th\u00e9 Tome 3 : la tapisserie du Dragon-Th\u00e9","description":"Pr\u00e8s d'un an apr\u00e8s avoir accept\u00e9 de prendre soin de Ginseng, Greta n'arrive pas \u00e0 aider le timide dragon-th\u00e9 \u00e0 surmonter son deuil. Alors qu'elle peine \u00e0 fabriquer un objet assez spectaculaire pour impressionner un ma\u00eetre-forgeron en recherche d'un apprenti, elle se questionne sur la signification de son artisanat, et sur comment aider quelqu'un en deuil. Pendant ce temps, Minette re\u00e7oit un curieux paquet de la part du monast\u00e8re o\u00f9 elle \u00e9tudiait pour devenir proph\u00e9tesse. Confuse \u00e0 propos du but de sa vie, la timide Minette d\u00e9couvre que plus elle ouvre son coeur aux autres, plus elle comprend ce qu'il a toujours renferm\u00e9.","authors":["Katie O'neill"],"category_codes":["3000000","3030000","3030100"],"visuals":{"large":"https:\/\/images.epagine.fr\/842\/9782375782842_1_75.jpg","medium":"https:\/\/images.epagine.fr\/842\/9782375782842_1_m.jpg","thumbnail":"https:\/\/images.epagine.fr\/842\/9782375782842_1_v.jpg"},"orderable":true,"show_badge":true,"formatted_price":"22,00&nbsp;\u20ac","formatted_published_date":"15 avril 2022","publisher_availability_label":"Sur commande","short_details":"Katie O'neill \u2014 Bliss \u00c9ditions","translator":null,"weight":950,"page_count":136,"readership":"Tout public","editor":"Bliss \u00c9ditions","price":2200,"published_date":"2022-04-14T22:00:00.000000Z","support":"Grand format","publisher_availability":1,"stock":0,"editions":[],"url":"https:\/\/quaidesbrumes.com\/ouvrage\/9782375782842\/le-cercle-du-dragon-the-tome-3-la-tapisserie-du-dragon-the"},{"id":"9782382124055","title":"Sasaki et Miyano Tome 4","description":"Dans Sasaki et Miyano, v\u00e9ritable manga hybride et \u00e9norme succ\u00e8s au Japon, suivez le quotidien empli de douceur de deux lyc\u00e9ens qui apprennent pas \u00e0 pas \u00e0 se conna\u00eetre...\r\nLa f\u00eate culturelle du lyc\u00e9e approche et le comit\u00e9 d'organisation en a profit\u00e9 pour lancer un concours de cross-dressing. Forc\u00e9ment, tous les espoirs de ses camarades de classe reposent sur Miyano, qui a \u00e9t\u00e9 choisi pour les repr\u00e9senter... pour peu qu'il accepte de participer ! En effet, le lyc\u00e9en a tendance \u00e0 d\u00e9tester qu'on lui rappelle son visage eff\u00e9min\u00e9. Pourtant, \u00e0 la surprise g\u00e9n\u00e9rale, il ne semble pas si r\u00e9fractaire \u00e0 l'id\u00e9e de se pr\u00eater au jeu, cette fois-ci... Les choses auraient-elles chang\u00e9 ?","authors":["Shou Harusono"],"category_codes":["3000000","3040000","3040400","3040409"],"visuals":{"large":"https:\/\/images.epagine.fr\/055\/9782382124055_1_75.jpg","medium":"https:\/\/images.epagine.fr\/055\/9782382124055_1_m.jpg","thumbnail":"https:\/\/images.epagine.fr\/055\/9782382124055_1_v.jpg"},"orderable":true,"show_badge":true,"formatted_price":"8,05&nbsp;\u20ac","formatted_published_date":"25 ao\u00fbt 2022","publisher_availability_label":"Sur commande","short_details":"Shou Harusono \u2014 Akata","translator":null,"weight":174,"page_count":157,"readership":"\u00e0 partir de 14 ans","editor":"Akata","price":805,"published_date":"2022-08-24T22:00:00.000000Z","support":"Poche","publisher_availability":1,"stock":0,"editions":[],"url":"https:\/\/quaidesbrumes.com\/ouvrage\/9782382124055\/sasaki-et-miyano-tome-4"},{"id":"9782353482726","title":"Moi, tsushima Tome 1","description":"Tsushima, alias M. Tsu, est un chat sauvage au caract\u00e8re insolent. Un jour, alors qu'il est en train de faire les poubelles \u00e0 la recherche de nourriture, il croise le chemin d'une femme aux allures de vieil homme, qui d\u00e9cide de le recueillir. Commence alors leur quotidien joyeux et surr\u00e9aliste avec les autres chats du voisinage : grande soeur Zun, qui vit dans la maison depuis l'enfance, Ch\u00e2, le peureux en manque d'affection, et Osamu, loup solitaire qui veille sur le quartier. Un manga plein d'humour et d'amour f\u00e9lin qui a conquis les amoureux des chats : au Japon, la s\u00e9rie en trois tomes s'est vendue \u00e0 plus de 500 000 exemplaires et a \u00e9t\u00e9 adapt\u00e9e en dessin anim\u00e9.","authors":["Opu no kyodai","Miyako Slocombe"],"category_codes":["3000000","3040000","3040600","3040610"],"visuals":{"large":"https:\/\/images.epagine.fr\/726\/9782353482726_1_75.jpg","medium":"https:\/\/images.epagine.fr\/726\/9782353482726_1_m.jpg","thumbnail":"https:\/\/images.epagine.fr\/726\/9782353482726_1_v.jpg"},"orderable":true,"show_badge":true,"formatted_price":"15,00&nbsp;\u20ac","formatted_published_date":"25 ao\u00fbt 2022","publisher_availability_label":"Sur commande","short_details":"Opu no kyodai, Miyako Slocombe \u2014 \u00c9ditions le l\u00e9zard noir","translator":"MIYAKO SLOCOMBE","weight":282,"page_count":176,"readership":"\u00e0 partir de 14 ans","editor":"\u00c9ditions le l\u00e9zard noir","price":1500,"published_date":"2022-08-24T22:00:00.000000Z","support":"Grand format","publisher_availability":1,"stock":0,"editions":[],"url":"https:\/\/quaidesbrumes.com\/ouvrage\/9782353482726\/moi-tsushima-tome-1"},{"id":"9791039143769","title":"Venom : Black White & Blood","description":"Plongez dans une s\u00e9rie d'histoires de Venom en noir, blanc... et rouge sang ! Dans la jungle face \u00e0 un commando paramilitaire, aux c\u00f4t\u00e9s d'un enfant en qu\u00eate de vengeance, contre son meilleur ennemi Spider-Man, ou dans un monde o\u00f9 Peter Parker aurait c\u00e9d\u00e9 \u00e0 ses pulsions les plus violentes... vous ne saurez plus o\u00f9 donner du symbiote !\r\nLe format Black, White & Blood est devenu un passage oblig\u00e9 pour les antih\u00e9ros Marvel, et Venom y trouve un terrain de jeu id\u00e9al ! Des r\u00e9cits brutaux et stylis\u00e9s port\u00e9s par des duos prestigieux : David Michelinie & Jonas Scharf, Ryan North & Creees Lee, Erik Larsen, Chris Bachalo... et bien d'autres !\r","authors":["Collectif"],"category_codes":["3000000","3030000","3030400"],"visuals":{"large":"https:\/\/images.epagine.fr\/769\/9791039143769_1_75.jpg","medium":"https:\/\/images.epagine.fr\/769\/9791039143769_1_m.jpg","thumbnail":"https:\/\/images.epagine.fr\/769\/9791039143769_1_v.jpg"},"orderable":true,"show_badge":true,"formatted_price":"26,00&nbsp;\u20ac","formatted_published_date":"22 avril 2026","publisher_availability_label":"Sur commande","short_details":"Collectif \u2014 Panini","translator":null,"weight":790,"page_count":136,"readership":null,"editor":"Panini","price":2600,"published_date":"2026-04-21T22:00:00.000000Z","support":"Grand format","publisher_availability":1,"stock":0,"editions":[],"url":"https:\/\/quaidesbrumes.com\/ouvrage\/9791039143769\/venom-black-white-blood"},{"id":"9782384966622","title":"Honey Lemon Soda Tome 14","description":"Uka Ishimori et Kai Miura filent\u00a0 le parfait amour et l'ont proclam\u00e9\u00a0 haut et fort lors de la f\u00eate du lyc\u00e9e.\u00a0 Il est d'ailleurs temps pour eux de\u00a0 f\u00eater le premier anniversaire de\u00a0 leur relation ! Afin de c\u00e9l\u00e9brer ce\u00a0 grand jour, la jeune fi lle a pr\u00e9par\u00e9\u00a0 un planning aux petits oignons...\u00a0 R\u00e9ussira-t-elle \u00e0 rendre la journ\u00e9e\u00a0 aussi inoubliable qu'elle l'imagine ?\r\nL'amour repars pour un tour !\r","authors":["Mayu Murata"],"category_codes":["3000000","3040000","3040400","3040409"],"visuals":{"large":"https:\/\/images.epagine.fr\/622\/9782384966622_1_75.jpg","medium":"https:\/\/images.epagine.fr\/622\/9782384966622_1_m.jpg","thumbnail":"https:\/\/images.epagine.fr\/622\/9782384966622_1_v.jpg"},"orderable":true,"show_badge":true,"formatted_price":"7,20&nbsp;\u20ac","formatted_published_date":"15 avril 2026","publisher_availability_label":"Sur commande","short_details":"Mayu Murata \u2014 Nobi Nobi","translator":null,"weight":148,"page_count":176,"readership":"\u00e0 partir de 10 ANS","editor":"Nobi Nobi","price":720,"published_date":"2026-04-14T22:00:00.000000Z","support":"Poche","publisher_availability":1,"stock":0,"editions":[],"url":"https:\/\/quaidesbrumes.com\/ouvrage\/9782384966622\/honey-lemon-soda-tome-14"},{"id":"9791032715987","title":"Du mouvement de la Terre Tome 5","description":"Au-del\u00e0 du savoir, la beaut\u00e9 de l'univers.\r\nTandis qu'ils continuent leurs recherches sur l'h\u00e9liocentrisme, Okszy et Badeni apprennent avec horreur que la petite Jolenta n'est autre que la fille de Novak, l'inquisiteur qui n'a de cesse de pourchasser les h\u00e9r\u00e9tiques... et ce dernier a d\u00e9couvert le secret des deux hommes, malgr\u00e9 toutes leurs pr\u00e9cautions ! Il se lance alors \u00e0 leurs trousses...\r\n\r\nAfin de permettre au fr\u00e8re Badeni de fuir et d'ainsi prot\u00e9ger sa vision du monde, Okszy d\u00e9cide d'affronter seul ses assaillants... Mais le mercenaire a-t-il seulement une chance de survie face \u00e0 des adversaires en position de force, tout aussi convaincus d'oeuvrer pour le bien commun ?\r","authors":["Uoto"],"category_codes":["3000000","3040000","3040600","3040607"],"visuals":{"large":"https:\/\/images.epagine.fr\/987\/9791032715987_1_75.jpg","medium":"https:\/\/images.epagine.fr\/987\/9791032715987_1_m.jpg","thumbnail":"https:\/\/images.epagine.fr\/987\/9791032715987_1_v.jpg"},"orderable":true,"show_badge":true,"formatted_price":"7,95&nbsp;\u20ac","formatted_published_date":"4 janvier 2024","publisher_availability_label":"Sur commande","short_details":"Uoto \u2014 Ki-oon","translator":null,"weight":192,"page_count":166,"readership":"\u00e0 partir de 14 ans","editor":"Ki-oon","price":795,"published_date":"2024-01-03T23:00:00.000000Z","support":"Poche","publisher_availability":1,"stock":0,"editions":[],"url":"https:\/\/quaidesbrumes.com\/ouvrage\/9791032715987\/du-mouvement-de-la-terre-tome-5"},{"id":"9791032702741","title":"Les m\u00e9moires de Vanitas Tome 5","description":"\u00c0 peine revenus de l'Altus, Vanitas et No\u00e9 apprennent que des vampires ont disparu dans des circonstances inqui\u00e9tantes... Heureusement, lors de ses investigations, Dante a r\u00e9ussi \u00e0 arracher un bouton \u00e0 un myst\u00e9rieux assaillant. L'h\u00e9ritier de la lune bleue l'identifie tout de suite... c'est celui de l'escouade anti-vampires de l'\u00c9glise !\r\n\r\nAlors que nos h\u00e9ros s'infiltrent en pleine nuit dans le repaire des ravisseurs, ils tombent nez \u00e0 nez avec un adversaire redoutable : Roland Fortis, l'un des capitaines des chasseurs, qui donne imm\u00e9diatement l'alerte ! Parviendront-ils \u00e0 se tirer de ce gu\u00eapier ?\r\n\r\nApr\u00e8s Pandora Hearts, Jun Mochizuki cr\u00e9e un nouvel univers palpitant, entre r\u00e9alit\u00e9 historique et fantasy ! Le talent de la jeune auteure pour camper des personnages myst\u00e9rieux, ambivalents et \u00e0 la psychologie complexe ne se d\u00e9ment pas. D'un trait toujours aussi soign\u00e9 et \u00e9l\u00e9gant, elle nous entra\u00eene \u00e0 travers un Paris peupl\u00e9 de cr\u00e9atures de l\u00e9gendes, dans une enqu\u00eate aux fronti\u00e8res des mondes des humains et des vampires !\r","authors":["Jun Mochizuki","Fedoua Lamodi\u00e8re"],"category_codes":["3000000","3040000","3040500","3040505"],"visuals":{"large":"https:\/\/images.epagine.fr\/741\/9791032702741_1_75.jpg","medium":"https:\/\/images.epagine.fr\/741\/9791032702741_1_m.jpg","thumbnail":"https:\/\/images.epagine.fr\/741\/9791032702741_1_v.jpg"},"orderable":true,"show_badge":true,"formatted_price":"7,95&nbsp;\u20ac","formatted_published_date":"6 septembre 2018","publisher_availability_label":"Sur commande","short_details":"Jun Mochizuki, Fedoua Lamodi\u00e8re \u2014 Ki-oon","translator":"FEDOUA LAMODIERE","weight":223,"page_count":null,"readership":"\u00e0 partir de 12 ANS","editor":"Ki-oon","price":795,"published_date":"2018-09-05T22:00:00.000000Z","support":"Poche","publisher_availability":1,"stock":0,"editions":[],"url":"https:\/\/quaidesbrumes.com\/ouvrage\/9791032702741\/les-memoires-de-vanitas-tome-5"},{"id":"9791032713266","title":"Valkyrie apocalypse Tome 16","description":"Dieux vs humains : l'ultime combat !\r\nLe combat de Bouddha contre Zerofuku se poursuit ! Pour celui qu'on appelait autrefois Siddhartha Gautama, il s'agit d'apprendre \u00e0 son jeune adversaire \u00e0 s'aimer afin de trouver le v\u00e9ritable bonheur. D\u00e9barrass\u00e9 de ses d\u00e9mons, Zerofuku reprend petit \u00e0 petit son innocente forme originelle...\r\n\r\n\r\n\r\nC'est alors qu'une chose \u00e0 l'allure repoussante prend possession de son corps ! Dans l'assembl\u00e9e, personne n'est en mesure de dire de qui ou de quoi il s'agit... Personne, sauf Had\u00e8s, le souverain de Helheim ! Pour Bouddha, un nouvel affrontement d\u00e9bute : arrivera-t-il \u00e0 vaincre le roi-d\u00e9mon du sixi\u00e8me ciel et \u00e0 sauver son ami ?\r\n\r\n\r\n\r\nAssistez aux duels les plus fous de l'histoire ! Puissance et charisme se d\u00e9cha\u00eenent dans des combats jouissifs d'une extraordinaire intensit\u00e9. Valkyrie Apocalypse a fait sensation en se classant dans le top des meilleurs mangas au Japon : son casting impr\u00e9visible et son tournoi \u00e9pique vous r\u00e9servent bien des surprises !\r","authors":["Shinya Umemura","Takumi Fukui","Ajichika"],"category_codes":["3000000","3040000","3040600","3040605"],"visuals":{"large":"https:\/\/images.epagine.fr\/266\/9791032713266_1_75.jpg","medium":"https:\/\/images.epagine.fr\/266\/9791032713266_1_m.jpg","thumbnail":"https:\/\/images.epagine.fr\/266\/9791032713266_1_v.jpg"},"orderable":true,"show_badge":true,"formatted_price":"7,95&nbsp;\u20ac","formatted_published_date":"1er juin 2023","publisher_availability_label":"Sur commande","short_details":"Shinya Umemura, Takumi Fukui, Ajichika \u2014 Ki-oon","translator":null,"weight":214,"page_count":192,"readership":"\u00e0 partir de 14 ans","editor":"Ki-oon","price":795,"published_date":"2023-05-31T22:00:00.000000Z","support":"Poche","publisher_availability":1,"stock":0,"editions":[],"url":"https:\/\/quaidesbrumes.com\/ouvrage\/9791032713266\/valkyrie-apocalypse-tome-16"},{"id":"9791032716526","title":"Valkyrie apocalypse Tome 19","description":"Dieux vs humains : l'ultime combat !\r\nDans ce huiti\u00e8me match du Ragnaro?k, Nikola Tesla, le repr\u00e9sentant de l'humanit\u00e9, va devoir user de tous ses talents de scientifique pour venir \u00e0 bout du sinistre Belz\u00e9buth... En effet, le seigneur des mouches n'a qu'un seul but : parvenir \u00e0 \u00eatre tu\u00e9 pour expier ses p\u00e9ch\u00e9s !\r\n\r\nSeulement, son pouvoir est tel, et sa mal\u00e9diction si terrible, que rien ni personne n'a encore r\u00e9ussi \u00e0 exaucer son triste voeu. Heureusement, Nikola a plus d'un tour dans son sac, et la puissance de la science ne conna\u00eet aucune limite...\r\n\r\nAssistez aux duels les plus fous de l'histoire ! Puissance et charisme se d\u00e9cha\u00eenent dans des combats jouissifs d'une extraordinaire intensit\u00e9. Valkyrie Apocalypse a fait sensation en se classant dans le top des meilleurs mangas au Japon : son casting impr\u00e9visible et son tournoi \u00e9pique vous r\u00e9servent bien des surprises !\r","authors":["Takumi Fukui","Shinya Umemura","Ajichika"],"category_codes":["3000000","3040000","3040600","3040605"],"visuals":{"large":"https:\/\/images.epagine.fr\/526\/9791032716526_1_75.jpg","medium":"https:\/\/images.epagine.fr\/526\/9791032716526_1_m.jpg","thumbnail":"https:\/\/images.epagine.fr\/526\/9791032716526_1_v.jpg"},"orderable":true,"show_badge":true,"formatted_price":"7,95&nbsp;\u20ac","formatted_published_date":"7 mars 2024","publisher_availability_label":"Sur commande","short_details":"Takumi Fukui, Shinya Umemura, Ajichika \u2014 Ki-oon","translator":null,"weight":194,"page_count":192,"readership":"\u00e0 partir de 14 ans","editor":"Ki-oon","price":795,"published_date":"2024-03-06T23:00:00.000000Z","support":"Poche","publisher_availability":1,"stock":0,"editions":[],"url":"https:\/\/quaidesbrumes.com\/ouvrage\/9791032716526\/valkyrie-apocalypse-tome-19"},{"id":"9782808505154","title":"La faune symbolique Tome 2 : Le roi cerf","description":"Dieu, apr\u00e8s avoir cr\u00e9\u00e9 tous les animaux, re\u00e7ut les dol\u00e9ances du cerf, qui lui demanda s'il pouvait \u00eatre le chef des animaux. Dieu accepta et lui planta de belles branches feuillues sur la t\u00eate, mais que le vaniteux et craintif animal perdit vite au profit de bois secs... Dans la mythologie grecque, le cerf fut lui intimement li\u00e9 aux figures de Diane, d\u00e9esse de la chasse, et de l'imprudent Act\u00e9on. Chez les Celtes, il \u00e9tait associ\u00e9 au dieu Cernunnos...\r\n\r\nDe nos jours, le jeune \u00c9douard, accompagn\u00e9 du garde-chasse Gilbert, arpente les for\u00eats et d\u00e9couvre un \u00ab cerf- moine \u00bb, sans bois. Dans les fourr\u00e9s, une paire d'yeux ne perd rien de la sc\u00e8ne. Ceux d'un braconnier que le grand-p\u00e8re d'\u00c9douard semble tol\u00e9rer, pour d'\u00e9tranges raisons... Le cerf - et en particulier le myst\u00e9rieux cerf blanc - va-t-il ajouter une nouvelle page \u00e0 sa l\u00e9gende ?\r","authors":["Jean-Claude Servais"],"category_codes":["3000000","3020000","3020100","3020106"],"visuals":{"large":"https:\/\/images.epagine.fr\/154\/9782808505154_1_75.jpg","medium":"https:\/\/images.epagine.fr\/154\/9782808505154_1_m.jpg","thumbnail":"https:\/\/images.epagine.fr\/154\/9782808505154_1_v.jpg"},"orderable":true,"show_badge":true,"formatted_price":"17,95&nbsp;\u20ac","formatted_published_date":"11 octobre 2024","publisher_availability_label":"Sur commande","short_details":"Jean-Claude Servais \u2014 Dupuis","translator":null,"weight":742,"page_count":80,"readership":"\u00e0 partir de 15 ans","editor":"Dupuis","price":1795,"published_date":"2024-10-10T22:00:00.000000Z","support":"Grand format","publisher_availability":1,"stock":0,"editions":[],"url":"https:\/\/quaidesbrumes.com\/ouvrage\/9782808505154\/la-faune-symbolique-tome-2-le-roi-cerf"},{"id":"9782898570568","title":"Quand les \u00e9l\u00e8ves se r\u00e9voltaient : Manuel d'histoire avant l'Effondrement","description":"Une BD foisonnante qui raconte la d\u00e9mocratie par et pour les jeunes sous la forme originale d'un pastiche de manuel scolaire.\r\n\r\nNous sommes en 2047. L'Effondrement de la civilisation industrielle, provoqu\u00e9 par une crise climatique globale, a eu lieu 12 ans plus t\u00f4t. Cette catastrophe avait pourtant \u00e9t\u00e9 pr\u00e9dite par des milliers de scientifiques et, au tournant des ann\u00e9es 2020, par des millions d'\u00e9l\u00e8ves du Mouvement des jeunes pour \r\nle climat...\r\n\r\nRemontant le fil du temps, ce manuel d'histoire con\u00e7u pour le programme scolaire de l'ann\u00e9e 2047?-?2048 pr\u00e9sente les nombreuses r\u00e9voltes d'\u00e9l\u00e8ves qui ont eu lieu dans le monde avant l'Effondrement. Manifestations, gr\u00e8ves, occupations d'\u00e9tablissements scolaires... Depuis le d\u00e9but du XXe si\u00e8cle, des millions de jeunes des \u00e9coles secondaires et des lyc\u00e9es ont eu le courage de d\u00e9noncer, parfois au p\u00e9ril de leur vie, des injustices telles que la s\u00e9gr\u00e9gation raciale aux \u00c9tats-Unis, les agressions sexuelles en Inde, les in\u00e9galit\u00e9s sociales au Chili, la dictature en Ha\u00efti, l'occupation de la Palestine, la r\u00e9pression de la diversit\u00e9 de genre et sexuelle au Canada ou l'inaction climatique aux quatre coins du globe.\r\n\r\nCe manuel scolaire \u00e0 l'esth\u00e9tique r\u00e9tro nous rappelle que, contrairement \u00e0 ce qu'on enseignait aux \u00e9l\u00e8ves dans les \u00e9coles avant l'Effondrement, il existe diff\u00e9rentes fa\u00e7ons de pratiquer la d\u00e9mocratie. Et surtout, qu'il n'y a pas d'\u00e2ge pour se d\u00e9fendre et se mobiliser au nom de la libert\u00e9, de l'\u00e9galit\u00e9, de la justice et de la solidarit\u00e9 !","authors":["Francis Dupuis-D\u00e9ri","Emmanuelle Dufour"],"category_codes":["3000000","3020000","3020100","3020103"],"visuals":{"large":"https:\/\/images.epagine.fr\/568\/9782898570568_1_75.jpg","medium":"https:\/\/images.epagine.fr\/568\/9782898570568_1_m.jpg","thumbnail":"https:\/\/images.epagine.fr\/568\/9782898570568_1_v.jpg"},"orderable":true,"show_badge":false,"formatted_price":"20,00&nbsp;\u20ac","formatted_published_date":"25 avril 2025","publisher_availability_label":"Sur commande","short_details":"Francis Dupuis-D\u00e9ri, Emmanuelle Dufour \u2014 \u00c9cosoci\u00e9t\u00e9","translator":null,"weight":472,"page_count":108,"readership":"Tout public","editor":"\u00c9cosoci\u00e9t\u00e9","price":2000,"published_date":"2025-04-24T22:00:00.000000Z","support":"Grand format","publisher_availability":1,"stock":1,"editions":[],"url":"https:\/\/quaidesbrumes.com\/ouvrage\/9782898570568\/quand-les-eleves-se-revoltaient-manuel-dhistoire-avant-leffondrement"},{"id":"9791032716021","title":"Du mouvement de la Terre Tome 7","description":"Au-del\u00e0 du savoir, la beaut\u00e9 de l'univers.\r\nTandis que son oncle s'appr\u00eate \u00e0 la sacrifier pour sauver sa peau, Douraka n'h\u00e9site pas \u00e0 br\u00fbler un manuscrit qui semble \u00eatre l'objet de toutes les convoitises... Les naturalistes venus r\u00e9cup\u00e9rer le pr\u00e9cieux ouvrage n'ont donc d'autre option que d'emmener la jeune fille aupr\u00e8s du chef du Front de lib\u00e9ration des h\u00e9r\u00e9tiques.\r\n \r\n En effet, m\u00eame si le livre est d\u00e9sormais perdu, elle affirme avoir retenu l'int\u00e9gralit\u00e9 de son contenu ! Un lien \u00e9tonnant va alors se tisser entre elle et la myst\u00e9rieuse figure qui commande aux dissidents...","authors":["Uoto"],"category_codes":["3000000","3040000","3040600","3040607"],"visuals":{"large":"https:\/\/images.epagine.fr\/021\/9791032716021_1_75.jpg","medium":"https:\/\/images.epagine.fr\/021\/9791032716021_1_m.jpg","thumbnail":"https:\/\/images.epagine.fr\/021\/9791032716021_1_v.jpg"},"orderable":true,"show_badge":true,"formatted_price":"7,95&nbsp;\u20ac","formatted_published_date":"29 ao\u00fbt 2024","publisher_availability_label":"Sur commande","short_details":"Uoto \u2014 Ki-oon","translator":null,"weight":208,"page_count":192,"readership":"\u00e0 partir de 14 ans","editor":"Ki-oon","price":795,"published_date":"2024-08-28T22:00:00.000000Z","support":"Poche","publisher_availability":1,"stock":0,"editions":[],"url":"https:\/\/quaidesbrumes.com\/ouvrage\/9791032716021\/du-mouvement-de-la-terre-tome-7"},{"id":"9782754847469","title":"Abdallahi : Int\u00e9grale Tomes 1 et 2","description":"Au d\u00e9but du XIXe si\u00e8cle, Tombouctou est interdite aux Blancs. Fascin\u00e9 par cette ville mythique, le Fran\u00e7ais Ren\u00e9 Cailli\u00e9 se fait passer pour musulman et devient Abdallahi, le serviteur de Dieu. Il entame un p\u00e9riple de 4500 kilom\u00e8tres \u00e0 pied, en solitaire, \u00e0 travers les terres d'Afrique de l'Ouest. Cette nouvelle \u00e9dition int\u00e9grale d'Abdallahi para\u00eet sous une forme plus compacte et avec une nouvelle couverture. Elle reprend les 2 tomes initialement parus en 2006. Premi\u00e8re bande dessin\u00e9e de Christophe Dabitch, Abdallahi a \u00e9t\u00e9 un succ\u00e8s critique et public avec pr\u00e8s de 25000 exemplaires vendus. Il obtient le Prix Ch\u00e2teau de Cheverny de la bande dessin\u00e9e historique - Rendez-vous de l'Histoire 2006.","authors":["Jean-denis Pendanx","Christophe Dabitch"],"category_codes":["3000000","3020000","3020100","3020108"],"visuals":{"large":"https:\/\/images.epagine.fr\/469\/9782754847469_1_75.jpg","medium":"https:\/\/images.epagine.fr\/469\/9782754847469_1_m.jpg","thumbnail":"https:\/\/images.epagine.fr\/469\/9782754847469_1_v.jpg"},"orderable":true,"show_badge":true,"formatted_price":"25,00&nbsp;\u20ac","formatted_published_date":"26 novembre 2025","publisher_availability_label":"Sur commande","short_details":"Jean-denis Pendanx, Christophe Dabitch \u2014 Futuropolis","translator":null,"weight":868,"page_count":184,"readership":null,"editor":"Futuropolis","price":2500,"published_date":"2025-11-25T23:00:00.000000Z","support":"Grand format","publisher_availability":1,"stock":0,"editions":[],"url":"https:\/\/quaidesbrumes.com\/ouvrage\/9782754847469\/abdallahi-integrale-tomes-1-et-2"},{"id":"9782413045489","title":"Jojo's bizarre adventure - saison 8 ; Jojolion Tome 25","description":"La ville de Morio est d\u00e9vast\u00e9e par le s\u00e9isme de la c\u00f4te Pacifique du Japon. \u00c0 la suite de cette catastrophe, d'\u00e9tranges \u00e9difices appel\u00e9s \u00ab murs qui voient \u00bb font leur apparition. Yasuho, une \u00e9tudiante, va trouver un jeune homme nu, coiff\u00e9 d'un b\u00e9ret de marin, dans les d\u00e9combres. Il ne se souvient de rien. Ils vont alors partir dans une qu\u00eate \u00e0 la recherche de son v\u00e9ritable nom...","authors":["Hirohiko Araki"],"category_codes":["3000000","3040000","3040500","3040508"],"visuals":{"large":"https:\/\/images.epagine.fr\/489\/9782413045489_1_75.jpg","medium":"https:\/\/images.epagine.fr\/489\/9782413045489_1_m.jpg","thumbnail":"https:\/\/images.epagine.fr\/489\/9782413045489_1_v.jpg"},"orderable":true,"show_badge":true,"formatted_price":"7,29&nbsp;\u20ac","formatted_published_date":"11 janvier 2023","publisher_availability_label":"Sur commande","short_details":"Hirohiko Araki \u2014 Delcourt","translator":null,"weight":126,"page_count":192,"readership":"\u00e0 partir de 12 ANS","editor":"Delcourt","price":729,"published_date":"2023-01-10T23:00:00.000000Z","support":"Poche","publisher_availability":1,"stock":0,"editions":[],"url":"https:\/\/quaidesbrumes.com\/ouvrage\/9782413045489\/jojos-bizarre-adventure-saison-8-jojolion-tome-25"},{"id":"9782505005421","title":"Complainte des landes perdues - cycle 1 ; Sioban Tome 4 : Kyle of Klanach","description":"Sioban, fille de Lady O'Mara et du Loup Blanc, r\u00e9gnait sur l'Eruin Dulea. Mais Dame Gerfaut lui a fait boire un philtre d'amour qui l'a encha\u00een\u00e9e \u00e0 son fils, un biscornu stupide et l\u00e2che. Et voil\u00e0 Sioban qui \u00e9pouse Gerfaut et, pire encore, abandonne au cuisinier son copain de toujours, Zog l'adorable petit ouki : son nouvel \u00e9poux adore le ouki au miel ! \r\n\r\n Les jours sombres reviennent pour l'Eruin Dulea. Dieu merci, Kyle of Klanach, qui aime toujours Sioban, veille. Et lady O'Mara, pour d\u00e9livrer sa fille du philtre, fera une chose terrible mais salutaire. \r\n\r\n Inspir\u00e9e de l\u00e9gendes anglo-saxonnes, la Complainte des landes perdues est une histoire pleine de myst\u00e8res et d'horreurs, mais aussi d'humour et d'amour. Ce dernier volet du cycle r\u00e9pond enfin \u00e0 la terrible question : l'amour est-il au coeur du mal, ou est-ce le mal qui est au coeur de l'amour ? Et apr\u00e8s pas mal d'atrocit\u00e9s que nous ne d\u00e9voilerons pas, l'histoire s'ach\u00e8vera sur un happy-end - y compris pour le petit Zog, mais ne le dites \u00e0 personne.\r","authors":["Jean Dufaux","Grzegorz Rosinski"],"category_codes":["3000000","3020000","3020100","3020105"],"visuals":{"large":"https:\/\/images.epagine.fr\/421\/9782505005421_1_75.jpg","medium":"https:\/\/images.epagine.fr\/421\/9782505005421_1_m.jpg","thumbnail":"https:\/\/images.epagine.fr\/421\/9782505005421_1_v.jpg"},"orderable":true,"show_badge":true,"formatted_price":"17,50&nbsp;\u20ac","formatted_published_date":"14 novembre 1998","publisher_availability_label":"Sur commande","short_details":"Jean Dufaux, Grzegorz Rosinski \u2014 Dargaud","translator":null,"weight":610,"page_count":null,"readership":"\u00e0 partir de 16 ans","editor":"Dargaud","price":1750,"published_date":"1998-11-13T23:00:00.000000Z","support":"Grand format","publisher_availability":1,"stock":0,"editions":[],"url":"https:\/\/quaidesbrumes.com\/ouvrage\/9782505005421\/complainte-des-landes-perdues-cycle-1-sioban-tome-4-kyle-of-klanach"},{"id":"9782811682590","title":"Thunder 3 Tome 1","description":"Pyontar\u00f4 est un coll\u00e9gien dont la petite soeur, Futaba, l'aime plus que tout. Un jour, lui et ses camarades surnomm\u00e9s les \"small 3\", d\u00e9cident de jeter un oeil \u00e0 l'\u00e9trange disque re\u00e7u par leur professeur. Les gar\u00e7ons sont cependant loin de se douter que celui-ci est reli\u00e9 \u00e0 un autre monde... et pendant qu'ils ont le dos tourn\u00e9, voil\u00e0 que Futaba se retrouve aspir\u00e9e dans cette dimension parall\u00e8le ! Pyontar\u00f4 et ses copains parviendront-ils \u00e0 retrouver la petite fille ? Et quel est cet \u00e9trange univers dans lequel ils ont atterri ?!","authors":["Yuki Ikeda"],"category_codes":["3000000","3040000","3040500","3040503"],"visuals":{"large":"https:\/\/images.epagine.fr\/590\/9782811682590_1_75.jpg","medium":"https:\/\/images.epagine.fr\/590\/9782811682590_1_m.jpg","thumbnail":"https:\/\/images.epagine.fr\/590\/9782811682590_1_v.jpg"},"orderable":true,"show_badge":true,"formatted_price":"8,20&nbsp;\u20ac","formatted_published_date":"17 janvier 2024","publisher_availability_label":"Sur commande","short_details":"Yuki Ikeda \u2014 Pika \u00c9dition","translator":null,"weight":236,"page_count":192,"readership":"\u00e0 partir de 12 ANS","editor":"Pika \u00c9dition","price":820,"published_date":"2024-01-16T23:00:00.000000Z","support":"Poche","publisher_availability":1,"stock":0,"editions":[],"url":"https:\/\/quaidesbrumes.com\/ouvrage\/9782811682590\/thunder-3-tome-1"},{"id":"9782808214728","title":"Thorgal Tome 3 : Les 3 vieillards du pays d'Aran","description":"Follement \u00e9pris l'un de l'autre, le valeureux viking et la fille de Gandalf sont unis pour le meilleur et pour le pire. Mais, contre son gr\u00e9, Aaricia vient d'\u00eatre sacr\u00e9e reine par \"les trois vieillards du pays d'Aran\" et son \u00e9poux ne peut d\u00e8s lors plus l'approcher !\r\nUne nouvelle version totalement recoloris\u00e9e par Ga\u00e9tan Georges, le coloriste des albums les plus r\u00e9cents.\r\nUne r\u00e9\u00e9dition parfaite pour faire d\u00e9couvrir la saga mythique \u00e0 petit prix.\r","authors":["Jean Van Hamme","Grzegorz Rosinski"],"category_codes":["3000000","3020000","3020200","3020205"],"visuals":{"large":"https:\/\/images.epagine.fr\/728\/9782808214728_1_75.jpg","medium":"https:\/\/images.epagine.fr\/728\/9782808214728_1_m.jpg","thumbnail":"https:\/\/images.epagine.fr\/728\/9782808214728_1_v.jpg"},"orderable":true,"show_badge":true,"formatted_price":"13,95&nbsp;\u20ac","formatted_published_date":"1er juillet 2024","publisher_availability_label":"Sur commande","short_details":"Jean Van Hamme, Grzegorz Rosinski \u2014 \u00c9ditions du Lombard","translator":null,"weight":370,"page_count":48,"readership":"\u00e0 partir de 9 ANS","editor":"\u00c9ditions du Lombard","price":1395,"published_date":"2024-06-30T22:00:00.000000Z","support":"Grand format","publisher_availability":1,"stock":0,"editions":[],"url":"https:\/\/quaidesbrumes.com\/ouvrage\/9782808214728\/thorgal-tome-3-les-3-vieillards-du-pays-daran"},{"id":"9782811671112","title":"Komi cherche ses mots Tome 13","description":"Au beau milieu des vacances d'\u00e9t\u00e9, Komi passe ses journ\u00e9es avec une jeune fillette, Rei. Alors qu'elles avaient bris\u00e9 la glace, la petite fille met tout \u00e0 coup sa nouvelle amie \u00e0 l'\u00e9cart. Que se cache-t-il derri\u00e8re l'apparente fragilit\u00e9 de Rei ? Komi et Tadano parviendront-ils \u00e0 s'inviter \u00e0 sortir cet \u00e9t\u00e9 ? Quid des aventures horrifiques de Najimi ?","authors":["Tomohito Oda"],"category_codes":["3000000","3040000","3040500","3040509"],"visuals":{"large":"https:\/\/images.epagine.fr\/112\/9782811671112_1_75.jpg","medium":"https:\/\/images.epagine.fr\/112\/9782811671112_1_m.jpg","thumbnail":"https:\/\/images.epagine.fr\/112\/9782811671112_1_v.jpg"},"orderable":true,"show_badge":true,"formatted_price":"7,20&nbsp;\u20ac","formatted_published_date":"5 juin 2024","publisher_availability_label":"Sur commande","short_details":"Tomohito Oda \u2014 Pika \u00c9dition","translator":null,"weight":164,"page_count":192,"readership":"\u00e0 partir de 12 ANS","editor":"Pika \u00c9dition","price":720,"published_date":"2024-06-04T22:00:00.000000Z","support":"Poche","publisher_availability":1,"stock":0,"editions":[],"url":"https:\/\/quaidesbrumes.com\/ouvrage\/9782811671112\/komi-cherche-ses-mots-tome-13"},{"id":"9782811671679","title":"Wistoria - wand and sword Tome 2","description":"L'acad\u00e9mie de magie Rigarden est en f\u00eate. C'est l'heure du grand tournoi de magie qu'elle organise une fois tous les deux ans ! Une occasion r\u00eav\u00e9e pour les meilleurs \u00e9l\u00e8ves de d\u00e9ployer tous leurs talents afin d'attirer l'attention des recruteurs d\u00e9p\u00each\u00e9s par les Magia Vende, les Cinq sceptres supr\u00eames. Will Selfort, l'\u00e9ternel dernier de la classe sans aucun don pour la magie, n'envisage m\u00eame pas d'y participer. Du moins, jusqu'\u00e0 ce qu'un incident \u00e0 la taverne o\u00f9 il travaille ne le fasse changer d'avis...","authors":["Fujino Omori","Toshi Aoi"],"category_codes":["3000000","3040000","3040500","3040508"],"visuals":{"large":"https:\/\/images.epagine.fr\/679\/9782811671679_1_75.jpg","medium":"https:\/\/images.epagine.fr\/679\/9782811671679_1_m.jpg","thumbnail":"https:\/\/images.epagine.fr\/679\/9782811671679_1_v.jpg"},"orderable":true,"show_badge":true,"formatted_price":"7,20&nbsp;\u20ac","formatted_published_date":"6 novembre 2024","publisher_availability_label":"Sur commande","short_details":"Fujino Omori, Toshi Aoi \u2014 Pika \u00c9dition","translator":null,"weight":164,"page_count":192,"readership":"\u00e0 partir de 10 ANS","editor":"Pika \u00c9dition","price":720,"published_date":"2024-11-05T23:00:00.000000Z","support":"Poche","publisher_availability":1,"stock":0,"editions":[],"url":"https:\/\/quaidesbrumes.com\/ouvrage\/9782811671679\/wistoria-wand-and-sword-tome-2"},{"id":"9782849659816","title":"Blue exorcist Tome 3","description":"Rin et ses camarades aspirants exorcistes sont charg\u00e9s de traquer un fant\u00f4me qui hante un parc d'attractions. Amaimon, roi de la terre, profite de l'occasion pour passer \u00e0 l'action. Il attaque Rin et lui subtilise le k\u00f4maken, le sabre conjuratoire que lui avait remis Shir\u00f4, son p\u00e8re. Ses flammes bleues jaillissent alors dans un flux incontr\u00f4lable","authors":["Kazue Kato"],"category_codes":["3000000","3040000","3040500","3040508"],"visuals":{"large":"https:\/\/images.epagine.fr\/816\/9782849659816_1_75.jpg","medium":"https:\/\/images.epagine.fr\/816\/9782849659816_1_m.jpg","thumbnail":"https:\/\/images.epagine.fr\/816\/9782849659816_1_v.jpg"},"orderable":true,"show_badge":true,"formatted_price":"7,25&nbsp;\u20ac","formatted_published_date":"18 novembre 2010","publisher_availability_label":"Sur commande","short_details":"Kazue Kato \u2014 Crunchyroll","translator":null,"weight":164,"page_count":208,"readership":"\u00e0 partir de 12 ANS","editor":"Crunchyroll","price":725,"published_date":"2010-11-17T23:00:00.000000Z","support":"Poche","publisher_availability":1,"stock":0,"editions":[],"url":"https:\/\/quaidesbrumes.com\/ouvrage\/9782849659816\/blue-exorcist-tome-3"},{"id":"9782487433045","title":"Anders et la com\u00e8te","description":"C'est la veille des vacances \u00e0 Chiffonville. Pas id\u00e9al pour se faire une place dans sa nouvelle \u00e9cole... C'est pourtant l'\u00e9preuve qui attend Bernie, le jeune \u00e9l\u00e9phant qui trouvera en Anders - un \u00e9cureuil - plus qu'un camarade de classe : un ami et un voisin ! L'occasion est parfaite pour prendre un raccourci sur le chemin du retour : celui qui passe non loin de la myst\u00e9rieuse \u00ab Pince Verte \u00bb ... \r\nC'est le d\u00e9but d'une aventure qui se d\u00e9roulera les yeux riv\u00e9s aux \u00e9toiles, les copains pr\u00e8s de soi et les poches pleines de bonbons !\r\nPlus qu'une simple r\u00e9\u00e9dition de l'aventure originale de notre vaillant \u00e9cureuil, cette version d'Anders et la com\u00e8te propose une mise en couleurs superbement aquarell\u00e9e de l'auteur, indisponible lors de la premi\u00e8re publication. The Hoochie Coochie en a profit\u00e9 pour r\u00e9\u00e9tudier la fabrication du livre avec cette fausse bodonienne raffin\u00e9e et particuli\u00e8rement r\u00e9sistante.  Restent les qualit\u00e9s qui ont fait de la s\u00e9rie un succ\u00e8s : une bande dessin\u00e9e qui s'adapte au rythme de lecture des enfants, un dessin doux et une narration dynamique, des personnages intr\u00e9pides et attachants et une aventure qui met \u00e0 l'honneur les qualit\u00e9s humaines de nos jeunes ami\u00b7e\u00b7s : ici, pas de manich\u00e9isme simpliste, dans les aventures d'Anders, il n'y a pas de \u00ab m\u00e9chant \u00bb !\r\nS\u00e9lection jeunesse du FIBD Angoul\u00eame 2017 \/ Silver Ledger Award en Australie en 2016","authors":["Gregory Mackay","Gautier Ducatez"],"category_codes":["3000000","3020000","3020200"],"visuals":{"large":"https:\/\/images.epagine.fr\/045\/9782487433045_1_75.jpg","medium":"https:\/\/images.epagine.fr\/045\/9782487433045_1_m.jpg","thumbnail":"https:\/\/images.epagine.fr\/045\/9782487433045_1_v.jpg"},"orderable":true,"show_badge":true,"formatted_price":"21,00&nbsp;\u20ac","formatted_published_date":"5 mars 2025","publisher_availability_label":"Sur commande","short_details":"Gregory Mackay, Gautier Ducatez \u2014 The Hoochie Coochie","translator":"GAUTIER DUCATEZ","weight":426,"page_count":160,"readership":"Tout public","editor":"The Hoochie Coochie","price":2100,"published_date":"2025-03-04T23:00:00.000000Z","support":"Grand format","publisher_availability":1,"stock":0,"editions":[],"url":"https:\/\/quaidesbrumes.com\/ouvrage\/9782487433045\/anders-et-la-comete"},{"id":"9782754835817","title":"Le dernier costume n'a pas de poche","description":"En 2018, Chamesddine Marzoug, p\u00eacheur et b\u00e9n\u00e9vole au Croissant Rouge, a lanc\u00e9 un appel au parlement europ\u00e9en de Strasbourg pour faire preuve d'humanit\u00e9 face \u00e0 ceux qui fuient leur pays pour avoir un avenir. Insistant sur la mort d'un enfant \u00e2g\u00e9 de 5 ans, il a demand\u00e9 \u00e0 l'auditoire : \u00ab Quelle erreur a-t-il commise, \u00e0 son \u00e2ge ? \u00bb\r\nCe livre est l'histoire d'un homme qui s'est donn\u00e9 pour mission d'enterrer \u00ab dignement \u00bb les migrants morts au large de la Tunisie en tentant de rejoindre l'Europe. Laurent Galandon a tir\u00e9 de sa rencontre avec Chamesddine Marzoug une fiction \u00e9mouvante, inspir\u00e9e des faits, lieux et situations r\u00e9els, qui laisse une place \u00e0 l'espoir.\r\n\r\nChamesddine Marzoug. B\u00e9n\u00e9vole au Croissant Rouge, ce p\u00eacheur quinquag\u00e9naire de Zarzis, au sud de la Tunisie, offre aux migrants anonymes morts en M\u00e9diterran\u00e9e une s\u00e9pulture dans le cimeti\u00e8re des inconnus qu'il a lui-m\u00eame cr\u00e9\u00e9. Ce matin de mars 2022, \u00e0 bord d'un bateau de p\u00eache, il est \u00e0 nouveau t\u00e9moin de corps flottants au large de la m\u00e9diterran\u00e9e. Le m\u00eame jour, il fait la connaissance d'un adolescent perdu, Abdoulaye, qui est arriv\u00e9 sur la plage sans savoir o\u00f9 il \u00e9tait exactement. Encore un migrant, parti de Lybie. Perdu en mer, sans vivres, il a surv\u00e9cu, dit-il, emport\u00e9 par des tortues g\u00e9antes jusqu'au rivage tunisien.\r\nPour connaitre la mis\u00e8re des migrants, Chamesddine n'en est pas moins confront\u00e9 \u00e0 une autre r\u00e9alit\u00e9, celle de sa famille, \u00e0 qui on refuse des visas, alors que l'Europe facilite l'arriv\u00e9e des r\u00e9fugi\u00e9s d'Ukraine et ses amis, devenus passeurs.","authors":["Laurent Galandon","Paolo Castaldi"],"category_codes":["3000000","3020000","3020100","3020103"],"visuals":{"large":"https:\/\/images.epagine.fr\/817\/9782754835817_1_75.jpg","medium":"https:\/\/images.epagine.fr\/817\/9782754835817_1_m.jpg","thumbnail":"https:\/\/images.epagine.fr\/817\/9782754835817_1_v.jpg"},"orderable":true,"show_badge":true,"formatted_price":"23,00&nbsp;\u20ac","formatted_published_date":"5 f\u00e9vrier 2025","publisher_availability_label":"Sur commande","short_details":"Laurent Galandon, Paolo Castaldi \u2014 Futuropolis","translator":null,"weight":782,"page_count":160,"readership":null,"editor":"Futuropolis","price":2300,"published_date":"2025-02-04T23:00:00.000000Z","support":"Grand format","publisher_availability":1,"stock":0,"editions":[],"url":"https:\/\/quaidesbrumes.com\/ouvrage\/9782754835817\/le-dernier-costume-na-pas-de-poche"},{"id":"9782344011928","title":"H\u00e9racl\u00e8s Tome 2 : les douze travaux","description":"Le plus grand h\u00e9ros de la mythologie grecqueDevenu un h\u00e9ros, H\u00e9racl\u00e8s entame les travaux commandit\u00e9s par Euryst\u00e9e, roi de Myc\u00e8nes. Son premier labeur est de terrasser le terrible lion de N\u00e9m\u00e9e, dont on dit qu'aucune arme ne peut entailler la peau. Puis, ce sera le tour de l'hydre de Lerne et ses multiples t\u00eates crachant une haleine empoisonn\u00e9e. Ces deux travaux ne sont qu'un aper\u00e7u des d\u00e9fis qui attendent H\u00e9racl\u00e8s, pour lesquels sa force brute, mais \u00e9galement sa ruse et sa capacit\u00e9 \u00e0 s'adapter seront sans cesse mises \u00e0 l'\u00e9preuve. Mais c'est le lot d'un \u00e9lu de Zeus. C'est le lot d'un h\u00e9ros pourfendeur du chaos.","authors":["Clotilde Bruneau","Carlos Rafael Duarte","Didier Poli","Luc Ferry"],"category_codes":["3000000","3020000","3020100","3020108"],"visuals":{"large":"https:\/\/images.epagine.fr\/928\/9782344011928_1_75.jpg","medium":"https:\/\/images.epagine.fr\/928\/9782344011928_1_m.jpg","thumbnail":"https:\/\/images.epagine.fr\/928\/9782344011928_1_v.jpg"},"orderable":true,"show_badge":true,"formatted_price":"15,50&nbsp;\u20ac","formatted_published_date":"4 septembre 2019","publisher_availability_label":"Sur commande","short_details":"Clotilde Bruneau, Carlos Rafael Duarte, Didier Poli, Luc Ferry \u2014 Gl\u00e9nat","translator":null,"weight":644,"page_count":56,"readership":null,"editor":"Gl\u00e9nat","price":1550,"published_date":"2019-09-03T22:00:00.000000Z","support":"Grand format","publisher_availability":1,"stock":0,"editions":[],"url":"https:\/\/quaidesbrumes.com\/ouvrage\/9782344011928\/heracles-tome-2-les-douze-travaux"},{"id":"9782344045923","title":"Les mondes d'Ewilan Tome 3 : la muraille noire","description":"Le chef-d'oeuvre de Pierre Bottero en BD !De retour dans la meilleure acad\u00e9mie de Gwendalavir, Ewilan a recouvr\u00e9 toutes ses forces et le don du dessin. D\u00e9termin\u00e9e, la jeune fille \u00e0 la ferme intention de d\u00e9passer ses limites au sein de cette institution r\u00e9put\u00e9e qui forme les grands dessinateurs \u00e0 m\u00eame de devenir des sentinelles ! A force de travail, Ewilan pourrait d\u00e9velopper son talent. Mais en attendant l'origine des pouvoirs d'Illian reste un myst\u00e8re et la sant\u00e9 fragile de Maniel la pr\u00e9occupe... De son c\u00f4t\u00e9, Salim devenu apprenti Marchombre d'Ellana n'est qu'au d\u00e9but de sa formation. L'enseignement \u00e0 la dure risque de lui laisser quelques s\u00e9quelles... Les deux amis vont devoir relever bien des d\u00e9fis cette ann\u00e9e sans compter les rivalit\u00e9s naissantes et inattendues.\r\nL'univers de Pierre Bottero, d\u00e9velopp\u00e9 en plusieurs cycles, s'est impos\u00e9 comme une r\u00e9f\u00e9rence en mati\u00e8re de roman de fantasy pour adolescents. Nouveaux environnements, nouveaux dangers, nouveaux personnages, Les Mondes d'Ewilan poursuit avec brio l'aventure initi\u00e9e dans La Qu\u00eate tout en creusant la psychologie adolescente de nos h\u00e9ros.","authors":["Laurence Baldetti","Cecilia Formicola","Lylian"],"category_codes":["3000000","3020000","3020100","3020105"],"visuals":{"large":"https:\/\/images.epagine.fr\/923\/9782344045923_1_75.jpg","medium":"https:\/\/images.epagine.fr\/923\/9782344045923_1_m.jpg","thumbnail":"https:\/\/images.epagine.fr\/923\/9782344045923_1_v.jpg"},"orderable":true,"show_badge":true,"formatted_price":"16,00&nbsp;\u20ac","formatted_published_date":"2 novembre 2022","publisher_availability_label":"Sur commande","short_details":"Laurence Baldetti, Cecilia Formicola, Lylian \u2014 Gl\u00e9nat","translator":null,"weight":674,"page_count":64,"readership":"\u00e0 partir de 12 ANS","editor":"Gl\u00e9nat","price":1600,"published_date":"2022-11-01T23:00:00.000000Z","support":"Grand format","publisher_availability":1,"stock":0,"editions":[],"url":"https:\/\/quaidesbrumes.com\/ouvrage\/9782344045923\/les-mondes-dewilan-tome-3-la-muraille-noire"}]}