{"data":[{"id":"9782810217717","title":"Une aventure des Spectaculaires Tome 5 : les Spectaculaires et la brigade du pitre","description":"Des clowns d'un nouveau genre font leur cirque dans les rues de Paris.\r\nPillage, saccage, chantage, outrage, cambriolage, tapage, ces anarchistes rigolards ne reculent devant aucune forfaiture pour terroriser le Tout-Paris et ridiculiser les autorit\u00e9s. Mais voici que face \u00e0 eux se dressent les as du cafouillage, les princes du d\u00e9rapage, les rois du naufrage : les Spectaculaires ! Prenez place sans plus tarder, le spectacle va commencer...","authors":["R\u00e9gis Hauti\u00e8re","Arnaud Poitevin"],"category_codes":["3000000","3020000","3020200","3020209"],"visuals":{"large":"https:\/\/images.epagine.fr\/717\/9782810217717_1_75.jpg","medium":"https:\/\/images.epagine.fr\/717\/9782810217717_1_m.jpg","thumbnail":"https:\/\/images.epagine.fr\/717\/9782810217717_1_v.jpg"},"orderable":true,"show_badge":true,"formatted_price":"14,00&nbsp;\u20ac","formatted_published_date":"10 f\u00e9vrier 2021","publisher_availability_label":"Sur commande","short_details":"R\u00e9gis Hauti\u00e8re, Arnaud Poitevin \u2014 Rue de S\u00e8vres","translator":null,"weight":627,"page_count":56,"readership":null,"editor":"Rue de S\u00e8vres","price":1400,"published_date":"2021-02-09T23:00:00.000000Z","support":"Grand format","publisher_availability":1,"stock":0,"editions":[],"url":"https:\/\/quaidesbrumes.com\/ouvrage\/9782810217717\/une-aventure-des-spectaculaires-tome-5-les-spectaculaires-et-la-brigade-du-pitre"},{"id":"9782494740198","title":"Offices & humans : le livre dont vous etes l'etre humain","description":"Imaginez deux dragonneaux qui jouent tranquillement dans leur chambre. Le jeu de soci\u00e9t\u00e9 s'appelle \"Bureaux et Humains\" et consiste \u00e0 lancer des d\u00e9s pour r\u00e9ussir \u00e0 devenir des employ\u00e9s de bureau exemplaires. Bien r\u00e9pondre au t\u00e9l\u00e9phone, faire des photocopies parfaites, \u00e9crire des lettres de motivation, r\u00e9ussir son entretien d'embauche... Le genre d'activit\u00e9s tout \u00e0 fait rasoir pour le commun des mortels mais tellement excitantes et cool pour des dragons !\r\nAvec \"OFFICES & HUMANS, le livre dont vous \u00eates l'\u00eatre humain\", l'auteur finlandais Roope Eronen imagine une parodie du mythique jeu de r\u00f4le \u00ab Donjons & Dragons \u00bb. Dans cette nouvelle version, les r\u00e8gles sont invers\u00e9es : des jeunes dragons geeks sont les ma\u00eetres du jeu, les orcs et autres nains barbares sont remplac\u00e9s par des bureaucrates en costard-cravate et les coffres-forts ont fait place aux machines \u00e0 caf\u00e9. Pas de ch\u00e2teau \u00e0 assi\u00e9ger ni d'arm\u00e9e \u00e0 constituer, ici les enjeux sont tout autres : nos joueurs tentent leur chance aux d\u00e9s pour savoir s'ils r\u00e9ussiront \u00e0 faire fonctionner la photocopieuse ou \u00e0 surfer sur les r\u00e9seaux sociaux sans se faire surprendre par le patron.\r\nAvec un dessin faussement na\u00eff et une mise en sc\u00e8ne ludique, Roope Eronen porte un regard amus\u00e9 sur le monde du travail et nous renvoie le reflet d'une soci\u00e9t\u00e9 d\u00e9risoire r\u00e9gie par les lois du hasard.\r\nPubli\u00e9 pour la premi\u00e8re fois en 2014, cet album ind\u00e9modable et incontournable du catalogue Misma refait peau neuve aujourd'hui dans une nouvelle \u00e9dition deluxe cartonn\u00e9e bien m\u00e9rit\u00e9e !","authors":["Roope Eronen","Kirsi Kinnunen"],"category_codes":["3000000","3020000"],"visuals":{"large":"https:\/\/images.epagine.fr\/198\/9782494740198_1_75.jpg","medium":"https:\/\/images.epagine.fr\/198\/9782494740198_1_m.jpg","thumbnail":"https:\/\/images.epagine.fr\/198\/9782494740198_1_v.jpg"},"orderable":true,"show_badge":true,"formatted_price":"18,00&nbsp;\u20ac","formatted_published_date":"6 juin 2025","publisher_availability_label":"Sur commande","short_details":"Roope Eronen, Kirsi Kinnunen \u2014 Misma","translator":"KIRSI KINNUNEN","weight":410,"page_count":172,"readership":"Tout public","editor":"Misma","price":1800,"published_date":"2025-06-05T22:00:00.000000Z","support":"Poche","publisher_availability":1,"stock":0,"editions":[],"url":"https:\/\/quaidesbrumes.com\/ouvrage\/9782494740198\/offices-humans-le-livre-dont-vous-etes-letre-humain"},{"id":"9791090724952","title":"L'\u00e9claireur ; r\u00e9cits grav\u00e9s de Lynd Ward","description":"En seulement six livres, Lynd Ward (1905-1985) s'est impos\u00e9 comme l'un des pr\u00e9curseurs du roman graphique. Ses histoires - de l'artiste qui vend son \u00e2me, au couple pris dans les tourments de leur \u00e9poque, en passant par l'homme maudit de ses p\u00e9ch\u00e9s et l'ouvrier rebelle \u00e0 la psych\u00e9e tourment\u00e9e - ont su capturer un monde plein de contradictions dans des images d'une \u00e9poustouflante modernit\u00e9. Sur les pas de Frans Masereel et d'Otto N\u00fcckel, ces r\u00e9cits en gravures sur bois, ou romans sans paroles, dessinent les contours d'une oeuvre riche et exalt\u00e9e.\r\nLivre apr\u00e8s livre, cette anthologie donne \u00e0 voir comment Lynd Ward, innovateur acharn\u00e9, s'est cr\u00e9\u00e9 un moyen d'expression rarement \u00e9gal\u00e9 en termes de puissance narrative, de construction de personnages, d'imaginaire et de techniques, o\u00f9 le lecteur \u00e9crit l'histoire autant qu'il la lit.","authors":["Lynd Ward","Jean-charles Khalifa"],"category_codes":["3000000","3030000","3030600"],"visuals":{"large":"https:\/\/images.epagine.fr\/952\/9791090724952_1_75.jpg","medium":"https:\/\/images.epagine.fr\/952\/9791090724952_1_m.jpg","thumbnail":"https:\/\/images.epagine.fr\/952\/9791090724952_1_v.jpg"},"orderable":true,"show_badge":false,"formatted_price":"79,50&nbsp;\u20ac","formatted_published_date":"22 octobre 2020","publisher_availability_label":"Sur commande","short_details":"Lynd Ward, Jean-charles Khalifa \u2014 Monsieur Toussaint Louverture","translator":"JEAN-CHARLES KHALIFA","weight":2874,"page_count":1456,"readership":null,"editor":"Monsieur Toussaint Louverture","price":7950,"published_date":"2020-10-21T22:00:00.000000Z","support":"Grand format","publisher_availability":1,"stock":1,"editions":[],"url":"https:\/\/quaidesbrumes.com\/ouvrage\/9791090724952\/leclaireur-recits-graves-de-lynd-ward"},{"id":"9791039138086","title":"Cocoro : La vie de L\u00e9onard de Vinci Tome 1","description":"Dans un petit village d'Italie, Leonardo est un jeune gar\u00e7on solitaire, souvent incompris par les villageois \u00e0 cause de son comportement singulier. Ils le prennent pour un \u00eatre \u00e9trange, voire fou. Mais en r\u00e9alit\u00e9, Leonardo cache en lui une grande vision du monde. Ce manga nous raconte son enfance, ses luttes int\u00e9rieures et comment il deviendra l'un des plus grands g\u00e9nies de l'Histoire : L\u00e9onard de Vinci.\r\nApr\u00e8s Seizon Life et Confession, Kaiji Kawaguchi revient en solo avec Cocoro, un manga qui retrace la jeunesse de L\u00e9onard de Vinci. Publi\u00e9e pour la premi\u00e8re fois en 1997 au Japon, cette oeuvre explore les premi\u00e8res ann\u00e9es de ce g\u00e9nie de la Renaissance, son isolement et l'exclusion qu'il a v\u00e9cus avant de devenir l'un des plus grands esprits de l'histoire, dont l'h\u00e9ritage continue de marquer les arts, les sciences et l'humanit\u00e9. Cette \u00e9dition double regroupe les quatre volumes originaux pour une immersion compl\u00e8te dans l'univers de Leonard","authors":["Kaiji Kawaguchi"],"category_codes":["3000000","3040000","3040600","3040607"],"visuals":{"large":"https:\/\/images.epagine.fr\/086\/9791039138086_1_75.jpg","medium":"https:\/\/images.epagine.fr\/086\/9791039138086_1_m.jpg","thumbnail":"https:\/\/images.epagine.fr\/086\/9791039138086_1_v.jpg"},"orderable":true,"show_badge":true,"formatted_price":"16,99&nbsp;\u20ac","formatted_published_date":"9 juillet 2025","publisher_availability_label":"Sur commande","short_details":"Kaiji Kawaguchi \u2014 Panini","translator":null,"weight":564,"page_count":null,"readership":"\u00e0 partir de 14 ans","editor":"Panini","price":1699,"published_date":"2025-07-08T22:00:00.000000Z","support":"Grand format","publisher_availability":1,"stock":0,"editions":[],"url":"https:\/\/quaidesbrumes.com\/ouvrage\/9791039138086\/cocoro-la-vie-de-leonard-de-vinci-tome-1"},{"id":"9782731652772","title":"Bestia Tome 1","description":"Dans une jungle urbaine tentaculaire, des monstres gigantesques s\u00e8ment la mort et la destruction sur leur passage  : les Bestia.  Jacquie, une jeune chasseuse solitaire aid\u00e9e de Kevyn, un jeune homme bricoleur et d\u00e9brouillard, traque sans r\u00e9pit une bestia aussi impressionnante qu'insaisissable, celle de la cit\u00e9 de C\u00e9cropias. Sa qu\u00eate effr\u00e9n\u00e9e l'am\u00e8nera \u00e0 fouiller les recoins les plus sombres de la ville mais aussi ceux de son pass\u00e9.","authors":["Corc"],"category_codes":["3000000","3020000","3020100","3020106"],"visuals":{"large":"https:\/\/images.epagine.fr\/772\/9782731652772_1_75.jpg","medium":"https:\/\/images.epagine.fr\/772\/9782731652772_1_m.jpg","thumbnail":"https:\/\/images.epagine.fr\/772\/9782731652772_1_v.jpg"},"orderable":true,"show_badge":true,"formatted_price":"19,95&nbsp;\u20ac","formatted_published_date":"2 janvier 2025","publisher_availability_label":"Sur commande","short_details":"Corc \u2014 Les Humano\u00efdes Associ\u00e9s","translator":null,"weight":1018,"page_count":224,"readership":null,"editor":"Les Humano\u00efdes Associ\u00e9s","price":1995,"published_date":"2025-01-01T23:00:00.000000Z","support":"Grand format","publisher_availability":1,"stock":0,"editions":[],"url":"https:\/\/quaidesbrumes.com\/ouvrage\/9782731652772\/bestia-tome-1"},{"id":"9782344001707","title":"Th\u00e9s\u00e9e et le minotaure","description":"Suivez le fil d'Ariane...Au royaume de Tr\u00e9z\u00e8ne, le jeune, beau et brillant Th\u00e9s\u00e9e apprend qu'il n'est pas que le fils de Pos\u00e9idon, mais aussi celui d'\u00c9g\u00e9e, souverain d'Ath\u00e8nes. Alors qu'il se rend \u00e0 pied \u00e0 la cit\u00e9 mythique, il terrasse en chemin une multitude de monstres, devenant une l\u00e9gende avant m\u00eame d'atteindre son but. Mais lorsqu'il rencontre enfin son p\u00e8re, il d\u00e9couvre que celui-ci est la proie d'un odieux chantage. Tous les neuf ans, Minos, roi de Cr\u00e8te, exige d'\u00c9g\u00e9e un sacrifice pour lui \u00e9pargner la col\u00e8re de Zeus : sept jeunes hommes et sept jeunes filles doivent \u00eatre jet\u00e9s en p\u00e2ture au Minotaure au coeur du Labyrinthe. Pour y mettre un terme, Th\u00e9s\u00e9e est pr\u00eat \u00e0 affronter la redoutable cr\u00e9ature. Son plus grand d\u00e9fi l'attend...","authors":["Clotilde Bruneau","Mauro De luca","Luc Ferry"],"category_codes":["3000000","3020000","3020100","3020108"],"visuals":{"large":"https:\/\/images.epagine.fr\/707\/9782344001707_1_75.jpg","medium":"https:\/\/images.epagine.fr\/707\/9782344001707_1_m.jpg","thumbnail":"https:\/\/images.epagine.fr\/707\/9782344001707_1_v.jpg"},"orderable":true,"show_badge":true,"formatted_price":"15,50&nbsp;\u20ac","formatted_published_date":"2 novembre 2016","publisher_availability_label":"Sur commande","short_details":"Clotilde Bruneau, Mauro De luca, Luc Ferry \u2014 Gl\u00e9nat","translator":null,"weight":646,"page_count":56,"readership":null,"editor":"Gl\u00e9nat","price":1550,"published_date":"2016-11-01T23:00:00.000000Z","support":"Grand format","publisher_availability":1,"stock":0,"editions":[],"url":"https:\/\/quaidesbrumes.com\/ouvrage\/9782344001707\/thesee-et-le-minotaure"},{"id":"9791042015930","title":"En Selle, Sakamichi ! Tome 9","description":"La victoire est \u00e0 un coup de p\u00e9dale ! Un manga culte co-\u00e9dit\u00e9 avec L'\u00c9quipe !\r\nD\u00e9but du tournoi inter-lyc\u00e9es !\r\nLes meilleurs cyclistes des lyc\u00e9es de tout l'archipel se rassemblent. Cette comp\u00e9tition est synonyme de retrouvailles \u00e9lectriques : Kinj\u00f4 et Fukutomi, Imaizumi et Mid\u00f4suji, mais aussi Sakamichi et Sangaku. Alors que la rivalit\u00e9 et la combativit\u00e9 des \u00e9quipes montent d'un cran, la premi\u00e8re journ\u00e9e de cet \u00e9v\u00e8nement tant attendu commence...\r\nLes meilleurs cyclistes ont rendez-vous \u00e0 Hakone !","authors":["Wataru Watanabe","R\u00e9mi Buquet"],"category_codes":["3000000","3040000","3040500","3040511"],"visuals":{"large":"https:\/\/images.epagine.fr\/930\/9791042015930_1_75.jpg","medium":"https:\/\/images.epagine.fr\/930\/9791042015930_1_m.jpg","thumbnail":"https:\/\/images.epagine.fr\/930\/9791042015930_1_v.jpg"},"orderable":true,"show_badge":true,"formatted_price":"7,30&nbsp;\u20ac","formatted_published_date":"14 ao\u00fbt 2025","publisher_availability_label":"Sur commande","short_details":"Wataru Watanabe, R\u00e9mi Buquet \u2014 Kurokawa","translator":"REMI BUQUET","weight":148,"page_count":192,"readership":"\u00e0 partir de 12 ANS","editor":"Kurokawa","price":730,"published_date":"2025-08-13T22:00:00.000000Z","support":"Poche","publisher_availability":1,"stock":0,"editions":[],"url":"https:\/\/quaidesbrumes.com\/ouvrage\/9791042015930\/en-selle-sakamichi-tome-9"},{"id":"9782723494915","title":"Tib et Tatoum Tome 2 : mon dinosaure a du talent !","description":"Qui n'a jamais r\u00eav\u00e9 d'un dinosaure comme meilleur ami ?Tib est un petit gar\u00e7on qui vit au sein d'un clan, pendant la pr\u00e9histoire. Il est affubl\u00e9 d'une tache de naissance sur le visage, alors tous les enfants se moquent de lui. Heureusement, il a trouv\u00e9 le copain id\u00e9al : un dinosaure tout rouge, Tatoum. Jusqu'\u00e0 pr\u00e9sent, les autres pensaient qu'il s'agissait d'un ami imaginaire, au grand d\u00e9sespoir de Tib. Mais maintenant que tout le monde sait enfin qu'il dit la v\u00e9rit\u00e9, est-ce vraiment une bonne chose ? Et si ses parents d\u00e9cidaient de les s\u00e9parer, pour la s\u00e9curit\u00e9 de Tib ?Voici le deuxi\u00e8me volume des aventures touchantes et rigolotes de ce duo tendre et malicieux, dont le tome 1 s'affirme d\u00e9j\u00e0 comme l'un des best-sellers de Tch\u00f4! La collec... !","authors":["Grimaldi","Bannister"],"category_codes":["3000000","3020000","3020200","3020211"],"visuals":{"large":"https:\/\/images.epagine.fr\/915\/9782723494915_1_75.jpg","medium":"https:\/\/images.epagine.fr\/915\/9782723494915_1_m.jpg","thumbnail":"https:\/\/images.epagine.fr\/915\/9782723494915_1_v.jpg"},"orderable":true,"show_badge":true,"formatted_price":"11,50&nbsp;\u20ac","formatted_published_date":"23 octobre 2013","publisher_availability_label":"Sur commande","short_details":"Grimaldi, Bannister \u2014 Gl\u00e9nat","translator":null,"weight":396,"page_count":48,"readership":null,"editor":"Gl\u00e9nat","price":1150,"published_date":"2013-10-22T22:00:00.000000Z","support":"Grand format","publisher_availability":1,"stock":0,"editions":[],"url":"https:\/\/quaidesbrumes.com\/ouvrage\/9782723494915\/tib-et-tatoum-tome-2-mon-dinosaure-a-du-talent"},{"id":"9782822242035","title":"Emma et les mauvais \u00e9l\u00e9ments","description":"Emma Lentier, 14 ans, passe des vacances paisibles chez son grand-p\u00e8re en Bretagne lorsque son pique-nique tourne \u00e0 la catastrophe : elle est attaqu\u00e9e par d'\u00e9tranges cr\u00e9atures aux dents ac\u00e9r\u00e9es ! Une inconnue aux pouvoirs surnaturels la sauve in extremis et d\u00e9c\u00e8le chez Emma un don particulier. Elle l'invite alors \u00e0 l'acad\u00e9mie volante de Primeval o\u00f9 elle pourra d\u00e9couvrir son v\u00e9ritable potentiel d'\u00e9l\u00e9mancienne...","authors":["Ariel Holzl","Alba Cardona"],"category_codes":["3000000","3020000","3020200"],"visuals":{"large":"https:\/\/images.epagine.fr\/035\/9782822242035_1_75.jpg","medium":"https:\/\/images.epagine.fr\/035\/9782822242035_1_m.jpg","thumbnail":"https:\/\/images.epagine.fr\/035\/9782822242035_1_v.jpg"},"orderable":true,"show_badge":true,"formatted_price":"12,95&nbsp;\u20ac","formatted_published_date":"30 avril 2025","publisher_availability_label":"Sur commande","short_details":"Ariel Holzl, Alba Cardona \u2014 \u00c9ditions Jungle","translator":null,"weight":450,"page_count":56,"readership":"Tout public","editor":"\u00c9ditions Jungle","price":1295,"published_date":"2025-04-29T22:00:00.000000Z","support":"Grand format","publisher_availability":1,"stock":0,"editions":[],"url":"https:\/\/quaidesbrumes.com\/ouvrage\/9782822242035\/emma-et-les-mauvais-elements"},{"id":"9782369812906","title":"Brigade Verhoeven Tome 3 : Alex","description":"Qui conna\u00eet vraiment Alex ? Elle est belle. Excitante. Est-ce pour cela qu'on l'a enlev\u00e9e, s\u00e9questr\u00e9e, livr\u00e9e \u00e0 l'inimaginable ? Mais quand la police d\u00e9couvre enfin sa prison, Alex a disparu. Alex, plus intelligente que son bourreau. Alex qui ne pardonne rien, qui n'oublie rien, ni personne. Une intrigue aux apparences trompeuses et aux rebondissements saisissants.","authors":["Pascal Bertho","Pierre Lemaitre","Yannick Corboz"],"category_codes":["3000000","3020000","3020100","3020102"],"visuals":{"large":"https:\/\/images.epagine.fr\/906\/9782369812906_1_75.jpg","medium":"https:\/\/images.epagine.fr\/906\/9782369812906_1_m.jpg","thumbnail":"https:\/\/images.epagine.fr\/906\/9782369812906_1_v.jpg"},"orderable":true,"show_badge":true,"formatted_price":"16,00&nbsp;\u20ac","formatted_published_date":"13 octobre 2021","publisher_availability_label":"Sur commande","short_details":"Pascal Bertho, Pierre Lemaitre, Yannick Corboz \u2014 Rue de S\u00e8vres","translator":null,"weight":726,"page_count":72,"readership":"\u00e0 partir de 16 ans","editor":"Rue de S\u00e8vres","price":1600,"published_date":"2021-10-12T22:00:00.000000Z","support":"Grand format","publisher_availability":1,"stock":0,"editions":[],"url":"https:\/\/quaidesbrumes.com\/ouvrage\/9782369812906\/brigade-verhoeven-tome-3-alex"},{"id":"9782494740099","title":"Les Julys","description":"Elles chantent sans ouvrir la bouche des m\u00e9lodies voluptueuses, elles traversent les pages et les paysages, elles ne se r\u00e9duisent qu'\u00e0 la grandeur de la nature. Elles font un passage \u00e9clair parmi nous. Pas encore l\u00e0 en juin, d\u00e9j\u00e0 parties en ao\u00fbt... Ce sont LES JULYS. Des \u00eatres minuscules, sortes de g\u00e9nies qui, aux premi\u00e8res lueurs du premier jour de juillet, sortent de leur coquille sous l'eau et rejoignent la surface du monde pour s'immiscer dans nos r\u00eaves.\r\nNylso revient avec ses th\u00e8mes de pr\u00e9dilection (la nature, l'introspection...) dans un nouvel album qui explore l'imaginaire, l'innocence de l'enfance et la transmission\r\npaternelle avec beaucoup de po\u00e9sie et de tendresse.","authors":["Nylso"],"category_codes":["3000000","3020000"],"visuals":{"large":"https:\/\/images.epagine.fr\/099\/9782494740099_1_75.jpg","medium":"https:\/\/images.epagine.fr\/099\/9782494740099_1_m.jpg","thumbnail":"https:\/\/images.epagine.fr\/099\/9782494740099_1_v.jpg"},"orderable":true,"show_badge":true,"formatted_price":"24,00&nbsp;\u20ac","formatted_published_date":"13 septembre 2024","publisher_availability_label":"Sur commande","short_details":"Nylso \u2014 Misma","translator":null,"weight":776,"page_count":328,"readership":null,"editor":"Misma","price":2400,"published_date":"2024-09-12T22:00:00.000000Z","support":"Grand format","publisher_availability":1,"stock":0,"editions":[],"url":"https:\/\/quaidesbrumes.com\/ouvrage\/9782494740099\/les-julys"},{"id":"9791032710890","title":"Valkyrie apocalypse Tome 10","description":"L'affrontement se poursuit entre Shiva et Raiden... Pourtant, malgr\u00e9 leur diff\u00e9rence de statut, ils se ressemblent beaucoup. Les deux combattants sont en effet non seulement anim\u00e9s par une d\u00e9termination sans faille, mais ils partagent aussi la m\u00eame motivation : s'ils se battent, c'est pour les autres !\r\n\r\nLe dieu de la destruction, qui porte tous les espoirs des divinit\u00e9s indiennes, d\u00e9cide alors de passer \u00e0 la vitesse sup\u00e9rieure et entame une terrible danse... Le rikishi sans \u00e9gal parviendra-t-il \u00e0 lui tenir t\u00eate ? Leur opposition pourrait bien aboutir au plus beau combat jamais men\u00e9 de toute l'histoire du Ragnar\u00f6k...\r","authors":["Takumi Fukui","Shinya Umemura","Ajichika"],"category_codes":["3000000","3040000","3040600","3040605"],"visuals":{"large":"https:\/\/images.epagine.fr\/890\/9791032710890_1_75.jpg","medium":"https:\/\/images.epagine.fr\/890\/9791032710890_1_m.jpg","thumbnail":"https:\/\/images.epagine.fr\/890\/9791032710890_1_v.jpg"},"orderable":true,"show_badge":true,"formatted_price":"7,95&nbsp;\u20ac","formatted_published_date":"10 f\u00e9vrier 2022","publisher_availability_label":"Sur commande","short_details":"Takumi Fukui, Shinya Umemura, Ajichika \u2014 Ki-oon","translator":null,"weight":208,"page_count":null,"readership":"\u00e0 partir de 14 ans","editor":"Ki-oon","price":795,"published_date":"2022-02-09T23:00:00.000000Z","support":"Poche","publisher_availability":1,"stock":0,"editions":[],"url":"https:\/\/quaidesbrumes.com\/ouvrage\/9791032710890\/valkyrie-apocalypse-tome-10"},{"id":"9782754836166","title":"Rodina","description":"En 1942, Lena, lyc\u00e9enne, distribuait des tracts antinazis dans une petite ville d'Union sovi\u00e9tique occup\u00e9e par les Allemands. Deux mois plus tard, elle \u00e9tait emmen\u00e9e, avec d'autres et sans m\u00e9nagement, au camp d'Errouville, un camp de travail pr\u00e8s de Villerupt, en Lorraine. Dans le camp d'Errouville, il y avait des Ukrainiens, des Polonais, des Sovi\u00e9tiques, des Tziganes, des Juifs allemands et pr\u00e8s de six cents femmes russes et bi\u00e9lorusses. Parmi elles, Nadedja Lissoviets puis Rozalia Fridzon form\u00e8rent \u00abRodina\u00bb, le seul et unique d\u00e9tachement de la r\u00e9sistance fran\u00e7aise. Elles furent toutes les deux \u00e9lev\u00e9es au grade de lieutenant des Forces fran\u00e7aises de l'int\u00e9rieur (FFI). Et Enrico ? Ah, Enrico... vous savez, l'accord\u00e9oniste de Bella ciao... Enrico ne s'appelait pas Enrico mais Heinrich. Heinrich Becker. Il \u00e9tait allemand. Prisonnier puis maquisard. Apr\u00e8s la guerre, il est rest\u00e9 \u00e0 Villerupt. Pourquoi est-il venu ici ? Pourquoi tout le monde l'appelle Enrico ? Il y a tellement d'histoires qui circulent sur lui... Dans la lign\u00e9e de Bella Ciao, voici le nouveau titre historique de Baru, grand prix de la ville d'Angoul\u00eame.","authors":["Baru"],"category_codes":["3000000","3020000","3020100","3020108"],"visuals":{"large":"https:\/\/images.epagine.fr\/166\/9782754836166_1_75.jpg","medium":"https:\/\/images.epagine.fr\/166\/9782754836166_1_m.jpg","thumbnail":"https:\/\/images.epagine.fr\/166\/9782754836166_1_v.jpg"},"orderable":true,"show_badge":true,"formatted_price":"16,00&nbsp;\u20ac","formatted_published_date":"1er novembre 2023","publisher_availability_label":"Sur commande","short_details":"Baru \u2014 Futuropolis","translator":null,"weight":518,"page_count":88,"readership":null,"editor":"Futuropolis","price":1600,"published_date":"2023-10-31T23:00:00.000000Z","support":"Grand format","publisher_availability":1,"stock":0,"editions":[],"url":"https:\/\/quaidesbrumes.com\/ouvrage\/9782754836166\/rodina"},{"id":"9782344048849","title":"Lancelot Tome 1 : Le chevalier de la charrette","description":"\u00ab Que vaut mon honneur quand la reine est en danger ! \u00bbPour lib\u00e9rer des innocents, le Roi Arthur n'a d'autre choix que de confier la reine Gueni\u00e8vre \u00e0 son champion pour affronter le fourbe M\u00e9l\u00e9agant, le ravisseur. H\u00e9las, \u00e0 l'or\u00e9e de la for\u00eat, le champion est d\u00e9fait et la reine est captur\u00e9e. C'est alors qu'apparait le chevalier Lancelot, pr\u00eat \u00e0 tous les sacrifices pour sauver la souveraine, y compris celui de renoncer \u00e0 son propre amour-propre. Lancelot accepte ainsi de voyager dans la charrette du d\u00e9shonneur, moqu\u00e9 et sali par tous, afin d'obtenir les informations qui lui permettront de retrouver la reine Gueni\u00e8vre. Et ce n'est l\u00e0 que le d\u00e9but de son parcours initiatique, dont les \u00e9preuves vont se succ\u00e9der pour tester sa droiture et son engagement...\r\nLa Sagesse des mythes, consacr\u00e9e \u00e0 la mythologie grecque, devient La Sagesse des mythes, contes et l\u00e9gendes pour s'\u00e9tendre \u00e0 tout un ensemble d'autres r\u00e9cits universels ayant travers\u00e9 les si\u00e8cles, de leurs origines issues de la tradition orale \u00e0 leur mise par \u00e9crit ult\u00e9rieure. Le propos de la collection reste identique : revenir aux sources des textes fondateurs, les adapter en bande dessin\u00e9e et en r\u00e9v\u00e9ler le message philosophique et l'h\u00e9ritage culturel. C'est une grande saga m\u00e9di\u00e9vale qui entame cette nouvelle phase de la collection, consacr\u00e9e au chevalier le plus c\u00e9l\u00e8bre de la Table Ronde, h\u00e9ros de la Qu\u00eate du Graal, embl\u00e9matique du roman d'amour courtois.","authors":["Clotilde Bruneau","Carlos Rafael Duarte","Luc Ferry"],"category_codes":["3000000","3020000","3020100","3020108"],"visuals":{"large":"https:\/\/images.epagine.fr\/849\/9782344048849_1_75.jpg","medium":"https:\/\/images.epagine.fr\/849\/9782344048849_1_m.jpg","thumbnail":"https:\/\/images.epagine.fr\/849\/9782344048849_1_v.jpg"},"orderable":true,"show_badge":true,"formatted_price":"15,50&nbsp;\u20ac","formatted_published_date":"26 avril 2023","publisher_availability_label":"Sur commande","short_details":"Clotilde Bruneau, Carlos Rafael Duarte, Luc Ferry \u2014 Gl\u00e9nat","translator":null,"weight":640,"page_count":56,"readership":null,"editor":"Gl\u00e9nat","price":1550,"published_date":"2023-04-25T22:00:00.000000Z","support":"Grand format","publisher_availability":1,"stock":0,"editions":[],"url":"https:\/\/quaidesbrumes.com\/ouvrage\/9782344048849\/lancelot-tome-1-le-chevalier-de-la-charrette"},{"id":"9782344052709","title":"Fool night Tome 2","description":"Dystopie floraleDans ce monde sans espoir ni lumi\u00e8re naturelle, la soci\u00e9t\u00e9 place toutes ses attentes dans la \" transfloraison\", un proc\u00e9d\u00e9 qui permet de m\u00e9tamorphoser les \u00eatres humains en v\u00e9g\u00e9taux.  Apr\u00e8s leur op\u00e9ration, les individus ont deux ans avant de devenir une sanctiflore, une plante \u00e0 part enti\u00e8re.  Toshiro, le h\u00e9ros,vit dans une grande pauvret\u00e9. Il opte pour cette transformation irr\u00e9versible. Comment passera-t-il ses derni\u00e8res ann\u00e9es de vie en tant qu'homme ?","authors":["Kasumi Yasuda"],"category_codes":["3000000","3040000","3040600","3040605"],"visuals":{"large":"https:\/\/images.epagine.fr\/709\/9782344052709_1_75.jpg","medium":"https:\/\/images.epagine.fr\/709\/9782344052709_1_m.jpg","thumbnail":"https:\/\/images.epagine.fr\/709\/9782344052709_1_v.jpg"},"orderable":true,"show_badge":true,"formatted_price":"7,90&nbsp;\u20ac","formatted_published_date":"21 septembre 2022","publisher_availability_label":"Sur commande","short_details":"Kasumi Yasuda \u2014 Gl\u00e9nat","translator":null,"weight":166,"page_count":208,"readership":"\u00e0 partir de 12 ANS","editor":"Gl\u00e9nat","price":790,"published_date":"2022-09-20T22:00:00.000000Z","support":"Poche","publisher_availability":1,"stock":0,"editions":[],"url":"https:\/\/quaidesbrumes.com\/ouvrage\/9782344052709\/fool-night-tome-2"},{"id":"9782344055991","title":"Kundan Tome 1 : Le temps du sang","description":"L'\u00e9veil du mal\r\nInde. Durant le grand massacre qui opposa les pr\u00eatresses de la d\u00e9esse Durga aux vampires, les cr\u00e9atures sanguinaires furent \u00e9radiqu\u00e9es. Mais un enfant \u00e9chappa \u00e0 la mort promise...\r\n1910. Dans une ruelle de Londres, le corps d'un jeune gar\u00e7on est retrouv\u00e9 sans vie, apparemment vid\u00e9 de son sang. Lord Benedict, qui dirige la brigade de nuit, a rarement vu une sc\u00e8ne aussi terrifiante. Au m\u00eame moment, il s'appr\u00eate \u00e0 accueillir un nouvel agent au sein de son unit\u00e9, un certain Kundan. Ce dernier aurait \u00e9t\u00e9 mandat\u00e9 par un proche du commissaire, Sir Oliver, pour l'\u00e9pauler dans les affaires courantes... Lord Benedict aura bien besoin de renfort puisqu'une seconde victime est rapidement d\u00e9couverte. Le mode op\u00e9ratoire de l'assassin est toujours aussi atroce et curieusement, \u00e0 chaque nouveau cas, Kundan n'est jamais loin. Ces crimes sordides commencent \u00e0 inqui\u00e9ter la population et bient\u00f4t les plus folles rumeurs se propagent... Serait-ce un tueur en s\u00e9rie, un d\u00e9mon ou une sorci\u00e8re ? Tandis qu'\u00e0 Londres le trouble grandit, la situation politique se d\u00e9grade en Inde o\u00f9 une r\u00e9bellion menace la couronne britannique. Pour faire face \u00e0 cette crise et prot\u00e9ger sa fille, le roi d\u00e9cide d'y envoyer son plus fid\u00e8le serviteur, Lord Benedict. Honor\u00e9, ce dernier ne demande qu'une faveur : \u00eatre escort\u00e9 par un homme de confiance qui saura s\u00fbrement lui \u00eatre utile une fois sur place, Kundan ! Jusqu'ici, le plan de Kundan semble se d\u00e9rouler \u00e0 la perfection... Son heure est venue, le sang va couler.\r\nLuana Vergari qui rejoint le catalogue Gl\u00e9nat, d\u00e9ploie tout son savoir-faire dans cette nouvelle trilogie vampire qui m\u00eale le canon vampirique victorien h\u00e9rit\u00e9 de Bram Stoker au bestiaire et au folklore indiens pour un album saisissant \u00e0 l'atmosph\u00e8re angoissante, sublim\u00e9 par le trait virtuose d'Emmanuel Civiello.","authors":["Luana Vergari","Emmanuel Civiello"],"category_codes":["3000000","3020000","3020100","3020106"],"visuals":{"large":"https:\/\/images.epagine.fr\/991\/9782344055991_1_75.jpg","medium":"https:\/\/images.epagine.fr\/991\/9782344055991_1_m.jpg","thumbnail":"https:\/\/images.epagine.fr\/991\/9782344055991_1_v.jpg"},"orderable":true,"show_badge":true,"formatted_price":"16,00&nbsp;\u20ac","formatted_published_date":"29 janvier 2025","publisher_availability_label":"Sur commande","short_details":"Luana Vergari, Emmanuel Civiello \u2014 Gl\u00e9nat","translator":null,"weight":690,"page_count":64,"readership":"\u00e0 partir de 16 ans","editor":"Gl\u00e9nat","price":1600,"published_date":"2025-01-28T23:00:00.000000Z","support":"Grand format","publisher_availability":1,"stock":0,"editions":[],"url":"https:\/\/quaidesbrumes.com\/ouvrage\/9782344055991\/kundan-tome-1-le-temps-du-sang"},{"id":"9782749307961","title":"Le grand Mort Tome 6 : br\u00e8che","description":"Plus rien ne sera jamais comme avant...Partout les v\u00e9los de Pauline et Ga\u00eblle roulent sur un monde qui s'\u00e9croule. M\u00e9fiants et agressifs, les survivants sont de plus en plus isol\u00e9s et de plus en plus craintifs. La situation empire d'heure en heure, et il reste encore un sacr\u00e9 bout de route pour rejoindre la Bretagne... La Bretagne o\u00f9 Erwan commence lui aussi \u00e0 perdre les p\u00e9dales. Pendant ce temps, dans le petit monde, tout s'acc\u00e9l\u00e8re \u00e9galement : une funeste partie est en train de se jouer...Confrontant une galerie de personnages ordinaires \u00e0 un terrible destin, Loisel et Djian trouvent un ton juste et intelligent pour revisiter le r\u00e9cit apocalyptique, y m\u00ealant de subtiles touches de fantastique, et livrer une s\u00e9rie singuli\u00e8re et attachante. Vincent Malli\u00e9, par son dessin expressif et po\u00e9tique, restitue \u00e0 merveille l'ambiance unique qui s'en d\u00e9gage.","authors":["Jean-Blaise Djian","R\u00e9gis Loisel","Vincent Malli\u00e9","Fran\u00e7ois Lapierre"],"category_codes":["3000000","3020000","3020100","3020106"],"visuals":{"large":"https:\/\/images.epagine.fr\/961\/9782749307961_1_75.jpg","medium":"https:\/\/images.epagine.fr\/961\/9782749307961_1_m.jpg","thumbnail":"https:\/\/images.epagine.fr\/961\/9782749307961_1_v.jpg"},"orderable":true,"show_badge":true,"formatted_price":"15,50&nbsp;\u20ac","formatted_published_date":"18 novembre 2015","publisher_availability_label":"Sur commande","short_details":"Jean-Blaise Djian, R\u00e9gis Loisel, Vincent Malli\u00e9, Fran\u00e7ois Lapierre \u2014 Vents d'Ouest","translator":null,"weight":658,"page_count":64,"readership":"\u00e0 partir de 12 ANS","editor":"Vents d'Ouest","price":1550,"published_date":"2015-11-17T23:00:00.000000Z","support":"Grand format","publisher_availability":1,"stock":0,"editions":[],"url":"https:\/\/quaidesbrumes.com\/ouvrage\/9782749307961\/le-grand-mort-tome-6-breche"},{"id":"9782749309446","title":"T\u00e2vutat\u00e8t Tome 1 : poursuivie !","description":"Une nouvelle h\u00e9ro\u00efne moderne tout droit sortie de l'\u00c9gypte ancienne.\u00catre une momie expos\u00e9e dans un mus\u00e9e, c'est amusant tant qu'il y a des enfants \u00e0 qui sourire pendant la journ\u00e9e. Mais au fil des ann\u00e9es, plus personne ne visite l'endroit. Et T\u00e2vutat\u00e8t s'ennuie. Plut\u00f4t que d'attendre la venue de nouveaux touristes, elle r\u00eave de d\u00e9couvrir le monde avec K\u00e9pab\u00e8t, sa loutre et meilleure amie. Si seulement elle pouvait ne plus avoir \u00e0 dormir dans ce vieux sarcophage, son lit depuis des si\u00e8cles... Mais sa m\u00e8re, c\u00e9l\u00e8bre pharaonne, lui a formellement interdit de mettre un pied dehors :  il ne faudrait pas que les humains d\u00e9couvrent que la princesse T\u00e2vutat\u00e8t est bien vivante ! Pourtant, un soir, cette m\u00eame maman vient la chercher pour s'enfuir. L'inqui\u00e9tude au fond du regard, l'ancienne Souveraine annonce \u00e0 sa fille la fermeture imminente du mus\u00e9e et l'arriv\u00e9e de \u00ab Mowlausses \u00bb, un myst\u00e9rieux groupe, dont la mission consiste \u00e0 exterminer les \u00eatres surnaturels. D\u00e9bute alors un long et tr\u00e9pidant voyage pour notre jeune h\u00e9ro\u00efne. Quittant l'Egypte, elle se rend jusqu'en Angleterre, o\u00f9 elle doit rejoindre un clan de cr\u00e9atures fantastiques pourchass\u00e9es comme elle, mais pouvant la prot\u00e9ger.Avec Tavutat\u00e8t, plongez dans l'univers de l'\u00c9gypte ancienne et venez \u00e0 la rencontre de personnages extraordinaires qui d\u00e9fient le temps et incarnent des l\u00e9gendes s\u00e9culaires. Une nouvelle s\u00e9rie jeunesse, au ton d\u00e9cal\u00e9, pleine d'aventure et de suspens. Un p\u00e9riple en deux tomes.","authors":["Carole Tr\u00e9bor","Gabriele Bagnoli"],"category_codes":["3000000","3020000","3020200","3020206"],"visuals":{"large":"https:\/\/images.epagine.fr\/446\/9782749309446_1_75.jpg","medium":"https:\/\/images.epagine.fr\/446\/9782749309446_1_m.jpg","thumbnail":"https:\/\/images.epagine.fr\/446\/9782749309446_1_v.jpg"},"orderable":true,"show_badge":true,"formatted_price":"11,50&nbsp;\u20ac","formatted_published_date":"24 f\u00e9vrier 2021","publisher_availability_label":"Sur commande","short_details":"Carole Tr\u00e9bor, Gabriele Bagnoli \u2014 Vents d'Ouest","translator":null,"weight":486,"page_count":48,"readership":null,"editor":"Vents d'Ouest","price":1150,"published_date":"2021-02-23T23:00:00.000000Z","support":"Grand format","publisher_availability":1,"stock":0,"editions":["9782749309729"],"url":"https:\/\/quaidesbrumes.com\/ouvrage\/9782749309446\/tavutatet-tome-1-poursuivie"},{"id":"9782344070338","title":"L'amour est dans le th\u00e9 Tome 9","description":"Ivre et pouss\u00e9e par Roa, Chako se faufile dans la chambre d'Isshin, mais ce dernier est sur ses gardes ! La nuit pass\u00e9e, Chako est submerg\u00e9e par la honte, mais elle d\u00e9couvre un certain objet cach\u00e9 par Isshin... Peu de temps apr\u00e8s, le concours de th\u00e9 roul\u00e9 s'ouvre et les ennuis se succ\u00e8dent !L'amour de notre artisan \u00e9clate au grand jour et c'est le d\u00e9but d'une lutte pour le futur de notre couple !","authors":["Umebachi Yamanaka"],"category_codes":["3000000","3040000","3040400","3040409"],"visuals":{"large":"https:\/\/images.epagine.fr\/338\/9782344070338_1_75.jpg","medium":"https:\/\/images.epagine.fr\/338\/9782344070338_1_m.jpg","thumbnail":"https:\/\/images.epagine.fr\/338\/9782344070338_1_v.jpg"},"orderable":true,"show_badge":true,"formatted_price":"7,90&nbsp;\u20ac","formatted_published_date":"5 novembre 2025","publisher_availability_label":"Sur commande","short_details":"Umebachi Yamanaka \u2014 Gl\u00e9nat","translator":null,"weight":138,"page_count":160,"readership":"\u00e0 partir de 14 ans","editor":"Gl\u00e9nat","price":790,"published_date":"2025-11-04T23:00:00.000000Z","support":"Poche","publisher_availability":1,"stock":0,"editions":[],"url":"https:\/\/quaidesbrumes.com\/ouvrage\/9782344070338\/lamour-est-dans-le-the-tome-9"},{"id":"9791041102044","title":"The eminence in shadow Tome 10","description":"Il est pr\u00eat \u00e0 tout pour devenir une \u00c9minence de l'ombre... mais ses plus gros mensonges vont le rattraper ! Apr\u00e8s avoir \u00e9t\u00e9 propuls\u00e9 dans un monde parall\u00e8le suite \u00e0 un accident, Cid prend un malin plaisir \u00e0 interpr\u00e9ter son r\u00f4le d'\u00c9minence de l'Ombre, un personnage myst\u00e9rieux qui influence le cours des \u00e9v\u00e9nements depuis les coulisses et qui poss\u00e8de d'incroyables pouvoirs.Lorsque la concurrence entre la soci\u00e9t\u00e9 de n\u00e9goce Mitsugoshi et la Chambre de Commerce s'intensifie, Cid d\u00e9cide d'intervenir sous couvert d'une fausse identit\u00e9 et de s'allier avec Yukime. Peu \u00e0 peu, les fils du chaos tiss\u00e9s sur le march\u00e9 \u00e9conomique finissent par se resserrer autour de l'ennemi de Cid, et les deux \u00e9minences s'affrontent bient\u00f4t dans un combat final tonitruant ! La trahison planifi\u00e9e de Cid envers Mitsugoshi portera-t-elle les fruits escompt\u00e9s ?Les malentendus et les fausses id\u00e9es sur fond d'isekai s'encha\u00eenent dans un rythme toujours plus effr\u00e9n\u00e9 dans ce dixi\u00e8me volume de The Eminence in Shadow !","authors":["Daisuke Aizawa","Anri Sakano","Tozai"],"category_codes":["3000000","3040000","3040500","3040504"],"visuals":{"large":"https:\/\/images.epagine.fr\/044\/9791041102044_1_75.jpg","medium":"https:\/\/images.epagine.fr\/044\/9791041102044_1_m.jpg","thumbnail":"https:\/\/images.epagine.fr\/044\/9791041102044_1_v.jpg"},"orderable":true,"show_badge":true,"formatted_price":"7,95&nbsp;\u20ac","formatted_published_date":"4 octobre 2023","publisher_availability_label":"Sur commande","short_details":"Daisuke Aizawa, Anri Sakano, Tozai \u2014 Bamboo","translator":null,"weight":156,"page_count":null,"readership":"\u00e0 partir de 12 ANS","editor":"Bamboo","price":795,"published_date":"2023-10-03T22:00:00.000000Z","support":"Poche","publisher_availability":1,"stock":0,"editions":[],"url":"https:\/\/quaidesbrumes.com\/ouvrage\/9791041102044\/the-eminence-in-shadow-tome-10"},{"id":"9782382127650","title":"You are so cute Tome 3","description":"You Are So Cute est une adorable com\u00e9die romantique mettant en sc\u00e8ne un duo improbable ! Sous la plume enjou\u00e9e d'Akari Hatta, d\u00e9couvrez le quotidien mouvement\u00e9 d'une lyc\u00e9enne ing\u00e9nue et d'un voyou au grand coeur !\r\nApr\u00e8s la p\u00e9riode tendue des examens, Nana \u00d4no et Tomoharu Sudaka peuvent enfin profiter du d\u00e9but des vacances d'\u00e9t\u00e9 pour souffler. Le couple croque la vie \u00e0 pleines dents, m\u00eame s'ils attendent tous les deux avec impatience leur prochain rendez-vous... C'est alors que Nana, qui en a assez d'\u00eatre la seule \u00e0 se sentir chamboul\u00e9e par son petit ami, d\u00e9cide de tout donner pour le d\u00e9stabiliser ! Parviendra-t-elle \u00e0 obtenir une r\u00e9action de son amoureux ?","authors":["Akari Hatta","Jocelin Meunier"],"category_codes":["3000000","3040000","3040400","3040409"],"visuals":{"large":"https:\/\/images.epagine.fr\/650\/9782382127650_1_75.jpg","medium":"https:\/\/images.epagine.fr\/650\/9782382127650_1_m.jpg","thumbnail":"https:\/\/images.epagine.fr\/650\/9782382127650_1_v.jpg"},"orderable":true,"show_badge":true,"formatted_price":"7,10&nbsp;\u20ac","formatted_published_date":"21 ao\u00fbt 2025","publisher_availability_label":"Sur commande","short_details":"Akari Hatta, Jocelin Meunier \u2014 Akata","translator":"JOCELIN MEUNIER","weight":128,"page_count":192,"readership":"\u00e0 partir de 12 ANS","editor":"Akata","price":710,"published_date":"2025-08-20T22:00:00.000000Z","support":"Poche","publisher_availability":1,"stock":0,"editions":[],"url":"https:\/\/quaidesbrumes.com\/ouvrage\/9782382127650\/you-are-so-cute-tome-3"},{"id":"9782413044680","title":"Sillage Tome 22 : transfert","description":"Lorsque N\u00e4vis parvient enfin \u00e0 mettre la main sur le fuyard refusant de se pr\u00e9senter \u00e0 sa convocation, il s'av\u00e8re rapidement que ce dernier est suffisamment fortun\u00e9 et poss\u00e8de les bonnes connexions pour r\u00e9ussir \u00e0 s'en tirer sans condamnation. N\u00e4vis d\u00e9passe alors les limites de sa charge en se montrant plus agressive que n\u00e9cessaire. Notre humaine pr\u00e9f\u00e9r\u00e9e a de plus en plus de mal \u00e0 supporter l'injustice.","authors":["Jean-David Morvan","Philippe Buchet"],"category_codes":["3000000","3020000","3020100","3020104"],"visuals":{"large":"https:\/\/images.epagine.fr\/680\/9782413044680_1_75.jpg","medium":"https:\/\/images.epagine.fr\/680\/9782413044680_1_m.jpg","thumbnail":"https:\/\/images.epagine.fr\/680\/9782413044680_1_v.jpg"},"orderable":true,"show_badge":true,"formatted_price":"15,50&nbsp;\u20ac","formatted_published_date":"25 janvier 2023","publisher_availability_label":"Sur commande","short_details":"Jean-David Morvan, Philippe Buchet \u2014 Delcourt","translator":null,"weight":594,"page_count":48,"readership":null,"editor":"Delcourt","price":1550,"published_date":"2023-01-24T23:00:00.000000Z","support":"Grand format","publisher_availability":1,"stock":0,"editions":[],"url":"https:\/\/quaidesbrumes.com\/ouvrage\/9782413044680\/sillage-tome-22-transfert"},{"id":"9782353484102","title":"Moi, tsushima Tome 4","description":null,"authors":["Opu no kyodai"],"category_codes":["3000000","3040000","3040600","3040610"],"visuals":{"large":"https:\/\/images.epagine.fr\/102\/9782353484102_1_75.jpg","medium":"https:\/\/images.epagine.fr\/102\/9782353484102_1_m.jpg","thumbnail":"https:\/\/images.epagine.fr\/102\/9782353484102_1_v.jpg"},"orderable":true,"show_badge":true,"formatted_price":"15,00&nbsp;\u20ac","formatted_published_date":"3 d\u00e9cembre 2025","publisher_availability_label":"Sur commande","short_details":"Opu no kyodai \u2014 \u00c9ditions le l\u00e9zard noir","translator":null,"weight":280,"page_count":192,"readership":"\u00e0 partir de 14 ans","editor":"\u00c9ditions le l\u00e9zard noir","price":1500,"published_date":"2025-12-02T23:00:00.000000Z","support":"Grand format","publisher_availability":1,"stock":0,"editions":[],"url":"https:\/\/quaidesbrumes.com\/ouvrage\/9782353484102\/moi-tsushima-tome-4"},{"id":"9782756040363","title":"De cape et de crocs Tome 11 : vingt mois avant","description":"\u00ab Mais que diable allait-il faire dans cette gal\u00e8re ? \u00bb Le fid\u00e8le lapin Eus\u00e8be, autrefois condamn\u00e9 \u00e0 perp\u00e9tuit\u00e9, nous r\u00e9v\u00e8le enfin son pass\u00e9. En ces temps de mis\u00e8re et de violence, o\u00f9 de cruels mousquetaires terrorisent les gardes du cardinal et o\u00f9 saltimbanques et spadassins battent l'estrade et croisent le fer, la vie d'un homme ne vaut pas cher. Alors celle d'un lapin.","authors":["Alain Ayroles","Jean-luc Masbou"],"category_codes":["3000000","3020000","3020200","3020205"],"visuals":{"large":"https:\/\/images.epagine.fr\/363\/9782756040363_1_75.jpg","medium":"https:\/\/images.epagine.fr\/363\/9782756040363_1_m.jpg","thumbnail":"https:\/\/images.epagine.fr\/363\/9782756040363_1_v.jpg"},"orderable":true,"show_badge":true,"formatted_price":"15,50&nbsp;\u20ac","formatted_published_date":"5 novembre 2014","publisher_availability_label":"Sur commande","short_details":"Alain Ayroles, Jean-luc Masbou \u2014 Delcourt","translator":null,"weight":572,"page_count":48,"readership":null,"editor":"Delcourt","price":1550,"published_date":"2014-11-04T23:00:00.000000Z","support":"Grand format","publisher_availability":1,"stock":0,"editions":[],"url":"https:\/\/quaidesbrumes.com\/ouvrage\/9782756040363\/de-cape-et-de-crocs-tome-11-vingt-mois-avant"}]}