{"data":[{"id":"9782344040256","title":"Dragon Ball SD Tome 6 : la bataille fatidique !!","description":"Les deux Saiyans, Vegeta et Nappa, sont enfin arriv\u00e9s sur Terre ! Krilin et tous les autres guerriers qui leur font face sont \u00e9limin\u00e9s les uns apr\u00e8s les autres sans aucune piti\u00e9. Quant \u00e0 Goku, leur unique espoir, il a fini son entra\u00eenement en retard et n'est toujours pas arriv\u00e9... D\u00e9p\u00eache-toi, Goku ! Avant qu'il ne soit trop tard ! Une situation dramatique, des personnages choupinous... Voil\u00e0 le tome 6 de Dragon Ball SD !!","authors":["Akira Toriyama","Naho Ohishi","Fedoua Lamodi\u00e8re"],"category_codes":["3000000","3040000","3040500","3040510"],"visuals":{"large":"https:\/\/images.epagine.fr\/256\/9782344040256_1_75.jpg","medium":"https:\/\/images.epagine.fr\/256\/9782344040256_1_m.jpg","thumbnail":"https:\/\/images.epagine.fr\/256\/9782344040256_1_v.jpg"},"orderable":true,"show_badge":true,"formatted_price":"7,90&nbsp;\u20ac","formatted_published_date":"1er juillet 2020","publisher_availability_label":"Sur commande","short_details":"Akira Toriyama, Naho Ohishi, Fedoua Lamodi\u00e8re \u2014 Gl\u00e9nat","translator":"FEDOUA LAMODIERE","weight":220,"page_count":192,"readership":"\u00e0 partir de 6 ANS","editor":"Gl\u00e9nat","price":790,"published_date":"2020-06-30T22:00:00.000000Z","support":"Poche","publisher_availability":1,"stock":0,"editions":[],"url":"https:\/\/quaidesbrumes.com\/ouvrage\/9782344040256\/dragon-ball-sd-tome-6-la-bataille-fatidique"},{"id":"9782413046202","title":"Jojo's bizarre adventure - saison 8 ; Jojolion Tome 27","description":"La ville de Morio est d\u00e9vast\u00e9e par le s\u00e9isme de la c\u00f4te Pacifique du Japon. \u00c0 la suite de cette catastrophe, d'\u00e9tranges \u00e9difices appel\u00e9s \u00ab murs qui voient \u00bb font leur apparition. Yasuho, une \u00e9tudiante, va trouver un jeune homme nu, coiff\u00e9 d'un b\u00e9ret de marin, dans les d\u00e9combres. Il ne se souvient de rien. Ils vont alors partir dans une qu\u00eate \u00e0 la recherche de son v\u00e9ritable nom...","authors":["Hirohiko Araki"],"category_codes":["3000000","3040000","3040500","3040508"],"visuals":{"large":"https:\/\/images.epagine.fr\/202\/9782413046202_1_75.jpg","medium":"https:\/\/images.epagine.fr\/202\/9782413046202_1_m.jpg","thumbnail":"https:\/\/images.epagine.fr\/202\/9782413046202_1_v.jpg"},"orderable":true,"show_badge":true,"formatted_price":"7,29&nbsp;\u20ac","formatted_published_date":"12 juillet 2023","publisher_availability_label":"Sur commande","short_details":"Hirohiko Araki \u2014 Delcourt","translator":null,"weight":134,"page_count":208,"readership":"\u00e0 partir de 12 ANS","editor":"Delcourt","price":729,"published_date":"2023-07-11T22:00:00.000000Z","support":"Poche","publisher_availability":1,"stock":0,"editions":[],"url":"https:\/\/quaidesbrumes.com\/ouvrage\/9782413046202\/jojos-bizarre-adventure-saison-8-jojolion-tome-27"},{"id":"9782505005414","title":"Complainte des landes perdues - cycle 1 ; Sioban Tome 3 : dame Gerfaut","description":"Rosinski, dessinateur de Thorgal, et Dufaux, l'un des meilleurs sc\u00e9naristes actuels, nous font d\u00e9couvrir l'univers de Sioban, princesse sans royaume mais anim\u00e9e d'une extraordinaire soif de vengeance et de reconqu\u00eate ! Complainte des landes perdues poss\u00e8de la force des r\u00e9cits fantastiques et la magie des l\u00e9gendes celtiques. En quatre albums, cette s\u00e9rie fait d\u00e9j\u00e0 partie des indispensables.","authors":["Jean Dufaux","Grzegorz Rosinski"],"category_codes":["3000000","3020000","3020100","3020105"],"visuals":{"large":"https:\/\/images.epagine.fr\/414\/9782505005414_1_75.jpg","medium":"https:\/\/images.epagine.fr\/414\/9782505005414_1_m.jpg","thumbnail":"https:\/\/images.epagine.fr\/414\/9782505005414_1_v.jpg"},"orderable":true,"show_badge":true,"formatted_price":"17,50&nbsp;\u20ac","formatted_published_date":"18 janvier 1997","publisher_availability_label":"Sur commande","short_details":"Jean Dufaux, Grzegorz Rosinski \u2014 Dargaud","translator":null,"weight":615,"page_count":null,"readership":"\u00e0 partir de 16 ans","editor":"Dargaud","price":1750,"published_date":"1997-01-17T23:00:00.000000Z","support":"Grand format","publisher_availability":1,"stock":0,"editions":[],"url":"https:\/\/quaidesbrumes.com\/ouvrage\/9782505005414\/complainte-des-landes-perdues-cycle-1-sioban-tome-3-dame-gerfaut"},{"id":"9782800100173","title":"Spirou et Fantasio Tome 15 : Z comme Zorglub","description":"Zorglub, un scientifique \u00e0 la fois loufoque et dangereux, veut collaborer avec Champignac.","authors":["Jid\u00e9hem","Andr\u00e9 Franquin","Greg"],"category_codes":["3000000","3020000","3020200","3020209"],"visuals":{"large":"https:\/\/images.epagine.fr\/173\/9782800100173_1_75.jpg","medium":"https:\/\/images.epagine.fr\/173\/9782800100173_1_m.jpg","thumbnail":"https:\/\/images.epagine.fr\/173\/9782800100173_1_v.jpg"},"orderable":true,"show_badge":true,"formatted_price":"12,95&nbsp;\u20ac","formatted_published_date":"1er avril 1986","publisher_availability_label":"Sur commande","short_details":"Jid\u00e9hem, Andr\u00e9 Franquin, Greg \u2014 Dupuis","translator":null,"weight":370,"page_count":63,"readership":"\u00e0 partir de 9 ANS","editor":"Dupuis","price":1295,"published_date":"1986-03-31T22:00:00.000000Z","support":"Grand format","publisher_availability":1,"stock":0,"editions":[],"url":"https:\/\/quaidesbrumes.com\/ouvrage\/9782800100173\/spirou-et-fantasio-tome-15-z-comme-zorglub"},{"id":"9782351423219","title":"Chocola et Vanilla Tome 8","description":"De la romance, du myst\u00e8re, un duel... Et de la magie ! Suivez les aventures de Chocola et Vanilla, deux petites sorci\u00e8res pr\u00e9tendantes au tr\u00f4ne du royaume magique et pr\u00eates \u00e0 d\u00e9ployer tous leurs charmes pour s'en emparer ! Derni\u00e8re ligne droite pour nos petites sorci\u00e8res !\r\nAlors que la r\u00e9volte gronde du cot\u00e9 des Ogres, Chocola est sur le point de d\u00e9couvrir le secret qui se cache derri\u00e8re le concours pour d\u00e9signer la reine du monde magique. Malheureusement, d\u00e9couvrir ce secret s'av\u00e8rera tr\u00e8s dangereux pour elle, m\u00eame si elle pourra compter sur le retour inattendu d'une personne que l'on croyait pourtant disparue \u00e0 jamais...\r\n\r\n \r\n- Prix du manga K\u00f4dansha (cat\u00e9gorie kodomo) - 2005","authors":["Moyoco Anno"],"category_codes":["3000000","3040000","3040400","3040405"],"visuals":{"large":"https:\/\/images.epagine.fr\/219\/9782351423219_1_75.jpg","medium":"https:\/\/images.epagine.fr\/219\/9782351423219_1_m.jpg","thumbnail":"https:\/\/images.epagine.fr\/219\/9782351423219_1_v.jpg"},"orderable":true,"show_badge":true,"formatted_price":"7,30&nbsp;\u20ac","formatted_published_date":"15 mai 2008","publisher_availability_label":"Sur commande","short_details":"Moyoco Anno \u2014 Kurokawa","translator":null,"weight":184,"page_count":210,"readership":"\u00e0 partir de 10 ANS","editor":"Kurokawa","price":730,"published_date":"2008-05-14T22:00:00.000000Z","support":"Poche","publisher_availability":1,"stock":0,"editions":[],"url":"https:\/\/quaidesbrumes.com\/ouvrage\/9782351423219\/chocola-et-vanilla-tome-8"},{"id":"9782369815907","title":"La venin Tome 4 : ciel d'\u00e9ther","description":"New York 1900, Emily est danseuse de cabaret, elle est m\u00eame la meneuse de revue dont la beaut\u00e9 subjugue bien des hommes et en particulier Stanley Whitman, architecte de renomm\u00e9e de la ville. Cet homme, elle le conna\u00eet d\u00e9j\u00e0, elle l'a identifi\u00e9 sur une photo comme \u00e9tant l'un des agresseurs d\u00e9sign\u00e9s de sa m\u00e8re et s'appr\u00eate \u00e0 lui r\u00e9gler son sort comme aux autres.\r\nMais rien ne se passe comme pr\u00e9vu...","authors":["Laurent Astier"],"category_codes":["3000000","3020000","3020100","3020110"],"visuals":{"large":"https:\/\/images.epagine.fr\/907\/9782369815907_1_75.jpg","medium":"https:\/\/images.epagine.fr\/907\/9782369815907_1_m.jpg","thumbnail":"https:\/\/images.epagine.fr\/907\/9782369815907_1_v.jpg"},"orderable":true,"show_badge":true,"formatted_price":"15,00&nbsp;\u20ac","formatted_published_date":"5 janvier 2022","publisher_availability_label":"Sur commande","short_details":"Laurent Astier \u2014 Rue de S\u00e8vres","translator":null,"weight":659,"page_count":64,"readership":null,"editor":"Rue de S\u00e8vres","price":1500,"published_date":"2022-01-04T23:00:00.000000Z","support":"Grand format","publisher_availability":1,"stock":0,"editions":["9782810204540"],"url":"https:\/\/quaidesbrumes.com\/ouvrage\/9782369815907\/la-venin-tome-4-ciel-dether"},{"id":"9782754842440","title":"Le voyage de Marcel Grob","description":"Le Voyage de Marcel Grob, premier ouvrage commun de Philippe Collin et S\u00e9bastien Goethals, est devenu en 5 ans un v\u00e9ritable classique avec plus de 150000 exemplaires vendus. Il raconte le destin tragique de Marcel Grob, jeune Alsacien de 18 ans enr\u00f4l\u00e9 de force en juin 1944 dans la Waffen SS, en se basant sur l'histoire vraie du grand-oncle de Philippe Collin parmi les \"malgr\u00e9 nous\". Pour cette \u00e9dition anniversaire, les auteurs proposent un \u00e9pilogue de 6 planches in\u00e9dites... en forme de teasing. Ils reviennent sur la disparition d'un personnage secondaire du r\u00e9cit... qui sera au coeur d'un nouveau livre \u00e0 venir !","authors":["Philippe Collin","S\u00e9bastien Goethals"],"category_codes":["3000000","3020000","3020100","3020108"],"visuals":{"large":"https:\/\/images.epagine.fr\/440\/9782754842440_1_75.jpg","medium":"https:\/\/images.epagine.fr\/440\/9782754842440_1_m.jpg","thumbnail":"https:\/\/images.epagine.fr\/440\/9782754842440_1_v.jpg"},"orderable":true,"show_badge":true,"formatted_price":"26,00&nbsp;\u20ac","formatted_published_date":"22 novembre 2023","publisher_availability_label":"Sur commande","short_details":"Philippe Collin, S\u00e9bastien Goethals \u2014 Futuropolis","translator":null,"weight":1054,"page_count":200,"readership":null,"editor":"Futuropolis","price":2600,"published_date":"2023-11-21T23:00:00.000000Z","support":"Grand format","publisher_availability":1,"stock":0,"editions":[],"url":"https:\/\/quaidesbrumes.com\/ouvrage\/9782754842440\/le-voyage-de-marcel-grob"},{"id":"9782811671129","title":"Komi cherche ses mots Tome 14","description":"Vous aimez l'action, l'amiti\u00e9 et l'humour ? Pika Sh\u00f4nen est la collection de nos plus grands succ\u00e8s du genre  : des sh\u00f4nen nekketsu en passant par les love comedy, les isekai ou encore les sh\u00f4nen harem (pantsu ou ecchi), toute une vari\u00e9t\u00e9 de th\u00e8mes qui plairont au plus grand nombre !\r\n\r\nVivez des aventures magiques dans Fairy Tail ou Negima! Le Ma\u00eetre Magicien  ! Participez \u00e0 des qu\u00eates \u00e9piques dans Seven Deadly Sins, Edens Zero ou Granblue Fantasy  ! Partez \u00e0 la chasse aux yoka\u00ef dans Bakemonogatari ou Noragami  ! Partagez des moments d'amiti\u00e9 dans GTO  ! Faites place aux sentiments dans les love comedy telles que The Quintessential Quintuplets, Love Hina ou Romio Vs Juliet.\r\n\r\nCombats \u00e9piques, h\u00e9ros d\u00e9termin\u00e9s et mondes fantastiques  : c'est un univers d'aventures passionnantes qui s'ouvre \u00e0 vous gr\u00e2ce \u00e0 la collection Pika Sh\u00f4nen !","authors":["Tomohito Oda"],"category_codes":["3000000","3040000","3040500","3040509"],"visuals":{"large":"https:\/\/images.epagine.fr\/129\/9782811671129_1_75.jpg","medium":"https:\/\/images.epagine.fr\/129\/9782811671129_1_m.jpg","thumbnail":"https:\/\/images.epagine.fr\/129\/9782811671129_1_v.jpg"},"orderable":true,"show_badge":true,"formatted_price":"7,20&nbsp;\u20ac","formatted_published_date":"28 ao\u00fbt 2024","publisher_availability_label":"Sur commande","short_details":"Tomohito Oda \u2014 Pika \u00c9dition","translator":null,"weight":170,"page_count":192,"readership":"\u00e0 partir de 12 ANS","editor":"Pika \u00c9dition","price":720,"published_date":"2024-08-27T22:00:00.000000Z","support":"Poche","publisher_availability":1,"stock":0,"editions":[],"url":"https:\/\/quaidesbrumes.com\/ouvrage\/9782811671129\/komi-cherche-ses-mots-tome-14"},{"id":"9782384961412","title":"Fallen Zeus : Le dieu supr\u00eame et l'esclave Tome 1","description":"Il y a 2500 ans, au coeur de la Gr\u00e8ce...\r\nL'\u00e2me du dieu Zeus, omniscient et omnipotent, a \u00e9t\u00e9 emprisonn\u00e9e par ses propres enfants Apollon, Ath\u00e9na, Ar\u00e8s et Art\u00e9mis, afin de prot\u00e9ger le monde de sa conduite tyrannique et arrogante. Condamn\u00e9 \u00e0 se r\u00e9incarner pendant mille ans dans le corps d'\u00eatres humains, Zeus partage d\u00e9sormais son enveloppe charnelle avec Tyet, un jeune esclave \u00e9gyptien.  \r\nMais lorsque la vie de Tyet vient \u00e0 \u00eatre menac\u00e9e, le sceau de sa prison mill\u00e9naire se brise et l'\u00e2me de Zeus est enfin lib\u00e9r\u00e9e... L'Olympe est-elle pr\u00eate \u00e0 affronter le retour de son Dieu Supr\u00eame ?\r\nUne immersion captivante et \u00e0 couper le souffle au coeur d'une mythologie grecque r\u00e9invent\u00e9e !","authors":["Ei Ohitsuji"],"category_codes":["3000000","3040000","3040400","3040405"],"visuals":{"large":"https:\/\/images.epagine.fr\/412\/9782384961412_1_75.jpg","medium":"https:\/\/images.epagine.fr\/412\/9782384961412_1_m.jpg","thumbnail":"https:\/\/images.epagine.fr\/412\/9782384961412_1_v.jpg"},"orderable":true,"show_badge":true,"formatted_price":"7,20&nbsp;\u20ac","formatted_published_date":"9 octobre 2024","publisher_availability_label":"Sur commande","short_details":"Ei Ohitsuji \u2014 Nobi Nobi","translator":null,"weight":196,"page_count":208,"readership":"\u00e0 partir de 12 ANS","editor":"Nobi Nobi","price":720,"published_date":"2024-10-08T22:00:00.000000Z","support":"Poche","publisher_availability":1,"stock":0,"editions":[],"url":"https:\/\/quaidesbrumes.com\/ouvrage\/9782384961412\/fallen-zeus-le-dieu-supreme-et-lesclave-tome-1"},{"id":"9782373499162","title":"Iruma \u00e0 l'\u00e9cole des d\u00e9mons Tome 17","description":"Le festival des r\u00e9coltes est enfin termin\u00e9, et apr\u00e8s quelques vacances bien m\u00e9rit\u00e9es, un autre d\u00e9fi attend d\u00e9j\u00e0 Iruma et ses amis : le r\u00e9cital de musique !! Cette fois, toute la classe anormale doit travailler de concert si elle veut finir premi\u00e8re... ce qui n'est pas sans causer une montagne de probl\u00e8mes, surtout qu'elle va devoir tenir compte d'un participant inattendu !!","authors":["Osamu Nishi","Fabrice Colin","Antoine Brivet"],"category_codes":["3000000","3040000","3040500","3040510"],"visuals":{"large":"https:\/\/images.epagine.fr\/162\/9782373499162_1_75.jpg","medium":"https:\/\/images.epagine.fr\/162\/9782373499162_1_m.jpg","thumbnail":"https:\/\/images.epagine.fr\/162\/9782373499162_1_v.jpg"},"orderable":true,"show_badge":true,"formatted_price":"7,20&nbsp;\u20ac","formatted_published_date":"18 janvier 2023","publisher_availability_label":"Sur commande","short_details":"Osamu Nishi, Fabrice Colin, Antoine Brivet \u2014 Nobi Nobi","translator":null,"weight":184,"page_count":192,"readership":"\u00e0 partir de 8 ANS","editor":"Nobi Nobi","price":720,"published_date":"2023-01-17T23:00:00.000000Z","support":"Poche","publisher_availability":1,"stock":0,"editions":[],"url":"https:\/\/quaidesbrumes.com\/ouvrage\/9782373499162\/iruma-a-lecole-des-demons-tome-17"},{"id":"9782811643881","title":"Criminelles fian\u00e7ailles Tome 1","description":"Yoshino, petite-fille du boss du plus grand clan de yakuzas d'Osaka, a \u00e9t\u00e9 \u00e9lev\u00e9e au coeur de la p\u00e8gre. Une \u00e9ducation qui lui a mis du plomb dans la t\u00eate, mais qui ne l'a pas emp\u00each\u00e9e de mener une vie paisible. Jusqu'au jour o\u00f9 son grand-p\u00e8re d\u00e9cide de la fiancer avec le tr\u00e8s avenant Kirishima, petit-fils d'un puissant clan rival tokyo\u00efte en vue d'unir les deux familles. Embarqu\u00e9e dans ces fian\u00e7ailles arrang\u00e9es, Yoshino accepte d'aller vivre \u00e0 Tokyo afin d'apprendre \u00e0 le conna\u00eetre, sans se douter que cet individu dissimule derri\u00e8re son sourire une personnalit\u00e9 tr\u00e8s sp\u00e9ciale...\r","authors":["Asuka Konishi"],"category_codes":["3000000","3040000","3040600","3040602"],"visuals":{"large":"https:\/\/images.epagine.fr\/881\/9782811643881_1_75.jpg","medium":"https:\/\/images.epagine.fr\/881\/9782811643881_1_m.jpg","thumbnail":"https:\/\/images.epagine.fr\/881\/9782811643881_1_v.jpg"},"orderable":true,"show_badge":true,"formatted_price":"7,95&nbsp;\u20ac","formatted_published_date":"5 janvier 2022","publisher_availability_label":"Sur commande","short_details":"Asuka Konishi \u2014 Pika \u00c9dition","translator":null,"weight":170,"page_count":164,"readership":"\u00e0 partir de 16 ans","editor":"Pika \u00c9dition","price":795,"published_date":"2022-01-04T23:00:00.000000Z","support":"Poche","publisher_availability":1,"stock":0,"editions":[],"url":"https:\/\/quaidesbrumes.com\/ouvrage\/9782811643881\/criminelles-fiancailles-tome-1"},{"id":"9782383870340","title":"La mer \u00e0 boire","description":"Traversant Bruxelles-City d'un pas h\u00e9sitant, ignorant les conseils d'un vieux sage, B cherche A. Gar\u00e7onne, venue en cal\u00e8che, sourde aux avertissements d'une comparse de voyage, A cherche B. A l'H\u00f4tel M\u00e9tropolis, A se cacherait sous le doux nom d'Incartade. B, encha\u00een\u00e9 \u00e0 un poteau, captur\u00e9 par des Indiens de cin\u00e9ma, ne peut que la voir s'\u00e9chapper \u00e0 l'horizon. Leur qu\u00eate se poursuit jusqu'\u00e0 ce qu'ils se retrouvent, s'abandonnant ensemble dans une profonde intimit\u00e9, ouvrant la voie \u00e0 un amour intense, absolu. Dans ces pages somptueusement r\u00e9alis\u00e9es, dans une mise en couleur directe \u00e0 l'encre, un couple se cherche, se forme et cherche \u00e0 se donner forme. Apr\u00e8s La volupt\u00e9, ou C'\u00e9tait le bonheur, Blutch c\u00e9l\u00e8bre la rencontre amoureuse, dans une romance travers\u00e9e par un sentiment d'urgence, v\u00e9cue sur un rythme haletant.","authors":["Blutch"],"category_codes":["3000000","3020000"],"visuals":{"large":"https:\/\/images.epagine.fr\/340\/9782383870340_1_75.jpg","medium":"https:\/\/images.epagine.fr\/340\/9782383870340_1_m.jpg","thumbnail":"https:\/\/images.epagine.fr\/340\/9782383870340_1_v.jpg"},"orderable":true,"show_badge":true,"formatted_price":"28,00&nbsp;\u20ac","formatted_published_date":"4 novembre 2022","publisher_availability_label":"Sur commande","short_details":"Blutch \u2014 \u00c9ditions 2024","translator":null,"weight":650,"page_count":80,"readership":null,"editor":"\u00c9ditions 2024","price":2800,"published_date":"2022-11-03T23:00:00.000000Z","support":"Grand format","publisher_availability":1,"stock":0,"editions":[],"url":"https:\/\/quaidesbrumes.com\/ouvrage\/9782383870340\/la-mer-a-boire"},{"id":"9782353483051","title":"Le vendeur du magasin de v\u00e9los Tome 5","description":"\u00abMon p\u00e8re qui vit avec sa nouvelle famille...\r\nMa m\u00e8re qui vit seule, loin de moi...\r\nEmm\u00e9nager avec toi, Ry\u00f4hei ? Nous marier ?\r\n\u00c0 moins qu'on vive notre relation \u00e0 distance, entre Gifu et Tokyo ?!\r\nLes histoires d'amour d'adultes ne se passent jamais comme pr\u00e9vu...\r\nMais une chose est s\u00fbre, tu seras toujours aussi important pour moi.\u00bb","authors":["Arare Matsumushi"],"category_codes":["3000000","3040000","3040600","3040609"],"visuals":{"large":"https:\/\/images.epagine.fr\/051\/9782353483051_1_75.jpg","medium":"https:\/\/images.epagine.fr\/051\/9782353483051_1_m.jpg","thumbnail":"https:\/\/images.epagine.fr\/051\/9782353483051_1_v.jpg"},"orderable":true,"show_badge":true,"formatted_price":"8,50&nbsp;\u20ac","formatted_published_date":"11 septembre 2024","publisher_availability_label":"Sur commande","short_details":"Arare Matsumushi \u2014 \u00c9ditions le l\u00e9zard noir","translator":null,"weight":188,"page_count":168,"readership":"\u00e0 partir de 14 ans","editor":"\u00c9ditions le l\u00e9zard noir","price":850,"published_date":"2024-09-10T22:00:00.000000Z","support":"Poche","publisher_availability":1,"stock":0,"editions":[],"url":"https:\/\/quaidesbrumes.com\/ouvrage\/9782353483051\/le-vendeur-du-magasin-de-velos-tome-5"},{"id":"9791039128995","title":"Ultimate Spider-Man Tome 4 : La chatte noire","description":"Et voici la Chatte Noire ! Spider-Man fait la connaissance de cette cambrioleuse, qui convoite la m\u00eame tablette que le Ca\u00efd. Par ailleurs, Peter Parker enqu\u00eate sur le myst\u00e9rieux Geldoff, un nouveau mutant. Les X-Men pourront-ils lui pr\u00eater main-forte ? \r\n\r\nSuite des aventures de Peter Parker en version Ultimate, toujours men\u00e9es par Brian Michael Bendis et Mark Bagley, qui d\u00e9tiennent le record d'\u00e9pisodes de la m\u00eame s\u00e9rie r\u00e9alis\u00e9s \u00e0 la suite. Alors qu'une nouvelle version de l'univers Ultimate va d\u00e9ferler sur la France, voici une belle occasion de d\u00e9couvrir, ou red\u00e9couvrir, cette oeuvre culte \u00e0 prix mini !","authors":["Brian michael Bendis","Mark Bagley"],"category_codes":["3000000","3030000","3030400"],"visuals":{"large":"https:\/\/images.epagine.fr\/995\/9791039128995_1_75.jpg","medium":"https:\/\/images.epagine.fr\/995\/9791039128995_1_m.jpg","thumbnail":"https:\/\/images.epagine.fr\/995\/9791039128995_1_v.jpg"},"orderable":true,"show_badge":true,"formatted_price":"9,99&nbsp;\u20ac","formatted_published_date":"11 septembre 2024","publisher_availability_label":"Sur commande","short_details":"Brian michael Bendis, Mark Bagley \u2014 Panini","translator":null,"weight":548,"page_count":320,"readership":null,"editor":"Panini","price":999,"published_date":"2024-09-10T22:00:00.000000Z","support":"Poche","publisher_availability":1,"stock":0,"editions":[],"url":"https:\/\/quaidesbrumes.com\/ouvrage\/9791039128995\/ultimate-spider-man-tome-4-la-chatte-noire"},{"id":"9782372878593","title":"Arte Tome 20","description":"Arte et son escorte arrivent enfin \u00e0 Florence. Son d\u00e9sir de savoir si son ma\u00eetre va bien la pousse \u00e0 se surpasser. Au m\u00eame instant, au coeur de la ville en ruine, Leo se rem\u00e9more ses longues ann\u00e9es d'apprentissage, jusqu'\u00e0 sa rencontre avec Arte.","authors":["Kei Ohkubo","Asuka Ry\u00f4ko"],"category_codes":["3000000","3040000","3040600","3040607"],"visuals":{"large":"https:\/\/images.epagine.fr\/593\/9782372878593_1_75.jpg","medium":"https:\/\/images.epagine.fr\/593\/9782372878593_1_m.jpg","thumbnail":"https:\/\/images.epagine.fr\/593\/9782372878593_1_v.jpg"},"orderable":true,"show_badge":true,"formatted_price":"7,99&nbsp;\u20ac","formatted_published_date":"13 mars 2025","publisher_availability_label":"Sur commande","short_details":"Kei Ohkubo, Asuka Ry\u00f4ko \u2014 Komikku \u00e9ditions","translator":"ASUKA RYOKO","weight":176,"page_count":178,"readership":"\u00e0 partir de 14 ans","editor":"Komikku \u00e9ditions","price":799,"published_date":"2025-03-12T23:00:00.000000Z","support":"Poche","publisher_availability":1,"stock":0,"editions":[],"url":"https:\/\/quaidesbrumes.com\/ouvrage\/9782372878593\/arte-tome-20"},{"id":"9782375783351","title":"Le cercle du Dragon-Th\u00e9 Tome 1 : Le cercle du Dragon-Th\u00e9","description":"Greta, apprentie forgeronne, d\u00e9couvre une petite cr\u00e9ature perdue sur la place du march\u00e9. En ramenant le dragon-th\u00e9 chez lui, elle va rencontrer les deux propri\u00e9taires du salo de th\u00e9 : Hesekiel et Erik. Ces derniers vont alors l'initier \u00e0 l'art d\u00e9licat du soin des dragons-th\u00e9. Tandis qu'elle se lie d'amiti\u00e9 avec eux et avec la timide Minette, Greta va d\u00e9couvrir l'\u00e9tendue de cet art et comment les dragons-th\u00e9 enrichissent leurs vies. Un conte de f\u00e9e envo\u00fbtant autour de Greta et de sa d\u00e9couverte du monde enchanteur des dragons-th\u00e9.","authors":["Katie O'neill"],"category_codes":["3000000","3030000","3030100"],"visuals":{"large":"https:\/\/images.epagine.fr\/351\/9782375783351_1_75.jpg","medium":"https:\/\/images.epagine.fr\/351\/9782375783351_1_m.jpg","thumbnail":"https:\/\/images.epagine.fr\/351\/9782375783351_1_v.jpg"},"orderable":true,"show_badge":true,"formatted_price":"20,00&nbsp;\u20ac","formatted_published_date":"20 octobre 2023","publisher_availability_label":"Sur commande","short_details":"Katie O'neill \u2014 Bliss \u00c9ditions","translator":null,"weight":623,"page_count":72,"readership":null,"editor":"Bliss \u00c9ditions","price":2000,"published_date":"2023-10-19T22:00:00.000000Z","support":"Grand format","publisher_availability":1,"stock":0,"editions":[],"url":"https:\/\/quaidesbrumes.com\/ouvrage\/9782375783351\/le-cercle-du-dragon-the-tome-1-le-cercle-du-dragon-the"},{"id":"9782754841658","title":"Dadji : De Dakar \u00e0 Djibouti, \u00e0 la rencontre de la grande initiative verte panafricaine","description":"D'Ouest en Est, de Dakar \u00e0 Djibouti, \u00c9lodie Arrault va entreprendre une \u00e9pop\u00e9e d'environ 8000 kilom\u00e8tres. \u00c0 v\u00e9lo, \u00e0 pied avec des dromadaires, en bus, et en dernier recours en avion, elle part rencontrer les acteurs du projet le plus ambitieux d'Afrique contre la d\u00e9sertification\u00a0:\u00a0la grande muraille verte, projet qui la passionne et dont elle souhaite devenir l'une des \u00abambassadrices\u00bb. La grande muraille verte, c'est la r\u00e9ponse de 11 pays du Sahel aux effets du changement climatique et \u00e0 l'\u00e9rosion des sols. Bien mieux qu'une muraille, c'est une mosa\u00efque d'\u00e9cosyst\u00e8mes verts, productifs et nourriciers qui s'inscrit dans un programme global de d\u00e9veloppement durable en restaurant 100 millions d'hectares de terres\u00a0:\u00a0s\u00e9curit\u00e9 alimentaire, protection de la biodiversit\u00e9, cr\u00e9ation d'emplois, s\u00e9questration du carbone, paix et lutte contre les migrations climatiques. Apr\u00e8s deux ans pass\u00e9s \u00e0 se documenter, \u00c9lodie Arrault prend contact avec les diff\u00e9rents acteurs locaux. En 2021 et 2023, pour raconter et contribuer aux initiatives port\u00e9es par les populations et ONG locales, elle entreprend un voyage \u00e0 la fois solitaire mais partag\u00e9, \u00e9prouvant mais heureux, qui va profond\u00e9ment l'enraciner dans ses choix de vie. Ce p\u00e9riple \u00e9cologique n'a rien d'un voyage d'agr\u00e9ment\u00a0:\u00a0le trac\u00e9 comporte des zones sensibles et d\u00e9conseill\u00e9es. L'\u00e9volution des conflits am\u00e8nera \u00c9lodie \u00e0 changer ses plans sur place. Jo\u00ebl Alessandra a rejoint le p\u00e9riple d'\u00c9lodie \u00e0 plusieurs reprises, pour \u00eatre au plus juste des paysages travers\u00e9s dans ses dessins aux aquarelles somptueuses.","authors":["Jo\u00ebl Alessandra","Elodie Arrault"],"category_codes":["3000000","3020000"],"visuals":{"large":"https:\/\/images.epagine.fr\/658\/9782754841658_1_75.jpg","medium":"https:\/\/images.epagine.fr\/658\/9782754841658_1_m.jpg","thumbnail":"https:\/\/images.epagine.fr\/658\/9782754841658_1_v.jpg"},"orderable":true,"show_badge":true,"formatted_price":"26,00&nbsp;\u20ac","formatted_published_date":"2 avril 2025","publisher_availability_label":"Sur commande","short_details":"Jo\u00ebl Alessandra, Elodie Arrault \u2014 Futuropolis","translator":null,"weight":904,"page_count":224,"readership":"Tout public","editor":"Futuropolis","price":2600,"published_date":"2025-04-01T22:00:00.000000Z","support":"Grand format","publisher_availability":1,"stock":0,"editions":[],"url":"https:\/\/quaidesbrumes.com\/ouvrage\/9782754841658\/dadji-de-dakar-a-djibouti-a-la-rencontre-de-la-grande-initiative-verte-panafricaine"},{"id":"9782810217717","title":"Une aventure des Spectaculaires Tome 5 : les Spectaculaires et la brigade du pitre","description":"Des clowns d'un nouveau genre font leur cirque dans les rues de Paris.\r\nPillage, saccage, chantage, outrage, cambriolage, tapage, ces anarchistes rigolards ne reculent devant aucune forfaiture pour terroriser le Tout-Paris et ridiculiser les autorit\u00e9s. Mais voici que face \u00e0 eux se dressent les as du cafouillage, les princes du d\u00e9rapage, les rois du naufrage : les Spectaculaires ! Prenez place sans plus tarder, le spectacle va commencer...\r","authors":["R\u00e9gis Hauti\u00e8re","Arnaud Poitevin"],"category_codes":["3000000","3020000","3020200","3020209"],"visuals":{"large":"https:\/\/images.epagine.fr\/717\/9782810217717_1_75.jpg","medium":"https:\/\/images.epagine.fr\/717\/9782810217717_1_m.jpg","thumbnail":"https:\/\/images.epagine.fr\/717\/9782810217717_1_v.jpg"},"orderable":true,"show_badge":true,"formatted_price":"14,00&nbsp;\u20ac","formatted_published_date":"10 f\u00e9vrier 2021","publisher_availability_label":"Sur commande","short_details":"R\u00e9gis Hauti\u00e8re, Arnaud Poitevin \u2014 Rue de S\u00e8vres","translator":null,"weight":627,"page_count":56,"readership":null,"editor":"Rue de S\u00e8vres","price":1400,"published_date":"2021-02-09T23:00:00.000000Z","support":"Grand format","publisher_availability":1,"stock":0,"editions":[],"url":"https:\/\/quaidesbrumes.com\/ouvrage\/9782810217717\/une-aventure-des-spectaculaires-tome-5-les-spectaculaires-et-la-brigade-du-pitre"},{"id":"9782494740198","title":"Offices & humans : le livre dont vous etes l'etre humain","description":"Imaginez deux dragonneaux qui jouent tranquillement dans leur chambre. Le jeu de soci\u00e9t\u00e9 s'appelle \"Bureaux et Humains\" et consiste \u00e0 lancer des d\u00e9s pour r\u00e9ussir \u00e0 devenir des employ\u00e9s de bureau exemplaires. Bien r\u00e9pondre au t\u00e9l\u00e9phone, faire des photocopies parfaites, \u00e9crire des lettres de motivation, r\u00e9ussir son entretien d'embauche... Le genre d'activit\u00e9s tout \u00e0 fait rasoir pour le commun des mortels mais tellement excitantes et cool pour des dragons !\r\nAvec \"OFFICES & HUMANS, le livre dont vous \u00eates l'\u00eatre humain\", l'auteur finlandais Roope Eronen imagine une parodie du mythique jeu de r\u00f4le \u00ab Donjons & Dragons \u00bb. Dans cette nouvelle version, les r\u00e8gles sont invers\u00e9es : des jeunes dragons geeks sont les ma\u00eetres du jeu, les orcs et autres nains barbares sont remplac\u00e9s par des bureaucrates en costard-cravate et les coffres-forts ont fait place aux machines \u00e0 caf\u00e9. Pas de ch\u00e2teau \u00e0 assi\u00e9ger ni d'arm\u00e9e \u00e0 constituer, ici les enjeux sont tout autres : nos joueurs tentent leur chance aux d\u00e9s pour savoir s'ils r\u00e9ussiront \u00e0 faire fonctionner la photocopieuse ou \u00e0 surfer sur les r\u00e9seaux sociaux sans se faire surprendre par le patron.\r\nAvec un dessin faussement na\u00eff et une mise en sc\u00e8ne ludique, Roope Eronen porte un regard amus\u00e9 sur le monde du travail et nous renvoie le reflet d'une soci\u00e9t\u00e9 d\u00e9risoire r\u00e9gie par les lois du hasard.\r\nPubli\u00e9 pour la premi\u00e8re fois en 2014, cet album ind\u00e9modable et incontournable du catalogue Misma refait peau neuve aujourd'hui dans une nouvelle \u00e9dition deluxe cartonn\u00e9e bien m\u00e9rit\u00e9e !","authors":["Roope Eronen","Kirsi Kinnunen"],"category_codes":["3000000","3020000"],"visuals":{"large":"https:\/\/images.epagine.fr\/198\/9782494740198_1_75.jpg","medium":"https:\/\/images.epagine.fr\/198\/9782494740198_1_m.jpg","thumbnail":"https:\/\/images.epagine.fr\/198\/9782494740198_1_v.jpg"},"orderable":true,"show_badge":true,"formatted_price":"18,00&nbsp;\u20ac","formatted_published_date":"6 juin 2025","publisher_availability_label":"Sur commande","short_details":"Roope Eronen, Kirsi Kinnunen \u2014 Misma","translator":"KIRSI KINNUNEN","weight":410,"page_count":172,"readership":"Tout public","editor":"Misma","price":1800,"published_date":"2025-06-05T22:00:00.000000Z","support":"Poche","publisher_availability":1,"stock":0,"editions":[],"url":"https:\/\/quaidesbrumes.com\/ouvrage\/9782494740198\/offices-humans-le-livre-dont-vous-etes-letre-humain"},{"id":"9791090724952","title":"L'\u00e9claireur ; r\u00e9cits grav\u00e9s de Lynd Ward","description":"En seulement six livres, Lynd Ward (1905-1985) s'est impos\u00e9 comme l'un des pr\u00e9curseurs du roman graphique. Ses histoires - de l'artiste qui vend son \u00e2me, au couple pris dans les tourments de leur \u00e9poque, en passant par l'homme maudit de ses p\u00e9ch\u00e9s et l'ouvrier rebelle \u00e0 la psych\u00e9e tourment\u00e9e - ont su capturer un monde plein de contradictions dans des images d'une \u00e9poustouflante modernit\u00e9. Sur les pas de Frans Masereel et d'Otto N\u00fcckel, ces r\u00e9cits en gravures sur bois, ou romans sans paroles, dessinent les contours d'une oeuvre riche et exalt\u00e9e.\r\nLivre apr\u00e8s livre, cette anthologie donne \u00e0 voir comment Lynd Ward, innovateur acharn\u00e9, s'est cr\u00e9\u00e9 un moyen d'expression rarement \u00e9gal\u00e9 en termes de puissance narrative, de construction de personnages, d'imaginaire et de techniques, o\u00f9 le lecteur \u00e9crit l'histoire autant qu'il la lit.\r","authors":["Lynd Ward","Jean-charles Khalifa"],"category_codes":["3000000","3030000","3030600"],"visuals":{"large":"https:\/\/images.epagine.fr\/952\/9791090724952_1_75.jpg","medium":"https:\/\/images.epagine.fr\/952\/9791090724952_1_m.jpg","thumbnail":"https:\/\/images.epagine.fr\/952\/9791090724952_1_v.jpg"},"orderable":true,"show_badge":false,"formatted_price":"79,50&nbsp;\u20ac","formatted_published_date":"22 octobre 2020","publisher_availability_label":"Sur commande","short_details":"Lynd Ward, Jean-charles Khalifa \u2014 Monsieur Toussaint Louverture","translator":"JEAN-CHARLES KHALIFA","weight":2874,"page_count":1456,"readership":null,"editor":"Monsieur Toussaint Louverture","price":7950,"published_date":"2020-10-21T22:00:00.000000Z","support":"Grand format","publisher_availability":1,"stock":1,"editions":[],"url":"https:\/\/quaidesbrumes.com\/ouvrage\/9791090724952\/leclaireur-recits-graves-de-lynd-ward"},{"id":"9791039138086","title":"Cocoro : La vie de L\u00e9onard de Vinci Tome 1","description":"Dans un petit village d'Italie, Leonardo est un jeune gar\u00e7on solitaire, souvent incompris par les villageois \u00e0 cause de son comportement singulier. Ils le prennent pour un \u00eatre \u00e9trange, voire fou. Mais en r\u00e9alit\u00e9, Leonardo cache en lui une grande vision du monde. Ce manga nous raconte son enfance, ses luttes int\u00e9rieures et comment il deviendra l'un des plus grands g\u00e9nies de l'Histoire : L\u00e9onard de Vinci.\r\nApr\u00e8s Seizon Life et Confession, Kaiji Kawaguchi revient en solo avec Cocoro, un manga qui retrace la jeunesse de L\u00e9onard de Vinci. Publi\u00e9e pour la premi\u00e8re fois en 1997 au Japon, cette oeuvre explore les premi\u00e8res ann\u00e9es de ce g\u00e9nie de la Renaissance, son isolement et l'exclusion qu'il a v\u00e9cus avant de devenir l'un des plus grands esprits de l'histoire, dont l'h\u00e9ritage continue de marquer les arts, les sciences et l'humanit\u00e9. Cette \u00e9dition double regroupe les quatre volumes originaux pour une immersion compl\u00e8te dans l'univers de Leonard","authors":["Kaiji Kawaguchi"],"category_codes":["3000000","3040000","3040600","3040607"],"visuals":{"large":"https:\/\/images.epagine.fr\/086\/9791039138086_1_75.jpg","medium":"https:\/\/images.epagine.fr\/086\/9791039138086_1_m.jpg","thumbnail":"https:\/\/images.epagine.fr\/086\/9791039138086_1_v.jpg"},"orderable":true,"show_badge":true,"formatted_price":"16,99&nbsp;\u20ac","formatted_published_date":"9 juillet 2025","publisher_availability_label":"Sur commande","short_details":"Kaiji Kawaguchi \u2014 Panini","translator":null,"weight":564,"page_count":null,"readership":"\u00e0 partir de 14 ans","editor":"Panini","price":1699,"published_date":"2025-07-08T22:00:00.000000Z","support":"Grand format","publisher_availability":1,"stock":0,"editions":[],"url":"https:\/\/quaidesbrumes.com\/ouvrage\/9791039138086\/cocoro-la-vie-de-leonard-de-vinci-tome-1"},{"id":"9782731652772","title":"Bestia Tome 1","description":"Dans une jungle urbaine tentaculaire, des monstres gigantesques s\u00e8ment la mort et la destruction sur leur passage  : les Bestia.  Jacquie, une jeune chasseuse solitaire aid\u00e9e de Kevyn, un jeune homme bricoleur et d\u00e9brouillard, traque sans r\u00e9pit une bestia aussi impressionnante qu'insaisissable, celle de la cit\u00e9 de C\u00e9cropias. Sa qu\u00eate effr\u00e9n\u00e9e l'am\u00e8nera \u00e0 fouiller les recoins les plus sombres de la ville mais aussi ceux de son pass\u00e9.","authors":["Corc"],"category_codes":["3000000","3020000","3020100","3020106"],"visuals":{"large":"https:\/\/images.epagine.fr\/772\/9782731652772_1_75.jpg","medium":"https:\/\/images.epagine.fr\/772\/9782731652772_1_m.jpg","thumbnail":"https:\/\/images.epagine.fr\/772\/9782731652772_1_v.jpg"},"orderable":true,"show_badge":true,"formatted_price":"19,95&nbsp;\u20ac","formatted_published_date":"2 janvier 2025","publisher_availability_label":"Sur commande","short_details":"Corc \u2014 Les Humano\u00efdes Associ\u00e9s","translator":null,"weight":1018,"page_count":224,"readership":null,"editor":"Les Humano\u00efdes Associ\u00e9s","price":1995,"published_date":"2025-01-01T23:00:00.000000Z","support":"Grand format","publisher_availability":1,"stock":0,"editions":[],"url":"https:\/\/quaidesbrumes.com\/ouvrage\/9782731652772\/bestia-tome-1"},{"id":"9782344001707","title":"Th\u00e9s\u00e9e et le minotaure","description":"Suivez le fil d'Ariane...Au royaume de Tr\u00e9z\u00e8ne, le jeune, beau et brillant Th\u00e9s\u00e9e apprend qu'il n'est pas que le fils de Pos\u00e9idon, mais aussi celui d'\u00c9g\u00e9e, souverain d'Ath\u00e8nes. Alors qu'il se rend \u00e0 pied \u00e0 la cit\u00e9 mythique, il terrasse en chemin une multitude de monstres, devenant une l\u00e9gende avant m\u00eame d'atteindre son but. Mais lorsqu'il rencontre enfin son p\u00e8re, il d\u00e9couvre que celui-ci est la proie d'un odieux chantage. Tous les neuf ans, Minos, roi de Cr\u00e8te, exige d'\u00c9g\u00e9e un sacrifice pour lui \u00e9pargner la col\u00e8re de Zeus : sept jeunes hommes et sept jeunes filles doivent \u00eatre jet\u00e9s en p\u00e2ture au Minotaure au coeur du Labyrinthe. Pour y mettre un terme, Th\u00e9s\u00e9e est pr\u00eat \u00e0 affronter la redoutable cr\u00e9ature. Son plus grand d\u00e9fi l'attend...","authors":["Clotilde Bruneau","Mauro De luca","Luc Ferry"],"category_codes":["3000000","3020000","3020100","3020108"],"visuals":{"large":"https:\/\/images.epagine.fr\/707\/9782344001707_1_75.jpg","medium":"https:\/\/images.epagine.fr\/707\/9782344001707_1_m.jpg","thumbnail":"https:\/\/images.epagine.fr\/707\/9782344001707_1_v.jpg"},"orderable":true,"show_badge":true,"formatted_price":"15,50&nbsp;\u20ac","formatted_published_date":"2 novembre 2016","publisher_availability_label":"Sur commande","short_details":"Clotilde Bruneau, Mauro De luca, Luc Ferry \u2014 Gl\u00e9nat","translator":null,"weight":646,"page_count":56,"readership":null,"editor":"Gl\u00e9nat","price":1550,"published_date":"2016-11-01T23:00:00.000000Z","support":"Grand format","publisher_availability":1,"stock":0,"editions":[],"url":"https:\/\/quaidesbrumes.com\/ouvrage\/9782344001707\/thesee-et-le-minotaure"},{"id":"9791042015930","title":"En Selle, Sakamichi ! Tome 9","description":"La victoire est \u00e0 un coup de p\u00e9dale ! Un manga culte co-\u00e9dit\u00e9 avec L'\u00c9quipe !\r\nD\u00e9but du tournoi inter-lyc\u00e9es !\r\nLes meilleurs cyclistes des lyc\u00e9es de tout l'archipel se rassemblent. Cette comp\u00e9tition est synonyme de retrouvailles \u00e9lectriques : Kinj\u00f4 et Fukutomi, Imaizumi et Mid\u00f4suji, mais aussi Sakamichi et Sangaku. Alors que la rivalit\u00e9 et la combativit\u00e9 des \u00e9quipes montent d'un cran, la premi\u00e8re journ\u00e9e de cet \u00e9v\u00e8nement tant attendu commence...\r\nLes meilleurs cyclistes ont rendez-vous \u00e0 Hakone !","authors":["Wataru Watanabe","R\u00e9mi Buquet"],"category_codes":["3000000","3040000","3040500","3040511"],"visuals":{"large":"https:\/\/images.epagine.fr\/930\/9791042015930_1_75.jpg","medium":"https:\/\/images.epagine.fr\/930\/9791042015930_1_m.jpg","thumbnail":"https:\/\/images.epagine.fr\/930\/9791042015930_1_v.jpg"},"orderable":true,"show_badge":true,"formatted_price":"7,30&nbsp;\u20ac","formatted_published_date":"14 ao\u00fbt 2025","publisher_availability_label":"Sur commande","short_details":"Wataru Watanabe, R\u00e9mi Buquet \u2014 Kurokawa","translator":"REMI BUQUET","weight":148,"page_count":192,"readership":"\u00e0 partir de 12 ANS","editor":"Kurokawa","price":730,"published_date":"2025-08-13T22:00:00.000000Z","support":"Poche","publisher_availability":1,"stock":0,"editions":[],"url":"https:\/\/quaidesbrumes.com\/ouvrage\/9791042015930\/en-selle-sakamichi-tome-9"}]}