{"data":[{"id":"9782221264461","title":"Le secret des bonbons pamplemousse","description":"Dans un Japon rural et contemporain, une chronique familiale subtile, po\u00e9tique et engag\u00e9e, o\u00f9 les femmes qui la composent tentent de gu\u00e9rir de leurs blessures, du poids de la soci\u00e9t\u00e9, et des non-dits. \r\nUn petit village de bord de mer, quelque part entre Tokyo et Atami.\r\nAlors que l'\u00e9t\u00e9 approche, les habitants de la confiserie It\u00f4 Konpeit\u00f4, o\u00f9 l'on fabrique ces petits bonbons japonais \u00e0 base de sucre parfum\u00e9, voient revenir Mayumi pour la premi\u00e8re fois depuis un an.\r\nPersonne ne conna\u00eet les raisons de sa longue absence \u00e0 l'exception de Shiro, le chat.\r\n\u00c0 mesure que les journ\u00e9es s'\u00e9gr\u00e8nent au rythme des saisons et des rituels, les secrets des unes et des autres se d\u00e9voilent.\r","authors":["Camille Monceaux","Virginie Blancher"],"category_codes":["3000000","3020000"],"visuals":{"large":"https:\/\/images.epagine.fr\/461\/9782221264461_1_75.jpg","medium":"https:\/\/images.epagine.fr\/461\/9782221264461_1_m.jpg","thumbnail":"https:\/\/images.epagine.fr\/461\/9782221264461_1_v.jpg"},"orderable":true,"show_badge":true,"formatted_price":"22,90&nbsp;\u20ac","formatted_published_date":"12 octobre 2023","publisher_availability_label":"Sur commande","short_details":"Camille Monceaux, Virginie Blancher \u2014 Robert Laffont","translator":null,"weight":674,"page_count":192,"readership":null,"editor":"Robert Laffont","price":2290,"published_date":"2023-10-11T22:00:00.000000Z","support":"Grand format","publisher_availability":1,"stock":0,"editions":[],"url":"https:\/\/quaidesbrumes.com\/ouvrage\/9782221264461\/le-secret-des-bonbons-pamplemousse"},{"id":"9782353483297","title":"Moi, tsushima Tome 2","description":"Tsushima, alias M. Tsu, est un chat sauvage au caract\u00e8re insolent. Un jour, alors qu'il est en train de faire les poubelles \u00e0 la recherche de nourriture, il croise le chemin d'une femme aux allures de vieil homme, qui d\u00e9cide de le recueillir. Commence alors leur quotidien joyeux et surr\u00e9aliste avec les autres chats du voisinage : grande soeur Zun, qui vit dans la maison depuis l'enfance, Ch\u00e2, le peureux en manque d'affection, et Osamu, loup solitaire qui veille sur le quartier. Un manga plein d'humour et d'amour f\u00e9lin qui a conquis les amoureux des chats : au Japon, la s\u00e9rie en trois tomes s'est vendue \u00e0 plus de 500 000 exemplaires et a \u00e9t\u00e9 adapt\u00e9e en dessin anim\u00e9.","authors":["Opu no kyodai"],"category_codes":["3000000","3040000","3040600","3040610"],"visuals":{"large":"https:\/\/images.epagine.fr\/297\/9782353483297_1_75.jpg","medium":"https:\/\/images.epagine.fr\/297\/9782353483297_1_m.jpg","thumbnail":"https:\/\/images.epagine.fr\/297\/9782353483297_1_v.jpg"},"orderable":true,"show_badge":true,"formatted_price":"15,00&nbsp;\u20ac","formatted_published_date":"6 septembre 2023","publisher_availability_label":"Sur commande","short_details":"Opu no kyodai \u2014 \u00c9ditions le l\u00e9zard noir","translator":null,"weight":310,"page_count":null,"readership":"\u00e0 partir de 14 ans","editor":"\u00c9ditions le l\u00e9zard noir","price":1500,"published_date":"2023-09-05T22:00:00.000000Z","support":"Grand format","publisher_availability":1,"stock":0,"editions":[],"url":"https:\/\/quaidesbrumes.com\/ouvrage\/9782353483297\/moi-tsushima-tome-2"},{"id":"9782723451307","title":"Bleach Tome 12 : flower on the precipice","description":"Adolescent de quinze ans, Ichigo Kurosaki poss\u00e8de un don particulier : celui de voir les esprits. Un jour, il croise la route d'une belle shinigami (un \u00eatre spirituel) en train de pourchasser une \"\u00e2me perdue\", un esprit mal\u00e9fique qui hante notre monde et n'arrive pas \u00e0 trouver le repos. Mise en difficult\u00e9 par son ennemi, la jeune fille d\u00e9cide alors de pr\u00eater une partie de ses pouvoirs \u00e0 Ichigo, mais ce dernier h\u00e9rite finalement de toute la puissance d'un shinigami. Contraint d'assumer son nouveau statut, Ichigo va devoir g\u00e9rer ses deux vies : celle de lyc\u00e9en ordinaire, et celle de chasseur de d\u00e9mons... \u00ab Bleach \u00bb est un manga d'action au rythme tr\u00e9pidant, au graphisme soign\u00e9 et \u00e0 l'intrigue palpitante.","authors":["Tite Kubo"],"category_codes":["3000000","3040000","3040500","3040508"],"visuals":{"large":"https:\/\/images.epagine.fr\/307\/9782723451307_1_75.jpg","medium":"https:\/\/images.epagine.fr\/307\/9782723451307_1_m.jpg","thumbnail":"https:\/\/images.epagine.fr\/307\/9782723451307_1_v.jpg"},"orderable":true,"show_badge":true,"formatted_price":"7,20&nbsp;\u20ac","formatted_published_date":"24 ao\u00fbt 2005","publisher_availability_label":"Sur commande","short_details":"Tite Kubo \u2014 Gl\u00e9nat","translator":null,"weight":214,"page_count":208,"readership":"\u00e0 partir de 12 ANS","editor":"Gl\u00e9nat","price":720,"published_date":"2005-08-23T22:00:00.000000Z","support":"Poche","publisher_availability":1,"stock":0,"editions":[],"url":"https:\/\/quaidesbrumes.com\/ouvrage\/9782723451307\/bleach-tome-12-flower-on-the-precipice"},{"id":"9782494740105","title":"Henry, James et les autres","description":"Dans le petit salon du grand palais de la Reine Agla\u00e9, deux hommes, James Kite et Henry the Horse, se rem\u00e9morent leurs souvenirs au coin du feu. \r\nDes heures de gloire du cirque Kite \u00e0 la retraite forc\u00e9e d'Henry, ils \u00e9voquent avec nostalgie les \u00e9v\u00e9nements marquants de leurs vies. Les bavardages des deux amis, aliment\u00e9s de joies, de regrets et de non-dits, sont autant de clefs qui permettront de r\u00e9soudre certaines \u00e9nigmes du Maryl\u00e8ne, ce pays hostile qui ne les a jamais \u00e9pargn\u00e9s.\r\nSixi\u00e8me opus des Contes du Maryl\u00e8ne, HENRY, JAMES ET LES AUTRES est un recueil d'histoires courtes qui se concentre sur des \u00e9pisodes entraper\u00e7us dans les cinq pr\u00e9c\u00e9dents ouvrages. Gr\u00e2ce aux confessions d'Henry et James, Anne Simon approfondit un peu plus son univers et donne la parole aux personnages secondaires de sa s\u00e9rie.","authors":["Anne Simon"],"category_codes":["3000000","3020000"],"visuals":{"large":"https:\/\/images.epagine.fr\/105\/9782494740105_1_75.jpg","medium":"https:\/\/images.epagine.fr\/105\/9782494740105_1_m.jpg","thumbnail":"https:\/\/images.epagine.fr\/105\/9782494740105_1_v.jpg"},"orderable":true,"show_badge":true,"formatted_price":"20,00&nbsp;\u20ac","formatted_published_date":"18 octobre 2024","publisher_availability_label":"Sur commande","short_details":"Anne Simon \u2014 Misma","translator":null,"weight":474,"page_count":152,"readership":null,"editor":"Misma","price":2000,"published_date":"2024-10-17T22:00:00.000000Z","support":"Grand format","publisher_availability":1,"stock":0,"editions":[],"url":"https:\/\/quaidesbrumes.com\/ouvrage\/9782494740105\/henry-james-et-les-autres"},{"id":"9782755672985","title":"Les Mousque'Terre et le monstre des \u00e9gouts : Enqu\u00eate \u00e0 Marseille","description":"Nouvelle mission pour les Mousque'Terre\u00a0!\r\n\u00a0\r\nC'est le bazar \u00e0 Marseille ! Les ordures s'amoncellent sur les trottoirs car les \u00e9boueurs sont en gr\u00e8ve et des rats ont \u00e9t\u00e9 aper\u00e7us un peu partout en ville. Alors que l'impitoyable Monsansk missionne discr\u00e8tement le Margoulin pour retrouver quelque chose qui lui est tr\u00e8s cher et qu'il a malencontreusement perdu, les Mousque'Terre d\u00e9cident de plonger dans les entrailles de la cit\u00e9 phoc\u00e9enne pour tenter de d\u00e9couvrir le myst\u00e8re qui s'y cache et qui fait fuir les rats hors des \u00e9gouts...\r\n\u00a0\r\nEnqu\u00eate \u00e0 Marseille\r\nZoom sur la gestion des d\u00e9chets et des eaux us\u00e9es\r\n\r\nLA S\u00c9RIE :\r\nLes c\u00e9l\u00e8bres \u00e9co-justiciers enqu\u00eatent \u00e0 travers la France et tentent de d\u00e9jouer les trafics et magouilles de l'impitoyable homme d'affaires millionnaire G\u00e9rald Monsansk, \u00e0 la t\u00eate de la controvers\u00e9e multinationale du m\u00eame nom. Une \u00e9quipe de choc au service des pr\u00e9occupations de la jeune g\u00e9n\u00e9ration et des d\u00e9fis environnementaux de notre \u00e9poque !\r\nDes aventures palpitantes m\u00ealant action, humour et d\u00e9couvertes !\r\n+ 4 pages documentaires en fin d'ouvrage.\r","authors":["Pog","Sarujin"],"category_codes":["3000000","3020000","3020200"],"visuals":{"large":"https:\/\/images.epagine.fr\/985\/9782755672985_1_75.jpg","medium":"https:\/\/images.epagine.fr\/985\/9782755672985_1_m.jpg","thumbnail":"https:\/\/images.epagine.fr\/985\/9782755672985_1_v.jpg"},"orderable":true,"show_badge":true,"formatted_price":"10,95&nbsp;\u20ac","formatted_published_date":"4 mars 2026","publisher_availability_label":"Sur commande","short_details":"Pog, Sarujin \u2014 Hugo Jeunesse","translator":null,"weight":212,"page_count":80,"readership":"\u00e0 partir de 7 ANS","editor":"Hugo Jeunesse","price":1095,"published_date":"2026-03-03T23:00:00.000000Z","support":"Grand format","publisher_availability":1,"stock":0,"editions":[],"url":"https:\/\/quaidesbrumes.com\/ouvrage\/9782755672985\/les-mousqueterre-et-le-monstre-des-egouts-enquete-a-marseille"},{"id":"9782413048596","title":"R\u00e9sistances Queer : Une histoire des cultures LGBTQI+","description":"\u00ab P\u00e9d\u00e9s \u00bb, \u00ab gouines \u00bb, \u00ab invertis \u00bb, \u00ab folles \u00bb... Autant d'insultes que les LGBTQI+ se sont r\u00e9appropri\u00e9es au fil de l'histoire pour revendiquer leur existence. Depuis la naissance de l'homosexualit\u00e9 en tant que cat\u00e9gorie m\u00e9dicale au d\u00e9but du XIXe si\u00e8cle, les minorit\u00e9s sexuelles n'ont cess\u00e9 d'inventer des codes culturels et des sociabilit\u00e9s, de forger des repr\u00e9sentations et des outils de lutte.","authors":["Antoine Idier","Pochep"],"category_codes":["3000000","3020000","3020100","3020103"],"visuals":{"large":"https:\/\/images.epagine.fr\/596\/9782413048596_1_75.jpg","medium":"https:\/\/images.epagine.fr\/596\/9782413048596_1_m.jpg","thumbnail":"https:\/\/images.epagine.fr\/596\/9782413048596_1_v.jpg"},"orderable":true,"show_badge":false,"formatted_price":"23,75&nbsp;\u20ac","formatted_published_date":"18 octobre 2023","publisher_availability_label":"Sur commande","short_details":"Antoine Idier, Pochep \u2014 Delcourt","translator":null,"weight":482,"page_count":144,"readership":null,"editor":"Delcourt","price":2375,"published_date":"2023-10-17T22:00:00.000000Z","support":"Grand format","publisher_availability":1,"stock":1,"editions":[],"url":"https:\/\/quaidesbrumes.com\/ouvrage\/9782413048596\/resistances-queer-une-histoire-des-cultures-lgbtqi"},{"id":"9782803631506","title":"Yakari Tome 12 : Yakari et le coyote","description":null,"authors":["Job","Derib"],"category_codes":["3000000","3020000","3020200","3020210"],"visuals":{"large":"https:\/\/images.epagine.fr\/506\/9782803631506_1_75.jpg","medium":"https:\/\/images.epagine.fr\/506\/9782803631506_1_m.jpg","thumbnail":"https:\/\/images.epagine.fr\/506\/9782803631506_1_v.jpg"},"orderable":true,"show_badge":true,"formatted_price":"12,95&nbsp;\u20ac","formatted_published_date":"6 septembre 2012","publisher_availability_label":"Sur commande","short_details":"Job, Derib \u2014 \u00c9ditions du Lombard","translator":null,"weight":370,"page_count":null,"readership":"\u00e0 partir de 7 ANS","editor":"\u00c9ditions du Lombard","price":1295,"published_date":"2012-09-05T22:00:00.000000Z","support":"Grand format","publisher_availability":1,"stock":0,"editions":[],"url":"https:\/\/quaidesbrumes.com\/ouvrage\/9782803631506\/yakari-tome-12-yakari-et-le-coyote"},{"id":"9782379500282","title":"Le bateau de Th\u00e9s\u00e9e Tome 4","description":"Brutalement projet\u00e9 dans le pass\u00e9, Shin tente par tous les moyens d'emp\u00eacher la r\u00e9alisation d'un fait divers qui aura de terribles cons\u00e9quences sur sa propre vie : l'affaire d'Oto Usu, qui fera 21 victimes dans une \u00e9cole primaire d'un petit village de Hokkaido. Mais plus le jeune homme influe sur le pass\u00e9, plus il engendre des drames suppl\u00e9mentaires, qui n'\u00e9taient m\u00eame pas r\u00e9pertori\u00e9s dans son cahier de notes sur le drame, et qui finissent par \u00e9veiller les soup\u00e7ons de l'inspecteur Kanemaru.\r\nShin pourra-t-il sauver sa peau sans avoir \u00e0 r\u00e9v\u00e9ler la terrible v\u00e9rit\u00e9 \u00e0 son p\u00e8re ?\r","authors":["Toshiya Higashimoto","Ryoko Akiyama"],"category_codes":["3000000","3040000","3040600","3040607"],"visuals":{"large":"https:\/\/images.epagine.fr\/282\/9782379500282_1_75.jpg","medium":"https:\/\/images.epagine.fr\/282\/9782379500282_1_m.jpg","thumbnail":"https:\/\/images.epagine.fr\/282\/9782379500282_1_v.jpg"},"orderable":true,"show_badge":true,"formatted_price":"8,35&nbsp;\u20ac","formatted_published_date":"12 septembre 2019","publisher_availability_label":"Sur commande","short_details":"Toshiya Higashimoto, Ryoko Akiyama \u2014 Vega","translator":"RYOKO AKIYAMA","weight":179,"page_count":192,"readership":"\u00e0 partir de 14 ans","editor":"Vega","price":835,"published_date":"2019-09-11T22:00:00.000000Z","support":"Poche","publisher_availability":1,"stock":0,"editions":[],"url":"https:\/\/quaidesbrumes.com\/ouvrage\/9782379500282\/le-bateau-de-thesee-tome-4"},{"id":"9791026853909","title":"New History of the DC Universe Tome 4","description":"L'Univers DC est chang\u00e9 \u00e0 jamais suite \u00e0 la Crise des Terres Infinies, et une nouvelle g\u00e9n\u00e9ration de h\u00e9ros comme Wally West rev\u00eatent les costumes de leurs pr\u00e9d\u00e9cesseurs. Mais le monde affronte une \u00e8re plus sombre, o\u00f9 les h\u00e9ros sont tent\u00e9s par les t\u00e9n\u00e8bres, et de nouvelles menaces redoutables surgissent telles que Doomsday, Black Hand ou Superboy-Prime. Des cons\u00e9quences de CRISIS ON INFINITE EARTHS jusqu'\u00e0 FLASHPOINT, Mark WAID continue de raconter l'histoire de l'Univers DC.\r","authors":["Collectif"],"category_codes":["3000000","3030000","3030400"],"visuals":{"large":"https:\/\/images.epagine.fr\/909\/9791026853909_1_75.jpg","medium":"https:\/\/images.epagine.fr\/909\/9791026853909_1_m.jpg","thumbnail":"https:\/\/images.epagine.fr\/909\/9791026853909_1_v.jpg"},"orderable":true,"show_badge":true,"formatted_price":"6,90&nbsp;\u20ac","formatted_published_date":"27 f\u00e9vrier 2026","publisher_availability_label":"Sur commande","short_details":"Collectif \u2014 Urban Comics","translator":null,"weight":146,"page_count":48,"readership":"\u00e0 partir de 9 ANS","editor":"Urban Comics","price":690,"published_date":"2026-02-26T23:00:00.000000Z","support":"Grand format","publisher_availability":1,"stock":0,"editions":[],"url":"https:\/\/quaidesbrumes.com\/ouvrage\/9791026853909\/new-history-of-the-dc-universe-tome-4"},{"id":"9782290165591","title":"Un autre regard t.2","description":"Dans ce nouvel opus, Emma nous sensibilise \u00e0 la cause f\u00e9ministe \u00e0 travers 5 histoires de femmes. Fort est \u00e0 parier qu'en les lisant, vous vous direz : \"C'est exactement ce qui m'est arriv\u00e9 ! \" ou \"C'est exactement ce qui lui est arriv\u00e9 ! \". Emma lib\u00e8re la parole de toutes les femmes et sensibilise la soci\u00e9t\u00e9 \u00e0 la maltraitance qu'elle peut encore leur infliger.\r","authors":["Emma"],"category_codes":["3000000","3020000","3020100","3020111"],"visuals":{"large":"https:\/\/images.epagine.fr\/591\/9782290165591_1_75.jpg","medium":"https:\/\/images.epagine.fr\/591\/9782290165591_1_m.jpg","thumbnail":"https:\/\/images.epagine.fr\/591\/9782290165591_1_v.jpg"},"orderable":true,"show_badge":true,"formatted_price":"7,90&nbsp;\u20ac","formatted_published_date":"16 janvier 2019","publisher_availability_label":"Sur commande","short_details":"Emma \u2014 J'ai Lu","translator":null,"weight":210,"page_count":112,"readership":null,"editor":"J'ai Lu","price":790,"published_date":"2019-01-15T23:00:00.000000Z","support":"Grand format","publisher_availability":1,"stock":0,"editions":["9791097160241"],"url":"https:\/\/quaidesbrumes.com\/ouvrage\/9782290165591\/un-autre-regard-t2"},{"id":"9782203097247","title":"Moi Ren\u00e9 Tardi, prisonnier de guerre au Stalag IIB Tome 3 : apr\u00e8s la guerre","description":"\u00c0 son retour de captivit\u00e9 en 1946, Ren\u00e9 Tardi et sa femme ont un fils, Jacques. N'ayant pas trouv\u00e9 de travail, Ren\u00e9 reste dans l'arm\u00e9e et est envoy\u00e9 dans la zone d'occupation fran\u00e7aise... en Allemagne ! Bient\u00f4t, Jacques et sa m\u00e8re l'y rejoignent et d\u00e9couvrent un pays en ruines, mais d\u00e9j\u00e0 en pleine reconstruction gr\u00e2ce \u00e0 l'aide am\u00e9ricaine. De Valence \u00e0 Coblence, Tardi ach\u00e8ve dans ce troisi\u00e8me tome le r\u00e9cit du p\u00e9riple de son p\u00e8re, du d\u00e9but \u00e0 la fin de la Seconde Guerre mondiale, et ouvre pour la premi\u00e8re fois une porte sur son enfance.","authors":["Jacques Tardi"],"category_codes":["3000000","3020000","3020100","3020108"],"visuals":{"large":"https:\/\/images.epagine.fr\/247\/9782203097247_1_75.jpg","medium":"https:\/\/images.epagine.fr\/247\/9782203097247_1_m.jpg","thumbnail":"https:\/\/images.epagine.fr\/247\/9782203097247_1_v.jpg"},"orderable":true,"show_badge":true,"formatted_price":"25,00&nbsp;\u20ac","formatted_published_date":"28 novembre 2018","publisher_availability_label":"Sur commande","short_details":"Jacques Tardi \u2014 Casterman","translator":null,"weight":1184,"page_count":160,"readership":null,"editor":"Casterman","price":2500,"published_date":"2018-11-27T23:00:00.000000Z","support":"Grand format","publisher_availability":1,"stock":0,"editions":[],"url":"https:\/\/quaidesbrumes.com\/ouvrage\/9782203097247\/moi-rene-tardi-prisonnier-de-guerre-au-stalag-iib-tome-3-apres-la-guerre"},{"id":"9782226484819","title":"Camp Coyote Tome 1 : Les Vacances de la mort","description":"LA DEVISE DU CAMP COYOTE : SOLIDARIT\u00c9, COURAGE, SAUVE-QUI-PEUT !Des animateurs loufoques, un raton laveur enrag\u00e9, une sorci\u00e8re au fond du bois, un monstre tentaculaire cach\u00e9 dans le lac...Les enfants rentreront-ils indemnes de leurs vacances ?","authors":["Marc Dubuisson","Paka","BenBK"],"category_codes":["3000000","3020000","3020200"],"visuals":{"large":"https:\/\/images.epagine.fr\/819\/9782226484819_1_75.jpg","medium":"https:\/\/images.epagine.fr\/819\/9782226484819_1_m.jpg","thumbnail":"https:\/\/images.epagine.fr\/819\/9782226484819_1_v.jpg"},"orderable":true,"show_badge":true,"formatted_price":"12,90&nbsp;\u20ac","formatted_published_date":"5 juin 2024","publisher_availability_label":"Sur commande","short_details":"Marc Dubuisson, Paka, BenBK \u2014 Albin Michel","translator":null,"weight":414,"page_count":48,"readership":"\u00e0 partir de 8 ANS","editor":"Albin Michel","price":1290,"published_date":"2024-06-04T22:00:00.000000Z","support":"Grand format","publisher_availability":1,"stock":0,"editions":[],"url":"https:\/\/quaidesbrumes.com\/ouvrage\/9782226484819\/camp-coyote-tome-1-les-vacances-de-la-mort"},{"id":"9782205211863","title":"Lointains mes mots","description":"Depuis aussi longtemps qu'elle s'en souvient, Claire est amoureuse des mots. Ils habitent son quotidien d'enseignante et de traductrice sp\u00e9cialis\u00e9e en po\u00e9sie.\r\nMais un AVC vient alt\u00e9rer sa m\u00e9moire et ses capacit\u00e9s intellectuelles : les mots qu'elle aime tant lui \u00e9chappent.\r\nEn perte de rep\u00e8res, la jeune femme quitte alors sa vie \u00e0 Madrid pour rejoindre un petit village de Galice o\u00f9 elle a oeuvr\u00e9 comme b\u00e9n\u00e9vole pour nettoyer les plages apr\u00e8s le naufrage du \"Prestige\". Terre sauvage, d'autant plus depuis que les touristes ont d\u00e9sert\u00e9 les c\u00f4tes, elle y rencontre Beatriz, une biologiste et plongeuse qui va lui faire d\u00e9couvrir la mer, immense, profonde, silencieuse en apparence, et l'initier \u00e0 son langage secret...\r","authors":["Ana\u00eble Hermans","Sandrine Revel"],"category_codes":["3000000","3020000","3020100","3020103"],"visuals":{"large":"https:\/\/images.epagine.fr\/863\/9782205211863_1_75.jpg","medium":"https:\/\/images.epagine.fr\/863\/9782205211863_1_m.jpg","thumbnail":"https:\/\/images.epagine.fr\/863\/9782205211863_1_v.jpg"},"orderable":true,"show_badge":true,"formatted_price":"20,50&nbsp;\u20ac","formatted_published_date":"18 avril 2025","publisher_availability_label":"Sur commande","short_details":"Ana\u00eble Hermans, Sandrine Revel \u2014 Dargaud","translator":null,"weight":690,"page_count":116,"readership":"Tout public","editor":"Dargaud","price":2050,"published_date":"2025-04-17T22:00:00.000000Z","support":"Grand format","publisher_availability":1,"stock":0,"editions":[],"url":"https:\/\/quaidesbrumes.com\/ouvrage\/9782205211863\/lointains-mes-mots"},{"id":"9782390340836","title":"Le fil de l'Histoire racont\u00e9 par Ariane & Nino Tome 33 : Le Louvre","description":"Le Louvre, vous connaissez ? Bien s\u00fbr, il s'agit du mus\u00e9e le plus visit\u00e9 au monde. Mais pas seulement ! Car saviez-vous que Le Louvre, au d\u00e9part construit au XIIe si\u00e8cle comme simple ch\u00e2teau fort m\u00e9di\u00e9val avant d'\u00eatre \u00ab aval\u00e9 \u00bb par l'expansion de Paris, accompagna tous les soubresauts de l'Histoire de France ? C'est cette longue, passionnante et surprenante histoire m\u00e9connue \u00e0 laquelle vous convient Ariane et Nino. Car si le Louvre d'aujourd'hui rec\u00e8le en ses all\u00e9es l'excellence de la m\u00e9moire artistique humaine, ce b\u00e2timent mythique est \u00e0 lui seul un t\u00e9moignage historique riche en secrets ! De Fran\u00e7ois Ier \u00e0 Henri IV, du massacre de la Saint-Barth\u00e9lemy \u00e0 la Joconde, de la Grande Galerie \u00e0 la Pyramide, de la monarchie absolue \u00e0 la R\u00e9volution fran\u00e7aise, vous saurez tout de l'Histoire du Louvre, tout des histoires du Louvre !\r","authors":["Erre","Savoia","Fabrice Erre","Sylvain Savoia"],"category_codes":["3000000","3020000","3020200","3020208"],"visuals":{"large":"https:\/\/images.epagine.fr\/836\/9782390340836_1_75.jpg","medium":"https:\/\/images.epagine.fr\/836\/9782390340836_1_m.jpg","thumbnail":"https:\/\/images.epagine.fr\/836\/9782390340836_1_v.jpg"},"orderable":true,"show_badge":true,"formatted_price":"6,90&nbsp;\u20ac","formatted_published_date":"6 juin 2025","publisher_availability_label":"Sur commande","short_details":"Erre, Savoia, Fabrice Erre, Sylvain Savoia \u2014 Dupuis","translator":null,"weight":134,"page_count":48,"readership":"\u00e0 partir de 6 ANS","editor":"Dupuis","price":690,"published_date":"2025-06-05T22:00:00.000000Z","support":"Grand format","publisher_availability":1,"stock":0,"editions":[],"url":"https:\/\/quaidesbrumes.com\/ouvrage\/9782390340836\/le-fil-de-lhistoire-raconte-par-ariane-nino-tome-33-le-louvre"},{"id":"9791026829232","title":"Le pingouin Tome 1","description":"Le Pingouin est mort. Finie la lutte pour le contr\u00f4le des activit\u00e9s criminelles qui rythment les nuits de Gotham. Enfin, c'est ce que tout le monde croit. Charg\u00e9e de retrouver ses enfants, Catwoman d\u00e9couvre qu'Oswald Cobblepot est en vie, cach\u00e9 sous une fausse identit\u00e9 \u00e0 Metropolis. Mais lorsqu'elle lui apprend que ses enfants sont en danger, restera-t-il cach\u00e9 comme il se l'\u00e9tait promis ? Ou se laissera-t-il regagner par cette addiction plus forte que toutes les autres : affronter Batman ?\r","authors":["Tom King","Rafael De Latorre"],"category_codes":["3000000","3030000","3030400"],"visuals":{"large":"https:\/\/images.epagine.fr\/232\/9791026829232_1_75.jpg","medium":"https:\/\/images.epagine.fr\/232\/9791026829232_1_m.jpg","thumbnail":"https:\/\/images.epagine.fr\/232\/9791026829232_1_v.jpg"},"orderable":true,"show_badge":true,"formatted_price":"18,50&nbsp;\u20ac","formatted_published_date":"19 ao\u00fbt 2024","publisher_availability_label":"Sur commande","short_details":"Tom King, Rafael De Latorre \u2014 Urban Comics","translator":null,"weight":588,"page_count":160,"readership":null,"editor":"Urban Comics","price":1850,"published_date":"2024-08-18T22:00:00.000000Z","support":"Grand format","publisher_availability":1,"stock":0,"editions":[],"url":"https:\/\/quaidesbrumes.com\/ouvrage\/9791026829232\/le-pingouin-tome-1"},{"id":"9791032713884","title":"Ranking of kings Tome 11","description":"Le parcours riche en \u00e9motions et en aventures d'un petit prince sourd-muet \u00e0 la conqu\u00eate du monde !\r\nTous deux transperc\u00e9s par l'\u00e9p\u00e9e d'Ouken, Bojji et Ombre ont \u00e9t\u00e9 vaincus... N\u00e9anmoins, gr\u00e2ce \u00e0 un myst\u00e9rieux pouvoir, ils se retrouvent aux c\u00f4t\u00e9s de Despa dans ce qui ressemble \u00e0 l'au-del\u00e0 ! L\u00e0 o\u00f9 ceux dont la vie ne tient plus qu'\u00e0 un fil rencontrent les morts, chacun d\u00e9cide alors de la route \u00e0 prendre...\r\n\r\nPendant ce temps, les quatre membres de la garde royale d'\u00e9lite joignent leurs forces pour tenter de venir \u00e0 bout de la fine lame diabolique... mais est-ce seulement possible ?\r\n\r\nSuivez un petit prince d\u00e9sarmant de gentillesse dans son apprentissage de la vie ! D'abord publi\u00e9 en amateur sur Internet,  Ranking of Kings a cr\u00e9\u00e9 un tel engouement qu'il a \u00e9t\u00e9 rep\u00e9r\u00e9 par l'un des plus grands \u00e9diteurs du Japon, puis adapt\u00e9 en anime. Sous ses aspects enfantins, cette attachante histoire cache une \u00e9tonnante profondeur. Quel que soit votre \u00e2ge, vous saurez y puiser r\u00e9confort et courage !\r","authors":["S\u00f4suke Toka"],"category_codes":["3000000","3040000","3040500","3040508"],"visuals":{"large":"https:\/\/images.epagine.fr\/884\/9791032713884_1_75.jpg","medium":"https:\/\/images.epagine.fr\/884\/9791032713884_1_m.jpg","thumbnail":"https:\/\/images.epagine.fr\/884\/9791032713884_1_v.jpg"},"orderable":true,"show_badge":true,"formatted_price":"7,95&nbsp;\u20ac","formatted_published_date":"7 d\u00e9cembre 2023","publisher_availability_label":"Sur commande","short_details":"S\u00f4suke Toka \u2014 Ki-oon","translator":null,"weight":214,"page_count":211,"readership":"\u00e0 partir de 10 ANS","editor":"Ki-oon","price":795,"published_date":"2023-12-06T23:00:00.000000Z","support":"Poche","publisher_availability":1,"stock":0,"editions":[],"url":"https:\/\/quaidesbrumes.com\/ouvrage\/9791032713884\/ranking-of-kings-tome-11"},{"id":"9782344031728","title":"L'art de princesse Mononok\u00e9","description":"Le chef d'oeuvre incontest\u00e9Premier film \u00e0 avoir fait conna\u00eetre le nom de Miyazaki aupr\u00e8s d'un large public, Princesse Mononoke est l'un de ces films qui ont chang\u00e9 l'Histoire, en d\u00e9montrant aux yeux de tous que les films d'animation n'\u00e9taient pas seulement destin\u00e9s aux enfants.Apr\u00e8s Mon Voisin Totoro et Le Voyage de Chihiro, c'est donc au tour de ce chef d'oeuvre mythique de rejoindre cette collection Ghibli, o\u00f9 vous pourrez d\u00e9couvrir les plus grandes oeuvres du studio initi\u00e9 par Miyazaki, via de splendides art books, des anime comics et \u00e9galement des pictures books disponibles dans la collection Gl\u00e9nat jeunesse.","authors":["Hayao Miyazaki","Anne-Sophie Thevenon"],"category_codes":["3000000","3050000","3050300"],"visuals":{"large":"https:\/\/images.epagine.fr\/728\/9782344031728_1_75.jpg","medium":"https:\/\/images.epagine.fr\/728\/9782344031728_1_m.jpg","thumbnail":"https:\/\/images.epagine.fr\/728\/9782344031728_1_v.jpg"},"orderable":true,"show_badge":true,"formatted_price":"24,90&nbsp;\u20ac","formatted_published_date":"2 janvier 2020","publisher_availability_label":"Sur commande","short_details":"Hayao Miyazaki, Anne-Sophie Thevenon \u2014 Gl\u00e9nat","translator":"ANNE-SOPHIE THEVENON","weight":1026,"page_count":224,"readership":"\u00e0 partir de 8 ANS","editor":"Gl\u00e9nat","price":2490,"published_date":"2020-01-01T23:00:00.000000Z","support":"Grand format","publisher_availability":1,"stock":0,"editions":[],"url":"https:\/\/quaidesbrumes.com\/ouvrage\/9782344031728\/lart-de-princesse-mononoke"},{"id":"9782889324644","title":"Hercule Poirot Tome 4 : Le crime d'halloween","description":"Le 31 octobre, entre sorci\u00e8res et chauves-souris, c'est la f\u00eate du Potiron ! Pour marquer l'\u00e9v\u00e9nement, Mrs Drake, une femme un peu originale, organise une soir\u00e9e chez elle pour les adolescents du village. Joyce, l'une des fillettes, se vante devant l'assistance d'avoir \u00e9t\u00e9 t\u00e9moin d'un meurtre. Bien s\u00fbr, personne ne la prend au s\u00e9rieux : Joyce est connue pour toujours essayer de se rendre int\u00e9ressante... Pourtant quand la f\u00eate est finie, c'est bien son cadavre qui est retrouv\u00e9 dans la biblioth\u00e8que... Qui a bien pu vouloir \u00e9liminer un si jeune t\u00e9moin ? Le meurtrier peut trembler car c'est \u00e0 Hercule Poirot que l'enqu\u00eate est confi\u00e9e.","authors":["Agatha Christie","Cristian Montes","Dominique Ziegler"],"category_codes":["3000000","3020000","3020100","3020102"],"visuals":{"large":"https:\/\/images.epagine.fr\/644\/9782889324644_1_75.jpg","medium":"https:\/\/images.epagine.fr\/644\/9782889324644_1_m.jpg","thumbnail":"https:\/\/images.epagine.fr\/644\/9782889324644_1_v.jpg"},"orderable":true,"show_badge":true,"formatted_price":"16,50&nbsp;\u20ac","formatted_published_date":"30 octobre 2024","publisher_availability_label":"Sur commande","short_details":"Agatha Christie, Cristian Montes, Dominique Ziegler \u2014 Editions Paquet","translator":null,"weight":665,"page_count":64,"readership":null,"editor":"Editions Paquet","price":1650,"published_date":"2024-10-29T23:00:00.000000Z","support":"Grand format","publisher_availability":1,"stock":0,"editions":[],"url":"https:\/\/quaidesbrumes.com\/ouvrage\/9782889324644\/hercule-poirot-tome-4-le-crime-dhalloween"},{"id":"9781683969273","title":"My favorite thing is monsters Tome 2","description":"The most anticipated graphic novel of 2024, concluding the story of young Karen Reyes, the most inspiring \u00abmonster\u00bb in contemporary fiction.\r\nSet against the tumultuous political backdrop of late '60s Chicago, My Favorite Thing Is Monsters Book Two is the eagerly awaited conclusion to one of the most acclaimed graphic novels of the past decade. Presented as the fictional graphic diary of 10-year-old Karen Reyes as she tries to solve the murder of her beloved and enigmatic upstairs neighbor, Anka Silverberg, a holocaust survivor, while the interconnected stories of those around her unfold.\r\n\r\nIn Book Two, dark mysteries past and present continue to abound in the tumultuous and violent Chicago summer of 1968. Young Karen attends a protest in Grant Park and finds herself swept up in a police stomping. Privately, she continues to investigate Anka's recent death and discovers one last cassette tape that sheds light upon Anka's heroic activities in Nazi Germany. She wrestles with her own sexual identity, the death of her mother, and the secrets she suspects her brother Deez of hiding. Ferris's exhilarating cast of characters experience revelations and epiphanies that both resolve and deepen the mysteries visited upon them earlier. Visually, the story is told in Ferris's inimitable style that breathtakingly and seamlessly combines panel-to-panel storytelling and cartoon montages filled with B-movie horror and pulp monster mag iconography.\r\n\r\nFull-color illustrations throughout.","authors":["Emil Ferris"],"category_codes":["3000000","3020000","3020100"],"visuals":{"large":"https:\/\/images.epagine.fr\/273\/9781683969273_1_75.jpg","medium":"https:\/\/images.epagine.fr\/273\/9781683969273_1_m.jpg","thumbnail":"https:\/\/images.epagine.fr\/273\/9781683969273_1_v.jpg"},"orderable":true,"show_badge":true,"formatted_price":"60,00&nbsp;\u20ac","formatted_published_date":"18 mai 2024","publisher_availability_label":"Sur commande","short_details":"Emil Ferris \u2014 Fantagraphics","translator":null,"weight":1201,"page_count":412,"readership":"\u00e0 partir de 16 ans","editor":"Fantagraphics","price":6000,"published_date":"2024-05-17T22:00:00.000000Z","support":"Grand format","publisher_availability":1,"stock":0,"editions":[],"url":"https:\/\/quaidesbrumes.com\/ouvrage\/9781683969273\/my-favorite-thing-is-monsters-tome-2"},{"id":"9782203202924","title":"Les cit\u00e9s obscures Tome 2 : la fi\u00e8vre d'Urbicande","description":"Prix du Meilleur Album \u00e0 Angoul\u00eame en 1985, ce deuxi\u00e8me volume de la saga au long cours de Schuiten et Peeters para\u00eet pour la premi\u00e8re fois en couleurs. L'urbatecte Eugen Robick est insatisfait. La Commission des Hautes Instances, qui gouverne Urbicande, refuse l'am\u00e9nagement d'un pont qui, selon Robick, r\u00e9tablirait un \u00e9quilibre urbain menac\u00e9. C'est dans ce contexte qu'un \u00e9trange objet fait son apparition sur le bureau de Robick : une structure cubique \u00e9vid\u00e9e d'origine inconnue, faite d'un m\u00e9tal indestructible, qui commence \u00e0 lentement cro\u00eetre... Publi\u00e9e dans le journal (A suivre) en 1983, La Fi\u00e8vre d'Urbicande \u00e9tait au d\u00e9part con\u00e7ue pour para\u00eetre en couleur. Plus de 35 ans apr\u00e8s sa premi\u00e8re publication, l'un des \u00e9pisodes majeurs des Cit\u00e9s Obscures est donc enfin coloris\u00e9. C'est le graphiste et illustrateur belge Jack Durieux qui a oeuvr\u00e9 pour souligner la majest\u00e9 et la puissance de cette bande dessin\u00e9e intemporelle.\r","authors":["Beno\u00eet Peeters","Fran\u00e7ois Schuiten"],"category_codes":["3000000","3020000","3020100","3020106"],"visuals":{"large":"https:\/\/images.epagine.fr\/924\/9782203202924_1_75.jpg","medium":"https:\/\/images.epagine.fr\/924\/9782203202924_1_m.jpg","thumbnail":"https:\/\/images.epagine.fr\/924\/9782203202924_1_v.jpg"},"orderable":true,"show_badge":true,"formatted_price":"24,00&nbsp;\u20ac","formatted_published_date":"28 octobre 2020","publisher_availability_label":"Sur commande","short_details":"Beno\u00eet Peeters, Fran\u00e7ois Schuiten \u2014 Casterman","translator":null,"weight":886,"page_count":104,"readership":null,"editor":"Casterman","price":2400,"published_date":"2020-10-27T23:00:00.000000Z","support":"Grand format","publisher_availability":1,"stock":0,"editions":["9782203218383"],"url":"https:\/\/quaidesbrumes.com\/ouvrage\/9782203202924\/les-cites-obscures-tome-2-la-fievre-durbicande"},{"id":"9791032710821","title":"My hero Academia - smash Tome 1","description":"La parodie survolt\u00e9e de My Hero Academia !\r\n\r\n\r\nEt si All Might ne perdait pas de kilos en m\u00eame temps que sa force, mais... en gagnait ?\r\n\r\nEt si Izuku devenait accro aux achats en ligne dans sa qu\u00eate de puissance ?\r\n\r\nEt si Katsuki \u00e9tait fait pour \u00eatre baby-sitter sans le savoir ?\r\n\r\n \r\n\r\nToutes les situations les plus improbables que vous ayez jamais imagin\u00e9es en lisant My Hero Academia rassembl\u00e9es dans une s\u00e9rie de gags plus fous les uns que les autres !\r\n\r\n \r\n\r\nRetrouvez tous les personnages du manga ph\u00e9nom\u00e8ne dans un recueil d'histoires courtes \u00e0 l'humour d\u00e9jant\u00e9 ! Sans tabou ni limites, cette parodie plus ultra vous fera d\u00e9couvrir vos h\u00e9ros sous un nouveau jour !\r","authors":["Hirofumi Neda","David Le Quere"],"category_codes":["3000000","3040000","3040500","3040510"],"visuals":{"large":"https:\/\/images.epagine.fr\/821\/9791032710821_1_75.jpg","medium":"https:\/\/images.epagine.fr\/821\/9791032710821_1_m.jpg","thumbnail":"https:\/\/images.epagine.fr\/821\/9791032710821_1_v.jpg"},"orderable":true,"show_badge":true,"formatted_price":"6,95&nbsp;\u20ac","formatted_published_date":"27 janvier 2022","publisher_availability_label":"Sur commande","short_details":"Hirofumi Neda, David Le Quere \u2014 Ki-oon","translator":"DAVID LE QUERE","weight":126,"page_count":118,"readership":"\u00e0 partir de 8 ANS","editor":"Ki-oon","price":695,"published_date":"2022-01-26T23:00:00.000000Z","support":"Poche","publisher_availability":1,"stock":0,"editions":[],"url":"https:\/\/quaidesbrumes.com\/ouvrage\/9791032710821\/my-hero-academia-smash-tome-1"},{"id":"9791034770380","title":"Terrible : L'enfant, la jeune fille et la sorci\u00e8re","description":"Lors d'une sortie estivale en for\u00eat, Ana et son fr\u00e8re No\u00e9 se perdent dans une grotte et y d\u00e9couvrent un monde \u00e9trange et fantastique. Tr\u00e8s vite, No\u00e9 dispara\u00eet et Ana se lance \u00e0 sa recherche. Yaga la sorci\u00e8re, Vassilissa la na\u00efve, Loup gris et Poup\u00e9e, ces figures embl\u00e9matiques du folklore russe, vont l'accompagner dans sa qu\u00eate. Ana apprendra \u00e0 ses d\u00e9pens o\u00f9 peut conduire la cruaut\u00e9...\r\n\r\nUn conte riche de sens et d'interpr\u00e9tations qui explore les m\u00e9tamorphoses de l'adolescence, la perte de l'innocence. Une relecture soci\u00e9tale du mythe de la sorci\u00e8re port\u00e9 par un humour noir dans un univers color\u00e9 !\r","authors":["Ga\u00ebl Henry"],"category_codes":["3000000","3020000","3020100","3020106"],"visuals":{"large":"https:\/\/images.epagine.fr\/380\/9791034770380_1_75.jpg","medium":"https:\/\/images.epagine.fr\/380\/9791034770380_1_m.jpg","thumbnail":"https:\/\/images.epagine.fr\/380\/9791034770380_1_v.jpg"},"orderable":true,"show_badge":true,"formatted_price":"25,00&nbsp;\u20ac","formatted_published_date":"17 mai 2024","publisher_availability_label":"Sur commande","short_details":"Ga\u00ebl Henry \u2014 Dupuis","translator":null,"weight":1032,"page_count":144,"readership":"\u00e0 partir de 15 ans","editor":"Dupuis","price":2500,"published_date":"2024-05-16T22:00:00.000000Z","support":"Grand format","publisher_availability":1,"stock":0,"editions":[],"url":"https:\/\/quaidesbrumes.com\/ouvrage\/9791034770380\/terrible-lenfant-la-jeune-fille-et-la-sorciere"},{"id":"9791032716045","title":"Du mouvement de la Terre Tome 8","description":"Au-del\u00e0 du savoir, la beaut\u00e9 de l'univers !\r\nPour honorer la m\u00e9moire de Jolenta, Douraka va tout mettre en oeuvre pour permettre la publication et la diffusion du \r\nMouvement de la Terre... un ouvrage qui pourrait bien changer la face du monde ! Mais, au moment crucial, les h\u00e9r\u00e9tiques sont trahis par un des leurs... Schmitt d\u00e9cide alors de se sacrifier pour permettre \u00e0 la jeune fille de fuir et d'accomplir l'objectif de l'organisation.\r\nElle se rend donc chez le fr\u00e8re Antoni, l'unique personne capable de l'aider \u00e0 mener sa mission jusqu'au bout ! H\u00e9las, il va d'abord falloir le convaincre du bien-fond\u00e9 de sa d\u00e9marche... d'autant que Novak est bien d\u00e9termin\u00e9 \u00e0 d\u00e9truire toute trace de l'h\u00e9liocentrisme.\r\nLa qu\u00eate de la v\u00e9rit\u00e9 n'a pas de prix : dans cet ultime volume, le talentueux Uoto nous livre une conclusion brillante et pleine d'\u00e9motion, o\u00f9 les destin\u00e9es de g\u00e9n\u00e9rations d'hommes et de femmes se rejoignent de fa\u00e7on magistrale.\r","authors":["Uoto"],"category_codes":["3000000","3040000","3040600","3040607"],"visuals":{"large":"https:\/\/images.epagine.fr\/045\/9791032716045_1_75.jpg","medium":"https:\/\/images.epagine.fr\/045\/9791032716045_1_m.jpg","thumbnail":"https:\/\/images.epagine.fr\/045\/9791032716045_1_v.jpg"},"orderable":true,"show_badge":true,"formatted_price":"7,95&nbsp;\u20ac","formatted_published_date":"23 janvier 2025","publisher_availability_label":"Sur commande","short_details":"Uoto \u2014 Ki-oon","translator":null,"weight":236,"page_count":215,"readership":"\u00e0 partir de 14 ans","editor":"Ki-oon","price":795,"published_date":"2025-01-22T23:00:00.000000Z","support":"Poche","publisher_availability":1,"stock":0,"editions":[],"url":"https:\/\/quaidesbrumes.com\/ouvrage\/9791032716045\/du-mouvement-de-la-terre-tome-8"},{"id":"9782413023913","title":"Les fr\u00e8res Rubinstein Tome 3 : le mariage Bensoussan","description":"1943, camp de Sobibor. Mo\u00efse a la possibilit\u00e9 de sauver \u00ab une \u00bb personne dans le convoi de juifs qui vient d'arriver. Mais qui choisir et pourquoi lui ? Sept ans plus t\u00f4t, \u00e9l\u00e8ve brillant du lyc\u00e9e Henri IV, Mo\u00efse doit faire d'autres choix difficiles face aux enjeux politiques et sociaux du moment. Pendant ce temps, Salomon, emprisonn\u00e9 depuis cinq ans, s'\u00e9vade gr\u00e2ce \u00e0 l'aide de son ami Bensoussan...","authors":["Luc Brunschwig","Etienne Le Roux","Lo\u00efc Chevallier"],"category_codes":["3000000","3020000","3020100","3020108"],"visuals":{"large":"https:\/\/images.epagine.fr\/913\/9782413023913_1_75.jpg","medium":"https:\/\/images.epagine.fr\/913\/9782413023913_1_m.jpg","thumbnail":"https:\/\/images.epagine.fr\/913\/9782413023913_1_v.jpg"},"orderable":true,"show_badge":true,"formatted_price":"16,50&nbsp;\u20ac","formatted_published_date":"2 juin 2021","publisher_availability_label":"Sur commande","short_details":"Luc Brunschwig, Etienne Le Roux, Lo\u00efc Chevallier \u2014 Delcourt","translator":null,"weight":722,"page_count":72,"readership":null,"editor":"Delcourt","price":1650,"published_date":"2021-06-01T22:00:00.000000Z","support":"Grand format","publisher_availability":1,"stock":0,"editions":[],"url":"https:\/\/quaidesbrumes.com\/ouvrage\/9782413023913\/les-freres-rubinstein-tome-3-le-mariage-bensoussan"}]}